{"id":18876,"date":"2022-09-12T06:37:04","date_gmt":"2022-09-12T04:37:04","guid":{"rendered":"http:\/\/just-now.news\/de\/deutschland\/steinmeiers-geistesblitz-armen-menschen-droht-verlust-der-wohnung\/"},"modified":"2022-09-12T06:37:04","modified_gmt":"2022-09-12T04:37:04","slug":"steinmeiers-geistesblitz-armen-menschen-droht-verlust-der-wohnung","status":"publish","type":"post","link":"https:\/\/now-news.de\/de\/deutschland\/steinmeiers-geistesblitz-armen-menschen-droht-verlust-der-wohnung\/","title":{"rendered":"Steinmeiers Geistesblitz: Armen Menschen droht Verlust der Wohnung"},"content":{"rendered":"<p><img decoding=\"async\" src=\"http:\/\/just-now.news\/de\/wp-content\/uploads\/sites\/3\/2022\/09\/631e2fc448fbef3931214ba0.jpg\" \/><\/p>\n<div class=\"Text-root Text-type_1 \">\n                Insbesondere \u00e4rmere Menschen sind von den steigenden Energiepreisen betroffen. Zum Tag der Wohnungslosen zeigte sich Bundespr\u00e4sident Frank-Walter Steinmeier nun besorgt und bef\u00fcrchtet, dass noch mehr Menschen ihre Wohnung verlieren k\u00f6nnten.\n            <\/div>\n<p><\/p>\n<div class=\"Text-root Text-type_5 ArticleView-text ViewText-root \">\n<p>Bundespr\u00e4sident Frank-Walter Steinmeier (SPD) hat zum Tag der Wohnungslosen eine Einrichtung der Berliner Stadtmission besucht. Wie Steinmeier erkl\u00e4rte, gebe es bundesweit sch\u00e4tzungsweise 300.000 bis 400.000 Menschen ohne feste Bleibe. Der Bundespr\u00e4sident bef\u00fcrchtet, dass aufgrund der steigenden Preise im Herbst und Winter noch mehr Menschen in Deutschland ihre Wohnung verlieren werden. Dies drohe etwa armen Menschen und Familien, die aufgrund der gestiegenen Preise ihre Miete oder Nebenkosten nicht mehr zahlen k\u00f6nnen.<\/p>\n<blockquote>\n<p><em>&#8220;Wir m\u00fcssen jetzt gemeinsam daf\u00fcr sorgen, dass niemand, der wegen der steigenden Wohnkosten in Zahlungsschwierigkeiten ger\u00e4t, sein Zuhause verliert oder sogar auf der Stra\u00dfe landet&#8221;, sagte Steinmeier.<\/em><\/p>\n<\/blockquote>\n<p>Weiterhin meinte er, man k\u00f6nne vielleicht &#8220;ein bisschen helfen, das Problem in den Mittelpunkt der deutschen \u00d6ffentlichkeit zu r\u00fccken und Aufmerksamkeit einzuklagen f\u00fcr diejenigen, die am Rande stehen und oft vergessen werden&#8221;. Steinmeier hatte zudem Betroffene und Vertreter aus verschiedenen gesellschaftlichen Bereichen zu einer Gespr\u00e4chsrunde ins Schloss Bellevue eingeladen, darunter auch Bundesbauministerin Klara Geywitz (SPD).<\/p>\n<p>Diese erhielt symbolischerweise den &#8220;Bauplan&#8221; der Bundesarbeitsgemeinschaft Wohnungslosenhilfe, der Kernforderungen der Gemeinschaft f\u00fcr den &#8220;Nationalen Aktionsplan zur \u00dcberwindung der Wohnungslosigkeit bis 2030&#8221; enth\u00e4lt. Geywitz wies auch darauf hin, dass man beispielsweise mit dem Innenministerium reden m\u00fcsse, um eine bessere Gewaltpr\u00e4vention f\u00fcr Menschen auf der Stra\u00dfe zu schaffen. Auch Susanne Hahmann, Vorsitzende der Bundesarbeitsgemeinschaft, warnte aufgrund der aktuellen Lage mit steigenden Preisen und Lebenshaltungskosten vor einem Anstieg der Wohnungslosigkeit.<\/p>\n<blockquote>\n<p><em>&#8220;In einer Situation, in der die wirtschaftliche Not vieler Haushalte rasant zunimmt, muss die Zwangsr\u00e4umung in die Wohnungslosigkeit ein Tabu sein.&#8221;<\/em><\/p>\n<\/blockquote>\n<p>Mehrere Verb\u00e4nde fordern eine Verbesserung der Menschenrechtslage f\u00fcr\u00a0Wohnungslose und mehr sozialen Wohnungsbau. Obdachlose seien in ihrem Recht Wohnen, Gesundheit und Privatsph\u00e4re\u00a0enorm eingeschr\u00e4nkt, zudem habe sich die Situation f\u00fcr Obdachlose in den letzten Jahren massiv verschlechtert. Da viele aus einem anderen EU-Land nach Deutschland gekommen sind, haben sie oft\u00a0weder Anspruch auf Sozialleistungen\u00a0noch eine Krankenversicherung.<\/p>\n<p><strong>Mehr zum Thema &#8211; <\/strong><a rel=\"nofollow noopener\" target=\"_blank\" href=\"https:\/\/test.rtde.tech\/inland\/135700-inflationshoch-politikwissenschaftler-warnt-vor-verelendung\/\">Inflationshoch: Politikwissenschaftler warnt vor Verelendung der Armen<\/a><\/p>\n<\/p>\n<\/div>\n<p><br \/>\n<br \/><a href=\"https:\/\/de.rt.com\/inland\/148652-steinmeiers-geistesblitz-armen-menschen-droht\/\">Source link <\/a><\/p>\n","protected":false},"excerpt":{"rendered":"<p>Insbesondere \u00e4rmere Menschen sind von den steigenden Energiepreisen betroffen. Zum Tag der Wohnungslosen zeigte sich Bundespr\u00e4sident Frank-Walter Steinmeier nun besorgt und bef\u00fcrchtet, dass noch mehr Menschen ihre Wohnung verlieren k\u00f6nnten. Bundespr\u00e4sident Frank-Walter Steinmeier (SPD) hat zum Tag der Wohnungslosen eine Einrichtung der Berliner Stadtmission besucht. Wie Steinmeier erkl\u00e4rte, gebe es bundesweit sch\u00e4tzungsweise 300.000 bis 400.000 [&hellip;]<\/p>\n","protected":false},"author":3,"featured_media":18877,"comment_status":"open","ping_status":"open","sticky":false,"template":"","format":"standard","meta":{"wp_automatic_camp":["217"],"ff98b6c1b28813223c15eb5c0ac2b84b":["Steinmeiers Geistesblitz: Armen Menschen droht Verlust der Wohnung"],"original_link":["https:\/\/de.rt.com\/inland\/148652-steinmeiers-geistesblitz-armen-menschen-droht\/"],"_thumbnail_id":["18877"],"_wptg_p2tg_sent2tg":["2022-09-12 06:49:15"],"jnews_social_counter_last_update":["1777368863"]},"categories":[19,23],"tags":[32440,82,44,32680,1378,32679,1372,21580],"yoast_head":"<!-- This site is optimized with the Yoast SEO Premium plugin v22.7 (Yoast SEO v22.7) - https:\/\/yoast.com\/wordpress\/plugins\/seo\/ -->\n<title>Steinmeiers Geistesblitz: Armen Menschen droht Verlust der Wohnung - just-now.NEWS Deutschland<\/title>\n<meta name=\"robots\" content=\"index, follow, max-snippet:-1, max-image-preview:large, max-video-preview:-1\" \/>\n<link rel=\"canonical\" href=\"https:\/\/now-news.de\/de\/deutschland\/steinmeiers-geistesblitz-armen-menschen-droht-verlust-der-wohnung\/\" \/>\n<meta property=\"og:locale\" content=\"de_DE\" \/>\n<meta property=\"og:type\" content=\"article\" \/>\n<meta property=\"og:title\" content=\"Steinmeiers Geistesblitz: Armen Menschen droht Verlust der Wohnung\" \/>\n<meta property=\"og:description\" content=\"Insbesondere \u00e4rmere Menschen sind von den steigenden Energiepreisen betroffen. Zum Tag der Wohnungslosen zeigte sich Bundespr\u00e4sident Frank-Walter Steinmeier nun besorgt und bef\u00fcrchtet, dass noch mehr Menschen ihre Wohnung verlieren k\u00f6nnten. Bundespr\u00e4sident Frank-Walter Steinmeier (SPD) hat zum Tag der Wohnungslosen eine Einrichtung der Berliner Stadtmission besucht. Wie Steinmeier erkl\u00e4rte, gebe es bundesweit sch\u00e4tzungsweise 300.000 bis 400.000 [&hellip;]\" \/>\n<meta property=\"og:url\" content=\"https:\/\/now-news.de\/de\/deutschland\/steinmeiers-geistesblitz-armen-menschen-droht-verlust-der-wohnung\/\" \/>\n<meta property=\"og:site_name\" content=\"just-now.NEWS Deutschland\" \/>\n<meta property=\"article:publisher\" content=\"https:\/\/www.facebook.com\/wirmachenauf\" \/>\n<meta property=\"article:published_time\" content=\"2022-09-12T04:37:04+00:00\" \/>\n<meta property=\"og:image\" content=\"https:\/\/now-news.de\/de\/wp-content\/uploads\/sites\/3\/2022\/09\/Steinmeiers-Geistesblitz-Armen-Menschen-droht-Verlust-der-Wohnung.jpg\" \/>\n\t<meta property=\"og:image:width\" content=\"460\" \/>\n\t<meta property=\"og:image:height\" content=\"259\" \/>\n\t<meta property=\"og:image:type\" content=\"image\/jpeg\" \/>\n<meta name=\"author\" content=\"rtnews\" \/>\n<meta name=\"twitter:card\" content=\"summary_large_image\" \/>\n<meta name=\"twitter:creator\" content=\"@WirMachenAuf_de\" \/>\n<meta name=\"twitter:site\" content=\"@WirMachenAuf_de\" \/>\n<meta name=\"twitter:label1\" content=\"Verfasst von\" \/>\n\t<meta name=\"twitter:data1\" content=\"rtnews\" \/>\n\t<meta name=\"twitter:label2\" content=\"Gesch\u00e4tzte Lesezeit\" \/>\n\t<meta name=\"twitter:data2\" content=\"2\u00a0Minuten\" \/>\n<script type=\"application\/ld+json\" class=\"yoast-schema-graph\">{\"@context\":\"https:\/\/schema.org\",\"@graph\":[{\"@type\":\"Article\",\"@id\":\"https:\/\/now-news.de\/de\/deutschland\/steinmeiers-geistesblitz-armen-menschen-droht-verlust-der-wohnung\/#article\",\"isPartOf\":{\"@id\":\"https:\/\/now-news.de\/de\/deutschland\/steinmeiers-geistesblitz-armen-menschen-droht-verlust-der-wohnung\/\"},\"author\":{\"name\":\"rtnews\",\"@id\":\"https:\/\/now-news.de\/de\/#\/schema\/person\/fb534a4e865501d8b3285208df34a9b5\"},\"headline\":\"Steinmeiers Geistesblitz: Armen Menschen droht Verlust der Wohnung\",\"datePublished\":\"2022-09-12T04:37:04+00:00\",\"dateModified\":\"2022-09-12T04:37:04+00:00\",\"mainEntityOfPage\":{\"@id\":\"https:\/\/now-news.de\/de\/deutschland\/steinmeiers-geistesblitz-armen-menschen-droht-verlust-der-wohnung\/\"},\"wordCount\":376,\"commentCount\":0,\"publisher\":{\"@id\":\"https:\/\/now-news.de\/de\/#organization\"},\"image\":{\"@id\":\"https:\/\/now-news.de\/de\/deutschland\/steinmeiers-geistesblitz-armen-menschen-droht-verlust-der-wohnung\/#primaryimage\"},\"thumbnailUrl\":\"https:\/\/now-news.de\/de\/wp-content\/uploads\/sites\/3\/2022\/09\/Steinmeiers-Geistesblitz-Armen-Menschen-droht-Verlust-der-Wohnung.jpg\",\"keywords\":[\"armen\",\"der\",\"droht\",\"Geistesblitz\",\"Menschen\",\"Steinmeiers\",\"Verlust\",\"Wohnung\"],\"articleSection\":[\"Deutschland\",\"Russland\"],\"inLanguage\":\"de\",\"potentialAction\":[{\"@type\":\"CommentAction\",\"name\":\"Comment\",\"target\":[\"https:\/\/now-news.de\/de\/deutschland\/steinmeiers-geistesblitz-armen-menschen-droht-verlust-der-wohnung\/#respond\"]}]},{\"@type\":\"WebPage\",\"@id\":\"https:\/\/now-news.de\/de\/deutschland\/steinmeiers-geistesblitz-armen-menschen-droht-verlust-der-wohnung\/\",\"url\":\"https:\/\/now-news.de\/de\/deutschland\/steinmeiers-geistesblitz-armen-menschen-droht-verlust-der-wohnung\/\",\"name\":\"Steinmeiers Geistesblitz: Armen Menschen droht Verlust der Wohnung - just-now.NEWS Deutschland\",\"isPartOf\":{\"@id\":\"https:\/\/now-news.de\/de\/#website\"},\"primaryImageOfPage\":{\"@id\":\"https:\/\/now-news.de\/de\/deutschland\/steinmeiers-geistesblitz-armen-menschen-droht-verlust-der-wohnung\/#primaryimage\"},\"image\":{\"@id\":\"https:\/\/now-news.de\/de\/deutschland\/steinmeiers-geistesblitz-armen-menschen-droht-verlust-der-wohnung\/#primaryimage\"},\"thumbnailUrl\":\"https:\/\/now-news.de\/de\/wp-content\/uploads\/sites\/3\/2022\/09\/Steinmeiers-Geistesblitz-Armen-Menschen-droht-Verlust-der-Wohnung.jpg\",\"datePublished\":\"2022-09-12T04:37:04+00:00\",\"dateModified\":\"2022-09-12T04:37:04+00:00\",\"breadcrumb\":{\"@id\":\"https:\/\/now-news.de\/de\/deutschland\/steinmeiers-geistesblitz-armen-menschen-droht-verlust-der-wohnung\/#breadcrumb\"},\"inLanguage\":\"de\",\"potentialAction\":[{\"@type\":\"ReadAction\",\"target\":[\"https:\/\/now-news.de\/de\/deutschland\/steinmeiers-geistesblitz-armen-menschen-droht-verlust-der-wohnung\/\"]}]},{\"@type\":\"ImageObject\",\"inLanguage\":\"de\",\"@id\":\"https:\/\/now-news.de\/de\/deutschland\/steinmeiers-geistesblitz-armen-menschen-droht-verlust-der-wohnung\/#primaryimage\",\"url\":\"https:\/\/now-news.de\/de\/wp-content\/uploads\/sites\/3\/2022\/09\/Steinmeiers-Geistesblitz-Armen-Menschen-droht-Verlust-der-Wohnung.jpg\",\"contentUrl\":\"https:\/\/now-news.de\/de\/wp-content\/uploads\/sites\/3\/2022\/09\/Steinmeiers-Geistesblitz-Armen-Menschen-droht-Verlust-der-Wohnung.jpg\",\"width\":460,\"height\":259,\"caption\":\"Steinmeiers Geistesblitz: Armen Menschen droht Verlust der Wohnung\"},{\"@type\":\"BreadcrumbList\",\"@id\":\"https:\/\/now-news.de\/de\/deutschland\/steinmeiers-geistesblitz-armen-menschen-droht-verlust-der-wohnung\/#breadcrumb\",\"itemListElement\":[{\"@type\":\"ListItem\",\"position\":1,\"name\":\"Home\",\"item\":\"https:\/\/now-news.de\/de\/\"},{\"@type\":\"ListItem\",\"position\":2,\"name\":\"Steinmeiers Geistesblitz: Armen Menschen droht Verlust der Wohnung\"}]},{\"@type\":\"WebSite\",\"@id\":\"https:\/\/now-news.de\/de\/#website\",\"url\":\"https:\/\/now-news.de\/de\/\",\"name\":\"just-now.NEWS Deutschland\",\"description\":\"Das Portal f\u00fcr unzensierte Nachrichten aus der Welt\",\"publisher\":{\"@id\":\"https:\/\/now-news.de\/de\/#organization\"},\"potentialAction\":[{\"@type\":\"SearchAction\",\"target\":{\"@type\":\"EntryPoint\",\"urlTemplate\":\"https:\/\/now-news.de\/de\/?s={search_term_string}\"},\"query-input\":\"required name=search_term_string\"}],\"inLanguage\":\"de\"},{\"@type\":\"Organization\",\"@id\":\"https:\/\/now-news.de\/de\/#organization\",\"name\":\"Just Now News\",\"url\":\"https:\/\/now-news.de\/de\/\",\"logo\":{\"@type\":\"ImageObject\",\"inLanguage\":\"de\",\"@id\":\"https:\/\/now-news.de\/de\/#\/schema\/logo\/image\/\",\"url\":\"http:\/\/just-now.news\/de\/wp-content\/uploads\/sites\/3\/2022\/04\/logo500x500.jpg\",\"contentUrl\":\"http:\/\/just-now.news\/de\/wp-content\/uploads\/sites\/3\/2022\/04\/logo500x500.jpg\",\"width\":500,\"height\":500,\"caption\":\"Just Now News\"},\"image\":{\"@id\":\"https:\/\/now-news.de\/de\/#\/schema\/logo\/image\/\"},\"sameAs\":[\"https:\/\/www.facebook.com\/wirmachenauf\",\"https:\/\/x.com\/WirMachenAuf_de\"]},{\"@type\":\"Person\",\"@id\":\"https:\/\/now-news.de\/de\/#\/schema\/person\/fb534a4e865501d8b3285208df34a9b5\",\"name\":\"rtnews\",\"image\":{\"@type\":\"ImageObject\",\"inLanguage\":\"de\",\"@id\":\"https:\/\/now-news.de\/de\/#\/schema\/person\/image\/\",\"url\":\"https:\/\/secure.gravatar.com\/avatar\/82aafea7d8127119dd649515f56e2117?s=96&d=mm&r=g\",\"contentUrl\":\"https:\/\/secure.gravatar.com\/avatar\/82aafea7d8127119dd649515f56e2117?s=96&d=mm&r=g\",\"caption\":\"rtnews\"},\"url\":\"https:\/\/now-news.de\/de\/author\/rnews\/\"}]}<\/script>\n<!-- \/ Yoast SEO Premium plugin. -->","yoast_head_json":{"title":"Steinmeiers Geistesblitz: Armen Menschen droht Verlust der Wohnung - just-now.NEWS Deutschland","robots":{"index":"index","follow":"follow","max-snippet":"max-snippet:-1","max-image-preview":"max-image-preview:large","max-video-preview":"max-video-preview:-1"},"canonical":"https:\/\/now-news.de\/de\/deutschland\/steinmeiers-geistesblitz-armen-menschen-droht-verlust-der-wohnung\/","og_locale":"de_DE","og_type":"article","og_title":"Steinmeiers Geistesblitz: Armen Menschen droht Verlust der Wohnung","og_description":"Insbesondere \u00e4rmere Menschen sind von den steigenden Energiepreisen betroffen. Zum Tag der Wohnungslosen zeigte sich Bundespr\u00e4sident Frank-Walter Steinmeier nun besorgt und bef\u00fcrchtet, dass noch mehr Menschen ihre Wohnung verlieren k\u00f6nnten. Bundespr\u00e4sident Frank-Walter Steinmeier (SPD) hat zum Tag der Wohnungslosen eine Einrichtung der Berliner Stadtmission besucht. Wie Steinmeier erkl\u00e4rte, gebe es bundesweit sch\u00e4tzungsweise 300.000 bis 400.000 [&hellip;]","og_url":"https:\/\/now-news.de\/de\/deutschland\/steinmeiers-geistesblitz-armen-menschen-droht-verlust-der-wohnung\/","og_site_name":"just-now.NEWS Deutschland","article_publisher":"https:\/\/www.facebook.com\/wirmachenauf","article_published_time":"2022-09-12T04:37:04+00:00","og_image":[{"width":460,"height":259,"url":"https:\/\/now-news.de\/de\/wp-content\/uploads\/sites\/3\/2022\/09\/Steinmeiers-Geistesblitz-Armen-Menschen-droht-Verlust-der-Wohnung.jpg","type":"image\/jpeg"}],"author":"rtnews","twitter_card":"summary_large_image","twitter_creator":"@WirMachenAuf_de","twitter_site":"@WirMachenAuf_de","twitter_misc":{"Verfasst von":"rtnews","Gesch\u00e4tzte Lesezeit":"2\u00a0Minuten"},"schema":{"@context":"https:\/\/schema.org","@graph":[{"@type":"Article","@id":"https:\/\/now-news.de\/de\/deutschland\/steinmeiers-geistesblitz-armen-menschen-droht-verlust-der-wohnung\/#article","isPartOf":{"@id":"https:\/\/now-news.de\/de\/deutschland\/steinmeiers-geistesblitz-armen-menschen-droht-verlust-der-wohnung\/"},"author":{"name":"rtnews","@id":"https:\/\/now-news.de\/de\/#\/schema\/person\/fb534a4e865501d8b3285208df34a9b5"},"headline":"Steinmeiers Geistesblitz: Armen Menschen droht Verlust der Wohnung","datePublished":"2022-09-12T04:37:04+00:00","dateModified":"2022-09-12T04:37:04+00:00","mainEntityOfPage":{"@id":"https:\/\/now-news.de\/de\/deutschland\/steinmeiers-geistesblitz-armen-menschen-droht-verlust-der-wohnung\/"},"wordCount":376,"commentCount":0,"publisher":{"@id":"https:\/\/now-news.de\/de\/#organization"},"image":{"@id":"https:\/\/now-news.de\/de\/deutschland\/steinmeiers-geistesblitz-armen-menschen-droht-verlust-der-wohnung\/#primaryimage"},"thumbnailUrl":"https:\/\/now-news.de\/de\/wp-content\/uploads\/sites\/3\/2022\/09\/Steinmeiers-Geistesblitz-Armen-Menschen-droht-Verlust-der-Wohnung.jpg","keywords":["armen","der","droht","Geistesblitz","Menschen","Steinmeiers","Verlust","Wohnung"],"articleSection":["Deutschland","Russland"],"inLanguage":"de","potentialAction":[{"@type":"CommentAction","name":"Comment","target":["https:\/\/now-news.de\/de\/deutschland\/steinmeiers-geistesblitz-armen-menschen-droht-verlust-der-wohnung\/#respond"]}]},{"@type":"WebPage","@id":"https:\/\/now-news.de\/de\/deutschland\/steinmeiers-geistesblitz-armen-menschen-droht-verlust-der-wohnung\/","url":"https:\/\/now-news.de\/de\/deutschland\/steinmeiers-geistesblitz-armen-menschen-droht-verlust-der-wohnung\/","name":"Steinmeiers Geistesblitz: Armen Menschen droht Verlust der Wohnung - just-now.NEWS Deutschland","isPartOf":{"@id":"https:\/\/now-news.de\/de\/#website"},"primaryImageOfPage":{"@id":"https:\/\/now-news.de\/de\/deutschland\/steinmeiers-geistesblitz-armen-menschen-droht-verlust-der-wohnung\/#primaryimage"},"image":{"@id":"https:\/\/now-news.de\/de\/deutschland\/steinmeiers-geistesblitz-armen-menschen-droht-verlust-der-wohnung\/#primaryimage"},"thumbnailUrl":"https:\/\/now-news.de\/de\/wp-content\/uploads\/sites\/3\/2022\/09\/Steinmeiers-Geistesblitz-Armen-Menschen-droht-Verlust-der-Wohnung.jpg","datePublished":"2022-09-12T04:37:04+00:00","dateModified":"2022-09-12T04:37:04+00:00","breadcrumb":{"@id":"https:\/\/now-news.de\/de\/deutschland\/steinmeiers-geistesblitz-armen-menschen-droht-verlust-der-wohnung\/#breadcrumb"},"inLanguage":"de","potentialAction":[{"@type":"ReadAction","target":["https:\/\/now-news.de\/de\/deutschland\/steinmeiers-geistesblitz-armen-menschen-droht-verlust-der-wohnung\/"]}]},{"@type":"ImageObject","inLanguage":"de","@id":"https:\/\/now-news.de\/de\/deutschland\/steinmeiers-geistesblitz-armen-menschen-droht-verlust-der-wohnung\/#primaryimage","url":"https:\/\/now-news.de\/de\/wp-content\/uploads\/sites\/3\/2022\/09\/Steinmeiers-Geistesblitz-Armen-Menschen-droht-Verlust-der-Wohnung.jpg","contentUrl":"https:\/\/now-news.de\/de\/wp-content\/uploads\/sites\/3\/2022\/09\/Steinmeiers-Geistesblitz-Armen-Menschen-droht-Verlust-der-Wohnung.jpg","width":460,"height":259,"caption":"Steinmeiers Geistesblitz: Armen Menschen droht Verlust der Wohnung"},{"@type":"BreadcrumbList","@id":"https:\/\/now-news.de\/de\/deutschland\/steinmeiers-geistesblitz-armen-menschen-droht-verlust-der-wohnung\/#breadcrumb","itemListElement":[{"@type":"ListItem","position":1,"name":"Home","item":"https:\/\/now-news.de\/de\/"},{"@type":"ListItem","position":2,"name":"Steinmeiers Geistesblitz: Armen Menschen droht Verlust der Wohnung"}]},{"@type":"WebSite","@id":"https:\/\/now-news.de\/de\/#website","url":"https:\/\/now-news.de\/de\/","name":"just-now.NEWS Deutschland","description":"Das Portal f\u00fcr unzensierte Nachrichten aus der Welt","publisher":{"@id":"https:\/\/now-news.de\/de\/#organization"},"potentialAction":[{"@type":"SearchAction","target":{"@type":"EntryPoint","urlTemplate":"https:\/\/now-news.de\/de\/?s={search_term_string}"},"query-input":"required name=search_term_string"}],"inLanguage":"de"},{"@type":"Organization","@id":"https:\/\/now-news.de\/de\/#organization","name":"Just Now News","url":"https:\/\/now-news.de\/de\/","logo":{"@type":"ImageObject","inLanguage":"de","@id":"https:\/\/now-news.de\/de\/#\/schema\/logo\/image\/","url":"http:\/\/just-now.news\/de\/wp-content\/uploads\/sites\/3\/2022\/04\/logo500x500.jpg","contentUrl":"http:\/\/just-now.news\/de\/wp-content\/uploads\/sites\/3\/2022\/04\/logo500x500.jpg","width":500,"height":500,"caption":"Just Now News"},"image":{"@id":"https:\/\/now-news.de\/de\/#\/schema\/logo\/image\/"},"sameAs":["https:\/\/www.facebook.com\/wirmachenauf","https:\/\/x.com\/WirMachenAuf_de"]},{"@type":"Person","@id":"https:\/\/now-news.de\/de\/#\/schema\/person\/fb534a4e865501d8b3285208df34a9b5","name":"rtnews","image":{"@type":"ImageObject","inLanguage":"de","@id":"https:\/\/now-news.de\/de\/#\/schema\/person\/image\/","url":"https:\/\/secure.gravatar.com\/avatar\/82aafea7d8127119dd649515f56e2117?s=96&d=mm&r=g","contentUrl":"https:\/\/secure.gravatar.com\/avatar\/82aafea7d8127119dd649515f56e2117?s=96&d=mm&r=g","caption":"rtnews"},"url":"https:\/\/now-news.de\/de\/author\/rnews\/"}]}},"_links":{"self":[{"href":"https:\/\/now-news.de\/de\/wp-json\/wp\/v2\/posts\/18876"}],"collection":[{"href":"https:\/\/now-news.de\/de\/wp-json\/wp\/v2\/posts"}],"about":[{"href":"https:\/\/now-news.de\/de\/wp-json\/wp\/v2\/types\/post"}],"author":[{"embeddable":true,"href":"https:\/\/now-news.de\/de\/wp-json\/wp\/v2\/users\/3"}],"replies":[{"embeddable":true,"href":"https:\/\/now-news.de\/de\/wp-json\/wp\/v2\/comments?post=18876"}],"version-history":[{"count":0,"href":"https:\/\/now-news.de\/de\/wp-json\/wp\/v2\/posts\/18876\/revisions"}],"wp:featuredmedia":[{"embeddable":true,"href":"https:\/\/now-news.de\/de\/wp-json\/wp\/v2\/media\/18877"}],"wp:attachment":[{"href":"https:\/\/now-news.de\/de\/wp-json\/wp\/v2\/media?parent=18876"}],"wp:term":[{"taxonomy":"category","embeddable":true,"href":"https:\/\/now-news.de\/de\/wp-json\/wp\/v2\/categories?post=18876"},{"taxonomy":"post_tag","embeddable":true,"href":"https:\/\/now-news.de\/de\/wp-json\/wp\/v2\/tags?post=18876"}],"curies":[{"name":"wp","href":"https:\/\/api.w.org\/{rel}","templated":true}]}}