{"id":18830,"date":"2022-09-10T18:45:07","date_gmt":"2022-09-10T16:45:07","guid":{"rendered":"http:\/\/just-now.news\/de\/deutschland\/deutsche-bundeswehr-beim-manoever-baltic-tiger-2022-in-estland\/"},"modified":"2022-09-10T18:45:07","modified_gmt":"2022-09-10T16:45:07","slug":"deutsche-bundeswehr-beim-manoever-baltic-tiger-2022-in-estland","status":"publish","type":"post","link":"https:\/\/now-news.de\/de\/deutschland\/deutsche-bundeswehr-beim-manoever-baltic-tiger-2022-in-estland\/","title":{"rendered":"Deutsche Bundeswehr beim Man\u00f6ver &quot;Baltic Tiger 2022&quot; in Estland"},"content":{"rendered":"<p><img decoding=\"async\" src=\"http:\/\/just-now.news\/de\/wp-content\/uploads\/sites\/3\/2022\/09\/631c8e1448fbef3de416d963.jpg\" \/><\/p>\n<div class=\"Text-root Text-type_1 \">\n                Ab Oktober beteiligt sich die Deutsche Bundeswehr mit Spezialeinheiten am NATO-Man\u00f6ver &#8220;Baltic Tiger 2022&#8221; in Estland. Ge\u00fcbt wird der Schutz kritischer Infrastruktur sowie die Absicherung von Wegen und von Truppen &#8220;auf dem Marsch&#8221;.\n            <\/div>\n<p><\/p>\n<div class=\"Text-root Text-type_5 ArticleView-text ViewText-root \">\n<p>Vor dem Hintergrund einer ver\u00e4nderten sicherheitspolitischen Lage in Europa wolle die NATO einen &#8220;verst\u00e4rkten Schutz der B\u00fcndnispartner an der Ostflanke sicherstellen&#8221;, <a rel=\"nofollow noopener\" target=\"_blank\" href=\"https:\/\/www.welt.de\/politik\/deutschland\/article240974739\/Bundeswehr-uebt-in-Estland-mit-spezialisierten-Kraeften.html\">berichtete<\/a> die <em>Welt<\/em> am Samstag. Deshalb werde nach dem russischen Einmarsch in die Ukraine im Oktober in Estland das NATO-Milit\u00e4rman\u00f6ver &#8220;Baltic Tiger 2022&#8221; durchgef\u00fchrt.<\/p>\n<p>Die deutsche Bundeswehr beteiligt sich nach <em>dpa<\/em>-Informationen mit mehr als 150 Soldaten. Aus Deutschland verst\u00e4rkt wird die estnische Marine durch das Objektschutzregiment der Luftwaffe, Aufkl\u00e4rungstrupps, Scharfsch\u00fctzen und Soldaten zur Feuerunterst\u00fctzung. Dazu kommen Minentaucher und Marineinfanteristen, die luftbeweglich und auf dem Seeweg anlandef\u00e4hig sind, vom Seebataillon der Deutschen Marine.<\/p>\n<p>Das deutsch-estnische Man\u00f6ver sei f\u00fcr den Gro\u00dfraum der Hauptstadt Tallinn und des NATO-Flugplatzes \u00c4mari geplant. Ge\u00fcbt werde sowohl an Orten im Landesinneren als auch in Hafenanlagen und an Unterwassereinrichtungen der estnischen Marine.<\/p>\n<p>Auf dem \u00dcbungsprogramm steht laut <em>Welt<\/em> neben dem Schutz kritischer Infrastruktur auch die Absicherung von Verbindungswegen und<\/p>\n<blockquote>\n<p><em>&#8220;die Absicherung von Truppen auf dem Marsch, wie sie bei der Verlegung von Verst\u00e4rkungskr\u00e4ften n\u00f6tig sein kann&#8221;.<\/em><\/p>\n<\/blockquote>\n<p>Nach dem russischen Angriff auf die Ukraine, kommentiert die Zeitung, solle die \u00dcbung ein deutliches Zeichen der R\u00fcckversicherung sein. Schon seit Jahren beteiligt sich die deutsche Luftwaffe an der Sicherung des NATO-Luftraums \u00fcber dem Baltikum.<\/p>\n<p>Der <em>Welt<\/em>-Artikel \u00fcber das gemeinsame NATO Man\u00f6ver in Estland endet mit Erfolgsmeldungen der ukrainischen Armee. Nach Aussage der Zeitung feiert die ukrainische Armee zuletzt gr\u00f6\u00dfere Erfolge und habe Pr\u00e4sident Wladimir Selenskij zufolge mehr als 30 Siedlungen in der Region Charkow zur\u00fcckerobert.<\/p>\n<p><strong>Mehr zum Thema<\/strong> &#8211; <a rel=\"nofollow noopener\" target=\"_blank\" href=\"https:\/\/test.rtde.tech\/europa\/148399-weissrussland-beginnt-mit-landesweiten-manovern\/\">Wei\u00dfrussland beginnt mit landesweiten Man\u00f6vern \u2013 auch an der Grenze zu Polen<\/a><\/p>\n<\/div>\n<p><br \/>\n<br \/><a href=\"https:\/\/de.rt.com\/inland\/148570-deutsche-bundeswehr-beim-manoever-baltic-tiger-2022-in-estland\/\">Source link <\/a><\/p>\n","protected":false},"excerpt":{"rendered":"<p>Ab Oktober beteiligt sich die Deutsche Bundeswehr mit Spezialeinheiten am NATO-Man\u00f6ver &#8220;Baltic Tiger 2022&#8221; in Estland. Ge\u00fcbt wird der Schutz kritischer Infrastruktur sowie die Absicherung von Wegen und von Truppen &#8220;auf dem Marsch&#8221;. Vor dem Hintergrund einer ver\u00e4nderten sicherheitspolitischen Lage in Europa wolle die NATO einen &#8220;verst\u00e4rkten Schutz der B\u00fcndnispartner an der Ostflanke sicherstellen&#8221;, berichtete [&hellip;]<\/p>\n","protected":false},"author":3,"featured_media":18831,"comment_status":"open","ping_status":"open","sticky":false,"template":"","format":"standard","meta":{"wp_automatic_camp":["217"],"b4b606088108a0a51d1949ea7a26e751":["Deutsche Bundeswehr beim Man\u00f6ver &quot;Baltic Tiger 2022&quot; in Estland"],"original_link":["https:\/\/de.rt.com\/inland\/148570-deutsche-bundeswehr-beim-manoever-baltic-tiger-2022-in-estland\/"],"_thumbnail_id":["18831"],"_wptg_p2tg_sent2tg":["2022-09-10 18:58:59"],"jnews_social_counter_last_update":["1777191077"]},"categories":[19,23],"tags":[18610,1814,12292,2374,14642,16684,32642,26433],"yoast_head":"<!-- This site is optimized with the Yoast SEO Premium plugin v22.7 (Yoast SEO v22.7) - https:\/\/yoast.com\/wordpress\/plugins\/seo\/ -->\n<title>Deutsche Bundeswehr beim Man\u00f6ver &quot;Baltic Tiger 2022&quot; in Estland - just-now.NEWS Deutschland<\/title>\n<meta name=\"robots\" content=\"index, follow, max-snippet:-1, max-image-preview:large, max-video-preview:-1\" \/>\n<link rel=\"canonical\" href=\"https:\/\/now-news.de\/de\/deutschland\/deutsche-bundeswehr-beim-manoever-baltic-tiger-2022-in-estland\/\" \/>\n<meta property=\"og:locale\" content=\"de_DE\" \/>\n<meta property=\"og:type\" content=\"article\" \/>\n<meta property=\"og:title\" content=\"Deutsche Bundeswehr beim Man\u00f6ver &quot;Baltic Tiger 2022&quot; in Estland\" \/>\n<meta property=\"og:description\" content=\"Ab Oktober beteiligt sich die Deutsche Bundeswehr mit Spezialeinheiten am NATO-Man\u00f6ver &#8220;Baltic Tiger 2022&#8221; in Estland. Ge\u00fcbt wird der Schutz kritischer Infrastruktur sowie die Absicherung von Wegen und von Truppen &#8220;auf dem Marsch&#8221;. Vor dem Hintergrund einer ver\u00e4nderten sicherheitspolitischen Lage in Europa wolle die NATO einen &#8220;verst\u00e4rkten Schutz der B\u00fcndnispartner an der Ostflanke sicherstellen&#8221;, berichtete [&hellip;]\" \/>\n<meta property=\"og:url\" content=\"https:\/\/now-news.de\/de\/deutschland\/deutsche-bundeswehr-beim-manoever-baltic-tiger-2022-in-estland\/\" \/>\n<meta property=\"og:site_name\" content=\"just-now.NEWS Deutschland\" \/>\n<meta property=\"article:publisher\" content=\"https:\/\/www.facebook.com\/wirmachenauf\" \/>\n<meta property=\"article:published_time\" content=\"2022-09-10T16:45:07+00:00\" \/>\n<meta property=\"og:image\" content=\"https:\/\/now-news.de\/de\/wp-content\/uploads\/sites\/3\/2022\/09\/Deutsche-Bundeswehr-beim-Manoever-quotBaltic-Tiger-2022quot-in-Estland.jpg\" \/>\n\t<meta property=\"og:image:width\" content=\"460\" \/>\n\t<meta property=\"og:image:height\" content=\"259\" \/>\n\t<meta property=\"og:image:type\" content=\"image\/jpeg\" \/>\n<meta name=\"author\" content=\"rtnews\" \/>\n<meta name=\"twitter:card\" content=\"summary_large_image\" \/>\n<meta name=\"twitter:creator\" content=\"@WirMachenAuf_de\" \/>\n<meta name=\"twitter:site\" content=\"@WirMachenAuf_de\" \/>\n<meta name=\"twitter:label1\" content=\"Verfasst von\" \/>\n\t<meta name=\"twitter:data1\" content=\"rtnews\" \/>\n\t<meta name=\"twitter:label2\" content=\"Gesch\u00e4tzte Lesezeit\" \/>\n\t<meta name=\"twitter:data2\" content=\"2\u00a0Minuten\" \/>\n<script type=\"application\/ld+json\" class=\"yoast-schema-graph\">{\"@context\":\"https:\/\/schema.org\",\"@graph\":[{\"@type\":\"Article\",\"@id\":\"https:\/\/now-news.de\/de\/deutschland\/deutsche-bundeswehr-beim-manoever-baltic-tiger-2022-in-estland\/#article\",\"isPartOf\":{\"@id\":\"https:\/\/now-news.de\/de\/deutschland\/deutsche-bundeswehr-beim-manoever-baltic-tiger-2022-in-estland\/\"},\"author\":{\"name\":\"rtnews\",\"@id\":\"https:\/\/now-news.de\/de\/#\/schema\/person\/fb534a4e865501d8b3285208df34a9b5\"},\"headline\":\"Deutsche Bundeswehr beim Man\u00f6ver &quot;Baltic Tiger 2022&quot; in Estland\",\"datePublished\":\"2022-09-10T16:45:07+00:00\",\"dateModified\":\"2022-09-10T16:45:07+00:00\",\"mainEntityOfPage\":{\"@id\":\"https:\/\/now-news.de\/de\/deutschland\/deutsche-bundeswehr-beim-manoever-baltic-tiger-2022-in-estland\/\"},\"wordCount\":320,\"commentCount\":0,\"publisher\":{\"@id\":\"https:\/\/now-news.de\/de\/#organization\"},\"image\":{\"@id\":\"https:\/\/now-news.de\/de\/deutschland\/deutsche-bundeswehr-beim-manoever-baltic-tiger-2022-in-estland\/#primaryimage\"},\"thumbnailUrl\":\"https:\/\/now-news.de\/de\/wp-content\/uploads\/sites\/3\/2022\/09\/Deutsche-Bundeswehr-beim-Manoever-quotBaltic-Tiger-2022quot-in-Estland.jpg\",\"keywords\":[\"2022quot\",\"beim\",\"Bundeswehr\",\"Deutsche\",\"Estland\",\"man\u00f6ver\",\"quotBaltic\",\"Tiger\"],\"articleSection\":[\"Deutschland\",\"Russland\"],\"inLanguage\":\"de\",\"potentialAction\":[{\"@type\":\"CommentAction\",\"name\":\"Comment\",\"target\":[\"https:\/\/now-news.de\/de\/deutschland\/deutsche-bundeswehr-beim-manoever-baltic-tiger-2022-in-estland\/#respond\"]}]},{\"@type\":\"WebPage\",\"@id\":\"https:\/\/now-news.de\/de\/deutschland\/deutsche-bundeswehr-beim-manoever-baltic-tiger-2022-in-estland\/\",\"url\":\"https:\/\/now-news.de\/de\/deutschland\/deutsche-bundeswehr-beim-manoever-baltic-tiger-2022-in-estland\/\",\"name\":\"Deutsche Bundeswehr beim Man\u00f6ver &quot;Baltic Tiger 2022&quot; in Estland - just-now.NEWS Deutschland\",\"isPartOf\":{\"@id\":\"https:\/\/now-news.de\/de\/#website\"},\"primaryImageOfPage\":{\"@id\":\"https:\/\/now-news.de\/de\/deutschland\/deutsche-bundeswehr-beim-manoever-baltic-tiger-2022-in-estland\/#primaryimage\"},\"image\":{\"@id\":\"https:\/\/now-news.de\/de\/deutschland\/deutsche-bundeswehr-beim-manoever-baltic-tiger-2022-in-estland\/#primaryimage\"},\"thumbnailUrl\":\"https:\/\/now-news.de\/de\/wp-content\/uploads\/sites\/3\/2022\/09\/Deutsche-Bundeswehr-beim-Manoever-quotBaltic-Tiger-2022quot-in-Estland.jpg\",\"datePublished\":\"2022-09-10T16:45:07+00:00\",\"dateModified\":\"2022-09-10T16:45:07+00:00\",\"breadcrumb\":{\"@id\":\"https:\/\/now-news.de\/de\/deutschland\/deutsche-bundeswehr-beim-manoever-baltic-tiger-2022-in-estland\/#breadcrumb\"},\"inLanguage\":\"de\",\"potentialAction\":[{\"@type\":\"ReadAction\",\"target\":[\"https:\/\/now-news.de\/de\/deutschland\/deutsche-bundeswehr-beim-manoever-baltic-tiger-2022-in-estland\/\"]}]},{\"@type\":\"ImageObject\",\"inLanguage\":\"de\",\"@id\":\"https:\/\/now-news.de\/de\/deutschland\/deutsche-bundeswehr-beim-manoever-baltic-tiger-2022-in-estland\/#primaryimage\",\"url\":\"https:\/\/now-news.de\/de\/wp-content\/uploads\/sites\/3\/2022\/09\/Deutsche-Bundeswehr-beim-Manoever-quotBaltic-Tiger-2022quot-in-Estland.jpg\",\"contentUrl\":\"https:\/\/now-news.de\/de\/wp-content\/uploads\/sites\/3\/2022\/09\/Deutsche-Bundeswehr-beim-Manoever-quotBaltic-Tiger-2022quot-in-Estland.jpg\",\"width\":460,\"height\":259,\"caption\":\"Deutsche Bundeswehr beim Man\u00f6ver &quot;Baltic Tiger 2022&quot; in Estland\"},{\"@type\":\"BreadcrumbList\",\"@id\":\"https:\/\/now-news.de\/de\/deutschland\/deutsche-bundeswehr-beim-manoever-baltic-tiger-2022-in-estland\/#breadcrumb\",\"itemListElement\":[{\"@type\":\"ListItem\",\"position\":1,\"name\":\"Home\",\"item\":\"https:\/\/now-news.de\/de\/\"},{\"@type\":\"ListItem\",\"position\":2,\"name\":\"Deutsche Bundeswehr beim Man\u00f6ver &quot;Baltic Tiger 2022&quot; in Estland\"}]},{\"@type\":\"WebSite\",\"@id\":\"https:\/\/now-news.de\/de\/#website\",\"url\":\"https:\/\/now-news.de\/de\/\",\"name\":\"just-now.NEWS Deutschland\",\"description\":\"Das Portal f\u00fcr unzensierte Nachrichten aus der Welt\",\"publisher\":{\"@id\":\"https:\/\/now-news.de\/de\/#organization\"},\"potentialAction\":[{\"@type\":\"SearchAction\",\"target\":{\"@type\":\"EntryPoint\",\"urlTemplate\":\"https:\/\/now-news.de\/de\/?s={search_term_string}\"},\"query-input\":\"required name=search_term_string\"}],\"inLanguage\":\"de\"},{\"@type\":\"Organization\",\"@id\":\"https:\/\/now-news.de\/de\/#organization\",\"name\":\"Just Now News\",\"url\":\"https:\/\/now-news.de\/de\/\",\"logo\":{\"@type\":\"ImageObject\",\"inLanguage\":\"de\",\"@id\":\"https:\/\/now-news.de\/de\/#\/schema\/logo\/image\/\",\"url\":\"http:\/\/just-now.news\/de\/wp-content\/uploads\/sites\/3\/2022\/04\/logo500x500.jpg\",\"contentUrl\":\"http:\/\/just-now.news\/de\/wp-content\/uploads\/sites\/3\/2022\/04\/logo500x500.jpg\",\"width\":500,\"height\":500,\"caption\":\"Just Now News\"},\"image\":{\"@id\":\"https:\/\/now-news.de\/de\/#\/schema\/logo\/image\/\"},\"sameAs\":[\"https:\/\/www.facebook.com\/wirmachenauf\",\"https:\/\/x.com\/WirMachenAuf_de\"]},{\"@type\":\"Person\",\"@id\":\"https:\/\/now-news.de\/de\/#\/schema\/person\/fb534a4e865501d8b3285208df34a9b5\",\"name\":\"rtnews\",\"image\":{\"@type\":\"ImageObject\",\"inLanguage\":\"de\",\"@id\":\"https:\/\/now-news.de\/de\/#\/schema\/person\/image\/\",\"url\":\"https:\/\/secure.gravatar.com\/avatar\/82aafea7d8127119dd649515f56e2117?s=96&d=mm&r=g\",\"contentUrl\":\"https:\/\/secure.gravatar.com\/avatar\/82aafea7d8127119dd649515f56e2117?s=96&d=mm&r=g\",\"caption\":\"rtnews\"},\"url\":\"https:\/\/now-news.de\/de\/author\/rnews\/\"}]}<\/script>\n<!-- \/ Yoast SEO Premium plugin. -->","yoast_head_json":{"title":"Deutsche Bundeswehr beim Man\u00f6ver &quot;Baltic Tiger 2022&quot; in Estland - just-now.NEWS Deutschland","robots":{"index":"index","follow":"follow","max-snippet":"max-snippet:-1","max-image-preview":"max-image-preview:large","max-video-preview":"max-video-preview:-1"},"canonical":"https:\/\/now-news.de\/de\/deutschland\/deutsche-bundeswehr-beim-manoever-baltic-tiger-2022-in-estland\/","og_locale":"de_DE","og_type":"article","og_title":"Deutsche Bundeswehr beim Man\u00f6ver &quot;Baltic Tiger 2022&quot; in Estland","og_description":"Ab Oktober beteiligt sich die Deutsche Bundeswehr mit Spezialeinheiten am NATO-Man\u00f6ver &#8220;Baltic Tiger 2022&#8221; in Estland. Ge\u00fcbt wird der Schutz kritischer Infrastruktur sowie die Absicherung von Wegen und von Truppen &#8220;auf dem Marsch&#8221;. Vor dem Hintergrund einer ver\u00e4nderten sicherheitspolitischen Lage in Europa wolle die NATO einen &#8220;verst\u00e4rkten Schutz der B\u00fcndnispartner an der Ostflanke sicherstellen&#8221;, berichtete [&hellip;]","og_url":"https:\/\/now-news.de\/de\/deutschland\/deutsche-bundeswehr-beim-manoever-baltic-tiger-2022-in-estland\/","og_site_name":"just-now.NEWS Deutschland","article_publisher":"https:\/\/www.facebook.com\/wirmachenauf","article_published_time":"2022-09-10T16:45:07+00:00","og_image":[{"width":460,"height":259,"url":"https:\/\/now-news.de\/de\/wp-content\/uploads\/sites\/3\/2022\/09\/Deutsche-Bundeswehr-beim-Manoever-quotBaltic-Tiger-2022quot-in-Estland.jpg","type":"image\/jpeg"}],"author":"rtnews","twitter_card":"summary_large_image","twitter_creator":"@WirMachenAuf_de","twitter_site":"@WirMachenAuf_de","twitter_misc":{"Verfasst von":"rtnews","Gesch\u00e4tzte Lesezeit":"2\u00a0Minuten"},"schema":{"@context":"https:\/\/schema.org","@graph":[{"@type":"Article","@id":"https:\/\/now-news.de\/de\/deutschland\/deutsche-bundeswehr-beim-manoever-baltic-tiger-2022-in-estland\/#article","isPartOf":{"@id":"https:\/\/now-news.de\/de\/deutschland\/deutsche-bundeswehr-beim-manoever-baltic-tiger-2022-in-estland\/"},"author":{"name":"rtnews","@id":"https:\/\/now-news.de\/de\/#\/schema\/person\/fb534a4e865501d8b3285208df34a9b5"},"headline":"Deutsche Bundeswehr beim Man\u00f6ver &quot;Baltic Tiger 2022&quot; in Estland","datePublished":"2022-09-10T16:45:07+00:00","dateModified":"2022-09-10T16:45:07+00:00","mainEntityOfPage":{"@id":"https:\/\/now-news.de\/de\/deutschland\/deutsche-bundeswehr-beim-manoever-baltic-tiger-2022-in-estland\/"},"wordCount":320,"commentCount":0,"publisher":{"@id":"https:\/\/now-news.de\/de\/#organization"},"image":{"@id":"https:\/\/now-news.de\/de\/deutschland\/deutsche-bundeswehr-beim-manoever-baltic-tiger-2022-in-estland\/#primaryimage"},"thumbnailUrl":"https:\/\/now-news.de\/de\/wp-content\/uploads\/sites\/3\/2022\/09\/Deutsche-Bundeswehr-beim-Manoever-quotBaltic-Tiger-2022quot-in-Estland.jpg","keywords":["2022quot","beim","Bundeswehr","Deutsche","Estland","man\u00f6ver","quotBaltic","Tiger"],"articleSection":["Deutschland","Russland"],"inLanguage":"de","potentialAction":[{"@type":"CommentAction","name":"Comment","target":["https:\/\/now-news.de\/de\/deutschland\/deutsche-bundeswehr-beim-manoever-baltic-tiger-2022-in-estland\/#respond"]}]},{"@type":"WebPage","@id":"https:\/\/now-news.de\/de\/deutschland\/deutsche-bundeswehr-beim-manoever-baltic-tiger-2022-in-estland\/","url":"https:\/\/now-news.de\/de\/deutschland\/deutsche-bundeswehr-beim-manoever-baltic-tiger-2022-in-estland\/","name":"Deutsche Bundeswehr beim Man\u00f6ver &quot;Baltic Tiger 2022&quot; in Estland - just-now.NEWS Deutschland","isPartOf":{"@id":"https:\/\/now-news.de\/de\/#website"},"primaryImageOfPage":{"@id":"https:\/\/now-news.de\/de\/deutschland\/deutsche-bundeswehr-beim-manoever-baltic-tiger-2022-in-estland\/#primaryimage"},"image":{"@id":"https:\/\/now-news.de\/de\/deutschland\/deutsche-bundeswehr-beim-manoever-baltic-tiger-2022-in-estland\/#primaryimage"},"thumbnailUrl":"https:\/\/now-news.de\/de\/wp-content\/uploads\/sites\/3\/2022\/09\/Deutsche-Bundeswehr-beim-Manoever-quotBaltic-Tiger-2022quot-in-Estland.jpg","datePublished":"2022-09-10T16:45:07+00:00","dateModified":"2022-09-10T16:45:07+00:00","breadcrumb":{"@id":"https:\/\/now-news.de\/de\/deutschland\/deutsche-bundeswehr-beim-manoever-baltic-tiger-2022-in-estland\/#breadcrumb"},"inLanguage":"de","potentialAction":[{"@type":"ReadAction","target":["https:\/\/now-news.de\/de\/deutschland\/deutsche-bundeswehr-beim-manoever-baltic-tiger-2022-in-estland\/"]}]},{"@type":"ImageObject","inLanguage":"de","@id":"https:\/\/now-news.de\/de\/deutschland\/deutsche-bundeswehr-beim-manoever-baltic-tiger-2022-in-estland\/#primaryimage","url":"https:\/\/now-news.de\/de\/wp-content\/uploads\/sites\/3\/2022\/09\/Deutsche-Bundeswehr-beim-Manoever-quotBaltic-Tiger-2022quot-in-Estland.jpg","contentUrl":"https:\/\/now-news.de\/de\/wp-content\/uploads\/sites\/3\/2022\/09\/Deutsche-Bundeswehr-beim-Manoever-quotBaltic-Tiger-2022quot-in-Estland.jpg","width":460,"height":259,"caption":"Deutsche Bundeswehr beim Man\u00f6ver &quot;Baltic Tiger 2022&quot; in Estland"},{"@type":"BreadcrumbList","@id":"https:\/\/now-news.de\/de\/deutschland\/deutsche-bundeswehr-beim-manoever-baltic-tiger-2022-in-estland\/#breadcrumb","itemListElement":[{"@type":"ListItem","position":1,"name":"Home","item":"https:\/\/now-news.de\/de\/"},{"@type":"ListItem","position":2,"name":"Deutsche Bundeswehr beim Man\u00f6ver &quot;Baltic Tiger 2022&quot; in Estland"}]},{"@type":"WebSite","@id":"https:\/\/now-news.de\/de\/#website","url":"https:\/\/now-news.de\/de\/","name":"just-now.NEWS Deutschland","description":"Das Portal f\u00fcr unzensierte Nachrichten aus der Welt","publisher":{"@id":"https:\/\/now-news.de\/de\/#organization"},"potentialAction":[{"@type":"SearchAction","target":{"@type":"EntryPoint","urlTemplate":"https:\/\/now-news.de\/de\/?s={search_term_string}"},"query-input":"required name=search_term_string"}],"inLanguage":"de"},{"@type":"Organization","@id":"https:\/\/now-news.de\/de\/#organization","name":"Just Now News","url":"https:\/\/now-news.de\/de\/","logo":{"@type":"ImageObject","inLanguage":"de","@id":"https:\/\/now-news.de\/de\/#\/schema\/logo\/image\/","url":"http:\/\/just-now.news\/de\/wp-content\/uploads\/sites\/3\/2022\/04\/logo500x500.jpg","contentUrl":"http:\/\/just-now.news\/de\/wp-content\/uploads\/sites\/3\/2022\/04\/logo500x500.jpg","width":500,"height":500,"caption":"Just Now News"},"image":{"@id":"https:\/\/now-news.de\/de\/#\/schema\/logo\/image\/"},"sameAs":["https:\/\/www.facebook.com\/wirmachenauf","https:\/\/x.com\/WirMachenAuf_de"]},{"@type":"Person","@id":"https:\/\/now-news.de\/de\/#\/schema\/person\/fb534a4e865501d8b3285208df34a9b5","name":"rtnews","image":{"@type":"ImageObject","inLanguage":"de","@id":"https:\/\/now-news.de\/de\/#\/schema\/person\/image\/","url":"https:\/\/secure.gravatar.com\/avatar\/82aafea7d8127119dd649515f56e2117?s=96&d=mm&r=g","contentUrl":"https:\/\/secure.gravatar.com\/avatar\/82aafea7d8127119dd649515f56e2117?s=96&d=mm&r=g","caption":"rtnews"},"url":"https:\/\/now-news.de\/de\/author\/rnews\/"}]}},"_links":{"self":[{"href":"https:\/\/now-news.de\/de\/wp-json\/wp\/v2\/posts\/18830"}],"collection":[{"href":"https:\/\/now-news.de\/de\/wp-json\/wp\/v2\/posts"}],"about":[{"href":"https:\/\/now-news.de\/de\/wp-json\/wp\/v2\/types\/post"}],"author":[{"embeddable":true,"href":"https:\/\/now-news.de\/de\/wp-json\/wp\/v2\/users\/3"}],"replies":[{"embeddable":true,"href":"https:\/\/now-news.de\/de\/wp-json\/wp\/v2\/comments?post=18830"}],"version-history":[{"count":0,"href":"https:\/\/now-news.de\/de\/wp-json\/wp\/v2\/posts\/18830\/revisions"}],"wp:featuredmedia":[{"embeddable":true,"href":"https:\/\/now-news.de\/de\/wp-json\/wp\/v2\/media\/18831"}],"wp:attachment":[{"href":"https:\/\/now-news.de\/de\/wp-json\/wp\/v2\/media?parent=18830"}],"wp:term":[{"taxonomy":"category","embeddable":true,"href":"https:\/\/now-news.de\/de\/wp-json\/wp\/v2\/categories?post=18830"},{"taxonomy":"post_tag","embeddable":true,"href":"https:\/\/now-news.de\/de\/wp-json\/wp\/v2\/tags?post=18830"}],"curies":[{"name":"wp","href":"https:\/\/api.w.org\/{rel}","templated":true}]}}