{"id":18818,"date":"2022-09-10T11:37:24","date_gmt":"2022-09-10T09:37:24","guid":{"rendered":"http:\/\/just-now.news\/de\/deutschland\/half-das-goerlitzer-linkspartei-buero-beim-einschleusen-von-nordafrikanern\/"},"modified":"2022-09-10T11:37:24","modified_gmt":"2022-09-10T09:37:24","slug":"half-das-goerlitzer-linkspartei-buero-beim-einschleusen-von-nordafrikanern","status":"publish","type":"post","link":"https:\/\/now-news.de\/de\/deutschland\/half-das-goerlitzer-linkspartei-buero-beim-einschleusen-von-nordafrikanern\/","title":{"rendered":"Half das G\u00f6rlitzer Linkspartei-B\u00fcro beim Einschleusen von Nordafrikanern?"},"content":{"rendered":"<p><img decoding=\"async\" src=\"http:\/\/just-now.news\/de\/wp-content\/uploads\/sites\/3\/2022\/09\/631b7693b480cc3d3c0ce3c8.jpg\" \/><\/p>\n<div class=\"Text-root Text-type_1 \">\n                Wie weit &#8220;geht&#8221; linke Solidarit\u00e4t? In G\u00f6rlitz ist sie offenbar grenzenlos. Dort stehen Mitarbeiter der Partei Die Linke im Verdacht, M\u00e4nnern aus Algerien und \u00c4gypten beim illegalen Grenz\u00fcbertritt geholfen zu haben.\n            <\/div>\n<p><\/p>\n<div class=\"Text-root Text-type_5 ArticleView-text ViewText-root \">\n<p>Mitarbeiter des B\u00fcro der Partei Die Linke im s\u00e4chsischen G\u00f6rlitz haben offenbar nordafrikanische Migranten beim illegalen Grenz\u00fcbertritt \u00fcber die Nei\u00dfe unterst\u00fctzt \u2013 das <a rel=\"nofollow noopener\" target=\"_blank\" href=\"https:\/\/www.welt.de\/politik\/deutschland\/article240953083\/Illegale-Migration-Linkspartei-Buero-half-offenbar-bei-Einschleusungen.html?wtrid=socialmedia.socialflow....socialflow_facebook&amp;wtrid=socialmedia.socialflow....socialflow_twitter#Comments\">berichtet<\/a> die <em>Welt<\/em> am Freitag. Hintergrund: Am letzten Wochenende wurden sieben Nordafrikaner bei der unerlaubten Einreise aus Polen nach G\u00f6rlitz von Polizisten observiert. Vier der sieben Personen wurden in einem Fahrzeug zum lokalen B\u00fcro der Linkspartei gefahren.<\/p>\n<p>Gegen den in der Folge von der Bundespolizei angehaltenen Fahrzeugf\u00fchrer wurde ein Strafverfahren wegen &#8220;Einschleusens von Ausl\u00e4ndern&#8221; er\u00f6ffnet, wie die Staatsanwaltschaft G\u00f6rlitz mitgeteilt hat.<\/p>\n<p>Bei den sieben Migranten handelt es sich um sechs \u00c4gypter und einen Algerier. Der Algerier teilte mit, mittels Schleuser \u00fcber Wei\u00dfrussland, Litauen und Polen nach Deutschland eingereist zu sein.<\/p>\n<p>Auf dem Handy des Gefl\u00fcchteten fand sich ein Video des gefilmten Grenz\u00fcbertritts. Diese Aufnahmen dienen als Beweis f\u00fcr eine gelungene Flucht, danach erfolgen zumeist die Auszahlungen an die Schleuser, die an dem illegalen Grenz\u00fcbertritt beteiligt waren.<\/p>\n<p>Auf dem Handy fand sich auch die Nummer des G\u00f6rlitzer Linke-Abgeordneten Mirko Schultze, zu dessen B\u00fcro die Migranten Samstagabend gefahren wurden.<\/p>\n<p>Der Landtagsabgeordnete kommentierte das Geschehen folgenderma\u00dfen:<\/p>\n<blockquote>\n<p><em> &#8220;Es gibt immer mal wieder die Situation, dass Menschen mein B\u00fcro um Hilfe ansuchen, seien es Obdachlose oder Migranten ohne Ansehen ihres <a rel=\"nofollow noopener\" target=\"_blank\" href=\"https:\/\/welt.de\/239761835\">Aufenthaltsstatusses<\/a>.&#8221;<\/em><\/p>\n<\/blockquote>\n<p>Der 48-J\u00e4hrige betonte:<\/p>\n<blockquote>\n<p><em>&#8220;Es gibt in G\u00f6rlitz eine Gruppe von Ehrenamtlichen, die Ersthilfe leistet, ihnen stelle ich mein B\u00fcro zur Verf\u00fcgung. In meinem B\u00fcro werden die Menschen in der Regel mit einem hei\u00dfen Getr\u00e4nk versorgt und beraten, wo sie Polizisten finden, um einen Asylantrag zu stellen. F\u00fcr solche Hilfsf\u00e4lle gibt es ein auf mich zugelassenes Bereitschaftshandy, das wir im Rahmen unserer ehrenamtlichen Arbeit nutzen.&#8221;<\/em><\/p>\n<\/blockquote>\n<div class=\"EmbedBlock-root EmbedBlock-twitter\">\n<div class=\"TwitterEmbed\">\n<blockquote class=\"twitter-tweet lazyload\" data-twitter=\"twitter-tweet\">\n<p lang=\"de\" dir=\"ltr\">Mit solchen Aktionen verprellt man sich auch noch die letzten drei Linke-W\u00e4hler in der ostdeutschen Provinz. <a rel=\"nofollow noopener\" target=\"_blank\" href=\"https:\/\/twitter.com\/hashtag\/migranten?src=hash&amp;ref_src=twsrc%5Etfw\">#migranten<\/a><a rel=\"nofollow noopener\" target=\"_blank\" href=\"https:\/\/twitter.com\/hashtag\/Sachsen?src=hash&amp;ref_src=twsrc%5Etfw\">#Sachsen<\/a><a rel=\"nofollow noopener\" target=\"_blank\" href=\"https:\/\/twitter.com\/hashtag\/linke?src=hash&amp;ref_src=twsrc%5Etfw\">#linke<\/a><a rel=\"nofollow noopener\" target=\"_blank\" href=\"https:\/\/t.co\/RT917d6enp\">https:\/\/t.co\/RT917d6enp<\/a><\/p>\n<p>\u2014 Im Osten. Perspektiven wider den Zeitgeist (@ImWider) <a rel=\"nofollow noopener\" target=\"_blank\" href=\"https:\/\/twitter.com\/ImWider\/status\/1568211507208396803?ref_src=twsrc%5Etfw\">September 9, 2022<\/a><\/p><\/blockquote>\n<\/div>\n<\/div>\n<p>Die Nachfrage, ob der Skoda, mit dem die Migranten abgeholt wurden, dem Linken-Abgeordneten geh\u00f6re, weil das Nummernschild seine Initialen &#8220;MS&#8221; trage, verneinte der Politiker.<\/p>\n<p><strong>Mehr zum Thema<\/strong> &#8211; <a rel=\"nofollow noopener\" target=\"_blank\" href=\"https:\/\/test.rtde.tech\/kurzclips\/video\/148480-wagenknecht-nicht-mal-tropfen-auf-hei%C3%9Fen-stein\/\">Wagenknecht: &#8220;Nicht mal ein Tropfen auf den hei\u00dfen Stein&#8221;. Warum das Entlastungspaket eine Farce ist<\/a><\/p>\n<\/p>\n<\/div>\n<p><script async src=\"https:\/\/platform.twitter.com\/widgets.js\" charset=\"utf-8\"><\/script><br \/>\n<br \/><br \/>\n<br \/><a href=\"https:\/\/de.rt.com\/inland\/148509-half-das-goerlitzer-linkspartei-buero-beim-einschleusen-von-nordafrikanern\/\">Source link <\/a><\/p>\n","protected":false},"excerpt":{"rendered":"<p>Wie weit &#8220;geht&#8221; linke Solidarit\u00e4t? In G\u00f6rlitz ist sie offenbar grenzenlos. Dort stehen Mitarbeiter der Partei Die Linke im Verdacht, M\u00e4nnern aus Algerien und \u00c4gypten beim illegalen Grenz\u00fcbertritt geholfen zu haben. Mitarbeiter des B\u00fcro der Partei Die Linke im s\u00e4chsischen G\u00f6rlitz haben offenbar nordafrikanische Migranten beim illegalen Grenz\u00fcbertritt \u00fcber die Nei\u00dfe unterst\u00fctzt \u2013 das berichtet [&hellip;]<\/p>\n","protected":false},"author":3,"featured_media":18819,"comment_status":"open","ping_status":"open","sticky":false,"template":"","format":"standard","meta":{"wp_automatic_camp":["217"],"d04c94c76e3ebe29c2cbb8b678cd66cd":["Half das G\u00f6rlitzer Linkspartei-B\u00fcro beim Einschleusen von Nordafrikanern?"],"original_link":["https:\/\/de.rt.com\/inland\/148509-half-das-goerlitzer-linkspartei-buero-beim-einschleusen-von-nordafrikanern\/"],"_thumbnail_id":["18819"],"_wptg_p2tg_sent2tg":["2022-09-10 11:46:09"],"jnews_social_counter_last_update":["1777411877"]},"categories":[19,23],"tags":[1814,427,32636,32634,32635,32637,50],"yoast_head":"<!-- This site is optimized with the Yoast SEO Premium plugin v22.7 (Yoast SEO v22.7) - https:\/\/yoast.com\/wordpress\/plugins\/seo\/ -->\n<title>Half das G\u00f6rlitzer Linkspartei-B\u00fcro beim Einschleusen von Nordafrikanern? - just-now.NEWS Deutschland<\/title>\n<meta name=\"robots\" content=\"index, follow, max-snippet:-1, max-image-preview:large, max-video-preview:-1\" \/>\n<link rel=\"canonical\" href=\"https:\/\/now-news.de\/de\/deutschland\/half-das-goerlitzer-linkspartei-buero-beim-einschleusen-von-nordafrikanern\/\" \/>\n<meta property=\"og:locale\" content=\"de_DE\" \/>\n<meta property=\"og:type\" content=\"article\" \/>\n<meta property=\"og:title\" content=\"Half das G\u00f6rlitzer Linkspartei-B\u00fcro beim Einschleusen von Nordafrikanern?\" \/>\n<meta property=\"og:description\" content=\"Wie weit &#8220;geht&#8221; linke Solidarit\u00e4t? In G\u00f6rlitz ist sie offenbar grenzenlos. Dort stehen Mitarbeiter der Partei Die Linke im Verdacht, M\u00e4nnern aus Algerien und \u00c4gypten beim illegalen Grenz\u00fcbertritt geholfen zu haben. Mitarbeiter des B\u00fcro der Partei Die Linke im s\u00e4chsischen G\u00f6rlitz haben offenbar nordafrikanische Migranten beim illegalen Grenz\u00fcbertritt \u00fcber die Nei\u00dfe unterst\u00fctzt \u2013 das berichtet [&hellip;]\" \/>\n<meta property=\"og:url\" content=\"https:\/\/now-news.de\/de\/deutschland\/half-das-goerlitzer-linkspartei-buero-beim-einschleusen-von-nordafrikanern\/\" \/>\n<meta property=\"og:site_name\" content=\"just-now.NEWS Deutschland\" \/>\n<meta property=\"article:publisher\" content=\"https:\/\/www.facebook.com\/wirmachenauf\" \/>\n<meta property=\"article:published_time\" content=\"2022-09-10T09:37:24+00:00\" \/>\n<meta property=\"og:image\" content=\"https:\/\/now-news.de\/de\/wp-content\/uploads\/sites\/3\/2022\/09\/Half-das-Goerlitzer-Linkspartei-Buero-beim-Einschleusen-von-Nordafrikanern.jpg\" \/>\n\t<meta property=\"og:image:width\" content=\"460\" \/>\n\t<meta property=\"og:image:height\" content=\"259\" \/>\n\t<meta property=\"og:image:type\" content=\"image\/jpeg\" \/>\n<meta name=\"author\" content=\"rtnews\" \/>\n<meta name=\"twitter:card\" content=\"summary_large_image\" \/>\n<meta name=\"twitter:creator\" content=\"@WirMachenAuf_de\" \/>\n<meta name=\"twitter:site\" content=\"@WirMachenAuf_de\" \/>\n<meta name=\"twitter:label1\" content=\"Verfasst von\" \/>\n\t<meta name=\"twitter:data1\" content=\"rtnews\" \/>\n\t<meta name=\"twitter:label2\" content=\"Gesch\u00e4tzte Lesezeit\" \/>\n\t<meta name=\"twitter:data2\" content=\"2\u00a0Minuten\" \/>\n<script type=\"application\/ld+json\" class=\"yoast-schema-graph\">{\"@context\":\"https:\/\/schema.org\",\"@graph\":[{\"@type\":\"Article\",\"@id\":\"https:\/\/now-news.de\/de\/deutschland\/half-das-goerlitzer-linkspartei-buero-beim-einschleusen-von-nordafrikanern\/#article\",\"isPartOf\":{\"@id\":\"https:\/\/now-news.de\/de\/deutschland\/half-das-goerlitzer-linkspartei-buero-beim-einschleusen-von-nordafrikanern\/\"},\"author\":{\"name\":\"rtnews\",\"@id\":\"https:\/\/now-news.de\/de\/#\/schema\/person\/fb534a4e865501d8b3285208df34a9b5\"},\"headline\":\"Half das G\u00f6rlitzer Linkspartei-B\u00fcro beim Einschleusen von Nordafrikanern?\",\"datePublished\":\"2022-09-10T09:37:24+00:00\",\"dateModified\":\"2022-09-10T09:37:24+00:00\",\"mainEntityOfPage\":{\"@id\":\"https:\/\/now-news.de\/de\/deutschland\/half-das-goerlitzer-linkspartei-buero-beim-einschleusen-von-nordafrikanern\/\"},\"wordCount\":419,\"commentCount\":0,\"publisher\":{\"@id\":\"https:\/\/now-news.de\/de\/#organization\"},\"image\":{\"@id\":\"https:\/\/now-news.de\/de\/deutschland\/half-das-goerlitzer-linkspartei-buero-beim-einschleusen-von-nordafrikanern\/#primaryimage\"},\"thumbnailUrl\":\"https:\/\/now-news.de\/de\/wp-content\/uploads\/sites\/3\/2022\/09\/Half-das-Goerlitzer-Linkspartei-Buero-beim-Einschleusen-von-Nordafrikanern.jpg\",\"keywords\":[\"beim\",\"das\",\"Einschleusen\",\"G\u00f6rlitzer\",\"LinksparteiB\u00fcro\",\"Nordafrikanern\",\"von\"],\"articleSection\":[\"Deutschland\",\"Russland\"],\"inLanguage\":\"de\",\"potentialAction\":[{\"@type\":\"CommentAction\",\"name\":\"Comment\",\"target\":[\"https:\/\/now-news.de\/de\/deutschland\/half-das-goerlitzer-linkspartei-buero-beim-einschleusen-von-nordafrikanern\/#respond\"]}]},{\"@type\":\"WebPage\",\"@id\":\"https:\/\/now-news.de\/de\/deutschland\/half-das-goerlitzer-linkspartei-buero-beim-einschleusen-von-nordafrikanern\/\",\"url\":\"https:\/\/now-news.de\/de\/deutschland\/half-das-goerlitzer-linkspartei-buero-beim-einschleusen-von-nordafrikanern\/\",\"name\":\"Half das G\u00f6rlitzer Linkspartei-B\u00fcro beim Einschleusen von Nordafrikanern? - just-now.NEWS Deutschland\",\"isPartOf\":{\"@id\":\"https:\/\/now-news.de\/de\/#website\"},\"primaryImageOfPage\":{\"@id\":\"https:\/\/now-news.de\/de\/deutschland\/half-das-goerlitzer-linkspartei-buero-beim-einschleusen-von-nordafrikanern\/#primaryimage\"},\"image\":{\"@id\":\"https:\/\/now-news.de\/de\/deutschland\/half-das-goerlitzer-linkspartei-buero-beim-einschleusen-von-nordafrikanern\/#primaryimage\"},\"thumbnailUrl\":\"https:\/\/now-news.de\/de\/wp-content\/uploads\/sites\/3\/2022\/09\/Half-das-Goerlitzer-Linkspartei-Buero-beim-Einschleusen-von-Nordafrikanern.jpg\",\"datePublished\":\"2022-09-10T09:37:24+00:00\",\"dateModified\":\"2022-09-10T09:37:24+00:00\",\"breadcrumb\":{\"@id\":\"https:\/\/now-news.de\/de\/deutschland\/half-das-goerlitzer-linkspartei-buero-beim-einschleusen-von-nordafrikanern\/#breadcrumb\"},\"inLanguage\":\"de\",\"potentialAction\":[{\"@type\":\"ReadAction\",\"target\":[\"https:\/\/now-news.de\/de\/deutschland\/half-das-goerlitzer-linkspartei-buero-beim-einschleusen-von-nordafrikanern\/\"]}]},{\"@type\":\"ImageObject\",\"inLanguage\":\"de\",\"@id\":\"https:\/\/now-news.de\/de\/deutschland\/half-das-goerlitzer-linkspartei-buero-beim-einschleusen-von-nordafrikanern\/#primaryimage\",\"url\":\"https:\/\/now-news.de\/de\/wp-content\/uploads\/sites\/3\/2022\/09\/Half-das-Goerlitzer-Linkspartei-Buero-beim-Einschleusen-von-Nordafrikanern.jpg\",\"contentUrl\":\"https:\/\/now-news.de\/de\/wp-content\/uploads\/sites\/3\/2022\/09\/Half-das-Goerlitzer-Linkspartei-Buero-beim-Einschleusen-von-Nordafrikanern.jpg\",\"width\":460,\"height\":259,\"caption\":\"Half das G\u00f6rlitzer Linkspartei-B\u00fcro beim Einschleusen von Nordafrikanern?\"},{\"@type\":\"BreadcrumbList\",\"@id\":\"https:\/\/now-news.de\/de\/deutschland\/half-das-goerlitzer-linkspartei-buero-beim-einschleusen-von-nordafrikanern\/#breadcrumb\",\"itemListElement\":[{\"@type\":\"ListItem\",\"position\":1,\"name\":\"Home\",\"item\":\"https:\/\/now-news.de\/de\/\"},{\"@type\":\"ListItem\",\"position\":2,\"name\":\"Half das G\u00f6rlitzer Linkspartei-B\u00fcro beim Einschleusen von Nordafrikanern?\"}]},{\"@type\":\"WebSite\",\"@id\":\"https:\/\/now-news.de\/de\/#website\",\"url\":\"https:\/\/now-news.de\/de\/\",\"name\":\"just-now.NEWS Deutschland\",\"description\":\"Das Portal f\u00fcr unzensierte Nachrichten aus der Welt\",\"publisher\":{\"@id\":\"https:\/\/now-news.de\/de\/#organization\"},\"potentialAction\":[{\"@type\":\"SearchAction\",\"target\":{\"@type\":\"EntryPoint\",\"urlTemplate\":\"https:\/\/now-news.de\/de\/?s={search_term_string}\"},\"query-input\":\"required name=search_term_string\"}],\"inLanguage\":\"de\"},{\"@type\":\"Organization\",\"@id\":\"https:\/\/now-news.de\/de\/#organization\",\"name\":\"Just Now News\",\"url\":\"https:\/\/now-news.de\/de\/\",\"logo\":{\"@type\":\"ImageObject\",\"inLanguage\":\"de\",\"@id\":\"https:\/\/now-news.de\/de\/#\/schema\/logo\/image\/\",\"url\":\"http:\/\/just-now.news\/de\/wp-content\/uploads\/sites\/3\/2022\/04\/logo500x500.jpg\",\"contentUrl\":\"http:\/\/just-now.news\/de\/wp-content\/uploads\/sites\/3\/2022\/04\/logo500x500.jpg\",\"width\":500,\"height\":500,\"caption\":\"Just Now News\"},\"image\":{\"@id\":\"https:\/\/now-news.de\/de\/#\/schema\/logo\/image\/\"},\"sameAs\":[\"https:\/\/www.facebook.com\/wirmachenauf\",\"https:\/\/x.com\/WirMachenAuf_de\"]},{\"@type\":\"Person\",\"@id\":\"https:\/\/now-news.de\/de\/#\/schema\/person\/fb534a4e865501d8b3285208df34a9b5\",\"name\":\"rtnews\",\"image\":{\"@type\":\"ImageObject\",\"inLanguage\":\"de\",\"@id\":\"https:\/\/now-news.de\/de\/#\/schema\/person\/image\/\",\"url\":\"https:\/\/secure.gravatar.com\/avatar\/82aafea7d8127119dd649515f56e2117?s=96&d=mm&r=g\",\"contentUrl\":\"https:\/\/secure.gravatar.com\/avatar\/82aafea7d8127119dd649515f56e2117?s=96&d=mm&r=g\",\"caption\":\"rtnews\"},\"url\":\"https:\/\/now-news.de\/de\/author\/rnews\/\"}]}<\/script>\n<!-- \/ Yoast SEO Premium plugin. -->","yoast_head_json":{"title":"Half das G\u00f6rlitzer Linkspartei-B\u00fcro beim Einschleusen von Nordafrikanern? - just-now.NEWS Deutschland","robots":{"index":"index","follow":"follow","max-snippet":"max-snippet:-1","max-image-preview":"max-image-preview:large","max-video-preview":"max-video-preview:-1"},"canonical":"https:\/\/now-news.de\/de\/deutschland\/half-das-goerlitzer-linkspartei-buero-beim-einschleusen-von-nordafrikanern\/","og_locale":"de_DE","og_type":"article","og_title":"Half das G\u00f6rlitzer Linkspartei-B\u00fcro beim Einschleusen von Nordafrikanern?","og_description":"Wie weit &#8220;geht&#8221; linke Solidarit\u00e4t? In G\u00f6rlitz ist sie offenbar grenzenlos. Dort stehen Mitarbeiter der Partei Die Linke im Verdacht, M\u00e4nnern aus Algerien und \u00c4gypten beim illegalen Grenz\u00fcbertritt geholfen zu haben. Mitarbeiter des B\u00fcro der Partei Die Linke im s\u00e4chsischen G\u00f6rlitz haben offenbar nordafrikanische Migranten beim illegalen Grenz\u00fcbertritt \u00fcber die Nei\u00dfe unterst\u00fctzt \u2013 das berichtet [&hellip;]","og_url":"https:\/\/now-news.de\/de\/deutschland\/half-das-goerlitzer-linkspartei-buero-beim-einschleusen-von-nordafrikanern\/","og_site_name":"just-now.NEWS Deutschland","article_publisher":"https:\/\/www.facebook.com\/wirmachenauf","article_published_time":"2022-09-10T09:37:24+00:00","og_image":[{"width":460,"height":259,"url":"https:\/\/now-news.de\/de\/wp-content\/uploads\/sites\/3\/2022\/09\/Half-das-Goerlitzer-Linkspartei-Buero-beim-Einschleusen-von-Nordafrikanern.jpg","type":"image\/jpeg"}],"author":"rtnews","twitter_card":"summary_large_image","twitter_creator":"@WirMachenAuf_de","twitter_site":"@WirMachenAuf_de","twitter_misc":{"Verfasst von":"rtnews","Gesch\u00e4tzte Lesezeit":"2\u00a0Minuten"},"schema":{"@context":"https:\/\/schema.org","@graph":[{"@type":"Article","@id":"https:\/\/now-news.de\/de\/deutschland\/half-das-goerlitzer-linkspartei-buero-beim-einschleusen-von-nordafrikanern\/#article","isPartOf":{"@id":"https:\/\/now-news.de\/de\/deutschland\/half-das-goerlitzer-linkspartei-buero-beim-einschleusen-von-nordafrikanern\/"},"author":{"name":"rtnews","@id":"https:\/\/now-news.de\/de\/#\/schema\/person\/fb534a4e865501d8b3285208df34a9b5"},"headline":"Half das G\u00f6rlitzer Linkspartei-B\u00fcro beim Einschleusen von Nordafrikanern?","datePublished":"2022-09-10T09:37:24+00:00","dateModified":"2022-09-10T09:37:24+00:00","mainEntityOfPage":{"@id":"https:\/\/now-news.de\/de\/deutschland\/half-das-goerlitzer-linkspartei-buero-beim-einschleusen-von-nordafrikanern\/"},"wordCount":419,"commentCount":0,"publisher":{"@id":"https:\/\/now-news.de\/de\/#organization"},"image":{"@id":"https:\/\/now-news.de\/de\/deutschland\/half-das-goerlitzer-linkspartei-buero-beim-einschleusen-von-nordafrikanern\/#primaryimage"},"thumbnailUrl":"https:\/\/now-news.de\/de\/wp-content\/uploads\/sites\/3\/2022\/09\/Half-das-Goerlitzer-Linkspartei-Buero-beim-Einschleusen-von-Nordafrikanern.jpg","keywords":["beim","das","Einschleusen","G\u00f6rlitzer","LinksparteiB\u00fcro","Nordafrikanern","von"],"articleSection":["Deutschland","Russland"],"inLanguage":"de","potentialAction":[{"@type":"CommentAction","name":"Comment","target":["https:\/\/now-news.de\/de\/deutschland\/half-das-goerlitzer-linkspartei-buero-beim-einschleusen-von-nordafrikanern\/#respond"]}]},{"@type":"WebPage","@id":"https:\/\/now-news.de\/de\/deutschland\/half-das-goerlitzer-linkspartei-buero-beim-einschleusen-von-nordafrikanern\/","url":"https:\/\/now-news.de\/de\/deutschland\/half-das-goerlitzer-linkspartei-buero-beim-einschleusen-von-nordafrikanern\/","name":"Half das G\u00f6rlitzer Linkspartei-B\u00fcro beim Einschleusen von Nordafrikanern? - just-now.NEWS Deutschland","isPartOf":{"@id":"https:\/\/now-news.de\/de\/#website"},"primaryImageOfPage":{"@id":"https:\/\/now-news.de\/de\/deutschland\/half-das-goerlitzer-linkspartei-buero-beim-einschleusen-von-nordafrikanern\/#primaryimage"},"image":{"@id":"https:\/\/now-news.de\/de\/deutschland\/half-das-goerlitzer-linkspartei-buero-beim-einschleusen-von-nordafrikanern\/#primaryimage"},"thumbnailUrl":"https:\/\/now-news.de\/de\/wp-content\/uploads\/sites\/3\/2022\/09\/Half-das-Goerlitzer-Linkspartei-Buero-beim-Einschleusen-von-Nordafrikanern.jpg","datePublished":"2022-09-10T09:37:24+00:00","dateModified":"2022-09-10T09:37:24+00:00","breadcrumb":{"@id":"https:\/\/now-news.de\/de\/deutschland\/half-das-goerlitzer-linkspartei-buero-beim-einschleusen-von-nordafrikanern\/#breadcrumb"},"inLanguage":"de","potentialAction":[{"@type":"ReadAction","target":["https:\/\/now-news.de\/de\/deutschland\/half-das-goerlitzer-linkspartei-buero-beim-einschleusen-von-nordafrikanern\/"]}]},{"@type":"ImageObject","inLanguage":"de","@id":"https:\/\/now-news.de\/de\/deutschland\/half-das-goerlitzer-linkspartei-buero-beim-einschleusen-von-nordafrikanern\/#primaryimage","url":"https:\/\/now-news.de\/de\/wp-content\/uploads\/sites\/3\/2022\/09\/Half-das-Goerlitzer-Linkspartei-Buero-beim-Einschleusen-von-Nordafrikanern.jpg","contentUrl":"https:\/\/now-news.de\/de\/wp-content\/uploads\/sites\/3\/2022\/09\/Half-das-Goerlitzer-Linkspartei-Buero-beim-Einschleusen-von-Nordafrikanern.jpg","width":460,"height":259,"caption":"Half das G\u00f6rlitzer Linkspartei-B\u00fcro beim Einschleusen von Nordafrikanern?"},{"@type":"BreadcrumbList","@id":"https:\/\/now-news.de\/de\/deutschland\/half-das-goerlitzer-linkspartei-buero-beim-einschleusen-von-nordafrikanern\/#breadcrumb","itemListElement":[{"@type":"ListItem","position":1,"name":"Home","item":"https:\/\/now-news.de\/de\/"},{"@type":"ListItem","position":2,"name":"Half das G\u00f6rlitzer Linkspartei-B\u00fcro beim Einschleusen von Nordafrikanern?"}]},{"@type":"WebSite","@id":"https:\/\/now-news.de\/de\/#website","url":"https:\/\/now-news.de\/de\/","name":"just-now.NEWS Deutschland","description":"Das Portal f\u00fcr unzensierte Nachrichten aus der Welt","publisher":{"@id":"https:\/\/now-news.de\/de\/#organization"},"potentialAction":[{"@type":"SearchAction","target":{"@type":"EntryPoint","urlTemplate":"https:\/\/now-news.de\/de\/?s={search_term_string}"},"query-input":"required name=search_term_string"}],"inLanguage":"de"},{"@type":"Organization","@id":"https:\/\/now-news.de\/de\/#organization","name":"Just Now News","url":"https:\/\/now-news.de\/de\/","logo":{"@type":"ImageObject","inLanguage":"de","@id":"https:\/\/now-news.de\/de\/#\/schema\/logo\/image\/","url":"http:\/\/just-now.news\/de\/wp-content\/uploads\/sites\/3\/2022\/04\/logo500x500.jpg","contentUrl":"http:\/\/just-now.news\/de\/wp-content\/uploads\/sites\/3\/2022\/04\/logo500x500.jpg","width":500,"height":500,"caption":"Just Now News"},"image":{"@id":"https:\/\/now-news.de\/de\/#\/schema\/logo\/image\/"},"sameAs":["https:\/\/www.facebook.com\/wirmachenauf","https:\/\/x.com\/WirMachenAuf_de"]},{"@type":"Person","@id":"https:\/\/now-news.de\/de\/#\/schema\/person\/fb534a4e865501d8b3285208df34a9b5","name":"rtnews","image":{"@type":"ImageObject","inLanguage":"de","@id":"https:\/\/now-news.de\/de\/#\/schema\/person\/image\/","url":"https:\/\/secure.gravatar.com\/avatar\/82aafea7d8127119dd649515f56e2117?s=96&d=mm&r=g","contentUrl":"https:\/\/secure.gravatar.com\/avatar\/82aafea7d8127119dd649515f56e2117?s=96&d=mm&r=g","caption":"rtnews"},"url":"https:\/\/now-news.de\/de\/author\/rnews\/"}]}},"_links":{"self":[{"href":"https:\/\/now-news.de\/de\/wp-json\/wp\/v2\/posts\/18818"}],"collection":[{"href":"https:\/\/now-news.de\/de\/wp-json\/wp\/v2\/posts"}],"about":[{"href":"https:\/\/now-news.de\/de\/wp-json\/wp\/v2\/types\/post"}],"author":[{"embeddable":true,"href":"https:\/\/now-news.de\/de\/wp-json\/wp\/v2\/users\/3"}],"replies":[{"embeddable":true,"href":"https:\/\/now-news.de\/de\/wp-json\/wp\/v2\/comments?post=18818"}],"version-history":[{"count":0,"href":"https:\/\/now-news.de\/de\/wp-json\/wp\/v2\/posts\/18818\/revisions"}],"wp:featuredmedia":[{"embeddable":true,"href":"https:\/\/now-news.de\/de\/wp-json\/wp\/v2\/media\/18819"}],"wp:attachment":[{"href":"https:\/\/now-news.de\/de\/wp-json\/wp\/v2\/media?parent=18818"}],"wp:term":[{"taxonomy":"category","embeddable":true,"href":"https:\/\/now-news.de\/de\/wp-json\/wp\/v2\/categories?post=18818"},{"taxonomy":"post_tag","embeddable":true,"href":"https:\/\/now-news.de\/de\/wp-json\/wp\/v2\/tags?post=18818"}],"curies":[{"name":"wp","href":"https:\/\/api.w.org\/{rel}","templated":true}]}}