{"id":18780,"date":"2022-09-09T18:42:18","date_gmt":"2022-09-09T16:42:18","guid":{"rendered":"http:\/\/just-now.news\/de\/deutschland\/musikalisches-asyl-in-berlin-emotionales-konzert-des-odessa-philharmonic-orchestra\/"},"modified":"2022-09-09T18:42:18","modified_gmt":"2022-09-09T16:42:18","slug":"musikalisches-asyl-in-berlin-emotionales-konzert-des-odessa-philharmonic-orchestra","status":"publish","type":"post","link":"https:\/\/now-news.de\/de\/deutschland\/musikalisches-asyl-in-berlin-emotionales-konzert-des-odessa-philharmonic-orchestra\/","title":{"rendered":"Musikalisches &quot;Asyl&quot; in Berlin: Emotionales Konzert des Odessa Philharmonic Orchestra"},"content":{"rendered":"<div class=\"Text-root Text-type_1 \">\n                In der Berliner Philharmonie trat am Dienstag in einem ausverkauften Saal das Orchester mit 90 Musikern aus Odessa auf. Damit bot die Bundeshauptstadt den K\u00fcnstlern die M\u00f6glichkeit, zum ersten Mal seit Monaten zusammen zu spielen. So k\u00f6nne die Ukraine ihre kulturelle Identit\u00e4t bewahren, erkl\u00e4rte aus diesem Anlass die Kulturstaatsministerin Claudia Roth.\n            <\/div>\n<p><\/p>\n<div class=\"Text-root Text-type_5 ArticleView-text ViewText-root \">\n<p><em>Von Wladislaw Sankin <\/em><\/p>\n<p>Seit Beginn der russischen Milit\u00e4roperation in der Ukraine ist es bereits zu einer Tradition geworden, dass Berliner B\u00fchnen auch Musiker aus der Ukraine\u00a0einladen.\u00a0Am Dienstag war es f\u00fcr das Odessa Philharmonic Orchestra so weit, das im Rahmen des Musikfests in Berlin Einblicke in die Welt der ukrainischen Musik geben durfte. Laut den Veranstaltern sei es f\u00fcr die Odessiten die einzige M\u00f6glichkeit, wieder einmal gemeinsam zu spielen. Etwa die H\u00e4lfte des 90-k\u00f6pfigen Orchesters sei vor dem Krieg gefl\u00fcchtet und sie alle k\u00f6nnten deshalb in der Ukraine derzeit nicht auftreten.\u00a0<\/p>\n<p>F\u00fcr ukrainische Fl\u00fcchtlinge war der Konzertbesuch kostenlos \u2013 und\u00a0sie waren sehr zahlreich erschienen: Gef\u00fchlt die H\u00e4lfte der Konzertbesucher sprach in\u00a0den weitr\u00e4umigen Foyers\u00a0der Berliner Philharmonie Russisch \u2013 oder seltener Ukrainisch. Die \u00fcbrigen Besucher waren Berliner Musikliebhaber, von denen manche an diesem Abend f\u00fcr sich wohl <a rel=\"nofollow noopener\" target=\"_blank\" href=\"https:\/\/www.berlinerfestspiele.de\/de\/berliner-festspiele\/programm\/bfs-gesamtprogramm\/programmdetail_396949.html\">etwas Neues<\/a> entdecken konnten.<\/p>\n<p>In der ersten H\u00e4lfte des Konzerts wurden die Werke von drei russisch-ukrainischen Komponisten gespielt, <a rel=\"nofollow noopener\" target=\"_blank\" href=\"https:\/\/ru.wikipedia.org\/wiki\/%D0%A1%D0%BA%D0%BE%D1%80%D0%B8%D0%BA,_%D0%9C%D0%B8%D1%80%D0%BE%D1%81%D0%BB%D0%B0%D0%B2_%D0%9C%D0%B8%D1%85%D0%B0%D0%B9%D0%BB%D0%BE%D0%B2%D0%B8%D1%87\">Miroslaw Skorik<\/a> (1938-2020), <a rel=\"nofollow noopener\" target=\"_blank\" href=\"https:\/\/ru.wikipedia.org\/wiki\/%D0%9B%D1%8B%D1%81%D0%B5%D0%BD%D0%BA%D0%BE,_%D0%9D%D0%B8%D0%BA%D0%BE%D0%BB%D0%B0%D0%B9_%D0%92%D0%B8%D1%82%D0%B0%D0%BB%D1%8C%D0%B5%D0%B2%D0%B8%D1%87\">Nikolai Lyssenko<\/a> (1852-1912) und <a rel=\"nofollow noopener\" target=\"_blank\" href=\"https:\/\/de.wikipedia.org\/wiki\/Alemdar_Karamanow\">Alemdar Karamanow<\/a> (1934-2007), nach der Pause dann die ber\u00fchmte Zweite Symphonie von Jean Sibelius. Der Abend begann mit einer emotionalen Ansprache des Dirigenten <a rel=\"nofollow noopener\" target=\"_blank\" href=\"https:\/\/en.wikipedia.org\/wiki\/Hobart_Earle\">Hobart Earle<\/a>. Der in Venezuela geborene und aufgewachsene US-Amerikaner leitet seit 31 Jahren das Odessa Philharmonic Orchestra.\u00a0Im Laufe dieser Jahre f\u00fchrte er das\u00a0Orchester zu internationaler\u00a0Bekanntheit und Anerkennung. Er ist ein leidenschaftlicher F\u00fcrsprecher der ukrainischen Musik insgesamt. Den eskalierten Krieg nannte er &#8220;schrecklich&#8221;, die folkloristisch gef\u00e4rbte &#8220;Kindheit&#8221; von Skorik widmete er ukrainischen Kindern, deren Leben durch den Krieg &#8220;auf den Kopf gestellt&#8221; wurde.<\/p>\n<p>Das erste Musikst\u00fcck, das gespielt wurde, war \u2013 in dieser Atmosph\u00e4re wenig \u00fcberraschend \u2013 die instrumentalisierte Variante der ukrainischen Nationalhymne. Dabei erhob sich das Publikum, ungeachtet der Herkunft. Dann folgten zwei kurze St\u00fccke von Skorik (&#8220;Kindheit&#8221;) und Lyssenko (&#8220;Elegie&#8221;), die zusammen nur auf sieben Minuten kamen und ohne Pause gespielt wurden. Den Hauptteil der ersten H\u00e4lfte des Konzerts bildete das Dritte Klavierkonzert (1964) von Alemdar Karamanow, bekannt auch als &#8220;Ave Maria&#8221; \u2013 eine meditative, luftige, schwebende Musik ohne Kontraste, daf\u00fcr aber teilweise magisch an <a rel=\"nofollow noopener\" target=\"_blank\" href=\"https:\/\/de.wikipedia.org\/wiki\/Alexander_Nikolajewitsch_Skrjabin\">Alexander Skrjabin<\/a> erinnernd, zumindest in Anlehnung an dessen Sinfonische Dichtung Le Po\u00e8me de l\u2019Extase (1908), nur viel leiser und inniger (das ganze Programm soll bis zum 17. September kostenlos hier <a rel=\"nofollow noopener\" target=\"_blank\" href=\"https:\/\/mediathek.berlinerfestspiele.de\/de\/musikfest-berlin\/2022\/odessa-philharmonic-orchestra?etcc_cmp=MFB22_Mediathek&amp;etcc_med=Foyer%20\">abspielbar<\/a> verf\u00fcgbar sein).<\/p>\n<figure class=\"RTImage-root\">\n<div class=\"RTImage-image RTImage-original\"><picture class=\"Picture-root Picture-original\"><!--[if IE 9]><video style=\"display: none;\"><![endif]--><source media=\"(-webkit-min-device-pixel-ratio: 2) and (min-resolution: 120dpi)\" data-srcset=\" \nhttp:\/\/just-now.news\/de\/wp-content\/uploads\/sites\/3\/2022\/09\/6319081948fbef65e009c100.jpg 850w,\n                http:\/\/just-now.news\/de\/wp-content\/uploads\/sites\/3\/2022\/09\/6319081948fbef65e009c100.jpg 1960w,\n            \" ><source data-srcset=\" \nhttp:\/\/just-now.news\/de\/wp-content\/uploads\/sites\/3\/2022\/09\/6319081948fbef65e009c100.jpg 460w,\n              http:\/\/just-now.news\/de\/wp-content\/uploads\/sites\/3\/2022\/09\/6319081948fbef65e009c100.jpg 980w,\n            \" ><!--[if IE 9]><\/video><![endif]--><img decoding=\"async\" data- src=\"data:image\/png;base64,iVBORw0KGgoAAAANSUhEUgAAABAAAAAJCAQAAACRI2S5AAAAEElEQVR42mNkIAAYRxWAAQAG9gAKqv6+AwAAAABJRU5ErkJggg==\" class=\"Picture-root Picture-original lazyload\" data-src=\"http:\/\/just-now.news\/de\/wp-content\/uploads\/sites\/3\/2022\/09\/6319081948fbef65e009c100.jpg\" alt=\"\"><\/source><\/source><\/picture><!-- noscript pattern --><noscript><img decoding=\"async\" src=\"http:\/\/just-now.news\/de\/wp-content\/uploads\/sites\/3\/2022\/09\/6319081948fbef65e009c100.jpg\" alt=\"\"><\/noscript><\/div><figcaption class=\"RTImage-footer\"><span class=\"RTImage-caption\"><span class=\"RTImage-captionItem\">Das Publikum steht auf, als in der Berliner Philharmonie die ukrainische Nationalhymne gespielt wird<\/span><\/span><span class=\"RTImage-source\"><span class=\"RTImage-captionItem\">Fabian Schellhorn<\/span><\/span><\/figcaption><\/figure>\n<p>Nach der Pause spielte das opulent besetzte Odessa Philharmonic Orchestra seine durchaus energische\u00a0Interpretation\u00a0des Meisterwerks von Sibelius, seine Zweite Symphonie und wohl eines der ber\u00fchmtesten und derzeit meist gespielten Werke\u00a0dieser Musikgattung. Nach dem letzten Akkord war das Publikum im Saal so bewegt, dass die Ovationen kaum enden wollten.<\/p>\n<p>Earle hatte hierbei nat\u00fcrlich seinen Plan: Als Zugabe wurden wieder Skorik (&#8220;Melodie&#8221;) und Lyssenko gespielt, bei dem Letzteren handelt es sich um die Visitenkarte des Odessa Philharmonic Orchestra, die <a rel=\"nofollow noopener\" target=\"_blank\" href=\"https:\/\/www.youtube.com\/watch?v=tjgPxxKoxmQ\">Ouvert\u00fcre <\/a>aus der wohl bekanntesten ukrainischen Nationaloper &#8220;Taras Bulba&#8221; als Lyssenkos Vertonung in Anlehnung an die Erz\u00e4hlung von Nikolai Gogol. Damit brachte er das Publikum f\u00f6rmlich in Ekstase, wobei von einem Posaunisten passend zu der frenetischen Stimmung sogar kurz eine ukrainische Fahne geschwenkt wurde. Auch daf\u00fcr erntete er zustimmende Rufe aus dem Publikum, anschlie\u00dfend h\u00fcllte sich der patriotische Musiker in den gelb-blauen Stoff und blieb so die restliche Zeit stehen.<\/p>\n<p>Bei dem Konzert war die Kulturstaatsministerin Claudia Roth (B\u00fcndnis 90\/Die Gr\u00fcnen) anwesend. Im Juni hatte sie\u00a0auf Einladung des ukrainischen Kulturministers Odessa besucht. Sie ist derzeit die Schirmherrin s\u00e4mtlicher Programme f\u00fcr den kulturellen Austausch mit der Ukraine. Das Konzert sei wie eine Br\u00fccke in das eigene Leben (der Musiker),\u00a0eine &#8220;Br\u00fccke zu ihren Liebsten, zu ihren Br\u00fcdern, zu ihren V\u00e4tern, zu ihren M\u00e4nnern, die in der Ukraine k\u00e4mpfen&#8221;, <a rel=\"nofollow noopener\" target=\"_blank\" href=\"https:\/\/www.rbb-online.de\/rbb24\/videos\/20220906_2145\/odessa-philharmonic-orchestra-in-berlin.html\">sagte<\/a> Roth am Rande des Konzerts in der Berliner Philharmonie in einem Gespr\u00e4ch mit dem\u00a0<em>rbb.\u00a0<\/em>\u00a0<\/p>\n<p><strong>Waren alle gespielte Komponisten Ukrainer?<\/strong>\u00a0<\/p>\n<p>Das Konzert wurde als Abend mit &#8220;kaum bekannten Werken ukrainischer Komponisten&#8221; beworben (<em>rbb<\/em>). Doch die eindeutige Zuordnung aller im ersten Teil des Konzerts gespielten Komponisten als &#8220;Ukrainer&#8221; bleibt denkbar problematisch. Im Falle von Skorik und Lyssenko trifft das nach allen heutigen Kriterien zu. Vor allem Lyssenko, der einer alten Kosakenfamilie entstammte, gilt als Begr\u00fcnder der modernen ukrainischen Musiktradition in der klassischen Musik, sein ganzes Leben lang sammelte und \u00fcberarbeitete er ukrainische\u00a0Volkslieder. Einer gl\u00e4nzenden Karriere in Sankt Petersburg, der damaligen Landeshauptstadt, zog Lyssenko schlie\u00dflich das Leben als Musiklehrer in Kiew vor.\u00a0\u00a0<\/p>\n<p>Alemdar Karamanow ist musikalisch hingegen viel eher in der Tradition der sowjetischen Avantgarde der 1960 und 1970er Jahre zu verorten. Sohn einer Russin und eines t\u00fcrkischst\u00e4mmigen Vaters, verbrachte er sein ganzes Leben in Simferopol auf der Krim, ausgenommen die Jahre in Moskau zwischen 1953 und 1965. In dieser Zeit schrieb er die Filmmusik zum dokumentarisch-publizistischen Werk des ber\u00fchmten Filmregisseurs Michail Romm &#8220;<a rel=\"nofollow noopener\" target=\"_blank\" href=\"https:\/\/www.youtube.com\/watch?v=vIAFJ7QIU7k\">Der gew\u00f6hnliche Faschismus&#8221;.<\/a><\/p>\n<p>Karamanow gilt als herausragender Komponist und war vor allem ein Sinfoniker. Er verk\u00f6rperte eine Krim-Identit\u00e4t, war der Autor der Hymne der Republik Krim (1992) und Mitglied des ukrainischen wie auch des russischen Komponistenverbandes. Es ist deswegen auch schwer, Karamanow im musikalischen Erbe eines Nationalstaates zu verorten, er selbst <a rel=\"nofollow noopener\" target=\"_blank\" href=\"https:\/\/de.frwiki.wiki\/wiki\/Alemdar_Karamanov\">betrachtete sich<\/a> als ein &#8220;krim-ukrainisch-russischer&#8221; Komponist. Um einen Kompromiss im m\u00f6glichen &#8220;Streit&#8221;\u00a0dar\u00fcber zu erzielen, <a rel=\"nofollow noopener\" target=\"_blank\" href=\"https:\/\/de.wikipedia.org\/wiki\/Alemdar_Karamanow\">schreibt <\/a>etwa die deutsche <em>Wikipedia<\/em>, Karamanow war ein &#8220;russisch-ukrainischer&#8221; Komponist.<\/p>\n<p><strong>Mehr zum Thema<\/strong> &#8211; <a rel=\"nofollow noopener\" target=\"_blank\" href=\"https:\/\/meinungsfreiheit.rtde.life\/gesellschaft\/141538-berliner-kultursommerfestival-beginnt-mit-puccini-und-tschaikowski-aber-ohne-netrebko\/\">Berliner Kultursommerfestival beginnt mit Puccini und Tschaikowski, aber ohne Netrebko<\/a><\/p>\n<div class=\"EmbedBlock-root EmbedBlock-externalVideo EmbedBlock-youtube\">\n<div class=\"YouTubeEmbed lazyload\" data-rtmodule=\"YouTubeEmbed\" id=\"tjgPxxKoxmQ\" onload=\"return {\n            covers: JSON.parse('\\u007B\\u0022small\\u0022\\u003A\\u0022https\\u003A\\\\\\\/\\\\\\\/i.ytimg.com\\\\\\\/vi\\\\\\\/tjgPxxKoxmQ\\\\\\\/hqdefault.jpg\\u0022,\\u0022medium\\u0022\\u003A\\u0022https\\u003A\\\\\\\/\\\\\\\/i.ytimg.com\\\\\\\/vi\\\\\\\/tjgPxxKoxmQ\\\\\\\/sddefault.jpg\\u0022,\\u0022large\\u0022\\u003A\\u0022https\\u003A\\\\\\\/\\\\\\\/i.ytimg.com\\\\\\\/vi\\\\\\\/tjgPxxKoxmQ\\\\\\\/sddefault.jpg\\u0022\\u007D'),\n            iframeSrc: JSON.parse('\\u0022\\\\\\\/\\\\\\\/www.youtube.com\\\\\\\/embed\\\\\\\/tjgPxxKoxmQ\\u0022'),\n            youtubeId: JSON.parse('\\u0022tjgPxxKoxmQ\\u0022'),\n        };\"><\/p>\n<div class=\"YouTubeEmbed-cover\"><button class=\"YouTubeEmbed-button\"><svg class=\"YouTubeEmbed-playButton\" height=\"100%\" version=\"1.1\" viewbox=\"0 0 68 48\" width=\"100%\"><path class=\"YouTubeEmbed-playButtonBg\" d=\"M66.52,7.74c-0.78-2.93-2.49-5.41-5.42-6.19C55.79,.13,34,0,34,0S12.21,.13,6.9,1.55 C3.97,2.33,2.27,4.81,1.48,7.74C0.06,13.05,0,24,0,24s0.06,10.95,1.48,16.26c0.78,2.93,2.49,5.41,5.42,6.19 C12.21,47.87,34,48,34,48s21.79-0.13,27.1-1.55c2.93-0.78,4.64-3.26,5.42-6.19C67.94,34.95,68,24,68,24S67.94,13.05,66.52,7.74z\" fill=\"#212121\" fill-opacity=\"0.8\"><\/path><path d=\"M 45,24 27,14 27,34\" fill=\"#fff\"><\/path><\/svg><\/button><\/div>\n<\/div>\n<\/div>\n<\/div>\n<p><br \/>\n<br \/><a href=\"https:\/\/de.rt.com\/meinung\/148320-musikalisches-asyl-in-berlin-emotionales-konzert-odessa-philharmonic-orchestra\/\">Source link <\/a><\/p>\n","protected":false},"excerpt":{"rendered":"<p>In der Berliner Philharmonie trat am Dienstag in einem ausverkauften Saal das Orchester mit 90 Musikern aus Odessa auf. Damit bot die Bundeshauptstadt den K\u00fcnstlern die M\u00f6glichkeit, zum ersten Mal seit Monaten zusammen zu spielen. So k\u00f6nne die Ukraine ihre kulturelle Identit\u00e4t bewahren, erkl\u00e4rte aus diesem Anlass die Kulturstaatsministerin Claudia Roth. Von Wladislaw Sankin Seit [&hellip;]<\/p>\n","protected":false},"author":3,"featured_media":18781,"comment_status":"open","ping_status":"open","sticky":false,"template":"","format":"standard","meta":{"wp_automatic_camp":["217"],"da37521d6fbab93f31851dae9f2de60b":["Musikalisches &quot;Asyl&quot; in Berlin: Emotionales Konzert des Odessa Philharmonic Orchestra"],"original_link":["https:\/\/de.rt.com\/meinung\/148320-musikalisches-asyl-in-berlin-emotionales-konzert-odessa-philharmonic-orchestra\/"],"_thumbnail_id":["18781"],"_wptg_p2tg_sent2tg":["2022-09-09 18:55:05"],"jnews_social_counter_last_update":["1777348458"]},"categories":[19,23],"tags":[943,583,28831,27033,32602,16439,32605,32604,32603],"yoast_head":"<!-- This site is optimized with the Yoast SEO Premium plugin v22.7 (Yoast SEO v22.7) - https:\/\/yoast.com\/wordpress\/plugins\/seo\/ -->\n<title>Musikalisches &quot;Asyl&quot; in Berlin: Emotionales Konzert des Odessa Philharmonic Orchestra - just-now.NEWS Deutschland<\/title>\n<meta name=\"robots\" content=\"index, follow, max-snippet:-1, max-image-preview:large, max-video-preview:-1\" \/>\n<link rel=\"canonical\" href=\"https:\/\/now-news.de\/de\/deutschland\/musikalisches-asyl-in-berlin-emotionales-konzert-des-odessa-philharmonic-orchestra\/\" \/>\n<meta property=\"og:locale\" content=\"de_DE\" \/>\n<meta property=\"og:type\" content=\"article\" \/>\n<meta property=\"og:title\" content=\"Musikalisches &quot;Asyl&quot; in Berlin: Emotionales Konzert des Odessa Philharmonic Orchestra\" \/>\n<meta property=\"og:description\" content=\"In der Berliner Philharmonie trat am Dienstag in einem ausverkauften Saal das Orchester mit 90 Musikern aus Odessa auf. Damit bot die Bundeshauptstadt den K\u00fcnstlern die M\u00f6glichkeit, zum ersten Mal seit Monaten zusammen zu spielen. So k\u00f6nne die Ukraine ihre kulturelle Identit\u00e4t bewahren, erkl\u00e4rte aus diesem Anlass die Kulturstaatsministerin Claudia Roth. Von Wladislaw Sankin Seit [&hellip;]\" \/>\n<meta property=\"og:url\" content=\"https:\/\/now-news.de\/de\/deutschland\/musikalisches-asyl-in-berlin-emotionales-konzert-des-odessa-philharmonic-orchestra\/\" \/>\n<meta property=\"og:site_name\" content=\"just-now.NEWS Deutschland\" \/>\n<meta property=\"article:publisher\" content=\"https:\/\/www.facebook.com\/wirmachenauf\" \/>\n<meta property=\"article:published_time\" content=\"2022-09-09T16:42:18+00:00\" \/>\n<meta property=\"og:image\" content=\"https:\/\/now-news.de\/de\/wp-content\/uploads\/sites\/3\/2022\/09\/Musikalisches-quotAsylquot-in-Berlin-Emotionales-Konzert-des-Odessa-Philharmonic-Orchestra.jpg\" \/>\n\t<meta property=\"og:image:width\" content=\"1764\" \/>\n\t<meta property=\"og:image:height\" content=\"1034\" \/>\n\t<meta property=\"og:image:type\" content=\"image\/jpeg\" \/>\n<meta name=\"author\" content=\"rtnews\" \/>\n<meta name=\"twitter:card\" content=\"summary_large_image\" \/>\n<meta name=\"twitter:creator\" content=\"@WirMachenAuf_de\" \/>\n<meta name=\"twitter:site\" content=\"@WirMachenAuf_de\" \/>\n<meta name=\"twitter:label1\" content=\"Verfasst von\" \/>\n\t<meta name=\"twitter:data1\" content=\"rtnews\" \/>\n\t<meta name=\"twitter:label2\" content=\"Gesch\u00e4tzte Lesezeit\" \/>\n\t<meta name=\"twitter:data2\" content=\"5\u00a0Minuten\" \/>\n<script type=\"application\/ld+json\" class=\"yoast-schema-graph\">{\"@context\":\"https:\/\/schema.org\",\"@graph\":[{\"@type\":\"Article\",\"@id\":\"https:\/\/now-news.de\/de\/deutschland\/musikalisches-asyl-in-berlin-emotionales-konzert-des-odessa-philharmonic-orchestra\/#article\",\"isPartOf\":{\"@id\":\"https:\/\/now-news.de\/de\/deutschland\/musikalisches-asyl-in-berlin-emotionales-konzert-des-odessa-philharmonic-orchestra\/\"},\"author\":{\"name\":\"rtnews\",\"@id\":\"https:\/\/now-news.de\/de\/#\/schema\/person\/fb534a4e865501d8b3285208df34a9b5\"},\"headline\":\"Musikalisches &quot;Asyl&quot; in Berlin: Emotionales Konzert des Odessa Philharmonic Orchestra\",\"datePublished\":\"2022-09-09T16:42:18+00:00\",\"dateModified\":\"2022-09-09T16:42:18+00:00\",\"mainEntityOfPage\":{\"@id\":\"https:\/\/now-news.de\/de\/deutschland\/musikalisches-asyl-in-berlin-emotionales-konzert-des-odessa-philharmonic-orchestra\/\"},\"wordCount\":980,\"commentCount\":0,\"publisher\":{\"@id\":\"https:\/\/now-news.de\/de\/#organization\"},\"image\":{\"@id\":\"https:\/\/now-news.de\/de\/deutschland\/musikalisches-asyl-in-berlin-emotionales-konzert-des-odessa-philharmonic-orchestra\/#primaryimage\"},\"thumbnailUrl\":\"https:\/\/now-news.de\/de\/wp-content\/uploads\/sites\/3\/2022\/09\/Musikalisches-quotAsylquot-in-Berlin-Emotionales-Konzert-des-Odessa-Philharmonic-Orchestra.jpg\",\"keywords\":[\"Berlin\",\"des\",\"Emotionales\",\"Konzert\",\"Musikalisches\",\"Odessa\",\"Orchestra\",\"Philharmonic\",\"quotAsylquot\"],\"articleSection\":[\"Deutschland\",\"Russland\"],\"inLanguage\":\"de\",\"potentialAction\":[{\"@type\":\"CommentAction\",\"name\":\"Comment\",\"target\":[\"https:\/\/now-news.de\/de\/deutschland\/musikalisches-asyl-in-berlin-emotionales-konzert-des-odessa-philharmonic-orchestra\/#respond\"]}]},{\"@type\":\"WebPage\",\"@id\":\"https:\/\/now-news.de\/de\/deutschland\/musikalisches-asyl-in-berlin-emotionales-konzert-des-odessa-philharmonic-orchestra\/\",\"url\":\"https:\/\/now-news.de\/de\/deutschland\/musikalisches-asyl-in-berlin-emotionales-konzert-des-odessa-philharmonic-orchestra\/\",\"name\":\"Musikalisches &quot;Asyl&quot; in Berlin: Emotionales Konzert des Odessa Philharmonic Orchestra - just-now.NEWS Deutschland\",\"isPartOf\":{\"@id\":\"https:\/\/now-news.de\/de\/#website\"},\"primaryImageOfPage\":{\"@id\":\"https:\/\/now-news.de\/de\/deutschland\/musikalisches-asyl-in-berlin-emotionales-konzert-des-odessa-philharmonic-orchestra\/#primaryimage\"},\"image\":{\"@id\":\"https:\/\/now-news.de\/de\/deutschland\/musikalisches-asyl-in-berlin-emotionales-konzert-des-odessa-philharmonic-orchestra\/#primaryimage\"},\"thumbnailUrl\":\"https:\/\/now-news.de\/de\/wp-content\/uploads\/sites\/3\/2022\/09\/Musikalisches-quotAsylquot-in-Berlin-Emotionales-Konzert-des-Odessa-Philharmonic-Orchestra.jpg\",\"datePublished\":\"2022-09-09T16:42:18+00:00\",\"dateModified\":\"2022-09-09T16:42:18+00:00\",\"breadcrumb\":{\"@id\":\"https:\/\/now-news.de\/de\/deutschland\/musikalisches-asyl-in-berlin-emotionales-konzert-des-odessa-philharmonic-orchestra\/#breadcrumb\"},\"inLanguage\":\"de\",\"potentialAction\":[{\"@type\":\"ReadAction\",\"target\":[\"https:\/\/now-news.de\/de\/deutschland\/musikalisches-asyl-in-berlin-emotionales-konzert-des-odessa-philharmonic-orchestra\/\"]}]},{\"@type\":\"ImageObject\",\"inLanguage\":\"de\",\"@id\":\"https:\/\/now-news.de\/de\/deutschland\/musikalisches-asyl-in-berlin-emotionales-konzert-des-odessa-philharmonic-orchestra\/#primaryimage\",\"url\":\"https:\/\/now-news.de\/de\/wp-content\/uploads\/sites\/3\/2022\/09\/Musikalisches-quotAsylquot-in-Berlin-Emotionales-Konzert-des-Odessa-Philharmonic-Orchestra.jpg\",\"contentUrl\":\"https:\/\/now-news.de\/de\/wp-content\/uploads\/sites\/3\/2022\/09\/Musikalisches-quotAsylquot-in-Berlin-Emotionales-Konzert-des-Odessa-Philharmonic-Orchestra.jpg\",\"width\":1764,\"height\":1034,\"caption\":\"Musikalisches &quot;Asyl&quot; in Berlin: Emotionales Konzert des Odessa Philharmonic Orchestra\"},{\"@type\":\"BreadcrumbList\",\"@id\":\"https:\/\/now-news.de\/de\/deutschland\/musikalisches-asyl-in-berlin-emotionales-konzert-des-odessa-philharmonic-orchestra\/#breadcrumb\",\"itemListElement\":[{\"@type\":\"ListItem\",\"position\":1,\"name\":\"Home\",\"item\":\"https:\/\/now-news.de\/de\/\"},{\"@type\":\"ListItem\",\"position\":2,\"name\":\"Musikalisches &quot;Asyl&quot; in Berlin: Emotionales Konzert des Odessa Philharmonic Orchestra\"}]},{\"@type\":\"WebSite\",\"@id\":\"https:\/\/now-news.de\/de\/#website\",\"url\":\"https:\/\/now-news.de\/de\/\",\"name\":\"just-now.NEWS Deutschland\",\"description\":\"Das Portal f\u00fcr unzensierte Nachrichten aus der Welt\",\"publisher\":{\"@id\":\"https:\/\/now-news.de\/de\/#organization\"},\"potentialAction\":[{\"@type\":\"SearchAction\",\"target\":{\"@type\":\"EntryPoint\",\"urlTemplate\":\"https:\/\/now-news.de\/de\/?s={search_term_string}\"},\"query-input\":\"required name=search_term_string\"}],\"inLanguage\":\"de\"},{\"@type\":\"Organization\",\"@id\":\"https:\/\/now-news.de\/de\/#organization\",\"name\":\"Just Now News\",\"url\":\"https:\/\/now-news.de\/de\/\",\"logo\":{\"@type\":\"ImageObject\",\"inLanguage\":\"de\",\"@id\":\"https:\/\/now-news.de\/de\/#\/schema\/logo\/image\/\",\"url\":\"http:\/\/just-now.news\/de\/wp-content\/uploads\/sites\/3\/2022\/04\/logo500x500.jpg\",\"contentUrl\":\"http:\/\/just-now.news\/de\/wp-content\/uploads\/sites\/3\/2022\/04\/logo500x500.jpg\",\"width\":500,\"height\":500,\"caption\":\"Just Now News\"},\"image\":{\"@id\":\"https:\/\/now-news.de\/de\/#\/schema\/logo\/image\/\"},\"sameAs\":[\"https:\/\/www.facebook.com\/wirmachenauf\",\"https:\/\/x.com\/WirMachenAuf_de\"]},{\"@type\":\"Person\",\"@id\":\"https:\/\/now-news.de\/de\/#\/schema\/person\/fb534a4e865501d8b3285208df34a9b5\",\"name\":\"rtnews\",\"image\":{\"@type\":\"ImageObject\",\"inLanguage\":\"de\",\"@id\":\"https:\/\/now-news.de\/de\/#\/schema\/person\/image\/\",\"url\":\"https:\/\/secure.gravatar.com\/avatar\/82aafea7d8127119dd649515f56e2117?s=96&d=mm&r=g\",\"contentUrl\":\"https:\/\/secure.gravatar.com\/avatar\/82aafea7d8127119dd649515f56e2117?s=96&d=mm&r=g\",\"caption\":\"rtnews\"},\"url\":\"https:\/\/now-news.de\/de\/author\/rnews\/\"}]}<\/script>\n<!-- \/ Yoast SEO Premium plugin. -->","yoast_head_json":{"title":"Musikalisches &quot;Asyl&quot; in Berlin: Emotionales Konzert des Odessa Philharmonic Orchestra - just-now.NEWS Deutschland","robots":{"index":"index","follow":"follow","max-snippet":"max-snippet:-1","max-image-preview":"max-image-preview:large","max-video-preview":"max-video-preview:-1"},"canonical":"https:\/\/now-news.de\/de\/deutschland\/musikalisches-asyl-in-berlin-emotionales-konzert-des-odessa-philharmonic-orchestra\/","og_locale":"de_DE","og_type":"article","og_title":"Musikalisches &quot;Asyl&quot; in Berlin: Emotionales Konzert des Odessa Philharmonic Orchestra","og_description":"In der Berliner Philharmonie trat am Dienstag in einem ausverkauften Saal das Orchester mit 90 Musikern aus Odessa auf. Damit bot die Bundeshauptstadt den K\u00fcnstlern die M\u00f6glichkeit, zum ersten Mal seit Monaten zusammen zu spielen. So k\u00f6nne die Ukraine ihre kulturelle Identit\u00e4t bewahren, erkl\u00e4rte aus diesem Anlass die Kulturstaatsministerin Claudia Roth. Von Wladislaw Sankin Seit [&hellip;]","og_url":"https:\/\/now-news.de\/de\/deutschland\/musikalisches-asyl-in-berlin-emotionales-konzert-des-odessa-philharmonic-orchestra\/","og_site_name":"just-now.NEWS Deutschland","article_publisher":"https:\/\/www.facebook.com\/wirmachenauf","article_published_time":"2022-09-09T16:42:18+00:00","og_image":[{"width":1764,"height":1034,"url":"https:\/\/now-news.de\/de\/wp-content\/uploads\/sites\/3\/2022\/09\/Musikalisches-quotAsylquot-in-Berlin-Emotionales-Konzert-des-Odessa-Philharmonic-Orchestra.jpg","type":"image\/jpeg"}],"author":"rtnews","twitter_card":"summary_large_image","twitter_creator":"@WirMachenAuf_de","twitter_site":"@WirMachenAuf_de","twitter_misc":{"Verfasst von":"rtnews","Gesch\u00e4tzte Lesezeit":"5\u00a0Minuten"},"schema":{"@context":"https:\/\/schema.org","@graph":[{"@type":"Article","@id":"https:\/\/now-news.de\/de\/deutschland\/musikalisches-asyl-in-berlin-emotionales-konzert-des-odessa-philharmonic-orchestra\/#article","isPartOf":{"@id":"https:\/\/now-news.de\/de\/deutschland\/musikalisches-asyl-in-berlin-emotionales-konzert-des-odessa-philharmonic-orchestra\/"},"author":{"name":"rtnews","@id":"https:\/\/now-news.de\/de\/#\/schema\/person\/fb534a4e865501d8b3285208df34a9b5"},"headline":"Musikalisches &quot;Asyl&quot; in Berlin: Emotionales Konzert des Odessa Philharmonic Orchestra","datePublished":"2022-09-09T16:42:18+00:00","dateModified":"2022-09-09T16:42:18+00:00","mainEntityOfPage":{"@id":"https:\/\/now-news.de\/de\/deutschland\/musikalisches-asyl-in-berlin-emotionales-konzert-des-odessa-philharmonic-orchestra\/"},"wordCount":980,"commentCount":0,"publisher":{"@id":"https:\/\/now-news.de\/de\/#organization"},"image":{"@id":"https:\/\/now-news.de\/de\/deutschland\/musikalisches-asyl-in-berlin-emotionales-konzert-des-odessa-philharmonic-orchestra\/#primaryimage"},"thumbnailUrl":"https:\/\/now-news.de\/de\/wp-content\/uploads\/sites\/3\/2022\/09\/Musikalisches-quotAsylquot-in-Berlin-Emotionales-Konzert-des-Odessa-Philharmonic-Orchestra.jpg","keywords":["Berlin","des","Emotionales","Konzert","Musikalisches","Odessa","Orchestra","Philharmonic","quotAsylquot"],"articleSection":["Deutschland","Russland"],"inLanguage":"de","potentialAction":[{"@type":"CommentAction","name":"Comment","target":["https:\/\/now-news.de\/de\/deutschland\/musikalisches-asyl-in-berlin-emotionales-konzert-des-odessa-philharmonic-orchestra\/#respond"]}]},{"@type":"WebPage","@id":"https:\/\/now-news.de\/de\/deutschland\/musikalisches-asyl-in-berlin-emotionales-konzert-des-odessa-philharmonic-orchestra\/","url":"https:\/\/now-news.de\/de\/deutschland\/musikalisches-asyl-in-berlin-emotionales-konzert-des-odessa-philharmonic-orchestra\/","name":"Musikalisches &quot;Asyl&quot; in Berlin: Emotionales Konzert des Odessa Philharmonic Orchestra - just-now.NEWS Deutschland","isPartOf":{"@id":"https:\/\/now-news.de\/de\/#website"},"primaryImageOfPage":{"@id":"https:\/\/now-news.de\/de\/deutschland\/musikalisches-asyl-in-berlin-emotionales-konzert-des-odessa-philharmonic-orchestra\/#primaryimage"},"image":{"@id":"https:\/\/now-news.de\/de\/deutschland\/musikalisches-asyl-in-berlin-emotionales-konzert-des-odessa-philharmonic-orchestra\/#primaryimage"},"thumbnailUrl":"https:\/\/now-news.de\/de\/wp-content\/uploads\/sites\/3\/2022\/09\/Musikalisches-quotAsylquot-in-Berlin-Emotionales-Konzert-des-Odessa-Philharmonic-Orchestra.jpg","datePublished":"2022-09-09T16:42:18+00:00","dateModified":"2022-09-09T16:42:18+00:00","breadcrumb":{"@id":"https:\/\/now-news.de\/de\/deutschland\/musikalisches-asyl-in-berlin-emotionales-konzert-des-odessa-philharmonic-orchestra\/#breadcrumb"},"inLanguage":"de","potentialAction":[{"@type":"ReadAction","target":["https:\/\/now-news.de\/de\/deutschland\/musikalisches-asyl-in-berlin-emotionales-konzert-des-odessa-philharmonic-orchestra\/"]}]},{"@type":"ImageObject","inLanguage":"de","@id":"https:\/\/now-news.de\/de\/deutschland\/musikalisches-asyl-in-berlin-emotionales-konzert-des-odessa-philharmonic-orchestra\/#primaryimage","url":"https:\/\/now-news.de\/de\/wp-content\/uploads\/sites\/3\/2022\/09\/Musikalisches-quotAsylquot-in-Berlin-Emotionales-Konzert-des-Odessa-Philharmonic-Orchestra.jpg","contentUrl":"https:\/\/now-news.de\/de\/wp-content\/uploads\/sites\/3\/2022\/09\/Musikalisches-quotAsylquot-in-Berlin-Emotionales-Konzert-des-Odessa-Philharmonic-Orchestra.jpg","width":1764,"height":1034,"caption":"Musikalisches &quot;Asyl&quot; in Berlin: Emotionales Konzert des Odessa Philharmonic Orchestra"},{"@type":"BreadcrumbList","@id":"https:\/\/now-news.de\/de\/deutschland\/musikalisches-asyl-in-berlin-emotionales-konzert-des-odessa-philharmonic-orchestra\/#breadcrumb","itemListElement":[{"@type":"ListItem","position":1,"name":"Home","item":"https:\/\/now-news.de\/de\/"},{"@type":"ListItem","position":2,"name":"Musikalisches &quot;Asyl&quot; in Berlin: Emotionales Konzert des Odessa Philharmonic Orchestra"}]},{"@type":"WebSite","@id":"https:\/\/now-news.de\/de\/#website","url":"https:\/\/now-news.de\/de\/","name":"just-now.NEWS Deutschland","description":"Das Portal f\u00fcr unzensierte Nachrichten aus der Welt","publisher":{"@id":"https:\/\/now-news.de\/de\/#organization"},"potentialAction":[{"@type":"SearchAction","target":{"@type":"EntryPoint","urlTemplate":"https:\/\/now-news.de\/de\/?s={search_term_string}"},"query-input":"required name=search_term_string"}],"inLanguage":"de"},{"@type":"Organization","@id":"https:\/\/now-news.de\/de\/#organization","name":"Just Now News","url":"https:\/\/now-news.de\/de\/","logo":{"@type":"ImageObject","inLanguage":"de","@id":"https:\/\/now-news.de\/de\/#\/schema\/logo\/image\/","url":"http:\/\/just-now.news\/de\/wp-content\/uploads\/sites\/3\/2022\/04\/logo500x500.jpg","contentUrl":"http:\/\/just-now.news\/de\/wp-content\/uploads\/sites\/3\/2022\/04\/logo500x500.jpg","width":500,"height":500,"caption":"Just Now News"},"image":{"@id":"https:\/\/now-news.de\/de\/#\/schema\/logo\/image\/"},"sameAs":["https:\/\/www.facebook.com\/wirmachenauf","https:\/\/x.com\/WirMachenAuf_de"]},{"@type":"Person","@id":"https:\/\/now-news.de\/de\/#\/schema\/person\/fb534a4e865501d8b3285208df34a9b5","name":"rtnews","image":{"@type":"ImageObject","inLanguage":"de","@id":"https:\/\/now-news.de\/de\/#\/schema\/person\/image\/","url":"https:\/\/secure.gravatar.com\/avatar\/82aafea7d8127119dd649515f56e2117?s=96&d=mm&r=g","contentUrl":"https:\/\/secure.gravatar.com\/avatar\/82aafea7d8127119dd649515f56e2117?s=96&d=mm&r=g","caption":"rtnews"},"url":"https:\/\/now-news.de\/de\/author\/rnews\/"}]}},"_links":{"self":[{"href":"https:\/\/now-news.de\/de\/wp-json\/wp\/v2\/posts\/18780"}],"collection":[{"href":"https:\/\/now-news.de\/de\/wp-json\/wp\/v2\/posts"}],"about":[{"href":"https:\/\/now-news.de\/de\/wp-json\/wp\/v2\/types\/post"}],"author":[{"embeddable":true,"href":"https:\/\/now-news.de\/de\/wp-json\/wp\/v2\/users\/3"}],"replies":[{"embeddable":true,"href":"https:\/\/now-news.de\/de\/wp-json\/wp\/v2\/comments?post=18780"}],"version-history":[{"count":0,"href":"https:\/\/now-news.de\/de\/wp-json\/wp\/v2\/posts\/18780\/revisions"}],"wp:featuredmedia":[{"embeddable":true,"href":"https:\/\/now-news.de\/de\/wp-json\/wp\/v2\/media\/18781"}],"wp:attachment":[{"href":"https:\/\/now-news.de\/de\/wp-json\/wp\/v2\/media?parent=18780"}],"wp:term":[{"taxonomy":"category","embeddable":true,"href":"https:\/\/now-news.de\/de\/wp-json\/wp\/v2\/categories?post=18780"},{"taxonomy":"post_tag","embeddable":true,"href":"https:\/\/now-news.de\/de\/wp-json\/wp\/v2\/tags?post=18780"}],"curies":[{"name":"wp","href":"https:\/\/api.w.org\/{rel}","templated":true}]}}