{"id":18776,"date":"2022-09-09T17:39:18","date_gmt":"2022-09-09T15:39:18","guid":{"rendered":"http:\/\/just-now.news\/de\/deutschland\/populistische-politikerversprechen-christian-lindner-toppt-peter-altmaier\/"},"modified":"2022-09-09T17:39:18","modified_gmt":"2022-09-09T15:39:18","slug":"populistische-politikerversprechen-christian-lindner-toppt-peter-altmaier","status":"publish","type":"post","link":"https:\/\/now-news.de\/de\/deutschland\/populistische-politikerversprechen-christian-lindner-toppt-peter-altmaier\/","title":{"rendered":"Populistische Politikerversprechen: Christian Lindner toppt Peter Altmaier"},"content":{"rendered":"<p><img decoding=\"async\" src=\"http:\/\/just-now.news\/de\/wp-content\/uploads\/sites\/3\/2022\/09\/631b201348fbef08243aac85.jpg\" \/><\/p>\n<div class=\"Text-root Text-type_1 \">\n                Im M\u00e4rz 2020 versprach der damalige Bundesfinanzminister Altmaier, dass kein einziger Arbeitsplatz &#8220;wegen Corona verloren geht&#8221;. Im Sp\u00e4tsommer 2022 wei\u00df der amtierende Bundesfinanzminister Lindner, dass in diesem Land im Winter &#8220;niemand hungern und frieren&#8221; wird. Ein Blick auf fatale Wahrnehmungen von Politikern.\n            <\/div>\n<p><\/p>\n<div class=\"Text-root Text-type_5 ArticleView-text ViewText-root \">\n<p><em>Von Bernhard Loyen<\/em><\/p>\n<p>Nein, kein neues Ph\u00e4nomen aktiver Berufspolitiker, das leicht formulierte und oft gewagte wohlwollende Versprechen an die B\u00fcrger, ausgehend von vermeintlich empathischen und um das Dasein besorgten sogenannten Volksvertretern. Oft get\u00e4tigt in hei\u00dfen Wahlkampfphasen als schnell entlarvte Billignummer, um auch noch die letzte Stimme eines potenziellen W\u00e4hlers zu ergattern und dadurch das rein pers\u00f6nliche Einkommen, also die Existenz, durch eine erste oder weitere Wahlperiode zu sichern.<\/p>\n<p>Wir leben in rein politisch verursachten Krisenzeiten. Was bietet sich daher besser an, als vermeintlich einf\u00fchlsam zu den B\u00fcrgern zu sprechen? Dies erfolgt seit geraumer Zeit durch die &#8220;Staatslenker&#8221; im Rahmen von Talksendungen oder Mitteilungen in den sozialen Medien. Im Krisenvergleich und den daraus resultierenden beschwichtigenden Nullnummern erfolgt zuerst der Blick zur\u00fcck in den M\u00e4rz 2020: Das Land ist verunsichert durch die kontinuierlich aufgebauschte Wahrnehmung hinsichtlich eines saisonalen Ereignisses. Nicht das Coronavirus schr\u00e4nkt die Menschen im Dasein ein, die einfordernde Politik n\u00f6tigt zu einschneidenden Ereignissen in der individuellen Biografie.<\/p>\n<p>So setzte sich der damalige Bundesfinanzminister Peter Altmaier schwerf\u00e4llig, aber wortgewandt in die <em>ZDF-Talksendung<\/em> &#8220;Hart aber Fair&#8221; und sendete Wunschdenken in die Wohnstuben der gestressten Zuschauer. Die <em>Welt<\/em>\u00a0<a rel=\"nofollow noopener\" target=\"_blank\" href=\"https:\/\/www.welt.de\/vermischtes\/article206599403\/Hart-aber-fair-zu-Corona-Virologe-nennt-Schoenwetter-Flaneure-verantwortungslos.html?wtrid=socialmedia.socialflow....socialflow_twitter\">schrieb<\/a> zu dem damaligen Auftritt und der Stimmung im Land:<\/p>\n<blockquote>\n<p><em>&#8220;Ausnahmezustand im &#8220;Hart aber fair&#8221;-Studio. Komplett ohne Publikum und mit Sicherheitsabstand diskutieren Frank Plasbergs G\u00e4ste die Folgen des Coronavirus. Unter der Frage &#8220;Wo stehen wir? Was kommt noch?&#8221; sendet das Erste eine zweist\u00fcndige Extra-Sendung.&#8221;<\/em><\/p>\n<\/blockquote>\n<p>Der CDU-Politiker Altmaier, &#8220;der mit der Bundesregierung wenige Stunden vorher den Stopp des \u00f6ffentlichen Lebens beschlossen hat&#8221;, so der <em>Welt-Artikel<\/em>, l\u00e4sst die Zuschauer erahnen, was auf sie zukommen wird. Was damals nicht gedacht werden durfte oder sollte, aus Monaten, sind inzwischen Jahre geworden:<\/p>\n<blockquote>\n<p><em>&#8220;Ich glaube schon, dass viele B\u00fcrgerinnen merken, dass wir unser Verhalten \u00e4ndern m\u00fcssen. Wir m\u00fcssen sagen, dass die Situation sehr ernst ist.&#8221;<\/em><\/p>\n<\/blockquote>\n<p>Dann wurde die Wunderkerze gez\u00fcndet, wohlbedacht formuliert, mit dem Wissen eines Berufspolitikers, dass die Aussage gut klingt, die Umsetzung unrealistisch ist und damit als bewusste Desinformation gewertet werden muss. Der <em>Welt-Artikel<\/em> kommentierte, dass Altmaier &#8220;versucht, die Furcht vor den wirtschaftlichen Folgen zu mildern, und gibt ein erstaunliches Versprechen ab&#8221;. Dieses lautete:<\/p>\n<blockquote>\n<p><em>&#8220;Wir haben so viele Reserven, dass wir versprechen k\u00f6nnen, dass wir alles tun, dass kein Arbeitsplatz und kein gesundes Unternehmen schlie\u00dfen muss und verloren geht (&#8230;) Wir sind bereit, dann notfalls auch Schulden zu machen, wenn es anders nicht geht.&#8221;<\/em><\/p>\n<\/blockquote>\n<p>Ein netter Mensch. Abw\u00e4gend, besorgt, dabei f\u00fcrsorglich und vor allem &#8220;menschlich&#8221;. Konnte das Versprechen gehalten werden? Nicht wirklich, freundlich formuliert. Sehr viele Arbeitspl\u00e4tze gingen verloren. Gesunde Unternehmen sind mittlerweile auch nicht wenige verschwunden. Der <em>Focus<\/em>\u00a0<a rel=\"nofollow noopener\" target=\"_blank\" href=\"https:\/\/www.focus.de\/finanzen\/news\/um-169-000-arbeitslosigkeit-steigt-wegen-corona-krise-im-mai-weiter_id_12059000.html\">meldete<\/a> schon im Juni 2020: &#8220;Die Kurzarbeit hat das Niveau von 2009 deutlich \u00fcberschritten.&#8221; Schulden hat die Bundesregierung in der Coronakrise sehr bereitwillig gemacht. Es h\u00e4tte anders gehen m\u00fcssen, aber die seit Fr\u00fchjahr 2020 beeindruckende &#8220;Was kostet die Welt&#8221;-Mentalit\u00e4t der Gro\u00dfen wie auch Ampel-Koalition, l\u00e4sst immer mehr Menschen in diesem Land am Wissens- wie Geisteszustand der Politiker verzweifeln.<\/p>\n<p>Im September 2022 der flie\u00dfende \u00dcbergang einer auslaufenden, k\u00fcnstlich am Leben gehaltenen Coronakrise in die n\u00e4chste Katastrophenphase dieses Landes: Die Energiekrise wird k\u00fcnstlich politisch erzwungen. Die damit automatisch verbundene Inflation\u00a0\u2013 mit allen Facetten des rein politisch motivierten gesellschaftlichen Niedergangs \u2013 schockiert und verunsichert die Menschen im Land. Genau der richtige Zeitpunkt f\u00fcr den amtierenden\u00a0Bundesfinanzminister Christian Lindner (FDP), um seinen Beitrag f\u00fcr das Geschichtsbuch zu leisten. Das Kapitel lautet: Dumm und anma\u00dfend, aber er konnte es nicht besser. Noch im November 2017 gl\u00e4nzte der Karrierist mit dem f\u00fcr ihn \u00fcberraschenden <a rel=\"nofollow noopener\" target=\"_blank\" href=\"https:\/\/www.zeit.de\/politik\/deutschland\/2017-11\/christian-lindner-sondierung-jamaika-abbruch-fdp\">Geistesblitz<\/a>:<\/p>\n<blockquote>\n<p><em>&#8220;Es ist besser, nicht zu regieren, als falsch zu regieren.&#8221;<\/em><\/p>\n<\/blockquote>\n<p>Zu diesem Zeitpunkt war er laut <em>Tagesspiegel-Informationen<\/em> Mieter einer sehr attraktiven Altbau-Wohnung in Berlin-Sch\u00f6neberg. <a rel=\"nofollow noopener\" target=\"_blank\" href=\"https:\/\/www.tagesspiegel.de\/politik\/jens-spahn-ist-seiner-verantwortung-nicht-gerecht-geworden-6167083.html\"><\/a> Die geh\u00f6rte, nat\u00fcrlich vollkommen nebens\u00e4chlich, dem damaligen Bundesgesundheitsminister Jens Spahn (CDU). Kollegialit\u00e4t ist kein Verbrechen, ein Verbrechen ist aber die aktuelle Gedankenwelt des mittlerweile ziemlich falsch regierenden Bundesfinanzministers Christian Lindner. Der lie\u00df \u00fcber seinen Twitter-Kanal das abgrundtief verachtenswert formulierte Versprechen des Jahres 2022 mitteilen:<\/p>\n<blockquote>\n<p><em>&#8220;Wir m\u00fcssen realistisch sein: Wir k\u00f6nnen nicht alles abwenden, was an Herausforderungen auf unser Land zukommt. Ein Versprechen kann diese Bundesregierung aber geben: Aufgrund von finanziellen Sorgen wird in diesem Land in diesem Winter niemand hungern und niemand frieren. CL&#8221;<\/em><\/p>\n<div class=\"EmbedBlock-root EmbedBlock-twitter\">\n<div class=\"TwitterEmbed\">\n<blockquote class=\"twitter-tweet lazyload\" data-twitter=\"twitter-tweet\">\n<p lang=\"de\" dir=\"ltr\">Wir m\u00fcssen realistisch sein: Wir k\u00f6nnen nicht alles abwenden, was an Herausforderungen auf unser Land zukommt. Ein Versprechen kann diese Bundesregierung aber geben: Aufgrund von finanziellen Sorgen wird in diesem Land in diesem Winter niemand hungern und niemand frieren. CL<\/p>\n<p>\u2014 Christian Lindner (@c_lindner) <a rel=\"nofollow noopener\" target=\"_blank\" href=\"https:\/\/twitter.com\/c_lindner\/status\/1567876820200046593?ref_src=twsrc%5Etfw\">September 8, 2022<\/a><\/p><\/blockquote>\n<\/div>\n<\/div>\n<\/blockquote>\n<p>Da steht CL, das ist er, der Macher. Da steht &#8220;Wir k\u00f6nnen nicht alles abwenden&#8221;, eine schlichte L\u00fcge. Dann ein Versprechen hinsichtlich Realit\u00e4ten, die einem\u00a0Bundesfinanzminister sehr wohl bekannt sind, aber im Rausch der formsch\u00f6nen Formulierung verdr\u00e4ngt wurden \u2013 der billigen Hoffnung, mit diesem Tweet zu &#8220;punkten&#8221;, die Menschen zu erreichen? L\u00e4cherlich und weltfremd. Noch einmal zum Kopfsch\u00fctteln:<\/p>\n<blockquote>\n<p><em>&#8220;Aufgrund von finanziellen Sorgen wird in diesem Land in diesem Winter niemand hungern und niemand frieren.&#8221;<\/em><\/p>\n<\/blockquote>\n<p>Hunger, k\u00f6rperlich und seelisch hungernd: Mittlerweile geben 60.000\u00a0Mitb\u00fcrger ehrenamtlich in \u00fcber <a rel=\"nofollow noopener\" target=\"_blank\" href=\"https:\/\/www.tafel.de\/presse\/zahlen-fakten#:~:text=Mittlerweile%20geben%2060.000%20Engagierte%20in,sich%20als%20praktische%20Faktenbl%C3%A4tter%20herunterladen.\">940\u00a0Tafeln<\/a> gespendete Lebensmittel an \u00fcber 1,5 Millionen\u00a0Bed\u00fcrftige aus. Tendenz nicht sinkend.\u00a0<\/p>\n<p>Frieren, k\u00f6rperlich und seelisch frierend: Zum Stichtag 31. Januar\u00a02022\u00a0waren in\u00a0Deutschland\u00a0rund 178.000 Personen wegen Wohnungslosigkeit in vor\u00fcbergehenden \u00dcbernachtungsm\u00f6glichkeiten oder in Not- und Gemeinschaftsunterk\u00fcnften <a rel=\"nofollow noopener\" target=\"_blank\" href=\"https:\/\/www.zeit.de\/politik\/deutschland\/2022-07\/statistisches-bundesamt-wohnungslose-obdachlosigkeit-notunterkuenfte#:~:text=Obdachlosigkeit%20Statistik%20zeigt%20erstmals%20Zahl,die%20meisten%20jung%20und%20m%C3%A4nnlich.\">untergebracht<\/a>. Gut dreieinhalb Monate vor Winterbeginn friert zudem auch jetzt schon eine sehr hohe Zahl an statistisch nicht erfassten Menschen in diesem reichen Land. Ich empfehle Herrn Lindner unbedingt eine n\u00e4chtliche Erkenntnis-Safari durch die Hauptstadt des Landes als ersten Eindruck von hungernden und frierenden Menschen.<\/p>\n<p>Die realexistierende, sich stetig forcierende Altersarmut im Land, mit allen entsprechenden Paralleldynamiken, wie Hunger und Frieren, ist dem Minister der Zahlen nicht bekannt? Die bittere <a rel=\"nofollow noopener\" target=\"_blank\" href=\"https:\/\/www.infranken.de\/ratgeber\/finanzen\/erschreckende-zahlen-so-viele-rentner-sind-von-altersarmut-betroffen-art-5361912\">Realit\u00e4t<\/a> stellt f\u00fcr 2,4 Millionen Rentnerinnen und Rentner in Deutschland schon vor dem Winter den belastende Alltag.<\/p>\n<p>Genau diese fehlende Empathie macht die Menschen immer w\u00fctender. Diese (w)irren Wahrnehmungen von Menschen, die anscheinend den Kontakt zur Realit\u00e4t vollkommen verloren haben. Und auch das aktuelle Zitat eines Robert Habeck soll genannt werden:<\/p>\n<blockquote>\n<p>&#8220;<em>Und dann sind die nicht insolvent, automatisch, aber sie h\u00f6ren vielleicht auf zu verkaufen.&#8221;<\/em><\/p>\n<\/blockquote>\n<p>Dumm und d\u00fcmmer. Was macht eigentlich Herr Altmaier nach seinem freiwilligen Ausscheiden aus dem Politiker-Dasein? Im August hie\u00df es in einem <em>Focus-Artikel<\/em> zur<a rel=\"nofollow noopener\" target=\"_blank\" href=\"https:\/\/www.focus.de\/politik\/deutschland\/ueber-die-zeit-nach-27-jahren-politik-nach-seinem-letzten-amtstag-wartete-altmaier-frischgeduscht-auf-den-chauffeur-niemand-kam_id_130442648.html\"><\/a> Gef\u00fchlslage am &#8220;ersten freien Tag nach Amts\u00fcbergabe&#8221;:<\/p>\n<blockquote>\n<p><em>&#8220;Ich bin p\u00fcnktlich um 5.30 Uhr aufgewacht, habe geduscht und mich angezogen. Dann wurde mir klar, dass drau\u00dfen kein Chauffeur steht und im Ministerium niemand wartet. Einen Augenblick war ich verdutzt, dann musste ich herzlich lachen.&#8221;<\/em><\/p>\n<\/blockquote>\n<p>Sch\u00f6n, nicht wahr? Mal so richtig herzlich lachen nach der warmen Dusche. Danach ein sch\u00f6nes ausgiebiges Fr\u00fchst\u00fcck mit dem unbedingten Wissen, dass man aufgrund von keinen finanziellen Sorgen in diesem Land auch in diesem Winter niemals hungern und niemals frieren werde. Ein guter Freund lehrte mich \u2013 die Verachtung, ist die K\u00f6nigin der Ablehnung.\u00a0<\/p>\n<p><strong>Mehr zum Thema <\/strong> \u2013 &#8220;<a rel=\"nofollow noopener\" target=\"_blank\" href=\"https:\/\/pressefreiheit.rtde.tech\/inland\/148333-backer-zu-habecks-insolvenzaussagen-zu\/\">Alarmstufe Brot&#8221; \u2013 B\u00e4cker reagieren entsetzt auf Habecks \u00c4u\u00dferungen zur Insolvenz<\/a><\/p>\n<\/div>\n<p><script async src=\"https:\/\/platform.twitter.com\/widgets.js\" charset=\"utf-8\"><\/script><br \/>\n<br \/><br \/>\n<br \/><a href=\"https:\/\/de.rt.com\/meinung\/148483-hohle-versprechen-im-vergleich-christian\/\">Source link <\/a><\/p>\n","protected":false},"excerpt":{"rendered":"<p>Im M\u00e4rz 2020 versprach der damalige Bundesfinanzminister Altmaier, dass kein einziger Arbeitsplatz &#8220;wegen Corona verloren geht&#8221;. Im Sp\u00e4tsommer 2022 wei\u00df der amtierende Bundesfinanzminister Lindner, dass in diesem Land im Winter &#8220;niemand hungern und frieren&#8221; wird. Ein Blick auf fatale Wahrnehmungen von Politikern. Von Bernhard Loyen Nein, kein neues Ph\u00e4nomen aktiver Berufspolitiker, das leicht formulierte und [&hellip;]<\/p>\n","protected":false},"author":3,"featured_media":18777,"comment_status":"open","ping_status":"open","sticky":false,"template":"","format":"standard","meta":{"wp_automatic_camp":["217"],"cd5b10700f3f4fcdaeb77ca5bf57521f":["Populistische Politikerversprechen: Christian Lindner toppt Peter Altmaier"],"original_link":["https:\/\/de.rt.com\/meinung\/148483-hohle-versprechen-im-vergleich-christian\/"],"_thumbnail_id":["18777"],"_wptg_p2tg_sent2tg":["2022-09-09 17:51:07"],"jnews_social_counter_last_update":["1777339208"]},"categories":[19,23],"tags":[30483,2748,20788,1424,32599,32598,32600],"yoast_head":"<!-- This site is optimized with the Yoast SEO Premium plugin v22.7 (Yoast SEO v22.7) - https:\/\/yoast.com\/wordpress\/plugins\/seo\/ -->\n<title>Populistische Politikerversprechen: Christian Lindner toppt Peter Altmaier - just-now.NEWS Deutschland<\/title>\n<meta name=\"robots\" content=\"index, follow, max-snippet:-1, max-image-preview:large, max-video-preview:-1\" \/>\n<link rel=\"canonical\" href=\"https:\/\/now-news.de\/de\/deutschland\/populistische-politikerversprechen-christian-lindner-toppt-peter-altmaier\/\" \/>\n<meta property=\"og:locale\" content=\"de_DE\" \/>\n<meta property=\"og:type\" content=\"article\" \/>\n<meta property=\"og:title\" content=\"Populistische Politikerversprechen: Christian Lindner toppt Peter Altmaier\" \/>\n<meta property=\"og:description\" content=\"Im M\u00e4rz 2020 versprach der damalige Bundesfinanzminister Altmaier, dass kein einziger Arbeitsplatz &#8220;wegen Corona verloren geht&#8221;. Im Sp\u00e4tsommer 2022 wei\u00df der amtierende Bundesfinanzminister Lindner, dass in diesem Land im Winter &#8220;niemand hungern und frieren&#8221; wird. Ein Blick auf fatale Wahrnehmungen von Politikern. Von Bernhard Loyen Nein, kein neues Ph\u00e4nomen aktiver Berufspolitiker, das leicht formulierte und [&hellip;]\" \/>\n<meta property=\"og:url\" content=\"https:\/\/now-news.de\/de\/deutschland\/populistische-politikerversprechen-christian-lindner-toppt-peter-altmaier\/\" \/>\n<meta property=\"og:site_name\" content=\"just-now.NEWS Deutschland\" \/>\n<meta property=\"article:publisher\" content=\"https:\/\/www.facebook.com\/wirmachenauf\" \/>\n<meta property=\"article:published_time\" content=\"2022-09-09T15:39:18+00:00\" \/>\n<meta property=\"og:image\" content=\"https:\/\/now-news.de\/de\/wp-content\/uploads\/sites\/3\/2022\/09\/Populistische-Politikerversprechen-Christian-Lindner-toppt-Peter-Altmaier.jpg\" \/>\n\t<meta property=\"og:image:width\" content=\"460\" \/>\n\t<meta property=\"og:image:height\" content=\"259\" \/>\n\t<meta property=\"og:image:type\" content=\"image\/jpeg\" \/>\n<meta name=\"author\" content=\"rtnews\" \/>\n<meta name=\"twitter:card\" content=\"summary_large_image\" \/>\n<meta name=\"twitter:creator\" content=\"@WirMachenAuf_de\" \/>\n<meta name=\"twitter:site\" content=\"@WirMachenAuf_de\" \/>\n<meta name=\"twitter:label1\" content=\"Verfasst von\" \/>\n\t<meta name=\"twitter:data1\" content=\"rtnews\" \/>\n\t<meta name=\"twitter:label2\" content=\"Gesch\u00e4tzte Lesezeit\" \/>\n\t<meta name=\"twitter:data2\" content=\"6\u00a0Minuten\" \/>\n<script type=\"application\/ld+json\" class=\"yoast-schema-graph\">{\"@context\":\"https:\/\/schema.org\",\"@graph\":[{\"@type\":\"Article\",\"@id\":\"https:\/\/now-news.de\/de\/deutschland\/populistische-politikerversprechen-christian-lindner-toppt-peter-altmaier\/#article\",\"isPartOf\":{\"@id\":\"https:\/\/now-news.de\/de\/deutschland\/populistische-politikerversprechen-christian-lindner-toppt-peter-altmaier\/\"},\"author\":{\"name\":\"rtnews\",\"@id\":\"https:\/\/now-news.de\/de\/#\/schema\/person\/fb534a4e865501d8b3285208df34a9b5\"},\"headline\":\"Populistische Politikerversprechen: Christian Lindner toppt Peter Altmaier\",\"datePublished\":\"2022-09-09T15:39:18+00:00\",\"dateModified\":\"2022-09-09T15:39:18+00:00\",\"mainEntityOfPage\":{\"@id\":\"https:\/\/now-news.de\/de\/deutschland\/populistische-politikerversprechen-christian-lindner-toppt-peter-altmaier\/\"},\"wordCount\":1232,\"commentCount\":0,\"publisher\":{\"@id\":\"https:\/\/now-news.de\/de\/#organization\"},\"image\":{\"@id\":\"https:\/\/now-news.de\/de\/deutschland\/populistische-politikerversprechen-christian-lindner-toppt-peter-altmaier\/#primaryimage\"},\"thumbnailUrl\":\"https:\/\/now-news.de\/de\/wp-content\/uploads\/sites\/3\/2022\/09\/Populistische-Politikerversprechen-Christian-Lindner-toppt-Peter-Altmaier.jpg\",\"keywords\":[\"Altmaier\",\"Christian\",\"Lindner\",\"Peter\",\"Politikerversprechen\",\"Populistische\",\"toppt\"],\"articleSection\":[\"Deutschland\",\"Russland\"],\"inLanguage\":\"de\",\"potentialAction\":[{\"@type\":\"CommentAction\",\"name\":\"Comment\",\"target\":[\"https:\/\/now-news.de\/de\/deutschland\/populistische-politikerversprechen-christian-lindner-toppt-peter-altmaier\/#respond\"]}]},{\"@type\":\"WebPage\",\"@id\":\"https:\/\/now-news.de\/de\/deutschland\/populistische-politikerversprechen-christian-lindner-toppt-peter-altmaier\/\",\"url\":\"https:\/\/now-news.de\/de\/deutschland\/populistische-politikerversprechen-christian-lindner-toppt-peter-altmaier\/\",\"name\":\"Populistische Politikerversprechen: Christian Lindner toppt Peter Altmaier - just-now.NEWS Deutschland\",\"isPartOf\":{\"@id\":\"https:\/\/now-news.de\/de\/#website\"},\"primaryImageOfPage\":{\"@id\":\"https:\/\/now-news.de\/de\/deutschland\/populistische-politikerversprechen-christian-lindner-toppt-peter-altmaier\/#primaryimage\"},\"image\":{\"@id\":\"https:\/\/now-news.de\/de\/deutschland\/populistische-politikerversprechen-christian-lindner-toppt-peter-altmaier\/#primaryimage\"},\"thumbnailUrl\":\"https:\/\/now-news.de\/de\/wp-content\/uploads\/sites\/3\/2022\/09\/Populistische-Politikerversprechen-Christian-Lindner-toppt-Peter-Altmaier.jpg\",\"datePublished\":\"2022-09-09T15:39:18+00:00\",\"dateModified\":\"2022-09-09T15:39:18+00:00\",\"breadcrumb\":{\"@id\":\"https:\/\/now-news.de\/de\/deutschland\/populistische-politikerversprechen-christian-lindner-toppt-peter-altmaier\/#breadcrumb\"},\"inLanguage\":\"de\",\"potentialAction\":[{\"@type\":\"ReadAction\",\"target\":[\"https:\/\/now-news.de\/de\/deutschland\/populistische-politikerversprechen-christian-lindner-toppt-peter-altmaier\/\"]}]},{\"@type\":\"ImageObject\",\"inLanguage\":\"de\",\"@id\":\"https:\/\/now-news.de\/de\/deutschland\/populistische-politikerversprechen-christian-lindner-toppt-peter-altmaier\/#primaryimage\",\"url\":\"https:\/\/now-news.de\/de\/wp-content\/uploads\/sites\/3\/2022\/09\/Populistische-Politikerversprechen-Christian-Lindner-toppt-Peter-Altmaier.jpg\",\"contentUrl\":\"https:\/\/now-news.de\/de\/wp-content\/uploads\/sites\/3\/2022\/09\/Populistische-Politikerversprechen-Christian-Lindner-toppt-Peter-Altmaier.jpg\",\"width\":460,\"height\":259,\"caption\":\"Populistische Politikerversprechen: Christian Lindner toppt Peter Altmaier\"},{\"@type\":\"BreadcrumbList\",\"@id\":\"https:\/\/now-news.de\/de\/deutschland\/populistische-politikerversprechen-christian-lindner-toppt-peter-altmaier\/#breadcrumb\",\"itemListElement\":[{\"@type\":\"ListItem\",\"position\":1,\"name\":\"Home\",\"item\":\"https:\/\/now-news.de\/de\/\"},{\"@type\":\"ListItem\",\"position\":2,\"name\":\"Populistische Politikerversprechen: Christian Lindner toppt Peter Altmaier\"}]},{\"@type\":\"WebSite\",\"@id\":\"https:\/\/now-news.de\/de\/#website\",\"url\":\"https:\/\/now-news.de\/de\/\",\"name\":\"just-now.NEWS Deutschland\",\"description\":\"Das Portal f\u00fcr unzensierte Nachrichten aus der Welt\",\"publisher\":{\"@id\":\"https:\/\/now-news.de\/de\/#organization\"},\"potentialAction\":[{\"@type\":\"SearchAction\",\"target\":{\"@type\":\"EntryPoint\",\"urlTemplate\":\"https:\/\/now-news.de\/de\/?s={search_term_string}\"},\"query-input\":\"required name=search_term_string\"}],\"inLanguage\":\"de\"},{\"@type\":\"Organization\",\"@id\":\"https:\/\/now-news.de\/de\/#organization\",\"name\":\"Just Now News\",\"url\":\"https:\/\/now-news.de\/de\/\",\"logo\":{\"@type\":\"ImageObject\",\"inLanguage\":\"de\",\"@id\":\"https:\/\/now-news.de\/de\/#\/schema\/logo\/image\/\",\"url\":\"http:\/\/just-now.news\/de\/wp-content\/uploads\/sites\/3\/2022\/04\/logo500x500.jpg\",\"contentUrl\":\"http:\/\/just-now.news\/de\/wp-content\/uploads\/sites\/3\/2022\/04\/logo500x500.jpg\",\"width\":500,\"height\":500,\"caption\":\"Just Now News\"},\"image\":{\"@id\":\"https:\/\/now-news.de\/de\/#\/schema\/logo\/image\/\"},\"sameAs\":[\"https:\/\/www.facebook.com\/wirmachenauf\",\"https:\/\/x.com\/WirMachenAuf_de\"]},{\"@type\":\"Person\",\"@id\":\"https:\/\/now-news.de\/de\/#\/schema\/person\/fb534a4e865501d8b3285208df34a9b5\",\"name\":\"rtnews\",\"image\":{\"@type\":\"ImageObject\",\"inLanguage\":\"de\",\"@id\":\"https:\/\/now-news.de\/de\/#\/schema\/person\/image\/\",\"url\":\"https:\/\/secure.gravatar.com\/avatar\/82aafea7d8127119dd649515f56e2117?s=96&d=mm&r=g\",\"contentUrl\":\"https:\/\/secure.gravatar.com\/avatar\/82aafea7d8127119dd649515f56e2117?s=96&d=mm&r=g\",\"caption\":\"rtnews\"},\"url\":\"https:\/\/now-news.de\/de\/author\/rnews\/\"}]}<\/script>\n<!-- \/ Yoast SEO Premium plugin. -->","yoast_head_json":{"title":"Populistische Politikerversprechen: Christian Lindner toppt Peter Altmaier - just-now.NEWS Deutschland","robots":{"index":"index","follow":"follow","max-snippet":"max-snippet:-1","max-image-preview":"max-image-preview:large","max-video-preview":"max-video-preview:-1"},"canonical":"https:\/\/now-news.de\/de\/deutschland\/populistische-politikerversprechen-christian-lindner-toppt-peter-altmaier\/","og_locale":"de_DE","og_type":"article","og_title":"Populistische Politikerversprechen: Christian Lindner toppt Peter Altmaier","og_description":"Im M\u00e4rz 2020 versprach der damalige Bundesfinanzminister Altmaier, dass kein einziger Arbeitsplatz &#8220;wegen Corona verloren geht&#8221;. Im Sp\u00e4tsommer 2022 wei\u00df der amtierende Bundesfinanzminister Lindner, dass in diesem Land im Winter &#8220;niemand hungern und frieren&#8221; wird. Ein Blick auf fatale Wahrnehmungen von Politikern. Von Bernhard Loyen Nein, kein neues Ph\u00e4nomen aktiver Berufspolitiker, das leicht formulierte und [&hellip;]","og_url":"https:\/\/now-news.de\/de\/deutschland\/populistische-politikerversprechen-christian-lindner-toppt-peter-altmaier\/","og_site_name":"just-now.NEWS Deutschland","article_publisher":"https:\/\/www.facebook.com\/wirmachenauf","article_published_time":"2022-09-09T15:39:18+00:00","og_image":[{"width":460,"height":259,"url":"https:\/\/now-news.de\/de\/wp-content\/uploads\/sites\/3\/2022\/09\/Populistische-Politikerversprechen-Christian-Lindner-toppt-Peter-Altmaier.jpg","type":"image\/jpeg"}],"author":"rtnews","twitter_card":"summary_large_image","twitter_creator":"@WirMachenAuf_de","twitter_site":"@WirMachenAuf_de","twitter_misc":{"Verfasst von":"rtnews","Gesch\u00e4tzte Lesezeit":"6\u00a0Minuten"},"schema":{"@context":"https:\/\/schema.org","@graph":[{"@type":"Article","@id":"https:\/\/now-news.de\/de\/deutschland\/populistische-politikerversprechen-christian-lindner-toppt-peter-altmaier\/#article","isPartOf":{"@id":"https:\/\/now-news.de\/de\/deutschland\/populistische-politikerversprechen-christian-lindner-toppt-peter-altmaier\/"},"author":{"name":"rtnews","@id":"https:\/\/now-news.de\/de\/#\/schema\/person\/fb534a4e865501d8b3285208df34a9b5"},"headline":"Populistische Politikerversprechen: Christian Lindner toppt Peter Altmaier","datePublished":"2022-09-09T15:39:18+00:00","dateModified":"2022-09-09T15:39:18+00:00","mainEntityOfPage":{"@id":"https:\/\/now-news.de\/de\/deutschland\/populistische-politikerversprechen-christian-lindner-toppt-peter-altmaier\/"},"wordCount":1232,"commentCount":0,"publisher":{"@id":"https:\/\/now-news.de\/de\/#organization"},"image":{"@id":"https:\/\/now-news.de\/de\/deutschland\/populistische-politikerversprechen-christian-lindner-toppt-peter-altmaier\/#primaryimage"},"thumbnailUrl":"https:\/\/now-news.de\/de\/wp-content\/uploads\/sites\/3\/2022\/09\/Populistische-Politikerversprechen-Christian-Lindner-toppt-Peter-Altmaier.jpg","keywords":["Altmaier","Christian","Lindner","Peter","Politikerversprechen","Populistische","toppt"],"articleSection":["Deutschland","Russland"],"inLanguage":"de","potentialAction":[{"@type":"CommentAction","name":"Comment","target":["https:\/\/now-news.de\/de\/deutschland\/populistische-politikerversprechen-christian-lindner-toppt-peter-altmaier\/#respond"]}]},{"@type":"WebPage","@id":"https:\/\/now-news.de\/de\/deutschland\/populistische-politikerversprechen-christian-lindner-toppt-peter-altmaier\/","url":"https:\/\/now-news.de\/de\/deutschland\/populistische-politikerversprechen-christian-lindner-toppt-peter-altmaier\/","name":"Populistische Politikerversprechen: Christian Lindner toppt Peter Altmaier - just-now.NEWS Deutschland","isPartOf":{"@id":"https:\/\/now-news.de\/de\/#website"},"primaryImageOfPage":{"@id":"https:\/\/now-news.de\/de\/deutschland\/populistische-politikerversprechen-christian-lindner-toppt-peter-altmaier\/#primaryimage"},"image":{"@id":"https:\/\/now-news.de\/de\/deutschland\/populistische-politikerversprechen-christian-lindner-toppt-peter-altmaier\/#primaryimage"},"thumbnailUrl":"https:\/\/now-news.de\/de\/wp-content\/uploads\/sites\/3\/2022\/09\/Populistische-Politikerversprechen-Christian-Lindner-toppt-Peter-Altmaier.jpg","datePublished":"2022-09-09T15:39:18+00:00","dateModified":"2022-09-09T15:39:18+00:00","breadcrumb":{"@id":"https:\/\/now-news.de\/de\/deutschland\/populistische-politikerversprechen-christian-lindner-toppt-peter-altmaier\/#breadcrumb"},"inLanguage":"de","potentialAction":[{"@type":"ReadAction","target":["https:\/\/now-news.de\/de\/deutschland\/populistische-politikerversprechen-christian-lindner-toppt-peter-altmaier\/"]}]},{"@type":"ImageObject","inLanguage":"de","@id":"https:\/\/now-news.de\/de\/deutschland\/populistische-politikerversprechen-christian-lindner-toppt-peter-altmaier\/#primaryimage","url":"https:\/\/now-news.de\/de\/wp-content\/uploads\/sites\/3\/2022\/09\/Populistische-Politikerversprechen-Christian-Lindner-toppt-Peter-Altmaier.jpg","contentUrl":"https:\/\/now-news.de\/de\/wp-content\/uploads\/sites\/3\/2022\/09\/Populistische-Politikerversprechen-Christian-Lindner-toppt-Peter-Altmaier.jpg","width":460,"height":259,"caption":"Populistische Politikerversprechen: Christian Lindner toppt Peter Altmaier"},{"@type":"BreadcrumbList","@id":"https:\/\/now-news.de\/de\/deutschland\/populistische-politikerversprechen-christian-lindner-toppt-peter-altmaier\/#breadcrumb","itemListElement":[{"@type":"ListItem","position":1,"name":"Home","item":"https:\/\/now-news.de\/de\/"},{"@type":"ListItem","position":2,"name":"Populistische Politikerversprechen: Christian Lindner toppt Peter Altmaier"}]},{"@type":"WebSite","@id":"https:\/\/now-news.de\/de\/#website","url":"https:\/\/now-news.de\/de\/","name":"just-now.NEWS Deutschland","description":"Das Portal f\u00fcr unzensierte Nachrichten aus der Welt","publisher":{"@id":"https:\/\/now-news.de\/de\/#organization"},"potentialAction":[{"@type":"SearchAction","target":{"@type":"EntryPoint","urlTemplate":"https:\/\/now-news.de\/de\/?s={search_term_string}"},"query-input":"required name=search_term_string"}],"inLanguage":"de"},{"@type":"Organization","@id":"https:\/\/now-news.de\/de\/#organization","name":"Just Now News","url":"https:\/\/now-news.de\/de\/","logo":{"@type":"ImageObject","inLanguage":"de","@id":"https:\/\/now-news.de\/de\/#\/schema\/logo\/image\/","url":"http:\/\/just-now.news\/de\/wp-content\/uploads\/sites\/3\/2022\/04\/logo500x500.jpg","contentUrl":"http:\/\/just-now.news\/de\/wp-content\/uploads\/sites\/3\/2022\/04\/logo500x500.jpg","width":500,"height":500,"caption":"Just Now News"},"image":{"@id":"https:\/\/now-news.de\/de\/#\/schema\/logo\/image\/"},"sameAs":["https:\/\/www.facebook.com\/wirmachenauf","https:\/\/x.com\/WirMachenAuf_de"]},{"@type":"Person","@id":"https:\/\/now-news.de\/de\/#\/schema\/person\/fb534a4e865501d8b3285208df34a9b5","name":"rtnews","image":{"@type":"ImageObject","inLanguage":"de","@id":"https:\/\/now-news.de\/de\/#\/schema\/person\/image\/","url":"https:\/\/secure.gravatar.com\/avatar\/82aafea7d8127119dd649515f56e2117?s=96&d=mm&r=g","contentUrl":"https:\/\/secure.gravatar.com\/avatar\/82aafea7d8127119dd649515f56e2117?s=96&d=mm&r=g","caption":"rtnews"},"url":"https:\/\/now-news.de\/de\/author\/rnews\/"}]}},"_links":{"self":[{"href":"https:\/\/now-news.de\/de\/wp-json\/wp\/v2\/posts\/18776"}],"collection":[{"href":"https:\/\/now-news.de\/de\/wp-json\/wp\/v2\/posts"}],"about":[{"href":"https:\/\/now-news.de\/de\/wp-json\/wp\/v2\/types\/post"}],"author":[{"embeddable":true,"href":"https:\/\/now-news.de\/de\/wp-json\/wp\/v2\/users\/3"}],"replies":[{"embeddable":true,"href":"https:\/\/now-news.de\/de\/wp-json\/wp\/v2\/comments?post=18776"}],"version-history":[{"count":0,"href":"https:\/\/now-news.de\/de\/wp-json\/wp\/v2\/posts\/18776\/revisions"}],"wp:featuredmedia":[{"embeddable":true,"href":"https:\/\/now-news.de\/de\/wp-json\/wp\/v2\/media\/18777"}],"wp:attachment":[{"href":"https:\/\/now-news.de\/de\/wp-json\/wp\/v2\/media?parent=18776"}],"wp:term":[{"taxonomy":"category","embeddable":true,"href":"https:\/\/now-news.de\/de\/wp-json\/wp\/v2\/categories?post=18776"},{"taxonomy":"post_tag","embeddable":true,"href":"https:\/\/now-news.de\/de\/wp-json\/wp\/v2\/tags?post=18776"}],"curies":[{"name":"wp","href":"https:\/\/api.w.org\/{rel}","templated":true}]}}