{"id":18739,"date":"2022-09-09T06:15:00","date_gmt":"2022-09-09T04:15:00","guid":{"rendered":"http:\/\/just-now.news\/de\/deutschland\/europa-erlebte-den-heissesten-sommer-seit-beginn-der-aufzeichnungen\/"},"modified":"2022-09-09T06:15:00","modified_gmt":"2022-09-09T04:15:00","slug":"europa-erlebte-den-heissesten-sommer-seit-beginn-der-aufzeichnungen","status":"publish","type":"post","link":"https:\/\/now-news.de\/de\/deutschland\/europa-erlebte-den-heissesten-sommer-seit-beginn-der-aufzeichnungen\/","title":{"rendered":"Europa erlebte den hei\u00dfesten Sommer seit Beginn der Aufzeichnungen"},"content":{"rendered":"<p><img decoding=\"async\" src=\"http:\/\/just-now.news\/de\/wp-content\/uploads\/sites\/3\/2022\/09\/631a3a18b480cc252f12ac36.jpg\" \/><\/p>\n<div class=\"Text-root Text-type_1 \">\n                In Europa war der Sommer 2022 der hei\u00dfeste seit Beginn der Aufzeichnungen, wie der Copernicus Climate Change Service mitteilte. Die Durchschnittstemperatur im August \u00fcbertraf die bisherigen Temperaturrekorde deutlich.\n            <\/div>\n<p><\/p>\n<div class=\"Text-root Text-type_5 ArticleView-text ViewText-root \">\n<p>Der Sommer 2022 war der hei\u00dfeste in der europ\u00e4ischen Geschichte, wie der Copernicus Climate Change Service &#8211; ein von der EU finanzierter Klimadienst zur Beobachtung des Klimawandels &#8211; am Donnerstag mitteilte. Zuvor hatte die Nachrichtenagentur <em>AFP<\/em> dar\u00fcber berichtet.<\/p>\n<p>In seinen ver\u00f6ffentlichten Ergebnissen stellt der Dienst fest, dass die Durchschnittstemperaturen von Juni bis August um 0,4 Grad Celsius \u00fcber dem bisher hei\u00dfesten Sommer lagen, der 2021 gemessen wurde. Gleichzeitig \u00fcbertrafen die Temperaturen in Europa im August den Rekord von 2018 um ganze 0,8 Grad Celsius.\u00a0Freja Vamborg, eine leitende Wissenschaftlerin beim Copernicus Climate Change Service, teilte mit:<\/p>\n<blockquote>\n<p><em>&#8220;Wir hatten nicht nur Rekordtemperaturen im August f\u00fcr Europa, sondern auch f\u00fcr den Sommer, wobei der bisherige Sommerrekord erst ein Jahr alt ist.&#8221;<\/em><\/p>\n<\/blockquote>\n<p>Eine Reihe ungew\u00f6hnlicher Hitzewellen habe zusammen mit ungew\u00f6hnlich trockenen Bedingungen in vielen Teilen Europas zu einem extremen Sommer mit Rekordtemperaturen, Trockenheit und Br\u00e4nden gef\u00fchrt, wie Vamborg weiter ausf\u00fchrt. Auch in der Zukunft k\u00f6nnten die Sommer von extremer Hitze, D\u00fcrren und Waldbr\u00e4nden gepr\u00e4gt sein.<\/p>\n<p>Unterdessen war der vergangene August der drittw\u00e4rmste August, der jemals weltweit aufgezeichnet wurde, wobei die Durchschnittstemperatur um 0,3 Grad Celsius \u00fcber dem Durchschnittswert f\u00fcr den Zeitraum 1991 bis 2020 f\u00fcr diesen Monat lag.<\/p>\n<p>Besonders im S\u00fcdwesten und im Osten des Kontinents\u00a0erwiesen sich die Temperaturen als \u00fcberdurchschnittlich hoch. Zudem waren der Westen Europas und Teile des Ostens im Durchschnitt wesentlich trockener als \u00fcblich. Im S\u00fcdosten des Kontinents und in Skandinavien gab es hingegen mehr Niederschl\u00e4ge als \u00fcblich.<\/p>\n<p>Der Sprecher der EU-Kommission, Johannes Bahrke, erkl\u00e4rte letzten Monat, dass die D\u00fcrre dieses Sommers in Europa die schlimmste der letzten 500 Jahre gewesen sei. Er zitierte einen Bericht der Gemeinsamen Forschungsstelle der EU-Kommission, wonach 47 Prozent Europas unter einem Defizit an Bodenfeuchtigkeit litten.<\/p>\n<p>Die Aufzeichnungen des Copernicus Climate Change Service gehen bis ins Jahr 1979 zur\u00fcck und werden zus\u00e4tzlich durch Daten von Bodenstationen, Wetterballons, Flugzeugen und Satelliten erg\u00e4nzt, die bis in das Jahr 1950 zur\u00fcckreichen.<\/p>\n<p><strong>Mehr zum Thema &#8211;<\/strong>\u00a0<a rel=\"nofollow noopener\" target=\"_blank\" href=\"https:\/\/test.rtde.tech\/kurzclips\/video\/146198-flusse-europas-trocknen-aus\/\">Die Fl\u00fcsse Europas trocknen aus: Elbe und Rhein offenbaren jahrhundertalte Hungersteine<\/a><\/p>\n<div class=\"EmbedBlock-root EmbedBlock-externalVideo EmbedBlock-odysee\">\n<div class=\"VkEmbed\"><iframe class=\"lazyload\" data-src=\"https:\/\/odysee.com\/$\/embed\/die-fl%C3%BCsse-europas-trocknen-aus-elbe-und-rhein-offenbaren-jahrhundertalte-hungersteine\/a663b1ad7b319c1944fa404eaba61c94be44f203\" frameborder=\"0\" width=\"853\" height=\"480\" allowfullscreen><\/iframe><\/div>\n<\/div>\n<\/div>\n<p><br \/>\n<br \/><a href=\"https:\/\/de.rt.com\/europa\/148432-europa-erlebt-heissesten-sommer-seit\/\">Source link <\/a><\/p>\n","protected":false},"excerpt":{"rendered":"<p>In Europa war der Sommer 2022 der hei\u00dfeste seit Beginn der Aufzeichnungen, wie der Copernicus Climate Change Service mitteilte. Die Durchschnittstemperatur im August \u00fcbertraf die bisherigen Temperaturrekorde deutlich. Der Sommer 2022 war der hei\u00dfeste in der europ\u00e4ischen Geschichte, wie der Copernicus Climate Change Service &#8211; ein von der EU finanzierter Klimadienst zur Beobachtung des Klimawandels [&hellip;]<\/p>\n","protected":false},"author":3,"featured_media":18740,"comment_status":"open","ping_status":"open","sticky":false,"template":"","format":"standard","meta":{"wp_automatic_camp":["217"],"9eb6f574dcc00e157f6ebddcbd38d303":["Europa erlebte den hei\u00dfesten Sommer seit Beginn der Aufzeichnungen"],"original_link":["https:\/\/de.rt.com\/europa\/148432-europa-erlebt-heissesten-sommer-seit\/"],"_thumbnail_id":["18740"],"_wptg_p2tg_sent2tg":["2022-09-09 07:24:10"],"jnews_social_counter_last_update":["1777395227"]},"categories":[19,23],"tags":[7714,20792,48,82,32570,1370,32571,1829,11911],"yoast_head":"<!-- This site is optimized with the Yoast SEO Premium plugin v22.7 (Yoast SEO v22.7) - https:\/\/yoast.com\/wordpress\/plugins\/seo\/ -->\n<title>Europa erlebte den hei\u00dfesten Sommer seit Beginn der Aufzeichnungen - just-now.NEWS Deutschland<\/title>\n<meta name=\"robots\" content=\"index, follow, max-snippet:-1, max-image-preview:large, max-video-preview:-1\" \/>\n<link rel=\"canonical\" href=\"https:\/\/now-news.de\/de\/deutschland\/europa-erlebte-den-heissesten-sommer-seit-beginn-der-aufzeichnungen\/\" \/>\n<meta property=\"og:locale\" content=\"de_DE\" \/>\n<meta property=\"og:type\" content=\"article\" \/>\n<meta property=\"og:title\" content=\"Europa erlebte den hei\u00dfesten Sommer seit Beginn der Aufzeichnungen\" \/>\n<meta property=\"og:description\" content=\"In Europa war der Sommer 2022 der hei\u00dfeste seit Beginn der Aufzeichnungen, wie der Copernicus Climate Change Service mitteilte. Die Durchschnittstemperatur im August \u00fcbertraf die bisherigen Temperaturrekorde deutlich. Der Sommer 2022 war der hei\u00dfeste in der europ\u00e4ischen Geschichte, wie der Copernicus Climate Change Service &#8211; ein von der EU finanzierter Klimadienst zur Beobachtung des Klimawandels [&hellip;]\" \/>\n<meta property=\"og:url\" content=\"https:\/\/now-news.de\/de\/deutschland\/europa-erlebte-den-heissesten-sommer-seit-beginn-der-aufzeichnungen\/\" \/>\n<meta property=\"og:site_name\" content=\"just-now.NEWS Deutschland\" \/>\n<meta property=\"article:publisher\" content=\"https:\/\/www.facebook.com\/wirmachenauf\" \/>\n<meta property=\"article:published_time\" content=\"2022-09-09T04:15:00+00:00\" \/>\n<meta property=\"og:image\" content=\"https:\/\/now-news.de\/de\/wp-content\/uploads\/sites\/3\/2022\/09\/Europa-erlebte-den-heissesten-Sommer-seit-Beginn-der-Aufzeichnungen.jpg\" \/>\n\t<meta property=\"og:image:width\" content=\"460\" \/>\n\t<meta property=\"og:image:height\" content=\"259\" \/>\n\t<meta property=\"og:image:type\" content=\"image\/jpeg\" \/>\n<meta name=\"author\" content=\"rtnews\" \/>\n<meta name=\"twitter:card\" content=\"summary_large_image\" \/>\n<meta name=\"twitter:creator\" content=\"@WirMachenAuf_de\" \/>\n<meta name=\"twitter:site\" content=\"@WirMachenAuf_de\" \/>\n<meta name=\"twitter:label1\" content=\"Verfasst von\" \/>\n\t<meta name=\"twitter:data1\" content=\"rtnews\" \/>\n\t<meta name=\"twitter:label2\" content=\"Gesch\u00e4tzte Lesezeit\" \/>\n\t<meta name=\"twitter:data2\" content=\"2\u00a0Minuten\" \/>\n<script type=\"application\/ld+json\" class=\"yoast-schema-graph\">{\"@context\":\"https:\/\/schema.org\",\"@graph\":[{\"@type\":\"Article\",\"@id\":\"https:\/\/now-news.de\/de\/deutschland\/europa-erlebte-den-heissesten-sommer-seit-beginn-der-aufzeichnungen\/#article\",\"isPartOf\":{\"@id\":\"https:\/\/now-news.de\/de\/deutschland\/europa-erlebte-den-heissesten-sommer-seit-beginn-der-aufzeichnungen\/\"},\"author\":{\"name\":\"rtnews\",\"@id\":\"https:\/\/now-news.de\/de\/#\/schema\/person\/fb534a4e865501d8b3285208df34a9b5\"},\"headline\":\"Europa erlebte den hei\u00dfesten Sommer seit Beginn der Aufzeichnungen\",\"datePublished\":\"2022-09-09T04:15:00+00:00\",\"dateModified\":\"2022-09-09T04:15:00+00:00\",\"mainEntityOfPage\":{\"@id\":\"https:\/\/now-news.de\/de\/deutschland\/europa-erlebte-den-heissesten-sommer-seit-beginn-der-aufzeichnungen\/\"},\"wordCount\":387,\"commentCount\":0,\"publisher\":{\"@id\":\"https:\/\/now-news.de\/de\/#organization\"},\"image\":{\"@id\":\"https:\/\/now-news.de\/de\/deutschland\/europa-erlebte-den-heissesten-sommer-seit-beginn-der-aufzeichnungen\/#primaryimage\"},\"thumbnailUrl\":\"https:\/\/now-news.de\/de\/wp-content\/uploads\/sites\/3\/2022\/09\/Europa-erlebte-den-heissesten-Sommer-seit-Beginn-der-Aufzeichnungen.jpg\",\"keywords\":[\"Aufzeichnungen\",\"Beginn\",\"den\",\"der\",\"erlebte\",\"Europa\",\"hei\u00dfesten\",\"seit\",\"Sommer\"],\"articleSection\":[\"Deutschland\",\"Russland\"],\"inLanguage\":\"de\",\"potentialAction\":[{\"@type\":\"CommentAction\",\"name\":\"Comment\",\"target\":[\"https:\/\/now-news.de\/de\/deutschland\/europa-erlebte-den-heissesten-sommer-seit-beginn-der-aufzeichnungen\/#respond\"]}]},{\"@type\":\"WebPage\",\"@id\":\"https:\/\/now-news.de\/de\/deutschland\/europa-erlebte-den-heissesten-sommer-seit-beginn-der-aufzeichnungen\/\",\"url\":\"https:\/\/now-news.de\/de\/deutschland\/europa-erlebte-den-heissesten-sommer-seit-beginn-der-aufzeichnungen\/\",\"name\":\"Europa erlebte den hei\u00dfesten Sommer seit Beginn der Aufzeichnungen - just-now.NEWS Deutschland\",\"isPartOf\":{\"@id\":\"https:\/\/now-news.de\/de\/#website\"},\"primaryImageOfPage\":{\"@id\":\"https:\/\/now-news.de\/de\/deutschland\/europa-erlebte-den-heissesten-sommer-seit-beginn-der-aufzeichnungen\/#primaryimage\"},\"image\":{\"@id\":\"https:\/\/now-news.de\/de\/deutschland\/europa-erlebte-den-heissesten-sommer-seit-beginn-der-aufzeichnungen\/#primaryimage\"},\"thumbnailUrl\":\"https:\/\/now-news.de\/de\/wp-content\/uploads\/sites\/3\/2022\/09\/Europa-erlebte-den-heissesten-Sommer-seit-Beginn-der-Aufzeichnungen.jpg\",\"datePublished\":\"2022-09-09T04:15:00+00:00\",\"dateModified\":\"2022-09-09T04:15:00+00:00\",\"breadcrumb\":{\"@id\":\"https:\/\/now-news.de\/de\/deutschland\/europa-erlebte-den-heissesten-sommer-seit-beginn-der-aufzeichnungen\/#breadcrumb\"},\"inLanguage\":\"de\",\"potentialAction\":[{\"@type\":\"ReadAction\",\"target\":[\"https:\/\/now-news.de\/de\/deutschland\/europa-erlebte-den-heissesten-sommer-seit-beginn-der-aufzeichnungen\/\"]}]},{\"@type\":\"ImageObject\",\"inLanguage\":\"de\",\"@id\":\"https:\/\/now-news.de\/de\/deutschland\/europa-erlebte-den-heissesten-sommer-seit-beginn-der-aufzeichnungen\/#primaryimage\",\"url\":\"https:\/\/now-news.de\/de\/wp-content\/uploads\/sites\/3\/2022\/09\/Europa-erlebte-den-heissesten-Sommer-seit-Beginn-der-Aufzeichnungen.jpg\",\"contentUrl\":\"https:\/\/now-news.de\/de\/wp-content\/uploads\/sites\/3\/2022\/09\/Europa-erlebte-den-heissesten-Sommer-seit-Beginn-der-Aufzeichnungen.jpg\",\"width\":460,\"height\":259,\"caption\":\"Europa erlebte den hei\u00dfesten Sommer seit Beginn der Aufzeichnungen\"},{\"@type\":\"BreadcrumbList\",\"@id\":\"https:\/\/now-news.de\/de\/deutschland\/europa-erlebte-den-heissesten-sommer-seit-beginn-der-aufzeichnungen\/#breadcrumb\",\"itemListElement\":[{\"@type\":\"ListItem\",\"position\":1,\"name\":\"Home\",\"item\":\"https:\/\/now-news.de\/de\/\"},{\"@type\":\"ListItem\",\"position\":2,\"name\":\"Europa erlebte den hei\u00dfesten Sommer seit Beginn der Aufzeichnungen\"}]},{\"@type\":\"WebSite\",\"@id\":\"https:\/\/now-news.de\/de\/#website\",\"url\":\"https:\/\/now-news.de\/de\/\",\"name\":\"just-now.NEWS Deutschland\",\"description\":\"Das Portal f\u00fcr unzensierte Nachrichten aus der Welt\",\"publisher\":{\"@id\":\"https:\/\/now-news.de\/de\/#organization\"},\"potentialAction\":[{\"@type\":\"SearchAction\",\"target\":{\"@type\":\"EntryPoint\",\"urlTemplate\":\"https:\/\/now-news.de\/de\/?s={search_term_string}\"},\"query-input\":\"required name=search_term_string\"}],\"inLanguage\":\"de\"},{\"@type\":\"Organization\",\"@id\":\"https:\/\/now-news.de\/de\/#organization\",\"name\":\"Just Now News\",\"url\":\"https:\/\/now-news.de\/de\/\",\"logo\":{\"@type\":\"ImageObject\",\"inLanguage\":\"de\",\"@id\":\"https:\/\/now-news.de\/de\/#\/schema\/logo\/image\/\",\"url\":\"http:\/\/just-now.news\/de\/wp-content\/uploads\/sites\/3\/2022\/04\/logo500x500.jpg\",\"contentUrl\":\"http:\/\/just-now.news\/de\/wp-content\/uploads\/sites\/3\/2022\/04\/logo500x500.jpg\",\"width\":500,\"height\":500,\"caption\":\"Just Now News\"},\"image\":{\"@id\":\"https:\/\/now-news.de\/de\/#\/schema\/logo\/image\/\"},\"sameAs\":[\"https:\/\/www.facebook.com\/wirmachenauf\",\"https:\/\/x.com\/WirMachenAuf_de\"]},{\"@type\":\"Person\",\"@id\":\"https:\/\/now-news.de\/de\/#\/schema\/person\/fb534a4e865501d8b3285208df34a9b5\",\"name\":\"rtnews\",\"image\":{\"@type\":\"ImageObject\",\"inLanguage\":\"de\",\"@id\":\"https:\/\/now-news.de\/de\/#\/schema\/person\/image\/\",\"url\":\"https:\/\/secure.gravatar.com\/avatar\/82aafea7d8127119dd649515f56e2117?s=96&d=mm&r=g\",\"contentUrl\":\"https:\/\/secure.gravatar.com\/avatar\/82aafea7d8127119dd649515f56e2117?s=96&d=mm&r=g\",\"caption\":\"rtnews\"},\"url\":\"https:\/\/now-news.de\/de\/author\/rnews\/\"}]}<\/script>\n<!-- \/ Yoast SEO Premium plugin. -->","yoast_head_json":{"title":"Europa erlebte den hei\u00dfesten Sommer seit Beginn der Aufzeichnungen - just-now.NEWS Deutschland","robots":{"index":"index","follow":"follow","max-snippet":"max-snippet:-1","max-image-preview":"max-image-preview:large","max-video-preview":"max-video-preview:-1"},"canonical":"https:\/\/now-news.de\/de\/deutschland\/europa-erlebte-den-heissesten-sommer-seit-beginn-der-aufzeichnungen\/","og_locale":"de_DE","og_type":"article","og_title":"Europa erlebte den hei\u00dfesten Sommer seit Beginn der Aufzeichnungen","og_description":"In Europa war der Sommer 2022 der hei\u00dfeste seit Beginn der Aufzeichnungen, wie der Copernicus Climate Change Service mitteilte. Die Durchschnittstemperatur im August \u00fcbertraf die bisherigen Temperaturrekorde deutlich. Der Sommer 2022 war der hei\u00dfeste in der europ\u00e4ischen Geschichte, wie der Copernicus Climate Change Service &#8211; ein von der EU finanzierter Klimadienst zur Beobachtung des Klimawandels [&hellip;]","og_url":"https:\/\/now-news.de\/de\/deutschland\/europa-erlebte-den-heissesten-sommer-seit-beginn-der-aufzeichnungen\/","og_site_name":"just-now.NEWS Deutschland","article_publisher":"https:\/\/www.facebook.com\/wirmachenauf","article_published_time":"2022-09-09T04:15:00+00:00","og_image":[{"width":460,"height":259,"url":"https:\/\/now-news.de\/de\/wp-content\/uploads\/sites\/3\/2022\/09\/Europa-erlebte-den-heissesten-Sommer-seit-Beginn-der-Aufzeichnungen.jpg","type":"image\/jpeg"}],"author":"rtnews","twitter_card":"summary_large_image","twitter_creator":"@WirMachenAuf_de","twitter_site":"@WirMachenAuf_de","twitter_misc":{"Verfasst von":"rtnews","Gesch\u00e4tzte Lesezeit":"2\u00a0Minuten"},"schema":{"@context":"https:\/\/schema.org","@graph":[{"@type":"Article","@id":"https:\/\/now-news.de\/de\/deutschland\/europa-erlebte-den-heissesten-sommer-seit-beginn-der-aufzeichnungen\/#article","isPartOf":{"@id":"https:\/\/now-news.de\/de\/deutschland\/europa-erlebte-den-heissesten-sommer-seit-beginn-der-aufzeichnungen\/"},"author":{"name":"rtnews","@id":"https:\/\/now-news.de\/de\/#\/schema\/person\/fb534a4e865501d8b3285208df34a9b5"},"headline":"Europa erlebte den hei\u00dfesten Sommer seit Beginn der Aufzeichnungen","datePublished":"2022-09-09T04:15:00+00:00","dateModified":"2022-09-09T04:15:00+00:00","mainEntityOfPage":{"@id":"https:\/\/now-news.de\/de\/deutschland\/europa-erlebte-den-heissesten-sommer-seit-beginn-der-aufzeichnungen\/"},"wordCount":387,"commentCount":0,"publisher":{"@id":"https:\/\/now-news.de\/de\/#organization"},"image":{"@id":"https:\/\/now-news.de\/de\/deutschland\/europa-erlebte-den-heissesten-sommer-seit-beginn-der-aufzeichnungen\/#primaryimage"},"thumbnailUrl":"https:\/\/now-news.de\/de\/wp-content\/uploads\/sites\/3\/2022\/09\/Europa-erlebte-den-heissesten-Sommer-seit-Beginn-der-Aufzeichnungen.jpg","keywords":["Aufzeichnungen","Beginn","den","der","erlebte","Europa","hei\u00dfesten","seit","Sommer"],"articleSection":["Deutschland","Russland"],"inLanguage":"de","potentialAction":[{"@type":"CommentAction","name":"Comment","target":["https:\/\/now-news.de\/de\/deutschland\/europa-erlebte-den-heissesten-sommer-seit-beginn-der-aufzeichnungen\/#respond"]}]},{"@type":"WebPage","@id":"https:\/\/now-news.de\/de\/deutschland\/europa-erlebte-den-heissesten-sommer-seit-beginn-der-aufzeichnungen\/","url":"https:\/\/now-news.de\/de\/deutschland\/europa-erlebte-den-heissesten-sommer-seit-beginn-der-aufzeichnungen\/","name":"Europa erlebte den hei\u00dfesten Sommer seit Beginn der Aufzeichnungen - just-now.NEWS Deutschland","isPartOf":{"@id":"https:\/\/now-news.de\/de\/#website"},"primaryImageOfPage":{"@id":"https:\/\/now-news.de\/de\/deutschland\/europa-erlebte-den-heissesten-sommer-seit-beginn-der-aufzeichnungen\/#primaryimage"},"image":{"@id":"https:\/\/now-news.de\/de\/deutschland\/europa-erlebte-den-heissesten-sommer-seit-beginn-der-aufzeichnungen\/#primaryimage"},"thumbnailUrl":"https:\/\/now-news.de\/de\/wp-content\/uploads\/sites\/3\/2022\/09\/Europa-erlebte-den-heissesten-Sommer-seit-Beginn-der-Aufzeichnungen.jpg","datePublished":"2022-09-09T04:15:00+00:00","dateModified":"2022-09-09T04:15:00+00:00","breadcrumb":{"@id":"https:\/\/now-news.de\/de\/deutschland\/europa-erlebte-den-heissesten-sommer-seit-beginn-der-aufzeichnungen\/#breadcrumb"},"inLanguage":"de","potentialAction":[{"@type":"ReadAction","target":["https:\/\/now-news.de\/de\/deutschland\/europa-erlebte-den-heissesten-sommer-seit-beginn-der-aufzeichnungen\/"]}]},{"@type":"ImageObject","inLanguage":"de","@id":"https:\/\/now-news.de\/de\/deutschland\/europa-erlebte-den-heissesten-sommer-seit-beginn-der-aufzeichnungen\/#primaryimage","url":"https:\/\/now-news.de\/de\/wp-content\/uploads\/sites\/3\/2022\/09\/Europa-erlebte-den-heissesten-Sommer-seit-Beginn-der-Aufzeichnungen.jpg","contentUrl":"https:\/\/now-news.de\/de\/wp-content\/uploads\/sites\/3\/2022\/09\/Europa-erlebte-den-heissesten-Sommer-seit-Beginn-der-Aufzeichnungen.jpg","width":460,"height":259,"caption":"Europa erlebte den hei\u00dfesten Sommer seit Beginn der Aufzeichnungen"},{"@type":"BreadcrumbList","@id":"https:\/\/now-news.de\/de\/deutschland\/europa-erlebte-den-heissesten-sommer-seit-beginn-der-aufzeichnungen\/#breadcrumb","itemListElement":[{"@type":"ListItem","position":1,"name":"Home","item":"https:\/\/now-news.de\/de\/"},{"@type":"ListItem","position":2,"name":"Europa erlebte den hei\u00dfesten Sommer seit Beginn der Aufzeichnungen"}]},{"@type":"WebSite","@id":"https:\/\/now-news.de\/de\/#website","url":"https:\/\/now-news.de\/de\/","name":"just-now.NEWS Deutschland","description":"Das Portal f\u00fcr unzensierte Nachrichten aus der Welt","publisher":{"@id":"https:\/\/now-news.de\/de\/#organization"},"potentialAction":[{"@type":"SearchAction","target":{"@type":"EntryPoint","urlTemplate":"https:\/\/now-news.de\/de\/?s={search_term_string}"},"query-input":"required name=search_term_string"}],"inLanguage":"de"},{"@type":"Organization","@id":"https:\/\/now-news.de\/de\/#organization","name":"Just Now News","url":"https:\/\/now-news.de\/de\/","logo":{"@type":"ImageObject","inLanguage":"de","@id":"https:\/\/now-news.de\/de\/#\/schema\/logo\/image\/","url":"http:\/\/just-now.news\/de\/wp-content\/uploads\/sites\/3\/2022\/04\/logo500x500.jpg","contentUrl":"http:\/\/just-now.news\/de\/wp-content\/uploads\/sites\/3\/2022\/04\/logo500x500.jpg","width":500,"height":500,"caption":"Just Now News"},"image":{"@id":"https:\/\/now-news.de\/de\/#\/schema\/logo\/image\/"},"sameAs":["https:\/\/www.facebook.com\/wirmachenauf","https:\/\/x.com\/WirMachenAuf_de"]},{"@type":"Person","@id":"https:\/\/now-news.de\/de\/#\/schema\/person\/fb534a4e865501d8b3285208df34a9b5","name":"rtnews","image":{"@type":"ImageObject","inLanguage":"de","@id":"https:\/\/now-news.de\/de\/#\/schema\/person\/image\/","url":"https:\/\/secure.gravatar.com\/avatar\/82aafea7d8127119dd649515f56e2117?s=96&d=mm&r=g","contentUrl":"https:\/\/secure.gravatar.com\/avatar\/82aafea7d8127119dd649515f56e2117?s=96&d=mm&r=g","caption":"rtnews"},"url":"https:\/\/now-news.de\/de\/author\/rnews\/"}]}},"_links":{"self":[{"href":"https:\/\/now-news.de\/de\/wp-json\/wp\/v2\/posts\/18739"}],"collection":[{"href":"https:\/\/now-news.de\/de\/wp-json\/wp\/v2\/posts"}],"about":[{"href":"https:\/\/now-news.de\/de\/wp-json\/wp\/v2\/types\/post"}],"author":[{"embeddable":true,"href":"https:\/\/now-news.de\/de\/wp-json\/wp\/v2\/users\/3"}],"replies":[{"embeddable":true,"href":"https:\/\/now-news.de\/de\/wp-json\/wp\/v2\/comments?post=18739"}],"version-history":[{"count":0,"href":"https:\/\/now-news.de\/de\/wp-json\/wp\/v2\/posts\/18739\/revisions"}],"wp:featuredmedia":[{"embeddable":true,"href":"https:\/\/now-news.de\/de\/wp-json\/wp\/v2\/media\/18740"}],"wp:attachment":[{"href":"https:\/\/now-news.de\/de\/wp-json\/wp\/v2\/media?parent=18739"}],"wp:term":[{"taxonomy":"category","embeddable":true,"href":"https:\/\/now-news.de\/de\/wp-json\/wp\/v2\/categories?post=18739"},{"taxonomy":"post_tag","embeddable":true,"href":"https:\/\/now-news.de\/de\/wp-json\/wp\/v2\/tags?post=18739"}],"curies":[{"name":"wp","href":"https:\/\/api.w.org\/{rel}","templated":true}]}}