{"id":18711,"date":"2022-09-08T21:45:09","date_gmt":"2022-09-08T19:45:09","guid":{"rendered":"http:\/\/just-now.news\/de\/deutschland\/spd-abgeordneter-bezeichnet-afd-im-bundestag-als-vaterlandslose-gesellen-kubicki-schreitet-ein\/"},"modified":"2022-09-08T21:45:09","modified_gmt":"2022-09-08T19:45:09","slug":"spd-abgeordneter-bezeichnet-afd-im-bundestag-als-vaterlandslose-gesellen-kubicki-schreitet-ein","status":"publish","type":"post","link":"https:\/\/now-news.de\/de\/deutschland\/spd-abgeordneter-bezeichnet-afd-im-bundestag-als-vaterlandslose-gesellen-kubicki-schreitet-ein\/","title":{"rendered":"SPD-Abgeordneter bezeichnet AfD im Bundestag als &quot;vaterlandslose Gesellen&quot; &#8211; Kubicki schreitet ein"},"content":{"rendered":"<p><img decoding=\"async\" src=\"http:\/\/just-now.news\/de\/wp-content\/uploads\/sites\/3\/2022\/09\/631a342548fbef2a0231ae2c.jpg\" \/><\/p>\n<div class=\"Text-root Text-type_1 \">\n                Im Bundestag musste Bundestagsvizepr\u00e4sident Wolfgang Kubicki (FDP) am Donnerstag verbal durchgreifen. Dass ausgerechnet ein SPD-Abgeordneter die AfD als &#8220;vaterlandslose Gesellen&#8221; bezeichnete, war dem 70-J\u00e4hrigen offenkundig zu viel des &#8220;Guten&#8221;.\n            <\/div>\n<p><\/p>\n<div class=\"Text-root Text-type_5 ArticleView-text ViewText-root \">\n<p>In der Debatte um das am Donnerstag verabschiedete neue Infektionsschutzgesetz <a rel=\"nofollow noopener\" target=\"_blank\" href=\"https:\/\/www.bundestag.de\/mediathek?videoid=7538833#url=L21lZGlhdGhla292ZXJsYXk\/dmlkZW9pZD03NTM4ODMz&amp;mod=mediathek\">\u00e4u\u00dferte<\/a> sich auch der SPD-Abgeordnete Andreas Philippi. Ehe er zum eigentlichen Thema kam, kritisierte er sichtlich und h\u00f6rbar emotionalisiert die AfD. Mit Bezug auf &#8220;einen <a rel=\"nofollow noopener\" target=\"_blank\" href=\"https:\/\/taz.de\/Vergessen-das-Mikro-auszuschalten\/!5876687\/\">taz-Artikel<\/a>&#8221; und die Aussagen eines AfD-Politikers warf er der Partei in G\u00e4nze vor, sie hoffe auf wenig Gas im Winter, damit die Leute frieren &#8211; und so in gr\u00f6\u00dferer Zahl auf die Stra\u00dfe gehen. Konkret sagte er in Richtung AfD-Fraktion:<\/p>\n<blockquote>\n<p><em>&#8220;Sie nehmen billigend in Kauf, dass Menschen frieren, sterben! Sie hassen dieses Land! Sie sind vaterlandslose Gesellen!&#8221;<\/em><\/p>\n<\/blockquote>\n<p>Daraufhin schritt Bundestagsvizepr\u00e4sident Wolfgang Kubicki ein und mahnte an, man solle sich im Bundestag nicht mit &#8220;Kategorien&#8221; wie &#8220;vaterlandslose Gesellen traktieren&#8221;. Daraufhin f\u00fchrte Philippi zum eigentlichen Thema aus und betonte, dass sich eine soziale Gesellschaft dadurch auszeichne, &#8220;wie man mit den Schw\u00e4chsten umgeht, wie man mit schwerer Krankheit und t\u00f6dlicher Krankheit umgeht&#8221;. Weiter stellte er die Fragen in den Raum: &#8220;Wie finanzieren wir unser Gemeinwesen und sch\u00fctzen unseren Wohlstand? Wie sichern wir eine gute und gesunde Zukunft f\u00fcr uns alle? Wie gelingt der Spagat zwischen pers\u00f6nlichen Freiheitsrechten und gesamtgesellschaftlicher Solidarit\u00e4t?&#8221;. Er betonte, man habe &#8220;aus 30 Monaten gelernt&#8221; und die Ampel \u00fcbernehme mit dem Gesetzentwurf &#8220;Verantwortung&#8221;.<\/p>\n<p>In der Abstimmung am Nachmittag im Bundestag stimmten SPD, FDP und B\u00fcndnis 90\/Die Gr\u00fcnen f\u00fcr ein Gesetzespaket, das vom 1. Oktober 2022 bis zum 7. April 2023 gelten soll und weitreichende Vorgaben zu Masken und Tests vorsieht. Die L\u00e4nder sollen die Vorschriften verh\u00e4ngen und je nach Lage ausweiten k\u00f6nnen. Die Union, die AfD und die Abgeordneten der Linken <a rel=\"nofollow noopener\" target=\"_blank\" href=\"https:\/\/www.bundestag.de\/parlament\/plenum\/abstimmung\/abstimmung?id=797\">stimmten<\/a> jeweils fast geschlossen gegen das Gesetz.<\/p>\n<p><strong>Mehr zum Thema<\/strong> &#8211; <a rel=\"nofollow noopener\" target=\"_blank\" href=\"https:\/\/test.rtde.tech\/kurzclips\/video\/148411-afd-abgeordneter-grune-kommunisten-betreiben\/\">AfD-Abgeordneter: &#8220;Gr\u00fcne Kommunisten&#8221; betreiben die d\u00fcmmste Energiepolitik der Welt<\/a><\/p>\n<\/p>\n<\/div>\n<p><br \/>\n<br \/><a href=\"https:\/\/de.rt.com\/inland\/148408-spd-abgeordneter-bezeichnet-afd-im\/\">Source link <\/a><\/p>\n","protected":false},"excerpt":{"rendered":"<p>Im Bundestag musste Bundestagsvizepr\u00e4sident Wolfgang Kubicki (FDP) am Donnerstag verbal durchgreifen. Dass ausgerechnet ein SPD-Abgeordneter die AfD als &#8220;vaterlandslose Gesellen&#8221; bezeichnete, war dem 70-J\u00e4hrigen offenkundig zu viel des &#8220;Guten&#8221;. In der Debatte um das am Donnerstag verabschiedete neue Infektionsschutzgesetz \u00e4u\u00dferte sich auch der SPD-Abgeordnete Andreas Philippi. Ehe er zum eigentlichen Thema kam, kritisierte er sichtlich [&hellip;]<\/p>\n","protected":false},"author":3,"featured_media":18712,"comment_status":"open","ping_status":"open","sticky":false,"template":"","format":"standard","meta":{"wp_automatic_camp":["217"],"9a8f32439eb9cb18d369dd39303a8afd":["SPD-Abgeordneter bezeichnet AfD im Bundestag als &quot;vaterlandslose Gesellen&quot; - Kubicki schreitet ein"],"original_link":["https:\/\/de.rt.com\/inland\/148408-spd-abgeordneter-bezeichnet-afd-im\/"],"_thumbnail_id":["18712"],"_wptg_p2tg_sent2tg":["2022-09-08 22:00:13"],"jnews_social_counter_last_update":["1777708128"]},"categories":[19,23],"tags":[3815,273,7183,2105,357,32554,21290,32553,32555,32552],"yoast_head":"<!-- This site is optimized with the Yoast SEO Premium plugin v22.7 (Yoast SEO v22.7) - https:\/\/yoast.com\/wordpress\/plugins\/seo\/ -->\n<title>SPD-Abgeordneter bezeichnet AfD im Bundestag als &quot;vaterlandslose Gesellen&quot; - Kubicki schreitet ein - just-now.NEWS Deutschland<\/title>\n<meta name=\"robots\" content=\"index, follow, max-snippet:-1, max-image-preview:large, max-video-preview:-1\" \/>\n<link rel=\"canonical\" href=\"https:\/\/now-news.de\/de\/deutschland\/spd-abgeordneter-bezeichnet-afd-im-bundestag-als-vaterlandslose-gesellen-kubicki-schreitet-ein\/\" \/>\n<meta property=\"og:locale\" content=\"de_DE\" \/>\n<meta property=\"og:type\" content=\"article\" \/>\n<meta property=\"og:title\" content=\"SPD-Abgeordneter bezeichnet AfD im Bundestag als &quot;vaterlandslose Gesellen&quot; - Kubicki schreitet ein\" \/>\n<meta property=\"og:description\" content=\"Im Bundestag musste Bundestagsvizepr\u00e4sident Wolfgang Kubicki (FDP) am Donnerstag verbal durchgreifen. Dass ausgerechnet ein SPD-Abgeordneter die AfD als &#8220;vaterlandslose Gesellen&#8221; bezeichnete, war dem 70-J\u00e4hrigen offenkundig zu viel des &#8220;Guten&#8221;. In der Debatte um das am Donnerstag verabschiedete neue Infektionsschutzgesetz \u00e4u\u00dferte sich auch der SPD-Abgeordnete Andreas Philippi. Ehe er zum eigentlichen Thema kam, kritisierte er sichtlich [&hellip;]\" \/>\n<meta property=\"og:url\" content=\"https:\/\/now-news.de\/de\/deutschland\/spd-abgeordneter-bezeichnet-afd-im-bundestag-als-vaterlandslose-gesellen-kubicki-schreitet-ein\/\" \/>\n<meta property=\"og:site_name\" content=\"just-now.NEWS Deutschland\" \/>\n<meta property=\"article:publisher\" content=\"https:\/\/www.facebook.com\/wirmachenauf\" \/>\n<meta property=\"article:published_time\" content=\"2022-09-08T19:45:09+00:00\" \/>\n<meta property=\"og:image\" content=\"https:\/\/now-news.de\/de\/wp-content\/uploads\/sites\/3\/2022\/09\/SPD-Abgeordneter-bezeichnet-AfD-im-Bundestag-als-quotvaterlandslose-Gesellenquot-Kubicki.jpg\" \/>\n\t<meta property=\"og:image:width\" content=\"460\" \/>\n\t<meta property=\"og:image:height\" content=\"259\" \/>\n\t<meta property=\"og:image:type\" content=\"image\/jpeg\" \/>\n<meta name=\"author\" content=\"rtnews\" \/>\n<meta name=\"twitter:card\" content=\"summary_large_image\" \/>\n<meta name=\"twitter:creator\" content=\"@WirMachenAuf_de\" \/>\n<meta name=\"twitter:site\" content=\"@WirMachenAuf_de\" \/>\n<meta name=\"twitter:label1\" content=\"Verfasst von\" \/>\n\t<meta name=\"twitter:data1\" content=\"rtnews\" \/>\n\t<meta name=\"twitter:label2\" content=\"Gesch\u00e4tzte Lesezeit\" \/>\n\t<meta name=\"twitter:data2\" content=\"2\u00a0Minuten\" \/>\n<script type=\"application\/ld+json\" class=\"yoast-schema-graph\">{\"@context\":\"https:\/\/schema.org\",\"@graph\":[{\"@type\":\"Article\",\"@id\":\"https:\/\/now-news.de\/de\/deutschland\/spd-abgeordneter-bezeichnet-afd-im-bundestag-als-vaterlandslose-gesellen-kubicki-schreitet-ein\/#article\",\"isPartOf\":{\"@id\":\"https:\/\/now-news.de\/de\/deutschland\/spd-abgeordneter-bezeichnet-afd-im-bundestag-als-vaterlandslose-gesellen-kubicki-schreitet-ein\/\"},\"author\":{\"name\":\"rtnews\",\"@id\":\"https:\/\/now-news.de\/de\/#\/schema\/person\/fb534a4e865501d8b3285208df34a9b5\"},\"headline\":\"SPD-Abgeordneter bezeichnet AfD im Bundestag als &quot;vaterlandslose Gesellen&quot; &#8211; Kubicki schreitet ein\",\"datePublished\":\"2022-09-08T19:45:09+00:00\",\"dateModified\":\"2022-09-08T19:45:09+00:00\",\"mainEntityOfPage\":{\"@id\":\"https:\/\/now-news.de\/de\/deutschland\/spd-abgeordneter-bezeichnet-afd-im-bundestag-als-vaterlandslose-gesellen-kubicki-schreitet-ein\/\"},\"wordCount\":340,\"commentCount\":0,\"publisher\":{\"@id\":\"https:\/\/now-news.de\/de\/#organization\"},\"image\":{\"@id\":\"https:\/\/now-news.de\/de\/deutschland\/spd-abgeordneter-bezeichnet-afd-im-bundestag-als-vaterlandslose-gesellen-kubicki-schreitet-ein\/#primaryimage\"},\"thumbnailUrl\":\"https:\/\/now-news.de\/de\/wp-content\/uploads\/sites\/3\/2022\/09\/SPD-Abgeordneter-bezeichnet-AfD-im-Bundestag-als-quotvaterlandslose-Gesellenquot-Kubicki.jpg\",\"keywords\":[\"AfD\",\"als\",\"bezeichnet\",\"Bundestag\",\"ein\",\"Gesellenquot\",\"Kubicki\",\"quotvaterlandslose\",\"schreitet\",\"SPDAbgeordneter\"],\"articleSection\":[\"Deutschland\",\"Russland\"],\"inLanguage\":\"de\",\"potentialAction\":[{\"@type\":\"CommentAction\",\"name\":\"Comment\",\"target\":[\"https:\/\/now-news.de\/de\/deutschland\/spd-abgeordneter-bezeichnet-afd-im-bundestag-als-vaterlandslose-gesellen-kubicki-schreitet-ein\/#respond\"]}]},{\"@type\":\"WebPage\",\"@id\":\"https:\/\/now-news.de\/de\/deutschland\/spd-abgeordneter-bezeichnet-afd-im-bundestag-als-vaterlandslose-gesellen-kubicki-schreitet-ein\/\",\"url\":\"https:\/\/now-news.de\/de\/deutschland\/spd-abgeordneter-bezeichnet-afd-im-bundestag-als-vaterlandslose-gesellen-kubicki-schreitet-ein\/\",\"name\":\"SPD-Abgeordneter bezeichnet AfD im Bundestag als &quot;vaterlandslose Gesellen&quot; - Kubicki schreitet ein - just-now.NEWS Deutschland\",\"isPartOf\":{\"@id\":\"https:\/\/now-news.de\/de\/#website\"},\"primaryImageOfPage\":{\"@id\":\"https:\/\/now-news.de\/de\/deutschland\/spd-abgeordneter-bezeichnet-afd-im-bundestag-als-vaterlandslose-gesellen-kubicki-schreitet-ein\/#primaryimage\"},\"image\":{\"@id\":\"https:\/\/now-news.de\/de\/deutschland\/spd-abgeordneter-bezeichnet-afd-im-bundestag-als-vaterlandslose-gesellen-kubicki-schreitet-ein\/#primaryimage\"},\"thumbnailUrl\":\"https:\/\/now-news.de\/de\/wp-content\/uploads\/sites\/3\/2022\/09\/SPD-Abgeordneter-bezeichnet-AfD-im-Bundestag-als-quotvaterlandslose-Gesellenquot-Kubicki.jpg\",\"datePublished\":\"2022-09-08T19:45:09+00:00\",\"dateModified\":\"2022-09-08T19:45:09+00:00\",\"breadcrumb\":{\"@id\":\"https:\/\/now-news.de\/de\/deutschland\/spd-abgeordneter-bezeichnet-afd-im-bundestag-als-vaterlandslose-gesellen-kubicki-schreitet-ein\/#breadcrumb\"},\"inLanguage\":\"de\",\"potentialAction\":[{\"@type\":\"ReadAction\",\"target\":[\"https:\/\/now-news.de\/de\/deutschland\/spd-abgeordneter-bezeichnet-afd-im-bundestag-als-vaterlandslose-gesellen-kubicki-schreitet-ein\/\"]}]},{\"@type\":\"ImageObject\",\"inLanguage\":\"de\",\"@id\":\"https:\/\/now-news.de\/de\/deutschland\/spd-abgeordneter-bezeichnet-afd-im-bundestag-als-vaterlandslose-gesellen-kubicki-schreitet-ein\/#primaryimage\",\"url\":\"https:\/\/now-news.de\/de\/wp-content\/uploads\/sites\/3\/2022\/09\/SPD-Abgeordneter-bezeichnet-AfD-im-Bundestag-als-quotvaterlandslose-Gesellenquot-Kubicki.jpg\",\"contentUrl\":\"https:\/\/now-news.de\/de\/wp-content\/uploads\/sites\/3\/2022\/09\/SPD-Abgeordneter-bezeichnet-AfD-im-Bundestag-als-quotvaterlandslose-Gesellenquot-Kubicki.jpg\",\"width\":460,\"height\":259,\"caption\":\"SPD-Abgeordneter bezeichnet AfD im Bundestag als &quot;vaterlandslose Gesellen&quot; - Kubicki schreitet ein\"},{\"@type\":\"BreadcrumbList\",\"@id\":\"https:\/\/now-news.de\/de\/deutschland\/spd-abgeordneter-bezeichnet-afd-im-bundestag-als-vaterlandslose-gesellen-kubicki-schreitet-ein\/#breadcrumb\",\"itemListElement\":[{\"@type\":\"ListItem\",\"position\":1,\"name\":\"Home\",\"item\":\"https:\/\/now-news.de\/de\/\"},{\"@type\":\"ListItem\",\"position\":2,\"name\":\"SPD-Abgeordneter bezeichnet AfD im Bundestag als &quot;vaterlandslose Gesellen&quot; &#8211; Kubicki schreitet ein\"}]},{\"@type\":\"WebSite\",\"@id\":\"https:\/\/now-news.de\/de\/#website\",\"url\":\"https:\/\/now-news.de\/de\/\",\"name\":\"just-now.NEWS Deutschland\",\"description\":\"Das Portal f\u00fcr unzensierte Nachrichten aus der Welt\",\"publisher\":{\"@id\":\"https:\/\/now-news.de\/de\/#organization\"},\"potentialAction\":[{\"@type\":\"SearchAction\",\"target\":{\"@type\":\"EntryPoint\",\"urlTemplate\":\"https:\/\/now-news.de\/de\/?s={search_term_string}\"},\"query-input\":\"required name=search_term_string\"}],\"inLanguage\":\"de\"},{\"@type\":\"Organization\",\"@id\":\"https:\/\/now-news.de\/de\/#organization\",\"name\":\"Just Now News\",\"url\":\"https:\/\/now-news.de\/de\/\",\"logo\":{\"@type\":\"ImageObject\",\"inLanguage\":\"de\",\"@id\":\"https:\/\/now-news.de\/de\/#\/schema\/logo\/image\/\",\"url\":\"http:\/\/just-now.news\/de\/wp-content\/uploads\/sites\/3\/2022\/04\/logo500x500.jpg\",\"contentUrl\":\"http:\/\/just-now.news\/de\/wp-content\/uploads\/sites\/3\/2022\/04\/logo500x500.jpg\",\"width\":500,\"height\":500,\"caption\":\"Just Now News\"},\"image\":{\"@id\":\"https:\/\/now-news.de\/de\/#\/schema\/logo\/image\/\"},\"sameAs\":[\"https:\/\/www.facebook.com\/wirmachenauf\",\"https:\/\/x.com\/WirMachenAuf_de\"]},{\"@type\":\"Person\",\"@id\":\"https:\/\/now-news.de\/de\/#\/schema\/person\/fb534a4e865501d8b3285208df34a9b5\",\"name\":\"rtnews\",\"image\":{\"@type\":\"ImageObject\",\"inLanguage\":\"de\",\"@id\":\"https:\/\/now-news.de\/de\/#\/schema\/person\/image\/\",\"url\":\"https:\/\/secure.gravatar.com\/avatar\/82aafea7d8127119dd649515f56e2117?s=96&d=mm&r=g\",\"contentUrl\":\"https:\/\/secure.gravatar.com\/avatar\/82aafea7d8127119dd649515f56e2117?s=96&d=mm&r=g\",\"caption\":\"rtnews\"},\"url\":\"https:\/\/now-news.de\/de\/author\/rnews\/\"}]}<\/script>\n<!-- \/ Yoast SEO Premium plugin. -->","yoast_head_json":{"title":"SPD-Abgeordneter bezeichnet AfD im Bundestag als &quot;vaterlandslose Gesellen&quot; - Kubicki schreitet ein - just-now.NEWS Deutschland","robots":{"index":"index","follow":"follow","max-snippet":"max-snippet:-1","max-image-preview":"max-image-preview:large","max-video-preview":"max-video-preview:-1"},"canonical":"https:\/\/now-news.de\/de\/deutschland\/spd-abgeordneter-bezeichnet-afd-im-bundestag-als-vaterlandslose-gesellen-kubicki-schreitet-ein\/","og_locale":"de_DE","og_type":"article","og_title":"SPD-Abgeordneter bezeichnet AfD im Bundestag als &quot;vaterlandslose Gesellen&quot; - Kubicki schreitet ein","og_description":"Im Bundestag musste Bundestagsvizepr\u00e4sident Wolfgang Kubicki (FDP) am Donnerstag verbal durchgreifen. Dass ausgerechnet ein SPD-Abgeordneter die AfD als &#8220;vaterlandslose Gesellen&#8221; bezeichnete, war dem 70-J\u00e4hrigen offenkundig zu viel des &#8220;Guten&#8221;. In der Debatte um das am Donnerstag verabschiedete neue Infektionsschutzgesetz \u00e4u\u00dferte sich auch der SPD-Abgeordnete Andreas Philippi. Ehe er zum eigentlichen Thema kam, kritisierte er sichtlich [&hellip;]","og_url":"https:\/\/now-news.de\/de\/deutschland\/spd-abgeordneter-bezeichnet-afd-im-bundestag-als-vaterlandslose-gesellen-kubicki-schreitet-ein\/","og_site_name":"just-now.NEWS Deutschland","article_publisher":"https:\/\/www.facebook.com\/wirmachenauf","article_published_time":"2022-09-08T19:45:09+00:00","og_image":[{"width":460,"height":259,"url":"https:\/\/now-news.de\/de\/wp-content\/uploads\/sites\/3\/2022\/09\/SPD-Abgeordneter-bezeichnet-AfD-im-Bundestag-als-quotvaterlandslose-Gesellenquot-Kubicki.jpg","type":"image\/jpeg"}],"author":"rtnews","twitter_card":"summary_large_image","twitter_creator":"@WirMachenAuf_de","twitter_site":"@WirMachenAuf_de","twitter_misc":{"Verfasst von":"rtnews","Gesch\u00e4tzte Lesezeit":"2\u00a0Minuten"},"schema":{"@context":"https:\/\/schema.org","@graph":[{"@type":"Article","@id":"https:\/\/now-news.de\/de\/deutschland\/spd-abgeordneter-bezeichnet-afd-im-bundestag-als-vaterlandslose-gesellen-kubicki-schreitet-ein\/#article","isPartOf":{"@id":"https:\/\/now-news.de\/de\/deutschland\/spd-abgeordneter-bezeichnet-afd-im-bundestag-als-vaterlandslose-gesellen-kubicki-schreitet-ein\/"},"author":{"name":"rtnews","@id":"https:\/\/now-news.de\/de\/#\/schema\/person\/fb534a4e865501d8b3285208df34a9b5"},"headline":"SPD-Abgeordneter bezeichnet AfD im Bundestag als &quot;vaterlandslose Gesellen&quot; &#8211; Kubicki schreitet ein","datePublished":"2022-09-08T19:45:09+00:00","dateModified":"2022-09-08T19:45:09+00:00","mainEntityOfPage":{"@id":"https:\/\/now-news.de\/de\/deutschland\/spd-abgeordneter-bezeichnet-afd-im-bundestag-als-vaterlandslose-gesellen-kubicki-schreitet-ein\/"},"wordCount":340,"commentCount":0,"publisher":{"@id":"https:\/\/now-news.de\/de\/#organization"},"image":{"@id":"https:\/\/now-news.de\/de\/deutschland\/spd-abgeordneter-bezeichnet-afd-im-bundestag-als-vaterlandslose-gesellen-kubicki-schreitet-ein\/#primaryimage"},"thumbnailUrl":"https:\/\/now-news.de\/de\/wp-content\/uploads\/sites\/3\/2022\/09\/SPD-Abgeordneter-bezeichnet-AfD-im-Bundestag-als-quotvaterlandslose-Gesellenquot-Kubicki.jpg","keywords":["AfD","als","bezeichnet","Bundestag","ein","Gesellenquot","Kubicki","quotvaterlandslose","schreitet","SPDAbgeordneter"],"articleSection":["Deutschland","Russland"],"inLanguage":"de","potentialAction":[{"@type":"CommentAction","name":"Comment","target":["https:\/\/now-news.de\/de\/deutschland\/spd-abgeordneter-bezeichnet-afd-im-bundestag-als-vaterlandslose-gesellen-kubicki-schreitet-ein\/#respond"]}]},{"@type":"WebPage","@id":"https:\/\/now-news.de\/de\/deutschland\/spd-abgeordneter-bezeichnet-afd-im-bundestag-als-vaterlandslose-gesellen-kubicki-schreitet-ein\/","url":"https:\/\/now-news.de\/de\/deutschland\/spd-abgeordneter-bezeichnet-afd-im-bundestag-als-vaterlandslose-gesellen-kubicki-schreitet-ein\/","name":"SPD-Abgeordneter bezeichnet AfD im Bundestag als &quot;vaterlandslose Gesellen&quot; - Kubicki schreitet ein - just-now.NEWS Deutschland","isPartOf":{"@id":"https:\/\/now-news.de\/de\/#website"},"primaryImageOfPage":{"@id":"https:\/\/now-news.de\/de\/deutschland\/spd-abgeordneter-bezeichnet-afd-im-bundestag-als-vaterlandslose-gesellen-kubicki-schreitet-ein\/#primaryimage"},"image":{"@id":"https:\/\/now-news.de\/de\/deutschland\/spd-abgeordneter-bezeichnet-afd-im-bundestag-als-vaterlandslose-gesellen-kubicki-schreitet-ein\/#primaryimage"},"thumbnailUrl":"https:\/\/now-news.de\/de\/wp-content\/uploads\/sites\/3\/2022\/09\/SPD-Abgeordneter-bezeichnet-AfD-im-Bundestag-als-quotvaterlandslose-Gesellenquot-Kubicki.jpg","datePublished":"2022-09-08T19:45:09+00:00","dateModified":"2022-09-08T19:45:09+00:00","breadcrumb":{"@id":"https:\/\/now-news.de\/de\/deutschland\/spd-abgeordneter-bezeichnet-afd-im-bundestag-als-vaterlandslose-gesellen-kubicki-schreitet-ein\/#breadcrumb"},"inLanguage":"de","potentialAction":[{"@type":"ReadAction","target":["https:\/\/now-news.de\/de\/deutschland\/spd-abgeordneter-bezeichnet-afd-im-bundestag-als-vaterlandslose-gesellen-kubicki-schreitet-ein\/"]}]},{"@type":"ImageObject","inLanguage":"de","@id":"https:\/\/now-news.de\/de\/deutschland\/spd-abgeordneter-bezeichnet-afd-im-bundestag-als-vaterlandslose-gesellen-kubicki-schreitet-ein\/#primaryimage","url":"https:\/\/now-news.de\/de\/wp-content\/uploads\/sites\/3\/2022\/09\/SPD-Abgeordneter-bezeichnet-AfD-im-Bundestag-als-quotvaterlandslose-Gesellenquot-Kubicki.jpg","contentUrl":"https:\/\/now-news.de\/de\/wp-content\/uploads\/sites\/3\/2022\/09\/SPD-Abgeordneter-bezeichnet-AfD-im-Bundestag-als-quotvaterlandslose-Gesellenquot-Kubicki.jpg","width":460,"height":259,"caption":"SPD-Abgeordneter bezeichnet AfD im Bundestag als &quot;vaterlandslose Gesellen&quot; - Kubicki schreitet ein"},{"@type":"BreadcrumbList","@id":"https:\/\/now-news.de\/de\/deutschland\/spd-abgeordneter-bezeichnet-afd-im-bundestag-als-vaterlandslose-gesellen-kubicki-schreitet-ein\/#breadcrumb","itemListElement":[{"@type":"ListItem","position":1,"name":"Home","item":"https:\/\/now-news.de\/de\/"},{"@type":"ListItem","position":2,"name":"SPD-Abgeordneter bezeichnet AfD im Bundestag als &quot;vaterlandslose Gesellen&quot; &#8211; Kubicki schreitet ein"}]},{"@type":"WebSite","@id":"https:\/\/now-news.de\/de\/#website","url":"https:\/\/now-news.de\/de\/","name":"just-now.NEWS Deutschland","description":"Das Portal f\u00fcr unzensierte Nachrichten aus der Welt","publisher":{"@id":"https:\/\/now-news.de\/de\/#organization"},"potentialAction":[{"@type":"SearchAction","target":{"@type":"EntryPoint","urlTemplate":"https:\/\/now-news.de\/de\/?s={search_term_string}"},"query-input":"required name=search_term_string"}],"inLanguage":"de"},{"@type":"Organization","@id":"https:\/\/now-news.de\/de\/#organization","name":"Just Now News","url":"https:\/\/now-news.de\/de\/","logo":{"@type":"ImageObject","inLanguage":"de","@id":"https:\/\/now-news.de\/de\/#\/schema\/logo\/image\/","url":"http:\/\/just-now.news\/de\/wp-content\/uploads\/sites\/3\/2022\/04\/logo500x500.jpg","contentUrl":"http:\/\/just-now.news\/de\/wp-content\/uploads\/sites\/3\/2022\/04\/logo500x500.jpg","width":500,"height":500,"caption":"Just Now News"},"image":{"@id":"https:\/\/now-news.de\/de\/#\/schema\/logo\/image\/"},"sameAs":["https:\/\/www.facebook.com\/wirmachenauf","https:\/\/x.com\/WirMachenAuf_de"]},{"@type":"Person","@id":"https:\/\/now-news.de\/de\/#\/schema\/person\/fb534a4e865501d8b3285208df34a9b5","name":"rtnews","image":{"@type":"ImageObject","inLanguage":"de","@id":"https:\/\/now-news.de\/de\/#\/schema\/person\/image\/","url":"https:\/\/secure.gravatar.com\/avatar\/82aafea7d8127119dd649515f56e2117?s=96&d=mm&r=g","contentUrl":"https:\/\/secure.gravatar.com\/avatar\/82aafea7d8127119dd649515f56e2117?s=96&d=mm&r=g","caption":"rtnews"},"url":"https:\/\/now-news.de\/de\/author\/rnews\/"}]}},"_links":{"self":[{"href":"https:\/\/now-news.de\/de\/wp-json\/wp\/v2\/posts\/18711"}],"collection":[{"href":"https:\/\/now-news.de\/de\/wp-json\/wp\/v2\/posts"}],"about":[{"href":"https:\/\/now-news.de\/de\/wp-json\/wp\/v2\/types\/post"}],"author":[{"embeddable":true,"href":"https:\/\/now-news.de\/de\/wp-json\/wp\/v2\/users\/3"}],"replies":[{"embeddable":true,"href":"https:\/\/now-news.de\/de\/wp-json\/wp\/v2\/comments?post=18711"}],"version-history":[{"count":0,"href":"https:\/\/now-news.de\/de\/wp-json\/wp\/v2\/posts\/18711\/revisions"}],"wp:featuredmedia":[{"embeddable":true,"href":"https:\/\/now-news.de\/de\/wp-json\/wp\/v2\/media\/18712"}],"wp:attachment":[{"href":"https:\/\/now-news.de\/de\/wp-json\/wp\/v2\/media?parent=18711"}],"wp:term":[{"taxonomy":"category","embeddable":true,"href":"https:\/\/now-news.de\/de\/wp-json\/wp\/v2\/categories?post=18711"},{"taxonomy":"post_tag","embeddable":true,"href":"https:\/\/now-news.de\/de\/wp-json\/wp\/v2\/tags?post=18711"}],"curies":[{"name":"wp","href":"https:\/\/api.w.org\/{rel}","templated":true}]}}