{"id":18701,"date":"2022-09-08T20:28:47","date_gmt":"2022-09-08T18:28:47","guid":{"rendered":"http:\/\/just-now.news\/de\/deutschland\/weissrussland-beginnt-mit-landesweiten-manoevern-auch-an-der-grenze-zu-polen\/"},"modified":"2022-09-08T20:28:47","modified_gmt":"2022-09-08T18:28:47","slug":"weissrussland-beginnt-mit-landesweiten-manoevern-auch-an-der-grenze-zu-polen","status":"publish","type":"post","link":"https:\/\/now-news.de\/de\/deutschland\/weissrussland-beginnt-mit-landesweiten-manoevern-auch-an-der-grenze-zu-polen\/","title":{"rendered":"Wei\u00dfrussland beginnt mit landesweiten Man\u00f6vern \u2013 auch an der Grenze zu Polen"},"content":{"rendered":"<p><img decoding=\"async\" src=\"http:\/\/just-now.news\/de\/wp-content\/uploads\/sites\/3\/2022\/09\/631a09d448fbef3115292e9e.jpg\" \/><\/p>\n<div class=\"Text-root Text-type_1 \">\n                Nicht nur im Fernen Osten Russlands finden Milit\u00e4rman\u00f6ver statt \u2013 auch Minsk f\u00fchrt milit\u00e4rische \u00dcbungen im eigenen Land durch. \u00dcbrigens nicht zum ersten Mal in diesem Jahr und sicher nicht nur zu Trainingszwecken. Die Botschaft an Warschau und Kiew d\u00fcrfte klar sein.\n            <\/div>\n<p><\/p>\n<div class=\"Text-root Text-type_5 ArticleView-text ViewText-root \">\n<p>Inmitten erh\u00f6hter Spannungen mit dem Westen hat Wei\u00dfrussland Milit\u00e4r\u00fcbungen begonnen, bei denen Truppen f\u00fcr die Abwehr potenzieller Angreifer trainiert werden sollen, wie das Verteidigungsministerium in Minsk am Donnerstag mitteilte.<\/p>\n<blockquote>\n<p><em>&#8220;Die \u00dcbung wird es erm\u00f6glichen, (spezielle) Kampfeins\u00e4tze zu \u00fcben, um vor\u00fcbergehend vom Gegner besetztes Gebiet zu befreien&#8221;,<\/em><\/p>\n<\/blockquote>\n<p>hie\u00df es in der Erkl\u00e4rung aus der wei\u00dfrussischen Hauptstadt.<\/p>\n<p>Im Zuge der \u00dcbung sollen die Soldaten zudem die &#8220;Wiederherstellung der Kontrolle \u00fcber die Staatsgrenze&#8221;, eine enge Luftunterst\u00fctzung, die Durchsetzung des Kriegsrechts sowie ihre F\u00e4higkeiten, gegen gegnerische Kommandos oder illegale bewaffnete Gruppen zu k\u00e4mpfen, trainieren.<\/p>\n<p>Das Man\u00f6ver wird voraussichtlich bis zum 14. September dauern und in der Region Brest an der Grenze zu Polen und der Ukraine sowie in den Regionen Witebsk und Minsk stattfinden. Wei\u00dfrussland hat auch internationale Beobachter zur Teilnahme <a rel=\"nofollow noopener\" target=\"_blank\" href=\"https:\/\/ria.ru\/20220908\/uchenie-1815314214.html\">eingeladen<\/a>, um &#8220;maximale Transparenz&#8221; und den &#8220;Wunsch, die regionale Stabilit\u00e4t zu verbessern&#8221; zu demonstrieren.<\/p>\n<p>Wei\u00dfrussland begann mit der Planung der Man\u00f6ver, nachdem Pr\u00e4sident Alexander Lukaschenko im Juli unter Berufung auf die verst\u00e4rkten Aktivit\u00e4ten des Milit\u00e4rb\u00fcndnisses erkl\u00e4rt hatte, die NATO bereite sich auf einen Krieg in Osteuropa vor. Damals sagte er:<\/p>\n<blockquote>\n<p><em>&#8220;Es scheint, dass die neu ernannten &#8216;Kreuzritter&#8217; des Nordatlantischen B\u00fcndnisses pl\u00f6tzlich beschlossen haben, dass die Zeit reif ist f\u00fcr einen weiteren &#8216;Drang nach Osten&#8217; [im Original auf Deutsch; Anm. d. Red.].&#8221;<\/em><\/p>\n<\/blockquote>\n<p>Lukaschenko bezog sich dabei auf eine deutsche Idee zur Eroberung von L\u00e4ndern im Osten.<\/p>\n<p>Im August, inmitten des anhaltenden Konflikts zwischen Russland und der Ukraine, bezeichnete Lukaschenko Kiew als Bedrohung f\u00fcr die nationale Sicherheit Wei\u00dfrusslands und beschuldigte die ukrainische F\u00fchrung, regionale Spannungen zu sch\u00fcren und eine Politik zu verfolgen, die sich &#8220;gegen das eigene Volk richtet&#8221;.<\/p>\n<p>Die \u00dcbungen finden im Anschluss an die von Russland veranstalteten internationalen Milit\u00e4r\u00fcbungen Wostok 2022 statt, an denen auch wei\u00dfrussische Truppen teilnahmen.<\/p>\n<p><strong>Mehr zum Thema<\/strong> &#8211; <a rel=\"nofollow noopener\" target=\"_blank\" href=\"https:\/\/pressefreiheit.rtde.tech\/kurzclips\/video\/148034-militarmanover-wostok-2022-machtdemonstration-moskaus\/\">Milit\u00e4rman\u00f6ver &#8220;Wostok 2022&#8221; \u2013 Machtdemonstration Moskaus und Pekings im Fernen Osten?<\/a><\/p>\n<\/div>\n<p><br \/>\n<br \/><a href=\"https:\/\/de.rt.com\/europa\/148399-weissrussland-beginnt-mit-landesweiten-manovern\/\">Source link <\/a><\/p>\n","protected":false},"excerpt":{"rendered":"<p>Nicht nur im Fernen Osten Russlands finden Milit\u00e4rman\u00f6ver statt \u2013 auch Minsk f\u00fchrt milit\u00e4rische \u00dcbungen im eigenen Land durch. \u00dcbrigens nicht zum ersten Mal in diesem Jahr und sicher nicht nur zu Trainingszwecken. Die Botschaft an Warschau und Kiew d\u00fcrfte klar sein. Inmitten erh\u00f6hter Spannungen mit dem Westen hat Wei\u00dfrussland Milit\u00e4r\u00fcbungen begonnen, bei denen Truppen [&hellip;]<\/p>\n","protected":false},"author":3,"featured_media":18702,"comment_status":"open","ping_status":"open","sticky":false,"template":"","format":"standard","meta":{"wp_automatic_camp":["217"],"6123d6b9ea0aad86ec63d9398007a649":["Wei\u00dfrussland beginnt mit landesweiten Man\u00f6vern \u2013 auch an der Grenze zu Polen"],"original_link":["https:\/\/de.rt.com\/europa\/148399-weissrussland-beginnt-mit-landesweiten-manovern\/"],"_thumbnail_id":["18702"],"_wptg_p2tg_sent2tg":["2022-09-08 20:40:12"],"jnews_social_counter_last_update":["1777361118"]},"categories":[19,23],"tags":[1475,490,82,366,32547,32548,419,5850,18575],"yoast_head":"<!-- This site is optimized with the Yoast SEO Premium plugin v22.7 (Yoast SEO v22.7) - https:\/\/yoast.com\/wordpress\/plugins\/seo\/ -->\n<title>Wei\u00dfrussland beginnt mit landesweiten Man\u00f6vern \u2013 auch an der Grenze zu Polen - just-now.NEWS Deutschland<\/title>\n<meta name=\"robots\" content=\"index, follow, max-snippet:-1, max-image-preview:large, max-video-preview:-1\" \/>\n<link rel=\"canonical\" href=\"https:\/\/now-news.de\/de\/deutschland\/weissrussland-beginnt-mit-landesweiten-manoevern-auch-an-der-grenze-zu-polen\/\" \/>\n<meta property=\"og:locale\" content=\"de_DE\" \/>\n<meta property=\"og:type\" content=\"article\" \/>\n<meta property=\"og:title\" content=\"Wei\u00dfrussland beginnt mit landesweiten Man\u00f6vern \u2013 auch an der Grenze zu Polen\" \/>\n<meta property=\"og:description\" content=\"Nicht nur im Fernen Osten Russlands finden Milit\u00e4rman\u00f6ver statt \u2013 auch Minsk f\u00fchrt milit\u00e4rische \u00dcbungen im eigenen Land durch. \u00dcbrigens nicht zum ersten Mal in diesem Jahr und sicher nicht nur zu Trainingszwecken. Die Botschaft an Warschau und Kiew d\u00fcrfte klar sein. Inmitten erh\u00f6hter Spannungen mit dem Westen hat Wei\u00dfrussland Milit\u00e4r\u00fcbungen begonnen, bei denen Truppen [&hellip;]\" \/>\n<meta property=\"og:url\" content=\"https:\/\/now-news.de\/de\/deutschland\/weissrussland-beginnt-mit-landesweiten-manoevern-auch-an-der-grenze-zu-polen\/\" \/>\n<meta property=\"og:site_name\" content=\"just-now.NEWS Deutschland\" \/>\n<meta property=\"article:publisher\" content=\"https:\/\/www.facebook.com\/wirmachenauf\" \/>\n<meta property=\"article:published_time\" content=\"2022-09-08T18:28:47+00:00\" \/>\n<meta property=\"og:image\" content=\"https:\/\/now-news.de\/de\/wp-content\/uploads\/sites\/3\/2022\/09\/Weissrussland-beginnt-mit-landesweiten-Manoevern-\u2013-auch-an-der-Grenze.jpg\" \/>\n\t<meta property=\"og:image:width\" content=\"460\" \/>\n\t<meta property=\"og:image:height\" content=\"259\" \/>\n\t<meta property=\"og:image:type\" content=\"image\/jpeg\" \/>\n<meta name=\"author\" content=\"rtnews\" \/>\n<meta name=\"twitter:card\" content=\"summary_large_image\" \/>\n<meta name=\"twitter:creator\" content=\"@WirMachenAuf_de\" \/>\n<meta name=\"twitter:site\" content=\"@WirMachenAuf_de\" \/>\n<meta name=\"twitter:label1\" content=\"Verfasst von\" \/>\n\t<meta name=\"twitter:data1\" content=\"rtnews\" \/>\n\t<meta name=\"twitter:label2\" content=\"Gesch\u00e4tzte Lesezeit\" \/>\n\t<meta name=\"twitter:data2\" content=\"2\u00a0Minuten\" \/>\n<script type=\"application\/ld+json\" class=\"yoast-schema-graph\">{\"@context\":\"https:\/\/schema.org\",\"@graph\":[{\"@type\":\"Article\",\"@id\":\"https:\/\/now-news.de\/de\/deutschland\/weissrussland-beginnt-mit-landesweiten-manoevern-auch-an-der-grenze-zu-polen\/#article\",\"isPartOf\":{\"@id\":\"https:\/\/now-news.de\/de\/deutschland\/weissrussland-beginnt-mit-landesweiten-manoevern-auch-an-der-grenze-zu-polen\/\"},\"author\":{\"name\":\"rtnews\",\"@id\":\"https:\/\/now-news.de\/de\/#\/schema\/person\/fb534a4e865501d8b3285208df34a9b5\"},\"headline\":\"Wei\u00dfrussland beginnt mit landesweiten Man\u00f6vern \u2013 auch an der Grenze zu Polen\",\"datePublished\":\"2022-09-08T18:28:47+00:00\",\"dateModified\":\"2022-09-08T18:28:47+00:00\",\"mainEntityOfPage\":{\"@id\":\"https:\/\/now-news.de\/de\/deutschland\/weissrussland-beginnt-mit-landesweiten-manoevern-auch-an-der-grenze-zu-polen\/\"},\"wordCount\":395,\"commentCount\":0,\"publisher\":{\"@id\":\"https:\/\/now-news.de\/de\/#organization\"},\"image\":{\"@id\":\"https:\/\/now-news.de\/de\/deutschland\/weissrussland-beginnt-mit-landesweiten-manoevern-auch-an-der-grenze-zu-polen\/#primaryimage\"},\"thumbnailUrl\":\"https:\/\/now-news.de\/de\/wp-content\/uploads\/sites\/3\/2022\/09\/Weissrussland-beginnt-mit-landesweiten-Manoevern-\u2013-auch-an-der-Grenze.jpg\",\"keywords\":[\"auch\",\"beginnt\",\"der\",\"Grenze\",\"landesweiten\",\"Man\u00f6vern\",\"mit\",\"Polen\",\"Wei\u00dfrussland\"],\"articleSection\":[\"Deutschland\",\"Russland\"],\"inLanguage\":\"de\",\"potentialAction\":[{\"@type\":\"CommentAction\",\"name\":\"Comment\",\"target\":[\"https:\/\/now-news.de\/de\/deutschland\/weissrussland-beginnt-mit-landesweiten-manoevern-auch-an-der-grenze-zu-polen\/#respond\"]}]},{\"@type\":\"WebPage\",\"@id\":\"https:\/\/now-news.de\/de\/deutschland\/weissrussland-beginnt-mit-landesweiten-manoevern-auch-an-der-grenze-zu-polen\/\",\"url\":\"https:\/\/now-news.de\/de\/deutschland\/weissrussland-beginnt-mit-landesweiten-manoevern-auch-an-der-grenze-zu-polen\/\",\"name\":\"Wei\u00dfrussland beginnt mit landesweiten Man\u00f6vern \u2013 auch an der Grenze zu Polen - just-now.NEWS Deutschland\",\"isPartOf\":{\"@id\":\"https:\/\/now-news.de\/de\/#website\"},\"primaryImageOfPage\":{\"@id\":\"https:\/\/now-news.de\/de\/deutschland\/weissrussland-beginnt-mit-landesweiten-manoevern-auch-an-der-grenze-zu-polen\/#primaryimage\"},\"image\":{\"@id\":\"https:\/\/now-news.de\/de\/deutschland\/weissrussland-beginnt-mit-landesweiten-manoevern-auch-an-der-grenze-zu-polen\/#primaryimage\"},\"thumbnailUrl\":\"https:\/\/now-news.de\/de\/wp-content\/uploads\/sites\/3\/2022\/09\/Weissrussland-beginnt-mit-landesweiten-Manoevern-\u2013-auch-an-der-Grenze.jpg\",\"datePublished\":\"2022-09-08T18:28:47+00:00\",\"dateModified\":\"2022-09-08T18:28:47+00:00\",\"breadcrumb\":{\"@id\":\"https:\/\/now-news.de\/de\/deutschland\/weissrussland-beginnt-mit-landesweiten-manoevern-auch-an-der-grenze-zu-polen\/#breadcrumb\"},\"inLanguage\":\"de\",\"potentialAction\":[{\"@type\":\"ReadAction\",\"target\":[\"https:\/\/now-news.de\/de\/deutschland\/weissrussland-beginnt-mit-landesweiten-manoevern-auch-an-der-grenze-zu-polen\/\"]}]},{\"@type\":\"ImageObject\",\"inLanguage\":\"de\",\"@id\":\"https:\/\/now-news.de\/de\/deutschland\/weissrussland-beginnt-mit-landesweiten-manoevern-auch-an-der-grenze-zu-polen\/#primaryimage\",\"url\":\"https:\/\/now-news.de\/de\/wp-content\/uploads\/sites\/3\/2022\/09\/Weissrussland-beginnt-mit-landesweiten-Manoevern-\u2013-auch-an-der-Grenze.jpg\",\"contentUrl\":\"https:\/\/now-news.de\/de\/wp-content\/uploads\/sites\/3\/2022\/09\/Weissrussland-beginnt-mit-landesweiten-Manoevern-\u2013-auch-an-der-Grenze.jpg\",\"width\":460,\"height\":259,\"caption\":\"Wei\u00dfrussland beginnt mit landesweiten Man\u00f6vern \u2013 auch an der Grenze zu Polen\"},{\"@type\":\"BreadcrumbList\",\"@id\":\"https:\/\/now-news.de\/de\/deutschland\/weissrussland-beginnt-mit-landesweiten-manoevern-auch-an-der-grenze-zu-polen\/#breadcrumb\",\"itemListElement\":[{\"@type\":\"ListItem\",\"position\":1,\"name\":\"Home\",\"item\":\"https:\/\/now-news.de\/de\/\"},{\"@type\":\"ListItem\",\"position\":2,\"name\":\"Wei\u00dfrussland beginnt mit landesweiten Man\u00f6vern \u2013 auch an der Grenze zu Polen\"}]},{\"@type\":\"WebSite\",\"@id\":\"https:\/\/now-news.de\/de\/#website\",\"url\":\"https:\/\/now-news.de\/de\/\",\"name\":\"just-now.NEWS Deutschland\",\"description\":\"Das Portal f\u00fcr unzensierte Nachrichten aus der Welt\",\"publisher\":{\"@id\":\"https:\/\/now-news.de\/de\/#organization\"},\"potentialAction\":[{\"@type\":\"SearchAction\",\"target\":{\"@type\":\"EntryPoint\",\"urlTemplate\":\"https:\/\/now-news.de\/de\/?s={search_term_string}\"},\"query-input\":\"required name=search_term_string\"}],\"inLanguage\":\"de\"},{\"@type\":\"Organization\",\"@id\":\"https:\/\/now-news.de\/de\/#organization\",\"name\":\"Just Now News\",\"url\":\"https:\/\/now-news.de\/de\/\",\"logo\":{\"@type\":\"ImageObject\",\"inLanguage\":\"de\",\"@id\":\"https:\/\/now-news.de\/de\/#\/schema\/logo\/image\/\",\"url\":\"http:\/\/just-now.news\/de\/wp-content\/uploads\/sites\/3\/2022\/04\/logo500x500.jpg\",\"contentUrl\":\"http:\/\/just-now.news\/de\/wp-content\/uploads\/sites\/3\/2022\/04\/logo500x500.jpg\",\"width\":500,\"height\":500,\"caption\":\"Just Now News\"},\"image\":{\"@id\":\"https:\/\/now-news.de\/de\/#\/schema\/logo\/image\/\"},\"sameAs\":[\"https:\/\/www.facebook.com\/wirmachenauf\",\"https:\/\/x.com\/WirMachenAuf_de\"]},{\"@type\":\"Person\",\"@id\":\"https:\/\/now-news.de\/de\/#\/schema\/person\/fb534a4e865501d8b3285208df34a9b5\",\"name\":\"rtnews\",\"image\":{\"@type\":\"ImageObject\",\"inLanguage\":\"de\",\"@id\":\"https:\/\/now-news.de\/de\/#\/schema\/person\/image\/\",\"url\":\"https:\/\/secure.gravatar.com\/avatar\/82aafea7d8127119dd649515f56e2117?s=96&d=mm&r=g\",\"contentUrl\":\"https:\/\/secure.gravatar.com\/avatar\/82aafea7d8127119dd649515f56e2117?s=96&d=mm&r=g\",\"caption\":\"rtnews\"},\"url\":\"https:\/\/now-news.de\/de\/author\/rnews\/\"}]}<\/script>\n<!-- \/ Yoast SEO Premium plugin. -->","yoast_head_json":{"title":"Wei\u00dfrussland beginnt mit landesweiten Man\u00f6vern \u2013 auch an der Grenze zu Polen - just-now.NEWS Deutschland","robots":{"index":"index","follow":"follow","max-snippet":"max-snippet:-1","max-image-preview":"max-image-preview:large","max-video-preview":"max-video-preview:-1"},"canonical":"https:\/\/now-news.de\/de\/deutschland\/weissrussland-beginnt-mit-landesweiten-manoevern-auch-an-der-grenze-zu-polen\/","og_locale":"de_DE","og_type":"article","og_title":"Wei\u00dfrussland beginnt mit landesweiten Man\u00f6vern \u2013 auch an der Grenze zu Polen","og_description":"Nicht nur im Fernen Osten Russlands finden Milit\u00e4rman\u00f6ver statt \u2013 auch Minsk f\u00fchrt milit\u00e4rische \u00dcbungen im eigenen Land durch. \u00dcbrigens nicht zum ersten Mal in diesem Jahr und sicher nicht nur zu Trainingszwecken. Die Botschaft an Warschau und Kiew d\u00fcrfte klar sein. Inmitten erh\u00f6hter Spannungen mit dem Westen hat Wei\u00dfrussland Milit\u00e4r\u00fcbungen begonnen, bei denen Truppen [&hellip;]","og_url":"https:\/\/now-news.de\/de\/deutschland\/weissrussland-beginnt-mit-landesweiten-manoevern-auch-an-der-grenze-zu-polen\/","og_site_name":"just-now.NEWS Deutschland","article_publisher":"https:\/\/www.facebook.com\/wirmachenauf","article_published_time":"2022-09-08T18:28:47+00:00","og_image":[{"width":460,"height":259,"url":"https:\/\/now-news.de\/de\/wp-content\/uploads\/sites\/3\/2022\/09\/Weissrussland-beginnt-mit-landesweiten-Manoevern-\u2013-auch-an-der-Grenze.jpg","type":"image\/jpeg"}],"author":"rtnews","twitter_card":"summary_large_image","twitter_creator":"@WirMachenAuf_de","twitter_site":"@WirMachenAuf_de","twitter_misc":{"Verfasst von":"rtnews","Gesch\u00e4tzte Lesezeit":"2\u00a0Minuten"},"schema":{"@context":"https:\/\/schema.org","@graph":[{"@type":"Article","@id":"https:\/\/now-news.de\/de\/deutschland\/weissrussland-beginnt-mit-landesweiten-manoevern-auch-an-der-grenze-zu-polen\/#article","isPartOf":{"@id":"https:\/\/now-news.de\/de\/deutschland\/weissrussland-beginnt-mit-landesweiten-manoevern-auch-an-der-grenze-zu-polen\/"},"author":{"name":"rtnews","@id":"https:\/\/now-news.de\/de\/#\/schema\/person\/fb534a4e865501d8b3285208df34a9b5"},"headline":"Wei\u00dfrussland beginnt mit landesweiten Man\u00f6vern \u2013 auch an der Grenze zu Polen","datePublished":"2022-09-08T18:28:47+00:00","dateModified":"2022-09-08T18:28:47+00:00","mainEntityOfPage":{"@id":"https:\/\/now-news.de\/de\/deutschland\/weissrussland-beginnt-mit-landesweiten-manoevern-auch-an-der-grenze-zu-polen\/"},"wordCount":395,"commentCount":0,"publisher":{"@id":"https:\/\/now-news.de\/de\/#organization"},"image":{"@id":"https:\/\/now-news.de\/de\/deutschland\/weissrussland-beginnt-mit-landesweiten-manoevern-auch-an-der-grenze-zu-polen\/#primaryimage"},"thumbnailUrl":"https:\/\/now-news.de\/de\/wp-content\/uploads\/sites\/3\/2022\/09\/Weissrussland-beginnt-mit-landesweiten-Manoevern-\u2013-auch-an-der-Grenze.jpg","keywords":["auch","beginnt","der","Grenze","landesweiten","Man\u00f6vern","mit","Polen","Wei\u00dfrussland"],"articleSection":["Deutschland","Russland"],"inLanguage":"de","potentialAction":[{"@type":"CommentAction","name":"Comment","target":["https:\/\/now-news.de\/de\/deutschland\/weissrussland-beginnt-mit-landesweiten-manoevern-auch-an-der-grenze-zu-polen\/#respond"]}]},{"@type":"WebPage","@id":"https:\/\/now-news.de\/de\/deutschland\/weissrussland-beginnt-mit-landesweiten-manoevern-auch-an-der-grenze-zu-polen\/","url":"https:\/\/now-news.de\/de\/deutschland\/weissrussland-beginnt-mit-landesweiten-manoevern-auch-an-der-grenze-zu-polen\/","name":"Wei\u00dfrussland beginnt mit landesweiten Man\u00f6vern \u2013 auch an der Grenze zu Polen - just-now.NEWS Deutschland","isPartOf":{"@id":"https:\/\/now-news.de\/de\/#website"},"primaryImageOfPage":{"@id":"https:\/\/now-news.de\/de\/deutschland\/weissrussland-beginnt-mit-landesweiten-manoevern-auch-an-der-grenze-zu-polen\/#primaryimage"},"image":{"@id":"https:\/\/now-news.de\/de\/deutschland\/weissrussland-beginnt-mit-landesweiten-manoevern-auch-an-der-grenze-zu-polen\/#primaryimage"},"thumbnailUrl":"https:\/\/now-news.de\/de\/wp-content\/uploads\/sites\/3\/2022\/09\/Weissrussland-beginnt-mit-landesweiten-Manoevern-\u2013-auch-an-der-Grenze.jpg","datePublished":"2022-09-08T18:28:47+00:00","dateModified":"2022-09-08T18:28:47+00:00","breadcrumb":{"@id":"https:\/\/now-news.de\/de\/deutschland\/weissrussland-beginnt-mit-landesweiten-manoevern-auch-an-der-grenze-zu-polen\/#breadcrumb"},"inLanguage":"de","potentialAction":[{"@type":"ReadAction","target":["https:\/\/now-news.de\/de\/deutschland\/weissrussland-beginnt-mit-landesweiten-manoevern-auch-an-der-grenze-zu-polen\/"]}]},{"@type":"ImageObject","inLanguage":"de","@id":"https:\/\/now-news.de\/de\/deutschland\/weissrussland-beginnt-mit-landesweiten-manoevern-auch-an-der-grenze-zu-polen\/#primaryimage","url":"https:\/\/now-news.de\/de\/wp-content\/uploads\/sites\/3\/2022\/09\/Weissrussland-beginnt-mit-landesweiten-Manoevern-\u2013-auch-an-der-Grenze.jpg","contentUrl":"https:\/\/now-news.de\/de\/wp-content\/uploads\/sites\/3\/2022\/09\/Weissrussland-beginnt-mit-landesweiten-Manoevern-\u2013-auch-an-der-Grenze.jpg","width":460,"height":259,"caption":"Wei\u00dfrussland beginnt mit landesweiten Man\u00f6vern \u2013 auch an der Grenze zu Polen"},{"@type":"BreadcrumbList","@id":"https:\/\/now-news.de\/de\/deutschland\/weissrussland-beginnt-mit-landesweiten-manoevern-auch-an-der-grenze-zu-polen\/#breadcrumb","itemListElement":[{"@type":"ListItem","position":1,"name":"Home","item":"https:\/\/now-news.de\/de\/"},{"@type":"ListItem","position":2,"name":"Wei\u00dfrussland beginnt mit landesweiten Man\u00f6vern \u2013 auch an der Grenze zu Polen"}]},{"@type":"WebSite","@id":"https:\/\/now-news.de\/de\/#website","url":"https:\/\/now-news.de\/de\/","name":"just-now.NEWS Deutschland","description":"Das Portal f\u00fcr unzensierte Nachrichten aus der Welt","publisher":{"@id":"https:\/\/now-news.de\/de\/#organization"},"potentialAction":[{"@type":"SearchAction","target":{"@type":"EntryPoint","urlTemplate":"https:\/\/now-news.de\/de\/?s={search_term_string}"},"query-input":"required name=search_term_string"}],"inLanguage":"de"},{"@type":"Organization","@id":"https:\/\/now-news.de\/de\/#organization","name":"Just Now News","url":"https:\/\/now-news.de\/de\/","logo":{"@type":"ImageObject","inLanguage":"de","@id":"https:\/\/now-news.de\/de\/#\/schema\/logo\/image\/","url":"http:\/\/just-now.news\/de\/wp-content\/uploads\/sites\/3\/2022\/04\/logo500x500.jpg","contentUrl":"http:\/\/just-now.news\/de\/wp-content\/uploads\/sites\/3\/2022\/04\/logo500x500.jpg","width":500,"height":500,"caption":"Just Now News"},"image":{"@id":"https:\/\/now-news.de\/de\/#\/schema\/logo\/image\/"},"sameAs":["https:\/\/www.facebook.com\/wirmachenauf","https:\/\/x.com\/WirMachenAuf_de"]},{"@type":"Person","@id":"https:\/\/now-news.de\/de\/#\/schema\/person\/fb534a4e865501d8b3285208df34a9b5","name":"rtnews","image":{"@type":"ImageObject","inLanguage":"de","@id":"https:\/\/now-news.de\/de\/#\/schema\/person\/image\/","url":"https:\/\/secure.gravatar.com\/avatar\/82aafea7d8127119dd649515f56e2117?s=96&d=mm&r=g","contentUrl":"https:\/\/secure.gravatar.com\/avatar\/82aafea7d8127119dd649515f56e2117?s=96&d=mm&r=g","caption":"rtnews"},"url":"https:\/\/now-news.de\/de\/author\/rnews\/"}]}},"_links":{"self":[{"href":"https:\/\/now-news.de\/de\/wp-json\/wp\/v2\/posts\/18701"}],"collection":[{"href":"https:\/\/now-news.de\/de\/wp-json\/wp\/v2\/posts"}],"about":[{"href":"https:\/\/now-news.de\/de\/wp-json\/wp\/v2\/types\/post"}],"author":[{"embeddable":true,"href":"https:\/\/now-news.de\/de\/wp-json\/wp\/v2\/users\/3"}],"replies":[{"embeddable":true,"href":"https:\/\/now-news.de\/de\/wp-json\/wp\/v2\/comments?post=18701"}],"version-history":[{"count":0,"href":"https:\/\/now-news.de\/de\/wp-json\/wp\/v2\/posts\/18701\/revisions"}],"wp:featuredmedia":[{"embeddable":true,"href":"https:\/\/now-news.de\/de\/wp-json\/wp\/v2\/media\/18702"}],"wp:attachment":[{"href":"https:\/\/now-news.de\/de\/wp-json\/wp\/v2\/media?parent=18701"}],"wp:term":[{"taxonomy":"category","embeddable":true,"href":"https:\/\/now-news.de\/de\/wp-json\/wp\/v2\/categories?post=18701"},{"taxonomy":"post_tag","embeddable":true,"href":"https:\/\/now-news.de\/de\/wp-json\/wp\/v2\/tags?post=18701"}],"curies":[{"name":"wp","href":"https:\/\/api.w.org\/{rel}","templated":true}]}}