{"id":18699,"date":"2022-09-08T19:37:26","date_gmt":"2022-09-08T17:37:26","guid":{"rendered":"http:\/\/just-now.news\/de\/deutschland\/albanien-kappt-diplomatische-beziehungen-zu-iran\/"},"modified":"2022-09-08T19:37:26","modified_gmt":"2022-09-08T17:37:26","slug":"albanien-kappt-diplomatische-beziehungen-zu-iran","status":"publish","type":"post","link":"https:\/\/now-news.de\/de\/deutschland\/albanien-kappt-diplomatische-beziehungen-zu-iran\/","title":{"rendered":"Albanien kappt diplomatische Beziehungen zu Iran"},"content":{"rendered":"<p><img decoding=\"async\" src=\"http:\/\/just-now.news\/de\/wp-content\/uploads\/sites\/3\/2022\/09\/6319fdf548fbef2b8d4378bf.jpg\" \/><\/p>\n<div class=\"Text-root Text-type_1 \">\n                Bereits seit Jahren gilt Albanien als R\u00fcckzugsort einer iranischen Oppositionsbewegung, was die diplomatischen Beziehungen beider L\u00e4nder schwer belastete. Nun scheint der vorl\u00e4ufige Tiefpunkt des Verh\u00e4ltnisses erreicht zu sein. Tirana kappt seine diplomatischen Beziehungen zu Iran.\n            <\/div>\n<p><\/p>\n<div class=\"Text-root Text-type_5 ArticleView-text ViewText-root \">\n<p>Wegen eines mutma\u00dflichen Cyberangriffs auf die digitale Infrastruktur des Landes hat Albanien entschieden, die diplomatischen Beziehungen zu Iran abzubrechen. Das gesamte diplomatische Personal Teherans wurde aufgefordert, innerhalb von 24 Stunden auszureisen. Dies verk\u00fcndete der albanische Premierminister Edi Rama am Mittwoch in einer\u00a0Videobotschaft. Darin betonte Rama, dass &#8220;diese extreme Reaktion in vollem Verh\u00e4ltnis zur Schwere und zum Risiko des Cyberangriffs steht&#8221;, der vor kurzem die staatlichen Einrichtungen getroffen und Chaos und Unsicherheit in dem Balkanland ausgel\u00f6st habe.<\/p>\n<p>Der Premierminister f\u00fcgte hinzu, dass der Angriff Mitte Juli &#8220;seinen Zweck verfehlt&#8221; habe, da der Schaden minimal gewesen sei. Den Strafverfolgungsbeh\u00f6rden in Tirana sei es jedoch gelungen, &#8220;ohne den Schatten eines Zweifels&#8221; den T\u00e4ter hinter dem Hacking-Versuch zu ermitteln.\u00a0Rama erkl\u00e4rte:<\/p>\n<blockquote>\n<p><em>&#8220;Die gr\u00fcndliche Untersuchung hat uns unwiderlegbare Beweise daf\u00fcr geliefert, dass der Cyberangriff auf unser Land von der Islamischen Republik Iran orchestriert und finanziert wurde.&#8221;<\/em><\/p>\n<\/blockquote>\n<p>Der albanische Premier f\u00fcgte hinzu, dass es sich um eine konzertierte Aktion von vier Gruppen gehandelt habe, von denen eine offenbar bereits \u00e4hnliche Angriffe auf Israel, Saudi-Arabien, die Vereinigten Arabischen Emirate, Jordanien, Kuwait und Zypern durchgef\u00fchrt hat.<\/p>\n<p>Auch die Vereinigten Staaten meldeten sich zu Wort: Die Sprecherin des Nationalen Sicherheitsrats der USA, Adrienne Watson, erkl\u00e4rte, Washington verurteile den iranischen Cyberangriff aufs Sch\u00e4rfste und unterst\u00fctze Tirana in seinen Bem\u00fchungen, Teheran zur Rechenschaft zu ziehen.\u00a0Sie wies darauf hin, dass US-Cyberexperten an der Untersuchung des Hackerangriffs beteiligt gewesen und zu dem Schluss gekommen seien, dass Iran &#8220;diesen r\u00fccksichtslosen und unverantwortlichen Cyberangriff durchgef\u00fchrt hat&#8221;.<\/p>\n<p>Die Beziehungen zwischen Albanien und Iran sind schon seit einiger Zeit angespannt. Im Jahr 2018 beschuldigte Tirana Teheran unter Berufung auf US-Beamte, &#8220;terroristische Anschl\u00e4ge&#8221; in dem Balkanland zu planen und wies zwei iranische Diplomaten aus, darunter den Botschafter. Damals verurteilte Iran die Entscheidung mit der Begr\u00fcndung, sie beruhe auf &#8220;gef\u00e4lschten Informationen&#8221; und sei auf Druck Washingtons getroffen worden.<\/p>\n<p>Seit Jahren bietet Albanien einer\u00a0militanten iranischen Oppositionsbewegung, der Modschahedin-e-Chalgh-Organisation (MEK), eine Heimat. Rund 2.500 Volksmudschahedin, wie sie auch genannt werden, sollen laut \u00fcbereinstimmenden Medienberichten\u00a0in einem Camp in der N\u00e4he der Hauptstadt Tirana leben. Bis zum Jahr 2012 war die Gruppe auf der Terrorliste der USA gelistet. Die Organisation der iranischen Dissidenten beschuldigt Teheran, seit der islamischen Revolution von 1979 mehr als 12.000 iranische Zivilisten und Vertreter der Beh\u00f6rden get\u00f6tet zu haben. Laut eigenen Verk\u00fcndungen streben sie einen &#8220;Regime-Change&#8221; an. F\u00fcr den Umsturz setzen sie seit Jahren vermehrt auf Unterst\u00fctzung aus dem Westen und betreiben intensive Lobbyarbeit.<\/p>\n<p><strong>Mehr zum Thema<\/strong> &#8211; <a rel=\"nofollow noopener\" target=\"_blank\" href=\"https:\/\/test.rtde.tech\/europa\/89161-spielte-kultorganisation-mek-rolle-beim\/\">Iran: Welche Rolle spielte obskure Kultorganisation beim US-R\u00fcckzug aus dem Atomabkommen?<\/a><\/p>\n<\/div>\n<p><br \/>\n<br \/><a href=\"https:\/\/de.rt.com\/international\/148367-albanien-kappt-diplomatische-beziehungen-zu\/\">Source link <\/a><\/p>\n","protected":false},"excerpt":{"rendered":"<p>Bereits seit Jahren gilt Albanien als R\u00fcckzugsort einer iranischen Oppositionsbewegung, was die diplomatischen Beziehungen beider L\u00e4nder schwer belastete. Nun scheint der vorl\u00e4ufige Tiefpunkt des Verh\u00e4ltnisses erreicht zu sein. Tirana kappt seine diplomatischen Beziehungen zu Iran. Wegen eines mutma\u00dflichen Cyberangriffs auf die digitale Infrastruktur des Landes hat Albanien entschieden, die diplomatischen Beziehungen zu Iran abzubrechen. Das [&hellip;]<\/p>\n","protected":false},"author":3,"featured_media":18700,"comment_status":"open","ping_status":"open","sticky":false,"template":"","format":"standard","meta":{"wp_automatic_camp":["217"],"b44d9155221c235f45b290aadf16d543":["Albanien kappt diplomatische Beziehungen zu Iran"],"original_link":["https:\/\/de.rt.com\/international\/148367-albanien-kappt-diplomatische-beziehungen-zu\/"],"_thumbnail_id":["18700"],"_wptg_p2tg_sent2tg":["2022-09-08 20:24:19"],"jnews_social_counter_last_update":["1777175723"]},"categories":[19,23],"tags":[32545,266,22460,1786,32546],"yoast_head":"<!-- This site is optimized with the Yoast SEO Premium plugin v22.7 (Yoast SEO v22.7) - https:\/\/yoast.com\/wordpress\/plugins\/seo\/ -->\n<title>Albanien kappt diplomatische Beziehungen zu Iran - just-now.NEWS Deutschland<\/title>\n<meta name=\"robots\" content=\"index, follow, max-snippet:-1, max-image-preview:large, max-video-preview:-1\" \/>\n<link rel=\"canonical\" href=\"https:\/\/now-news.de\/de\/deutschland\/albanien-kappt-diplomatische-beziehungen-zu-iran\/\" \/>\n<meta property=\"og:locale\" content=\"de_DE\" \/>\n<meta property=\"og:type\" content=\"article\" \/>\n<meta property=\"og:title\" content=\"Albanien kappt diplomatische Beziehungen zu Iran\" \/>\n<meta property=\"og:description\" content=\"Bereits seit Jahren gilt Albanien als R\u00fcckzugsort einer iranischen Oppositionsbewegung, was die diplomatischen Beziehungen beider L\u00e4nder schwer belastete. Nun scheint der vorl\u00e4ufige Tiefpunkt des Verh\u00e4ltnisses erreicht zu sein. Tirana kappt seine diplomatischen Beziehungen zu Iran. Wegen eines mutma\u00dflichen Cyberangriffs auf die digitale Infrastruktur des Landes hat Albanien entschieden, die diplomatischen Beziehungen zu Iran abzubrechen. Das [&hellip;]\" \/>\n<meta property=\"og:url\" content=\"https:\/\/now-news.de\/de\/deutschland\/albanien-kappt-diplomatische-beziehungen-zu-iran\/\" \/>\n<meta property=\"og:site_name\" content=\"just-now.NEWS Deutschland\" \/>\n<meta property=\"article:publisher\" content=\"https:\/\/www.facebook.com\/wirmachenauf\" \/>\n<meta property=\"article:published_time\" content=\"2022-09-08T17:37:26+00:00\" \/>\n<meta property=\"og:image\" content=\"https:\/\/now-news.de\/de\/wp-content\/uploads\/sites\/3\/2022\/09\/Albanien-kappt-diplomatische-Beziehungen-zu-Iran.jpg\" \/>\n\t<meta property=\"og:image:width\" content=\"460\" \/>\n\t<meta property=\"og:image:height\" content=\"259\" \/>\n\t<meta property=\"og:image:type\" content=\"image\/jpeg\" \/>\n<meta name=\"author\" content=\"rtnews\" \/>\n<meta name=\"twitter:card\" content=\"summary_large_image\" \/>\n<meta name=\"twitter:creator\" content=\"@WirMachenAuf_de\" \/>\n<meta name=\"twitter:site\" content=\"@WirMachenAuf_de\" \/>\n<meta name=\"twitter:label1\" content=\"Verfasst von\" \/>\n\t<meta name=\"twitter:data1\" content=\"rtnews\" \/>\n\t<meta name=\"twitter:label2\" content=\"Gesch\u00e4tzte Lesezeit\" \/>\n\t<meta name=\"twitter:data2\" content=\"2\u00a0Minuten\" \/>\n<script type=\"application\/ld+json\" class=\"yoast-schema-graph\">{\"@context\":\"https:\/\/schema.org\",\"@graph\":[{\"@type\":\"Article\",\"@id\":\"https:\/\/now-news.de\/de\/deutschland\/albanien-kappt-diplomatische-beziehungen-zu-iran\/#article\",\"isPartOf\":{\"@id\":\"https:\/\/now-news.de\/de\/deutschland\/albanien-kappt-diplomatische-beziehungen-zu-iran\/\"},\"author\":{\"name\":\"rtnews\",\"@id\":\"https:\/\/now-news.de\/de\/#\/schema\/person\/fb534a4e865501d8b3285208df34a9b5\"},\"headline\":\"Albanien kappt diplomatische Beziehungen zu Iran\",\"datePublished\":\"2022-09-08T17:37:26+00:00\",\"dateModified\":\"2022-09-08T17:37:26+00:00\",\"mainEntityOfPage\":{\"@id\":\"https:\/\/now-news.de\/de\/deutschland\/albanien-kappt-diplomatische-beziehungen-zu-iran\/\"},\"wordCount\":484,\"commentCount\":0,\"publisher\":{\"@id\":\"https:\/\/now-news.de\/de\/#organization\"},\"image\":{\"@id\":\"https:\/\/now-news.de\/de\/deutschland\/albanien-kappt-diplomatische-beziehungen-zu-iran\/#primaryimage\"},\"thumbnailUrl\":\"https:\/\/now-news.de\/de\/wp-content\/uploads\/sites\/3\/2022\/09\/Albanien-kappt-diplomatische-Beziehungen-zu-Iran.jpg\",\"keywords\":[\"Albanien\",\"Beziehungen\",\"diplomatische\",\"Iran\",\"kappt\"],\"articleSection\":[\"Deutschland\",\"Russland\"],\"inLanguage\":\"de\",\"potentialAction\":[{\"@type\":\"CommentAction\",\"name\":\"Comment\",\"target\":[\"https:\/\/now-news.de\/de\/deutschland\/albanien-kappt-diplomatische-beziehungen-zu-iran\/#respond\"]}]},{\"@type\":\"WebPage\",\"@id\":\"https:\/\/now-news.de\/de\/deutschland\/albanien-kappt-diplomatische-beziehungen-zu-iran\/\",\"url\":\"https:\/\/now-news.de\/de\/deutschland\/albanien-kappt-diplomatische-beziehungen-zu-iran\/\",\"name\":\"Albanien kappt diplomatische Beziehungen zu Iran - just-now.NEWS Deutschland\",\"isPartOf\":{\"@id\":\"https:\/\/now-news.de\/de\/#website\"},\"primaryImageOfPage\":{\"@id\":\"https:\/\/now-news.de\/de\/deutschland\/albanien-kappt-diplomatische-beziehungen-zu-iran\/#primaryimage\"},\"image\":{\"@id\":\"https:\/\/now-news.de\/de\/deutschland\/albanien-kappt-diplomatische-beziehungen-zu-iran\/#primaryimage\"},\"thumbnailUrl\":\"https:\/\/now-news.de\/de\/wp-content\/uploads\/sites\/3\/2022\/09\/Albanien-kappt-diplomatische-Beziehungen-zu-Iran.jpg\",\"datePublished\":\"2022-09-08T17:37:26+00:00\",\"dateModified\":\"2022-09-08T17:37:26+00:00\",\"breadcrumb\":{\"@id\":\"https:\/\/now-news.de\/de\/deutschland\/albanien-kappt-diplomatische-beziehungen-zu-iran\/#breadcrumb\"},\"inLanguage\":\"de\",\"potentialAction\":[{\"@type\":\"ReadAction\",\"target\":[\"https:\/\/now-news.de\/de\/deutschland\/albanien-kappt-diplomatische-beziehungen-zu-iran\/\"]}]},{\"@type\":\"ImageObject\",\"inLanguage\":\"de\",\"@id\":\"https:\/\/now-news.de\/de\/deutschland\/albanien-kappt-diplomatische-beziehungen-zu-iran\/#primaryimage\",\"url\":\"https:\/\/now-news.de\/de\/wp-content\/uploads\/sites\/3\/2022\/09\/Albanien-kappt-diplomatische-Beziehungen-zu-Iran.jpg\",\"contentUrl\":\"https:\/\/now-news.de\/de\/wp-content\/uploads\/sites\/3\/2022\/09\/Albanien-kappt-diplomatische-Beziehungen-zu-Iran.jpg\",\"width\":460,\"height\":259,\"caption\":\"Albanien kappt diplomatische Beziehungen zu Iran\"},{\"@type\":\"BreadcrumbList\",\"@id\":\"https:\/\/now-news.de\/de\/deutschland\/albanien-kappt-diplomatische-beziehungen-zu-iran\/#breadcrumb\",\"itemListElement\":[{\"@type\":\"ListItem\",\"position\":1,\"name\":\"Home\",\"item\":\"https:\/\/now-news.de\/de\/\"},{\"@type\":\"ListItem\",\"position\":2,\"name\":\"Albanien kappt diplomatische Beziehungen zu Iran\"}]},{\"@type\":\"WebSite\",\"@id\":\"https:\/\/now-news.de\/de\/#website\",\"url\":\"https:\/\/now-news.de\/de\/\",\"name\":\"just-now.NEWS Deutschland\",\"description\":\"Das Portal f\u00fcr unzensierte Nachrichten aus der Welt\",\"publisher\":{\"@id\":\"https:\/\/now-news.de\/de\/#organization\"},\"potentialAction\":[{\"@type\":\"SearchAction\",\"target\":{\"@type\":\"EntryPoint\",\"urlTemplate\":\"https:\/\/now-news.de\/de\/?s={search_term_string}\"},\"query-input\":\"required name=search_term_string\"}],\"inLanguage\":\"de\"},{\"@type\":\"Organization\",\"@id\":\"https:\/\/now-news.de\/de\/#organization\",\"name\":\"Just Now News\",\"url\":\"https:\/\/now-news.de\/de\/\",\"logo\":{\"@type\":\"ImageObject\",\"inLanguage\":\"de\",\"@id\":\"https:\/\/now-news.de\/de\/#\/schema\/logo\/image\/\",\"url\":\"http:\/\/just-now.news\/de\/wp-content\/uploads\/sites\/3\/2022\/04\/logo500x500.jpg\",\"contentUrl\":\"http:\/\/just-now.news\/de\/wp-content\/uploads\/sites\/3\/2022\/04\/logo500x500.jpg\",\"width\":500,\"height\":500,\"caption\":\"Just Now News\"},\"image\":{\"@id\":\"https:\/\/now-news.de\/de\/#\/schema\/logo\/image\/\"},\"sameAs\":[\"https:\/\/www.facebook.com\/wirmachenauf\",\"https:\/\/x.com\/WirMachenAuf_de\"]},{\"@type\":\"Person\",\"@id\":\"https:\/\/now-news.de\/de\/#\/schema\/person\/fb534a4e865501d8b3285208df34a9b5\",\"name\":\"rtnews\",\"image\":{\"@type\":\"ImageObject\",\"inLanguage\":\"de\",\"@id\":\"https:\/\/now-news.de\/de\/#\/schema\/person\/image\/\",\"url\":\"https:\/\/secure.gravatar.com\/avatar\/82aafea7d8127119dd649515f56e2117?s=96&d=mm&r=g\",\"contentUrl\":\"https:\/\/secure.gravatar.com\/avatar\/82aafea7d8127119dd649515f56e2117?s=96&d=mm&r=g\",\"caption\":\"rtnews\"},\"url\":\"https:\/\/now-news.de\/de\/author\/rnews\/\"}]}<\/script>\n<!-- \/ Yoast SEO Premium plugin. -->","yoast_head_json":{"title":"Albanien kappt diplomatische Beziehungen zu Iran - just-now.NEWS Deutschland","robots":{"index":"index","follow":"follow","max-snippet":"max-snippet:-1","max-image-preview":"max-image-preview:large","max-video-preview":"max-video-preview:-1"},"canonical":"https:\/\/now-news.de\/de\/deutschland\/albanien-kappt-diplomatische-beziehungen-zu-iran\/","og_locale":"de_DE","og_type":"article","og_title":"Albanien kappt diplomatische Beziehungen zu Iran","og_description":"Bereits seit Jahren gilt Albanien als R\u00fcckzugsort einer iranischen Oppositionsbewegung, was die diplomatischen Beziehungen beider L\u00e4nder schwer belastete. Nun scheint der vorl\u00e4ufige Tiefpunkt des Verh\u00e4ltnisses erreicht zu sein. Tirana kappt seine diplomatischen Beziehungen zu Iran. Wegen eines mutma\u00dflichen Cyberangriffs auf die digitale Infrastruktur des Landes hat Albanien entschieden, die diplomatischen Beziehungen zu Iran abzubrechen. Das [&hellip;]","og_url":"https:\/\/now-news.de\/de\/deutschland\/albanien-kappt-diplomatische-beziehungen-zu-iran\/","og_site_name":"just-now.NEWS Deutschland","article_publisher":"https:\/\/www.facebook.com\/wirmachenauf","article_published_time":"2022-09-08T17:37:26+00:00","og_image":[{"width":460,"height":259,"url":"https:\/\/now-news.de\/de\/wp-content\/uploads\/sites\/3\/2022\/09\/Albanien-kappt-diplomatische-Beziehungen-zu-Iran.jpg","type":"image\/jpeg"}],"author":"rtnews","twitter_card":"summary_large_image","twitter_creator":"@WirMachenAuf_de","twitter_site":"@WirMachenAuf_de","twitter_misc":{"Verfasst von":"rtnews","Gesch\u00e4tzte Lesezeit":"2\u00a0Minuten"},"schema":{"@context":"https:\/\/schema.org","@graph":[{"@type":"Article","@id":"https:\/\/now-news.de\/de\/deutschland\/albanien-kappt-diplomatische-beziehungen-zu-iran\/#article","isPartOf":{"@id":"https:\/\/now-news.de\/de\/deutschland\/albanien-kappt-diplomatische-beziehungen-zu-iran\/"},"author":{"name":"rtnews","@id":"https:\/\/now-news.de\/de\/#\/schema\/person\/fb534a4e865501d8b3285208df34a9b5"},"headline":"Albanien kappt diplomatische Beziehungen zu Iran","datePublished":"2022-09-08T17:37:26+00:00","dateModified":"2022-09-08T17:37:26+00:00","mainEntityOfPage":{"@id":"https:\/\/now-news.de\/de\/deutschland\/albanien-kappt-diplomatische-beziehungen-zu-iran\/"},"wordCount":484,"commentCount":0,"publisher":{"@id":"https:\/\/now-news.de\/de\/#organization"},"image":{"@id":"https:\/\/now-news.de\/de\/deutschland\/albanien-kappt-diplomatische-beziehungen-zu-iran\/#primaryimage"},"thumbnailUrl":"https:\/\/now-news.de\/de\/wp-content\/uploads\/sites\/3\/2022\/09\/Albanien-kappt-diplomatische-Beziehungen-zu-Iran.jpg","keywords":["Albanien","Beziehungen","diplomatische","Iran","kappt"],"articleSection":["Deutschland","Russland"],"inLanguage":"de","potentialAction":[{"@type":"CommentAction","name":"Comment","target":["https:\/\/now-news.de\/de\/deutschland\/albanien-kappt-diplomatische-beziehungen-zu-iran\/#respond"]}]},{"@type":"WebPage","@id":"https:\/\/now-news.de\/de\/deutschland\/albanien-kappt-diplomatische-beziehungen-zu-iran\/","url":"https:\/\/now-news.de\/de\/deutschland\/albanien-kappt-diplomatische-beziehungen-zu-iran\/","name":"Albanien kappt diplomatische Beziehungen zu Iran - just-now.NEWS Deutschland","isPartOf":{"@id":"https:\/\/now-news.de\/de\/#website"},"primaryImageOfPage":{"@id":"https:\/\/now-news.de\/de\/deutschland\/albanien-kappt-diplomatische-beziehungen-zu-iran\/#primaryimage"},"image":{"@id":"https:\/\/now-news.de\/de\/deutschland\/albanien-kappt-diplomatische-beziehungen-zu-iran\/#primaryimage"},"thumbnailUrl":"https:\/\/now-news.de\/de\/wp-content\/uploads\/sites\/3\/2022\/09\/Albanien-kappt-diplomatische-Beziehungen-zu-Iran.jpg","datePublished":"2022-09-08T17:37:26+00:00","dateModified":"2022-09-08T17:37:26+00:00","breadcrumb":{"@id":"https:\/\/now-news.de\/de\/deutschland\/albanien-kappt-diplomatische-beziehungen-zu-iran\/#breadcrumb"},"inLanguage":"de","potentialAction":[{"@type":"ReadAction","target":["https:\/\/now-news.de\/de\/deutschland\/albanien-kappt-diplomatische-beziehungen-zu-iran\/"]}]},{"@type":"ImageObject","inLanguage":"de","@id":"https:\/\/now-news.de\/de\/deutschland\/albanien-kappt-diplomatische-beziehungen-zu-iran\/#primaryimage","url":"https:\/\/now-news.de\/de\/wp-content\/uploads\/sites\/3\/2022\/09\/Albanien-kappt-diplomatische-Beziehungen-zu-Iran.jpg","contentUrl":"https:\/\/now-news.de\/de\/wp-content\/uploads\/sites\/3\/2022\/09\/Albanien-kappt-diplomatische-Beziehungen-zu-Iran.jpg","width":460,"height":259,"caption":"Albanien kappt diplomatische Beziehungen zu Iran"},{"@type":"BreadcrumbList","@id":"https:\/\/now-news.de\/de\/deutschland\/albanien-kappt-diplomatische-beziehungen-zu-iran\/#breadcrumb","itemListElement":[{"@type":"ListItem","position":1,"name":"Home","item":"https:\/\/now-news.de\/de\/"},{"@type":"ListItem","position":2,"name":"Albanien kappt diplomatische Beziehungen zu Iran"}]},{"@type":"WebSite","@id":"https:\/\/now-news.de\/de\/#website","url":"https:\/\/now-news.de\/de\/","name":"just-now.NEWS Deutschland","description":"Das Portal f\u00fcr unzensierte Nachrichten aus der Welt","publisher":{"@id":"https:\/\/now-news.de\/de\/#organization"},"potentialAction":[{"@type":"SearchAction","target":{"@type":"EntryPoint","urlTemplate":"https:\/\/now-news.de\/de\/?s={search_term_string}"},"query-input":"required name=search_term_string"}],"inLanguage":"de"},{"@type":"Organization","@id":"https:\/\/now-news.de\/de\/#organization","name":"Just Now News","url":"https:\/\/now-news.de\/de\/","logo":{"@type":"ImageObject","inLanguage":"de","@id":"https:\/\/now-news.de\/de\/#\/schema\/logo\/image\/","url":"http:\/\/just-now.news\/de\/wp-content\/uploads\/sites\/3\/2022\/04\/logo500x500.jpg","contentUrl":"http:\/\/just-now.news\/de\/wp-content\/uploads\/sites\/3\/2022\/04\/logo500x500.jpg","width":500,"height":500,"caption":"Just Now News"},"image":{"@id":"https:\/\/now-news.de\/de\/#\/schema\/logo\/image\/"},"sameAs":["https:\/\/www.facebook.com\/wirmachenauf","https:\/\/x.com\/WirMachenAuf_de"]},{"@type":"Person","@id":"https:\/\/now-news.de\/de\/#\/schema\/person\/fb534a4e865501d8b3285208df34a9b5","name":"rtnews","image":{"@type":"ImageObject","inLanguage":"de","@id":"https:\/\/now-news.de\/de\/#\/schema\/person\/image\/","url":"https:\/\/secure.gravatar.com\/avatar\/82aafea7d8127119dd649515f56e2117?s=96&d=mm&r=g","contentUrl":"https:\/\/secure.gravatar.com\/avatar\/82aafea7d8127119dd649515f56e2117?s=96&d=mm&r=g","caption":"rtnews"},"url":"https:\/\/now-news.de\/de\/author\/rnews\/"}]}},"_links":{"self":[{"href":"https:\/\/now-news.de\/de\/wp-json\/wp\/v2\/posts\/18699"}],"collection":[{"href":"https:\/\/now-news.de\/de\/wp-json\/wp\/v2\/posts"}],"about":[{"href":"https:\/\/now-news.de\/de\/wp-json\/wp\/v2\/types\/post"}],"author":[{"embeddable":true,"href":"https:\/\/now-news.de\/de\/wp-json\/wp\/v2\/users\/3"}],"replies":[{"embeddable":true,"href":"https:\/\/now-news.de\/de\/wp-json\/wp\/v2\/comments?post=18699"}],"version-history":[{"count":0,"href":"https:\/\/now-news.de\/de\/wp-json\/wp\/v2\/posts\/18699\/revisions"}],"wp:featuredmedia":[{"embeddable":true,"href":"https:\/\/now-news.de\/de\/wp-json\/wp\/v2\/media\/18700"}],"wp:attachment":[{"href":"https:\/\/now-news.de\/de\/wp-json\/wp\/v2\/media?parent=18699"}],"wp:term":[{"taxonomy":"category","embeddable":true,"href":"https:\/\/now-news.de\/de\/wp-json\/wp\/v2\/categories?post=18699"},{"taxonomy":"post_tag","embeddable":true,"href":"https:\/\/now-news.de\/de\/wp-json\/wp\/v2\/tags?post=18699"}],"curies":[{"name":"wp","href":"https:\/\/api.w.org\/{rel}","templated":true}]}}