{"id":18655,"date":"2022-09-08T07:40:10","date_gmt":"2022-09-08T05:40:10","guid":{"rendered":"http:\/\/just-now.news\/de\/deutschland\/rt-investigativ-wie-das-umfeld-der-moldawischen-praesidentin-sandu-in-korruptionsskandalen-versinkt\/"},"modified":"2022-09-08T07:40:10","modified_gmt":"2022-09-08T05:40:10","slug":"rt-investigativ-wie-das-umfeld-der-moldawischen-praesidentin-sandu-in-korruptionsskandalen-versinkt","status":"publish","type":"post","link":"https:\/\/now-news.de\/de\/deutschland\/rt-investigativ-wie-das-umfeld-der-moldawischen-praesidentin-sandu-in-korruptionsskandalen-versinkt\/","title":{"rendered":"RT-Investigativ: Wie das Umfeld der moldawischen Pr\u00e4sidentin Sandu in Korruptionsskandalen versinkt"},"content":{"rendered":"<div class=\"Text-root Text-type_1 \">\n                Russlands Auslandssender RT hat im Rahmen einer journalistischen investigativen Recherche herausgefunden, in welche Korruptionsskandale das Umfeld der moldawischen Pr\u00e4sidentin Maia Sandu verwickelt ist und wer jetzt f\u00fcr die angeblich &#8220;neue Politik&#8221; dieser fr\u00fcheren Sowjetrepublik zust\u00e4ndig ist.\n            <\/div>\n<p><\/p>\n<div class=\"Text-root Text-type_5 ArticleView-text ViewText-root \">\n<p>Seit den letzten Monaten wird die politische Klasse Moldawiens von einer Reihe von Skandalen ersch\u00fcttert, die mit den Versuchen der prowestlichen Regierung der osteurop\u00e4ischen Republik zusammenh\u00e4ngen, die oppositionelle T\u00e4tigkeit im Land\u00a0gr\u00f6\u00dftm\u00f6glich zu unterdr\u00fccken. Die politische Gruppierung, die jetzt\u00a0im Land an der Macht ist, \u00fcbernahm ihren Integrationskurs mit der Europ\u00e4ischen Union und ihre Russophobie von <a rel=\"nofollow noopener\" target=\"_blank\" href=\"https:\/\/de.wikipedia.org\/wiki\/Wladimir_Plahotniuk\">Wladimir &#8220;Vlad&#8221; Plahotniuc<\/a>, dem ehemaligen ersten Vizevorsitzenden des Parlaments, zugleich dem reichsten Menschen Moldawiens und dem Gr\u00fcnder eines verzweigten kriminellen Clansystems. Obwohl sich die neue moldawische F\u00fchrung mit Pr\u00e4sidentin <a rel=\"nofollow noopener\" target=\"_blank\" href=\"https:\/\/de.wikipedia.org\/wiki\/Maia_Sandu\">Maia Sandu<\/a> an der Spitze in Worten zur Demokratie bekennt, setzt sie faktisch den Kurs des aus dem Land verbannten Plahotniuc fort, wobei das auf Vetternwirtschaft und Bestechlichkeit fu\u00dfende Verwaltungssystem lebt und weiterhin erstarkt. Der russische Auslandssender <em>RT<\/em> ist durch investigativen Journalismus auf Interna gesto\u00dfen, wer jetzt die &#8220;neue Politik&#8221; von Chi\u0219in\u0103u bestimmt.<\/p>\n<figure class=\"RTImage-root\">\n<div class=\"RTImage-image RTImage-original\"><picture class=\"Picture-root Picture-original\"><!--[if IE 9]><video style=\"display: none;\"><![endif]--><source media=\"(-webkit-min-device-pixel-ratio: 2) and (min-resolution: 120dpi)\" data-srcset=\" \nhttp:\/\/just-now.news\/de\/wp-content\/uploads\/sites\/3\/2022\/09\/63172ea048fbef353e74f2fe.jpg 850w,\n                http:\/\/just-now.news\/de\/wp-content\/uploads\/sites\/3\/2022\/09\/63172ea048fbef353e74f2fe.jpg 1960w,\n            \" ><source data-srcset=\" \nhttp:\/\/just-now.news\/de\/wp-content\/uploads\/sites\/3\/2022\/09\/63172ea048fbef353e74f2fe.jpg 460w,\n              http:\/\/just-now.news\/de\/wp-content\/uploads\/sites\/3\/2022\/09\/63172ea048fbef353e74f2fe.jpg 980w,\n            \" ><!--[if IE 9]><\/video><![endif]--><img decoding=\"async\" data- src=\"data:image\/png;base64,iVBORw0KGgoAAAANSUhEUgAAABAAAAAJCAQAAACRI2S5AAAAEElEQVR42mNkIAAYRxWAAQAG9gAKqv6+AwAAAABJRU5ErkJggg==\" class=\"Picture-root Picture-original lazyload\" data-src=\"http:\/\/just-now.news\/de\/wp-content\/uploads\/sites\/3\/2022\/09\/63172ea048fbef353e74f2fe.jpg\" alt=\"\"><\/source><\/source><\/picture><!-- noscript pattern --><noscript><img decoding=\"async\" src=\"http:\/\/just-now.news\/de\/wp-content\/uploads\/sites\/3\/2022\/09\/63172ea048fbef353e74f2fe.jpg\" alt=\"\"><\/noscript><\/div><figcaption class=\"RTImage-footer\"><span class=\"RTImage-caption\"><span class=\"RTImage-captionItem\">Auf dem Bild: Maia Sandu gibt bei den Pr\u00e4sidentschaftswahlen am 15. November 2020 in Chi\u0219in\u0103u ihre Stimme ab.<\/span><\/span><span class=\"RTImage-source\"><span class=\"RTImage-captionItem\">SERGEI GAPON<\/span><span class=\"RTImage-captionItem\"> \/ AFP<\/span><\/span><\/figcaption><\/figure>\n<p>Im Jahr 2020 verlor der damals amtierende Staatschef <a rel=\"nofollow noopener\" target=\"_blank\" href=\"https:\/\/de.wikipedia.org\/wiki\/Igor_Dodon\">Igor Dodon<\/a>, Kandidat der Partei der Sozialisten (PSRM), die Pr\u00e4sidentschaftswahl gegen seine Hauptrivalin Maia Sandu. Der Sieg der Vertreterin der Partei der Aktion und Solidarit\u00e4t (PAS) markierte eine einschneidende politische Wende \u2013 sowohl in der Au\u00dfenpolitik als auch in den inneren Angelegenheiten des Landes. Die neue Staatsf\u00fchrung nahm Kurs auf eine gewaltsame Unterdr\u00fcckung der Oppositionsparteien und eine strafrechtliche Verfolgung von deren F\u00fchrungen.<\/p>\n<p>Wegweisend wurde der strafrechtliche Prozess gegen den wichtigsten politischen Herausforderer Sandus \u2013 n\u00e4mlich den ehemaligen sozialistischen Pr\u00e4sidenten Dodon, den man beschuldigte, seine Amtsbefugnisse \u00fcberschritten zu haben, und den man daher unter Hausarrest stellte. Dodon selbst erkl\u00e4rte, dass die jetzigen moldawischen Beh\u00f6rden ihn und Vertreter einiger anderer Oppositionskr\u00e4fte aus politischen Gr\u00fcnden verfolgen. In einem Interview sagte er:<\/p>\n<blockquote>\n<p><em>&#8220;Die Methoden dieses antinationalen Regimes haben mit den Grunds\u00e4tzen eines Rechtsstaates nicht gemeinsam und sind inzwischen zur Staatspolitik geworden: die Verfolgung von Politikern, die sich einer gewissen Unterst\u00fctzung erfreuen, und deren Isolierung von der Gesellschaft mit dem Ziel, sie an ihrer T\u00e4tigkeit zu hindern. Dies wird nicht lange dauern. Jede Diktatur hat ein Ende.&#8221;<\/em><\/p>\n<\/blockquote>\n<p>Au\u00dfer Dodon gerieten unter die R\u00e4der der Repressionsmaschinerie der jetzigen moldawischen Beh\u00f6rden auch Vertreter anderer politischer Organisationen. So wurde Marina Tauber, Parlamentsabgeordnete der <a rel=\"nofollow noopener\" target=\"_blank\" href=\"https:\/\/en.wikipedia.org\/wiki\/%C8%98or_Party\">Partei \u0218or<\/a>, festgenommen. Am 21. Juli wurde ihr die Immunit\u00e4t entzogen. Ihr B\u00fcro wurde durchsucht. Sp\u00e4ter wurde die Politikerin verhaftet und in Untersuchungshaft gesetzt.<\/p>\n<p>Offiziell wird Tauber verd\u00e4chtigt, einen Bericht \u00fcber das finanzielle Management der Partei \u0218or frisiert zu haben. Ihre Partei soll von einer Gruppe der organisierten Kriminalit\u00e4t finanziert worden sein. Dagegen finden in der moldawischen Hauptstadt Chi\u0219in\u0103u Kundgebungen von Anh\u00e4ngern der Partei statt, die die Befreiung aller politischen Gefangenen fordern.<\/p>\n<p><strong>Verd\u00e4chtiges Diplom<\/strong><\/p>\n<p>Vor dem Hintergrund der politischen und Korruptionsskandale, die momentan das osteurop\u00e4ische Land ersch\u00fcttern, lohnt es sich, einen Blick auf das Umfeld der Pr\u00e4sidentin Sandu zu werfen, insbesondere auf Amtspersonen im Sicherheitswesen, \u2013 \u00a0zum Beispiel auf <a rel=\"nofollow noopener\" target=\"_blank\" href=\"https:\/\/en.wikipedia.org\/wiki\/Dorin_Recean\">Dorin Recean<\/a>, den Sandu Anfang dieses Jahres zu ihrem Berater in Angelegenheiten der Verteidigung und der nationalen Sicherheit sowie zum Sekret\u00e4r des Obersten Sicherheitsrates ernannt hat.<\/p>\n<p>Recean hatte von 2012 bis 2015 das moldawische Innenministerium geleitet, nachdem er dieses Amt aufgrund der Quote der Liberaldemokratischen Partei (PLDM) erhalten hatte. Zu jeder Zeit war Sandu Bildungsministerin im Kabinett von W<a rel=\"nofollow noopener\" target=\"_blank\" href=\"https:\/\/de.wikipedia.org\/wiki\/Vlad_Filat\">ladimir &#8220;Vlad&#8221; Filat<\/a>, der sp\u00e4ter wegen millionenschwerer Bestechungen, Gelderpressung und Beteiligung an der Entwendung von einer Milliarde US-Dollar aus dem Bankwesen der Republik zu neun Jahren Gef\u00e4ngnis verurteilt werden sollte.<\/p>\n<p>Eigentlich hatte Recean davor beruflich nichts mit dem Sicherheitswesen zu tun. Er war n\u00e4mlich Mitgr\u00fcnder des Unternehmens US Food Network SRL, dem in Moldawien die Schnellrestaurantkette KFC geh\u00f6rt, und seine Ernennung war ausschlie\u00dflich politisch motiviert.<\/p>\n<p>Laut moldawischen Medien soll Receans Hochschuldiplom eine F\u00e4lschung sein. So behauptet unter anderem der Leiter der moldawischen Bewegung Anti-Mafia, Sergiu Mocanu, dass Recean sein Abschlusszeugnis bei der belgischen Filiale der US-amerikanischen Christopher Newport University gekauft habe. Ihm zufolge habe diese Tatsache der grauen Eminenz der moldawischen Politik, Plahotniuc, die M\u00f6glichkeit gegeben, den Innenminister zu erpressen.<\/p>\n<p><strong>Korruptionsverd\u00e4chtiger Generalstaatsanwalt \u00a0\u00a0\u00a0\u00a0\u00a0\u00a0\u00a0\u00a0\u00a0<\/strong><\/p>\n<p>Eine weitere wichtige Person im &#8220;Sicherheitsumfeld&#8221; von Pr\u00e4sidentin Sandu ist der interimistische Generalstaatsanwalt Dumitru Robu. Sein Vorg\u00e4nger Alexandru Stoianoglo wurde von seinem Amt suspendiert und wegen Bestechlichkeit und Beteiligung an der kriminellen Operation &#8220;Laundromat&#8221; (auf Deutsch &#8220;Waschsalon&#8221;) verhaftet, als man mehrere Milliarden US-Dollar aus Russland \u00fcber moldawische Geldh\u00e4user illegal ins Ausland transferiert hatte. Dabei behauptete Stoianoglo kurz vor seiner Suspendierung und Verhaftung, die Regierungspartei PAS wolle ihn beseitigen. Hinter seiner illegalen Verfolgung stehe n\u00e4mlich Viorel Morari, der damals die Staatsanwaltschaft f\u00fcr Korruptionsbek\u00e4mpfung leitete. Dieser habe mit dem Berater f\u00fcr Angelegenheiten der Rechtssicherheitsorgane im Kabinett von Ministerpr\u00e4sidentin Sandu, Vladimir Gavrili\u0163a, eng kommuniziert. Die beiden h\u00e4tten in ihrer Kommunikation Einzelheiten zur Diskreditierung eines der Kandidaten f\u00fcr das Amt des Generalstaatsanwalts \u2013 Veaceslav Soltan \u2013 er\u00f6rtert. An der von Stoianoglo erw\u00e4hnten Kommunikation habe sich dar\u00fcber hinaus der damalige Generalsekret\u00e4r der Regierung, Andrei Sp\u00eenu, beteiligt, der momentan das Amt des Infrastruktur-Ministers bekleidet und somit Vizeministerpr\u00e4sident Moldawiens ist.<\/p>\n<p>Im Amt des interimistischen Generalstaatsanwalts beteiligte sich Robu aktiv an der strafrechtlichen Verfolgung der politischen Opponenten der moldawischen Staatsf\u00fchrung. Korruptionsskandale entstanden dabei auch rund um Robu selbst. So sickerte im vergangenen Jahr in den moldawischen Medien ein Video durch, auf dem zu sehen war, wie Robu eine gr\u00f6\u00dfere Summe Geld erhielt. Das Video wurde mit\u00a0dem Text begleitet, wonach Robu noch im Amt des stellvertretenden Staatsanwalts von Chi\u0219in\u0103u von einer Amtsperson eine Bestechungssumme erhalten h\u00e4tte, um einen Korruptionsprozess zu beeinflussen. Der interimistische Generalstaatsanwalt musste eine Gegenerkl\u00e4rung abgeben, wobei er behauptete, dass es sich dabei um kein Schmiergeld, sondern um den Kauf eines Autos f\u00fcr einen seiner Verwandten gehandelt habe.<\/p>\n<p>Ein weiterer mutma\u00dflicher Korruptionsfall, dessen man Robu verd\u00e4chtigte, tauchte nach einer Beschwerde auf, die Sorin Stati, Ex-Direktor des staatlichen Unternehmens Moldavian Air Traffic Services Authority (MoldATSA), bei dem Obersten Rat der Staatsanw\u00e4lte Moldawiens einreichte. Stati behauptete, dass Robu am Anfang seiner Laufbahn im Amt des Staatsanwalts der Staatsanwaltschaft f\u00fcr Verkehrswesen gegen Entgelt Strafsachen anstrengte oder auch fallen lie\u00df. Wie dem auch sei, Statis Beschwerde wurde letztendlich abgewiesen.<\/p>\n<p><strong>Importierter Amtstr\u00e4ger<\/strong><\/p>\n<p>Wie bereits erw\u00e4hnt, spielt die Staatsanwaltschaft f\u00fcr Korruptionsbek\u00e4mpfung in den innenpolitischen Konstellationen der osteurop\u00e4ischen Republik eine wichtige Rolle. Umso wichtiger ist es, einen Blick darauf zu werfen, wer diese Beh\u00f6rde leitet. Zur Leiterin dieses Sonderressorts der Generalstaatsanwaltschaft Moldawiens wurde Anfang August Veronica Dragalin ernannt. Sie ist ein Paradebeispiel einer aus dem Westen importierten Amtsperson. Die Familie der wichtigsten Staatsanw\u00e4ltin f\u00fcr Korruptionsbek\u00e4mpfung Moldawiens hatte vor mehreren Jahren das Land verlassen und sich in den USA niedergelassen. Im Jahr 2011 absolvierte Dragalin die Juristische Fakult\u00e4t der University of Virginia und arbeitete bis zuletzt in den USA als Assistentin der Staatsanwaltschaft im Ressort f\u00fcr Korruptionsbek\u00e4mpfung und B\u00fcrgerrechte.<\/p>\n<p>Moldawische Medien und Experten sind allerdings der Meinung, dass Dragalin diese steile Berufskarriere in ihrem Heimatland nicht ihren juristischen Talenten, sondern den Verbindungen ihrer Mutter zum \u00f6rtlichen politischen Establishment zu verdanken habe. Dragalins Mutter hei\u00dft Elena und leitet die Organisation Moldova-AID, die jedes Jahr den traditionellen moldawisch-amerikanischen Kongress Conven\u021bia Moldo-American\u0103 (CMA) veranstaltet. Diese Plattform vereint Vertreter von staatlichen Institutionen der beiden L\u00e4nder und Menschen aus Moldawien, die in den USA leben. Moldawischen Experten zufolge geh\u00f6re Dragalins Mutter zu finanziellen Spendern von Sandus Partei PAS.<\/p>\n<p><strong>Brutmaschine f\u00fcr Korruption<\/strong><\/p>\n<p>Im Gespr\u00e4ch mit <em>RT<\/em> sagte Alexei Martynow, Direktor des Instituts f\u00fcr neueste Staaten, dass der moldawische Oligarch Plahotniuc alias Plochisch (auf Deutsch so gut wie B\u00f6sewicht) nach wie vor einen wesentlichen Einfluss auf die moldawische Politik aus\u00fcbe. Der Politologe erkl\u00e4rte in diesem Zusammenhang:<\/p>\n<blockquote>\n<p><em>&#8220;Ja, Plahotniuc \u00fcbt seinen Einfluss zweifellos weiterhin aus, soweit dies in seiner jetzigen Situation \u00fcberhaupt m\u00f6glich ist. Dies betrifft sowohl die Situation nach seiner Verbannung, als Plachotnjuk \u00fcber eine Ministerpr\u00e4sidentin und einen Parlamentsvorsitzenden verf\u00fcgt hat, die ihm willf\u00e4hrig waren, als auch die Bildung der neuen Mehrheit f\u00fcr Sandu nach der Niederlage Dodons und den vorgezogenen Parlamentswahlen im vergangenen Jahr. Plochisch hat diese politische Klasse ins Leben gerufen. Das ist sein System, und aus dieser politischen Brutmaschine schl\u00fcpfen ganz\u00a0bestimmte Menschentypen.&#8221;<\/em><\/p>\n<\/blockquote>\n<p>Der Experte verwies au\u00dferdem darauf, dass Abgeordnete der Demokratischen Partei (PDM) teilweise in die von Sandu gegr\u00fcndete Partei PAS \u00fcbergewechselt waren.<\/p>\n<blockquote>\n<p><em>&#8220;Ein Teil von Abgeordneten der Demokratischen Partei von Plahotniuc sind in der Tat zu Sandu \u00fcbergewechselt. Jemand hat in anderen Fraktionen Platz gefunden. Tats\u00e4chlich sind sie aber alle Schauspieler, deren Rollen von Plahotniuc festgelegt sind. Dabei muss man begreifen, dass das von ihm geschaffene System ins Wanken geraten ist, da der prowestliche Vektor zu stark geworden ist. Alle j\u00fcngsten S\u00e4uberungen auf dem politischen Feld, darunter die Verfolgung Dodons, belegen dies augenscheinlich.&#8221;<\/em><\/p>\n<\/blockquote>\n<p>In Bezug auf die Korruptionskomponente in der moldawischen Politik sagte der Experte, dass das jetzige politische Regime im Land von Clans und Oligarchen gepr\u00e4gt werde.<\/p>\n<blockquote>\n<p><em>&#8220;Selbst wenn man \u00fcber den Fall Veronica Dragalin spricht, so bemerkt man diese Clan-Verh\u00e4ltnisse: Sie ist einfach eine Freundin Sandus. Als die jetzige Pr\u00e4sidentin Moldawiens in der Weltbank in Washington gearbeitet und sich mit bestimmten postsowjetischen Projekten besch\u00e4ftigt hat, war Dragalin immer irgendwo an ihrer Seite, in ihrer N\u00e4he.&#8221;<\/em><\/p>\n<\/blockquote>\n<p>Diese G\u00fcnstlingswirtschaft sei f\u00fcr das politische System Moldawiens typisch, res\u00fcmierte der Experte im Gespr\u00e4ch mit <em>RT<\/em>.<\/p>\n<p><strong>Mehr zum Thema<\/strong> &#8211;\u00a0<a rel=\"nofollow noopener\" target=\"_blank\" href=\"https:\/\/de.rt.com\/europa\/147812-mehr-als-dreitausend-teilnehmer-opposition\/\">Mehr als 3.000 Demonstranten \u2013 Opposition protestiert im Zentrum von Chi\u015fin\u0103u<\/a><\/p>\n<\/div>\n<p><br \/>\n<br \/><a href=\"https:\/\/de.rt.com\/europa\/148136-wie-das-umfeld-der-moldawischen-praesidentin-sandu-in-korruptionsskandalen-versinkt\/\">Source link <\/a><\/p>\n","protected":false},"excerpt":{"rendered":"<p>Russlands Auslandssender RT hat im Rahmen einer journalistischen investigativen Recherche herausgefunden, in welche Korruptionsskandale das Umfeld der moldawischen Pr\u00e4sidentin Maia Sandu verwickelt ist und wer jetzt f\u00fcr die angeblich &#8220;neue Politik&#8221; dieser fr\u00fcheren Sowjetrepublik zust\u00e4ndig ist. Seit den letzten Monaten wird die politische Klasse Moldawiens von einer Reihe von Skandalen ersch\u00fcttert, die mit den Versuchen [&hellip;]<\/p>\n","protected":false},"author":3,"featured_media":18656,"comment_status":"open","ping_status":"open","sticky":false,"template":"","format":"standard","meta":{"wp_automatic_camp":["217"],"2a589858e995af3eaed423df129d221d":["RT-Investigativ: Wie das Umfeld der moldawischen Pr\u00e4sidentin Sandu in Korruptionsskandalen versinkt"],"original_link":["https:\/\/de.rt.com\/europa\/148136-wie-das-umfeld-der-moldawischen-praesidentin-sandu-in-korruptionsskandalen-versinkt\/"],"_thumbnail_id":["18656"],"_wptg_p2tg_sent2tg":["2022-09-08 07:50:36"],"jnews_social_counter_last_update":["1777603131"]},"categories":[19,23],"tags":[427,82,32513,32511,22535,32510,32512,24609,31956,579],"yoast_head":"<!-- This site is optimized with the Yoast SEO Premium plugin v22.7 (Yoast SEO v22.7) - https:\/\/yoast.com\/wordpress\/plugins\/seo\/ -->\n<title>RT-Investigativ: Wie das Umfeld der moldawischen Pr\u00e4sidentin Sandu in Korruptionsskandalen versinkt - just-now.NEWS Deutschland<\/title>\n<meta name=\"robots\" content=\"index, follow, max-snippet:-1, max-image-preview:large, max-video-preview:-1\" \/>\n<link rel=\"canonical\" href=\"https:\/\/now-news.de\/de\/deutschland\/rt-investigativ-wie-das-umfeld-der-moldawischen-praesidentin-sandu-in-korruptionsskandalen-versinkt\/\" \/>\n<meta property=\"og:locale\" content=\"de_DE\" \/>\n<meta property=\"og:type\" content=\"article\" \/>\n<meta property=\"og:title\" content=\"RT-Investigativ: Wie das Umfeld der moldawischen Pr\u00e4sidentin Sandu in Korruptionsskandalen versinkt\" \/>\n<meta property=\"og:description\" content=\"Russlands Auslandssender RT hat im Rahmen einer journalistischen investigativen Recherche herausgefunden, in welche Korruptionsskandale das Umfeld der moldawischen Pr\u00e4sidentin Maia Sandu verwickelt ist und wer jetzt f\u00fcr die angeblich &#8220;neue Politik&#8221; dieser fr\u00fcheren Sowjetrepublik zust\u00e4ndig ist. Seit den letzten Monaten wird die politische Klasse Moldawiens von einer Reihe von Skandalen ersch\u00fcttert, die mit den Versuchen [&hellip;]\" \/>\n<meta property=\"og:url\" content=\"https:\/\/now-news.de\/de\/deutschland\/rt-investigativ-wie-das-umfeld-der-moldawischen-praesidentin-sandu-in-korruptionsskandalen-versinkt\/\" \/>\n<meta property=\"og:site_name\" content=\"just-now.NEWS Deutschland\" \/>\n<meta property=\"article:publisher\" content=\"https:\/\/www.facebook.com\/wirmachenauf\" \/>\n<meta property=\"article:published_time\" content=\"2022-09-08T05:40:10+00:00\" \/>\n<meta property=\"og:image\" content=\"https:\/\/now-news.de\/de\/wp-content\/uploads\/sites\/3\/2022\/09\/RT-Investigativ-Wie-das-Umfeld-der-moldawischen-Praesidentin-Sandu-in-Korruptionsskandalen.jpg\" \/>\n\t<meta property=\"og:image:width\" content=\"1623\" \/>\n\t<meta property=\"og:image:height\" content=\"1080\" \/>\n\t<meta property=\"og:image:type\" content=\"image\/jpeg\" \/>\n<meta name=\"author\" content=\"rtnews\" \/>\n<meta name=\"twitter:card\" content=\"summary_large_image\" \/>\n<meta name=\"twitter:creator\" content=\"@WirMachenAuf_de\" \/>\n<meta name=\"twitter:site\" content=\"@WirMachenAuf_de\" \/>\n<meta name=\"twitter:label1\" content=\"Verfasst von\" \/>\n\t<meta name=\"twitter:data1\" content=\"rtnews\" \/>\n\t<meta name=\"twitter:label2\" content=\"Gesch\u00e4tzte Lesezeit\" \/>\n\t<meta name=\"twitter:data2\" content=\"8\u00a0Minuten\" \/>\n<script type=\"application\/ld+json\" class=\"yoast-schema-graph\">{\"@context\":\"https:\/\/schema.org\",\"@graph\":[{\"@type\":\"Article\",\"@id\":\"https:\/\/now-news.de\/de\/deutschland\/rt-investigativ-wie-das-umfeld-der-moldawischen-praesidentin-sandu-in-korruptionsskandalen-versinkt\/#article\",\"isPartOf\":{\"@id\":\"https:\/\/now-news.de\/de\/deutschland\/rt-investigativ-wie-das-umfeld-der-moldawischen-praesidentin-sandu-in-korruptionsskandalen-versinkt\/\"},\"author\":{\"name\":\"rtnews\",\"@id\":\"https:\/\/now-news.de\/de\/#\/schema\/person\/fb534a4e865501d8b3285208df34a9b5\"},\"headline\":\"RT-Investigativ: Wie das Umfeld der moldawischen Pr\u00e4sidentin Sandu in Korruptionsskandalen versinkt\",\"datePublished\":\"2022-09-08T05:40:10+00:00\",\"dateModified\":\"2022-09-08T05:40:10+00:00\",\"mainEntityOfPage\":{\"@id\":\"https:\/\/now-news.de\/de\/deutschland\/rt-investigativ-wie-das-umfeld-der-moldawischen-praesidentin-sandu-in-korruptionsskandalen-versinkt\/\"},\"wordCount\":1665,\"commentCount\":0,\"publisher\":{\"@id\":\"https:\/\/now-news.de\/de\/#organization\"},\"image\":{\"@id\":\"https:\/\/now-news.de\/de\/deutschland\/rt-investigativ-wie-das-umfeld-der-moldawischen-praesidentin-sandu-in-korruptionsskandalen-versinkt\/#primaryimage\"},\"thumbnailUrl\":\"https:\/\/now-news.de\/de\/wp-content\/uploads\/sites\/3\/2022\/09\/RT-Investigativ-Wie-das-Umfeld-der-moldawischen-Praesidentin-Sandu-in-Korruptionsskandalen.jpg\",\"keywords\":[\"das\",\"der\",\"Korruptionsskandalen\",\"moldawischen\",\"Pr\u00e4sidentin\",\"RTInvestigativ\",\"Sandu\",\"Umfeld\",\"versinkt\",\"Wie\"],\"articleSection\":[\"Deutschland\",\"Russland\"],\"inLanguage\":\"de\",\"potentialAction\":[{\"@type\":\"CommentAction\",\"name\":\"Comment\",\"target\":[\"https:\/\/now-news.de\/de\/deutschland\/rt-investigativ-wie-das-umfeld-der-moldawischen-praesidentin-sandu-in-korruptionsskandalen-versinkt\/#respond\"]}]},{\"@type\":\"WebPage\",\"@id\":\"https:\/\/now-news.de\/de\/deutschland\/rt-investigativ-wie-das-umfeld-der-moldawischen-praesidentin-sandu-in-korruptionsskandalen-versinkt\/\",\"url\":\"https:\/\/now-news.de\/de\/deutschland\/rt-investigativ-wie-das-umfeld-der-moldawischen-praesidentin-sandu-in-korruptionsskandalen-versinkt\/\",\"name\":\"RT-Investigativ: Wie das Umfeld der moldawischen Pr\u00e4sidentin Sandu in Korruptionsskandalen versinkt - just-now.NEWS Deutschland\",\"isPartOf\":{\"@id\":\"https:\/\/now-news.de\/de\/#website\"},\"primaryImageOfPage\":{\"@id\":\"https:\/\/now-news.de\/de\/deutschland\/rt-investigativ-wie-das-umfeld-der-moldawischen-praesidentin-sandu-in-korruptionsskandalen-versinkt\/#primaryimage\"},\"image\":{\"@id\":\"https:\/\/now-news.de\/de\/deutschland\/rt-investigativ-wie-das-umfeld-der-moldawischen-praesidentin-sandu-in-korruptionsskandalen-versinkt\/#primaryimage\"},\"thumbnailUrl\":\"https:\/\/now-news.de\/de\/wp-content\/uploads\/sites\/3\/2022\/09\/RT-Investigativ-Wie-das-Umfeld-der-moldawischen-Praesidentin-Sandu-in-Korruptionsskandalen.jpg\",\"datePublished\":\"2022-09-08T05:40:10+00:00\",\"dateModified\":\"2022-09-08T05:40:10+00:00\",\"breadcrumb\":{\"@id\":\"https:\/\/now-news.de\/de\/deutschland\/rt-investigativ-wie-das-umfeld-der-moldawischen-praesidentin-sandu-in-korruptionsskandalen-versinkt\/#breadcrumb\"},\"inLanguage\":\"de\",\"potentialAction\":[{\"@type\":\"ReadAction\",\"target\":[\"https:\/\/now-news.de\/de\/deutschland\/rt-investigativ-wie-das-umfeld-der-moldawischen-praesidentin-sandu-in-korruptionsskandalen-versinkt\/\"]}]},{\"@type\":\"ImageObject\",\"inLanguage\":\"de\",\"@id\":\"https:\/\/now-news.de\/de\/deutschland\/rt-investigativ-wie-das-umfeld-der-moldawischen-praesidentin-sandu-in-korruptionsskandalen-versinkt\/#primaryimage\",\"url\":\"https:\/\/now-news.de\/de\/wp-content\/uploads\/sites\/3\/2022\/09\/RT-Investigativ-Wie-das-Umfeld-der-moldawischen-Praesidentin-Sandu-in-Korruptionsskandalen.jpg\",\"contentUrl\":\"https:\/\/now-news.de\/de\/wp-content\/uploads\/sites\/3\/2022\/09\/RT-Investigativ-Wie-das-Umfeld-der-moldawischen-Praesidentin-Sandu-in-Korruptionsskandalen.jpg\",\"width\":1623,\"height\":1080,\"caption\":\"RT-Investigativ: Wie das Umfeld der moldawischen Pr\u00e4sidentin Sandu in Korruptionsskandalen versinkt\"},{\"@type\":\"BreadcrumbList\",\"@id\":\"https:\/\/now-news.de\/de\/deutschland\/rt-investigativ-wie-das-umfeld-der-moldawischen-praesidentin-sandu-in-korruptionsskandalen-versinkt\/#breadcrumb\",\"itemListElement\":[{\"@type\":\"ListItem\",\"position\":1,\"name\":\"Home\",\"item\":\"https:\/\/now-news.de\/de\/\"},{\"@type\":\"ListItem\",\"position\":2,\"name\":\"RT-Investigativ: Wie das Umfeld der moldawischen Pr\u00e4sidentin Sandu in Korruptionsskandalen versinkt\"}]},{\"@type\":\"WebSite\",\"@id\":\"https:\/\/now-news.de\/de\/#website\",\"url\":\"https:\/\/now-news.de\/de\/\",\"name\":\"just-now.NEWS Deutschland\",\"description\":\"Das Portal f\u00fcr unzensierte Nachrichten aus der Welt\",\"publisher\":{\"@id\":\"https:\/\/now-news.de\/de\/#organization\"},\"potentialAction\":[{\"@type\":\"SearchAction\",\"target\":{\"@type\":\"EntryPoint\",\"urlTemplate\":\"https:\/\/now-news.de\/de\/?s={search_term_string}\"},\"query-input\":\"required name=search_term_string\"}],\"inLanguage\":\"de\"},{\"@type\":\"Organization\",\"@id\":\"https:\/\/now-news.de\/de\/#organization\",\"name\":\"Just Now News\",\"url\":\"https:\/\/now-news.de\/de\/\",\"logo\":{\"@type\":\"ImageObject\",\"inLanguage\":\"de\",\"@id\":\"https:\/\/now-news.de\/de\/#\/schema\/logo\/image\/\",\"url\":\"http:\/\/just-now.news\/de\/wp-content\/uploads\/sites\/3\/2022\/04\/logo500x500.jpg\",\"contentUrl\":\"http:\/\/just-now.news\/de\/wp-content\/uploads\/sites\/3\/2022\/04\/logo500x500.jpg\",\"width\":500,\"height\":500,\"caption\":\"Just Now News\"},\"image\":{\"@id\":\"https:\/\/now-news.de\/de\/#\/schema\/logo\/image\/\"},\"sameAs\":[\"https:\/\/www.facebook.com\/wirmachenauf\",\"https:\/\/x.com\/WirMachenAuf_de\"]},{\"@type\":\"Person\",\"@id\":\"https:\/\/now-news.de\/de\/#\/schema\/person\/fb534a4e865501d8b3285208df34a9b5\",\"name\":\"rtnews\",\"image\":{\"@type\":\"ImageObject\",\"inLanguage\":\"de\",\"@id\":\"https:\/\/now-news.de\/de\/#\/schema\/person\/image\/\",\"url\":\"https:\/\/secure.gravatar.com\/avatar\/82aafea7d8127119dd649515f56e2117?s=96&d=mm&r=g\",\"contentUrl\":\"https:\/\/secure.gravatar.com\/avatar\/82aafea7d8127119dd649515f56e2117?s=96&d=mm&r=g\",\"caption\":\"rtnews\"},\"url\":\"https:\/\/now-news.de\/de\/author\/rnews\/\"}]}<\/script>\n<!-- \/ Yoast SEO Premium plugin. -->","yoast_head_json":{"title":"RT-Investigativ: Wie das Umfeld der moldawischen Pr\u00e4sidentin Sandu in Korruptionsskandalen versinkt - just-now.NEWS Deutschland","robots":{"index":"index","follow":"follow","max-snippet":"max-snippet:-1","max-image-preview":"max-image-preview:large","max-video-preview":"max-video-preview:-1"},"canonical":"https:\/\/now-news.de\/de\/deutschland\/rt-investigativ-wie-das-umfeld-der-moldawischen-praesidentin-sandu-in-korruptionsskandalen-versinkt\/","og_locale":"de_DE","og_type":"article","og_title":"RT-Investigativ: Wie das Umfeld der moldawischen Pr\u00e4sidentin Sandu in Korruptionsskandalen versinkt","og_description":"Russlands Auslandssender RT hat im Rahmen einer journalistischen investigativen Recherche herausgefunden, in welche Korruptionsskandale das Umfeld der moldawischen Pr\u00e4sidentin Maia Sandu verwickelt ist und wer jetzt f\u00fcr die angeblich &#8220;neue Politik&#8221; dieser fr\u00fcheren Sowjetrepublik zust\u00e4ndig ist. Seit den letzten Monaten wird die politische Klasse Moldawiens von einer Reihe von Skandalen ersch\u00fcttert, die mit den Versuchen [&hellip;]","og_url":"https:\/\/now-news.de\/de\/deutschland\/rt-investigativ-wie-das-umfeld-der-moldawischen-praesidentin-sandu-in-korruptionsskandalen-versinkt\/","og_site_name":"just-now.NEWS Deutschland","article_publisher":"https:\/\/www.facebook.com\/wirmachenauf","article_published_time":"2022-09-08T05:40:10+00:00","og_image":[{"width":1623,"height":1080,"url":"https:\/\/now-news.de\/de\/wp-content\/uploads\/sites\/3\/2022\/09\/RT-Investigativ-Wie-das-Umfeld-der-moldawischen-Praesidentin-Sandu-in-Korruptionsskandalen.jpg","type":"image\/jpeg"}],"author":"rtnews","twitter_card":"summary_large_image","twitter_creator":"@WirMachenAuf_de","twitter_site":"@WirMachenAuf_de","twitter_misc":{"Verfasst von":"rtnews","Gesch\u00e4tzte Lesezeit":"8\u00a0Minuten"},"schema":{"@context":"https:\/\/schema.org","@graph":[{"@type":"Article","@id":"https:\/\/now-news.de\/de\/deutschland\/rt-investigativ-wie-das-umfeld-der-moldawischen-praesidentin-sandu-in-korruptionsskandalen-versinkt\/#article","isPartOf":{"@id":"https:\/\/now-news.de\/de\/deutschland\/rt-investigativ-wie-das-umfeld-der-moldawischen-praesidentin-sandu-in-korruptionsskandalen-versinkt\/"},"author":{"name":"rtnews","@id":"https:\/\/now-news.de\/de\/#\/schema\/person\/fb534a4e865501d8b3285208df34a9b5"},"headline":"RT-Investigativ: Wie das Umfeld der moldawischen Pr\u00e4sidentin Sandu in Korruptionsskandalen versinkt","datePublished":"2022-09-08T05:40:10+00:00","dateModified":"2022-09-08T05:40:10+00:00","mainEntityOfPage":{"@id":"https:\/\/now-news.de\/de\/deutschland\/rt-investigativ-wie-das-umfeld-der-moldawischen-praesidentin-sandu-in-korruptionsskandalen-versinkt\/"},"wordCount":1665,"commentCount":0,"publisher":{"@id":"https:\/\/now-news.de\/de\/#organization"},"image":{"@id":"https:\/\/now-news.de\/de\/deutschland\/rt-investigativ-wie-das-umfeld-der-moldawischen-praesidentin-sandu-in-korruptionsskandalen-versinkt\/#primaryimage"},"thumbnailUrl":"https:\/\/now-news.de\/de\/wp-content\/uploads\/sites\/3\/2022\/09\/RT-Investigativ-Wie-das-Umfeld-der-moldawischen-Praesidentin-Sandu-in-Korruptionsskandalen.jpg","keywords":["das","der","Korruptionsskandalen","moldawischen","Pr\u00e4sidentin","RTInvestigativ","Sandu","Umfeld","versinkt","Wie"],"articleSection":["Deutschland","Russland"],"inLanguage":"de","potentialAction":[{"@type":"CommentAction","name":"Comment","target":["https:\/\/now-news.de\/de\/deutschland\/rt-investigativ-wie-das-umfeld-der-moldawischen-praesidentin-sandu-in-korruptionsskandalen-versinkt\/#respond"]}]},{"@type":"WebPage","@id":"https:\/\/now-news.de\/de\/deutschland\/rt-investigativ-wie-das-umfeld-der-moldawischen-praesidentin-sandu-in-korruptionsskandalen-versinkt\/","url":"https:\/\/now-news.de\/de\/deutschland\/rt-investigativ-wie-das-umfeld-der-moldawischen-praesidentin-sandu-in-korruptionsskandalen-versinkt\/","name":"RT-Investigativ: Wie das Umfeld der moldawischen Pr\u00e4sidentin Sandu in Korruptionsskandalen versinkt - just-now.NEWS Deutschland","isPartOf":{"@id":"https:\/\/now-news.de\/de\/#website"},"primaryImageOfPage":{"@id":"https:\/\/now-news.de\/de\/deutschland\/rt-investigativ-wie-das-umfeld-der-moldawischen-praesidentin-sandu-in-korruptionsskandalen-versinkt\/#primaryimage"},"image":{"@id":"https:\/\/now-news.de\/de\/deutschland\/rt-investigativ-wie-das-umfeld-der-moldawischen-praesidentin-sandu-in-korruptionsskandalen-versinkt\/#primaryimage"},"thumbnailUrl":"https:\/\/now-news.de\/de\/wp-content\/uploads\/sites\/3\/2022\/09\/RT-Investigativ-Wie-das-Umfeld-der-moldawischen-Praesidentin-Sandu-in-Korruptionsskandalen.jpg","datePublished":"2022-09-08T05:40:10+00:00","dateModified":"2022-09-08T05:40:10+00:00","breadcrumb":{"@id":"https:\/\/now-news.de\/de\/deutschland\/rt-investigativ-wie-das-umfeld-der-moldawischen-praesidentin-sandu-in-korruptionsskandalen-versinkt\/#breadcrumb"},"inLanguage":"de","potentialAction":[{"@type":"ReadAction","target":["https:\/\/now-news.de\/de\/deutschland\/rt-investigativ-wie-das-umfeld-der-moldawischen-praesidentin-sandu-in-korruptionsskandalen-versinkt\/"]}]},{"@type":"ImageObject","inLanguage":"de","@id":"https:\/\/now-news.de\/de\/deutschland\/rt-investigativ-wie-das-umfeld-der-moldawischen-praesidentin-sandu-in-korruptionsskandalen-versinkt\/#primaryimage","url":"https:\/\/now-news.de\/de\/wp-content\/uploads\/sites\/3\/2022\/09\/RT-Investigativ-Wie-das-Umfeld-der-moldawischen-Praesidentin-Sandu-in-Korruptionsskandalen.jpg","contentUrl":"https:\/\/now-news.de\/de\/wp-content\/uploads\/sites\/3\/2022\/09\/RT-Investigativ-Wie-das-Umfeld-der-moldawischen-Praesidentin-Sandu-in-Korruptionsskandalen.jpg","width":1623,"height":1080,"caption":"RT-Investigativ: Wie das Umfeld der moldawischen Pr\u00e4sidentin Sandu in Korruptionsskandalen versinkt"},{"@type":"BreadcrumbList","@id":"https:\/\/now-news.de\/de\/deutschland\/rt-investigativ-wie-das-umfeld-der-moldawischen-praesidentin-sandu-in-korruptionsskandalen-versinkt\/#breadcrumb","itemListElement":[{"@type":"ListItem","position":1,"name":"Home","item":"https:\/\/now-news.de\/de\/"},{"@type":"ListItem","position":2,"name":"RT-Investigativ: Wie das Umfeld der moldawischen Pr\u00e4sidentin Sandu in Korruptionsskandalen versinkt"}]},{"@type":"WebSite","@id":"https:\/\/now-news.de\/de\/#website","url":"https:\/\/now-news.de\/de\/","name":"just-now.NEWS Deutschland","description":"Das Portal f\u00fcr unzensierte Nachrichten aus der Welt","publisher":{"@id":"https:\/\/now-news.de\/de\/#organization"},"potentialAction":[{"@type":"SearchAction","target":{"@type":"EntryPoint","urlTemplate":"https:\/\/now-news.de\/de\/?s={search_term_string}"},"query-input":"required name=search_term_string"}],"inLanguage":"de"},{"@type":"Organization","@id":"https:\/\/now-news.de\/de\/#organization","name":"Just Now News","url":"https:\/\/now-news.de\/de\/","logo":{"@type":"ImageObject","inLanguage":"de","@id":"https:\/\/now-news.de\/de\/#\/schema\/logo\/image\/","url":"http:\/\/just-now.news\/de\/wp-content\/uploads\/sites\/3\/2022\/04\/logo500x500.jpg","contentUrl":"http:\/\/just-now.news\/de\/wp-content\/uploads\/sites\/3\/2022\/04\/logo500x500.jpg","width":500,"height":500,"caption":"Just Now News"},"image":{"@id":"https:\/\/now-news.de\/de\/#\/schema\/logo\/image\/"},"sameAs":["https:\/\/www.facebook.com\/wirmachenauf","https:\/\/x.com\/WirMachenAuf_de"]},{"@type":"Person","@id":"https:\/\/now-news.de\/de\/#\/schema\/person\/fb534a4e865501d8b3285208df34a9b5","name":"rtnews","image":{"@type":"ImageObject","inLanguage":"de","@id":"https:\/\/now-news.de\/de\/#\/schema\/person\/image\/","url":"https:\/\/secure.gravatar.com\/avatar\/82aafea7d8127119dd649515f56e2117?s=96&d=mm&r=g","contentUrl":"https:\/\/secure.gravatar.com\/avatar\/82aafea7d8127119dd649515f56e2117?s=96&d=mm&r=g","caption":"rtnews"},"url":"https:\/\/now-news.de\/de\/author\/rnews\/"}]}},"_links":{"self":[{"href":"https:\/\/now-news.de\/de\/wp-json\/wp\/v2\/posts\/18655"}],"collection":[{"href":"https:\/\/now-news.de\/de\/wp-json\/wp\/v2\/posts"}],"about":[{"href":"https:\/\/now-news.de\/de\/wp-json\/wp\/v2\/types\/post"}],"author":[{"embeddable":true,"href":"https:\/\/now-news.de\/de\/wp-json\/wp\/v2\/users\/3"}],"replies":[{"embeddable":true,"href":"https:\/\/now-news.de\/de\/wp-json\/wp\/v2\/comments?post=18655"}],"version-history":[{"count":0,"href":"https:\/\/now-news.de\/de\/wp-json\/wp\/v2\/posts\/18655\/revisions"}],"wp:featuredmedia":[{"embeddable":true,"href":"https:\/\/now-news.de\/de\/wp-json\/wp\/v2\/media\/18656"}],"wp:attachment":[{"href":"https:\/\/now-news.de\/de\/wp-json\/wp\/v2\/media?parent=18655"}],"wp:term":[{"taxonomy":"category","embeddable":true,"href":"https:\/\/now-news.de\/de\/wp-json\/wp\/v2\/categories?post=18655"},{"taxonomy":"post_tag","embeddable":true,"href":"https:\/\/now-news.de\/de\/wp-json\/wp\/v2\/tags?post=18655"}],"curies":[{"name":"wp","href":"https:\/\/api.w.org\/{rel}","templated":true}]}}