{"id":18635,"date":"2022-09-07T20:51:22","date_gmt":"2022-09-07T18:51:22","guid":{"rendered":"http:\/\/just-now.news\/de\/deutschland\/staatswissenschaftlerin-zur-vorgeschichte-des-ukraine-krieges-russen-und-ukrainer-sind-ein-volk\/"},"modified":"2022-09-07T20:51:22","modified_gmt":"2022-09-07T18:51:22","slug":"staatswissenschaftlerin-zur-vorgeschichte-des-ukraine-krieges-russen-und-ukrainer-sind-ein-volk","status":"publish","type":"post","link":"https:\/\/now-news.de\/de\/deutschland\/staatswissenschaftlerin-zur-vorgeschichte-des-ukraine-krieges-russen-und-ukrainer-sind-ein-volk\/","title":{"rendered":"Staatswissenschaftlerin zur Vorgeschichte des Ukraine-Krieges: &quot;Russen und Ukrainer sind ein Volk!&quot;"},"content":{"rendered":"<p><img decoding=\"async\" src=\"http:\/\/just-now.news\/de\/wp-content\/uploads\/sites\/3\/2022\/09\/6316112eb480cc4021206b2e.jpg\" \/><\/p>\n<p>Die Staatswissenschaftlerin Brigitte Queck aus Potsdam hat vor Kurzem angesichts des Krieges in der Ukraine eine gegenwartsorientierte Einf\u00fchrung in die komplizierte Beziehungsgeschichte von Russen und Ukrainern im Selbstverlag vorgelegt. Die Arbeit, die sich an ein allgemein interessiertes Publikum wendet, ist in 33 Abschnitte gegliedert und enth\u00e4lt einen \u00fcber 50 Seiten langen Dokumentenanhang. Inspiriert wurde die Verfasserin zum Schreiben offenbar von der Kinderfrage: &#8220;Bist Du f\u00fcr Russland oder f\u00fcr die Ukraine?&#8221;, mit der sie ihre Schrift einleitet. Entstanden ist eine Brosch\u00fcre im DIN-A4-Format von gut 140 Seiten Umfang, die als Einf\u00fchrung in die russisch-ukrainische Zeitgeschichte gelesen werden kann. Denn der Schwerpunkt der Darstellung liegt auf den postsowjetischen Jahrzehnten und dem 20. Jahrhundert. Die Geschichte beider V\u00f6lker bis 1917 wird von der Autorin dagegen auf nur wenigen Seiten skizziert.<\/p>\n<p><strong>\u00dcberblicksdarstellung<\/strong><\/p>\n<p>Zur Anlage des Buches ist zu sagen, dass es sich nicht um eine wissenschaftliche Arbeit handelt, aber auch nicht um eine popul\u00e4rwissenschaftliche Darstellung. Auffallend ist die kleinteilige Gliederung des Textes. Die einzelnen Kapitel werden h\u00e4ufig durch Aufz\u00e4hlungen, Abbildungen und eingestreute Dokumente aufgelockert.<\/p>\n<p>Der Leser muss sich also nicht durch lange Abs\u00e4tze und Fu\u00dfnoten qu\u00e4len. Und so tragen die Kapitel, die teilweise recht kurz ausfallen, eher den Charakter von Zusammenfassungen oder \u00dcbersichten, wie sie f\u00fcr &#8220;Entscheider&#8221; in Politik und Wirtschaft zusammengestellt werden. Bedauerlicherweise fehlt jedoch ein Verzeichnis weiterf\u00fchrender Literatur.<\/p>\n<p>Daf\u00fcr unterf\u00fcttert die Verfasserin ihre Darstellung und Interpretation mit einer Vielzahl von Internet-Belegen \u2013 die in einer elektronischen Ausgabe leicht abrufbar w\u00e4ren, doch anhand der vorliegenden gedruckten Fassung nur m\u00fchselig durch Abtippen aufgerufen werden k\u00f6nnen. Von Queck herangezogen werden offizielle Dokumente aus Moskauer und Kiewer Regierungsstellen, vorwiegend aber russische, ukrainische und westliche Publizistik sowie Meldungen der einschl\u00e4gigen Nachrichtenagenturen. Die Verlinkungen zu den Belegstellen sind meist in blauer Schrift vom \u00fcbrigen Text abgesetzt, wie man es von der Textverarbeitung her kennt.<\/p>\n<p><strong>Antifaschistische Perspektive<\/strong><\/p>\n<p>Schon der Titel der Schrift \u2013 &#8220;Russen und Ukrainer sind ein Volk! Sie haben nur einen Feind \u2013 den Faschismus&#8221; \u2013 macht den Standpunkt der Verfasserin deutlich. Dabei leugnet sie keineswegs die Existenz der Ukraine oder ihrer Bewohner, wie b\u00f6swillige Publizisten heute gerne der Moskauer F\u00fchrung unterstellen. Allerdings scheint Queck sich nicht ganz entschieden zu haben, ob es sich bei Russen und Ukrainern nun um ein einziges oder zwei eng verbundene V\u00f6lker handelt. So macht Queck schon im Vorwort deutlich:<\/p>\n<blockquote>\n<p><em>&#8220;Die Russen und Ukrainer haben eine gemeinsame Vergangenheit, in der sie viele K\u00e4mpfe bestanden haben.<\/em><\/p>\n<p><em>Der erfolgreichste von allen aber war der Gro\u00dfe Vaterl\u00e4ndische Krieg, in dem das russische gemeinsam mit dem ukrainischen Volk und den anderen V\u00f6lkern der Sowjetunion den Faschismus bezwungen haben.&#8221;<\/em><\/p>\n<\/blockquote>\n<p>In diesem Sinne geht es ihr einerseits darum, die &#8220;gemeinsamen geschichtlichen Wurzeln zwischen der Ukraine und Russland&#8221; aufzuzeigen. Andererseits versteht sie ihre Arbeit auch als &#8220;Anklage&#8221; gegen die &#8220;US\/NATO \u2013 einschlie\u00dflich Deutschland&#8221;, die den &#8220;gegenw\u00e4rtigen Krieg in der Ukraine wie auf dem Rei\u00dfbrett geplant&#8221; h\u00e4tten und ihn &#8220;jetzt offen gegen Russland&#8221; f\u00fchrten.<\/p>\n<p>Queck schreibt von einem kommunistischen Standpunkt aus. Erste Anzeichen des Niedergangs in der Sowjetunion sieht sie bereits &#8220;mit dem Machtantritt Chrustschows&#8221;, und den Zerfall der UdSSR benennt sie als &#8220;Konterrevolution&#8221;. Ob man ihre Interpretation teilt oder nicht, die Verfasserin liefert eine detailreiche Schilderung f\u00fcr die Zeit ab 1991. Die Jahre bis 2014 \u2013 mit der &#8220;Orangen Revolution&#8221; 2004 als erstem H\u00f6hepunkt \u2013 begreift sie mit Recht als Vorbereitungsphase auf den schlie\u00dflich erfolgten prowestlichen Regimewechsel. Schwerpunktm\u00e4\u00dfig besch\u00e4ftigt sich Queck mit der \u00d6konomie der ehemaligen Sowjetrepublik, aber auch der ukrainischen Innen-, Au\u00dfen- und Sicherheitspolitik. Ein besonderes Augenmerk legt die Verfasserin auf die intensive westliche Einmischung in die inneren Angelegenheiten der Ukraine seit dem Ende der Sowjetunion.<\/p>\n<p><strong>Der Krieg in der Ukraine und seine Vorgeschichte<\/strong><\/p>\n<p>Wer sich mit den Jahren nach dem nationalistisch-nazistischen Putsch von 2014 und dem Krieg im Donbass besch\u00e4ftigen will, findet hier beispielsweise die Texte des ersten und zweiten Minsker Abkommens, die von der Verfasserin kommentiert werden. Schlie\u00dflich zeichnet Queck die letzten Wochen vor Beginn des Krieges in der Ukraine nach \u2013 die Sicherheitsforderungen, die Moskau an die Adresse von USA und NATO im Dezember 2021 gerichtet hatte oder den Auftritt Wladimir Selenskijs auf der M\u00fcnchner Sicherheitskonferenz 2022. Die Verfasserin besch\u00e4ftigt sich auch mit den vermeintlichen Kriegsverbrechen der russischen Seite wie beispielsweise dem Beschuss des Bahnhofs von Kramatorsk, dem Massaker von Butscha oder den Ereignissen in Mariupol, die mit dem Kampf gegen die faschistischen Asow-Einheiten im Asow-Stahlwerk verbunden sind.<\/p>\n<p>Die Publikation, der zweifellos das gro\u00dfe Engagement der Verfasserin anzumerken ist, stellt eine Mischung aus detaillierter Schilderung und Quellensammlung dar. Ihr Wert liegt in der Aktualit\u00e4t und darin, viele Dokumente wenigstens auszugsweise in gedruckter Form zu pr\u00e4sentieren, die sonst nur am Bildschirm recherchierbar sind. Wer sich mit der Vorgeschichte des gegenw\u00e4rtigen Krieges in der Ukraine besch\u00e4ftigen will und die Entwicklung der Ukraine aus einer erkl\u00e4rterma\u00dfen nicht westlichen, antiimperialistischen Perspektive betrachten m\u00f6chte, wird in der Arbeit von Queck reichlich Material \u2013 auch zum Nachschlagen \u2013 finden.<\/p>\n<p><em>Queck, Brigitte: Russen und Ukrainer sind ein Volk! Sie haben nur einen Feind \u2013 den Faschismus. Menschheit steht am Scheideweg: Menschlichkeit oder Barbarei. Potsdam: Selbstverlag, 2022, 141 Seiten, Bestellungen: T\/F\/A: 0331 71 17 71 bzw. per E-Mail: anna.demok@gmx.de; 15,\u2013 \u20ac zuz\u00fcglich Versandkosten<br \/><\/em><\/p>\n<p><strong>Mehr zum Thema<\/strong> &#8211;\u00a0<a rel=\"nofollow noopener\" target=\"_blank\" href=\"https:\/\/test.rtde.tech\/meinung\/148051-vorbild-911-schockstrategie-als-einzig\/\">Vorbild &#8220;9\/11&#8221;: Die Schockstrategie als einzig sinnvolle Erkl\u00e4rung f\u00fcr das Regierungshandeln<\/a><\/p>\n<p><br \/>\n<br \/><a href=\"https:\/\/de.rt.com\/international\/148052-staatswissenschaftlerin-zur-vorgeschichte-ukraine-krieges\/\">Source link <\/a><\/p>\n","protected":false},"excerpt":{"rendered":"<p>Die Staatswissenschaftlerin Brigitte Queck aus Potsdam hat vor Kurzem angesichts des Krieges in der Ukraine eine gegenwartsorientierte Einf\u00fchrung in die komplizierte Beziehungsgeschichte von Russen und Ukrainern im Selbstverlag vorgelegt. Die Arbeit, die sich an ein allgemein interessiertes Publikum wendet, ist in 33 Abschnitte gegliedert und enth\u00e4lt einen \u00fcber 50 Seiten langen Dokumentenanhang. Inspiriert wurde die [&hellip;]<\/p>\n","protected":false},"author":3,"featured_media":18636,"comment_status":"open","ping_status":"open","sticky":false,"template":"","format":"standard","meta":{"wp_automatic_camp":["217"],"73c0630e00b424c818f1433d54d0a947":["Staatswissenschaftlerin zur Vorgeschichte des Ukraine-Krieges: &quot;Russen und Ukrainer sind ein Volk!&quot;"],"original_link":["https:\/\/de.rt.com\/international\/148052-staatswissenschaftlerin-zur-vorgeschichte-ukraine-krieges\/"],"_thumbnail_id":["18636"],"_wptg_p2tg_sent2tg":["2022-09-07 21:09:44"],"jnews_social_counter_last_update":["1777197595"]},"categories":[19,23],"tags":[583,357,7151,1046,32489,9893,5757,140,32396,28863,581],"yoast_head":"<!-- This site is optimized with the Yoast SEO Premium plugin v22.7 (Yoast SEO v22.7) - https:\/\/yoast.com\/wordpress\/plugins\/seo\/ -->\n<title>Staatswissenschaftlerin zur Vorgeschichte des Ukraine-Krieges: &quot;Russen und Ukrainer sind ein Volk!&quot; - just-now.NEWS Deutschland<\/title>\n<meta name=\"robots\" content=\"index, follow, max-snippet:-1, max-image-preview:large, max-video-preview:-1\" \/>\n<link rel=\"canonical\" href=\"https:\/\/now-news.de\/de\/deutschland\/staatswissenschaftlerin-zur-vorgeschichte-des-ukraine-krieges-russen-und-ukrainer-sind-ein-volk\/\" \/>\n<meta property=\"og:locale\" content=\"de_DE\" \/>\n<meta property=\"og:type\" content=\"article\" \/>\n<meta property=\"og:title\" content=\"Staatswissenschaftlerin zur Vorgeschichte des Ukraine-Krieges: &quot;Russen und Ukrainer sind ein Volk!&quot;\" \/>\n<meta property=\"og:description\" content=\"Die Staatswissenschaftlerin Brigitte Queck aus Potsdam hat vor Kurzem angesichts des Krieges in der Ukraine eine gegenwartsorientierte Einf\u00fchrung in die komplizierte Beziehungsgeschichte von Russen und Ukrainern im Selbstverlag vorgelegt. Die Arbeit, die sich an ein allgemein interessiertes Publikum wendet, ist in 33 Abschnitte gegliedert und enth\u00e4lt einen \u00fcber 50 Seiten langen Dokumentenanhang. Inspiriert wurde die [&hellip;]\" \/>\n<meta property=\"og:url\" content=\"https:\/\/now-news.de\/de\/deutschland\/staatswissenschaftlerin-zur-vorgeschichte-des-ukraine-krieges-russen-und-ukrainer-sind-ein-volk\/\" \/>\n<meta property=\"og:site_name\" content=\"just-now.NEWS Deutschland\" \/>\n<meta property=\"article:publisher\" content=\"https:\/\/www.facebook.com\/wirmachenauf\" \/>\n<meta property=\"article:published_time\" content=\"2022-09-07T18:51:22+00:00\" \/>\n<meta property=\"og:image\" content=\"https:\/\/now-news.de\/de\/wp-content\/uploads\/sites\/3\/2022\/09\/Staatswissenschaftlerin-zur-Vorgeschichte-des-Ukraine-Krieges-quotRussen-und-Ukrainer-sind-ein.jpg\" \/>\n\t<meta property=\"og:image:width\" content=\"460\" \/>\n\t<meta property=\"og:image:height\" content=\"259\" \/>\n\t<meta property=\"og:image:type\" content=\"image\/jpeg\" \/>\n<meta name=\"author\" content=\"rtnews\" \/>\n<meta name=\"twitter:card\" content=\"summary_large_image\" \/>\n<meta name=\"twitter:creator\" content=\"@WirMachenAuf_de\" \/>\n<meta name=\"twitter:site\" content=\"@WirMachenAuf_de\" \/>\n<meta name=\"twitter:label1\" content=\"Verfasst von\" \/>\n\t<meta name=\"twitter:data1\" content=\"rtnews\" \/>\n\t<meta name=\"twitter:label2\" content=\"Gesch\u00e4tzte Lesezeit\" \/>\n\t<meta name=\"twitter:data2\" content=\"4\u00a0Minuten\" \/>\n<script type=\"application\/ld+json\" class=\"yoast-schema-graph\">{\"@context\":\"https:\/\/schema.org\",\"@graph\":[{\"@type\":\"Article\",\"@id\":\"https:\/\/now-news.de\/de\/deutschland\/staatswissenschaftlerin-zur-vorgeschichte-des-ukraine-krieges-russen-und-ukrainer-sind-ein-volk\/#article\",\"isPartOf\":{\"@id\":\"https:\/\/now-news.de\/de\/deutschland\/staatswissenschaftlerin-zur-vorgeschichte-des-ukraine-krieges-russen-und-ukrainer-sind-ein-volk\/\"},\"author\":{\"name\":\"rtnews\",\"@id\":\"https:\/\/now-news.de\/de\/#\/schema\/person\/fb534a4e865501d8b3285208df34a9b5\"},\"headline\":\"Staatswissenschaftlerin zur Vorgeschichte des Ukraine-Krieges: &quot;Russen und Ukrainer sind ein Volk!&quot;\",\"datePublished\":\"2022-09-07T18:51:22+00:00\",\"dateModified\":\"2022-09-07T18:51:22+00:00\",\"mainEntityOfPage\":{\"@id\":\"https:\/\/now-news.de\/de\/deutschland\/staatswissenschaftlerin-zur-vorgeschichte-des-ukraine-krieges-russen-und-ukrainer-sind-ein-volk\/\"},\"wordCount\":901,\"commentCount\":0,\"publisher\":{\"@id\":\"https:\/\/now-news.de\/de\/#organization\"},\"image\":{\"@id\":\"https:\/\/now-news.de\/de\/deutschland\/staatswissenschaftlerin-zur-vorgeschichte-des-ukraine-krieges-russen-und-ukrainer-sind-ein-volk\/#primaryimage\"},\"thumbnailUrl\":\"https:\/\/now-news.de\/de\/wp-content\/uploads\/sites\/3\/2022\/09\/Staatswissenschaftlerin-zur-Vorgeschichte-des-Ukraine-Krieges-quotRussen-und-Ukrainer-sind-ein.jpg\",\"keywords\":[\"des\",\"ein\",\"quotRussen\",\"sind\",\"Staatswissenschaftlerin\",\"UkraineKrieges\",\"Ukrainer\",\"und\",\"Volkquot\",\"Vorgeschichte\",\"zur\"],\"articleSection\":[\"Deutschland\",\"Russland\"],\"inLanguage\":\"de\",\"potentialAction\":[{\"@type\":\"CommentAction\",\"name\":\"Comment\",\"target\":[\"https:\/\/now-news.de\/de\/deutschland\/staatswissenschaftlerin-zur-vorgeschichte-des-ukraine-krieges-russen-und-ukrainer-sind-ein-volk\/#respond\"]}]},{\"@type\":\"WebPage\",\"@id\":\"https:\/\/now-news.de\/de\/deutschland\/staatswissenschaftlerin-zur-vorgeschichte-des-ukraine-krieges-russen-und-ukrainer-sind-ein-volk\/\",\"url\":\"https:\/\/now-news.de\/de\/deutschland\/staatswissenschaftlerin-zur-vorgeschichte-des-ukraine-krieges-russen-und-ukrainer-sind-ein-volk\/\",\"name\":\"Staatswissenschaftlerin zur Vorgeschichte des Ukraine-Krieges: &quot;Russen und Ukrainer sind ein Volk!&quot; - just-now.NEWS Deutschland\",\"isPartOf\":{\"@id\":\"https:\/\/now-news.de\/de\/#website\"},\"primaryImageOfPage\":{\"@id\":\"https:\/\/now-news.de\/de\/deutschland\/staatswissenschaftlerin-zur-vorgeschichte-des-ukraine-krieges-russen-und-ukrainer-sind-ein-volk\/#primaryimage\"},\"image\":{\"@id\":\"https:\/\/now-news.de\/de\/deutschland\/staatswissenschaftlerin-zur-vorgeschichte-des-ukraine-krieges-russen-und-ukrainer-sind-ein-volk\/#primaryimage\"},\"thumbnailUrl\":\"https:\/\/now-news.de\/de\/wp-content\/uploads\/sites\/3\/2022\/09\/Staatswissenschaftlerin-zur-Vorgeschichte-des-Ukraine-Krieges-quotRussen-und-Ukrainer-sind-ein.jpg\",\"datePublished\":\"2022-09-07T18:51:22+00:00\",\"dateModified\":\"2022-09-07T18:51:22+00:00\",\"breadcrumb\":{\"@id\":\"https:\/\/now-news.de\/de\/deutschland\/staatswissenschaftlerin-zur-vorgeschichte-des-ukraine-krieges-russen-und-ukrainer-sind-ein-volk\/#breadcrumb\"},\"inLanguage\":\"de\",\"potentialAction\":[{\"@type\":\"ReadAction\",\"target\":[\"https:\/\/now-news.de\/de\/deutschland\/staatswissenschaftlerin-zur-vorgeschichte-des-ukraine-krieges-russen-und-ukrainer-sind-ein-volk\/\"]}]},{\"@type\":\"ImageObject\",\"inLanguage\":\"de\",\"@id\":\"https:\/\/now-news.de\/de\/deutschland\/staatswissenschaftlerin-zur-vorgeschichte-des-ukraine-krieges-russen-und-ukrainer-sind-ein-volk\/#primaryimage\",\"url\":\"https:\/\/now-news.de\/de\/wp-content\/uploads\/sites\/3\/2022\/09\/Staatswissenschaftlerin-zur-Vorgeschichte-des-Ukraine-Krieges-quotRussen-und-Ukrainer-sind-ein.jpg\",\"contentUrl\":\"https:\/\/now-news.de\/de\/wp-content\/uploads\/sites\/3\/2022\/09\/Staatswissenschaftlerin-zur-Vorgeschichte-des-Ukraine-Krieges-quotRussen-und-Ukrainer-sind-ein.jpg\",\"width\":460,\"height\":259,\"caption\":\"Staatswissenschaftlerin zur Vorgeschichte des Ukraine-Krieges: &quot;Russen und Ukrainer sind ein Volk!&quot;\"},{\"@type\":\"BreadcrumbList\",\"@id\":\"https:\/\/now-news.de\/de\/deutschland\/staatswissenschaftlerin-zur-vorgeschichte-des-ukraine-krieges-russen-und-ukrainer-sind-ein-volk\/#breadcrumb\",\"itemListElement\":[{\"@type\":\"ListItem\",\"position\":1,\"name\":\"Home\",\"item\":\"https:\/\/now-news.de\/de\/\"},{\"@type\":\"ListItem\",\"position\":2,\"name\":\"Staatswissenschaftlerin zur Vorgeschichte des Ukraine-Krieges: &quot;Russen und Ukrainer sind ein Volk!&quot;\"}]},{\"@type\":\"WebSite\",\"@id\":\"https:\/\/now-news.de\/de\/#website\",\"url\":\"https:\/\/now-news.de\/de\/\",\"name\":\"just-now.NEWS Deutschland\",\"description\":\"Das Portal f\u00fcr unzensierte Nachrichten aus der Welt\",\"publisher\":{\"@id\":\"https:\/\/now-news.de\/de\/#organization\"},\"potentialAction\":[{\"@type\":\"SearchAction\",\"target\":{\"@type\":\"EntryPoint\",\"urlTemplate\":\"https:\/\/now-news.de\/de\/?s={search_term_string}\"},\"query-input\":\"required name=search_term_string\"}],\"inLanguage\":\"de\"},{\"@type\":\"Organization\",\"@id\":\"https:\/\/now-news.de\/de\/#organization\",\"name\":\"Just Now News\",\"url\":\"https:\/\/now-news.de\/de\/\",\"logo\":{\"@type\":\"ImageObject\",\"inLanguage\":\"de\",\"@id\":\"https:\/\/now-news.de\/de\/#\/schema\/logo\/image\/\",\"url\":\"http:\/\/just-now.news\/de\/wp-content\/uploads\/sites\/3\/2022\/04\/logo500x500.jpg\",\"contentUrl\":\"http:\/\/just-now.news\/de\/wp-content\/uploads\/sites\/3\/2022\/04\/logo500x500.jpg\",\"width\":500,\"height\":500,\"caption\":\"Just Now News\"},\"image\":{\"@id\":\"https:\/\/now-news.de\/de\/#\/schema\/logo\/image\/\"},\"sameAs\":[\"https:\/\/www.facebook.com\/wirmachenauf\",\"https:\/\/x.com\/WirMachenAuf_de\"]},{\"@type\":\"Person\",\"@id\":\"https:\/\/now-news.de\/de\/#\/schema\/person\/fb534a4e865501d8b3285208df34a9b5\",\"name\":\"rtnews\",\"image\":{\"@type\":\"ImageObject\",\"inLanguage\":\"de\",\"@id\":\"https:\/\/now-news.de\/de\/#\/schema\/person\/image\/\",\"url\":\"https:\/\/secure.gravatar.com\/avatar\/82aafea7d8127119dd649515f56e2117?s=96&d=mm&r=g\",\"contentUrl\":\"https:\/\/secure.gravatar.com\/avatar\/82aafea7d8127119dd649515f56e2117?s=96&d=mm&r=g\",\"caption\":\"rtnews\"},\"url\":\"https:\/\/now-news.de\/de\/author\/rnews\/\"}]}<\/script>\n<!-- \/ Yoast SEO Premium plugin. -->","yoast_head_json":{"title":"Staatswissenschaftlerin zur Vorgeschichte des Ukraine-Krieges: &quot;Russen und Ukrainer sind ein Volk!&quot; - just-now.NEWS Deutschland","robots":{"index":"index","follow":"follow","max-snippet":"max-snippet:-1","max-image-preview":"max-image-preview:large","max-video-preview":"max-video-preview:-1"},"canonical":"https:\/\/now-news.de\/de\/deutschland\/staatswissenschaftlerin-zur-vorgeschichte-des-ukraine-krieges-russen-und-ukrainer-sind-ein-volk\/","og_locale":"de_DE","og_type":"article","og_title":"Staatswissenschaftlerin zur Vorgeschichte des Ukraine-Krieges: &quot;Russen und Ukrainer sind ein Volk!&quot;","og_description":"Die Staatswissenschaftlerin Brigitte Queck aus Potsdam hat vor Kurzem angesichts des Krieges in der Ukraine eine gegenwartsorientierte Einf\u00fchrung in die komplizierte Beziehungsgeschichte von Russen und Ukrainern im Selbstverlag vorgelegt. Die Arbeit, die sich an ein allgemein interessiertes Publikum wendet, ist in 33 Abschnitte gegliedert und enth\u00e4lt einen \u00fcber 50 Seiten langen Dokumentenanhang. Inspiriert wurde die [&hellip;]","og_url":"https:\/\/now-news.de\/de\/deutschland\/staatswissenschaftlerin-zur-vorgeschichte-des-ukraine-krieges-russen-und-ukrainer-sind-ein-volk\/","og_site_name":"just-now.NEWS Deutschland","article_publisher":"https:\/\/www.facebook.com\/wirmachenauf","article_published_time":"2022-09-07T18:51:22+00:00","og_image":[{"width":460,"height":259,"url":"https:\/\/now-news.de\/de\/wp-content\/uploads\/sites\/3\/2022\/09\/Staatswissenschaftlerin-zur-Vorgeschichte-des-Ukraine-Krieges-quotRussen-und-Ukrainer-sind-ein.jpg","type":"image\/jpeg"}],"author":"rtnews","twitter_card":"summary_large_image","twitter_creator":"@WirMachenAuf_de","twitter_site":"@WirMachenAuf_de","twitter_misc":{"Verfasst von":"rtnews","Gesch\u00e4tzte Lesezeit":"4\u00a0Minuten"},"schema":{"@context":"https:\/\/schema.org","@graph":[{"@type":"Article","@id":"https:\/\/now-news.de\/de\/deutschland\/staatswissenschaftlerin-zur-vorgeschichte-des-ukraine-krieges-russen-und-ukrainer-sind-ein-volk\/#article","isPartOf":{"@id":"https:\/\/now-news.de\/de\/deutschland\/staatswissenschaftlerin-zur-vorgeschichte-des-ukraine-krieges-russen-und-ukrainer-sind-ein-volk\/"},"author":{"name":"rtnews","@id":"https:\/\/now-news.de\/de\/#\/schema\/person\/fb534a4e865501d8b3285208df34a9b5"},"headline":"Staatswissenschaftlerin zur Vorgeschichte des Ukraine-Krieges: &quot;Russen und Ukrainer sind ein Volk!&quot;","datePublished":"2022-09-07T18:51:22+00:00","dateModified":"2022-09-07T18:51:22+00:00","mainEntityOfPage":{"@id":"https:\/\/now-news.de\/de\/deutschland\/staatswissenschaftlerin-zur-vorgeschichte-des-ukraine-krieges-russen-und-ukrainer-sind-ein-volk\/"},"wordCount":901,"commentCount":0,"publisher":{"@id":"https:\/\/now-news.de\/de\/#organization"},"image":{"@id":"https:\/\/now-news.de\/de\/deutschland\/staatswissenschaftlerin-zur-vorgeschichte-des-ukraine-krieges-russen-und-ukrainer-sind-ein-volk\/#primaryimage"},"thumbnailUrl":"https:\/\/now-news.de\/de\/wp-content\/uploads\/sites\/3\/2022\/09\/Staatswissenschaftlerin-zur-Vorgeschichte-des-Ukraine-Krieges-quotRussen-und-Ukrainer-sind-ein.jpg","keywords":["des","ein","quotRussen","sind","Staatswissenschaftlerin","UkraineKrieges","Ukrainer","und","Volkquot","Vorgeschichte","zur"],"articleSection":["Deutschland","Russland"],"inLanguage":"de","potentialAction":[{"@type":"CommentAction","name":"Comment","target":["https:\/\/now-news.de\/de\/deutschland\/staatswissenschaftlerin-zur-vorgeschichte-des-ukraine-krieges-russen-und-ukrainer-sind-ein-volk\/#respond"]}]},{"@type":"WebPage","@id":"https:\/\/now-news.de\/de\/deutschland\/staatswissenschaftlerin-zur-vorgeschichte-des-ukraine-krieges-russen-und-ukrainer-sind-ein-volk\/","url":"https:\/\/now-news.de\/de\/deutschland\/staatswissenschaftlerin-zur-vorgeschichte-des-ukraine-krieges-russen-und-ukrainer-sind-ein-volk\/","name":"Staatswissenschaftlerin zur Vorgeschichte des Ukraine-Krieges: &quot;Russen und Ukrainer sind ein Volk!&quot; - just-now.NEWS Deutschland","isPartOf":{"@id":"https:\/\/now-news.de\/de\/#website"},"primaryImageOfPage":{"@id":"https:\/\/now-news.de\/de\/deutschland\/staatswissenschaftlerin-zur-vorgeschichte-des-ukraine-krieges-russen-und-ukrainer-sind-ein-volk\/#primaryimage"},"image":{"@id":"https:\/\/now-news.de\/de\/deutschland\/staatswissenschaftlerin-zur-vorgeschichte-des-ukraine-krieges-russen-und-ukrainer-sind-ein-volk\/#primaryimage"},"thumbnailUrl":"https:\/\/now-news.de\/de\/wp-content\/uploads\/sites\/3\/2022\/09\/Staatswissenschaftlerin-zur-Vorgeschichte-des-Ukraine-Krieges-quotRussen-und-Ukrainer-sind-ein.jpg","datePublished":"2022-09-07T18:51:22+00:00","dateModified":"2022-09-07T18:51:22+00:00","breadcrumb":{"@id":"https:\/\/now-news.de\/de\/deutschland\/staatswissenschaftlerin-zur-vorgeschichte-des-ukraine-krieges-russen-und-ukrainer-sind-ein-volk\/#breadcrumb"},"inLanguage":"de","potentialAction":[{"@type":"ReadAction","target":["https:\/\/now-news.de\/de\/deutschland\/staatswissenschaftlerin-zur-vorgeschichte-des-ukraine-krieges-russen-und-ukrainer-sind-ein-volk\/"]}]},{"@type":"ImageObject","inLanguage":"de","@id":"https:\/\/now-news.de\/de\/deutschland\/staatswissenschaftlerin-zur-vorgeschichte-des-ukraine-krieges-russen-und-ukrainer-sind-ein-volk\/#primaryimage","url":"https:\/\/now-news.de\/de\/wp-content\/uploads\/sites\/3\/2022\/09\/Staatswissenschaftlerin-zur-Vorgeschichte-des-Ukraine-Krieges-quotRussen-und-Ukrainer-sind-ein.jpg","contentUrl":"https:\/\/now-news.de\/de\/wp-content\/uploads\/sites\/3\/2022\/09\/Staatswissenschaftlerin-zur-Vorgeschichte-des-Ukraine-Krieges-quotRussen-und-Ukrainer-sind-ein.jpg","width":460,"height":259,"caption":"Staatswissenschaftlerin zur Vorgeschichte des Ukraine-Krieges: &quot;Russen und Ukrainer sind ein Volk!&quot;"},{"@type":"BreadcrumbList","@id":"https:\/\/now-news.de\/de\/deutschland\/staatswissenschaftlerin-zur-vorgeschichte-des-ukraine-krieges-russen-und-ukrainer-sind-ein-volk\/#breadcrumb","itemListElement":[{"@type":"ListItem","position":1,"name":"Home","item":"https:\/\/now-news.de\/de\/"},{"@type":"ListItem","position":2,"name":"Staatswissenschaftlerin zur Vorgeschichte des Ukraine-Krieges: &quot;Russen und Ukrainer sind ein Volk!&quot;"}]},{"@type":"WebSite","@id":"https:\/\/now-news.de\/de\/#website","url":"https:\/\/now-news.de\/de\/","name":"just-now.NEWS Deutschland","description":"Das Portal f\u00fcr unzensierte Nachrichten aus der Welt","publisher":{"@id":"https:\/\/now-news.de\/de\/#organization"},"potentialAction":[{"@type":"SearchAction","target":{"@type":"EntryPoint","urlTemplate":"https:\/\/now-news.de\/de\/?s={search_term_string}"},"query-input":"required name=search_term_string"}],"inLanguage":"de"},{"@type":"Organization","@id":"https:\/\/now-news.de\/de\/#organization","name":"Just Now News","url":"https:\/\/now-news.de\/de\/","logo":{"@type":"ImageObject","inLanguage":"de","@id":"https:\/\/now-news.de\/de\/#\/schema\/logo\/image\/","url":"http:\/\/just-now.news\/de\/wp-content\/uploads\/sites\/3\/2022\/04\/logo500x500.jpg","contentUrl":"http:\/\/just-now.news\/de\/wp-content\/uploads\/sites\/3\/2022\/04\/logo500x500.jpg","width":500,"height":500,"caption":"Just Now News"},"image":{"@id":"https:\/\/now-news.de\/de\/#\/schema\/logo\/image\/"},"sameAs":["https:\/\/www.facebook.com\/wirmachenauf","https:\/\/x.com\/WirMachenAuf_de"]},{"@type":"Person","@id":"https:\/\/now-news.de\/de\/#\/schema\/person\/fb534a4e865501d8b3285208df34a9b5","name":"rtnews","image":{"@type":"ImageObject","inLanguage":"de","@id":"https:\/\/now-news.de\/de\/#\/schema\/person\/image\/","url":"https:\/\/secure.gravatar.com\/avatar\/82aafea7d8127119dd649515f56e2117?s=96&d=mm&r=g","contentUrl":"https:\/\/secure.gravatar.com\/avatar\/82aafea7d8127119dd649515f56e2117?s=96&d=mm&r=g","caption":"rtnews"},"url":"https:\/\/now-news.de\/de\/author\/rnews\/"}]}},"_links":{"self":[{"href":"https:\/\/now-news.de\/de\/wp-json\/wp\/v2\/posts\/18635"}],"collection":[{"href":"https:\/\/now-news.de\/de\/wp-json\/wp\/v2\/posts"}],"about":[{"href":"https:\/\/now-news.de\/de\/wp-json\/wp\/v2\/types\/post"}],"author":[{"embeddable":true,"href":"https:\/\/now-news.de\/de\/wp-json\/wp\/v2\/users\/3"}],"replies":[{"embeddable":true,"href":"https:\/\/now-news.de\/de\/wp-json\/wp\/v2\/comments?post=18635"}],"version-history":[{"count":0,"href":"https:\/\/now-news.de\/de\/wp-json\/wp\/v2\/posts\/18635\/revisions"}],"wp:featuredmedia":[{"embeddable":true,"href":"https:\/\/now-news.de\/de\/wp-json\/wp\/v2\/media\/18636"}],"wp:attachment":[{"href":"https:\/\/now-news.de\/de\/wp-json\/wp\/v2\/media?parent=18635"}],"wp:term":[{"taxonomy":"category","embeddable":true,"href":"https:\/\/now-news.de\/de\/wp-json\/wp\/v2\/categories?post=18635"},{"taxonomy":"post_tag","embeddable":true,"href":"https:\/\/now-news.de\/de\/wp-json\/wp\/v2\/tags?post=18635"}],"curies":[{"name":"wp","href":"https:\/\/api.w.org\/{rel}","templated":true}]}}