{"id":18584,"date":"2022-09-07T10:53:24","date_gmt":"2022-09-07T08:53:24","guid":{"rendered":"http:\/\/just-now.news\/de\/deutschland\/spannungen-zwischen-tuerkei-und-griechenland-koennen-eines-nachts-kommen\/"},"modified":"2022-09-07T10:53:24","modified_gmt":"2022-09-07T08:53:24","slug":"spannungen-zwischen-tuerkei-und-griechenland-koennen-eines-nachts-kommen","status":"publish","type":"post","link":"https:\/\/now-news.de\/de\/deutschland\/spannungen-zwischen-tuerkei-und-griechenland-koennen-eines-nachts-kommen\/","title":{"rendered":"Spannungen zwischen T\u00fcrkei und Griechenland: &quot;K\u00f6nnen eines Nachts kommen&quot;"},"content":{"rendered":"<p><img decoding=\"async\" src=\"http:\/\/just-now.news\/de\/wp-content\/uploads\/sites\/3\/2022\/09\/6318516d48fbef6e7477be5c.jpg\" \/><\/p>\n<p>Der t\u00fcrkische Pr\u00e4sident Recep Tayyip Erdo\u011fan hat dem Nachbarn Griechenland erneut scharf gedroht. &#8220;Wir k\u00f6nnen pl\u00f6tzlich eines Nachts kommen&#8221;, sagte Erdo\u011fan am Dienstag vor einer dreit\u00e4gigen Balkanreise. Den Satz hatte der t\u00fcrkische Pr\u00e4sident in der Vergangenheit h\u00e4ufig bezogen auf milit\u00e4rische Operationen verwendet \u2013 etwa in Syrien oder im Irak. Erdo\u011fan bezog sich auf die angebliche Ausrichtung des S-300-Luftverteidigungssystems Griechenlands auf t\u00fcrkische Jets. Athen bestreitet diese Vorw\u00fcrfe Ankaras.<\/p>\n<p>Der griechische Regierungschef Kyriakos Mitsotakis reagierte entt\u00e4uscht auf die \u00c4u\u00dferungen Erdo\u011fans: &#8220;Es ist inakzeptabel, dass Griechenland Drohungen von einem Land erh\u00e4lt, das ein Verb\u00fcndeter der NATO ist \u2013 Drohungen, die so weit gehen, die griechische Souver\u00e4nit\u00e4t infrage zu stellen&#8221;, sagte Mitsotakis am Dienstag im staatlichen Fernsehen.<\/p>\n<p>Bereits am Samstag hatte Erdo\u011fan das Nachbarland wegen der Militarisierung griechischer Inseln in der Ost\u00e4g\u00e4is kritisiert und eine offene Drohung ausgesprochen. Erdo\u011fan sagte:<\/p>\n<blockquote>\n<p><em>&#8220;Eure Besetzung der Inseln bindet uns nicht. Wir werden das Notwendige tun, wenn die Zeit gekommen ist. Wie wir sagen: Wir k\u00f6nnen eines Nachts pl\u00f6tzlich kommen.&#8221; <\/em><\/p>\n<\/blockquote>\n<p>Der griechische Au\u00dfenminister Nikos Dendias teilte daraufhin mit, man werde Verb\u00fcndete und Partner der NATO, der EU und den Vereinten Nationen (UN) \u00fcber die Drohung informieren.<\/p>\n<p>Ankara argumentiert, Griechenland versto\u00dfe mit der Stationierung von Milit\u00e4reinheiten und Waffensystemen auf Inseln in der \u00c4g\u00e4is gegen die Vertr\u00e4ge von Lausanne (1923) und Paris (1947). Athen begr\u00fcndet die Militarisierung mit einer Bedrohung durch Ankara und dem Recht eines jeden Staates auf Selbstverteidigung.<\/p>\n<p>Das t\u00fcrkische Au\u00dfenministerium hat ein Schreiben an 25 EU-Mitglieder sowie an den Spitzendiplomaten der EU, Josep Borrell, und an NATO-Generalsekret\u00e4r Jens Stoltenberg geschickt, in dem es den t\u00fcrkischen Standpunkt zur angespannten Lage in der \u00c4g\u00e4is darlegte.<\/p>\n<p>In dem Schreiben, das auch an die st\u00e4ndigen Mitglieder des UN-Sicherheitsrats und UN-Generalsekret\u00e4r Ant\u00f3nio Guterres gerichtet war, wurde Athen beschuldigt, den nicht milit\u00e4rischen Status der Insel in der \u00f6stlichen \u00c4g\u00e4is zu verletzen und andere &#8220;ungesetzliche Handlungen&#8221; zu begehen, berichtete die t\u00fcrkische Nachrichtenagentur <em>Anadolu<\/em>.<\/p>\n<p>Die T\u00fcrkei warf Griechenland auch vor, &#8220;maximalistische Forderungen&#8221; zu stellen, insbesondere durch die Beanspruchung eines Zehn-Seemeilen-Luftraums, obwohl die Hoheitsgew\u00e4sser in der \u00c4g\u00e4is nur ein Gebiet von sechs Seemeilen von jeder Insel abdecken, so Ankara.<\/p>\n<p><strong>Mehr zum Thema<\/strong> \u2013 <a rel=\"nofollow noopener\" target=\"_blank\" href=\"https:\/\/deutsch.rt.com\/kurzclips\/video\/147955-erdogan-warnt-griechenland-wenn-ihr\/\">Erdo\u011fan warnt Griechenland: &#8220;Wenn ihr noch weiter geht, wird der Preis hoch sein&#8221;<\/a><\/p>\n<\/p>\n<p><br \/>\n<br \/><a href=\"https:\/\/de.rt.com\/international\/148229-spannungen-zwischen-tuerkei-und-griechenland-koennen-eines-nachts-kommen\/\">Source link <\/a><\/p>\n","protected":false},"excerpt":{"rendered":"<p>Der t\u00fcrkische Pr\u00e4sident Recep Tayyip Erdo\u011fan hat dem Nachbarn Griechenland erneut scharf gedroht. &#8220;Wir k\u00f6nnen pl\u00f6tzlich eines Nachts kommen&#8221;, sagte Erdo\u011fan am Dienstag vor einer dreit\u00e4gigen Balkanreise. Den Satz hatte der t\u00fcrkische Pr\u00e4sident in der Vergangenheit h\u00e4ufig bezogen auf milit\u00e4rische Operationen verwendet \u2013 etwa in Syrien oder im Irak. Erdo\u011fan bezog sich auf die angebliche [&hellip;]<\/p>\n","protected":false},"author":3,"featured_media":18585,"comment_status":"open","ping_status":"open","sticky":false,"template":"","format":"standard","meta":{"wp_automatic_camp":["217"],"384a8120e0c1d702da0297fa870f249e":["Spannungen zwischen T\u00fcrkei und Griechenland: &quot;K\u00f6nnen eines Nachts kommen&quot;"],"original_link":["https:\/\/de.rt.com\/international\/148229-spannungen-zwischen-tuerkei-und-griechenland-koennen-eines-nachts-kommen\/"],"_thumbnail_id":["18585"],"_wptg_p2tg_sent2tg":["2022-09-07 10:58:27"],"jnews_social_counter_last_update":["1777193947"]},"categories":[19,23],"tags":[2111,22004,24829,32453,32452,4832,1897,140,436],"yoast_head":"<!-- This site is optimized with the Yoast SEO Premium plugin v22.7 (Yoast SEO v22.7) - https:\/\/yoast.com\/wordpress\/plugins\/seo\/ -->\n<title>Spannungen zwischen T\u00fcrkei und Griechenland: &quot;K\u00f6nnen eines Nachts kommen&quot; - just-now.NEWS Deutschland<\/title>\n<meta name=\"robots\" content=\"index, follow, max-snippet:-1, max-image-preview:large, max-video-preview:-1\" \/>\n<link rel=\"canonical\" href=\"https:\/\/now-news.de\/de\/deutschland\/spannungen-zwischen-tuerkei-und-griechenland-koennen-eines-nachts-kommen\/\" \/>\n<meta property=\"og:locale\" content=\"de_DE\" \/>\n<meta property=\"og:type\" content=\"article\" \/>\n<meta property=\"og:title\" content=\"Spannungen zwischen T\u00fcrkei und Griechenland: &quot;K\u00f6nnen eines Nachts kommen&quot;\" \/>\n<meta property=\"og:description\" content=\"Der t\u00fcrkische Pr\u00e4sident Recep Tayyip Erdo\u011fan hat dem Nachbarn Griechenland erneut scharf gedroht. &#8220;Wir k\u00f6nnen pl\u00f6tzlich eines Nachts kommen&#8221;, sagte Erdo\u011fan am Dienstag vor einer dreit\u00e4gigen Balkanreise. Den Satz hatte der t\u00fcrkische Pr\u00e4sident in der Vergangenheit h\u00e4ufig bezogen auf milit\u00e4rische Operationen verwendet \u2013 etwa in Syrien oder im Irak. Erdo\u011fan bezog sich auf die angebliche [&hellip;]\" \/>\n<meta property=\"og:url\" content=\"https:\/\/now-news.de\/de\/deutschland\/spannungen-zwischen-tuerkei-und-griechenland-koennen-eines-nachts-kommen\/\" \/>\n<meta property=\"og:site_name\" content=\"just-now.NEWS Deutschland\" \/>\n<meta property=\"article:publisher\" content=\"https:\/\/www.facebook.com\/wirmachenauf\" \/>\n<meta property=\"article:published_time\" content=\"2022-09-07T08:53:24+00:00\" \/>\n<meta property=\"og:image\" content=\"https:\/\/now-news.de\/de\/wp-content\/uploads\/sites\/3\/2022\/09\/Spannungen-zwischen-Tuerkei-und-Griechenland-quotKoennen-eines-Nachts-kommenquot.jpg\" \/>\n\t<meta property=\"og:image:width\" content=\"460\" \/>\n\t<meta property=\"og:image:height\" content=\"259\" \/>\n\t<meta property=\"og:image:type\" content=\"image\/jpeg\" \/>\n<meta name=\"author\" content=\"rtnews\" \/>\n<meta name=\"twitter:card\" content=\"summary_large_image\" \/>\n<meta name=\"twitter:creator\" content=\"@WirMachenAuf_de\" \/>\n<meta name=\"twitter:site\" content=\"@WirMachenAuf_de\" \/>\n<meta name=\"twitter:label1\" content=\"Verfasst von\" \/>\n\t<meta name=\"twitter:data1\" content=\"rtnews\" \/>\n\t<meta name=\"twitter:label2\" content=\"Gesch\u00e4tzte Lesezeit\" \/>\n\t<meta name=\"twitter:data2\" content=\"2\u00a0Minuten\" \/>\n<script type=\"application\/ld+json\" class=\"yoast-schema-graph\">{\"@context\":\"https:\/\/schema.org\",\"@graph\":[{\"@type\":\"Article\",\"@id\":\"https:\/\/now-news.de\/de\/deutschland\/spannungen-zwischen-tuerkei-und-griechenland-koennen-eines-nachts-kommen\/#article\",\"isPartOf\":{\"@id\":\"https:\/\/now-news.de\/de\/deutschland\/spannungen-zwischen-tuerkei-und-griechenland-koennen-eines-nachts-kommen\/\"},\"author\":{\"name\":\"rtnews\",\"@id\":\"https:\/\/now-news.de\/de\/#\/schema\/person\/fb534a4e865501d8b3285208df34a9b5\"},\"headline\":\"Spannungen zwischen T\u00fcrkei und Griechenland: &quot;K\u00f6nnen eines Nachts kommen&quot;\",\"datePublished\":\"2022-09-07T08:53:24+00:00\",\"dateModified\":\"2022-09-07T08:53:24+00:00\",\"mainEntityOfPage\":{\"@id\":\"https:\/\/now-news.de\/de\/deutschland\/spannungen-zwischen-tuerkei-und-griechenland-koennen-eines-nachts-kommen\/\"},\"wordCount\":420,\"commentCount\":0,\"publisher\":{\"@id\":\"https:\/\/now-news.de\/de\/#organization\"},\"image\":{\"@id\":\"https:\/\/now-news.de\/de\/deutschland\/spannungen-zwischen-tuerkei-und-griechenland-koennen-eines-nachts-kommen\/#primaryimage\"},\"thumbnailUrl\":\"https:\/\/now-news.de\/de\/wp-content\/uploads\/sites\/3\/2022\/09\/Spannungen-zwischen-Tuerkei-und-Griechenland-quotKoennen-eines-Nachts-kommenquot.jpg\",\"keywords\":[\"eines\",\"Griechenland\",\"kommenquot\",\"Nachts\",\"quotK\u00f6nnen\",\"Spannungen\",\"T\u00fcrkei\",\"und\",\"zwischen\"],\"articleSection\":[\"Deutschland\",\"Russland\"],\"inLanguage\":\"de\",\"potentialAction\":[{\"@type\":\"CommentAction\",\"name\":\"Comment\",\"target\":[\"https:\/\/now-news.de\/de\/deutschland\/spannungen-zwischen-tuerkei-und-griechenland-koennen-eines-nachts-kommen\/#respond\"]}]},{\"@type\":\"WebPage\",\"@id\":\"https:\/\/now-news.de\/de\/deutschland\/spannungen-zwischen-tuerkei-und-griechenland-koennen-eines-nachts-kommen\/\",\"url\":\"https:\/\/now-news.de\/de\/deutschland\/spannungen-zwischen-tuerkei-und-griechenland-koennen-eines-nachts-kommen\/\",\"name\":\"Spannungen zwischen T\u00fcrkei und Griechenland: &quot;K\u00f6nnen eines Nachts kommen&quot; - just-now.NEWS Deutschland\",\"isPartOf\":{\"@id\":\"https:\/\/now-news.de\/de\/#website\"},\"primaryImageOfPage\":{\"@id\":\"https:\/\/now-news.de\/de\/deutschland\/spannungen-zwischen-tuerkei-und-griechenland-koennen-eines-nachts-kommen\/#primaryimage\"},\"image\":{\"@id\":\"https:\/\/now-news.de\/de\/deutschland\/spannungen-zwischen-tuerkei-und-griechenland-koennen-eines-nachts-kommen\/#primaryimage\"},\"thumbnailUrl\":\"https:\/\/now-news.de\/de\/wp-content\/uploads\/sites\/3\/2022\/09\/Spannungen-zwischen-Tuerkei-und-Griechenland-quotKoennen-eines-Nachts-kommenquot.jpg\",\"datePublished\":\"2022-09-07T08:53:24+00:00\",\"dateModified\":\"2022-09-07T08:53:24+00:00\",\"breadcrumb\":{\"@id\":\"https:\/\/now-news.de\/de\/deutschland\/spannungen-zwischen-tuerkei-und-griechenland-koennen-eines-nachts-kommen\/#breadcrumb\"},\"inLanguage\":\"de\",\"potentialAction\":[{\"@type\":\"ReadAction\",\"target\":[\"https:\/\/now-news.de\/de\/deutschland\/spannungen-zwischen-tuerkei-und-griechenland-koennen-eines-nachts-kommen\/\"]}]},{\"@type\":\"ImageObject\",\"inLanguage\":\"de\",\"@id\":\"https:\/\/now-news.de\/de\/deutschland\/spannungen-zwischen-tuerkei-und-griechenland-koennen-eines-nachts-kommen\/#primaryimage\",\"url\":\"https:\/\/now-news.de\/de\/wp-content\/uploads\/sites\/3\/2022\/09\/Spannungen-zwischen-Tuerkei-und-Griechenland-quotKoennen-eines-Nachts-kommenquot.jpg\",\"contentUrl\":\"https:\/\/now-news.de\/de\/wp-content\/uploads\/sites\/3\/2022\/09\/Spannungen-zwischen-Tuerkei-und-Griechenland-quotKoennen-eines-Nachts-kommenquot.jpg\",\"width\":460,\"height\":259,\"caption\":\"Spannungen zwischen T\u00fcrkei und Griechenland: &quot;K\u00f6nnen eines Nachts kommen&quot;\"},{\"@type\":\"BreadcrumbList\",\"@id\":\"https:\/\/now-news.de\/de\/deutschland\/spannungen-zwischen-tuerkei-und-griechenland-koennen-eines-nachts-kommen\/#breadcrumb\",\"itemListElement\":[{\"@type\":\"ListItem\",\"position\":1,\"name\":\"Home\",\"item\":\"https:\/\/now-news.de\/de\/\"},{\"@type\":\"ListItem\",\"position\":2,\"name\":\"Spannungen zwischen T\u00fcrkei und Griechenland: &quot;K\u00f6nnen eines Nachts kommen&quot;\"}]},{\"@type\":\"WebSite\",\"@id\":\"https:\/\/now-news.de\/de\/#website\",\"url\":\"https:\/\/now-news.de\/de\/\",\"name\":\"just-now.NEWS Deutschland\",\"description\":\"Das Portal f\u00fcr unzensierte Nachrichten aus der Welt\",\"publisher\":{\"@id\":\"https:\/\/now-news.de\/de\/#organization\"},\"potentialAction\":[{\"@type\":\"SearchAction\",\"target\":{\"@type\":\"EntryPoint\",\"urlTemplate\":\"https:\/\/now-news.de\/de\/?s={search_term_string}\"},\"query-input\":\"required name=search_term_string\"}],\"inLanguage\":\"de\"},{\"@type\":\"Organization\",\"@id\":\"https:\/\/now-news.de\/de\/#organization\",\"name\":\"Just Now News\",\"url\":\"https:\/\/now-news.de\/de\/\",\"logo\":{\"@type\":\"ImageObject\",\"inLanguage\":\"de\",\"@id\":\"https:\/\/now-news.de\/de\/#\/schema\/logo\/image\/\",\"url\":\"http:\/\/just-now.news\/de\/wp-content\/uploads\/sites\/3\/2022\/04\/logo500x500.jpg\",\"contentUrl\":\"http:\/\/just-now.news\/de\/wp-content\/uploads\/sites\/3\/2022\/04\/logo500x500.jpg\",\"width\":500,\"height\":500,\"caption\":\"Just Now News\"},\"image\":{\"@id\":\"https:\/\/now-news.de\/de\/#\/schema\/logo\/image\/\"},\"sameAs\":[\"https:\/\/www.facebook.com\/wirmachenauf\",\"https:\/\/x.com\/WirMachenAuf_de\"]},{\"@type\":\"Person\",\"@id\":\"https:\/\/now-news.de\/de\/#\/schema\/person\/fb534a4e865501d8b3285208df34a9b5\",\"name\":\"rtnews\",\"image\":{\"@type\":\"ImageObject\",\"inLanguage\":\"de\",\"@id\":\"https:\/\/now-news.de\/de\/#\/schema\/person\/image\/\",\"url\":\"https:\/\/secure.gravatar.com\/avatar\/82aafea7d8127119dd649515f56e2117?s=96&d=mm&r=g\",\"contentUrl\":\"https:\/\/secure.gravatar.com\/avatar\/82aafea7d8127119dd649515f56e2117?s=96&d=mm&r=g\",\"caption\":\"rtnews\"},\"url\":\"https:\/\/now-news.de\/de\/author\/rnews\/\"}]}<\/script>\n<!-- \/ Yoast SEO Premium plugin. -->","yoast_head_json":{"title":"Spannungen zwischen T\u00fcrkei und Griechenland: &quot;K\u00f6nnen eines Nachts kommen&quot; - just-now.NEWS Deutschland","robots":{"index":"index","follow":"follow","max-snippet":"max-snippet:-1","max-image-preview":"max-image-preview:large","max-video-preview":"max-video-preview:-1"},"canonical":"https:\/\/now-news.de\/de\/deutschland\/spannungen-zwischen-tuerkei-und-griechenland-koennen-eines-nachts-kommen\/","og_locale":"de_DE","og_type":"article","og_title":"Spannungen zwischen T\u00fcrkei und Griechenland: &quot;K\u00f6nnen eines Nachts kommen&quot;","og_description":"Der t\u00fcrkische Pr\u00e4sident Recep Tayyip Erdo\u011fan hat dem Nachbarn Griechenland erneut scharf gedroht. &#8220;Wir k\u00f6nnen pl\u00f6tzlich eines Nachts kommen&#8221;, sagte Erdo\u011fan am Dienstag vor einer dreit\u00e4gigen Balkanreise. Den Satz hatte der t\u00fcrkische Pr\u00e4sident in der Vergangenheit h\u00e4ufig bezogen auf milit\u00e4rische Operationen verwendet \u2013 etwa in Syrien oder im Irak. Erdo\u011fan bezog sich auf die angebliche [&hellip;]","og_url":"https:\/\/now-news.de\/de\/deutschland\/spannungen-zwischen-tuerkei-und-griechenland-koennen-eines-nachts-kommen\/","og_site_name":"just-now.NEWS Deutschland","article_publisher":"https:\/\/www.facebook.com\/wirmachenauf","article_published_time":"2022-09-07T08:53:24+00:00","og_image":[{"width":460,"height":259,"url":"https:\/\/now-news.de\/de\/wp-content\/uploads\/sites\/3\/2022\/09\/Spannungen-zwischen-Tuerkei-und-Griechenland-quotKoennen-eines-Nachts-kommenquot.jpg","type":"image\/jpeg"}],"author":"rtnews","twitter_card":"summary_large_image","twitter_creator":"@WirMachenAuf_de","twitter_site":"@WirMachenAuf_de","twitter_misc":{"Verfasst von":"rtnews","Gesch\u00e4tzte Lesezeit":"2\u00a0Minuten"},"schema":{"@context":"https:\/\/schema.org","@graph":[{"@type":"Article","@id":"https:\/\/now-news.de\/de\/deutschland\/spannungen-zwischen-tuerkei-und-griechenland-koennen-eines-nachts-kommen\/#article","isPartOf":{"@id":"https:\/\/now-news.de\/de\/deutschland\/spannungen-zwischen-tuerkei-und-griechenland-koennen-eines-nachts-kommen\/"},"author":{"name":"rtnews","@id":"https:\/\/now-news.de\/de\/#\/schema\/person\/fb534a4e865501d8b3285208df34a9b5"},"headline":"Spannungen zwischen T\u00fcrkei und Griechenland: &quot;K\u00f6nnen eines Nachts kommen&quot;","datePublished":"2022-09-07T08:53:24+00:00","dateModified":"2022-09-07T08:53:24+00:00","mainEntityOfPage":{"@id":"https:\/\/now-news.de\/de\/deutschland\/spannungen-zwischen-tuerkei-und-griechenland-koennen-eines-nachts-kommen\/"},"wordCount":420,"commentCount":0,"publisher":{"@id":"https:\/\/now-news.de\/de\/#organization"},"image":{"@id":"https:\/\/now-news.de\/de\/deutschland\/spannungen-zwischen-tuerkei-und-griechenland-koennen-eines-nachts-kommen\/#primaryimage"},"thumbnailUrl":"https:\/\/now-news.de\/de\/wp-content\/uploads\/sites\/3\/2022\/09\/Spannungen-zwischen-Tuerkei-und-Griechenland-quotKoennen-eines-Nachts-kommenquot.jpg","keywords":["eines","Griechenland","kommenquot","Nachts","quotK\u00f6nnen","Spannungen","T\u00fcrkei","und","zwischen"],"articleSection":["Deutschland","Russland"],"inLanguage":"de","potentialAction":[{"@type":"CommentAction","name":"Comment","target":["https:\/\/now-news.de\/de\/deutschland\/spannungen-zwischen-tuerkei-und-griechenland-koennen-eines-nachts-kommen\/#respond"]}]},{"@type":"WebPage","@id":"https:\/\/now-news.de\/de\/deutschland\/spannungen-zwischen-tuerkei-und-griechenland-koennen-eines-nachts-kommen\/","url":"https:\/\/now-news.de\/de\/deutschland\/spannungen-zwischen-tuerkei-und-griechenland-koennen-eines-nachts-kommen\/","name":"Spannungen zwischen T\u00fcrkei und Griechenland: &quot;K\u00f6nnen eines Nachts kommen&quot; - just-now.NEWS Deutschland","isPartOf":{"@id":"https:\/\/now-news.de\/de\/#website"},"primaryImageOfPage":{"@id":"https:\/\/now-news.de\/de\/deutschland\/spannungen-zwischen-tuerkei-und-griechenland-koennen-eines-nachts-kommen\/#primaryimage"},"image":{"@id":"https:\/\/now-news.de\/de\/deutschland\/spannungen-zwischen-tuerkei-und-griechenland-koennen-eines-nachts-kommen\/#primaryimage"},"thumbnailUrl":"https:\/\/now-news.de\/de\/wp-content\/uploads\/sites\/3\/2022\/09\/Spannungen-zwischen-Tuerkei-und-Griechenland-quotKoennen-eines-Nachts-kommenquot.jpg","datePublished":"2022-09-07T08:53:24+00:00","dateModified":"2022-09-07T08:53:24+00:00","breadcrumb":{"@id":"https:\/\/now-news.de\/de\/deutschland\/spannungen-zwischen-tuerkei-und-griechenland-koennen-eines-nachts-kommen\/#breadcrumb"},"inLanguage":"de","potentialAction":[{"@type":"ReadAction","target":["https:\/\/now-news.de\/de\/deutschland\/spannungen-zwischen-tuerkei-und-griechenland-koennen-eines-nachts-kommen\/"]}]},{"@type":"ImageObject","inLanguage":"de","@id":"https:\/\/now-news.de\/de\/deutschland\/spannungen-zwischen-tuerkei-und-griechenland-koennen-eines-nachts-kommen\/#primaryimage","url":"https:\/\/now-news.de\/de\/wp-content\/uploads\/sites\/3\/2022\/09\/Spannungen-zwischen-Tuerkei-und-Griechenland-quotKoennen-eines-Nachts-kommenquot.jpg","contentUrl":"https:\/\/now-news.de\/de\/wp-content\/uploads\/sites\/3\/2022\/09\/Spannungen-zwischen-Tuerkei-und-Griechenland-quotKoennen-eines-Nachts-kommenquot.jpg","width":460,"height":259,"caption":"Spannungen zwischen T\u00fcrkei und Griechenland: &quot;K\u00f6nnen eines Nachts kommen&quot;"},{"@type":"BreadcrumbList","@id":"https:\/\/now-news.de\/de\/deutschland\/spannungen-zwischen-tuerkei-und-griechenland-koennen-eines-nachts-kommen\/#breadcrumb","itemListElement":[{"@type":"ListItem","position":1,"name":"Home","item":"https:\/\/now-news.de\/de\/"},{"@type":"ListItem","position":2,"name":"Spannungen zwischen T\u00fcrkei und Griechenland: &quot;K\u00f6nnen eines Nachts kommen&quot;"}]},{"@type":"WebSite","@id":"https:\/\/now-news.de\/de\/#website","url":"https:\/\/now-news.de\/de\/","name":"just-now.NEWS Deutschland","description":"Das Portal f\u00fcr unzensierte Nachrichten aus der Welt","publisher":{"@id":"https:\/\/now-news.de\/de\/#organization"},"potentialAction":[{"@type":"SearchAction","target":{"@type":"EntryPoint","urlTemplate":"https:\/\/now-news.de\/de\/?s={search_term_string}"},"query-input":"required name=search_term_string"}],"inLanguage":"de"},{"@type":"Organization","@id":"https:\/\/now-news.de\/de\/#organization","name":"Just Now News","url":"https:\/\/now-news.de\/de\/","logo":{"@type":"ImageObject","inLanguage":"de","@id":"https:\/\/now-news.de\/de\/#\/schema\/logo\/image\/","url":"http:\/\/just-now.news\/de\/wp-content\/uploads\/sites\/3\/2022\/04\/logo500x500.jpg","contentUrl":"http:\/\/just-now.news\/de\/wp-content\/uploads\/sites\/3\/2022\/04\/logo500x500.jpg","width":500,"height":500,"caption":"Just Now News"},"image":{"@id":"https:\/\/now-news.de\/de\/#\/schema\/logo\/image\/"},"sameAs":["https:\/\/www.facebook.com\/wirmachenauf","https:\/\/x.com\/WirMachenAuf_de"]},{"@type":"Person","@id":"https:\/\/now-news.de\/de\/#\/schema\/person\/fb534a4e865501d8b3285208df34a9b5","name":"rtnews","image":{"@type":"ImageObject","inLanguage":"de","@id":"https:\/\/now-news.de\/de\/#\/schema\/person\/image\/","url":"https:\/\/secure.gravatar.com\/avatar\/82aafea7d8127119dd649515f56e2117?s=96&d=mm&r=g","contentUrl":"https:\/\/secure.gravatar.com\/avatar\/82aafea7d8127119dd649515f56e2117?s=96&d=mm&r=g","caption":"rtnews"},"url":"https:\/\/now-news.de\/de\/author\/rnews\/"}]}},"_links":{"self":[{"href":"https:\/\/now-news.de\/de\/wp-json\/wp\/v2\/posts\/18584"}],"collection":[{"href":"https:\/\/now-news.de\/de\/wp-json\/wp\/v2\/posts"}],"about":[{"href":"https:\/\/now-news.de\/de\/wp-json\/wp\/v2\/types\/post"}],"author":[{"embeddable":true,"href":"https:\/\/now-news.de\/de\/wp-json\/wp\/v2\/users\/3"}],"replies":[{"embeddable":true,"href":"https:\/\/now-news.de\/de\/wp-json\/wp\/v2\/comments?post=18584"}],"version-history":[{"count":0,"href":"https:\/\/now-news.de\/de\/wp-json\/wp\/v2\/posts\/18584\/revisions"}],"wp:featuredmedia":[{"embeddable":true,"href":"https:\/\/now-news.de\/de\/wp-json\/wp\/v2\/media\/18585"}],"wp:attachment":[{"href":"https:\/\/now-news.de\/de\/wp-json\/wp\/v2\/media?parent=18584"}],"wp:term":[{"taxonomy":"category","embeddable":true,"href":"https:\/\/now-news.de\/de\/wp-json\/wp\/v2\/categories?post=18584"},{"taxonomy":"post_tag","embeddable":true,"href":"https:\/\/now-news.de\/de\/wp-json\/wp\/v2\/tags?post=18584"}],"curies":[{"name":"wp","href":"https:\/\/api.w.org\/{rel}","templated":true}]}}