{"id":18555,"date":"2022-09-06T22:20:04","date_gmt":"2022-09-06T20:20:04","guid":{"rendered":"http:\/\/just-now.news\/de\/deutschland\/erdogan-zu-erdgaskrise-europa-erntet-was-es-saet\/"},"modified":"2022-09-06T22:20:04","modified_gmt":"2022-09-06T20:20:04","slug":"erdogan-zu-erdgaskrise-europa-erntet-was-es-saet","status":"publish","type":"post","link":"https:\/\/now-news.de\/de\/deutschland\/erdogan-zu-erdgaskrise-europa-erntet-was-es-saet\/","title":{"rendered":"Erdo\u011fan zu Erdgaskrise: &quot;Europa erntet, was es s\u00e4t&quot;"},"content":{"rendered":"<p><img decoding=\"async\" src=\"http:\/\/just-now.news\/de\/wp-content\/uploads\/sites\/3\/2022\/09\/631765e0b480cc5c6e2325ca.jpeg\" \/><\/p>\n<p>Der t\u00fcrkische Pr\u00e4sident Recep Tayyip Erdo\u011fan hat am Dienstag auf einer Pressekonferenz in Ankara gewarnt, dass der bevorstehende Winter sich f\u00fcr die europ\u00e4ischen Staaten als hart erweisen k\u00f6nnte. Diese Staaten seien selbst daran schuld. Vor Journalisten sagte der t\u00fcrkische Staatschef in Bezug auf die Erdgasknappheit:<\/p>\n<blockquote>\n<p><em>&#8220;Europa erntet, was es s\u00e4t.&#8221;<\/em><\/p>\n<\/blockquote>\n<p>Die Haltung der L\u00e4nder gegen\u00fcber dem russischen Pr\u00e4sidenten Wladimir Putin und die umfassenden Sanktionen, die gegen Moskau verh\u00e4ngt wurden, seien schuld an der aktuellen Krise.<\/p>\n<blockquote>\n<p><em>&#8220;Ich denke, dass Europa diesen Winter mit ernsten Problemen verbringen wird. Die T\u00fcrkei hat im Moment keine derartigen Probleme mit der Gasversorgung.&#8221;<\/em><\/p>\n<\/blockquote>\n<p>Erdo\u011fans \u00c4u\u00dferung erfolgte, nachdem Moskau vor einem &#8220;riesigen globalen Sturm&#8221; gewarnt hatte, der durch die &#8220;unlogischen und oft absurden&#8221; Ma\u00dfnahmen der westlichen Staaten ausgel\u00f6st werde. In einer Erkl\u00e4rung vom Montag wies der Kreml darauf hin, dass die von den USA, der EU und anderen L\u00e4ndern gegen Russland verh\u00e4ngten Sanktionen nach hinten losgegangen seien und zu einer umfassenden Energiekrise sowie zu einer Rekordinflation im Westen gef\u00fchrt h\u00e4tten.<\/p>\n<p>Die Erdgaspreise stiegen am Montag sprunghaft um 30 Prozent, nachdem die russische Pipeline Nord Stream 1 wegen sanktionsbedingter Wartungsprobleme nicht wieder in Betrieb genommen werden konnte. Der russische Energieriese Gazprom, der die Pipeline betreibt, teilte mit, dass die Gasroute auf unbestimmte Zeit geschlossen bleibt, nachdem bei einer Inspektion technische Probleme mit der Hauptturbine festgestellt wurden.<\/p>\n<p>Moskau behauptet, das Einzige, was die Pipeline Nord Stream 1 daran hindere, mit voller Kapazit\u00e4t zu arbeiten, seien die vom Westen verh\u00e4ngten Sanktionen, w\u00e4hrend Gazprom auch davor gewarnt hat, dass die antirussischen Restriktionen die regelm\u00e4\u00dfige Wartung der Pipelineausr\u00fcstung behindern.<\/p>\n<p>Europ\u00e4ische Staats- und Regierungschefs haben Moskau vorgeworfen, Energielieferungen als geopolitische Waffe einzusetzen, w\u00e4hrend der deutsche Bundeskanzler Olaf Scholz erkl\u00e4rte, Russland k\u00f6nne nicht l\u00e4nger als zuverl\u00e4ssiger Energiepartner betrachtet werden.<\/p>\n<p><strong>Mehr zum Thema<\/strong> \u2013\u00a0<a rel=\"nofollow noopener\" target=\"_blank\" href=\"https:\/\/de.rt.com\/der-nahe-osten\/147237-ankara-traegt-russland-sanktionen-des-westens-weiterhin-nicht-mit\/\">Ankara tr\u00e4gt Russland-Sanktionen des Westens weiterhin nicht mit: Drohen US-Sanktionen?<\/a><\/p>\n<p><br \/>\n<br \/><a href=\"https:\/\/de.rt.com\/international\/148177-erdogan-zu-erdgaskrise-europa-erntet\/\">Source link <\/a><\/p>\n","protected":false},"excerpt":{"rendered":"<p>Der t\u00fcrkische Pr\u00e4sident Recep Tayyip Erdo\u011fan hat am Dienstag auf einer Pressekonferenz in Ankara gewarnt, dass der bevorstehende Winter sich f\u00fcr die europ\u00e4ischen Staaten als hart erweisen k\u00f6nnte. Diese Staaten seien selbst daran schuld. Vor Journalisten sagte der t\u00fcrkische Staatschef in Bezug auf die Erdgasknappheit: &#8220;Europa erntet, was es s\u00e4t.&#8221; Die Haltung der L\u00e4nder gegen\u00fcber [&hellip;]<\/p>\n","protected":false},"author":3,"featured_media":18556,"comment_status":"open","ping_status":"open","sticky":false,"template":"","format":"standard","meta":{"wp_automatic_camp":["217"],"9a9d9d9ed4303fd872e33d37df423e5a":["Erdo\u011fan zu Erdgaskrise: &quot;Europa erntet, was es s\u00e4t&quot;"],"original_link":["https:\/\/de.rt.com\/international\/148177-erdogan-zu-erdgaskrise-europa-erntet\/"],"_thumbnail_id":["18556"],"_wptg_p2tg_sent2tg":["2022-09-06 22:23:27"],"jnews_social_counter_last_update":["1777433807"]},"categories":[19,23],"tags":[28517,13697,10765,23034,32420],"yoast_head":"<!-- This site is optimized with the Yoast SEO Premium plugin v22.7 (Yoast SEO v22.7) - https:\/\/yoast.com\/wordpress\/plugins\/seo\/ -->\n<title>Erdo\u011fan zu Erdgaskrise: &quot;Europa erntet, was es s\u00e4t&quot; - just-now.NEWS Deutschland<\/title>\n<meta name=\"robots\" content=\"index, follow, max-snippet:-1, max-image-preview:large, max-video-preview:-1\" \/>\n<link rel=\"canonical\" href=\"https:\/\/now-news.de\/de\/deutschland\/erdogan-zu-erdgaskrise-europa-erntet-was-es-saet\/\" \/>\n<meta property=\"og:locale\" content=\"de_DE\" \/>\n<meta property=\"og:type\" content=\"article\" \/>\n<meta property=\"og:title\" content=\"Erdo\u011fan zu Erdgaskrise: &quot;Europa erntet, was es s\u00e4t&quot;\" \/>\n<meta property=\"og:description\" content=\"Der t\u00fcrkische Pr\u00e4sident Recep Tayyip Erdo\u011fan hat am Dienstag auf einer Pressekonferenz in Ankara gewarnt, dass der bevorstehende Winter sich f\u00fcr die europ\u00e4ischen Staaten als hart erweisen k\u00f6nnte. Diese Staaten seien selbst daran schuld. Vor Journalisten sagte der t\u00fcrkische Staatschef in Bezug auf die Erdgasknappheit: &#8220;Europa erntet, was es s\u00e4t.&#8221; Die Haltung der L\u00e4nder gegen\u00fcber [&hellip;]\" \/>\n<meta property=\"og:url\" content=\"https:\/\/now-news.de\/de\/deutschland\/erdogan-zu-erdgaskrise-europa-erntet-was-es-saet\/\" \/>\n<meta property=\"og:site_name\" content=\"just-now.NEWS Deutschland\" \/>\n<meta property=\"article:publisher\" content=\"https:\/\/www.facebook.com\/wirmachenauf\" \/>\n<meta property=\"article:published_time\" content=\"2022-09-06T20:20:04+00:00\" \/>\n<meta property=\"og:image\" content=\"https:\/\/now-news.de\/de\/wp-content\/uploads\/sites\/3\/2022\/09\/Erdogan-zu-Erdgaskrise-quotEuropa-erntet-was-es-saetquot.jpeg\" \/>\n\t<meta property=\"og:image:width\" content=\"460\" \/>\n\t<meta property=\"og:image:height\" content=\"259\" \/>\n\t<meta property=\"og:image:type\" content=\"image\/jpeg\" \/>\n<meta name=\"author\" content=\"rtnews\" \/>\n<meta name=\"twitter:card\" content=\"summary_large_image\" \/>\n<meta name=\"twitter:creator\" content=\"@WirMachenAuf_de\" \/>\n<meta name=\"twitter:site\" content=\"@WirMachenAuf_de\" \/>\n<meta name=\"twitter:label1\" content=\"Verfasst von\" \/>\n\t<meta name=\"twitter:data1\" content=\"rtnews\" \/>\n\t<meta name=\"twitter:label2\" content=\"Gesch\u00e4tzte Lesezeit\" \/>\n\t<meta name=\"twitter:data2\" content=\"2\u00a0Minuten\" \/>\n<script type=\"application\/ld+json\" class=\"yoast-schema-graph\">{\"@context\":\"https:\/\/schema.org\",\"@graph\":[{\"@type\":\"Article\",\"@id\":\"https:\/\/now-news.de\/de\/deutschland\/erdogan-zu-erdgaskrise-europa-erntet-was-es-saet\/#article\",\"isPartOf\":{\"@id\":\"https:\/\/now-news.de\/de\/deutschland\/erdogan-zu-erdgaskrise-europa-erntet-was-es-saet\/\"},\"author\":{\"name\":\"rtnews\",\"@id\":\"https:\/\/now-news.de\/de\/#\/schema\/person\/fb534a4e865501d8b3285208df34a9b5\"},\"headline\":\"Erdo\u011fan zu Erdgaskrise: &quot;Europa erntet, was es s\u00e4t&quot;\",\"datePublished\":\"2022-09-06T20:20:04+00:00\",\"dateModified\":\"2022-09-06T20:20:04+00:00\",\"mainEntityOfPage\":{\"@id\":\"https:\/\/now-news.de\/de\/deutschland\/erdogan-zu-erdgaskrise-europa-erntet-was-es-saet\/\"},\"wordCount\":344,\"commentCount\":0,\"publisher\":{\"@id\":\"https:\/\/now-news.de\/de\/#organization\"},\"image\":{\"@id\":\"https:\/\/now-news.de\/de\/deutschland\/erdogan-zu-erdgaskrise-europa-erntet-was-es-saet\/#primaryimage\"},\"thumbnailUrl\":\"https:\/\/now-news.de\/de\/wp-content\/uploads\/sites\/3\/2022\/09\/Erdogan-zu-Erdgaskrise-quotEuropa-erntet-was-es-saetquot.jpeg\",\"keywords\":[\"Erdgaskrise\",\"Erdo\u011fan\",\"erntet\",\"quotEuropa\",\"s\u00e4tquot\"],\"articleSection\":[\"Deutschland\",\"Russland\"],\"inLanguage\":\"de\",\"potentialAction\":[{\"@type\":\"CommentAction\",\"name\":\"Comment\",\"target\":[\"https:\/\/now-news.de\/de\/deutschland\/erdogan-zu-erdgaskrise-europa-erntet-was-es-saet\/#respond\"]}]},{\"@type\":\"WebPage\",\"@id\":\"https:\/\/now-news.de\/de\/deutschland\/erdogan-zu-erdgaskrise-europa-erntet-was-es-saet\/\",\"url\":\"https:\/\/now-news.de\/de\/deutschland\/erdogan-zu-erdgaskrise-europa-erntet-was-es-saet\/\",\"name\":\"Erdo\u011fan zu Erdgaskrise: &quot;Europa erntet, was es s\u00e4t&quot; - just-now.NEWS Deutschland\",\"isPartOf\":{\"@id\":\"https:\/\/now-news.de\/de\/#website\"},\"primaryImageOfPage\":{\"@id\":\"https:\/\/now-news.de\/de\/deutschland\/erdogan-zu-erdgaskrise-europa-erntet-was-es-saet\/#primaryimage\"},\"image\":{\"@id\":\"https:\/\/now-news.de\/de\/deutschland\/erdogan-zu-erdgaskrise-europa-erntet-was-es-saet\/#primaryimage\"},\"thumbnailUrl\":\"https:\/\/now-news.de\/de\/wp-content\/uploads\/sites\/3\/2022\/09\/Erdogan-zu-Erdgaskrise-quotEuropa-erntet-was-es-saetquot.jpeg\",\"datePublished\":\"2022-09-06T20:20:04+00:00\",\"dateModified\":\"2022-09-06T20:20:04+00:00\",\"breadcrumb\":{\"@id\":\"https:\/\/now-news.de\/de\/deutschland\/erdogan-zu-erdgaskrise-europa-erntet-was-es-saet\/#breadcrumb\"},\"inLanguage\":\"de\",\"potentialAction\":[{\"@type\":\"ReadAction\",\"target\":[\"https:\/\/now-news.de\/de\/deutschland\/erdogan-zu-erdgaskrise-europa-erntet-was-es-saet\/\"]}]},{\"@type\":\"ImageObject\",\"inLanguage\":\"de\",\"@id\":\"https:\/\/now-news.de\/de\/deutschland\/erdogan-zu-erdgaskrise-europa-erntet-was-es-saet\/#primaryimage\",\"url\":\"https:\/\/now-news.de\/de\/wp-content\/uploads\/sites\/3\/2022\/09\/Erdogan-zu-Erdgaskrise-quotEuropa-erntet-was-es-saetquot.jpeg\",\"contentUrl\":\"https:\/\/now-news.de\/de\/wp-content\/uploads\/sites\/3\/2022\/09\/Erdogan-zu-Erdgaskrise-quotEuropa-erntet-was-es-saetquot.jpeg\",\"width\":460,\"height\":259,\"caption\":\"Erdo\u011fan zu Erdgaskrise: &quot;Europa erntet, was es s\u00e4t&quot;\"},{\"@type\":\"BreadcrumbList\",\"@id\":\"https:\/\/now-news.de\/de\/deutschland\/erdogan-zu-erdgaskrise-europa-erntet-was-es-saet\/#breadcrumb\",\"itemListElement\":[{\"@type\":\"ListItem\",\"position\":1,\"name\":\"Home\",\"item\":\"https:\/\/now-news.de\/de\/\"},{\"@type\":\"ListItem\",\"position\":2,\"name\":\"Erdo\u011fan zu Erdgaskrise: &quot;Europa erntet, was es s\u00e4t&quot;\"}]},{\"@type\":\"WebSite\",\"@id\":\"https:\/\/now-news.de\/de\/#website\",\"url\":\"https:\/\/now-news.de\/de\/\",\"name\":\"just-now.NEWS Deutschland\",\"description\":\"Das Portal f\u00fcr unzensierte Nachrichten aus der Welt\",\"publisher\":{\"@id\":\"https:\/\/now-news.de\/de\/#organization\"},\"potentialAction\":[{\"@type\":\"SearchAction\",\"target\":{\"@type\":\"EntryPoint\",\"urlTemplate\":\"https:\/\/now-news.de\/de\/?s={search_term_string}\"},\"query-input\":\"required name=search_term_string\"}],\"inLanguage\":\"de\"},{\"@type\":\"Organization\",\"@id\":\"https:\/\/now-news.de\/de\/#organization\",\"name\":\"Just Now News\",\"url\":\"https:\/\/now-news.de\/de\/\",\"logo\":{\"@type\":\"ImageObject\",\"inLanguage\":\"de\",\"@id\":\"https:\/\/now-news.de\/de\/#\/schema\/logo\/image\/\",\"url\":\"http:\/\/just-now.news\/de\/wp-content\/uploads\/sites\/3\/2022\/04\/logo500x500.jpg\",\"contentUrl\":\"http:\/\/just-now.news\/de\/wp-content\/uploads\/sites\/3\/2022\/04\/logo500x500.jpg\",\"width\":500,\"height\":500,\"caption\":\"Just Now News\"},\"image\":{\"@id\":\"https:\/\/now-news.de\/de\/#\/schema\/logo\/image\/\"},\"sameAs\":[\"https:\/\/www.facebook.com\/wirmachenauf\",\"https:\/\/x.com\/WirMachenAuf_de\"]},{\"@type\":\"Person\",\"@id\":\"https:\/\/now-news.de\/de\/#\/schema\/person\/fb534a4e865501d8b3285208df34a9b5\",\"name\":\"rtnews\",\"image\":{\"@type\":\"ImageObject\",\"inLanguage\":\"de\",\"@id\":\"https:\/\/now-news.de\/de\/#\/schema\/person\/image\/\",\"url\":\"https:\/\/secure.gravatar.com\/avatar\/82aafea7d8127119dd649515f56e2117?s=96&d=mm&r=g\",\"contentUrl\":\"https:\/\/secure.gravatar.com\/avatar\/82aafea7d8127119dd649515f56e2117?s=96&d=mm&r=g\",\"caption\":\"rtnews\"},\"url\":\"https:\/\/now-news.de\/de\/author\/rnews\/\"}]}<\/script>\n<!-- \/ Yoast SEO Premium plugin. -->","yoast_head_json":{"title":"Erdo\u011fan zu Erdgaskrise: &quot;Europa erntet, was es s\u00e4t&quot; - just-now.NEWS Deutschland","robots":{"index":"index","follow":"follow","max-snippet":"max-snippet:-1","max-image-preview":"max-image-preview:large","max-video-preview":"max-video-preview:-1"},"canonical":"https:\/\/now-news.de\/de\/deutschland\/erdogan-zu-erdgaskrise-europa-erntet-was-es-saet\/","og_locale":"de_DE","og_type":"article","og_title":"Erdo\u011fan zu Erdgaskrise: &quot;Europa erntet, was es s\u00e4t&quot;","og_description":"Der t\u00fcrkische Pr\u00e4sident Recep Tayyip Erdo\u011fan hat am Dienstag auf einer Pressekonferenz in Ankara gewarnt, dass der bevorstehende Winter sich f\u00fcr die europ\u00e4ischen Staaten als hart erweisen k\u00f6nnte. Diese Staaten seien selbst daran schuld. Vor Journalisten sagte der t\u00fcrkische Staatschef in Bezug auf die Erdgasknappheit: &#8220;Europa erntet, was es s\u00e4t.&#8221; Die Haltung der L\u00e4nder gegen\u00fcber [&hellip;]","og_url":"https:\/\/now-news.de\/de\/deutschland\/erdogan-zu-erdgaskrise-europa-erntet-was-es-saet\/","og_site_name":"just-now.NEWS Deutschland","article_publisher":"https:\/\/www.facebook.com\/wirmachenauf","article_published_time":"2022-09-06T20:20:04+00:00","og_image":[{"width":460,"height":259,"url":"https:\/\/now-news.de\/de\/wp-content\/uploads\/sites\/3\/2022\/09\/Erdogan-zu-Erdgaskrise-quotEuropa-erntet-was-es-saetquot.jpeg","type":"image\/jpeg"}],"author":"rtnews","twitter_card":"summary_large_image","twitter_creator":"@WirMachenAuf_de","twitter_site":"@WirMachenAuf_de","twitter_misc":{"Verfasst von":"rtnews","Gesch\u00e4tzte Lesezeit":"2\u00a0Minuten"},"schema":{"@context":"https:\/\/schema.org","@graph":[{"@type":"Article","@id":"https:\/\/now-news.de\/de\/deutschland\/erdogan-zu-erdgaskrise-europa-erntet-was-es-saet\/#article","isPartOf":{"@id":"https:\/\/now-news.de\/de\/deutschland\/erdogan-zu-erdgaskrise-europa-erntet-was-es-saet\/"},"author":{"name":"rtnews","@id":"https:\/\/now-news.de\/de\/#\/schema\/person\/fb534a4e865501d8b3285208df34a9b5"},"headline":"Erdo\u011fan zu Erdgaskrise: &quot;Europa erntet, was es s\u00e4t&quot;","datePublished":"2022-09-06T20:20:04+00:00","dateModified":"2022-09-06T20:20:04+00:00","mainEntityOfPage":{"@id":"https:\/\/now-news.de\/de\/deutschland\/erdogan-zu-erdgaskrise-europa-erntet-was-es-saet\/"},"wordCount":344,"commentCount":0,"publisher":{"@id":"https:\/\/now-news.de\/de\/#organization"},"image":{"@id":"https:\/\/now-news.de\/de\/deutschland\/erdogan-zu-erdgaskrise-europa-erntet-was-es-saet\/#primaryimage"},"thumbnailUrl":"https:\/\/now-news.de\/de\/wp-content\/uploads\/sites\/3\/2022\/09\/Erdogan-zu-Erdgaskrise-quotEuropa-erntet-was-es-saetquot.jpeg","keywords":["Erdgaskrise","Erdo\u011fan","erntet","quotEuropa","s\u00e4tquot"],"articleSection":["Deutschland","Russland"],"inLanguage":"de","potentialAction":[{"@type":"CommentAction","name":"Comment","target":["https:\/\/now-news.de\/de\/deutschland\/erdogan-zu-erdgaskrise-europa-erntet-was-es-saet\/#respond"]}]},{"@type":"WebPage","@id":"https:\/\/now-news.de\/de\/deutschland\/erdogan-zu-erdgaskrise-europa-erntet-was-es-saet\/","url":"https:\/\/now-news.de\/de\/deutschland\/erdogan-zu-erdgaskrise-europa-erntet-was-es-saet\/","name":"Erdo\u011fan zu Erdgaskrise: &quot;Europa erntet, was es s\u00e4t&quot; - just-now.NEWS Deutschland","isPartOf":{"@id":"https:\/\/now-news.de\/de\/#website"},"primaryImageOfPage":{"@id":"https:\/\/now-news.de\/de\/deutschland\/erdogan-zu-erdgaskrise-europa-erntet-was-es-saet\/#primaryimage"},"image":{"@id":"https:\/\/now-news.de\/de\/deutschland\/erdogan-zu-erdgaskrise-europa-erntet-was-es-saet\/#primaryimage"},"thumbnailUrl":"https:\/\/now-news.de\/de\/wp-content\/uploads\/sites\/3\/2022\/09\/Erdogan-zu-Erdgaskrise-quotEuropa-erntet-was-es-saetquot.jpeg","datePublished":"2022-09-06T20:20:04+00:00","dateModified":"2022-09-06T20:20:04+00:00","breadcrumb":{"@id":"https:\/\/now-news.de\/de\/deutschland\/erdogan-zu-erdgaskrise-europa-erntet-was-es-saet\/#breadcrumb"},"inLanguage":"de","potentialAction":[{"@type":"ReadAction","target":["https:\/\/now-news.de\/de\/deutschland\/erdogan-zu-erdgaskrise-europa-erntet-was-es-saet\/"]}]},{"@type":"ImageObject","inLanguage":"de","@id":"https:\/\/now-news.de\/de\/deutschland\/erdogan-zu-erdgaskrise-europa-erntet-was-es-saet\/#primaryimage","url":"https:\/\/now-news.de\/de\/wp-content\/uploads\/sites\/3\/2022\/09\/Erdogan-zu-Erdgaskrise-quotEuropa-erntet-was-es-saetquot.jpeg","contentUrl":"https:\/\/now-news.de\/de\/wp-content\/uploads\/sites\/3\/2022\/09\/Erdogan-zu-Erdgaskrise-quotEuropa-erntet-was-es-saetquot.jpeg","width":460,"height":259,"caption":"Erdo\u011fan zu Erdgaskrise: &quot;Europa erntet, was es s\u00e4t&quot;"},{"@type":"BreadcrumbList","@id":"https:\/\/now-news.de\/de\/deutschland\/erdogan-zu-erdgaskrise-europa-erntet-was-es-saet\/#breadcrumb","itemListElement":[{"@type":"ListItem","position":1,"name":"Home","item":"https:\/\/now-news.de\/de\/"},{"@type":"ListItem","position":2,"name":"Erdo\u011fan zu Erdgaskrise: &quot;Europa erntet, was es s\u00e4t&quot;"}]},{"@type":"WebSite","@id":"https:\/\/now-news.de\/de\/#website","url":"https:\/\/now-news.de\/de\/","name":"just-now.NEWS Deutschland","description":"Das Portal f\u00fcr unzensierte Nachrichten aus der Welt","publisher":{"@id":"https:\/\/now-news.de\/de\/#organization"},"potentialAction":[{"@type":"SearchAction","target":{"@type":"EntryPoint","urlTemplate":"https:\/\/now-news.de\/de\/?s={search_term_string}"},"query-input":"required name=search_term_string"}],"inLanguage":"de"},{"@type":"Organization","@id":"https:\/\/now-news.de\/de\/#organization","name":"Just Now News","url":"https:\/\/now-news.de\/de\/","logo":{"@type":"ImageObject","inLanguage":"de","@id":"https:\/\/now-news.de\/de\/#\/schema\/logo\/image\/","url":"http:\/\/just-now.news\/de\/wp-content\/uploads\/sites\/3\/2022\/04\/logo500x500.jpg","contentUrl":"http:\/\/just-now.news\/de\/wp-content\/uploads\/sites\/3\/2022\/04\/logo500x500.jpg","width":500,"height":500,"caption":"Just Now News"},"image":{"@id":"https:\/\/now-news.de\/de\/#\/schema\/logo\/image\/"},"sameAs":["https:\/\/www.facebook.com\/wirmachenauf","https:\/\/x.com\/WirMachenAuf_de"]},{"@type":"Person","@id":"https:\/\/now-news.de\/de\/#\/schema\/person\/fb534a4e865501d8b3285208df34a9b5","name":"rtnews","image":{"@type":"ImageObject","inLanguage":"de","@id":"https:\/\/now-news.de\/de\/#\/schema\/person\/image\/","url":"https:\/\/secure.gravatar.com\/avatar\/82aafea7d8127119dd649515f56e2117?s=96&d=mm&r=g","contentUrl":"https:\/\/secure.gravatar.com\/avatar\/82aafea7d8127119dd649515f56e2117?s=96&d=mm&r=g","caption":"rtnews"},"url":"https:\/\/now-news.de\/de\/author\/rnews\/"}]}},"_links":{"self":[{"href":"https:\/\/now-news.de\/de\/wp-json\/wp\/v2\/posts\/18555"}],"collection":[{"href":"https:\/\/now-news.de\/de\/wp-json\/wp\/v2\/posts"}],"about":[{"href":"https:\/\/now-news.de\/de\/wp-json\/wp\/v2\/types\/post"}],"author":[{"embeddable":true,"href":"https:\/\/now-news.de\/de\/wp-json\/wp\/v2\/users\/3"}],"replies":[{"embeddable":true,"href":"https:\/\/now-news.de\/de\/wp-json\/wp\/v2\/comments?post=18555"}],"version-history":[{"count":0,"href":"https:\/\/now-news.de\/de\/wp-json\/wp\/v2\/posts\/18555\/revisions"}],"wp:featuredmedia":[{"embeddable":true,"href":"https:\/\/now-news.de\/de\/wp-json\/wp\/v2\/media\/18556"}],"wp:attachment":[{"href":"https:\/\/now-news.de\/de\/wp-json\/wp\/v2\/media?parent=18555"}],"wp:term":[{"taxonomy":"category","embeddable":true,"href":"https:\/\/now-news.de\/de\/wp-json\/wp\/v2\/categories?post=18555"},{"taxonomy":"post_tag","embeddable":true,"href":"https:\/\/now-news.de\/de\/wp-json\/wp\/v2\/tags?post=18555"}],"curies":[{"name":"wp","href":"https:\/\/api.w.org\/{rel}","templated":true}]}}