{"id":18549,"date":"2022-09-06T20:43:08","date_gmt":"2022-09-06T18:43:08","guid":{"rendered":"http:\/\/just-now.news\/de\/deutschland\/im-vorfeld-seiner-reise-auf-den-balkan-erdogan-droht-griechenland-mit-krieg\/"},"modified":"2022-09-06T20:43:08","modified_gmt":"2022-09-06T18:43:08","slug":"im-vorfeld-seiner-reise-auf-den-balkan-erdogan-droht-griechenland-mit-krieg","status":"publish","type":"post","link":"https:\/\/now-news.de\/de\/deutschland\/im-vorfeld-seiner-reise-auf-den-balkan-erdogan-droht-griechenland-mit-krieg\/","title":{"rendered":"Im Vorfeld seiner Reise auf den Balkan: Erdo\u011fan droht Griechenland mit Krieg"},"content":{"rendered":"<p><img decoding=\"async\" src=\"http:\/\/just-now.news\/de\/wp-content\/uploads\/sites\/3\/2022\/09\/63174b91b480cc5b4156f179.jpg\" \/><\/p>\n<p>Seit Monaten schwelt ein Streit zwischen der T\u00fcrkei und Griechenland \u00fcber die Grenzziehungen im Mittelmeer. Vor Kurzem versch\u00e4rfte sich die Lage, nachdem Griechenland ein t\u00fcrkisches Kampfflugzeug auf einem Patrouillenflug durch ein\u00a0auf der Insel Kreta stationiertes\u00a0Flugabwehrsystem anvisiert hatte.<\/p>\n<p>Der t\u00fcrkische Pr\u00e4sident Recep Tayyip Erdo\u011fan drohte Athen am Wochenende wegen dieses Vorfalls und erkl\u00e4rte, wenn Griechenland zu weit gehe, werde es einen hohen Preis zahlen.\u00a0&#8220;Wir k\u00f6nnen mitten in der Nacht kommen. Dass ihr die Inseln besetzt, wird uns nicht hindern&#8221;, fuhr er fort und stellte damit Souver\u00e4nit\u00e4t Athens \u00fcber mehrere Inseln im Mittelmeer in Frage.<\/p>\n<p>Athen kommentierte den Vorfall zun\u00e4chst nicht. Am Montag legte Erdo\u011fan\u00a0nach und sagte im\u00a0Vorfeld seiner Balkan-Tour, Griechenland k\u00f6nne der T\u00fcrkei weder politisch, wirtschaftlich noch milit\u00e4risch das Wasser reichen. Zum Vorgehen\u00a0Griechenlands gegen t\u00fcrkische Flugzeuge \u00fcber dem Mittelmeer sagte Erdo\u011fan, dass die Gespr\u00e4che Ankaras mit der NATO andauern.<\/p>\n<p>&#8220;In der Frage der j\u00fcngsten Freischaltung der Abwehrsysteme Griechenlands (zum Erfassen des t\u00fcrkischen Jets \u00fcber dem Mittelmeer) bleibt die Sensibilit\u00e4t der T\u00fcrkei mit Entschlossenheit bestehen.&#8221; Griechenland sei sich dessen bewusst und habe\u00a0sich daher entschlossen, die kritische Situation zu bereinigen, erkl\u00e4rte Erdo\u011fan in der Hauptstadt Ankara, bevor er zu einer Balkanreise durch drei L\u00e4nder \u2013 Bosnien-Herzegowina, Serbien und Kroatien \u2013 aufbrach.\u00a0Erdo\u011fan\u00a0verurteilte die &#8220;Doppelmoral&#8221; der US-Politik im Umgang mit dem Import schwerer russischer Waffen gegen\u00fcber der T\u00fcrkei und Griechenland.<\/p>\n<p data-team-paragraph=\"\" data-nzz-article-component=\"\">Das Au\u00dfenministerium in Athen erkl\u00e4rte auf Erdo\u011fans Rede, dass man sich nicht am rhetorischen Wettr\u00fcsten beteiligen werde, und unterrichtete stattdessen die EU, die\u00a0NATO und die UNO \u00fcber die Drohungen aus Ankara.<\/p>\n<p data-team-paragraph=\"\" data-nzz-article-component=\"\">Bei der j\u00fcngsten Eskalation geht es vordergr\u00fcndig um die griechische Milit\u00e4rpr\u00e4senz auf den ost\u00e4g\u00e4ischen Inseln, von denen einige nur wenige Kilometer vor der t\u00fcrkischen K\u00fcste liegen. Ankara fordert mit Verweis auf den Vertrag von Lausanne aus dem Jahr 1923 seit Langem deren Demilitarisierung.\u00a0Griechenland hat aber schon begonnen,\u00a0die griechischen Inseln in der \u00f6stlichen \u00c4g\u00e4is zu militarisieren.<\/p>\n<p data-team-paragraph=\"\" data-nzz-article-component=\"\"><strong>Mehr zum Thema<\/strong> &#8211; <a rel=\"nofollow noopener\" target=\"_blank\" href=\"https:\/\/rtde.site\/meinung\/147053-westen-setzt-tuerkei-unter-druck\/\">Westen setzt T\u00fcrkei unter Druck: Konfrontation mit Russland oder aufger\u00fcstetes Griechenland<\/a><\/p>\n<div class=\"EmbedBlock-root EmbedBlock-externalVideo EmbedBlock-vk\">\n<div class=\"VkEmbed\"><\/div><\/div>\n<p><br \/>\n<br \/><a href=\"https:\/\/de.rt.com\/international\/148148-im-vorfeld-seiner-reise-auf\/\">Source link <\/a><\/p>\n","protected":false},"excerpt":{"rendered":"<p>Seit Monaten schwelt ein Streit zwischen der T\u00fcrkei und Griechenland \u00fcber die Grenzziehungen im Mittelmeer. Vor Kurzem versch\u00e4rfte sich die Lage, nachdem Griechenland ein t\u00fcrkisches Kampfflugzeug auf einem Patrouillenflug durch ein\u00a0auf der Insel Kreta stationiertes\u00a0Flugabwehrsystem anvisiert hatte. Der t\u00fcrkische Pr\u00e4sident Recep Tayyip Erdo\u011fan drohte Athen am Wochenende wegen dieses Vorfalls und erkl\u00e4rte, wenn Griechenland zu [&hellip;]<\/p>\n","protected":false},"author":3,"featured_media":18550,"comment_status":"open","ping_status":"open","sticky":false,"template":"","format":"standard","meta":{"wp_automatic_camp":["217"],"735ef3f1af163582a1470694ad012636":["Im Vorfeld seiner Reise auf den Balkan: Erdo\u011fan droht Griechenland mit Krieg"],"original_link":["https:\/\/de.rt.com\/international\/148148-im-vorfeld-seiner-reise-auf\/"],"_thumbnail_id":["18550"],"_wptg_p2tg_sent2tg":["2022-09-06 20:46:52"],"jnews_social_counter_last_update":["1777204150"]},"categories":[19,23],"tags":[133,28537,48,44,13697,22004,130,419,3938,1607,4833],"yoast_head":"<!-- This site is optimized with the Yoast SEO Premium plugin v22.7 (Yoast SEO v22.7) - https:\/\/yoast.com\/wordpress\/plugins\/seo\/ -->\n<title>Im Vorfeld seiner Reise auf den Balkan: Erdo\u011fan droht Griechenland mit Krieg - just-now.NEWS Deutschland<\/title>\n<meta name=\"robots\" content=\"index, follow, max-snippet:-1, max-image-preview:large, max-video-preview:-1\" \/>\n<link rel=\"canonical\" href=\"https:\/\/now-news.de\/de\/deutschland\/im-vorfeld-seiner-reise-auf-den-balkan-erdogan-droht-griechenland-mit-krieg\/\" \/>\n<meta property=\"og:locale\" content=\"de_DE\" \/>\n<meta property=\"og:type\" content=\"article\" \/>\n<meta property=\"og:title\" content=\"Im Vorfeld seiner Reise auf den Balkan: Erdo\u011fan droht Griechenland mit Krieg\" \/>\n<meta property=\"og:description\" content=\"Seit Monaten schwelt ein Streit zwischen der T\u00fcrkei und Griechenland \u00fcber die Grenzziehungen im Mittelmeer. Vor Kurzem versch\u00e4rfte sich die Lage, nachdem Griechenland ein t\u00fcrkisches Kampfflugzeug auf einem Patrouillenflug durch ein\u00a0auf der Insel Kreta stationiertes\u00a0Flugabwehrsystem anvisiert hatte. Der t\u00fcrkische Pr\u00e4sident Recep Tayyip Erdo\u011fan drohte Athen am Wochenende wegen dieses Vorfalls und erkl\u00e4rte, wenn Griechenland zu [&hellip;]\" \/>\n<meta property=\"og:url\" content=\"https:\/\/now-news.de\/de\/deutschland\/im-vorfeld-seiner-reise-auf-den-balkan-erdogan-droht-griechenland-mit-krieg\/\" \/>\n<meta property=\"og:site_name\" content=\"just-now.NEWS Deutschland\" \/>\n<meta property=\"article:publisher\" content=\"https:\/\/www.facebook.com\/wirmachenauf\" \/>\n<meta property=\"article:published_time\" content=\"2022-09-06T18:43:08+00:00\" \/>\n<meta property=\"og:image\" content=\"https:\/\/now-news.de\/de\/wp-content\/uploads\/sites\/3\/2022\/09\/Im-Vorfeld-seiner-Reise-auf-den-Balkan-Erdogan-droht-Griechenland.jpg\" \/>\n\t<meta property=\"og:image:width\" content=\"460\" \/>\n\t<meta property=\"og:image:height\" content=\"259\" \/>\n\t<meta property=\"og:image:type\" content=\"image\/jpeg\" \/>\n<meta name=\"author\" content=\"rtnews\" \/>\n<meta name=\"twitter:card\" content=\"summary_large_image\" \/>\n<meta name=\"twitter:creator\" content=\"@WirMachenAuf_de\" \/>\n<meta name=\"twitter:site\" content=\"@WirMachenAuf_de\" \/>\n<meta name=\"twitter:label1\" content=\"Verfasst von\" \/>\n\t<meta name=\"twitter:data1\" content=\"rtnews\" \/>\n\t<meta name=\"twitter:label2\" content=\"Gesch\u00e4tzte Lesezeit\" \/>\n\t<meta name=\"twitter:data2\" content=\"2\u00a0Minuten\" \/>\n<script type=\"application\/ld+json\" class=\"yoast-schema-graph\">{\"@context\":\"https:\/\/schema.org\",\"@graph\":[{\"@type\":\"Article\",\"@id\":\"https:\/\/now-news.de\/de\/deutschland\/im-vorfeld-seiner-reise-auf-den-balkan-erdogan-droht-griechenland-mit-krieg\/#article\",\"isPartOf\":{\"@id\":\"https:\/\/now-news.de\/de\/deutschland\/im-vorfeld-seiner-reise-auf-den-balkan-erdogan-droht-griechenland-mit-krieg\/\"},\"author\":{\"name\":\"rtnews\",\"@id\":\"https:\/\/now-news.de\/de\/#\/schema\/person\/fb534a4e865501d8b3285208df34a9b5\"},\"headline\":\"Im Vorfeld seiner Reise auf den Balkan: Erdo\u011fan droht Griechenland mit Krieg\",\"datePublished\":\"2022-09-06T18:43:08+00:00\",\"dateModified\":\"2022-09-06T18:43:08+00:00\",\"mainEntityOfPage\":{\"@id\":\"https:\/\/now-news.de\/de\/deutschland\/im-vorfeld-seiner-reise-auf-den-balkan-erdogan-droht-griechenland-mit-krieg\/\"},\"wordCount\":384,\"commentCount\":0,\"publisher\":{\"@id\":\"https:\/\/now-news.de\/de\/#organization\"},\"image\":{\"@id\":\"https:\/\/now-news.de\/de\/deutschland\/im-vorfeld-seiner-reise-auf-den-balkan-erdogan-droht-griechenland-mit-krieg\/#primaryimage\"},\"thumbnailUrl\":\"https:\/\/now-news.de\/de\/wp-content\/uploads\/sites\/3\/2022\/09\/Im-Vorfeld-seiner-Reise-auf-den-Balkan-Erdogan-droht-Griechenland.jpg\",\"keywords\":[\"AUF\",\"Balkan\",\"den\",\"droht\",\"Erdo\u011fan\",\"Griechenland\",\"krieg\",\"mit\",\"Reise\",\"seiner\",\"Vorfeld\"],\"articleSection\":[\"Deutschland\",\"Russland\"],\"inLanguage\":\"de\",\"potentialAction\":[{\"@type\":\"CommentAction\",\"name\":\"Comment\",\"target\":[\"https:\/\/now-news.de\/de\/deutschland\/im-vorfeld-seiner-reise-auf-den-balkan-erdogan-droht-griechenland-mit-krieg\/#respond\"]}]},{\"@type\":\"WebPage\",\"@id\":\"https:\/\/now-news.de\/de\/deutschland\/im-vorfeld-seiner-reise-auf-den-balkan-erdogan-droht-griechenland-mit-krieg\/\",\"url\":\"https:\/\/now-news.de\/de\/deutschland\/im-vorfeld-seiner-reise-auf-den-balkan-erdogan-droht-griechenland-mit-krieg\/\",\"name\":\"Im Vorfeld seiner Reise auf den Balkan: Erdo\u011fan droht Griechenland mit Krieg - just-now.NEWS Deutschland\",\"isPartOf\":{\"@id\":\"https:\/\/now-news.de\/de\/#website\"},\"primaryImageOfPage\":{\"@id\":\"https:\/\/now-news.de\/de\/deutschland\/im-vorfeld-seiner-reise-auf-den-balkan-erdogan-droht-griechenland-mit-krieg\/#primaryimage\"},\"image\":{\"@id\":\"https:\/\/now-news.de\/de\/deutschland\/im-vorfeld-seiner-reise-auf-den-balkan-erdogan-droht-griechenland-mit-krieg\/#primaryimage\"},\"thumbnailUrl\":\"https:\/\/now-news.de\/de\/wp-content\/uploads\/sites\/3\/2022\/09\/Im-Vorfeld-seiner-Reise-auf-den-Balkan-Erdogan-droht-Griechenland.jpg\",\"datePublished\":\"2022-09-06T18:43:08+00:00\",\"dateModified\":\"2022-09-06T18:43:08+00:00\",\"breadcrumb\":{\"@id\":\"https:\/\/now-news.de\/de\/deutschland\/im-vorfeld-seiner-reise-auf-den-balkan-erdogan-droht-griechenland-mit-krieg\/#breadcrumb\"},\"inLanguage\":\"de\",\"potentialAction\":[{\"@type\":\"ReadAction\",\"target\":[\"https:\/\/now-news.de\/de\/deutschland\/im-vorfeld-seiner-reise-auf-den-balkan-erdogan-droht-griechenland-mit-krieg\/\"]}]},{\"@type\":\"ImageObject\",\"inLanguage\":\"de\",\"@id\":\"https:\/\/now-news.de\/de\/deutschland\/im-vorfeld-seiner-reise-auf-den-balkan-erdogan-droht-griechenland-mit-krieg\/#primaryimage\",\"url\":\"https:\/\/now-news.de\/de\/wp-content\/uploads\/sites\/3\/2022\/09\/Im-Vorfeld-seiner-Reise-auf-den-Balkan-Erdogan-droht-Griechenland.jpg\",\"contentUrl\":\"https:\/\/now-news.de\/de\/wp-content\/uploads\/sites\/3\/2022\/09\/Im-Vorfeld-seiner-Reise-auf-den-Balkan-Erdogan-droht-Griechenland.jpg\",\"width\":460,\"height\":259,\"caption\":\"Im Vorfeld seiner Reise auf den Balkan: Erdo\u011fan droht Griechenland mit Krieg\"},{\"@type\":\"BreadcrumbList\",\"@id\":\"https:\/\/now-news.de\/de\/deutschland\/im-vorfeld-seiner-reise-auf-den-balkan-erdogan-droht-griechenland-mit-krieg\/#breadcrumb\",\"itemListElement\":[{\"@type\":\"ListItem\",\"position\":1,\"name\":\"Home\",\"item\":\"https:\/\/now-news.de\/de\/\"},{\"@type\":\"ListItem\",\"position\":2,\"name\":\"Im Vorfeld seiner Reise auf den Balkan: Erdo\u011fan droht Griechenland mit Krieg\"}]},{\"@type\":\"WebSite\",\"@id\":\"https:\/\/now-news.de\/de\/#website\",\"url\":\"https:\/\/now-news.de\/de\/\",\"name\":\"just-now.NEWS Deutschland\",\"description\":\"Das Portal f\u00fcr unzensierte Nachrichten aus der Welt\",\"publisher\":{\"@id\":\"https:\/\/now-news.de\/de\/#organization\"},\"potentialAction\":[{\"@type\":\"SearchAction\",\"target\":{\"@type\":\"EntryPoint\",\"urlTemplate\":\"https:\/\/now-news.de\/de\/?s={search_term_string}\"},\"query-input\":\"required name=search_term_string\"}],\"inLanguage\":\"de\"},{\"@type\":\"Organization\",\"@id\":\"https:\/\/now-news.de\/de\/#organization\",\"name\":\"Just Now News\",\"url\":\"https:\/\/now-news.de\/de\/\",\"logo\":{\"@type\":\"ImageObject\",\"inLanguage\":\"de\",\"@id\":\"https:\/\/now-news.de\/de\/#\/schema\/logo\/image\/\",\"url\":\"http:\/\/just-now.news\/de\/wp-content\/uploads\/sites\/3\/2022\/04\/logo500x500.jpg\",\"contentUrl\":\"http:\/\/just-now.news\/de\/wp-content\/uploads\/sites\/3\/2022\/04\/logo500x500.jpg\",\"width\":500,\"height\":500,\"caption\":\"Just Now News\"},\"image\":{\"@id\":\"https:\/\/now-news.de\/de\/#\/schema\/logo\/image\/\"},\"sameAs\":[\"https:\/\/www.facebook.com\/wirmachenauf\",\"https:\/\/x.com\/WirMachenAuf_de\"]},{\"@type\":\"Person\",\"@id\":\"https:\/\/now-news.de\/de\/#\/schema\/person\/fb534a4e865501d8b3285208df34a9b5\",\"name\":\"rtnews\",\"image\":{\"@type\":\"ImageObject\",\"inLanguage\":\"de\",\"@id\":\"https:\/\/now-news.de\/de\/#\/schema\/person\/image\/\",\"url\":\"https:\/\/secure.gravatar.com\/avatar\/82aafea7d8127119dd649515f56e2117?s=96&d=mm&r=g\",\"contentUrl\":\"https:\/\/secure.gravatar.com\/avatar\/82aafea7d8127119dd649515f56e2117?s=96&d=mm&r=g\",\"caption\":\"rtnews\"},\"url\":\"https:\/\/now-news.de\/de\/author\/rnews\/\"}]}<\/script>\n<!-- \/ Yoast SEO Premium plugin. -->","yoast_head_json":{"title":"Im Vorfeld seiner Reise auf den Balkan: Erdo\u011fan droht Griechenland mit Krieg - just-now.NEWS Deutschland","robots":{"index":"index","follow":"follow","max-snippet":"max-snippet:-1","max-image-preview":"max-image-preview:large","max-video-preview":"max-video-preview:-1"},"canonical":"https:\/\/now-news.de\/de\/deutschland\/im-vorfeld-seiner-reise-auf-den-balkan-erdogan-droht-griechenland-mit-krieg\/","og_locale":"de_DE","og_type":"article","og_title":"Im Vorfeld seiner Reise auf den Balkan: Erdo\u011fan droht Griechenland mit Krieg","og_description":"Seit Monaten schwelt ein Streit zwischen der T\u00fcrkei und Griechenland \u00fcber die Grenzziehungen im Mittelmeer. Vor Kurzem versch\u00e4rfte sich die Lage, nachdem Griechenland ein t\u00fcrkisches Kampfflugzeug auf einem Patrouillenflug durch ein\u00a0auf der Insel Kreta stationiertes\u00a0Flugabwehrsystem anvisiert hatte. Der t\u00fcrkische Pr\u00e4sident Recep Tayyip Erdo\u011fan drohte Athen am Wochenende wegen dieses Vorfalls und erkl\u00e4rte, wenn Griechenland zu [&hellip;]","og_url":"https:\/\/now-news.de\/de\/deutschland\/im-vorfeld-seiner-reise-auf-den-balkan-erdogan-droht-griechenland-mit-krieg\/","og_site_name":"just-now.NEWS Deutschland","article_publisher":"https:\/\/www.facebook.com\/wirmachenauf","article_published_time":"2022-09-06T18:43:08+00:00","og_image":[{"width":460,"height":259,"url":"https:\/\/now-news.de\/de\/wp-content\/uploads\/sites\/3\/2022\/09\/Im-Vorfeld-seiner-Reise-auf-den-Balkan-Erdogan-droht-Griechenland.jpg","type":"image\/jpeg"}],"author":"rtnews","twitter_card":"summary_large_image","twitter_creator":"@WirMachenAuf_de","twitter_site":"@WirMachenAuf_de","twitter_misc":{"Verfasst von":"rtnews","Gesch\u00e4tzte Lesezeit":"2\u00a0Minuten"},"schema":{"@context":"https:\/\/schema.org","@graph":[{"@type":"Article","@id":"https:\/\/now-news.de\/de\/deutschland\/im-vorfeld-seiner-reise-auf-den-balkan-erdogan-droht-griechenland-mit-krieg\/#article","isPartOf":{"@id":"https:\/\/now-news.de\/de\/deutschland\/im-vorfeld-seiner-reise-auf-den-balkan-erdogan-droht-griechenland-mit-krieg\/"},"author":{"name":"rtnews","@id":"https:\/\/now-news.de\/de\/#\/schema\/person\/fb534a4e865501d8b3285208df34a9b5"},"headline":"Im Vorfeld seiner Reise auf den Balkan: Erdo\u011fan droht Griechenland mit Krieg","datePublished":"2022-09-06T18:43:08+00:00","dateModified":"2022-09-06T18:43:08+00:00","mainEntityOfPage":{"@id":"https:\/\/now-news.de\/de\/deutschland\/im-vorfeld-seiner-reise-auf-den-balkan-erdogan-droht-griechenland-mit-krieg\/"},"wordCount":384,"commentCount":0,"publisher":{"@id":"https:\/\/now-news.de\/de\/#organization"},"image":{"@id":"https:\/\/now-news.de\/de\/deutschland\/im-vorfeld-seiner-reise-auf-den-balkan-erdogan-droht-griechenland-mit-krieg\/#primaryimage"},"thumbnailUrl":"https:\/\/now-news.de\/de\/wp-content\/uploads\/sites\/3\/2022\/09\/Im-Vorfeld-seiner-Reise-auf-den-Balkan-Erdogan-droht-Griechenland.jpg","keywords":["AUF","Balkan","den","droht","Erdo\u011fan","Griechenland","krieg","mit","Reise","seiner","Vorfeld"],"articleSection":["Deutschland","Russland"],"inLanguage":"de","potentialAction":[{"@type":"CommentAction","name":"Comment","target":["https:\/\/now-news.de\/de\/deutschland\/im-vorfeld-seiner-reise-auf-den-balkan-erdogan-droht-griechenland-mit-krieg\/#respond"]}]},{"@type":"WebPage","@id":"https:\/\/now-news.de\/de\/deutschland\/im-vorfeld-seiner-reise-auf-den-balkan-erdogan-droht-griechenland-mit-krieg\/","url":"https:\/\/now-news.de\/de\/deutschland\/im-vorfeld-seiner-reise-auf-den-balkan-erdogan-droht-griechenland-mit-krieg\/","name":"Im Vorfeld seiner Reise auf den Balkan: Erdo\u011fan droht Griechenland mit Krieg - just-now.NEWS Deutschland","isPartOf":{"@id":"https:\/\/now-news.de\/de\/#website"},"primaryImageOfPage":{"@id":"https:\/\/now-news.de\/de\/deutschland\/im-vorfeld-seiner-reise-auf-den-balkan-erdogan-droht-griechenland-mit-krieg\/#primaryimage"},"image":{"@id":"https:\/\/now-news.de\/de\/deutschland\/im-vorfeld-seiner-reise-auf-den-balkan-erdogan-droht-griechenland-mit-krieg\/#primaryimage"},"thumbnailUrl":"https:\/\/now-news.de\/de\/wp-content\/uploads\/sites\/3\/2022\/09\/Im-Vorfeld-seiner-Reise-auf-den-Balkan-Erdogan-droht-Griechenland.jpg","datePublished":"2022-09-06T18:43:08+00:00","dateModified":"2022-09-06T18:43:08+00:00","breadcrumb":{"@id":"https:\/\/now-news.de\/de\/deutschland\/im-vorfeld-seiner-reise-auf-den-balkan-erdogan-droht-griechenland-mit-krieg\/#breadcrumb"},"inLanguage":"de","potentialAction":[{"@type":"ReadAction","target":["https:\/\/now-news.de\/de\/deutschland\/im-vorfeld-seiner-reise-auf-den-balkan-erdogan-droht-griechenland-mit-krieg\/"]}]},{"@type":"ImageObject","inLanguage":"de","@id":"https:\/\/now-news.de\/de\/deutschland\/im-vorfeld-seiner-reise-auf-den-balkan-erdogan-droht-griechenland-mit-krieg\/#primaryimage","url":"https:\/\/now-news.de\/de\/wp-content\/uploads\/sites\/3\/2022\/09\/Im-Vorfeld-seiner-Reise-auf-den-Balkan-Erdogan-droht-Griechenland.jpg","contentUrl":"https:\/\/now-news.de\/de\/wp-content\/uploads\/sites\/3\/2022\/09\/Im-Vorfeld-seiner-Reise-auf-den-Balkan-Erdogan-droht-Griechenland.jpg","width":460,"height":259,"caption":"Im Vorfeld seiner Reise auf den Balkan: Erdo\u011fan droht Griechenland mit Krieg"},{"@type":"BreadcrumbList","@id":"https:\/\/now-news.de\/de\/deutschland\/im-vorfeld-seiner-reise-auf-den-balkan-erdogan-droht-griechenland-mit-krieg\/#breadcrumb","itemListElement":[{"@type":"ListItem","position":1,"name":"Home","item":"https:\/\/now-news.de\/de\/"},{"@type":"ListItem","position":2,"name":"Im Vorfeld seiner Reise auf den Balkan: Erdo\u011fan droht Griechenland mit Krieg"}]},{"@type":"WebSite","@id":"https:\/\/now-news.de\/de\/#website","url":"https:\/\/now-news.de\/de\/","name":"just-now.NEWS Deutschland","description":"Das Portal f\u00fcr unzensierte Nachrichten aus der Welt","publisher":{"@id":"https:\/\/now-news.de\/de\/#organization"},"potentialAction":[{"@type":"SearchAction","target":{"@type":"EntryPoint","urlTemplate":"https:\/\/now-news.de\/de\/?s={search_term_string}"},"query-input":"required name=search_term_string"}],"inLanguage":"de"},{"@type":"Organization","@id":"https:\/\/now-news.de\/de\/#organization","name":"Just Now News","url":"https:\/\/now-news.de\/de\/","logo":{"@type":"ImageObject","inLanguage":"de","@id":"https:\/\/now-news.de\/de\/#\/schema\/logo\/image\/","url":"http:\/\/just-now.news\/de\/wp-content\/uploads\/sites\/3\/2022\/04\/logo500x500.jpg","contentUrl":"http:\/\/just-now.news\/de\/wp-content\/uploads\/sites\/3\/2022\/04\/logo500x500.jpg","width":500,"height":500,"caption":"Just Now News"},"image":{"@id":"https:\/\/now-news.de\/de\/#\/schema\/logo\/image\/"},"sameAs":["https:\/\/www.facebook.com\/wirmachenauf","https:\/\/x.com\/WirMachenAuf_de"]},{"@type":"Person","@id":"https:\/\/now-news.de\/de\/#\/schema\/person\/fb534a4e865501d8b3285208df34a9b5","name":"rtnews","image":{"@type":"ImageObject","inLanguage":"de","@id":"https:\/\/now-news.de\/de\/#\/schema\/person\/image\/","url":"https:\/\/secure.gravatar.com\/avatar\/82aafea7d8127119dd649515f56e2117?s=96&d=mm&r=g","contentUrl":"https:\/\/secure.gravatar.com\/avatar\/82aafea7d8127119dd649515f56e2117?s=96&d=mm&r=g","caption":"rtnews"},"url":"https:\/\/now-news.de\/de\/author\/rnews\/"}]}},"_links":{"self":[{"href":"https:\/\/now-news.de\/de\/wp-json\/wp\/v2\/posts\/18549"}],"collection":[{"href":"https:\/\/now-news.de\/de\/wp-json\/wp\/v2\/posts"}],"about":[{"href":"https:\/\/now-news.de\/de\/wp-json\/wp\/v2\/types\/post"}],"author":[{"embeddable":true,"href":"https:\/\/now-news.de\/de\/wp-json\/wp\/v2\/users\/3"}],"replies":[{"embeddable":true,"href":"https:\/\/now-news.de\/de\/wp-json\/wp\/v2\/comments?post=18549"}],"version-history":[{"count":0,"href":"https:\/\/now-news.de\/de\/wp-json\/wp\/v2\/posts\/18549\/revisions"}],"wp:featuredmedia":[{"embeddable":true,"href":"https:\/\/now-news.de\/de\/wp-json\/wp\/v2\/media\/18550"}],"wp:attachment":[{"href":"https:\/\/now-news.de\/de\/wp-json\/wp\/v2\/media?parent=18549"}],"wp:term":[{"taxonomy":"category","embeddable":true,"href":"https:\/\/now-news.de\/de\/wp-json\/wp\/v2\/categories?post=18549"},{"taxonomy":"post_tag","embeddable":true,"href":"https:\/\/now-news.de\/de\/wp-json\/wp\/v2\/tags?post=18549"}],"curies":[{"name":"wp","href":"https:\/\/api.w.org\/{rel}","templated":true}]}}