{"id":18541,"date":"2022-09-06T18:45:56","date_gmt":"2022-09-06T16:45:56","guid":{"rendered":"http:\/\/just-now.news\/de\/deutschland\/schweizer-regierung-droht-heiz-suendern-mit-knast\/"},"modified":"2022-09-06T18:45:56","modified_gmt":"2022-09-06T16:45:56","slug":"schweizer-regierung-droht-heiz-suendern-mit-knast","status":"publish","type":"post","link":"https:\/\/now-news.de\/de\/deutschland\/schweizer-regierung-droht-heiz-suendern-mit-knast\/","title":{"rendered":"Schweizer Regierung droht &quot;Heiz-S\u00fcndern&quot; mit Knast"},"content":{"rendered":"<p><img decoding=\"async\" src=\"http:\/\/just-now.news\/de\/wp-content\/uploads\/sites\/3\/2022\/09\/6317342cb480cc0c250fda25.jpg\" \/><\/p>\n<div class=\"Text-root Text-type_1 \">\n                Laut einem Bericht der Schweizer Tageszeitung &#8220;Blick&#8221; drohen in der Schweiz bei Verst\u00f6\u00dfen gegen die Gasverordnung bis zu drei Jahre Haft oder auch Geldstrafen. Gegen die sogenannten &#8220;Heiz-S\u00fcnder&#8221; soll es in den einzelnen Kantonen auch punktuelle Kontrollen geben.\n            <\/div>\n<p><\/p>\n<div class=\"Text-root Text-type_5 ArticleView-text ViewText-root \">\n<p>Laut einem Bericht der Schweizer Zeitung <em>Blick<\/em> will die Schweizer Regierung im Winter hart durchgreifen, wenn sich B\u00fcrger nicht an die Gasverordnung halten. Laut dieser d\u00fcrfen in mit Gas beheizten Geb\u00e4uden die Innenr\u00e4ume h\u00f6chstens auf 19 Grad gebracht werden. Warmwasser darf nur noch auf 60 Grad erw\u00e4rmt werden. Heizstrahler oder Warmluftzelte sind verboten. Saunas und Schwimmbecken m\u00fcssten kalt bleiben.<\/p>\n<p>Wer gegen die Vorgaben verst\u00f6\u00dft, dem droht eine Freiheits- oder Geldstrafe. Bei vors\u00e4tzlichem Handeln ist eine Freiheitsstrafe von bis zu drei Jahren oder Geldstrafe m\u00f6glich. Selbst bei fahrl\u00e4ssigen Verst\u00f6\u00dfen gegen die Ma\u00dfnahmen ist eine Geldstrafe von bis zu 180 Tagess\u00e4tzen denkbar. Das sieht das Bundesgesetz \u00fcber die wirtschaftliche Landesversorgung vor, auf das das Wirtschaftsdepartement (WBF) in einem amtlichen Dokument explizit verweist. WBF-Sprecher Markus Sp\u00f6rndli erkl\u00e4rte dem <em>Blick<\/em>:<\/p>\n<blockquote>\n<p><em>&#8220;Verst\u00f6\u00dfe gegen das Landesversorgungsgesetz sind stets Vergehen oder punktuell sogar Verbrechen und sind von Amtes wegen durch die Kantone zu verfolgen.&#8221;<\/em><\/p>\n<\/blockquote>\n<p>Weiter f\u00fchrte Sp\u00f6rndli gegen\u00fcber der Zeitung aus, dass Geldstrafen aber nicht zwingend h\u00f6her sein m\u00fcssten als Bu\u00dfen. Doch die Geldstrafen k\u00f6nnten per Strafbefehl von der Staatsanwaltschaft behandelt werden. So liegt der Tagessatz bei Geldstrafen in der Regel bei mindestens 30 Franken und maximal 3.000 Franken. &#8220;Die Anzahl Tagess\u00e4tze bestimmt sich nach dem Verschulden&#8221;, so Sp\u00f6rndli weiter zum <em>Blick<\/em>. Die H\u00f6he des Tagessatzes werde nach den pers\u00f6nlichen und wirtschaftlichen Verh\u00e4ltnissen der T\u00e4terschaft bestimmt.<\/p>\n<p>Auch Unternehmen k\u00f6nnten bestraft werden, wenn diese ihr Gaskontingent absichtlich \u00fcberziehen. Denn auch die Kontingentierungsverordnung unterliegt den Strafbestimmungen. Weiter berichtet der <em>Blick<\/em>, dass es punktuelle Kontrolle geben soll. Allerdings bewege sich die Regierung in einem &#8220;Graubereich&#8221;, denn schon allein die Frage, ob am richtigen Ort gemessen wird \u2013 an einer Au\u00dfenwand ist es tendenziell k\u00fchler als an einer Innenwand \u2013, k\u00f6nne die Gerichte besch\u00e4ftigen.<\/p>\n<p>Zudem komme nun auf die einzelnen Kantone eine gro\u00dfe Herausforderung zu. Der oberste Polizeidirektor der Schweiz, Fredy F\u00e4ssler (63), hatte schon im Vorfeld an die Bundesregierung appelliert, &#8220;nur Ma\u00dfnahmen anzuordnen, die umsetzbar und vor allem auch kontrollierbar sind&#8221;. F\u00e4ssler erkl\u00e4rte, er wolle nicht, dass die Energiepolizei von T\u00fcr zu T\u00fcr schreitet. Man m\u00fcsse die Vorgaben mit Augenma\u00df umsetzen.<\/p>\n<p>Er verwies dabei auf die Erfahrungen aus der Corona-Krise, als es ein gewisses &#8220;Denunziantentum&#8221; gegeben habe.\u00a0Aber auch jetzt gelte:<\/p>\n<blockquote>\n<p><em>&#8220;Wenn eine entsprechende Anzeige eingeht, dann muss die Polizei handeln.&#8221;<\/em><\/p>\n<\/blockquote>\n<p>Aufgrund der jetzigen Strafbestimmungen m\u00fcssten auch die Staatsanwaltschaft oder gar Gerichte eingeschaltet werden. Es stelle sich die Frage, ob anstelle aufwendiger Strafverfahren nicht wie in der Corona-Krise auch einfache Ordnungsbu\u00dfen das richtige Mittel seien, so F\u00e4ssler weiter. Das m\u00fcsse man sicher noch diskutieren. Die Schweizer Kantone haben noch bis zum 22. September Zeit, ihre Bedenken und Vorschl\u00e4ge einzubringen.<\/p>\n<p><strong>Mehr zum Thema<\/strong> \u2013 <a rel=\"nofollow noopener\" target=\"_blank\" href=\"https:\/\/deutsch.rt.com\/europa\/147350-nicht-mehr-neutral-aber-immerhin\/\">Nicht mehr neutral, aber immerhin gem\u00e4\u00dfigt \u2013 Russland h\u00e4lt die Schweiz f\u00fcr &#8220;relativ vern\u00fcnftig&#8221;<\/a><\/p>\n<\/p>\n<\/div>\n<p><br \/>\n<br \/><a href=\"https:\/\/de.rt.com\/schweiz\/148146-schweizer-regierung-droht-heiz-sundern\/\">Source link <\/a><\/p>\n","protected":false},"excerpt":{"rendered":"<p>Laut einem Bericht der Schweizer Tageszeitung &#8220;Blick&#8221; drohen in der Schweiz bei Verst\u00f6\u00dfen gegen die Gasverordnung bis zu drei Jahre Haft oder auch Geldstrafen. Gegen die sogenannten &#8220;Heiz-S\u00fcnder&#8221; soll es in den einzelnen Kantonen auch punktuelle Kontrollen geben. Laut einem Bericht der Schweizer Zeitung Blick will die Schweizer Regierung im Winter hart durchgreifen, wenn sich [&hellip;]<\/p>\n","protected":false},"author":3,"featured_media":18542,"comment_status":"open","ping_status":"open","sticky":false,"template":"","format":"standard","meta":{"wp_automatic_camp":["217"],"09c1aa00e866c0c24b49f32e9ecce8a1":["Schweizer Regierung droht &quot;Heiz-S\u00fcndern&quot; mit Knast"],"original_link":["https:\/\/de.rt.com\/schweiz\/148146-schweizer-regierung-droht-heiz-sundern\/"],"_thumbnail_id":["18542"],"_wptg_p2tg_sent2tg":["2022-09-06 18:52:41"],"jnews_social_counter_last_update":["1777391264"]},"categories":[19,23],"tags":[44,16201,419,32408,46,3424],"yoast_head":"<!-- This site is optimized with the Yoast SEO Premium plugin v22.7 (Yoast SEO v22.7) - https:\/\/yoast.com\/wordpress\/plugins\/seo\/ -->\n<title>Schweizer Regierung droht &quot;Heiz-S\u00fcndern&quot; mit Knast - just-now.NEWS Deutschland<\/title>\n<meta name=\"robots\" content=\"index, follow, max-snippet:-1, max-image-preview:large, max-video-preview:-1\" \/>\n<link rel=\"canonical\" href=\"https:\/\/now-news.de\/de\/deutschland\/schweizer-regierung-droht-heiz-suendern-mit-knast\/\" \/>\n<meta property=\"og:locale\" content=\"de_DE\" \/>\n<meta property=\"og:type\" content=\"article\" \/>\n<meta property=\"og:title\" content=\"Schweizer Regierung droht &quot;Heiz-S\u00fcndern&quot; mit Knast\" \/>\n<meta property=\"og:description\" content=\"Laut einem Bericht der Schweizer Tageszeitung &#8220;Blick&#8221; drohen in der Schweiz bei Verst\u00f6\u00dfen gegen die Gasverordnung bis zu drei Jahre Haft oder auch Geldstrafen. Gegen die sogenannten &#8220;Heiz-S\u00fcnder&#8221; soll es in den einzelnen Kantonen auch punktuelle Kontrollen geben. Laut einem Bericht der Schweizer Zeitung Blick will die Schweizer Regierung im Winter hart durchgreifen, wenn sich [&hellip;]\" \/>\n<meta property=\"og:url\" content=\"https:\/\/now-news.de\/de\/deutschland\/schweizer-regierung-droht-heiz-suendern-mit-knast\/\" \/>\n<meta property=\"og:site_name\" content=\"just-now.NEWS Deutschland\" \/>\n<meta property=\"article:publisher\" content=\"https:\/\/www.facebook.com\/wirmachenauf\" \/>\n<meta property=\"article:published_time\" content=\"2022-09-06T16:45:56+00:00\" \/>\n<meta property=\"og:image\" content=\"https:\/\/now-news.de\/de\/wp-content\/uploads\/sites\/3\/2022\/09\/Schweizer-Regierung-droht-quotHeiz-Suendernquot-mit-Knast.jpg\" \/>\n\t<meta property=\"og:image:width\" content=\"460\" \/>\n\t<meta property=\"og:image:height\" content=\"259\" \/>\n\t<meta property=\"og:image:type\" content=\"image\/jpeg\" \/>\n<meta name=\"author\" content=\"rtnews\" \/>\n<meta name=\"twitter:card\" content=\"summary_large_image\" \/>\n<meta name=\"twitter:creator\" content=\"@WirMachenAuf_de\" \/>\n<meta name=\"twitter:site\" content=\"@WirMachenAuf_de\" \/>\n<meta name=\"twitter:label1\" content=\"Verfasst von\" \/>\n\t<meta name=\"twitter:data1\" content=\"rtnews\" \/>\n\t<meta name=\"twitter:label2\" content=\"Gesch\u00e4tzte Lesezeit\" \/>\n\t<meta name=\"twitter:data2\" content=\"3\u00a0Minuten\" \/>\n<script type=\"application\/ld+json\" class=\"yoast-schema-graph\">{\"@context\":\"https:\/\/schema.org\",\"@graph\":[{\"@type\":\"Article\",\"@id\":\"https:\/\/now-news.de\/de\/deutschland\/schweizer-regierung-droht-heiz-suendern-mit-knast\/#article\",\"isPartOf\":{\"@id\":\"https:\/\/now-news.de\/de\/deutschland\/schweizer-regierung-droht-heiz-suendern-mit-knast\/\"},\"author\":{\"name\":\"rtnews\",\"@id\":\"https:\/\/now-news.de\/de\/#\/schema\/person\/fb534a4e865501d8b3285208df34a9b5\"},\"headline\":\"Schweizer Regierung droht &quot;Heiz-S\u00fcndern&quot; mit Knast\",\"datePublished\":\"2022-09-06T16:45:56+00:00\",\"dateModified\":\"2022-09-06T16:45:56+00:00\",\"mainEntityOfPage\":{\"@id\":\"https:\/\/now-news.de\/de\/deutschland\/schweizer-regierung-droht-heiz-suendern-mit-knast\/\"},\"wordCount\":540,\"commentCount\":0,\"publisher\":{\"@id\":\"https:\/\/now-news.de\/de\/#organization\"},\"image\":{\"@id\":\"https:\/\/now-news.de\/de\/deutschland\/schweizer-regierung-droht-heiz-suendern-mit-knast\/#primaryimage\"},\"thumbnailUrl\":\"https:\/\/now-news.de\/de\/wp-content\/uploads\/sites\/3\/2022\/09\/Schweizer-Regierung-droht-quotHeiz-Suendernquot-mit-Knast.jpg\",\"keywords\":[\"droht\",\"Knast\",\"mit\",\"quotHeizS\u00fcndernquot\",\"Regierung\",\"Schweizer\"],\"articleSection\":[\"Deutschland\",\"Russland\"],\"inLanguage\":\"de\",\"potentialAction\":[{\"@type\":\"CommentAction\",\"name\":\"Comment\",\"target\":[\"https:\/\/now-news.de\/de\/deutschland\/schweizer-regierung-droht-heiz-suendern-mit-knast\/#respond\"]}]},{\"@type\":\"WebPage\",\"@id\":\"https:\/\/now-news.de\/de\/deutschland\/schweizer-regierung-droht-heiz-suendern-mit-knast\/\",\"url\":\"https:\/\/now-news.de\/de\/deutschland\/schweizer-regierung-droht-heiz-suendern-mit-knast\/\",\"name\":\"Schweizer Regierung droht &quot;Heiz-S\u00fcndern&quot; mit Knast - just-now.NEWS Deutschland\",\"isPartOf\":{\"@id\":\"https:\/\/now-news.de\/de\/#website\"},\"primaryImageOfPage\":{\"@id\":\"https:\/\/now-news.de\/de\/deutschland\/schweizer-regierung-droht-heiz-suendern-mit-knast\/#primaryimage\"},\"image\":{\"@id\":\"https:\/\/now-news.de\/de\/deutschland\/schweizer-regierung-droht-heiz-suendern-mit-knast\/#primaryimage\"},\"thumbnailUrl\":\"https:\/\/now-news.de\/de\/wp-content\/uploads\/sites\/3\/2022\/09\/Schweizer-Regierung-droht-quotHeiz-Suendernquot-mit-Knast.jpg\",\"datePublished\":\"2022-09-06T16:45:56+00:00\",\"dateModified\":\"2022-09-06T16:45:56+00:00\",\"breadcrumb\":{\"@id\":\"https:\/\/now-news.de\/de\/deutschland\/schweizer-regierung-droht-heiz-suendern-mit-knast\/#breadcrumb\"},\"inLanguage\":\"de\",\"potentialAction\":[{\"@type\":\"ReadAction\",\"target\":[\"https:\/\/now-news.de\/de\/deutschland\/schweizer-regierung-droht-heiz-suendern-mit-knast\/\"]}]},{\"@type\":\"ImageObject\",\"inLanguage\":\"de\",\"@id\":\"https:\/\/now-news.de\/de\/deutschland\/schweizer-regierung-droht-heiz-suendern-mit-knast\/#primaryimage\",\"url\":\"https:\/\/now-news.de\/de\/wp-content\/uploads\/sites\/3\/2022\/09\/Schweizer-Regierung-droht-quotHeiz-Suendernquot-mit-Knast.jpg\",\"contentUrl\":\"https:\/\/now-news.de\/de\/wp-content\/uploads\/sites\/3\/2022\/09\/Schweizer-Regierung-droht-quotHeiz-Suendernquot-mit-Knast.jpg\",\"width\":460,\"height\":259,\"caption\":\"Schweizer Regierung droht &quot;Heiz-S\u00fcndern&quot; mit Knast\"},{\"@type\":\"BreadcrumbList\",\"@id\":\"https:\/\/now-news.de\/de\/deutschland\/schweizer-regierung-droht-heiz-suendern-mit-knast\/#breadcrumb\",\"itemListElement\":[{\"@type\":\"ListItem\",\"position\":1,\"name\":\"Home\",\"item\":\"https:\/\/now-news.de\/de\/\"},{\"@type\":\"ListItem\",\"position\":2,\"name\":\"Schweizer Regierung droht &quot;Heiz-S\u00fcndern&quot; mit Knast\"}]},{\"@type\":\"WebSite\",\"@id\":\"https:\/\/now-news.de\/de\/#website\",\"url\":\"https:\/\/now-news.de\/de\/\",\"name\":\"just-now.NEWS Deutschland\",\"description\":\"Das Portal f\u00fcr unzensierte Nachrichten aus der Welt\",\"publisher\":{\"@id\":\"https:\/\/now-news.de\/de\/#organization\"},\"potentialAction\":[{\"@type\":\"SearchAction\",\"target\":{\"@type\":\"EntryPoint\",\"urlTemplate\":\"https:\/\/now-news.de\/de\/?s={search_term_string}\"},\"query-input\":\"required name=search_term_string\"}],\"inLanguage\":\"de\"},{\"@type\":\"Organization\",\"@id\":\"https:\/\/now-news.de\/de\/#organization\",\"name\":\"Just Now News\",\"url\":\"https:\/\/now-news.de\/de\/\",\"logo\":{\"@type\":\"ImageObject\",\"inLanguage\":\"de\",\"@id\":\"https:\/\/now-news.de\/de\/#\/schema\/logo\/image\/\",\"url\":\"http:\/\/just-now.news\/de\/wp-content\/uploads\/sites\/3\/2022\/04\/logo500x500.jpg\",\"contentUrl\":\"http:\/\/just-now.news\/de\/wp-content\/uploads\/sites\/3\/2022\/04\/logo500x500.jpg\",\"width\":500,\"height\":500,\"caption\":\"Just Now News\"},\"image\":{\"@id\":\"https:\/\/now-news.de\/de\/#\/schema\/logo\/image\/\"},\"sameAs\":[\"https:\/\/www.facebook.com\/wirmachenauf\",\"https:\/\/x.com\/WirMachenAuf_de\"]},{\"@type\":\"Person\",\"@id\":\"https:\/\/now-news.de\/de\/#\/schema\/person\/fb534a4e865501d8b3285208df34a9b5\",\"name\":\"rtnews\",\"image\":{\"@type\":\"ImageObject\",\"inLanguage\":\"de\",\"@id\":\"https:\/\/now-news.de\/de\/#\/schema\/person\/image\/\",\"url\":\"https:\/\/secure.gravatar.com\/avatar\/82aafea7d8127119dd649515f56e2117?s=96&d=mm&r=g\",\"contentUrl\":\"https:\/\/secure.gravatar.com\/avatar\/82aafea7d8127119dd649515f56e2117?s=96&d=mm&r=g\",\"caption\":\"rtnews\"},\"url\":\"https:\/\/now-news.de\/de\/author\/rnews\/\"}]}<\/script>\n<!-- \/ Yoast SEO Premium plugin. -->","yoast_head_json":{"title":"Schweizer Regierung droht &quot;Heiz-S\u00fcndern&quot; mit Knast - just-now.NEWS Deutschland","robots":{"index":"index","follow":"follow","max-snippet":"max-snippet:-1","max-image-preview":"max-image-preview:large","max-video-preview":"max-video-preview:-1"},"canonical":"https:\/\/now-news.de\/de\/deutschland\/schweizer-regierung-droht-heiz-suendern-mit-knast\/","og_locale":"de_DE","og_type":"article","og_title":"Schweizer Regierung droht &quot;Heiz-S\u00fcndern&quot; mit Knast","og_description":"Laut einem Bericht der Schweizer Tageszeitung &#8220;Blick&#8221; drohen in der Schweiz bei Verst\u00f6\u00dfen gegen die Gasverordnung bis zu drei Jahre Haft oder auch Geldstrafen. Gegen die sogenannten &#8220;Heiz-S\u00fcnder&#8221; soll es in den einzelnen Kantonen auch punktuelle Kontrollen geben. Laut einem Bericht der Schweizer Zeitung Blick will die Schweizer Regierung im Winter hart durchgreifen, wenn sich [&hellip;]","og_url":"https:\/\/now-news.de\/de\/deutschland\/schweizer-regierung-droht-heiz-suendern-mit-knast\/","og_site_name":"just-now.NEWS Deutschland","article_publisher":"https:\/\/www.facebook.com\/wirmachenauf","article_published_time":"2022-09-06T16:45:56+00:00","og_image":[{"width":460,"height":259,"url":"https:\/\/now-news.de\/de\/wp-content\/uploads\/sites\/3\/2022\/09\/Schweizer-Regierung-droht-quotHeiz-Suendernquot-mit-Knast.jpg","type":"image\/jpeg"}],"author":"rtnews","twitter_card":"summary_large_image","twitter_creator":"@WirMachenAuf_de","twitter_site":"@WirMachenAuf_de","twitter_misc":{"Verfasst von":"rtnews","Gesch\u00e4tzte Lesezeit":"3\u00a0Minuten"},"schema":{"@context":"https:\/\/schema.org","@graph":[{"@type":"Article","@id":"https:\/\/now-news.de\/de\/deutschland\/schweizer-regierung-droht-heiz-suendern-mit-knast\/#article","isPartOf":{"@id":"https:\/\/now-news.de\/de\/deutschland\/schweizer-regierung-droht-heiz-suendern-mit-knast\/"},"author":{"name":"rtnews","@id":"https:\/\/now-news.de\/de\/#\/schema\/person\/fb534a4e865501d8b3285208df34a9b5"},"headline":"Schweizer Regierung droht &quot;Heiz-S\u00fcndern&quot; mit Knast","datePublished":"2022-09-06T16:45:56+00:00","dateModified":"2022-09-06T16:45:56+00:00","mainEntityOfPage":{"@id":"https:\/\/now-news.de\/de\/deutschland\/schweizer-regierung-droht-heiz-suendern-mit-knast\/"},"wordCount":540,"commentCount":0,"publisher":{"@id":"https:\/\/now-news.de\/de\/#organization"},"image":{"@id":"https:\/\/now-news.de\/de\/deutschland\/schweizer-regierung-droht-heiz-suendern-mit-knast\/#primaryimage"},"thumbnailUrl":"https:\/\/now-news.de\/de\/wp-content\/uploads\/sites\/3\/2022\/09\/Schweizer-Regierung-droht-quotHeiz-Suendernquot-mit-Knast.jpg","keywords":["droht","Knast","mit","quotHeizS\u00fcndernquot","Regierung","Schweizer"],"articleSection":["Deutschland","Russland"],"inLanguage":"de","potentialAction":[{"@type":"CommentAction","name":"Comment","target":["https:\/\/now-news.de\/de\/deutschland\/schweizer-regierung-droht-heiz-suendern-mit-knast\/#respond"]}]},{"@type":"WebPage","@id":"https:\/\/now-news.de\/de\/deutschland\/schweizer-regierung-droht-heiz-suendern-mit-knast\/","url":"https:\/\/now-news.de\/de\/deutschland\/schweizer-regierung-droht-heiz-suendern-mit-knast\/","name":"Schweizer Regierung droht &quot;Heiz-S\u00fcndern&quot; mit Knast - just-now.NEWS Deutschland","isPartOf":{"@id":"https:\/\/now-news.de\/de\/#website"},"primaryImageOfPage":{"@id":"https:\/\/now-news.de\/de\/deutschland\/schweizer-regierung-droht-heiz-suendern-mit-knast\/#primaryimage"},"image":{"@id":"https:\/\/now-news.de\/de\/deutschland\/schweizer-regierung-droht-heiz-suendern-mit-knast\/#primaryimage"},"thumbnailUrl":"https:\/\/now-news.de\/de\/wp-content\/uploads\/sites\/3\/2022\/09\/Schweizer-Regierung-droht-quotHeiz-Suendernquot-mit-Knast.jpg","datePublished":"2022-09-06T16:45:56+00:00","dateModified":"2022-09-06T16:45:56+00:00","breadcrumb":{"@id":"https:\/\/now-news.de\/de\/deutschland\/schweizer-regierung-droht-heiz-suendern-mit-knast\/#breadcrumb"},"inLanguage":"de","potentialAction":[{"@type":"ReadAction","target":["https:\/\/now-news.de\/de\/deutschland\/schweizer-regierung-droht-heiz-suendern-mit-knast\/"]}]},{"@type":"ImageObject","inLanguage":"de","@id":"https:\/\/now-news.de\/de\/deutschland\/schweizer-regierung-droht-heiz-suendern-mit-knast\/#primaryimage","url":"https:\/\/now-news.de\/de\/wp-content\/uploads\/sites\/3\/2022\/09\/Schweizer-Regierung-droht-quotHeiz-Suendernquot-mit-Knast.jpg","contentUrl":"https:\/\/now-news.de\/de\/wp-content\/uploads\/sites\/3\/2022\/09\/Schweizer-Regierung-droht-quotHeiz-Suendernquot-mit-Knast.jpg","width":460,"height":259,"caption":"Schweizer Regierung droht &quot;Heiz-S\u00fcndern&quot; mit Knast"},{"@type":"BreadcrumbList","@id":"https:\/\/now-news.de\/de\/deutschland\/schweizer-regierung-droht-heiz-suendern-mit-knast\/#breadcrumb","itemListElement":[{"@type":"ListItem","position":1,"name":"Home","item":"https:\/\/now-news.de\/de\/"},{"@type":"ListItem","position":2,"name":"Schweizer Regierung droht &quot;Heiz-S\u00fcndern&quot; mit Knast"}]},{"@type":"WebSite","@id":"https:\/\/now-news.de\/de\/#website","url":"https:\/\/now-news.de\/de\/","name":"just-now.NEWS Deutschland","description":"Das Portal f\u00fcr unzensierte Nachrichten aus der Welt","publisher":{"@id":"https:\/\/now-news.de\/de\/#organization"},"potentialAction":[{"@type":"SearchAction","target":{"@type":"EntryPoint","urlTemplate":"https:\/\/now-news.de\/de\/?s={search_term_string}"},"query-input":"required name=search_term_string"}],"inLanguage":"de"},{"@type":"Organization","@id":"https:\/\/now-news.de\/de\/#organization","name":"Just Now News","url":"https:\/\/now-news.de\/de\/","logo":{"@type":"ImageObject","inLanguage":"de","@id":"https:\/\/now-news.de\/de\/#\/schema\/logo\/image\/","url":"http:\/\/just-now.news\/de\/wp-content\/uploads\/sites\/3\/2022\/04\/logo500x500.jpg","contentUrl":"http:\/\/just-now.news\/de\/wp-content\/uploads\/sites\/3\/2022\/04\/logo500x500.jpg","width":500,"height":500,"caption":"Just Now News"},"image":{"@id":"https:\/\/now-news.de\/de\/#\/schema\/logo\/image\/"},"sameAs":["https:\/\/www.facebook.com\/wirmachenauf","https:\/\/x.com\/WirMachenAuf_de"]},{"@type":"Person","@id":"https:\/\/now-news.de\/de\/#\/schema\/person\/fb534a4e865501d8b3285208df34a9b5","name":"rtnews","image":{"@type":"ImageObject","inLanguage":"de","@id":"https:\/\/now-news.de\/de\/#\/schema\/person\/image\/","url":"https:\/\/secure.gravatar.com\/avatar\/82aafea7d8127119dd649515f56e2117?s=96&d=mm&r=g","contentUrl":"https:\/\/secure.gravatar.com\/avatar\/82aafea7d8127119dd649515f56e2117?s=96&d=mm&r=g","caption":"rtnews"},"url":"https:\/\/now-news.de\/de\/author\/rnews\/"}]}},"_links":{"self":[{"href":"https:\/\/now-news.de\/de\/wp-json\/wp\/v2\/posts\/18541"}],"collection":[{"href":"https:\/\/now-news.de\/de\/wp-json\/wp\/v2\/posts"}],"about":[{"href":"https:\/\/now-news.de\/de\/wp-json\/wp\/v2\/types\/post"}],"author":[{"embeddable":true,"href":"https:\/\/now-news.de\/de\/wp-json\/wp\/v2\/users\/3"}],"replies":[{"embeddable":true,"href":"https:\/\/now-news.de\/de\/wp-json\/wp\/v2\/comments?post=18541"}],"version-history":[{"count":0,"href":"https:\/\/now-news.de\/de\/wp-json\/wp\/v2\/posts\/18541\/revisions"}],"wp:featuredmedia":[{"embeddable":true,"href":"https:\/\/now-news.de\/de\/wp-json\/wp\/v2\/media\/18542"}],"wp:attachment":[{"href":"https:\/\/now-news.de\/de\/wp-json\/wp\/v2\/media?parent=18541"}],"wp:term":[{"taxonomy":"category","embeddable":true,"href":"https:\/\/now-news.de\/de\/wp-json\/wp\/v2\/categories?post=18541"},{"taxonomy":"post_tag","embeddable":true,"href":"https:\/\/now-news.de\/de\/wp-json\/wp\/v2\/tags?post=18541"}],"curies":[{"name":"wp","href":"https:\/\/api.w.org\/{rel}","templated":true}]}}