{"id":1854,"date":"2022-04-20T19:04:50","date_gmt":"2022-04-20T20:04:50","guid":{"rendered":"http:\/\/just-now.news\/de\/deutschland\/prorussischer-blogger-in-cherson-mutmasslich-vom-ukrainischen-geheimdienst-erschossen\/"},"modified":"2022-04-20T19:04:50","modified_gmt":"2022-04-20T20:04:50","slug":"prorussischer-blogger-in-cherson-mutmasslich-vom-ukrainischen-geheimdienst-erschossen","status":"publish","type":"post","link":"https:\/\/now-news.de\/de\/deutschland\/prorussischer-blogger-in-cherson-mutmasslich-vom-ukrainischen-geheimdienst-erschossen\/","title":{"rendered":"Prorussischer Blogger in Cherson mutma\u00dflich vom ukrainischen Geheimdienst erschossen\u00a0"},"content":{"rendered":"<div class=\"Text-root Text-type_5 ArticleView-text ViewText-root \">\n<p>Am Mittwochmorgen gegen 8:15 Uhr Ortszeit haben Unbekannte den prorussischen Blogger und freiwilligen Helfer Waleri Kuleschow in seinem Auto im Hof seines Hauses in Cherson erschossen.<\/p>\n<p>Die s\u00fcdukrainische Stadt Cherson wird seit Anfang M\u00e4rz vom russischen Milit\u00e4r kontrolliert. Kuleschow hatte sich offen auf die Seite Russlands gestellt und in einem Blog \u00fcber das Leben in Cherson und die Organisation humanit\u00e4rer Hilfe berichtet.<\/p>\n<p>Auf dem youtube-Kanal &#8220;Unser Cherson&#8221;, den Kuleschow zusammen mit anderen Bloggern betrieb, wurde sein <a target=\"_blank\" href=\"https:\/\/www.youtube.com\/watch?v=Vq0dV_re580&amp;t=70s\" rel=\"noopener noreferrer\">letztes Video<\/a> ver\u00f6ffentlicht. In den Kommentaren haben bis zum Abend Hunderte Ukrainer und Russen aus allen Landesteilen Kondolenzen hinterlassen.<\/p>\n<div class=\"ReadMore-root Section-root Section-is1to3-xs_is1to1\" data-widgets=\"ReadMore\" data-has-alias>\n<div class=\"Section-container Section-isRow-isTop-isWrap\">\n<article class=\"Card-root Card-is1to1 \">\n<div class=\"Card-imageWrap\">\n<div class=\"Card-picture\">\n<picture class=\"Picture-root Picture-default\"><!--[if IE 9]><video style=\"display: none;\"><![endif]--><source media=\"(-webkit-min-device-pixel-ratio: 2) and (min-resolution: 120dpi)\" data-srcset=\" \nhttps:\/\/cdni.russiatoday.com\/deutsch\/images\/2022.04\/thumbnail\/625ef44c48fbef6b9b191eed.jpg 850w,\n                https:\/\/cdni.russiatoday.com\/deutsch\/images\/2022.04\/article\/625ef44c48fbef6b9b191eed.jpg 1960w,\n            \" srcset=\"data:image\/png;base64,iVBORw0KGgoAAAANSUhEUgAAABAAAAAJCAQAAACRI2S5AAAAEElEQVR42mNkIAAYRxWAAQAG9gAKqv6+AwAAAABJRU5ErkJggg==\"><source data-srcset=\" \nhttps:\/\/cdni.russiatoday.com\/deutsch\/images\/2022.04\/thumbnail\/625ef44c48fbef6b9b191eed.jpg 460w,\n              https:\/\/cdni.russiatoday.com\/deutsch\/images\/2022.04\/article\/625ef44c48fbef6b9b191eed.jpg 980w,\n            \" srcset=\"data:image\/png;base64,iVBORw0KGgoAAAANSUhEUgAAABAAAAAJCAQAAACRI2S5AAAAEElEQVR42mNkIAAYRxWAAQAG9gAKqv6+AwAAAABJRU5ErkJggg==\"><!--[if IE 9]><\/video><![endif]--><\/source><\/source><\/picture><!-- noscript pattern --><noscript><img decoding=\"async\" src=\"https:\/\/cdni.russiatoday.com\/deutsch\/images\/2022.04\/article\/625ef44c48fbef6b9b191eed.jpg\" alt=\"Kein Lebenszeichen von Gonzalo Lira: Ein weiterer Selenskij-Kritiker in der Ukraine  verschwunden\"><\/noscript>    <\/div><\/div>\n<div class=\"Card-contentWrap\">\n<div class=\"Card-label\">\n            <span class=\"Label-root\"><br \/>\n                Meinung<br \/>\n            <\/span>\n        <\/div>\n<div class=\"Card-content\">\n<div class=\"Card-title\">\n<div class=\"HeaderNews-root HeaderNews-type_6 \">\n<p>            <a target=\"_blank\" href=\"https:\/\/de.rt.com\/meinung\/136529-kein-lebenszeichen-von-gonzalo-lira-selenskij-kritiker-verschwunden\/\" class=\"Link-root Link-isFullCard \" rel=\"noopener\"><br \/>\n                Kein Lebenszeichen von Gonzalo Lira: Ein weiterer Selenskij-Kritiker in der Ukraine  verschwunden<br \/>\n            <\/a><\/p><\/div><\/div><\/div><\/div>\n<\/article>\n<\/div><\/div>\n<p>Die Polizei ermittelt nach Angaben der Stadtverwaltung in Zusammenarbeit mit der russischen Milit\u00e4rpolizei in alle Richtungen. Am wahrscheinlichsten gilt jedoch die Hypothese, dass es die Tat einer ukrainischen Diversionsgruppe oder von proukrainischen Terroristen ist, die sich im Untergrund bewegen.\u00a0<\/p>\n<p>Das ist nunmehr\u00a0der zweite Mord an einem prorussischen Prominenten in der Stadt,\u00a0<em>RT DE<\/em>\u00a0hatte\u00a0<a target=\"_blank\" href=\"https:\/\/de.rt.com\/europa\/134242-politischer-mord-in-cherson-und\/\" rel=\"noopener noreferrer\">berichtet<\/a>. Damals war die Verwaltung noch weitgehend den ukrainischen Organen \u00fcberlassen. Seitdem hat sich einiges ver\u00e4ndert: Es wurden in vielen St\u00e4dten und Gemeinden der Region Cherson sogenannte milit\u00e4risch-zivile Verwaltungen gebildet. Au\u00dferdem werden intensiv die Listen der freiwilligen Territorialverteidigungen und rechtsextremer Organisationen in der Stadt abgearbeitet. Offensichtlich ist dies aber noch nicht genug, um den friedlichen B\u00fcrgern von Cherson Ruhe und Sicherheit zu garantieren.<\/p>\n<p>Die ukrainische Seite r\u00e4cht sich zielgerichtet an allen, die mit der russischen Seite zusammenarbeiten. So wurde am 2. M\u00e4rz war <a target=\"_blank\" href=\"https:\/\/de.wikipedia.org\/wiki\/Wolodymyr_Struk\" rel=\"noopener noreferrer\">Wladimir Struk<\/a>, der B\u00fcrgermeister der Stadt Kremeinna in der Region Lugansk f\u00fcr die Bereitschaft der Zusammenarbeit mit Russland vor laufender Kamera erschossen. Sein Vergehen bestand darin, seine Kollegen zu Verhandlungen mit dem Donbass-Milit\u00e4r aufzurufen. Er wurde abgeholt, gefoltert und erschossen, und Anton Geraschtschenko, Berater des Innenministeriums, feierte diesen Mord mit der Bemerkung &#8220;ein Verr\u00e4ter weniger in der Ukraine&#8221;.<\/p>\n<div class=\"EmbedBlock-root EmbedBlock-twitter\">\n<div class=\"TwitterEmbed\">\n<blockquote class=\"twitter-tweet lazyload\" data-twitter=\"twitter-tweet\">\n<p lang=\"en\" dir=\"ltr\">The adviser to the Minister of the Ministry of Internal Affairs Gerashchenko confirmed that the blogger in Kherson was killed by the Ukrainian special services. But it&#8217;s okay, it&#8217;s a good democracy murder.<\/p>\n<p>\u2014 \u0410\u043d\u0430\u0442\u043e\u043b\u0438\u0439 \u0428\u0430\u0440\u0438\u0439 (@anatoliisharii) <a target=\"_blank\" href=\"https:\/\/twitter.com\/anatoliisharii\/status\/1516853204067262472?ref_src=twsrc%5Etfw\" rel=\"noopener\">April 20, 2022<\/a><\/p><\/blockquote>\n<\/div>\n<\/div>\n<p>In der zweiten M\u00e4rzh\u00e4lfte <a target=\"_blank\" href=\"https:\/\/www.5-tv.ru\/news\/380910\/mer-kupanska-obratilsa-kzelenskomu-izza-pohisenia-doceri-sbu-vozmite-mou-zizn\/?utm_referrer=https%3a%2f%2fwww.google.com%2f\" rel=\"noopener noreferrer\">entf\u00fchrte der ukrainische Sicherheitsdienst SBU die Tochter<\/a> des B\u00fcrgermeisters der von der russischen Armee besetzten Stadt Kupjansk in der Region Charkow, Gennadij Mazegor. Ihm wird ebenfalls &#8220;Kollaboration mit dem Besatzer&#8221; vorgeworfen. Die 20-j\u00e4hrige Studentin hielt sich in der Westukraine auf, als sie entf\u00fchrt wurde. Nach den Worten von Mazegor in einer emotionalen Videoansprache an Selenskij wird er damit bedroht, dass die Tochter umgebracht werden soll.<\/p>\n<p>Soweit die Opfer des im Westen sogenannten &#8220;Massakers von Butscha&#8221; bis jetzt \u00fcberhaupt namentlich bekannt wurden, handelt es sich um Personen, bei denen man prorussische Ansichten vermuten kann. So geh\u00f6rt zu den Todesopfern der offen prorussische Politiker <a target=\"_blank\" href=\"https:\/\/ru.wikipedia.org\/wiki\/%D0%A0%D0%B6%D0%B0%D0%B2%D1%81%D0%BA%D0%B8%D0%B9,_%D0%90%D0%BB%D0%B5%D0%BA%D1%81%D0%B0%D0%BD%D0%B4%D1%80_%D0%9D%D0%B8%D0%BA%D0%BE%D0%BB%D0%B0%D0%B5%D0%B2%D0%B8%D1%87\" rel=\"noopener noreferrer\">Alexander Rschawskij<\/a>. Die prorussischen Ansichten zeigte der ehemalige Rada-Abgeordnete bis zuletzt. Warum das russische Milit\u00e4r ausgerechnet ihn erschie\u00dfen sollte, liegt im Dunkeln.\u00a0<\/p>\n<div class=\"ReadMore-root Section-root Section-is1to3-xs_is1to1\" data-widgets=\"ReadMore\" data-has-alias>\n<div class=\"Section-container Section-isRow-isTop-isWrap\">\n<article class=\"Card-root Card-is1to1 \">\n<div class=\"Card-imageWrap\">\n<div class=\"Card-picture\">\n<picture class=\"Picture-root Picture-default\"><!--[if IE 9]><video style=\"display: none;\"><![endif]--><source media=\"(-webkit-min-device-pixel-ratio: 2) and (min-resolution: 120dpi)\" data-srcset=\" \nhttps:\/\/cdni.russiatoday.com\/deutsch\/images\/2022.04\/thumbnail\/625d7a5a48fbef050d3e37f4.PNG 850w,\n                https:\/\/cdni.russiatoday.com\/deutsch\/images\/2022.04\/article\/625d7a5a48fbef050d3e37f4.PNG 1960w,\n            \" srcset=\"data:image\/png;base64,iVBORw0KGgoAAAANSUhEUgAAABAAAAAJCAQAAACRI2S5AAAAEElEQVR42mNkIAAYRxWAAQAG9gAKqv6+AwAAAABJRU5ErkJggg==\"><source data-srcset=\" \nhttps:\/\/cdni.russiatoday.com\/deutsch\/images\/2022.04\/thumbnail\/625d7a5a48fbef050d3e37f4.PNG 460w,\n              https:\/\/cdni.russiatoday.com\/deutsch\/images\/2022.04\/article\/625d7a5a48fbef050d3e37f4.PNG 980w,\n            \" srcset=\"data:image\/png;base64,iVBORw0KGgoAAAANSUhEUgAAABAAAAAJCAQAAACRI2S5AAAAEElEQVR42mNkIAAYRxWAAQAG9gAKqv6+AwAAAABJRU5ErkJggg==\"><!--[if IE 9]><\/video><![endif]--><img decoding=\"async\" data-sizes=\"auto\" src=\"data:image\/png;base64,iVBORw0KGgoAAAANSUhEUgAAABAAAAAJCAQAAACRI2S5AAAAEElEQVR42mNkIAAYRxWAAQAG9gAKqv6+AwAAAABJRU5ErkJggg==\" class=\"Picture-root Picture-default lazyload\" data-src=\"https:\/\/cdni.russiatoday.com\/deutsch\/images\/2022.04\/thumbnail\/625d7a5a48fbef050d3e37f4.PNG\" alt=\"Russische Geheimdienste: Kiew plant an orthodoxem Osterfest Provokationen mit vielen Toten\"><\/source><\/source><\/picture><!-- noscript pattern --><noscript><img decoding=\"async\" src=\"https:\/\/cdni.russiatoday.com\/deutsch\/images\/2022.04\/article\/625d7a5a48fbef050d3e37f4.PNG\" alt=\"Russische Geheimdienste: Kiew plant an orthodoxem Osterfest Provokationen mit vielen Toten\"><\/noscript>    <\/div><\/div>\n<div class=\"Card-contentWrap\">\n<div class=\"Card-content\">\n<div class=\"Card-title\">\n<div class=\"HeaderNews-root HeaderNews-type_6 \">\n<p>            <a target=\"_blank\" href=\"https:\/\/de.rt.com\/europa\/136442-russische-geheimdienste-kiew-plant-provokationen-am-osterfest\/\" class=\"Link-root Link-isFullCard \" rel=\"noopener\"><br \/>\n                Russische Geheimdienste: Kiew plant an orthodoxem Osterfest Provokationen mit vielen Toten<br \/>\n            <\/a><\/p><\/div><\/div><\/div><\/div>\n<\/article>\n<\/div><\/div>\n<p>Die Ortsvorsteherin des Dorfes Butscha, Olga Suchenko, hatte bis zu ihrem Verschwinden Ende M\u00e4rz 2022 mit den russischen Truppen zumindest in humanit\u00e4ren Fragen zusammengearbeitet. Nach Aussagen der Dorfbewohner hatte sie sich vor Einzug des russischen Milit\u00e4rs geweigert, den Ort zu verlassen, weil sie ihre Amtspflichten im Interesse der Dorfbewohner fortf\u00fchren wollte. Die Dorfbewohner beschrieben auch eine energische Aktivit\u00e4t der Ortsvorsteherin bei der L\u00f6sung von Versorgungsfragen. Dass dies in der Zeit bis zum Abzug des russischen Milit\u00e4rs nur durch Zusammenarbeit mit letzterem m\u00f6glich war, liegt in der Natur der Sache.<\/p>\n<p>Von den im M\u00e4rz in Kiew und anderen St\u00e4dten der Ukraine <a target=\"_blank\" href=\"https:\/\/de.rt.com\/europa\/133502-kiew-prominente-oppositionelle-verschwinden-spurlos\/\" rel=\"noopener noreferrer\">verschwundenen oppositionellen Politikern, Journalisten und Prominenten<\/a>, fehlt bis auf wenige Ausnahmen nach wie vor jedes Lebenszeichen.\u00a0 \u00a0 \u00a0 \u00a0 \u00a0 \u00a0\u00a0<\/p>\n<p><strong>Mehr zum Thema<\/strong> &#8211; <a target=\"_blank\" href=\"https:\/\/de.rt.com\/europa\/134242-politischer-mord-in-cherson-und\/\" rel=\"noopener noreferrer\">Ein politischer Mord in Cherson \u2013 und was dies f\u00fcr Russland bedeutet<\/a><\/p>\n<\/p>\n<\/div>\n<p><script async src=\"https:\/\/platform.twitter.com\/widgets.js\" charset=\"utf-8\"><\/script><br \/>\n<br \/><br \/>\n<br \/><a href=\"https:\/\/de.rt.com\/international\/136629-prorussischer-blogger-in-cherson-erschossen\/\">Source link <\/a><\/p>\n","protected":false},"excerpt":{"rendered":"<p>Am Mittwochmorgen gegen 8:15 Uhr Ortszeit haben Unbekannte den prorussischen Blogger und freiwilligen Helfer Waleri Kuleschow in seinem Auto im Hof seines Hauses in Cherson erschossen. Die s\u00fcdukrainische Stadt Cherson wird seit Anfang M\u00e4rz vom russischen Milit\u00e4r kontrolliert. Kuleschow hatte sich offen auf die Seite Russlands gestellt und in einem Blog \u00fcber das Leben in [&hellip;]<\/p>\n","protected":false},"author":3,"featured_media":1855,"comment_status":"open","ping_status":"open","sticky":false,"template":"","format":"standard","meta":{"wp_automatic_camp":["217"],"958cd7ba716edfefc4814733b18d4232":["Prorussischer Blogger in Cherson mutma\u00dflich vom ukrainischen Geheimdienst erschossen\u00a0"],"original_link":["https:\/\/de.rt.com\/international\/136629-prorussischer-blogger-in-cherson-erschossen\/"],"_thumbnail_id":["1855"],"wp_automatic_remove_first_image":["yes"],"_wptg_p2tg_sent2tg":["2022-04-20 19:08:38"],"jnews_social_counter_last_update":["1777261494"]},"categories":[19,23],"tags":[5185,5186,5189,5188,5187,5184,2332,1010],"yoast_head":"<!-- This site is optimized with the Yoast SEO Premium plugin v22.7 (Yoast SEO v22.7) - https:\/\/yoast.com\/wordpress\/plugins\/seo\/ -->\n<title>Prorussischer Blogger in Cherson mutma\u00dflich vom ukrainischen Geheimdienst erschossen\u00a0 - just-now.NEWS Deutschland<\/title>\n<meta name=\"robots\" content=\"index, follow, max-snippet:-1, max-image-preview:large, max-video-preview:-1\" \/>\n<link rel=\"canonical\" href=\"https:\/\/now-news.de\/de\/deutschland\/prorussischer-blogger-in-cherson-mutmasslich-vom-ukrainischen-geheimdienst-erschossen\/\" \/>\n<meta property=\"og:locale\" content=\"de_DE\" \/>\n<meta property=\"og:type\" content=\"article\" \/>\n<meta property=\"og:title\" content=\"Prorussischer Blogger in Cherson mutma\u00dflich vom ukrainischen Geheimdienst erschossen\u00a0\" \/>\n<meta property=\"og:description\" content=\"Am Mittwochmorgen gegen 8:15 Uhr Ortszeit haben Unbekannte den prorussischen Blogger und freiwilligen Helfer Waleri Kuleschow in seinem Auto im Hof seines Hauses in Cherson erschossen. Die s\u00fcdukrainische Stadt Cherson wird seit Anfang M\u00e4rz vom russischen Milit\u00e4r kontrolliert. Kuleschow hatte sich offen auf die Seite Russlands gestellt und in einem Blog \u00fcber das Leben in [&hellip;]\" \/>\n<meta property=\"og:url\" content=\"https:\/\/now-news.de\/de\/deutschland\/prorussischer-blogger-in-cherson-mutmasslich-vom-ukrainischen-geheimdienst-erschossen\/\" \/>\n<meta property=\"og:site_name\" content=\"just-now.NEWS Deutschland\" \/>\n<meta property=\"article:publisher\" content=\"https:\/\/www.facebook.com\/wirmachenauf\" \/>\n<meta property=\"article:published_time\" content=\"2022-04-20T20:04:50+00:00\" \/>\n<meta property=\"og:image\" content=\"https:\/\/now-news.de\/de\/wp-content\/uploads\/sites\/3\/2022\/04\/Prorussischer-Blogger-in-Cherson-mutmasslich-vom-ukrainischen-Geheimdienst-erschossen.jpeg\" \/>\n\t<meta property=\"og:image:width\" content=\"1104\" \/>\n\t<meta property=\"og:image:height\" content=\"622\" \/>\n\t<meta property=\"og:image:type\" content=\"image\/jpeg\" \/>\n<meta name=\"author\" content=\"rtnews\" \/>\n<meta name=\"twitter:card\" content=\"summary_large_image\" \/>\n<meta name=\"twitter:creator\" content=\"@WirMachenAuf_de\" \/>\n<meta name=\"twitter:site\" content=\"@WirMachenAuf_de\" \/>\n<meta name=\"twitter:label1\" content=\"Verfasst von\" \/>\n\t<meta name=\"twitter:data1\" content=\"rtnews\" \/>\n\t<meta name=\"twitter:label2\" content=\"Gesch\u00e4tzte Lesezeit\" \/>\n\t<meta name=\"twitter:data2\" content=\"3\u00a0Minuten\" \/>\n<script type=\"application\/ld+json\" class=\"yoast-schema-graph\">{\"@context\":\"https:\/\/schema.org\",\"@graph\":[{\"@type\":\"Article\",\"@id\":\"https:\/\/now-news.de\/de\/deutschland\/prorussischer-blogger-in-cherson-mutmasslich-vom-ukrainischen-geheimdienst-erschossen\/#article\",\"isPartOf\":{\"@id\":\"https:\/\/now-news.de\/de\/deutschland\/prorussischer-blogger-in-cherson-mutmasslich-vom-ukrainischen-geheimdienst-erschossen\/\"},\"author\":{\"name\":\"rtnews\",\"@id\":\"https:\/\/now-news.de\/de\/#\/schema\/person\/fb534a4e865501d8b3285208df34a9b5\"},\"headline\":\"Prorussischer Blogger in Cherson mutma\u00dflich vom ukrainischen Geheimdienst erschossen\u00a0\",\"datePublished\":\"2022-04-20T20:04:50+00:00\",\"dateModified\":\"2022-04-20T20:04:50+00:00\",\"mainEntityOfPage\":{\"@id\":\"https:\/\/now-news.de\/de\/deutschland\/prorussischer-blogger-in-cherson-mutmasslich-vom-ukrainischen-geheimdienst-erschossen\/\"},\"wordCount\":660,\"commentCount\":0,\"publisher\":{\"@id\":\"https:\/\/now-news.de\/de\/#organization\"},\"image\":{\"@id\":\"https:\/\/now-news.de\/de\/deutschland\/prorussischer-blogger-in-cherson-mutmasslich-vom-ukrainischen-geheimdienst-erschossen\/#primaryimage\"},\"thumbnailUrl\":\"https:\/\/now-news.de\/de\/wp-content\/uploads\/sites\/3\/2022\/04\/Prorussischer-Blogger-in-Cherson-mutmasslich-vom-ukrainischen-Geheimdienst-erschossen.jpeg\",\"keywords\":[\"Blogger\",\"Cherson\",\"erschossen\",\"Geheimdienst\",\"mutma\u00dflich\",\"Prorussischer\",\"ukrainischen\",\"vom\"],\"articleSection\":[\"Deutschland\",\"Russland\"],\"inLanguage\":\"de\",\"potentialAction\":[{\"@type\":\"CommentAction\",\"name\":\"Comment\",\"target\":[\"https:\/\/now-news.de\/de\/deutschland\/prorussischer-blogger-in-cherson-mutmasslich-vom-ukrainischen-geheimdienst-erschossen\/#respond\"]}]},{\"@type\":\"WebPage\",\"@id\":\"https:\/\/now-news.de\/de\/deutschland\/prorussischer-blogger-in-cherson-mutmasslich-vom-ukrainischen-geheimdienst-erschossen\/\",\"url\":\"https:\/\/now-news.de\/de\/deutschland\/prorussischer-blogger-in-cherson-mutmasslich-vom-ukrainischen-geheimdienst-erschossen\/\",\"name\":\"Prorussischer Blogger in Cherson mutma\u00dflich vom ukrainischen Geheimdienst erschossen\u00a0 - just-now.NEWS Deutschland\",\"isPartOf\":{\"@id\":\"https:\/\/now-news.de\/de\/#website\"},\"primaryImageOfPage\":{\"@id\":\"https:\/\/now-news.de\/de\/deutschland\/prorussischer-blogger-in-cherson-mutmasslich-vom-ukrainischen-geheimdienst-erschossen\/#primaryimage\"},\"image\":{\"@id\":\"https:\/\/now-news.de\/de\/deutschland\/prorussischer-blogger-in-cherson-mutmasslich-vom-ukrainischen-geheimdienst-erschossen\/#primaryimage\"},\"thumbnailUrl\":\"https:\/\/now-news.de\/de\/wp-content\/uploads\/sites\/3\/2022\/04\/Prorussischer-Blogger-in-Cherson-mutmasslich-vom-ukrainischen-Geheimdienst-erschossen.jpeg\",\"datePublished\":\"2022-04-20T20:04:50+00:00\",\"dateModified\":\"2022-04-20T20:04:50+00:00\",\"breadcrumb\":{\"@id\":\"https:\/\/now-news.de\/de\/deutschland\/prorussischer-blogger-in-cherson-mutmasslich-vom-ukrainischen-geheimdienst-erschossen\/#breadcrumb\"},\"inLanguage\":\"de\",\"potentialAction\":[{\"@type\":\"ReadAction\",\"target\":[\"https:\/\/now-news.de\/de\/deutschland\/prorussischer-blogger-in-cherson-mutmasslich-vom-ukrainischen-geheimdienst-erschossen\/\"]}]},{\"@type\":\"ImageObject\",\"inLanguage\":\"de\",\"@id\":\"https:\/\/now-news.de\/de\/deutschland\/prorussischer-blogger-in-cherson-mutmasslich-vom-ukrainischen-geheimdienst-erschossen\/#primaryimage\",\"url\":\"https:\/\/now-news.de\/de\/wp-content\/uploads\/sites\/3\/2022\/04\/Prorussischer-Blogger-in-Cherson-mutmasslich-vom-ukrainischen-Geheimdienst-erschossen.jpeg\",\"contentUrl\":\"https:\/\/now-news.de\/de\/wp-content\/uploads\/sites\/3\/2022\/04\/Prorussischer-Blogger-in-Cherson-mutmasslich-vom-ukrainischen-Geheimdienst-erschossen.jpeg\",\"width\":1104,\"height\":622,\"caption\":\"Prorussischer Blogger in Cherson mutma\u00dflich vom ukrainischen Geheimdienst erschossen\u00a0\"},{\"@type\":\"BreadcrumbList\",\"@id\":\"https:\/\/now-news.de\/de\/deutschland\/prorussischer-blogger-in-cherson-mutmasslich-vom-ukrainischen-geheimdienst-erschossen\/#breadcrumb\",\"itemListElement\":[{\"@type\":\"ListItem\",\"position\":1,\"name\":\"Home\",\"item\":\"https:\/\/now-news.de\/de\/\"},{\"@type\":\"ListItem\",\"position\":2,\"name\":\"Prorussischer Blogger in Cherson mutma\u00dflich vom ukrainischen Geheimdienst erschossen\u00a0\"}]},{\"@type\":\"WebSite\",\"@id\":\"https:\/\/now-news.de\/de\/#website\",\"url\":\"https:\/\/now-news.de\/de\/\",\"name\":\"just-now.NEWS Deutschland\",\"description\":\"Das Portal f\u00fcr unzensierte Nachrichten aus der Welt\",\"publisher\":{\"@id\":\"https:\/\/now-news.de\/de\/#organization\"},\"potentialAction\":[{\"@type\":\"SearchAction\",\"target\":{\"@type\":\"EntryPoint\",\"urlTemplate\":\"https:\/\/now-news.de\/de\/?s={search_term_string}\"},\"query-input\":\"required name=search_term_string\"}],\"inLanguage\":\"de\"},{\"@type\":\"Organization\",\"@id\":\"https:\/\/now-news.de\/de\/#organization\",\"name\":\"Just Now News\",\"url\":\"https:\/\/now-news.de\/de\/\",\"logo\":{\"@type\":\"ImageObject\",\"inLanguage\":\"de\",\"@id\":\"https:\/\/now-news.de\/de\/#\/schema\/logo\/image\/\",\"url\":\"http:\/\/just-now.news\/de\/wp-content\/uploads\/sites\/3\/2022\/04\/logo500x500.jpg\",\"contentUrl\":\"http:\/\/just-now.news\/de\/wp-content\/uploads\/sites\/3\/2022\/04\/logo500x500.jpg\",\"width\":500,\"height\":500,\"caption\":\"Just Now News\"},\"image\":{\"@id\":\"https:\/\/now-news.de\/de\/#\/schema\/logo\/image\/\"},\"sameAs\":[\"https:\/\/www.facebook.com\/wirmachenauf\",\"https:\/\/x.com\/WirMachenAuf_de\"]},{\"@type\":\"Person\",\"@id\":\"https:\/\/now-news.de\/de\/#\/schema\/person\/fb534a4e865501d8b3285208df34a9b5\",\"name\":\"rtnews\",\"image\":{\"@type\":\"ImageObject\",\"inLanguage\":\"de\",\"@id\":\"https:\/\/now-news.de\/de\/#\/schema\/person\/image\/\",\"url\":\"https:\/\/secure.gravatar.com\/avatar\/82aafea7d8127119dd649515f56e2117?s=96&d=mm&r=g\",\"contentUrl\":\"https:\/\/secure.gravatar.com\/avatar\/82aafea7d8127119dd649515f56e2117?s=96&d=mm&r=g\",\"caption\":\"rtnews\"},\"url\":\"https:\/\/now-news.de\/de\/author\/rnews\/\"}]}<\/script>\n<!-- \/ Yoast SEO Premium plugin. -->","yoast_head_json":{"title":"Prorussischer Blogger in Cherson mutma\u00dflich vom ukrainischen Geheimdienst erschossen\u00a0 - just-now.NEWS Deutschland","robots":{"index":"index","follow":"follow","max-snippet":"max-snippet:-1","max-image-preview":"max-image-preview:large","max-video-preview":"max-video-preview:-1"},"canonical":"https:\/\/now-news.de\/de\/deutschland\/prorussischer-blogger-in-cherson-mutmasslich-vom-ukrainischen-geheimdienst-erschossen\/","og_locale":"de_DE","og_type":"article","og_title":"Prorussischer Blogger in Cherson mutma\u00dflich vom ukrainischen Geheimdienst erschossen\u00a0","og_description":"Am Mittwochmorgen gegen 8:15 Uhr Ortszeit haben Unbekannte den prorussischen Blogger und freiwilligen Helfer Waleri Kuleschow in seinem Auto im Hof seines Hauses in Cherson erschossen. Die s\u00fcdukrainische Stadt Cherson wird seit Anfang M\u00e4rz vom russischen Milit\u00e4r kontrolliert. Kuleschow hatte sich offen auf die Seite Russlands gestellt und in einem Blog \u00fcber das Leben in [&hellip;]","og_url":"https:\/\/now-news.de\/de\/deutschland\/prorussischer-blogger-in-cherson-mutmasslich-vom-ukrainischen-geheimdienst-erschossen\/","og_site_name":"just-now.NEWS Deutschland","article_publisher":"https:\/\/www.facebook.com\/wirmachenauf","article_published_time":"2022-04-20T20:04:50+00:00","og_image":[{"width":1104,"height":622,"url":"https:\/\/now-news.de\/de\/wp-content\/uploads\/sites\/3\/2022\/04\/Prorussischer-Blogger-in-Cherson-mutmasslich-vom-ukrainischen-Geheimdienst-erschossen.jpeg","type":"image\/jpeg"}],"author":"rtnews","twitter_card":"summary_large_image","twitter_creator":"@WirMachenAuf_de","twitter_site":"@WirMachenAuf_de","twitter_misc":{"Verfasst von":"rtnews","Gesch\u00e4tzte Lesezeit":"3\u00a0Minuten"},"schema":{"@context":"https:\/\/schema.org","@graph":[{"@type":"Article","@id":"https:\/\/now-news.de\/de\/deutschland\/prorussischer-blogger-in-cherson-mutmasslich-vom-ukrainischen-geheimdienst-erschossen\/#article","isPartOf":{"@id":"https:\/\/now-news.de\/de\/deutschland\/prorussischer-blogger-in-cherson-mutmasslich-vom-ukrainischen-geheimdienst-erschossen\/"},"author":{"name":"rtnews","@id":"https:\/\/now-news.de\/de\/#\/schema\/person\/fb534a4e865501d8b3285208df34a9b5"},"headline":"Prorussischer Blogger in Cherson mutma\u00dflich vom ukrainischen Geheimdienst erschossen\u00a0","datePublished":"2022-04-20T20:04:50+00:00","dateModified":"2022-04-20T20:04:50+00:00","mainEntityOfPage":{"@id":"https:\/\/now-news.de\/de\/deutschland\/prorussischer-blogger-in-cherson-mutmasslich-vom-ukrainischen-geheimdienst-erschossen\/"},"wordCount":660,"commentCount":0,"publisher":{"@id":"https:\/\/now-news.de\/de\/#organization"},"image":{"@id":"https:\/\/now-news.de\/de\/deutschland\/prorussischer-blogger-in-cherson-mutmasslich-vom-ukrainischen-geheimdienst-erschossen\/#primaryimage"},"thumbnailUrl":"https:\/\/now-news.de\/de\/wp-content\/uploads\/sites\/3\/2022\/04\/Prorussischer-Blogger-in-Cherson-mutmasslich-vom-ukrainischen-Geheimdienst-erschossen.jpeg","keywords":["Blogger","Cherson","erschossen","Geheimdienst","mutma\u00dflich","Prorussischer","ukrainischen","vom"],"articleSection":["Deutschland","Russland"],"inLanguage":"de","potentialAction":[{"@type":"CommentAction","name":"Comment","target":["https:\/\/now-news.de\/de\/deutschland\/prorussischer-blogger-in-cherson-mutmasslich-vom-ukrainischen-geheimdienst-erschossen\/#respond"]}]},{"@type":"WebPage","@id":"https:\/\/now-news.de\/de\/deutschland\/prorussischer-blogger-in-cherson-mutmasslich-vom-ukrainischen-geheimdienst-erschossen\/","url":"https:\/\/now-news.de\/de\/deutschland\/prorussischer-blogger-in-cherson-mutmasslich-vom-ukrainischen-geheimdienst-erschossen\/","name":"Prorussischer Blogger in Cherson mutma\u00dflich vom ukrainischen Geheimdienst erschossen\u00a0 - just-now.NEWS Deutschland","isPartOf":{"@id":"https:\/\/now-news.de\/de\/#website"},"primaryImageOfPage":{"@id":"https:\/\/now-news.de\/de\/deutschland\/prorussischer-blogger-in-cherson-mutmasslich-vom-ukrainischen-geheimdienst-erschossen\/#primaryimage"},"image":{"@id":"https:\/\/now-news.de\/de\/deutschland\/prorussischer-blogger-in-cherson-mutmasslich-vom-ukrainischen-geheimdienst-erschossen\/#primaryimage"},"thumbnailUrl":"https:\/\/now-news.de\/de\/wp-content\/uploads\/sites\/3\/2022\/04\/Prorussischer-Blogger-in-Cherson-mutmasslich-vom-ukrainischen-Geheimdienst-erschossen.jpeg","datePublished":"2022-04-20T20:04:50+00:00","dateModified":"2022-04-20T20:04:50+00:00","breadcrumb":{"@id":"https:\/\/now-news.de\/de\/deutschland\/prorussischer-blogger-in-cherson-mutmasslich-vom-ukrainischen-geheimdienst-erschossen\/#breadcrumb"},"inLanguage":"de","potentialAction":[{"@type":"ReadAction","target":["https:\/\/now-news.de\/de\/deutschland\/prorussischer-blogger-in-cherson-mutmasslich-vom-ukrainischen-geheimdienst-erschossen\/"]}]},{"@type":"ImageObject","inLanguage":"de","@id":"https:\/\/now-news.de\/de\/deutschland\/prorussischer-blogger-in-cherson-mutmasslich-vom-ukrainischen-geheimdienst-erschossen\/#primaryimage","url":"https:\/\/now-news.de\/de\/wp-content\/uploads\/sites\/3\/2022\/04\/Prorussischer-Blogger-in-Cherson-mutmasslich-vom-ukrainischen-Geheimdienst-erschossen.jpeg","contentUrl":"https:\/\/now-news.de\/de\/wp-content\/uploads\/sites\/3\/2022\/04\/Prorussischer-Blogger-in-Cherson-mutmasslich-vom-ukrainischen-Geheimdienst-erschossen.jpeg","width":1104,"height":622,"caption":"Prorussischer Blogger in Cherson mutma\u00dflich vom ukrainischen Geheimdienst erschossen\u00a0"},{"@type":"BreadcrumbList","@id":"https:\/\/now-news.de\/de\/deutschland\/prorussischer-blogger-in-cherson-mutmasslich-vom-ukrainischen-geheimdienst-erschossen\/#breadcrumb","itemListElement":[{"@type":"ListItem","position":1,"name":"Home","item":"https:\/\/now-news.de\/de\/"},{"@type":"ListItem","position":2,"name":"Prorussischer Blogger in Cherson mutma\u00dflich vom ukrainischen Geheimdienst erschossen\u00a0"}]},{"@type":"WebSite","@id":"https:\/\/now-news.de\/de\/#website","url":"https:\/\/now-news.de\/de\/","name":"just-now.NEWS Deutschland","description":"Das Portal f\u00fcr unzensierte Nachrichten aus der Welt","publisher":{"@id":"https:\/\/now-news.de\/de\/#organization"},"potentialAction":[{"@type":"SearchAction","target":{"@type":"EntryPoint","urlTemplate":"https:\/\/now-news.de\/de\/?s={search_term_string}"},"query-input":"required name=search_term_string"}],"inLanguage":"de"},{"@type":"Organization","@id":"https:\/\/now-news.de\/de\/#organization","name":"Just Now News","url":"https:\/\/now-news.de\/de\/","logo":{"@type":"ImageObject","inLanguage":"de","@id":"https:\/\/now-news.de\/de\/#\/schema\/logo\/image\/","url":"http:\/\/just-now.news\/de\/wp-content\/uploads\/sites\/3\/2022\/04\/logo500x500.jpg","contentUrl":"http:\/\/just-now.news\/de\/wp-content\/uploads\/sites\/3\/2022\/04\/logo500x500.jpg","width":500,"height":500,"caption":"Just Now News"},"image":{"@id":"https:\/\/now-news.de\/de\/#\/schema\/logo\/image\/"},"sameAs":["https:\/\/www.facebook.com\/wirmachenauf","https:\/\/x.com\/WirMachenAuf_de"]},{"@type":"Person","@id":"https:\/\/now-news.de\/de\/#\/schema\/person\/fb534a4e865501d8b3285208df34a9b5","name":"rtnews","image":{"@type":"ImageObject","inLanguage":"de","@id":"https:\/\/now-news.de\/de\/#\/schema\/person\/image\/","url":"https:\/\/secure.gravatar.com\/avatar\/82aafea7d8127119dd649515f56e2117?s=96&d=mm&r=g","contentUrl":"https:\/\/secure.gravatar.com\/avatar\/82aafea7d8127119dd649515f56e2117?s=96&d=mm&r=g","caption":"rtnews"},"url":"https:\/\/now-news.de\/de\/author\/rnews\/"}]}},"_links":{"self":[{"href":"https:\/\/now-news.de\/de\/wp-json\/wp\/v2\/posts\/1854"}],"collection":[{"href":"https:\/\/now-news.de\/de\/wp-json\/wp\/v2\/posts"}],"about":[{"href":"https:\/\/now-news.de\/de\/wp-json\/wp\/v2\/types\/post"}],"author":[{"embeddable":true,"href":"https:\/\/now-news.de\/de\/wp-json\/wp\/v2\/users\/3"}],"replies":[{"embeddable":true,"href":"https:\/\/now-news.de\/de\/wp-json\/wp\/v2\/comments?post=1854"}],"version-history":[{"count":0,"href":"https:\/\/now-news.de\/de\/wp-json\/wp\/v2\/posts\/1854\/revisions"}],"wp:featuredmedia":[{"embeddable":true,"href":"https:\/\/now-news.de\/de\/wp-json\/wp\/v2\/media\/1855"}],"wp:attachment":[{"href":"https:\/\/now-news.de\/de\/wp-json\/wp\/v2\/media?parent=1854"}],"wp:term":[{"taxonomy":"category","embeddable":true,"href":"https:\/\/now-news.de\/de\/wp-json\/wp\/v2\/categories?post=1854"},{"taxonomy":"post_tag","embeddable":true,"href":"https:\/\/now-news.de\/de\/wp-json\/wp\/v2\/tags?post=1854"}],"curies":[{"name":"wp","href":"https:\/\/api.w.org\/{rel}","templated":true}]}}