{"id":18529,"date":"2022-09-06T15:52:49","date_gmt":"2022-09-06T13:52:49","guid":{"rendered":"http:\/\/just-now.news\/de\/deutschland\/atomwaffenfaehige-us-bomber-ueben-in-nahost-inmitten-spannungen-mit-iran\/"},"modified":"2022-09-06T15:52:49","modified_gmt":"2022-09-06T13:52:49","slug":"atomwaffenfaehige-us-bomber-ueben-in-nahost-inmitten-spannungen-mit-iran","status":"publish","type":"post","link":"https:\/\/now-news.de\/de\/deutschland\/atomwaffenfaehige-us-bomber-ueben-in-nahost-inmitten-spannungen-mit-iran\/","title":{"rendered":"Atomwaffenf\u00e4hige US-Bomber \u00fcben in Nahost inmitten Spannungen mit Iran"},"content":{"rendered":"<p><img decoding=\"async\" src=\"http:\/\/just-now.news\/de\/wp-content\/uploads\/sites\/3\/2022\/09\/631721ceb480cc0c250fda0c.jpg\" \/><\/p>\n<div class=\"Text-root Text-type_1 \">\n                Vor dem Hintergrund der sich versch\u00e4rfenden Spannungen mit Iran haben die USA am vergangenen Sonntag ein Luftman\u00f6ver im Nahen Osten abgehalten. Daran nahmen atomwaffenf\u00e4hige US-Bomber vom Typ B-52H teil. Auch Gro\u00dfbritannien, Kuwait und Saudi-Arabien machten mit.\n            <\/div>\n<p><\/p>\n<div class=\"Text-root Text-type_5 ArticleView-text ViewText-root \">\n<p>US-amerikanische strategische Bomber vom Typ B-52H Stratofortress haben am Sonntag im Rahmen eines Man\u00f6vers einen \u00dcberflug \u00fcber den Nahen Osten absolviert. An den \u00dcbungen der atomwaffenf\u00e4higen US-Flugzeuge beteiligten sich au\u00dferdem die Luftstreitkr\u00e4fte Gro\u00dfbritanniens, Kuwaits und Saudi-Arabiens. Das Man\u00f6ver erfolgte vor dem Hintergrund der sich zuspitzenden Spannungen mit Iran.\u00a0<\/p>\n<p>Laut einer Mitteilung des Zentralkommandos der Vereinigten Staaten (CENTCOM) <a rel=\"nofollow noopener\" target=\"_blank\" href=\"https:\/\/www.afcent.af.mil\/News\/Article\/3148886\/us-partners-conduct-middle-east-btf-through-air-land-and-sea\/\">hielten<\/a> zwei auf der britischen Luftwaffenbasis Fairford stationierte B-52-Bomber ein &#8220;Integrationstraining&#8221; und andere Man\u00f6ver mit diversen Flugzeugen ab, darunter Kampfflugzeuge vom Typ F-15 und F-18, Jagdflugzeuge vom Typ FGR-4, Fr\u00fchwarnflugzeuge vom Typ E-3, Tankflugzeuge vom Typ KC-135, KC-10 und KC-46, aber auch\u00a0Maschinen\u00a0vom Typ RJ-135 und A-330. Das Training fand \u00fcber dem \u00f6stlichen Mittelmeer, der Arabischen Halbinsel und dem Roten Meer statt.<\/p>\n<p>Generalleutnant Alexus Grynkewich, der Befehlshaber der 9. US-Luftflotte, wurde in einer entsprechenden Erkl\u00e4rung mit den Worten zitiert:<\/p>\n<blockquote>\n<p><em>&#8220;Dieser Bomber-Einsatzverband ist eine starke und klare Demonstration des dauerhaften US-Engagements in der Region. Zus\u00e4tzlich zu einer ausreichenden und nachhaltigen Aufrechterhaltung ihrer Kr\u00e4fte ist die 9. US-Flotte gemeinsam mit unseren Partnern in der Lage, bei Bedarf schnell eine \u00fcberw\u00e4ltigende Kampfkraft in die Region zu bringen. Bedrohungen f\u00fcr die USA und unsere Partner werden nicht unbeantwortet bleiben.&#8221;<\/em><\/p>\n<\/blockquote>\n<p>Der hochrangige Offizier f\u00fcgte hinzu, solche Man\u00f6ver zeigten die F\u00e4higkeit der USA und ihrer Verb\u00fcndeten, ihre Kr\u00e4fte zu vereinen, um gemeinsame Gegner abzuschrecken und im Ernstfall zu besiegen.<\/p>\n<p><strong>Steigende Spannungen mit Teheran<\/strong><\/p>\n<p>Die Man\u00f6ver fanden inmitten der sich zuspitzenden Spannungen zwischen Washington und Teheran statt, da bislang kein Durchbruch in den Gespr\u00e4chen \u00fcber die Wiederbelebung des im Jahr 2015 geschlossenen Atomdeals erzielt werden konnte. So hatte\u00a0Nasser Kanaani, der Sprecher des iranischen Au\u00dfenministeriums, am vergangenen Freitag mitgeteilt, dass sein Land auf die j\u00fcngsten US-Vorschl\u00e4ge geantwortet habe. Der von Teheran vorbereitete Text enthalte &#8220;eine konstruktive Position&#8221; und ziele auf einen Abschluss der Verhandlungen ab. Das US-Au\u00dfenministerium <a rel=\"nofollow noopener\" target=\"_blank\" href=\"https:\/\/de.rt.com\/international\/147786-iran-ubermittelt-eu-neuen-vorschlag\/\">teilte<\/a> aber die positive Einstellung der iranischen F\u00fchrung nicht. Leider sei die von Teheran verfasste Antwort nicht konstruktiv, teilte\u00a0Vedant Patel, der Sprecher des Ministeriums, mit.<\/p>\n<p>Dar\u00fcber hinaus hatte Washington am vergangenen Dienstag mitgeteilt, dass ein Schiff der Armee der W\u00e4chter der Islamischen Revolution (Revolutionsgarde) versucht habe, in den internationalen Gew\u00e4ssern des Persischen Golfes ein US-Drohnenschiff in eigenen Besitz zu nehmen. Erst als das US-Milit\u00e4r mit einem Kriegsschiff und einem Helikopter durchgegriffen habe, habe das iranische Schiff das Schleppseil von dem US-Drohnenschiff losgel\u00f6st und den Ort des Geschehens verlassen. Die iranische Agentur <em>Tasnim <\/em>zitierte aus einer Mitteilung der Revolutionsgarde, wonach die Darstellung der USA ein &#8220;Hollywood-M\u00e4rchen&#8221; sei, das die Wirklichkeit entstelle. Nach Angaben der Nachrichtenagentur habe der Kapit\u00e4n des iranischen Schiffs das US-Drohnenschiff nach eigenem Gutd\u00fcnken losgel\u00f6st. Im Artikel stand, dass solche unbemannten Wasserfahrzeuge Unf\u00e4lle im Schiffsverkehr verursachen k\u00f6nnten, wenn sie au\u00dfer Kontrolle gerieten.<\/p>\n<p><strong>Mehr zum Thema<\/strong> &#8211;\u00a0<a rel=\"nofollow noopener\" target=\"_blank\" href=\"https:\/\/de.rt.com\/international\/148029-medienbericht-us-druck-treibt-russland\/\">Medienbericht: US-Druck treibt Russland, China und Iran enger zusammen<\/a><\/p>\n<\/div>\n<p><br \/>\n<br \/><a href=\"https:\/\/de.rt.com\/der-nahe-osten\/148122-atomwaffenfahige-us-bomber-ueben-in-nahost-mitten-in-spannungen-mit-iran\/\">Source link <\/a><\/p>\n","protected":false},"excerpt":{"rendered":"<p>Vor dem Hintergrund der sich versch\u00e4rfenden Spannungen mit Iran haben die USA am vergangenen Sonntag ein Luftman\u00f6ver im Nahen Osten abgehalten. Daran nahmen atomwaffenf\u00e4hige US-Bomber vom Typ B-52H teil. Auch Gro\u00dfbritannien, Kuwait und Saudi-Arabien machten mit. US-amerikanische strategische Bomber vom Typ B-52H Stratofortress haben am Sonntag im Rahmen eines Man\u00f6vers einen \u00dcberflug \u00fcber den Nahen [&hellip;]<\/p>\n","protected":false},"author":3,"featured_media":18530,"comment_status":"open","ping_status":"open","sticky":false,"template":"","format":"standard","meta":{"wp_automatic_camp":["217"],"d902569122c64c77b8cf67fccb2548d6":["Atomwaffenf\u00e4hige US-Bomber \u00fcben in Nahost inmitten Spannungen mit Iran"],"original_link":["https:\/\/de.rt.com\/der-nahe-osten\/148122-atomwaffenfahige-us-bomber-ueben-in-nahost-mitten-in-spannungen-mit-iran\/"],"_thumbnail_id":["18530"],"_wptg_p2tg_sent2tg":["2022-09-06 15:55:08"],"jnews_social_counter_last_update":["1777208134"]},"categories":[19,23],"tags":[32399,4219,1786,419,20000,4832,24033,32400],"yoast_head":"<!-- This site is optimized with the Yoast SEO Premium plugin v22.7 (Yoast SEO v22.7) - https:\/\/yoast.com\/wordpress\/plugins\/seo\/ -->\n<title>Atomwaffenf\u00e4hige US-Bomber \u00fcben in Nahost inmitten Spannungen mit Iran - just-now.NEWS Deutschland<\/title>\n<meta name=\"robots\" content=\"index, follow, max-snippet:-1, max-image-preview:large, max-video-preview:-1\" \/>\n<link rel=\"canonical\" href=\"https:\/\/now-news.de\/de\/deutschland\/atomwaffenfaehige-us-bomber-ueben-in-nahost-inmitten-spannungen-mit-iran\/\" \/>\n<meta property=\"og:locale\" content=\"de_DE\" \/>\n<meta property=\"og:type\" content=\"article\" \/>\n<meta property=\"og:title\" content=\"Atomwaffenf\u00e4hige US-Bomber \u00fcben in Nahost inmitten Spannungen mit Iran\" \/>\n<meta property=\"og:description\" content=\"Vor dem Hintergrund der sich versch\u00e4rfenden Spannungen mit Iran haben die USA am vergangenen Sonntag ein Luftman\u00f6ver im Nahen Osten abgehalten. Daran nahmen atomwaffenf\u00e4hige US-Bomber vom Typ B-52H teil. Auch Gro\u00dfbritannien, Kuwait und Saudi-Arabien machten mit. US-amerikanische strategische Bomber vom Typ B-52H Stratofortress haben am Sonntag im Rahmen eines Man\u00f6vers einen \u00dcberflug \u00fcber den Nahen [&hellip;]\" \/>\n<meta property=\"og:url\" content=\"https:\/\/now-news.de\/de\/deutschland\/atomwaffenfaehige-us-bomber-ueben-in-nahost-inmitten-spannungen-mit-iran\/\" \/>\n<meta property=\"og:site_name\" content=\"just-now.NEWS Deutschland\" \/>\n<meta property=\"article:publisher\" content=\"https:\/\/www.facebook.com\/wirmachenauf\" \/>\n<meta property=\"article:published_time\" content=\"2022-09-06T13:52:49+00:00\" \/>\n<meta property=\"og:image\" content=\"https:\/\/now-news.de\/de\/wp-content\/uploads\/sites\/3\/2022\/09\/Atomwaffenfaehige-US-Bomber-ueben-in-Nahost-inmitten-Spannungen-mit-Iran.jpg\" \/>\n\t<meta property=\"og:image:width\" content=\"460\" \/>\n\t<meta property=\"og:image:height\" content=\"259\" \/>\n\t<meta property=\"og:image:type\" content=\"image\/jpeg\" \/>\n<meta name=\"author\" content=\"rtnews\" \/>\n<meta name=\"twitter:card\" content=\"summary_large_image\" \/>\n<meta name=\"twitter:creator\" content=\"@WirMachenAuf_de\" \/>\n<meta name=\"twitter:site\" content=\"@WirMachenAuf_de\" \/>\n<meta name=\"twitter:label1\" content=\"Verfasst von\" \/>\n\t<meta name=\"twitter:data1\" content=\"rtnews\" \/>\n\t<meta name=\"twitter:label2\" content=\"Gesch\u00e4tzte Lesezeit\" \/>\n\t<meta name=\"twitter:data2\" content=\"3\u00a0Minuten\" \/>\n<script type=\"application\/ld+json\" class=\"yoast-schema-graph\">{\"@context\":\"https:\/\/schema.org\",\"@graph\":[{\"@type\":\"Article\",\"@id\":\"https:\/\/now-news.de\/de\/deutschland\/atomwaffenfaehige-us-bomber-ueben-in-nahost-inmitten-spannungen-mit-iran\/#article\",\"isPartOf\":{\"@id\":\"https:\/\/now-news.de\/de\/deutschland\/atomwaffenfaehige-us-bomber-ueben-in-nahost-inmitten-spannungen-mit-iran\/\"},\"author\":{\"name\":\"rtnews\",\"@id\":\"https:\/\/now-news.de\/de\/#\/schema\/person\/fb534a4e865501d8b3285208df34a9b5\"},\"headline\":\"Atomwaffenf\u00e4hige US-Bomber \u00fcben in Nahost inmitten Spannungen mit Iran\",\"datePublished\":\"2022-09-06T13:52:49+00:00\",\"dateModified\":\"2022-09-06T13:52:49+00:00\",\"mainEntityOfPage\":{\"@id\":\"https:\/\/now-news.de\/de\/deutschland\/atomwaffenfaehige-us-bomber-ueben-in-nahost-inmitten-spannungen-mit-iran\/\"},\"wordCount\":545,\"commentCount\":0,\"publisher\":{\"@id\":\"https:\/\/now-news.de\/de\/#organization\"},\"image\":{\"@id\":\"https:\/\/now-news.de\/de\/deutschland\/atomwaffenfaehige-us-bomber-ueben-in-nahost-inmitten-spannungen-mit-iran\/#primaryimage\"},\"thumbnailUrl\":\"https:\/\/now-news.de\/de\/wp-content\/uploads\/sites\/3\/2022\/09\/Atomwaffenfaehige-US-Bomber-ueben-in-Nahost-inmitten-Spannungen-mit-Iran.jpg\",\"keywords\":[\"Atomwaffenf\u00e4hige\",\"inmitten\",\"Iran\",\"mit\",\"Nahost\",\"Spannungen\",\"\u00fcben\",\"USBomber\"],\"articleSection\":[\"Deutschland\",\"Russland\"],\"inLanguage\":\"de\",\"potentialAction\":[{\"@type\":\"CommentAction\",\"name\":\"Comment\",\"target\":[\"https:\/\/now-news.de\/de\/deutschland\/atomwaffenfaehige-us-bomber-ueben-in-nahost-inmitten-spannungen-mit-iran\/#respond\"]}]},{\"@type\":\"WebPage\",\"@id\":\"https:\/\/now-news.de\/de\/deutschland\/atomwaffenfaehige-us-bomber-ueben-in-nahost-inmitten-spannungen-mit-iran\/\",\"url\":\"https:\/\/now-news.de\/de\/deutschland\/atomwaffenfaehige-us-bomber-ueben-in-nahost-inmitten-spannungen-mit-iran\/\",\"name\":\"Atomwaffenf\u00e4hige US-Bomber \u00fcben in Nahost inmitten Spannungen mit Iran - just-now.NEWS Deutschland\",\"isPartOf\":{\"@id\":\"https:\/\/now-news.de\/de\/#website\"},\"primaryImageOfPage\":{\"@id\":\"https:\/\/now-news.de\/de\/deutschland\/atomwaffenfaehige-us-bomber-ueben-in-nahost-inmitten-spannungen-mit-iran\/#primaryimage\"},\"image\":{\"@id\":\"https:\/\/now-news.de\/de\/deutschland\/atomwaffenfaehige-us-bomber-ueben-in-nahost-inmitten-spannungen-mit-iran\/#primaryimage\"},\"thumbnailUrl\":\"https:\/\/now-news.de\/de\/wp-content\/uploads\/sites\/3\/2022\/09\/Atomwaffenfaehige-US-Bomber-ueben-in-Nahost-inmitten-Spannungen-mit-Iran.jpg\",\"datePublished\":\"2022-09-06T13:52:49+00:00\",\"dateModified\":\"2022-09-06T13:52:49+00:00\",\"breadcrumb\":{\"@id\":\"https:\/\/now-news.de\/de\/deutschland\/atomwaffenfaehige-us-bomber-ueben-in-nahost-inmitten-spannungen-mit-iran\/#breadcrumb\"},\"inLanguage\":\"de\",\"potentialAction\":[{\"@type\":\"ReadAction\",\"target\":[\"https:\/\/now-news.de\/de\/deutschland\/atomwaffenfaehige-us-bomber-ueben-in-nahost-inmitten-spannungen-mit-iran\/\"]}]},{\"@type\":\"ImageObject\",\"inLanguage\":\"de\",\"@id\":\"https:\/\/now-news.de\/de\/deutschland\/atomwaffenfaehige-us-bomber-ueben-in-nahost-inmitten-spannungen-mit-iran\/#primaryimage\",\"url\":\"https:\/\/now-news.de\/de\/wp-content\/uploads\/sites\/3\/2022\/09\/Atomwaffenfaehige-US-Bomber-ueben-in-Nahost-inmitten-Spannungen-mit-Iran.jpg\",\"contentUrl\":\"https:\/\/now-news.de\/de\/wp-content\/uploads\/sites\/3\/2022\/09\/Atomwaffenfaehige-US-Bomber-ueben-in-Nahost-inmitten-Spannungen-mit-Iran.jpg\",\"width\":460,\"height\":259,\"caption\":\"Atomwaffenf\u00e4hige US-Bomber \u00fcben in Nahost inmitten Spannungen mit Iran\"},{\"@type\":\"BreadcrumbList\",\"@id\":\"https:\/\/now-news.de\/de\/deutschland\/atomwaffenfaehige-us-bomber-ueben-in-nahost-inmitten-spannungen-mit-iran\/#breadcrumb\",\"itemListElement\":[{\"@type\":\"ListItem\",\"position\":1,\"name\":\"Home\",\"item\":\"https:\/\/now-news.de\/de\/\"},{\"@type\":\"ListItem\",\"position\":2,\"name\":\"Atomwaffenf\u00e4hige US-Bomber \u00fcben in Nahost inmitten Spannungen mit Iran\"}]},{\"@type\":\"WebSite\",\"@id\":\"https:\/\/now-news.de\/de\/#website\",\"url\":\"https:\/\/now-news.de\/de\/\",\"name\":\"just-now.NEWS Deutschland\",\"description\":\"Das Portal f\u00fcr unzensierte Nachrichten aus der Welt\",\"publisher\":{\"@id\":\"https:\/\/now-news.de\/de\/#organization\"},\"potentialAction\":[{\"@type\":\"SearchAction\",\"target\":{\"@type\":\"EntryPoint\",\"urlTemplate\":\"https:\/\/now-news.de\/de\/?s={search_term_string}\"},\"query-input\":\"required name=search_term_string\"}],\"inLanguage\":\"de\"},{\"@type\":\"Organization\",\"@id\":\"https:\/\/now-news.de\/de\/#organization\",\"name\":\"Just Now News\",\"url\":\"https:\/\/now-news.de\/de\/\",\"logo\":{\"@type\":\"ImageObject\",\"inLanguage\":\"de\",\"@id\":\"https:\/\/now-news.de\/de\/#\/schema\/logo\/image\/\",\"url\":\"http:\/\/just-now.news\/de\/wp-content\/uploads\/sites\/3\/2022\/04\/logo500x500.jpg\",\"contentUrl\":\"http:\/\/just-now.news\/de\/wp-content\/uploads\/sites\/3\/2022\/04\/logo500x500.jpg\",\"width\":500,\"height\":500,\"caption\":\"Just Now News\"},\"image\":{\"@id\":\"https:\/\/now-news.de\/de\/#\/schema\/logo\/image\/\"},\"sameAs\":[\"https:\/\/www.facebook.com\/wirmachenauf\",\"https:\/\/x.com\/WirMachenAuf_de\"]},{\"@type\":\"Person\",\"@id\":\"https:\/\/now-news.de\/de\/#\/schema\/person\/fb534a4e865501d8b3285208df34a9b5\",\"name\":\"rtnews\",\"image\":{\"@type\":\"ImageObject\",\"inLanguage\":\"de\",\"@id\":\"https:\/\/now-news.de\/de\/#\/schema\/person\/image\/\",\"url\":\"https:\/\/secure.gravatar.com\/avatar\/82aafea7d8127119dd649515f56e2117?s=96&d=mm&r=g\",\"contentUrl\":\"https:\/\/secure.gravatar.com\/avatar\/82aafea7d8127119dd649515f56e2117?s=96&d=mm&r=g\",\"caption\":\"rtnews\"},\"url\":\"https:\/\/now-news.de\/de\/author\/rnews\/\"}]}<\/script>\n<!-- \/ Yoast SEO Premium plugin. -->","yoast_head_json":{"title":"Atomwaffenf\u00e4hige US-Bomber \u00fcben in Nahost inmitten Spannungen mit Iran - just-now.NEWS Deutschland","robots":{"index":"index","follow":"follow","max-snippet":"max-snippet:-1","max-image-preview":"max-image-preview:large","max-video-preview":"max-video-preview:-1"},"canonical":"https:\/\/now-news.de\/de\/deutschland\/atomwaffenfaehige-us-bomber-ueben-in-nahost-inmitten-spannungen-mit-iran\/","og_locale":"de_DE","og_type":"article","og_title":"Atomwaffenf\u00e4hige US-Bomber \u00fcben in Nahost inmitten Spannungen mit Iran","og_description":"Vor dem Hintergrund der sich versch\u00e4rfenden Spannungen mit Iran haben die USA am vergangenen Sonntag ein Luftman\u00f6ver im Nahen Osten abgehalten. Daran nahmen atomwaffenf\u00e4hige US-Bomber vom Typ B-52H teil. Auch Gro\u00dfbritannien, Kuwait und Saudi-Arabien machten mit. US-amerikanische strategische Bomber vom Typ B-52H Stratofortress haben am Sonntag im Rahmen eines Man\u00f6vers einen \u00dcberflug \u00fcber den Nahen [&hellip;]","og_url":"https:\/\/now-news.de\/de\/deutschland\/atomwaffenfaehige-us-bomber-ueben-in-nahost-inmitten-spannungen-mit-iran\/","og_site_name":"just-now.NEWS Deutschland","article_publisher":"https:\/\/www.facebook.com\/wirmachenauf","article_published_time":"2022-09-06T13:52:49+00:00","og_image":[{"width":460,"height":259,"url":"https:\/\/now-news.de\/de\/wp-content\/uploads\/sites\/3\/2022\/09\/Atomwaffenfaehige-US-Bomber-ueben-in-Nahost-inmitten-Spannungen-mit-Iran.jpg","type":"image\/jpeg"}],"author":"rtnews","twitter_card":"summary_large_image","twitter_creator":"@WirMachenAuf_de","twitter_site":"@WirMachenAuf_de","twitter_misc":{"Verfasst von":"rtnews","Gesch\u00e4tzte Lesezeit":"3\u00a0Minuten"},"schema":{"@context":"https:\/\/schema.org","@graph":[{"@type":"Article","@id":"https:\/\/now-news.de\/de\/deutschland\/atomwaffenfaehige-us-bomber-ueben-in-nahost-inmitten-spannungen-mit-iran\/#article","isPartOf":{"@id":"https:\/\/now-news.de\/de\/deutschland\/atomwaffenfaehige-us-bomber-ueben-in-nahost-inmitten-spannungen-mit-iran\/"},"author":{"name":"rtnews","@id":"https:\/\/now-news.de\/de\/#\/schema\/person\/fb534a4e865501d8b3285208df34a9b5"},"headline":"Atomwaffenf\u00e4hige US-Bomber \u00fcben in Nahost inmitten Spannungen mit Iran","datePublished":"2022-09-06T13:52:49+00:00","dateModified":"2022-09-06T13:52:49+00:00","mainEntityOfPage":{"@id":"https:\/\/now-news.de\/de\/deutschland\/atomwaffenfaehige-us-bomber-ueben-in-nahost-inmitten-spannungen-mit-iran\/"},"wordCount":545,"commentCount":0,"publisher":{"@id":"https:\/\/now-news.de\/de\/#organization"},"image":{"@id":"https:\/\/now-news.de\/de\/deutschland\/atomwaffenfaehige-us-bomber-ueben-in-nahost-inmitten-spannungen-mit-iran\/#primaryimage"},"thumbnailUrl":"https:\/\/now-news.de\/de\/wp-content\/uploads\/sites\/3\/2022\/09\/Atomwaffenfaehige-US-Bomber-ueben-in-Nahost-inmitten-Spannungen-mit-Iran.jpg","keywords":["Atomwaffenf\u00e4hige","inmitten","Iran","mit","Nahost","Spannungen","\u00fcben","USBomber"],"articleSection":["Deutschland","Russland"],"inLanguage":"de","potentialAction":[{"@type":"CommentAction","name":"Comment","target":["https:\/\/now-news.de\/de\/deutschland\/atomwaffenfaehige-us-bomber-ueben-in-nahost-inmitten-spannungen-mit-iran\/#respond"]}]},{"@type":"WebPage","@id":"https:\/\/now-news.de\/de\/deutschland\/atomwaffenfaehige-us-bomber-ueben-in-nahost-inmitten-spannungen-mit-iran\/","url":"https:\/\/now-news.de\/de\/deutschland\/atomwaffenfaehige-us-bomber-ueben-in-nahost-inmitten-spannungen-mit-iran\/","name":"Atomwaffenf\u00e4hige US-Bomber \u00fcben in Nahost inmitten Spannungen mit Iran - just-now.NEWS Deutschland","isPartOf":{"@id":"https:\/\/now-news.de\/de\/#website"},"primaryImageOfPage":{"@id":"https:\/\/now-news.de\/de\/deutschland\/atomwaffenfaehige-us-bomber-ueben-in-nahost-inmitten-spannungen-mit-iran\/#primaryimage"},"image":{"@id":"https:\/\/now-news.de\/de\/deutschland\/atomwaffenfaehige-us-bomber-ueben-in-nahost-inmitten-spannungen-mit-iran\/#primaryimage"},"thumbnailUrl":"https:\/\/now-news.de\/de\/wp-content\/uploads\/sites\/3\/2022\/09\/Atomwaffenfaehige-US-Bomber-ueben-in-Nahost-inmitten-Spannungen-mit-Iran.jpg","datePublished":"2022-09-06T13:52:49+00:00","dateModified":"2022-09-06T13:52:49+00:00","breadcrumb":{"@id":"https:\/\/now-news.de\/de\/deutschland\/atomwaffenfaehige-us-bomber-ueben-in-nahost-inmitten-spannungen-mit-iran\/#breadcrumb"},"inLanguage":"de","potentialAction":[{"@type":"ReadAction","target":["https:\/\/now-news.de\/de\/deutschland\/atomwaffenfaehige-us-bomber-ueben-in-nahost-inmitten-spannungen-mit-iran\/"]}]},{"@type":"ImageObject","inLanguage":"de","@id":"https:\/\/now-news.de\/de\/deutschland\/atomwaffenfaehige-us-bomber-ueben-in-nahost-inmitten-spannungen-mit-iran\/#primaryimage","url":"https:\/\/now-news.de\/de\/wp-content\/uploads\/sites\/3\/2022\/09\/Atomwaffenfaehige-US-Bomber-ueben-in-Nahost-inmitten-Spannungen-mit-Iran.jpg","contentUrl":"https:\/\/now-news.de\/de\/wp-content\/uploads\/sites\/3\/2022\/09\/Atomwaffenfaehige-US-Bomber-ueben-in-Nahost-inmitten-Spannungen-mit-Iran.jpg","width":460,"height":259,"caption":"Atomwaffenf\u00e4hige US-Bomber \u00fcben in Nahost inmitten Spannungen mit Iran"},{"@type":"BreadcrumbList","@id":"https:\/\/now-news.de\/de\/deutschland\/atomwaffenfaehige-us-bomber-ueben-in-nahost-inmitten-spannungen-mit-iran\/#breadcrumb","itemListElement":[{"@type":"ListItem","position":1,"name":"Home","item":"https:\/\/now-news.de\/de\/"},{"@type":"ListItem","position":2,"name":"Atomwaffenf\u00e4hige US-Bomber \u00fcben in Nahost inmitten Spannungen mit Iran"}]},{"@type":"WebSite","@id":"https:\/\/now-news.de\/de\/#website","url":"https:\/\/now-news.de\/de\/","name":"just-now.NEWS Deutschland","description":"Das Portal f\u00fcr unzensierte Nachrichten aus der Welt","publisher":{"@id":"https:\/\/now-news.de\/de\/#organization"},"potentialAction":[{"@type":"SearchAction","target":{"@type":"EntryPoint","urlTemplate":"https:\/\/now-news.de\/de\/?s={search_term_string}"},"query-input":"required name=search_term_string"}],"inLanguage":"de"},{"@type":"Organization","@id":"https:\/\/now-news.de\/de\/#organization","name":"Just Now News","url":"https:\/\/now-news.de\/de\/","logo":{"@type":"ImageObject","inLanguage":"de","@id":"https:\/\/now-news.de\/de\/#\/schema\/logo\/image\/","url":"http:\/\/just-now.news\/de\/wp-content\/uploads\/sites\/3\/2022\/04\/logo500x500.jpg","contentUrl":"http:\/\/just-now.news\/de\/wp-content\/uploads\/sites\/3\/2022\/04\/logo500x500.jpg","width":500,"height":500,"caption":"Just Now News"},"image":{"@id":"https:\/\/now-news.de\/de\/#\/schema\/logo\/image\/"},"sameAs":["https:\/\/www.facebook.com\/wirmachenauf","https:\/\/x.com\/WirMachenAuf_de"]},{"@type":"Person","@id":"https:\/\/now-news.de\/de\/#\/schema\/person\/fb534a4e865501d8b3285208df34a9b5","name":"rtnews","image":{"@type":"ImageObject","inLanguage":"de","@id":"https:\/\/now-news.de\/de\/#\/schema\/person\/image\/","url":"https:\/\/secure.gravatar.com\/avatar\/82aafea7d8127119dd649515f56e2117?s=96&d=mm&r=g","contentUrl":"https:\/\/secure.gravatar.com\/avatar\/82aafea7d8127119dd649515f56e2117?s=96&d=mm&r=g","caption":"rtnews"},"url":"https:\/\/now-news.de\/de\/author\/rnews\/"}]}},"_links":{"self":[{"href":"https:\/\/now-news.de\/de\/wp-json\/wp\/v2\/posts\/18529"}],"collection":[{"href":"https:\/\/now-news.de\/de\/wp-json\/wp\/v2\/posts"}],"about":[{"href":"https:\/\/now-news.de\/de\/wp-json\/wp\/v2\/types\/post"}],"author":[{"embeddable":true,"href":"https:\/\/now-news.de\/de\/wp-json\/wp\/v2\/users\/3"}],"replies":[{"embeddable":true,"href":"https:\/\/now-news.de\/de\/wp-json\/wp\/v2\/comments?post=18529"}],"version-history":[{"count":0,"href":"https:\/\/now-news.de\/de\/wp-json\/wp\/v2\/posts\/18529\/revisions"}],"wp:featuredmedia":[{"embeddable":true,"href":"https:\/\/now-news.de\/de\/wp-json\/wp\/v2\/media\/18530"}],"wp:attachment":[{"href":"https:\/\/now-news.de\/de\/wp-json\/wp\/v2\/media?parent=18529"}],"wp:term":[{"taxonomy":"category","embeddable":true,"href":"https:\/\/now-news.de\/de\/wp-json\/wp\/v2\/categories?post=18529"},{"taxonomy":"post_tag","embeddable":true,"href":"https:\/\/now-news.de\/de\/wp-json\/wp\/v2\/tags?post=18529"}],"curies":[{"name":"wp","href":"https:\/\/api.w.org\/{rel}","templated":true}]}}