{"id":18499,"date":"2022-09-06T08:49:34","date_gmt":"2022-09-06T06:49:34","guid":{"rendered":"http:\/\/just-now.news\/de\/deutschland\/symbol-des-entleerten-gesichts-wissenschaftler-hinterfragen-maskenpflicht\/"},"modified":"2022-09-06T08:49:34","modified_gmt":"2022-09-06T06:49:34","slug":"symbol-des-entleerten-gesichts-wissenschaftler-hinterfragen-maskenpflicht","status":"publish","type":"post","link":"https:\/\/now-news.de\/de\/deutschland\/symbol-des-entleerten-gesichts-wissenschaftler-hinterfragen-maskenpflicht\/","title":{"rendered":"&quot;Symbol des entleerten Gesichts&quot; &#8211;  Wissenschaftler hinterfragen Maskenpflicht"},"content":{"rendered":"<p><img decoding=\"async\" src=\"http:\/\/just-now.news\/de\/wp-content\/uploads\/sites\/3\/2022\/09\/6315941f48fbef101f6127f6.jpg\" \/><\/p>\n<p>Eine Wissenschaftsgruppe mit knapp <a rel=\"nofollow noopener\" target=\"_blank\" href=\"https:\/\/7argumente.de\/\">achtzig Mitgliedern<\/a>\u00a0aus unterschiedlichsten Fachausrichtungen\u00a0wendet sich in einer offenen Stellungnahme auf ihrer Webseite <em>7 Argumente\u00a0<\/em>erneut an die verantwortliche Politik. Unter dem Titel: &#8220;Keine evidenzfreie Maskenpflicht!&#8221; wird eindeutige Kritik formuliert, hinsichtlich der geplanten Ma\u00dfnahmenverordnungen \u00fcber die\u00a0Maskenpflicht in Deutschland. So hei\u00dft es zu Beginn der Ver\u00f6ffentlichung:<\/p>\n<blockquote>\n<p><em>&#8220;Wer in einem Rechtsstaat elementare B\u00fcrgerrechte einschr\u00e4nken will, muss zun\u00e4chst die Notwendigkeit daf\u00fcr nachweisen. In der aktuellen Neuauflage des IfSG kommt der Maskenpflicht als &#8216;m\u00f6glichst wenig einschr\u00e4nkende&#8217; Ma\u00dfnahme zentrale Bedeutung zu.&#8221;<\/em><\/p>\n<\/blockquote>\n<p>Ab Oktober soll nach entsprechendem Beschluss eine Maskenpflicht im Fern- und Flugverkehr sowie eine Masken- und Testpflicht in Krankenh\u00e4usern und Pflegeeinrichtungen gelten. Entsprechend den Vorgaben des\u00a0Infektionsschutzgesetzes (IfSG) k\u00f6nnte durch entsprechende Verordnungen seitens der L\u00e4nder die Maskenpflicht in gesellschaftlichen Teilbereichen ausgeweitet werden. Die Autoren geben der verantwortlichen Politik zu bedenken:<\/p>\n<blockquote>\n<p><em>&#8220;Experten\u00a0wie K. St\u00f6hr oder\u00a0J. Schmidt-Chanasit\u00a0haben hingegen darauf hingewiesen, dass es\u00a0keine wissenschaftliche Evidenz f\u00fcr den Nutzen einer Maskenpflicht gibt und diese auch den Empfehlungen wissenschaftlicher Fachgesellschaften widerspricht.&#8221;<\/em><\/p>\n<\/blockquote>\n<p>Der\u00a0Epidemiologe Klaus St\u00f6hr, Mitglied im\u00a0Corona-Sachverst\u00e4ndigenausschuss des Bundestages, attackierte j\u00fcngst Minister Lauterbach f\u00fcr\u00a0dessen Twitter-Mitteilung:<\/p>\n<blockquote>\n<p><em> &#8220;Omikron BA.5 ist extrem ansteckend. Wenn man Maske tr\u00e4gt, sollte sie auch wirken. Daher die FFP2 Pflicht.&#8221;<\/em><\/p>\n<\/blockquote>\n<p>St\u00f6hr erwiderte darauf unmissverst\u00e4ndlich in seinem eigenen Twitter-Beitrag:<\/p>\n<blockquote>\n<p><em>&#8220;Karl Lauterbach: Konsequentes Negieren des wissenschaftlichen Konsens. Bitte befragen Sie Ihre Experten zu diesem Thema.&#8221;<\/em><\/p>\n<\/blockquote>\n<div class=\"EmbedBlock-root EmbedBlock-twitter\">\n<div class=\"TwitterEmbed\">\n<blockquote class=\"twitter-tweet lazyload\" data-twitter=\"twitter-tweet\">\n<p lang=\"de\" dir=\"ltr\"><a rel=\"nofollow noopener\" target=\"_blank\" href=\"https:\/\/twitter.com\/Karl_Lauterbach?ref_src=twsrc%5Etfw\">@Karl_Lauterbach<\/a>: Konsequentes Negieren des wissenschaftlichen Konsens<a rel=\"nofollow noopener\" target=\"_blank\" href=\"https:\/\/t.co\/btUq7om71u\">https:\/\/t.co\/btUq7om71u<\/a>Bitte befragen Sie Ihre Experten zu diesem Thema.Als Alternative: <a rel=\"nofollow noopener\" target=\"_blank\" href=\"https:\/\/t.co\/RubSKcedwO\">https:\/\/t.co\/RubSKcedwO<\/a> <a rel=\"nofollow noopener\" target=\"_blank\" href=\"https:\/\/t.co\/zGpa6lwXAK\">https:\/\/t.co\/zGpa6lwXAK<\/a> <a rel=\"nofollow noopener\" target=\"_blank\" href=\"https:\/\/t.co\/7lKqvb7nJb\">pic.twitter.com\/7lKqvb7nJb<\/a><\/p>\n<p>\u2014 Klaus St\u00f6hr (@stohr_klaus) <a rel=\"nofollow noopener\" target=\"_blank\" href=\"https:\/\/twitter.com\/stohr_klaus\/status\/1562749363042271235?ref_src=twsrc%5Etfw\">August 25, 2022<\/a><\/p><\/blockquote><\/div><\/div>\n<p>St\u00f6hr verweist in seinem Twitter-Beitrag auf eine <a rel=\"nofollow noopener\" target=\"_blank\" href=\"https:\/\/www.krankenhaushygiene.de\/pdfdata\/2021-07-07-Masken.pdf\">Stellungnahme<\/a> der DGKH (Deutsche Gesellschaft f\u00fcr Krankenhaushygiene) vom Juli 2021. Dort hei\u00dft es, unter dem Titel: &#8220;FFP2-Masken m\u00fcssen sicherer werden \u2013 und sind keine Option f\u00fcr die Bev\u00f6lkerung&#8221;:<\/p>\n<blockquote>\n<p><em>&#8220;In der Folge hat sich die DGKH kritisch zu den FFP2-Masken und einer Nutzung au\u00dferhalb des Gesundheitswesens durch Laien ge\u00e4u\u00dfert. Dicht sitzende FFP2- Masken (und das ist ja der Sinn) erfordern eine erh\u00f6hte Atemarbeit, die von \u00e4lteren Mitb\u00fcrgerinnen und Mitb\u00fcrgern, aber auch Menschen mit Atemwegserkrankungen nicht geleistet werden kann. Auch die fehlende Auswahlm\u00f6glichkeit f\u00fcr eine dem Gesicht angepasste Maske, das Fehlen von Schulungen f\u00fcr richtiges Tragen und das Fehlen von Dichtsitzpr\u00fcfungen sprechen gegen jede Empfehlung f\u00fcr das Tragen von FFP2-Masken au\u00dferhalb des Gesundheitswesens. Dies m\u00fcsse dazu f\u00fchren, dass die Masken undicht getragen werden und insofern keinerlei Schutz bieten.&#8221;\u00a0<\/em><\/p>\n<\/blockquote>\n<p>Der Virologe Jonas Schmidt-Chanasit\u00a0antwortete in einem <a rel=\"nofollow noopener\" target=\"_blank\" href=\"https:\/\/www.berliner-zeitung.de\/gesundheit-oekologie\/virologe-neue-pandemische-corona-variante-sehr-unwahrscheinlich-li.260024\">Interview<\/a>\u00a0auf die Frage, ob\u00a0eine allgemeine Maskenpflicht, etwa in Innenr\u00e4umen, sinnvoll sei:<\/p>\n<blockquote>\n<p><em>&#8220;F\u00fcr verpflichtende Ma\u00dfnahmen auf Bev\u00f6lkerungsebene besteht, wie in fast allen anderen europ\u00e4ischen L\u00e4ndern, keine Notwendigkeit mehr.&#8221;<\/em><\/p>\n<\/blockquote>\n<p>Die Regelung von\u00a0FFP2-Masken in Altersheimen und anderen \u00f6ffentlichen R\u00e4umen, existiere &#8220;in fast keinem anderen Land der Welt au\u00dfer in Deutschland.&#8221; In der Stellungnahme der Wissenschaftler hei\u00dft es weiter:<\/p>\n<blockquote>\n<p><em>&#8220;Selbst der Evaluationsbericht einer von der Bundesregierung eingesetzten Expertengruppe konnte keine ausreichenden Belege f\u00fcr eine Wirksamkeit anf\u00fchren: &#8230; &#8220;Denn randomisierte, klinische Studien zur Wirksamkeit von Masken fehlen. Die Wirkung sei v.a. psychologischer Art &#8230;, da durch Masken im Alltag allgegenw\u00e4rtig auf die potentielle Gefahr des Virus hingewiesen wird.&#8217; (S. 87f).&#8221;<\/em><\/p>\n<\/blockquote>\n<p>Die <em>Thieme<\/em>-Verlagsgruppe,\u00a0ein Verbund aus Wissenschaftsverlagen, stellte bereits im August 2020 zum Thema Maskenpflicht in einer <a rel=\"nofollow noopener\" target=\"_blank\" href=\"https:\/\/www.thieme-connect.com\/products\/ejournals\/abstract\/10.1055\/a-1174-6591\">Ver\u00f6ffentlichung<\/a>\u00a0mit dem Titel: &#8220;Mund-Nasen-Schutz in der \u00d6ffentlichkeit: Keine Hinweise f\u00fcr eine Wirksamkeit&#8221;, fest:<\/p>\n<blockquote>\n<p><em>&#8220;Dabei besteht das Risiko, dass der \u2013 schon zwangsl\u00e4ufig\u00a0\u2013 unsachgem\u00e4\u00dfe Umgang mit der Maske und die erh\u00f6hte Tendenz, sich selbst ins Gesicht zu fassen, w\u00e4hrend man die Maske tr\u00e4gt, tats\u00e4chlich das Risiko einer Erregerverbreitung und damit Erreger\u00fcbertragung noch erh\u00f6ht \u2013 ein Risiko, das man doch aber gerade durch die Maske reduzieren will.&#8221;<\/em><\/p>\n<\/blockquote>\n<p>Der Berufsverband der Kinder- und Jugend\u00e4rzte e. V. (BVKJ) betont in einer aktuellen\u00a0<a rel=\"nofollow noopener\" target=\"_blank\" href=\"https:\/\/www.bvkj.de\/politik-und-presse\/nachrichten\/264-2022-08-29-stellungnahme-anhoerung-covid-19-schutzgesetz\">Ver\u00f6ffentlichung<\/a> aus dem August 2022:<\/p>\n<blockquote>\n<p><em>&#8220;Wir stellen dabei klar, dass weder derzeit noch nach aller Voraussicht im ganzen kommenden Herbst\/Winter die Pflicht zum Tragen von Masken in Schulen (das schlie\u00dft insbesondere weiterf\u00fchrende Schulen mit ein) und anderen Bildungseinrichtungen zu rechtfertigen sein wird.&#8221;<\/em><\/p>\n<\/blockquote>\n<p>International w\u00fcrde das Thema COVID-19 &#8220;inzwischen weitgehend als normales Lebensrisiko eingeordnet&#8221;, so die Autoren der Webseite <em>7 Argumente. <\/em>Sie warnen:<\/p>\n<blockquote>\n<p><em>&#8220;Die Frage der Verh\u00e4ltnism\u00e4\u00dfigkeit muss daher neu gestellt werden, umso mehr, als eine Maskenpflicht\u00a0alles andere als ein geringer Eingriff ist. Selbst die Expertengruppe benennt etwa Kopfschmerzen als Folgen. Zahlreiche Studien belegen noch weit gravierendere Gesundheitsgefahren bis hin zu dauerhaften Gehirnsch\u00e4den durch\u00a0zu hohe CO2-Konzentration, bakteriellen Entz\u00fcndungen oder Pilzbefall der Lunge, die\u00a0strafrechtliche Fragen\u00a0aufwerfen.&#8221;\u00a0<\/em><\/p>\n<\/blockquote>\n<p>Die eingeforderte Maske in dem Gesicht der Menschen, sei in den Jahren der Corona-Krise zudem &#8220;zum Symbol des entleerten Gesichts geworden: Nicht mehr Individuen treten auf, sondern es wird eine Masse erzeugt&#8221;, so der Autorentext.\u00a0Die Einsch\u00e4tzung lautet:<\/p>\n<blockquote>\n<p><em>&#8220;Die Gesichtsbedeckung steht f\u00fcr den Versuch, das Unkontrollierbare zu kontrollieren und symbolisiert nicht selten eine zunehmende N\u00e4he zum magischen Denken: Auf nicht unmittelbar \u00fcberpr\u00fcfbaren \u00dcberzeugungen basierendes Verhalten mit Unheil abwehrender Absicht wird in der vergleichenden Religionswissenschaft der Magie zugeordnet.&#8221;<\/em><\/p>\n<\/blockquote>\n<p>Rein politisch motiviert w\u00fcrde durch eine fortdauernde Maskenpflicht &#8220;die Visualisierung der Bedrohung&#8221; dargestellt, ein &#8220;kommunikativer Kontrollmechanismus&#8221; geschaffen, der &#8220;stark emotional besetzt ist.&#8221; Der Journalist Stefan Aust <a rel=\"nofollow noopener\" target=\"_blank\" href=\"https:\/\/www.stern.de\/gesundheit\/kolumne--warum-die-maske-ein-symbol-unserer-freiheit-ist-9434834.html\">formulierte<\/a> schon im Jahre 2020 seine Feststellung:<\/p>\n<blockquote>\n<p><em>&#8220;Die Maske muss der Maske wegen getragen werden. Als Symbol f\u00fcr Gehorsam den Ma\u00dfnahmen der Regierung gegen\u00fcber.&#8221;<\/em><\/p>\n<\/blockquote>\n<p>Ganz im Gegensatz\u00a0zu den gesellschaftlichen Wahrnehmungen \u00e4u\u00dferte sich der bayerische Ministerpr\u00e4sident Markus S\u00f6der ebenfalls im Jahre 2020 mit der <a rel=\"nofollow noopener\" target=\"_blank\" href=\"https:\/\/twitter.com\/markus_soeder\/status\/1316041544768663552?lang=de\">Erkenntnis<\/a>:<\/p>\n<blockquote>\n<p><em>&#8220;Die Maske erm\u00f6glicht mehr Normalit\u00e4t und wird noch zu einem Symbol von Freiheit.&#8221;<\/em><\/p>\n<\/blockquote>\n<p>Abschlie\u00dfend fragt die Autorengruppe, ob nach dem j\u00fcngsten &#8220;Maskengate&#8221; \u2013 im Zuge der Ereignisse rund um den Flug einer Gruppe von Politikern und Journalisten nach Kanada\u00a0\u2013 eine Maskenpflicht &#8220;\u00fcberhaupt noch glaubw\u00fcrdig&#8221; sei. &#8220;Wenn die Bev\u00f6lkerung sich fragt, ob die\u00a0Ma\u00dfnahmen f\u00fcr Politiker\u00a0nicht gelten&#8221;, sollte deren generelle Zul\u00e4ssigkeit &#8220;sp\u00e4testens jetzt dringend infrage gestellt werden.&#8221; Res\u00fcmierend hei\u00dft es in der Ver\u00f6ffentlichung:<\/p>\n<blockquote>\n<p><em>&#8220;Offenbar sind Verordnungen auf Basis eines Notstandes zu fehler- und missbrauchsanf\u00e4llig.&#8221;<\/em><\/p>\n<\/blockquote>\n<p><strong>Mehr zum Thema &#8211;<\/strong>\u00a0<a rel=\"nofollow noopener\" target=\"_blank\" href=\"https:\/\/pressefreiheit.rtde.tech\/meinung\/147507-maskenpflicht-nach-lust-und-laune\/\">Maskenpflicht nach Lust und Laune \u2013 Zumindest f\u00fcr die M\u00e4chtigen im Land<\/a><\/p>\n<\/p>\n<p><script async src=\"https:\/\/platform.twitter.com\/widgets.js\" charset=\"utf-8\"><\/script><br \/>\n<br \/><br \/>\n<br \/><a href=\"https:\/\/de.rt.com\/inland\/147996-symbol-entleerten-gesichts-wissenschaftler-hinterfragen\/\">Source link <\/a><\/p>\n","protected":false},"excerpt":{"rendered":"<p>Eine Wissenschaftsgruppe mit knapp achtzig Mitgliedern\u00a0aus unterschiedlichsten Fachausrichtungen\u00a0wendet sich in einer offenen Stellungnahme auf ihrer Webseite 7 Argumente\u00a0erneut an die verantwortliche Politik. Unter dem Titel: &#8220;Keine evidenzfreie Maskenpflicht!&#8221; wird eindeutige Kritik formuliert, hinsichtlich der geplanten Ma\u00dfnahmenverordnungen \u00fcber die\u00a0Maskenpflicht in Deutschland. So hei\u00dft es zu Beginn der Ver\u00f6ffentlichung: &#8220;Wer in einem Rechtsstaat elementare B\u00fcrgerrechte einschr\u00e4nken will, [&hellip;]<\/p>\n","protected":false},"author":3,"featured_media":18500,"comment_status":"open","ping_status":"open","sticky":false,"template":"","format":"standard","meta":{"wp_automatic_camp":["217"],"5d8097668862c716399791c88e423dfb":["&quot;Symbol des entleerten Gesichts&quot; -  Wissenschaftler hinterfragen Maskenpflicht"],"original_link":["https:\/\/de.rt.com\/inland\/147996-symbol-entleerten-gesichts-wissenschaftler-hinterfragen\/"],"_thumbnail_id":["18500"],"_wptg_p2tg_sent2tg":["2022-09-06 08:56:49"],"jnews_social_counter_last_update":["1776876388"]},"categories":[19,23],"tags":[583,32378,32379,27144,2656,32377,2004],"yoast_head":"<!-- This site is optimized with the Yoast SEO Premium plugin v22.7 (Yoast SEO v22.7) - https:\/\/yoast.com\/wordpress\/plugins\/seo\/ -->\n<title>&quot;Symbol des entleerten Gesichts&quot; - Wissenschaftler hinterfragen Maskenpflicht - just-now.NEWS Deutschland<\/title>\n<meta name=\"robots\" content=\"index, follow, max-snippet:-1, max-image-preview:large, max-video-preview:-1\" \/>\n<link rel=\"canonical\" href=\"https:\/\/now-news.de\/de\/deutschland\/symbol-des-entleerten-gesichts-wissenschaftler-hinterfragen-maskenpflicht\/\" \/>\n<meta property=\"og:locale\" content=\"de_DE\" \/>\n<meta property=\"og:type\" content=\"article\" \/>\n<meta property=\"og:title\" content=\"&quot;Symbol des entleerten Gesichts&quot; - Wissenschaftler hinterfragen Maskenpflicht\" \/>\n<meta property=\"og:description\" content=\"Eine Wissenschaftsgruppe mit knapp achtzig Mitgliedern\u00a0aus unterschiedlichsten Fachausrichtungen\u00a0wendet sich in einer offenen Stellungnahme auf ihrer Webseite 7 Argumente\u00a0erneut an die verantwortliche Politik. Unter dem Titel: &#8220;Keine evidenzfreie Maskenpflicht!&#8221; wird eindeutige Kritik formuliert, hinsichtlich der geplanten Ma\u00dfnahmenverordnungen \u00fcber die\u00a0Maskenpflicht in Deutschland. So hei\u00dft es zu Beginn der Ver\u00f6ffentlichung: &#8220;Wer in einem Rechtsstaat elementare B\u00fcrgerrechte einschr\u00e4nken will, [&hellip;]\" \/>\n<meta property=\"og:url\" content=\"https:\/\/now-news.de\/de\/deutschland\/symbol-des-entleerten-gesichts-wissenschaftler-hinterfragen-maskenpflicht\/\" \/>\n<meta property=\"og:site_name\" content=\"just-now.NEWS Deutschland\" \/>\n<meta property=\"article:publisher\" content=\"https:\/\/www.facebook.com\/wirmachenauf\" \/>\n<meta property=\"article:published_time\" content=\"2022-09-06T06:49:34+00:00\" \/>\n<meta property=\"og:image\" content=\"https:\/\/now-news.de\/de\/wp-content\/uploads\/sites\/3\/2022\/09\/quotSymbol-des-entleerten-Gesichtsquot-Wissenschaftler-hinterfragen-Maskenpflicht.jpg\" \/>\n\t<meta property=\"og:image:width\" content=\"460\" \/>\n\t<meta property=\"og:image:height\" content=\"259\" \/>\n\t<meta property=\"og:image:type\" content=\"image\/jpeg\" \/>\n<meta name=\"author\" content=\"rtnews\" \/>\n<meta name=\"twitter:card\" content=\"summary_large_image\" \/>\n<meta name=\"twitter:creator\" content=\"@WirMachenAuf_de\" \/>\n<meta name=\"twitter:site\" content=\"@WirMachenAuf_de\" \/>\n<meta name=\"twitter:label1\" content=\"Verfasst von\" \/>\n\t<meta name=\"twitter:data1\" content=\"rtnews\" \/>\n\t<meta name=\"twitter:label2\" content=\"Gesch\u00e4tzte Lesezeit\" \/>\n\t<meta name=\"twitter:data2\" content=\"5\u00a0Minuten\" \/>\n<script type=\"application\/ld+json\" class=\"yoast-schema-graph\">{\"@context\":\"https:\/\/schema.org\",\"@graph\":[{\"@type\":\"Article\",\"@id\":\"https:\/\/now-news.de\/de\/deutschland\/symbol-des-entleerten-gesichts-wissenschaftler-hinterfragen-maskenpflicht\/#article\",\"isPartOf\":{\"@id\":\"https:\/\/now-news.de\/de\/deutschland\/symbol-des-entleerten-gesichts-wissenschaftler-hinterfragen-maskenpflicht\/\"},\"author\":{\"name\":\"rtnews\",\"@id\":\"https:\/\/now-news.de\/de\/#\/schema\/person\/fb534a4e865501d8b3285208df34a9b5\"},\"headline\":\"&quot;Symbol des entleerten Gesichts&quot; &#8211; Wissenschaftler hinterfragen Maskenpflicht\",\"datePublished\":\"2022-09-06T06:49:34+00:00\",\"dateModified\":\"2022-09-06T06:49:34+00:00\",\"mainEntityOfPage\":{\"@id\":\"https:\/\/now-news.de\/de\/deutschland\/symbol-des-entleerten-gesichts-wissenschaftler-hinterfragen-maskenpflicht\/\"},\"wordCount\":1074,\"commentCount\":0,\"publisher\":{\"@id\":\"https:\/\/now-news.de\/de\/#organization\"},\"image\":{\"@id\":\"https:\/\/now-news.de\/de\/deutschland\/symbol-des-entleerten-gesichts-wissenschaftler-hinterfragen-maskenpflicht\/#primaryimage\"},\"thumbnailUrl\":\"https:\/\/now-news.de\/de\/wp-content\/uploads\/sites\/3\/2022\/09\/quotSymbol-des-entleerten-Gesichtsquot-Wissenschaftler-hinterfragen-Maskenpflicht.jpg\",\"keywords\":[\"des\",\"entleerten\",\"Gesichtsquot\",\"hinterfragen\",\"maskenpflicht\",\"quotSymbol\",\"Wissenschaftler\"],\"articleSection\":[\"Deutschland\",\"Russland\"],\"inLanguage\":\"de\",\"potentialAction\":[{\"@type\":\"CommentAction\",\"name\":\"Comment\",\"target\":[\"https:\/\/now-news.de\/de\/deutschland\/symbol-des-entleerten-gesichts-wissenschaftler-hinterfragen-maskenpflicht\/#respond\"]}]},{\"@type\":\"WebPage\",\"@id\":\"https:\/\/now-news.de\/de\/deutschland\/symbol-des-entleerten-gesichts-wissenschaftler-hinterfragen-maskenpflicht\/\",\"url\":\"https:\/\/now-news.de\/de\/deutschland\/symbol-des-entleerten-gesichts-wissenschaftler-hinterfragen-maskenpflicht\/\",\"name\":\"&quot;Symbol des entleerten Gesichts&quot; - Wissenschaftler hinterfragen Maskenpflicht - just-now.NEWS Deutschland\",\"isPartOf\":{\"@id\":\"https:\/\/now-news.de\/de\/#website\"},\"primaryImageOfPage\":{\"@id\":\"https:\/\/now-news.de\/de\/deutschland\/symbol-des-entleerten-gesichts-wissenschaftler-hinterfragen-maskenpflicht\/#primaryimage\"},\"image\":{\"@id\":\"https:\/\/now-news.de\/de\/deutschland\/symbol-des-entleerten-gesichts-wissenschaftler-hinterfragen-maskenpflicht\/#primaryimage\"},\"thumbnailUrl\":\"https:\/\/now-news.de\/de\/wp-content\/uploads\/sites\/3\/2022\/09\/quotSymbol-des-entleerten-Gesichtsquot-Wissenschaftler-hinterfragen-Maskenpflicht.jpg\",\"datePublished\":\"2022-09-06T06:49:34+00:00\",\"dateModified\":\"2022-09-06T06:49:34+00:00\",\"breadcrumb\":{\"@id\":\"https:\/\/now-news.de\/de\/deutschland\/symbol-des-entleerten-gesichts-wissenschaftler-hinterfragen-maskenpflicht\/#breadcrumb\"},\"inLanguage\":\"de\",\"potentialAction\":[{\"@type\":\"ReadAction\",\"target\":[\"https:\/\/now-news.de\/de\/deutschland\/symbol-des-entleerten-gesichts-wissenschaftler-hinterfragen-maskenpflicht\/\"]}]},{\"@type\":\"ImageObject\",\"inLanguage\":\"de\",\"@id\":\"https:\/\/now-news.de\/de\/deutschland\/symbol-des-entleerten-gesichts-wissenschaftler-hinterfragen-maskenpflicht\/#primaryimage\",\"url\":\"https:\/\/now-news.de\/de\/wp-content\/uploads\/sites\/3\/2022\/09\/quotSymbol-des-entleerten-Gesichtsquot-Wissenschaftler-hinterfragen-Maskenpflicht.jpg\",\"contentUrl\":\"https:\/\/now-news.de\/de\/wp-content\/uploads\/sites\/3\/2022\/09\/quotSymbol-des-entleerten-Gesichtsquot-Wissenschaftler-hinterfragen-Maskenpflicht.jpg\",\"width\":460,\"height\":259,\"caption\":\"&quot;Symbol des entleerten Gesichts&quot; - Wissenschaftler hinterfragen Maskenpflicht\"},{\"@type\":\"BreadcrumbList\",\"@id\":\"https:\/\/now-news.de\/de\/deutschland\/symbol-des-entleerten-gesichts-wissenschaftler-hinterfragen-maskenpflicht\/#breadcrumb\",\"itemListElement\":[{\"@type\":\"ListItem\",\"position\":1,\"name\":\"Home\",\"item\":\"https:\/\/now-news.de\/de\/\"},{\"@type\":\"ListItem\",\"position\":2,\"name\":\"&quot;Symbol des entleerten Gesichts&quot; &#8211; Wissenschaftler hinterfragen Maskenpflicht\"}]},{\"@type\":\"WebSite\",\"@id\":\"https:\/\/now-news.de\/de\/#website\",\"url\":\"https:\/\/now-news.de\/de\/\",\"name\":\"just-now.NEWS Deutschland\",\"description\":\"Das Portal f\u00fcr unzensierte Nachrichten aus der Welt\",\"publisher\":{\"@id\":\"https:\/\/now-news.de\/de\/#organization\"},\"potentialAction\":[{\"@type\":\"SearchAction\",\"target\":{\"@type\":\"EntryPoint\",\"urlTemplate\":\"https:\/\/now-news.de\/de\/?s={search_term_string}\"},\"query-input\":\"required name=search_term_string\"}],\"inLanguage\":\"de\"},{\"@type\":\"Organization\",\"@id\":\"https:\/\/now-news.de\/de\/#organization\",\"name\":\"Just Now News\",\"url\":\"https:\/\/now-news.de\/de\/\",\"logo\":{\"@type\":\"ImageObject\",\"inLanguage\":\"de\",\"@id\":\"https:\/\/now-news.de\/de\/#\/schema\/logo\/image\/\",\"url\":\"http:\/\/just-now.news\/de\/wp-content\/uploads\/sites\/3\/2022\/04\/logo500x500.jpg\",\"contentUrl\":\"http:\/\/just-now.news\/de\/wp-content\/uploads\/sites\/3\/2022\/04\/logo500x500.jpg\",\"width\":500,\"height\":500,\"caption\":\"Just Now News\"},\"image\":{\"@id\":\"https:\/\/now-news.de\/de\/#\/schema\/logo\/image\/\"},\"sameAs\":[\"https:\/\/www.facebook.com\/wirmachenauf\",\"https:\/\/x.com\/WirMachenAuf_de\"]},{\"@type\":\"Person\",\"@id\":\"https:\/\/now-news.de\/de\/#\/schema\/person\/fb534a4e865501d8b3285208df34a9b5\",\"name\":\"rtnews\",\"image\":{\"@type\":\"ImageObject\",\"inLanguage\":\"de\",\"@id\":\"https:\/\/now-news.de\/de\/#\/schema\/person\/image\/\",\"url\":\"https:\/\/secure.gravatar.com\/avatar\/82aafea7d8127119dd649515f56e2117?s=96&d=mm&r=g\",\"contentUrl\":\"https:\/\/secure.gravatar.com\/avatar\/82aafea7d8127119dd649515f56e2117?s=96&d=mm&r=g\",\"caption\":\"rtnews\"},\"url\":\"https:\/\/now-news.de\/de\/author\/rnews\/\"}]}<\/script>\n<!-- \/ Yoast SEO Premium plugin. -->","yoast_head_json":{"title":"&quot;Symbol des entleerten Gesichts&quot; - Wissenschaftler hinterfragen Maskenpflicht - just-now.NEWS Deutschland","robots":{"index":"index","follow":"follow","max-snippet":"max-snippet:-1","max-image-preview":"max-image-preview:large","max-video-preview":"max-video-preview:-1"},"canonical":"https:\/\/now-news.de\/de\/deutschland\/symbol-des-entleerten-gesichts-wissenschaftler-hinterfragen-maskenpflicht\/","og_locale":"de_DE","og_type":"article","og_title":"&quot;Symbol des entleerten Gesichts&quot; - Wissenschaftler hinterfragen Maskenpflicht","og_description":"Eine Wissenschaftsgruppe mit knapp achtzig Mitgliedern\u00a0aus unterschiedlichsten Fachausrichtungen\u00a0wendet sich in einer offenen Stellungnahme auf ihrer Webseite 7 Argumente\u00a0erneut an die verantwortliche Politik. Unter dem Titel: &#8220;Keine evidenzfreie Maskenpflicht!&#8221; wird eindeutige Kritik formuliert, hinsichtlich der geplanten Ma\u00dfnahmenverordnungen \u00fcber die\u00a0Maskenpflicht in Deutschland. So hei\u00dft es zu Beginn der Ver\u00f6ffentlichung: &#8220;Wer in einem Rechtsstaat elementare B\u00fcrgerrechte einschr\u00e4nken will, [&hellip;]","og_url":"https:\/\/now-news.de\/de\/deutschland\/symbol-des-entleerten-gesichts-wissenschaftler-hinterfragen-maskenpflicht\/","og_site_name":"just-now.NEWS Deutschland","article_publisher":"https:\/\/www.facebook.com\/wirmachenauf","article_published_time":"2022-09-06T06:49:34+00:00","og_image":[{"width":460,"height":259,"url":"https:\/\/now-news.de\/de\/wp-content\/uploads\/sites\/3\/2022\/09\/quotSymbol-des-entleerten-Gesichtsquot-Wissenschaftler-hinterfragen-Maskenpflicht.jpg","type":"image\/jpeg"}],"author":"rtnews","twitter_card":"summary_large_image","twitter_creator":"@WirMachenAuf_de","twitter_site":"@WirMachenAuf_de","twitter_misc":{"Verfasst von":"rtnews","Gesch\u00e4tzte Lesezeit":"5\u00a0Minuten"},"schema":{"@context":"https:\/\/schema.org","@graph":[{"@type":"Article","@id":"https:\/\/now-news.de\/de\/deutschland\/symbol-des-entleerten-gesichts-wissenschaftler-hinterfragen-maskenpflicht\/#article","isPartOf":{"@id":"https:\/\/now-news.de\/de\/deutschland\/symbol-des-entleerten-gesichts-wissenschaftler-hinterfragen-maskenpflicht\/"},"author":{"name":"rtnews","@id":"https:\/\/now-news.de\/de\/#\/schema\/person\/fb534a4e865501d8b3285208df34a9b5"},"headline":"&quot;Symbol des entleerten Gesichts&quot; &#8211; Wissenschaftler hinterfragen Maskenpflicht","datePublished":"2022-09-06T06:49:34+00:00","dateModified":"2022-09-06T06:49:34+00:00","mainEntityOfPage":{"@id":"https:\/\/now-news.de\/de\/deutschland\/symbol-des-entleerten-gesichts-wissenschaftler-hinterfragen-maskenpflicht\/"},"wordCount":1074,"commentCount":0,"publisher":{"@id":"https:\/\/now-news.de\/de\/#organization"},"image":{"@id":"https:\/\/now-news.de\/de\/deutschland\/symbol-des-entleerten-gesichts-wissenschaftler-hinterfragen-maskenpflicht\/#primaryimage"},"thumbnailUrl":"https:\/\/now-news.de\/de\/wp-content\/uploads\/sites\/3\/2022\/09\/quotSymbol-des-entleerten-Gesichtsquot-Wissenschaftler-hinterfragen-Maskenpflicht.jpg","keywords":["des","entleerten","Gesichtsquot","hinterfragen","maskenpflicht","quotSymbol","Wissenschaftler"],"articleSection":["Deutschland","Russland"],"inLanguage":"de","potentialAction":[{"@type":"CommentAction","name":"Comment","target":["https:\/\/now-news.de\/de\/deutschland\/symbol-des-entleerten-gesichts-wissenschaftler-hinterfragen-maskenpflicht\/#respond"]}]},{"@type":"WebPage","@id":"https:\/\/now-news.de\/de\/deutschland\/symbol-des-entleerten-gesichts-wissenschaftler-hinterfragen-maskenpflicht\/","url":"https:\/\/now-news.de\/de\/deutschland\/symbol-des-entleerten-gesichts-wissenschaftler-hinterfragen-maskenpflicht\/","name":"&quot;Symbol des entleerten Gesichts&quot; - Wissenschaftler hinterfragen Maskenpflicht - just-now.NEWS Deutschland","isPartOf":{"@id":"https:\/\/now-news.de\/de\/#website"},"primaryImageOfPage":{"@id":"https:\/\/now-news.de\/de\/deutschland\/symbol-des-entleerten-gesichts-wissenschaftler-hinterfragen-maskenpflicht\/#primaryimage"},"image":{"@id":"https:\/\/now-news.de\/de\/deutschland\/symbol-des-entleerten-gesichts-wissenschaftler-hinterfragen-maskenpflicht\/#primaryimage"},"thumbnailUrl":"https:\/\/now-news.de\/de\/wp-content\/uploads\/sites\/3\/2022\/09\/quotSymbol-des-entleerten-Gesichtsquot-Wissenschaftler-hinterfragen-Maskenpflicht.jpg","datePublished":"2022-09-06T06:49:34+00:00","dateModified":"2022-09-06T06:49:34+00:00","breadcrumb":{"@id":"https:\/\/now-news.de\/de\/deutschland\/symbol-des-entleerten-gesichts-wissenschaftler-hinterfragen-maskenpflicht\/#breadcrumb"},"inLanguage":"de","potentialAction":[{"@type":"ReadAction","target":["https:\/\/now-news.de\/de\/deutschland\/symbol-des-entleerten-gesichts-wissenschaftler-hinterfragen-maskenpflicht\/"]}]},{"@type":"ImageObject","inLanguage":"de","@id":"https:\/\/now-news.de\/de\/deutschland\/symbol-des-entleerten-gesichts-wissenschaftler-hinterfragen-maskenpflicht\/#primaryimage","url":"https:\/\/now-news.de\/de\/wp-content\/uploads\/sites\/3\/2022\/09\/quotSymbol-des-entleerten-Gesichtsquot-Wissenschaftler-hinterfragen-Maskenpflicht.jpg","contentUrl":"https:\/\/now-news.de\/de\/wp-content\/uploads\/sites\/3\/2022\/09\/quotSymbol-des-entleerten-Gesichtsquot-Wissenschaftler-hinterfragen-Maskenpflicht.jpg","width":460,"height":259,"caption":"&quot;Symbol des entleerten Gesichts&quot; - Wissenschaftler hinterfragen Maskenpflicht"},{"@type":"BreadcrumbList","@id":"https:\/\/now-news.de\/de\/deutschland\/symbol-des-entleerten-gesichts-wissenschaftler-hinterfragen-maskenpflicht\/#breadcrumb","itemListElement":[{"@type":"ListItem","position":1,"name":"Home","item":"https:\/\/now-news.de\/de\/"},{"@type":"ListItem","position":2,"name":"&quot;Symbol des entleerten Gesichts&quot; &#8211; Wissenschaftler hinterfragen Maskenpflicht"}]},{"@type":"WebSite","@id":"https:\/\/now-news.de\/de\/#website","url":"https:\/\/now-news.de\/de\/","name":"just-now.NEWS Deutschland","description":"Das Portal f\u00fcr unzensierte Nachrichten aus der Welt","publisher":{"@id":"https:\/\/now-news.de\/de\/#organization"},"potentialAction":[{"@type":"SearchAction","target":{"@type":"EntryPoint","urlTemplate":"https:\/\/now-news.de\/de\/?s={search_term_string}"},"query-input":"required name=search_term_string"}],"inLanguage":"de"},{"@type":"Organization","@id":"https:\/\/now-news.de\/de\/#organization","name":"Just Now News","url":"https:\/\/now-news.de\/de\/","logo":{"@type":"ImageObject","inLanguage":"de","@id":"https:\/\/now-news.de\/de\/#\/schema\/logo\/image\/","url":"http:\/\/just-now.news\/de\/wp-content\/uploads\/sites\/3\/2022\/04\/logo500x500.jpg","contentUrl":"http:\/\/just-now.news\/de\/wp-content\/uploads\/sites\/3\/2022\/04\/logo500x500.jpg","width":500,"height":500,"caption":"Just Now News"},"image":{"@id":"https:\/\/now-news.de\/de\/#\/schema\/logo\/image\/"},"sameAs":["https:\/\/www.facebook.com\/wirmachenauf","https:\/\/x.com\/WirMachenAuf_de"]},{"@type":"Person","@id":"https:\/\/now-news.de\/de\/#\/schema\/person\/fb534a4e865501d8b3285208df34a9b5","name":"rtnews","image":{"@type":"ImageObject","inLanguage":"de","@id":"https:\/\/now-news.de\/de\/#\/schema\/person\/image\/","url":"https:\/\/secure.gravatar.com\/avatar\/82aafea7d8127119dd649515f56e2117?s=96&d=mm&r=g","contentUrl":"https:\/\/secure.gravatar.com\/avatar\/82aafea7d8127119dd649515f56e2117?s=96&d=mm&r=g","caption":"rtnews"},"url":"https:\/\/now-news.de\/de\/author\/rnews\/"}]}},"_links":{"self":[{"href":"https:\/\/now-news.de\/de\/wp-json\/wp\/v2\/posts\/18499"}],"collection":[{"href":"https:\/\/now-news.de\/de\/wp-json\/wp\/v2\/posts"}],"about":[{"href":"https:\/\/now-news.de\/de\/wp-json\/wp\/v2\/types\/post"}],"author":[{"embeddable":true,"href":"https:\/\/now-news.de\/de\/wp-json\/wp\/v2\/users\/3"}],"replies":[{"embeddable":true,"href":"https:\/\/now-news.de\/de\/wp-json\/wp\/v2\/comments?post=18499"}],"version-history":[{"count":0,"href":"https:\/\/now-news.de\/de\/wp-json\/wp\/v2\/posts\/18499\/revisions"}],"wp:featuredmedia":[{"embeddable":true,"href":"https:\/\/now-news.de\/de\/wp-json\/wp\/v2\/media\/18500"}],"wp:attachment":[{"href":"https:\/\/now-news.de\/de\/wp-json\/wp\/v2\/media?parent=18499"}],"wp:term":[{"taxonomy":"category","embeddable":true,"href":"https:\/\/now-news.de\/de\/wp-json\/wp\/v2\/categories?post=18499"},{"taxonomy":"post_tag","embeddable":true,"href":"https:\/\/now-news.de\/de\/wp-json\/wp\/v2\/tags?post=18499"}],"curies":[{"name":"wp","href":"https:\/\/api.w.org\/{rel}","templated":true}]}}