{"id":18493,"date":"2022-09-06T06:30:21","date_gmt":"2022-09-06T04:30:21","guid":{"rendered":"http:\/\/just-now.news\/de\/deutschland\/oekonom-nennt-entlastungspaket-mogelpackung-mittelstand-wird-absichtlich-vernichtet\/"},"modified":"2022-09-06T06:30:21","modified_gmt":"2022-09-06T04:30:21","slug":"oekonom-nennt-entlastungspaket-mogelpackung-mittelstand-wird-absichtlich-vernichtet","status":"publish","type":"post","link":"https:\/\/now-news.de\/de\/deutschland\/oekonom-nennt-entlastungspaket-mogelpackung-mittelstand-wird-absichtlich-vernichtet\/","title":{"rendered":"\u00d6konom nennt Entlastungspaket &quot;Mogelpackung&quot;: Mittelstand wird &quot;absichtlich vernichtet&quot;"},"content":{"rendered":"<p><img decoding=\"async\" src=\"http:\/\/just-now.news\/de\/wp-content\/uploads\/sites\/3\/2022\/09\/63164ed448fbef55db0aa49f.jpg\" \/><\/p>\n<div class=\"Text-root Text-type_1 \">\n                Das hektisch in Berlin geschn\u00fcrte Entlastungspaket kommt zu sp\u00e4t, erscheint wenig durchdacht, kolossal unterdimensioniert und k\u00f6nnte sich f\u00fcr breite Schichten als fatal erweisen. Dabei werden falsche Anreize gesetzt, meint der \u00d6konom Hamer. Am Ende l\u00e4uft es glatt auf &#8220;Sabotagepolitik&#8221; hinaus.\n            <\/div>\n<p><\/p>\n<div class=\"Text-root Text-type_5 ArticleView-text ViewText-root \">\n<p>Geht es bei den Entlastungspaketen gar nicht um das Wohlergehen der Bundesb\u00fcrger? Aus Sicht des \u00d6konomen Dr. rer. pol. Eike Hamer definitiv nicht: Netzwerke im Hintergrund, aus denen heraus die deutschen Politiker ihre Macht erhalten, seien ihnen wichtiger, konstatiert Hamer im Interview mit <em>RT DE<\/em>. Die angek\u00fcndigten Ma\u00dfnahmen w\u00fcrden keine Entlastung schaffen, sondern gro\u00dfen Schaden anrichten:<\/p>\n<blockquote>\n<p><em>&#8220;Es passt alles von vorne nach hinten nicht.&#8221;<\/em><\/p>\n<\/blockquote>\n<p>Man m\u00fcsse von einer &#8220;v\u00f6llig verkorksten Wirtschaftspolitik&#8221; sprechen. Dabei habe Annalena Baerbock die Haltung der Berliner Politik auf den Punkt gebracht: Was die deutschen W\u00e4hler denken und wollen, sei der Bundesregierung schlichtweg egal. Ideologie bestimme die Politik, nicht Sachkenntnis. Auch die Angaben zu den angeblich bereits erreichten F\u00fcllst\u00e4nden der Gasspeicher k\u00f6nnten nicht stimmen. Denn woher soll das Gas, trotz reduzierter oder gekappter Leitungskapazit\u00e4ten, gekommen sein? Die Warnungen eines Friedrich Merz vor Blackouts seien daher berechtigt.<\/p>\n<p>Die Politik habe die Strom- und Gaspreisexplosion absichtlich herbeigef\u00fchrt und verursacht und damit ein Vielfaches an Sch\u00e4den bei den B\u00fcrgern. Gleichzeitig seien die sogenannten Entlastungspakete plumpe &#8220;Mogelpackungen&#8221;. Denn letztendlich blecht &#8220;der Leistungstr\u00e4ger in diesem Lande&#8221; auch daf\u00fcr, erkl\u00e4rt Hamer weiter. Schon jetzt k\u00f6nne man feststellen:<\/p>\n<blockquote>\n<p><em>&#8220;Der Mittelstand wird massiv jetzt in die Insolvenzen gedr\u00fcckt. Der Mittelstand wird reihenweise absichtlich von der Bundesregierung vernichtet. (&#8230;) Dieser Winter wird extrem.&#8221;<\/em><\/p>\n<\/blockquote>\n<p><strong>Mehr zum Thema<\/strong> &#8211; <a rel=\"nofollow noopener\" target=\"_blank\" href=\"https:\/\/test.rtde.tech\/meinung\/147939-was-ist-washingtons-freundschaft-wert\/\">Was ist Washingtons &#8220;Freundschaft&#8221; wert? Das energiearme Europa erf\u00e4hrt es gerade<\/a><\/p>\n<\/div>\n<p><br \/>\n<br \/><a href=\"https:\/\/de.rt.com\/inland\/148087-okonom-nennt-entlastungspaket-mogelpackung-mittelstand\/\">Source link <\/a><\/p>\n","protected":false},"excerpt":{"rendered":"<p>Das hektisch in Berlin geschn\u00fcrte Entlastungspaket kommt zu sp\u00e4t, erscheint wenig durchdacht, kolossal unterdimensioniert und k\u00f6nnte sich f\u00fcr breite Schichten als fatal erweisen. Dabei werden falsche Anreize gesetzt, meint der \u00d6konom Hamer. Am Ende l\u00e4uft es glatt auf &#8220;Sabotagepolitik&#8221; hinaus. Geht es bei den Entlastungspaketen gar nicht um das Wohlergehen der Bundesb\u00fcrger? Aus Sicht des [&hellip;]<\/p>\n","protected":false},"author":3,"featured_media":18494,"comment_status":"open","ping_status":"open","sticky":false,"template":"","format":"standard","meta":{"wp_automatic_camp":["217"],"1bf8f94adac697efd305d99c0b35c1de":["\u00d6konom nennt Entlastungspaket &quot;Mogelpackung&quot;: Mittelstand wird &quot;absichtlich vernichtet&quot;"],"original_link":["https:\/\/de.rt.com\/inland\/148087-okonom-nennt-entlastungspaket-mogelpackung-mittelstand\/"],"_thumbnail_id":["18494"],"_wptg_p2tg_sent2tg":["2022-09-06 06:49:03"],"jnews_social_counter_last_update":["1777368812"]},"categories":[19,23],"tags":[30926,2826,6986,23799,32368,32367,31809,374],"yoast_head":"<!-- This site is optimized with the Yoast SEO Premium plugin v22.7 (Yoast SEO v22.7) - https:\/\/yoast.com\/wordpress\/plugins\/seo\/ -->\n<title>\u00d6konom nennt Entlastungspaket &quot;Mogelpackung&quot;: Mittelstand wird &quot;absichtlich vernichtet&quot; - just-now.NEWS Deutschland<\/title>\n<meta name=\"robots\" content=\"index, follow, max-snippet:-1, max-image-preview:large, max-video-preview:-1\" \/>\n<link rel=\"canonical\" href=\"https:\/\/now-news.de\/de\/deutschland\/oekonom-nennt-entlastungspaket-mogelpackung-mittelstand-wird-absichtlich-vernichtet\/\" \/>\n<meta property=\"og:locale\" content=\"de_DE\" \/>\n<meta property=\"og:type\" content=\"article\" \/>\n<meta property=\"og:title\" content=\"\u00d6konom nennt Entlastungspaket &quot;Mogelpackung&quot;: Mittelstand wird &quot;absichtlich vernichtet&quot;\" \/>\n<meta property=\"og:description\" content=\"Das hektisch in Berlin geschn\u00fcrte Entlastungspaket kommt zu sp\u00e4t, erscheint wenig durchdacht, kolossal unterdimensioniert und k\u00f6nnte sich f\u00fcr breite Schichten als fatal erweisen. Dabei werden falsche Anreize gesetzt, meint der \u00d6konom Hamer. Am Ende l\u00e4uft es glatt auf &#8220;Sabotagepolitik&#8221; hinaus. Geht es bei den Entlastungspaketen gar nicht um das Wohlergehen der Bundesb\u00fcrger? Aus Sicht des [&hellip;]\" \/>\n<meta property=\"og:url\" content=\"https:\/\/now-news.de\/de\/deutschland\/oekonom-nennt-entlastungspaket-mogelpackung-mittelstand-wird-absichtlich-vernichtet\/\" \/>\n<meta property=\"og:site_name\" content=\"just-now.NEWS Deutschland\" \/>\n<meta property=\"article:publisher\" content=\"https:\/\/www.facebook.com\/wirmachenauf\" \/>\n<meta property=\"article:published_time\" content=\"2022-09-06T04:30:21+00:00\" \/>\n<meta property=\"og:image\" content=\"https:\/\/now-news.de\/de\/wp-content\/uploads\/sites\/3\/2022\/09\/Oekonom-nennt-Entlastungspaket-quotMogelpackungquot-Mittelstand-wird-quotabsichtlich-vernichtetquot.jpg\" \/>\n\t<meta property=\"og:image:width\" content=\"460\" \/>\n\t<meta property=\"og:image:height\" content=\"259\" \/>\n\t<meta property=\"og:image:type\" content=\"image\/jpeg\" \/>\n<meta name=\"author\" content=\"rtnews\" \/>\n<meta name=\"twitter:card\" content=\"summary_large_image\" \/>\n<meta name=\"twitter:creator\" content=\"@WirMachenAuf_de\" \/>\n<meta name=\"twitter:site\" content=\"@WirMachenAuf_de\" \/>\n<meta name=\"twitter:label1\" content=\"Verfasst von\" \/>\n\t<meta name=\"twitter:data1\" content=\"rtnews\" \/>\n\t<meta name=\"twitter:label2\" content=\"Gesch\u00e4tzte Lesezeit\" \/>\n\t<meta name=\"twitter:data2\" content=\"1\u00a0Minute\" \/>\n<script type=\"application\/ld+json\" class=\"yoast-schema-graph\">{\"@context\":\"https:\/\/schema.org\",\"@graph\":[{\"@type\":\"Article\",\"@id\":\"https:\/\/now-news.de\/de\/deutschland\/oekonom-nennt-entlastungspaket-mogelpackung-mittelstand-wird-absichtlich-vernichtet\/#article\",\"isPartOf\":{\"@id\":\"https:\/\/now-news.de\/de\/deutschland\/oekonom-nennt-entlastungspaket-mogelpackung-mittelstand-wird-absichtlich-vernichtet\/\"},\"author\":{\"name\":\"rtnews\",\"@id\":\"https:\/\/now-news.de\/de\/#\/schema\/person\/fb534a4e865501d8b3285208df34a9b5\"},\"headline\":\"\u00d6konom nennt Entlastungspaket &quot;Mogelpackung&quot;: Mittelstand wird &quot;absichtlich vernichtet&quot;\",\"datePublished\":\"2022-09-06T04:30:21+00:00\",\"dateModified\":\"2022-09-06T04:30:21+00:00\",\"mainEntityOfPage\":{\"@id\":\"https:\/\/now-news.de\/de\/deutschland\/oekonom-nennt-entlastungspaket-mogelpackung-mittelstand-wird-absichtlich-vernichtet\/\"},\"wordCount\":302,\"commentCount\":0,\"publisher\":{\"@id\":\"https:\/\/now-news.de\/de\/#organization\"},\"image\":{\"@id\":\"https:\/\/now-news.de\/de\/deutschland\/oekonom-nennt-entlastungspaket-mogelpackung-mittelstand-wird-absichtlich-vernichtet\/#primaryimage\"},\"thumbnailUrl\":\"https:\/\/now-news.de\/de\/wp-content\/uploads\/sites\/3\/2022\/09\/Oekonom-nennt-Entlastungspaket-quotMogelpackungquot-Mittelstand-wird-quotabsichtlich-vernichtetquot.jpg\",\"keywords\":[\"Entlastungspaket\",\"Mittelstand\",\"nennt\",\"\u00d6konom\",\"quotabsichtlich\",\"quotMogelpackungquot\",\"vernichtetquot\",\"wird\"],\"articleSection\":[\"Deutschland\",\"Russland\"],\"inLanguage\":\"de\",\"potentialAction\":[{\"@type\":\"CommentAction\",\"name\":\"Comment\",\"target\":[\"https:\/\/now-news.de\/de\/deutschland\/oekonom-nennt-entlastungspaket-mogelpackung-mittelstand-wird-absichtlich-vernichtet\/#respond\"]}]},{\"@type\":\"WebPage\",\"@id\":\"https:\/\/now-news.de\/de\/deutschland\/oekonom-nennt-entlastungspaket-mogelpackung-mittelstand-wird-absichtlich-vernichtet\/\",\"url\":\"https:\/\/now-news.de\/de\/deutschland\/oekonom-nennt-entlastungspaket-mogelpackung-mittelstand-wird-absichtlich-vernichtet\/\",\"name\":\"\u00d6konom nennt Entlastungspaket &quot;Mogelpackung&quot;: Mittelstand wird &quot;absichtlich vernichtet&quot; - just-now.NEWS Deutschland\",\"isPartOf\":{\"@id\":\"https:\/\/now-news.de\/de\/#website\"},\"primaryImageOfPage\":{\"@id\":\"https:\/\/now-news.de\/de\/deutschland\/oekonom-nennt-entlastungspaket-mogelpackung-mittelstand-wird-absichtlich-vernichtet\/#primaryimage\"},\"image\":{\"@id\":\"https:\/\/now-news.de\/de\/deutschland\/oekonom-nennt-entlastungspaket-mogelpackung-mittelstand-wird-absichtlich-vernichtet\/#primaryimage\"},\"thumbnailUrl\":\"https:\/\/now-news.de\/de\/wp-content\/uploads\/sites\/3\/2022\/09\/Oekonom-nennt-Entlastungspaket-quotMogelpackungquot-Mittelstand-wird-quotabsichtlich-vernichtetquot.jpg\",\"datePublished\":\"2022-09-06T04:30:21+00:00\",\"dateModified\":\"2022-09-06T04:30:21+00:00\",\"breadcrumb\":{\"@id\":\"https:\/\/now-news.de\/de\/deutschland\/oekonom-nennt-entlastungspaket-mogelpackung-mittelstand-wird-absichtlich-vernichtet\/#breadcrumb\"},\"inLanguage\":\"de\",\"potentialAction\":[{\"@type\":\"ReadAction\",\"target\":[\"https:\/\/now-news.de\/de\/deutschland\/oekonom-nennt-entlastungspaket-mogelpackung-mittelstand-wird-absichtlich-vernichtet\/\"]}]},{\"@type\":\"ImageObject\",\"inLanguage\":\"de\",\"@id\":\"https:\/\/now-news.de\/de\/deutschland\/oekonom-nennt-entlastungspaket-mogelpackung-mittelstand-wird-absichtlich-vernichtet\/#primaryimage\",\"url\":\"https:\/\/now-news.de\/de\/wp-content\/uploads\/sites\/3\/2022\/09\/Oekonom-nennt-Entlastungspaket-quotMogelpackungquot-Mittelstand-wird-quotabsichtlich-vernichtetquot.jpg\",\"contentUrl\":\"https:\/\/now-news.de\/de\/wp-content\/uploads\/sites\/3\/2022\/09\/Oekonom-nennt-Entlastungspaket-quotMogelpackungquot-Mittelstand-wird-quotabsichtlich-vernichtetquot.jpg\",\"width\":460,\"height\":259,\"caption\":\"\u00d6konom nennt Entlastungspaket &quot;Mogelpackung&quot;: Mittelstand wird &quot;absichtlich vernichtet&quot;\"},{\"@type\":\"BreadcrumbList\",\"@id\":\"https:\/\/now-news.de\/de\/deutschland\/oekonom-nennt-entlastungspaket-mogelpackung-mittelstand-wird-absichtlich-vernichtet\/#breadcrumb\",\"itemListElement\":[{\"@type\":\"ListItem\",\"position\":1,\"name\":\"Home\",\"item\":\"https:\/\/now-news.de\/de\/\"},{\"@type\":\"ListItem\",\"position\":2,\"name\":\"\u00d6konom nennt Entlastungspaket &quot;Mogelpackung&quot;: Mittelstand wird &quot;absichtlich vernichtet&quot;\"}]},{\"@type\":\"WebSite\",\"@id\":\"https:\/\/now-news.de\/de\/#website\",\"url\":\"https:\/\/now-news.de\/de\/\",\"name\":\"just-now.NEWS Deutschland\",\"description\":\"Das Portal f\u00fcr unzensierte Nachrichten aus der Welt\",\"publisher\":{\"@id\":\"https:\/\/now-news.de\/de\/#organization\"},\"potentialAction\":[{\"@type\":\"SearchAction\",\"target\":{\"@type\":\"EntryPoint\",\"urlTemplate\":\"https:\/\/now-news.de\/de\/?s={search_term_string}\"},\"query-input\":\"required name=search_term_string\"}],\"inLanguage\":\"de\"},{\"@type\":\"Organization\",\"@id\":\"https:\/\/now-news.de\/de\/#organization\",\"name\":\"Just Now News\",\"url\":\"https:\/\/now-news.de\/de\/\",\"logo\":{\"@type\":\"ImageObject\",\"inLanguage\":\"de\",\"@id\":\"https:\/\/now-news.de\/de\/#\/schema\/logo\/image\/\",\"url\":\"http:\/\/just-now.news\/de\/wp-content\/uploads\/sites\/3\/2022\/04\/logo500x500.jpg\",\"contentUrl\":\"http:\/\/just-now.news\/de\/wp-content\/uploads\/sites\/3\/2022\/04\/logo500x500.jpg\",\"width\":500,\"height\":500,\"caption\":\"Just Now News\"},\"image\":{\"@id\":\"https:\/\/now-news.de\/de\/#\/schema\/logo\/image\/\"},\"sameAs\":[\"https:\/\/www.facebook.com\/wirmachenauf\",\"https:\/\/x.com\/WirMachenAuf_de\"]},{\"@type\":\"Person\",\"@id\":\"https:\/\/now-news.de\/de\/#\/schema\/person\/fb534a4e865501d8b3285208df34a9b5\",\"name\":\"rtnews\",\"image\":{\"@type\":\"ImageObject\",\"inLanguage\":\"de\",\"@id\":\"https:\/\/now-news.de\/de\/#\/schema\/person\/image\/\",\"url\":\"https:\/\/secure.gravatar.com\/avatar\/82aafea7d8127119dd649515f56e2117?s=96&d=mm&r=g\",\"contentUrl\":\"https:\/\/secure.gravatar.com\/avatar\/82aafea7d8127119dd649515f56e2117?s=96&d=mm&r=g\",\"caption\":\"rtnews\"},\"url\":\"https:\/\/now-news.de\/de\/author\/rnews\/\"}]}<\/script>\n<!-- \/ Yoast SEO Premium plugin. -->","yoast_head_json":{"title":"\u00d6konom nennt Entlastungspaket &quot;Mogelpackung&quot;: Mittelstand wird &quot;absichtlich vernichtet&quot; - just-now.NEWS Deutschland","robots":{"index":"index","follow":"follow","max-snippet":"max-snippet:-1","max-image-preview":"max-image-preview:large","max-video-preview":"max-video-preview:-1"},"canonical":"https:\/\/now-news.de\/de\/deutschland\/oekonom-nennt-entlastungspaket-mogelpackung-mittelstand-wird-absichtlich-vernichtet\/","og_locale":"de_DE","og_type":"article","og_title":"\u00d6konom nennt Entlastungspaket &quot;Mogelpackung&quot;: Mittelstand wird &quot;absichtlich vernichtet&quot;","og_description":"Das hektisch in Berlin geschn\u00fcrte Entlastungspaket kommt zu sp\u00e4t, erscheint wenig durchdacht, kolossal unterdimensioniert und k\u00f6nnte sich f\u00fcr breite Schichten als fatal erweisen. Dabei werden falsche Anreize gesetzt, meint der \u00d6konom Hamer. Am Ende l\u00e4uft es glatt auf &#8220;Sabotagepolitik&#8221; hinaus. Geht es bei den Entlastungspaketen gar nicht um das Wohlergehen der Bundesb\u00fcrger? Aus Sicht des [&hellip;]","og_url":"https:\/\/now-news.de\/de\/deutschland\/oekonom-nennt-entlastungspaket-mogelpackung-mittelstand-wird-absichtlich-vernichtet\/","og_site_name":"just-now.NEWS Deutschland","article_publisher":"https:\/\/www.facebook.com\/wirmachenauf","article_published_time":"2022-09-06T04:30:21+00:00","og_image":[{"width":460,"height":259,"url":"https:\/\/now-news.de\/de\/wp-content\/uploads\/sites\/3\/2022\/09\/Oekonom-nennt-Entlastungspaket-quotMogelpackungquot-Mittelstand-wird-quotabsichtlich-vernichtetquot.jpg","type":"image\/jpeg"}],"author":"rtnews","twitter_card":"summary_large_image","twitter_creator":"@WirMachenAuf_de","twitter_site":"@WirMachenAuf_de","twitter_misc":{"Verfasst von":"rtnews","Gesch\u00e4tzte Lesezeit":"1\u00a0Minute"},"schema":{"@context":"https:\/\/schema.org","@graph":[{"@type":"Article","@id":"https:\/\/now-news.de\/de\/deutschland\/oekonom-nennt-entlastungspaket-mogelpackung-mittelstand-wird-absichtlich-vernichtet\/#article","isPartOf":{"@id":"https:\/\/now-news.de\/de\/deutschland\/oekonom-nennt-entlastungspaket-mogelpackung-mittelstand-wird-absichtlich-vernichtet\/"},"author":{"name":"rtnews","@id":"https:\/\/now-news.de\/de\/#\/schema\/person\/fb534a4e865501d8b3285208df34a9b5"},"headline":"\u00d6konom nennt Entlastungspaket &quot;Mogelpackung&quot;: Mittelstand wird &quot;absichtlich vernichtet&quot;","datePublished":"2022-09-06T04:30:21+00:00","dateModified":"2022-09-06T04:30:21+00:00","mainEntityOfPage":{"@id":"https:\/\/now-news.de\/de\/deutschland\/oekonom-nennt-entlastungspaket-mogelpackung-mittelstand-wird-absichtlich-vernichtet\/"},"wordCount":302,"commentCount":0,"publisher":{"@id":"https:\/\/now-news.de\/de\/#organization"},"image":{"@id":"https:\/\/now-news.de\/de\/deutschland\/oekonom-nennt-entlastungspaket-mogelpackung-mittelstand-wird-absichtlich-vernichtet\/#primaryimage"},"thumbnailUrl":"https:\/\/now-news.de\/de\/wp-content\/uploads\/sites\/3\/2022\/09\/Oekonom-nennt-Entlastungspaket-quotMogelpackungquot-Mittelstand-wird-quotabsichtlich-vernichtetquot.jpg","keywords":["Entlastungspaket","Mittelstand","nennt","\u00d6konom","quotabsichtlich","quotMogelpackungquot","vernichtetquot","wird"],"articleSection":["Deutschland","Russland"],"inLanguage":"de","potentialAction":[{"@type":"CommentAction","name":"Comment","target":["https:\/\/now-news.de\/de\/deutschland\/oekonom-nennt-entlastungspaket-mogelpackung-mittelstand-wird-absichtlich-vernichtet\/#respond"]}]},{"@type":"WebPage","@id":"https:\/\/now-news.de\/de\/deutschland\/oekonom-nennt-entlastungspaket-mogelpackung-mittelstand-wird-absichtlich-vernichtet\/","url":"https:\/\/now-news.de\/de\/deutschland\/oekonom-nennt-entlastungspaket-mogelpackung-mittelstand-wird-absichtlich-vernichtet\/","name":"\u00d6konom nennt Entlastungspaket &quot;Mogelpackung&quot;: Mittelstand wird &quot;absichtlich vernichtet&quot; - just-now.NEWS Deutschland","isPartOf":{"@id":"https:\/\/now-news.de\/de\/#website"},"primaryImageOfPage":{"@id":"https:\/\/now-news.de\/de\/deutschland\/oekonom-nennt-entlastungspaket-mogelpackung-mittelstand-wird-absichtlich-vernichtet\/#primaryimage"},"image":{"@id":"https:\/\/now-news.de\/de\/deutschland\/oekonom-nennt-entlastungspaket-mogelpackung-mittelstand-wird-absichtlich-vernichtet\/#primaryimage"},"thumbnailUrl":"https:\/\/now-news.de\/de\/wp-content\/uploads\/sites\/3\/2022\/09\/Oekonom-nennt-Entlastungspaket-quotMogelpackungquot-Mittelstand-wird-quotabsichtlich-vernichtetquot.jpg","datePublished":"2022-09-06T04:30:21+00:00","dateModified":"2022-09-06T04:30:21+00:00","breadcrumb":{"@id":"https:\/\/now-news.de\/de\/deutschland\/oekonom-nennt-entlastungspaket-mogelpackung-mittelstand-wird-absichtlich-vernichtet\/#breadcrumb"},"inLanguage":"de","potentialAction":[{"@type":"ReadAction","target":["https:\/\/now-news.de\/de\/deutschland\/oekonom-nennt-entlastungspaket-mogelpackung-mittelstand-wird-absichtlich-vernichtet\/"]}]},{"@type":"ImageObject","inLanguage":"de","@id":"https:\/\/now-news.de\/de\/deutschland\/oekonom-nennt-entlastungspaket-mogelpackung-mittelstand-wird-absichtlich-vernichtet\/#primaryimage","url":"https:\/\/now-news.de\/de\/wp-content\/uploads\/sites\/3\/2022\/09\/Oekonom-nennt-Entlastungspaket-quotMogelpackungquot-Mittelstand-wird-quotabsichtlich-vernichtetquot.jpg","contentUrl":"https:\/\/now-news.de\/de\/wp-content\/uploads\/sites\/3\/2022\/09\/Oekonom-nennt-Entlastungspaket-quotMogelpackungquot-Mittelstand-wird-quotabsichtlich-vernichtetquot.jpg","width":460,"height":259,"caption":"\u00d6konom nennt Entlastungspaket &quot;Mogelpackung&quot;: Mittelstand wird &quot;absichtlich vernichtet&quot;"},{"@type":"BreadcrumbList","@id":"https:\/\/now-news.de\/de\/deutschland\/oekonom-nennt-entlastungspaket-mogelpackung-mittelstand-wird-absichtlich-vernichtet\/#breadcrumb","itemListElement":[{"@type":"ListItem","position":1,"name":"Home","item":"https:\/\/now-news.de\/de\/"},{"@type":"ListItem","position":2,"name":"\u00d6konom nennt Entlastungspaket &quot;Mogelpackung&quot;: Mittelstand wird &quot;absichtlich vernichtet&quot;"}]},{"@type":"WebSite","@id":"https:\/\/now-news.de\/de\/#website","url":"https:\/\/now-news.de\/de\/","name":"just-now.NEWS Deutschland","description":"Das Portal f\u00fcr unzensierte Nachrichten aus der Welt","publisher":{"@id":"https:\/\/now-news.de\/de\/#organization"},"potentialAction":[{"@type":"SearchAction","target":{"@type":"EntryPoint","urlTemplate":"https:\/\/now-news.de\/de\/?s={search_term_string}"},"query-input":"required name=search_term_string"}],"inLanguage":"de"},{"@type":"Organization","@id":"https:\/\/now-news.de\/de\/#organization","name":"Just Now News","url":"https:\/\/now-news.de\/de\/","logo":{"@type":"ImageObject","inLanguage":"de","@id":"https:\/\/now-news.de\/de\/#\/schema\/logo\/image\/","url":"http:\/\/just-now.news\/de\/wp-content\/uploads\/sites\/3\/2022\/04\/logo500x500.jpg","contentUrl":"http:\/\/just-now.news\/de\/wp-content\/uploads\/sites\/3\/2022\/04\/logo500x500.jpg","width":500,"height":500,"caption":"Just Now News"},"image":{"@id":"https:\/\/now-news.de\/de\/#\/schema\/logo\/image\/"},"sameAs":["https:\/\/www.facebook.com\/wirmachenauf","https:\/\/x.com\/WirMachenAuf_de"]},{"@type":"Person","@id":"https:\/\/now-news.de\/de\/#\/schema\/person\/fb534a4e865501d8b3285208df34a9b5","name":"rtnews","image":{"@type":"ImageObject","inLanguage":"de","@id":"https:\/\/now-news.de\/de\/#\/schema\/person\/image\/","url":"https:\/\/secure.gravatar.com\/avatar\/82aafea7d8127119dd649515f56e2117?s=96&d=mm&r=g","contentUrl":"https:\/\/secure.gravatar.com\/avatar\/82aafea7d8127119dd649515f56e2117?s=96&d=mm&r=g","caption":"rtnews"},"url":"https:\/\/now-news.de\/de\/author\/rnews\/"}]}},"_links":{"self":[{"href":"https:\/\/now-news.de\/de\/wp-json\/wp\/v2\/posts\/18493"}],"collection":[{"href":"https:\/\/now-news.de\/de\/wp-json\/wp\/v2\/posts"}],"about":[{"href":"https:\/\/now-news.de\/de\/wp-json\/wp\/v2\/types\/post"}],"author":[{"embeddable":true,"href":"https:\/\/now-news.de\/de\/wp-json\/wp\/v2\/users\/3"}],"replies":[{"embeddable":true,"href":"https:\/\/now-news.de\/de\/wp-json\/wp\/v2\/comments?post=18493"}],"version-history":[{"count":0,"href":"https:\/\/now-news.de\/de\/wp-json\/wp\/v2\/posts\/18493\/revisions"}],"wp:featuredmedia":[{"embeddable":true,"href":"https:\/\/now-news.de\/de\/wp-json\/wp\/v2\/media\/18494"}],"wp:attachment":[{"href":"https:\/\/now-news.de\/de\/wp-json\/wp\/v2\/media?parent=18493"}],"wp:term":[{"taxonomy":"category","embeddable":true,"href":"https:\/\/now-news.de\/de\/wp-json\/wp\/v2\/categories?post=18493"},{"taxonomy":"post_tag","embeddable":true,"href":"https:\/\/now-news.de\/de\/wp-json\/wp\/v2\/tags?post=18493"}],"curies":[{"name":"wp","href":"https:\/\/api.w.org\/{rel}","templated":true}]}}