{"id":18476,"date":"2022-09-05T20:43:09","date_gmt":"2022-09-05T18:43:09","guid":{"rendered":"http:\/\/just-now.news\/de\/deutschland\/zu-wenig-laubholz-sind-die-chinesen-schuld-oder-doch-die-deutsche-politik\/"},"modified":"2022-09-05T20:43:09","modified_gmt":"2022-09-05T18:43:09","slug":"zu-wenig-laubholz-sind-die-chinesen-schuld-oder-doch-die-deutsche-politik","status":"publish","type":"post","link":"https:\/\/now-news.de\/de\/deutschland\/zu-wenig-laubholz-sind-die-chinesen-schuld-oder-doch-die-deutsche-politik\/","title":{"rendered":"Zu wenig Laubholz \u2013 sind die Chinesen schuld oder doch die deutsche Politik?"},"content":{"rendered":"<p><img decoding=\"async\" src=\"http:\/\/just-now.news\/de\/wp-content\/uploads\/sites\/3\/2022\/09\/63163b5e48fbef7ae80845c6.jpg\" \/><\/p>\n<div class=\"Text-root Text-type_1 \">\n                Laubholz ist ein wichtiges Rohmaterial f\u00fcr Holzbau und M\u00f6belindustrie. Die Holzindustrie beklagt schon seit L\u00e4ngerem einen Mangel an diesem Material. Die Tagesschau sieht die Schuld in China; aber es sind noch ganz andere Faktoren im Spiel.\n            <\/div>\n<p><\/p>\n<div class=\"Text-root Text-type_5 ArticleView-text ViewText-root \">\n<p>Die Holzindustrie hat Probleme, und die <em>Tagesschau<\/em>\u00a0<a rel=\"nofollow noopener\" target=\"_blank\" href=\"https:\/\/www.tagesschau.de\/wirtschaft\/weltwirtschaft\/holz-export-china-101.html\">macht<\/a> in ihrem Bericht die Verantwortlichen schnell fest: Es sind die Chinesen, weil 39,3 Prozent des Eichenrundholzes und 46 Prozent des Buchenholzes in den Export gegangen sei.<\/p>\n<p>Ganz so einfach, wie die <em>Tagesschau<\/em> das darstellt, ist es aber nicht. Denn auch wenn es keine gesetzliche Regelung gibt, die Exporte untersagt, das geschlagene Holz wird von den Waldbesitzern versteigert. Wenn also jemand die Verantwortung daf\u00fcr tr\u00e4gt, dass zu viel Holz nach China exportiert wird, dann sind es die Waldbesitzer. Neben Bundesl\u00e4ndern und kommunalen Stiftungen sind das vor allem in Deutschland immer noch adlige Gro\u00dfgrundbesitzer.<\/p>\n<p>&#8220;Die S\u00e4gewerke haben bisher nie dagewesene Probleme, Laubholz aus regionalen W\u00e4ldern f\u00fcr die heimische Verarbeitung zu bekommen&#8221;, wird Julia M\u00f6bus, Gesch\u00e4ftsf\u00fchrerin des Bundesverbandes der Deutschen S\u00e4ge- und Holzindustrie (DeSH) zitiert. Tats\u00e4chlich ist das Angebot in letzter Zeit zur\u00fcckgegangen. Daran haben Nutzungsverbote (die auch die <em>Tagesschau<\/em> erw\u00e4hnt) oder Ausweitungen von Naturschutzgebieten einen geh\u00f6rigen Anteil. Diese Probleme entstammen dem &#8220;Aktionsplan nat\u00fcrlicher Klimaschutz&#8221; des Bundesumweltministeriums.<\/p>\n<p>Bereits Ende vergangenen Jahres hatte der Verband \u00fcber schlechte Rohstoffversorgung <a rel=\"nofollow noopener\" target=\"_blank\" href=\"https:\/\/www.forstpraxis.de\/desh-rohstoffversorgung-gefaehrdet-potenziale-von-laubholz\/\">geklagt<\/a>. &#8220;Grunds\u00e4tzlich ist in den deutschen W\u00e4ldern mehr als ausreichend Laubholz f\u00fcr die heimische Industrie. Doch Einschlagsmoratorien sowie die mangelnde Verf\u00fcgbarkeit von Personal und Maschinen, sorgen f\u00fcr die r\u00fcckl\u00e4ufige Versorgung aus dem Wald&#8221;, hatte es in einer damaligen Pressemitteilung gehei\u00dfen. Der Abgang durch Exporte verst\u00e4rke diesen Effekt. Und schon damals hatten zwei Drittel der befragten Betriebe erkl\u00e4rt, die Versorgung sei unsicher.<\/p>\n<p>Im Fr\u00fchjahr <a rel=\"nofollow noopener\" target=\"_blank\" href=\"https:\/\/www.forstpraxis.de\/laubholz-versorgungsengpaesse-nehmen-zu\/\">meldete<\/a> sich der Verband erneut und betonte abermals, die Vorgaben des Aktionsplans nat\u00fcrlicher Klimaschutz seien verheerend. &#8220;Obwohl sogar das Potenzial f\u00fcr eine verst\u00e4rkte nachhaltige Nutzung in den W\u00e4ldern vorhanden w\u00e4re und eine weltweit robuste Nachfrage nach Produkten herrsche, sinke die Menge des verf\u00fcgbaren Rohstoffs kontinuierlich.&#8221; Ein f\u00fcr die Holzernte zu nasser Winter und die Sturmsch\u00e4den in Nadelholzw\u00e4ldern, die viel Personal gebunden h\u00e4tten, h\u00e4tten das Problem noch zus\u00e4tzlich versch\u00e4rft.<\/p>\n<p>Prinzipiell sieht die Politik der Bundesregierung nicht nur verst\u00e4rkte Nutzungsbeschr\u00e4nkungen, sondern gleichzeitig eine verst\u00e4rkte Nutzung von Holz als Rohstoff vor; Ziele, die sich schwer miteinander vereinbaren lassen. Aktuell hat sich zum Beispiel auch der Deutsche Holzfertigbau-Verband e.V. gemeinsam mit dem DeSH gegen eine Ausweitung des Nationalparks Schwarzwald <a rel=\"nofollow noopener\" target=\"_blank\" href=\"https:\/\/www.saegeindustrie.de\/de\/content\/newsroom\/aktuelles\/news?id=2281\">gewandt<\/a>, der zweitgr\u00f6\u00dften Waldfl\u00e4che Deutschlands. &#8220;Die Erweiterung des Nationalparks Nordschwarzwald konterkariert die klimapolitischen Bestrebungen f\u00fcr einen klimaneutralen Baubereich und bremst den regionalen Holzbau und die heimische Wirtschaft entschieden aus.&#8221;<\/p>\n<p>Die wirtschaftlichen Aussichten der Holzindustrie werden auch durch weitere Faktoren getr\u00fcbt. &#8220;Steigende Inflationsrate, Verteuerung der Finanzierungskosten, hohe Energie- und Materialpreise sowie drohende Gasknappheit belasten die Branchenkonjunktur&#8221;, hei\u00dft es in einer <a rel=\"nofollow noopener\" target=\"_blank\" href=\"https:\/\/www.holzindustrie.de\/pressemitteilungen\/3810\/stark-eingetruebte-stimmung-in-der-holzindustrie.html\">Pressemitteilung<\/a> der Holzindustrie vom Ende August. &#8220;Insbesondere die S\u00e4geindustrie (-78,9 Punkte), die Holzwerkstoffindustrie (-62,2 Punkte) und der Holzfertigbau (-61,5 Punkte) blicken aktuell pessimistisch in die Zukunft&#8221;, hei\u00dft es darin, und der R\u00fcckgang der Bauauftr\u00e4ge wie die schlechte Verbraucherstimmung wegen der hohen Inflation spielten dabei eine gewichtige Rolle.<\/p>\n<p>Insgesamt d\u00fcrften die Widerspr\u00fcchlichkeiten der Klimaschutzpolitik und die direkten (Energiekosten) wie mittelbaren (Inflation, Konsumklima) Folgen der Sanktionen eine gr\u00f6\u00dfere Rolle spielen als die Exporte nach China.<\/p>\n<p><strong>Mehr zum Thema<\/strong> &#8211; <a rel=\"nofollow noopener\" target=\"_blank\" href=\"https:\/\/pressefreiheit.rtde.tech\/wirtschaft\/142424-aus-angst-vor-ausfall-heizungen\/\">Angst vor Ausfall der Heizungen: \u00d6fen und Brennholz werden knapp in Deutschland <\/a><\/p>\n<\/p>\n<\/div>\n<p><br \/>\n<br \/><a href=\"https:\/\/de.rt.com\/wirtschaft\/148080-zu-wenig-laubholz-sind-chinesen\/\">Source link <\/a><\/p>\n","protected":false},"excerpt":{"rendered":"<p>Laubholz ist ein wichtiges Rohmaterial f\u00fcr Holzbau und M\u00f6belindustrie. Die Holzindustrie beklagt schon seit L\u00e4ngerem einen Mangel an diesem Material. Die Tagesschau sieht die Schuld in China; aber es sind noch ganz andere Faktoren im Spiel. Die Holzindustrie hat Probleme, und die Tagesschau\u00a0macht in ihrem Bericht die Verantwortlichen schnell fest: Es sind die Chinesen, weil [&hellip;]<\/p>\n","protected":false},"author":3,"featured_media":18477,"comment_status":"open","ping_status":"open","sticky":false,"template":"","format":"standard","meta":{"wp_automatic_camp":["217"],"b6cf09559f8fadf2fe0df0d1b08e0fb2":["Zu wenig Laubholz \u2013 sind die Chinesen schuld oder doch die deutsche Politik?"],"original_link":["https:\/\/de.rt.com\/wirtschaft\/148080-zu-wenig-laubholz-sind-chinesen\/"],"_thumbnail_id":["18477"],"_wptg_p2tg_sent2tg":["2022-09-05 20:49:55"],"jnews_social_counter_last_update":["1777368883"]},"categories":[19,23],"tags":[21321,2374,45,9898,32347,268,592,12416,1046,12768],"yoast_head":"<!-- This site is optimized with the Yoast SEO Premium plugin v22.7 (Yoast SEO v22.7) - https:\/\/yoast.com\/wordpress\/plugins\/seo\/ -->\n<title>Zu wenig Laubholz \u2013 sind die Chinesen schuld oder doch die deutsche Politik? - just-now.NEWS Deutschland<\/title>\n<meta name=\"robots\" content=\"index, follow, max-snippet:-1, max-image-preview:large, max-video-preview:-1\" \/>\n<link rel=\"canonical\" href=\"https:\/\/now-news.de\/de\/deutschland\/zu-wenig-laubholz-sind-die-chinesen-schuld-oder-doch-die-deutsche-politik\/\" \/>\n<meta property=\"og:locale\" content=\"de_DE\" \/>\n<meta property=\"og:type\" content=\"article\" \/>\n<meta property=\"og:title\" content=\"Zu wenig Laubholz \u2013 sind die Chinesen schuld oder doch die deutsche Politik?\" \/>\n<meta property=\"og:description\" content=\"Laubholz ist ein wichtiges Rohmaterial f\u00fcr Holzbau und M\u00f6belindustrie. Die Holzindustrie beklagt schon seit L\u00e4ngerem einen Mangel an diesem Material. Die Tagesschau sieht die Schuld in China; aber es sind noch ganz andere Faktoren im Spiel. Die Holzindustrie hat Probleme, und die Tagesschau\u00a0macht in ihrem Bericht die Verantwortlichen schnell fest: Es sind die Chinesen, weil [&hellip;]\" \/>\n<meta property=\"og:url\" content=\"https:\/\/now-news.de\/de\/deutschland\/zu-wenig-laubholz-sind-die-chinesen-schuld-oder-doch-die-deutsche-politik\/\" \/>\n<meta property=\"og:site_name\" content=\"just-now.NEWS Deutschland\" \/>\n<meta property=\"article:publisher\" content=\"https:\/\/www.facebook.com\/wirmachenauf\" \/>\n<meta property=\"article:published_time\" content=\"2022-09-05T18:43:09+00:00\" \/>\n<meta property=\"og:image\" content=\"https:\/\/now-news.de\/de\/wp-content\/uploads\/sites\/3\/2022\/09\/Zu-wenig-Laubholz-\u2013-sind-die-Chinesen-schuld-oder-doch.jpg\" \/>\n\t<meta property=\"og:image:width\" content=\"460\" \/>\n\t<meta property=\"og:image:height\" content=\"259\" \/>\n\t<meta property=\"og:image:type\" content=\"image\/jpeg\" \/>\n<meta name=\"author\" content=\"rtnews\" \/>\n<meta name=\"twitter:card\" content=\"summary_large_image\" \/>\n<meta name=\"twitter:creator\" content=\"@WirMachenAuf_de\" \/>\n<meta name=\"twitter:site\" content=\"@WirMachenAuf_de\" \/>\n<meta name=\"twitter:label1\" content=\"Verfasst von\" \/>\n\t<meta name=\"twitter:data1\" content=\"rtnews\" \/>\n\t<meta name=\"twitter:label2\" content=\"Gesch\u00e4tzte Lesezeit\" \/>\n\t<meta name=\"twitter:data2\" content=\"3\u00a0Minuten\" \/>\n<script type=\"application\/ld+json\" class=\"yoast-schema-graph\">{\"@context\":\"https:\/\/schema.org\",\"@graph\":[{\"@type\":\"Article\",\"@id\":\"https:\/\/now-news.de\/de\/deutschland\/zu-wenig-laubholz-sind-die-chinesen-schuld-oder-doch-die-deutsche-politik\/#article\",\"isPartOf\":{\"@id\":\"https:\/\/now-news.de\/de\/deutschland\/zu-wenig-laubholz-sind-die-chinesen-schuld-oder-doch-die-deutsche-politik\/\"},\"author\":{\"name\":\"rtnews\",\"@id\":\"https:\/\/now-news.de\/de\/#\/schema\/person\/fb534a4e865501d8b3285208df34a9b5\"},\"headline\":\"Zu wenig Laubholz \u2013 sind die Chinesen schuld oder doch die deutsche Politik?\",\"datePublished\":\"2022-09-05T18:43:09+00:00\",\"dateModified\":\"2022-09-05T18:43:09+00:00\",\"mainEntityOfPage\":{\"@id\":\"https:\/\/now-news.de\/de\/deutschland\/zu-wenig-laubholz-sind-die-chinesen-schuld-oder-doch-die-deutsche-politik\/\"},\"wordCount\":606,\"commentCount\":0,\"publisher\":{\"@id\":\"https:\/\/now-news.de\/de\/#organization\"},\"image\":{\"@id\":\"https:\/\/now-news.de\/de\/deutschland\/zu-wenig-laubholz-sind-die-chinesen-schuld-oder-doch-die-deutsche-politik\/#primaryimage\"},\"thumbnailUrl\":\"https:\/\/now-news.de\/de\/wp-content\/uploads\/sites\/3\/2022\/09\/Zu-wenig-Laubholz-\u2013-sind-die-Chinesen-schuld-oder-doch.jpg\",\"keywords\":[\"Chinesen\",\"Deutsche\",\"die\",\"doch\",\"Laubholz\",\"oder\",\"Politik\",\"Schuld\",\"sind\",\"wenig\"],\"articleSection\":[\"Deutschland\",\"Russland\"],\"inLanguage\":\"de\",\"potentialAction\":[{\"@type\":\"CommentAction\",\"name\":\"Comment\",\"target\":[\"https:\/\/now-news.de\/de\/deutschland\/zu-wenig-laubholz-sind-die-chinesen-schuld-oder-doch-die-deutsche-politik\/#respond\"]}]},{\"@type\":\"WebPage\",\"@id\":\"https:\/\/now-news.de\/de\/deutschland\/zu-wenig-laubholz-sind-die-chinesen-schuld-oder-doch-die-deutsche-politik\/\",\"url\":\"https:\/\/now-news.de\/de\/deutschland\/zu-wenig-laubholz-sind-die-chinesen-schuld-oder-doch-die-deutsche-politik\/\",\"name\":\"Zu wenig Laubholz \u2013 sind die Chinesen schuld oder doch die deutsche Politik? - just-now.NEWS Deutschland\",\"isPartOf\":{\"@id\":\"https:\/\/now-news.de\/de\/#website\"},\"primaryImageOfPage\":{\"@id\":\"https:\/\/now-news.de\/de\/deutschland\/zu-wenig-laubholz-sind-die-chinesen-schuld-oder-doch-die-deutsche-politik\/#primaryimage\"},\"image\":{\"@id\":\"https:\/\/now-news.de\/de\/deutschland\/zu-wenig-laubholz-sind-die-chinesen-schuld-oder-doch-die-deutsche-politik\/#primaryimage\"},\"thumbnailUrl\":\"https:\/\/now-news.de\/de\/wp-content\/uploads\/sites\/3\/2022\/09\/Zu-wenig-Laubholz-\u2013-sind-die-Chinesen-schuld-oder-doch.jpg\",\"datePublished\":\"2022-09-05T18:43:09+00:00\",\"dateModified\":\"2022-09-05T18:43:09+00:00\",\"breadcrumb\":{\"@id\":\"https:\/\/now-news.de\/de\/deutschland\/zu-wenig-laubholz-sind-die-chinesen-schuld-oder-doch-die-deutsche-politik\/#breadcrumb\"},\"inLanguage\":\"de\",\"potentialAction\":[{\"@type\":\"ReadAction\",\"target\":[\"https:\/\/now-news.de\/de\/deutschland\/zu-wenig-laubholz-sind-die-chinesen-schuld-oder-doch-die-deutsche-politik\/\"]}]},{\"@type\":\"ImageObject\",\"inLanguage\":\"de\",\"@id\":\"https:\/\/now-news.de\/de\/deutschland\/zu-wenig-laubholz-sind-die-chinesen-schuld-oder-doch-die-deutsche-politik\/#primaryimage\",\"url\":\"https:\/\/now-news.de\/de\/wp-content\/uploads\/sites\/3\/2022\/09\/Zu-wenig-Laubholz-\u2013-sind-die-Chinesen-schuld-oder-doch.jpg\",\"contentUrl\":\"https:\/\/now-news.de\/de\/wp-content\/uploads\/sites\/3\/2022\/09\/Zu-wenig-Laubholz-\u2013-sind-die-Chinesen-schuld-oder-doch.jpg\",\"width\":460,\"height\":259,\"caption\":\"Zu wenig Laubholz \u2013 sind die Chinesen schuld oder doch die deutsche Politik?\"},{\"@type\":\"BreadcrumbList\",\"@id\":\"https:\/\/now-news.de\/de\/deutschland\/zu-wenig-laubholz-sind-die-chinesen-schuld-oder-doch-die-deutsche-politik\/#breadcrumb\",\"itemListElement\":[{\"@type\":\"ListItem\",\"position\":1,\"name\":\"Home\",\"item\":\"https:\/\/now-news.de\/de\/\"},{\"@type\":\"ListItem\",\"position\":2,\"name\":\"Zu wenig Laubholz \u2013 sind die Chinesen schuld oder doch die deutsche Politik?\"}]},{\"@type\":\"WebSite\",\"@id\":\"https:\/\/now-news.de\/de\/#website\",\"url\":\"https:\/\/now-news.de\/de\/\",\"name\":\"just-now.NEWS Deutschland\",\"description\":\"Das Portal f\u00fcr unzensierte Nachrichten aus der Welt\",\"publisher\":{\"@id\":\"https:\/\/now-news.de\/de\/#organization\"},\"potentialAction\":[{\"@type\":\"SearchAction\",\"target\":{\"@type\":\"EntryPoint\",\"urlTemplate\":\"https:\/\/now-news.de\/de\/?s={search_term_string}\"},\"query-input\":\"required name=search_term_string\"}],\"inLanguage\":\"de\"},{\"@type\":\"Organization\",\"@id\":\"https:\/\/now-news.de\/de\/#organization\",\"name\":\"Just Now News\",\"url\":\"https:\/\/now-news.de\/de\/\",\"logo\":{\"@type\":\"ImageObject\",\"inLanguage\":\"de\",\"@id\":\"https:\/\/now-news.de\/de\/#\/schema\/logo\/image\/\",\"url\":\"http:\/\/just-now.news\/de\/wp-content\/uploads\/sites\/3\/2022\/04\/logo500x500.jpg\",\"contentUrl\":\"http:\/\/just-now.news\/de\/wp-content\/uploads\/sites\/3\/2022\/04\/logo500x500.jpg\",\"width\":500,\"height\":500,\"caption\":\"Just Now News\"},\"image\":{\"@id\":\"https:\/\/now-news.de\/de\/#\/schema\/logo\/image\/\"},\"sameAs\":[\"https:\/\/www.facebook.com\/wirmachenauf\",\"https:\/\/x.com\/WirMachenAuf_de\"]},{\"@type\":\"Person\",\"@id\":\"https:\/\/now-news.de\/de\/#\/schema\/person\/fb534a4e865501d8b3285208df34a9b5\",\"name\":\"rtnews\",\"image\":{\"@type\":\"ImageObject\",\"inLanguage\":\"de\",\"@id\":\"https:\/\/now-news.de\/de\/#\/schema\/person\/image\/\",\"url\":\"https:\/\/secure.gravatar.com\/avatar\/82aafea7d8127119dd649515f56e2117?s=96&d=mm&r=g\",\"contentUrl\":\"https:\/\/secure.gravatar.com\/avatar\/82aafea7d8127119dd649515f56e2117?s=96&d=mm&r=g\",\"caption\":\"rtnews\"},\"url\":\"https:\/\/now-news.de\/de\/author\/rnews\/\"}]}<\/script>\n<!-- \/ Yoast SEO Premium plugin. -->","yoast_head_json":{"title":"Zu wenig Laubholz \u2013 sind die Chinesen schuld oder doch die deutsche Politik? - just-now.NEWS Deutschland","robots":{"index":"index","follow":"follow","max-snippet":"max-snippet:-1","max-image-preview":"max-image-preview:large","max-video-preview":"max-video-preview:-1"},"canonical":"https:\/\/now-news.de\/de\/deutschland\/zu-wenig-laubholz-sind-die-chinesen-schuld-oder-doch-die-deutsche-politik\/","og_locale":"de_DE","og_type":"article","og_title":"Zu wenig Laubholz \u2013 sind die Chinesen schuld oder doch die deutsche Politik?","og_description":"Laubholz ist ein wichtiges Rohmaterial f\u00fcr Holzbau und M\u00f6belindustrie. Die Holzindustrie beklagt schon seit L\u00e4ngerem einen Mangel an diesem Material. Die Tagesschau sieht die Schuld in China; aber es sind noch ganz andere Faktoren im Spiel. Die Holzindustrie hat Probleme, und die Tagesschau\u00a0macht in ihrem Bericht die Verantwortlichen schnell fest: Es sind die Chinesen, weil [&hellip;]","og_url":"https:\/\/now-news.de\/de\/deutschland\/zu-wenig-laubholz-sind-die-chinesen-schuld-oder-doch-die-deutsche-politik\/","og_site_name":"just-now.NEWS Deutschland","article_publisher":"https:\/\/www.facebook.com\/wirmachenauf","article_published_time":"2022-09-05T18:43:09+00:00","og_image":[{"width":460,"height":259,"url":"https:\/\/now-news.de\/de\/wp-content\/uploads\/sites\/3\/2022\/09\/Zu-wenig-Laubholz-\u2013-sind-die-Chinesen-schuld-oder-doch.jpg","type":"image\/jpeg"}],"author":"rtnews","twitter_card":"summary_large_image","twitter_creator":"@WirMachenAuf_de","twitter_site":"@WirMachenAuf_de","twitter_misc":{"Verfasst von":"rtnews","Gesch\u00e4tzte Lesezeit":"3\u00a0Minuten"},"schema":{"@context":"https:\/\/schema.org","@graph":[{"@type":"Article","@id":"https:\/\/now-news.de\/de\/deutschland\/zu-wenig-laubholz-sind-die-chinesen-schuld-oder-doch-die-deutsche-politik\/#article","isPartOf":{"@id":"https:\/\/now-news.de\/de\/deutschland\/zu-wenig-laubholz-sind-die-chinesen-schuld-oder-doch-die-deutsche-politik\/"},"author":{"name":"rtnews","@id":"https:\/\/now-news.de\/de\/#\/schema\/person\/fb534a4e865501d8b3285208df34a9b5"},"headline":"Zu wenig Laubholz \u2013 sind die Chinesen schuld oder doch die deutsche Politik?","datePublished":"2022-09-05T18:43:09+00:00","dateModified":"2022-09-05T18:43:09+00:00","mainEntityOfPage":{"@id":"https:\/\/now-news.de\/de\/deutschland\/zu-wenig-laubholz-sind-die-chinesen-schuld-oder-doch-die-deutsche-politik\/"},"wordCount":606,"commentCount":0,"publisher":{"@id":"https:\/\/now-news.de\/de\/#organization"},"image":{"@id":"https:\/\/now-news.de\/de\/deutschland\/zu-wenig-laubholz-sind-die-chinesen-schuld-oder-doch-die-deutsche-politik\/#primaryimage"},"thumbnailUrl":"https:\/\/now-news.de\/de\/wp-content\/uploads\/sites\/3\/2022\/09\/Zu-wenig-Laubholz-\u2013-sind-die-Chinesen-schuld-oder-doch.jpg","keywords":["Chinesen","Deutsche","die","doch","Laubholz","oder","Politik","Schuld","sind","wenig"],"articleSection":["Deutschland","Russland"],"inLanguage":"de","potentialAction":[{"@type":"CommentAction","name":"Comment","target":["https:\/\/now-news.de\/de\/deutschland\/zu-wenig-laubholz-sind-die-chinesen-schuld-oder-doch-die-deutsche-politik\/#respond"]}]},{"@type":"WebPage","@id":"https:\/\/now-news.de\/de\/deutschland\/zu-wenig-laubholz-sind-die-chinesen-schuld-oder-doch-die-deutsche-politik\/","url":"https:\/\/now-news.de\/de\/deutschland\/zu-wenig-laubholz-sind-die-chinesen-schuld-oder-doch-die-deutsche-politik\/","name":"Zu wenig Laubholz \u2013 sind die Chinesen schuld oder doch die deutsche Politik? - just-now.NEWS Deutschland","isPartOf":{"@id":"https:\/\/now-news.de\/de\/#website"},"primaryImageOfPage":{"@id":"https:\/\/now-news.de\/de\/deutschland\/zu-wenig-laubholz-sind-die-chinesen-schuld-oder-doch-die-deutsche-politik\/#primaryimage"},"image":{"@id":"https:\/\/now-news.de\/de\/deutschland\/zu-wenig-laubholz-sind-die-chinesen-schuld-oder-doch-die-deutsche-politik\/#primaryimage"},"thumbnailUrl":"https:\/\/now-news.de\/de\/wp-content\/uploads\/sites\/3\/2022\/09\/Zu-wenig-Laubholz-\u2013-sind-die-Chinesen-schuld-oder-doch.jpg","datePublished":"2022-09-05T18:43:09+00:00","dateModified":"2022-09-05T18:43:09+00:00","breadcrumb":{"@id":"https:\/\/now-news.de\/de\/deutschland\/zu-wenig-laubholz-sind-die-chinesen-schuld-oder-doch-die-deutsche-politik\/#breadcrumb"},"inLanguage":"de","potentialAction":[{"@type":"ReadAction","target":["https:\/\/now-news.de\/de\/deutschland\/zu-wenig-laubholz-sind-die-chinesen-schuld-oder-doch-die-deutsche-politik\/"]}]},{"@type":"ImageObject","inLanguage":"de","@id":"https:\/\/now-news.de\/de\/deutschland\/zu-wenig-laubholz-sind-die-chinesen-schuld-oder-doch-die-deutsche-politik\/#primaryimage","url":"https:\/\/now-news.de\/de\/wp-content\/uploads\/sites\/3\/2022\/09\/Zu-wenig-Laubholz-\u2013-sind-die-Chinesen-schuld-oder-doch.jpg","contentUrl":"https:\/\/now-news.de\/de\/wp-content\/uploads\/sites\/3\/2022\/09\/Zu-wenig-Laubholz-\u2013-sind-die-Chinesen-schuld-oder-doch.jpg","width":460,"height":259,"caption":"Zu wenig Laubholz \u2013 sind die Chinesen schuld oder doch die deutsche Politik?"},{"@type":"BreadcrumbList","@id":"https:\/\/now-news.de\/de\/deutschland\/zu-wenig-laubholz-sind-die-chinesen-schuld-oder-doch-die-deutsche-politik\/#breadcrumb","itemListElement":[{"@type":"ListItem","position":1,"name":"Home","item":"https:\/\/now-news.de\/de\/"},{"@type":"ListItem","position":2,"name":"Zu wenig Laubholz \u2013 sind die Chinesen schuld oder doch die deutsche Politik?"}]},{"@type":"WebSite","@id":"https:\/\/now-news.de\/de\/#website","url":"https:\/\/now-news.de\/de\/","name":"just-now.NEWS Deutschland","description":"Das Portal f\u00fcr unzensierte Nachrichten aus der Welt","publisher":{"@id":"https:\/\/now-news.de\/de\/#organization"},"potentialAction":[{"@type":"SearchAction","target":{"@type":"EntryPoint","urlTemplate":"https:\/\/now-news.de\/de\/?s={search_term_string}"},"query-input":"required name=search_term_string"}],"inLanguage":"de"},{"@type":"Organization","@id":"https:\/\/now-news.de\/de\/#organization","name":"Just Now News","url":"https:\/\/now-news.de\/de\/","logo":{"@type":"ImageObject","inLanguage":"de","@id":"https:\/\/now-news.de\/de\/#\/schema\/logo\/image\/","url":"http:\/\/just-now.news\/de\/wp-content\/uploads\/sites\/3\/2022\/04\/logo500x500.jpg","contentUrl":"http:\/\/just-now.news\/de\/wp-content\/uploads\/sites\/3\/2022\/04\/logo500x500.jpg","width":500,"height":500,"caption":"Just Now News"},"image":{"@id":"https:\/\/now-news.de\/de\/#\/schema\/logo\/image\/"},"sameAs":["https:\/\/www.facebook.com\/wirmachenauf","https:\/\/x.com\/WirMachenAuf_de"]},{"@type":"Person","@id":"https:\/\/now-news.de\/de\/#\/schema\/person\/fb534a4e865501d8b3285208df34a9b5","name":"rtnews","image":{"@type":"ImageObject","inLanguage":"de","@id":"https:\/\/now-news.de\/de\/#\/schema\/person\/image\/","url":"https:\/\/secure.gravatar.com\/avatar\/82aafea7d8127119dd649515f56e2117?s=96&d=mm&r=g","contentUrl":"https:\/\/secure.gravatar.com\/avatar\/82aafea7d8127119dd649515f56e2117?s=96&d=mm&r=g","caption":"rtnews"},"url":"https:\/\/now-news.de\/de\/author\/rnews\/"}]}},"_links":{"self":[{"href":"https:\/\/now-news.de\/de\/wp-json\/wp\/v2\/posts\/18476"}],"collection":[{"href":"https:\/\/now-news.de\/de\/wp-json\/wp\/v2\/posts"}],"about":[{"href":"https:\/\/now-news.de\/de\/wp-json\/wp\/v2\/types\/post"}],"author":[{"embeddable":true,"href":"https:\/\/now-news.de\/de\/wp-json\/wp\/v2\/users\/3"}],"replies":[{"embeddable":true,"href":"https:\/\/now-news.de\/de\/wp-json\/wp\/v2\/comments?post=18476"}],"version-history":[{"count":0,"href":"https:\/\/now-news.de\/de\/wp-json\/wp\/v2\/posts\/18476\/revisions"}],"wp:featuredmedia":[{"embeddable":true,"href":"https:\/\/now-news.de\/de\/wp-json\/wp\/v2\/media\/18477"}],"wp:attachment":[{"href":"https:\/\/now-news.de\/de\/wp-json\/wp\/v2\/media?parent=18476"}],"wp:term":[{"taxonomy":"category","embeddable":true,"href":"https:\/\/now-news.de\/de\/wp-json\/wp\/v2\/categories?post=18476"},{"taxonomy":"post_tag","embeddable":true,"href":"https:\/\/now-news.de\/de\/wp-json\/wp\/v2\/tags?post=18476"}],"curies":[{"name":"wp","href":"https:\/\/api.w.org\/{rel}","templated":true}]}}