{"id":18474,"date":"2022-09-05T20:17:41","date_gmt":"2022-09-05T18:17:41","guid":{"rendered":"http:\/\/just-now.news\/de\/deutschland\/wegen-klima-und-energiekrise-iwf-empfiehlt-eu-flexiblere-gemeinschaftsschulden\/"},"modified":"2022-09-05T20:17:41","modified_gmt":"2022-09-05T18:17:41","slug":"wegen-klima-und-energiekrise-iwf-empfiehlt-eu-flexiblere-gemeinschaftsschulden","status":"publish","type":"post","link":"https:\/\/now-news.de\/de\/deutschland\/wegen-klima-und-energiekrise-iwf-empfiehlt-eu-flexiblere-gemeinschaftsschulden\/","title":{"rendered":"Wegen &quot;Klima- und Energiekrise&quot;: IWF empfiehlt EU &quot;flexiblere&quot; Gemeinschaftsschulden"},"content":{"rendered":"<p><img decoding=\"async\" src=\"http:\/\/just-now.news\/de\/wp-content\/uploads\/sites\/3\/2022\/09\/631615e648fbef5ba82c84f8.jpg\" \/><\/p>\n<p>Aufgrund der antirussischen Sanktionen wegen des Kriegs in der Ukraine und der dadurch selbstverschuldet massiv anwachsenden Staatsschulden\u00a0&#8220;empfiehlt&#8221; der Internationale W\u00e4hrungsfonds (IWF) der Europ\u00e4ischen Union (EU) neue &#8220;europ\u00e4ische Gemeinschaftsschulden&#8221; \u2013 wie das <em>Handelsblatt<\/em> am Montag <a rel=\"nofollow noopener\" target=\"_blank\" href=\"https:\/\/www.handelsblatt.com\/politik\/international\/finanzpolitik-iwf-fordert-von-eu-gemeinsame-schuldenaufnahme-gegen-die-energiekrise\/28656894.html\">berichtet<\/a>. Damit wolle die internationale Organisation mit Sitz in Washington, D.C. nur Europas &#8220;Widerstandskraft verbessern und l\u00e4ngerfristige Herausforderungen angehen, vor denen die EU steht&#8221; <a rel=\"nofollow noopener\" target=\"_blank\" href=\"https:\/\/blogs.imf.org\/2022\/09\/05\/european-fiscal-governance-a-proposal-from-the-imf\/\">schreibt<\/a> der\u00a0IWF\u00a0in seiner Analyse.<\/p>\n<p>Mit ihrem Vorsto\u00df greift die Washingtoner Finanzinstitution ungeniert in den europ\u00e4ischen Diskurs um die \u00dcberarbeitung der Schuldenregeln f\u00fcr die EU ein. Grunds\u00e4tzlich will die EU mit den sogenannten Maastricht-Kriterien die zul\u00e4ssige Staatsverschuldung auf 60 Prozent und das zul\u00e4ssige j\u00e4hrliche Haushaltsdefizit auf drei Prozent der nationalen Wirtschaftskraft BIP begrenzen. Dennoch ist die durchschnittliche Schuldenlast in der Euro-Zone in den letzten Jahren bereits auf etwa 100 Prozent des BIPs angewachsen. Besonders Italien und\u00a0Griechenland konnten in der sogenannten Euro-Krise nur mit der gemeinschaftlichen Unterst\u00fctzung durch Milliardenkredite aus den finanziell besser gestellten Staaten Nord- und Mitteleuropas vor ihren drohenden Staatspleiten bewahrt werden.\u00a0<\/p>\n<p>Das vom IWF nun vorgeschlagene Konzept d\u00fcrfte bald die\u00a0EU-Finanzminister besch\u00e4ftigen, die Ende dieser Woche zu einem informellen Treffen zusammenkommen wollen, mutma\u00dft das <em>Handelsblatt<\/em> und zitiert den IWF mit den Worten:<\/p>\n<blockquote>\n<p><em>&#8220;Die Pandemie, der Klimawandel und der Krieg in der Ukraine haben neue Herausforderungen f\u00fcr den finanzpolitischen Rahmen mit sich gebracht.&#8221;<\/em><\/p>\n<\/blockquote>\n<p>Konkret umfasst der IWF-Vorschlag drei Aspekte: Erstens sollen laut Empfehlung die Maastricht-Grenzen beibehalten, aber &#8220;flexibler&#8221; angewendet werden. Zweitens sollen daher auch nationale Institutionen gest\u00e4rkt werden, die auf Haushaltsdisziplin achten. Ganz im Widerspruch dazu steht als dritte S\u00e4ule ein neuer EU-Fonds, der sich an dem bereits neu geschaffenen Corona-Wiederaufbaufonds (auch Next Generation EU genannt)\u00a0orientieren solle. Das Ganze w\u00fcrde mit Blick auf einen dringend erforderlichen &#8220;klimagerechten Umbau der Wirtschaft&#8221; einerseits auf eine weitere &#8220;Sozialisierung&#8221;, also &#8220;Vergesellschaftung&#8221; der Gesamtschulden der EU hinauslaufen, andererseits w\u00fcrden besonders die &#8220;Geberl\u00e4nder&#8221; wie Deutschland dann zugunsten der s\u00fcdeurop\u00e4ischen Staaten noch st\u00e4rker zur Kasse gebeten werden.<\/p>\n<p>Der neue Fonds solle demnach eine &#8220;Kreditaufnahmekapazit\u00e4t haben, gepaart mit einem Einkommensstrom, der es ihm erm\u00f6glicht, seine Schulden zu bedienen&#8221;. Der IWF rechnet damit, dass die EU pro Jahr\u00a0etwa ein Prozent ihrer Wirtschaftskraft investieren m\u00fcsse, um ihre Klimaziele zu erreichen. Das entspricht etwa 170 Milliarden Euro j\u00e4hrlich.<\/p>\n<p>Der neue Vorschlag des IWF d\u00fcrfte beim Bundesminister der Finanzen Christian Lindner und seiner\u00a0<a rel=\"nofollow noopener\" target=\"_blank\" href=\"https:\/\/www.handelsblatt.com\/themen\/fdp\">FDP<\/a>\u00a0auf wenig Gegenliebe treffen. Die Gr\u00fcnen und die\u00a0<a rel=\"nofollow noopener\" target=\"_blank\" href=\"https:\/\/www.handelsblatt.com\/themen\/spd\">SPD<\/a>\u00a0als Koalitionspartner der &#8220;Ampel&#8221; stehen dagegen gemeinsamen EU-Schulden viel offener gegen\u00fcber. Noch mehr gemeinsame Schulden w\u00fcrden freilich die Grundfesten der EU weiter ersch\u00fcttern, denn bereits seit der Corona-Krise 2020 werden die Maastricht-Kriterien nicht mehr angewandt, um den Euro-Staaten bereits mehr &#8220;finanziellen Spielraum&#8221; zu geben.<\/p>\n<p>Die bereits 1992 festgelegten Defizitgrenzen sollen den Appetit von Regierungen auf das Schuldenmachen begrenzen und damit die finanzielle Stabilit\u00e4t des Euro-Raums wieder sichern helfen. Doch sie werden nur noch als Papiertiger angesehen. In Griechenland und Italien liegt die Schuldenquote bei fast 200 beziehungsweise 150 Prozent des jeweiligen BIP, die Obergrenze von 60 Prozent ist dort kaum noch jemals absehbar. F\u00fcr noch mehr Schulden pl\u00e4dieren dagegen auch die \u00d6konomen des EU-Rettungsfonds ESM: Sie hatten sich daf\u00fcr stark gemacht, die Schuldenobergrenze in der EU generell von 60 auf 100 Prozent der Wirtschaftskraft anzuheben. Zu der Frage wie europ\u00e4ische Verbraucher und Steuerzahler \u2013 welche stets unfreiwillig die einstigen Schuldner und R\u00fcckzahler neuer Staatsschulden sind \u2013 mit Blick auf die aktuelle Inflation das noch verkraften sollen, \u00e4u\u00dferten sich &#8220;naturgegeben&#8221; weder der IWF noch die \u00d6konomen vom ESM.<\/p>\n<p><strong>Mehr zum Thema<\/strong> &#8211;\u00a0<a rel=\"nofollow noopener\" target=\"_blank\" href=\"https:\/\/de.rt.com\/wirtschaft\/147582-auf-kosten-anderen-usa-staatsbankrott\/\">Auf Kosten der Anderen \u2013 Die USA am Rande eines Staatsbankrotts <\/a><\/p>\n<p><br \/>\n<br \/><a href=\"https:\/\/de.rt.com\/international\/148033-wegen-klima-und-energiekrise-iwf\/\">Source link <\/a><\/p>\n","protected":false},"excerpt":{"rendered":"<p>Aufgrund der antirussischen Sanktionen wegen des Kriegs in der Ukraine und der dadurch selbstverschuldet massiv anwachsenden Staatsschulden\u00a0&#8220;empfiehlt&#8221; der Internationale W\u00e4hrungsfonds (IWF) der Europ\u00e4ischen Union (EU) neue &#8220;europ\u00e4ische Gemeinschaftsschulden&#8221; \u2013 wie das Handelsblatt am Montag berichtet. Damit wolle die internationale Organisation mit Sitz in Washington, D.C. nur Europas &#8220;Widerstandskraft verbessern und l\u00e4ngerfristige Herausforderungen angehen, vor denen [&hellip;]<\/p>\n","protected":false},"author":3,"featured_media":18475,"comment_status":"open","ping_status":"open","sticky":false,"template":"","format":"standard","meta":{"wp_automatic_camp":["217"],"db39eff34818129297fb6f95f946a2db":["Wegen &quot;Klima- und Energiekrise&quot;: IWF empfiehlt EU &quot;flexiblere&quot; Gemeinschaftsschulden"],"original_link":["https:\/\/de.rt.com\/international\/148033-wegen-klima-und-energiekrise-iwf\/"],"_thumbnail_id":["18475"],"_wptg_p2tg_sent2tg":["2022-09-05 20:33:35"],"jnews_social_counter_last_update":["1777362068"]},"categories":[19,23],"tags":[21598,32344,32346,144,32345,32343,140,145],"yoast_head":"<!-- This site is optimized with the Yoast SEO Premium plugin v22.7 (Yoast SEO v22.7) - https:\/\/yoast.com\/wordpress\/plugins\/seo\/ -->\n<title>Wegen &quot;Klima- und Energiekrise&quot;: IWF empfiehlt EU &quot;flexiblere&quot; Gemeinschaftsschulden - just-now.NEWS Deutschland<\/title>\n<meta name=\"robots\" content=\"index, follow, max-snippet:-1, max-image-preview:large, max-video-preview:-1\" \/>\n<link rel=\"canonical\" href=\"https:\/\/now-news.de\/de\/deutschland\/wegen-klima-und-energiekrise-iwf-empfiehlt-eu-flexiblere-gemeinschaftsschulden\/\" \/>\n<meta property=\"og:locale\" content=\"de_DE\" \/>\n<meta property=\"og:type\" content=\"article\" \/>\n<meta property=\"og:title\" content=\"Wegen &quot;Klima- und Energiekrise&quot;: IWF empfiehlt EU &quot;flexiblere&quot; Gemeinschaftsschulden\" \/>\n<meta property=\"og:description\" content=\"Aufgrund der antirussischen Sanktionen wegen des Kriegs in der Ukraine und der dadurch selbstverschuldet massiv anwachsenden Staatsschulden\u00a0&#8220;empfiehlt&#8221; der Internationale W\u00e4hrungsfonds (IWF) der Europ\u00e4ischen Union (EU) neue &#8220;europ\u00e4ische Gemeinschaftsschulden&#8221; \u2013 wie das Handelsblatt am Montag berichtet. Damit wolle die internationale Organisation mit Sitz in Washington, D.C. nur Europas &#8220;Widerstandskraft verbessern und l\u00e4ngerfristige Herausforderungen angehen, vor denen [&hellip;]\" \/>\n<meta property=\"og:url\" content=\"https:\/\/now-news.de\/de\/deutschland\/wegen-klima-und-energiekrise-iwf-empfiehlt-eu-flexiblere-gemeinschaftsschulden\/\" \/>\n<meta property=\"og:site_name\" content=\"just-now.NEWS Deutschland\" \/>\n<meta property=\"article:publisher\" content=\"https:\/\/www.facebook.com\/wirmachenauf\" \/>\n<meta property=\"article:published_time\" content=\"2022-09-05T18:17:41+00:00\" \/>\n<meta property=\"og:image\" content=\"https:\/\/now-news.de\/de\/wp-content\/uploads\/sites\/3\/2022\/09\/Wegen-quotKlima-und-Energiekrisequot-IWF-empfiehlt-EU-quotflexiblerequot-Gemeinschaftsschulden.jpg\" \/>\n\t<meta property=\"og:image:width\" content=\"460\" \/>\n\t<meta property=\"og:image:height\" content=\"259\" \/>\n\t<meta property=\"og:image:type\" content=\"image\/jpeg\" \/>\n<meta name=\"author\" content=\"rtnews\" \/>\n<meta name=\"twitter:card\" content=\"summary_large_image\" \/>\n<meta name=\"twitter:creator\" content=\"@WirMachenAuf_de\" \/>\n<meta name=\"twitter:site\" content=\"@WirMachenAuf_de\" \/>\n<meta name=\"twitter:label1\" content=\"Verfasst von\" \/>\n\t<meta name=\"twitter:data1\" content=\"rtnews\" \/>\n\t<meta name=\"twitter:label2\" content=\"Gesch\u00e4tzte Lesezeit\" \/>\n\t<meta name=\"twitter:data2\" content=\"3\u00a0Minuten\" \/>\n<script type=\"application\/ld+json\" class=\"yoast-schema-graph\">{\"@context\":\"https:\/\/schema.org\",\"@graph\":[{\"@type\":\"Article\",\"@id\":\"https:\/\/now-news.de\/de\/deutschland\/wegen-klima-und-energiekrise-iwf-empfiehlt-eu-flexiblere-gemeinschaftsschulden\/#article\",\"isPartOf\":{\"@id\":\"https:\/\/now-news.de\/de\/deutschland\/wegen-klima-und-energiekrise-iwf-empfiehlt-eu-flexiblere-gemeinschaftsschulden\/\"},\"author\":{\"name\":\"rtnews\",\"@id\":\"https:\/\/now-news.de\/de\/#\/schema\/person\/fb534a4e865501d8b3285208df34a9b5\"},\"headline\":\"Wegen &quot;Klima- und Energiekrise&quot;: IWF empfiehlt EU &quot;flexiblere&quot; Gemeinschaftsschulden\",\"datePublished\":\"2022-09-05T18:17:41+00:00\",\"dateModified\":\"2022-09-05T18:17:41+00:00\",\"mainEntityOfPage\":{\"@id\":\"https:\/\/now-news.de\/de\/deutschland\/wegen-klima-und-energiekrise-iwf-empfiehlt-eu-flexiblere-gemeinschaftsschulden\/\"},\"wordCount\":619,\"commentCount\":0,\"publisher\":{\"@id\":\"https:\/\/now-news.de\/de\/#organization\"},\"image\":{\"@id\":\"https:\/\/now-news.de\/de\/deutschland\/wegen-klima-und-energiekrise-iwf-empfiehlt-eu-flexiblere-gemeinschaftsschulden\/#primaryimage\"},\"thumbnailUrl\":\"https:\/\/now-news.de\/de\/wp-content\/uploads\/sites\/3\/2022\/09\/Wegen-quotKlima-und-Energiekrisequot-IWF-empfiehlt-EU-quotflexiblerequot-Gemeinschaftsschulden.jpg\",\"keywords\":[\"empfiehlt\",\"Energiekrisequot\",\"Gemeinschaftsschulden\",\"IWF\",\"quotflexiblerequot\",\"quotKlima\",\"und\",\"wegen\"],\"articleSection\":[\"Deutschland\",\"Russland\"],\"inLanguage\":\"de\",\"potentialAction\":[{\"@type\":\"CommentAction\",\"name\":\"Comment\",\"target\":[\"https:\/\/now-news.de\/de\/deutschland\/wegen-klima-und-energiekrise-iwf-empfiehlt-eu-flexiblere-gemeinschaftsschulden\/#respond\"]}]},{\"@type\":\"WebPage\",\"@id\":\"https:\/\/now-news.de\/de\/deutschland\/wegen-klima-und-energiekrise-iwf-empfiehlt-eu-flexiblere-gemeinschaftsschulden\/\",\"url\":\"https:\/\/now-news.de\/de\/deutschland\/wegen-klima-und-energiekrise-iwf-empfiehlt-eu-flexiblere-gemeinschaftsschulden\/\",\"name\":\"Wegen &quot;Klima- und Energiekrise&quot;: IWF empfiehlt EU &quot;flexiblere&quot; Gemeinschaftsschulden - just-now.NEWS Deutschland\",\"isPartOf\":{\"@id\":\"https:\/\/now-news.de\/de\/#website\"},\"primaryImageOfPage\":{\"@id\":\"https:\/\/now-news.de\/de\/deutschland\/wegen-klima-und-energiekrise-iwf-empfiehlt-eu-flexiblere-gemeinschaftsschulden\/#primaryimage\"},\"image\":{\"@id\":\"https:\/\/now-news.de\/de\/deutschland\/wegen-klima-und-energiekrise-iwf-empfiehlt-eu-flexiblere-gemeinschaftsschulden\/#primaryimage\"},\"thumbnailUrl\":\"https:\/\/now-news.de\/de\/wp-content\/uploads\/sites\/3\/2022\/09\/Wegen-quotKlima-und-Energiekrisequot-IWF-empfiehlt-EU-quotflexiblerequot-Gemeinschaftsschulden.jpg\",\"datePublished\":\"2022-09-05T18:17:41+00:00\",\"dateModified\":\"2022-09-05T18:17:41+00:00\",\"breadcrumb\":{\"@id\":\"https:\/\/now-news.de\/de\/deutschland\/wegen-klima-und-energiekrise-iwf-empfiehlt-eu-flexiblere-gemeinschaftsschulden\/#breadcrumb\"},\"inLanguage\":\"de\",\"potentialAction\":[{\"@type\":\"ReadAction\",\"target\":[\"https:\/\/now-news.de\/de\/deutschland\/wegen-klima-und-energiekrise-iwf-empfiehlt-eu-flexiblere-gemeinschaftsschulden\/\"]}]},{\"@type\":\"ImageObject\",\"inLanguage\":\"de\",\"@id\":\"https:\/\/now-news.de\/de\/deutschland\/wegen-klima-und-energiekrise-iwf-empfiehlt-eu-flexiblere-gemeinschaftsschulden\/#primaryimage\",\"url\":\"https:\/\/now-news.de\/de\/wp-content\/uploads\/sites\/3\/2022\/09\/Wegen-quotKlima-und-Energiekrisequot-IWF-empfiehlt-EU-quotflexiblerequot-Gemeinschaftsschulden.jpg\",\"contentUrl\":\"https:\/\/now-news.de\/de\/wp-content\/uploads\/sites\/3\/2022\/09\/Wegen-quotKlima-und-Energiekrisequot-IWF-empfiehlt-EU-quotflexiblerequot-Gemeinschaftsschulden.jpg\",\"width\":460,\"height\":259,\"caption\":\"Wegen &quot;Klima- und Energiekrise&quot;: IWF empfiehlt EU &quot;flexiblere&quot; Gemeinschaftsschulden\"},{\"@type\":\"BreadcrumbList\",\"@id\":\"https:\/\/now-news.de\/de\/deutschland\/wegen-klima-und-energiekrise-iwf-empfiehlt-eu-flexiblere-gemeinschaftsschulden\/#breadcrumb\",\"itemListElement\":[{\"@type\":\"ListItem\",\"position\":1,\"name\":\"Home\",\"item\":\"https:\/\/now-news.de\/de\/\"},{\"@type\":\"ListItem\",\"position\":2,\"name\":\"Wegen &quot;Klima- und Energiekrise&quot;: IWF empfiehlt EU &quot;flexiblere&quot; Gemeinschaftsschulden\"}]},{\"@type\":\"WebSite\",\"@id\":\"https:\/\/now-news.de\/de\/#website\",\"url\":\"https:\/\/now-news.de\/de\/\",\"name\":\"just-now.NEWS Deutschland\",\"description\":\"Das Portal f\u00fcr unzensierte Nachrichten aus der Welt\",\"publisher\":{\"@id\":\"https:\/\/now-news.de\/de\/#organization\"},\"potentialAction\":[{\"@type\":\"SearchAction\",\"target\":{\"@type\":\"EntryPoint\",\"urlTemplate\":\"https:\/\/now-news.de\/de\/?s={search_term_string}\"},\"query-input\":\"required name=search_term_string\"}],\"inLanguage\":\"de\"},{\"@type\":\"Organization\",\"@id\":\"https:\/\/now-news.de\/de\/#organization\",\"name\":\"Just Now News\",\"url\":\"https:\/\/now-news.de\/de\/\",\"logo\":{\"@type\":\"ImageObject\",\"inLanguage\":\"de\",\"@id\":\"https:\/\/now-news.de\/de\/#\/schema\/logo\/image\/\",\"url\":\"http:\/\/just-now.news\/de\/wp-content\/uploads\/sites\/3\/2022\/04\/logo500x500.jpg\",\"contentUrl\":\"http:\/\/just-now.news\/de\/wp-content\/uploads\/sites\/3\/2022\/04\/logo500x500.jpg\",\"width\":500,\"height\":500,\"caption\":\"Just Now News\"},\"image\":{\"@id\":\"https:\/\/now-news.de\/de\/#\/schema\/logo\/image\/\"},\"sameAs\":[\"https:\/\/www.facebook.com\/wirmachenauf\",\"https:\/\/x.com\/WirMachenAuf_de\"]},{\"@type\":\"Person\",\"@id\":\"https:\/\/now-news.de\/de\/#\/schema\/person\/fb534a4e865501d8b3285208df34a9b5\",\"name\":\"rtnews\",\"image\":{\"@type\":\"ImageObject\",\"inLanguage\":\"de\",\"@id\":\"https:\/\/now-news.de\/de\/#\/schema\/person\/image\/\",\"url\":\"https:\/\/secure.gravatar.com\/avatar\/82aafea7d8127119dd649515f56e2117?s=96&d=mm&r=g\",\"contentUrl\":\"https:\/\/secure.gravatar.com\/avatar\/82aafea7d8127119dd649515f56e2117?s=96&d=mm&r=g\",\"caption\":\"rtnews\"},\"url\":\"https:\/\/now-news.de\/de\/author\/rnews\/\"}]}<\/script>\n<!-- \/ Yoast SEO Premium plugin. -->","yoast_head_json":{"title":"Wegen &quot;Klima- und Energiekrise&quot;: IWF empfiehlt EU &quot;flexiblere&quot; Gemeinschaftsschulden - just-now.NEWS Deutschland","robots":{"index":"index","follow":"follow","max-snippet":"max-snippet:-1","max-image-preview":"max-image-preview:large","max-video-preview":"max-video-preview:-1"},"canonical":"https:\/\/now-news.de\/de\/deutschland\/wegen-klima-und-energiekrise-iwf-empfiehlt-eu-flexiblere-gemeinschaftsschulden\/","og_locale":"de_DE","og_type":"article","og_title":"Wegen &quot;Klima- und Energiekrise&quot;: IWF empfiehlt EU &quot;flexiblere&quot; Gemeinschaftsschulden","og_description":"Aufgrund der antirussischen Sanktionen wegen des Kriegs in der Ukraine und der dadurch selbstverschuldet massiv anwachsenden Staatsschulden\u00a0&#8220;empfiehlt&#8221; der Internationale W\u00e4hrungsfonds (IWF) der Europ\u00e4ischen Union (EU) neue &#8220;europ\u00e4ische Gemeinschaftsschulden&#8221; \u2013 wie das Handelsblatt am Montag berichtet. Damit wolle die internationale Organisation mit Sitz in Washington, D.C. nur Europas &#8220;Widerstandskraft verbessern und l\u00e4ngerfristige Herausforderungen angehen, vor denen [&hellip;]","og_url":"https:\/\/now-news.de\/de\/deutschland\/wegen-klima-und-energiekrise-iwf-empfiehlt-eu-flexiblere-gemeinschaftsschulden\/","og_site_name":"just-now.NEWS Deutschland","article_publisher":"https:\/\/www.facebook.com\/wirmachenauf","article_published_time":"2022-09-05T18:17:41+00:00","og_image":[{"width":460,"height":259,"url":"https:\/\/now-news.de\/de\/wp-content\/uploads\/sites\/3\/2022\/09\/Wegen-quotKlima-und-Energiekrisequot-IWF-empfiehlt-EU-quotflexiblerequot-Gemeinschaftsschulden.jpg","type":"image\/jpeg"}],"author":"rtnews","twitter_card":"summary_large_image","twitter_creator":"@WirMachenAuf_de","twitter_site":"@WirMachenAuf_de","twitter_misc":{"Verfasst von":"rtnews","Gesch\u00e4tzte Lesezeit":"3\u00a0Minuten"},"schema":{"@context":"https:\/\/schema.org","@graph":[{"@type":"Article","@id":"https:\/\/now-news.de\/de\/deutschland\/wegen-klima-und-energiekrise-iwf-empfiehlt-eu-flexiblere-gemeinschaftsschulden\/#article","isPartOf":{"@id":"https:\/\/now-news.de\/de\/deutschland\/wegen-klima-und-energiekrise-iwf-empfiehlt-eu-flexiblere-gemeinschaftsschulden\/"},"author":{"name":"rtnews","@id":"https:\/\/now-news.de\/de\/#\/schema\/person\/fb534a4e865501d8b3285208df34a9b5"},"headline":"Wegen &quot;Klima- und Energiekrise&quot;: IWF empfiehlt EU &quot;flexiblere&quot; Gemeinschaftsschulden","datePublished":"2022-09-05T18:17:41+00:00","dateModified":"2022-09-05T18:17:41+00:00","mainEntityOfPage":{"@id":"https:\/\/now-news.de\/de\/deutschland\/wegen-klima-und-energiekrise-iwf-empfiehlt-eu-flexiblere-gemeinschaftsschulden\/"},"wordCount":619,"commentCount":0,"publisher":{"@id":"https:\/\/now-news.de\/de\/#organization"},"image":{"@id":"https:\/\/now-news.de\/de\/deutschland\/wegen-klima-und-energiekrise-iwf-empfiehlt-eu-flexiblere-gemeinschaftsschulden\/#primaryimage"},"thumbnailUrl":"https:\/\/now-news.de\/de\/wp-content\/uploads\/sites\/3\/2022\/09\/Wegen-quotKlima-und-Energiekrisequot-IWF-empfiehlt-EU-quotflexiblerequot-Gemeinschaftsschulden.jpg","keywords":["empfiehlt","Energiekrisequot","Gemeinschaftsschulden","IWF","quotflexiblerequot","quotKlima","und","wegen"],"articleSection":["Deutschland","Russland"],"inLanguage":"de","potentialAction":[{"@type":"CommentAction","name":"Comment","target":["https:\/\/now-news.de\/de\/deutschland\/wegen-klima-und-energiekrise-iwf-empfiehlt-eu-flexiblere-gemeinschaftsschulden\/#respond"]}]},{"@type":"WebPage","@id":"https:\/\/now-news.de\/de\/deutschland\/wegen-klima-und-energiekrise-iwf-empfiehlt-eu-flexiblere-gemeinschaftsschulden\/","url":"https:\/\/now-news.de\/de\/deutschland\/wegen-klima-und-energiekrise-iwf-empfiehlt-eu-flexiblere-gemeinschaftsschulden\/","name":"Wegen &quot;Klima- und Energiekrise&quot;: IWF empfiehlt EU &quot;flexiblere&quot; Gemeinschaftsschulden - just-now.NEWS Deutschland","isPartOf":{"@id":"https:\/\/now-news.de\/de\/#website"},"primaryImageOfPage":{"@id":"https:\/\/now-news.de\/de\/deutschland\/wegen-klima-und-energiekrise-iwf-empfiehlt-eu-flexiblere-gemeinschaftsschulden\/#primaryimage"},"image":{"@id":"https:\/\/now-news.de\/de\/deutschland\/wegen-klima-und-energiekrise-iwf-empfiehlt-eu-flexiblere-gemeinschaftsschulden\/#primaryimage"},"thumbnailUrl":"https:\/\/now-news.de\/de\/wp-content\/uploads\/sites\/3\/2022\/09\/Wegen-quotKlima-und-Energiekrisequot-IWF-empfiehlt-EU-quotflexiblerequot-Gemeinschaftsschulden.jpg","datePublished":"2022-09-05T18:17:41+00:00","dateModified":"2022-09-05T18:17:41+00:00","breadcrumb":{"@id":"https:\/\/now-news.de\/de\/deutschland\/wegen-klima-und-energiekrise-iwf-empfiehlt-eu-flexiblere-gemeinschaftsschulden\/#breadcrumb"},"inLanguage":"de","potentialAction":[{"@type":"ReadAction","target":["https:\/\/now-news.de\/de\/deutschland\/wegen-klima-und-energiekrise-iwf-empfiehlt-eu-flexiblere-gemeinschaftsschulden\/"]}]},{"@type":"ImageObject","inLanguage":"de","@id":"https:\/\/now-news.de\/de\/deutschland\/wegen-klima-und-energiekrise-iwf-empfiehlt-eu-flexiblere-gemeinschaftsschulden\/#primaryimage","url":"https:\/\/now-news.de\/de\/wp-content\/uploads\/sites\/3\/2022\/09\/Wegen-quotKlima-und-Energiekrisequot-IWF-empfiehlt-EU-quotflexiblerequot-Gemeinschaftsschulden.jpg","contentUrl":"https:\/\/now-news.de\/de\/wp-content\/uploads\/sites\/3\/2022\/09\/Wegen-quotKlima-und-Energiekrisequot-IWF-empfiehlt-EU-quotflexiblerequot-Gemeinschaftsschulden.jpg","width":460,"height":259,"caption":"Wegen &quot;Klima- und Energiekrise&quot;: IWF empfiehlt EU &quot;flexiblere&quot; Gemeinschaftsschulden"},{"@type":"BreadcrumbList","@id":"https:\/\/now-news.de\/de\/deutschland\/wegen-klima-und-energiekrise-iwf-empfiehlt-eu-flexiblere-gemeinschaftsschulden\/#breadcrumb","itemListElement":[{"@type":"ListItem","position":1,"name":"Home","item":"https:\/\/now-news.de\/de\/"},{"@type":"ListItem","position":2,"name":"Wegen &quot;Klima- und Energiekrise&quot;: IWF empfiehlt EU &quot;flexiblere&quot; Gemeinschaftsschulden"}]},{"@type":"WebSite","@id":"https:\/\/now-news.de\/de\/#website","url":"https:\/\/now-news.de\/de\/","name":"just-now.NEWS Deutschland","description":"Das Portal f\u00fcr unzensierte Nachrichten aus der Welt","publisher":{"@id":"https:\/\/now-news.de\/de\/#organization"},"potentialAction":[{"@type":"SearchAction","target":{"@type":"EntryPoint","urlTemplate":"https:\/\/now-news.de\/de\/?s={search_term_string}"},"query-input":"required name=search_term_string"}],"inLanguage":"de"},{"@type":"Organization","@id":"https:\/\/now-news.de\/de\/#organization","name":"Just Now News","url":"https:\/\/now-news.de\/de\/","logo":{"@type":"ImageObject","inLanguage":"de","@id":"https:\/\/now-news.de\/de\/#\/schema\/logo\/image\/","url":"http:\/\/just-now.news\/de\/wp-content\/uploads\/sites\/3\/2022\/04\/logo500x500.jpg","contentUrl":"http:\/\/just-now.news\/de\/wp-content\/uploads\/sites\/3\/2022\/04\/logo500x500.jpg","width":500,"height":500,"caption":"Just Now News"},"image":{"@id":"https:\/\/now-news.de\/de\/#\/schema\/logo\/image\/"},"sameAs":["https:\/\/www.facebook.com\/wirmachenauf","https:\/\/x.com\/WirMachenAuf_de"]},{"@type":"Person","@id":"https:\/\/now-news.de\/de\/#\/schema\/person\/fb534a4e865501d8b3285208df34a9b5","name":"rtnews","image":{"@type":"ImageObject","inLanguage":"de","@id":"https:\/\/now-news.de\/de\/#\/schema\/person\/image\/","url":"https:\/\/secure.gravatar.com\/avatar\/82aafea7d8127119dd649515f56e2117?s=96&d=mm&r=g","contentUrl":"https:\/\/secure.gravatar.com\/avatar\/82aafea7d8127119dd649515f56e2117?s=96&d=mm&r=g","caption":"rtnews"},"url":"https:\/\/now-news.de\/de\/author\/rnews\/"}]}},"_links":{"self":[{"href":"https:\/\/now-news.de\/de\/wp-json\/wp\/v2\/posts\/18474"}],"collection":[{"href":"https:\/\/now-news.de\/de\/wp-json\/wp\/v2\/posts"}],"about":[{"href":"https:\/\/now-news.de\/de\/wp-json\/wp\/v2\/types\/post"}],"author":[{"embeddable":true,"href":"https:\/\/now-news.de\/de\/wp-json\/wp\/v2\/users\/3"}],"replies":[{"embeddable":true,"href":"https:\/\/now-news.de\/de\/wp-json\/wp\/v2\/comments?post=18474"}],"version-history":[{"count":0,"href":"https:\/\/now-news.de\/de\/wp-json\/wp\/v2\/posts\/18474\/revisions"}],"wp:featuredmedia":[{"embeddable":true,"href":"https:\/\/now-news.de\/de\/wp-json\/wp\/v2\/media\/18475"}],"wp:attachment":[{"href":"https:\/\/now-news.de\/de\/wp-json\/wp\/v2\/media?parent=18474"}],"wp:term":[{"taxonomy":"category","embeddable":true,"href":"https:\/\/now-news.de\/de\/wp-json\/wp\/v2\/categories?post=18474"},{"taxonomy":"post_tag","embeddable":true,"href":"https:\/\/now-news.de\/de\/wp-json\/wp\/v2\/tags?post=18474"}],"curies":[{"name":"wp","href":"https:\/\/api.w.org\/{rel}","templated":true}]}}