{"id":18439,"date":"2022-09-05T12:14:16","date_gmt":"2022-09-05T10:14:16","guid":{"rendered":"http:\/\/just-now.news\/de\/deutschland\/scholz-und-macron-serbien-muss-sich-auf-schwierige-entscheidungen-vorbereiten\/"},"modified":"2022-09-05T12:14:16","modified_gmt":"2022-09-05T10:14:16","slug":"scholz-und-macron-serbien-muss-sich-auf-schwierige-entscheidungen-vorbereiten","status":"publish","type":"post","link":"https:\/\/now-news.de\/de\/deutschland\/scholz-und-macron-serbien-muss-sich-auf-schwierige-entscheidungen-vorbereiten\/","title":{"rendered":"Scholz und Macron: Serbien muss sich auf &quot;schwierige Entscheidungen&quot; vorbereiten"},"content":{"rendered":"<p><img decoding=\"async\" src=\"http:\/\/just-now.news\/de\/wp-content\/uploads\/sites\/3\/2022\/09\/6315ad6db480cc55e27d3bba.jpg\" \/><\/p>\n<div class=\"Text-root Text-type_1 \">\n                Bundeskanzler Olaf Scholz und der franz\u00f6sische Pr\u00e4sident Emmanuel Macron haben in einem Brief an den serbischen Pr\u00e4sidenten Aleksandar Vu\u010di\u0107 mehr Kompromissbereitschaft von Belgrad im Konflikt mit dem Kosovo eingefordert. Die L\u00f6sung des Konflikts sei &#8220;von gr\u00f6\u00dfter Bedeutung&#8221;.\n            <\/div>\n<p><\/p>\n<div class=\"Text-root Text-type_5 ArticleView-text ViewText-root \">\n<p>Die Staats- und Regierungschefs Frankreichs und Deutschlands haben sich am Sonntag in einem gemeinsamen Schreiben an den serbischen Pr\u00e4sidenten Aleksandar Vu\u010di\u0107 gewandt und ihn aufgefordert, sich auf &#8220;schwierige Entscheidungen&#8221; im Dialog zwischen Belgrad und der abtr\u00fcnnigen Provinz Kosovo vorzubereiten.<\/p>\n<p>In ihrem Schreiben, das von Vu\u010di\u0107 Pressestelle ver\u00f6ffentlicht wurde, erkl\u00e4rten der franz\u00f6sische Pr\u00e4sident Emmanuel Macron und der deutsche Bundeskanzler Olaf Scholz, die Normalisierung der Beziehungen zwischen dem Kosovo und Serbien sei f\u00fcr die Stabilit\u00e4t in Europa und auf dem Balkan von gr\u00f6\u00dfter Bedeutung. In dem Brief schrieben die beiden Staatschefs:<\/p>\n<blockquote>\n<p><em>&#8220;Wir &#8230; fordern Sie auf, ein H\u00f6chstma\u00df an Entschlossenheit und Bereitschaft zu zeigen, um schwierige Entscheidungen zu treffen, die den Dialog zwischen dem Kosovo und Serbien unter der Schirmherrschaft der EU f\u00f6rdern.&#8221; <\/em><\/p>\n<\/blockquote>\n<p>Sie f\u00fcgten hinzu, dass das j\u00fcngste Patt zwischen Belgrad und Pristina \u00fcber Ausweispapiere und Nummernschilder die Notwendigkeit konstruktiver Schritte gezeigt habe.<\/p>\n<p>Macron und Scholz gaben auch an, dass sie ihre Berater Emmanuel Bonne und Jens Plotner entsandt haben, um Miroslav Lajcak, den EU-Sonderbeauftragten f\u00fcr den westlichen Balkan, bei seinen diplomatischen Bem\u00fchungen zu unterst\u00fctzen.<\/p>\n<p>Die beiden EU-Staats- und Regierungschefs reichten den Brief ein, nachdem der Chef der EU-Au\u00dfenpolitik, Josep Borrell, in der vergangenen Woche verk\u00fcndet hatte, dass Serbien und der Kosovo eine &#8220;Vereinbarung \u00fcber die Freiz\u00fcgigkeit&#8221; getroffen h\u00e4tten. Belgrad habe insbesondere zugestimmt, die Ein- und Ausreisedokumente f\u00fcr Inhaber eines kosovarischen Ausweises abzuschaffen, und das Kosovo habe zugestimmt, dasselbe nicht f\u00fcr serbische Ausweisinhaber einzuf\u00fchren, sagte Borrell damals.<\/p>\n<p>Die Spannungen zwischen dem Kosovo und Serbien sind jedoch nach wie vor gro\u00df. Zwar konnten sich beide Seiten auf einen Teilkompromiss einigen, doch die Regierung des Kosovo besteht darauf, dass serbische Nummernschilder und Personalausweise durch solche aus Pristina ersetzt werden sollen.<\/p>\n<p>Vor diesem Hintergrund hat die serbische Armee am Mittwoch mit \u00dcbungen in der N\u00e4he der Verwaltungsgrenze zum Kosovo begonnen. Sie fielen zeitlich mit der bisherigen Frist f\u00fcr den Austausch der Nummernschilder zusammen, die jedoch sp\u00e4ter auf den 31. Oktober verschoben wurde.<\/p>\n<p>Der Kosovo erkl\u00e4rte 2008 einseitig seine Unabh\u00e4ngigkeit und wurde von den USA und ihren Verb\u00fcndeten anerkannt, nicht aber von etwa der H\u00e4lfte der Welt, darunter Belgrad, Russland, China und mehrere EU-Mitgliedstaaten. Vu\u010di\u0107 verfolgt derzeit eine Politik der milit\u00e4rischen Neutralit\u00e4t und der Nichtverh\u00e4ngung von Sanktionen gegen Russland, w\u00e4hrend er gleichzeitig versucht, der EU beizutreten.<\/p>\n<p><strong>Mehr zum Thema<\/strong>\u00a0&#8211;\u00a0<a rel=\"nofollow noopener\" target=\"_blank\" href=\"https:\/\/deutsch.rt.com\/meinung\/147808-lgbt-treffen-in-belgrad-frage\/\">LGBT-Treffen in Belgrad: &#8220;Frage aller Fragen&#8221; oder neuer Druck aus dem Westen?!<\/a><\/p>\n<\/div>\n<p><br \/>\n<br \/><a href=\"https:\/\/de.rt.com\/europa\/148005-scholz-und-macron-serbien-muss-sich-auf-schwierige-entscheidungen-vorbereiten\/\">Source link <\/a><\/p>\n","protected":false},"excerpt":{"rendered":"<p>Bundeskanzler Olaf Scholz und der franz\u00f6sische Pr\u00e4sident Emmanuel Macron haben in einem Brief an den serbischen Pr\u00e4sidenten Aleksandar Vu\u010di\u0107 mehr Kompromissbereitschaft von Belgrad im Konflikt mit dem Kosovo eingefordert. Die L\u00f6sung des Konflikts sei &#8220;von gr\u00f6\u00dfter Bedeutung&#8221;. Die Staats- und Regierungschefs Frankreichs und Deutschlands haben sich am Sonntag in einem gemeinsamen Schreiben an den serbischen [&hellip;]<\/p>\n","protected":false},"author":3,"featured_media":18440,"comment_status":"open","ping_status":"open","sticky":false,"template":"","format":"standard","meta":{"wp_automatic_camp":["217"],"9769a62fc930806c65c1de2f430177f2":["Scholz und Macron: Serbien muss sich auf &quot;schwierige Entscheidungen&quot; vorbereiten"],"original_link":["https:\/\/de.rt.com\/europa\/148005-scholz-und-macron-serbien-muss-sich-auf-schwierige-entscheidungen-vorbereiten\/"],"_thumbnail_id":["18440"],"_wptg_p2tg_sent2tg":["2022-09-05 12:16:37"],"jnews_social_counter_last_update":["1777551751"]},"categories":[19,23],"tags":[133,32317,1711,534,32316,1001,978,434,140,16767],"yoast_head":"<!-- This site is optimized with the Yoast SEO Premium plugin v22.7 (Yoast SEO v22.7) - https:\/\/yoast.com\/wordpress\/plugins\/seo\/ -->\n<title>Scholz und Macron: Serbien muss sich auf &quot;schwierige Entscheidungen&quot; vorbereiten - just-now.NEWS Deutschland<\/title>\n<meta name=\"robots\" content=\"index, follow, max-snippet:-1, max-image-preview:large, max-video-preview:-1\" \/>\n<link rel=\"canonical\" href=\"https:\/\/now-news.de\/de\/deutschland\/scholz-und-macron-serbien-muss-sich-auf-schwierige-entscheidungen-vorbereiten\/\" \/>\n<meta property=\"og:locale\" content=\"de_DE\" \/>\n<meta property=\"og:type\" content=\"article\" \/>\n<meta property=\"og:title\" content=\"Scholz und Macron: Serbien muss sich auf &quot;schwierige Entscheidungen&quot; vorbereiten\" \/>\n<meta property=\"og:description\" content=\"Bundeskanzler Olaf Scholz und der franz\u00f6sische Pr\u00e4sident Emmanuel Macron haben in einem Brief an den serbischen Pr\u00e4sidenten Aleksandar Vu\u010di\u0107 mehr Kompromissbereitschaft von Belgrad im Konflikt mit dem Kosovo eingefordert. Die L\u00f6sung des Konflikts sei &#8220;von gr\u00f6\u00dfter Bedeutung&#8221;. Die Staats- und Regierungschefs Frankreichs und Deutschlands haben sich am Sonntag in einem gemeinsamen Schreiben an den serbischen [&hellip;]\" \/>\n<meta property=\"og:url\" content=\"https:\/\/now-news.de\/de\/deutschland\/scholz-und-macron-serbien-muss-sich-auf-schwierige-entscheidungen-vorbereiten\/\" \/>\n<meta property=\"og:site_name\" content=\"just-now.NEWS Deutschland\" \/>\n<meta property=\"article:publisher\" content=\"https:\/\/www.facebook.com\/wirmachenauf\" \/>\n<meta property=\"article:published_time\" content=\"2022-09-05T10:14:16+00:00\" \/>\n<meta property=\"og:image\" content=\"https:\/\/now-news.de\/de\/wp-content\/uploads\/sites\/3\/2022\/09\/Scholz-und-Macron-Serbien-muss-sich-auf-quotschwierige-Entscheidungenquot-vorbereiten.jpg\" \/>\n\t<meta property=\"og:image:width\" content=\"460\" \/>\n\t<meta property=\"og:image:height\" content=\"259\" \/>\n\t<meta property=\"og:image:type\" content=\"image\/jpeg\" \/>\n<meta name=\"author\" content=\"rtnews\" \/>\n<meta name=\"twitter:card\" content=\"summary_large_image\" \/>\n<meta name=\"twitter:creator\" content=\"@WirMachenAuf_de\" \/>\n<meta name=\"twitter:site\" content=\"@WirMachenAuf_de\" \/>\n<meta name=\"twitter:label1\" content=\"Verfasst von\" \/>\n\t<meta name=\"twitter:data1\" content=\"rtnews\" \/>\n\t<meta name=\"twitter:label2\" content=\"Gesch\u00e4tzte Lesezeit\" \/>\n\t<meta name=\"twitter:data2\" content=\"2\u00a0Minuten\" \/>\n<script type=\"application\/ld+json\" class=\"yoast-schema-graph\">{\"@context\":\"https:\/\/schema.org\",\"@graph\":[{\"@type\":\"Article\",\"@id\":\"https:\/\/now-news.de\/de\/deutschland\/scholz-und-macron-serbien-muss-sich-auf-schwierige-entscheidungen-vorbereiten\/#article\",\"isPartOf\":{\"@id\":\"https:\/\/now-news.de\/de\/deutschland\/scholz-und-macron-serbien-muss-sich-auf-schwierige-entscheidungen-vorbereiten\/\"},\"author\":{\"name\":\"rtnews\",\"@id\":\"https:\/\/now-news.de\/de\/#\/schema\/person\/fb534a4e865501d8b3285208df34a9b5\"},\"headline\":\"Scholz und Macron: Serbien muss sich auf &quot;schwierige Entscheidungen&quot; vorbereiten\",\"datePublished\":\"2022-09-05T10:14:16+00:00\",\"dateModified\":\"2022-09-05T10:14:16+00:00\",\"mainEntityOfPage\":{\"@id\":\"https:\/\/now-news.de\/de\/deutschland\/scholz-und-macron-serbien-muss-sich-auf-schwierige-entscheidungen-vorbereiten\/\"},\"wordCount\":479,\"commentCount\":0,\"publisher\":{\"@id\":\"https:\/\/now-news.de\/de\/#organization\"},\"image\":{\"@id\":\"https:\/\/now-news.de\/de\/deutschland\/scholz-und-macron-serbien-muss-sich-auf-schwierige-entscheidungen-vorbereiten\/#primaryimage\"},\"thumbnailUrl\":\"https:\/\/now-news.de\/de\/wp-content\/uploads\/sites\/3\/2022\/09\/Scholz-und-Macron-Serbien-muss-sich-auf-quotschwierige-Entscheidungenquot-vorbereiten.jpg\",\"keywords\":[\"AUF\",\"Entscheidungenquot\",\"macron\",\"muss\",\"quotschwierige\",\"Scholz\",\"Serbien\",\"sich\",\"und\",\"vorbereiten\"],\"articleSection\":[\"Deutschland\",\"Russland\"],\"inLanguage\":\"de\",\"potentialAction\":[{\"@type\":\"CommentAction\",\"name\":\"Comment\",\"target\":[\"https:\/\/now-news.de\/de\/deutschland\/scholz-und-macron-serbien-muss-sich-auf-schwierige-entscheidungen-vorbereiten\/#respond\"]}]},{\"@type\":\"WebPage\",\"@id\":\"https:\/\/now-news.de\/de\/deutschland\/scholz-und-macron-serbien-muss-sich-auf-schwierige-entscheidungen-vorbereiten\/\",\"url\":\"https:\/\/now-news.de\/de\/deutschland\/scholz-und-macron-serbien-muss-sich-auf-schwierige-entscheidungen-vorbereiten\/\",\"name\":\"Scholz und Macron: Serbien muss sich auf &quot;schwierige Entscheidungen&quot; vorbereiten - just-now.NEWS Deutschland\",\"isPartOf\":{\"@id\":\"https:\/\/now-news.de\/de\/#website\"},\"primaryImageOfPage\":{\"@id\":\"https:\/\/now-news.de\/de\/deutschland\/scholz-und-macron-serbien-muss-sich-auf-schwierige-entscheidungen-vorbereiten\/#primaryimage\"},\"image\":{\"@id\":\"https:\/\/now-news.de\/de\/deutschland\/scholz-und-macron-serbien-muss-sich-auf-schwierige-entscheidungen-vorbereiten\/#primaryimage\"},\"thumbnailUrl\":\"https:\/\/now-news.de\/de\/wp-content\/uploads\/sites\/3\/2022\/09\/Scholz-und-Macron-Serbien-muss-sich-auf-quotschwierige-Entscheidungenquot-vorbereiten.jpg\",\"datePublished\":\"2022-09-05T10:14:16+00:00\",\"dateModified\":\"2022-09-05T10:14:16+00:00\",\"breadcrumb\":{\"@id\":\"https:\/\/now-news.de\/de\/deutschland\/scholz-und-macron-serbien-muss-sich-auf-schwierige-entscheidungen-vorbereiten\/#breadcrumb\"},\"inLanguage\":\"de\",\"potentialAction\":[{\"@type\":\"ReadAction\",\"target\":[\"https:\/\/now-news.de\/de\/deutschland\/scholz-und-macron-serbien-muss-sich-auf-schwierige-entscheidungen-vorbereiten\/\"]}]},{\"@type\":\"ImageObject\",\"inLanguage\":\"de\",\"@id\":\"https:\/\/now-news.de\/de\/deutschland\/scholz-und-macron-serbien-muss-sich-auf-schwierige-entscheidungen-vorbereiten\/#primaryimage\",\"url\":\"https:\/\/now-news.de\/de\/wp-content\/uploads\/sites\/3\/2022\/09\/Scholz-und-Macron-Serbien-muss-sich-auf-quotschwierige-Entscheidungenquot-vorbereiten.jpg\",\"contentUrl\":\"https:\/\/now-news.de\/de\/wp-content\/uploads\/sites\/3\/2022\/09\/Scholz-und-Macron-Serbien-muss-sich-auf-quotschwierige-Entscheidungenquot-vorbereiten.jpg\",\"width\":460,\"height\":259,\"caption\":\"Scholz und Macron: Serbien muss sich auf &quot;schwierige Entscheidungen&quot; vorbereiten\"},{\"@type\":\"BreadcrumbList\",\"@id\":\"https:\/\/now-news.de\/de\/deutschland\/scholz-und-macron-serbien-muss-sich-auf-schwierige-entscheidungen-vorbereiten\/#breadcrumb\",\"itemListElement\":[{\"@type\":\"ListItem\",\"position\":1,\"name\":\"Home\",\"item\":\"https:\/\/now-news.de\/de\/\"},{\"@type\":\"ListItem\",\"position\":2,\"name\":\"Scholz und Macron: Serbien muss sich auf &quot;schwierige Entscheidungen&quot; vorbereiten\"}]},{\"@type\":\"WebSite\",\"@id\":\"https:\/\/now-news.de\/de\/#website\",\"url\":\"https:\/\/now-news.de\/de\/\",\"name\":\"just-now.NEWS Deutschland\",\"description\":\"Das Portal f\u00fcr unzensierte Nachrichten aus der Welt\",\"publisher\":{\"@id\":\"https:\/\/now-news.de\/de\/#organization\"},\"potentialAction\":[{\"@type\":\"SearchAction\",\"target\":{\"@type\":\"EntryPoint\",\"urlTemplate\":\"https:\/\/now-news.de\/de\/?s={search_term_string}\"},\"query-input\":\"required name=search_term_string\"}],\"inLanguage\":\"de\"},{\"@type\":\"Organization\",\"@id\":\"https:\/\/now-news.de\/de\/#organization\",\"name\":\"Just Now News\",\"url\":\"https:\/\/now-news.de\/de\/\",\"logo\":{\"@type\":\"ImageObject\",\"inLanguage\":\"de\",\"@id\":\"https:\/\/now-news.de\/de\/#\/schema\/logo\/image\/\",\"url\":\"http:\/\/just-now.news\/de\/wp-content\/uploads\/sites\/3\/2022\/04\/logo500x500.jpg\",\"contentUrl\":\"http:\/\/just-now.news\/de\/wp-content\/uploads\/sites\/3\/2022\/04\/logo500x500.jpg\",\"width\":500,\"height\":500,\"caption\":\"Just Now News\"},\"image\":{\"@id\":\"https:\/\/now-news.de\/de\/#\/schema\/logo\/image\/\"},\"sameAs\":[\"https:\/\/www.facebook.com\/wirmachenauf\",\"https:\/\/x.com\/WirMachenAuf_de\"]},{\"@type\":\"Person\",\"@id\":\"https:\/\/now-news.de\/de\/#\/schema\/person\/fb534a4e865501d8b3285208df34a9b5\",\"name\":\"rtnews\",\"image\":{\"@type\":\"ImageObject\",\"inLanguage\":\"de\",\"@id\":\"https:\/\/now-news.de\/de\/#\/schema\/person\/image\/\",\"url\":\"https:\/\/secure.gravatar.com\/avatar\/82aafea7d8127119dd649515f56e2117?s=96&d=mm&r=g\",\"contentUrl\":\"https:\/\/secure.gravatar.com\/avatar\/82aafea7d8127119dd649515f56e2117?s=96&d=mm&r=g\",\"caption\":\"rtnews\"},\"url\":\"https:\/\/now-news.de\/de\/author\/rnews\/\"}]}<\/script>\n<!-- \/ Yoast SEO Premium plugin. -->","yoast_head_json":{"title":"Scholz und Macron: Serbien muss sich auf &quot;schwierige Entscheidungen&quot; vorbereiten - just-now.NEWS Deutschland","robots":{"index":"index","follow":"follow","max-snippet":"max-snippet:-1","max-image-preview":"max-image-preview:large","max-video-preview":"max-video-preview:-1"},"canonical":"https:\/\/now-news.de\/de\/deutschland\/scholz-und-macron-serbien-muss-sich-auf-schwierige-entscheidungen-vorbereiten\/","og_locale":"de_DE","og_type":"article","og_title":"Scholz und Macron: Serbien muss sich auf &quot;schwierige Entscheidungen&quot; vorbereiten","og_description":"Bundeskanzler Olaf Scholz und der franz\u00f6sische Pr\u00e4sident Emmanuel Macron haben in einem Brief an den serbischen Pr\u00e4sidenten Aleksandar Vu\u010di\u0107 mehr Kompromissbereitschaft von Belgrad im Konflikt mit dem Kosovo eingefordert. Die L\u00f6sung des Konflikts sei &#8220;von gr\u00f6\u00dfter Bedeutung&#8221;. Die Staats- und Regierungschefs Frankreichs und Deutschlands haben sich am Sonntag in einem gemeinsamen Schreiben an den serbischen [&hellip;]","og_url":"https:\/\/now-news.de\/de\/deutschland\/scholz-und-macron-serbien-muss-sich-auf-schwierige-entscheidungen-vorbereiten\/","og_site_name":"just-now.NEWS Deutschland","article_publisher":"https:\/\/www.facebook.com\/wirmachenauf","article_published_time":"2022-09-05T10:14:16+00:00","og_image":[{"width":460,"height":259,"url":"https:\/\/now-news.de\/de\/wp-content\/uploads\/sites\/3\/2022\/09\/Scholz-und-Macron-Serbien-muss-sich-auf-quotschwierige-Entscheidungenquot-vorbereiten.jpg","type":"image\/jpeg"}],"author":"rtnews","twitter_card":"summary_large_image","twitter_creator":"@WirMachenAuf_de","twitter_site":"@WirMachenAuf_de","twitter_misc":{"Verfasst von":"rtnews","Gesch\u00e4tzte Lesezeit":"2\u00a0Minuten"},"schema":{"@context":"https:\/\/schema.org","@graph":[{"@type":"Article","@id":"https:\/\/now-news.de\/de\/deutschland\/scholz-und-macron-serbien-muss-sich-auf-schwierige-entscheidungen-vorbereiten\/#article","isPartOf":{"@id":"https:\/\/now-news.de\/de\/deutschland\/scholz-und-macron-serbien-muss-sich-auf-schwierige-entscheidungen-vorbereiten\/"},"author":{"name":"rtnews","@id":"https:\/\/now-news.de\/de\/#\/schema\/person\/fb534a4e865501d8b3285208df34a9b5"},"headline":"Scholz und Macron: Serbien muss sich auf &quot;schwierige Entscheidungen&quot; vorbereiten","datePublished":"2022-09-05T10:14:16+00:00","dateModified":"2022-09-05T10:14:16+00:00","mainEntityOfPage":{"@id":"https:\/\/now-news.de\/de\/deutschland\/scholz-und-macron-serbien-muss-sich-auf-schwierige-entscheidungen-vorbereiten\/"},"wordCount":479,"commentCount":0,"publisher":{"@id":"https:\/\/now-news.de\/de\/#organization"},"image":{"@id":"https:\/\/now-news.de\/de\/deutschland\/scholz-und-macron-serbien-muss-sich-auf-schwierige-entscheidungen-vorbereiten\/#primaryimage"},"thumbnailUrl":"https:\/\/now-news.de\/de\/wp-content\/uploads\/sites\/3\/2022\/09\/Scholz-und-Macron-Serbien-muss-sich-auf-quotschwierige-Entscheidungenquot-vorbereiten.jpg","keywords":["AUF","Entscheidungenquot","macron","muss","quotschwierige","Scholz","Serbien","sich","und","vorbereiten"],"articleSection":["Deutschland","Russland"],"inLanguage":"de","potentialAction":[{"@type":"CommentAction","name":"Comment","target":["https:\/\/now-news.de\/de\/deutschland\/scholz-und-macron-serbien-muss-sich-auf-schwierige-entscheidungen-vorbereiten\/#respond"]}]},{"@type":"WebPage","@id":"https:\/\/now-news.de\/de\/deutschland\/scholz-und-macron-serbien-muss-sich-auf-schwierige-entscheidungen-vorbereiten\/","url":"https:\/\/now-news.de\/de\/deutschland\/scholz-und-macron-serbien-muss-sich-auf-schwierige-entscheidungen-vorbereiten\/","name":"Scholz und Macron: Serbien muss sich auf &quot;schwierige Entscheidungen&quot; vorbereiten - just-now.NEWS Deutschland","isPartOf":{"@id":"https:\/\/now-news.de\/de\/#website"},"primaryImageOfPage":{"@id":"https:\/\/now-news.de\/de\/deutschland\/scholz-und-macron-serbien-muss-sich-auf-schwierige-entscheidungen-vorbereiten\/#primaryimage"},"image":{"@id":"https:\/\/now-news.de\/de\/deutschland\/scholz-und-macron-serbien-muss-sich-auf-schwierige-entscheidungen-vorbereiten\/#primaryimage"},"thumbnailUrl":"https:\/\/now-news.de\/de\/wp-content\/uploads\/sites\/3\/2022\/09\/Scholz-und-Macron-Serbien-muss-sich-auf-quotschwierige-Entscheidungenquot-vorbereiten.jpg","datePublished":"2022-09-05T10:14:16+00:00","dateModified":"2022-09-05T10:14:16+00:00","breadcrumb":{"@id":"https:\/\/now-news.de\/de\/deutschland\/scholz-und-macron-serbien-muss-sich-auf-schwierige-entscheidungen-vorbereiten\/#breadcrumb"},"inLanguage":"de","potentialAction":[{"@type":"ReadAction","target":["https:\/\/now-news.de\/de\/deutschland\/scholz-und-macron-serbien-muss-sich-auf-schwierige-entscheidungen-vorbereiten\/"]}]},{"@type":"ImageObject","inLanguage":"de","@id":"https:\/\/now-news.de\/de\/deutschland\/scholz-und-macron-serbien-muss-sich-auf-schwierige-entscheidungen-vorbereiten\/#primaryimage","url":"https:\/\/now-news.de\/de\/wp-content\/uploads\/sites\/3\/2022\/09\/Scholz-und-Macron-Serbien-muss-sich-auf-quotschwierige-Entscheidungenquot-vorbereiten.jpg","contentUrl":"https:\/\/now-news.de\/de\/wp-content\/uploads\/sites\/3\/2022\/09\/Scholz-und-Macron-Serbien-muss-sich-auf-quotschwierige-Entscheidungenquot-vorbereiten.jpg","width":460,"height":259,"caption":"Scholz und Macron: Serbien muss sich auf &quot;schwierige Entscheidungen&quot; vorbereiten"},{"@type":"BreadcrumbList","@id":"https:\/\/now-news.de\/de\/deutschland\/scholz-und-macron-serbien-muss-sich-auf-schwierige-entscheidungen-vorbereiten\/#breadcrumb","itemListElement":[{"@type":"ListItem","position":1,"name":"Home","item":"https:\/\/now-news.de\/de\/"},{"@type":"ListItem","position":2,"name":"Scholz und Macron: Serbien muss sich auf &quot;schwierige Entscheidungen&quot; vorbereiten"}]},{"@type":"WebSite","@id":"https:\/\/now-news.de\/de\/#website","url":"https:\/\/now-news.de\/de\/","name":"just-now.NEWS Deutschland","description":"Das Portal f\u00fcr unzensierte Nachrichten aus der Welt","publisher":{"@id":"https:\/\/now-news.de\/de\/#organization"},"potentialAction":[{"@type":"SearchAction","target":{"@type":"EntryPoint","urlTemplate":"https:\/\/now-news.de\/de\/?s={search_term_string}"},"query-input":"required name=search_term_string"}],"inLanguage":"de"},{"@type":"Organization","@id":"https:\/\/now-news.de\/de\/#organization","name":"Just Now News","url":"https:\/\/now-news.de\/de\/","logo":{"@type":"ImageObject","inLanguage":"de","@id":"https:\/\/now-news.de\/de\/#\/schema\/logo\/image\/","url":"http:\/\/just-now.news\/de\/wp-content\/uploads\/sites\/3\/2022\/04\/logo500x500.jpg","contentUrl":"http:\/\/just-now.news\/de\/wp-content\/uploads\/sites\/3\/2022\/04\/logo500x500.jpg","width":500,"height":500,"caption":"Just Now News"},"image":{"@id":"https:\/\/now-news.de\/de\/#\/schema\/logo\/image\/"},"sameAs":["https:\/\/www.facebook.com\/wirmachenauf","https:\/\/x.com\/WirMachenAuf_de"]},{"@type":"Person","@id":"https:\/\/now-news.de\/de\/#\/schema\/person\/fb534a4e865501d8b3285208df34a9b5","name":"rtnews","image":{"@type":"ImageObject","inLanguage":"de","@id":"https:\/\/now-news.de\/de\/#\/schema\/person\/image\/","url":"https:\/\/secure.gravatar.com\/avatar\/82aafea7d8127119dd649515f56e2117?s=96&d=mm&r=g","contentUrl":"https:\/\/secure.gravatar.com\/avatar\/82aafea7d8127119dd649515f56e2117?s=96&d=mm&r=g","caption":"rtnews"},"url":"https:\/\/now-news.de\/de\/author\/rnews\/"}]}},"_links":{"self":[{"href":"https:\/\/now-news.de\/de\/wp-json\/wp\/v2\/posts\/18439"}],"collection":[{"href":"https:\/\/now-news.de\/de\/wp-json\/wp\/v2\/posts"}],"about":[{"href":"https:\/\/now-news.de\/de\/wp-json\/wp\/v2\/types\/post"}],"author":[{"embeddable":true,"href":"https:\/\/now-news.de\/de\/wp-json\/wp\/v2\/users\/3"}],"replies":[{"embeddable":true,"href":"https:\/\/now-news.de\/de\/wp-json\/wp\/v2\/comments?post=18439"}],"version-history":[{"count":0,"href":"https:\/\/now-news.de\/de\/wp-json\/wp\/v2\/posts\/18439\/revisions"}],"wp:featuredmedia":[{"embeddable":true,"href":"https:\/\/now-news.de\/de\/wp-json\/wp\/v2\/media\/18440"}],"wp:attachment":[{"href":"https:\/\/now-news.de\/de\/wp-json\/wp\/v2\/media?parent=18439"}],"wp:term":[{"taxonomy":"category","embeddable":true,"href":"https:\/\/now-news.de\/de\/wp-json\/wp\/v2\/categories?post=18439"},{"taxonomy":"post_tag","embeddable":true,"href":"https:\/\/now-news.de\/de\/wp-json\/wp\/v2\/tags?post=18439"}],"curies":[{"name":"wp","href":"https:\/\/api.w.org\/{rel}","templated":true}]}}