{"id":18406,"date":"2022-09-05T04:42:58","date_gmt":"2022-09-05T02:42:58","guid":{"rendered":"http:\/\/just-now.news\/de\/china\/us-klagt-2-mit-peking-verbundene-marshallische-buerger-wegen-politischer-bestechung-an\/"},"modified":"2022-09-05T04:42:58","modified_gmt":"2022-09-05T02:42:58","slug":"us-klagt-2-mit-peking-verbundene-marshallische-buerger-wegen-politischer-bestechung-an","status":"publish","type":"post","link":"https:\/\/now-news.de\/de\/china\/us-klagt-2-mit-peking-verbundene-marshallische-buerger-wegen-politischer-bestechung-an\/","title":{"rendered":"US klagt 2 mit Peking verbundene marshallische B\u00fcrger wegen politischer Bestechung an"},"content":{"rendered":"<div>\n<p>Das US-Justizministerium hat zwei eingeb\u00fcrgerte B\u00fcrger der Marshallinseln angeklagt, weil sie \u00fcber eine mit den Vereinten Nationen verbundene gemeinn\u00fctzige Organisation ein mehrj\u00e4hriges Geldw\u00e4sche- und Bestechungsprogramm betrieben haben, um die Schaffung einer Sonderwirtschaftszone innerhalb des pazifischen Landes zu unterst\u00fctzen.<\/p>\n<p>Ein Experte sagt, der Vorfall sei ein Beispiel f\u00fcr Pekings Bem\u00fchungen, demokratische Institutionen im S\u00fcdpazifik zu destabilisieren, wo westliche Verb\u00fcndete mit der Kommunistischen Partei Chinas um Einfluss in der Region streiten.<\/p>\n<p>Am 2. September ver\u00f6ffentlichte das Justizministerium die Anklageschrift, aus der hervorgeht, dass Cary Yan (50) und Gina Zhou (34) beide von Thailand nach New York ausgeliefert wurden, um am 6. September vor US-Richterin Naomi Reice Buchwold zu erscheinen.<\/p>\n<p>Yan und Zhou wurden angeklagt, angeblich gegen das Foreign Corrupt Practices Act, Geldw\u00e4sche und Verschw\u00f6rung versto\u00dfen zu haben, um diese Straftaten im Zusammenhang mit einer Verschw\u00f6rung zur Bestechung gew\u00e4hlter Beamter der Republik der Marshallinseln (RMI) zu begehen \u2013 sechs wurden in der Anklage erw\u00e4hnt .<\/p>\n<h2>Bestechung zielt darauf ab, Unterst\u00fctzung f\u00fcr die neue autonome Zone zu gewinnen<\/h2>\n<p>Ab 2016 betrieben beide Personen angeblich ein mehrj\u00e4hriges Geldw\u00e4sche- und Bestechungsprogramm, bei dem sie Zehntausende von Dollar an Bestechungsgeldern an RMI-Beamte zahlten, darunter Mitglieder der Legislative des pazifischen Landes, als Gegenleistung f\u00fcr die Unterst\u00fctzung eines Gesetzesvorschlags zur Schaffung einer halbautonomen Organisation Region innerhalb von RMI, die Sonderverwaltungsregion Rongelap Atoll genannt wird.<\/p>\n<p>Die Sonderverwaltungsregion w\u00fcrde die Gesetze des Rongelap-Atolls \u2013 bestehend aus 61 kleinen Inseln \u2013 erheblich \u00e4ndern, um angeblich Investitionen und Tourismus durch niedrigere Steuern und Einwanderungsbestimmungen anzuziehen.<\/p>\n<p>In einem Fall soll Zhou Ende Oktober 2018 einem Beamten ein zinsloses \u201eDarlehen\u201c in H\u00f6he von 22.000 Dollar gew\u00e4hrt haben, um das neue Gesetz zu unterst\u00fctzen.<\/p>\n<p>In einem anderen Fall versprach ein RMI-Beamter Yan und Zhou \u201eRache\u201c gegen die damalige Pr\u00e4sidentin des RMI, Hilda Heine, die sich gegen das Gesetz ausgesprochen hatte, weil sie bef\u00fcrchtete, dass die Sonderverwaltungsregion zu einem Zufluchtsort f\u00fcr Geldw\u00e4sche werden und m\u00f6glicherweise unter Pekings Kontrolle fallen w\u00fcrde.<\/p>\n<figure id=\"attachment_2716428\" style=\"width: 525px\" class=\"wp-caption alignnone\"> Die ehemalige Pr\u00e4sidentin der Marshallinseln, Hilda Heine, h\u00e4lt am 14. Juni 2017 eine Rede vor dem Europ\u00e4ischen Parlament in Stra\u00dfburg, Frankreich. (Frederick Florin\/AFP\/Getty Images)<\/figure>\n<p>\u201eWir m\u00fcssen vorsichtig sein, wenn wir wissen, wie die geopolitische Situation in der Pazifikregion ist, und ich denke, es ist wichtig, dass die Regierung ihre eigene Sorgfaltspflicht erf\u00fcllt und sicherstellt, dass die Souver\u00e4nit\u00e4t des Pazifiks gesichert ist\u201c, sagte sie im November gegen\u00fcber Radio NZ 2018.<\/p>\n<div class=\"morearticles\"><strong>Weiterlesen<\/strong><\/p>\n<div class=\"post_list\">\n<div class=\"article\">China versucht, die lokale Politik auf den Marshallinseln zu beeinflussen, im neuesten Angebot, die Pazifikregion zu beeinflussen<\/div>\n<\/div>\n<\/div>\n<p>In der Anklageschrift wird behauptet, dass Yan und Zhou eine in New York ans\u00e4ssige Nichtregierungsorganisation mit Hauptsitz in Manhattan benutzt haben, um Treffen mit RMI-Beamten zu erm\u00f6glichen und das Programm durchzuf\u00fchren.  Die Gruppe ist mit den Vereinten Nationen verbunden und engagiert sich in pro-pekingischen Entwicklungsl\u00e4ndern wie El Salvador, Vanuatu und Kiribati.<\/p>\n<p>\u201eWie behauptet wurde, war das Bestechungsschema von Cary Yan und Gina Zhou darauf ausgelegt, den Gesetzgebungsprozess des [RMI] um sich selbst und ihren Mitarbeitern finanziell zu helfen\u201c, sagte US-Anwalt Damian Williams f\u00fcr den s\u00fcdlichen Bezirk von New York.<\/p>\n<p>\u201eDie Bestechungsgelder von Yan und Zhou missachteten eklatant die Souver\u00e4nit\u00e4t der [RMI] und seiner Legislative, und die engagierte Ermittlungsarbeit dieses B\u00fcros und unserer Partner signalisiert, dass der S\u00fcdbezirk von New York diejenigen nicht tolerieren wird, die offen die Integrit\u00e4t demokratischer Prozesse verletzen.\u201c<\/p>\n<p>Beide B\u00fcrger wurden am 10. August 2020 zun\u00e4chst vom Justizministerium angeklagt. Sie wurden auf Ersuchen der Vereinigten Staaten von thail\u00e4ndischen Beh\u00f6rden festgenommen.  Nach Abschluss des Verfahrens in Thailand ordnete die Regierung ihre Auslieferung an.<\/p>\n<p>Im Falle einer Verurteilung drohen den Angeklagten maximal 20 Jahre Haft wegen Begehung oder Verschw\u00f6rung zur Durchf\u00fchrung von Geldw\u00e4sche sowie weitere f\u00fcnf Jahre f\u00fcr jeden Fall von Versto\u00df oder Verschw\u00f6rung zur Verletzung des Foreign Corrupt Practices Act.<\/p>\n<h2>Die Destabilisierung des S\u00fcdpazifiks ist im Gange<\/h2>\n<p>Als Reaktion darauf begr\u00fc\u00dfte die S\u00fcdpazifik-Expertin Cleo Paskal die Anklageschrift mit der Aussage, dass im Falle eines Gerichtsverfahrens m\u00f6glicherweise aufgedeckt werden k\u00f6nnte, welche anderen Arbeiten die gemeinn\u00fctzige Organisation in anderen L\u00e4ndern durchgef\u00fchrt hat.<\/p>\n<p>\u201eSie operieren sehr stark nach dem Prinzip der \u201aentropischen Kriegsf\u00fchrung\u2018\u201c, sagte sie der Epoch Times.  \u201eDenken Sie daran, dass die Marshallinseln eines der wenigen L\u00e4nder sind, die Taiwan noch anerkennen, eine chinesische Botschaft ist dort nicht t\u00e4tig, aber mit China verbundene Einzelpersonen und Unternehmen k\u00f6nnen dies tun.\u201c<\/p>\n<p>Gem\u00e4\u00df dem National Intelligence Law 2017 m\u00fcssen alle chinesischen Einzelpersonen und Unternehmen Peking auf Anfrage Informationen zur Verf\u00fcgung stellen.<\/p>\n<p>\u201eDies ist eine Art, ein Land anzugreifen, selbst wenn es China nicht anerkennt, indem diese Art von Organisationen eingesetzt werden, die funktional eine Grauzone darstellen\u201c, f\u00fcgte sie hinzu.<\/p>\n<p>Paskal sagte, die Versuche der Kommunistischen Partei Chinas, die Elite durch Bestechung zu fangen, h\u00e4tten auf den Marshallinseln im Vergleich zu ihren pazifischen Nachbarn m\u00f6glicherweise nicht so umfassend funktioniert, weshalb das Regime auf entropische Kriegsf\u00fchrung zur\u00fcckgegriffen habe, um eine Regierung bis zu dem Punkt zu destabilisieren, an dem sie nicht mehr reagieren k\u00f6nne oder sich mit politischer Einmischung eines Gegners auseinandersetzen.<\/p>\n<p>Sie verwies auf Kommentare eines marshallischen Beamten, der sagte, er werde sich an dem ehemaligen Pr\u00e4sidenten \u201er\u00e4chen\u201c.<\/p>\n<p>\u201eMan bringt Gruppen im Land gegeneinander und macht es schwierig, richtig zu diskutieren oder gar zu regieren.\u201c<\/p>\n<p>Mehrere pro-pekinger pazifische Regierungen haben zunehmend instabile demokratische Systeme gef\u00fchrt, darunter die Salomonen, Vanuatu und Kiribati.<\/p>\n<\/div>\n<p><br \/>\n<b> Text ist eine \u00dcbersetzung vom Epoch Times Artikel:<\/p>\n<p><a href=\"https:\/\/www.theepochtimes.com\/us-indicts-2-beijing-linked-marshallese-citizens-for-political-bribery_4705790.html\">Source link <\/a><\/p>\n","protected":false},"excerpt":{"rendered":"<p>Das US-Justizministerium hat zwei eingeb\u00fcrgerte B\u00fcrger der Marshallinseln angeklagt, weil sie \u00fcber eine mit den Vereinten Nationen verbundene gemeinn\u00fctzige Organisation ein mehrj\u00e4hriges Geldw\u00e4sche- und Bestechungsprogramm betrieben haben, um die Schaffung einer Sonderwirtschaftszone innerhalb des pazifischen Landes zu unterst\u00fctzen. Ein Experte sagt, der Vorfall sei ein Beispiel f\u00fcr Pekings Bem\u00fchungen, demokratische Institutionen im S\u00fcdpazifik zu destabilisieren, [&hellip;]<\/p>\n","protected":false},"author":6,"featured_media":18407,"comment_status":"open","ping_status":"open","sticky":false,"template":"","format":"standard","meta":{"wp_automatic_camp":["1164"],"31a10963c213f3dd01310cd92691f55f":["US klagt 2 mit Peking verbundene marshallische B\u00fcrger wegen politischer Bestechung an\n"],"original_link":["https:\/\/www.theepochtimes.com\/us-indicts-2-beijing-linked-marshallese-citizens-for-political-bribery_4705790.html"],"_thumbnail_id":["18407"],"wp_automatic_remove_first_image":["yes"],"jnews_social_counter_last_update":["1777589682"]},"categories":[21],"tags":[32281,8956,19654,32280,419,4117,20281,20931,145],"yoast_head":"<!-- This site is optimized with the Yoast SEO Premium plugin v22.7 (Yoast SEO v22.7) - https:\/\/yoast.com\/wordpress\/plugins\/seo\/ -->\n<title>US klagt 2 mit Peking verbundene marshallische B\u00fcrger wegen politischer Bestechung an - just-now.NEWS Deutschland<\/title>\n<meta name=\"robots\" content=\"index, follow, max-snippet:-1, max-image-preview:large, max-video-preview:-1\" \/>\n<link rel=\"canonical\" href=\"https:\/\/now-news.de\/de\/china\/us-klagt-2-mit-peking-verbundene-marshallische-buerger-wegen-politischer-bestechung-an\/\" \/>\n<meta property=\"og:locale\" content=\"de_DE\" \/>\n<meta property=\"og:type\" content=\"article\" \/>\n<meta property=\"og:title\" content=\"US klagt 2 mit Peking verbundene marshallische B\u00fcrger wegen politischer Bestechung an\" \/>\n<meta property=\"og:description\" content=\"Das US-Justizministerium hat zwei eingeb\u00fcrgerte B\u00fcrger der Marshallinseln angeklagt, weil sie \u00fcber eine mit den Vereinten Nationen verbundene gemeinn\u00fctzige Organisation ein mehrj\u00e4hriges Geldw\u00e4sche- und Bestechungsprogramm betrieben haben, um die Schaffung einer Sonderwirtschaftszone innerhalb des pazifischen Landes zu unterst\u00fctzen. Ein Experte sagt, der Vorfall sei ein Beispiel f\u00fcr Pekings Bem\u00fchungen, demokratische Institutionen im S\u00fcdpazifik zu destabilisieren, [&hellip;]\" \/>\n<meta property=\"og:url\" content=\"https:\/\/now-news.de\/de\/china\/us-klagt-2-mit-peking-verbundene-marshallische-buerger-wegen-politischer-bestechung-an\/\" \/>\n<meta property=\"og:site_name\" content=\"just-now.NEWS Deutschland\" \/>\n<meta property=\"article:publisher\" content=\"https:\/\/www.facebook.com\/wirmachenauf\" \/>\n<meta property=\"article:published_time\" content=\"2022-09-05T02:42:58+00:00\" \/>\n<meta property=\"og:image\" content=\"https:\/\/now-news.de\/de\/wp-content\/uploads\/sites\/3\/2022\/09\/1662346237_US-klagt-2-mit-Peking-verbundene-marshallische-Buerger-wegen-politischer.jpg\" \/>\n\t<meta property=\"og:image:width\" content=\"1200\" \/>\n\t<meta property=\"og:image:height\" content=\"645\" \/>\n\t<meta property=\"og:image:type\" content=\"image\/jpeg\" \/>\n<meta name=\"author\" content=\"epoch\" \/>\n<meta name=\"twitter:card\" content=\"summary_large_image\" \/>\n<meta name=\"twitter:creator\" content=\"@WirMachenAuf_de\" \/>\n<meta name=\"twitter:site\" content=\"@WirMachenAuf_de\" \/>\n<meta name=\"twitter:label1\" content=\"Verfasst von\" \/>\n\t<meta name=\"twitter:data1\" content=\"epoch\" \/>\n\t<meta name=\"twitter:label2\" content=\"Gesch\u00e4tzte Lesezeit\" \/>\n\t<meta name=\"twitter:data2\" content=\"5\u00a0Minuten\" \/>\n<script type=\"application\/ld+json\" class=\"yoast-schema-graph\">{\"@context\":\"https:\/\/schema.org\",\"@graph\":[{\"@type\":\"Article\",\"@id\":\"https:\/\/now-news.de\/de\/china\/us-klagt-2-mit-peking-verbundene-marshallische-buerger-wegen-politischer-bestechung-an\/#article\",\"isPartOf\":{\"@id\":\"https:\/\/now-news.de\/de\/china\/us-klagt-2-mit-peking-verbundene-marshallische-buerger-wegen-politischer-bestechung-an\/\"},\"author\":{\"name\":\"epoch\",\"@id\":\"https:\/\/now-news.de\/de\/#\/schema\/person\/c6dfcd35a72a074487761b9d49aef52f\"},\"headline\":\"US klagt 2 mit Peking verbundene marshallische B\u00fcrger wegen politischer Bestechung an\",\"datePublished\":\"2022-09-05T02:42:58+00:00\",\"dateModified\":\"2022-09-05T02:42:58+00:00\",\"mainEntityOfPage\":{\"@id\":\"https:\/\/now-news.de\/de\/china\/us-klagt-2-mit-peking-verbundene-marshallische-buerger-wegen-politischer-bestechung-an\/\"},\"wordCount\":939,\"commentCount\":0,\"publisher\":{\"@id\":\"https:\/\/now-news.de\/de\/#organization\"},\"image\":{\"@id\":\"https:\/\/now-news.de\/de\/china\/us-klagt-2-mit-peking-verbundene-marshallische-buerger-wegen-politischer-bestechung-an\/#primaryimage\"},\"thumbnailUrl\":\"https:\/\/now-news.de\/de\/wp-content\/uploads\/sites\/3\/2022\/09\/1662346237_US-klagt-2-mit-Peking-verbundene-marshallische-Buerger-wegen-politischer.jpg\",\"keywords\":[\"Bestechung\",\"b\u00fcrger\",\"klagt\",\"marshallische\",\"mit\",\"Peking\",\"politischer\",\"verbundene\",\"wegen\"],\"articleSection\":[\"China\"],\"inLanguage\":\"de\",\"potentialAction\":[{\"@type\":\"CommentAction\",\"name\":\"Comment\",\"target\":[\"https:\/\/now-news.de\/de\/china\/us-klagt-2-mit-peking-verbundene-marshallische-buerger-wegen-politischer-bestechung-an\/#respond\"]}]},{\"@type\":\"WebPage\",\"@id\":\"https:\/\/now-news.de\/de\/china\/us-klagt-2-mit-peking-verbundene-marshallische-buerger-wegen-politischer-bestechung-an\/\",\"url\":\"https:\/\/now-news.de\/de\/china\/us-klagt-2-mit-peking-verbundene-marshallische-buerger-wegen-politischer-bestechung-an\/\",\"name\":\"US klagt 2 mit Peking verbundene marshallische B\u00fcrger wegen politischer Bestechung an - just-now.NEWS Deutschland\",\"isPartOf\":{\"@id\":\"https:\/\/now-news.de\/de\/#website\"},\"primaryImageOfPage\":{\"@id\":\"https:\/\/now-news.de\/de\/china\/us-klagt-2-mit-peking-verbundene-marshallische-buerger-wegen-politischer-bestechung-an\/#primaryimage\"},\"image\":{\"@id\":\"https:\/\/now-news.de\/de\/china\/us-klagt-2-mit-peking-verbundene-marshallische-buerger-wegen-politischer-bestechung-an\/#primaryimage\"},\"thumbnailUrl\":\"https:\/\/now-news.de\/de\/wp-content\/uploads\/sites\/3\/2022\/09\/1662346237_US-klagt-2-mit-Peking-verbundene-marshallische-Buerger-wegen-politischer.jpg\",\"datePublished\":\"2022-09-05T02:42:58+00:00\",\"dateModified\":\"2022-09-05T02:42:58+00:00\",\"breadcrumb\":{\"@id\":\"https:\/\/now-news.de\/de\/china\/us-klagt-2-mit-peking-verbundene-marshallische-buerger-wegen-politischer-bestechung-an\/#breadcrumb\"},\"inLanguage\":\"de\",\"potentialAction\":[{\"@type\":\"ReadAction\",\"target\":[\"https:\/\/now-news.de\/de\/china\/us-klagt-2-mit-peking-verbundene-marshallische-buerger-wegen-politischer-bestechung-an\/\"]}]},{\"@type\":\"ImageObject\",\"inLanguage\":\"de\",\"@id\":\"https:\/\/now-news.de\/de\/china\/us-klagt-2-mit-peking-verbundene-marshallische-buerger-wegen-politischer-bestechung-an\/#primaryimage\",\"url\":\"https:\/\/now-news.de\/de\/wp-content\/uploads\/sites\/3\/2022\/09\/1662346237_US-klagt-2-mit-Peking-verbundene-marshallische-Buerger-wegen-politischer.jpg\",\"contentUrl\":\"https:\/\/now-news.de\/de\/wp-content\/uploads\/sites\/3\/2022\/09\/1662346237_US-klagt-2-mit-Peking-verbundene-marshallische-Buerger-wegen-politischer.jpg\",\"width\":1200,\"height\":645},{\"@type\":\"BreadcrumbList\",\"@id\":\"https:\/\/now-news.de\/de\/china\/us-klagt-2-mit-peking-verbundene-marshallische-buerger-wegen-politischer-bestechung-an\/#breadcrumb\",\"itemListElement\":[{\"@type\":\"ListItem\",\"position\":1,\"name\":\"Home\",\"item\":\"https:\/\/now-news.de\/de\/\"},{\"@type\":\"ListItem\",\"position\":2,\"name\":\"US klagt 2 mit Peking verbundene marshallische B\u00fcrger wegen politischer Bestechung an\"}]},{\"@type\":\"WebSite\",\"@id\":\"https:\/\/now-news.de\/de\/#website\",\"url\":\"https:\/\/now-news.de\/de\/\",\"name\":\"just-now.NEWS Deutschland\",\"description\":\"Das Portal f\u00fcr unzensierte Nachrichten aus der Welt\",\"publisher\":{\"@id\":\"https:\/\/now-news.de\/de\/#organization\"},\"potentialAction\":[{\"@type\":\"SearchAction\",\"target\":{\"@type\":\"EntryPoint\",\"urlTemplate\":\"https:\/\/now-news.de\/de\/?s={search_term_string}\"},\"query-input\":\"required name=search_term_string\"}],\"inLanguage\":\"de\"},{\"@type\":\"Organization\",\"@id\":\"https:\/\/now-news.de\/de\/#organization\",\"name\":\"Just Now News\",\"url\":\"https:\/\/now-news.de\/de\/\",\"logo\":{\"@type\":\"ImageObject\",\"inLanguage\":\"de\",\"@id\":\"https:\/\/now-news.de\/de\/#\/schema\/logo\/image\/\",\"url\":\"http:\/\/just-now.news\/de\/wp-content\/uploads\/sites\/3\/2022\/04\/logo500x500.jpg\",\"contentUrl\":\"http:\/\/just-now.news\/de\/wp-content\/uploads\/sites\/3\/2022\/04\/logo500x500.jpg\",\"width\":500,\"height\":500,\"caption\":\"Just Now News\"},\"image\":{\"@id\":\"https:\/\/now-news.de\/de\/#\/schema\/logo\/image\/\"},\"sameAs\":[\"https:\/\/www.facebook.com\/wirmachenauf\",\"https:\/\/x.com\/WirMachenAuf_de\"]},{\"@type\":\"Person\",\"@id\":\"https:\/\/now-news.de\/de\/#\/schema\/person\/c6dfcd35a72a074487761b9d49aef52f\",\"name\":\"epoch\",\"image\":{\"@type\":\"ImageObject\",\"inLanguage\":\"de\",\"@id\":\"https:\/\/now-news.de\/de\/#\/schema\/person\/image\/\",\"url\":\"https:\/\/secure.gravatar.com\/avatar\/56933836307948e61ef581cc4d100335?s=96&d=mm&r=g\",\"contentUrl\":\"https:\/\/secure.gravatar.com\/avatar\/56933836307948e61ef581cc4d100335?s=96&d=mm&r=g\",\"caption\":\"epoch\"},\"url\":\"https:\/\/now-news.de\/de\/author\/epoch\/\"}]}<\/script>\n<!-- \/ Yoast SEO Premium plugin. -->","yoast_head_json":{"title":"US klagt 2 mit Peking verbundene marshallische B\u00fcrger wegen politischer Bestechung an - just-now.NEWS Deutschland","robots":{"index":"index","follow":"follow","max-snippet":"max-snippet:-1","max-image-preview":"max-image-preview:large","max-video-preview":"max-video-preview:-1"},"canonical":"https:\/\/now-news.de\/de\/china\/us-klagt-2-mit-peking-verbundene-marshallische-buerger-wegen-politischer-bestechung-an\/","og_locale":"de_DE","og_type":"article","og_title":"US klagt 2 mit Peking verbundene marshallische B\u00fcrger wegen politischer Bestechung an","og_description":"Das US-Justizministerium hat zwei eingeb\u00fcrgerte B\u00fcrger der Marshallinseln angeklagt, weil sie \u00fcber eine mit den Vereinten Nationen verbundene gemeinn\u00fctzige Organisation ein mehrj\u00e4hriges Geldw\u00e4sche- und Bestechungsprogramm betrieben haben, um die Schaffung einer Sonderwirtschaftszone innerhalb des pazifischen Landes zu unterst\u00fctzen. Ein Experte sagt, der Vorfall sei ein Beispiel f\u00fcr Pekings Bem\u00fchungen, demokratische Institutionen im S\u00fcdpazifik zu destabilisieren, [&hellip;]","og_url":"https:\/\/now-news.de\/de\/china\/us-klagt-2-mit-peking-verbundene-marshallische-buerger-wegen-politischer-bestechung-an\/","og_site_name":"just-now.NEWS Deutschland","article_publisher":"https:\/\/www.facebook.com\/wirmachenauf","article_published_time":"2022-09-05T02:42:58+00:00","og_image":[{"width":1200,"height":645,"url":"https:\/\/now-news.de\/de\/wp-content\/uploads\/sites\/3\/2022\/09\/1662346237_US-klagt-2-mit-Peking-verbundene-marshallische-Buerger-wegen-politischer.jpg","type":"image\/jpeg"}],"author":"epoch","twitter_card":"summary_large_image","twitter_creator":"@WirMachenAuf_de","twitter_site":"@WirMachenAuf_de","twitter_misc":{"Verfasst von":"epoch","Gesch\u00e4tzte Lesezeit":"5\u00a0Minuten"},"schema":{"@context":"https:\/\/schema.org","@graph":[{"@type":"Article","@id":"https:\/\/now-news.de\/de\/china\/us-klagt-2-mit-peking-verbundene-marshallische-buerger-wegen-politischer-bestechung-an\/#article","isPartOf":{"@id":"https:\/\/now-news.de\/de\/china\/us-klagt-2-mit-peking-verbundene-marshallische-buerger-wegen-politischer-bestechung-an\/"},"author":{"name":"epoch","@id":"https:\/\/now-news.de\/de\/#\/schema\/person\/c6dfcd35a72a074487761b9d49aef52f"},"headline":"US klagt 2 mit Peking verbundene marshallische B\u00fcrger wegen politischer Bestechung an","datePublished":"2022-09-05T02:42:58+00:00","dateModified":"2022-09-05T02:42:58+00:00","mainEntityOfPage":{"@id":"https:\/\/now-news.de\/de\/china\/us-klagt-2-mit-peking-verbundene-marshallische-buerger-wegen-politischer-bestechung-an\/"},"wordCount":939,"commentCount":0,"publisher":{"@id":"https:\/\/now-news.de\/de\/#organization"},"image":{"@id":"https:\/\/now-news.de\/de\/china\/us-klagt-2-mit-peking-verbundene-marshallische-buerger-wegen-politischer-bestechung-an\/#primaryimage"},"thumbnailUrl":"https:\/\/now-news.de\/de\/wp-content\/uploads\/sites\/3\/2022\/09\/1662346237_US-klagt-2-mit-Peking-verbundene-marshallische-Buerger-wegen-politischer.jpg","keywords":["Bestechung","b\u00fcrger","klagt","marshallische","mit","Peking","politischer","verbundene","wegen"],"articleSection":["China"],"inLanguage":"de","potentialAction":[{"@type":"CommentAction","name":"Comment","target":["https:\/\/now-news.de\/de\/china\/us-klagt-2-mit-peking-verbundene-marshallische-buerger-wegen-politischer-bestechung-an\/#respond"]}]},{"@type":"WebPage","@id":"https:\/\/now-news.de\/de\/china\/us-klagt-2-mit-peking-verbundene-marshallische-buerger-wegen-politischer-bestechung-an\/","url":"https:\/\/now-news.de\/de\/china\/us-klagt-2-mit-peking-verbundene-marshallische-buerger-wegen-politischer-bestechung-an\/","name":"US klagt 2 mit Peking verbundene marshallische B\u00fcrger wegen politischer Bestechung an - just-now.NEWS Deutschland","isPartOf":{"@id":"https:\/\/now-news.de\/de\/#website"},"primaryImageOfPage":{"@id":"https:\/\/now-news.de\/de\/china\/us-klagt-2-mit-peking-verbundene-marshallische-buerger-wegen-politischer-bestechung-an\/#primaryimage"},"image":{"@id":"https:\/\/now-news.de\/de\/china\/us-klagt-2-mit-peking-verbundene-marshallische-buerger-wegen-politischer-bestechung-an\/#primaryimage"},"thumbnailUrl":"https:\/\/now-news.de\/de\/wp-content\/uploads\/sites\/3\/2022\/09\/1662346237_US-klagt-2-mit-Peking-verbundene-marshallische-Buerger-wegen-politischer.jpg","datePublished":"2022-09-05T02:42:58+00:00","dateModified":"2022-09-05T02:42:58+00:00","breadcrumb":{"@id":"https:\/\/now-news.de\/de\/china\/us-klagt-2-mit-peking-verbundene-marshallische-buerger-wegen-politischer-bestechung-an\/#breadcrumb"},"inLanguage":"de","potentialAction":[{"@type":"ReadAction","target":["https:\/\/now-news.de\/de\/china\/us-klagt-2-mit-peking-verbundene-marshallische-buerger-wegen-politischer-bestechung-an\/"]}]},{"@type":"ImageObject","inLanguage":"de","@id":"https:\/\/now-news.de\/de\/china\/us-klagt-2-mit-peking-verbundene-marshallische-buerger-wegen-politischer-bestechung-an\/#primaryimage","url":"https:\/\/now-news.de\/de\/wp-content\/uploads\/sites\/3\/2022\/09\/1662346237_US-klagt-2-mit-Peking-verbundene-marshallische-Buerger-wegen-politischer.jpg","contentUrl":"https:\/\/now-news.de\/de\/wp-content\/uploads\/sites\/3\/2022\/09\/1662346237_US-klagt-2-mit-Peking-verbundene-marshallische-Buerger-wegen-politischer.jpg","width":1200,"height":645},{"@type":"BreadcrumbList","@id":"https:\/\/now-news.de\/de\/china\/us-klagt-2-mit-peking-verbundene-marshallische-buerger-wegen-politischer-bestechung-an\/#breadcrumb","itemListElement":[{"@type":"ListItem","position":1,"name":"Home","item":"https:\/\/now-news.de\/de\/"},{"@type":"ListItem","position":2,"name":"US klagt 2 mit Peking verbundene marshallische B\u00fcrger wegen politischer Bestechung an"}]},{"@type":"WebSite","@id":"https:\/\/now-news.de\/de\/#website","url":"https:\/\/now-news.de\/de\/","name":"just-now.NEWS Deutschland","description":"Das Portal f\u00fcr unzensierte Nachrichten aus der Welt","publisher":{"@id":"https:\/\/now-news.de\/de\/#organization"},"potentialAction":[{"@type":"SearchAction","target":{"@type":"EntryPoint","urlTemplate":"https:\/\/now-news.de\/de\/?s={search_term_string}"},"query-input":"required name=search_term_string"}],"inLanguage":"de"},{"@type":"Organization","@id":"https:\/\/now-news.de\/de\/#organization","name":"Just Now News","url":"https:\/\/now-news.de\/de\/","logo":{"@type":"ImageObject","inLanguage":"de","@id":"https:\/\/now-news.de\/de\/#\/schema\/logo\/image\/","url":"http:\/\/just-now.news\/de\/wp-content\/uploads\/sites\/3\/2022\/04\/logo500x500.jpg","contentUrl":"http:\/\/just-now.news\/de\/wp-content\/uploads\/sites\/3\/2022\/04\/logo500x500.jpg","width":500,"height":500,"caption":"Just Now News"},"image":{"@id":"https:\/\/now-news.de\/de\/#\/schema\/logo\/image\/"},"sameAs":["https:\/\/www.facebook.com\/wirmachenauf","https:\/\/x.com\/WirMachenAuf_de"]},{"@type":"Person","@id":"https:\/\/now-news.de\/de\/#\/schema\/person\/c6dfcd35a72a074487761b9d49aef52f","name":"epoch","image":{"@type":"ImageObject","inLanguage":"de","@id":"https:\/\/now-news.de\/de\/#\/schema\/person\/image\/","url":"https:\/\/secure.gravatar.com\/avatar\/56933836307948e61ef581cc4d100335?s=96&d=mm&r=g","contentUrl":"https:\/\/secure.gravatar.com\/avatar\/56933836307948e61ef581cc4d100335?s=96&d=mm&r=g","caption":"epoch"},"url":"https:\/\/now-news.de\/de\/author\/epoch\/"}]}},"_links":{"self":[{"href":"https:\/\/now-news.de\/de\/wp-json\/wp\/v2\/posts\/18406"}],"collection":[{"href":"https:\/\/now-news.de\/de\/wp-json\/wp\/v2\/posts"}],"about":[{"href":"https:\/\/now-news.de\/de\/wp-json\/wp\/v2\/types\/post"}],"author":[{"embeddable":true,"href":"https:\/\/now-news.de\/de\/wp-json\/wp\/v2\/users\/6"}],"replies":[{"embeddable":true,"href":"https:\/\/now-news.de\/de\/wp-json\/wp\/v2\/comments?post=18406"}],"version-history":[{"count":0,"href":"https:\/\/now-news.de\/de\/wp-json\/wp\/v2\/posts\/18406\/revisions"}],"wp:featuredmedia":[{"embeddable":true,"href":"https:\/\/now-news.de\/de\/wp-json\/wp\/v2\/media\/18407"}],"wp:attachment":[{"href":"https:\/\/now-news.de\/de\/wp-json\/wp\/v2\/media?parent=18406"}],"wp:term":[{"taxonomy":"category","embeddable":true,"href":"https:\/\/now-news.de\/de\/wp-json\/wp\/v2\/categories?post=18406"},{"taxonomy":"post_tag","embeddable":true,"href":"https:\/\/now-news.de\/de\/wp-json\/wp\/v2\/tags?post=18406"}],"curies":[{"name":"wp","href":"https:\/\/api.w.org\/{rel}","templated":true}]}}