{"id":18386,"date":"2022-09-04T16:10:51","date_gmt":"2022-09-04T14:10:51","guid":{"rendered":"http:\/\/just-now.news\/de\/deutschland\/arbeitsminister-heil-plant-mehr-zuwanderung-von-fachkraeften\/"},"modified":"2022-09-04T16:10:51","modified_gmt":"2022-09-04T14:10:51","slug":"arbeitsminister-heil-plant-mehr-zuwanderung-von-fachkraeften","status":"publish","type":"post","link":"https:\/\/now-news.de\/de\/deutschland\/arbeitsminister-heil-plant-mehr-zuwanderung-von-fachkraeften\/","title":{"rendered":"Arbeitsminister Heil plant mehr Zuwanderung von &quot;Fachkr\u00e4ften&quot;"},"content":{"rendered":"<p><img decoding=\"async\" src=\"http:\/\/just-now.news\/de\/wp-content\/uploads\/sites\/3\/2022\/09\/6314a11648fbef10db3a3a5f.jpg\" \/><\/p>\n<div class=\"Text-root Text-type_1 \">\n                Arbeitsminister Heil hat in einem Interview f\u00fcr die Bild am Sonntag angek\u00fcndigt, die Zuwanderung nach Deutschland zu forcieren. Er will eine &#8220;Chancenkarte&#8221; einf\u00fchren, dank der einwanderungswillige Personen mit Berufsausbildung einwandern k\u00f6nnen, ohne einen Arbeitsplatz nachweisen zu m\u00fcssen.\n            <\/div>\n<p><\/p>\n<div class=\"Text-root Text-type_5 ArticleView-text ViewText-root \">\n<p>Das letzte Mal, dass Bundesarbeitsminister Hubertus Heil (SPD) Schlagzeilen machte, war, als er sich zusammen mit Innenministerin Nancy Faeser (ebenfalls SPD) und dem ehemaligen Boxweltmeister und derzeitigen Oberb\u00fcrgermeister der ukrainischen Hauptstadt Kiew sichtlich vergn\u00fcgt und mit Hochprozentigem in der Hand auf dem Balkon der deutschen Botschaft ablichten lie\u00df \u2013 mitten im Krieg.\u00a0<\/p>\n<p>Nun sorgt er f\u00fcr neue Schlagzeilen: In der heutigen Ausgabe der <em>Bild am Sonntag<\/em> (<em>BamS<\/em>) ist ein Interview mit Heil abgedruckt, in dem dieser ein gro\u00dfangelegtes Programm ank\u00fcndigt, mit dem er mehr Zuwanderer nach Deutschland holen will \u2013 Fachkr\u00e4fte, wie er sagt. Angeblich w\u00fcrden allein dem Handwerk\u00a0250.000 Fachkr\u00e4fte fehlen, 20.000 Ausbildungspl\u00e4tze blieben pro Jahr unbesetzt.<\/p>\n<p>Um dem entgegenzuwirken, k\u00fcndigte Heil an:\u00a0<\/p>\n<blockquote>\n<p><em>&#8220;Wir brauchen auch mehr Einwanderung. Daf\u00fcr wird die Ampel im Herbst ein modernes Einwanderungsgesetz vorlegen.&#8221;<\/em><\/p>\n<\/blockquote>\n<p>Bisher konnten hoch qualifizierte Arbeitnehmer nach Deutschland einreisen und sich hier niederlassen, wenn sie bereits einen Arbeitsvertrag oder eine verbindliche Zusage eines Arbeitgebers vorlegen konnten und die Bundesagentur f\u00fcr Arbeit bescheinigte, dass f\u00fcr die betreffende Stelle keine inl\u00e4ndischen Interessenten vergleichbarer Qualifikation vermittelt werden k\u00f6nnen.<\/p>\n<p>Mit der geplanten Novelle wird dies nun entbehrlich: Sie sieht die Einf\u00fchrung einer &#8220;Chancenkarte&#8221; mit einem &#8220;transparenten Punktesystem&#8221; vor. Mit dieser &#8220;Chancenkarte&#8221; sollen Menschen (Heil: &#8220;Menschen, die unser Land braucht&#8221;) ohne weitere Nachweise, insbesondere ohne den Nachweis eines konkreten Arbeitsplatzes, zuwandern und sich einfacher in Deutschland niederlassen k\u00f6nnen. Wer einen von Deutschland anerkannten Abschluss, egal ob Ausbildung oder Studium, vorweisen kann, erf\u00fcllt sofort die Bedingung f\u00fcr die &#8220;Chancenkarte&#8221;. Eine an einen konkreten Arbeitsplatz gebundene Einstellungszusage sei dann, anders als bisher, keine Voraussetzung mehr f\u00fcr die Einreise. Dies begr\u00fcndet der Arbeitsminister damit, dass die Suche nach einem Job in Deutschland aus dem Ausland heraus &#8220;oft schwierig&#8221; sei.\u00a0<\/p>\n<p>So beschreibt der Bundesarbeitsminister in der <em>BamS<\/em> das Funktionsprinzip des k\u00fcnftigen Systems:\u00a0<\/p>\n<blockquote>\n<p><em>&#8220;Wir legen Jahr f\u00fcr Jahr, entsprechend unserem Bedarf, ein Kontingent fest, wie viele Menschen mit der Chancenkarte nach Deutschland kommen d\u00fcrfen, um sich hier f\u00fcr eine bestimmte Zeit einen Job oder eine Ausbildung zu suchen. F\u00fcr diese Zeit m\u00fcssen sie ihren Lebensunterhalt selbst sichern k\u00f6nnen.&#8221;<\/em><\/p>\n<\/blockquote>\n<p>Um die Karte zu erhalten, m\u00fcssen drei von vier Kriterien erf\u00fcllt sein: ausl\u00e4ndischer Abschluss, Berufserfahrung von drei Jahren, deutsche Sprachkenntnisse oder Voraufenthalt in Deutschland, Alter unter 35 Jahren. Das hei\u00dft, dass die Karte beispielsweise ein 30-J\u00e4hriger, der in seinem Heimatstaat einen Berufsabschluss hat und drei Jahre in dem Beruf gearbeitet hat, erhalten kann. Oder ein Sechzigj\u00e4hriger, der drei Jahre Berufserfahrung hat und sich schon einmal in Deutschland aufgehalten hat.<\/p>\n<p>Weitere Einzelheiten seines Plans hat der Minister bislang nicht offengelegt. Die Umsetzung ist noch in der laufenden Legislaturperiode geplant.<\/p>\n<p><strong>Mehr zum Thema<\/strong> &#8211; <a rel=\"nofollow noopener\" target=\"_blank\" href=\"https:\/\/test.rtde.tech\/inland\/126203-erntehelfer-aus-osteuropa-knechte-auf-deutschen-feldern\/\">Erntehelfer aus Osteuropa: Knechte auf deutschen Feldern<\/a><\/p>\n<\/p>\n<\/div>\n<p><br \/>\n<br \/><a href=\"https:\/\/de.rt.com\/inland\/147960-arbeitsminister-heil-plant-mehr-zuwanderung\/\">Source link <\/a><\/p>\n","protected":false},"excerpt":{"rendered":"<p>Arbeitsminister Heil hat in einem Interview f\u00fcr die Bild am Sonntag angek\u00fcndigt, die Zuwanderung nach Deutschland zu forcieren. Er will eine &#8220;Chancenkarte&#8221; einf\u00fchren, dank der einwanderungswillige Personen mit Berufsausbildung einwandern k\u00f6nnen, ohne einen Arbeitsplatz nachweisen zu m\u00fcssen. Das letzte Mal, dass Bundesarbeitsminister Hubertus Heil (SPD) Schlagzeilen machte, war, als er sich zusammen mit Innenministerin Nancy [&hellip;]<\/p>\n","protected":false},"author":3,"featured_media":18387,"comment_status":"open","ping_status":"open","sticky":false,"template":"","format":"standard","meta":{"wp_automatic_camp":["217"],"183067629bd6888d1e590d4788e55ce6":["Arbeitsminister Heil plant mehr Zuwanderung von &quot;Fachkr\u00e4ften&quot;"],"original_link":["https:\/\/de.rt.com\/inland\/147960-arbeitsminister-heil-plant-mehr-zuwanderung\/"],"_thumbnail_id":["18387"],"_wptg_p2tg_sent2tg":["2022-09-04 16:29:03"],"jnews_social_counter_last_update":["1777356031"]},"categories":[19,23],"tags":[22266,188,2063,2559,32265,50,32264],"yoast_head":"<!-- This site is optimized with the Yoast SEO Premium plugin v22.7 (Yoast SEO v22.7) - https:\/\/yoast.com\/wordpress\/plugins\/seo\/ -->\n<title>Arbeitsminister Heil plant mehr Zuwanderung von &quot;Fachkr\u00e4ften&quot; - just-now.NEWS Deutschland<\/title>\n<meta name=\"robots\" content=\"index, follow, max-snippet:-1, max-image-preview:large, max-video-preview:-1\" \/>\n<link rel=\"canonical\" href=\"https:\/\/now-news.de\/de\/deutschland\/arbeitsminister-heil-plant-mehr-zuwanderung-von-fachkraeften\/\" \/>\n<meta property=\"og:locale\" content=\"de_DE\" \/>\n<meta property=\"og:type\" content=\"article\" \/>\n<meta property=\"og:title\" content=\"Arbeitsminister Heil plant mehr Zuwanderung von &quot;Fachkr\u00e4ften&quot;\" \/>\n<meta property=\"og:description\" content=\"Arbeitsminister Heil hat in einem Interview f\u00fcr die Bild am Sonntag angek\u00fcndigt, die Zuwanderung nach Deutschland zu forcieren. Er will eine &#8220;Chancenkarte&#8221; einf\u00fchren, dank der einwanderungswillige Personen mit Berufsausbildung einwandern k\u00f6nnen, ohne einen Arbeitsplatz nachweisen zu m\u00fcssen. Das letzte Mal, dass Bundesarbeitsminister Hubertus Heil (SPD) Schlagzeilen machte, war, als er sich zusammen mit Innenministerin Nancy [&hellip;]\" \/>\n<meta property=\"og:url\" content=\"https:\/\/now-news.de\/de\/deutschland\/arbeitsminister-heil-plant-mehr-zuwanderung-von-fachkraeften\/\" \/>\n<meta property=\"og:site_name\" content=\"just-now.NEWS Deutschland\" \/>\n<meta property=\"article:publisher\" content=\"https:\/\/www.facebook.com\/wirmachenauf\" \/>\n<meta property=\"article:published_time\" content=\"2022-09-04T14:10:51+00:00\" \/>\n<meta property=\"og:image\" content=\"https:\/\/now-news.de\/de\/wp-content\/uploads\/sites\/3\/2022\/09\/Arbeitsminister-Heil-plant-mehr-Zuwanderung-von-quotFachkraeftenquot.jpg\" \/>\n\t<meta property=\"og:image:width\" content=\"460\" \/>\n\t<meta property=\"og:image:height\" content=\"259\" \/>\n\t<meta property=\"og:image:type\" content=\"image\/jpeg\" \/>\n<meta name=\"author\" content=\"rtnews\" \/>\n<meta name=\"twitter:card\" content=\"summary_large_image\" \/>\n<meta name=\"twitter:creator\" content=\"@WirMachenAuf_de\" \/>\n<meta name=\"twitter:site\" content=\"@WirMachenAuf_de\" \/>\n<meta name=\"twitter:label1\" content=\"Verfasst von\" \/>\n\t<meta name=\"twitter:data1\" content=\"rtnews\" \/>\n\t<meta name=\"twitter:label2\" content=\"Gesch\u00e4tzte Lesezeit\" \/>\n\t<meta name=\"twitter:data2\" content=\"3\u00a0Minuten\" \/>\n<script type=\"application\/ld+json\" class=\"yoast-schema-graph\">{\"@context\":\"https:\/\/schema.org\",\"@graph\":[{\"@type\":\"Article\",\"@id\":\"https:\/\/now-news.de\/de\/deutschland\/arbeitsminister-heil-plant-mehr-zuwanderung-von-fachkraeften\/#article\",\"isPartOf\":{\"@id\":\"https:\/\/now-news.de\/de\/deutschland\/arbeitsminister-heil-plant-mehr-zuwanderung-von-fachkraeften\/\"},\"author\":{\"name\":\"rtnews\",\"@id\":\"https:\/\/now-news.de\/de\/#\/schema\/person\/fb534a4e865501d8b3285208df34a9b5\"},\"headline\":\"Arbeitsminister Heil plant mehr Zuwanderung von &quot;Fachkr\u00e4ften&quot;\",\"datePublished\":\"2022-09-04T14:10:51+00:00\",\"dateModified\":\"2022-09-04T14:10:51+00:00\",\"mainEntityOfPage\":{\"@id\":\"https:\/\/now-news.de\/de\/deutschland\/arbeitsminister-heil-plant-mehr-zuwanderung-von-fachkraeften\/\"},\"wordCount\":519,\"commentCount\":0,\"publisher\":{\"@id\":\"https:\/\/now-news.de\/de\/#organization\"},\"image\":{\"@id\":\"https:\/\/now-news.de\/de\/deutschland\/arbeitsminister-heil-plant-mehr-zuwanderung-von-fachkraeften\/#primaryimage\"},\"thumbnailUrl\":\"https:\/\/now-news.de\/de\/wp-content\/uploads\/sites\/3\/2022\/09\/Arbeitsminister-Heil-plant-mehr-Zuwanderung-von-quotFachkraeftenquot.jpg\",\"keywords\":[\"Arbeitsminister\",\"Heil\",\"mehr\",\"plant\",\"quotFachkr\u00e4ftenquot\",\"von\",\"Zuwanderung\"],\"articleSection\":[\"Deutschland\",\"Russland\"],\"inLanguage\":\"de\",\"potentialAction\":[{\"@type\":\"CommentAction\",\"name\":\"Comment\",\"target\":[\"https:\/\/now-news.de\/de\/deutschland\/arbeitsminister-heil-plant-mehr-zuwanderung-von-fachkraeften\/#respond\"]}]},{\"@type\":\"WebPage\",\"@id\":\"https:\/\/now-news.de\/de\/deutschland\/arbeitsminister-heil-plant-mehr-zuwanderung-von-fachkraeften\/\",\"url\":\"https:\/\/now-news.de\/de\/deutschland\/arbeitsminister-heil-plant-mehr-zuwanderung-von-fachkraeften\/\",\"name\":\"Arbeitsminister Heil plant mehr Zuwanderung von &quot;Fachkr\u00e4ften&quot; - just-now.NEWS Deutschland\",\"isPartOf\":{\"@id\":\"https:\/\/now-news.de\/de\/#website\"},\"primaryImageOfPage\":{\"@id\":\"https:\/\/now-news.de\/de\/deutschland\/arbeitsminister-heil-plant-mehr-zuwanderung-von-fachkraeften\/#primaryimage\"},\"image\":{\"@id\":\"https:\/\/now-news.de\/de\/deutschland\/arbeitsminister-heil-plant-mehr-zuwanderung-von-fachkraeften\/#primaryimage\"},\"thumbnailUrl\":\"https:\/\/now-news.de\/de\/wp-content\/uploads\/sites\/3\/2022\/09\/Arbeitsminister-Heil-plant-mehr-Zuwanderung-von-quotFachkraeftenquot.jpg\",\"datePublished\":\"2022-09-04T14:10:51+00:00\",\"dateModified\":\"2022-09-04T14:10:51+00:00\",\"breadcrumb\":{\"@id\":\"https:\/\/now-news.de\/de\/deutschland\/arbeitsminister-heil-plant-mehr-zuwanderung-von-fachkraeften\/#breadcrumb\"},\"inLanguage\":\"de\",\"potentialAction\":[{\"@type\":\"ReadAction\",\"target\":[\"https:\/\/now-news.de\/de\/deutschland\/arbeitsminister-heil-plant-mehr-zuwanderung-von-fachkraeften\/\"]}]},{\"@type\":\"ImageObject\",\"inLanguage\":\"de\",\"@id\":\"https:\/\/now-news.de\/de\/deutschland\/arbeitsminister-heil-plant-mehr-zuwanderung-von-fachkraeften\/#primaryimage\",\"url\":\"https:\/\/now-news.de\/de\/wp-content\/uploads\/sites\/3\/2022\/09\/Arbeitsminister-Heil-plant-mehr-Zuwanderung-von-quotFachkraeftenquot.jpg\",\"contentUrl\":\"https:\/\/now-news.de\/de\/wp-content\/uploads\/sites\/3\/2022\/09\/Arbeitsminister-Heil-plant-mehr-Zuwanderung-von-quotFachkraeftenquot.jpg\",\"width\":460,\"height\":259,\"caption\":\"Arbeitsminister Heil plant mehr Zuwanderung von &quot;Fachkr\u00e4ften&quot;\"},{\"@type\":\"BreadcrumbList\",\"@id\":\"https:\/\/now-news.de\/de\/deutschland\/arbeitsminister-heil-plant-mehr-zuwanderung-von-fachkraeften\/#breadcrumb\",\"itemListElement\":[{\"@type\":\"ListItem\",\"position\":1,\"name\":\"Home\",\"item\":\"https:\/\/now-news.de\/de\/\"},{\"@type\":\"ListItem\",\"position\":2,\"name\":\"Arbeitsminister Heil plant mehr Zuwanderung von &quot;Fachkr\u00e4ften&quot;\"}]},{\"@type\":\"WebSite\",\"@id\":\"https:\/\/now-news.de\/de\/#website\",\"url\":\"https:\/\/now-news.de\/de\/\",\"name\":\"just-now.NEWS Deutschland\",\"description\":\"Das Portal f\u00fcr unzensierte Nachrichten aus der Welt\",\"publisher\":{\"@id\":\"https:\/\/now-news.de\/de\/#organization\"},\"potentialAction\":[{\"@type\":\"SearchAction\",\"target\":{\"@type\":\"EntryPoint\",\"urlTemplate\":\"https:\/\/now-news.de\/de\/?s={search_term_string}\"},\"query-input\":\"required name=search_term_string\"}],\"inLanguage\":\"de\"},{\"@type\":\"Organization\",\"@id\":\"https:\/\/now-news.de\/de\/#organization\",\"name\":\"Just Now News\",\"url\":\"https:\/\/now-news.de\/de\/\",\"logo\":{\"@type\":\"ImageObject\",\"inLanguage\":\"de\",\"@id\":\"https:\/\/now-news.de\/de\/#\/schema\/logo\/image\/\",\"url\":\"http:\/\/just-now.news\/de\/wp-content\/uploads\/sites\/3\/2022\/04\/logo500x500.jpg\",\"contentUrl\":\"http:\/\/just-now.news\/de\/wp-content\/uploads\/sites\/3\/2022\/04\/logo500x500.jpg\",\"width\":500,\"height\":500,\"caption\":\"Just Now News\"},\"image\":{\"@id\":\"https:\/\/now-news.de\/de\/#\/schema\/logo\/image\/\"},\"sameAs\":[\"https:\/\/www.facebook.com\/wirmachenauf\",\"https:\/\/x.com\/WirMachenAuf_de\"]},{\"@type\":\"Person\",\"@id\":\"https:\/\/now-news.de\/de\/#\/schema\/person\/fb534a4e865501d8b3285208df34a9b5\",\"name\":\"rtnews\",\"image\":{\"@type\":\"ImageObject\",\"inLanguage\":\"de\",\"@id\":\"https:\/\/now-news.de\/de\/#\/schema\/person\/image\/\",\"url\":\"https:\/\/secure.gravatar.com\/avatar\/82aafea7d8127119dd649515f56e2117?s=96&d=mm&r=g\",\"contentUrl\":\"https:\/\/secure.gravatar.com\/avatar\/82aafea7d8127119dd649515f56e2117?s=96&d=mm&r=g\",\"caption\":\"rtnews\"},\"url\":\"https:\/\/now-news.de\/de\/author\/rnews\/\"}]}<\/script>\n<!-- \/ Yoast SEO Premium plugin. -->","yoast_head_json":{"title":"Arbeitsminister Heil plant mehr Zuwanderung von &quot;Fachkr\u00e4ften&quot; - just-now.NEWS Deutschland","robots":{"index":"index","follow":"follow","max-snippet":"max-snippet:-1","max-image-preview":"max-image-preview:large","max-video-preview":"max-video-preview:-1"},"canonical":"https:\/\/now-news.de\/de\/deutschland\/arbeitsminister-heil-plant-mehr-zuwanderung-von-fachkraeften\/","og_locale":"de_DE","og_type":"article","og_title":"Arbeitsminister Heil plant mehr Zuwanderung von &quot;Fachkr\u00e4ften&quot;","og_description":"Arbeitsminister Heil hat in einem Interview f\u00fcr die Bild am Sonntag angek\u00fcndigt, die Zuwanderung nach Deutschland zu forcieren. Er will eine &#8220;Chancenkarte&#8221; einf\u00fchren, dank der einwanderungswillige Personen mit Berufsausbildung einwandern k\u00f6nnen, ohne einen Arbeitsplatz nachweisen zu m\u00fcssen. Das letzte Mal, dass Bundesarbeitsminister Hubertus Heil (SPD) Schlagzeilen machte, war, als er sich zusammen mit Innenministerin Nancy [&hellip;]","og_url":"https:\/\/now-news.de\/de\/deutschland\/arbeitsminister-heil-plant-mehr-zuwanderung-von-fachkraeften\/","og_site_name":"just-now.NEWS Deutschland","article_publisher":"https:\/\/www.facebook.com\/wirmachenauf","article_published_time":"2022-09-04T14:10:51+00:00","og_image":[{"width":460,"height":259,"url":"https:\/\/now-news.de\/de\/wp-content\/uploads\/sites\/3\/2022\/09\/Arbeitsminister-Heil-plant-mehr-Zuwanderung-von-quotFachkraeftenquot.jpg","type":"image\/jpeg"}],"author":"rtnews","twitter_card":"summary_large_image","twitter_creator":"@WirMachenAuf_de","twitter_site":"@WirMachenAuf_de","twitter_misc":{"Verfasst von":"rtnews","Gesch\u00e4tzte Lesezeit":"3\u00a0Minuten"},"schema":{"@context":"https:\/\/schema.org","@graph":[{"@type":"Article","@id":"https:\/\/now-news.de\/de\/deutschland\/arbeitsminister-heil-plant-mehr-zuwanderung-von-fachkraeften\/#article","isPartOf":{"@id":"https:\/\/now-news.de\/de\/deutschland\/arbeitsminister-heil-plant-mehr-zuwanderung-von-fachkraeften\/"},"author":{"name":"rtnews","@id":"https:\/\/now-news.de\/de\/#\/schema\/person\/fb534a4e865501d8b3285208df34a9b5"},"headline":"Arbeitsminister Heil plant mehr Zuwanderung von &quot;Fachkr\u00e4ften&quot;","datePublished":"2022-09-04T14:10:51+00:00","dateModified":"2022-09-04T14:10:51+00:00","mainEntityOfPage":{"@id":"https:\/\/now-news.de\/de\/deutschland\/arbeitsminister-heil-plant-mehr-zuwanderung-von-fachkraeften\/"},"wordCount":519,"commentCount":0,"publisher":{"@id":"https:\/\/now-news.de\/de\/#organization"},"image":{"@id":"https:\/\/now-news.de\/de\/deutschland\/arbeitsminister-heil-plant-mehr-zuwanderung-von-fachkraeften\/#primaryimage"},"thumbnailUrl":"https:\/\/now-news.de\/de\/wp-content\/uploads\/sites\/3\/2022\/09\/Arbeitsminister-Heil-plant-mehr-Zuwanderung-von-quotFachkraeftenquot.jpg","keywords":["Arbeitsminister","Heil","mehr","plant","quotFachkr\u00e4ftenquot","von","Zuwanderung"],"articleSection":["Deutschland","Russland"],"inLanguage":"de","potentialAction":[{"@type":"CommentAction","name":"Comment","target":["https:\/\/now-news.de\/de\/deutschland\/arbeitsminister-heil-plant-mehr-zuwanderung-von-fachkraeften\/#respond"]}]},{"@type":"WebPage","@id":"https:\/\/now-news.de\/de\/deutschland\/arbeitsminister-heil-plant-mehr-zuwanderung-von-fachkraeften\/","url":"https:\/\/now-news.de\/de\/deutschland\/arbeitsminister-heil-plant-mehr-zuwanderung-von-fachkraeften\/","name":"Arbeitsminister Heil plant mehr Zuwanderung von &quot;Fachkr\u00e4ften&quot; - just-now.NEWS Deutschland","isPartOf":{"@id":"https:\/\/now-news.de\/de\/#website"},"primaryImageOfPage":{"@id":"https:\/\/now-news.de\/de\/deutschland\/arbeitsminister-heil-plant-mehr-zuwanderung-von-fachkraeften\/#primaryimage"},"image":{"@id":"https:\/\/now-news.de\/de\/deutschland\/arbeitsminister-heil-plant-mehr-zuwanderung-von-fachkraeften\/#primaryimage"},"thumbnailUrl":"https:\/\/now-news.de\/de\/wp-content\/uploads\/sites\/3\/2022\/09\/Arbeitsminister-Heil-plant-mehr-Zuwanderung-von-quotFachkraeftenquot.jpg","datePublished":"2022-09-04T14:10:51+00:00","dateModified":"2022-09-04T14:10:51+00:00","breadcrumb":{"@id":"https:\/\/now-news.de\/de\/deutschland\/arbeitsminister-heil-plant-mehr-zuwanderung-von-fachkraeften\/#breadcrumb"},"inLanguage":"de","potentialAction":[{"@type":"ReadAction","target":["https:\/\/now-news.de\/de\/deutschland\/arbeitsminister-heil-plant-mehr-zuwanderung-von-fachkraeften\/"]}]},{"@type":"ImageObject","inLanguage":"de","@id":"https:\/\/now-news.de\/de\/deutschland\/arbeitsminister-heil-plant-mehr-zuwanderung-von-fachkraeften\/#primaryimage","url":"https:\/\/now-news.de\/de\/wp-content\/uploads\/sites\/3\/2022\/09\/Arbeitsminister-Heil-plant-mehr-Zuwanderung-von-quotFachkraeftenquot.jpg","contentUrl":"https:\/\/now-news.de\/de\/wp-content\/uploads\/sites\/3\/2022\/09\/Arbeitsminister-Heil-plant-mehr-Zuwanderung-von-quotFachkraeftenquot.jpg","width":460,"height":259,"caption":"Arbeitsminister Heil plant mehr Zuwanderung von &quot;Fachkr\u00e4ften&quot;"},{"@type":"BreadcrumbList","@id":"https:\/\/now-news.de\/de\/deutschland\/arbeitsminister-heil-plant-mehr-zuwanderung-von-fachkraeften\/#breadcrumb","itemListElement":[{"@type":"ListItem","position":1,"name":"Home","item":"https:\/\/now-news.de\/de\/"},{"@type":"ListItem","position":2,"name":"Arbeitsminister Heil plant mehr Zuwanderung von &quot;Fachkr\u00e4ften&quot;"}]},{"@type":"WebSite","@id":"https:\/\/now-news.de\/de\/#website","url":"https:\/\/now-news.de\/de\/","name":"just-now.NEWS Deutschland","description":"Das Portal f\u00fcr unzensierte Nachrichten aus der Welt","publisher":{"@id":"https:\/\/now-news.de\/de\/#organization"},"potentialAction":[{"@type":"SearchAction","target":{"@type":"EntryPoint","urlTemplate":"https:\/\/now-news.de\/de\/?s={search_term_string}"},"query-input":"required name=search_term_string"}],"inLanguage":"de"},{"@type":"Organization","@id":"https:\/\/now-news.de\/de\/#organization","name":"Just Now News","url":"https:\/\/now-news.de\/de\/","logo":{"@type":"ImageObject","inLanguage":"de","@id":"https:\/\/now-news.de\/de\/#\/schema\/logo\/image\/","url":"http:\/\/just-now.news\/de\/wp-content\/uploads\/sites\/3\/2022\/04\/logo500x500.jpg","contentUrl":"http:\/\/just-now.news\/de\/wp-content\/uploads\/sites\/3\/2022\/04\/logo500x500.jpg","width":500,"height":500,"caption":"Just Now News"},"image":{"@id":"https:\/\/now-news.de\/de\/#\/schema\/logo\/image\/"},"sameAs":["https:\/\/www.facebook.com\/wirmachenauf","https:\/\/x.com\/WirMachenAuf_de"]},{"@type":"Person","@id":"https:\/\/now-news.de\/de\/#\/schema\/person\/fb534a4e865501d8b3285208df34a9b5","name":"rtnews","image":{"@type":"ImageObject","inLanguage":"de","@id":"https:\/\/now-news.de\/de\/#\/schema\/person\/image\/","url":"https:\/\/secure.gravatar.com\/avatar\/82aafea7d8127119dd649515f56e2117?s=96&d=mm&r=g","contentUrl":"https:\/\/secure.gravatar.com\/avatar\/82aafea7d8127119dd649515f56e2117?s=96&d=mm&r=g","caption":"rtnews"},"url":"https:\/\/now-news.de\/de\/author\/rnews\/"}]}},"_links":{"self":[{"href":"https:\/\/now-news.de\/de\/wp-json\/wp\/v2\/posts\/18386"}],"collection":[{"href":"https:\/\/now-news.de\/de\/wp-json\/wp\/v2\/posts"}],"about":[{"href":"https:\/\/now-news.de\/de\/wp-json\/wp\/v2\/types\/post"}],"author":[{"embeddable":true,"href":"https:\/\/now-news.de\/de\/wp-json\/wp\/v2\/users\/3"}],"replies":[{"embeddable":true,"href":"https:\/\/now-news.de\/de\/wp-json\/wp\/v2\/comments?post=18386"}],"version-history":[{"count":0,"href":"https:\/\/now-news.de\/de\/wp-json\/wp\/v2\/posts\/18386\/revisions"}],"wp:featuredmedia":[{"embeddable":true,"href":"https:\/\/now-news.de\/de\/wp-json\/wp\/v2\/media\/18387"}],"wp:attachment":[{"href":"https:\/\/now-news.de\/de\/wp-json\/wp\/v2\/media?parent=18386"}],"wp:term":[{"taxonomy":"category","embeddable":true,"href":"https:\/\/now-news.de\/de\/wp-json\/wp\/v2\/categories?post=18386"},{"taxonomy":"post_tag","embeddable":true,"href":"https:\/\/now-news.de\/de\/wp-json\/wp\/v2\/tags?post=18386"}],"curies":[{"name":"wp","href":"https:\/\/api.w.org\/{rel}","templated":true}]}}