{"id":18363,"date":"2022-09-04T10:09:10","date_gmt":"2022-09-04T08:09:10","guid":{"rendered":"http:\/\/just-now.news\/de\/deutschland\/lauterbachs-widerspruchs-inzidenz-er-weiss-dass-er-nichts-genaues-weiss\/"},"modified":"2022-09-04T10:09:10","modified_gmt":"2022-09-04T08:09:10","slug":"lauterbachs-widerspruchs-inzidenz-er-weiss-dass-er-nichts-genaues-weiss","status":"publish","type":"post","link":"https:\/\/now-news.de\/de\/deutschland\/lauterbachs-widerspruchs-inzidenz-er-weiss-dass-er-nichts-genaues-weiss\/","title":{"rendered":"Lauterbachs Widerspruchs-Inzidenz: Er wei\u00df, dass er nichts Genaues wei\u00df"},"content":{"rendered":"<p><img decoding=\"async\" src=\"http:\/\/just-now.news\/de\/wp-content\/uploads\/sites\/3\/2022\/09\/6314591e48fbef0ea9685edc.jpg\" \/><\/p>\n<div class=\"Text-root Text-type_1 \">\n                Karl Lauterbach darf auch weiterhin ann\u00e4hernd ungest\u00f6rt und unwidersprochen widerspr\u00fcchliche Thesen und Mutma\u00dfungen \u00fcber Interviews in Zeitungen oder Talkshows kundtun. Seine inhaltlichen Darlegungen variieren \u2013 bis zu nachweislichen Widerspr\u00fcchen.\n            <\/div>\n<p><\/p>\n<div class=\"Text-root Text-type_5 ArticleView-text ViewText-root \">\n<p><em>Von Bernhard Loyen<\/em><\/p>\n<p>In der Epidemiologie und medizinischen Statistik bezeichnet der Begriff <a rel=\"nofollow noopener\" target=\"_blank\" href=\"https:\/\/derma.plus\/definition\/inzidenz\/\">Inzidenz<\/a> die H\u00e4ufigkeit von Ereignissen, insbesondere neu auftretender Krankheitsf\u00e4lle. Betrachtet man die zur\u00fcckliegenden Monate, kann man daher in der Analyse der regelm\u00e4\u00dfigen \u00c4u\u00dferungen eines Karl Lauterbach etwas \u00fcberspitzt auch von einer sehr speziellen, ihm eigenen inhaltlichen Widerspruchs-Inzidenz sprechen.<\/p>\n<p>J\u00fcngste Beispiele betreffen Ereignisse rund um seine Coronainfektion und die widerspr\u00fcchliche individuelle Auslegung und Eigendefinition damit verbundener Quarant\u00e4neregelungen f\u00fcr Genesene. Bei seinem letzten <a rel=\"nofollow noopener\" target=\"_blank\" href=\"https:\/\/www.zdf.de\/gesellschaft\/markus-lanz\">Auftritt<\/a> in der <em>ZDF<\/em>-Talksendung <em>Markus Lanz<\/em> fragte der Moderator seinen Gast, warum der Minister f\u00fcr aufmerksame Au\u00dfenstehende\u00a0auff\u00e4llig oft im Rahmen von Mitteilungen oder Interviews\u00a0ihm nicht zustehende Werbung f\u00fcr das Pfizer-Medikament Paxlovid formuliere.\u00a0<\/p>\n<p>Das folgende Video ist nicht nur ein Kandidat f\u00fcr das stetig wachsende Corona-Archiv, sondern ein wunderbares Beispiel f\u00fcr Lauterbachs Widerspruchs-Inzidenz. Auf die Frage von Lanz: &#8220;Sie machen neuerdings st\u00e4ndig Werbung f\u00fcr Paxlovid, f\u00e4llt mir auf. Warum ist das so?&#8221;, antwortete Karl Lauterbach:<\/p>\n<blockquote>\n<p><em>&#8220;Ich mache da keine Werbung, &#8230;&#8221;<\/em><\/p>\n<\/blockquote>\n<div class=\"EmbedBlock-root EmbedBlock-twitter\">\n<div class=\"TwitterEmbed\">\n<blockquote class=\"twitter-tweet lazyload\" data-twitter=\"twitter-tweet\">\n<p lang=\"en\" dir=\"ltr\">Paxlovid\u2122\ufe0f- brought to you by <a rel=\"nofollow noopener\" target=\"_blank\" href=\"https:\/\/twitter.com\/Karl_Lauterbach?ref_src=twsrc%5Etfw\">@Karl_Lauterbach<\/a> and Pfizer\u2122\ufe0f! <a rel=\"nofollow noopener\" target=\"_blank\" href=\"https:\/\/t.co\/b3QevsgvlI\">pic.twitter.com\/b3QevsgvlI<\/a><\/p>\n<p>\u2014 TheRealTom\u2122 \u270a (@tomdabassman) <a rel=\"nofollow noopener\" target=\"_blank\" href=\"https:\/\/twitter.com\/tomdabassman\/status\/1565467240421625857?ref_src=twsrc%5Etfw\">September 1, 2022<\/a><\/p><\/blockquote>\n<\/div>\n<\/div>\n<p>Ein <em>Welt<\/em>&#8211;<a rel=\"nofollow noopener\" target=\"_blank\" href=\"https:\/\/www.welt.de\/politik\/deutschland\/plus240418325\/Paxlovid-Junges-wenig-erprobtes-Medikament-und-es-ist-umstritten.html\">Artikel<\/a>\u00a0beschreibt die Realit\u00e4t mit der Feststellung: &#8220;Lauterbachs \u00c4rger mit Paxlovid \u2013 Der Gesundheitsminister wirbt massiv f\u00fcr die Arznei Paxlovid. Das Mittel ist umstritten, es bleibt in den Regalen liegen. Um das zu \u00e4ndern, will er mit einer alten Regel im Arzneimittelrecht brechen und macht Reklame im Selbstversuch.&#8221;\u00a0Nach <a rel=\"nofollow noopener\" target=\"_blank\" href=\"https:\/\/www.n-tv.de\/panorama\/Corona-Medikament-Paxlovid-Hunderttausende-Packungen-vor-der-Vernichtung-article23525451.html\">Angaben<\/a> von Gesundheitsstaatssekret\u00e4r Edgar Franke im August wurden von den von Lauterbach bestellten eine Million Packungen Paxlovid bisher lediglich 460.000 St\u00fcck an den Gro\u00dfhandel ausgeliefert, und nach Sch\u00e4tzungen erst rund 30.000 davon verschrieben. 280.000 Einheiten sollen bis Februar 2023 ihr Verfalldatum erreicht haben.<\/p>\n<p>Am 1. September <a rel=\"nofollow noopener\" target=\"_blank\" href=\"https:\/\/twitter.com\/Karl_Lauterbach\/status\/1565326077056139265\">informierte<\/a> Lauterbach euphorisch auf seinem parallelen Lieblings-Informations-Portal Twitter: &#8220;Quantensprung im Kampf gegen die Pandemie. Endlich gibt es auch Impfstoffe gegen Omikron Varianten. Damit ist ein deutlich besserer Schutz f\u00fcr den Herbst zu erwarten.&#8221; Woher wei\u00df er das? Zudem formulierte er in ihm bekannter Art bewusst in M\u00f6glichkeiten \u2013 ein besserer Schutz sei &#8220;zu erwarten&#8221;. Wie so oft, wei\u00df der Minister sehr genau, dass auch er aufgrund wissenschaftlicher Realdaten mit Aus- und Zusagen vorsichtiger agieren sollte. Ein themenbezogenes <a rel=\"nofollow noopener\" target=\"_blank\" href=\"https:\/\/www.daserste.de\/information\/politik-weltgeschehen\/morgenmagazin\/politik\/Karl-Lauterbach-138.html\">Interview<\/a> mit dem <em>ARD<\/em>&#8211;<em>Morgenmagazin<\/em> kann als ein weiteres Musterbeispiel einer drohenden Widerspruchs-Inzidenz betrachtet werden. Lauterbach <a rel=\"nofollow noopener\" target=\"_blank\" href=\"https:\/\/twitter.com\/SHomburg\/status\/1565349661916798987\">w\u00f6rtlich<\/a>:<\/p>\n<blockquote>\n<p><em>&#8220;Wir haben jetzt Impfstoffe, die eigentlich gegen jede bisher bekannte Variante sch\u00fctzen werden. Diesen neue Impfstoffe werden mit gro\u00dfer Wahrscheinlichkeit auch gegen die Ansteckung sch\u00fctzen. Der jetzige Impfstoff hat das ja nicht mehr geschafft, weil diese Omikron-Varianten (&#8230;), die sind hier nicht abgedeckt. Aber der neue Impfstoff deckt eben diese Omikron-Varianten ab, somit rechnen wir da auch wieder mit Schutz vor Ansteckung.&#8221;<\/em><\/p>\n<\/blockquote>\n<p>&#8220;Mit gro\u00dfer Wahrscheinlichkeit&#8221; bedeutet, er wei\u00df es nicht genau. Kann er auch nicht. Der Statistiker Prof.\u00a0Stefan Homburg begleitet mit Argusaugen kritisch kommentierend auf Twitter die schriftliche Informationsflut eines Minister Lauterbach. Auch ihm fiel die aktuelle Widerspruchs-Inzidenz auf. Homburg <a rel=\"nofollow noopener\" target=\"_blank\" href=\"https:\/\/twitter.com\/SHomburg\/status\/1565602622190624768\">bemerkte<\/a>:<\/p>\n<blockquote>\n<p><em>&#8220;Lauterbach folgert &#8220;Schutz vor Ansteckung&#8221;, obwohl die EMA-Zulassung ausschlie\u00dflich auf Antik\u00f6rpermessungen beruht. Vor ein paar Wochen hatten Lauterbach und Impfluenzerin Eckerle noch das exakte Gegenteil vertreten. Realsatire!&#8221;<\/em><\/p>\n<\/blockquote>\n<p>Lauterbach schrieb am 19. Juli:<\/p>\n<blockquote>\n<p><em>&#8220;Viele hoffen, dass eine Studie, die zeigen w\u00fcrde, in Deutschland h\u00e4tten schon sehr viele Antik\u00f6rper, das Ende der Pandemie bedeute. Das ist aber falsch, da der Antik\u00f6rpernachweis kein Beweis ist, dass man vor einer Infektion gesch\u00fctzt ist. Selbst t\u00f6dliche Verl\u00e4ufe sind dann m\u00f6glich.&#8221;<\/em><\/p>\n<\/blockquote>\n<div class=\"EmbedBlock-root EmbedBlock-twitter\">\n<div class=\"TwitterEmbed\">\n<blockquote class=\"twitter-tweet lazyload\" data-twitter=\"twitter-tweet\">\n<p lang=\"de\" dir=\"ltr\">Viele hoffen, dass eine Studie, die zeigen w\u00fcrde, in Deutschland h\u00e4tten schon sehr viele Antik\u00f6rper, das Ende der Pandemie bedeute. Das ist aber falsch, da Antik\u00f6rpernachweis kein Beweis ist, dass man vor einer Infektion gesch\u00fctzt ist. Selbst t\u00f6dliche Verl\u00e4ufe sind dann m\u00f6glich <a rel=\"nofollow noopener\" target=\"_blank\" href=\"https:\/\/t.co\/lyHCMDe1sh\">https:\/\/t.co\/lyHCMDe1sh<\/a><\/p>\n<p>\u2014 Prof. Karl Lauterbach (@Karl_Lauterbach) <a rel=\"nofollow noopener\" target=\"_blank\" href=\"https:\/\/twitter.com\/Karl_Lauterbach\/status\/1549300857879109634?ref_src=twsrc%5Etfw\">July 19, 2022<\/a><\/p><\/blockquote>\n<\/div>\n<\/div>\n<p>Die Virologin Isabella Eckerle, nicht gerade bekannt als Ma\u00dfnahmenkritikerin, best\u00e4rkte den Minister in seiner Wahrnehmung und antwortete auf Twitter: &#8220;Ich bin prinzipiell der Meinung, dass es besser w\u00e4re, wenn man Daten erst auswertet und dann kommuniziert. Sonst entsteht hier ja der Eindruck, ein Antik\u00f6rper-Nachweis w\u00e4re mit Schutz vor Infektion gleichzusetzen. Das w\u00e4re ja aber falsch.&#8221; Homburgs Hinweis bezieht sich auf eine Mittelung der Europ\u00e4ische Arzneimittel-Agentur (EMA).<\/p>\n<p>In einer aktuellen <a rel=\"nofollow noopener\" target=\"_blank\" href=\"https:\/\/www.ema.europa.eu\/en\/news\/first-adapted-covid-19-booster-vaccines-recommended-approval-eu\">Mitteilung<\/a> zu der j\u00fcngsten Zulassung von ersten angepassten COVID-19-Auffrischungsimpfstoffen in der EU hei\u00dft es zu der Stellungnahme des\u00a0Ausschusses f\u00fcr Humanarzneimittel (CHMP), zugeh\u00f6rig zur EMA, zum Thema Wirksamkeitsstudien aus Untersuchungsdaten:<\/p>\n<blockquote>\n<p><em>&#8220;Die Stellungnahme des CHMP zu Comirnaty Original\/Omicron BA.1 st\u00fctzt sich auf 2 Studien (&#8230;)\u00a0Eine Studie (mit 300 Probanden) an Erwachsenen \u00fcber 55 Jahren (&#8230;) ergab,\u00a0dass die Immunreaktion auf die Subvariante Omicron BA.1 nach einer zweiten Auffrischungsimpfung mit Comirnaty Original\/Omicron BA.1 h\u00f6her war als nach einer zweiten Dosis des urspr\u00fcnglichen Comirnaty-Impfstoffs (gemessen an der Menge der Antik\u00f6rper gegen Omicron BA.1).&#8221;<\/em><\/p>\n<\/blockquote>\n<p>Lauterbach <a rel=\"nofollow noopener\" target=\"_blank\" href=\"https:\/\/twitter.com\/BMG_Bund\/status\/1565345716846731271\">bezeichnete<\/a> die Ergebnisse der Antik\u00f6rperstudie und die daraus resultierende Zulassung des BA.1-Impfstoffs, als einen &#8220;Quantensprung im Kampf gegen die Pandemie&#8221;. Kritiker und aufmerksame B\u00fcrger erkennen einmal mehr eine erneute voreilige Wertung des Bundesgesundheitsministers, der auch diesem Falle sehr genau wei\u00df, dass er nichts genaues wei\u00df, wissen kann. Der\u00a0Generalsekret\u00e4r der Deutschen Gesellschaft f\u00fcr Immunologie, Carsten Watzl, teilte der <em>dpa<\/em>\u00a0zum Thema\u00a0Wirkungsgrad und Effektivit\u00e4t aufschlussreiche Details mit, die auch Lauterbach bekannt sein sollten. So hei\u00dft es:<\/p>\n<blockquote>\n<p><em>&#8220;Es l\u00e4gen klinische Daten vor, das Pr\u00e4parat sei an mehreren Hundert Probanden getestet worden. Die Antik\u00f6rperreaktionen seien mit einer Kontrollgruppe verglichen worden, die ein viertes Mal den bisherigen Impfstoff bekommen hatte. Gesehen hat man bei den Menschen mit dem angepassten Impfstoff deutlich mehr Antik\u00f6rper gegen die Omikron-Variante.<\/em><\/p>\n<p><em>Prozentangaben zur Effektivit\u00e4t, wie es sie f\u00fcr die ersten Covid-19-Vakzine gegeben hatte, wurden nun nicht erhoben. Daten zum tats\u00e4chlichen Schutz vor symptomatischer Infektion, schwerer Erkrankung und Tod sind erst aus der Anwendung zu erwarten. Angestrebt wird ein besserer Schutz vor Omikron &#8211; und hierbei vor allem vor der Erkrankung, denn ein Schutz vor der Infektion werde nach der Impfung wieder nur vor\u00fcbergehend bestehen.&#8221;<\/em><\/p>\n<\/blockquote>\n<p>Daten zum tats\u00e4chlichen Schutz\u00a0sind also erst &#8220;aus der Anwendung zu erwarten&#8221;.\u00a0Lauterbach <a rel=\"nofollow noopener\" target=\"_blank\" href=\"https:\/\/twitter.com\/Karl_Lauterbach\/status\/1565326077056139265\">twitterte<\/a> am 1. September demgegen\u00fcber, dass &#8220;ein deutlich besserer Schutz f\u00fcr den Herbst zu erwarten ist&#8221;. Zum Thema Abschlussdaten- und Einsch\u00e4tzungen aus Antik\u00f6rpernachweisen hie\u00df es doch gleich: &#8220;Das ist aber falsch, da Antik\u00f6rpernachweis kein Beweis ist, dass man vor einer Infektion gesch\u00fctzt ist. Selbst t\u00f6dliche Verl\u00e4ufe sind dann m\u00f6glich.&#8221; Lauterbach, der Konjunktiv-K\u00f6nig, der bald nackt dastehen k\u00f6nnte?<\/p>\n<p>All das zeigt Beispiele einer vorliegenden und bedenklichen Widerspruchs-Inzidenz des\u00a0Bundesministers f\u00fcr Gesundheit im Kabinett Scholz. Aufmerksame B\u00fcrger k\u00f6nnen auf diese f\u00fcr jeden erkennbaren offensichtlichen Widerspr\u00fcchlichkeiten nur hinweisen. Notwendige politische Konsequenzen sollten durch zust\u00e4ndige Entscheider in Berlin zum Wohle der B\u00fcrger zeitnah initiiert und getroffen werden.<\/p>\n<p><strong>Mehr zum Thema \u2013 <\/strong><a rel=\"nofollow noopener\" target=\"_blank\" href=\"https:\/\/test.rtde.tech\/meinung\/147507-maskenpflicht-nach-lust-und-laune\/\">Maskenpflicht nach Lust und Laune \u2013 Zumindest f\u00fcr die M\u00e4chtigen im Land<\/a><\/p>\n<\/p>\n<\/p>\n<\/div>\n<p><script async src=\"https:\/\/platform.twitter.com\/widgets.js\" charset=\"utf-8\"><\/script><br \/>\n<br \/><br \/>\n<br \/><a href=\"https:\/\/de.rt.com\/meinung\/147806-lauterbachs-widerspruchs-inzidenz-er-weiss\/\">Source link <\/a><\/p>\n","protected":false},"excerpt":{"rendered":"<p>Karl Lauterbach darf auch weiterhin ann\u00e4hernd ungest\u00f6rt und unwidersprochen widerspr\u00fcchliche Thesen und Mutma\u00dfungen \u00fcber Interviews in Zeitungen oder Talkshows kundtun. Seine inhaltlichen Darlegungen variieren \u2013 bis zu nachweislichen Widerspr\u00fcchen. Von Bernhard Loyen In der Epidemiologie und medizinischen Statistik bezeichnet der Begriff Inzidenz die H\u00e4ufigkeit von Ereignissen, insbesondere neu auftretender Krankheitsf\u00e4lle. Betrachtet man die zur\u00fcckliegenden Monate, [&hellip;]<\/p>\n","protected":false},"author":3,"featured_media":18364,"comment_status":"open","ping_status":"open","sticky":false,"template":"","format":"standard","meta":{"wp_automatic_camp":["217"],"f04ee9a43521c26b481e1a06006632ca":["Lauterbachs Widerspruchs-Inzidenz: Er wei\u00df, dass er nichts Genaues wei\u00df"],"original_link":["https:\/\/de.rt.com\/meinung\/147806-lauterbachs-widerspruchs-inzidenz-er-weiss\/"],"_thumbnail_id":["18364"],"_wptg_p2tg_sent2tg":["2022-09-04 10:16:43"],"jnews_social_counter_last_update":["1777182502"]},"categories":[19,23],"tags":[42,32244,23418,3095,20543,32243],"yoast_head":"<!-- This site is optimized with the Yoast SEO Premium plugin v22.7 (Yoast SEO v22.7) - https:\/\/yoast.com\/wordpress\/plugins\/seo\/ -->\n<title>Lauterbachs Widerspruchs-Inzidenz: Er wei\u00df, dass er nichts Genaues wei\u00df - just-now.NEWS Deutschland<\/title>\n<meta name=\"robots\" content=\"index, follow, max-snippet:-1, max-image-preview:large, max-video-preview:-1\" \/>\n<link rel=\"canonical\" href=\"https:\/\/now-news.de\/de\/deutschland\/lauterbachs-widerspruchs-inzidenz-er-weiss-dass-er-nichts-genaues-weiss\/\" \/>\n<meta property=\"og:locale\" content=\"de_DE\" \/>\n<meta property=\"og:type\" content=\"article\" \/>\n<meta property=\"og:title\" content=\"Lauterbachs Widerspruchs-Inzidenz: Er wei\u00df, dass er nichts Genaues wei\u00df\" \/>\n<meta property=\"og:description\" content=\"Karl Lauterbach darf auch weiterhin ann\u00e4hernd ungest\u00f6rt und unwidersprochen widerspr\u00fcchliche Thesen und Mutma\u00dfungen \u00fcber Interviews in Zeitungen oder Talkshows kundtun. Seine inhaltlichen Darlegungen variieren \u2013 bis zu nachweislichen Widerspr\u00fcchen. Von Bernhard Loyen In der Epidemiologie und medizinischen Statistik bezeichnet der Begriff Inzidenz die H\u00e4ufigkeit von Ereignissen, insbesondere neu auftretender Krankheitsf\u00e4lle. Betrachtet man die zur\u00fcckliegenden Monate, [&hellip;]\" \/>\n<meta property=\"og:url\" content=\"https:\/\/now-news.de\/de\/deutschland\/lauterbachs-widerspruchs-inzidenz-er-weiss-dass-er-nichts-genaues-weiss\/\" \/>\n<meta property=\"og:site_name\" content=\"just-now.NEWS Deutschland\" \/>\n<meta property=\"article:publisher\" content=\"https:\/\/www.facebook.com\/wirmachenauf\" \/>\n<meta property=\"article:published_time\" content=\"2022-09-04T08:09:10+00:00\" \/>\n<meta property=\"og:image\" content=\"https:\/\/now-news.de\/de\/wp-content\/uploads\/sites\/3\/2022\/09\/Lauterbachs-Widerspruchs-Inzidenz-Er-weiss-dass-er-nichts-Genaues-weiss.jpg\" \/>\n\t<meta property=\"og:image:width\" content=\"460\" \/>\n\t<meta property=\"og:image:height\" content=\"259\" \/>\n\t<meta property=\"og:image:type\" content=\"image\/jpeg\" \/>\n<meta name=\"author\" content=\"rtnews\" \/>\n<meta name=\"twitter:card\" content=\"summary_large_image\" \/>\n<meta name=\"twitter:creator\" content=\"@WirMachenAuf_de\" \/>\n<meta name=\"twitter:site\" content=\"@WirMachenAuf_de\" \/>\n<meta name=\"twitter:label1\" content=\"Verfasst von\" \/>\n\t<meta name=\"twitter:data1\" content=\"rtnews\" \/>\n\t<meta name=\"twitter:label2\" content=\"Gesch\u00e4tzte Lesezeit\" \/>\n\t<meta name=\"twitter:data2\" content=\"6\u00a0Minuten\" \/>\n<script type=\"application\/ld+json\" class=\"yoast-schema-graph\">{\"@context\":\"https:\/\/schema.org\",\"@graph\":[{\"@type\":\"Article\",\"@id\":\"https:\/\/now-news.de\/de\/deutschland\/lauterbachs-widerspruchs-inzidenz-er-weiss-dass-er-nichts-genaues-weiss\/#article\",\"isPartOf\":{\"@id\":\"https:\/\/now-news.de\/de\/deutschland\/lauterbachs-widerspruchs-inzidenz-er-weiss-dass-er-nichts-genaues-weiss\/\"},\"author\":{\"name\":\"rtnews\",\"@id\":\"https:\/\/now-news.de\/de\/#\/schema\/person\/fb534a4e865501d8b3285208df34a9b5\"},\"headline\":\"Lauterbachs Widerspruchs-Inzidenz: Er wei\u00df, dass er nichts Genaues wei\u00df\",\"datePublished\":\"2022-09-04T08:09:10+00:00\",\"dateModified\":\"2022-09-04T08:09:10+00:00\",\"mainEntityOfPage\":{\"@id\":\"https:\/\/now-news.de\/de\/deutschland\/lauterbachs-widerspruchs-inzidenz-er-weiss-dass-er-nichts-genaues-weiss\/\"},\"wordCount\":1202,\"commentCount\":0,\"publisher\":{\"@id\":\"https:\/\/now-news.de\/de\/#organization\"},\"image\":{\"@id\":\"https:\/\/now-news.de\/de\/deutschland\/lauterbachs-widerspruchs-inzidenz-er-weiss-dass-er-nichts-genaues-weiss\/#primaryimage\"},\"thumbnailUrl\":\"https:\/\/now-news.de\/de\/wp-content\/uploads\/sites\/3\/2022\/09\/Lauterbachs-Widerspruchs-Inzidenz-Er-weiss-dass-er-nichts-Genaues-weiss.jpg\",\"keywords\":[\"dass\",\"Genaues\",\"Lauterbachs\",\"Nichts\",\"wei\u00df\",\"WiderspruchsInzidenz\"],\"articleSection\":[\"Deutschland\",\"Russland\"],\"inLanguage\":\"de\",\"potentialAction\":[{\"@type\":\"CommentAction\",\"name\":\"Comment\",\"target\":[\"https:\/\/now-news.de\/de\/deutschland\/lauterbachs-widerspruchs-inzidenz-er-weiss-dass-er-nichts-genaues-weiss\/#respond\"]}]},{\"@type\":\"WebPage\",\"@id\":\"https:\/\/now-news.de\/de\/deutschland\/lauterbachs-widerspruchs-inzidenz-er-weiss-dass-er-nichts-genaues-weiss\/\",\"url\":\"https:\/\/now-news.de\/de\/deutschland\/lauterbachs-widerspruchs-inzidenz-er-weiss-dass-er-nichts-genaues-weiss\/\",\"name\":\"Lauterbachs Widerspruchs-Inzidenz: Er wei\u00df, dass er nichts Genaues wei\u00df - just-now.NEWS Deutschland\",\"isPartOf\":{\"@id\":\"https:\/\/now-news.de\/de\/#website\"},\"primaryImageOfPage\":{\"@id\":\"https:\/\/now-news.de\/de\/deutschland\/lauterbachs-widerspruchs-inzidenz-er-weiss-dass-er-nichts-genaues-weiss\/#primaryimage\"},\"image\":{\"@id\":\"https:\/\/now-news.de\/de\/deutschland\/lauterbachs-widerspruchs-inzidenz-er-weiss-dass-er-nichts-genaues-weiss\/#primaryimage\"},\"thumbnailUrl\":\"https:\/\/now-news.de\/de\/wp-content\/uploads\/sites\/3\/2022\/09\/Lauterbachs-Widerspruchs-Inzidenz-Er-weiss-dass-er-nichts-Genaues-weiss.jpg\",\"datePublished\":\"2022-09-04T08:09:10+00:00\",\"dateModified\":\"2022-09-04T08:09:10+00:00\",\"breadcrumb\":{\"@id\":\"https:\/\/now-news.de\/de\/deutschland\/lauterbachs-widerspruchs-inzidenz-er-weiss-dass-er-nichts-genaues-weiss\/#breadcrumb\"},\"inLanguage\":\"de\",\"potentialAction\":[{\"@type\":\"ReadAction\",\"target\":[\"https:\/\/now-news.de\/de\/deutschland\/lauterbachs-widerspruchs-inzidenz-er-weiss-dass-er-nichts-genaues-weiss\/\"]}]},{\"@type\":\"ImageObject\",\"inLanguage\":\"de\",\"@id\":\"https:\/\/now-news.de\/de\/deutschland\/lauterbachs-widerspruchs-inzidenz-er-weiss-dass-er-nichts-genaues-weiss\/#primaryimage\",\"url\":\"https:\/\/now-news.de\/de\/wp-content\/uploads\/sites\/3\/2022\/09\/Lauterbachs-Widerspruchs-Inzidenz-Er-weiss-dass-er-nichts-Genaues-weiss.jpg\",\"contentUrl\":\"https:\/\/now-news.de\/de\/wp-content\/uploads\/sites\/3\/2022\/09\/Lauterbachs-Widerspruchs-Inzidenz-Er-weiss-dass-er-nichts-Genaues-weiss.jpg\",\"width\":460,\"height\":259,\"caption\":\"Lauterbachs Widerspruchs-Inzidenz: Er wei\u00df, dass er nichts Genaues wei\u00df\"},{\"@type\":\"BreadcrumbList\",\"@id\":\"https:\/\/now-news.de\/de\/deutschland\/lauterbachs-widerspruchs-inzidenz-er-weiss-dass-er-nichts-genaues-weiss\/#breadcrumb\",\"itemListElement\":[{\"@type\":\"ListItem\",\"position\":1,\"name\":\"Home\",\"item\":\"https:\/\/now-news.de\/de\/\"},{\"@type\":\"ListItem\",\"position\":2,\"name\":\"Lauterbachs Widerspruchs-Inzidenz: Er wei\u00df, dass er nichts Genaues wei\u00df\"}]},{\"@type\":\"WebSite\",\"@id\":\"https:\/\/now-news.de\/de\/#website\",\"url\":\"https:\/\/now-news.de\/de\/\",\"name\":\"just-now.NEWS Deutschland\",\"description\":\"Das Portal f\u00fcr unzensierte Nachrichten aus der Welt\",\"publisher\":{\"@id\":\"https:\/\/now-news.de\/de\/#organization\"},\"potentialAction\":[{\"@type\":\"SearchAction\",\"target\":{\"@type\":\"EntryPoint\",\"urlTemplate\":\"https:\/\/now-news.de\/de\/?s={search_term_string}\"},\"query-input\":\"required name=search_term_string\"}],\"inLanguage\":\"de\"},{\"@type\":\"Organization\",\"@id\":\"https:\/\/now-news.de\/de\/#organization\",\"name\":\"Just Now News\",\"url\":\"https:\/\/now-news.de\/de\/\",\"logo\":{\"@type\":\"ImageObject\",\"inLanguage\":\"de\",\"@id\":\"https:\/\/now-news.de\/de\/#\/schema\/logo\/image\/\",\"url\":\"http:\/\/just-now.news\/de\/wp-content\/uploads\/sites\/3\/2022\/04\/logo500x500.jpg\",\"contentUrl\":\"http:\/\/just-now.news\/de\/wp-content\/uploads\/sites\/3\/2022\/04\/logo500x500.jpg\",\"width\":500,\"height\":500,\"caption\":\"Just Now News\"},\"image\":{\"@id\":\"https:\/\/now-news.de\/de\/#\/schema\/logo\/image\/\"},\"sameAs\":[\"https:\/\/www.facebook.com\/wirmachenauf\",\"https:\/\/x.com\/WirMachenAuf_de\"]},{\"@type\":\"Person\",\"@id\":\"https:\/\/now-news.de\/de\/#\/schema\/person\/fb534a4e865501d8b3285208df34a9b5\",\"name\":\"rtnews\",\"image\":{\"@type\":\"ImageObject\",\"inLanguage\":\"de\",\"@id\":\"https:\/\/now-news.de\/de\/#\/schema\/person\/image\/\",\"url\":\"https:\/\/secure.gravatar.com\/avatar\/82aafea7d8127119dd649515f56e2117?s=96&d=mm&r=g\",\"contentUrl\":\"https:\/\/secure.gravatar.com\/avatar\/82aafea7d8127119dd649515f56e2117?s=96&d=mm&r=g\",\"caption\":\"rtnews\"},\"url\":\"https:\/\/now-news.de\/de\/author\/rnews\/\"}]}<\/script>\n<!-- \/ Yoast SEO Premium plugin. -->","yoast_head_json":{"title":"Lauterbachs Widerspruchs-Inzidenz: Er wei\u00df, dass er nichts Genaues wei\u00df - just-now.NEWS Deutschland","robots":{"index":"index","follow":"follow","max-snippet":"max-snippet:-1","max-image-preview":"max-image-preview:large","max-video-preview":"max-video-preview:-1"},"canonical":"https:\/\/now-news.de\/de\/deutschland\/lauterbachs-widerspruchs-inzidenz-er-weiss-dass-er-nichts-genaues-weiss\/","og_locale":"de_DE","og_type":"article","og_title":"Lauterbachs Widerspruchs-Inzidenz: Er wei\u00df, dass er nichts Genaues wei\u00df","og_description":"Karl Lauterbach darf auch weiterhin ann\u00e4hernd ungest\u00f6rt und unwidersprochen widerspr\u00fcchliche Thesen und Mutma\u00dfungen \u00fcber Interviews in Zeitungen oder Talkshows kundtun. Seine inhaltlichen Darlegungen variieren \u2013 bis zu nachweislichen Widerspr\u00fcchen. Von Bernhard Loyen In der Epidemiologie und medizinischen Statistik bezeichnet der Begriff Inzidenz die H\u00e4ufigkeit von Ereignissen, insbesondere neu auftretender Krankheitsf\u00e4lle. Betrachtet man die zur\u00fcckliegenden Monate, [&hellip;]","og_url":"https:\/\/now-news.de\/de\/deutschland\/lauterbachs-widerspruchs-inzidenz-er-weiss-dass-er-nichts-genaues-weiss\/","og_site_name":"just-now.NEWS Deutschland","article_publisher":"https:\/\/www.facebook.com\/wirmachenauf","article_published_time":"2022-09-04T08:09:10+00:00","og_image":[{"width":460,"height":259,"url":"https:\/\/now-news.de\/de\/wp-content\/uploads\/sites\/3\/2022\/09\/Lauterbachs-Widerspruchs-Inzidenz-Er-weiss-dass-er-nichts-Genaues-weiss.jpg","type":"image\/jpeg"}],"author":"rtnews","twitter_card":"summary_large_image","twitter_creator":"@WirMachenAuf_de","twitter_site":"@WirMachenAuf_de","twitter_misc":{"Verfasst von":"rtnews","Gesch\u00e4tzte Lesezeit":"6\u00a0Minuten"},"schema":{"@context":"https:\/\/schema.org","@graph":[{"@type":"Article","@id":"https:\/\/now-news.de\/de\/deutschland\/lauterbachs-widerspruchs-inzidenz-er-weiss-dass-er-nichts-genaues-weiss\/#article","isPartOf":{"@id":"https:\/\/now-news.de\/de\/deutschland\/lauterbachs-widerspruchs-inzidenz-er-weiss-dass-er-nichts-genaues-weiss\/"},"author":{"name":"rtnews","@id":"https:\/\/now-news.de\/de\/#\/schema\/person\/fb534a4e865501d8b3285208df34a9b5"},"headline":"Lauterbachs Widerspruchs-Inzidenz: Er wei\u00df, dass er nichts Genaues wei\u00df","datePublished":"2022-09-04T08:09:10+00:00","dateModified":"2022-09-04T08:09:10+00:00","mainEntityOfPage":{"@id":"https:\/\/now-news.de\/de\/deutschland\/lauterbachs-widerspruchs-inzidenz-er-weiss-dass-er-nichts-genaues-weiss\/"},"wordCount":1202,"commentCount":0,"publisher":{"@id":"https:\/\/now-news.de\/de\/#organization"},"image":{"@id":"https:\/\/now-news.de\/de\/deutschland\/lauterbachs-widerspruchs-inzidenz-er-weiss-dass-er-nichts-genaues-weiss\/#primaryimage"},"thumbnailUrl":"https:\/\/now-news.de\/de\/wp-content\/uploads\/sites\/3\/2022\/09\/Lauterbachs-Widerspruchs-Inzidenz-Er-weiss-dass-er-nichts-Genaues-weiss.jpg","keywords":["dass","Genaues","Lauterbachs","Nichts","wei\u00df","WiderspruchsInzidenz"],"articleSection":["Deutschland","Russland"],"inLanguage":"de","potentialAction":[{"@type":"CommentAction","name":"Comment","target":["https:\/\/now-news.de\/de\/deutschland\/lauterbachs-widerspruchs-inzidenz-er-weiss-dass-er-nichts-genaues-weiss\/#respond"]}]},{"@type":"WebPage","@id":"https:\/\/now-news.de\/de\/deutschland\/lauterbachs-widerspruchs-inzidenz-er-weiss-dass-er-nichts-genaues-weiss\/","url":"https:\/\/now-news.de\/de\/deutschland\/lauterbachs-widerspruchs-inzidenz-er-weiss-dass-er-nichts-genaues-weiss\/","name":"Lauterbachs Widerspruchs-Inzidenz: Er wei\u00df, dass er nichts Genaues wei\u00df - just-now.NEWS Deutschland","isPartOf":{"@id":"https:\/\/now-news.de\/de\/#website"},"primaryImageOfPage":{"@id":"https:\/\/now-news.de\/de\/deutschland\/lauterbachs-widerspruchs-inzidenz-er-weiss-dass-er-nichts-genaues-weiss\/#primaryimage"},"image":{"@id":"https:\/\/now-news.de\/de\/deutschland\/lauterbachs-widerspruchs-inzidenz-er-weiss-dass-er-nichts-genaues-weiss\/#primaryimage"},"thumbnailUrl":"https:\/\/now-news.de\/de\/wp-content\/uploads\/sites\/3\/2022\/09\/Lauterbachs-Widerspruchs-Inzidenz-Er-weiss-dass-er-nichts-Genaues-weiss.jpg","datePublished":"2022-09-04T08:09:10+00:00","dateModified":"2022-09-04T08:09:10+00:00","breadcrumb":{"@id":"https:\/\/now-news.de\/de\/deutschland\/lauterbachs-widerspruchs-inzidenz-er-weiss-dass-er-nichts-genaues-weiss\/#breadcrumb"},"inLanguage":"de","potentialAction":[{"@type":"ReadAction","target":["https:\/\/now-news.de\/de\/deutschland\/lauterbachs-widerspruchs-inzidenz-er-weiss-dass-er-nichts-genaues-weiss\/"]}]},{"@type":"ImageObject","inLanguage":"de","@id":"https:\/\/now-news.de\/de\/deutschland\/lauterbachs-widerspruchs-inzidenz-er-weiss-dass-er-nichts-genaues-weiss\/#primaryimage","url":"https:\/\/now-news.de\/de\/wp-content\/uploads\/sites\/3\/2022\/09\/Lauterbachs-Widerspruchs-Inzidenz-Er-weiss-dass-er-nichts-Genaues-weiss.jpg","contentUrl":"https:\/\/now-news.de\/de\/wp-content\/uploads\/sites\/3\/2022\/09\/Lauterbachs-Widerspruchs-Inzidenz-Er-weiss-dass-er-nichts-Genaues-weiss.jpg","width":460,"height":259,"caption":"Lauterbachs Widerspruchs-Inzidenz: Er wei\u00df, dass er nichts Genaues wei\u00df"},{"@type":"BreadcrumbList","@id":"https:\/\/now-news.de\/de\/deutschland\/lauterbachs-widerspruchs-inzidenz-er-weiss-dass-er-nichts-genaues-weiss\/#breadcrumb","itemListElement":[{"@type":"ListItem","position":1,"name":"Home","item":"https:\/\/now-news.de\/de\/"},{"@type":"ListItem","position":2,"name":"Lauterbachs Widerspruchs-Inzidenz: Er wei\u00df, dass er nichts Genaues wei\u00df"}]},{"@type":"WebSite","@id":"https:\/\/now-news.de\/de\/#website","url":"https:\/\/now-news.de\/de\/","name":"just-now.NEWS Deutschland","description":"Das Portal f\u00fcr unzensierte Nachrichten aus der Welt","publisher":{"@id":"https:\/\/now-news.de\/de\/#organization"},"potentialAction":[{"@type":"SearchAction","target":{"@type":"EntryPoint","urlTemplate":"https:\/\/now-news.de\/de\/?s={search_term_string}"},"query-input":"required name=search_term_string"}],"inLanguage":"de"},{"@type":"Organization","@id":"https:\/\/now-news.de\/de\/#organization","name":"Just Now News","url":"https:\/\/now-news.de\/de\/","logo":{"@type":"ImageObject","inLanguage":"de","@id":"https:\/\/now-news.de\/de\/#\/schema\/logo\/image\/","url":"http:\/\/just-now.news\/de\/wp-content\/uploads\/sites\/3\/2022\/04\/logo500x500.jpg","contentUrl":"http:\/\/just-now.news\/de\/wp-content\/uploads\/sites\/3\/2022\/04\/logo500x500.jpg","width":500,"height":500,"caption":"Just Now News"},"image":{"@id":"https:\/\/now-news.de\/de\/#\/schema\/logo\/image\/"},"sameAs":["https:\/\/www.facebook.com\/wirmachenauf","https:\/\/x.com\/WirMachenAuf_de"]},{"@type":"Person","@id":"https:\/\/now-news.de\/de\/#\/schema\/person\/fb534a4e865501d8b3285208df34a9b5","name":"rtnews","image":{"@type":"ImageObject","inLanguage":"de","@id":"https:\/\/now-news.de\/de\/#\/schema\/person\/image\/","url":"https:\/\/secure.gravatar.com\/avatar\/82aafea7d8127119dd649515f56e2117?s=96&d=mm&r=g","contentUrl":"https:\/\/secure.gravatar.com\/avatar\/82aafea7d8127119dd649515f56e2117?s=96&d=mm&r=g","caption":"rtnews"},"url":"https:\/\/now-news.de\/de\/author\/rnews\/"}]}},"_links":{"self":[{"href":"https:\/\/now-news.de\/de\/wp-json\/wp\/v2\/posts\/18363"}],"collection":[{"href":"https:\/\/now-news.de\/de\/wp-json\/wp\/v2\/posts"}],"about":[{"href":"https:\/\/now-news.de\/de\/wp-json\/wp\/v2\/types\/post"}],"author":[{"embeddable":true,"href":"https:\/\/now-news.de\/de\/wp-json\/wp\/v2\/users\/3"}],"replies":[{"embeddable":true,"href":"https:\/\/now-news.de\/de\/wp-json\/wp\/v2\/comments?post=18363"}],"version-history":[{"count":0,"href":"https:\/\/now-news.de\/de\/wp-json\/wp\/v2\/posts\/18363\/revisions"}],"wp:featuredmedia":[{"embeddable":true,"href":"https:\/\/now-news.de\/de\/wp-json\/wp\/v2\/media\/18364"}],"wp:attachment":[{"href":"https:\/\/now-news.de\/de\/wp-json\/wp\/v2\/media?parent=18363"}],"wp:term":[{"taxonomy":"category","embeddable":true,"href":"https:\/\/now-news.de\/de\/wp-json\/wp\/v2\/categories?post=18363"},{"taxonomy":"post_tag","embeddable":true,"href":"https:\/\/now-news.de\/de\/wp-json\/wp\/v2\/tags?post=18363"}],"curies":[{"name":"wp","href":"https:\/\/api.w.org\/{rel}","templated":true}]}}