{"id":18331,"date":"2022-09-03T20:11:31","date_gmt":"2022-09-03T18:11:31","guid":{"rendered":"http:\/\/just-now.news\/de\/deutschland\/trauerfeier-fuer-gorbatschow-in-moskau-orban-und-mehrere-auslaendische-botschafter-nahmen-abschied\/"},"modified":"2022-09-03T20:11:31","modified_gmt":"2022-09-03T18:11:31","slug":"trauerfeier-fuer-gorbatschow-in-moskau-orban-und-mehrere-auslaendische-botschafter-nahmen-abschied","status":"publish","type":"post","link":"https:\/\/now-news.de\/de\/deutschland\/trauerfeier-fuer-gorbatschow-in-moskau-orban-und-mehrere-auslaendische-botschafter-nahmen-abschied\/","title":{"rendered":"Trauerfeier f\u00fcr Gorbatschow in Moskau: Orb\u00e1n und mehrere ausl\u00e4ndische Botschafter nahmen Abschied"},"content":{"rendered":"<p><img decoding=\"async\" src=\"http:\/\/just-now.news\/de\/wp-content\/uploads\/sites\/3\/2022\/09\/6313929148fbef0c561a5bcc.jpg\" \/><\/p>\n<div class=\"Text-root Text-type_1 \">\n                Michail Gorbatschow ist in Moskau beigesetzt worden. Ungarns Ministerpr\u00e4sident Viktor Orb\u00e1n war der einzige europ\u00e4ische Staatschef, der vom ehemaligen Pr\u00e4sidenten der Sowjetunion Abschied nahm. Der Trauerfeier wohnten auch einige ausl\u00e4ndische Botschafter bei.\n            <\/div>\n<p><\/p>\n<div class=\"Text-root Text-type_5 ArticleView-text ViewText-root \">\n<p>Der ungarische Ministerpr\u00e4sident Viktor Orb\u00e1n<a><\/a>hat in Moskau an der Beerdigung des ehemaligen Pr\u00e4sidenten der UdSSR Michail Gorbatschow teilgenommen. Gorbatschow verstarb am 30. August im Alter von 91 Jahren im Zentralen Klinischen Krankenhaus in Moskau. \u00a0<\/p>\n<p>Orb\u00e1n nahm am 3. September im Moskauer Haus der Gewerkschaften Abschied vom ehemaligen Staats- und Parteichef. Er legte Blumen am Sarg nieder und sprach den Hinterbliebenen sein Beileid aus. Nach Angaben des Kremls soll kein Treffen zwischen Orb\u00e1n und dem russischen Pr\u00e4sidenten Wladimir Putin geplant sein.<\/p>\n<p>Neben dem ungarischen Premierminister nahmen auch Suzanne Massie, die ehemalige Beraterin von US-Pr\u00e4sident Ronald Reagan, der US-Botschafter in Russland John Sullivan, die britische Botschafterin Deborah Bronnert, der deutsche Botschafter G\u00e9za Andreas von Geyr sowie die Botschafter Tschechiens, Finnlands, Kirgisistans und Griechenlands an der Trauerfeier teil.<\/p>\n<p>Die Zeremonie fand auf dem Prominentenfriedhof am Neujungfrauenkloster in Moskau statt. Der Sarg wurde begleitet von\u00a0Salutsch\u00fcssen und den Kl\u00e4ngen der russischen Nationalhymne ins Grab gelassen. Der Friedensnobelpreistr\u00e4ger wurde neben seiner Frau Raissa beigesetzt. Russlands Pr\u00e4sident Wladimir Putin konnte aufgrund seines Terminkalenders nicht an der Zeremonie teilnehmen, besuchte aber bereits am 1. September das Zentrale Klinische Krankenhaus, um sich dort von Gorbatschow zu verabschieden.<\/p>\n<p>Der russische Friedensnobelpreistr\u00e4ger und Journalist Dmitri Muratow hielt ein Portr\u00e4t Gorbatschows zu Ehren des Verstorbenen. Muratow ist Chefredakteur der Zeitung <em>Nowaja Gaseta<\/em>, deren Miteigent\u00fcmer Gorbatschow war. Am 21. Juni wurde Muratows\u00a0 Nobelpreismedaille bei einer Auktion in den Vereinigten Staaten f\u00fcr 103,5 Millionen US-Dollar versteigert. Der Erl\u00f6s aus der Versteigerung geht an UNICEF. Die UN-Organisation wird das Geld an L\u00e4nder verteilen, die Fl\u00fcchtlinge und Fl\u00fcchtlingskinder aus der Ukraine aufgenommen haben.<\/p>\n<p><strong>Mehr zum Thema<\/strong> &#8211; <a rel=\"nofollow noopener\" target=\"_blank\" href=\"https:\/\/kurz.rt.com\/3601\">Putin wird nicht an Trauerfeier f\u00fcr Gorbatschow teilnehmen<\/a><\/p>\n<div class=\"EmbedBlock-root EmbedBlock-externalVideo EmbedBlock-vk\">\n<div class=\"VkEmbed\"><iframe class=\"lazyload\" data-src=\"https:\/\/vk.com\/video_ext.php?oid=-134310637&amp;id=456257310&amp;hash=088add8431823a29\" frameborder=\"0\" width=\"853\" height=\"480\" allowfullscreen><\/iframe><\/div>\n<\/div>\n<\/div>\n<p><br \/>\n<br \/><a href=\"https:\/\/de.rt.com\/russland\/147924-trauerfeier-fur-gorbatschow-in-moskau\/\">Source link <\/a><\/p>\n","protected":false},"excerpt":{"rendered":"<p>Michail Gorbatschow ist in Moskau beigesetzt worden. Ungarns Ministerpr\u00e4sident Viktor Orb\u00e1n war der einzige europ\u00e4ische Staatschef, der vom ehemaligen Pr\u00e4sidenten der Sowjetunion Abschied nahm. Der Trauerfeier wohnten auch einige ausl\u00e4ndische Botschafter bei. Der ungarische Ministerpr\u00e4sident Viktor Orb\u00e1nhat in Moskau an der Beerdigung des ehemaligen Pr\u00e4sidenten der UdSSR Michail Gorbatschow teilgenommen. Gorbatschow verstarb am 30. August [&hellip;]<\/p>\n","protected":false},"author":3,"featured_media":18332,"comment_status":"open","ping_status":"open","sticky":false,"template":"","format":"standard","meta":{"wp_automatic_camp":["217"],"fc2421cf9f4ed93223fe0b125e84a7a9":["Trauerfeier f\u00fcr Gorbatschow in Moskau: Orb\u00e1n und mehrere ausl\u00e4ndische Botschafter nahmen Abschied"],"original_link":["https:\/\/de.rt.com\/russland\/147924-trauerfeier-fur-gorbatschow-in-moskau\/"],"_thumbnail_id":["18332"],"_wptg_p2tg_sent2tg":["2022-09-03 20:20:53"],"jnews_social_counter_last_update":["1777609199"]},"categories":[19,23],"tags":[21101,6371,4992,221,32017,3653,946,32217,6397,31520,140],"yoast_head":"<!-- This site is optimized with the Yoast SEO Premium plugin v22.7 (Yoast SEO v22.7) - https:\/\/yoast.com\/wordpress\/plugins\/seo\/ -->\n<title>Trauerfeier f\u00fcr Gorbatschow in Moskau: Orb\u00e1n und mehrere ausl\u00e4ndische Botschafter nahmen Abschied - just-now.NEWS Deutschland<\/title>\n<meta name=\"robots\" content=\"index, follow, max-snippet:-1, max-image-preview:large, max-video-preview:-1\" \/>\n<link rel=\"canonical\" href=\"https:\/\/now-news.de\/de\/deutschland\/trauerfeier-fuer-gorbatschow-in-moskau-orban-und-mehrere-auslaendische-botschafter-nahmen-abschied\/\" \/>\n<meta property=\"og:locale\" content=\"de_DE\" \/>\n<meta property=\"og:type\" content=\"article\" \/>\n<meta property=\"og:title\" content=\"Trauerfeier f\u00fcr Gorbatschow in Moskau: Orb\u00e1n und mehrere ausl\u00e4ndische Botschafter nahmen Abschied\" \/>\n<meta property=\"og:description\" content=\"Michail Gorbatschow ist in Moskau beigesetzt worden. Ungarns Ministerpr\u00e4sident Viktor Orb\u00e1n war der einzige europ\u00e4ische Staatschef, der vom ehemaligen Pr\u00e4sidenten der Sowjetunion Abschied nahm. Der Trauerfeier wohnten auch einige ausl\u00e4ndische Botschafter bei. Der ungarische Ministerpr\u00e4sident Viktor Orb\u00e1nhat in Moskau an der Beerdigung des ehemaligen Pr\u00e4sidenten der UdSSR Michail Gorbatschow teilgenommen. Gorbatschow verstarb am 30. August [&hellip;]\" \/>\n<meta property=\"og:url\" content=\"https:\/\/now-news.de\/de\/deutschland\/trauerfeier-fuer-gorbatschow-in-moskau-orban-und-mehrere-auslaendische-botschafter-nahmen-abschied\/\" \/>\n<meta property=\"og:site_name\" content=\"just-now.NEWS Deutschland\" \/>\n<meta property=\"article:publisher\" content=\"https:\/\/www.facebook.com\/wirmachenauf\" \/>\n<meta property=\"article:published_time\" content=\"2022-09-03T18:11:31+00:00\" \/>\n<meta property=\"og:image\" content=\"https:\/\/now-news.de\/de\/wp-content\/uploads\/sites\/3\/2022\/09\/Trauerfeier-fuer-Gorbatschow-in-Moskau-Orban-und-mehrere-auslaendische-Botschafter.jpg\" \/>\n\t<meta property=\"og:image:width\" content=\"460\" \/>\n\t<meta property=\"og:image:height\" content=\"259\" \/>\n\t<meta property=\"og:image:type\" content=\"image\/jpeg\" \/>\n<meta name=\"author\" content=\"rtnews\" \/>\n<meta name=\"twitter:card\" content=\"summary_large_image\" \/>\n<meta name=\"twitter:creator\" content=\"@WirMachenAuf_de\" \/>\n<meta name=\"twitter:site\" content=\"@WirMachenAuf_de\" \/>\n<meta name=\"twitter:label1\" content=\"Verfasst von\" \/>\n\t<meta name=\"twitter:data1\" content=\"rtnews\" \/>\n\t<meta name=\"twitter:label2\" content=\"Gesch\u00e4tzte Lesezeit\" \/>\n\t<meta name=\"twitter:data2\" content=\"2\u00a0Minuten\" \/>\n<script type=\"application\/ld+json\" class=\"yoast-schema-graph\">{\"@context\":\"https:\/\/schema.org\",\"@graph\":[{\"@type\":\"Article\",\"@id\":\"https:\/\/now-news.de\/de\/deutschland\/trauerfeier-fuer-gorbatschow-in-moskau-orban-und-mehrere-auslaendische-botschafter-nahmen-abschied\/#article\",\"isPartOf\":{\"@id\":\"https:\/\/now-news.de\/de\/deutschland\/trauerfeier-fuer-gorbatschow-in-moskau-orban-und-mehrere-auslaendische-botschafter-nahmen-abschied\/\"},\"author\":{\"name\":\"rtnews\",\"@id\":\"https:\/\/now-news.de\/de\/#\/schema\/person\/fb534a4e865501d8b3285208df34a9b5\"},\"headline\":\"Trauerfeier f\u00fcr Gorbatschow in Moskau: Orb\u00e1n und mehrere ausl\u00e4ndische Botschafter nahmen Abschied\",\"datePublished\":\"2022-09-03T18:11:31+00:00\",\"dateModified\":\"2022-09-03T18:11:31+00:00\",\"mainEntityOfPage\":{\"@id\":\"https:\/\/now-news.de\/de\/deutschland\/trauerfeier-fuer-gorbatschow-in-moskau-orban-und-mehrere-auslaendische-botschafter-nahmen-abschied\/\"},\"wordCount\":341,\"commentCount\":0,\"publisher\":{\"@id\":\"https:\/\/now-news.de\/de\/#organization\"},\"image\":{\"@id\":\"https:\/\/now-news.de\/de\/deutschland\/trauerfeier-fuer-gorbatschow-in-moskau-orban-und-mehrere-auslaendische-botschafter-nahmen-abschied\/#primaryimage\"},\"thumbnailUrl\":\"https:\/\/now-news.de\/de\/wp-content\/uploads\/sites\/3\/2022\/09\/Trauerfeier-fuer-Gorbatschow-in-Moskau-Orban-und-mehrere-auslaendische-Botschafter.jpg\",\"keywords\":[\"Abschied\",\"ausl\u00e4ndische\",\"Botschafter\",\"f\u00fcr\",\"Gorbatschow\",\"mehrere\",\"Moskau\",\"nahmen\",\"Orb\u00e1n\",\"Trauerfeier\",\"und\"],\"articleSection\":[\"Deutschland\",\"Russland\"],\"inLanguage\":\"de\",\"potentialAction\":[{\"@type\":\"CommentAction\",\"name\":\"Comment\",\"target\":[\"https:\/\/now-news.de\/de\/deutschland\/trauerfeier-fuer-gorbatschow-in-moskau-orban-und-mehrere-auslaendische-botschafter-nahmen-abschied\/#respond\"]}]},{\"@type\":\"WebPage\",\"@id\":\"https:\/\/now-news.de\/de\/deutschland\/trauerfeier-fuer-gorbatschow-in-moskau-orban-und-mehrere-auslaendische-botschafter-nahmen-abschied\/\",\"url\":\"https:\/\/now-news.de\/de\/deutschland\/trauerfeier-fuer-gorbatschow-in-moskau-orban-und-mehrere-auslaendische-botschafter-nahmen-abschied\/\",\"name\":\"Trauerfeier f\u00fcr Gorbatschow in Moskau: Orb\u00e1n und mehrere ausl\u00e4ndische Botschafter nahmen Abschied - just-now.NEWS Deutschland\",\"isPartOf\":{\"@id\":\"https:\/\/now-news.de\/de\/#website\"},\"primaryImageOfPage\":{\"@id\":\"https:\/\/now-news.de\/de\/deutschland\/trauerfeier-fuer-gorbatschow-in-moskau-orban-und-mehrere-auslaendische-botschafter-nahmen-abschied\/#primaryimage\"},\"image\":{\"@id\":\"https:\/\/now-news.de\/de\/deutschland\/trauerfeier-fuer-gorbatschow-in-moskau-orban-und-mehrere-auslaendische-botschafter-nahmen-abschied\/#primaryimage\"},\"thumbnailUrl\":\"https:\/\/now-news.de\/de\/wp-content\/uploads\/sites\/3\/2022\/09\/Trauerfeier-fuer-Gorbatschow-in-Moskau-Orban-und-mehrere-auslaendische-Botschafter.jpg\",\"datePublished\":\"2022-09-03T18:11:31+00:00\",\"dateModified\":\"2022-09-03T18:11:31+00:00\",\"breadcrumb\":{\"@id\":\"https:\/\/now-news.de\/de\/deutschland\/trauerfeier-fuer-gorbatschow-in-moskau-orban-und-mehrere-auslaendische-botschafter-nahmen-abschied\/#breadcrumb\"},\"inLanguage\":\"de\",\"potentialAction\":[{\"@type\":\"ReadAction\",\"target\":[\"https:\/\/now-news.de\/de\/deutschland\/trauerfeier-fuer-gorbatschow-in-moskau-orban-und-mehrere-auslaendische-botschafter-nahmen-abschied\/\"]}]},{\"@type\":\"ImageObject\",\"inLanguage\":\"de\",\"@id\":\"https:\/\/now-news.de\/de\/deutschland\/trauerfeier-fuer-gorbatschow-in-moskau-orban-und-mehrere-auslaendische-botschafter-nahmen-abschied\/#primaryimage\",\"url\":\"https:\/\/now-news.de\/de\/wp-content\/uploads\/sites\/3\/2022\/09\/Trauerfeier-fuer-Gorbatschow-in-Moskau-Orban-und-mehrere-auslaendische-Botschafter.jpg\",\"contentUrl\":\"https:\/\/now-news.de\/de\/wp-content\/uploads\/sites\/3\/2022\/09\/Trauerfeier-fuer-Gorbatschow-in-Moskau-Orban-und-mehrere-auslaendische-Botschafter.jpg\",\"width\":460,\"height\":259,\"caption\":\"Trauerfeier f\u00fcr Gorbatschow in Moskau: Orb\u00e1n und mehrere ausl\u00e4ndische Botschafter nahmen Abschied\"},{\"@type\":\"BreadcrumbList\",\"@id\":\"https:\/\/now-news.de\/de\/deutschland\/trauerfeier-fuer-gorbatschow-in-moskau-orban-und-mehrere-auslaendische-botschafter-nahmen-abschied\/#breadcrumb\",\"itemListElement\":[{\"@type\":\"ListItem\",\"position\":1,\"name\":\"Home\",\"item\":\"https:\/\/now-news.de\/de\/\"},{\"@type\":\"ListItem\",\"position\":2,\"name\":\"Trauerfeier f\u00fcr Gorbatschow in Moskau: Orb\u00e1n und mehrere ausl\u00e4ndische Botschafter nahmen Abschied\"}]},{\"@type\":\"WebSite\",\"@id\":\"https:\/\/now-news.de\/de\/#website\",\"url\":\"https:\/\/now-news.de\/de\/\",\"name\":\"just-now.NEWS Deutschland\",\"description\":\"Das Portal f\u00fcr unzensierte Nachrichten aus der Welt\",\"publisher\":{\"@id\":\"https:\/\/now-news.de\/de\/#organization\"},\"potentialAction\":[{\"@type\":\"SearchAction\",\"target\":{\"@type\":\"EntryPoint\",\"urlTemplate\":\"https:\/\/now-news.de\/de\/?s={search_term_string}\"},\"query-input\":\"required name=search_term_string\"}],\"inLanguage\":\"de\"},{\"@type\":\"Organization\",\"@id\":\"https:\/\/now-news.de\/de\/#organization\",\"name\":\"Just Now News\",\"url\":\"https:\/\/now-news.de\/de\/\",\"logo\":{\"@type\":\"ImageObject\",\"inLanguage\":\"de\",\"@id\":\"https:\/\/now-news.de\/de\/#\/schema\/logo\/image\/\",\"url\":\"http:\/\/just-now.news\/de\/wp-content\/uploads\/sites\/3\/2022\/04\/logo500x500.jpg\",\"contentUrl\":\"http:\/\/just-now.news\/de\/wp-content\/uploads\/sites\/3\/2022\/04\/logo500x500.jpg\",\"width\":500,\"height\":500,\"caption\":\"Just Now News\"},\"image\":{\"@id\":\"https:\/\/now-news.de\/de\/#\/schema\/logo\/image\/\"},\"sameAs\":[\"https:\/\/www.facebook.com\/wirmachenauf\",\"https:\/\/x.com\/WirMachenAuf_de\"]},{\"@type\":\"Person\",\"@id\":\"https:\/\/now-news.de\/de\/#\/schema\/person\/fb534a4e865501d8b3285208df34a9b5\",\"name\":\"rtnews\",\"image\":{\"@type\":\"ImageObject\",\"inLanguage\":\"de\",\"@id\":\"https:\/\/now-news.de\/de\/#\/schema\/person\/image\/\",\"url\":\"https:\/\/secure.gravatar.com\/avatar\/82aafea7d8127119dd649515f56e2117?s=96&d=mm&r=g\",\"contentUrl\":\"https:\/\/secure.gravatar.com\/avatar\/82aafea7d8127119dd649515f56e2117?s=96&d=mm&r=g\",\"caption\":\"rtnews\"},\"url\":\"https:\/\/now-news.de\/de\/author\/rnews\/\"}]}<\/script>\n<!-- \/ Yoast SEO Premium plugin. -->","yoast_head_json":{"title":"Trauerfeier f\u00fcr Gorbatschow in Moskau: Orb\u00e1n und mehrere ausl\u00e4ndische Botschafter nahmen Abschied - just-now.NEWS Deutschland","robots":{"index":"index","follow":"follow","max-snippet":"max-snippet:-1","max-image-preview":"max-image-preview:large","max-video-preview":"max-video-preview:-1"},"canonical":"https:\/\/now-news.de\/de\/deutschland\/trauerfeier-fuer-gorbatschow-in-moskau-orban-und-mehrere-auslaendische-botschafter-nahmen-abschied\/","og_locale":"de_DE","og_type":"article","og_title":"Trauerfeier f\u00fcr Gorbatschow in Moskau: Orb\u00e1n und mehrere ausl\u00e4ndische Botschafter nahmen Abschied","og_description":"Michail Gorbatschow ist in Moskau beigesetzt worden. Ungarns Ministerpr\u00e4sident Viktor Orb\u00e1n war der einzige europ\u00e4ische Staatschef, der vom ehemaligen Pr\u00e4sidenten der Sowjetunion Abschied nahm. Der Trauerfeier wohnten auch einige ausl\u00e4ndische Botschafter bei. Der ungarische Ministerpr\u00e4sident Viktor Orb\u00e1nhat in Moskau an der Beerdigung des ehemaligen Pr\u00e4sidenten der UdSSR Michail Gorbatschow teilgenommen. Gorbatschow verstarb am 30. August [&hellip;]","og_url":"https:\/\/now-news.de\/de\/deutschland\/trauerfeier-fuer-gorbatschow-in-moskau-orban-und-mehrere-auslaendische-botschafter-nahmen-abschied\/","og_site_name":"just-now.NEWS Deutschland","article_publisher":"https:\/\/www.facebook.com\/wirmachenauf","article_published_time":"2022-09-03T18:11:31+00:00","og_image":[{"width":460,"height":259,"url":"https:\/\/now-news.de\/de\/wp-content\/uploads\/sites\/3\/2022\/09\/Trauerfeier-fuer-Gorbatschow-in-Moskau-Orban-und-mehrere-auslaendische-Botschafter.jpg","type":"image\/jpeg"}],"author":"rtnews","twitter_card":"summary_large_image","twitter_creator":"@WirMachenAuf_de","twitter_site":"@WirMachenAuf_de","twitter_misc":{"Verfasst von":"rtnews","Gesch\u00e4tzte Lesezeit":"2\u00a0Minuten"},"schema":{"@context":"https:\/\/schema.org","@graph":[{"@type":"Article","@id":"https:\/\/now-news.de\/de\/deutschland\/trauerfeier-fuer-gorbatschow-in-moskau-orban-und-mehrere-auslaendische-botschafter-nahmen-abschied\/#article","isPartOf":{"@id":"https:\/\/now-news.de\/de\/deutschland\/trauerfeier-fuer-gorbatschow-in-moskau-orban-und-mehrere-auslaendische-botschafter-nahmen-abschied\/"},"author":{"name":"rtnews","@id":"https:\/\/now-news.de\/de\/#\/schema\/person\/fb534a4e865501d8b3285208df34a9b5"},"headline":"Trauerfeier f\u00fcr Gorbatschow in Moskau: Orb\u00e1n und mehrere ausl\u00e4ndische Botschafter nahmen Abschied","datePublished":"2022-09-03T18:11:31+00:00","dateModified":"2022-09-03T18:11:31+00:00","mainEntityOfPage":{"@id":"https:\/\/now-news.de\/de\/deutschland\/trauerfeier-fuer-gorbatschow-in-moskau-orban-und-mehrere-auslaendische-botschafter-nahmen-abschied\/"},"wordCount":341,"commentCount":0,"publisher":{"@id":"https:\/\/now-news.de\/de\/#organization"},"image":{"@id":"https:\/\/now-news.de\/de\/deutschland\/trauerfeier-fuer-gorbatschow-in-moskau-orban-und-mehrere-auslaendische-botschafter-nahmen-abschied\/#primaryimage"},"thumbnailUrl":"https:\/\/now-news.de\/de\/wp-content\/uploads\/sites\/3\/2022\/09\/Trauerfeier-fuer-Gorbatschow-in-Moskau-Orban-und-mehrere-auslaendische-Botschafter.jpg","keywords":["Abschied","ausl\u00e4ndische","Botschafter","f\u00fcr","Gorbatschow","mehrere","Moskau","nahmen","Orb\u00e1n","Trauerfeier","und"],"articleSection":["Deutschland","Russland"],"inLanguage":"de","potentialAction":[{"@type":"CommentAction","name":"Comment","target":["https:\/\/now-news.de\/de\/deutschland\/trauerfeier-fuer-gorbatschow-in-moskau-orban-und-mehrere-auslaendische-botschafter-nahmen-abschied\/#respond"]}]},{"@type":"WebPage","@id":"https:\/\/now-news.de\/de\/deutschland\/trauerfeier-fuer-gorbatschow-in-moskau-orban-und-mehrere-auslaendische-botschafter-nahmen-abschied\/","url":"https:\/\/now-news.de\/de\/deutschland\/trauerfeier-fuer-gorbatschow-in-moskau-orban-und-mehrere-auslaendische-botschafter-nahmen-abschied\/","name":"Trauerfeier f\u00fcr Gorbatschow in Moskau: Orb\u00e1n und mehrere ausl\u00e4ndische Botschafter nahmen Abschied - just-now.NEWS Deutschland","isPartOf":{"@id":"https:\/\/now-news.de\/de\/#website"},"primaryImageOfPage":{"@id":"https:\/\/now-news.de\/de\/deutschland\/trauerfeier-fuer-gorbatschow-in-moskau-orban-und-mehrere-auslaendische-botschafter-nahmen-abschied\/#primaryimage"},"image":{"@id":"https:\/\/now-news.de\/de\/deutschland\/trauerfeier-fuer-gorbatschow-in-moskau-orban-und-mehrere-auslaendische-botschafter-nahmen-abschied\/#primaryimage"},"thumbnailUrl":"https:\/\/now-news.de\/de\/wp-content\/uploads\/sites\/3\/2022\/09\/Trauerfeier-fuer-Gorbatschow-in-Moskau-Orban-und-mehrere-auslaendische-Botschafter.jpg","datePublished":"2022-09-03T18:11:31+00:00","dateModified":"2022-09-03T18:11:31+00:00","breadcrumb":{"@id":"https:\/\/now-news.de\/de\/deutschland\/trauerfeier-fuer-gorbatschow-in-moskau-orban-und-mehrere-auslaendische-botschafter-nahmen-abschied\/#breadcrumb"},"inLanguage":"de","potentialAction":[{"@type":"ReadAction","target":["https:\/\/now-news.de\/de\/deutschland\/trauerfeier-fuer-gorbatschow-in-moskau-orban-und-mehrere-auslaendische-botschafter-nahmen-abschied\/"]}]},{"@type":"ImageObject","inLanguage":"de","@id":"https:\/\/now-news.de\/de\/deutschland\/trauerfeier-fuer-gorbatschow-in-moskau-orban-und-mehrere-auslaendische-botschafter-nahmen-abschied\/#primaryimage","url":"https:\/\/now-news.de\/de\/wp-content\/uploads\/sites\/3\/2022\/09\/Trauerfeier-fuer-Gorbatschow-in-Moskau-Orban-und-mehrere-auslaendische-Botschafter.jpg","contentUrl":"https:\/\/now-news.de\/de\/wp-content\/uploads\/sites\/3\/2022\/09\/Trauerfeier-fuer-Gorbatschow-in-Moskau-Orban-und-mehrere-auslaendische-Botschafter.jpg","width":460,"height":259,"caption":"Trauerfeier f\u00fcr Gorbatschow in Moskau: Orb\u00e1n und mehrere ausl\u00e4ndische Botschafter nahmen Abschied"},{"@type":"BreadcrumbList","@id":"https:\/\/now-news.de\/de\/deutschland\/trauerfeier-fuer-gorbatschow-in-moskau-orban-und-mehrere-auslaendische-botschafter-nahmen-abschied\/#breadcrumb","itemListElement":[{"@type":"ListItem","position":1,"name":"Home","item":"https:\/\/now-news.de\/de\/"},{"@type":"ListItem","position":2,"name":"Trauerfeier f\u00fcr Gorbatschow in Moskau: Orb\u00e1n und mehrere ausl\u00e4ndische Botschafter nahmen Abschied"}]},{"@type":"WebSite","@id":"https:\/\/now-news.de\/de\/#website","url":"https:\/\/now-news.de\/de\/","name":"just-now.NEWS Deutschland","description":"Das Portal f\u00fcr unzensierte Nachrichten aus der Welt","publisher":{"@id":"https:\/\/now-news.de\/de\/#organization"},"potentialAction":[{"@type":"SearchAction","target":{"@type":"EntryPoint","urlTemplate":"https:\/\/now-news.de\/de\/?s={search_term_string}"},"query-input":"required name=search_term_string"}],"inLanguage":"de"},{"@type":"Organization","@id":"https:\/\/now-news.de\/de\/#organization","name":"Just Now News","url":"https:\/\/now-news.de\/de\/","logo":{"@type":"ImageObject","inLanguage":"de","@id":"https:\/\/now-news.de\/de\/#\/schema\/logo\/image\/","url":"http:\/\/just-now.news\/de\/wp-content\/uploads\/sites\/3\/2022\/04\/logo500x500.jpg","contentUrl":"http:\/\/just-now.news\/de\/wp-content\/uploads\/sites\/3\/2022\/04\/logo500x500.jpg","width":500,"height":500,"caption":"Just Now News"},"image":{"@id":"https:\/\/now-news.de\/de\/#\/schema\/logo\/image\/"},"sameAs":["https:\/\/www.facebook.com\/wirmachenauf","https:\/\/x.com\/WirMachenAuf_de"]},{"@type":"Person","@id":"https:\/\/now-news.de\/de\/#\/schema\/person\/fb534a4e865501d8b3285208df34a9b5","name":"rtnews","image":{"@type":"ImageObject","inLanguage":"de","@id":"https:\/\/now-news.de\/de\/#\/schema\/person\/image\/","url":"https:\/\/secure.gravatar.com\/avatar\/82aafea7d8127119dd649515f56e2117?s=96&d=mm&r=g","contentUrl":"https:\/\/secure.gravatar.com\/avatar\/82aafea7d8127119dd649515f56e2117?s=96&d=mm&r=g","caption":"rtnews"},"url":"https:\/\/now-news.de\/de\/author\/rnews\/"}]}},"_links":{"self":[{"href":"https:\/\/now-news.de\/de\/wp-json\/wp\/v2\/posts\/18331"}],"collection":[{"href":"https:\/\/now-news.de\/de\/wp-json\/wp\/v2\/posts"}],"about":[{"href":"https:\/\/now-news.de\/de\/wp-json\/wp\/v2\/types\/post"}],"author":[{"embeddable":true,"href":"https:\/\/now-news.de\/de\/wp-json\/wp\/v2\/users\/3"}],"replies":[{"embeddable":true,"href":"https:\/\/now-news.de\/de\/wp-json\/wp\/v2\/comments?post=18331"}],"version-history":[{"count":0,"href":"https:\/\/now-news.de\/de\/wp-json\/wp\/v2\/posts\/18331\/revisions"}],"wp:featuredmedia":[{"embeddable":true,"href":"https:\/\/now-news.de\/de\/wp-json\/wp\/v2\/media\/18332"}],"wp:attachment":[{"href":"https:\/\/now-news.de\/de\/wp-json\/wp\/v2\/media?parent=18331"}],"wp:term":[{"taxonomy":"category","embeddable":true,"href":"https:\/\/now-news.de\/de\/wp-json\/wp\/v2\/categories?post=18331"},{"taxonomy":"post_tag","embeddable":true,"href":"https:\/\/now-news.de\/de\/wp-json\/wp\/v2\/tags?post=18331"}],"curies":[{"name":"wp","href":"https:\/\/api.w.org\/{rel}","templated":true}]}}