{"id":18282,"date":"2022-09-02T21:13:54","date_gmt":"2022-09-02T19:13:54","guid":{"rendered":"http:\/\/just-now.news\/de\/deutschland\/droht-kinderarztpraxen-im-herbst-massive-ueberlastung-infektionsschutz-gesetz-wird-verschaerft\/"},"modified":"2022-09-02T21:13:54","modified_gmt":"2022-09-02T19:13:54","slug":"droht-kinderarztpraxen-im-herbst-massive-ueberlastung-infektionsschutz-gesetz-wird-verschaerft","status":"publish","type":"post","link":"https:\/\/now-news.de\/de\/deutschland\/droht-kinderarztpraxen-im-herbst-massive-ueberlastung-infektionsschutz-gesetz-wird-verschaerft\/","title":{"rendered":"Droht Kinderarztpraxen im Herbst massive \u00dcberlastung? Infektionsschutz-Gesetz wird versch\u00e4rft"},"content":{"rendered":"<p><img decoding=\"async\" src=\"http:\/\/just-now.news\/de\/wp-content\/uploads\/sites\/3\/2022\/09\/6311b49d48fbef723e0f2db0.jpg\" \/><\/p>\n<p>Die kommenden Herbst- und Wintermonate k\u00f6nnen erneut eine herausragende Zusatzbelastung f\u00fcr Eltern mit Kindern, wie auch praktizierenden Kinder\u00e4rzten darstellen. Der Berufsverband der Kinder- und Jugend\u00e4rzte (BVKJ) adressierte mahnende Worte\u00a0an den Gesundheitsausschuss des Bundestags. Die Redaktion der <em>Welt<\/em> zitiert aus dem ihr vorliegenden Schreiben in einem <a rel=\"nofollow noopener\" target=\"_blank\" href=\"https:\/\/www.welt.de\/politik\/deutschland\/article240817969\/Infektionsschutzgesetz-FDP-und-Kinderaerzte-dringen-auf-Aenderungen-der-Corona-Regeln.html\">Artikel<\/a> bis dato unbekannte Details des\u00a0versch\u00e4rften Infektionsschutzgesetzes (IfSG), die von Absichtspl\u00e4nen der daf\u00fcr verantwortlichen &#8220;Ampel&#8221;-Regierung ausgehen.<\/p>\n<p>So\u00a0schreiben der Pr\u00e4sident des BVKJ Dr. Thomas Fischbach und Prof. Johannes Huebner, Abteilungsleiter P\u00e4diatrische Infektiologie am Klinikum der Ludwig-Maximilian-Universit\u00e4t M\u00fcnchen, den Abgeordneten, dass ihnen nach Studium des geplanten modifizierten Gesetzesentwurfes eine Sachlage aufgefallen sei (in \u00a734 Abs. 1 Satz 1), die noch ein &#8220;dringendes Eingreifen erfordert&#8221;.<\/p>\n<p>Dieser <a rel=\"nofollow noopener\" target=\"_blank\" href=\"https:\/\/www.gesetze-im-internet.de\/ifsg\/__34.html\">Paragraph<\/a>\u00a0beinhaltete bis dato f\u00fcr Kinder und Jugendliche m\u00f6gliche F\u00e4lle &#8220;schwerer Infektionskrankheiten&#8221; oder &#8220;Infektionskrankheiten, welche h\u00e4ufig im Kindesalter auftreten und in Einzelf\u00e4llen schwere Verlaufsformen annehmen k\u00f6nnen&#8221;. In die Liste m\u00f6glicher Diagnosen \u2013 wie Cholera, Diphtherie,\u00a0Keuchhusten, ansteckungsf\u00e4higer Lungentuberkulose, Masern, Pest und Kr\u00e4tze \u2013 solle demnach nun auch COVID-19 aufgenommen werden.<\/p>\n<p>So sei weitergehend auch geplant, dass wenn schlicht der Verdacht einer \u2013 saisonal\u00a0nicht untypischen \u2013 Infektion eines Kindes vorl\u00e4ge, die alleinige Einsch\u00e4tzung der verantwortlichen Eltern hinsichtlich der R\u00fcckkehr in eine &#8220;Gemeinschaftseinrichtung&#8221; (wie Schule oder Kindergarten) nicht mehr ausreiche und zwingend versch\u00e4rfte Abl\u00e4ufe verlangt w\u00fcrden.\u00a0In dem Schreiben hei\u00dft es zu diesen Pl\u00e4nen:<\/p>\n<blockquote>\n<p><em>&#8220;Was einen Verdachtsfall darstellt, ist nicht geregelt. Das hei\u00dft, ein Kind wird unter Umst\u00e4nden auch im Falle einer banalen aber &#8216;verd\u00e4chtigen Erk\u00e4ltung&#8217; so lange nicht in\u00a0Kita oder Schule gehen k\u00f6nnen, bis Corona ausgeschlossen ist. Kinder m\u00fcssten beim Auftreten von Symptomen, die theoretisch auch Corona zugeordnet werden k\u00f6nnten, die Kita oder Schule umgehend verlassen.&#8221;<\/em><\/p>\n<\/blockquote>\n<p>Diese Form einer Art von &#8220;Unbedenklichkeitszertifikat&#8221; kann theoretisch dann nur noch \u00fcber die betreuende Kinderarztpraxis erteilt werden. Eine weitere Alltagsbelastung ergibt sich durch den geplanten Umstand, dass au\u00dferdem einmal auf COVID-19 positiv getestete Kinder ebenfalls eine \u00e4rztliche Gesundschreibung vorlegen m\u00fcssten, ehe sie wieder in den Kindergarten oder die Schule gehen k\u00f6nnen.<\/p>\n<p><a rel=\"nofollow noopener\" target=\"_blank\" href=\"https:\/\/de.wikipedia.org\/wiki\/Jonas_Schmidt-Chanasit\">Jonas Schmidt-Chanasit<\/a>,\u00a0ein deutscher Virologe und Hochschullehrer an der Universit\u00e4t Hamburg, reagiert auf Twitter mit der Feststellung:<\/p>\n<blockquote>\n<p><em>&#8220;Wenn das so stimmt, dann w\u00e4re das wirklich skandal\u00f6s! Was tun wir blo\u00df unseren Kindern und Jugendlichen an?&#8221;<\/em><\/p>\n<\/blockquote>\n<div class=\"EmbedBlock-root EmbedBlock-twitter\">\n<div class=\"TwitterEmbed\">\n<blockquote class=\"twitter-tweet lazyload\" data-twitter=\"twitter-tweet\">\n<p lang=\"de\" dir=\"ltr\">Wenn das so stimmt, dann w\u00e4re das wirklich skandal\u00f6s ! Was tun wir blo\u00df unseren Kindern und Jugendlichen an ? <a rel=\"nofollow noopener\" target=\"_blank\" href=\"https:\/\/t.co\/WlRypxAANr\">https:\/\/t.co\/WlRypxAANr<\/a><\/p>\n<p>\u2014 Jonas Schmidt-Chanasit (@ChanasitJonas) <a rel=\"nofollow noopener\" target=\"_blank\" href=\"https:\/\/twitter.com\/ChanasitJonas\/status\/1565412938713907209?ref_src=twsrc%5Etfw\">September 1, 2022<\/a><\/p><\/blockquote><\/div><\/div>\n<p>Fischbach vom BVKJ und <a rel=\"nofollow noopener\" target=\"_blank\" href=\"http:\/\/www.klinikum.uni-muenchen.de\/Kinderklinik-und-Kinderpoliklinik-im-Dr-von-Haunerschen-Kinderspital\/de\/mitarbeiter\/oberaerzte\/huebner\/index.html\">H\u00fcbner<\/a> von der LMU M\u00fcnchen erkennen in der\u00a0beabsichtigten Regelung eine eindeutig &#8220;extreme Versch\u00e4rfung der Rechtslage&#8221;. Sie stellen in dem Schreiben fest:<\/p>\n<blockquote>\n<p><em>&#8220;In 30 Monaten Pandemie war eine solche Gesundschreibung, die in der Regel schriftlich zu erfolgen hat, nicht f\u00fcr notwendig erachtet worden.<\/em>\u00a0<em>Medizinisch-infektiologisch kann sie nicht begr\u00fcndet werden.&#8221;<\/em><\/p>\n<\/blockquote>\n<p>Absehbar sei daher eine Welle weiterer Belastung mit &#8220;zeitraubender B\u00fcrokratie&#8221; f\u00fcr die Arztpraxen zu erwarten. Der Mahnbrief stellt auch zu den zus\u00e4tzlichen Belastungen der betroffenen Eltern fest:<\/p>\n<blockquote>\n<p><em>&#8220;Statt mit unseren Patientinnen und Patienten werden wir uns mit dem Verfassen von schriftlichen Attesten befassen m\u00fcssen. Eltern werden in der Regel einen zus\u00e4tzlichen Tag der Arbeit fernbleiben m\u00fcssen, weil sie ihr Kind betreuen und mit ihm zum Kinder- und Jugendarzt m\u00fcssen.&#8221;<\/em><\/p>\n<\/blockquote>\n<p>Eindeutig\u00a0kontr\u00e4r zu den jeweiligen \u00c4u\u00dferungen des Bundesministers f\u00fcr Gesundheit Karl Lauterbach (SPD) und des Bundesministers der Justiz Marco Buschmann (FDP) auf ihrer gemeinsamen <a rel=\"nofollow noopener\" target=\"_blank\" href=\"https:\/\/www.focus.de\/politik\/im-liveticker-lauterbach-und-buschmann-stellen-die-neuen-corona-regeln-vor_id_137062223.html\">Pressekonferenz<\/a> am 24. August, dass\u00a0Kitas und Schulen in den Herbst- und Wintermonaten &#8220;inzidenzunabh\u00e4ngig offenbleiben&#8221; sollen, werden so doch wieder neue, h\u00e4rtere Vorgaben versteckt implementiert.\u00a0Der Berufsverband der Kinder- und Jugend\u00e4rzte stellt dazu scharf formuliert fest, es f\u00e4nde:<\/p>\n<blockquote>\n<p><em>&#8220;\u2026 ein staatlich verordnetes Fernbleiben von Gemeinschaftseinrichtungen statt, das die Grundrechte von Kindern und Jugendlichen massiv einschr\u00e4nkt und sie klar schlechter stellt als Erwachsene, die w\u00e4hrenddessen gro\u00dfe Volksfeste ohne Maske besuchen d\u00fcrfen.&#8221;<\/em><\/p>\n<\/blockquote>\n<p>Ihre Empfehlung an die gegebenenfalls mitverantwortlichen Politiker lautet daher unmissverst\u00e4ndlich:<\/p>\n<blockquote>\n<p><em>&#8220;Wir bitten Sie dringend, diese unsinnige und hochb\u00fcrokratische Regelung nicht umzusetzen.&#8221;<\/em><\/p>\n<\/blockquote>\n<p>Tino Sorge, gesundheitspolitischer Sprecher der CDU <a rel=\"nofollow noopener\" target=\"_blank\" href=\"https:\/\/twitter.com\/TinoSorge\/status\/1565620770914668545\">kommentierte<\/a> auf Twitter die bekannt gewordenen Pl\u00e4nen so: &#8220;Ampelkoalition hat nix dazugelernt. Wenn die Chaosampel dies so umsetzt, haben wir in diesem Herbst ganz viele Arbeitnehmer &#8216;kindkrank&#8217;, weil immer irgendeinem Kind die Nase l\u00e4uft. Ergebnis w\u00e4re, dass Kindern dringend ben\u00f6tigte Bildung vorenthalten wird.&#8221;<\/p>\n<p><strong>Mehr zum Thema &#8211;<\/strong>\u00a0<a rel=\"nofollow noopener\" target=\"_blank\" href=\"https:\/\/pressefreiheit.rtde.tech\/meinung\/147507-maskenpflicht-nach-lust-und-laune\/\">Maskenpflicht nach Lust und Laune \u2013 Zumindest f\u00fcr die M\u00e4chtigen im Land<\/a><\/p>\n<p><script async src=\"https:\/\/platform.twitter.com\/widgets.js\" charset=\"utf-8\"><\/script><br \/>\n<br \/><br \/>\n<br \/><a href=\"https:\/\/de.rt.com\/inland\/147789-ifsg-novelle-droht-kinderarztpraxen-im-herbst-ueberlastung\/\">Source link <\/a><\/p>\n","protected":false},"excerpt":{"rendered":"<p>Die kommenden Herbst- und Wintermonate k\u00f6nnen erneut eine herausragende Zusatzbelastung f\u00fcr Eltern mit Kindern, wie auch praktizierenden Kinder\u00e4rzten darstellen. Der Berufsverband der Kinder- und Jugend\u00e4rzte (BVKJ) adressierte mahnende Worte\u00a0an den Gesundheitsausschuss des Bundestags. Die Redaktion der Welt zitiert aus dem ihr vorliegenden Schreiben in einem Artikel bis dato unbekannte Details des\u00a0versch\u00e4rften Infektionsschutzgesetzes (IfSG), die von [&hellip;]<\/p>\n","protected":false},"author":3,"featured_media":18283,"comment_status":"open","ping_status":"open","sticky":false,"template":"","format":"standard","meta":{"wp_automatic_camp":["217"],"3a6c823a336f3e7d40ea90086addb471":["Droht Kinderarztpraxen im Herbst massive \u00dcberlastung? Infektionsschutz-Gesetz wird versch\u00e4rft"],"original_link":["https:\/\/de.rt.com\/inland\/147789-ifsg-novelle-droht-kinderarztpraxen-im-herbst-ueberlastung\/"],"_thumbnail_id":["18283"],"_wptg_p2tg_sent2tg":["2022-09-02 21:16:43"],"jnews_social_counter_last_update":["1776933822"]},"categories":[19,23],"tags":[44,529,30721,32173,9773,32174,32175,374],"yoast_head":"<!-- This site is optimized with the Yoast SEO Premium plugin v22.7 (Yoast SEO v22.7) - https:\/\/yoast.com\/wordpress\/plugins\/seo\/ -->\n<title>Droht Kinderarztpraxen im Herbst massive \u00dcberlastung? Infektionsschutz-Gesetz wird versch\u00e4rft - just-now.NEWS Deutschland<\/title>\n<meta name=\"robots\" content=\"index, follow, max-snippet:-1, max-image-preview:large, max-video-preview:-1\" \/>\n<link rel=\"canonical\" href=\"https:\/\/now-news.de\/de\/deutschland\/droht-kinderarztpraxen-im-herbst-massive-ueberlastung-infektionsschutz-gesetz-wird-verschaerft\/\" \/>\n<meta property=\"og:locale\" content=\"de_DE\" \/>\n<meta property=\"og:type\" content=\"article\" \/>\n<meta property=\"og:title\" content=\"Droht Kinderarztpraxen im Herbst massive \u00dcberlastung? Infektionsschutz-Gesetz wird versch\u00e4rft\" \/>\n<meta property=\"og:description\" content=\"Die kommenden Herbst- und Wintermonate k\u00f6nnen erneut eine herausragende Zusatzbelastung f\u00fcr Eltern mit Kindern, wie auch praktizierenden Kinder\u00e4rzten darstellen. Der Berufsverband der Kinder- und Jugend\u00e4rzte (BVKJ) adressierte mahnende Worte\u00a0an den Gesundheitsausschuss des Bundestags. Die Redaktion der Welt zitiert aus dem ihr vorliegenden Schreiben in einem Artikel bis dato unbekannte Details des\u00a0versch\u00e4rften Infektionsschutzgesetzes (IfSG), die von [&hellip;]\" \/>\n<meta property=\"og:url\" content=\"https:\/\/now-news.de\/de\/deutschland\/droht-kinderarztpraxen-im-herbst-massive-ueberlastung-infektionsschutz-gesetz-wird-verschaerft\/\" \/>\n<meta property=\"og:site_name\" content=\"just-now.NEWS Deutschland\" \/>\n<meta property=\"article:publisher\" content=\"https:\/\/www.facebook.com\/wirmachenauf\" \/>\n<meta property=\"article:published_time\" content=\"2022-09-02T19:13:54+00:00\" \/>\n<meta property=\"og:image\" content=\"https:\/\/now-news.de\/de\/wp-content\/uploads\/sites\/3\/2022\/09\/Droht-Kinderarztpraxen-im-Herbst-massive-Ueberlastung-Infektionsschutz-Gesetz-wird-verschaerft.jpg\" \/>\n\t<meta property=\"og:image:width\" content=\"460\" \/>\n\t<meta property=\"og:image:height\" content=\"259\" \/>\n\t<meta property=\"og:image:type\" content=\"image\/jpeg\" \/>\n<meta name=\"author\" content=\"rtnews\" \/>\n<meta name=\"twitter:card\" content=\"summary_large_image\" \/>\n<meta name=\"twitter:creator\" content=\"@WirMachenAuf_de\" \/>\n<meta name=\"twitter:site\" content=\"@WirMachenAuf_de\" \/>\n<meta name=\"twitter:label1\" content=\"Verfasst von\" \/>\n\t<meta name=\"twitter:data1\" content=\"rtnews\" \/>\n\t<meta name=\"twitter:label2\" content=\"Gesch\u00e4tzte Lesezeit\" \/>\n\t<meta name=\"twitter:data2\" content=\"4\u00a0Minuten\" \/>\n<script type=\"application\/ld+json\" class=\"yoast-schema-graph\">{\"@context\":\"https:\/\/schema.org\",\"@graph\":[{\"@type\":\"Article\",\"@id\":\"https:\/\/now-news.de\/de\/deutschland\/droht-kinderarztpraxen-im-herbst-massive-ueberlastung-infektionsschutz-gesetz-wird-verschaerft\/#article\",\"isPartOf\":{\"@id\":\"https:\/\/now-news.de\/de\/deutschland\/droht-kinderarztpraxen-im-herbst-massive-ueberlastung-infektionsschutz-gesetz-wird-verschaerft\/\"},\"author\":{\"name\":\"rtnews\",\"@id\":\"https:\/\/now-news.de\/de\/#\/schema\/person\/fb534a4e865501d8b3285208df34a9b5\"},\"headline\":\"Droht Kinderarztpraxen im Herbst massive \u00dcberlastung? Infektionsschutz-Gesetz wird versch\u00e4rft\",\"datePublished\":\"2022-09-02T19:13:54+00:00\",\"dateModified\":\"2022-09-02T19:13:54+00:00\",\"mainEntityOfPage\":{\"@id\":\"https:\/\/now-news.de\/de\/deutschland\/droht-kinderarztpraxen-im-herbst-massive-ueberlastung-infektionsschutz-gesetz-wird-verschaerft\/\"},\"wordCount\":759,\"commentCount\":0,\"publisher\":{\"@id\":\"https:\/\/now-news.de\/de\/#organization\"},\"image\":{\"@id\":\"https:\/\/now-news.de\/de\/deutschland\/droht-kinderarztpraxen-im-herbst-massive-ueberlastung-infektionsschutz-gesetz-wird-verschaerft\/#primaryimage\"},\"thumbnailUrl\":\"https:\/\/now-news.de\/de\/wp-content\/uploads\/sites\/3\/2022\/09\/Droht-Kinderarztpraxen-im-Herbst-massive-Ueberlastung-Infektionsschutz-Gesetz-wird-verschaerft.jpg\",\"keywords\":[\"droht\",\"Herbst\",\"Infektionsschutzgesetz\",\"Kinderarztpraxen\",\"Massive\",\"\u00dcberlastung\",\"versch\u00e4rft\",\"wird\"],\"articleSection\":[\"Deutschland\",\"Russland\"],\"inLanguage\":\"de\",\"potentialAction\":[{\"@type\":\"CommentAction\",\"name\":\"Comment\",\"target\":[\"https:\/\/now-news.de\/de\/deutschland\/droht-kinderarztpraxen-im-herbst-massive-ueberlastung-infektionsschutz-gesetz-wird-verschaerft\/#respond\"]}]},{\"@type\":\"WebPage\",\"@id\":\"https:\/\/now-news.de\/de\/deutschland\/droht-kinderarztpraxen-im-herbst-massive-ueberlastung-infektionsschutz-gesetz-wird-verschaerft\/\",\"url\":\"https:\/\/now-news.de\/de\/deutschland\/droht-kinderarztpraxen-im-herbst-massive-ueberlastung-infektionsschutz-gesetz-wird-verschaerft\/\",\"name\":\"Droht Kinderarztpraxen im Herbst massive \u00dcberlastung? Infektionsschutz-Gesetz wird versch\u00e4rft - just-now.NEWS Deutschland\",\"isPartOf\":{\"@id\":\"https:\/\/now-news.de\/de\/#website\"},\"primaryImageOfPage\":{\"@id\":\"https:\/\/now-news.de\/de\/deutschland\/droht-kinderarztpraxen-im-herbst-massive-ueberlastung-infektionsschutz-gesetz-wird-verschaerft\/#primaryimage\"},\"image\":{\"@id\":\"https:\/\/now-news.de\/de\/deutschland\/droht-kinderarztpraxen-im-herbst-massive-ueberlastung-infektionsschutz-gesetz-wird-verschaerft\/#primaryimage\"},\"thumbnailUrl\":\"https:\/\/now-news.de\/de\/wp-content\/uploads\/sites\/3\/2022\/09\/Droht-Kinderarztpraxen-im-Herbst-massive-Ueberlastung-Infektionsschutz-Gesetz-wird-verschaerft.jpg\",\"datePublished\":\"2022-09-02T19:13:54+00:00\",\"dateModified\":\"2022-09-02T19:13:54+00:00\",\"breadcrumb\":{\"@id\":\"https:\/\/now-news.de\/de\/deutschland\/droht-kinderarztpraxen-im-herbst-massive-ueberlastung-infektionsschutz-gesetz-wird-verschaerft\/#breadcrumb\"},\"inLanguage\":\"de\",\"potentialAction\":[{\"@type\":\"ReadAction\",\"target\":[\"https:\/\/now-news.de\/de\/deutschland\/droht-kinderarztpraxen-im-herbst-massive-ueberlastung-infektionsschutz-gesetz-wird-verschaerft\/\"]}]},{\"@type\":\"ImageObject\",\"inLanguage\":\"de\",\"@id\":\"https:\/\/now-news.de\/de\/deutschland\/droht-kinderarztpraxen-im-herbst-massive-ueberlastung-infektionsschutz-gesetz-wird-verschaerft\/#primaryimage\",\"url\":\"https:\/\/now-news.de\/de\/wp-content\/uploads\/sites\/3\/2022\/09\/Droht-Kinderarztpraxen-im-Herbst-massive-Ueberlastung-Infektionsschutz-Gesetz-wird-verschaerft.jpg\",\"contentUrl\":\"https:\/\/now-news.de\/de\/wp-content\/uploads\/sites\/3\/2022\/09\/Droht-Kinderarztpraxen-im-Herbst-massive-Ueberlastung-Infektionsschutz-Gesetz-wird-verschaerft.jpg\",\"width\":460,\"height\":259,\"caption\":\"Droht Kinderarztpraxen im Herbst massive \u00dcberlastung? Infektionsschutz-Gesetz wird versch\u00e4rft\"},{\"@type\":\"BreadcrumbList\",\"@id\":\"https:\/\/now-news.de\/de\/deutschland\/droht-kinderarztpraxen-im-herbst-massive-ueberlastung-infektionsschutz-gesetz-wird-verschaerft\/#breadcrumb\",\"itemListElement\":[{\"@type\":\"ListItem\",\"position\":1,\"name\":\"Home\",\"item\":\"https:\/\/now-news.de\/de\/\"},{\"@type\":\"ListItem\",\"position\":2,\"name\":\"Droht Kinderarztpraxen im Herbst massive \u00dcberlastung? Infektionsschutz-Gesetz wird versch\u00e4rft\"}]},{\"@type\":\"WebSite\",\"@id\":\"https:\/\/now-news.de\/de\/#website\",\"url\":\"https:\/\/now-news.de\/de\/\",\"name\":\"just-now.NEWS Deutschland\",\"description\":\"Das Portal f\u00fcr unzensierte Nachrichten aus der Welt\",\"publisher\":{\"@id\":\"https:\/\/now-news.de\/de\/#organization\"},\"potentialAction\":[{\"@type\":\"SearchAction\",\"target\":{\"@type\":\"EntryPoint\",\"urlTemplate\":\"https:\/\/now-news.de\/de\/?s={search_term_string}\"},\"query-input\":\"required name=search_term_string\"}],\"inLanguage\":\"de\"},{\"@type\":\"Organization\",\"@id\":\"https:\/\/now-news.de\/de\/#organization\",\"name\":\"Just Now News\",\"url\":\"https:\/\/now-news.de\/de\/\",\"logo\":{\"@type\":\"ImageObject\",\"inLanguage\":\"de\",\"@id\":\"https:\/\/now-news.de\/de\/#\/schema\/logo\/image\/\",\"url\":\"http:\/\/just-now.news\/de\/wp-content\/uploads\/sites\/3\/2022\/04\/logo500x500.jpg\",\"contentUrl\":\"http:\/\/just-now.news\/de\/wp-content\/uploads\/sites\/3\/2022\/04\/logo500x500.jpg\",\"width\":500,\"height\":500,\"caption\":\"Just Now News\"},\"image\":{\"@id\":\"https:\/\/now-news.de\/de\/#\/schema\/logo\/image\/\"},\"sameAs\":[\"https:\/\/www.facebook.com\/wirmachenauf\",\"https:\/\/x.com\/WirMachenAuf_de\"]},{\"@type\":\"Person\",\"@id\":\"https:\/\/now-news.de\/de\/#\/schema\/person\/fb534a4e865501d8b3285208df34a9b5\",\"name\":\"rtnews\",\"image\":{\"@type\":\"ImageObject\",\"inLanguage\":\"de\",\"@id\":\"https:\/\/now-news.de\/de\/#\/schema\/person\/image\/\",\"url\":\"https:\/\/secure.gravatar.com\/avatar\/82aafea7d8127119dd649515f56e2117?s=96&d=mm&r=g\",\"contentUrl\":\"https:\/\/secure.gravatar.com\/avatar\/82aafea7d8127119dd649515f56e2117?s=96&d=mm&r=g\",\"caption\":\"rtnews\"},\"url\":\"https:\/\/now-news.de\/de\/author\/rnews\/\"}]}<\/script>\n<!-- \/ Yoast SEO Premium plugin. -->","yoast_head_json":{"title":"Droht Kinderarztpraxen im Herbst massive \u00dcberlastung? Infektionsschutz-Gesetz wird versch\u00e4rft - just-now.NEWS Deutschland","robots":{"index":"index","follow":"follow","max-snippet":"max-snippet:-1","max-image-preview":"max-image-preview:large","max-video-preview":"max-video-preview:-1"},"canonical":"https:\/\/now-news.de\/de\/deutschland\/droht-kinderarztpraxen-im-herbst-massive-ueberlastung-infektionsschutz-gesetz-wird-verschaerft\/","og_locale":"de_DE","og_type":"article","og_title":"Droht Kinderarztpraxen im Herbst massive \u00dcberlastung? Infektionsschutz-Gesetz wird versch\u00e4rft","og_description":"Die kommenden Herbst- und Wintermonate k\u00f6nnen erneut eine herausragende Zusatzbelastung f\u00fcr Eltern mit Kindern, wie auch praktizierenden Kinder\u00e4rzten darstellen. Der Berufsverband der Kinder- und Jugend\u00e4rzte (BVKJ) adressierte mahnende Worte\u00a0an den Gesundheitsausschuss des Bundestags. Die Redaktion der Welt zitiert aus dem ihr vorliegenden Schreiben in einem Artikel bis dato unbekannte Details des\u00a0versch\u00e4rften Infektionsschutzgesetzes (IfSG), die von [&hellip;]","og_url":"https:\/\/now-news.de\/de\/deutschland\/droht-kinderarztpraxen-im-herbst-massive-ueberlastung-infektionsschutz-gesetz-wird-verschaerft\/","og_site_name":"just-now.NEWS Deutschland","article_publisher":"https:\/\/www.facebook.com\/wirmachenauf","article_published_time":"2022-09-02T19:13:54+00:00","og_image":[{"width":460,"height":259,"url":"https:\/\/now-news.de\/de\/wp-content\/uploads\/sites\/3\/2022\/09\/Droht-Kinderarztpraxen-im-Herbst-massive-Ueberlastung-Infektionsschutz-Gesetz-wird-verschaerft.jpg","type":"image\/jpeg"}],"author":"rtnews","twitter_card":"summary_large_image","twitter_creator":"@WirMachenAuf_de","twitter_site":"@WirMachenAuf_de","twitter_misc":{"Verfasst von":"rtnews","Gesch\u00e4tzte Lesezeit":"4\u00a0Minuten"},"schema":{"@context":"https:\/\/schema.org","@graph":[{"@type":"Article","@id":"https:\/\/now-news.de\/de\/deutschland\/droht-kinderarztpraxen-im-herbst-massive-ueberlastung-infektionsschutz-gesetz-wird-verschaerft\/#article","isPartOf":{"@id":"https:\/\/now-news.de\/de\/deutschland\/droht-kinderarztpraxen-im-herbst-massive-ueberlastung-infektionsschutz-gesetz-wird-verschaerft\/"},"author":{"name":"rtnews","@id":"https:\/\/now-news.de\/de\/#\/schema\/person\/fb534a4e865501d8b3285208df34a9b5"},"headline":"Droht Kinderarztpraxen im Herbst massive \u00dcberlastung? Infektionsschutz-Gesetz wird versch\u00e4rft","datePublished":"2022-09-02T19:13:54+00:00","dateModified":"2022-09-02T19:13:54+00:00","mainEntityOfPage":{"@id":"https:\/\/now-news.de\/de\/deutschland\/droht-kinderarztpraxen-im-herbst-massive-ueberlastung-infektionsschutz-gesetz-wird-verschaerft\/"},"wordCount":759,"commentCount":0,"publisher":{"@id":"https:\/\/now-news.de\/de\/#organization"},"image":{"@id":"https:\/\/now-news.de\/de\/deutschland\/droht-kinderarztpraxen-im-herbst-massive-ueberlastung-infektionsschutz-gesetz-wird-verschaerft\/#primaryimage"},"thumbnailUrl":"https:\/\/now-news.de\/de\/wp-content\/uploads\/sites\/3\/2022\/09\/Droht-Kinderarztpraxen-im-Herbst-massive-Ueberlastung-Infektionsschutz-Gesetz-wird-verschaerft.jpg","keywords":["droht","Herbst","Infektionsschutzgesetz","Kinderarztpraxen","Massive","\u00dcberlastung","versch\u00e4rft","wird"],"articleSection":["Deutschland","Russland"],"inLanguage":"de","potentialAction":[{"@type":"CommentAction","name":"Comment","target":["https:\/\/now-news.de\/de\/deutschland\/droht-kinderarztpraxen-im-herbst-massive-ueberlastung-infektionsschutz-gesetz-wird-verschaerft\/#respond"]}]},{"@type":"WebPage","@id":"https:\/\/now-news.de\/de\/deutschland\/droht-kinderarztpraxen-im-herbst-massive-ueberlastung-infektionsschutz-gesetz-wird-verschaerft\/","url":"https:\/\/now-news.de\/de\/deutschland\/droht-kinderarztpraxen-im-herbst-massive-ueberlastung-infektionsschutz-gesetz-wird-verschaerft\/","name":"Droht Kinderarztpraxen im Herbst massive \u00dcberlastung? Infektionsschutz-Gesetz wird versch\u00e4rft - just-now.NEWS Deutschland","isPartOf":{"@id":"https:\/\/now-news.de\/de\/#website"},"primaryImageOfPage":{"@id":"https:\/\/now-news.de\/de\/deutschland\/droht-kinderarztpraxen-im-herbst-massive-ueberlastung-infektionsschutz-gesetz-wird-verschaerft\/#primaryimage"},"image":{"@id":"https:\/\/now-news.de\/de\/deutschland\/droht-kinderarztpraxen-im-herbst-massive-ueberlastung-infektionsschutz-gesetz-wird-verschaerft\/#primaryimage"},"thumbnailUrl":"https:\/\/now-news.de\/de\/wp-content\/uploads\/sites\/3\/2022\/09\/Droht-Kinderarztpraxen-im-Herbst-massive-Ueberlastung-Infektionsschutz-Gesetz-wird-verschaerft.jpg","datePublished":"2022-09-02T19:13:54+00:00","dateModified":"2022-09-02T19:13:54+00:00","breadcrumb":{"@id":"https:\/\/now-news.de\/de\/deutschland\/droht-kinderarztpraxen-im-herbst-massive-ueberlastung-infektionsschutz-gesetz-wird-verschaerft\/#breadcrumb"},"inLanguage":"de","potentialAction":[{"@type":"ReadAction","target":["https:\/\/now-news.de\/de\/deutschland\/droht-kinderarztpraxen-im-herbst-massive-ueberlastung-infektionsschutz-gesetz-wird-verschaerft\/"]}]},{"@type":"ImageObject","inLanguage":"de","@id":"https:\/\/now-news.de\/de\/deutschland\/droht-kinderarztpraxen-im-herbst-massive-ueberlastung-infektionsschutz-gesetz-wird-verschaerft\/#primaryimage","url":"https:\/\/now-news.de\/de\/wp-content\/uploads\/sites\/3\/2022\/09\/Droht-Kinderarztpraxen-im-Herbst-massive-Ueberlastung-Infektionsschutz-Gesetz-wird-verschaerft.jpg","contentUrl":"https:\/\/now-news.de\/de\/wp-content\/uploads\/sites\/3\/2022\/09\/Droht-Kinderarztpraxen-im-Herbst-massive-Ueberlastung-Infektionsschutz-Gesetz-wird-verschaerft.jpg","width":460,"height":259,"caption":"Droht Kinderarztpraxen im Herbst massive \u00dcberlastung? Infektionsschutz-Gesetz wird versch\u00e4rft"},{"@type":"BreadcrumbList","@id":"https:\/\/now-news.de\/de\/deutschland\/droht-kinderarztpraxen-im-herbst-massive-ueberlastung-infektionsschutz-gesetz-wird-verschaerft\/#breadcrumb","itemListElement":[{"@type":"ListItem","position":1,"name":"Home","item":"https:\/\/now-news.de\/de\/"},{"@type":"ListItem","position":2,"name":"Droht Kinderarztpraxen im Herbst massive \u00dcberlastung? Infektionsschutz-Gesetz wird versch\u00e4rft"}]},{"@type":"WebSite","@id":"https:\/\/now-news.de\/de\/#website","url":"https:\/\/now-news.de\/de\/","name":"just-now.NEWS Deutschland","description":"Das Portal f\u00fcr unzensierte Nachrichten aus der Welt","publisher":{"@id":"https:\/\/now-news.de\/de\/#organization"},"potentialAction":[{"@type":"SearchAction","target":{"@type":"EntryPoint","urlTemplate":"https:\/\/now-news.de\/de\/?s={search_term_string}"},"query-input":"required name=search_term_string"}],"inLanguage":"de"},{"@type":"Organization","@id":"https:\/\/now-news.de\/de\/#organization","name":"Just Now News","url":"https:\/\/now-news.de\/de\/","logo":{"@type":"ImageObject","inLanguage":"de","@id":"https:\/\/now-news.de\/de\/#\/schema\/logo\/image\/","url":"http:\/\/just-now.news\/de\/wp-content\/uploads\/sites\/3\/2022\/04\/logo500x500.jpg","contentUrl":"http:\/\/just-now.news\/de\/wp-content\/uploads\/sites\/3\/2022\/04\/logo500x500.jpg","width":500,"height":500,"caption":"Just Now News"},"image":{"@id":"https:\/\/now-news.de\/de\/#\/schema\/logo\/image\/"},"sameAs":["https:\/\/www.facebook.com\/wirmachenauf","https:\/\/x.com\/WirMachenAuf_de"]},{"@type":"Person","@id":"https:\/\/now-news.de\/de\/#\/schema\/person\/fb534a4e865501d8b3285208df34a9b5","name":"rtnews","image":{"@type":"ImageObject","inLanguage":"de","@id":"https:\/\/now-news.de\/de\/#\/schema\/person\/image\/","url":"https:\/\/secure.gravatar.com\/avatar\/82aafea7d8127119dd649515f56e2117?s=96&d=mm&r=g","contentUrl":"https:\/\/secure.gravatar.com\/avatar\/82aafea7d8127119dd649515f56e2117?s=96&d=mm&r=g","caption":"rtnews"},"url":"https:\/\/now-news.de\/de\/author\/rnews\/"}]}},"_links":{"self":[{"href":"https:\/\/now-news.de\/de\/wp-json\/wp\/v2\/posts\/18282"}],"collection":[{"href":"https:\/\/now-news.de\/de\/wp-json\/wp\/v2\/posts"}],"about":[{"href":"https:\/\/now-news.de\/de\/wp-json\/wp\/v2\/types\/post"}],"author":[{"embeddable":true,"href":"https:\/\/now-news.de\/de\/wp-json\/wp\/v2\/users\/3"}],"replies":[{"embeddable":true,"href":"https:\/\/now-news.de\/de\/wp-json\/wp\/v2\/comments?post=18282"}],"version-history":[{"count":0,"href":"https:\/\/now-news.de\/de\/wp-json\/wp\/v2\/posts\/18282\/revisions"}],"wp:featuredmedia":[{"embeddable":true,"href":"https:\/\/now-news.de\/de\/wp-json\/wp\/v2\/media\/18283"}],"wp:attachment":[{"href":"https:\/\/now-news.de\/de\/wp-json\/wp\/v2\/media?parent=18282"}],"wp:term":[{"taxonomy":"category","embeddable":true,"href":"https:\/\/now-news.de\/de\/wp-json\/wp\/v2\/categories?post=18282"},{"taxonomy":"post_tag","embeddable":true,"href":"https:\/\/now-news.de\/de\/wp-json\/wp\/v2\/tags?post=18282"}],"curies":[{"name":"wp","href":"https:\/\/api.w.org\/{rel}","templated":true}]}}