{"id":1827,"date":"2022-04-20T17:07:36","date_gmt":"2022-04-20T18:07:36","guid":{"rendered":"http:\/\/just-now.news\/de\/deutschland\/sowjetisches-ehrenmal-und-kz-gedenktafel-in-neubrandenburg-mit-blau-gelben-nazi-symbolen-geschaendet\/"},"modified":"2022-04-20T17:07:36","modified_gmt":"2022-04-20T18:07:36","slug":"sowjetisches-ehrenmal-und-kz-gedenktafel-in-neubrandenburg-mit-blau-gelben-nazi-symbolen-geschaendet","status":"publish","type":"post","link":"https:\/\/now-news.de\/de\/deutschland\/sowjetisches-ehrenmal-und-kz-gedenktafel-in-neubrandenburg-mit-blau-gelben-nazi-symbolen-geschaendet\/","title":{"rendered":"Sowjetisches Ehrenmal und KZ-Gedenktafel in Neubrandenburg mit blau-gelben Nazi-Symbolen gesch\u00e4ndet"},"content":{"rendered":"<div class=\"Text-root Text-type_5 ArticleView-text ViewText-root \">\n<p>Wie der\u00a0<em>Nordkurier<\/em>\u00a0aus Neubrandenburg\u00a0<a target=\"_blank\" href=\"https:\/\/www.nordkurier.de\/neubrandenburg\/sowjet-ehrenmal-und-kz-gedenktafel-mit-nazi-symbolen-beschmiert-2047895104.html\" rel=\"noopener noreferrer\">berichtet<\/a>, wurden auf dem st\u00e4dtischen Neuen Friedhof heute Nazi-Schmierereien und ukrainische nationalistische Parolen entdeckt. Mit blauer und gelber Farbe wurden das sowjetische Ehrenmal und eine KZ-Gedenktafel gesch\u00e4ndet.<\/p>\n<div class=\"EmbedBlock-root EmbedBlock-twitter\">\n<div class=\"TwitterEmbed\">\n<blockquote class=\"twitter-tweet lazyload\" data-twitter=\"twitter-tweet\">\n<p lang=\"de\" dir=\"ltr\">An sowjetischen Ehrendenkmalen f\u00fcr die Gefallenen der Roten Armee prangten kyrillische Schriftz\u00fcge sowie <a target=\"_blank\" href=\"https:\/\/twitter.com\/hashtag\/Nazi?src=hash&amp;ref_src=twsrc%5Etfw\" rel=\"noopener\">#Nazi<\/a>-Symbole &#8211; in Blau und Gelb.<a target=\"_blank\" href=\"https:\/\/t.co\/ddFRBfGH2B\" rel=\"noopener\">https:\/\/t.co\/ddFRBfGH2B<\/a><a target=\"_blank\" href=\"https:\/\/twitter.com\/hashtag\/Ehrenmal?src=hash&amp;ref_src=twsrc%5Etfw\" rel=\"noopener\">#Ehrenmal<\/a><a target=\"_blank\" href=\"https:\/\/twitter.com\/hashtag\/Ukraine%EF%B8%8F?src=hash&amp;ref_src=twsrc%5Etfw\" rel=\"noopener\">#Ukraine\ufe0f<\/a><a target=\"_blank\" href=\"https:\/\/twitter.com\/hashtag\/Russland?src=hash&amp;ref_src=twsrc%5Etfw\" rel=\"noopener\">#Russland<\/a><a target=\"_blank\" href=\"https:\/\/twitter.com\/hashtag\/Neubrandenburg?src=hash&amp;ref_src=twsrc%5Etfw\" rel=\"noopener\">#Neubrandenburg<\/a><\/p>\n<p>\u2014 Nordkurier (@Nordkurier) <a target=\"_blank\" href=\"https:\/\/twitter.com\/Nordkurier\/status\/1516748010906165250?ref_src=twsrc%5Etfw\" rel=\"noopener\">April 20, 2022<\/a><\/p><\/blockquote>\n<\/div>\n<\/div>\n<p>Die Zeitung war durch einen Leserhinweis auf die Verunstaltungen aufmerksam gemacht geworden. Das sowjetische Ehrenmal ist dem Andenken an die im Zweiten Weltkrieg bei der Befreiung Deutschlands gefallenen Soldaten der sowjetischen Roten Armee gewidmet; die Gedenktafel erinnert an 99 Frauen, die in der Au\u00dfenstelle Neubrandenburg des Konzentrationslagers Ravensbr\u00fcck zu Tode gekommen waren. W\u00e4hrend des deutschen Faschismus mussten, wie die Zeitung schreibt, etwa 6.000 Frauen in der Neubrandenburger KZ-Au\u00dfenstelle Zwangsarbeit unter teils unvorstellbar schweren Bedingungen leisten. Unter ihnen befanden sich auch viele Ukrainerinnen.<\/p>\n<div class=\"EmbedBlock-root EmbedBlock-twitter\">\n<div class=\"TwitterEmbed\">\n<blockquote class=\"twitter-tweet lazyload\" data-twitter=\"twitter-tweet\">\n<p lang=\"de\" dir=\"ltr\">&#8220;Der Scho\u00df&#8230;&#8221;Das sowjetische Ehrenmal sowie das Frauenehrenmal f\u00fcr weibliche KZ-Opfer auf dem Neuen Friedhof in Neubrandenburg sind gestern von Unbekannten mit Hakenkreuzen &amp; Wolfsangeln in blau-gelb sowie Spr\u00fcchen wie &#8220;Ruhm der Ukraine&#8221; (\u0421\u043b\u0430\u0432\u0430 \u0423\u043a\u0440\u0430\u0457\u043d\u0456!) gesch\u00e4ndet worden. <a target=\"_blank\" href=\"https:\/\/t.co\/EOyyO8WxyL\" rel=\"noopener\">pic.twitter.com\/EOyyO8WxyL<\/a><\/p>\n<p>\u2014 F.W. (@FWarweg) <a target=\"_blank\" href=\"https:\/\/twitter.com\/FWarweg\/status\/1516762166568828936?ref_src=twsrc%5Etfw\" rel=\"noopener\">April 20, 2022<\/a><\/p><\/blockquote>\n<\/div>\n<\/div>\n<p>Deutlich erkennbar ist die faschistische Symbolik der Schmierereien auf der Gedenktafel: das Hakenkreuz der Nazis, eine sogenannte &#8220;Wolfsangel&#8221;-Rune sowie ein &#8220;Keltenkreuz&#8221; in blauer und gelber Farbe.<\/p>\n<div class=\"ReadMore-root Section-root Section-is1to3-xs_is1to1\" data-widgets=\"ReadMore\" data-has-alias>\n<div class=\"Section-container Section-isRow-isTop-isWrap\">\n<article class=\"Card-root Card-is1to1 \">\n<div class=\"Card-imageWrap\">\n<div class=\"Card-picture\">\n<picture class=\"Picture-root Picture-default\"><!--[if IE 9]><video style=\"display: none;\"><![endif]--><source media=\"(-webkit-min-device-pixel-ratio: 2) and (min-resolution: 120dpi)\" data-srcset=\" \nhttps:\/\/cdni.russiatoday.com\/deutsch\/images\/2022.04\/thumbnail\/625da893b480cc42617e532a.jpg 850w,\n                https:\/\/cdni.russiatoday.com\/deutsch\/images\/2022.04\/article\/625da893b480cc42617e532a.jpg 1960w,\n            \" srcset=\"data:image\/png;base64,iVBORw0KGgoAAAANSUhEUgAAABAAAAAJCAQAAACRI2S5AAAAEElEQVR42mNkIAAYRxWAAQAG9gAKqv6+AwAAAABJRU5ErkJggg==\"><source data-srcset=\" \nhttps:\/\/cdni.russiatoday.com\/deutsch\/images\/2022.04\/thumbnail\/625da893b480cc42617e532a.jpg 460w,\n              https:\/\/cdni.russiatoday.com\/deutsch\/images\/2022.04\/article\/625da893b480cc42617e532a.jpg 980w,\n            \" srcset=\"data:image\/png;base64,iVBORw0KGgoAAAANSUhEUgAAABAAAAAJCAQAAACRI2S5AAAAEElEQVR42mNkIAAYRxWAAQAG9gAKqv6+AwAAAABJRU5ErkJggg==\"><!--[if IE 9]><\/video><![endif]--><\/source><\/source><\/picture><!-- noscript pattern --><noscript><img decoding=\"async\" src=\"https:\/\/cdni.russiatoday.com\/deutsch\/images\/2022.04\/article\/625da893b480cc42617e532a.jpg\" alt=\"Ehrenmal in Treptow erneut gesch\u00e4ndet \u2013 Russische Botschaft protestiert\"><\/noscript>    <\/div><\/div>\n<div class=\"Card-contentWrap\">\n<div class=\"Card-content\">\n<div class=\"Card-title\">\n<div class=\"HeaderNews-root HeaderNews-type_6 \">\n<p>            <a target=\"_blank\" href=\"https:\/\/de.rt.com\/inland\/136458-ehrenmal-in-treptow-erneut-geschaendet\/\" class=\"Link-root Link-isFullCard \" rel=\"noopener\"><br \/>\n                Ehrenmal in Treptow erneut gesch\u00e4ndet \u2013 Russische Botschaft protestiert<br \/>\n            <\/a><\/p><\/div><\/div><\/div><\/div>\n<\/article>\n<\/div><\/div>\n<p>Das sowjetische Ehrenmal wurde mit der ukrainisch-nationalistischen Parole &#8220;Slawa Ukrajini \u2013 Herojam slawa!&#8221;, ebenfalls in den Nationalfarben der Ukraine beschmiert, allerdings in etwas ungelenken Buchstaben. Dabei scheint, soweit auf den ver\u00f6ffentlichten Bildern erkennbar, der kyrillische Buchstabe \u0440, der dem lateinischen r entspricht, im Wort &#8220;Ukrajini&#8221; zu fehlen.<\/p>\n<p>M\u00f6glicherweise wurden die Schriftzeichen mit absichtlich verstellter Schrift, falls die T\u00e4ter Muttersprachler waren, oder andernfalls von Personen angebracht, die es nicht gewohnt sind, kyrillisch zu schreiben.<\/p>\n<p>Die genannte ukrainische nationalistische Parole ist nach 2014 zur offiziellen Gru\u00dfformel in der Ukraine gemacht geworden (&#8220;Ruhm der Ukraine! \u2013 Ruhm den Helden!&#8221;). Der Bezug auf den deutschen Faschismus ist offenkundig: Denn die auf den Denkm\u00e4lern angebrachten faschistischen Symbole wurden historisch von den deutschen Nazis in der besetzten Ukraine verwendet und werden heute sowohl von neonazistischen Gruppierungen als auch von nationalistischen oder faschistischen paramilit\u00e4rischen Formationen in der Ukraine benutzt.<\/p>\n<div class=\"ReadMore-root Section-root Section-is1to3-xs_is1to1\" data-widgets=\"ReadMore\" data-has-alias>\n<div class=\"Section-container Section-isRow-isTop-isWrap\">\n<article class=\"Card-root Card-is1to1 \">\n<div class=\"Card-imageWrap\">\n<div class=\"Card-picture\">\n<picture class=\"Picture-root Picture-default\"><!--[if IE 9]><video style=\"display: none;\"><![endif]--><source media=\"(-webkit-min-device-pixel-ratio: 2) and (min-resolution: 120dpi)\" data-srcset=\" \nhttps:\/\/cdni.russiatoday.com\/deutsch\/images\/2022.04\/thumbnail\/625805c6b480cc2e6616bb2a.jpg 850w,\n                https:\/\/cdni.russiatoday.com\/deutsch\/images\/2022.04\/article\/625805c6b480cc2e6616bb29.jpg 1960w,\n            \" srcset=\"data:image\/png;base64,iVBORw0KGgoAAAANSUhEUgAAABAAAAAJCAQAAACRI2S5AAAAEElEQVR42mNkIAAYRxWAAQAG9gAKqv6+AwAAAABJRU5ErkJggg==\"><source data-srcset=\" \nhttps:\/\/cdni.russiatoday.com\/deutsch\/images\/2022.04\/thumbnail\/625805c6b480cc2e6616bb2a.jpg 460w,\n              https:\/\/cdni.russiatoday.com\/deutsch\/images\/2022.04\/article\/625805c6b480cc2e6616bb29.jpg 980w,\n            \" srcset=\"data:image\/png;base64,iVBORw0KGgoAAAANSUhEUgAAABAAAAAJCAQAAACRI2S5AAAAEElEQVR42mNkIAAYRxWAAQAG9gAKqv6+AwAAAABJRU5ErkJggg==\"><!--[if IE 9]><\/video><![endif]--><img decoding=\"async\" data-sizes=\"auto\" src=\"data:image\/png;base64,iVBORw0KGgoAAAANSUhEUgAAABAAAAAJCAQAAACRI2S5AAAAEElEQVR42mNkIAAYRxWAAQAG9gAKqv6+AwAAAABJRU5ErkJggg==\" class=\"Picture-root Picture-default lazyload\" data-src=\"https:\/\/cdni.russiatoday.com\/deutsch\/images\/2022.04\/thumbnail\/625805c6b480cc2e6616bb2a.jpg\" alt='Satanowski \u00fcber Steinmeier: \"Staatschef des Landes, das uns zum dritten Mal in 100 Jahren \u00fcberf\u00e4llt\"'><\/source><\/source><\/picture><!-- noscript pattern --><noscript><img decoding=\"async\" src=\"https:\/\/cdni.russiatoday.com\/deutsch\/images\/2022.04\/article\/625805c6b480cc2e6616bb29.jpg\" alt='Satanowski \u00fcber Steinmeier: \"Staatschef des Landes, das uns zum dritten Mal in 100 Jahren \u00fcberf\u00e4llt\"'><\/noscript>    <\/div><\/div>\n<div class=\"Card-contentWrap\">\n<div class=\"Card-content\">\n<div class=\"Card-title\">\n<div class=\"HeaderNews-root HeaderNews-type_6 \">\n<p>            <a target=\"_blank\" href=\"https:\/\/de.rt.com\/inland\/136133-satanowski-ueber-steinmeier-staatschef-des-landes-das-uns-zum-dritten-mal-ueberfaellt\/\" class=\"Link-root Link-isFullCard \" rel=\"noopener\"><br \/>\n                Satanowski \u00fcber Steinmeier: &#8220;Staatschef des Landes, das uns zum dritten Mal in 100 Jahren \u00fcberf\u00e4llt&#8221;<br \/>\n            <\/a><\/p><\/div><\/div><\/div><\/div>\n<\/article>\n<\/div><\/div>\n<p>Wie der\u00a0<em>Nordkurier<\/em>\u00a0zu Recht anmerkt, f\u00fchrt auch das in diesen Tagen h\u00e4ufig erw\u00e4hnte sogenannte &#8220;Asow&#8221;-Bataillon, von dem sich derzeit noch K\u00e4mpfer im Stahlwerk von Mariupol verschanzt halten, die &#8220;Wolfsangel&#8221; in seinem Wappen.<\/p>\n<p>Wie die Zeitung berichtet, sind die polizeilichen Ermittlungen angelaufen und wurden vom Staatsschutz \u00fcbernommen; es best\u00fcnde der Verdacht einer politischen Motivation, und ein Zusammenhang mit dem Krieg in der Ukraine werde nicht ausgeschlossen, ebenso ein Zusammenhang mit dem Geburtsdatum Adolf Hitlers. Die Stadtverwaltung von Neubrandenburg wolle die Schmierereien m\u00f6glichst bald beseitigen lassen, nachdem sie f\u00fcr Ermittlungszwecke dokumentiert worden sind, habe es gehei\u00dfen.<\/p>\n<p><strong>Mehr zum Thema<\/strong> &#8211; <a target=\"_blank\" href=\"https:\/\/de.rt.com\/international\/136065-japan-streicht-asow-von-liste\/\" rel=\"noopener noreferrer\">Japan streicht Asow von Liste neonazistischer Organisationen \u2013 Sacharowa: &#8220;Zeichen f\u00fcr Russophobie&#8221;<\/a><\/p>\n<\/div>\n<p><script async src=\"https:\/\/platform.twitter.com\/widgets.js\" charset=\"utf-8\"><\/script><br \/>\n<br \/><br \/>\n<br \/><a href=\"https:\/\/de.rt.com\/inland\/136612-sowjetisches-ehrenmal-und-kz-gedenktafel\/\">Source link <\/a><\/p>\n","protected":false},"excerpt":{"rendered":"<p>Wie der\u00a0Nordkurier\u00a0aus Neubrandenburg\u00a0berichtet, wurden auf dem st\u00e4dtischen Neuen Friedhof heute Nazi-Schmierereien und ukrainische nationalistische Parolen entdeckt. Mit blauer und gelber Farbe wurden das sowjetische Ehrenmal und eine KZ-Gedenktafel gesch\u00e4ndet. An sowjetischen Ehrendenkmalen f\u00fcr die Gefallenen der Roten Armee prangten kyrillische Schriftz\u00fcge sowie #Nazi-Symbole &#8211; in Blau und Gelb.https:\/\/t.co\/ddFRBfGH2B#Ehrenmal#Ukraine\ufe0f#Russland#Neubrandenburg \u2014 Nordkurier (@Nordkurier) April 20, 2022 Die [&hellip;]<\/p>\n","protected":false},"author":3,"featured_media":1828,"comment_status":"open","ping_status":"open","sticky":false,"template":"","format":"standard","meta":{"wp_automatic_camp":["217"],"23cfec3209acefef33bf3a805a02f1f3":["Sowjetisches Ehrenmal und KZ-Gedenktafel in Neubrandenburg mit blau-gelben Nazi-Symbolen gesch\u00e4ndet"],"original_link":["https:\/\/de.rt.com\/inland\/136612-sowjetisches-ehrenmal-und-kz-gedenktafel\/"],"_thumbnail_id":["1828"],"wp_automatic_remove_first_image":["yes"],"_wptg_p2tg_sent2tg":["2022-04-20 17:15:15"],"jnews_social_counter_last_update":["1777595922"]},"categories":[19,23],"tags":[5071,2635,2637,5069,419,5072,5070,5068,140],"yoast_head":"<!-- This site is optimized with the Yoast SEO Premium plugin v22.7 (Yoast SEO v22.7) - https:\/\/yoast.com\/wordpress\/plugins\/seo\/ -->\n<title>Sowjetisches Ehrenmal und KZ-Gedenktafel in Neubrandenburg mit blau-gelben Nazi-Symbolen gesch\u00e4ndet - just-now.NEWS Deutschland<\/title>\n<meta name=\"robots\" content=\"index, follow, max-snippet:-1, max-image-preview:large, max-video-preview:-1\" \/>\n<link rel=\"canonical\" href=\"https:\/\/now-news.de\/de\/deutschland\/sowjetisches-ehrenmal-und-kz-gedenktafel-in-neubrandenburg-mit-blau-gelben-nazi-symbolen-geschaendet\/\" \/>\n<meta property=\"og:locale\" content=\"de_DE\" \/>\n<meta property=\"og:type\" content=\"article\" \/>\n<meta property=\"og:title\" content=\"Sowjetisches Ehrenmal und KZ-Gedenktafel in Neubrandenburg mit blau-gelben Nazi-Symbolen gesch\u00e4ndet\" \/>\n<meta property=\"og:description\" content=\"Wie der\u00a0Nordkurier\u00a0aus Neubrandenburg\u00a0berichtet, wurden auf dem st\u00e4dtischen Neuen Friedhof heute Nazi-Schmierereien und ukrainische nationalistische Parolen entdeckt. Mit blauer und gelber Farbe wurden das sowjetische Ehrenmal und eine KZ-Gedenktafel gesch\u00e4ndet. An sowjetischen Ehrendenkmalen f\u00fcr die Gefallenen der Roten Armee prangten kyrillische Schriftz\u00fcge sowie #Nazi-Symbole &#8211; in Blau und Gelb.https:\/\/t.co\/ddFRBfGH2B#Ehrenmal#Ukraine\ufe0f#Russland#Neubrandenburg \u2014 Nordkurier (@Nordkurier) April 20, 2022 Die [&hellip;]\" \/>\n<meta property=\"og:url\" content=\"https:\/\/now-news.de\/de\/deutschland\/sowjetisches-ehrenmal-und-kz-gedenktafel-in-neubrandenburg-mit-blau-gelben-nazi-symbolen-geschaendet\/\" \/>\n<meta property=\"og:site_name\" content=\"just-now.NEWS Deutschland\" \/>\n<meta property=\"article:publisher\" content=\"https:\/\/www.facebook.com\/wirmachenauf\" \/>\n<meta property=\"article:published_time\" content=\"2022-04-20T18:07:36+00:00\" \/>\n<meta property=\"og:image\" content=\"https:\/\/now-news.de\/de\/wp-content\/uploads\/sites\/3\/2022\/04\/Sowjetisches-Ehrenmal-und-KZ-Gedenktafel-in-Neubrandenburg-mit-blau-gelben-Nazi-Symbolen-geschaendet.jpeg\" \/>\n\t<meta property=\"og:image:width\" content=\"1104\" \/>\n\t<meta property=\"og:image:height\" content=\"622\" \/>\n\t<meta property=\"og:image:type\" content=\"image\/jpeg\" \/>\n<meta name=\"author\" content=\"rtnews\" \/>\n<meta name=\"twitter:card\" content=\"summary_large_image\" \/>\n<meta name=\"twitter:creator\" content=\"@WirMachenAuf_de\" \/>\n<meta name=\"twitter:site\" content=\"@WirMachenAuf_de\" \/>\n<meta name=\"twitter:label1\" content=\"Verfasst von\" \/>\n\t<meta name=\"twitter:data1\" content=\"rtnews\" \/>\n\t<meta name=\"twitter:label2\" content=\"Gesch\u00e4tzte Lesezeit\" \/>\n\t<meta name=\"twitter:data2\" content=\"3\u00a0Minuten\" \/>\n<script type=\"application\/ld+json\" class=\"yoast-schema-graph\">{\"@context\":\"https:\/\/schema.org\",\"@graph\":[{\"@type\":\"Article\",\"@id\":\"https:\/\/now-news.de\/de\/deutschland\/sowjetisches-ehrenmal-und-kz-gedenktafel-in-neubrandenburg-mit-blau-gelben-nazi-symbolen-geschaendet\/#article\",\"isPartOf\":{\"@id\":\"https:\/\/now-news.de\/de\/deutschland\/sowjetisches-ehrenmal-und-kz-gedenktafel-in-neubrandenburg-mit-blau-gelben-nazi-symbolen-geschaendet\/\"},\"author\":{\"name\":\"rtnews\",\"@id\":\"https:\/\/now-news.de\/de\/#\/schema\/person\/fb534a4e865501d8b3285208df34a9b5\"},\"headline\":\"Sowjetisches Ehrenmal und KZ-Gedenktafel in Neubrandenburg mit blau-gelben Nazi-Symbolen gesch\u00e4ndet\",\"datePublished\":\"2022-04-20T18:07:36+00:00\",\"dateModified\":\"2022-04-20T18:07:36+00:00\",\"mainEntityOfPage\":{\"@id\":\"https:\/\/now-news.de\/de\/deutschland\/sowjetisches-ehrenmal-und-kz-gedenktafel-in-neubrandenburg-mit-blau-gelben-nazi-symbolen-geschaendet\/\"},\"wordCount\":531,\"commentCount\":0,\"publisher\":{\"@id\":\"https:\/\/now-news.de\/de\/#organization\"},\"image\":{\"@id\":\"https:\/\/now-news.de\/de\/deutschland\/sowjetisches-ehrenmal-und-kz-gedenktafel-in-neubrandenburg-mit-blau-gelben-nazi-symbolen-geschaendet\/#primaryimage\"},\"thumbnailUrl\":\"https:\/\/now-news.de\/de\/wp-content\/uploads\/sites\/3\/2022\/04\/Sowjetisches-Ehrenmal-und-KZ-Gedenktafel-in-Neubrandenburg-mit-blau-gelben-Nazi-Symbolen-geschaendet.jpeg\",\"keywords\":[\"blaugelben\",\"Ehrenmal\",\"gesch\u00e4ndet\",\"KZGedenktafel\",\"mit\",\"NaziSymbolen\",\"Neubrandenburg\",\"Sowjetisches\",\"und\"],\"articleSection\":[\"Deutschland\",\"Russland\"],\"inLanguage\":\"de\",\"potentialAction\":[{\"@type\":\"CommentAction\",\"name\":\"Comment\",\"target\":[\"https:\/\/now-news.de\/de\/deutschland\/sowjetisches-ehrenmal-und-kz-gedenktafel-in-neubrandenburg-mit-blau-gelben-nazi-symbolen-geschaendet\/#respond\"]}]},{\"@type\":\"WebPage\",\"@id\":\"https:\/\/now-news.de\/de\/deutschland\/sowjetisches-ehrenmal-und-kz-gedenktafel-in-neubrandenburg-mit-blau-gelben-nazi-symbolen-geschaendet\/\",\"url\":\"https:\/\/now-news.de\/de\/deutschland\/sowjetisches-ehrenmal-und-kz-gedenktafel-in-neubrandenburg-mit-blau-gelben-nazi-symbolen-geschaendet\/\",\"name\":\"Sowjetisches Ehrenmal und KZ-Gedenktafel in Neubrandenburg mit blau-gelben Nazi-Symbolen gesch\u00e4ndet - just-now.NEWS Deutschland\",\"isPartOf\":{\"@id\":\"https:\/\/now-news.de\/de\/#website\"},\"primaryImageOfPage\":{\"@id\":\"https:\/\/now-news.de\/de\/deutschland\/sowjetisches-ehrenmal-und-kz-gedenktafel-in-neubrandenburg-mit-blau-gelben-nazi-symbolen-geschaendet\/#primaryimage\"},\"image\":{\"@id\":\"https:\/\/now-news.de\/de\/deutschland\/sowjetisches-ehrenmal-und-kz-gedenktafel-in-neubrandenburg-mit-blau-gelben-nazi-symbolen-geschaendet\/#primaryimage\"},\"thumbnailUrl\":\"https:\/\/now-news.de\/de\/wp-content\/uploads\/sites\/3\/2022\/04\/Sowjetisches-Ehrenmal-und-KZ-Gedenktafel-in-Neubrandenburg-mit-blau-gelben-Nazi-Symbolen-geschaendet.jpeg\",\"datePublished\":\"2022-04-20T18:07:36+00:00\",\"dateModified\":\"2022-04-20T18:07:36+00:00\",\"breadcrumb\":{\"@id\":\"https:\/\/now-news.de\/de\/deutschland\/sowjetisches-ehrenmal-und-kz-gedenktafel-in-neubrandenburg-mit-blau-gelben-nazi-symbolen-geschaendet\/#breadcrumb\"},\"inLanguage\":\"de\",\"potentialAction\":[{\"@type\":\"ReadAction\",\"target\":[\"https:\/\/now-news.de\/de\/deutschland\/sowjetisches-ehrenmal-und-kz-gedenktafel-in-neubrandenburg-mit-blau-gelben-nazi-symbolen-geschaendet\/\"]}]},{\"@type\":\"ImageObject\",\"inLanguage\":\"de\",\"@id\":\"https:\/\/now-news.de\/de\/deutschland\/sowjetisches-ehrenmal-und-kz-gedenktafel-in-neubrandenburg-mit-blau-gelben-nazi-symbolen-geschaendet\/#primaryimage\",\"url\":\"https:\/\/now-news.de\/de\/wp-content\/uploads\/sites\/3\/2022\/04\/Sowjetisches-Ehrenmal-und-KZ-Gedenktafel-in-Neubrandenburg-mit-blau-gelben-Nazi-Symbolen-geschaendet.jpeg\",\"contentUrl\":\"https:\/\/now-news.de\/de\/wp-content\/uploads\/sites\/3\/2022\/04\/Sowjetisches-Ehrenmal-und-KZ-Gedenktafel-in-Neubrandenburg-mit-blau-gelben-Nazi-Symbolen-geschaendet.jpeg\",\"width\":1104,\"height\":622,\"caption\":\"Sowjetisches Ehrenmal und KZ-Gedenktafel in Neubrandenburg mit blau-gelben Nazi-Symbolen gesch\u00e4ndet\"},{\"@type\":\"BreadcrumbList\",\"@id\":\"https:\/\/now-news.de\/de\/deutschland\/sowjetisches-ehrenmal-und-kz-gedenktafel-in-neubrandenburg-mit-blau-gelben-nazi-symbolen-geschaendet\/#breadcrumb\",\"itemListElement\":[{\"@type\":\"ListItem\",\"position\":1,\"name\":\"Home\",\"item\":\"https:\/\/now-news.de\/de\/\"},{\"@type\":\"ListItem\",\"position\":2,\"name\":\"Sowjetisches Ehrenmal und KZ-Gedenktafel in Neubrandenburg mit blau-gelben Nazi-Symbolen gesch\u00e4ndet\"}]},{\"@type\":\"WebSite\",\"@id\":\"https:\/\/now-news.de\/de\/#website\",\"url\":\"https:\/\/now-news.de\/de\/\",\"name\":\"just-now.NEWS Deutschland\",\"description\":\"Das Portal f\u00fcr unzensierte Nachrichten aus der Welt\",\"publisher\":{\"@id\":\"https:\/\/now-news.de\/de\/#organization\"},\"potentialAction\":[{\"@type\":\"SearchAction\",\"target\":{\"@type\":\"EntryPoint\",\"urlTemplate\":\"https:\/\/now-news.de\/de\/?s={search_term_string}\"},\"query-input\":\"required name=search_term_string\"}],\"inLanguage\":\"de\"},{\"@type\":\"Organization\",\"@id\":\"https:\/\/now-news.de\/de\/#organization\",\"name\":\"Just Now News\",\"url\":\"https:\/\/now-news.de\/de\/\",\"logo\":{\"@type\":\"ImageObject\",\"inLanguage\":\"de\",\"@id\":\"https:\/\/now-news.de\/de\/#\/schema\/logo\/image\/\",\"url\":\"http:\/\/just-now.news\/de\/wp-content\/uploads\/sites\/3\/2022\/04\/logo500x500.jpg\",\"contentUrl\":\"http:\/\/just-now.news\/de\/wp-content\/uploads\/sites\/3\/2022\/04\/logo500x500.jpg\",\"width\":500,\"height\":500,\"caption\":\"Just Now News\"},\"image\":{\"@id\":\"https:\/\/now-news.de\/de\/#\/schema\/logo\/image\/\"},\"sameAs\":[\"https:\/\/www.facebook.com\/wirmachenauf\",\"https:\/\/x.com\/WirMachenAuf_de\"]},{\"@type\":\"Person\",\"@id\":\"https:\/\/now-news.de\/de\/#\/schema\/person\/fb534a4e865501d8b3285208df34a9b5\",\"name\":\"rtnews\",\"image\":{\"@type\":\"ImageObject\",\"inLanguage\":\"de\",\"@id\":\"https:\/\/now-news.de\/de\/#\/schema\/person\/image\/\",\"url\":\"https:\/\/secure.gravatar.com\/avatar\/82aafea7d8127119dd649515f56e2117?s=96&d=mm&r=g\",\"contentUrl\":\"https:\/\/secure.gravatar.com\/avatar\/82aafea7d8127119dd649515f56e2117?s=96&d=mm&r=g\",\"caption\":\"rtnews\"},\"url\":\"https:\/\/now-news.de\/de\/author\/rnews\/\"}]}<\/script>\n<!-- \/ Yoast SEO Premium plugin. -->","yoast_head_json":{"title":"Sowjetisches Ehrenmal und KZ-Gedenktafel in Neubrandenburg mit blau-gelben Nazi-Symbolen gesch\u00e4ndet - just-now.NEWS Deutschland","robots":{"index":"index","follow":"follow","max-snippet":"max-snippet:-1","max-image-preview":"max-image-preview:large","max-video-preview":"max-video-preview:-1"},"canonical":"https:\/\/now-news.de\/de\/deutschland\/sowjetisches-ehrenmal-und-kz-gedenktafel-in-neubrandenburg-mit-blau-gelben-nazi-symbolen-geschaendet\/","og_locale":"de_DE","og_type":"article","og_title":"Sowjetisches Ehrenmal und KZ-Gedenktafel in Neubrandenburg mit blau-gelben Nazi-Symbolen gesch\u00e4ndet","og_description":"Wie der\u00a0Nordkurier\u00a0aus Neubrandenburg\u00a0berichtet, wurden auf dem st\u00e4dtischen Neuen Friedhof heute Nazi-Schmierereien und ukrainische nationalistische Parolen entdeckt. Mit blauer und gelber Farbe wurden das sowjetische Ehrenmal und eine KZ-Gedenktafel gesch\u00e4ndet. An sowjetischen Ehrendenkmalen f\u00fcr die Gefallenen der Roten Armee prangten kyrillische Schriftz\u00fcge sowie #Nazi-Symbole &#8211; in Blau und Gelb.https:\/\/t.co\/ddFRBfGH2B#Ehrenmal#Ukraine\ufe0f#Russland#Neubrandenburg \u2014 Nordkurier (@Nordkurier) April 20, 2022 Die [&hellip;]","og_url":"https:\/\/now-news.de\/de\/deutschland\/sowjetisches-ehrenmal-und-kz-gedenktafel-in-neubrandenburg-mit-blau-gelben-nazi-symbolen-geschaendet\/","og_site_name":"just-now.NEWS Deutschland","article_publisher":"https:\/\/www.facebook.com\/wirmachenauf","article_published_time":"2022-04-20T18:07:36+00:00","og_image":[{"width":1104,"height":622,"url":"https:\/\/now-news.de\/de\/wp-content\/uploads\/sites\/3\/2022\/04\/Sowjetisches-Ehrenmal-und-KZ-Gedenktafel-in-Neubrandenburg-mit-blau-gelben-Nazi-Symbolen-geschaendet.jpeg","type":"image\/jpeg"}],"author":"rtnews","twitter_card":"summary_large_image","twitter_creator":"@WirMachenAuf_de","twitter_site":"@WirMachenAuf_de","twitter_misc":{"Verfasst von":"rtnews","Gesch\u00e4tzte Lesezeit":"3\u00a0Minuten"},"schema":{"@context":"https:\/\/schema.org","@graph":[{"@type":"Article","@id":"https:\/\/now-news.de\/de\/deutschland\/sowjetisches-ehrenmal-und-kz-gedenktafel-in-neubrandenburg-mit-blau-gelben-nazi-symbolen-geschaendet\/#article","isPartOf":{"@id":"https:\/\/now-news.de\/de\/deutschland\/sowjetisches-ehrenmal-und-kz-gedenktafel-in-neubrandenburg-mit-blau-gelben-nazi-symbolen-geschaendet\/"},"author":{"name":"rtnews","@id":"https:\/\/now-news.de\/de\/#\/schema\/person\/fb534a4e865501d8b3285208df34a9b5"},"headline":"Sowjetisches Ehrenmal und KZ-Gedenktafel in Neubrandenburg mit blau-gelben Nazi-Symbolen gesch\u00e4ndet","datePublished":"2022-04-20T18:07:36+00:00","dateModified":"2022-04-20T18:07:36+00:00","mainEntityOfPage":{"@id":"https:\/\/now-news.de\/de\/deutschland\/sowjetisches-ehrenmal-und-kz-gedenktafel-in-neubrandenburg-mit-blau-gelben-nazi-symbolen-geschaendet\/"},"wordCount":531,"commentCount":0,"publisher":{"@id":"https:\/\/now-news.de\/de\/#organization"},"image":{"@id":"https:\/\/now-news.de\/de\/deutschland\/sowjetisches-ehrenmal-und-kz-gedenktafel-in-neubrandenburg-mit-blau-gelben-nazi-symbolen-geschaendet\/#primaryimage"},"thumbnailUrl":"https:\/\/now-news.de\/de\/wp-content\/uploads\/sites\/3\/2022\/04\/Sowjetisches-Ehrenmal-und-KZ-Gedenktafel-in-Neubrandenburg-mit-blau-gelben-Nazi-Symbolen-geschaendet.jpeg","keywords":["blaugelben","Ehrenmal","gesch\u00e4ndet","KZGedenktafel","mit","NaziSymbolen","Neubrandenburg","Sowjetisches","und"],"articleSection":["Deutschland","Russland"],"inLanguage":"de","potentialAction":[{"@type":"CommentAction","name":"Comment","target":["https:\/\/now-news.de\/de\/deutschland\/sowjetisches-ehrenmal-und-kz-gedenktafel-in-neubrandenburg-mit-blau-gelben-nazi-symbolen-geschaendet\/#respond"]}]},{"@type":"WebPage","@id":"https:\/\/now-news.de\/de\/deutschland\/sowjetisches-ehrenmal-und-kz-gedenktafel-in-neubrandenburg-mit-blau-gelben-nazi-symbolen-geschaendet\/","url":"https:\/\/now-news.de\/de\/deutschland\/sowjetisches-ehrenmal-und-kz-gedenktafel-in-neubrandenburg-mit-blau-gelben-nazi-symbolen-geschaendet\/","name":"Sowjetisches Ehrenmal und KZ-Gedenktafel in Neubrandenburg mit blau-gelben Nazi-Symbolen gesch\u00e4ndet - just-now.NEWS Deutschland","isPartOf":{"@id":"https:\/\/now-news.de\/de\/#website"},"primaryImageOfPage":{"@id":"https:\/\/now-news.de\/de\/deutschland\/sowjetisches-ehrenmal-und-kz-gedenktafel-in-neubrandenburg-mit-blau-gelben-nazi-symbolen-geschaendet\/#primaryimage"},"image":{"@id":"https:\/\/now-news.de\/de\/deutschland\/sowjetisches-ehrenmal-und-kz-gedenktafel-in-neubrandenburg-mit-blau-gelben-nazi-symbolen-geschaendet\/#primaryimage"},"thumbnailUrl":"https:\/\/now-news.de\/de\/wp-content\/uploads\/sites\/3\/2022\/04\/Sowjetisches-Ehrenmal-und-KZ-Gedenktafel-in-Neubrandenburg-mit-blau-gelben-Nazi-Symbolen-geschaendet.jpeg","datePublished":"2022-04-20T18:07:36+00:00","dateModified":"2022-04-20T18:07:36+00:00","breadcrumb":{"@id":"https:\/\/now-news.de\/de\/deutschland\/sowjetisches-ehrenmal-und-kz-gedenktafel-in-neubrandenburg-mit-blau-gelben-nazi-symbolen-geschaendet\/#breadcrumb"},"inLanguage":"de","potentialAction":[{"@type":"ReadAction","target":["https:\/\/now-news.de\/de\/deutschland\/sowjetisches-ehrenmal-und-kz-gedenktafel-in-neubrandenburg-mit-blau-gelben-nazi-symbolen-geschaendet\/"]}]},{"@type":"ImageObject","inLanguage":"de","@id":"https:\/\/now-news.de\/de\/deutschland\/sowjetisches-ehrenmal-und-kz-gedenktafel-in-neubrandenburg-mit-blau-gelben-nazi-symbolen-geschaendet\/#primaryimage","url":"https:\/\/now-news.de\/de\/wp-content\/uploads\/sites\/3\/2022\/04\/Sowjetisches-Ehrenmal-und-KZ-Gedenktafel-in-Neubrandenburg-mit-blau-gelben-Nazi-Symbolen-geschaendet.jpeg","contentUrl":"https:\/\/now-news.de\/de\/wp-content\/uploads\/sites\/3\/2022\/04\/Sowjetisches-Ehrenmal-und-KZ-Gedenktafel-in-Neubrandenburg-mit-blau-gelben-Nazi-Symbolen-geschaendet.jpeg","width":1104,"height":622,"caption":"Sowjetisches Ehrenmal und KZ-Gedenktafel in Neubrandenburg mit blau-gelben Nazi-Symbolen gesch\u00e4ndet"},{"@type":"BreadcrumbList","@id":"https:\/\/now-news.de\/de\/deutschland\/sowjetisches-ehrenmal-und-kz-gedenktafel-in-neubrandenburg-mit-blau-gelben-nazi-symbolen-geschaendet\/#breadcrumb","itemListElement":[{"@type":"ListItem","position":1,"name":"Home","item":"https:\/\/now-news.de\/de\/"},{"@type":"ListItem","position":2,"name":"Sowjetisches Ehrenmal und KZ-Gedenktafel in Neubrandenburg mit blau-gelben Nazi-Symbolen gesch\u00e4ndet"}]},{"@type":"WebSite","@id":"https:\/\/now-news.de\/de\/#website","url":"https:\/\/now-news.de\/de\/","name":"just-now.NEWS Deutschland","description":"Das Portal f\u00fcr unzensierte Nachrichten aus der Welt","publisher":{"@id":"https:\/\/now-news.de\/de\/#organization"},"potentialAction":[{"@type":"SearchAction","target":{"@type":"EntryPoint","urlTemplate":"https:\/\/now-news.de\/de\/?s={search_term_string}"},"query-input":"required name=search_term_string"}],"inLanguage":"de"},{"@type":"Organization","@id":"https:\/\/now-news.de\/de\/#organization","name":"Just Now News","url":"https:\/\/now-news.de\/de\/","logo":{"@type":"ImageObject","inLanguage":"de","@id":"https:\/\/now-news.de\/de\/#\/schema\/logo\/image\/","url":"http:\/\/just-now.news\/de\/wp-content\/uploads\/sites\/3\/2022\/04\/logo500x500.jpg","contentUrl":"http:\/\/just-now.news\/de\/wp-content\/uploads\/sites\/3\/2022\/04\/logo500x500.jpg","width":500,"height":500,"caption":"Just Now News"},"image":{"@id":"https:\/\/now-news.de\/de\/#\/schema\/logo\/image\/"},"sameAs":["https:\/\/www.facebook.com\/wirmachenauf","https:\/\/x.com\/WirMachenAuf_de"]},{"@type":"Person","@id":"https:\/\/now-news.de\/de\/#\/schema\/person\/fb534a4e865501d8b3285208df34a9b5","name":"rtnews","image":{"@type":"ImageObject","inLanguage":"de","@id":"https:\/\/now-news.de\/de\/#\/schema\/person\/image\/","url":"https:\/\/secure.gravatar.com\/avatar\/82aafea7d8127119dd649515f56e2117?s=96&d=mm&r=g","contentUrl":"https:\/\/secure.gravatar.com\/avatar\/82aafea7d8127119dd649515f56e2117?s=96&d=mm&r=g","caption":"rtnews"},"url":"https:\/\/now-news.de\/de\/author\/rnews\/"}]}},"_links":{"self":[{"href":"https:\/\/now-news.de\/de\/wp-json\/wp\/v2\/posts\/1827"}],"collection":[{"href":"https:\/\/now-news.de\/de\/wp-json\/wp\/v2\/posts"}],"about":[{"href":"https:\/\/now-news.de\/de\/wp-json\/wp\/v2\/types\/post"}],"author":[{"embeddable":true,"href":"https:\/\/now-news.de\/de\/wp-json\/wp\/v2\/users\/3"}],"replies":[{"embeddable":true,"href":"https:\/\/now-news.de\/de\/wp-json\/wp\/v2\/comments?post=1827"}],"version-history":[{"count":0,"href":"https:\/\/now-news.de\/de\/wp-json\/wp\/v2\/posts\/1827\/revisions"}],"wp:featuredmedia":[{"embeddable":true,"href":"https:\/\/now-news.de\/de\/wp-json\/wp\/v2\/media\/1828"}],"wp:attachment":[{"href":"https:\/\/now-news.de\/de\/wp-json\/wp\/v2\/media?parent=1827"}],"wp:term":[{"taxonomy":"category","embeddable":true,"href":"https:\/\/now-news.de\/de\/wp-json\/wp\/v2\/categories?post=1827"},{"taxonomy":"post_tag","embeddable":true,"href":"https:\/\/now-news.de\/de\/wp-json\/wp\/v2\/tags?post=1827"}],"curies":[{"name":"wp","href":"https:\/\/api.w.org\/{rel}","templated":true}]}}