{"id":18238,"date":"2022-09-02T10:01:16","date_gmt":"2022-09-02T08:01:16","guid":{"rendered":"http:\/\/just-now.news\/de\/deutschland\/ema-erteilt-zulassung-fuer-an-omikron-variante-ba-1-angepasste-impfstoffe\/"},"modified":"2022-09-02T10:01:16","modified_gmt":"2022-09-02T08:01:16","slug":"ema-erteilt-zulassung-fuer-an-omikron-variante-ba-1-angepasste-impfstoffe","status":"publish","type":"post","link":"https:\/\/now-news.de\/de\/deutschland\/ema-erteilt-zulassung-fuer-an-omikron-variante-ba-1-angepasste-impfstoffe\/","title":{"rendered":"EMA erteilt Zulassung f\u00fcr an Omikron-Variante BA.1 angepasste Impfstoffe"},"content":{"rendered":"<p><img decoding=\"async\" src=\"http:\/\/just-now.news\/de\/wp-content\/uploads\/sites\/3\/2022\/09\/63111a6848fbef732c09e0e2.jpg\" \/><\/p>\n<div class=\"Text-root Text-type_1 \">\n                Die Europ\u00e4ische Arzneimittelagentur hat den auf die Omikron-Subvariante BA.1 angepassten BioNTech\/Pfizer Impfstoffpr\u00e4paraten am Donnerstag die Zulassung erteilt. Laut Bundesgesundheitsminister Karl Lauterbach k\u00f6nnen diese bereits in der kommenden Woche ausgeliefert werden.\n            <\/div>\n<p><\/p>\n<div class=\"Text-root Text-type_5 ArticleView-text ViewText-root \">\n<p>Die Europ\u00e4ische Arzneimittelagentur EMA in Amsterdam hat am Donnerstag den BioNTech\/Pfizer-Impfstoffen, die an die Omikron-Subvariante BA.1 angepasst sind, die Zulassung erteilt. Diese d\u00fcrfen nun innerhalb der Europ\u00e4ischen Union verimpft werden. Aktuell spielt diese Subvariante allerdings keine Rolle mehr. Die Zulassung beruht somit mehr oder weniger auf der Hoffnung, dass diese auch gegen die aktuell dominierenden Subvarianten wirkt. Die EU-Kommission will die Empfehlung der EMA m\u00f6glicherweise sehr zeitnah annehmen. Laut Bundesgesundheitsminister Karl Lauterbach (SPD) sollen die angepassten Vakzine bereits in der kommenden Woche in Deutschland ausgeliefert werden.<\/p>\n<p>Die EMA pr\u00fcft zudem noch die Zulassung von mRNA-Vakzinen, die an die aktuellen Omikron-Varianten BA.4 und BA.5 angepasst sind. Wie es in einem Schreiben von Lauterbach hei\u00dft, k\u00f6nne Deutschland von BioNTech\/Pfizer mit einer ersten Tranche von 9,5 Millionen Dosen beliefert werden, sofern die EU-Kommission diese Impfstoffe Ende September oder Anfang Oktober zulassen sollte.<\/p>\n<p><strong>Mehr zum Thema &#8211;<\/strong>\u00a0<a rel=\"nofollow noopener\" target=\"_blank\" href=\"https:\/\/meinungsfreiheit.rtde.life\/inland\/147063-biontech-chef-sahin-neuer-omikron\/\">BioNTech-Chef \u015eahin: Neuer Omikron-Impfstoff k\u00f6nnte Anfang September ausgeliefert werden<\/a><\/p>\n<\/p>\n<\/div>\n<p><br \/>\n<br \/><a href=\"https:\/\/de.rt.com\/inland\/147770-ema-erteilt-zulassung-fur-an\/\">Source link <\/a><\/p>\n","protected":false},"excerpt":{"rendered":"<p>Die Europ\u00e4ische Arzneimittelagentur hat den auf die Omikron-Subvariante BA.1 angepassten BioNTech\/Pfizer Impfstoffpr\u00e4paraten am Donnerstag die Zulassung erteilt. Laut Bundesgesundheitsminister Karl Lauterbach k\u00f6nnen diese bereits in der kommenden Woche ausgeliefert werden. Die Europ\u00e4ische Arzneimittelagentur EMA in Amsterdam hat am Donnerstag den BioNTech\/Pfizer-Impfstoffen, die an die Omikron-Subvariante BA.1 angepasst sind, die Zulassung erteilt. Diese d\u00fcrfen nun innerhalb [&hellip;]<\/p>\n","protected":false},"author":3,"featured_media":18239,"comment_status":"open","ping_status":"open","sticky":false,"template":"","format":"standard","meta":{"wp_automatic_camp":["217"],"830044969d95d72ec7d2fdd92fbc5174":["EMA erteilt Zulassung f\u00fcr an Omikron-Variante BA.1 angepasste Impfstoffe"],"original_link":["https:\/\/de.rt.com\/inland\/147770-ema-erteilt-zulassung-fur-an\/"],"_thumbnail_id":["18239"],"_wptg_p2tg_sent2tg":["2022-09-02 10:03:56"],"jnews_social_counter_last_update":["1777647805"]},"categories":[19,23],"tags":[24402,32145,32143,24567,221,20351,32144,10895],"yoast_head":"<!-- This site is optimized with the Yoast SEO Premium plugin v22.7 (Yoast SEO v22.7) - https:\/\/yoast.com\/wordpress\/plugins\/seo\/ -->\n<title>EMA erteilt Zulassung f\u00fcr an Omikron-Variante BA.1 angepasste Impfstoffe - just-now.NEWS Deutschland<\/title>\n<meta name=\"robots\" content=\"index, follow, max-snippet:-1, max-image-preview:large, max-video-preview:-1\" \/>\n<link rel=\"canonical\" href=\"https:\/\/now-news.de\/de\/deutschland\/ema-erteilt-zulassung-fuer-an-omikron-variante-ba-1-angepasste-impfstoffe\/\" \/>\n<meta property=\"og:locale\" content=\"de_DE\" \/>\n<meta property=\"og:type\" content=\"article\" \/>\n<meta property=\"og:title\" content=\"EMA erteilt Zulassung f\u00fcr an Omikron-Variante BA.1 angepasste Impfstoffe\" \/>\n<meta property=\"og:description\" content=\"Die Europ\u00e4ische Arzneimittelagentur hat den auf die Omikron-Subvariante BA.1 angepassten BioNTech\/Pfizer Impfstoffpr\u00e4paraten am Donnerstag die Zulassung erteilt. Laut Bundesgesundheitsminister Karl Lauterbach k\u00f6nnen diese bereits in der kommenden Woche ausgeliefert werden. Die Europ\u00e4ische Arzneimittelagentur EMA in Amsterdam hat am Donnerstag den BioNTech\/Pfizer-Impfstoffen, die an die Omikron-Subvariante BA.1 angepasst sind, die Zulassung erteilt. Diese d\u00fcrfen nun innerhalb [&hellip;]\" \/>\n<meta property=\"og:url\" content=\"https:\/\/now-news.de\/de\/deutschland\/ema-erteilt-zulassung-fuer-an-omikron-variante-ba-1-angepasste-impfstoffe\/\" \/>\n<meta property=\"og:site_name\" content=\"just-now.NEWS Deutschland\" \/>\n<meta property=\"article:publisher\" content=\"https:\/\/www.facebook.com\/wirmachenauf\" \/>\n<meta property=\"article:published_time\" content=\"2022-09-02T08:01:16+00:00\" \/>\n<meta property=\"og:image\" content=\"https:\/\/now-news.de\/de\/wp-content\/uploads\/sites\/3\/2022\/09\/EMA-erteilt-Zulassung-fuer-an-Omikron-Variante-BA1-angepasste-Impfstoffe.jpg\" \/>\n\t<meta property=\"og:image:width\" content=\"460\" \/>\n\t<meta property=\"og:image:height\" content=\"259\" \/>\n\t<meta property=\"og:image:type\" content=\"image\/jpeg\" \/>\n<meta name=\"author\" content=\"rtnews\" \/>\n<meta name=\"twitter:card\" content=\"summary_large_image\" \/>\n<meta name=\"twitter:creator\" content=\"@WirMachenAuf_de\" \/>\n<meta name=\"twitter:site\" content=\"@WirMachenAuf_de\" \/>\n<meta name=\"twitter:label1\" content=\"Verfasst von\" \/>\n\t<meta name=\"twitter:data1\" content=\"rtnews\" \/>\n\t<meta name=\"twitter:label2\" content=\"Gesch\u00e4tzte Lesezeit\" \/>\n\t<meta name=\"twitter:data2\" content=\"1\u00a0Minute\" \/>\n<script type=\"application\/ld+json\" class=\"yoast-schema-graph\">{\"@context\":\"https:\/\/schema.org\",\"@graph\":[{\"@type\":\"Article\",\"@id\":\"https:\/\/now-news.de\/de\/deutschland\/ema-erteilt-zulassung-fuer-an-omikron-variante-ba-1-angepasste-impfstoffe\/#article\",\"isPartOf\":{\"@id\":\"https:\/\/now-news.de\/de\/deutschland\/ema-erteilt-zulassung-fuer-an-omikron-variante-ba-1-angepasste-impfstoffe\/\"},\"author\":{\"name\":\"rtnews\",\"@id\":\"https:\/\/now-news.de\/de\/#\/schema\/person\/fb534a4e865501d8b3285208df34a9b5\"},\"headline\":\"EMA erteilt Zulassung f\u00fcr an Omikron-Variante BA.1 angepasste Impfstoffe\",\"datePublished\":\"2022-09-02T08:01:16+00:00\",\"dateModified\":\"2022-09-02T08:01:16+00:00\",\"mainEntityOfPage\":{\"@id\":\"https:\/\/now-news.de\/de\/deutschland\/ema-erteilt-zulassung-fuer-an-omikron-variante-ba-1-angepasste-impfstoffe\/\"},\"wordCount\":208,\"commentCount\":0,\"publisher\":{\"@id\":\"https:\/\/now-news.de\/de\/#organization\"},\"image\":{\"@id\":\"https:\/\/now-news.de\/de\/deutschland\/ema-erteilt-zulassung-fuer-an-omikron-variante-ba-1-angepasste-impfstoffe\/#primaryimage\"},\"thumbnailUrl\":\"https:\/\/now-news.de\/de\/wp-content\/uploads\/sites\/3\/2022\/09\/EMA-erteilt-Zulassung-fuer-an-Omikron-Variante-BA1-angepasste-Impfstoffe.jpg\",\"keywords\":[\"angepasste\",\"BA1\",\"EMA\",\"erteilt\",\"f\u00fcr\",\"Impfstoffe\",\"OmikronVariante\",\"Zulassung\"],\"articleSection\":[\"Deutschland\",\"Russland\"],\"inLanguage\":\"de\",\"potentialAction\":[{\"@type\":\"CommentAction\",\"name\":\"Comment\",\"target\":[\"https:\/\/now-news.de\/de\/deutschland\/ema-erteilt-zulassung-fuer-an-omikron-variante-ba-1-angepasste-impfstoffe\/#respond\"]}]},{\"@type\":\"WebPage\",\"@id\":\"https:\/\/now-news.de\/de\/deutschland\/ema-erteilt-zulassung-fuer-an-omikron-variante-ba-1-angepasste-impfstoffe\/\",\"url\":\"https:\/\/now-news.de\/de\/deutschland\/ema-erteilt-zulassung-fuer-an-omikron-variante-ba-1-angepasste-impfstoffe\/\",\"name\":\"EMA erteilt Zulassung f\u00fcr an Omikron-Variante BA.1 angepasste Impfstoffe - just-now.NEWS Deutschland\",\"isPartOf\":{\"@id\":\"https:\/\/now-news.de\/de\/#website\"},\"primaryImageOfPage\":{\"@id\":\"https:\/\/now-news.de\/de\/deutschland\/ema-erteilt-zulassung-fuer-an-omikron-variante-ba-1-angepasste-impfstoffe\/#primaryimage\"},\"image\":{\"@id\":\"https:\/\/now-news.de\/de\/deutschland\/ema-erteilt-zulassung-fuer-an-omikron-variante-ba-1-angepasste-impfstoffe\/#primaryimage\"},\"thumbnailUrl\":\"https:\/\/now-news.de\/de\/wp-content\/uploads\/sites\/3\/2022\/09\/EMA-erteilt-Zulassung-fuer-an-Omikron-Variante-BA1-angepasste-Impfstoffe.jpg\",\"datePublished\":\"2022-09-02T08:01:16+00:00\",\"dateModified\":\"2022-09-02T08:01:16+00:00\",\"breadcrumb\":{\"@id\":\"https:\/\/now-news.de\/de\/deutschland\/ema-erteilt-zulassung-fuer-an-omikron-variante-ba-1-angepasste-impfstoffe\/#breadcrumb\"},\"inLanguage\":\"de\",\"potentialAction\":[{\"@type\":\"ReadAction\",\"target\":[\"https:\/\/now-news.de\/de\/deutschland\/ema-erteilt-zulassung-fuer-an-omikron-variante-ba-1-angepasste-impfstoffe\/\"]}]},{\"@type\":\"ImageObject\",\"inLanguage\":\"de\",\"@id\":\"https:\/\/now-news.de\/de\/deutschland\/ema-erteilt-zulassung-fuer-an-omikron-variante-ba-1-angepasste-impfstoffe\/#primaryimage\",\"url\":\"https:\/\/now-news.de\/de\/wp-content\/uploads\/sites\/3\/2022\/09\/EMA-erteilt-Zulassung-fuer-an-Omikron-Variante-BA1-angepasste-Impfstoffe.jpg\",\"contentUrl\":\"https:\/\/now-news.de\/de\/wp-content\/uploads\/sites\/3\/2022\/09\/EMA-erteilt-Zulassung-fuer-an-Omikron-Variante-BA1-angepasste-Impfstoffe.jpg\",\"width\":460,\"height\":259,\"caption\":\"EMA erteilt Zulassung f\u00fcr an Omikron-Variante BA.1 angepasste Impfstoffe\"},{\"@type\":\"BreadcrumbList\",\"@id\":\"https:\/\/now-news.de\/de\/deutschland\/ema-erteilt-zulassung-fuer-an-omikron-variante-ba-1-angepasste-impfstoffe\/#breadcrumb\",\"itemListElement\":[{\"@type\":\"ListItem\",\"position\":1,\"name\":\"Home\",\"item\":\"https:\/\/now-news.de\/de\/\"},{\"@type\":\"ListItem\",\"position\":2,\"name\":\"EMA erteilt Zulassung f\u00fcr an Omikron-Variante BA.1 angepasste Impfstoffe\"}]},{\"@type\":\"WebSite\",\"@id\":\"https:\/\/now-news.de\/de\/#website\",\"url\":\"https:\/\/now-news.de\/de\/\",\"name\":\"just-now.NEWS Deutschland\",\"description\":\"Das Portal f\u00fcr unzensierte Nachrichten aus der Welt\",\"publisher\":{\"@id\":\"https:\/\/now-news.de\/de\/#organization\"},\"potentialAction\":[{\"@type\":\"SearchAction\",\"target\":{\"@type\":\"EntryPoint\",\"urlTemplate\":\"https:\/\/now-news.de\/de\/?s={search_term_string}\"},\"query-input\":\"required name=search_term_string\"}],\"inLanguage\":\"de\"},{\"@type\":\"Organization\",\"@id\":\"https:\/\/now-news.de\/de\/#organization\",\"name\":\"Just Now News\",\"url\":\"https:\/\/now-news.de\/de\/\",\"logo\":{\"@type\":\"ImageObject\",\"inLanguage\":\"de\",\"@id\":\"https:\/\/now-news.de\/de\/#\/schema\/logo\/image\/\",\"url\":\"http:\/\/just-now.news\/de\/wp-content\/uploads\/sites\/3\/2022\/04\/logo500x500.jpg\",\"contentUrl\":\"http:\/\/just-now.news\/de\/wp-content\/uploads\/sites\/3\/2022\/04\/logo500x500.jpg\",\"width\":500,\"height\":500,\"caption\":\"Just Now News\"},\"image\":{\"@id\":\"https:\/\/now-news.de\/de\/#\/schema\/logo\/image\/\"},\"sameAs\":[\"https:\/\/www.facebook.com\/wirmachenauf\",\"https:\/\/x.com\/WirMachenAuf_de\"]},{\"@type\":\"Person\",\"@id\":\"https:\/\/now-news.de\/de\/#\/schema\/person\/fb534a4e865501d8b3285208df34a9b5\",\"name\":\"rtnews\",\"image\":{\"@type\":\"ImageObject\",\"inLanguage\":\"de\",\"@id\":\"https:\/\/now-news.de\/de\/#\/schema\/person\/image\/\",\"url\":\"https:\/\/secure.gravatar.com\/avatar\/82aafea7d8127119dd649515f56e2117?s=96&d=mm&r=g\",\"contentUrl\":\"https:\/\/secure.gravatar.com\/avatar\/82aafea7d8127119dd649515f56e2117?s=96&d=mm&r=g\",\"caption\":\"rtnews\"},\"url\":\"https:\/\/now-news.de\/de\/author\/rnews\/\"}]}<\/script>\n<!-- \/ Yoast SEO Premium plugin. -->","yoast_head_json":{"title":"EMA erteilt Zulassung f\u00fcr an Omikron-Variante BA.1 angepasste Impfstoffe - just-now.NEWS Deutschland","robots":{"index":"index","follow":"follow","max-snippet":"max-snippet:-1","max-image-preview":"max-image-preview:large","max-video-preview":"max-video-preview:-1"},"canonical":"https:\/\/now-news.de\/de\/deutschland\/ema-erteilt-zulassung-fuer-an-omikron-variante-ba-1-angepasste-impfstoffe\/","og_locale":"de_DE","og_type":"article","og_title":"EMA erteilt Zulassung f\u00fcr an Omikron-Variante BA.1 angepasste Impfstoffe","og_description":"Die Europ\u00e4ische Arzneimittelagentur hat den auf die Omikron-Subvariante BA.1 angepassten BioNTech\/Pfizer Impfstoffpr\u00e4paraten am Donnerstag die Zulassung erteilt. Laut Bundesgesundheitsminister Karl Lauterbach k\u00f6nnen diese bereits in der kommenden Woche ausgeliefert werden. Die Europ\u00e4ische Arzneimittelagentur EMA in Amsterdam hat am Donnerstag den BioNTech\/Pfizer-Impfstoffen, die an die Omikron-Subvariante BA.1 angepasst sind, die Zulassung erteilt. Diese d\u00fcrfen nun innerhalb [&hellip;]","og_url":"https:\/\/now-news.de\/de\/deutschland\/ema-erteilt-zulassung-fuer-an-omikron-variante-ba-1-angepasste-impfstoffe\/","og_site_name":"just-now.NEWS Deutschland","article_publisher":"https:\/\/www.facebook.com\/wirmachenauf","article_published_time":"2022-09-02T08:01:16+00:00","og_image":[{"width":460,"height":259,"url":"https:\/\/now-news.de\/de\/wp-content\/uploads\/sites\/3\/2022\/09\/EMA-erteilt-Zulassung-fuer-an-Omikron-Variante-BA1-angepasste-Impfstoffe.jpg","type":"image\/jpeg"}],"author":"rtnews","twitter_card":"summary_large_image","twitter_creator":"@WirMachenAuf_de","twitter_site":"@WirMachenAuf_de","twitter_misc":{"Verfasst von":"rtnews","Gesch\u00e4tzte Lesezeit":"1\u00a0Minute"},"schema":{"@context":"https:\/\/schema.org","@graph":[{"@type":"Article","@id":"https:\/\/now-news.de\/de\/deutschland\/ema-erteilt-zulassung-fuer-an-omikron-variante-ba-1-angepasste-impfstoffe\/#article","isPartOf":{"@id":"https:\/\/now-news.de\/de\/deutschland\/ema-erteilt-zulassung-fuer-an-omikron-variante-ba-1-angepasste-impfstoffe\/"},"author":{"name":"rtnews","@id":"https:\/\/now-news.de\/de\/#\/schema\/person\/fb534a4e865501d8b3285208df34a9b5"},"headline":"EMA erteilt Zulassung f\u00fcr an Omikron-Variante BA.1 angepasste Impfstoffe","datePublished":"2022-09-02T08:01:16+00:00","dateModified":"2022-09-02T08:01:16+00:00","mainEntityOfPage":{"@id":"https:\/\/now-news.de\/de\/deutschland\/ema-erteilt-zulassung-fuer-an-omikron-variante-ba-1-angepasste-impfstoffe\/"},"wordCount":208,"commentCount":0,"publisher":{"@id":"https:\/\/now-news.de\/de\/#organization"},"image":{"@id":"https:\/\/now-news.de\/de\/deutschland\/ema-erteilt-zulassung-fuer-an-omikron-variante-ba-1-angepasste-impfstoffe\/#primaryimage"},"thumbnailUrl":"https:\/\/now-news.de\/de\/wp-content\/uploads\/sites\/3\/2022\/09\/EMA-erteilt-Zulassung-fuer-an-Omikron-Variante-BA1-angepasste-Impfstoffe.jpg","keywords":["angepasste","BA1","EMA","erteilt","f\u00fcr","Impfstoffe","OmikronVariante","Zulassung"],"articleSection":["Deutschland","Russland"],"inLanguage":"de","potentialAction":[{"@type":"CommentAction","name":"Comment","target":["https:\/\/now-news.de\/de\/deutschland\/ema-erteilt-zulassung-fuer-an-omikron-variante-ba-1-angepasste-impfstoffe\/#respond"]}]},{"@type":"WebPage","@id":"https:\/\/now-news.de\/de\/deutschland\/ema-erteilt-zulassung-fuer-an-omikron-variante-ba-1-angepasste-impfstoffe\/","url":"https:\/\/now-news.de\/de\/deutschland\/ema-erteilt-zulassung-fuer-an-omikron-variante-ba-1-angepasste-impfstoffe\/","name":"EMA erteilt Zulassung f\u00fcr an Omikron-Variante BA.1 angepasste Impfstoffe - just-now.NEWS Deutschland","isPartOf":{"@id":"https:\/\/now-news.de\/de\/#website"},"primaryImageOfPage":{"@id":"https:\/\/now-news.de\/de\/deutschland\/ema-erteilt-zulassung-fuer-an-omikron-variante-ba-1-angepasste-impfstoffe\/#primaryimage"},"image":{"@id":"https:\/\/now-news.de\/de\/deutschland\/ema-erteilt-zulassung-fuer-an-omikron-variante-ba-1-angepasste-impfstoffe\/#primaryimage"},"thumbnailUrl":"https:\/\/now-news.de\/de\/wp-content\/uploads\/sites\/3\/2022\/09\/EMA-erteilt-Zulassung-fuer-an-Omikron-Variante-BA1-angepasste-Impfstoffe.jpg","datePublished":"2022-09-02T08:01:16+00:00","dateModified":"2022-09-02T08:01:16+00:00","breadcrumb":{"@id":"https:\/\/now-news.de\/de\/deutschland\/ema-erteilt-zulassung-fuer-an-omikron-variante-ba-1-angepasste-impfstoffe\/#breadcrumb"},"inLanguage":"de","potentialAction":[{"@type":"ReadAction","target":["https:\/\/now-news.de\/de\/deutschland\/ema-erteilt-zulassung-fuer-an-omikron-variante-ba-1-angepasste-impfstoffe\/"]}]},{"@type":"ImageObject","inLanguage":"de","@id":"https:\/\/now-news.de\/de\/deutschland\/ema-erteilt-zulassung-fuer-an-omikron-variante-ba-1-angepasste-impfstoffe\/#primaryimage","url":"https:\/\/now-news.de\/de\/wp-content\/uploads\/sites\/3\/2022\/09\/EMA-erteilt-Zulassung-fuer-an-Omikron-Variante-BA1-angepasste-Impfstoffe.jpg","contentUrl":"https:\/\/now-news.de\/de\/wp-content\/uploads\/sites\/3\/2022\/09\/EMA-erteilt-Zulassung-fuer-an-Omikron-Variante-BA1-angepasste-Impfstoffe.jpg","width":460,"height":259,"caption":"EMA erteilt Zulassung f\u00fcr an Omikron-Variante BA.1 angepasste Impfstoffe"},{"@type":"BreadcrumbList","@id":"https:\/\/now-news.de\/de\/deutschland\/ema-erteilt-zulassung-fuer-an-omikron-variante-ba-1-angepasste-impfstoffe\/#breadcrumb","itemListElement":[{"@type":"ListItem","position":1,"name":"Home","item":"https:\/\/now-news.de\/de\/"},{"@type":"ListItem","position":2,"name":"EMA erteilt Zulassung f\u00fcr an Omikron-Variante BA.1 angepasste Impfstoffe"}]},{"@type":"WebSite","@id":"https:\/\/now-news.de\/de\/#website","url":"https:\/\/now-news.de\/de\/","name":"just-now.NEWS Deutschland","description":"Das Portal f\u00fcr unzensierte Nachrichten aus der Welt","publisher":{"@id":"https:\/\/now-news.de\/de\/#organization"},"potentialAction":[{"@type":"SearchAction","target":{"@type":"EntryPoint","urlTemplate":"https:\/\/now-news.de\/de\/?s={search_term_string}"},"query-input":"required name=search_term_string"}],"inLanguage":"de"},{"@type":"Organization","@id":"https:\/\/now-news.de\/de\/#organization","name":"Just Now News","url":"https:\/\/now-news.de\/de\/","logo":{"@type":"ImageObject","inLanguage":"de","@id":"https:\/\/now-news.de\/de\/#\/schema\/logo\/image\/","url":"http:\/\/just-now.news\/de\/wp-content\/uploads\/sites\/3\/2022\/04\/logo500x500.jpg","contentUrl":"http:\/\/just-now.news\/de\/wp-content\/uploads\/sites\/3\/2022\/04\/logo500x500.jpg","width":500,"height":500,"caption":"Just Now News"},"image":{"@id":"https:\/\/now-news.de\/de\/#\/schema\/logo\/image\/"},"sameAs":["https:\/\/www.facebook.com\/wirmachenauf","https:\/\/x.com\/WirMachenAuf_de"]},{"@type":"Person","@id":"https:\/\/now-news.de\/de\/#\/schema\/person\/fb534a4e865501d8b3285208df34a9b5","name":"rtnews","image":{"@type":"ImageObject","inLanguage":"de","@id":"https:\/\/now-news.de\/de\/#\/schema\/person\/image\/","url":"https:\/\/secure.gravatar.com\/avatar\/82aafea7d8127119dd649515f56e2117?s=96&d=mm&r=g","contentUrl":"https:\/\/secure.gravatar.com\/avatar\/82aafea7d8127119dd649515f56e2117?s=96&d=mm&r=g","caption":"rtnews"},"url":"https:\/\/now-news.de\/de\/author\/rnews\/"}]}},"_links":{"self":[{"href":"https:\/\/now-news.de\/de\/wp-json\/wp\/v2\/posts\/18238"}],"collection":[{"href":"https:\/\/now-news.de\/de\/wp-json\/wp\/v2\/posts"}],"about":[{"href":"https:\/\/now-news.de\/de\/wp-json\/wp\/v2\/types\/post"}],"author":[{"embeddable":true,"href":"https:\/\/now-news.de\/de\/wp-json\/wp\/v2\/users\/3"}],"replies":[{"embeddable":true,"href":"https:\/\/now-news.de\/de\/wp-json\/wp\/v2\/comments?post=18238"}],"version-history":[{"count":0,"href":"https:\/\/now-news.de\/de\/wp-json\/wp\/v2\/posts\/18238\/revisions"}],"wp:featuredmedia":[{"embeddable":true,"href":"https:\/\/now-news.de\/de\/wp-json\/wp\/v2\/media\/18239"}],"wp:attachment":[{"href":"https:\/\/now-news.de\/de\/wp-json\/wp\/v2\/media?parent=18238"}],"wp:term":[{"taxonomy":"category","embeddable":true,"href":"https:\/\/now-news.de\/de\/wp-json\/wp\/v2\/categories?post=18238"},{"taxonomy":"post_tag","embeddable":true,"href":"https:\/\/now-news.de\/de\/wp-json\/wp\/v2\/tags?post=18238"}],"curies":[{"name":"wp","href":"https:\/\/api.w.org\/{rel}","templated":true}]}}