{"id":18234,"date":"2022-09-02T08:09:50","date_gmt":"2022-09-02T06:09:50","guid":{"rendered":"http:\/\/just-now.news\/de\/deutschland\/argentiniens-praesident-spricht-von-mordanschlag-auf-kirchner\/"},"modified":"2022-09-02T08:09:50","modified_gmt":"2022-09-02T06:09:50","slug":"argentiniens-praesident-spricht-von-mordanschlag-auf-kirchner","status":"publish","type":"post","link":"https:\/\/now-news.de\/de\/deutschland\/argentiniens-praesident-spricht-von-mordanschlag-auf-kirchner\/","title":{"rendered":"Argentiniens Pr\u00e4sident spricht von Mordanschlag auf Kirchner"},"content":{"rendered":"<p><img decoding=\"async\" src=\"http:\/\/just-now.news\/de\/wp-content\/uploads\/sites\/3\/2022\/09\/63119cc8b480cc77fd279453.jpg\" \/><\/p>\n<div class=\"Text-root Text-type_1 \">\n                Bei einem Handgemenge vor der Wohnung der argentinischen Vizepr\u00e4sidentin Cristina Kirchner wurde am Donnerstag ein bewaffneter Mann festgenommen. Argentiniens Staatschef Alberto Fern\u00e1ndez bezeichnete den Vorfall als Mordanschlag auf Kirchner.\n            <\/div>\n<p><\/p>\n<div class=\"Text-root Text-type_5 ArticleView-text ViewText-root \">\n<p>Argentiniens Staatschef Alberto Fern\u00e1ndez hat den Vorfall vor dem Wohnhaus von Vizepr\u00e4sidentin Cristina Kirchner als Mordanschlag bezeichnet. Kurz nach 21.00 Uhr Ortszeit habe ein Mann ein Attentat auf das Leben der 69-J\u00e4hrigen ver\u00fcbt, sagte Fern\u00e1ndez am sp\u00e4ten Donnerstagabend (Ortszeit) in einer Fernsehansprache an die Bev\u00f6lkerung. Der Angreifer habe in einer Menschenmenge mit einer Schusswaffe auf den Kopf der ehemaligen Pr\u00e4sidentin gezielt und abgedr\u00fcckt. Es habe sich aber kein Schuss gel\u00f6st. Medienberichten zufolge blieb die Politikerin unverletzt.\u00a0Von dem Zwischenfall in der Hauptstadt Buenos Aires gibt es auch ein Video.<\/p>\n<div class=\"EmbedBlock-root EmbedBlock-twitter\">\n<div class=\"TwitterEmbed\">\n<blockquote class=\"twitter-tweet lazyload\" data-twitter=\"twitter-tweet\">\n<p lang=\"en\" dir=\"ltr\">Attempted assassination of Argentine Vice President Cristina Kirchner, the gun misfired. Argentina is defaulting on its loans and Cristina has been no friend of the central banks. You have to wonder if the attempted assassin is a patsy. <a rel=\"nofollow noopener\" target=\"_blank\" href=\"https:\/\/t.co\/aIxYCpqcU5\">pic.twitter.com\/aIxYCpqcU5<\/a><\/p>\n<p>\u2014 Syrian Girl ???????????? (@Partisangirl) <a rel=\"nofollow noopener\" target=\"_blank\" href=\"https:\/\/twitter.com\/Partisangirl\/status\/1565540554326151168?ref_src=twsrc%5Etfw\">September 2, 2022<\/a><\/p><\/blockquote>\n<\/div>\n<\/div>\n<p>&#8220;Cristina ist noch am Leben, weil die Waffe, die f\u00fcnf Kugeln enthielt, aus einem technisch noch nicht best\u00e4tigten Grund nicht geschossen hat, obwohl abgedr\u00fcckt wurde&#8221;, sagte der Pr\u00e4sident. Es handele sich um den schwerwiegendsten Vorfall seit Argentiniens R\u00fcckkehr zur Demokratie 1983. Der mutma\u00dfliche Attent\u00e4ter wurde festgenommen. Bei dem 35-J\u00e4hrigen sei eine Pistole sichergestellt worden, sagte Innenminister An\u00edbal Fern\u00e1ndez der Zeitung &#8220;Clar\u00edn&#8221;.<\/p>\n<p><strong>Mehr zum Thema<\/strong> \u2013 <a rel=\"nofollow noopener\" target=\"_blank\" href=\"https:\/\/deutsch.rt.com\/amerika\/147282-brasiliens-wahlkampf-in-der-endrunde\/\">Brasiliens Wahlkampf in der Endrunde \u2013 Lula weit vorne, Bolsonaro im Hintertreffen<\/a><\/p>\n<\/p>\n<p><em>(rt de\/dpa)<\/em><\/p>\n<\/div>\n<p><script async src=\"https:\/\/platform.twitter.com\/widgets.js\" charset=\"utf-8\"><\/script><br \/>\n<br \/><br \/>\n<br \/><a href=\"https:\/\/de.rt.com\/amerika\/147776-argentiniens-praesident-spricht-von-mordanschlag-auf-kirchner\/\">Source link <\/a><\/p>\n","protected":false},"excerpt":{"rendered":"<p>Bei einem Handgemenge vor der Wohnung der argentinischen Vizepr\u00e4sidentin Cristina Kirchner wurde am Donnerstag ein bewaffneter Mann festgenommen. Argentiniens Staatschef Alberto Fern\u00e1ndez bezeichnete den Vorfall als Mordanschlag auf Kirchner. Argentiniens Staatschef Alberto Fern\u00e1ndez hat den Vorfall vor dem Wohnhaus von Vizepr\u00e4sidentin Cristina Kirchner als Mordanschlag bezeichnet. Kurz nach 21.00 Uhr Ortszeit habe ein Mann ein [&hellip;]<\/p>\n","protected":false},"author":3,"featured_media":18235,"comment_status":"open","ping_status":"open","sticky":false,"template":"","format":"standard","meta":{"wp_automatic_camp":["217"],"156ecd1918942f979a7a80cbfb50bb28":["Argentiniens Pr\u00e4sident spricht von Mordanschlag auf Kirchner"],"original_link":["https:\/\/de.rt.com\/amerika\/147776-argentiniens-praesident-spricht-von-mordanschlag-auf-kirchner\/"],"_thumbnail_id":["18235"],"_wptg_p2tg_sent2tg":["2022-09-02 08:11:38"],"jnews_social_counter_last_update":["1777382164"]},"categories":[19,23],"tags":[26032,133,32139,23758,3464,4067,50],"yoast_head":"<!-- This site is optimized with the Yoast SEO Premium plugin v22.7 (Yoast SEO v22.7) - https:\/\/yoast.com\/wordpress\/plugins\/seo\/ -->\n<title>Argentiniens Pr\u00e4sident spricht von Mordanschlag auf Kirchner - just-now.NEWS Deutschland<\/title>\n<meta name=\"robots\" content=\"index, follow, max-snippet:-1, max-image-preview:large, max-video-preview:-1\" \/>\n<link rel=\"canonical\" href=\"https:\/\/now-news.de\/de\/deutschland\/argentiniens-praesident-spricht-von-mordanschlag-auf-kirchner\/\" \/>\n<meta property=\"og:locale\" content=\"de_DE\" \/>\n<meta property=\"og:type\" content=\"article\" \/>\n<meta property=\"og:title\" content=\"Argentiniens Pr\u00e4sident spricht von Mordanschlag auf Kirchner\" \/>\n<meta property=\"og:description\" content=\"Bei einem Handgemenge vor der Wohnung der argentinischen Vizepr\u00e4sidentin Cristina Kirchner wurde am Donnerstag ein bewaffneter Mann festgenommen. Argentiniens Staatschef Alberto Fern\u00e1ndez bezeichnete den Vorfall als Mordanschlag auf Kirchner. Argentiniens Staatschef Alberto Fern\u00e1ndez hat den Vorfall vor dem Wohnhaus von Vizepr\u00e4sidentin Cristina Kirchner als Mordanschlag bezeichnet. Kurz nach 21.00 Uhr Ortszeit habe ein Mann ein [&hellip;]\" \/>\n<meta property=\"og:url\" content=\"https:\/\/now-news.de\/de\/deutschland\/argentiniens-praesident-spricht-von-mordanschlag-auf-kirchner\/\" \/>\n<meta property=\"og:site_name\" content=\"just-now.NEWS Deutschland\" \/>\n<meta property=\"article:publisher\" content=\"https:\/\/www.facebook.com\/wirmachenauf\" \/>\n<meta property=\"article:published_time\" content=\"2022-09-02T06:09:50+00:00\" \/>\n<meta property=\"og:image\" content=\"https:\/\/now-news.de\/de\/wp-content\/uploads\/sites\/3\/2022\/09\/Argentiniens-Praesident-spricht-von-Mordanschlag-auf-Kirchner.jpg\" \/>\n\t<meta property=\"og:image:width\" content=\"460\" \/>\n\t<meta property=\"og:image:height\" content=\"259\" \/>\n\t<meta property=\"og:image:type\" content=\"image\/jpeg\" \/>\n<meta name=\"author\" content=\"rtnews\" \/>\n<meta name=\"twitter:card\" content=\"summary_large_image\" \/>\n<meta name=\"twitter:creator\" content=\"@WirMachenAuf_de\" \/>\n<meta name=\"twitter:site\" content=\"@WirMachenAuf_de\" \/>\n<meta name=\"twitter:label1\" content=\"Verfasst von\" \/>\n\t<meta name=\"twitter:data1\" content=\"rtnews\" \/>\n\t<meta name=\"twitter:label2\" content=\"Gesch\u00e4tzte Lesezeit\" \/>\n\t<meta name=\"twitter:data2\" content=\"1\u00a0Minute\" \/>\n<script type=\"application\/ld+json\" class=\"yoast-schema-graph\">{\"@context\":\"https:\/\/schema.org\",\"@graph\":[{\"@type\":\"Article\",\"@id\":\"https:\/\/now-news.de\/de\/deutschland\/argentiniens-praesident-spricht-von-mordanschlag-auf-kirchner\/#article\",\"isPartOf\":{\"@id\":\"https:\/\/now-news.de\/de\/deutschland\/argentiniens-praesident-spricht-von-mordanschlag-auf-kirchner\/\"},\"author\":{\"name\":\"rtnews\",\"@id\":\"https:\/\/now-news.de\/de\/#\/schema\/person\/fb534a4e865501d8b3285208df34a9b5\"},\"headline\":\"Argentiniens Pr\u00e4sident spricht von Mordanschlag auf Kirchner\",\"datePublished\":\"2022-09-02T06:09:50+00:00\",\"dateModified\":\"2022-09-02T06:09:50+00:00\",\"mainEntityOfPage\":{\"@id\":\"https:\/\/now-news.de\/de\/deutschland\/argentiniens-praesident-spricht-von-mordanschlag-auf-kirchner\/\"},\"wordCount\":274,\"commentCount\":0,\"publisher\":{\"@id\":\"https:\/\/now-news.de\/de\/#organization\"},\"image\":{\"@id\":\"https:\/\/now-news.de\/de\/deutschland\/argentiniens-praesident-spricht-von-mordanschlag-auf-kirchner\/#primaryimage\"},\"thumbnailUrl\":\"https:\/\/now-news.de\/de\/wp-content\/uploads\/sites\/3\/2022\/09\/Argentiniens-Praesident-spricht-von-Mordanschlag-auf-Kirchner.jpg\",\"keywords\":[\"Argentiniens\",\"AUF\",\"Kirchner\",\"Mordanschlag\",\"Pr\u00e4sident\",\"spricht\",\"von\"],\"articleSection\":[\"Deutschland\",\"Russland\"],\"inLanguage\":\"de\",\"potentialAction\":[{\"@type\":\"CommentAction\",\"name\":\"Comment\",\"target\":[\"https:\/\/now-news.de\/de\/deutschland\/argentiniens-praesident-spricht-von-mordanschlag-auf-kirchner\/#respond\"]}]},{\"@type\":\"WebPage\",\"@id\":\"https:\/\/now-news.de\/de\/deutschland\/argentiniens-praesident-spricht-von-mordanschlag-auf-kirchner\/\",\"url\":\"https:\/\/now-news.de\/de\/deutschland\/argentiniens-praesident-spricht-von-mordanschlag-auf-kirchner\/\",\"name\":\"Argentiniens Pr\u00e4sident spricht von Mordanschlag auf Kirchner - just-now.NEWS Deutschland\",\"isPartOf\":{\"@id\":\"https:\/\/now-news.de\/de\/#website\"},\"primaryImageOfPage\":{\"@id\":\"https:\/\/now-news.de\/de\/deutschland\/argentiniens-praesident-spricht-von-mordanschlag-auf-kirchner\/#primaryimage\"},\"image\":{\"@id\":\"https:\/\/now-news.de\/de\/deutschland\/argentiniens-praesident-spricht-von-mordanschlag-auf-kirchner\/#primaryimage\"},\"thumbnailUrl\":\"https:\/\/now-news.de\/de\/wp-content\/uploads\/sites\/3\/2022\/09\/Argentiniens-Praesident-spricht-von-Mordanschlag-auf-Kirchner.jpg\",\"datePublished\":\"2022-09-02T06:09:50+00:00\",\"dateModified\":\"2022-09-02T06:09:50+00:00\",\"breadcrumb\":{\"@id\":\"https:\/\/now-news.de\/de\/deutschland\/argentiniens-praesident-spricht-von-mordanschlag-auf-kirchner\/#breadcrumb\"},\"inLanguage\":\"de\",\"potentialAction\":[{\"@type\":\"ReadAction\",\"target\":[\"https:\/\/now-news.de\/de\/deutschland\/argentiniens-praesident-spricht-von-mordanschlag-auf-kirchner\/\"]}]},{\"@type\":\"ImageObject\",\"inLanguage\":\"de\",\"@id\":\"https:\/\/now-news.de\/de\/deutschland\/argentiniens-praesident-spricht-von-mordanschlag-auf-kirchner\/#primaryimage\",\"url\":\"https:\/\/now-news.de\/de\/wp-content\/uploads\/sites\/3\/2022\/09\/Argentiniens-Praesident-spricht-von-Mordanschlag-auf-Kirchner.jpg\",\"contentUrl\":\"https:\/\/now-news.de\/de\/wp-content\/uploads\/sites\/3\/2022\/09\/Argentiniens-Praesident-spricht-von-Mordanschlag-auf-Kirchner.jpg\",\"width\":460,\"height\":259,\"caption\":\"Argentiniens Pr\u00e4sident spricht von Mordanschlag auf Kirchner\"},{\"@type\":\"BreadcrumbList\",\"@id\":\"https:\/\/now-news.de\/de\/deutschland\/argentiniens-praesident-spricht-von-mordanschlag-auf-kirchner\/#breadcrumb\",\"itemListElement\":[{\"@type\":\"ListItem\",\"position\":1,\"name\":\"Home\",\"item\":\"https:\/\/now-news.de\/de\/\"},{\"@type\":\"ListItem\",\"position\":2,\"name\":\"Argentiniens Pr\u00e4sident spricht von Mordanschlag auf Kirchner\"}]},{\"@type\":\"WebSite\",\"@id\":\"https:\/\/now-news.de\/de\/#website\",\"url\":\"https:\/\/now-news.de\/de\/\",\"name\":\"just-now.NEWS Deutschland\",\"description\":\"Das Portal f\u00fcr unzensierte Nachrichten aus der Welt\",\"publisher\":{\"@id\":\"https:\/\/now-news.de\/de\/#organization\"},\"potentialAction\":[{\"@type\":\"SearchAction\",\"target\":{\"@type\":\"EntryPoint\",\"urlTemplate\":\"https:\/\/now-news.de\/de\/?s={search_term_string}\"},\"query-input\":\"required name=search_term_string\"}],\"inLanguage\":\"de\"},{\"@type\":\"Organization\",\"@id\":\"https:\/\/now-news.de\/de\/#organization\",\"name\":\"Just Now News\",\"url\":\"https:\/\/now-news.de\/de\/\",\"logo\":{\"@type\":\"ImageObject\",\"inLanguage\":\"de\",\"@id\":\"https:\/\/now-news.de\/de\/#\/schema\/logo\/image\/\",\"url\":\"http:\/\/just-now.news\/de\/wp-content\/uploads\/sites\/3\/2022\/04\/logo500x500.jpg\",\"contentUrl\":\"http:\/\/just-now.news\/de\/wp-content\/uploads\/sites\/3\/2022\/04\/logo500x500.jpg\",\"width\":500,\"height\":500,\"caption\":\"Just Now News\"},\"image\":{\"@id\":\"https:\/\/now-news.de\/de\/#\/schema\/logo\/image\/\"},\"sameAs\":[\"https:\/\/www.facebook.com\/wirmachenauf\",\"https:\/\/x.com\/WirMachenAuf_de\"]},{\"@type\":\"Person\",\"@id\":\"https:\/\/now-news.de\/de\/#\/schema\/person\/fb534a4e865501d8b3285208df34a9b5\",\"name\":\"rtnews\",\"image\":{\"@type\":\"ImageObject\",\"inLanguage\":\"de\",\"@id\":\"https:\/\/now-news.de\/de\/#\/schema\/person\/image\/\",\"url\":\"https:\/\/secure.gravatar.com\/avatar\/82aafea7d8127119dd649515f56e2117?s=96&d=mm&r=g\",\"contentUrl\":\"https:\/\/secure.gravatar.com\/avatar\/82aafea7d8127119dd649515f56e2117?s=96&d=mm&r=g\",\"caption\":\"rtnews\"},\"url\":\"https:\/\/now-news.de\/de\/author\/rnews\/\"}]}<\/script>\n<!-- \/ Yoast SEO Premium plugin. -->","yoast_head_json":{"title":"Argentiniens Pr\u00e4sident spricht von Mordanschlag auf Kirchner - just-now.NEWS Deutschland","robots":{"index":"index","follow":"follow","max-snippet":"max-snippet:-1","max-image-preview":"max-image-preview:large","max-video-preview":"max-video-preview:-1"},"canonical":"https:\/\/now-news.de\/de\/deutschland\/argentiniens-praesident-spricht-von-mordanschlag-auf-kirchner\/","og_locale":"de_DE","og_type":"article","og_title":"Argentiniens Pr\u00e4sident spricht von Mordanschlag auf Kirchner","og_description":"Bei einem Handgemenge vor der Wohnung der argentinischen Vizepr\u00e4sidentin Cristina Kirchner wurde am Donnerstag ein bewaffneter Mann festgenommen. Argentiniens Staatschef Alberto Fern\u00e1ndez bezeichnete den Vorfall als Mordanschlag auf Kirchner. Argentiniens Staatschef Alberto Fern\u00e1ndez hat den Vorfall vor dem Wohnhaus von Vizepr\u00e4sidentin Cristina Kirchner als Mordanschlag bezeichnet. Kurz nach 21.00 Uhr Ortszeit habe ein Mann ein [&hellip;]","og_url":"https:\/\/now-news.de\/de\/deutschland\/argentiniens-praesident-spricht-von-mordanschlag-auf-kirchner\/","og_site_name":"just-now.NEWS Deutschland","article_publisher":"https:\/\/www.facebook.com\/wirmachenauf","article_published_time":"2022-09-02T06:09:50+00:00","og_image":[{"width":460,"height":259,"url":"https:\/\/now-news.de\/de\/wp-content\/uploads\/sites\/3\/2022\/09\/Argentiniens-Praesident-spricht-von-Mordanschlag-auf-Kirchner.jpg","type":"image\/jpeg"}],"author":"rtnews","twitter_card":"summary_large_image","twitter_creator":"@WirMachenAuf_de","twitter_site":"@WirMachenAuf_de","twitter_misc":{"Verfasst von":"rtnews","Gesch\u00e4tzte Lesezeit":"1\u00a0Minute"},"schema":{"@context":"https:\/\/schema.org","@graph":[{"@type":"Article","@id":"https:\/\/now-news.de\/de\/deutschland\/argentiniens-praesident-spricht-von-mordanschlag-auf-kirchner\/#article","isPartOf":{"@id":"https:\/\/now-news.de\/de\/deutschland\/argentiniens-praesident-spricht-von-mordanschlag-auf-kirchner\/"},"author":{"name":"rtnews","@id":"https:\/\/now-news.de\/de\/#\/schema\/person\/fb534a4e865501d8b3285208df34a9b5"},"headline":"Argentiniens Pr\u00e4sident spricht von Mordanschlag auf Kirchner","datePublished":"2022-09-02T06:09:50+00:00","dateModified":"2022-09-02T06:09:50+00:00","mainEntityOfPage":{"@id":"https:\/\/now-news.de\/de\/deutschland\/argentiniens-praesident-spricht-von-mordanschlag-auf-kirchner\/"},"wordCount":274,"commentCount":0,"publisher":{"@id":"https:\/\/now-news.de\/de\/#organization"},"image":{"@id":"https:\/\/now-news.de\/de\/deutschland\/argentiniens-praesident-spricht-von-mordanschlag-auf-kirchner\/#primaryimage"},"thumbnailUrl":"https:\/\/now-news.de\/de\/wp-content\/uploads\/sites\/3\/2022\/09\/Argentiniens-Praesident-spricht-von-Mordanschlag-auf-Kirchner.jpg","keywords":["Argentiniens","AUF","Kirchner","Mordanschlag","Pr\u00e4sident","spricht","von"],"articleSection":["Deutschland","Russland"],"inLanguage":"de","potentialAction":[{"@type":"CommentAction","name":"Comment","target":["https:\/\/now-news.de\/de\/deutschland\/argentiniens-praesident-spricht-von-mordanschlag-auf-kirchner\/#respond"]}]},{"@type":"WebPage","@id":"https:\/\/now-news.de\/de\/deutschland\/argentiniens-praesident-spricht-von-mordanschlag-auf-kirchner\/","url":"https:\/\/now-news.de\/de\/deutschland\/argentiniens-praesident-spricht-von-mordanschlag-auf-kirchner\/","name":"Argentiniens Pr\u00e4sident spricht von Mordanschlag auf Kirchner - just-now.NEWS Deutschland","isPartOf":{"@id":"https:\/\/now-news.de\/de\/#website"},"primaryImageOfPage":{"@id":"https:\/\/now-news.de\/de\/deutschland\/argentiniens-praesident-spricht-von-mordanschlag-auf-kirchner\/#primaryimage"},"image":{"@id":"https:\/\/now-news.de\/de\/deutschland\/argentiniens-praesident-spricht-von-mordanschlag-auf-kirchner\/#primaryimage"},"thumbnailUrl":"https:\/\/now-news.de\/de\/wp-content\/uploads\/sites\/3\/2022\/09\/Argentiniens-Praesident-spricht-von-Mordanschlag-auf-Kirchner.jpg","datePublished":"2022-09-02T06:09:50+00:00","dateModified":"2022-09-02T06:09:50+00:00","breadcrumb":{"@id":"https:\/\/now-news.de\/de\/deutschland\/argentiniens-praesident-spricht-von-mordanschlag-auf-kirchner\/#breadcrumb"},"inLanguage":"de","potentialAction":[{"@type":"ReadAction","target":["https:\/\/now-news.de\/de\/deutschland\/argentiniens-praesident-spricht-von-mordanschlag-auf-kirchner\/"]}]},{"@type":"ImageObject","inLanguage":"de","@id":"https:\/\/now-news.de\/de\/deutschland\/argentiniens-praesident-spricht-von-mordanschlag-auf-kirchner\/#primaryimage","url":"https:\/\/now-news.de\/de\/wp-content\/uploads\/sites\/3\/2022\/09\/Argentiniens-Praesident-spricht-von-Mordanschlag-auf-Kirchner.jpg","contentUrl":"https:\/\/now-news.de\/de\/wp-content\/uploads\/sites\/3\/2022\/09\/Argentiniens-Praesident-spricht-von-Mordanschlag-auf-Kirchner.jpg","width":460,"height":259,"caption":"Argentiniens Pr\u00e4sident spricht von Mordanschlag auf Kirchner"},{"@type":"BreadcrumbList","@id":"https:\/\/now-news.de\/de\/deutschland\/argentiniens-praesident-spricht-von-mordanschlag-auf-kirchner\/#breadcrumb","itemListElement":[{"@type":"ListItem","position":1,"name":"Home","item":"https:\/\/now-news.de\/de\/"},{"@type":"ListItem","position":2,"name":"Argentiniens Pr\u00e4sident spricht von Mordanschlag auf Kirchner"}]},{"@type":"WebSite","@id":"https:\/\/now-news.de\/de\/#website","url":"https:\/\/now-news.de\/de\/","name":"just-now.NEWS Deutschland","description":"Das Portal f\u00fcr unzensierte Nachrichten aus der Welt","publisher":{"@id":"https:\/\/now-news.de\/de\/#organization"},"potentialAction":[{"@type":"SearchAction","target":{"@type":"EntryPoint","urlTemplate":"https:\/\/now-news.de\/de\/?s={search_term_string}"},"query-input":"required name=search_term_string"}],"inLanguage":"de"},{"@type":"Organization","@id":"https:\/\/now-news.de\/de\/#organization","name":"Just Now News","url":"https:\/\/now-news.de\/de\/","logo":{"@type":"ImageObject","inLanguage":"de","@id":"https:\/\/now-news.de\/de\/#\/schema\/logo\/image\/","url":"http:\/\/just-now.news\/de\/wp-content\/uploads\/sites\/3\/2022\/04\/logo500x500.jpg","contentUrl":"http:\/\/just-now.news\/de\/wp-content\/uploads\/sites\/3\/2022\/04\/logo500x500.jpg","width":500,"height":500,"caption":"Just Now News"},"image":{"@id":"https:\/\/now-news.de\/de\/#\/schema\/logo\/image\/"},"sameAs":["https:\/\/www.facebook.com\/wirmachenauf","https:\/\/x.com\/WirMachenAuf_de"]},{"@type":"Person","@id":"https:\/\/now-news.de\/de\/#\/schema\/person\/fb534a4e865501d8b3285208df34a9b5","name":"rtnews","image":{"@type":"ImageObject","inLanguage":"de","@id":"https:\/\/now-news.de\/de\/#\/schema\/person\/image\/","url":"https:\/\/secure.gravatar.com\/avatar\/82aafea7d8127119dd649515f56e2117?s=96&d=mm&r=g","contentUrl":"https:\/\/secure.gravatar.com\/avatar\/82aafea7d8127119dd649515f56e2117?s=96&d=mm&r=g","caption":"rtnews"},"url":"https:\/\/now-news.de\/de\/author\/rnews\/"}]}},"_links":{"self":[{"href":"https:\/\/now-news.de\/de\/wp-json\/wp\/v2\/posts\/18234"}],"collection":[{"href":"https:\/\/now-news.de\/de\/wp-json\/wp\/v2\/posts"}],"about":[{"href":"https:\/\/now-news.de\/de\/wp-json\/wp\/v2\/types\/post"}],"author":[{"embeddable":true,"href":"https:\/\/now-news.de\/de\/wp-json\/wp\/v2\/users\/3"}],"replies":[{"embeddable":true,"href":"https:\/\/now-news.de\/de\/wp-json\/wp\/v2\/comments?post=18234"}],"version-history":[{"count":0,"href":"https:\/\/now-news.de\/de\/wp-json\/wp\/v2\/posts\/18234\/revisions"}],"wp:featuredmedia":[{"embeddable":true,"href":"https:\/\/now-news.de\/de\/wp-json\/wp\/v2\/media\/18235"}],"wp:attachment":[{"href":"https:\/\/now-news.de\/de\/wp-json\/wp\/v2\/media?parent=18234"}],"wp:term":[{"taxonomy":"category","embeddable":true,"href":"https:\/\/now-news.de\/de\/wp-json\/wp\/v2\/categories?post=18234"},{"taxonomy":"post_tag","embeddable":true,"href":"https:\/\/now-news.de\/de\/wp-json\/wp\/v2\/tags?post=18234"}],"curies":[{"name":"wp","href":"https:\/\/api.w.org\/{rel}","templated":true}]}}