{"id":18214,"date":"2022-09-01T20:01:11","date_gmt":"2022-09-01T18:01:11","guid":{"rendered":"http:\/\/just-now.news\/de\/deutschland\/frei-sachsen-wollen-sich-demo-anschliessen-linkenpolitiker-pellmann-erstattet-anzeige\/"},"modified":"2022-09-01T20:01:11","modified_gmt":"2022-09-01T18:01:11","slug":"frei-sachsen-wollen-sich-demo-anschliessen-linkenpolitiker-pellmann-erstattet-anzeige","status":"publish","type":"post","link":"https:\/\/now-news.de\/de\/deutschland\/frei-sachsen-wollen-sich-demo-anschliessen-linkenpolitiker-pellmann-erstattet-anzeige\/","title":{"rendered":"Frei Sachsen wollen sich Demo anschlie\u00dfen \u2013 Linkenpolitiker Pellmann erstattet Anzeige"},"content":{"rendered":"<p><img decoding=\"async\" src=\"http:\/\/just-now.news\/de\/wp-content\/uploads\/sites\/3\/2022\/09\/6310e82748fbef736c790fce.jpg\" \/><\/p>\n<p>Der Ostbeauftragte der Linksfraktion im Bundestag, S\u00f6ren Pellmann, hat rechtliche Schritte gegen die vom Verfassungsschutz als rechtsextrem eingeordneten &#8220;Freien Sachsen&#8221; eingeleitet. Diese hatten in seinem Namen zu einer Demonstration aufgerufen. Pellmans B\u00fcro teilte dies gegen\u00fcber dem zum Werbekonzern Str\u00f6er geh\u00f6renden Nachrichtenportal <em>t-online<\/em> mit.<\/p>\n<p>Pellmann hatte zuvor eine Demo unter dem Slogan &#8220;Hei\u00dfer Herbst gegen soziale K\u00e4lte&#8221; angek\u00fcndigt, die auf dem Leipziger Augustusplatz stattfinden soll. Der offizielle Titel der Veranstaltung lautet &#8220;Preise runter \u2013 Energie und Essen m\u00fcssen bezahlbar sein!&#8221;. Unter anderem sollen auch Linkenchef Martin Schirdewan und der fr\u00fchere Fraktionschef Gregor Gysi auftreten, erwartet werden 3.000 bis 4.000 Teilnehmer.<\/p>\n<p>Die Freien Sachsen k\u00fcndigten daraufhin an, ebenfalls am Montagabend auf dem Augustusplatz neben der Linken demonstrieren zu wollen. Zur gleichen Zeit ist die Veranstaltung: &#8220;Freie Sachsen unterst\u00fctzen den Montagsprotest von S\u00f6ren Pellmann und der Linken \u2013 Gemeinsam gegen die da oben&#8221; f\u00fcr zehn Teilnehmer angemeldet. Bei einer Aktion am Stadtrand erwartet auch die rechtskonservative AfD zehn Teilnehmer.<\/p>\n<p>Daneben sind weitere Demos geplant, wie das Ordnungsamt der Stadt gegen\u00fcber der <em>dpa<\/em> best\u00e4tigte. Insgesamt sind f\u00fcr Montag sieben Kundgebungen von links und rechts angemeldet. Wie Pellmanns B\u00fcro gegen\u00fcber <em>t-online <\/em>mitteilte, gebe es selbstverst\u00e4ndlich keine Kooperation der Linkspartei mit den Freien Sachsen. Man habe einen klaren Demokonsens gegen rechts, und den werde man auch so umsetzen.<\/p>\n<blockquote>\n<p><em>&#8220;Ansonsten planen wir in aller Ruhe weiter und lassen uns von rechten Provokationsversuchen nicht ablenken.&#8221;<\/em><\/p>\n<\/blockquote>\n<p>\u00a0Gegen\u00fcber der <em>dpa<\/em> erkl\u00e4rte Pellmann:<\/p>\n<blockquote>\n<p><em>&#8220;Die Panik muss gro\u00df sein bei den Rechten, wenn sie sich unter den Rock der Linken verkriechen wollen. Leipzig wird den Montag nicht den Rechten \u00fcberlassen.&#8221;<\/em><\/p>\n<\/blockquote>\n<p>Gegen die hohen Energiepreise und die Arroganz der Ampel brauche es &#8220;demokratischen Widerstand&#8221;.<\/p>\n<p><strong>Mehr zum Thema &#8211; <\/strong><a rel=\"nofollow noopener\" target=\"_blank\" href=\"https:\/\/meinungsfreiheit.rtde.life\/inland\/146216-energiekrise-linke-ruft-zu-montagsdemos-auf\/\">Energiekrise: Linke ruft zu Montagsdemos auf \u2013 NRW-Innenminister warnt vor neuen &#8220;Staatsfeinden&#8221;<\/a><\/p>\n<p>(rt\/dpa)<\/p>\n<p><br \/>\n<br \/><a href=\"https:\/\/de.rt.com\/inland\/147759-frei-sachsen-wollen-sich-demo-anschliessen\/\">Source link <\/a><\/p>\n","protected":false},"excerpt":{"rendered":"<p>Der Ostbeauftragte der Linksfraktion im Bundestag, S\u00f6ren Pellmann, hat rechtliche Schritte gegen die vom Verfassungsschutz als rechtsextrem eingeordneten &#8220;Freien Sachsen&#8221; eingeleitet. Diese hatten in seinem Namen zu einer Demonstration aufgerufen. Pellmans B\u00fcro teilte dies gegen\u00fcber dem zum Werbekonzern Str\u00f6er geh\u00f6renden Nachrichtenportal t-online mit. Pellmann hatte zuvor eine Demo unter dem Slogan &#8220;Hei\u00dfer Herbst gegen soziale [&hellip;]<\/p>\n","protected":false},"author":3,"featured_media":18215,"comment_status":"open","ping_status":"open","sticky":false,"template":"","format":"standard","meta":{"wp_automatic_camp":["217"],"eae85abca3777951cced991fc15a5d41":["Frei Sachsen wollen sich Demo anschlie\u00dfen \u2013 Linkenpolitiker Pellmann erstattet Anzeige"],"original_link":["https:\/\/de.rt.com\/inland\/147759-frei-sachsen-wollen-sich-demo-anschliessen\/"],"_thumbnail_id":["18215"],"_wptg_p2tg_sent2tg":["2022-09-01 20:10:32"],"jnews_social_counter_last_update":["1788540117"]},"categories":[19,23],"tags":[25923,27078,8098,32118,1008,19796,32117,5488,434,1050],"class_list":["post-18214","post","type-post","status-publish","format-standard","has-post-thumbnail","hentry","category-deutschland","category-russland","tag-anschliessen","tag-anzeige","tag-demo","tag-erstattet","tag-frei","tag-linkenpolitiker","tag-pellmann","tag-sachsen","tag-sich","tag-wollen"],"yoast_head":"<!-- This site is optimized with the Yoast SEO Premium plugin v22.7 (Yoast SEO v28.2) - https:\/\/yoast.com\/product\/yoast-seo-premium-wordpress\/ -->\n<title>Frei Sachsen wollen sich Demo anschlie\u00dfen \u2013 Linkenpolitiker Pellmann erstattet Anzeige - just-now.NEWS Deutschland<\/title>\n<meta name=\"robots\" content=\"index, follow, max-snippet:-1, max-image-preview:large, max-video-preview:-1\" \/>\n<link rel=\"canonical\" href=\"https:\/\/now-news.de\/de\/deutschland\/frei-sachsen-wollen-sich-demo-anschliessen-linkenpolitiker-pellmann-erstattet-anzeige\/\" \/>\n<meta property=\"og:locale\" content=\"de_DE\" \/>\n<meta property=\"og:type\" content=\"article\" \/>\n<meta property=\"og:title\" content=\"Frei Sachsen wollen sich Demo anschlie\u00dfen \u2013 Linkenpolitiker Pellmann erstattet Anzeige\" \/>\n<meta property=\"og:description\" content=\"Der Ostbeauftragte der Linksfraktion im Bundestag, S\u00f6ren Pellmann, hat rechtliche Schritte gegen die vom Verfassungsschutz als rechtsextrem eingeordneten &#8220;Freien Sachsen&#8221; eingeleitet. Diese hatten in seinem Namen zu einer Demonstration aufgerufen. Pellmans B\u00fcro teilte dies gegen\u00fcber dem zum Werbekonzern Str\u00f6er geh\u00f6renden Nachrichtenportal t-online mit. Pellmann hatte zuvor eine Demo unter dem Slogan &#8220;Hei\u00dfer Herbst gegen soziale [&hellip;]\" \/>\n<meta property=\"og:url\" content=\"https:\/\/now-news.de\/de\/deutschland\/frei-sachsen-wollen-sich-demo-anschliessen-linkenpolitiker-pellmann-erstattet-anzeige\/\" \/>\n<meta property=\"og:site_name\" content=\"just-now.NEWS Deutschland\" \/>\n<meta property=\"article:publisher\" content=\"https:\/\/www.facebook.com\/wirmachenauf\" \/>\n<meta property=\"article:published_time\" content=\"2022-09-01T18:01:11+00:00\" \/>\n<meta property=\"og:image\" content=\"https:\/\/now-news.de\/de\/wp-content\/uploads\/sites\/3\/2022\/09\/Frei-Sachsen-wollen-sich-Demo-anschliessen-\u2013-Linkenpolitiker-Pellmann-erstattet.jpg\" \/>\n\t<meta property=\"og:image:width\" content=\"460\" \/>\n\t<meta property=\"og:image:height\" content=\"259\" \/>\n\t<meta property=\"og:image:type\" content=\"image\/jpeg\" \/>\n<meta name=\"author\" content=\"rtnews\" \/>\n<meta name=\"twitter:card\" content=\"summary_large_image\" \/>\n<meta name=\"twitter:creator\" content=\"@WirMachenAuf_de\" \/>\n<meta name=\"twitter:site\" content=\"@WirMachenAuf_de\" \/>\n<meta name=\"twitter:label1\" content=\"Verfasst von\" \/>\n\t<meta name=\"twitter:data1\" content=\"rtnews\" \/>\n\t<meta name=\"twitter:label2\" content=\"Gesch\u00e4tzte Lesezeit\" \/>\n\t<meta name=\"twitter:data2\" content=\"2\u00a0Minuten\" \/>\n<script type=\"application\/ld+json\" class=\"yoast-schema-graph\">{\"@context\":\"https:\\\/\\\/schema.org\",\"@graph\":[{\"@type\":\"Article\",\"@id\":\"https:\\\/\\\/now-news.de\\\/de\\\/deutschland\\\/frei-sachsen-wollen-sich-demo-anschliessen-linkenpolitiker-pellmann-erstattet-anzeige\\\/#article\",\"isPartOf\":{\"@id\":\"https:\\\/\\\/now-news.de\\\/de\\\/deutschland\\\/frei-sachsen-wollen-sich-demo-anschliessen-linkenpolitiker-pellmann-erstattet-anzeige\\\/\"},\"author\":{\"name\":\"rtnews\",\"@id\":\"https:\\\/\\\/now-news.de\\\/de\\\/#\\\/schema\\\/person\\\/fb534a4e865501d8b3285208df34a9b5\"},\"headline\":\"Frei Sachsen wollen sich Demo anschlie\u00dfen \u2013 Linkenpolitiker Pellmann erstattet Anzeige\",\"datePublished\":\"2022-09-01T18:01:11+00:00\",\"mainEntityOfPage\":{\"@id\":\"https:\\\/\\\/now-news.de\\\/de\\\/deutschland\\\/frei-sachsen-wollen-sich-demo-anschliessen-linkenpolitiker-pellmann-erstattet-anzeige\\\/\"},\"wordCount\":320,\"commentCount\":0,\"publisher\":{\"@id\":\"https:\\\/\\\/now-news.de\\\/de\\\/#organization\"},\"image\":{\"@id\":\"https:\\\/\\\/now-news.de\\\/de\\\/deutschland\\\/frei-sachsen-wollen-sich-demo-anschliessen-linkenpolitiker-pellmann-erstattet-anzeige\\\/#primaryimage\"},\"thumbnailUrl\":\"https:\\\/\\\/now-news.de\\\/de\\\/wp-content\\\/uploads\\\/sites\\\/3\\\/2022\\\/09\\\/Frei-Sachsen-wollen-sich-Demo-anschliessen-\u2013-Linkenpolitiker-Pellmann-erstattet.jpg\",\"keywords\":[\"anschlie\u00dfen\",\"Anzeige\",\"Demo\",\"erstattet\",\"frei\",\"LinkenPolitiker\",\"Pellmann\",\"Sachsen\",\"sich\",\"wollen\"],\"articleSection\":[\"Deutschland\",\"Russland\"],\"inLanguage\":\"de\",\"potentialAction\":[{\"@type\":\"CommentAction\",\"name\":\"Comment\",\"target\":[\"https:\\\/\\\/now-news.de\\\/de\\\/deutschland\\\/frei-sachsen-wollen-sich-demo-anschliessen-linkenpolitiker-pellmann-erstattet-anzeige\\\/#respond\"]}]},{\"@type\":\"WebPage\",\"@id\":\"https:\\\/\\\/now-news.de\\\/de\\\/deutschland\\\/frei-sachsen-wollen-sich-demo-anschliessen-linkenpolitiker-pellmann-erstattet-anzeige\\\/\",\"url\":\"https:\\\/\\\/now-news.de\\\/de\\\/deutschland\\\/frei-sachsen-wollen-sich-demo-anschliessen-linkenpolitiker-pellmann-erstattet-anzeige\\\/\",\"name\":\"Frei Sachsen wollen sich Demo anschlie\u00dfen \u2013 Linkenpolitiker Pellmann erstattet Anzeige - just-now.NEWS Deutschland\",\"isPartOf\":{\"@id\":\"https:\\\/\\\/now-news.de\\\/de\\\/#website\"},\"primaryImageOfPage\":{\"@id\":\"https:\\\/\\\/now-news.de\\\/de\\\/deutschland\\\/frei-sachsen-wollen-sich-demo-anschliessen-linkenpolitiker-pellmann-erstattet-anzeige\\\/#primaryimage\"},\"image\":{\"@id\":\"https:\\\/\\\/now-news.de\\\/de\\\/deutschland\\\/frei-sachsen-wollen-sich-demo-anschliessen-linkenpolitiker-pellmann-erstattet-anzeige\\\/#primaryimage\"},\"thumbnailUrl\":\"https:\\\/\\\/now-news.de\\\/de\\\/wp-content\\\/uploads\\\/sites\\\/3\\\/2022\\\/09\\\/Frei-Sachsen-wollen-sich-Demo-anschliessen-\u2013-Linkenpolitiker-Pellmann-erstattet.jpg\",\"datePublished\":\"2022-09-01T18:01:11+00:00\",\"breadcrumb\":{\"@id\":\"https:\\\/\\\/now-news.de\\\/de\\\/deutschland\\\/frei-sachsen-wollen-sich-demo-anschliessen-linkenpolitiker-pellmann-erstattet-anzeige\\\/#breadcrumb\"},\"inLanguage\":\"de\",\"potentialAction\":[{\"@type\":\"ReadAction\",\"target\":[\"https:\\\/\\\/now-news.de\\\/de\\\/deutschland\\\/frei-sachsen-wollen-sich-demo-anschliessen-linkenpolitiker-pellmann-erstattet-anzeige\\\/\"]}]},{\"@type\":\"ImageObject\",\"inLanguage\":\"de\",\"@id\":\"https:\\\/\\\/now-news.de\\\/de\\\/deutschland\\\/frei-sachsen-wollen-sich-demo-anschliessen-linkenpolitiker-pellmann-erstattet-anzeige\\\/#primaryimage\",\"url\":\"https:\\\/\\\/now-news.de\\\/de\\\/wp-content\\\/uploads\\\/sites\\\/3\\\/2022\\\/09\\\/Frei-Sachsen-wollen-sich-Demo-anschliessen-\u2013-Linkenpolitiker-Pellmann-erstattet.jpg\",\"contentUrl\":\"https:\\\/\\\/now-news.de\\\/de\\\/wp-content\\\/uploads\\\/sites\\\/3\\\/2022\\\/09\\\/Frei-Sachsen-wollen-sich-Demo-anschliessen-\u2013-Linkenpolitiker-Pellmann-erstattet.jpg\",\"width\":460,\"height\":259,\"caption\":\"Frei Sachsen wollen sich Demo anschlie\u00dfen \u2013 Linkenpolitiker Pellmann erstattet Anzeige\"},{\"@type\":\"BreadcrumbList\",\"@id\":\"https:\\\/\\\/now-news.de\\\/de\\\/deutschland\\\/frei-sachsen-wollen-sich-demo-anschliessen-linkenpolitiker-pellmann-erstattet-anzeige\\\/#breadcrumb\",\"itemListElement\":[{\"@type\":\"ListItem\",\"position\":1,\"name\":\"Home\",\"item\":\"https:\\\/\\\/now-news.de\\\/de\\\/\"},{\"@type\":\"ListItem\",\"position\":2,\"name\":\"Frei Sachsen wollen sich Demo anschlie\u00dfen \u2013 Linkenpolitiker Pellmann erstattet Anzeige\"}]},{\"@type\":\"WebSite\",\"@id\":\"https:\\\/\\\/now-news.de\\\/de\\\/#website\",\"url\":\"https:\\\/\\\/now-news.de\\\/de\\\/\",\"name\":\"just-now.NEWS Deutschland\",\"description\":\"Das Portal f\u00fcr unzensierte Nachrichten aus der Welt\",\"publisher\":{\"@id\":\"https:\\\/\\\/now-news.de\\\/de\\\/#organization\"},\"potentialAction\":[{\"@type\":\"SearchAction\",\"target\":{\"@type\":\"EntryPoint\",\"urlTemplate\":\"https:\\\/\\\/now-news.de\\\/de\\\/?s={search_term_string}\"},\"query-input\":{\"@type\":\"PropertyValueSpecification\",\"valueRequired\":true,\"valueName\":\"search_term_string\"}}],\"inLanguage\":\"de\"},{\"@type\":\"Organization\",\"@id\":\"https:\\\/\\\/now-news.de\\\/de\\\/#organization\",\"name\":\"Just Now News\",\"url\":\"https:\\\/\\\/now-news.de\\\/de\\\/\",\"logo\":{\"@type\":\"ImageObject\",\"inLanguage\":\"de\",\"@id\":\"https:\\\/\\\/now-news.de\\\/de\\\/#\\\/schema\\\/logo\\\/image\\\/\",\"url\":\"http:\\\/\\\/just-now.news\\\/de\\\/wp-content\\\/uploads\\\/sites\\\/3\\\/2022\\\/04\\\/logo500x500.jpg\",\"contentUrl\":\"http:\\\/\\\/just-now.news\\\/de\\\/wp-content\\\/uploads\\\/sites\\\/3\\\/2022\\\/04\\\/logo500x500.jpg\",\"width\":500,\"height\":500,\"caption\":\"Just Now News\"},\"image\":{\"@id\":\"https:\\\/\\\/now-news.de\\\/de\\\/#\\\/schema\\\/logo\\\/image\\\/\"},\"sameAs\":[\"https:\\\/\\\/www.facebook.com\\\/wirmachenauf\",\"https:\\\/\\\/x.com\\\/WirMachenAuf_de\"]},{\"@type\":\"Person\",\"@id\":\"https:\\\/\\\/now-news.de\\\/de\\\/#\\\/schema\\\/person\\\/fb534a4e865501d8b3285208df34a9b5\",\"name\":\"rtnews\",\"image\":{\"@type\":\"ImageObject\",\"inLanguage\":\"de\",\"@id\":\"https:\\\/\\\/secure.gravatar.com\\\/avatar\\\/358fe31b3ab5769fea05376e1953329834cd9912cf9daf607e2af3076a1b982b?s=96&d=mm&r=g\",\"url\":\"https:\\\/\\\/secure.gravatar.com\\\/avatar\\\/358fe31b3ab5769fea05376e1953329834cd9912cf9daf607e2af3076a1b982b?s=96&d=mm&r=g\",\"contentUrl\":\"https:\\\/\\\/secure.gravatar.com\\\/avatar\\\/358fe31b3ab5769fea05376e1953329834cd9912cf9daf607e2af3076a1b982b?s=96&d=mm&r=g\",\"caption\":\"rtnews\"},\"url\":\"https:\\\/\\\/now-news.de\\\/de\\\/author\\\/rnews\\\/\"}]}<\/script>\n<!-- \/ Yoast SEO Premium plugin. -->","yoast_head_json":{"title":"Frei Sachsen wollen sich Demo anschlie\u00dfen \u2013 Linkenpolitiker Pellmann erstattet Anzeige - just-now.NEWS Deutschland","robots":{"index":"index","follow":"follow","max-snippet":"max-snippet:-1","max-image-preview":"max-image-preview:large","max-video-preview":"max-video-preview:-1"},"canonical":"https:\/\/now-news.de\/de\/deutschland\/frei-sachsen-wollen-sich-demo-anschliessen-linkenpolitiker-pellmann-erstattet-anzeige\/","og_locale":"de_DE","og_type":"article","og_title":"Frei Sachsen wollen sich Demo anschlie\u00dfen \u2013 Linkenpolitiker Pellmann erstattet Anzeige","og_description":"Der Ostbeauftragte der Linksfraktion im Bundestag, S\u00f6ren Pellmann, hat rechtliche Schritte gegen die vom Verfassungsschutz als rechtsextrem eingeordneten &#8220;Freien Sachsen&#8221; eingeleitet. Diese hatten in seinem Namen zu einer Demonstration aufgerufen. Pellmans B\u00fcro teilte dies gegen\u00fcber dem zum Werbekonzern Str\u00f6er geh\u00f6renden Nachrichtenportal t-online mit. Pellmann hatte zuvor eine Demo unter dem Slogan &#8220;Hei\u00dfer Herbst gegen soziale [&hellip;]","og_url":"https:\/\/now-news.de\/de\/deutschland\/frei-sachsen-wollen-sich-demo-anschliessen-linkenpolitiker-pellmann-erstattet-anzeige\/","og_site_name":"just-now.NEWS Deutschland","article_publisher":"https:\/\/www.facebook.com\/wirmachenauf","article_published_time":"2022-09-01T18:01:11+00:00","og_image":[{"width":460,"height":259,"url":"https:\/\/now-news.de\/de\/wp-content\/uploads\/sites\/3\/2022\/09\/Frei-Sachsen-wollen-sich-Demo-anschliessen-\u2013-Linkenpolitiker-Pellmann-erstattet.jpg","type":"image\/jpeg"}],"author":"rtnews","twitter_card":"summary_large_image","twitter_creator":"@WirMachenAuf_de","twitter_site":"@WirMachenAuf_de","twitter_misc":{"Verfasst von":"rtnews","Gesch\u00e4tzte Lesezeit":"2\u00a0Minuten"},"schema":{"@context":"https:\/\/schema.org","@graph":[{"@type":"Article","@id":"https:\/\/now-news.de\/de\/deutschland\/frei-sachsen-wollen-sich-demo-anschliessen-linkenpolitiker-pellmann-erstattet-anzeige\/#article","isPartOf":{"@id":"https:\/\/now-news.de\/de\/deutschland\/frei-sachsen-wollen-sich-demo-anschliessen-linkenpolitiker-pellmann-erstattet-anzeige\/"},"author":{"name":"rtnews","@id":"https:\/\/now-news.de\/de\/#\/schema\/person\/fb534a4e865501d8b3285208df34a9b5"},"headline":"Frei Sachsen wollen sich Demo anschlie\u00dfen \u2013 Linkenpolitiker Pellmann erstattet Anzeige","datePublished":"2022-09-01T18:01:11+00:00","mainEntityOfPage":{"@id":"https:\/\/now-news.de\/de\/deutschland\/frei-sachsen-wollen-sich-demo-anschliessen-linkenpolitiker-pellmann-erstattet-anzeige\/"},"wordCount":320,"commentCount":0,"publisher":{"@id":"https:\/\/now-news.de\/de\/#organization"},"image":{"@id":"https:\/\/now-news.de\/de\/deutschland\/frei-sachsen-wollen-sich-demo-anschliessen-linkenpolitiker-pellmann-erstattet-anzeige\/#primaryimage"},"thumbnailUrl":"https:\/\/now-news.de\/de\/wp-content\/uploads\/sites\/3\/2022\/09\/Frei-Sachsen-wollen-sich-Demo-anschliessen-\u2013-Linkenpolitiker-Pellmann-erstattet.jpg","keywords":["anschlie\u00dfen","Anzeige","Demo","erstattet","frei","LinkenPolitiker","Pellmann","Sachsen","sich","wollen"],"articleSection":["Deutschland","Russland"],"inLanguage":"de","potentialAction":[{"@type":"CommentAction","name":"Comment","target":["https:\/\/now-news.de\/de\/deutschland\/frei-sachsen-wollen-sich-demo-anschliessen-linkenpolitiker-pellmann-erstattet-anzeige\/#respond"]}]},{"@type":"WebPage","@id":"https:\/\/now-news.de\/de\/deutschland\/frei-sachsen-wollen-sich-demo-anschliessen-linkenpolitiker-pellmann-erstattet-anzeige\/","url":"https:\/\/now-news.de\/de\/deutschland\/frei-sachsen-wollen-sich-demo-anschliessen-linkenpolitiker-pellmann-erstattet-anzeige\/","name":"Frei Sachsen wollen sich Demo anschlie\u00dfen \u2013 Linkenpolitiker Pellmann erstattet Anzeige - just-now.NEWS Deutschland","isPartOf":{"@id":"https:\/\/now-news.de\/de\/#website"},"primaryImageOfPage":{"@id":"https:\/\/now-news.de\/de\/deutschland\/frei-sachsen-wollen-sich-demo-anschliessen-linkenpolitiker-pellmann-erstattet-anzeige\/#primaryimage"},"image":{"@id":"https:\/\/now-news.de\/de\/deutschland\/frei-sachsen-wollen-sich-demo-anschliessen-linkenpolitiker-pellmann-erstattet-anzeige\/#primaryimage"},"thumbnailUrl":"https:\/\/now-news.de\/de\/wp-content\/uploads\/sites\/3\/2022\/09\/Frei-Sachsen-wollen-sich-Demo-anschliessen-\u2013-Linkenpolitiker-Pellmann-erstattet.jpg","datePublished":"2022-09-01T18:01:11+00:00","breadcrumb":{"@id":"https:\/\/now-news.de\/de\/deutschland\/frei-sachsen-wollen-sich-demo-anschliessen-linkenpolitiker-pellmann-erstattet-anzeige\/#breadcrumb"},"inLanguage":"de","potentialAction":[{"@type":"ReadAction","target":["https:\/\/now-news.de\/de\/deutschland\/frei-sachsen-wollen-sich-demo-anschliessen-linkenpolitiker-pellmann-erstattet-anzeige\/"]}]},{"@type":"ImageObject","inLanguage":"de","@id":"https:\/\/now-news.de\/de\/deutschland\/frei-sachsen-wollen-sich-demo-anschliessen-linkenpolitiker-pellmann-erstattet-anzeige\/#primaryimage","url":"https:\/\/now-news.de\/de\/wp-content\/uploads\/sites\/3\/2022\/09\/Frei-Sachsen-wollen-sich-Demo-anschliessen-\u2013-Linkenpolitiker-Pellmann-erstattet.jpg","contentUrl":"https:\/\/now-news.de\/de\/wp-content\/uploads\/sites\/3\/2022\/09\/Frei-Sachsen-wollen-sich-Demo-anschliessen-\u2013-Linkenpolitiker-Pellmann-erstattet.jpg","width":460,"height":259,"caption":"Frei Sachsen wollen sich Demo anschlie\u00dfen \u2013 Linkenpolitiker Pellmann erstattet Anzeige"},{"@type":"BreadcrumbList","@id":"https:\/\/now-news.de\/de\/deutschland\/frei-sachsen-wollen-sich-demo-anschliessen-linkenpolitiker-pellmann-erstattet-anzeige\/#breadcrumb","itemListElement":[{"@type":"ListItem","position":1,"name":"Home","item":"https:\/\/now-news.de\/de\/"},{"@type":"ListItem","position":2,"name":"Frei Sachsen wollen sich Demo anschlie\u00dfen \u2013 Linkenpolitiker Pellmann erstattet Anzeige"}]},{"@type":"WebSite","@id":"https:\/\/now-news.de\/de\/#website","url":"https:\/\/now-news.de\/de\/","name":"just-now.NEWS Deutschland","description":"Das Portal f\u00fcr unzensierte Nachrichten aus der Welt","publisher":{"@id":"https:\/\/now-news.de\/de\/#organization"},"potentialAction":[{"@type":"SearchAction","target":{"@type":"EntryPoint","urlTemplate":"https:\/\/now-news.de\/de\/?s={search_term_string}"},"query-input":{"@type":"PropertyValueSpecification","valueRequired":true,"valueName":"search_term_string"}}],"inLanguage":"de"},{"@type":"Organization","@id":"https:\/\/now-news.de\/de\/#organization","name":"Just Now News","url":"https:\/\/now-news.de\/de\/","logo":{"@type":"ImageObject","inLanguage":"de","@id":"https:\/\/now-news.de\/de\/#\/schema\/logo\/image\/","url":"http:\/\/just-now.news\/de\/wp-content\/uploads\/sites\/3\/2022\/04\/logo500x500.jpg","contentUrl":"http:\/\/just-now.news\/de\/wp-content\/uploads\/sites\/3\/2022\/04\/logo500x500.jpg","width":500,"height":500,"caption":"Just Now News"},"image":{"@id":"https:\/\/now-news.de\/de\/#\/schema\/logo\/image\/"},"sameAs":["https:\/\/www.facebook.com\/wirmachenauf","https:\/\/x.com\/WirMachenAuf_de"]},{"@type":"Person","@id":"https:\/\/now-news.de\/de\/#\/schema\/person\/fb534a4e865501d8b3285208df34a9b5","name":"rtnews","image":{"@type":"ImageObject","inLanguage":"de","@id":"https:\/\/secure.gravatar.com\/avatar\/358fe31b3ab5769fea05376e1953329834cd9912cf9daf607e2af3076a1b982b?s=96&d=mm&r=g","url":"https:\/\/secure.gravatar.com\/avatar\/358fe31b3ab5769fea05376e1953329834cd9912cf9daf607e2af3076a1b982b?s=96&d=mm&r=g","contentUrl":"https:\/\/secure.gravatar.com\/avatar\/358fe31b3ab5769fea05376e1953329834cd9912cf9daf607e2af3076a1b982b?s=96&d=mm&r=g","caption":"rtnews"},"url":"https:\/\/now-news.de\/de\/author\/rnews\/"}]}},"_links":{"self":[{"href":"https:\/\/now-news.de\/de\/wp-json\/wp\/v2\/posts\/18214","targetHints":{"allow":["GET"]}}],"collection":[{"href":"https:\/\/now-news.de\/de\/wp-json\/wp\/v2\/posts"}],"about":[{"href":"https:\/\/now-news.de\/de\/wp-json\/wp\/v2\/types\/post"}],"author":[{"embeddable":true,"href":"https:\/\/now-news.de\/de\/wp-json\/wp\/v2\/users\/3"}],"replies":[{"embeddable":true,"href":"https:\/\/now-news.de\/de\/wp-json\/wp\/v2\/comments?post=18214"}],"version-history":[{"count":0,"href":"https:\/\/now-news.de\/de\/wp-json\/wp\/v2\/posts\/18214\/revisions"}],"wp:featuredmedia":[{"embeddable":true,"href":"https:\/\/now-news.de\/de\/wp-json\/wp\/v2\/media\/18215"}],"wp:attachment":[{"href":"https:\/\/now-news.de\/de\/wp-json\/wp\/v2\/media?parent=18214"}],"wp:term":[{"taxonomy":"category","embeddable":true,"href":"https:\/\/now-news.de\/de\/wp-json\/wp\/v2\/categories?post=18214"},{"taxonomy":"post_tag","embeddable":true,"href":"https:\/\/now-news.de\/de\/wp-json\/wp\/v2\/tags?post=18214"}],"curies":[{"name":"wp","href":"https:\/\/api.w.org\/{rel}","templated":true}]}}