{"id":18200,"date":"2022-09-01T16:59:47","date_gmt":"2022-09-01T14:59:47","guid":{"rendered":"http:\/\/just-now.news\/de\/deutschland\/putin-wird-nicht-an-trauerfeier-fuer-gorbatschow-teilnehmen\/"},"modified":"2022-09-01T16:59:47","modified_gmt":"2022-09-01T14:59:47","slug":"putin-wird-nicht-an-trauerfeier-fuer-gorbatschow-teilnehmen","status":"publish","type":"post","link":"https:\/\/now-news.de\/de\/deutschland\/putin-wird-nicht-an-trauerfeier-fuer-gorbatschow-teilnehmen\/","title":{"rendered":"Putin wird nicht an Trauerfeier f\u00fcr Gorbatschow teilnehmen"},"content":{"rendered":"<p><img decoding=\"async\" src=\"http:\/\/just-now.news\/de\/wp-content\/uploads\/sites\/3\/2022\/09\/6310c29748fbef73ee6c67da.jpg\" \/><\/p>\n<div class=\"Text-root Text-type_1 \">\n                Russlands Pr\u00e4sident Wladimir Putin kann der Trauerfeier f\u00fcr Michail Gorbatschow nicht beiwohnen und hat sich stattdessen am Donnerstag vom verstorbenen letzten Staatschef der UdSSR verabschiedet, berichtete Kremls Pressesprecher. Gorbatschow soll am 3. September beigesetzt werden.\n            <\/div>\n<p><\/p>\n<div class=\"Text-root Text-type_5 ArticleView-text ViewText-root \">\n<p>Der russische Pr\u00e4sident Wladimir Putin wird an der Trauerfeier f\u00fcr den verstorbenen ersten und letzten Pr\u00e4sidenten der UdSSR, Michail Gorbatschow, nicht teilnehmen. Dies berichtete laut der Nachrichtenagentur Interfax der Pressesprecher des Kremls, Dmitri Peskow. Die Trauerfeier f\u00fcr Gorbatschow war von dessen Tochter Irina f\u00fcr den 3. September angek\u00fcndigt worden.<\/p>\n<p>Peskow begr\u00fcndete Putins Fernbleiben mit dem Zeitplan des Pr\u00e4sidenten. Gleichzeitig verwies er darauf, dass Putin bereits am Donnerstag das Moskauer Zentralkrankenhaus, wo Gorbatschow gestorben war, aufgesucht hatte, um sich pers\u00f6nlich zu verabschieden. Peskow sagte:<\/p>\n<blockquote>\n<p><em>&#8220;Wir wissen, dass die Abschiedszeremonie und das Begr\u00e4bnis f\u00fcr den 3. September festgelegt sind. Doch leider wird der Zeitplan des Pr\u00e4sidenten es ihm nicht erlauben, sich am 3. September zu verabschieden, deshalb beschloss er, dies heute zu tun.&#8221;<\/em><\/p>\n<\/blockquote>\n<p>Auf eine Frage nach dem Status von Gorbatschows Begr\u00e4bnis antwortete Peskow, dass es &#8220;Elemente eines Staatsbegr\u00e4bnisses&#8221; geben werde. Er erkl\u00e4rte:<\/p>\n<blockquote>\n<p><em>&#8220;Es wird Elemente eines Staatsbegr\u00e4bnisses in dem Sinne geben, dass es eine Ehrenwache geben wird. Es wird ein Abschied organisiert. In diesem konkreten Fall wird der Staat die Organisation dieses Begr\u00e4bnisses unterst\u00fctzen.&#8221;<\/em><\/p>\n<\/blockquote>\n<p>Welche Unterschiede es zu einem Staatsbegr\u00e4bnis im Einzelnen geben werde, erkl\u00e4rte der Pressesprecher des Pr\u00e4sidenten nicht.<\/p>\n<p>Michail Gorbatschow, der erste und letzte Pr\u00e4sident der Sowjetunion, war am 30. August im Alter von 91 Jahren in Moskau gestorben. W\u00e4hrend Politiker im Westen dessen Verdienste um den Frieden und die Wiedervereinigung Deutschlands lobten, fielen die Reaktionen in Russland gemischt aus. Viele Politiker machten den ehemaligen Staatschef f\u00fcr den Zerfall der Sowjetunion verantwortlich. Pr\u00e4sident Putin hatte in einem Beileidstelegramm Gorbatschows Reformeifer und dessen langj\u00e4hrige humanit\u00e4re Aktivit\u00e4ten gew\u00fcrdigt.<\/p>\n<p><strong>Mehr zum Thema<\/strong> \u2013 <a rel=\"nofollow noopener\" target=\"_blank\" href=\"https:\/\/test.rtde.tech\/europa\/147608-gemeinsame-haus-europa-zum-tod-von-michail-gorbatschow\/\">Das gemeinsame Haus Europa. Zum Tod von Michail Gorbatschow<\/a><\/p>\n<\/div>\n<p><br \/>\n<br \/><a href=\"https:\/\/de.rt.com\/russland\/147745-putin-wird-nicht-an-trauerfeier-fuer-gorbatschow-teilnehmen\/\">Source link <\/a><\/p>\n","protected":false},"excerpt":{"rendered":"<p>Russlands Pr\u00e4sident Wladimir Putin kann der Trauerfeier f\u00fcr Michail Gorbatschow nicht beiwohnen und hat sich stattdessen am Donnerstag vom verstorbenen letzten Staatschef der UdSSR verabschiedet, berichtete Kremls Pressesprecher. Gorbatschow soll am 3. September beigesetzt werden. Der russische Pr\u00e4sident Wladimir Putin wird an der Trauerfeier f\u00fcr den verstorbenen ersten und letzten Pr\u00e4sidenten der UdSSR, Michail Gorbatschow, [&hellip;]<\/p>\n","protected":false},"author":3,"featured_media":18201,"comment_status":"open","ping_status":"open","sticky":false,"template":"","format":"standard","meta":{"wp_automatic_camp":["217"],"20b88e947a3da3065463dfc40cd0f837":["Putin wird nicht an Trauerfeier f\u00fcr Gorbatschow teilnehmen"],"original_link":["https:\/\/de.rt.com\/russland\/147745-putin-wird-nicht-an-trauerfeier-fuer-gorbatschow-teilnehmen\/"],"_thumbnail_id":["18201"],"_wptg_p2tg_sent2tg":["2022-09-01 17:13:48"],"jnews_social_counter_last_update":["1777098485"]},"categories":[19,23],"tags":[221,32017,800,125,1384,31520,374],"yoast_head":"<!-- This site is optimized with the Yoast SEO Premium plugin v22.7 (Yoast SEO v22.7) - https:\/\/yoast.com\/wordpress\/plugins\/seo\/ -->\n<title>Putin wird nicht an Trauerfeier f\u00fcr Gorbatschow teilnehmen - just-now.NEWS Deutschland<\/title>\n<meta name=\"robots\" content=\"index, follow, max-snippet:-1, max-image-preview:large, max-video-preview:-1\" \/>\n<link rel=\"canonical\" href=\"https:\/\/now-news.de\/de\/deutschland\/putin-wird-nicht-an-trauerfeier-fuer-gorbatschow-teilnehmen\/\" \/>\n<meta property=\"og:locale\" content=\"de_DE\" \/>\n<meta property=\"og:type\" content=\"article\" \/>\n<meta property=\"og:title\" content=\"Putin wird nicht an Trauerfeier f\u00fcr Gorbatschow teilnehmen\" \/>\n<meta property=\"og:description\" content=\"Russlands Pr\u00e4sident Wladimir Putin kann der Trauerfeier f\u00fcr Michail Gorbatschow nicht beiwohnen und hat sich stattdessen am Donnerstag vom verstorbenen letzten Staatschef der UdSSR verabschiedet, berichtete Kremls Pressesprecher. Gorbatschow soll am 3. September beigesetzt werden. Der russische Pr\u00e4sident Wladimir Putin wird an der Trauerfeier f\u00fcr den verstorbenen ersten und letzten Pr\u00e4sidenten der UdSSR, Michail Gorbatschow, [&hellip;]\" \/>\n<meta property=\"og:url\" content=\"https:\/\/now-news.de\/de\/deutschland\/putin-wird-nicht-an-trauerfeier-fuer-gorbatschow-teilnehmen\/\" \/>\n<meta property=\"og:site_name\" content=\"just-now.NEWS Deutschland\" \/>\n<meta property=\"article:publisher\" content=\"https:\/\/www.facebook.com\/wirmachenauf\" \/>\n<meta property=\"article:published_time\" content=\"2022-09-01T14:59:47+00:00\" \/>\n<meta property=\"og:image\" content=\"https:\/\/now-news.de\/de\/wp-content\/uploads\/sites\/3\/2022\/09\/Putin-wird-nicht-an-Trauerfeier-fuer-Gorbatschow-teilnehmen.jpg\" \/>\n\t<meta property=\"og:image:width\" content=\"460\" \/>\n\t<meta property=\"og:image:height\" content=\"259\" \/>\n\t<meta property=\"og:image:type\" content=\"image\/jpeg\" \/>\n<meta name=\"author\" content=\"rtnews\" \/>\n<meta name=\"twitter:card\" content=\"summary_large_image\" \/>\n<meta name=\"twitter:creator\" content=\"@WirMachenAuf_de\" \/>\n<meta name=\"twitter:site\" content=\"@WirMachenAuf_de\" \/>\n<meta name=\"twitter:label1\" content=\"Verfasst von\" \/>\n\t<meta name=\"twitter:data1\" content=\"rtnews\" \/>\n\t<meta name=\"twitter:label2\" content=\"Gesch\u00e4tzte Lesezeit\" \/>\n\t<meta name=\"twitter:data2\" content=\"2\u00a0Minuten\" \/>\n<script type=\"application\/ld+json\" class=\"yoast-schema-graph\">{\"@context\":\"https:\/\/schema.org\",\"@graph\":[{\"@type\":\"Article\",\"@id\":\"https:\/\/now-news.de\/de\/deutschland\/putin-wird-nicht-an-trauerfeier-fuer-gorbatschow-teilnehmen\/#article\",\"isPartOf\":{\"@id\":\"https:\/\/now-news.de\/de\/deutschland\/putin-wird-nicht-an-trauerfeier-fuer-gorbatschow-teilnehmen\/\"},\"author\":{\"name\":\"rtnews\",\"@id\":\"https:\/\/now-news.de\/de\/#\/schema\/person\/fb534a4e865501d8b3285208df34a9b5\"},\"headline\":\"Putin wird nicht an Trauerfeier f\u00fcr Gorbatschow teilnehmen\",\"datePublished\":\"2022-09-01T14:59:47+00:00\",\"dateModified\":\"2022-09-01T14:59:47+00:00\",\"mainEntityOfPage\":{\"@id\":\"https:\/\/now-news.de\/de\/deutschland\/putin-wird-nicht-an-trauerfeier-fuer-gorbatschow-teilnehmen\/\"},\"wordCount\":341,\"commentCount\":0,\"publisher\":{\"@id\":\"https:\/\/now-news.de\/de\/#organization\"},\"image\":{\"@id\":\"https:\/\/now-news.de\/de\/deutschland\/putin-wird-nicht-an-trauerfeier-fuer-gorbatschow-teilnehmen\/#primaryimage\"},\"thumbnailUrl\":\"https:\/\/now-news.de\/de\/wp-content\/uploads\/sites\/3\/2022\/09\/Putin-wird-nicht-an-Trauerfeier-fuer-Gorbatschow-teilnehmen.jpg\",\"keywords\":[\"f\u00fcr\",\"Gorbatschow\",\"nicht\",\"putin\",\"teilnehmen\",\"Trauerfeier\",\"wird\"],\"articleSection\":[\"Deutschland\",\"Russland\"],\"inLanguage\":\"de\",\"potentialAction\":[{\"@type\":\"CommentAction\",\"name\":\"Comment\",\"target\":[\"https:\/\/now-news.de\/de\/deutschland\/putin-wird-nicht-an-trauerfeier-fuer-gorbatschow-teilnehmen\/#respond\"]}]},{\"@type\":\"WebPage\",\"@id\":\"https:\/\/now-news.de\/de\/deutschland\/putin-wird-nicht-an-trauerfeier-fuer-gorbatschow-teilnehmen\/\",\"url\":\"https:\/\/now-news.de\/de\/deutschland\/putin-wird-nicht-an-trauerfeier-fuer-gorbatschow-teilnehmen\/\",\"name\":\"Putin wird nicht an Trauerfeier f\u00fcr Gorbatschow teilnehmen - just-now.NEWS Deutschland\",\"isPartOf\":{\"@id\":\"https:\/\/now-news.de\/de\/#website\"},\"primaryImageOfPage\":{\"@id\":\"https:\/\/now-news.de\/de\/deutschland\/putin-wird-nicht-an-trauerfeier-fuer-gorbatschow-teilnehmen\/#primaryimage\"},\"image\":{\"@id\":\"https:\/\/now-news.de\/de\/deutschland\/putin-wird-nicht-an-trauerfeier-fuer-gorbatschow-teilnehmen\/#primaryimage\"},\"thumbnailUrl\":\"https:\/\/now-news.de\/de\/wp-content\/uploads\/sites\/3\/2022\/09\/Putin-wird-nicht-an-Trauerfeier-fuer-Gorbatschow-teilnehmen.jpg\",\"datePublished\":\"2022-09-01T14:59:47+00:00\",\"dateModified\":\"2022-09-01T14:59:47+00:00\",\"breadcrumb\":{\"@id\":\"https:\/\/now-news.de\/de\/deutschland\/putin-wird-nicht-an-trauerfeier-fuer-gorbatschow-teilnehmen\/#breadcrumb\"},\"inLanguage\":\"de\",\"potentialAction\":[{\"@type\":\"ReadAction\",\"target\":[\"https:\/\/now-news.de\/de\/deutschland\/putin-wird-nicht-an-trauerfeier-fuer-gorbatschow-teilnehmen\/\"]}]},{\"@type\":\"ImageObject\",\"inLanguage\":\"de\",\"@id\":\"https:\/\/now-news.de\/de\/deutschland\/putin-wird-nicht-an-trauerfeier-fuer-gorbatschow-teilnehmen\/#primaryimage\",\"url\":\"https:\/\/now-news.de\/de\/wp-content\/uploads\/sites\/3\/2022\/09\/Putin-wird-nicht-an-Trauerfeier-fuer-Gorbatschow-teilnehmen.jpg\",\"contentUrl\":\"https:\/\/now-news.de\/de\/wp-content\/uploads\/sites\/3\/2022\/09\/Putin-wird-nicht-an-Trauerfeier-fuer-Gorbatschow-teilnehmen.jpg\",\"width\":460,\"height\":259,\"caption\":\"Putin wird nicht an Trauerfeier f\u00fcr Gorbatschow teilnehmen\"},{\"@type\":\"BreadcrumbList\",\"@id\":\"https:\/\/now-news.de\/de\/deutschland\/putin-wird-nicht-an-trauerfeier-fuer-gorbatschow-teilnehmen\/#breadcrumb\",\"itemListElement\":[{\"@type\":\"ListItem\",\"position\":1,\"name\":\"Home\",\"item\":\"https:\/\/now-news.de\/de\/\"},{\"@type\":\"ListItem\",\"position\":2,\"name\":\"Putin wird nicht an Trauerfeier f\u00fcr Gorbatschow teilnehmen\"}]},{\"@type\":\"WebSite\",\"@id\":\"https:\/\/now-news.de\/de\/#website\",\"url\":\"https:\/\/now-news.de\/de\/\",\"name\":\"just-now.NEWS Deutschland\",\"description\":\"Das Portal f\u00fcr unzensierte Nachrichten aus der Welt\",\"publisher\":{\"@id\":\"https:\/\/now-news.de\/de\/#organization\"},\"potentialAction\":[{\"@type\":\"SearchAction\",\"target\":{\"@type\":\"EntryPoint\",\"urlTemplate\":\"https:\/\/now-news.de\/de\/?s={search_term_string}\"},\"query-input\":\"required name=search_term_string\"}],\"inLanguage\":\"de\"},{\"@type\":\"Organization\",\"@id\":\"https:\/\/now-news.de\/de\/#organization\",\"name\":\"Just Now News\",\"url\":\"https:\/\/now-news.de\/de\/\",\"logo\":{\"@type\":\"ImageObject\",\"inLanguage\":\"de\",\"@id\":\"https:\/\/now-news.de\/de\/#\/schema\/logo\/image\/\",\"url\":\"http:\/\/just-now.news\/de\/wp-content\/uploads\/sites\/3\/2022\/04\/logo500x500.jpg\",\"contentUrl\":\"http:\/\/just-now.news\/de\/wp-content\/uploads\/sites\/3\/2022\/04\/logo500x500.jpg\",\"width\":500,\"height\":500,\"caption\":\"Just Now News\"},\"image\":{\"@id\":\"https:\/\/now-news.de\/de\/#\/schema\/logo\/image\/\"},\"sameAs\":[\"https:\/\/www.facebook.com\/wirmachenauf\",\"https:\/\/x.com\/WirMachenAuf_de\"]},{\"@type\":\"Person\",\"@id\":\"https:\/\/now-news.de\/de\/#\/schema\/person\/fb534a4e865501d8b3285208df34a9b5\",\"name\":\"rtnews\",\"image\":{\"@type\":\"ImageObject\",\"inLanguage\":\"de\",\"@id\":\"https:\/\/now-news.de\/de\/#\/schema\/person\/image\/\",\"url\":\"https:\/\/secure.gravatar.com\/avatar\/82aafea7d8127119dd649515f56e2117?s=96&d=mm&r=g\",\"contentUrl\":\"https:\/\/secure.gravatar.com\/avatar\/82aafea7d8127119dd649515f56e2117?s=96&d=mm&r=g\",\"caption\":\"rtnews\"},\"url\":\"https:\/\/now-news.de\/de\/author\/rnews\/\"}]}<\/script>\n<!-- \/ Yoast SEO Premium plugin. -->","yoast_head_json":{"title":"Putin wird nicht an Trauerfeier f\u00fcr Gorbatschow teilnehmen - just-now.NEWS Deutschland","robots":{"index":"index","follow":"follow","max-snippet":"max-snippet:-1","max-image-preview":"max-image-preview:large","max-video-preview":"max-video-preview:-1"},"canonical":"https:\/\/now-news.de\/de\/deutschland\/putin-wird-nicht-an-trauerfeier-fuer-gorbatschow-teilnehmen\/","og_locale":"de_DE","og_type":"article","og_title":"Putin wird nicht an Trauerfeier f\u00fcr Gorbatschow teilnehmen","og_description":"Russlands Pr\u00e4sident Wladimir Putin kann der Trauerfeier f\u00fcr Michail Gorbatschow nicht beiwohnen und hat sich stattdessen am Donnerstag vom verstorbenen letzten Staatschef der UdSSR verabschiedet, berichtete Kremls Pressesprecher. Gorbatschow soll am 3. September beigesetzt werden. Der russische Pr\u00e4sident Wladimir Putin wird an der Trauerfeier f\u00fcr den verstorbenen ersten und letzten Pr\u00e4sidenten der UdSSR, Michail Gorbatschow, [&hellip;]","og_url":"https:\/\/now-news.de\/de\/deutschland\/putin-wird-nicht-an-trauerfeier-fuer-gorbatschow-teilnehmen\/","og_site_name":"just-now.NEWS Deutschland","article_publisher":"https:\/\/www.facebook.com\/wirmachenauf","article_published_time":"2022-09-01T14:59:47+00:00","og_image":[{"width":460,"height":259,"url":"https:\/\/now-news.de\/de\/wp-content\/uploads\/sites\/3\/2022\/09\/Putin-wird-nicht-an-Trauerfeier-fuer-Gorbatschow-teilnehmen.jpg","type":"image\/jpeg"}],"author":"rtnews","twitter_card":"summary_large_image","twitter_creator":"@WirMachenAuf_de","twitter_site":"@WirMachenAuf_de","twitter_misc":{"Verfasst von":"rtnews","Gesch\u00e4tzte Lesezeit":"2\u00a0Minuten"},"schema":{"@context":"https:\/\/schema.org","@graph":[{"@type":"Article","@id":"https:\/\/now-news.de\/de\/deutschland\/putin-wird-nicht-an-trauerfeier-fuer-gorbatschow-teilnehmen\/#article","isPartOf":{"@id":"https:\/\/now-news.de\/de\/deutschland\/putin-wird-nicht-an-trauerfeier-fuer-gorbatschow-teilnehmen\/"},"author":{"name":"rtnews","@id":"https:\/\/now-news.de\/de\/#\/schema\/person\/fb534a4e865501d8b3285208df34a9b5"},"headline":"Putin wird nicht an Trauerfeier f\u00fcr Gorbatschow teilnehmen","datePublished":"2022-09-01T14:59:47+00:00","dateModified":"2022-09-01T14:59:47+00:00","mainEntityOfPage":{"@id":"https:\/\/now-news.de\/de\/deutschland\/putin-wird-nicht-an-trauerfeier-fuer-gorbatschow-teilnehmen\/"},"wordCount":341,"commentCount":0,"publisher":{"@id":"https:\/\/now-news.de\/de\/#organization"},"image":{"@id":"https:\/\/now-news.de\/de\/deutschland\/putin-wird-nicht-an-trauerfeier-fuer-gorbatschow-teilnehmen\/#primaryimage"},"thumbnailUrl":"https:\/\/now-news.de\/de\/wp-content\/uploads\/sites\/3\/2022\/09\/Putin-wird-nicht-an-Trauerfeier-fuer-Gorbatschow-teilnehmen.jpg","keywords":["f\u00fcr","Gorbatschow","nicht","putin","teilnehmen","Trauerfeier","wird"],"articleSection":["Deutschland","Russland"],"inLanguage":"de","potentialAction":[{"@type":"CommentAction","name":"Comment","target":["https:\/\/now-news.de\/de\/deutschland\/putin-wird-nicht-an-trauerfeier-fuer-gorbatschow-teilnehmen\/#respond"]}]},{"@type":"WebPage","@id":"https:\/\/now-news.de\/de\/deutschland\/putin-wird-nicht-an-trauerfeier-fuer-gorbatschow-teilnehmen\/","url":"https:\/\/now-news.de\/de\/deutschland\/putin-wird-nicht-an-trauerfeier-fuer-gorbatschow-teilnehmen\/","name":"Putin wird nicht an Trauerfeier f\u00fcr Gorbatschow teilnehmen - just-now.NEWS Deutschland","isPartOf":{"@id":"https:\/\/now-news.de\/de\/#website"},"primaryImageOfPage":{"@id":"https:\/\/now-news.de\/de\/deutschland\/putin-wird-nicht-an-trauerfeier-fuer-gorbatschow-teilnehmen\/#primaryimage"},"image":{"@id":"https:\/\/now-news.de\/de\/deutschland\/putin-wird-nicht-an-trauerfeier-fuer-gorbatschow-teilnehmen\/#primaryimage"},"thumbnailUrl":"https:\/\/now-news.de\/de\/wp-content\/uploads\/sites\/3\/2022\/09\/Putin-wird-nicht-an-Trauerfeier-fuer-Gorbatschow-teilnehmen.jpg","datePublished":"2022-09-01T14:59:47+00:00","dateModified":"2022-09-01T14:59:47+00:00","breadcrumb":{"@id":"https:\/\/now-news.de\/de\/deutschland\/putin-wird-nicht-an-trauerfeier-fuer-gorbatschow-teilnehmen\/#breadcrumb"},"inLanguage":"de","potentialAction":[{"@type":"ReadAction","target":["https:\/\/now-news.de\/de\/deutschland\/putin-wird-nicht-an-trauerfeier-fuer-gorbatschow-teilnehmen\/"]}]},{"@type":"ImageObject","inLanguage":"de","@id":"https:\/\/now-news.de\/de\/deutschland\/putin-wird-nicht-an-trauerfeier-fuer-gorbatschow-teilnehmen\/#primaryimage","url":"https:\/\/now-news.de\/de\/wp-content\/uploads\/sites\/3\/2022\/09\/Putin-wird-nicht-an-Trauerfeier-fuer-Gorbatschow-teilnehmen.jpg","contentUrl":"https:\/\/now-news.de\/de\/wp-content\/uploads\/sites\/3\/2022\/09\/Putin-wird-nicht-an-Trauerfeier-fuer-Gorbatschow-teilnehmen.jpg","width":460,"height":259,"caption":"Putin wird nicht an Trauerfeier f\u00fcr Gorbatschow teilnehmen"},{"@type":"BreadcrumbList","@id":"https:\/\/now-news.de\/de\/deutschland\/putin-wird-nicht-an-trauerfeier-fuer-gorbatschow-teilnehmen\/#breadcrumb","itemListElement":[{"@type":"ListItem","position":1,"name":"Home","item":"https:\/\/now-news.de\/de\/"},{"@type":"ListItem","position":2,"name":"Putin wird nicht an Trauerfeier f\u00fcr Gorbatschow teilnehmen"}]},{"@type":"WebSite","@id":"https:\/\/now-news.de\/de\/#website","url":"https:\/\/now-news.de\/de\/","name":"just-now.NEWS Deutschland","description":"Das Portal f\u00fcr unzensierte Nachrichten aus der Welt","publisher":{"@id":"https:\/\/now-news.de\/de\/#organization"},"potentialAction":[{"@type":"SearchAction","target":{"@type":"EntryPoint","urlTemplate":"https:\/\/now-news.de\/de\/?s={search_term_string}"},"query-input":"required name=search_term_string"}],"inLanguage":"de"},{"@type":"Organization","@id":"https:\/\/now-news.de\/de\/#organization","name":"Just Now News","url":"https:\/\/now-news.de\/de\/","logo":{"@type":"ImageObject","inLanguage":"de","@id":"https:\/\/now-news.de\/de\/#\/schema\/logo\/image\/","url":"http:\/\/just-now.news\/de\/wp-content\/uploads\/sites\/3\/2022\/04\/logo500x500.jpg","contentUrl":"http:\/\/just-now.news\/de\/wp-content\/uploads\/sites\/3\/2022\/04\/logo500x500.jpg","width":500,"height":500,"caption":"Just Now News"},"image":{"@id":"https:\/\/now-news.de\/de\/#\/schema\/logo\/image\/"},"sameAs":["https:\/\/www.facebook.com\/wirmachenauf","https:\/\/x.com\/WirMachenAuf_de"]},{"@type":"Person","@id":"https:\/\/now-news.de\/de\/#\/schema\/person\/fb534a4e865501d8b3285208df34a9b5","name":"rtnews","image":{"@type":"ImageObject","inLanguage":"de","@id":"https:\/\/now-news.de\/de\/#\/schema\/person\/image\/","url":"https:\/\/secure.gravatar.com\/avatar\/82aafea7d8127119dd649515f56e2117?s=96&d=mm&r=g","contentUrl":"https:\/\/secure.gravatar.com\/avatar\/82aafea7d8127119dd649515f56e2117?s=96&d=mm&r=g","caption":"rtnews"},"url":"https:\/\/now-news.de\/de\/author\/rnews\/"}]}},"_links":{"self":[{"href":"https:\/\/now-news.de\/de\/wp-json\/wp\/v2\/posts\/18200"}],"collection":[{"href":"https:\/\/now-news.de\/de\/wp-json\/wp\/v2\/posts"}],"about":[{"href":"https:\/\/now-news.de\/de\/wp-json\/wp\/v2\/types\/post"}],"author":[{"embeddable":true,"href":"https:\/\/now-news.de\/de\/wp-json\/wp\/v2\/users\/3"}],"replies":[{"embeddable":true,"href":"https:\/\/now-news.de\/de\/wp-json\/wp\/v2\/comments?post=18200"}],"version-history":[{"count":0,"href":"https:\/\/now-news.de\/de\/wp-json\/wp\/v2\/posts\/18200\/revisions"}],"wp:featuredmedia":[{"embeddable":true,"href":"https:\/\/now-news.de\/de\/wp-json\/wp\/v2\/media\/18201"}],"wp:attachment":[{"href":"https:\/\/now-news.de\/de\/wp-json\/wp\/v2\/media?parent=18200"}],"wp:term":[{"taxonomy":"category","embeddable":true,"href":"https:\/\/now-news.de\/de\/wp-json\/wp\/v2\/categories?post=18200"},{"taxonomy":"post_tag","embeddable":true,"href":"https:\/\/now-news.de\/de\/wp-json\/wp\/v2\/tags?post=18200"}],"curies":[{"name":"wp","href":"https:\/\/api.w.org\/{rel}","templated":true}]}}