{"id":18196,"date":"2022-09-01T16:36:23","date_gmt":"2022-09-01T14:36:23","guid":{"rendered":"http:\/\/just-now.news\/de\/deutschland\/serbisches-militaer-beginnt-mit-uebungen-in-der-naehe-des-kosovo\/"},"modified":"2022-09-01T16:36:23","modified_gmt":"2022-09-01T14:36:23","slug":"serbisches-militaer-beginnt-mit-uebungen-in-der-naehe-des-kosovo","status":"publish","type":"post","link":"https:\/\/now-news.de\/de\/deutschland\/serbisches-militaer-beginnt-mit-uebungen-in-der-naehe-des-kosovo\/","title":{"rendered":"Serbisches Milit\u00e4r beginnt mit \u00dcbungen in der N\u00e4he des Kosovo"},"content":{"rendered":"<p><img decoding=\"async\" src=\"http:\/\/just-now.news\/de\/wp-content\/uploads\/sites\/3\/2022\/09\/6310b316b480cc23d54431df.jpg\" \/><\/p>\n<p>W\u00e4hrend der Streit zwischen Serbien und Kosovo wegen Einreiseregeln nur zum Teil entsch\u00e4rft wurde, haben Einheiten der serbischen Armee am Mittwoch mit \u00dcbungen in der N\u00e4he der Verwaltungsgrenze zum Kosovo begonnen. Laut Belgrad handelt es sich bei den \u00dcbungen um reine Routine.<\/p>\n<p>Das serbische Verteidigungsministerium erkl\u00e4rte dazu:<\/p>\n<blockquote>\n<p><em>&#8220;Das Training wird durchgef\u00fchrt, um das hohe Niveau der Kampfbereitschaft der beteiligten Einheiten und ihre F\u00e4higkeit zu erhalten, im Bedarfsfall schnell zu reagieren, um Frieden und Sicherheit entlang der Verwaltungsgrenze herzustellen &#8230; Besonderes Augenmerk wird auf \u00dcbungen gelegt, bei denen ein Angriff auf die Einheit simuliert wird, sowie auf die Taktiken, Techniken und Verfahren zur Unterbindung illegaler Grenz\u00fcbertritte, der Operationen extremistischer Gruppen und der organisierten Kriminalit\u00e4t.&#8221;<\/em><\/p>\n<\/blockquote>\n<p>Anwohner berichteten, dass Lastwagen, gepanzerte Fahrzeuge und sogar Panzer in der N\u00e4he von Raska und Novi Pazar gesichtet wurden, den St\u00e4dten, die den beiden administrativen Grenz\u00fcberg\u00e4ngen zu der abtr\u00fcnnigen Provinz am n\u00e4chsten liegen. Hier hatten die albanischen Beh\u00f6rden im vergangenen Monat versucht, den Transit mit serbischen Dokumenten zu unterbinden.<\/p>\n<p>Belgrad und Pristina haben seitdem einen Kompromiss zu den Einreiseregeln ausgehandelt, aber die Regierung von Albin Kurti besteht darauf, dass serbische Nummernschilder und Personalausweise ab dem 1. September abgeschafft werden m\u00fcssen.<\/p>\n<p>Mehrere westliche Milit\u00e4rattach\u00e9s baten am Wochenende um Zugang zu serbischen Milit\u00e4rst\u00fctzpunkten in Raska und Novi Pazar, doch der serbische Pr\u00e4sident Aleksandar Vu\u010di\u0107 lehnte dies gegen\u00fcber Reportern ab. Er sagte:<\/p>\n<blockquote>\n<p><em>&#8220;Ich habe es nicht erlaubt. Wenn wir beschlie\u00dfen, eine Show zu veranstalten, dann k\u00f6nnen sie sehen, was wir haben.&#8221;<\/em><\/p>\n<\/blockquote>\n<p>Die NATO besetzte das Kosovo im Jahr 1999 nach einem 78-t\u00e4gigen Luftkrieg gegen Serbien. Die Provinz erkl\u00e4rte im Jahr 2008 einseitig ihre Unabh\u00e4ngigkeit und wurde von den USA und ihren Verb\u00fcndeten anerkannt, nicht aber von etwa der H\u00e4lfte der Welt, darunter Serbien, Russland, China und mehrere EU-Mitgliedstaaten. Vu\u010di\u0107 versucht sich in einem Balanceakt zwischen einer neutralen Position gegen\u00fcber dem Ukraine-Konflikt und gleichzeitigen Bestrebungen der EU beizutreten.<\/p>\n<p><strong>Mehr zum Thema<\/strong> \u2013 <a rel=\"nofollow noopener\" target=\"_blank\" href=\"https:\/\/deutsch.rt.com\/europa\/147364-serbien-sieben-laender-widerrufen-unabhaengigkeit-kosovo\/\">Serbien: Sieben L\u00e4nder widerrufen Unabh\u00e4ngigkeit des Kosovo<\/a><\/p>\n<p><br \/>\n<br \/><a href=\"https:\/\/de.rt.com\/europa\/147713-serbisches-militaer-beginnt-mit-uebungen-in-der-naehe-des-kosovo\/\">Source link <\/a><\/p>\n","protected":false},"excerpt":{"rendered":"<p>W\u00e4hrend der Streit zwischen Serbien und Kosovo wegen Einreiseregeln nur zum Teil entsch\u00e4rft wurde, haben Einheiten der serbischen Armee am Mittwoch mit \u00dcbungen in der N\u00e4he der Verwaltungsgrenze zum Kosovo begonnen. Laut Belgrad handelt es sich bei den \u00dcbungen um reine Routine. Das serbische Verteidigungsministerium erkl\u00e4rte dazu: &#8220;Das Training wird durchgef\u00fchrt, um das hohe Niveau [&hellip;]<\/p>\n","protected":false},"author":3,"featured_media":18197,"comment_status":"open","ping_status":"open","sticky":false,"template":"","format":"standard","meta":{"wp_automatic_camp":["217"],"dc917b8a8555db36a69e9d8689c499f3":["Serbisches Milit\u00e4r beginnt mit \u00dcbungen in der N\u00e4he des Kosovo"],"original_link":["https:\/\/de.rt.com\/europa\/147713-serbisches-militaer-beginnt-mit-uebungen-in-der-naehe-des-kosovo\/"],"_thumbnail_id":["18197"],"_wptg_p2tg_sent2tg":["2022-09-01 16:41:37"],"jnews_social_counter_last_update":["1777331489"]},"categories":[19,23],"tags":[490,82,583,2681,4029,419,1817,32106,20542],"yoast_head":"<!-- This site is optimized with the Yoast SEO Premium plugin v22.7 (Yoast SEO v22.7) - https:\/\/yoast.com\/wordpress\/plugins\/seo\/ -->\n<title>Serbisches Milit\u00e4r beginnt mit \u00dcbungen in der N\u00e4he des Kosovo - just-now.NEWS Deutschland<\/title>\n<meta name=\"robots\" content=\"index, follow, max-snippet:-1, max-image-preview:large, max-video-preview:-1\" \/>\n<link rel=\"canonical\" href=\"https:\/\/now-news.de\/de\/deutschland\/serbisches-militaer-beginnt-mit-uebungen-in-der-naehe-des-kosovo\/\" \/>\n<meta property=\"og:locale\" content=\"de_DE\" \/>\n<meta property=\"og:type\" content=\"article\" \/>\n<meta property=\"og:title\" content=\"Serbisches Milit\u00e4r beginnt mit \u00dcbungen in der N\u00e4he des Kosovo\" \/>\n<meta property=\"og:description\" content=\"W\u00e4hrend der Streit zwischen Serbien und Kosovo wegen Einreiseregeln nur zum Teil entsch\u00e4rft wurde, haben Einheiten der serbischen Armee am Mittwoch mit \u00dcbungen in der N\u00e4he der Verwaltungsgrenze zum Kosovo begonnen. Laut Belgrad handelt es sich bei den \u00dcbungen um reine Routine. Das serbische Verteidigungsministerium erkl\u00e4rte dazu: &#8220;Das Training wird durchgef\u00fchrt, um das hohe Niveau [&hellip;]\" \/>\n<meta property=\"og:url\" content=\"https:\/\/now-news.de\/de\/deutschland\/serbisches-militaer-beginnt-mit-uebungen-in-der-naehe-des-kosovo\/\" \/>\n<meta property=\"og:site_name\" content=\"just-now.NEWS Deutschland\" \/>\n<meta property=\"article:publisher\" content=\"https:\/\/www.facebook.com\/wirmachenauf\" \/>\n<meta property=\"article:published_time\" content=\"2022-09-01T14:36:23+00:00\" \/>\n<meta property=\"og:image\" content=\"https:\/\/now-news.de\/de\/wp-content\/uploads\/sites\/3\/2022\/09\/Serbisches-Militaer-beginnt-mit-Uebungen-in-der-Naehe-des-Kosovo.jpg\" \/>\n\t<meta property=\"og:image:width\" content=\"460\" \/>\n\t<meta property=\"og:image:height\" content=\"259\" \/>\n\t<meta property=\"og:image:type\" content=\"image\/jpeg\" \/>\n<meta name=\"author\" content=\"rtnews\" \/>\n<meta name=\"twitter:card\" content=\"summary_large_image\" \/>\n<meta name=\"twitter:creator\" content=\"@WirMachenAuf_de\" \/>\n<meta name=\"twitter:site\" content=\"@WirMachenAuf_de\" \/>\n<meta name=\"twitter:label1\" content=\"Verfasst von\" \/>\n\t<meta name=\"twitter:data1\" content=\"rtnews\" \/>\n\t<meta name=\"twitter:label2\" content=\"Gesch\u00e4tzte Lesezeit\" \/>\n\t<meta name=\"twitter:data2\" content=\"2\u00a0Minuten\" \/>\n<script type=\"application\/ld+json\" class=\"yoast-schema-graph\">{\"@context\":\"https:\/\/schema.org\",\"@graph\":[{\"@type\":\"Article\",\"@id\":\"https:\/\/now-news.de\/de\/deutschland\/serbisches-militaer-beginnt-mit-uebungen-in-der-naehe-des-kosovo\/#article\",\"isPartOf\":{\"@id\":\"https:\/\/now-news.de\/de\/deutschland\/serbisches-militaer-beginnt-mit-uebungen-in-der-naehe-des-kosovo\/\"},\"author\":{\"name\":\"rtnews\",\"@id\":\"https:\/\/now-news.de\/de\/#\/schema\/person\/fb534a4e865501d8b3285208df34a9b5\"},\"headline\":\"Serbisches Milit\u00e4r beginnt mit \u00dcbungen in der N\u00e4he des Kosovo\",\"datePublished\":\"2022-09-01T14:36:23+00:00\",\"dateModified\":\"2022-09-01T14:36:23+00:00\",\"mainEntityOfPage\":{\"@id\":\"https:\/\/now-news.de\/de\/deutschland\/serbisches-militaer-beginnt-mit-uebungen-in-der-naehe-des-kosovo\/\"},\"wordCount\":362,\"commentCount\":0,\"publisher\":{\"@id\":\"https:\/\/now-news.de\/de\/#organization\"},\"image\":{\"@id\":\"https:\/\/now-news.de\/de\/deutschland\/serbisches-militaer-beginnt-mit-uebungen-in-der-naehe-des-kosovo\/#primaryimage\"},\"thumbnailUrl\":\"https:\/\/now-news.de\/de\/wp-content\/uploads\/sites\/3\/2022\/09\/Serbisches-Militaer-beginnt-mit-Uebungen-in-der-Naehe-des-Kosovo.jpg\",\"keywords\":[\"beginnt\",\"der\",\"des\",\"Kosovo\",\"Milit\u00e4r\",\"mit\",\"nahe\",\"Serbisches\",\"\u00dcbungen\"],\"articleSection\":[\"Deutschland\",\"Russland\"],\"inLanguage\":\"de\",\"potentialAction\":[{\"@type\":\"CommentAction\",\"name\":\"Comment\",\"target\":[\"https:\/\/now-news.de\/de\/deutschland\/serbisches-militaer-beginnt-mit-uebungen-in-der-naehe-des-kosovo\/#respond\"]}]},{\"@type\":\"WebPage\",\"@id\":\"https:\/\/now-news.de\/de\/deutschland\/serbisches-militaer-beginnt-mit-uebungen-in-der-naehe-des-kosovo\/\",\"url\":\"https:\/\/now-news.de\/de\/deutschland\/serbisches-militaer-beginnt-mit-uebungen-in-der-naehe-des-kosovo\/\",\"name\":\"Serbisches Milit\u00e4r beginnt mit \u00dcbungen in der N\u00e4he des Kosovo - just-now.NEWS Deutschland\",\"isPartOf\":{\"@id\":\"https:\/\/now-news.de\/de\/#website\"},\"primaryImageOfPage\":{\"@id\":\"https:\/\/now-news.de\/de\/deutschland\/serbisches-militaer-beginnt-mit-uebungen-in-der-naehe-des-kosovo\/#primaryimage\"},\"image\":{\"@id\":\"https:\/\/now-news.de\/de\/deutschland\/serbisches-militaer-beginnt-mit-uebungen-in-der-naehe-des-kosovo\/#primaryimage\"},\"thumbnailUrl\":\"https:\/\/now-news.de\/de\/wp-content\/uploads\/sites\/3\/2022\/09\/Serbisches-Militaer-beginnt-mit-Uebungen-in-der-Naehe-des-Kosovo.jpg\",\"datePublished\":\"2022-09-01T14:36:23+00:00\",\"dateModified\":\"2022-09-01T14:36:23+00:00\",\"breadcrumb\":{\"@id\":\"https:\/\/now-news.de\/de\/deutschland\/serbisches-militaer-beginnt-mit-uebungen-in-der-naehe-des-kosovo\/#breadcrumb\"},\"inLanguage\":\"de\",\"potentialAction\":[{\"@type\":\"ReadAction\",\"target\":[\"https:\/\/now-news.de\/de\/deutschland\/serbisches-militaer-beginnt-mit-uebungen-in-der-naehe-des-kosovo\/\"]}]},{\"@type\":\"ImageObject\",\"inLanguage\":\"de\",\"@id\":\"https:\/\/now-news.de\/de\/deutschland\/serbisches-militaer-beginnt-mit-uebungen-in-der-naehe-des-kosovo\/#primaryimage\",\"url\":\"https:\/\/now-news.de\/de\/wp-content\/uploads\/sites\/3\/2022\/09\/Serbisches-Militaer-beginnt-mit-Uebungen-in-der-Naehe-des-Kosovo.jpg\",\"contentUrl\":\"https:\/\/now-news.de\/de\/wp-content\/uploads\/sites\/3\/2022\/09\/Serbisches-Militaer-beginnt-mit-Uebungen-in-der-Naehe-des-Kosovo.jpg\",\"width\":460,\"height\":259,\"caption\":\"Serbisches Milit\u00e4r beginnt mit \u00dcbungen in der N\u00e4he des Kosovo\"},{\"@type\":\"BreadcrumbList\",\"@id\":\"https:\/\/now-news.de\/de\/deutschland\/serbisches-militaer-beginnt-mit-uebungen-in-der-naehe-des-kosovo\/#breadcrumb\",\"itemListElement\":[{\"@type\":\"ListItem\",\"position\":1,\"name\":\"Home\",\"item\":\"https:\/\/now-news.de\/de\/\"},{\"@type\":\"ListItem\",\"position\":2,\"name\":\"Serbisches Milit\u00e4r beginnt mit \u00dcbungen in der N\u00e4he des Kosovo\"}]},{\"@type\":\"WebSite\",\"@id\":\"https:\/\/now-news.de\/de\/#website\",\"url\":\"https:\/\/now-news.de\/de\/\",\"name\":\"just-now.NEWS Deutschland\",\"description\":\"Das Portal f\u00fcr unzensierte Nachrichten aus der Welt\",\"publisher\":{\"@id\":\"https:\/\/now-news.de\/de\/#organization\"},\"potentialAction\":[{\"@type\":\"SearchAction\",\"target\":{\"@type\":\"EntryPoint\",\"urlTemplate\":\"https:\/\/now-news.de\/de\/?s={search_term_string}\"},\"query-input\":\"required name=search_term_string\"}],\"inLanguage\":\"de\"},{\"@type\":\"Organization\",\"@id\":\"https:\/\/now-news.de\/de\/#organization\",\"name\":\"Just Now News\",\"url\":\"https:\/\/now-news.de\/de\/\",\"logo\":{\"@type\":\"ImageObject\",\"inLanguage\":\"de\",\"@id\":\"https:\/\/now-news.de\/de\/#\/schema\/logo\/image\/\",\"url\":\"http:\/\/just-now.news\/de\/wp-content\/uploads\/sites\/3\/2022\/04\/logo500x500.jpg\",\"contentUrl\":\"http:\/\/just-now.news\/de\/wp-content\/uploads\/sites\/3\/2022\/04\/logo500x500.jpg\",\"width\":500,\"height\":500,\"caption\":\"Just Now News\"},\"image\":{\"@id\":\"https:\/\/now-news.de\/de\/#\/schema\/logo\/image\/\"},\"sameAs\":[\"https:\/\/www.facebook.com\/wirmachenauf\",\"https:\/\/x.com\/WirMachenAuf_de\"]},{\"@type\":\"Person\",\"@id\":\"https:\/\/now-news.de\/de\/#\/schema\/person\/fb534a4e865501d8b3285208df34a9b5\",\"name\":\"rtnews\",\"image\":{\"@type\":\"ImageObject\",\"inLanguage\":\"de\",\"@id\":\"https:\/\/now-news.de\/de\/#\/schema\/person\/image\/\",\"url\":\"https:\/\/secure.gravatar.com\/avatar\/82aafea7d8127119dd649515f56e2117?s=96&d=mm&r=g\",\"contentUrl\":\"https:\/\/secure.gravatar.com\/avatar\/82aafea7d8127119dd649515f56e2117?s=96&d=mm&r=g\",\"caption\":\"rtnews\"},\"url\":\"https:\/\/now-news.de\/de\/author\/rnews\/\"}]}<\/script>\n<!-- \/ Yoast SEO Premium plugin. -->","yoast_head_json":{"title":"Serbisches Milit\u00e4r beginnt mit \u00dcbungen in der N\u00e4he des Kosovo - just-now.NEWS Deutschland","robots":{"index":"index","follow":"follow","max-snippet":"max-snippet:-1","max-image-preview":"max-image-preview:large","max-video-preview":"max-video-preview:-1"},"canonical":"https:\/\/now-news.de\/de\/deutschland\/serbisches-militaer-beginnt-mit-uebungen-in-der-naehe-des-kosovo\/","og_locale":"de_DE","og_type":"article","og_title":"Serbisches Milit\u00e4r beginnt mit \u00dcbungen in der N\u00e4he des Kosovo","og_description":"W\u00e4hrend der Streit zwischen Serbien und Kosovo wegen Einreiseregeln nur zum Teil entsch\u00e4rft wurde, haben Einheiten der serbischen Armee am Mittwoch mit \u00dcbungen in der N\u00e4he der Verwaltungsgrenze zum Kosovo begonnen. Laut Belgrad handelt es sich bei den \u00dcbungen um reine Routine. Das serbische Verteidigungsministerium erkl\u00e4rte dazu: &#8220;Das Training wird durchgef\u00fchrt, um das hohe Niveau [&hellip;]","og_url":"https:\/\/now-news.de\/de\/deutschland\/serbisches-militaer-beginnt-mit-uebungen-in-der-naehe-des-kosovo\/","og_site_name":"just-now.NEWS Deutschland","article_publisher":"https:\/\/www.facebook.com\/wirmachenauf","article_published_time":"2022-09-01T14:36:23+00:00","og_image":[{"width":460,"height":259,"url":"https:\/\/now-news.de\/de\/wp-content\/uploads\/sites\/3\/2022\/09\/Serbisches-Militaer-beginnt-mit-Uebungen-in-der-Naehe-des-Kosovo.jpg","type":"image\/jpeg"}],"author":"rtnews","twitter_card":"summary_large_image","twitter_creator":"@WirMachenAuf_de","twitter_site":"@WirMachenAuf_de","twitter_misc":{"Verfasst von":"rtnews","Gesch\u00e4tzte Lesezeit":"2\u00a0Minuten"},"schema":{"@context":"https:\/\/schema.org","@graph":[{"@type":"Article","@id":"https:\/\/now-news.de\/de\/deutschland\/serbisches-militaer-beginnt-mit-uebungen-in-der-naehe-des-kosovo\/#article","isPartOf":{"@id":"https:\/\/now-news.de\/de\/deutschland\/serbisches-militaer-beginnt-mit-uebungen-in-der-naehe-des-kosovo\/"},"author":{"name":"rtnews","@id":"https:\/\/now-news.de\/de\/#\/schema\/person\/fb534a4e865501d8b3285208df34a9b5"},"headline":"Serbisches Milit\u00e4r beginnt mit \u00dcbungen in der N\u00e4he des Kosovo","datePublished":"2022-09-01T14:36:23+00:00","dateModified":"2022-09-01T14:36:23+00:00","mainEntityOfPage":{"@id":"https:\/\/now-news.de\/de\/deutschland\/serbisches-militaer-beginnt-mit-uebungen-in-der-naehe-des-kosovo\/"},"wordCount":362,"commentCount":0,"publisher":{"@id":"https:\/\/now-news.de\/de\/#organization"},"image":{"@id":"https:\/\/now-news.de\/de\/deutschland\/serbisches-militaer-beginnt-mit-uebungen-in-der-naehe-des-kosovo\/#primaryimage"},"thumbnailUrl":"https:\/\/now-news.de\/de\/wp-content\/uploads\/sites\/3\/2022\/09\/Serbisches-Militaer-beginnt-mit-Uebungen-in-der-Naehe-des-Kosovo.jpg","keywords":["beginnt","der","des","Kosovo","Milit\u00e4r","mit","nahe","Serbisches","\u00dcbungen"],"articleSection":["Deutschland","Russland"],"inLanguage":"de","potentialAction":[{"@type":"CommentAction","name":"Comment","target":["https:\/\/now-news.de\/de\/deutschland\/serbisches-militaer-beginnt-mit-uebungen-in-der-naehe-des-kosovo\/#respond"]}]},{"@type":"WebPage","@id":"https:\/\/now-news.de\/de\/deutschland\/serbisches-militaer-beginnt-mit-uebungen-in-der-naehe-des-kosovo\/","url":"https:\/\/now-news.de\/de\/deutschland\/serbisches-militaer-beginnt-mit-uebungen-in-der-naehe-des-kosovo\/","name":"Serbisches Milit\u00e4r beginnt mit \u00dcbungen in der N\u00e4he des Kosovo - just-now.NEWS Deutschland","isPartOf":{"@id":"https:\/\/now-news.de\/de\/#website"},"primaryImageOfPage":{"@id":"https:\/\/now-news.de\/de\/deutschland\/serbisches-militaer-beginnt-mit-uebungen-in-der-naehe-des-kosovo\/#primaryimage"},"image":{"@id":"https:\/\/now-news.de\/de\/deutschland\/serbisches-militaer-beginnt-mit-uebungen-in-der-naehe-des-kosovo\/#primaryimage"},"thumbnailUrl":"https:\/\/now-news.de\/de\/wp-content\/uploads\/sites\/3\/2022\/09\/Serbisches-Militaer-beginnt-mit-Uebungen-in-der-Naehe-des-Kosovo.jpg","datePublished":"2022-09-01T14:36:23+00:00","dateModified":"2022-09-01T14:36:23+00:00","breadcrumb":{"@id":"https:\/\/now-news.de\/de\/deutschland\/serbisches-militaer-beginnt-mit-uebungen-in-der-naehe-des-kosovo\/#breadcrumb"},"inLanguage":"de","potentialAction":[{"@type":"ReadAction","target":["https:\/\/now-news.de\/de\/deutschland\/serbisches-militaer-beginnt-mit-uebungen-in-der-naehe-des-kosovo\/"]}]},{"@type":"ImageObject","inLanguage":"de","@id":"https:\/\/now-news.de\/de\/deutschland\/serbisches-militaer-beginnt-mit-uebungen-in-der-naehe-des-kosovo\/#primaryimage","url":"https:\/\/now-news.de\/de\/wp-content\/uploads\/sites\/3\/2022\/09\/Serbisches-Militaer-beginnt-mit-Uebungen-in-der-Naehe-des-Kosovo.jpg","contentUrl":"https:\/\/now-news.de\/de\/wp-content\/uploads\/sites\/3\/2022\/09\/Serbisches-Militaer-beginnt-mit-Uebungen-in-der-Naehe-des-Kosovo.jpg","width":460,"height":259,"caption":"Serbisches Milit\u00e4r beginnt mit \u00dcbungen in der N\u00e4he des Kosovo"},{"@type":"BreadcrumbList","@id":"https:\/\/now-news.de\/de\/deutschland\/serbisches-militaer-beginnt-mit-uebungen-in-der-naehe-des-kosovo\/#breadcrumb","itemListElement":[{"@type":"ListItem","position":1,"name":"Home","item":"https:\/\/now-news.de\/de\/"},{"@type":"ListItem","position":2,"name":"Serbisches Milit\u00e4r beginnt mit \u00dcbungen in der N\u00e4he des Kosovo"}]},{"@type":"WebSite","@id":"https:\/\/now-news.de\/de\/#website","url":"https:\/\/now-news.de\/de\/","name":"just-now.NEWS Deutschland","description":"Das Portal f\u00fcr unzensierte Nachrichten aus der Welt","publisher":{"@id":"https:\/\/now-news.de\/de\/#organization"},"potentialAction":[{"@type":"SearchAction","target":{"@type":"EntryPoint","urlTemplate":"https:\/\/now-news.de\/de\/?s={search_term_string}"},"query-input":"required name=search_term_string"}],"inLanguage":"de"},{"@type":"Organization","@id":"https:\/\/now-news.de\/de\/#organization","name":"Just Now News","url":"https:\/\/now-news.de\/de\/","logo":{"@type":"ImageObject","inLanguage":"de","@id":"https:\/\/now-news.de\/de\/#\/schema\/logo\/image\/","url":"http:\/\/just-now.news\/de\/wp-content\/uploads\/sites\/3\/2022\/04\/logo500x500.jpg","contentUrl":"http:\/\/just-now.news\/de\/wp-content\/uploads\/sites\/3\/2022\/04\/logo500x500.jpg","width":500,"height":500,"caption":"Just Now News"},"image":{"@id":"https:\/\/now-news.de\/de\/#\/schema\/logo\/image\/"},"sameAs":["https:\/\/www.facebook.com\/wirmachenauf","https:\/\/x.com\/WirMachenAuf_de"]},{"@type":"Person","@id":"https:\/\/now-news.de\/de\/#\/schema\/person\/fb534a4e865501d8b3285208df34a9b5","name":"rtnews","image":{"@type":"ImageObject","inLanguage":"de","@id":"https:\/\/now-news.de\/de\/#\/schema\/person\/image\/","url":"https:\/\/secure.gravatar.com\/avatar\/82aafea7d8127119dd649515f56e2117?s=96&d=mm&r=g","contentUrl":"https:\/\/secure.gravatar.com\/avatar\/82aafea7d8127119dd649515f56e2117?s=96&d=mm&r=g","caption":"rtnews"},"url":"https:\/\/now-news.de\/de\/author\/rnews\/"}]}},"_links":{"self":[{"href":"https:\/\/now-news.de\/de\/wp-json\/wp\/v2\/posts\/18196"}],"collection":[{"href":"https:\/\/now-news.de\/de\/wp-json\/wp\/v2\/posts"}],"about":[{"href":"https:\/\/now-news.de\/de\/wp-json\/wp\/v2\/types\/post"}],"author":[{"embeddable":true,"href":"https:\/\/now-news.de\/de\/wp-json\/wp\/v2\/users\/3"}],"replies":[{"embeddable":true,"href":"https:\/\/now-news.de\/de\/wp-json\/wp\/v2\/comments?post=18196"}],"version-history":[{"count":0,"href":"https:\/\/now-news.de\/de\/wp-json\/wp\/v2\/posts\/18196\/revisions"}],"wp:featuredmedia":[{"embeddable":true,"href":"https:\/\/now-news.de\/de\/wp-json\/wp\/v2\/media\/18197"}],"wp:attachment":[{"href":"https:\/\/now-news.de\/de\/wp-json\/wp\/v2\/media?parent=18196"}],"wp:term":[{"taxonomy":"category","embeddable":true,"href":"https:\/\/now-news.de\/de\/wp-json\/wp\/v2\/categories?post=18196"},{"taxonomy":"post_tag","embeddable":true,"href":"https:\/\/now-news.de\/de\/wp-json\/wp\/v2\/tags?post=18196"}],"curies":[{"name":"wp","href":"https:\/\/api.w.org\/{rel}","templated":true}]}}