{"id":18173,"date":"2022-09-01T10:40:01","date_gmt":"2022-09-01T08:40:01","guid":{"rendered":"http:\/\/just-now.news\/de\/deutschland\/energiekrise-bundeskanzler-scholz-verspricht-nach-kabinettsklausur-praezises-entlastungspaket\/"},"modified":"2022-09-01T10:40:01","modified_gmt":"2022-09-01T08:40:01","slug":"energiekrise-bundeskanzler-scholz-verspricht-nach-kabinettsklausur-praezises-entlastungspaket","status":"publish","type":"post","link":"https:\/\/now-news.de\/de\/deutschland\/energiekrise-bundeskanzler-scholz-verspricht-nach-kabinettsklausur-praezises-entlastungspaket\/","title":{"rendered":"Energiekrise: Bundeskanzler Scholz verspricht nach Kabinettsklausur &quot;pr\u00e4zises&quot; Entlastungspaket"},"content":{"rendered":"<p><img decoding=\"async\" src=\"http:\/\/just-now.news\/de\/wp-content\/uploads\/sites\/3\/2022\/09\/630fc289b480cc55346a3914.jpg\" \/><\/p>\n<p>Zuletzt wurde der Ton in der &#8220;Ampel&#8221;-Koalition eher rau, auf der Abschlusskonferenz der Bundesregierung nach ihrer Klausur in Meseberg bei Berlin am Mittwoch bem\u00fchten sich Bundeskanzler Olaf Scholz (SPD), Bundesfinanzminister Christian Lindner (FDP) und Bundeswirtschaftsminister Robert Habeck (B\u00fcndnis 90\/Die Gr\u00fcnen) jedoch, ein Bild der Harmonie zu vermitteln.<\/p>\n<p>Laut Scholz arbeite die Bundesregierung an einem &#8220;pr\u00e4zisen, ma\u00dfgeschneiderten&#8221; Punkteplan, der die B\u00fcrger angesichts der Inflation und der steigenden Energiepreise entlasten solle. Lindner erkl\u00e4rte, dass jetzt &#8220;ein wuchtiges Paket f\u00fcr Entlastungen in der ganzen Breite der Gesellschaft&#8221; n\u00f6tig sei. Habeck k\u00fcndigte wiederum verschiedene Ma\u00dfnahmen an, um die hohen Energiepreise zu drosseln. Dazu sei es erforderlich, eine Senkung der Preise &#8220;aus dem Markt heraus&#8221; zu generieren.<\/p>\n<p>Details wollten alle drei auf erneute Nachfrage jedoch nicht nennen. Grund daf\u00fcr ist vermutlich, dass die Regierung nicht erneut ein eilig geschn\u00fcrtes Gesetzespaket verabschieden will, das sich anschlie\u00dfend als unbrauchbar erweist und scharfe Kritik erntet, wie das bei der &#8220;Gasumlage&#8221; der Fall war. Wie es aus Koalitionskreisen hei\u00dft, k\u00f6nne es bis Ende September dauern, dass ein Entlastungspaket endg\u00fcltig steht.<\/p>\n<p>Zuvor hatte es zahlreiche Stimmen der Kritik an der Gasumlage gegeben, da diese &#8220;Hilfe&#8221; der Verbraucher f\u00fcr die Versorger auch von solchen Unternehmen beantragt werden kann, die bereits an den Preissteigerungen pr\u00e4chtig verdienen. Offen ist auch, wer von den Gaskunden die Umlage zahlen muss. Innerhalb der SPD bezeichnete man die von Habeck initiierte Umlage daher als &#8220;schlechtes Handwerk&#8221;. Die FDP wiederum verwies auf zahlreiche Rentner, die aufgrund eines Fehlers von Arbeitsminister Huberts Heil (SPD) nicht einmal die 300 Euro Energiepauschale aus dem zweiten Entlastungspaket vom M\u00e4rz bekommen werden. Die Rentner wurden in der Vorlage von Heil schlicht &#8220;vergessen&#8221;.<\/p>\n<p>Wie <em>ntv<\/em> berichtet, habe man jedoch aus Regierungskreisen erfahren, dass w\u00e4hrend der Klausurtagung konkrete Punkte f\u00fcr ein neues Gesetzespaket entwickelt wurden. Demnach seien vor allem Einmalzahlungen angedacht. Im Detail geht es um folgende Punkte:<\/p>\n<ul>\n<li>Eine &#8220;Inflationspr\u00e4mie&#8221; als steuerfreie Einmalzahlung an Gering- und Mittelverdiener in H\u00f6he von 800 bis 1.500 Euro,<\/li>\n<li>eine Erg\u00e4nzung des Wohngeldes um eine Heizkomponente,<\/li>\n<li>einen einmaligen Kinderzuschlag \u00fcber die Familienkasse,<\/li>\n<li>ein EU-weit geltender Industriestrompreis solle zumindest gepr\u00fcft werden,<\/li>\n<li>das Kurzarbeitergeld soll \u00fcber den September hinaus verl\u00e4ngert werden,<\/li>\n<li>Wirtschaftshilfen und erleichterte Kredite f\u00fcr kleine und mittlere Unternehmen sollen auf den Weg gebracht werden.<\/li>\n<\/ul>\n<p>Finanzminister Lindner zeigte sich auch offen f\u00fcr eine Nachfolgel\u00f6sung zum mittlerweile ausgelaufenen 9-Euro-Ticket im Regionalverkehr. Er erkl\u00e4rte zudem, er sehe noch &#8220;Spielraum&#8221; f\u00fcr Entlastungen der B\u00fcrger im einstelligen Milliardenbereich. Grund daf\u00fcr sind unerwartet hohe Steuereinnahmen.<\/p>\n<p>W\u00e4hrend der Pressekonferenz wurde deutlich, dass die &#8220;Ampel&#8221;-Koalition Angst vor einem kalten Winter hat. Wie der Chef der Bundesnetzagentur Klaus M\u00fcller erkl\u00e4rte, k\u00e4me man zwar ganz gut durch einen milden Winter, einen &#8220;mittleren&#8221; w\u00fcrde man mit Anstrengungen verkraften k\u00f6nnen. Sollte es aber k\u00e4lter werden als \u00fcblich, &#8220;bekommen wir m\u00f6glicherweise ein Problem&#8221;.<\/p>\n<p><strong>Mehr zum Thema &#8211;<\/strong>\u00a0<a rel=\"nofollow noopener\" target=\"_blank\" href=\"https:\/\/test.rtde.tech\/inland\/147261-fabio-de-masi-gasumlage-ist\/\">Fabio De Masi: Gasumlage ist Kriegserkl\u00e4rung gegen die Bev\u00f6lkerung<\/a><\/p>\n<p><br \/>\n<br \/><a href=\"https:\/\/de.rt.com\/inland\/147683-energiekrise-scholz-verspricht-nach-kabinettsklausur\/\">Source link <\/a><\/p>\n","protected":false},"excerpt":{"rendered":"<p>Zuletzt wurde der Ton in der &#8220;Ampel&#8221;-Koalition eher rau, auf der Abschlusskonferenz der Bundesregierung nach ihrer Klausur in Meseberg bei Berlin am Mittwoch bem\u00fchten sich Bundeskanzler Olaf Scholz (SPD), Bundesfinanzminister Christian Lindner (FDP) und Bundeswirtschaftsminister Robert Habeck (B\u00fcndnis 90\/Die Gr\u00fcnen) jedoch, ein Bild der Harmonie zu vermitteln. Laut Scholz arbeite die Bundesregierung an einem &#8220;pr\u00e4zisen, [&hellip;]<\/p>\n","protected":false},"author":3,"featured_media":18174,"comment_status":"open","ping_status":"open","sticky":false,"template":"","format":"standard","meta":{"wp_automatic_camp":["217"],"d716943304187aa44741fd284d411466":["Energiekrise: Bundeskanzler Scholz verspricht nach Kabinettsklausur &quot;pr\u00e4zises&quot; Entlastungspaket"],"original_link":["https:\/\/de.rt.com\/inland\/147683-energiekrise-scholz-verspricht-nach-kabinettsklausur\/"],"_thumbnail_id":["18174"],"_wptg_p2tg_sent2tg":["2022-09-01 10:49:28"],"jnews_social_counter_last_update":["1777488944"]},"categories":[19,23],"tags":[8976,3788,30926,32087,979,32088,1001,958],"yoast_head":"<!-- This site is optimized with the Yoast SEO Premium plugin v22.7 (Yoast SEO v22.7) - https:\/\/yoast.com\/wordpress\/plugins\/seo\/ -->\n<title>Energiekrise: Bundeskanzler Scholz verspricht nach Kabinettsklausur &quot;pr\u00e4zises&quot; Entlastungspaket - just-now.NEWS Deutschland<\/title>\n<meta name=\"robots\" content=\"index, follow, max-snippet:-1, max-image-preview:large, max-video-preview:-1\" \/>\n<link rel=\"canonical\" href=\"https:\/\/now-news.de\/de\/deutschland\/energiekrise-bundeskanzler-scholz-verspricht-nach-kabinettsklausur-praezises-entlastungspaket\/\" \/>\n<meta property=\"og:locale\" content=\"de_DE\" \/>\n<meta property=\"og:type\" content=\"article\" \/>\n<meta property=\"og:title\" content=\"Energiekrise: Bundeskanzler Scholz verspricht nach Kabinettsklausur &quot;pr\u00e4zises&quot; Entlastungspaket\" \/>\n<meta property=\"og:description\" content=\"Zuletzt wurde der Ton in der &#8220;Ampel&#8221;-Koalition eher rau, auf der Abschlusskonferenz der Bundesregierung nach ihrer Klausur in Meseberg bei Berlin am Mittwoch bem\u00fchten sich Bundeskanzler Olaf Scholz (SPD), Bundesfinanzminister Christian Lindner (FDP) und Bundeswirtschaftsminister Robert Habeck (B\u00fcndnis 90\/Die Gr\u00fcnen) jedoch, ein Bild der Harmonie zu vermitteln. Laut Scholz arbeite die Bundesregierung an einem &#8220;pr\u00e4zisen, [&hellip;]\" \/>\n<meta property=\"og:url\" content=\"https:\/\/now-news.de\/de\/deutschland\/energiekrise-bundeskanzler-scholz-verspricht-nach-kabinettsklausur-praezises-entlastungspaket\/\" \/>\n<meta property=\"og:site_name\" content=\"just-now.NEWS Deutschland\" \/>\n<meta property=\"article:publisher\" content=\"https:\/\/www.facebook.com\/wirmachenauf\" \/>\n<meta property=\"article:published_time\" content=\"2022-09-01T08:40:01+00:00\" \/>\n<meta property=\"og:image\" content=\"https:\/\/now-news.de\/de\/wp-content\/uploads\/sites\/3\/2022\/09\/Energiekrise-Bundeskanzler-Scholz-verspricht-nach-Kabinettsklausur-quotpraezisesquot-Entlastungspaket.jpg\" \/>\n\t<meta property=\"og:image:width\" content=\"460\" \/>\n\t<meta property=\"og:image:height\" content=\"259\" \/>\n\t<meta property=\"og:image:type\" content=\"image\/jpeg\" \/>\n<meta name=\"author\" content=\"rtnews\" \/>\n<meta name=\"twitter:card\" content=\"summary_large_image\" \/>\n<meta name=\"twitter:creator\" content=\"@WirMachenAuf_de\" \/>\n<meta name=\"twitter:site\" content=\"@WirMachenAuf_de\" \/>\n<meta name=\"twitter:label1\" content=\"Verfasst von\" \/>\n\t<meta name=\"twitter:data1\" content=\"rtnews\" \/>\n\t<meta name=\"twitter:label2\" content=\"Gesch\u00e4tzte Lesezeit\" \/>\n\t<meta name=\"twitter:data2\" content=\"3\u00a0Minuten\" \/>\n<script type=\"application\/ld+json\" class=\"yoast-schema-graph\">{\"@context\":\"https:\/\/schema.org\",\"@graph\":[{\"@type\":\"Article\",\"@id\":\"https:\/\/now-news.de\/de\/deutschland\/energiekrise-bundeskanzler-scholz-verspricht-nach-kabinettsklausur-praezises-entlastungspaket\/#article\",\"isPartOf\":{\"@id\":\"https:\/\/now-news.de\/de\/deutschland\/energiekrise-bundeskanzler-scholz-verspricht-nach-kabinettsklausur-praezises-entlastungspaket\/\"},\"author\":{\"name\":\"rtnews\",\"@id\":\"https:\/\/now-news.de\/de\/#\/schema\/person\/fb534a4e865501d8b3285208df34a9b5\"},\"headline\":\"Energiekrise: Bundeskanzler Scholz verspricht nach Kabinettsklausur &quot;pr\u00e4zises&quot; Entlastungspaket\",\"datePublished\":\"2022-09-01T08:40:01+00:00\",\"dateModified\":\"2022-09-01T08:40:01+00:00\",\"mainEntityOfPage\":{\"@id\":\"https:\/\/now-news.de\/de\/deutschland\/energiekrise-bundeskanzler-scholz-verspricht-nach-kabinettsklausur-praezises-entlastungspaket\/\"},\"wordCount\":520,\"commentCount\":0,\"publisher\":{\"@id\":\"https:\/\/now-news.de\/de\/#organization\"},\"image\":{\"@id\":\"https:\/\/now-news.de\/de\/deutschland\/energiekrise-bundeskanzler-scholz-verspricht-nach-kabinettsklausur-praezises-entlastungspaket\/#primaryimage\"},\"thumbnailUrl\":\"https:\/\/now-news.de\/de\/wp-content\/uploads\/sites\/3\/2022\/09\/Energiekrise-Bundeskanzler-Scholz-verspricht-nach-Kabinettsklausur-quotpraezisesquot-Entlastungspaket.jpg\",\"keywords\":[\"Bundeskanzler\",\"Energiekrise\",\"Entlastungspaket\",\"Kabinettsklausur\",\"nach\",\"quotpr\u00e4zisesquot\",\"Scholz\",\"verspricht\"],\"articleSection\":[\"Deutschland\",\"Russland\"],\"inLanguage\":\"de\",\"potentialAction\":[{\"@type\":\"CommentAction\",\"name\":\"Comment\",\"target\":[\"https:\/\/now-news.de\/de\/deutschland\/energiekrise-bundeskanzler-scholz-verspricht-nach-kabinettsklausur-praezises-entlastungspaket\/#respond\"]}]},{\"@type\":\"WebPage\",\"@id\":\"https:\/\/now-news.de\/de\/deutschland\/energiekrise-bundeskanzler-scholz-verspricht-nach-kabinettsklausur-praezises-entlastungspaket\/\",\"url\":\"https:\/\/now-news.de\/de\/deutschland\/energiekrise-bundeskanzler-scholz-verspricht-nach-kabinettsklausur-praezises-entlastungspaket\/\",\"name\":\"Energiekrise: Bundeskanzler Scholz verspricht nach Kabinettsklausur &quot;pr\u00e4zises&quot; Entlastungspaket - just-now.NEWS Deutschland\",\"isPartOf\":{\"@id\":\"https:\/\/now-news.de\/de\/#website\"},\"primaryImageOfPage\":{\"@id\":\"https:\/\/now-news.de\/de\/deutschland\/energiekrise-bundeskanzler-scholz-verspricht-nach-kabinettsklausur-praezises-entlastungspaket\/#primaryimage\"},\"image\":{\"@id\":\"https:\/\/now-news.de\/de\/deutschland\/energiekrise-bundeskanzler-scholz-verspricht-nach-kabinettsklausur-praezises-entlastungspaket\/#primaryimage\"},\"thumbnailUrl\":\"https:\/\/now-news.de\/de\/wp-content\/uploads\/sites\/3\/2022\/09\/Energiekrise-Bundeskanzler-Scholz-verspricht-nach-Kabinettsklausur-quotpraezisesquot-Entlastungspaket.jpg\",\"datePublished\":\"2022-09-01T08:40:01+00:00\",\"dateModified\":\"2022-09-01T08:40:01+00:00\",\"breadcrumb\":{\"@id\":\"https:\/\/now-news.de\/de\/deutschland\/energiekrise-bundeskanzler-scholz-verspricht-nach-kabinettsklausur-praezises-entlastungspaket\/#breadcrumb\"},\"inLanguage\":\"de\",\"potentialAction\":[{\"@type\":\"ReadAction\",\"target\":[\"https:\/\/now-news.de\/de\/deutschland\/energiekrise-bundeskanzler-scholz-verspricht-nach-kabinettsklausur-praezises-entlastungspaket\/\"]}]},{\"@type\":\"ImageObject\",\"inLanguage\":\"de\",\"@id\":\"https:\/\/now-news.de\/de\/deutschland\/energiekrise-bundeskanzler-scholz-verspricht-nach-kabinettsklausur-praezises-entlastungspaket\/#primaryimage\",\"url\":\"https:\/\/now-news.de\/de\/wp-content\/uploads\/sites\/3\/2022\/09\/Energiekrise-Bundeskanzler-Scholz-verspricht-nach-Kabinettsklausur-quotpraezisesquot-Entlastungspaket.jpg\",\"contentUrl\":\"https:\/\/now-news.de\/de\/wp-content\/uploads\/sites\/3\/2022\/09\/Energiekrise-Bundeskanzler-Scholz-verspricht-nach-Kabinettsklausur-quotpraezisesquot-Entlastungspaket.jpg\",\"width\":460,\"height\":259,\"caption\":\"Energiekrise: Bundeskanzler Scholz verspricht nach Kabinettsklausur &quot;pr\u00e4zises&quot; Entlastungspaket\"},{\"@type\":\"BreadcrumbList\",\"@id\":\"https:\/\/now-news.de\/de\/deutschland\/energiekrise-bundeskanzler-scholz-verspricht-nach-kabinettsklausur-praezises-entlastungspaket\/#breadcrumb\",\"itemListElement\":[{\"@type\":\"ListItem\",\"position\":1,\"name\":\"Home\",\"item\":\"https:\/\/now-news.de\/de\/\"},{\"@type\":\"ListItem\",\"position\":2,\"name\":\"Energiekrise: Bundeskanzler Scholz verspricht nach Kabinettsklausur &quot;pr\u00e4zises&quot; Entlastungspaket\"}]},{\"@type\":\"WebSite\",\"@id\":\"https:\/\/now-news.de\/de\/#website\",\"url\":\"https:\/\/now-news.de\/de\/\",\"name\":\"just-now.NEWS Deutschland\",\"description\":\"Das Portal f\u00fcr unzensierte Nachrichten aus der Welt\",\"publisher\":{\"@id\":\"https:\/\/now-news.de\/de\/#organization\"},\"potentialAction\":[{\"@type\":\"SearchAction\",\"target\":{\"@type\":\"EntryPoint\",\"urlTemplate\":\"https:\/\/now-news.de\/de\/?s={search_term_string}\"},\"query-input\":\"required name=search_term_string\"}],\"inLanguage\":\"de\"},{\"@type\":\"Organization\",\"@id\":\"https:\/\/now-news.de\/de\/#organization\",\"name\":\"Just Now News\",\"url\":\"https:\/\/now-news.de\/de\/\",\"logo\":{\"@type\":\"ImageObject\",\"inLanguage\":\"de\",\"@id\":\"https:\/\/now-news.de\/de\/#\/schema\/logo\/image\/\",\"url\":\"http:\/\/just-now.news\/de\/wp-content\/uploads\/sites\/3\/2022\/04\/logo500x500.jpg\",\"contentUrl\":\"http:\/\/just-now.news\/de\/wp-content\/uploads\/sites\/3\/2022\/04\/logo500x500.jpg\",\"width\":500,\"height\":500,\"caption\":\"Just Now News\"},\"image\":{\"@id\":\"https:\/\/now-news.de\/de\/#\/schema\/logo\/image\/\"},\"sameAs\":[\"https:\/\/www.facebook.com\/wirmachenauf\",\"https:\/\/x.com\/WirMachenAuf_de\"]},{\"@type\":\"Person\",\"@id\":\"https:\/\/now-news.de\/de\/#\/schema\/person\/fb534a4e865501d8b3285208df34a9b5\",\"name\":\"rtnews\",\"image\":{\"@type\":\"ImageObject\",\"inLanguage\":\"de\",\"@id\":\"https:\/\/now-news.de\/de\/#\/schema\/person\/image\/\",\"url\":\"https:\/\/secure.gravatar.com\/avatar\/82aafea7d8127119dd649515f56e2117?s=96&d=mm&r=g\",\"contentUrl\":\"https:\/\/secure.gravatar.com\/avatar\/82aafea7d8127119dd649515f56e2117?s=96&d=mm&r=g\",\"caption\":\"rtnews\"},\"url\":\"https:\/\/now-news.de\/de\/author\/rnews\/\"}]}<\/script>\n<!-- \/ Yoast SEO Premium plugin. -->","yoast_head_json":{"title":"Energiekrise: Bundeskanzler Scholz verspricht nach Kabinettsklausur &quot;pr\u00e4zises&quot; Entlastungspaket - just-now.NEWS Deutschland","robots":{"index":"index","follow":"follow","max-snippet":"max-snippet:-1","max-image-preview":"max-image-preview:large","max-video-preview":"max-video-preview:-1"},"canonical":"https:\/\/now-news.de\/de\/deutschland\/energiekrise-bundeskanzler-scholz-verspricht-nach-kabinettsklausur-praezises-entlastungspaket\/","og_locale":"de_DE","og_type":"article","og_title":"Energiekrise: Bundeskanzler Scholz verspricht nach Kabinettsklausur &quot;pr\u00e4zises&quot; Entlastungspaket","og_description":"Zuletzt wurde der Ton in der &#8220;Ampel&#8221;-Koalition eher rau, auf der Abschlusskonferenz der Bundesregierung nach ihrer Klausur in Meseberg bei Berlin am Mittwoch bem\u00fchten sich Bundeskanzler Olaf Scholz (SPD), Bundesfinanzminister Christian Lindner (FDP) und Bundeswirtschaftsminister Robert Habeck (B\u00fcndnis 90\/Die Gr\u00fcnen) jedoch, ein Bild der Harmonie zu vermitteln. Laut Scholz arbeite die Bundesregierung an einem &#8220;pr\u00e4zisen, [&hellip;]","og_url":"https:\/\/now-news.de\/de\/deutschland\/energiekrise-bundeskanzler-scholz-verspricht-nach-kabinettsklausur-praezises-entlastungspaket\/","og_site_name":"just-now.NEWS Deutschland","article_publisher":"https:\/\/www.facebook.com\/wirmachenauf","article_published_time":"2022-09-01T08:40:01+00:00","og_image":[{"width":460,"height":259,"url":"https:\/\/now-news.de\/de\/wp-content\/uploads\/sites\/3\/2022\/09\/Energiekrise-Bundeskanzler-Scholz-verspricht-nach-Kabinettsklausur-quotpraezisesquot-Entlastungspaket.jpg","type":"image\/jpeg"}],"author":"rtnews","twitter_card":"summary_large_image","twitter_creator":"@WirMachenAuf_de","twitter_site":"@WirMachenAuf_de","twitter_misc":{"Verfasst von":"rtnews","Gesch\u00e4tzte Lesezeit":"3\u00a0Minuten"},"schema":{"@context":"https:\/\/schema.org","@graph":[{"@type":"Article","@id":"https:\/\/now-news.de\/de\/deutschland\/energiekrise-bundeskanzler-scholz-verspricht-nach-kabinettsklausur-praezises-entlastungspaket\/#article","isPartOf":{"@id":"https:\/\/now-news.de\/de\/deutschland\/energiekrise-bundeskanzler-scholz-verspricht-nach-kabinettsklausur-praezises-entlastungspaket\/"},"author":{"name":"rtnews","@id":"https:\/\/now-news.de\/de\/#\/schema\/person\/fb534a4e865501d8b3285208df34a9b5"},"headline":"Energiekrise: Bundeskanzler Scholz verspricht nach Kabinettsklausur &quot;pr\u00e4zises&quot; Entlastungspaket","datePublished":"2022-09-01T08:40:01+00:00","dateModified":"2022-09-01T08:40:01+00:00","mainEntityOfPage":{"@id":"https:\/\/now-news.de\/de\/deutschland\/energiekrise-bundeskanzler-scholz-verspricht-nach-kabinettsklausur-praezises-entlastungspaket\/"},"wordCount":520,"commentCount":0,"publisher":{"@id":"https:\/\/now-news.de\/de\/#organization"},"image":{"@id":"https:\/\/now-news.de\/de\/deutschland\/energiekrise-bundeskanzler-scholz-verspricht-nach-kabinettsklausur-praezises-entlastungspaket\/#primaryimage"},"thumbnailUrl":"https:\/\/now-news.de\/de\/wp-content\/uploads\/sites\/3\/2022\/09\/Energiekrise-Bundeskanzler-Scholz-verspricht-nach-Kabinettsklausur-quotpraezisesquot-Entlastungspaket.jpg","keywords":["Bundeskanzler","Energiekrise","Entlastungspaket","Kabinettsklausur","nach","quotpr\u00e4zisesquot","Scholz","verspricht"],"articleSection":["Deutschland","Russland"],"inLanguage":"de","potentialAction":[{"@type":"CommentAction","name":"Comment","target":["https:\/\/now-news.de\/de\/deutschland\/energiekrise-bundeskanzler-scholz-verspricht-nach-kabinettsklausur-praezises-entlastungspaket\/#respond"]}]},{"@type":"WebPage","@id":"https:\/\/now-news.de\/de\/deutschland\/energiekrise-bundeskanzler-scholz-verspricht-nach-kabinettsklausur-praezises-entlastungspaket\/","url":"https:\/\/now-news.de\/de\/deutschland\/energiekrise-bundeskanzler-scholz-verspricht-nach-kabinettsklausur-praezises-entlastungspaket\/","name":"Energiekrise: Bundeskanzler Scholz verspricht nach Kabinettsklausur &quot;pr\u00e4zises&quot; Entlastungspaket - just-now.NEWS Deutschland","isPartOf":{"@id":"https:\/\/now-news.de\/de\/#website"},"primaryImageOfPage":{"@id":"https:\/\/now-news.de\/de\/deutschland\/energiekrise-bundeskanzler-scholz-verspricht-nach-kabinettsklausur-praezises-entlastungspaket\/#primaryimage"},"image":{"@id":"https:\/\/now-news.de\/de\/deutschland\/energiekrise-bundeskanzler-scholz-verspricht-nach-kabinettsklausur-praezises-entlastungspaket\/#primaryimage"},"thumbnailUrl":"https:\/\/now-news.de\/de\/wp-content\/uploads\/sites\/3\/2022\/09\/Energiekrise-Bundeskanzler-Scholz-verspricht-nach-Kabinettsklausur-quotpraezisesquot-Entlastungspaket.jpg","datePublished":"2022-09-01T08:40:01+00:00","dateModified":"2022-09-01T08:40:01+00:00","breadcrumb":{"@id":"https:\/\/now-news.de\/de\/deutschland\/energiekrise-bundeskanzler-scholz-verspricht-nach-kabinettsklausur-praezises-entlastungspaket\/#breadcrumb"},"inLanguage":"de","potentialAction":[{"@type":"ReadAction","target":["https:\/\/now-news.de\/de\/deutschland\/energiekrise-bundeskanzler-scholz-verspricht-nach-kabinettsklausur-praezises-entlastungspaket\/"]}]},{"@type":"ImageObject","inLanguage":"de","@id":"https:\/\/now-news.de\/de\/deutschland\/energiekrise-bundeskanzler-scholz-verspricht-nach-kabinettsklausur-praezises-entlastungspaket\/#primaryimage","url":"https:\/\/now-news.de\/de\/wp-content\/uploads\/sites\/3\/2022\/09\/Energiekrise-Bundeskanzler-Scholz-verspricht-nach-Kabinettsklausur-quotpraezisesquot-Entlastungspaket.jpg","contentUrl":"https:\/\/now-news.de\/de\/wp-content\/uploads\/sites\/3\/2022\/09\/Energiekrise-Bundeskanzler-Scholz-verspricht-nach-Kabinettsklausur-quotpraezisesquot-Entlastungspaket.jpg","width":460,"height":259,"caption":"Energiekrise: Bundeskanzler Scholz verspricht nach Kabinettsklausur &quot;pr\u00e4zises&quot; Entlastungspaket"},{"@type":"BreadcrumbList","@id":"https:\/\/now-news.de\/de\/deutschland\/energiekrise-bundeskanzler-scholz-verspricht-nach-kabinettsklausur-praezises-entlastungspaket\/#breadcrumb","itemListElement":[{"@type":"ListItem","position":1,"name":"Home","item":"https:\/\/now-news.de\/de\/"},{"@type":"ListItem","position":2,"name":"Energiekrise: Bundeskanzler Scholz verspricht nach Kabinettsklausur &quot;pr\u00e4zises&quot; Entlastungspaket"}]},{"@type":"WebSite","@id":"https:\/\/now-news.de\/de\/#website","url":"https:\/\/now-news.de\/de\/","name":"just-now.NEWS Deutschland","description":"Das Portal f\u00fcr unzensierte Nachrichten aus der Welt","publisher":{"@id":"https:\/\/now-news.de\/de\/#organization"},"potentialAction":[{"@type":"SearchAction","target":{"@type":"EntryPoint","urlTemplate":"https:\/\/now-news.de\/de\/?s={search_term_string}"},"query-input":"required name=search_term_string"}],"inLanguage":"de"},{"@type":"Organization","@id":"https:\/\/now-news.de\/de\/#organization","name":"Just Now News","url":"https:\/\/now-news.de\/de\/","logo":{"@type":"ImageObject","inLanguage":"de","@id":"https:\/\/now-news.de\/de\/#\/schema\/logo\/image\/","url":"http:\/\/just-now.news\/de\/wp-content\/uploads\/sites\/3\/2022\/04\/logo500x500.jpg","contentUrl":"http:\/\/just-now.news\/de\/wp-content\/uploads\/sites\/3\/2022\/04\/logo500x500.jpg","width":500,"height":500,"caption":"Just Now News"},"image":{"@id":"https:\/\/now-news.de\/de\/#\/schema\/logo\/image\/"},"sameAs":["https:\/\/www.facebook.com\/wirmachenauf","https:\/\/x.com\/WirMachenAuf_de"]},{"@type":"Person","@id":"https:\/\/now-news.de\/de\/#\/schema\/person\/fb534a4e865501d8b3285208df34a9b5","name":"rtnews","image":{"@type":"ImageObject","inLanguage":"de","@id":"https:\/\/now-news.de\/de\/#\/schema\/person\/image\/","url":"https:\/\/secure.gravatar.com\/avatar\/82aafea7d8127119dd649515f56e2117?s=96&d=mm&r=g","contentUrl":"https:\/\/secure.gravatar.com\/avatar\/82aafea7d8127119dd649515f56e2117?s=96&d=mm&r=g","caption":"rtnews"},"url":"https:\/\/now-news.de\/de\/author\/rnews\/"}]}},"_links":{"self":[{"href":"https:\/\/now-news.de\/de\/wp-json\/wp\/v2\/posts\/18173"}],"collection":[{"href":"https:\/\/now-news.de\/de\/wp-json\/wp\/v2\/posts"}],"about":[{"href":"https:\/\/now-news.de\/de\/wp-json\/wp\/v2\/types\/post"}],"author":[{"embeddable":true,"href":"https:\/\/now-news.de\/de\/wp-json\/wp\/v2\/users\/3"}],"replies":[{"embeddable":true,"href":"https:\/\/now-news.de\/de\/wp-json\/wp\/v2\/comments?post=18173"}],"version-history":[{"count":0,"href":"https:\/\/now-news.de\/de\/wp-json\/wp\/v2\/posts\/18173\/revisions"}],"wp:featuredmedia":[{"embeddable":true,"href":"https:\/\/now-news.de\/de\/wp-json\/wp\/v2\/media\/18174"}],"wp:attachment":[{"href":"https:\/\/now-news.de\/de\/wp-json\/wp\/v2\/media?parent=18173"}],"wp:term":[{"taxonomy":"category","embeddable":true,"href":"https:\/\/now-news.de\/de\/wp-json\/wp\/v2\/categories?post=18173"},{"taxonomy":"post_tag","embeddable":true,"href":"https:\/\/now-news.de\/de\/wp-json\/wp\/v2\/tags?post=18173"}],"curies":[{"name":"wp","href":"https:\/\/api.w.org\/{rel}","templated":true}]}}