{"id":18169,"date":"2022-09-01T10:06:13","date_gmt":"2022-09-01T08:06:13","guid":{"rendered":"http:\/\/just-now.news\/de\/deutschland\/grossbritannien-vom-sommer-der-streiks-in-den-winter-der-unruhen\/"},"modified":"2022-09-01T10:06:13","modified_gmt":"2022-09-01T08:06:13","slug":"grossbritannien-vom-sommer-der-streiks-in-den-winter-der-unruhen","status":"publish","type":"post","link":"https:\/\/now-news.de\/de\/deutschland\/grossbritannien-vom-sommer-der-streiks-in-den-winter-der-unruhen\/","title":{"rendered":"Gro\u00dfbritannien \u2013 Vom Sommer der Streiks in den Winter der Unruhen"},"content":{"rendered":"<p><img decoding=\"async\" src=\"http:\/\/just-now.news\/de\/wp-content\/uploads\/sites\/3\/2022\/09\/631047efb480cc47052c651f.jpg\" \/><\/p>\n<div class=\"Text-root Text-type_1 \">\n                Angesichts der sich versch\u00e4rfenden Lebenshaltungs- und Energiekostenkrise ist in Gro\u00dfbritannien die Rede vom &#8220;Sommer der Streiks&#8221;. Aktuell steht der Briefverkehr still. Die Folgen der gestiegenen Preise sind immens, doch die Inflationsrate k\u00f6nnte sich sogar noch verdoppeln.\n            <\/div>\n<p><\/p>\n<div class=\"Text-root Text-type_5 ArticleView-text ViewText-root \">\n<p>Die Arbeitsk\u00e4mpfe an den Containerh\u00e4fen sind noch nicht ausgefochten, da zeichnen sich schon die n\u00e4chsten Konflikte ab, die das \u00f6ffentliche Leben beeintr\u00e4chtigen. Zehntausende Besch\u00e4ftigte der Royal Mail und der britischen Telecom legten am Mittwoch die Arbeit nieder.<\/p>\n<p>115.000 Angestellte der Royal Mail und 40.000 Besch\u00e4ftigte der British\u00a0Telecom beteiligten sich an dem Streik, wie die <em>BBC<\/em> berichtete. Bei der Zustellung von Briefen und Paketen kommt es dadurch zu Verz\u00f6gerungen.<\/p>\n<p>Der Generalsekret\u00e4r der Gewerkschaft Communication Workers Union, Dave Ward, sagte: &#8220;Wir k\u00f6nnen nicht in einem Land leben, wo unsere Bosse Milliardengewinne einfahren, w\u00e4hrend ihre Angestellten gezwungen sind, die Tafeln zu nutzen.&#8221; Ein bisheriges Angebot der Arbeitgeberseite, die Geh\u00e4lter um zwei Prozent anzuheben, lehnte die Gewerkschaft angesichts der weitaus st\u00e4rker angestiegenen Verbraucherpreise ab.<\/p>\n<p>Royal Mail hingegen warnte, der Streik koste das Unternehmen eine Million Pfund (rund 1,16 Millionen Euro)\u00a0pro Tag, gef\u00e4hrde Jobs und mache Lohnerh\u00f6hungen schwerer finanzierbar. Weitere Streiks sind angek\u00fcndigt.<\/p>\n<p>Angesichts der Teuerungsraten planen viele Menschen insbesondere bei den Energiepreisen, diese nicht mitzutragen, weil sie zu hoch sind. Im Juli hatte die Inflationsrate in dem Land, dessen Armutsrate bereits betr\u00e4chtlich ist, die Zehn-Prozent-Marke geknackt und damit einen H\u00f6chststand seit Beginn der Erfassung vor 25 Jahren erreicht.<\/p>\n<p>Nach Einsch\u00e4tzung der US-Investmentbank Goldman Sachs k\u00f6nnte die Rate im kommenden Jahr sogar noch auf mehr als das Doppelte steigen, angetrieben vor allem durch die enormen Preisspr\u00fcnge bei Gas und Strom. Am Freitag gab die staatliche Regulierungsbeh\u00f6rde Ofgem bekannt, dass die Obergrenze der j\u00e4hrlichen Energierechnungen f\u00fcr einen britischen Durchschnittshaushalt um 80 Prozent auf 3.549 Pfund (4.187 Euro) angehoben wird.\u00a0<\/p>\n<p>Ofgem-Chef Jonathan Brearly sagte:<\/p>\n<blockquote>\n<p><em>&#8220;Wir rechnen damit, dass die Preise im Winter weiter steigen werden.&#8221;<\/em><\/p>\n<\/blockquote>\n<p>Nach einer Prognose der Energieagentur Auxilione, die das<em> Handelsblatt<\/em> zitiert, k\u00f6nnten die Preise bis April 2023 auf mehr als 6.000 britische Pfund f\u00fcr einen Durchschnittshaushalt pro Jahr klettern. Damit h\u00e4tten sich die Kosten f\u00fcr Strom und Gas innerhalb eines Jahres fast verf\u00fcnffacht.<\/p>\n<p>F\u00fcr den Fall andauernd hoher Gaspreise warnt Goldman Sachs vor einer Inflation von mehr als 22 Prozent im kommenden Jahr. In weniger drastischen Szenarien rechnet die Bank damit, dass die britische Inflation ihren H\u00f6hepunkt 2023 bei etwa 15 Prozent erreichen wird. Die Gro\u00dfbank Citi hatte k\u00fcrzlich f\u00fcr Januar einen Anstieg auf 18 Prozent zu Beginn des neuen Jahres prognostiziert. Goldman Sachs h\u00e4lt eine Rezession im Vereinigten K\u00f6nigreich f\u00fcr unvermeidlich \u2013 selbst bei Entlastungspaketen und anderen der derzeit diskutierten Ma\u00dfnahmen, die die Favoritin im Rennen um die Johnson-Nachfolge, Liz Truss, angek\u00fcndigt hat.<\/p>\n<p>Auch f\u00fcr Lebensmittel und andere Waren sind die Preise in britischen Gesch\u00e4ften in diesem Monat so stark gestiegen wie seit mindestens 2005 nicht mehr, wie <em>Bloomberg<\/em> am Mittwoch unter Berufung auf das British Retail Consortium (BRC) berichtete.<\/p>\n<p>Demnach beschleunigte sich die Inflation der Ladenpreise im August auf 5,1 Prozent \u2013 einen neuen H\u00f6chststand f\u00fcr den 2005 eingef\u00fchrten Index \u2013 im Vergleich zu 4,4 Prozent im Juli. Die Lebensmittelpreise stiegen demnach um 9,3 Prozent, wobei Milch, Margarine und Chips am st\u00e4rksten zulegten. Die Preissteigerungen bei Lebensmitteln werden nach Einsch\u00e4tzung von NielsenIQ, das die Daten f\u00fcr den BRC-Index erstellt, noch mindestens sechs Monate lang anhalten.<\/p>\n<p>Das macht sich auch in den Ums\u00e4tzen und im Kaufverhalten bemerkbar. Kunden sparen, wo sie k\u00f6nnen, greifen zu g\u00fcnstigeren Waren, gehen zu Discountern oder verzichten ganz.<\/p>\n<p>Insgesamt sind die Folgen der Inflation weitreichend. W\u00e4hrend die explodierenden Kosten f\u00fcr Gas und Strom f\u00fcr gut 70 Prozent der ber\u00fchmten britischen Pubs in diesem Winter das Aus bedeuten k\u00f6nnten, warnen Wohlfahrtsorganisationen und Experten angesichts der steigenden Lebenshaltungskosten, dass <a rel=\"nofollow noopener\" target=\"_blank\" href=\"https:\/\/www.independent.co.uk\/news\/uk\/home-news\/disability-benefits-energy-bills-costs-uk-b2155765.html\">Millionen<\/a> hilfsbed\u00fcrftiger Briten, beispielsweise mit Behinderungen oder Langzeitkrankheiten, durch Einsparma\u00dfnahmen <a rel=\"nofollow noopener\" target=\"_blank\" href=\"https:\/\/test.rtde.tech\/europa\/147092-medienbericht-schockierende-zustande-in-englischen\/\">in der Pflege<\/a> am st\u00e4rksten betroffen sein werden.<\/p>\n<p>Junge Menschen werden laut Experten infolge des Konsums von Lachgas, das R\u00fcckenmarks- und Nervensch\u00e4den nach sich ziehen kann, h\u00e4ufiger ins Krankenhaus eingeliefert.<\/p>\n<p>Schon in den vergangenen Wochen gab es immer wieder Proteste und Streiks. Im Juni gingen in London\u00a0Tausende von Menschen auf die Stra\u00dfen, um gegen die Unt\u00e4tigkeit der Regierung bei der Bew\u00e4ltigung der Lebenshaltungskostenkrise zu demonstrieren. Die Demonstranten trugen Transparente mit Slogans wie &#8220;Krieg k\u00fcrzen, nicht Sozialhilfe&#8221; und &#8220;Heizungsarmut beenden, H\u00e4user jetzt isolieren&#8221;. Laut Angestellten der\u00a0Kommunalverwaltung ist die Nachfrage nach Unterst\u00fctzung gestiegen, allerdings seien die M\u00f6glichkeiten zur Hilfe beschr\u00e4nkt, da es an Mitteln fehle.<\/p>\n<p>In unterschiedlichen Branchen im Vereinigten K\u00f6nigreich toben Tarifkonflikte, weshalb in britischen Medien vom &#8220;Sommer der Streiks&#8221; zu lesen ist. So hatten unter anderem die Besch\u00e4ftigten mehrerer Zugunternehmen sowie in H\u00e4fen mehrfach tageweise ihre Arbeit niedergelegt, um f\u00fcr bessere Arbeitsbedingungen und an die Inflation angepasste L\u00f6hne zu k\u00e4mpfen. Dem gegen\u00fcber werden Gro\u00dfbritanniens gro\u00dfe Gas- und Stromerzeuger in den n\u00e4chsten zwei Jahren \u00dcbergewinne von bis zu 170 Milliarden Pfund einfahren.<\/p>\n<p><strong>Mehr zum Thema &#8211;<\/strong>\u00a0<a rel=\"nofollow noopener\" target=\"_blank\" href=\"https:\/\/test.rtde.tech\/europa\/145575-dont-pay-uk-britische-kampagne\/\">Don&#8217;t Pay UK: Britische Kampagne ruft zum Zahlungsboykott von Energierechnungen auf<\/a><\/p>\n<div class=\"EmbedBlock-root EmbedBlock-externalVideo EmbedBlock-vk\">\n<div class=\"VkEmbed\"><iframe class=\"lazyload\" data-src=\"https:\/\/vk.com\/video_ext.php?oid=-134310637&amp;id=456257065&amp;hash=a2fbe9fe0321d854\" frameborder=\"0\" width=\"853\" height=\"480\" allowfullscreen><\/iframe><\/div>\n<\/div>\n<\/div>\n<p><br \/>\n<br \/><a href=\"https:\/\/de.rt.com\/europa\/147651-grossbritannien-vom-sommer-streiks\/\">Source link <\/a><\/p>\n","protected":false},"excerpt":{"rendered":"<p>Angesichts der sich versch\u00e4rfenden Lebenshaltungs- und Energiekostenkrise ist in Gro\u00dfbritannien die Rede vom &#8220;Sommer der Streiks&#8221;. Aktuell steht der Briefverkehr still. Die Folgen der gestiegenen Preise sind immens, doch die Inflationsrate k\u00f6nnte sich sogar noch verdoppeln. Die Arbeitsk\u00e4mpfe an den Containerh\u00e4fen sind noch nicht ausgefochten, da zeichnen sich schon die n\u00e4chsten Konflikte ab, die das [&hellip;]<\/p>\n","protected":false},"author":3,"featured_media":18170,"comment_status":"open","ping_status":"open","sticky":false,"template":"","format":"standard","meta":{"wp_automatic_camp":["217"],"31fc1dfd34df4fb27a3d250132488fd9":["Gro\u00dfbritannien \u2013 Vom Sommer der Streiks in den Winter der Unruhen"],"original_link":["https:\/\/de.rt.com\/europa\/147651-grossbritannien-vom-sommer-streiks\/"],"_thumbnail_id":["18170"],"_wptg_p2tg_sent2tg":["2022-09-01 10:16:45"],"jnews_social_counter_last_update":["1776576780"]},"categories":[19,23],"tags":[48,82,759,11911,31410,18809,1010,7753],"yoast_head":"<!-- This site is optimized with the Yoast SEO Premium plugin v22.7 (Yoast SEO v22.7) - https:\/\/yoast.com\/wordpress\/plugins\/seo\/ -->\n<title>Gro\u00dfbritannien \u2013 Vom Sommer der Streiks in den Winter der Unruhen - just-now.NEWS Deutschland<\/title>\n<meta name=\"robots\" content=\"index, follow, max-snippet:-1, max-image-preview:large, max-video-preview:-1\" \/>\n<link rel=\"canonical\" href=\"https:\/\/now-news.de\/de\/deutschland\/grossbritannien-vom-sommer-der-streiks-in-den-winter-der-unruhen\/\" \/>\n<meta property=\"og:locale\" content=\"de_DE\" \/>\n<meta property=\"og:type\" content=\"article\" \/>\n<meta property=\"og:title\" content=\"Gro\u00dfbritannien \u2013 Vom Sommer der Streiks in den Winter der Unruhen\" \/>\n<meta property=\"og:description\" content=\"Angesichts der sich versch\u00e4rfenden Lebenshaltungs- und Energiekostenkrise ist in Gro\u00dfbritannien die Rede vom &#8220;Sommer der Streiks&#8221;. Aktuell steht der Briefverkehr still. Die Folgen der gestiegenen Preise sind immens, doch die Inflationsrate k\u00f6nnte sich sogar noch verdoppeln. Die Arbeitsk\u00e4mpfe an den Containerh\u00e4fen sind noch nicht ausgefochten, da zeichnen sich schon die n\u00e4chsten Konflikte ab, die das [&hellip;]\" \/>\n<meta property=\"og:url\" content=\"https:\/\/now-news.de\/de\/deutschland\/grossbritannien-vom-sommer-der-streiks-in-den-winter-der-unruhen\/\" \/>\n<meta property=\"og:site_name\" content=\"just-now.NEWS Deutschland\" \/>\n<meta property=\"article:publisher\" content=\"https:\/\/www.facebook.com\/wirmachenauf\" \/>\n<meta property=\"article:published_time\" content=\"2022-09-01T08:06:13+00:00\" \/>\n<meta property=\"og:image\" content=\"https:\/\/now-news.de\/de\/wp-content\/uploads\/sites\/3\/2022\/09\/Grossbritannien-\u2013-Vom-Sommer-der-Streiks-in-den-Winter-der.jpg\" \/>\n\t<meta property=\"og:image:width\" content=\"460\" \/>\n\t<meta property=\"og:image:height\" content=\"259\" \/>\n\t<meta property=\"og:image:type\" content=\"image\/jpeg\" \/>\n<meta name=\"author\" content=\"rtnews\" \/>\n<meta name=\"twitter:card\" content=\"summary_large_image\" \/>\n<meta name=\"twitter:creator\" content=\"@WirMachenAuf_de\" \/>\n<meta name=\"twitter:site\" content=\"@WirMachenAuf_de\" \/>\n<meta name=\"twitter:label1\" content=\"Verfasst von\" \/>\n\t<meta name=\"twitter:data1\" content=\"rtnews\" \/>\n\t<meta name=\"twitter:label2\" content=\"Gesch\u00e4tzte Lesezeit\" \/>\n\t<meta name=\"twitter:data2\" content=\"4\u00a0Minuten\" \/>\n<script type=\"application\/ld+json\" class=\"yoast-schema-graph\">{\"@context\":\"https:\/\/schema.org\",\"@graph\":[{\"@type\":\"Article\",\"@id\":\"https:\/\/now-news.de\/de\/deutschland\/grossbritannien-vom-sommer-der-streiks-in-den-winter-der-unruhen\/#article\",\"isPartOf\":{\"@id\":\"https:\/\/now-news.de\/de\/deutschland\/grossbritannien-vom-sommer-der-streiks-in-den-winter-der-unruhen\/\"},\"author\":{\"name\":\"rtnews\",\"@id\":\"https:\/\/now-news.de\/de\/#\/schema\/person\/fb534a4e865501d8b3285208df34a9b5\"},\"headline\":\"Gro\u00dfbritannien \u2013 Vom Sommer der Streiks in den Winter der Unruhen\",\"datePublished\":\"2022-09-01T08:06:13+00:00\",\"dateModified\":\"2022-09-01T08:06:13+00:00\",\"mainEntityOfPage\":{\"@id\":\"https:\/\/now-news.de\/de\/deutschland\/grossbritannien-vom-sommer-der-streiks-in-den-winter-der-unruhen\/\"},\"wordCount\":878,\"commentCount\":0,\"publisher\":{\"@id\":\"https:\/\/now-news.de\/de\/#organization\"},\"image\":{\"@id\":\"https:\/\/now-news.de\/de\/deutschland\/grossbritannien-vom-sommer-der-streiks-in-den-winter-der-unruhen\/#primaryimage\"},\"thumbnailUrl\":\"https:\/\/now-news.de\/de\/wp-content\/uploads\/sites\/3\/2022\/09\/Grossbritannien-\u2013-Vom-Sommer-der-Streiks-in-den-Winter-der.jpg\",\"keywords\":[\"den\",\"der\",\"Gro\u00dfbritannien\",\"Sommer\",\"Streiks\",\"Unruhen\",\"vom\",\"Winter\"],\"articleSection\":[\"Deutschland\",\"Russland\"],\"inLanguage\":\"de\",\"potentialAction\":[{\"@type\":\"CommentAction\",\"name\":\"Comment\",\"target\":[\"https:\/\/now-news.de\/de\/deutschland\/grossbritannien-vom-sommer-der-streiks-in-den-winter-der-unruhen\/#respond\"]}]},{\"@type\":\"WebPage\",\"@id\":\"https:\/\/now-news.de\/de\/deutschland\/grossbritannien-vom-sommer-der-streiks-in-den-winter-der-unruhen\/\",\"url\":\"https:\/\/now-news.de\/de\/deutschland\/grossbritannien-vom-sommer-der-streiks-in-den-winter-der-unruhen\/\",\"name\":\"Gro\u00dfbritannien \u2013 Vom Sommer der Streiks in den Winter der Unruhen - just-now.NEWS Deutschland\",\"isPartOf\":{\"@id\":\"https:\/\/now-news.de\/de\/#website\"},\"primaryImageOfPage\":{\"@id\":\"https:\/\/now-news.de\/de\/deutschland\/grossbritannien-vom-sommer-der-streiks-in-den-winter-der-unruhen\/#primaryimage\"},\"image\":{\"@id\":\"https:\/\/now-news.de\/de\/deutschland\/grossbritannien-vom-sommer-der-streiks-in-den-winter-der-unruhen\/#primaryimage\"},\"thumbnailUrl\":\"https:\/\/now-news.de\/de\/wp-content\/uploads\/sites\/3\/2022\/09\/Grossbritannien-\u2013-Vom-Sommer-der-Streiks-in-den-Winter-der.jpg\",\"datePublished\":\"2022-09-01T08:06:13+00:00\",\"dateModified\":\"2022-09-01T08:06:13+00:00\",\"breadcrumb\":{\"@id\":\"https:\/\/now-news.de\/de\/deutschland\/grossbritannien-vom-sommer-der-streiks-in-den-winter-der-unruhen\/#breadcrumb\"},\"inLanguage\":\"de\",\"potentialAction\":[{\"@type\":\"ReadAction\",\"target\":[\"https:\/\/now-news.de\/de\/deutschland\/grossbritannien-vom-sommer-der-streiks-in-den-winter-der-unruhen\/\"]}]},{\"@type\":\"ImageObject\",\"inLanguage\":\"de\",\"@id\":\"https:\/\/now-news.de\/de\/deutschland\/grossbritannien-vom-sommer-der-streiks-in-den-winter-der-unruhen\/#primaryimage\",\"url\":\"https:\/\/now-news.de\/de\/wp-content\/uploads\/sites\/3\/2022\/09\/Grossbritannien-\u2013-Vom-Sommer-der-Streiks-in-den-Winter-der.jpg\",\"contentUrl\":\"https:\/\/now-news.de\/de\/wp-content\/uploads\/sites\/3\/2022\/09\/Grossbritannien-\u2013-Vom-Sommer-der-Streiks-in-den-Winter-der.jpg\",\"width\":460,\"height\":259,\"caption\":\"Gro\u00dfbritannien \u2013 Vom Sommer der Streiks in den Winter der Unruhen\"},{\"@type\":\"BreadcrumbList\",\"@id\":\"https:\/\/now-news.de\/de\/deutschland\/grossbritannien-vom-sommer-der-streiks-in-den-winter-der-unruhen\/#breadcrumb\",\"itemListElement\":[{\"@type\":\"ListItem\",\"position\":1,\"name\":\"Home\",\"item\":\"https:\/\/now-news.de\/de\/\"},{\"@type\":\"ListItem\",\"position\":2,\"name\":\"Gro\u00dfbritannien \u2013 Vom Sommer der Streiks in den Winter der Unruhen\"}]},{\"@type\":\"WebSite\",\"@id\":\"https:\/\/now-news.de\/de\/#website\",\"url\":\"https:\/\/now-news.de\/de\/\",\"name\":\"just-now.NEWS Deutschland\",\"description\":\"Das Portal f\u00fcr unzensierte Nachrichten aus der Welt\",\"publisher\":{\"@id\":\"https:\/\/now-news.de\/de\/#organization\"},\"potentialAction\":[{\"@type\":\"SearchAction\",\"target\":{\"@type\":\"EntryPoint\",\"urlTemplate\":\"https:\/\/now-news.de\/de\/?s={search_term_string}\"},\"query-input\":\"required name=search_term_string\"}],\"inLanguage\":\"de\"},{\"@type\":\"Organization\",\"@id\":\"https:\/\/now-news.de\/de\/#organization\",\"name\":\"Just Now News\",\"url\":\"https:\/\/now-news.de\/de\/\",\"logo\":{\"@type\":\"ImageObject\",\"inLanguage\":\"de\",\"@id\":\"https:\/\/now-news.de\/de\/#\/schema\/logo\/image\/\",\"url\":\"http:\/\/just-now.news\/de\/wp-content\/uploads\/sites\/3\/2022\/04\/logo500x500.jpg\",\"contentUrl\":\"http:\/\/just-now.news\/de\/wp-content\/uploads\/sites\/3\/2022\/04\/logo500x500.jpg\",\"width\":500,\"height\":500,\"caption\":\"Just Now News\"},\"image\":{\"@id\":\"https:\/\/now-news.de\/de\/#\/schema\/logo\/image\/\"},\"sameAs\":[\"https:\/\/www.facebook.com\/wirmachenauf\",\"https:\/\/x.com\/WirMachenAuf_de\"]},{\"@type\":\"Person\",\"@id\":\"https:\/\/now-news.de\/de\/#\/schema\/person\/fb534a4e865501d8b3285208df34a9b5\",\"name\":\"rtnews\",\"image\":{\"@type\":\"ImageObject\",\"inLanguage\":\"de\",\"@id\":\"https:\/\/now-news.de\/de\/#\/schema\/person\/image\/\",\"url\":\"https:\/\/secure.gravatar.com\/avatar\/82aafea7d8127119dd649515f56e2117?s=96&d=mm&r=g\",\"contentUrl\":\"https:\/\/secure.gravatar.com\/avatar\/82aafea7d8127119dd649515f56e2117?s=96&d=mm&r=g\",\"caption\":\"rtnews\"},\"url\":\"https:\/\/now-news.de\/de\/author\/rnews\/\"}]}<\/script>\n<!-- \/ Yoast SEO Premium plugin. -->","yoast_head_json":{"title":"Gro\u00dfbritannien \u2013 Vom Sommer der Streiks in den Winter der Unruhen - just-now.NEWS Deutschland","robots":{"index":"index","follow":"follow","max-snippet":"max-snippet:-1","max-image-preview":"max-image-preview:large","max-video-preview":"max-video-preview:-1"},"canonical":"https:\/\/now-news.de\/de\/deutschland\/grossbritannien-vom-sommer-der-streiks-in-den-winter-der-unruhen\/","og_locale":"de_DE","og_type":"article","og_title":"Gro\u00dfbritannien \u2013 Vom Sommer der Streiks in den Winter der Unruhen","og_description":"Angesichts der sich versch\u00e4rfenden Lebenshaltungs- und Energiekostenkrise ist in Gro\u00dfbritannien die Rede vom &#8220;Sommer der Streiks&#8221;. Aktuell steht der Briefverkehr still. Die Folgen der gestiegenen Preise sind immens, doch die Inflationsrate k\u00f6nnte sich sogar noch verdoppeln. Die Arbeitsk\u00e4mpfe an den Containerh\u00e4fen sind noch nicht ausgefochten, da zeichnen sich schon die n\u00e4chsten Konflikte ab, die das [&hellip;]","og_url":"https:\/\/now-news.de\/de\/deutschland\/grossbritannien-vom-sommer-der-streiks-in-den-winter-der-unruhen\/","og_site_name":"just-now.NEWS Deutschland","article_publisher":"https:\/\/www.facebook.com\/wirmachenauf","article_published_time":"2022-09-01T08:06:13+00:00","og_image":[{"width":460,"height":259,"url":"https:\/\/now-news.de\/de\/wp-content\/uploads\/sites\/3\/2022\/09\/Grossbritannien-\u2013-Vom-Sommer-der-Streiks-in-den-Winter-der.jpg","type":"image\/jpeg"}],"author":"rtnews","twitter_card":"summary_large_image","twitter_creator":"@WirMachenAuf_de","twitter_site":"@WirMachenAuf_de","twitter_misc":{"Verfasst von":"rtnews","Gesch\u00e4tzte Lesezeit":"4\u00a0Minuten"},"schema":{"@context":"https:\/\/schema.org","@graph":[{"@type":"Article","@id":"https:\/\/now-news.de\/de\/deutschland\/grossbritannien-vom-sommer-der-streiks-in-den-winter-der-unruhen\/#article","isPartOf":{"@id":"https:\/\/now-news.de\/de\/deutschland\/grossbritannien-vom-sommer-der-streiks-in-den-winter-der-unruhen\/"},"author":{"name":"rtnews","@id":"https:\/\/now-news.de\/de\/#\/schema\/person\/fb534a4e865501d8b3285208df34a9b5"},"headline":"Gro\u00dfbritannien \u2013 Vom Sommer der Streiks in den Winter der Unruhen","datePublished":"2022-09-01T08:06:13+00:00","dateModified":"2022-09-01T08:06:13+00:00","mainEntityOfPage":{"@id":"https:\/\/now-news.de\/de\/deutschland\/grossbritannien-vom-sommer-der-streiks-in-den-winter-der-unruhen\/"},"wordCount":878,"commentCount":0,"publisher":{"@id":"https:\/\/now-news.de\/de\/#organization"},"image":{"@id":"https:\/\/now-news.de\/de\/deutschland\/grossbritannien-vom-sommer-der-streiks-in-den-winter-der-unruhen\/#primaryimage"},"thumbnailUrl":"https:\/\/now-news.de\/de\/wp-content\/uploads\/sites\/3\/2022\/09\/Grossbritannien-\u2013-Vom-Sommer-der-Streiks-in-den-Winter-der.jpg","keywords":["den","der","Gro\u00dfbritannien","Sommer","Streiks","Unruhen","vom","Winter"],"articleSection":["Deutschland","Russland"],"inLanguage":"de","potentialAction":[{"@type":"CommentAction","name":"Comment","target":["https:\/\/now-news.de\/de\/deutschland\/grossbritannien-vom-sommer-der-streiks-in-den-winter-der-unruhen\/#respond"]}]},{"@type":"WebPage","@id":"https:\/\/now-news.de\/de\/deutschland\/grossbritannien-vom-sommer-der-streiks-in-den-winter-der-unruhen\/","url":"https:\/\/now-news.de\/de\/deutschland\/grossbritannien-vom-sommer-der-streiks-in-den-winter-der-unruhen\/","name":"Gro\u00dfbritannien \u2013 Vom Sommer der Streiks in den Winter der Unruhen - just-now.NEWS Deutschland","isPartOf":{"@id":"https:\/\/now-news.de\/de\/#website"},"primaryImageOfPage":{"@id":"https:\/\/now-news.de\/de\/deutschland\/grossbritannien-vom-sommer-der-streiks-in-den-winter-der-unruhen\/#primaryimage"},"image":{"@id":"https:\/\/now-news.de\/de\/deutschland\/grossbritannien-vom-sommer-der-streiks-in-den-winter-der-unruhen\/#primaryimage"},"thumbnailUrl":"https:\/\/now-news.de\/de\/wp-content\/uploads\/sites\/3\/2022\/09\/Grossbritannien-\u2013-Vom-Sommer-der-Streiks-in-den-Winter-der.jpg","datePublished":"2022-09-01T08:06:13+00:00","dateModified":"2022-09-01T08:06:13+00:00","breadcrumb":{"@id":"https:\/\/now-news.de\/de\/deutschland\/grossbritannien-vom-sommer-der-streiks-in-den-winter-der-unruhen\/#breadcrumb"},"inLanguage":"de","potentialAction":[{"@type":"ReadAction","target":["https:\/\/now-news.de\/de\/deutschland\/grossbritannien-vom-sommer-der-streiks-in-den-winter-der-unruhen\/"]}]},{"@type":"ImageObject","inLanguage":"de","@id":"https:\/\/now-news.de\/de\/deutschland\/grossbritannien-vom-sommer-der-streiks-in-den-winter-der-unruhen\/#primaryimage","url":"https:\/\/now-news.de\/de\/wp-content\/uploads\/sites\/3\/2022\/09\/Grossbritannien-\u2013-Vom-Sommer-der-Streiks-in-den-Winter-der.jpg","contentUrl":"https:\/\/now-news.de\/de\/wp-content\/uploads\/sites\/3\/2022\/09\/Grossbritannien-\u2013-Vom-Sommer-der-Streiks-in-den-Winter-der.jpg","width":460,"height":259,"caption":"Gro\u00dfbritannien \u2013 Vom Sommer der Streiks in den Winter der Unruhen"},{"@type":"BreadcrumbList","@id":"https:\/\/now-news.de\/de\/deutschland\/grossbritannien-vom-sommer-der-streiks-in-den-winter-der-unruhen\/#breadcrumb","itemListElement":[{"@type":"ListItem","position":1,"name":"Home","item":"https:\/\/now-news.de\/de\/"},{"@type":"ListItem","position":2,"name":"Gro\u00dfbritannien \u2013 Vom Sommer der Streiks in den Winter der Unruhen"}]},{"@type":"WebSite","@id":"https:\/\/now-news.de\/de\/#website","url":"https:\/\/now-news.de\/de\/","name":"just-now.NEWS Deutschland","description":"Das Portal f\u00fcr unzensierte Nachrichten aus der Welt","publisher":{"@id":"https:\/\/now-news.de\/de\/#organization"},"potentialAction":[{"@type":"SearchAction","target":{"@type":"EntryPoint","urlTemplate":"https:\/\/now-news.de\/de\/?s={search_term_string}"},"query-input":"required name=search_term_string"}],"inLanguage":"de"},{"@type":"Organization","@id":"https:\/\/now-news.de\/de\/#organization","name":"Just Now News","url":"https:\/\/now-news.de\/de\/","logo":{"@type":"ImageObject","inLanguage":"de","@id":"https:\/\/now-news.de\/de\/#\/schema\/logo\/image\/","url":"http:\/\/just-now.news\/de\/wp-content\/uploads\/sites\/3\/2022\/04\/logo500x500.jpg","contentUrl":"http:\/\/just-now.news\/de\/wp-content\/uploads\/sites\/3\/2022\/04\/logo500x500.jpg","width":500,"height":500,"caption":"Just Now News"},"image":{"@id":"https:\/\/now-news.de\/de\/#\/schema\/logo\/image\/"},"sameAs":["https:\/\/www.facebook.com\/wirmachenauf","https:\/\/x.com\/WirMachenAuf_de"]},{"@type":"Person","@id":"https:\/\/now-news.de\/de\/#\/schema\/person\/fb534a4e865501d8b3285208df34a9b5","name":"rtnews","image":{"@type":"ImageObject","inLanguage":"de","@id":"https:\/\/now-news.de\/de\/#\/schema\/person\/image\/","url":"https:\/\/secure.gravatar.com\/avatar\/82aafea7d8127119dd649515f56e2117?s=96&d=mm&r=g","contentUrl":"https:\/\/secure.gravatar.com\/avatar\/82aafea7d8127119dd649515f56e2117?s=96&d=mm&r=g","caption":"rtnews"},"url":"https:\/\/now-news.de\/de\/author\/rnews\/"}]}},"_links":{"self":[{"href":"https:\/\/now-news.de\/de\/wp-json\/wp\/v2\/posts\/18169"}],"collection":[{"href":"https:\/\/now-news.de\/de\/wp-json\/wp\/v2\/posts"}],"about":[{"href":"https:\/\/now-news.de\/de\/wp-json\/wp\/v2\/types\/post"}],"author":[{"embeddable":true,"href":"https:\/\/now-news.de\/de\/wp-json\/wp\/v2\/users\/3"}],"replies":[{"embeddable":true,"href":"https:\/\/now-news.de\/de\/wp-json\/wp\/v2\/comments?post=18169"}],"version-history":[{"count":0,"href":"https:\/\/now-news.de\/de\/wp-json\/wp\/v2\/posts\/18169\/revisions"}],"wp:featuredmedia":[{"embeddable":true,"href":"https:\/\/now-news.de\/de\/wp-json\/wp\/v2\/media\/18170"}],"wp:attachment":[{"href":"https:\/\/now-news.de\/de\/wp-json\/wp\/v2\/media?parent=18169"}],"wp:term":[{"taxonomy":"category","embeddable":true,"href":"https:\/\/now-news.de\/de\/wp-json\/wp\/v2\/categories?post=18169"},{"taxonomy":"post_tag","embeddable":true,"href":"https:\/\/now-news.de\/de\/wp-json\/wp\/v2\/tags?post=18169"}],"curies":[{"name":"wp","href":"https:\/\/api.w.org\/{rel}","templated":true}]}}