{"id":18137,"date":"2022-08-31T18:52:25","date_gmt":"2022-08-31T16:52:25","guid":{"rendered":"http:\/\/just-now.news\/de\/deutschland\/bundesweite-bauernproteste-gegen-eu-klimaplaene-gestartet-lockerungen-an-den-plaenen-reichen-nicht\/"},"modified":"2022-08-31T18:52:25","modified_gmt":"2022-08-31T16:52:25","slug":"bundesweite-bauernproteste-gegen-eu-klimaplaene-gestartet-lockerungen-an-den-plaenen-reichen-nicht","status":"publish","type":"post","link":"https:\/\/now-news.de\/de\/deutschland\/bundesweite-bauernproteste-gegen-eu-klimaplaene-gestartet-lockerungen-an-den-plaenen-reichen-nicht\/","title":{"rendered":"Bundesweite Bauernproteste gegen EU-Klimapl\u00e4ne gestartet: &quot;Lockerungen an den Pl\u00e4nen reichen nicht!&quot;"},"content":{"rendered":"<p><img decoding=\"async\" src=\"http:\/\/just-now.news\/de\/wp-content\/uploads\/sites\/3\/2022\/08\/630f91bc48fbef659d0e0372.jpg\" \/><\/p>\n<p>Die EU-Kommission m\u00f6chte im Rahmen ihres sogenannten Green Deals den Einsatz chemischer Pflanzenschutzmittel in Schutzgebieten verbieten. Doch auch au\u00dferhalb dieser soll der Pflanzenschutzmitteleinsatz bis 2030 um bis zu 50 Prozent verringert werden. In den Niederlanden protestieren die Bauern daher seit geraumer Zeit gegen die existenzgef\u00e4hrdende\u00a0EU-Agar- und Umweltpolitik. Doch auch unter den deutschen Landwirten regt sich zunehmend Widerstand gegen diese Pl\u00e4ne, die hierzulande rund vier Millionen Hektar Nutzfl\u00e4che betreffen w\u00fcrden.\u00a0<\/p>\n<div class=\"EmbedBlock-root EmbedBlock-twitter\">\n<div class=\"TwitterEmbed\">\n<blockquote class=\"twitter-tweet lazyload\" data-twitter=\"twitter-tweet\">\n<p lang=\"de\" dir=\"ltr\"><a rel=\"nofollow noopener\" target=\"_blank\" href=\"https:\/\/twitter.com\/hashtag\/W%C3%BCrzburg?src=hash&amp;ref_src=twsrc%5Etfw\">#W\u00fcrzburg<\/a> Marktplatz <a rel=\"nofollow noopener\" target=\"_blank\" href=\"https:\/\/twitter.com\/hashtag\/Bauern?src=hash&amp;ref_src=twsrc%5Etfw\">#Bauern<\/a> Kundgebung ???? <a rel=\"nofollow noopener\" target=\"_blank\" href=\"https:\/\/t.co\/WbmW1HxyWR\">pic.twitter.com\/WbmW1HxyWR<\/a><\/p>\n<p>\u2014 Henry Friedel (@FriedelHenry) <a rel=\"nofollow noopener\" target=\"_blank\" href=\"https:\/\/twitter.com\/FriedelHenry\/status\/1564905946656243712?ref_src=twsrc%5Etfw\">August 31, 2022<\/a><\/p><\/blockquote><\/div><\/div>\n<p>In Deutschland rief die Interessenvertretung Land schafft Verbindung Deutschland (LsV) die Bauern\u00a0in den vergangenen Wochen deshalb vermehrt dazu auf, die\u00a0Protestaktionen ihrer niederl\u00e4ndischen Kollegen zu unterst\u00fctzen und &#8220;massiven Widerstand&#8221; gegen die Vorschl\u00e4ge der EU-Kommission zu leisten. Und die Landwirte scheinen dem Aufruf zu folgen, denn auch hierzulande nehmen die Demonstrationen gegen\u00a0die ausufernde EU-Umwelt- und Agrarpolitik zu.\u00a0<\/p>\n<div class=\"EmbedBlock-root EmbedBlock-twitter\">\n<div class=\"TwitterEmbed\">\n<blockquote class=\"twitter-tweet lazyload\" data-twitter=\"twitter-tweet\">\n<p lang=\"de\" dir=\"ltr\">Live aus <a rel=\"nofollow noopener\" target=\"_blank\" href=\"https:\/\/twitter.com\/hashtag\/W%C3%BCrzburg?src=hash&amp;ref_src=twsrc%5Etfw\">#W\u00fcrzburg<\/a><a rel=\"nofollow noopener\" target=\"_blank\" href=\"https:\/\/twitter.com\/hashtag\/Bauern?src=hash&amp;ref_src=twsrc%5Etfw\">#Bauern<\/a> Kundgebung <a rel=\"nofollow noopener\" target=\"_blank\" href=\"https:\/\/twitter.com\/hashtag\/Nahrung?src=hash&amp;ref_src=twsrc%5Etfw\">#Nahrung<\/a> <a rel=\"nofollow noopener\" target=\"_blank\" href=\"https:\/\/twitter.com\/hashtag\/Lebensmittel?src=hash&amp;ref_src=twsrc%5Etfw\">#Lebensmittel<\/a>bisschen sp\u00e4t gemerkt da\u00df es Live-\u00dcbertragung gibt ????<a rel=\"nofollow noopener\" target=\"_blank\" href=\"https:\/\/t.co\/sEhbgJKOO1\">https:\/\/t.co\/sEhbgJKOO1<\/a><\/p>\n<p>\u2014 Henry Friedel (@FriedelHenry) <a rel=\"nofollow noopener\" target=\"_blank\" href=\"https:\/\/twitter.com\/FriedelHenry\/status\/1564933564730335232?ref_src=twsrc%5Etfw\">August 31, 2022<\/a><\/p><\/blockquote><\/div><\/div>\n<p>Nachdem hunderte Landwirte zum Protestwellenauftakt am 16. August bereits vor dem Landwirtschaftsministerium in Bonn zusammengekommen sind, finden am heutigen Mittwoch bundesweit in vielen St\u00e4dten erneut Bauernproteste statt.\u00a0Allein in Stuttgart erwarten die Veranstalter rund 400 Teilnehmer mit rund 100 Traktoren.\u00a0Auch in W\u00fcrzburg, wo laut <em>BR<\/em> zwischen 500 und 1.000 Teilnehmer erwartet werden, sowie Mainz, Dresden und Hamburg seien Demonstrationen angemeldet, best\u00e4tigte Claus Hochrein, Vorstandsmitglied des LsV gegen\u00fcber der regionalen Zeitung\u00a0<em>Wochenblatt<\/em>. Dar\u00fcber hinaus rechne er im Laufe des Tages zudem mit spontanen Solidarit\u00e4tsaktionen auf Autobahnbr\u00fccken.<\/p>\n<p>Das gr\u00f6\u00dfte Reizthema f\u00fcr die Bauern: Das geplante Verbot von Pflanzenschutzmitteln in Schutzgebieten. Dieses lehnen die Landwirte ab, da es praxisfern und nicht durchf\u00fchrbar sei. &#8220;Lockerungen an den Kommissionspl\u00e4nen reichen nicht. Die geplante EU-Verordnung zum Pflanzenschutzverbot muss eingestampft werden&#8221;, sagte Hochrein mit Blick auf einen von Bundesagrarminister Cem \u00d6zdemir (B\u00fcndnis 90\/Die Gr\u00fcnen)\u00a0wegen\u00a0angespannter internationaler Agrarm\u00e4rkte erst k\u00fcrzlich eingebrachten Kompromissvorschlag. Der Minister will Bauern erm\u00f6glichen, Agrarfl\u00e4chen f\u00fcr den Anbau bestimmter Pflanzen zur Nahrungsmittelproduktion l\u00e4nger zu nutzen. So sollen die eigentlich geplanten zus\u00e4tzlichen Artenschutzfl\u00e4chen erst 2024 eingef\u00fchrt werden. Bauern k\u00f6nnten dann im kommenden Jahr auf diesen Fl\u00e4chen weiter Nahrungsmittel anbauen.\u00a0<\/p>\n<p>Doch Hochrein geht die Ausnahmeregelung nicht weit genug. Die Pflanzenschutzmittel w\u00fcrden von den Landwirten bereits heute verantwortungsvoll eingesetzt, erkl\u00e4rte der unterfr\u00e4nkische Landwirt. Und er stellte die Frage:<\/p>\n<blockquote>\n<p><em>&#8220;Wozu dann ein derartiges Verbot, das Betriebe enteignet und in den Ruin treibt?&#8221;<\/em><\/p>\n<\/blockquote>\n<p>Deutschland habe alle Schutzgebiete nach Br\u00fcssel gemeldet. Andere L\u00e4nder h\u00e4tten hingegen lediglich Nationalparks angegeben. &#8220;Wenn wir so weiter machen, steuern wir auf eine Ern\u00e4hrungskrise zu&#8221;, mahnte Hochrein.<\/p>\n<p>Die Ernteertr\u00e4ge gingen immer weiter zur\u00fcck. Ein umfassendes Verbot von Pflanzenschutzmitteln w\u00fcrde die Situation nur versch\u00e4rfen. Da die Versorgungssicherheit in der EU auf dem Spiel stehe, so Hochrein weiter, m\u00fcssten deshalb sowohl die Ziele des Green Deals als auch der &#8220;Farm-to-Fork-Strategie&#8221; \u00fcberdacht werden. Letzteres meint einen Plan der EU,\u00a0das europ\u00e4ische Lebensmittelsystem in verschiedenen Dimensionen nachhaltiger zu gestalten und seine Auswirkungen auf Drittl\u00e4nder zu verringern.<\/p>\n<p>Auch Ackerbauer Christian Coenen, der die Protestaktionen in Baden-W\u00fcrttemberg organisiert, erwartet von der EU-Kommission eine deutliche Korrektur ihrer Umweltstrategie:<\/p>\n<blockquote>\n<p><em> &#8220;Wir m\u00f6chten ein Miteinander und keine Verbote, wir m\u00f6chten mit an den Tisch, wenn es um Ver\u00e4nderungen gehen soll.&#8221;<\/em><\/p>\n<\/blockquote>\n<p>Die Landwirte bef\u00fcrchteten, dass sie ihre H\u00f6fe aufgeben m\u00fcssen, sagte Coenen dem <em>SWR<\/em>.<\/p>\n<blockquote>\n<p><em>&#8220;Wir sind die Praktiker und es ist auch unsere Zukunft.&#8221;<\/em><\/p>\n<\/blockquote>\n<p>So f\u00fchrt die \u00fcberbordenden EU-Agrar- und Umweltpolitik bei den Landwirten nicht nur zu einem wachsenden Widerstand, sondern\u00a0immer h\u00e4ufiger auch zu Verzweiflung und Wut, die jetzt auch in Deutschland auf die Stra\u00dfe getragen wird. In den Niederlanden gehen\u00a0die Bauern deshalb bereits seit Juni auf die Stra\u00dfe, legten Autobahnen lahm und blockierten Supermarktzufahrten. Angesichts der angespannten Lage gab die Polizei dort sogar Sch\u00fcsse ab.<\/p>\n<p>Im Juni hatte die EU-Kommission einen Verordnungsvorschlag vorgelegt, wonach der Pflanzenschutzmitteleinsatz bis 2030 um 50 Prozent zu verringern ist. F\u00fcr eine Reihe sensibler Gebiete soll es gar ein komplettes Anwendungsverbot f\u00fcr Pestizide geben. Bauernverb\u00e4nde\u00a0warnen hingegen vor einer Gef\u00e4hrdung der Lebensmittelsicherheit.<\/p>\n<p><strong>Mehr zum Thema &#8211;<\/strong>\u00a0<a rel=\"nofollow noopener\" target=\"_blank\" href=\"https:\/\/test.rtde.tech\/kurzclips\/video\/146273-hunderte-bauern-protestieren-in-bonn\/\">Hunderte Bauern protestieren in Bonn: &#8220;Wenn Unrecht zu Recht wird, wird Widerstand zur Pflicht!<\/a><\/p>\n<p><script async src=\"https:\/\/platform.twitter.com\/widgets.js\" charset=\"utf-8\"><\/script><br \/>\n<br \/><br \/>\n<br \/><a href=\"https:\/\/de.rt.com\/inland\/147617-bundesweite-bauernproteste-gegen-eu-klimaplaene-gestartet\/\">Source link <\/a><\/p>\n","protected":false},"excerpt":{"rendered":"<p>Die EU-Kommission m\u00f6chte im Rahmen ihres sogenannten Green Deals den Einsatz chemischer Pflanzenschutzmittel in Schutzgebieten verbieten. Doch auch au\u00dferhalb dieser soll der Pflanzenschutzmitteleinsatz bis 2030 um bis zu 50 Prozent verringert werden. In den Niederlanden protestieren die Bauern daher seit geraumer Zeit gegen die existenzgef\u00e4hrdende\u00a0EU-Agar- und Umweltpolitik. Doch auch unter den deutschen Landwirten regt sich [&hellip;]<\/p>\n","protected":false},"author":3,"featured_media":18138,"comment_status":"open","ping_status":"open","sticky":false,"template":"","format":"standard","meta":{"wp_automatic_camp":["217"],"dc3051ff5615cfe9dc4d3ad2540eec9e":["Bundesweite Bauernproteste gegen EU-Klimapl\u00e4ne gestartet: &quot;Lockerungen an den Pl\u00e4nen reichen nicht!&quot;"],"original_link":["https:\/\/de.rt.com\/inland\/147617-bundesweite-bauernproteste-gegen-eu-klimaplaene-gestartet\/"],"_thumbnail_id":["18138"],"_wptg_p2tg_sent2tg":["2022-08-31 18:57:47"],"jnews_social_counter_last_update":["1777180679"]},"categories":[19,23],"tags":[26317,22086,48,32057,278,32052,19434,17975,32058,7654],"yoast_head":"<!-- This site is optimized with the Yoast SEO Premium plugin v22.7 (Yoast SEO v22.7) - https:\/\/yoast.com\/wordpress\/plugins\/seo\/ -->\n<title>Bundesweite Bauernproteste gegen EU-Klimapl\u00e4ne gestartet: &quot;Lockerungen an den Pl\u00e4nen reichen nicht!&quot; - just-now.NEWS Deutschland<\/title>\n<meta name=\"robots\" content=\"index, follow, max-snippet:-1, max-image-preview:large, max-video-preview:-1\" \/>\n<link rel=\"canonical\" href=\"https:\/\/now-news.de\/de\/deutschland\/bundesweite-bauernproteste-gegen-eu-klimaplaene-gestartet-lockerungen-an-den-plaenen-reichen-nicht\/\" \/>\n<meta property=\"og:locale\" content=\"de_DE\" \/>\n<meta property=\"og:type\" content=\"article\" \/>\n<meta property=\"og:title\" content=\"Bundesweite Bauernproteste gegen EU-Klimapl\u00e4ne gestartet: &quot;Lockerungen an den Pl\u00e4nen reichen nicht!&quot;\" \/>\n<meta property=\"og:description\" content=\"Die EU-Kommission m\u00f6chte im Rahmen ihres sogenannten Green Deals den Einsatz chemischer Pflanzenschutzmittel in Schutzgebieten verbieten. Doch auch au\u00dferhalb dieser soll der Pflanzenschutzmitteleinsatz bis 2030 um bis zu 50 Prozent verringert werden. In den Niederlanden protestieren die Bauern daher seit geraumer Zeit gegen die existenzgef\u00e4hrdende\u00a0EU-Agar- und Umweltpolitik. Doch auch unter den deutschen Landwirten regt sich [&hellip;]\" \/>\n<meta property=\"og:url\" content=\"https:\/\/now-news.de\/de\/deutschland\/bundesweite-bauernproteste-gegen-eu-klimaplaene-gestartet-lockerungen-an-den-plaenen-reichen-nicht\/\" \/>\n<meta property=\"og:site_name\" content=\"just-now.NEWS Deutschland\" \/>\n<meta property=\"article:publisher\" content=\"https:\/\/www.facebook.com\/wirmachenauf\" \/>\n<meta property=\"article:published_time\" content=\"2022-08-31T16:52:25+00:00\" \/>\n<meta property=\"og:image\" content=\"https:\/\/now-news.de\/de\/wp-content\/uploads\/sites\/3\/2022\/08\/Bundesweite-Bauernproteste-gegen-EU-Klimaplaene-gestartet-quotLockerungen-an-den-Plaenen-reichen.jpg\" \/>\n\t<meta property=\"og:image:width\" content=\"460\" \/>\n\t<meta property=\"og:image:height\" content=\"259\" \/>\n\t<meta property=\"og:image:type\" content=\"image\/jpeg\" \/>\n<meta name=\"author\" content=\"rtnews\" \/>\n<meta name=\"twitter:card\" content=\"summary_large_image\" \/>\n<meta name=\"twitter:creator\" content=\"@WirMachenAuf_de\" \/>\n<meta name=\"twitter:site\" content=\"@WirMachenAuf_de\" \/>\n<meta name=\"twitter:label1\" content=\"Verfasst von\" \/>\n\t<meta name=\"twitter:data1\" content=\"rtnews\" \/>\n\t<meta name=\"twitter:label2\" content=\"Gesch\u00e4tzte Lesezeit\" \/>\n\t<meta name=\"twitter:data2\" content=\"4\u00a0Minuten\" \/>\n<script type=\"application\/ld+json\" class=\"yoast-schema-graph\">{\"@context\":\"https:\/\/schema.org\",\"@graph\":[{\"@type\":\"Article\",\"@id\":\"https:\/\/now-news.de\/de\/deutschland\/bundesweite-bauernproteste-gegen-eu-klimaplaene-gestartet-lockerungen-an-den-plaenen-reichen-nicht\/#article\",\"isPartOf\":{\"@id\":\"https:\/\/now-news.de\/de\/deutschland\/bundesweite-bauernproteste-gegen-eu-klimaplaene-gestartet-lockerungen-an-den-plaenen-reichen-nicht\/\"},\"author\":{\"name\":\"rtnews\",\"@id\":\"https:\/\/now-news.de\/de\/#\/schema\/person\/fb534a4e865501d8b3285208df34a9b5\"},\"headline\":\"Bundesweite Bauernproteste gegen EU-Klimapl\u00e4ne gestartet: &quot;Lockerungen an den Pl\u00e4nen reichen nicht!&quot;\",\"datePublished\":\"2022-08-31T16:52:25+00:00\",\"dateModified\":\"2022-08-31T16:52:25+00:00\",\"mainEntityOfPage\":{\"@id\":\"https:\/\/now-news.de\/de\/deutschland\/bundesweite-bauernproteste-gegen-eu-klimaplaene-gestartet-lockerungen-an-den-plaenen-reichen-nicht\/\"},\"wordCount\":738,\"commentCount\":0,\"publisher\":{\"@id\":\"https:\/\/now-news.de\/de\/#organization\"},\"image\":{\"@id\":\"https:\/\/now-news.de\/de\/deutschland\/bundesweite-bauernproteste-gegen-eu-klimaplaene-gestartet-lockerungen-an-den-plaenen-reichen-nicht\/#primaryimage\"},\"thumbnailUrl\":\"https:\/\/now-news.de\/de\/wp-content\/uploads\/sites\/3\/2022\/08\/Bundesweite-Bauernproteste-gegen-EU-Klimaplaene-gestartet-quotLockerungen-an-den-Plaenen-reichen.jpg\",\"keywords\":[\"Bauernproteste\",\"bundesweite\",\"den\",\"EUKlimapl\u00e4ne\",\"gegen\",\"gestartet\",\"nichtquot\",\"planen\",\"quotLockerungen\",\"reichen\"],\"articleSection\":[\"Deutschland\",\"Russland\"],\"inLanguage\":\"de\",\"potentialAction\":[{\"@type\":\"CommentAction\",\"name\":\"Comment\",\"target\":[\"https:\/\/now-news.de\/de\/deutschland\/bundesweite-bauernproteste-gegen-eu-klimaplaene-gestartet-lockerungen-an-den-plaenen-reichen-nicht\/#respond\"]}]},{\"@type\":\"WebPage\",\"@id\":\"https:\/\/now-news.de\/de\/deutschland\/bundesweite-bauernproteste-gegen-eu-klimaplaene-gestartet-lockerungen-an-den-plaenen-reichen-nicht\/\",\"url\":\"https:\/\/now-news.de\/de\/deutschland\/bundesweite-bauernproteste-gegen-eu-klimaplaene-gestartet-lockerungen-an-den-plaenen-reichen-nicht\/\",\"name\":\"Bundesweite Bauernproteste gegen EU-Klimapl\u00e4ne gestartet: &quot;Lockerungen an den Pl\u00e4nen reichen nicht!&quot; - just-now.NEWS Deutschland\",\"isPartOf\":{\"@id\":\"https:\/\/now-news.de\/de\/#website\"},\"primaryImageOfPage\":{\"@id\":\"https:\/\/now-news.de\/de\/deutschland\/bundesweite-bauernproteste-gegen-eu-klimaplaene-gestartet-lockerungen-an-den-plaenen-reichen-nicht\/#primaryimage\"},\"image\":{\"@id\":\"https:\/\/now-news.de\/de\/deutschland\/bundesweite-bauernproteste-gegen-eu-klimaplaene-gestartet-lockerungen-an-den-plaenen-reichen-nicht\/#primaryimage\"},\"thumbnailUrl\":\"https:\/\/now-news.de\/de\/wp-content\/uploads\/sites\/3\/2022\/08\/Bundesweite-Bauernproteste-gegen-EU-Klimaplaene-gestartet-quotLockerungen-an-den-Plaenen-reichen.jpg\",\"datePublished\":\"2022-08-31T16:52:25+00:00\",\"dateModified\":\"2022-08-31T16:52:25+00:00\",\"breadcrumb\":{\"@id\":\"https:\/\/now-news.de\/de\/deutschland\/bundesweite-bauernproteste-gegen-eu-klimaplaene-gestartet-lockerungen-an-den-plaenen-reichen-nicht\/#breadcrumb\"},\"inLanguage\":\"de\",\"potentialAction\":[{\"@type\":\"ReadAction\",\"target\":[\"https:\/\/now-news.de\/de\/deutschland\/bundesweite-bauernproteste-gegen-eu-klimaplaene-gestartet-lockerungen-an-den-plaenen-reichen-nicht\/\"]}]},{\"@type\":\"ImageObject\",\"inLanguage\":\"de\",\"@id\":\"https:\/\/now-news.de\/de\/deutschland\/bundesweite-bauernproteste-gegen-eu-klimaplaene-gestartet-lockerungen-an-den-plaenen-reichen-nicht\/#primaryimage\",\"url\":\"https:\/\/now-news.de\/de\/wp-content\/uploads\/sites\/3\/2022\/08\/Bundesweite-Bauernproteste-gegen-EU-Klimaplaene-gestartet-quotLockerungen-an-den-Plaenen-reichen.jpg\",\"contentUrl\":\"https:\/\/now-news.de\/de\/wp-content\/uploads\/sites\/3\/2022\/08\/Bundesweite-Bauernproteste-gegen-EU-Klimaplaene-gestartet-quotLockerungen-an-den-Plaenen-reichen.jpg\",\"width\":460,\"height\":259,\"caption\":\"Bundesweite Bauernproteste gegen EU-Klimapl\u00e4ne gestartet: &quot;Lockerungen an den Pl\u00e4nen reichen nicht!&quot;\"},{\"@type\":\"BreadcrumbList\",\"@id\":\"https:\/\/now-news.de\/de\/deutschland\/bundesweite-bauernproteste-gegen-eu-klimaplaene-gestartet-lockerungen-an-den-plaenen-reichen-nicht\/#breadcrumb\",\"itemListElement\":[{\"@type\":\"ListItem\",\"position\":1,\"name\":\"Home\",\"item\":\"https:\/\/now-news.de\/de\/\"},{\"@type\":\"ListItem\",\"position\":2,\"name\":\"Bundesweite Bauernproteste gegen EU-Klimapl\u00e4ne gestartet: &quot;Lockerungen an den Pl\u00e4nen reichen nicht!&quot;\"}]},{\"@type\":\"WebSite\",\"@id\":\"https:\/\/now-news.de\/de\/#website\",\"url\":\"https:\/\/now-news.de\/de\/\",\"name\":\"just-now.NEWS Deutschland\",\"description\":\"Das Portal f\u00fcr unzensierte Nachrichten aus der Welt\",\"publisher\":{\"@id\":\"https:\/\/now-news.de\/de\/#organization\"},\"potentialAction\":[{\"@type\":\"SearchAction\",\"target\":{\"@type\":\"EntryPoint\",\"urlTemplate\":\"https:\/\/now-news.de\/de\/?s={search_term_string}\"},\"query-input\":\"required name=search_term_string\"}],\"inLanguage\":\"de\"},{\"@type\":\"Organization\",\"@id\":\"https:\/\/now-news.de\/de\/#organization\",\"name\":\"Just Now News\",\"url\":\"https:\/\/now-news.de\/de\/\",\"logo\":{\"@type\":\"ImageObject\",\"inLanguage\":\"de\",\"@id\":\"https:\/\/now-news.de\/de\/#\/schema\/logo\/image\/\",\"url\":\"http:\/\/just-now.news\/de\/wp-content\/uploads\/sites\/3\/2022\/04\/logo500x500.jpg\",\"contentUrl\":\"http:\/\/just-now.news\/de\/wp-content\/uploads\/sites\/3\/2022\/04\/logo500x500.jpg\",\"width\":500,\"height\":500,\"caption\":\"Just Now News\"},\"image\":{\"@id\":\"https:\/\/now-news.de\/de\/#\/schema\/logo\/image\/\"},\"sameAs\":[\"https:\/\/www.facebook.com\/wirmachenauf\",\"https:\/\/x.com\/WirMachenAuf_de\"]},{\"@type\":\"Person\",\"@id\":\"https:\/\/now-news.de\/de\/#\/schema\/person\/fb534a4e865501d8b3285208df34a9b5\",\"name\":\"rtnews\",\"image\":{\"@type\":\"ImageObject\",\"inLanguage\":\"de\",\"@id\":\"https:\/\/now-news.de\/de\/#\/schema\/person\/image\/\",\"url\":\"https:\/\/secure.gravatar.com\/avatar\/82aafea7d8127119dd649515f56e2117?s=96&d=mm&r=g\",\"contentUrl\":\"https:\/\/secure.gravatar.com\/avatar\/82aafea7d8127119dd649515f56e2117?s=96&d=mm&r=g\",\"caption\":\"rtnews\"},\"url\":\"https:\/\/now-news.de\/de\/author\/rnews\/\"}]}<\/script>\n<!-- \/ Yoast SEO Premium plugin. -->","yoast_head_json":{"title":"Bundesweite Bauernproteste gegen EU-Klimapl\u00e4ne gestartet: &quot;Lockerungen an den Pl\u00e4nen reichen nicht!&quot; - just-now.NEWS Deutschland","robots":{"index":"index","follow":"follow","max-snippet":"max-snippet:-1","max-image-preview":"max-image-preview:large","max-video-preview":"max-video-preview:-1"},"canonical":"https:\/\/now-news.de\/de\/deutschland\/bundesweite-bauernproteste-gegen-eu-klimaplaene-gestartet-lockerungen-an-den-plaenen-reichen-nicht\/","og_locale":"de_DE","og_type":"article","og_title":"Bundesweite Bauernproteste gegen EU-Klimapl\u00e4ne gestartet: &quot;Lockerungen an den Pl\u00e4nen reichen nicht!&quot;","og_description":"Die EU-Kommission m\u00f6chte im Rahmen ihres sogenannten Green Deals den Einsatz chemischer Pflanzenschutzmittel in Schutzgebieten verbieten. Doch auch au\u00dferhalb dieser soll der Pflanzenschutzmitteleinsatz bis 2030 um bis zu 50 Prozent verringert werden. In den Niederlanden protestieren die Bauern daher seit geraumer Zeit gegen die existenzgef\u00e4hrdende\u00a0EU-Agar- und Umweltpolitik. Doch auch unter den deutschen Landwirten regt sich [&hellip;]","og_url":"https:\/\/now-news.de\/de\/deutschland\/bundesweite-bauernproteste-gegen-eu-klimaplaene-gestartet-lockerungen-an-den-plaenen-reichen-nicht\/","og_site_name":"just-now.NEWS Deutschland","article_publisher":"https:\/\/www.facebook.com\/wirmachenauf","article_published_time":"2022-08-31T16:52:25+00:00","og_image":[{"width":460,"height":259,"url":"https:\/\/now-news.de\/de\/wp-content\/uploads\/sites\/3\/2022\/08\/Bundesweite-Bauernproteste-gegen-EU-Klimaplaene-gestartet-quotLockerungen-an-den-Plaenen-reichen.jpg","type":"image\/jpeg"}],"author":"rtnews","twitter_card":"summary_large_image","twitter_creator":"@WirMachenAuf_de","twitter_site":"@WirMachenAuf_de","twitter_misc":{"Verfasst von":"rtnews","Gesch\u00e4tzte Lesezeit":"4\u00a0Minuten"},"schema":{"@context":"https:\/\/schema.org","@graph":[{"@type":"Article","@id":"https:\/\/now-news.de\/de\/deutschland\/bundesweite-bauernproteste-gegen-eu-klimaplaene-gestartet-lockerungen-an-den-plaenen-reichen-nicht\/#article","isPartOf":{"@id":"https:\/\/now-news.de\/de\/deutschland\/bundesweite-bauernproteste-gegen-eu-klimaplaene-gestartet-lockerungen-an-den-plaenen-reichen-nicht\/"},"author":{"name":"rtnews","@id":"https:\/\/now-news.de\/de\/#\/schema\/person\/fb534a4e865501d8b3285208df34a9b5"},"headline":"Bundesweite Bauernproteste gegen EU-Klimapl\u00e4ne gestartet: &quot;Lockerungen an den Pl\u00e4nen reichen nicht!&quot;","datePublished":"2022-08-31T16:52:25+00:00","dateModified":"2022-08-31T16:52:25+00:00","mainEntityOfPage":{"@id":"https:\/\/now-news.de\/de\/deutschland\/bundesweite-bauernproteste-gegen-eu-klimaplaene-gestartet-lockerungen-an-den-plaenen-reichen-nicht\/"},"wordCount":738,"commentCount":0,"publisher":{"@id":"https:\/\/now-news.de\/de\/#organization"},"image":{"@id":"https:\/\/now-news.de\/de\/deutschland\/bundesweite-bauernproteste-gegen-eu-klimaplaene-gestartet-lockerungen-an-den-plaenen-reichen-nicht\/#primaryimage"},"thumbnailUrl":"https:\/\/now-news.de\/de\/wp-content\/uploads\/sites\/3\/2022\/08\/Bundesweite-Bauernproteste-gegen-EU-Klimaplaene-gestartet-quotLockerungen-an-den-Plaenen-reichen.jpg","keywords":["Bauernproteste","bundesweite","den","EUKlimapl\u00e4ne","gegen","gestartet","nichtquot","planen","quotLockerungen","reichen"],"articleSection":["Deutschland","Russland"],"inLanguage":"de","potentialAction":[{"@type":"CommentAction","name":"Comment","target":["https:\/\/now-news.de\/de\/deutschland\/bundesweite-bauernproteste-gegen-eu-klimaplaene-gestartet-lockerungen-an-den-plaenen-reichen-nicht\/#respond"]}]},{"@type":"WebPage","@id":"https:\/\/now-news.de\/de\/deutschland\/bundesweite-bauernproteste-gegen-eu-klimaplaene-gestartet-lockerungen-an-den-plaenen-reichen-nicht\/","url":"https:\/\/now-news.de\/de\/deutschland\/bundesweite-bauernproteste-gegen-eu-klimaplaene-gestartet-lockerungen-an-den-plaenen-reichen-nicht\/","name":"Bundesweite Bauernproteste gegen EU-Klimapl\u00e4ne gestartet: &quot;Lockerungen an den Pl\u00e4nen reichen nicht!&quot; - just-now.NEWS Deutschland","isPartOf":{"@id":"https:\/\/now-news.de\/de\/#website"},"primaryImageOfPage":{"@id":"https:\/\/now-news.de\/de\/deutschland\/bundesweite-bauernproteste-gegen-eu-klimaplaene-gestartet-lockerungen-an-den-plaenen-reichen-nicht\/#primaryimage"},"image":{"@id":"https:\/\/now-news.de\/de\/deutschland\/bundesweite-bauernproteste-gegen-eu-klimaplaene-gestartet-lockerungen-an-den-plaenen-reichen-nicht\/#primaryimage"},"thumbnailUrl":"https:\/\/now-news.de\/de\/wp-content\/uploads\/sites\/3\/2022\/08\/Bundesweite-Bauernproteste-gegen-EU-Klimaplaene-gestartet-quotLockerungen-an-den-Plaenen-reichen.jpg","datePublished":"2022-08-31T16:52:25+00:00","dateModified":"2022-08-31T16:52:25+00:00","breadcrumb":{"@id":"https:\/\/now-news.de\/de\/deutschland\/bundesweite-bauernproteste-gegen-eu-klimaplaene-gestartet-lockerungen-an-den-plaenen-reichen-nicht\/#breadcrumb"},"inLanguage":"de","potentialAction":[{"@type":"ReadAction","target":["https:\/\/now-news.de\/de\/deutschland\/bundesweite-bauernproteste-gegen-eu-klimaplaene-gestartet-lockerungen-an-den-plaenen-reichen-nicht\/"]}]},{"@type":"ImageObject","inLanguage":"de","@id":"https:\/\/now-news.de\/de\/deutschland\/bundesweite-bauernproteste-gegen-eu-klimaplaene-gestartet-lockerungen-an-den-plaenen-reichen-nicht\/#primaryimage","url":"https:\/\/now-news.de\/de\/wp-content\/uploads\/sites\/3\/2022\/08\/Bundesweite-Bauernproteste-gegen-EU-Klimaplaene-gestartet-quotLockerungen-an-den-Plaenen-reichen.jpg","contentUrl":"https:\/\/now-news.de\/de\/wp-content\/uploads\/sites\/3\/2022\/08\/Bundesweite-Bauernproteste-gegen-EU-Klimaplaene-gestartet-quotLockerungen-an-den-Plaenen-reichen.jpg","width":460,"height":259,"caption":"Bundesweite Bauernproteste gegen EU-Klimapl\u00e4ne gestartet: &quot;Lockerungen an den Pl\u00e4nen reichen nicht!&quot;"},{"@type":"BreadcrumbList","@id":"https:\/\/now-news.de\/de\/deutschland\/bundesweite-bauernproteste-gegen-eu-klimaplaene-gestartet-lockerungen-an-den-plaenen-reichen-nicht\/#breadcrumb","itemListElement":[{"@type":"ListItem","position":1,"name":"Home","item":"https:\/\/now-news.de\/de\/"},{"@type":"ListItem","position":2,"name":"Bundesweite Bauernproteste gegen EU-Klimapl\u00e4ne gestartet: &quot;Lockerungen an den Pl\u00e4nen reichen nicht!&quot;"}]},{"@type":"WebSite","@id":"https:\/\/now-news.de\/de\/#website","url":"https:\/\/now-news.de\/de\/","name":"just-now.NEWS Deutschland","description":"Das Portal f\u00fcr unzensierte Nachrichten aus der Welt","publisher":{"@id":"https:\/\/now-news.de\/de\/#organization"},"potentialAction":[{"@type":"SearchAction","target":{"@type":"EntryPoint","urlTemplate":"https:\/\/now-news.de\/de\/?s={search_term_string}"},"query-input":"required name=search_term_string"}],"inLanguage":"de"},{"@type":"Organization","@id":"https:\/\/now-news.de\/de\/#organization","name":"Just Now News","url":"https:\/\/now-news.de\/de\/","logo":{"@type":"ImageObject","inLanguage":"de","@id":"https:\/\/now-news.de\/de\/#\/schema\/logo\/image\/","url":"http:\/\/just-now.news\/de\/wp-content\/uploads\/sites\/3\/2022\/04\/logo500x500.jpg","contentUrl":"http:\/\/just-now.news\/de\/wp-content\/uploads\/sites\/3\/2022\/04\/logo500x500.jpg","width":500,"height":500,"caption":"Just Now News"},"image":{"@id":"https:\/\/now-news.de\/de\/#\/schema\/logo\/image\/"},"sameAs":["https:\/\/www.facebook.com\/wirmachenauf","https:\/\/x.com\/WirMachenAuf_de"]},{"@type":"Person","@id":"https:\/\/now-news.de\/de\/#\/schema\/person\/fb534a4e865501d8b3285208df34a9b5","name":"rtnews","image":{"@type":"ImageObject","inLanguage":"de","@id":"https:\/\/now-news.de\/de\/#\/schema\/person\/image\/","url":"https:\/\/secure.gravatar.com\/avatar\/82aafea7d8127119dd649515f56e2117?s=96&d=mm&r=g","contentUrl":"https:\/\/secure.gravatar.com\/avatar\/82aafea7d8127119dd649515f56e2117?s=96&d=mm&r=g","caption":"rtnews"},"url":"https:\/\/now-news.de\/de\/author\/rnews\/"}]}},"_links":{"self":[{"href":"https:\/\/now-news.de\/de\/wp-json\/wp\/v2\/posts\/18137"}],"collection":[{"href":"https:\/\/now-news.de\/de\/wp-json\/wp\/v2\/posts"}],"about":[{"href":"https:\/\/now-news.de\/de\/wp-json\/wp\/v2\/types\/post"}],"author":[{"embeddable":true,"href":"https:\/\/now-news.de\/de\/wp-json\/wp\/v2\/users\/3"}],"replies":[{"embeddable":true,"href":"https:\/\/now-news.de\/de\/wp-json\/wp\/v2\/comments?post=18137"}],"version-history":[{"count":0,"href":"https:\/\/now-news.de\/de\/wp-json\/wp\/v2\/posts\/18137\/revisions"}],"wp:featuredmedia":[{"embeddable":true,"href":"https:\/\/now-news.de\/de\/wp-json\/wp\/v2\/media\/18138"}],"wp:attachment":[{"href":"https:\/\/now-news.de\/de\/wp-json\/wp\/v2\/media?parent=18137"}],"wp:term":[{"taxonomy":"category","embeddable":true,"href":"https:\/\/now-news.de\/de\/wp-json\/wp\/v2\/categories?post=18137"},{"taxonomy":"post_tag","embeddable":true,"href":"https:\/\/now-news.de\/de\/wp-json\/wp\/v2\/tags?post=18137"}],"curies":[{"name":"wp","href":"https:\/\/api.w.org\/{rel}","templated":true}]}}