{"id":18099,"date":"2022-08-31T06:30:57","date_gmt":"2022-08-31T04:30:57","guid":{"rendered":"http:\/\/just-now.news\/de\/deutschland\/das-ende-der-zurueckhaltung-ukraine-soll-erstmals-kampfflugzeuge-aus-einem-nato-land-erhalten\/"},"modified":"2022-08-31T06:30:57","modified_gmt":"2022-08-31T04:30:57","slug":"das-ende-der-zurueckhaltung-ukraine-soll-erstmals-kampfflugzeuge-aus-einem-nato-land-erhalten","status":"publish","type":"post","link":"https:\/\/now-news.de\/de\/deutschland\/das-ende-der-zurueckhaltung-ukraine-soll-erstmals-kampfflugzeuge-aus-einem-nato-land-erhalten\/","title":{"rendered":"Das Ende der Zur\u00fcckhaltung? Ukraine soll erstmals Kampfflugzeuge aus einem NATO-Land erhalten"},"content":{"rendered":"<p><img decoding=\"async\" src=\"http:\/\/just-now.news\/de\/wp-content\/uploads\/sites\/3\/2022\/08\/630e666048fbef61725b9630.jpg\" \/><\/p>\n<p>Seit Beginn der russischen Milit\u00e4roperation in der Ukraine hat es in den NATO-L\u00e4ndern immer wieder Pl\u00e4ne gegeben, der Ukraine Kampfflugzeuge sowjetischer oder russischer Bauart zur Verf\u00fcgung zu stellen, die sich noch aus Zeiten des fr\u00fcheren Warschauer Vertrages im Bestand der Luftwaffen ostmitteleurop\u00e4ischer L\u00e4nder befinden. Bislang ist es dazu nicht gekommen, da das Risiko einer milit\u00e4rischen Verwicklung mit der russischen Armee als zu gro\u00df erschien.<\/p>\n<p><strong>Tabubruch<\/strong><\/p>\n<p>Nun hat der ukrainische Abgeordnete Alexej Gontscharenko laut <em>RIA Nowosti<\/em>\u00a0<a rel=\"nofollow noopener\" target=\"_blank\" href=\"https:\/\/ria.ru\/20220830\/mig-29-1813227889.html\">erkl\u00e4rt<\/a>, dass die Slowakei elf MiG-29-Kampfflugzeuge an die Ukraine liefern werde.<\/p>\n<p>&#8220;So verabschiedet sich die Slowakei von ihren K\u00e4mpfern &#8230; Lernen Sie unsere V\u00f6gel kennen! 11 Flugzeuge&#8221;, schrieb der ukrainische Politiker in seinem Telegram-Kanal als Bildunterschrift unter den Videoclip vom \u00dcberflug der Kampfflugzeuge.<\/p>\n<p>Im August hatte der slowakische Verteidigungsminister Jaroslav Nad&#8217; verlauten lassen, dass sich die Slowakei nach der internationalen Luftfahrtausstellung <a rel=\"nofollow noopener\" target=\"_blank\" href=\"https:\/\/www.siaf.sk\/en\/program\/monday\/\">SIAF 2022<\/a> offiziell von ihren vorhandenen MiG-29-Flugzeugen trennen werde. Es wird erwartet, dass nach Abschluss des Ausstellungsprogramms elf slowakische MiG-29 an die Ukraine \u00fcbergeben werden. Mit den Beh\u00f6rden der Nachbarl\u00e4nder Tschechien und Polen sei vereinbart worden, dass deren Kampfflugzeuge den slowakischen Luftraum ab dem 1. September sch\u00fctzen w\u00fcrden, sollten die slowakischen MiG-29 an die Ukraine \u00fcbergeben werden.<\/p>\n<p><strong>Warnungen aus Moskau<\/strong><\/p>\n<p>Russland hatte in der Vergangenheit die NATO-L\u00e4nder wiederholt hinsichtlich der Waffenlieferungen an die Ukraine gewarnt. Der russische Au\u00dfenminister Sergej Lawrow hatte erkl\u00e4rt, dass jede Ladung mit Waffen f\u00fcr die Ukraine zum legitimen Ziel f\u00fcr Russland werde. Das russische Au\u00dfenministerium erkl\u00e4rte, die NATO-L\u00e4nder w\u00fcrden mit Waffenlieferungen an die Ukraine &#8220;mit dem Feuer spielen&#8221;. Der Pressesprecher des russischen Pr\u00e4sidenten Dmitri Peskow wies darauf hin, dass das Vollpumpen der Ukraine mit Waffen aus dem Westen nicht zum Erfolg der russisch-ukrainischen Verhandlungen beitrage und sich negativ auswirken werde.<\/p>\n<p><strong>Mehr zum Thema<\/strong> &#8211; <a rel=\"nofollow noopener\" target=\"_blank\" href=\"https:\/\/pressefreiheit.rtde.tech\/inland\/147505-lafontaine-ampelpolitiker-sind-treue-us\/\">Lafontaine: Die Ampelpolitiker sind treue US-Vasallen<\/a><\/p>\n<p><br \/>\n<br \/><a href=\"https:\/\/de.rt.com\/international\/147558-ende-zuruckhaltung-ukraine-soll-erstmals\/\">Source link <\/a><\/p>\n","protected":false},"excerpt":{"rendered":"<p>Seit Beginn der russischen Milit\u00e4roperation in der Ukraine hat es in den NATO-L\u00e4ndern immer wieder Pl\u00e4ne gegeben, der Ukraine Kampfflugzeuge sowjetischer oder russischer Bauart zur Verf\u00fcgung zu stellen, die sich noch aus Zeiten des fr\u00fcheren Warschauer Vertrages im Bestand der Luftwaffen ostmitteleurop\u00e4ischer L\u00e4nder befinden. Bislang ist es dazu nicht gekommen, da das Risiko einer milit\u00e4rischen [&hellip;]<\/p>\n","protected":false},"author":3,"featured_media":18100,"comment_status":"open","ping_status":"open","sticky":false,"template":"","format":"standard","meta":{"wp_automatic_camp":["217"],"78b6f106fe4509327c59d3662ee5e1e4":["Das Ende der Zur\u00fcckhaltung? Ukraine soll erstmals Kampfflugzeuge aus einem NATO-Land erhalten"],"original_link":["https:\/\/de.rt.com\/international\/147558-ende-zuruckhaltung-ukraine-soll-erstmals\/"],"_thumbnail_id":["18100"],"_wptg_p2tg_sent2tg":["2022-08-31 07:09:35"],"jnews_social_counter_last_update":["1777620844"]},"categories":[19,23],"tags":[679,427,82,352,5375,5243,7182,21683,32024,766,127,23782],"yoast_head":"<!-- This site is optimized with the Yoast SEO Premium plugin v22.7 (Yoast SEO v22.7) - https:\/\/yoast.com\/wordpress\/plugins\/seo\/ -->\n<title>Das Ende der Zur\u00fcckhaltung? Ukraine soll erstmals Kampfflugzeuge aus einem NATO-Land erhalten - just-now.NEWS Deutschland<\/title>\n<meta name=\"robots\" content=\"index, follow, max-snippet:-1, max-image-preview:large, max-video-preview:-1\" \/>\n<link rel=\"canonical\" href=\"https:\/\/now-news.de\/de\/deutschland\/das-ende-der-zurueckhaltung-ukraine-soll-erstmals-kampfflugzeuge-aus-einem-nato-land-erhalten\/\" \/>\n<meta property=\"og:locale\" content=\"de_DE\" \/>\n<meta property=\"og:type\" content=\"article\" \/>\n<meta property=\"og:title\" content=\"Das Ende der Zur\u00fcckhaltung? Ukraine soll erstmals Kampfflugzeuge aus einem NATO-Land erhalten\" \/>\n<meta property=\"og:description\" content=\"Seit Beginn der russischen Milit\u00e4roperation in der Ukraine hat es in den NATO-L\u00e4ndern immer wieder Pl\u00e4ne gegeben, der Ukraine Kampfflugzeuge sowjetischer oder russischer Bauart zur Verf\u00fcgung zu stellen, die sich noch aus Zeiten des fr\u00fcheren Warschauer Vertrages im Bestand der Luftwaffen ostmitteleurop\u00e4ischer L\u00e4nder befinden. Bislang ist es dazu nicht gekommen, da das Risiko einer milit\u00e4rischen [&hellip;]\" \/>\n<meta property=\"og:url\" content=\"https:\/\/now-news.de\/de\/deutschland\/das-ende-der-zurueckhaltung-ukraine-soll-erstmals-kampfflugzeuge-aus-einem-nato-land-erhalten\/\" \/>\n<meta property=\"og:site_name\" content=\"just-now.NEWS Deutschland\" \/>\n<meta property=\"article:publisher\" content=\"https:\/\/www.facebook.com\/wirmachenauf\" \/>\n<meta property=\"article:published_time\" content=\"2022-08-31T04:30:57+00:00\" \/>\n<meta property=\"og:image\" content=\"https:\/\/now-news.de\/de\/wp-content\/uploads\/sites\/3\/2022\/08\/Das-Ende-der-Zurueckhaltung-Ukraine-soll-erstmals-Kampfflugzeuge-aus-einem.jpg\" \/>\n\t<meta property=\"og:image:width\" content=\"460\" \/>\n\t<meta property=\"og:image:height\" content=\"259\" \/>\n\t<meta property=\"og:image:type\" content=\"image\/jpeg\" \/>\n<meta name=\"author\" content=\"rtnews\" \/>\n<meta name=\"twitter:card\" content=\"summary_large_image\" \/>\n<meta name=\"twitter:creator\" content=\"@WirMachenAuf_de\" \/>\n<meta name=\"twitter:site\" content=\"@WirMachenAuf_de\" \/>\n<meta name=\"twitter:label1\" content=\"Verfasst von\" \/>\n\t<meta name=\"twitter:data1\" content=\"rtnews\" \/>\n\t<meta name=\"twitter:label2\" content=\"Gesch\u00e4tzte Lesezeit\" \/>\n\t<meta name=\"twitter:data2\" content=\"2\u00a0Minuten\" \/>\n<script type=\"application\/ld+json\" class=\"yoast-schema-graph\">{\"@context\":\"https:\/\/schema.org\",\"@graph\":[{\"@type\":\"Article\",\"@id\":\"https:\/\/now-news.de\/de\/deutschland\/das-ende-der-zurueckhaltung-ukraine-soll-erstmals-kampfflugzeuge-aus-einem-nato-land-erhalten\/#article\",\"isPartOf\":{\"@id\":\"https:\/\/now-news.de\/de\/deutschland\/das-ende-der-zurueckhaltung-ukraine-soll-erstmals-kampfflugzeuge-aus-einem-nato-land-erhalten\/\"},\"author\":{\"name\":\"rtnews\",\"@id\":\"https:\/\/now-news.de\/de\/#\/schema\/person\/fb534a4e865501d8b3285208df34a9b5\"},\"headline\":\"Das Ende der Zur\u00fcckhaltung? Ukraine soll erstmals Kampfflugzeuge aus einem NATO-Land erhalten\",\"datePublished\":\"2022-08-31T04:30:57+00:00\",\"dateModified\":\"2022-08-31T04:30:57+00:00\",\"mainEntityOfPage\":{\"@id\":\"https:\/\/now-news.de\/de\/deutschland\/das-ende-der-zurueckhaltung-ukraine-soll-erstmals-kampfflugzeuge-aus-einem-nato-land-erhalten\/\"},\"wordCount\":329,\"commentCount\":0,\"publisher\":{\"@id\":\"https:\/\/now-news.de\/de\/#organization\"},\"image\":{\"@id\":\"https:\/\/now-news.de\/de\/deutschland\/das-ende-der-zurueckhaltung-ukraine-soll-erstmals-kampfflugzeuge-aus-einem-nato-land-erhalten\/#primaryimage\"},\"thumbnailUrl\":\"https:\/\/now-news.de\/de\/wp-content\/uploads\/sites\/3\/2022\/08\/Das-Ende-der-Zurueckhaltung-Ukraine-soll-erstmals-Kampfflugzeuge-aus-einem.jpg\",\"keywords\":[\"aus\",\"das\",\"der\",\"einem\",\"Ende\",\"erhalten\",\"Erstmals\",\"Kampfflugzeuge\",\"NATOLand\",\"soll\",\"ukraine\",\"Zur\u00fcckhaltung\"],\"articleSection\":[\"Deutschland\",\"Russland\"],\"inLanguage\":\"de\",\"potentialAction\":[{\"@type\":\"CommentAction\",\"name\":\"Comment\",\"target\":[\"https:\/\/now-news.de\/de\/deutschland\/das-ende-der-zurueckhaltung-ukraine-soll-erstmals-kampfflugzeuge-aus-einem-nato-land-erhalten\/#respond\"]}]},{\"@type\":\"WebPage\",\"@id\":\"https:\/\/now-news.de\/de\/deutschland\/das-ende-der-zurueckhaltung-ukraine-soll-erstmals-kampfflugzeuge-aus-einem-nato-land-erhalten\/\",\"url\":\"https:\/\/now-news.de\/de\/deutschland\/das-ende-der-zurueckhaltung-ukraine-soll-erstmals-kampfflugzeuge-aus-einem-nato-land-erhalten\/\",\"name\":\"Das Ende der Zur\u00fcckhaltung? Ukraine soll erstmals Kampfflugzeuge aus einem NATO-Land erhalten - just-now.NEWS Deutschland\",\"isPartOf\":{\"@id\":\"https:\/\/now-news.de\/de\/#website\"},\"primaryImageOfPage\":{\"@id\":\"https:\/\/now-news.de\/de\/deutschland\/das-ende-der-zurueckhaltung-ukraine-soll-erstmals-kampfflugzeuge-aus-einem-nato-land-erhalten\/#primaryimage\"},\"image\":{\"@id\":\"https:\/\/now-news.de\/de\/deutschland\/das-ende-der-zurueckhaltung-ukraine-soll-erstmals-kampfflugzeuge-aus-einem-nato-land-erhalten\/#primaryimage\"},\"thumbnailUrl\":\"https:\/\/now-news.de\/de\/wp-content\/uploads\/sites\/3\/2022\/08\/Das-Ende-der-Zurueckhaltung-Ukraine-soll-erstmals-Kampfflugzeuge-aus-einem.jpg\",\"datePublished\":\"2022-08-31T04:30:57+00:00\",\"dateModified\":\"2022-08-31T04:30:57+00:00\",\"breadcrumb\":{\"@id\":\"https:\/\/now-news.de\/de\/deutschland\/das-ende-der-zurueckhaltung-ukraine-soll-erstmals-kampfflugzeuge-aus-einem-nato-land-erhalten\/#breadcrumb\"},\"inLanguage\":\"de\",\"potentialAction\":[{\"@type\":\"ReadAction\",\"target\":[\"https:\/\/now-news.de\/de\/deutschland\/das-ende-der-zurueckhaltung-ukraine-soll-erstmals-kampfflugzeuge-aus-einem-nato-land-erhalten\/\"]}]},{\"@type\":\"ImageObject\",\"inLanguage\":\"de\",\"@id\":\"https:\/\/now-news.de\/de\/deutschland\/das-ende-der-zurueckhaltung-ukraine-soll-erstmals-kampfflugzeuge-aus-einem-nato-land-erhalten\/#primaryimage\",\"url\":\"https:\/\/now-news.de\/de\/wp-content\/uploads\/sites\/3\/2022\/08\/Das-Ende-der-Zurueckhaltung-Ukraine-soll-erstmals-Kampfflugzeuge-aus-einem.jpg\",\"contentUrl\":\"https:\/\/now-news.de\/de\/wp-content\/uploads\/sites\/3\/2022\/08\/Das-Ende-der-Zurueckhaltung-Ukraine-soll-erstmals-Kampfflugzeuge-aus-einem.jpg\",\"width\":460,\"height\":259,\"caption\":\"Das Ende der Zur\u00fcckhaltung? Ukraine soll erstmals Kampfflugzeuge aus einem NATO-Land erhalten\"},{\"@type\":\"BreadcrumbList\",\"@id\":\"https:\/\/now-news.de\/de\/deutschland\/das-ende-der-zurueckhaltung-ukraine-soll-erstmals-kampfflugzeuge-aus-einem-nato-land-erhalten\/#breadcrumb\",\"itemListElement\":[{\"@type\":\"ListItem\",\"position\":1,\"name\":\"Home\",\"item\":\"https:\/\/now-news.de\/de\/\"},{\"@type\":\"ListItem\",\"position\":2,\"name\":\"Das Ende der Zur\u00fcckhaltung? Ukraine soll erstmals Kampfflugzeuge aus einem NATO-Land erhalten\"}]},{\"@type\":\"WebSite\",\"@id\":\"https:\/\/now-news.de\/de\/#website\",\"url\":\"https:\/\/now-news.de\/de\/\",\"name\":\"just-now.NEWS Deutschland\",\"description\":\"Das Portal f\u00fcr unzensierte Nachrichten aus der Welt\",\"publisher\":{\"@id\":\"https:\/\/now-news.de\/de\/#organization\"},\"potentialAction\":[{\"@type\":\"SearchAction\",\"target\":{\"@type\":\"EntryPoint\",\"urlTemplate\":\"https:\/\/now-news.de\/de\/?s={search_term_string}\"},\"query-input\":\"required name=search_term_string\"}],\"inLanguage\":\"de\"},{\"@type\":\"Organization\",\"@id\":\"https:\/\/now-news.de\/de\/#organization\",\"name\":\"Just Now News\",\"url\":\"https:\/\/now-news.de\/de\/\",\"logo\":{\"@type\":\"ImageObject\",\"inLanguage\":\"de\",\"@id\":\"https:\/\/now-news.de\/de\/#\/schema\/logo\/image\/\",\"url\":\"http:\/\/just-now.news\/de\/wp-content\/uploads\/sites\/3\/2022\/04\/logo500x500.jpg\",\"contentUrl\":\"http:\/\/just-now.news\/de\/wp-content\/uploads\/sites\/3\/2022\/04\/logo500x500.jpg\",\"width\":500,\"height\":500,\"caption\":\"Just Now News\"},\"image\":{\"@id\":\"https:\/\/now-news.de\/de\/#\/schema\/logo\/image\/\"},\"sameAs\":[\"https:\/\/www.facebook.com\/wirmachenauf\",\"https:\/\/x.com\/WirMachenAuf_de\"]},{\"@type\":\"Person\",\"@id\":\"https:\/\/now-news.de\/de\/#\/schema\/person\/fb534a4e865501d8b3285208df34a9b5\",\"name\":\"rtnews\",\"image\":{\"@type\":\"ImageObject\",\"inLanguage\":\"de\",\"@id\":\"https:\/\/now-news.de\/de\/#\/schema\/person\/image\/\",\"url\":\"https:\/\/secure.gravatar.com\/avatar\/82aafea7d8127119dd649515f56e2117?s=96&d=mm&r=g\",\"contentUrl\":\"https:\/\/secure.gravatar.com\/avatar\/82aafea7d8127119dd649515f56e2117?s=96&d=mm&r=g\",\"caption\":\"rtnews\"},\"url\":\"https:\/\/now-news.de\/de\/author\/rnews\/\"}]}<\/script>\n<!-- \/ Yoast SEO Premium plugin. -->","yoast_head_json":{"title":"Das Ende der Zur\u00fcckhaltung? Ukraine soll erstmals Kampfflugzeuge aus einem NATO-Land erhalten - just-now.NEWS Deutschland","robots":{"index":"index","follow":"follow","max-snippet":"max-snippet:-1","max-image-preview":"max-image-preview:large","max-video-preview":"max-video-preview:-1"},"canonical":"https:\/\/now-news.de\/de\/deutschland\/das-ende-der-zurueckhaltung-ukraine-soll-erstmals-kampfflugzeuge-aus-einem-nato-land-erhalten\/","og_locale":"de_DE","og_type":"article","og_title":"Das Ende der Zur\u00fcckhaltung? Ukraine soll erstmals Kampfflugzeuge aus einem NATO-Land erhalten","og_description":"Seit Beginn der russischen Milit\u00e4roperation in der Ukraine hat es in den NATO-L\u00e4ndern immer wieder Pl\u00e4ne gegeben, der Ukraine Kampfflugzeuge sowjetischer oder russischer Bauart zur Verf\u00fcgung zu stellen, die sich noch aus Zeiten des fr\u00fcheren Warschauer Vertrages im Bestand der Luftwaffen ostmitteleurop\u00e4ischer L\u00e4nder befinden. Bislang ist es dazu nicht gekommen, da das Risiko einer milit\u00e4rischen [&hellip;]","og_url":"https:\/\/now-news.de\/de\/deutschland\/das-ende-der-zurueckhaltung-ukraine-soll-erstmals-kampfflugzeuge-aus-einem-nato-land-erhalten\/","og_site_name":"just-now.NEWS Deutschland","article_publisher":"https:\/\/www.facebook.com\/wirmachenauf","article_published_time":"2022-08-31T04:30:57+00:00","og_image":[{"width":460,"height":259,"url":"https:\/\/now-news.de\/de\/wp-content\/uploads\/sites\/3\/2022\/08\/Das-Ende-der-Zurueckhaltung-Ukraine-soll-erstmals-Kampfflugzeuge-aus-einem.jpg","type":"image\/jpeg"}],"author":"rtnews","twitter_card":"summary_large_image","twitter_creator":"@WirMachenAuf_de","twitter_site":"@WirMachenAuf_de","twitter_misc":{"Verfasst von":"rtnews","Gesch\u00e4tzte Lesezeit":"2\u00a0Minuten"},"schema":{"@context":"https:\/\/schema.org","@graph":[{"@type":"Article","@id":"https:\/\/now-news.de\/de\/deutschland\/das-ende-der-zurueckhaltung-ukraine-soll-erstmals-kampfflugzeuge-aus-einem-nato-land-erhalten\/#article","isPartOf":{"@id":"https:\/\/now-news.de\/de\/deutschland\/das-ende-der-zurueckhaltung-ukraine-soll-erstmals-kampfflugzeuge-aus-einem-nato-land-erhalten\/"},"author":{"name":"rtnews","@id":"https:\/\/now-news.de\/de\/#\/schema\/person\/fb534a4e865501d8b3285208df34a9b5"},"headline":"Das Ende der Zur\u00fcckhaltung? Ukraine soll erstmals Kampfflugzeuge aus einem NATO-Land erhalten","datePublished":"2022-08-31T04:30:57+00:00","dateModified":"2022-08-31T04:30:57+00:00","mainEntityOfPage":{"@id":"https:\/\/now-news.de\/de\/deutschland\/das-ende-der-zurueckhaltung-ukraine-soll-erstmals-kampfflugzeuge-aus-einem-nato-land-erhalten\/"},"wordCount":329,"commentCount":0,"publisher":{"@id":"https:\/\/now-news.de\/de\/#organization"},"image":{"@id":"https:\/\/now-news.de\/de\/deutschland\/das-ende-der-zurueckhaltung-ukraine-soll-erstmals-kampfflugzeuge-aus-einem-nato-land-erhalten\/#primaryimage"},"thumbnailUrl":"https:\/\/now-news.de\/de\/wp-content\/uploads\/sites\/3\/2022\/08\/Das-Ende-der-Zurueckhaltung-Ukraine-soll-erstmals-Kampfflugzeuge-aus-einem.jpg","keywords":["aus","das","der","einem","Ende","erhalten","Erstmals","Kampfflugzeuge","NATOLand","soll","ukraine","Zur\u00fcckhaltung"],"articleSection":["Deutschland","Russland"],"inLanguage":"de","potentialAction":[{"@type":"CommentAction","name":"Comment","target":["https:\/\/now-news.de\/de\/deutschland\/das-ende-der-zurueckhaltung-ukraine-soll-erstmals-kampfflugzeuge-aus-einem-nato-land-erhalten\/#respond"]}]},{"@type":"WebPage","@id":"https:\/\/now-news.de\/de\/deutschland\/das-ende-der-zurueckhaltung-ukraine-soll-erstmals-kampfflugzeuge-aus-einem-nato-land-erhalten\/","url":"https:\/\/now-news.de\/de\/deutschland\/das-ende-der-zurueckhaltung-ukraine-soll-erstmals-kampfflugzeuge-aus-einem-nato-land-erhalten\/","name":"Das Ende der Zur\u00fcckhaltung? Ukraine soll erstmals Kampfflugzeuge aus einem NATO-Land erhalten - just-now.NEWS Deutschland","isPartOf":{"@id":"https:\/\/now-news.de\/de\/#website"},"primaryImageOfPage":{"@id":"https:\/\/now-news.de\/de\/deutschland\/das-ende-der-zurueckhaltung-ukraine-soll-erstmals-kampfflugzeuge-aus-einem-nato-land-erhalten\/#primaryimage"},"image":{"@id":"https:\/\/now-news.de\/de\/deutschland\/das-ende-der-zurueckhaltung-ukraine-soll-erstmals-kampfflugzeuge-aus-einem-nato-land-erhalten\/#primaryimage"},"thumbnailUrl":"https:\/\/now-news.de\/de\/wp-content\/uploads\/sites\/3\/2022\/08\/Das-Ende-der-Zurueckhaltung-Ukraine-soll-erstmals-Kampfflugzeuge-aus-einem.jpg","datePublished":"2022-08-31T04:30:57+00:00","dateModified":"2022-08-31T04:30:57+00:00","breadcrumb":{"@id":"https:\/\/now-news.de\/de\/deutschland\/das-ende-der-zurueckhaltung-ukraine-soll-erstmals-kampfflugzeuge-aus-einem-nato-land-erhalten\/#breadcrumb"},"inLanguage":"de","potentialAction":[{"@type":"ReadAction","target":["https:\/\/now-news.de\/de\/deutschland\/das-ende-der-zurueckhaltung-ukraine-soll-erstmals-kampfflugzeuge-aus-einem-nato-land-erhalten\/"]}]},{"@type":"ImageObject","inLanguage":"de","@id":"https:\/\/now-news.de\/de\/deutschland\/das-ende-der-zurueckhaltung-ukraine-soll-erstmals-kampfflugzeuge-aus-einem-nato-land-erhalten\/#primaryimage","url":"https:\/\/now-news.de\/de\/wp-content\/uploads\/sites\/3\/2022\/08\/Das-Ende-der-Zurueckhaltung-Ukraine-soll-erstmals-Kampfflugzeuge-aus-einem.jpg","contentUrl":"https:\/\/now-news.de\/de\/wp-content\/uploads\/sites\/3\/2022\/08\/Das-Ende-der-Zurueckhaltung-Ukraine-soll-erstmals-Kampfflugzeuge-aus-einem.jpg","width":460,"height":259,"caption":"Das Ende der Zur\u00fcckhaltung? Ukraine soll erstmals Kampfflugzeuge aus einem NATO-Land erhalten"},{"@type":"BreadcrumbList","@id":"https:\/\/now-news.de\/de\/deutschland\/das-ende-der-zurueckhaltung-ukraine-soll-erstmals-kampfflugzeuge-aus-einem-nato-land-erhalten\/#breadcrumb","itemListElement":[{"@type":"ListItem","position":1,"name":"Home","item":"https:\/\/now-news.de\/de\/"},{"@type":"ListItem","position":2,"name":"Das Ende der Zur\u00fcckhaltung? Ukraine soll erstmals Kampfflugzeuge aus einem NATO-Land erhalten"}]},{"@type":"WebSite","@id":"https:\/\/now-news.de\/de\/#website","url":"https:\/\/now-news.de\/de\/","name":"just-now.NEWS Deutschland","description":"Das Portal f\u00fcr unzensierte Nachrichten aus der Welt","publisher":{"@id":"https:\/\/now-news.de\/de\/#organization"},"potentialAction":[{"@type":"SearchAction","target":{"@type":"EntryPoint","urlTemplate":"https:\/\/now-news.de\/de\/?s={search_term_string}"},"query-input":"required name=search_term_string"}],"inLanguage":"de"},{"@type":"Organization","@id":"https:\/\/now-news.de\/de\/#organization","name":"Just Now News","url":"https:\/\/now-news.de\/de\/","logo":{"@type":"ImageObject","inLanguage":"de","@id":"https:\/\/now-news.de\/de\/#\/schema\/logo\/image\/","url":"http:\/\/just-now.news\/de\/wp-content\/uploads\/sites\/3\/2022\/04\/logo500x500.jpg","contentUrl":"http:\/\/just-now.news\/de\/wp-content\/uploads\/sites\/3\/2022\/04\/logo500x500.jpg","width":500,"height":500,"caption":"Just Now News"},"image":{"@id":"https:\/\/now-news.de\/de\/#\/schema\/logo\/image\/"},"sameAs":["https:\/\/www.facebook.com\/wirmachenauf","https:\/\/x.com\/WirMachenAuf_de"]},{"@type":"Person","@id":"https:\/\/now-news.de\/de\/#\/schema\/person\/fb534a4e865501d8b3285208df34a9b5","name":"rtnews","image":{"@type":"ImageObject","inLanguage":"de","@id":"https:\/\/now-news.de\/de\/#\/schema\/person\/image\/","url":"https:\/\/secure.gravatar.com\/avatar\/82aafea7d8127119dd649515f56e2117?s=96&d=mm&r=g","contentUrl":"https:\/\/secure.gravatar.com\/avatar\/82aafea7d8127119dd649515f56e2117?s=96&d=mm&r=g","caption":"rtnews"},"url":"https:\/\/now-news.de\/de\/author\/rnews\/"}]}},"_links":{"self":[{"href":"https:\/\/now-news.de\/de\/wp-json\/wp\/v2\/posts\/18099"}],"collection":[{"href":"https:\/\/now-news.de\/de\/wp-json\/wp\/v2\/posts"}],"about":[{"href":"https:\/\/now-news.de\/de\/wp-json\/wp\/v2\/types\/post"}],"author":[{"embeddable":true,"href":"https:\/\/now-news.de\/de\/wp-json\/wp\/v2\/users\/3"}],"replies":[{"embeddable":true,"href":"https:\/\/now-news.de\/de\/wp-json\/wp\/v2\/comments?post=18099"}],"version-history":[{"count":0,"href":"https:\/\/now-news.de\/de\/wp-json\/wp\/v2\/posts\/18099\/revisions"}],"wp:featuredmedia":[{"embeddable":true,"href":"https:\/\/now-news.de\/de\/wp-json\/wp\/v2\/media\/18100"}],"wp:attachment":[{"href":"https:\/\/now-news.de\/de\/wp-json\/wp\/v2\/media?parent=18099"}],"wp:term":[{"taxonomy":"category","embeddable":true,"href":"https:\/\/now-news.de\/de\/wp-json\/wp\/v2\/categories?post=18099"},{"taxonomy":"post_tag","embeddable":true,"href":"https:\/\/now-news.de\/de\/wp-json\/wp\/v2\/tags?post=18099"}],"curies":[{"name":"wp","href":"https:\/\/api.w.org\/{rel}","templated":true}]}}