{"id":18032,"date":"2022-08-30T12:38:28","date_gmt":"2022-08-30T10:38:28","guid":{"rendered":"http:\/\/just-now.news\/de\/deutschland\/premier-kandidatin-truss-mag-sich-nicht-festlegen-ob-frankreich-freund-oder-feind-ist\/"},"modified":"2022-08-30T12:38:28","modified_gmt":"2022-08-30T10:38:28","slug":"premier-kandidatin-truss-mag-sich-nicht-festlegen-ob-frankreich-freund-oder-feind-ist","status":"publish","type":"post","link":"https:\/\/now-news.de\/de\/deutschland\/premier-kandidatin-truss-mag-sich-nicht-festlegen-ob-frankreich-freund-oder-feind-ist\/","title":{"rendered":"Premier-Kandidatin Truss mag sich nicht festlegen, ob Frankreich &quot;Freund oder Feind&quot; ist"},"content":{"rendered":"<p><img decoding=\"async\" src=\"http:\/\/just-now.news\/de\/wp-content\/uploads\/sites\/3\/2022\/08\/630ddf55b480cc11b70d33ea.jpg\" \/><\/p>\n<div class=\"Text-root Text-type_1 \">\n                Liz Truss, die aussichtsreichste Kandidatin auf die Nachfolge von Premierminister Boris Johnson, leistet sich einen weiteren, verbalen Ausrutscher. Die &#8220;neue Eisernen Lady&#8221; mag sich nicht festlegen, ob Frankreich &#8220;ein Verb\u00fcndeter oder ein Feind&#8221; ist.\n            <\/div>\n<p><\/p>\n<div class=\"Text-root Text-type_5 ArticleView-text ViewText-root \">\n<p>Die britische Kandidatin f\u00fcr das Amt der Premierministerin, Liz Truss, will sich noch nicht festlegen, ob sie den franz\u00f6sischen Pr\u00e4sidenten Emmanuel Macron als Gegner oder Verb\u00fcndeten einstuft. Bei einem Wahlkampfauftritt im englischen Norwich antwortete Truss am Donnerstagabend auf die Frage, ob Macron &#8220;Freund oder Feind&#8221; sei:<\/p>\n<blockquote>\n<p><em>&#8220;Das Urteil steht noch aus.&#8221;<\/em><\/p>\n<\/blockquote>\n<p>Sollte sie Premierministerin werden, werde sie den Franzosen auf Grundlage seiner Taten, nicht seiner Worte, beurteilen. In den Reihen der konservativen Parteibasis erntete die 47-J\u00e4hrige daf\u00fcr Applaus, auf Twitter reagierten allerdings mehrere Kommentatorinnen und Kommentatoren mit Emp\u00f6rung.<\/p>\n<\/p>\n<p><strong>Macron reagiert nur scheinbar gelassen<\/strong><\/p>\n<p>Das britisch-franz\u00f6sische Verh\u00e4ltnis ist seit jeher angespannt, aber seit dem Brexit noch zus\u00e4tzlich belastet. London und Paris streiten unter anderem \u00fcber Migranten, die den \u00c4rmelkanal auf Schlauchbooten \u00fcberqueren, sowie \u00fcber Fischerei-Lizenzen nach dem EU-Austritt der Briten. Macron galt in den Brexit-Verhandlungen als harter Gegenspieler des britischen Premiers Boris Johnson.<\/p>\n<p>Der franz\u00f6sische Pr\u00e4sident\u00a0betonte nach der \u00c4u\u00dferung von Truss seinerseits die feste Freundschaft zwischen beiden L\u00e4ndern: Gro\u00dfbritannien sei ein Freund Frankreichs, da m\u00fcsse er keine Sekunde nachdenken.<\/p>\n<p>Macron\u00a0sagte am Freitag:<\/p>\n<blockquote>\n<p><em>&#8220;Das britische Volk, die Nation, die das Vereinigte K\u00f6nigreich ist, ist ein Freund, stark und verb\u00fcndet, unabh\u00e4ngig von ihren F\u00fchrern und manchmal trotz ihrer F\u00fchrer oder der kleinen Fehler, die diese in Reden auf dem Podium machen.&#8221;<\/em><\/p>\n<\/blockquote>\n<p>Und er erg\u00e4nzte:<\/p>\n<blockquote>\n<p><em>&#8220;Wenn man nicht in der Lage ist,\u00a0unter Franzosen und Briten zu sagen, ob wir Freund oder Feind sind \u2013 der Begriff ist nicht neutral \u2013, dann steuern wir auf ernsthafte Probleme zu.&#8221;<\/em><\/p>\n<\/blockquote>\n<p>Derzeit stimmen die mindestens 160.000 Mitglieder der konservativen Tory-Partei \u00fcber die Nachfolge Johnsons ab. Am 5. September wird verk\u00fcndet, wer in die Downing Street einziehen und das Amt des Regierungschefs \u00fcbernehmen wird. Au\u00dfenministerin Truss gilt Umfragen zufolge als Favoritin, doch auch ihr Konkurrent, Ex-Finanzminister Rishi Sunak, rechnet sich noch Chancen aus.<\/p>\n<p><strong><\/strong><\/p>\n<p><strong>Bereit f\u00fcr Atomwaffeneinsatz<\/strong><\/p>\n<p>Schon vergangene Woche hatte Truss f\u00fcr Aufsehen gesorgt, nachdem sie am 23. August auf einer Wahlkampfveranstaltung im britischen Birmingham erkl\u00e4rt hatte, dass sie sich &#8220;bereit&#8221; f\u00fchle, die britischen Trident-Atomwaffen einzusetzen. Auf die Frage, wie sie sich f\u00fchlen w\u00fcrde, wenn eine solche Entscheidung getroffen werden m\u00fcsste, hatte die Politikerin geantwortet:<\/p>\n<blockquote>\n<p><em>&#8220;Ich denke, das ist eine wichtige Aufgabe des Premierministers. Ich bin bereit, es zu tun.&#8221;<\/em><\/p>\n<\/blockquote>\n<p>Bei Trident handelt es sich um eine Klasse von ballistischen Interkontinentalraketen, die von U-Booten aus eingesetzt werden. Au\u00dfer Gro\u00dfbritannien verf\u00fcgen auch die USA \u00fcber diese Waffen. Auch innenpolitisch geriet Truss unter Druck, nachdem alte Tonaufnahmen\u00a0aus ihrer Zeit als Spitzenvertreterin des Finanzministeriums zwischen 2017 und 2019 aufgetaucht waren.<\/p>\n<p><strong><\/strong><\/p>\n<p><strong>Faule britische Arbeiter?<\/strong><\/p>\n<p>In einer der Zeitung <em>The Guardian<\/em> ver\u00f6ffentlichten Tonaufnahme sagt Truss, den britischen Arbeitern w\u00fcrden &#8220;Fertigkeit und Eifer&#8221; fehlen. &#8220;Die Mentalit\u00e4t und die Einstellung&#8221; der britischen Arbeiter seien mitverantwortlich f\u00fcr die relativ niedrige Produktivit\u00e4t des Landes.<\/p>\n<p>Weiter f\u00fchrt Truss in den Tonaufnahmen aus, dass es ein grundlegendes Problem mit der &#8220;britischen Arbeitskultur&#8221; gebe. Britische Arbeiter m\u00fcssten &#8220;mehr schuften&#8221;. Und weiter:<\/p>\n<blockquote>\n<p><em>&#8220;Wenn Sie nach China gehen, ist das ziemlich anders, das kann ich Ihnen garantieren.&#8221;<\/em><\/p>\n<\/blockquote>\n<p>Aus dem Umfeld der Politikerin hie\u00df es nach der Ver\u00f6ffentlichung der Tonaufnahme, die Bemerkungen seien &#8220;ein halbes Jahrzehnt alt&#8221; und es fehle &#8220;Kontext&#8221;. Au\u00dfer Frage stehe aber, dass Gro\u00dfbritannien seine Produktivit\u00e4t verbessern m\u00fcsse.<\/p>\n<p><strong>Mehr zum Thema<\/strong> \u2013 <a rel=\"nofollow noopener\" target=\"_blank\" href=\"https:\/\/deutsch.rt.com\/europa\/146939-liz-truss-atomwaffen\/\">M\u00f6gliche Nachfolgerin von Boris Johnson: &#8220;Ich bin bereit&#8221;, Atomwaffen einzusetzen<\/a><\/p>\n<\/p>\n<\/div>\n<p><br \/>\n<br \/><a href=\"https:\/\/de.rt.com\/europa\/147488-premier-kandidatin-truss-mag-sich-nicht-festlegen-ob-frankreich-freund-oder-feind-ist\/\">Source link <\/a><\/p>\n","protected":false},"excerpt":{"rendered":"<p>Liz Truss, die aussichtsreichste Kandidatin auf die Nachfolge von Premierminister Boris Johnson, leistet sich einen weiteren, verbalen Ausrutscher. Die &#8220;neue Eisernen Lady&#8221; mag sich nicht festlegen, ob Frankreich &#8220;ein Verb\u00fcndeter oder ein Feind&#8221; ist. Die britische Kandidatin f\u00fcr das Amt der Premierministerin, Liz Truss, will sich noch nicht festlegen, ob sie den franz\u00f6sischen Pr\u00e4sidenten Emmanuel [&hellip;]<\/p>\n","protected":false},"author":3,"featured_media":18033,"comment_status":"open","ping_status":"open","sticky":false,"template":"","format":"standard","meta":{"wp_automatic_camp":["217"],"fdb63273142751b366da57eee3d3e9dc":["Premier-Kandidatin Truss mag sich nicht festlegen, ob Frankreich &quot;Freund oder Feind&quot; ist"],"original_link":["https:\/\/de.rt.com\/europa\/147488-premier-kandidatin-truss-mag-sich-nicht-festlegen-ob-frankreich-freund-oder-feind-ist\/"],"_thumbnail_id":["18033"],"_wptg_p2tg_sent2tg":["2022-08-30 13:24:30"],"jnews_social_counter_last_update":["1777010420"]},"categories":[19,23],"tags":[31961,31959,3320,414,8958,800,268,31958,31960,434,20164],"yoast_head":"<!-- This site is optimized with the Yoast SEO Premium plugin v22.7 (Yoast SEO v22.7) - https:\/\/yoast.com\/wordpress\/plugins\/seo\/ -->\n<title>Premier-Kandidatin Truss mag sich nicht festlegen, ob Frankreich &quot;Freund oder Feind&quot; ist - just-now.NEWS Deutschland<\/title>\n<meta name=\"robots\" content=\"index, follow, max-snippet:-1, max-image-preview:large, max-video-preview:-1\" \/>\n<link rel=\"canonical\" href=\"https:\/\/now-news.de\/de\/deutschland\/premier-kandidatin-truss-mag-sich-nicht-festlegen-ob-frankreich-freund-oder-feind-ist\/\" \/>\n<meta property=\"og:locale\" content=\"de_DE\" \/>\n<meta property=\"og:type\" content=\"article\" \/>\n<meta property=\"og:title\" content=\"Premier-Kandidatin Truss mag sich nicht festlegen, ob Frankreich &quot;Freund oder Feind&quot; ist\" \/>\n<meta property=\"og:description\" content=\"Liz Truss, die aussichtsreichste Kandidatin auf die Nachfolge von Premierminister Boris Johnson, leistet sich einen weiteren, verbalen Ausrutscher. Die &#8220;neue Eisernen Lady&#8221; mag sich nicht festlegen, ob Frankreich &#8220;ein Verb\u00fcndeter oder ein Feind&#8221; ist. Die britische Kandidatin f\u00fcr das Amt der Premierministerin, Liz Truss, will sich noch nicht festlegen, ob sie den franz\u00f6sischen Pr\u00e4sidenten Emmanuel [&hellip;]\" \/>\n<meta property=\"og:url\" content=\"https:\/\/now-news.de\/de\/deutschland\/premier-kandidatin-truss-mag-sich-nicht-festlegen-ob-frankreich-freund-oder-feind-ist\/\" \/>\n<meta property=\"og:site_name\" content=\"just-now.NEWS Deutschland\" \/>\n<meta property=\"article:publisher\" content=\"https:\/\/www.facebook.com\/wirmachenauf\" \/>\n<meta property=\"article:published_time\" content=\"2022-08-30T10:38:28+00:00\" \/>\n<meta property=\"og:image\" content=\"https:\/\/now-news.de\/de\/wp-content\/uploads\/sites\/3\/2022\/08\/Premier-Kandidatin-Truss-mag-sich-nicht-festlegen-ob-Frankreich-quotFreund-oder.jpg\" \/>\n\t<meta property=\"og:image:width\" content=\"460\" \/>\n\t<meta property=\"og:image:height\" content=\"259\" \/>\n\t<meta property=\"og:image:type\" content=\"image\/jpeg\" \/>\n<meta name=\"author\" content=\"rtnews\" \/>\n<meta name=\"twitter:card\" content=\"summary_large_image\" \/>\n<meta name=\"twitter:creator\" content=\"@WirMachenAuf_de\" \/>\n<meta name=\"twitter:site\" content=\"@WirMachenAuf_de\" \/>\n<meta name=\"twitter:label1\" content=\"Verfasst von\" \/>\n\t<meta name=\"twitter:data1\" content=\"rtnews\" \/>\n\t<meta name=\"twitter:label2\" content=\"Gesch\u00e4tzte Lesezeit\" \/>\n\t<meta name=\"twitter:data2\" content=\"3\u00a0Minuten\" \/>\n<script type=\"application\/ld+json\" class=\"yoast-schema-graph\">{\"@context\":\"https:\/\/schema.org\",\"@graph\":[{\"@type\":\"Article\",\"@id\":\"https:\/\/now-news.de\/de\/deutschland\/premier-kandidatin-truss-mag-sich-nicht-festlegen-ob-frankreich-freund-oder-feind-ist\/#article\",\"isPartOf\":{\"@id\":\"https:\/\/now-news.de\/de\/deutschland\/premier-kandidatin-truss-mag-sich-nicht-festlegen-ob-frankreich-freund-oder-feind-ist\/\"},\"author\":{\"name\":\"rtnews\",\"@id\":\"https:\/\/now-news.de\/de\/#\/schema\/person\/fb534a4e865501d8b3285208df34a9b5\"},\"headline\":\"Premier-Kandidatin Truss mag sich nicht festlegen, ob Frankreich &quot;Freund oder Feind&quot; ist\",\"datePublished\":\"2022-08-30T10:38:28+00:00\",\"dateModified\":\"2022-08-30T10:38:28+00:00\",\"mainEntityOfPage\":{\"@id\":\"https:\/\/now-news.de\/de\/deutschland\/premier-kandidatin-truss-mag-sich-nicht-festlegen-ob-frankreich-freund-oder-feind-ist\/\"},\"wordCount\":626,\"commentCount\":0,\"publisher\":{\"@id\":\"https:\/\/now-news.de\/de\/#organization\"},\"image\":{\"@id\":\"https:\/\/now-news.de\/de\/deutschland\/premier-kandidatin-truss-mag-sich-nicht-festlegen-ob-frankreich-freund-oder-feind-ist\/#primaryimage\"},\"thumbnailUrl\":\"https:\/\/now-news.de\/de\/wp-content\/uploads\/sites\/3\/2022\/08\/Premier-Kandidatin-Truss-mag-sich-nicht-festlegen-ob-Frankreich-quotFreund-oder.jpg\",\"keywords\":[\"Feindquot\",\"festlegen\",\"Frankreich\",\"ist\",\"mag\",\"nicht\",\"oder\",\"PremierKandidatin\",\"quotFreund\",\"sich\",\"Truss\"],\"articleSection\":[\"Deutschland\",\"Russland\"],\"inLanguage\":\"de\",\"potentialAction\":[{\"@type\":\"CommentAction\",\"name\":\"Comment\",\"target\":[\"https:\/\/now-news.de\/de\/deutschland\/premier-kandidatin-truss-mag-sich-nicht-festlegen-ob-frankreich-freund-oder-feind-ist\/#respond\"]}]},{\"@type\":\"WebPage\",\"@id\":\"https:\/\/now-news.de\/de\/deutschland\/premier-kandidatin-truss-mag-sich-nicht-festlegen-ob-frankreich-freund-oder-feind-ist\/\",\"url\":\"https:\/\/now-news.de\/de\/deutschland\/premier-kandidatin-truss-mag-sich-nicht-festlegen-ob-frankreich-freund-oder-feind-ist\/\",\"name\":\"Premier-Kandidatin Truss mag sich nicht festlegen, ob Frankreich &quot;Freund oder Feind&quot; ist - just-now.NEWS Deutschland\",\"isPartOf\":{\"@id\":\"https:\/\/now-news.de\/de\/#website\"},\"primaryImageOfPage\":{\"@id\":\"https:\/\/now-news.de\/de\/deutschland\/premier-kandidatin-truss-mag-sich-nicht-festlegen-ob-frankreich-freund-oder-feind-ist\/#primaryimage\"},\"image\":{\"@id\":\"https:\/\/now-news.de\/de\/deutschland\/premier-kandidatin-truss-mag-sich-nicht-festlegen-ob-frankreich-freund-oder-feind-ist\/#primaryimage\"},\"thumbnailUrl\":\"https:\/\/now-news.de\/de\/wp-content\/uploads\/sites\/3\/2022\/08\/Premier-Kandidatin-Truss-mag-sich-nicht-festlegen-ob-Frankreich-quotFreund-oder.jpg\",\"datePublished\":\"2022-08-30T10:38:28+00:00\",\"dateModified\":\"2022-08-30T10:38:28+00:00\",\"breadcrumb\":{\"@id\":\"https:\/\/now-news.de\/de\/deutschland\/premier-kandidatin-truss-mag-sich-nicht-festlegen-ob-frankreich-freund-oder-feind-ist\/#breadcrumb\"},\"inLanguage\":\"de\",\"potentialAction\":[{\"@type\":\"ReadAction\",\"target\":[\"https:\/\/now-news.de\/de\/deutschland\/premier-kandidatin-truss-mag-sich-nicht-festlegen-ob-frankreich-freund-oder-feind-ist\/\"]}]},{\"@type\":\"ImageObject\",\"inLanguage\":\"de\",\"@id\":\"https:\/\/now-news.de\/de\/deutschland\/premier-kandidatin-truss-mag-sich-nicht-festlegen-ob-frankreich-freund-oder-feind-ist\/#primaryimage\",\"url\":\"https:\/\/now-news.de\/de\/wp-content\/uploads\/sites\/3\/2022\/08\/Premier-Kandidatin-Truss-mag-sich-nicht-festlegen-ob-Frankreich-quotFreund-oder.jpg\",\"contentUrl\":\"https:\/\/now-news.de\/de\/wp-content\/uploads\/sites\/3\/2022\/08\/Premier-Kandidatin-Truss-mag-sich-nicht-festlegen-ob-Frankreich-quotFreund-oder.jpg\",\"width\":460,\"height\":259,\"caption\":\"Premier-Kandidatin Truss mag sich nicht festlegen, ob Frankreich &quot;Freund oder Feind&quot; ist\"},{\"@type\":\"BreadcrumbList\",\"@id\":\"https:\/\/now-news.de\/de\/deutschland\/premier-kandidatin-truss-mag-sich-nicht-festlegen-ob-frankreich-freund-oder-feind-ist\/#breadcrumb\",\"itemListElement\":[{\"@type\":\"ListItem\",\"position\":1,\"name\":\"Home\",\"item\":\"https:\/\/now-news.de\/de\/\"},{\"@type\":\"ListItem\",\"position\":2,\"name\":\"Premier-Kandidatin Truss mag sich nicht festlegen, ob Frankreich &quot;Freund oder Feind&quot; ist\"}]},{\"@type\":\"WebSite\",\"@id\":\"https:\/\/now-news.de\/de\/#website\",\"url\":\"https:\/\/now-news.de\/de\/\",\"name\":\"just-now.NEWS Deutschland\",\"description\":\"Das Portal f\u00fcr unzensierte Nachrichten aus der Welt\",\"publisher\":{\"@id\":\"https:\/\/now-news.de\/de\/#organization\"},\"potentialAction\":[{\"@type\":\"SearchAction\",\"target\":{\"@type\":\"EntryPoint\",\"urlTemplate\":\"https:\/\/now-news.de\/de\/?s={search_term_string}\"},\"query-input\":\"required name=search_term_string\"}],\"inLanguage\":\"de\"},{\"@type\":\"Organization\",\"@id\":\"https:\/\/now-news.de\/de\/#organization\",\"name\":\"Just Now News\",\"url\":\"https:\/\/now-news.de\/de\/\",\"logo\":{\"@type\":\"ImageObject\",\"inLanguage\":\"de\",\"@id\":\"https:\/\/now-news.de\/de\/#\/schema\/logo\/image\/\",\"url\":\"http:\/\/just-now.news\/de\/wp-content\/uploads\/sites\/3\/2022\/04\/logo500x500.jpg\",\"contentUrl\":\"http:\/\/just-now.news\/de\/wp-content\/uploads\/sites\/3\/2022\/04\/logo500x500.jpg\",\"width\":500,\"height\":500,\"caption\":\"Just Now News\"},\"image\":{\"@id\":\"https:\/\/now-news.de\/de\/#\/schema\/logo\/image\/\"},\"sameAs\":[\"https:\/\/www.facebook.com\/wirmachenauf\",\"https:\/\/x.com\/WirMachenAuf_de\"]},{\"@type\":\"Person\",\"@id\":\"https:\/\/now-news.de\/de\/#\/schema\/person\/fb534a4e865501d8b3285208df34a9b5\",\"name\":\"rtnews\",\"image\":{\"@type\":\"ImageObject\",\"inLanguage\":\"de\",\"@id\":\"https:\/\/now-news.de\/de\/#\/schema\/person\/image\/\",\"url\":\"https:\/\/secure.gravatar.com\/avatar\/82aafea7d8127119dd649515f56e2117?s=96&d=mm&r=g\",\"contentUrl\":\"https:\/\/secure.gravatar.com\/avatar\/82aafea7d8127119dd649515f56e2117?s=96&d=mm&r=g\",\"caption\":\"rtnews\"},\"url\":\"https:\/\/now-news.de\/de\/author\/rnews\/\"}]}<\/script>\n<!-- \/ Yoast SEO Premium plugin. -->","yoast_head_json":{"title":"Premier-Kandidatin Truss mag sich nicht festlegen, ob Frankreich &quot;Freund oder Feind&quot; ist - just-now.NEWS Deutschland","robots":{"index":"index","follow":"follow","max-snippet":"max-snippet:-1","max-image-preview":"max-image-preview:large","max-video-preview":"max-video-preview:-1"},"canonical":"https:\/\/now-news.de\/de\/deutschland\/premier-kandidatin-truss-mag-sich-nicht-festlegen-ob-frankreich-freund-oder-feind-ist\/","og_locale":"de_DE","og_type":"article","og_title":"Premier-Kandidatin Truss mag sich nicht festlegen, ob Frankreich &quot;Freund oder Feind&quot; ist","og_description":"Liz Truss, die aussichtsreichste Kandidatin auf die Nachfolge von Premierminister Boris Johnson, leistet sich einen weiteren, verbalen Ausrutscher. Die &#8220;neue Eisernen Lady&#8221; mag sich nicht festlegen, ob Frankreich &#8220;ein Verb\u00fcndeter oder ein Feind&#8221; ist. Die britische Kandidatin f\u00fcr das Amt der Premierministerin, Liz Truss, will sich noch nicht festlegen, ob sie den franz\u00f6sischen Pr\u00e4sidenten Emmanuel [&hellip;]","og_url":"https:\/\/now-news.de\/de\/deutschland\/premier-kandidatin-truss-mag-sich-nicht-festlegen-ob-frankreich-freund-oder-feind-ist\/","og_site_name":"just-now.NEWS Deutschland","article_publisher":"https:\/\/www.facebook.com\/wirmachenauf","article_published_time":"2022-08-30T10:38:28+00:00","og_image":[{"width":460,"height":259,"url":"https:\/\/now-news.de\/de\/wp-content\/uploads\/sites\/3\/2022\/08\/Premier-Kandidatin-Truss-mag-sich-nicht-festlegen-ob-Frankreich-quotFreund-oder.jpg","type":"image\/jpeg"}],"author":"rtnews","twitter_card":"summary_large_image","twitter_creator":"@WirMachenAuf_de","twitter_site":"@WirMachenAuf_de","twitter_misc":{"Verfasst von":"rtnews","Gesch\u00e4tzte Lesezeit":"3\u00a0Minuten"},"schema":{"@context":"https:\/\/schema.org","@graph":[{"@type":"Article","@id":"https:\/\/now-news.de\/de\/deutschland\/premier-kandidatin-truss-mag-sich-nicht-festlegen-ob-frankreich-freund-oder-feind-ist\/#article","isPartOf":{"@id":"https:\/\/now-news.de\/de\/deutschland\/premier-kandidatin-truss-mag-sich-nicht-festlegen-ob-frankreich-freund-oder-feind-ist\/"},"author":{"name":"rtnews","@id":"https:\/\/now-news.de\/de\/#\/schema\/person\/fb534a4e865501d8b3285208df34a9b5"},"headline":"Premier-Kandidatin Truss mag sich nicht festlegen, ob Frankreich &quot;Freund oder Feind&quot; ist","datePublished":"2022-08-30T10:38:28+00:00","dateModified":"2022-08-30T10:38:28+00:00","mainEntityOfPage":{"@id":"https:\/\/now-news.de\/de\/deutschland\/premier-kandidatin-truss-mag-sich-nicht-festlegen-ob-frankreich-freund-oder-feind-ist\/"},"wordCount":626,"commentCount":0,"publisher":{"@id":"https:\/\/now-news.de\/de\/#organization"},"image":{"@id":"https:\/\/now-news.de\/de\/deutschland\/premier-kandidatin-truss-mag-sich-nicht-festlegen-ob-frankreich-freund-oder-feind-ist\/#primaryimage"},"thumbnailUrl":"https:\/\/now-news.de\/de\/wp-content\/uploads\/sites\/3\/2022\/08\/Premier-Kandidatin-Truss-mag-sich-nicht-festlegen-ob-Frankreich-quotFreund-oder.jpg","keywords":["Feindquot","festlegen","Frankreich","ist","mag","nicht","oder","PremierKandidatin","quotFreund","sich","Truss"],"articleSection":["Deutschland","Russland"],"inLanguage":"de","potentialAction":[{"@type":"CommentAction","name":"Comment","target":["https:\/\/now-news.de\/de\/deutschland\/premier-kandidatin-truss-mag-sich-nicht-festlegen-ob-frankreich-freund-oder-feind-ist\/#respond"]}]},{"@type":"WebPage","@id":"https:\/\/now-news.de\/de\/deutschland\/premier-kandidatin-truss-mag-sich-nicht-festlegen-ob-frankreich-freund-oder-feind-ist\/","url":"https:\/\/now-news.de\/de\/deutschland\/premier-kandidatin-truss-mag-sich-nicht-festlegen-ob-frankreich-freund-oder-feind-ist\/","name":"Premier-Kandidatin Truss mag sich nicht festlegen, ob Frankreich &quot;Freund oder Feind&quot; ist - just-now.NEWS Deutschland","isPartOf":{"@id":"https:\/\/now-news.de\/de\/#website"},"primaryImageOfPage":{"@id":"https:\/\/now-news.de\/de\/deutschland\/premier-kandidatin-truss-mag-sich-nicht-festlegen-ob-frankreich-freund-oder-feind-ist\/#primaryimage"},"image":{"@id":"https:\/\/now-news.de\/de\/deutschland\/premier-kandidatin-truss-mag-sich-nicht-festlegen-ob-frankreich-freund-oder-feind-ist\/#primaryimage"},"thumbnailUrl":"https:\/\/now-news.de\/de\/wp-content\/uploads\/sites\/3\/2022\/08\/Premier-Kandidatin-Truss-mag-sich-nicht-festlegen-ob-Frankreich-quotFreund-oder.jpg","datePublished":"2022-08-30T10:38:28+00:00","dateModified":"2022-08-30T10:38:28+00:00","breadcrumb":{"@id":"https:\/\/now-news.de\/de\/deutschland\/premier-kandidatin-truss-mag-sich-nicht-festlegen-ob-frankreich-freund-oder-feind-ist\/#breadcrumb"},"inLanguage":"de","potentialAction":[{"@type":"ReadAction","target":["https:\/\/now-news.de\/de\/deutschland\/premier-kandidatin-truss-mag-sich-nicht-festlegen-ob-frankreich-freund-oder-feind-ist\/"]}]},{"@type":"ImageObject","inLanguage":"de","@id":"https:\/\/now-news.de\/de\/deutschland\/premier-kandidatin-truss-mag-sich-nicht-festlegen-ob-frankreich-freund-oder-feind-ist\/#primaryimage","url":"https:\/\/now-news.de\/de\/wp-content\/uploads\/sites\/3\/2022\/08\/Premier-Kandidatin-Truss-mag-sich-nicht-festlegen-ob-Frankreich-quotFreund-oder.jpg","contentUrl":"https:\/\/now-news.de\/de\/wp-content\/uploads\/sites\/3\/2022\/08\/Premier-Kandidatin-Truss-mag-sich-nicht-festlegen-ob-Frankreich-quotFreund-oder.jpg","width":460,"height":259,"caption":"Premier-Kandidatin Truss mag sich nicht festlegen, ob Frankreich &quot;Freund oder Feind&quot; ist"},{"@type":"BreadcrumbList","@id":"https:\/\/now-news.de\/de\/deutschland\/premier-kandidatin-truss-mag-sich-nicht-festlegen-ob-frankreich-freund-oder-feind-ist\/#breadcrumb","itemListElement":[{"@type":"ListItem","position":1,"name":"Home","item":"https:\/\/now-news.de\/de\/"},{"@type":"ListItem","position":2,"name":"Premier-Kandidatin Truss mag sich nicht festlegen, ob Frankreich &quot;Freund oder Feind&quot; ist"}]},{"@type":"WebSite","@id":"https:\/\/now-news.de\/de\/#website","url":"https:\/\/now-news.de\/de\/","name":"just-now.NEWS Deutschland","description":"Das Portal f\u00fcr unzensierte Nachrichten aus der Welt","publisher":{"@id":"https:\/\/now-news.de\/de\/#organization"},"potentialAction":[{"@type":"SearchAction","target":{"@type":"EntryPoint","urlTemplate":"https:\/\/now-news.de\/de\/?s={search_term_string}"},"query-input":"required name=search_term_string"}],"inLanguage":"de"},{"@type":"Organization","@id":"https:\/\/now-news.de\/de\/#organization","name":"Just Now News","url":"https:\/\/now-news.de\/de\/","logo":{"@type":"ImageObject","inLanguage":"de","@id":"https:\/\/now-news.de\/de\/#\/schema\/logo\/image\/","url":"http:\/\/just-now.news\/de\/wp-content\/uploads\/sites\/3\/2022\/04\/logo500x500.jpg","contentUrl":"http:\/\/just-now.news\/de\/wp-content\/uploads\/sites\/3\/2022\/04\/logo500x500.jpg","width":500,"height":500,"caption":"Just Now News"},"image":{"@id":"https:\/\/now-news.de\/de\/#\/schema\/logo\/image\/"},"sameAs":["https:\/\/www.facebook.com\/wirmachenauf","https:\/\/x.com\/WirMachenAuf_de"]},{"@type":"Person","@id":"https:\/\/now-news.de\/de\/#\/schema\/person\/fb534a4e865501d8b3285208df34a9b5","name":"rtnews","image":{"@type":"ImageObject","inLanguage":"de","@id":"https:\/\/now-news.de\/de\/#\/schema\/person\/image\/","url":"https:\/\/secure.gravatar.com\/avatar\/82aafea7d8127119dd649515f56e2117?s=96&d=mm&r=g","contentUrl":"https:\/\/secure.gravatar.com\/avatar\/82aafea7d8127119dd649515f56e2117?s=96&d=mm&r=g","caption":"rtnews"},"url":"https:\/\/now-news.de\/de\/author\/rnews\/"}]}},"_links":{"self":[{"href":"https:\/\/now-news.de\/de\/wp-json\/wp\/v2\/posts\/18032"}],"collection":[{"href":"https:\/\/now-news.de\/de\/wp-json\/wp\/v2\/posts"}],"about":[{"href":"https:\/\/now-news.de\/de\/wp-json\/wp\/v2\/types\/post"}],"author":[{"embeddable":true,"href":"https:\/\/now-news.de\/de\/wp-json\/wp\/v2\/users\/3"}],"replies":[{"embeddable":true,"href":"https:\/\/now-news.de\/de\/wp-json\/wp\/v2\/comments?post=18032"}],"version-history":[{"count":0,"href":"https:\/\/now-news.de\/de\/wp-json\/wp\/v2\/posts\/18032\/revisions"}],"wp:featuredmedia":[{"embeddable":true,"href":"https:\/\/now-news.de\/de\/wp-json\/wp\/v2\/media\/18033"}],"wp:attachment":[{"href":"https:\/\/now-news.de\/de\/wp-json\/wp\/v2\/media?parent=18032"}],"wp:term":[{"taxonomy":"category","embeddable":true,"href":"https:\/\/now-news.de\/de\/wp-json\/wp\/v2\/categories?post=18032"},{"taxonomy":"post_tag","embeddable":true,"href":"https:\/\/now-news.de\/de\/wp-json\/wp\/v2\/tags?post=18032"}],"curies":[{"name":"wp","href":"https:\/\/api.w.org\/{rel}","templated":true}]}}