{"id":18020,"date":"2022-08-30T10:59:32","date_gmt":"2022-08-30T08:59:32","guid":{"rendered":"http:\/\/just-now.news\/de\/deutschland\/da-stimmt-was-nicht-berliner-feuerwehrleute-berichten-von-impfdruck-und-klima-der-angst\/"},"modified":"2022-08-30T10:59:32","modified_gmt":"2022-08-30T08:59:32","slug":"da-stimmt-was-nicht-berliner-feuerwehrleute-berichten-von-impfdruck-und-klima-der-angst","status":"publish","type":"post","link":"https:\/\/now-news.de\/de\/deutschland\/da-stimmt-was-nicht-berliner-feuerwehrleute-berichten-von-impfdruck-und-klima-der-angst\/","title":{"rendered":"&quot;Da stimmt was nicht&quot; \u2013 Berliner Feuerwehrleute berichten von Impfdruck und Klima der Angst"},"content":{"rendered":"<p><img decoding=\"async\" src=\"http:\/\/just-now.news\/de\/wp-content\/uploads\/sites\/3\/2022\/08\/630daa8f48fbef4ee02c4fce.jpg\" \/><\/p>\n<div class=\"Text-root Text-type_1 \">\n                In einem Videointerview mit zwei anonymisierten Feuerwehrm\u00e4nnern beschreiben die langj\u00e4hrigen Angestellten ihren aufzehrenden Alltag in der Coronakrise. Sie kritisieren den berufsbedingten Impfdruck und berichten \u00fcber Erfahrungen mit Impfnebenwirkungen bei Eins\u00e4tzen \u2013  um festzustellen: &#8220;Da stimmt was nicht.&#8221;\n            <\/div>\n<p><\/p>\n<div class=\"Text-root Text-type_5 ArticleView-text ViewText-root \">\n<p>Eine im Juli kursierende interne Wut-Mail eines Mitglieds\u00a0der Berliner Feuerwehr sorgte f\u00fcr Unruhe in der F\u00fchrung des Unternehmens. Gegenstand\u00a0waren\u00a0die einrichtungsbezogene Impfpflicht, die Arbeits\u00fcberlastung und die Angst vor beruflichen Konsequenzen, bei entsprechender Kritik an den internen Vorgaben zum Thema Impfung. Nun sorgt die Ver\u00f6ffentlichung eines Videointerviews mit zwei langj\u00e4hrigen Angestellten erneut f\u00fcr schlechte Stimmung in der F\u00fchrungsebene der\u00a0Feuerwehr Berlin.<\/p>\n<p>In dem Interview sitzen zwei M\u00e4nner augenscheinlich in den R\u00e4umlichkeiten einer Wache. Ob sie miteinander oder separat interviewt wurden, ist nicht ersichtlich. Die Gesichter sind jeweils verpixelt\u00a0\u2013 aufgrund\u00a0ihrer Sorge, erkannt zu werden. Das Video beginnt mit einer Einblendung und dem ersten Statement des Feuerwehr-Angestellten:<\/p>\n<blockquote>\n<p><em>&#8220;Warum schweigen die Retter? Wir werden bedroht den Job zu verlieren, deshalb sitze ich hier maskiert.&#8221;<\/em><\/p>\n<\/blockquote>\n<p>Beide M\u00e4nner geben zu Beginn an, jeweils schon l\u00e4nger als zehn Jahre bei der Feuerwehr Berlin zu arbeiten, wobei es neben dem Dienst im L\u00f6schwesen auch zu Eins\u00e4tzen im Rettungsdienst komme. Der Beginn der Coronakrise habe sich f\u00fcr ihren Berufszweig wie folgt dargestellt:<\/p>\n<blockquote>\n<p><em>&#8220;Am Anfang hie\u00df es: Corona kommt aus China, es ist gef\u00e4hrlich. Leute sterben. Wir fahren Leichen mit LKWs in die Pathologie, von Krankenh\u00e4usern weg&#8230;&#8221;<\/em><\/p>\n<\/blockquote>\n<p>Aus Respekt habe man sich &#8220;komplett mit Schutzausr\u00fcstung angezogen, na klar&#8221;, so die Darlegungen. Es habe die Sorge bestanden: &#8220;Was passiert, wenn ich es kriege?&#8221;, diese Bef\u00fcrchtungen h\u00e4tten sich jedoch ge\u00e4ndert in der Wahrnehmung. Es habe sich<\/p>\n<blockquote>\n<p><em>&#8220;&#8230; aber herauskristallisiert, dass dieses Virus nicht so t\u00f6dlich ist, wie es uns verkauft wird.&#8221;<\/em><\/p>\n<\/blockquote>\n<p>Nachdem das\u00a0Interview auf <em>YouTube<\/em> ver\u00f6ffentlicht war, wurde es nur kurze Zeit sp\u00e4ter <a rel=\"nofollow noopener\" target=\"_blank\" href=\"https:\/\/www.youtube.com\/watch?v=pNXtbNkX-as\">entfernt<\/a>, weil es vermeintlich &#8220;gegen die Community-Richtlinien&#8221; versto\u00dfen haben soll. Es ist jedoch weiterhin auf dem Portal <em>Odysee<\/em>\u00a0<a rel=\"nofollow noopener\" target=\"_blank\" href=\"https:\/\/odysee.com\/@paulbrandenburg:8\/berliner-feuerwehr-warum-schweigen-die:c?r=AhEATUfo8PywTksr6nihezmnhnfXcPcK\">vorzufinden<\/a>. Einer der beiden Feuerwehrm\u00e4nner weist darauf hin, die medial in den Vordergrund ger\u00fcckten Intensivstationen seien &#8220;bereits vorher \u00fcberlastet gewesen, und sind es immer noch.&#8221; Und diese Realit\u00e4t betraf\u00a0gleicherma\u00dfen\u00a0die Pflegesituation. Der Feuerwehrmann bemerkte diesbez\u00fcglich:<\/p>\n<blockquote>\n<p><em>&#8220;Und niemand h\u00f6rt uns zu! Und die Pflege war \u00fcberlastet und sie ist es immer noch. Ein Applaus hat niemandem geholfen.&#8221;<\/em><\/p>\n<\/blockquote>\n<p>Durch den unmittelbaren Kontakt mit Corona-Patienten bei Notverlegungen, habe der eine Feuerwehrmann f\u00fcr sich schnell erkannt, &#8220;dass es dann doch nicht so ansteckend ist.&#8221;\u00a0Dennoch sei &#8220;Druck aufgebaut&#8221; worden<\/p>\n<blockquote>\n<p><em>&#8220;&#8230; auf unsere Kollegen, oder auf mich, einmal mit der Angst vor dieser Krankheit, dass man sterben k\u00f6nnte. Nat\u00fcrlich wurde erwartet, dass man weiterhin seinen Dienst macht.&#8221;<\/em><\/p>\n<\/blockquote>\n<p>Die erweiterte Belastung\u00a0sei durch die schriftliche Information des Landesbranddirektors im Dezember 2021 erfolgt, durch die verordnete Regelung der einrichtungsbezogenen Impfpflicht f\u00fcr alle Feuerwehrangestellten:<\/p>\n<blockquote>\n<p><em>&#8220;Dass alle Kollegen sich impfen zu lassen haben, (&#8230;) zwei Impfungen bis zum Februar 2022 (&#8230;) Wer das nicht macht, sollte dann eben nicht mehr auf die Dienststelle d\u00fcrfen.&#8221;<\/em><\/p>\n<\/blockquote>\n<p>Daraus entwickelte sich die &#8220;Angst der Kollegen, den Job zu verlieren.&#8221; Einer der beiden Interviewten ist demnach weiterhin ungeimpft, und er stellt klar:<\/p>\n<blockquote>\n<p><em>&#8220;Und wenn sie mich am Ende rauswerfen, dann kann ich wenigstens sagen: Mit meinem Gewissen habe ich es vereinbaren k\u00f6nnen.&#8221;<\/em><\/p>\n<\/blockquote>\n<p>Zum Thema Impfnebenwirkungen wird von einem Einsatz berichtet, wo ein \u00e4lterer Herr beim Krankentransport erz\u00e4hlte, er sei\u00a0vierfach geimpft, aber &#8220;es gehe ihm mit jeder Impfung schlechter.&#8221; Der Kollege erg\u00e4nzte zu diesem Thema:<\/p>\n<blockquote>\n<p><em>&#8220;Das mit den Nebenwirkungen ist eine schwierige Sache, weil man eben nicht erf\u00e4hrt, was im Krankenhaus herausgekommen ist, und im Krankenhaus wird ja nicht nachgeforscht. Man will&#8217;s ja auch gar nicht wissen, weil die Zahlen, die w\u00fcrden ja pl\u00f6tzlich eine ganz andere Sprache sprechen.&#8221;<\/em><\/p>\n<\/blockquote>\n<p>Nach sich mehrenden Eins\u00e4tzen mit \u00e4hnlichen Erfahrungen &#8220;kann man nur auf sein Bauchgef\u00fchl h\u00f6ren&#8221;, dann w\u00e4re es ab einem bestimmten Punkt &#8220;schwierig zu sagen,<\/p>\n<blockquote>\n<p><em>&#8220;&#8230; sind es Impfnebenwirkungen? Ist es eine Vorerkrankung? Oder ist es einfach ein pl\u00f6tzlich auftretendes Ereignis?&#8221;<\/em><\/p>\n<\/blockquote>\n<p>Da w\u00fcrden &#8220;die Alarmglocken angehen&#8221;,\u00a0bis man am Ende feststelle:<\/p>\n<blockquote>\n<p><em> &#8220;Da stimmt etwas nicht.&#8221;<\/em><\/p>\n<\/blockquote>\n<p>Beispielsweise\u00a0wird der Fall eines jungen und sportlichen Mannes geschildert, der \u00fcber starke Brust- und Bauchschmerzen klagte. Im Rahmen der Routinebefragung wurde nachgehakt, ob eventuell Drogen im Spiel seien. Das EKG zeigte dementsprechende Auff\u00e4lligkeiten. Der Mann verneinte emp\u00f6rt, um von sich aus, ohne\u00a0vorherige Thematisierung der anwesenden Sanit\u00e4ter, den Hinweis zu geben:<\/p>\n<blockquote>\n<p><em>&#8220;Es f\u00fchlt sich an wie nach der zweiten Impfung.&#8221;<\/em><\/p>\n<\/blockquote>\n<p>Noch am\u00a0selben Tag sah sich die Leitung der Berliner Feuerwehr gezwungen, eine Stellungnahme zu dem Videointerview\u00a0<a rel=\"nofollow noopener\" target=\"_blank\" href=\"https:\/\/www.berliner-feuerwehr.de\/aktuelles\/presseinformationen\/berliner-feuerwehr-distanziert-sich-von-video-4090\/\">abzugeben<\/a>.\u00a0In der Mitteilung hei\u00dft es, dass &#8220;nicht akzeptable Aussagen zur Corona-Pandemie und teilweise auch politische Botschaften&#8221; in dem Interview get\u00e4tigt worden seien. Es wird klargestellt:<\/p>\n<blockquote>\n<p><em>&#8220;Die Berliner Feuerwehr distanziert sich ausdr\u00fccklich von allen Inhalten des Videos und den darin get\u00e4tigten \u00c4u\u00dferungen und Darstellungen.&#8221;<\/em><\/p>\n<\/blockquote>\n<p>Weiter hei\u00dft es, dass &#8220;nach Bekanntwerden des Videos die Berliner Feuerwehr eine Bewertung der Aufnahme veranlasst&#8221; habe.\u00a0Alle weiteren Ma\u00dfnahmen w\u00fcrden &#8220;derzeit in der zust\u00e4ndigen Fachabteilung gepr\u00fcft.&#8221; Weitere Schritte w\u00fcrden zudem &#8220;selbstverst\u00e4ndlich eingeleitet, sofern diese geboten sind.&#8221;<\/p>\n<p>Zum Ende des Interviews erfolgt dann\u00a0die Aufforderung seitens eines der Feuerwehrm\u00e4nner:<\/p>\n<blockquote>\n<p><em>&#8220;Was ich mir von den Kollegen w\u00fcnschen w\u00fcrde: Dass sie sich endlich trauen, dass sie den Mund aufmachen.&#8221;<\/em><\/p>\n<\/blockquote>\n<p><strong>Mehr zum Thema &#8211;<\/strong>\u00a0<a rel=\"nofollow noopener\" target=\"_blank\" href=\"https:\/\/pressefreiheit.rtde.tech\/inland\/146968-altenpflegerin-nach-lauterbach-besuch-entsetzt\/\">Altenpflegerin nach Lauterbach-Besuch entsetzt: &#8220;Pure Publicity f\u00fcr Medien und Presse&#8221;<\/a><\/p>\n<\/p>\n<\/p>\n<\/p>\n<\/div>\n<p><br \/>\n<br \/><a href=\"https:\/\/de.rt.com\/inland\/147458-berliner-feuerwehrmanner-berichten-anonym-von\/\">Source link <\/a><\/p>\n","protected":false},"excerpt":{"rendered":"<p>In einem Videointerview mit zwei anonymisierten Feuerwehrm\u00e4nnern beschreiben die langj\u00e4hrigen Angestellten ihren aufzehrenden Alltag in der Coronakrise. Sie kritisieren den berufsbedingten Impfdruck und berichten \u00fcber Erfahrungen mit Impfnebenwirkungen bei Eins\u00e4tzen \u2013 um festzustellen: &#8220;Da stimmt was nicht.&#8221; Eine im Juli kursierende interne Wut-Mail eines Mitglieds\u00a0der Berliner Feuerwehr sorgte f\u00fcr Unruhe in der F\u00fchrung des Unternehmens. [&hellip;]<\/p>\n","protected":false},"author":3,"featured_media":18021,"comment_status":"open","ping_status":"open","sticky":false,"template":"","format":"standard","meta":{"wp_automatic_camp":["217"],"1e290412c9c40e2976977e88a6d020fb":["&quot;Da stimmt was nicht&quot; \u2013 Berliner Feuerwehrleute berichten von Impfdruck und Klima der Angst"],"original_link":["https:\/\/de.rt.com\/inland\/147458-berliner-feuerwehrmanner-berichten-anonym-von\/"],"_thumbnail_id":["18021"],"_wptg_p2tg_sent2tg":["2022-08-30 11:16:55"],"jnews_social_counter_last_update":["1777457172"]},"categories":[19,23],"tags":[6178,10522,9101,82,16338,31951,2642,19434,31950,12453,140,50],"yoast_head":"<!-- This site is optimized with the Yoast SEO Premium plugin v22.7 (Yoast SEO v22.7) - https:\/\/yoast.com\/wordpress\/plugins\/seo\/ -->\n<title>&quot;Da stimmt was nicht&quot; \u2013 Berliner Feuerwehrleute berichten von Impfdruck und Klima der Angst - just-now.NEWS Deutschland<\/title>\n<meta name=\"robots\" content=\"index, follow, max-snippet:-1, max-image-preview:large, max-video-preview:-1\" \/>\n<link rel=\"canonical\" href=\"https:\/\/now-news.de\/de\/deutschland\/da-stimmt-was-nicht-berliner-feuerwehrleute-berichten-von-impfdruck-und-klima-der-angst\/\" \/>\n<meta property=\"og:locale\" content=\"de_DE\" \/>\n<meta property=\"og:type\" content=\"article\" \/>\n<meta property=\"og:title\" content=\"&quot;Da stimmt was nicht&quot; \u2013 Berliner Feuerwehrleute berichten von Impfdruck und Klima der Angst\" \/>\n<meta property=\"og:description\" content=\"In einem Videointerview mit zwei anonymisierten Feuerwehrm\u00e4nnern beschreiben die langj\u00e4hrigen Angestellten ihren aufzehrenden Alltag in der Coronakrise. Sie kritisieren den berufsbedingten Impfdruck und berichten \u00fcber Erfahrungen mit Impfnebenwirkungen bei Eins\u00e4tzen \u2013 um festzustellen: &#8220;Da stimmt was nicht.&#8221; Eine im Juli kursierende interne Wut-Mail eines Mitglieds\u00a0der Berliner Feuerwehr sorgte f\u00fcr Unruhe in der F\u00fchrung des Unternehmens. [&hellip;]\" \/>\n<meta property=\"og:url\" content=\"https:\/\/now-news.de\/de\/deutschland\/da-stimmt-was-nicht-berliner-feuerwehrleute-berichten-von-impfdruck-und-klima-der-angst\/\" \/>\n<meta property=\"og:site_name\" content=\"just-now.NEWS Deutschland\" \/>\n<meta property=\"article:publisher\" content=\"https:\/\/www.facebook.com\/wirmachenauf\" \/>\n<meta property=\"article:published_time\" content=\"2022-08-30T08:59:32+00:00\" \/>\n<meta property=\"og:image\" content=\"https:\/\/now-news.de\/de\/wp-content\/uploads\/sites\/3\/2022\/08\/quotDa-stimmt-was-nichtquot-\u2013-Berliner-Feuerwehrleute-berichten-von-Impfdruck.jpg\" \/>\n\t<meta property=\"og:image:width\" content=\"460\" \/>\n\t<meta property=\"og:image:height\" content=\"259\" \/>\n\t<meta property=\"og:image:type\" content=\"image\/jpeg\" \/>\n<meta name=\"author\" content=\"rtnews\" \/>\n<meta name=\"twitter:card\" content=\"summary_large_image\" \/>\n<meta name=\"twitter:creator\" content=\"@WirMachenAuf_de\" \/>\n<meta name=\"twitter:site\" content=\"@WirMachenAuf_de\" \/>\n<meta name=\"twitter:label1\" content=\"Verfasst von\" \/>\n\t<meta name=\"twitter:data1\" content=\"rtnews\" \/>\n\t<meta name=\"twitter:label2\" content=\"Gesch\u00e4tzte Lesezeit\" \/>\n\t<meta name=\"twitter:data2\" content=\"5\u00a0Minuten\" \/>\n<script type=\"application\/ld+json\" class=\"yoast-schema-graph\">{\"@context\":\"https:\/\/schema.org\",\"@graph\":[{\"@type\":\"Article\",\"@id\":\"https:\/\/now-news.de\/de\/deutschland\/da-stimmt-was-nicht-berliner-feuerwehrleute-berichten-von-impfdruck-und-klima-der-angst\/#article\",\"isPartOf\":{\"@id\":\"https:\/\/now-news.de\/de\/deutschland\/da-stimmt-was-nicht-berliner-feuerwehrleute-berichten-von-impfdruck-und-klima-der-angst\/\"},\"author\":{\"name\":\"rtnews\",\"@id\":\"https:\/\/now-news.de\/de\/#\/schema\/person\/fb534a4e865501d8b3285208df34a9b5\"},\"headline\":\"&quot;Da stimmt was nicht&quot; \u2013 Berliner Feuerwehrleute berichten von Impfdruck und Klima der Angst\",\"datePublished\":\"2022-08-30T08:59:32+00:00\",\"dateModified\":\"2022-08-30T08:59:32+00:00\",\"mainEntityOfPage\":{\"@id\":\"https:\/\/now-news.de\/de\/deutschland\/da-stimmt-was-nicht-berliner-feuerwehrleute-berichten-von-impfdruck-und-klima-der-angst\/\"},\"wordCount\":934,\"commentCount\":0,\"publisher\":{\"@id\":\"https:\/\/now-news.de\/de\/#organization\"},\"image\":{\"@id\":\"https:\/\/now-news.de\/de\/deutschland\/da-stimmt-was-nicht-berliner-feuerwehrleute-berichten-von-impfdruck-und-klima-der-angst\/#primaryimage\"},\"thumbnailUrl\":\"https:\/\/now-news.de\/de\/wp-content\/uploads\/sites\/3\/2022\/08\/quotDa-stimmt-was-nichtquot-\u2013-Berliner-Feuerwehrleute-berichten-von-Impfdruck.jpg\",\"keywords\":[\"Angst\",\"Berichten\",\"Berliner\",\"der\",\"Feuerwehrleute\",\"Impfdruck\",\"klima\",\"nichtquot\",\"quotDa\",\"stimmt\",\"und\",\"von\"],\"articleSection\":[\"Deutschland\",\"Russland\"],\"inLanguage\":\"de\",\"potentialAction\":[{\"@type\":\"CommentAction\",\"name\":\"Comment\",\"target\":[\"https:\/\/now-news.de\/de\/deutschland\/da-stimmt-was-nicht-berliner-feuerwehrleute-berichten-von-impfdruck-und-klima-der-angst\/#respond\"]}]},{\"@type\":\"WebPage\",\"@id\":\"https:\/\/now-news.de\/de\/deutschland\/da-stimmt-was-nicht-berliner-feuerwehrleute-berichten-von-impfdruck-und-klima-der-angst\/\",\"url\":\"https:\/\/now-news.de\/de\/deutschland\/da-stimmt-was-nicht-berliner-feuerwehrleute-berichten-von-impfdruck-und-klima-der-angst\/\",\"name\":\"&quot;Da stimmt was nicht&quot; \u2013 Berliner Feuerwehrleute berichten von Impfdruck und Klima der Angst - just-now.NEWS Deutschland\",\"isPartOf\":{\"@id\":\"https:\/\/now-news.de\/de\/#website\"},\"primaryImageOfPage\":{\"@id\":\"https:\/\/now-news.de\/de\/deutschland\/da-stimmt-was-nicht-berliner-feuerwehrleute-berichten-von-impfdruck-und-klima-der-angst\/#primaryimage\"},\"image\":{\"@id\":\"https:\/\/now-news.de\/de\/deutschland\/da-stimmt-was-nicht-berliner-feuerwehrleute-berichten-von-impfdruck-und-klima-der-angst\/#primaryimage\"},\"thumbnailUrl\":\"https:\/\/now-news.de\/de\/wp-content\/uploads\/sites\/3\/2022\/08\/quotDa-stimmt-was-nichtquot-\u2013-Berliner-Feuerwehrleute-berichten-von-Impfdruck.jpg\",\"datePublished\":\"2022-08-30T08:59:32+00:00\",\"dateModified\":\"2022-08-30T08:59:32+00:00\",\"breadcrumb\":{\"@id\":\"https:\/\/now-news.de\/de\/deutschland\/da-stimmt-was-nicht-berliner-feuerwehrleute-berichten-von-impfdruck-und-klima-der-angst\/#breadcrumb\"},\"inLanguage\":\"de\",\"potentialAction\":[{\"@type\":\"ReadAction\",\"target\":[\"https:\/\/now-news.de\/de\/deutschland\/da-stimmt-was-nicht-berliner-feuerwehrleute-berichten-von-impfdruck-und-klima-der-angst\/\"]}]},{\"@type\":\"ImageObject\",\"inLanguage\":\"de\",\"@id\":\"https:\/\/now-news.de\/de\/deutschland\/da-stimmt-was-nicht-berliner-feuerwehrleute-berichten-von-impfdruck-und-klima-der-angst\/#primaryimage\",\"url\":\"https:\/\/now-news.de\/de\/wp-content\/uploads\/sites\/3\/2022\/08\/quotDa-stimmt-was-nichtquot-\u2013-Berliner-Feuerwehrleute-berichten-von-Impfdruck.jpg\",\"contentUrl\":\"https:\/\/now-news.de\/de\/wp-content\/uploads\/sites\/3\/2022\/08\/quotDa-stimmt-was-nichtquot-\u2013-Berliner-Feuerwehrleute-berichten-von-Impfdruck.jpg\",\"width\":460,\"height\":259,\"caption\":\"&quot;Da stimmt was nicht&quot; \u2013 Berliner Feuerwehrleute berichten von Impfdruck und Klima der Angst\"},{\"@type\":\"BreadcrumbList\",\"@id\":\"https:\/\/now-news.de\/de\/deutschland\/da-stimmt-was-nicht-berliner-feuerwehrleute-berichten-von-impfdruck-und-klima-der-angst\/#breadcrumb\",\"itemListElement\":[{\"@type\":\"ListItem\",\"position\":1,\"name\":\"Home\",\"item\":\"https:\/\/now-news.de\/de\/\"},{\"@type\":\"ListItem\",\"position\":2,\"name\":\"&quot;Da stimmt was nicht&quot; \u2013 Berliner Feuerwehrleute berichten von Impfdruck und Klima der Angst\"}]},{\"@type\":\"WebSite\",\"@id\":\"https:\/\/now-news.de\/de\/#website\",\"url\":\"https:\/\/now-news.de\/de\/\",\"name\":\"just-now.NEWS Deutschland\",\"description\":\"Das Portal f\u00fcr unzensierte Nachrichten aus der Welt\",\"publisher\":{\"@id\":\"https:\/\/now-news.de\/de\/#organization\"},\"potentialAction\":[{\"@type\":\"SearchAction\",\"target\":{\"@type\":\"EntryPoint\",\"urlTemplate\":\"https:\/\/now-news.de\/de\/?s={search_term_string}\"},\"query-input\":\"required name=search_term_string\"}],\"inLanguage\":\"de\"},{\"@type\":\"Organization\",\"@id\":\"https:\/\/now-news.de\/de\/#organization\",\"name\":\"Just Now News\",\"url\":\"https:\/\/now-news.de\/de\/\",\"logo\":{\"@type\":\"ImageObject\",\"inLanguage\":\"de\",\"@id\":\"https:\/\/now-news.de\/de\/#\/schema\/logo\/image\/\",\"url\":\"http:\/\/just-now.news\/de\/wp-content\/uploads\/sites\/3\/2022\/04\/logo500x500.jpg\",\"contentUrl\":\"http:\/\/just-now.news\/de\/wp-content\/uploads\/sites\/3\/2022\/04\/logo500x500.jpg\",\"width\":500,\"height\":500,\"caption\":\"Just Now News\"},\"image\":{\"@id\":\"https:\/\/now-news.de\/de\/#\/schema\/logo\/image\/\"},\"sameAs\":[\"https:\/\/www.facebook.com\/wirmachenauf\",\"https:\/\/x.com\/WirMachenAuf_de\"]},{\"@type\":\"Person\",\"@id\":\"https:\/\/now-news.de\/de\/#\/schema\/person\/fb534a4e865501d8b3285208df34a9b5\",\"name\":\"rtnews\",\"image\":{\"@type\":\"ImageObject\",\"inLanguage\":\"de\",\"@id\":\"https:\/\/now-news.de\/de\/#\/schema\/person\/image\/\",\"url\":\"https:\/\/secure.gravatar.com\/avatar\/82aafea7d8127119dd649515f56e2117?s=96&d=mm&r=g\",\"contentUrl\":\"https:\/\/secure.gravatar.com\/avatar\/82aafea7d8127119dd649515f56e2117?s=96&d=mm&r=g\",\"caption\":\"rtnews\"},\"url\":\"https:\/\/now-news.de\/de\/author\/rnews\/\"}]}<\/script>\n<!-- \/ Yoast SEO Premium plugin. -->","yoast_head_json":{"title":"&quot;Da stimmt was nicht&quot; \u2013 Berliner Feuerwehrleute berichten von Impfdruck und Klima der Angst - just-now.NEWS Deutschland","robots":{"index":"index","follow":"follow","max-snippet":"max-snippet:-1","max-image-preview":"max-image-preview:large","max-video-preview":"max-video-preview:-1"},"canonical":"https:\/\/now-news.de\/de\/deutschland\/da-stimmt-was-nicht-berliner-feuerwehrleute-berichten-von-impfdruck-und-klima-der-angst\/","og_locale":"de_DE","og_type":"article","og_title":"&quot;Da stimmt was nicht&quot; \u2013 Berliner Feuerwehrleute berichten von Impfdruck und Klima der Angst","og_description":"In einem Videointerview mit zwei anonymisierten Feuerwehrm\u00e4nnern beschreiben die langj\u00e4hrigen Angestellten ihren aufzehrenden Alltag in der Coronakrise. Sie kritisieren den berufsbedingten Impfdruck und berichten \u00fcber Erfahrungen mit Impfnebenwirkungen bei Eins\u00e4tzen \u2013 um festzustellen: &#8220;Da stimmt was nicht.&#8221; Eine im Juli kursierende interne Wut-Mail eines Mitglieds\u00a0der Berliner Feuerwehr sorgte f\u00fcr Unruhe in der F\u00fchrung des Unternehmens. [&hellip;]","og_url":"https:\/\/now-news.de\/de\/deutschland\/da-stimmt-was-nicht-berliner-feuerwehrleute-berichten-von-impfdruck-und-klima-der-angst\/","og_site_name":"just-now.NEWS Deutschland","article_publisher":"https:\/\/www.facebook.com\/wirmachenauf","article_published_time":"2022-08-30T08:59:32+00:00","og_image":[{"width":460,"height":259,"url":"https:\/\/now-news.de\/de\/wp-content\/uploads\/sites\/3\/2022\/08\/quotDa-stimmt-was-nichtquot-\u2013-Berliner-Feuerwehrleute-berichten-von-Impfdruck.jpg","type":"image\/jpeg"}],"author":"rtnews","twitter_card":"summary_large_image","twitter_creator":"@WirMachenAuf_de","twitter_site":"@WirMachenAuf_de","twitter_misc":{"Verfasst von":"rtnews","Gesch\u00e4tzte Lesezeit":"5\u00a0Minuten"},"schema":{"@context":"https:\/\/schema.org","@graph":[{"@type":"Article","@id":"https:\/\/now-news.de\/de\/deutschland\/da-stimmt-was-nicht-berliner-feuerwehrleute-berichten-von-impfdruck-und-klima-der-angst\/#article","isPartOf":{"@id":"https:\/\/now-news.de\/de\/deutschland\/da-stimmt-was-nicht-berliner-feuerwehrleute-berichten-von-impfdruck-und-klima-der-angst\/"},"author":{"name":"rtnews","@id":"https:\/\/now-news.de\/de\/#\/schema\/person\/fb534a4e865501d8b3285208df34a9b5"},"headline":"&quot;Da stimmt was nicht&quot; \u2013 Berliner Feuerwehrleute berichten von Impfdruck und Klima der Angst","datePublished":"2022-08-30T08:59:32+00:00","dateModified":"2022-08-30T08:59:32+00:00","mainEntityOfPage":{"@id":"https:\/\/now-news.de\/de\/deutschland\/da-stimmt-was-nicht-berliner-feuerwehrleute-berichten-von-impfdruck-und-klima-der-angst\/"},"wordCount":934,"commentCount":0,"publisher":{"@id":"https:\/\/now-news.de\/de\/#organization"},"image":{"@id":"https:\/\/now-news.de\/de\/deutschland\/da-stimmt-was-nicht-berliner-feuerwehrleute-berichten-von-impfdruck-und-klima-der-angst\/#primaryimage"},"thumbnailUrl":"https:\/\/now-news.de\/de\/wp-content\/uploads\/sites\/3\/2022\/08\/quotDa-stimmt-was-nichtquot-\u2013-Berliner-Feuerwehrleute-berichten-von-Impfdruck.jpg","keywords":["Angst","Berichten","Berliner","der","Feuerwehrleute","Impfdruck","klima","nichtquot","quotDa","stimmt","und","von"],"articleSection":["Deutschland","Russland"],"inLanguage":"de","potentialAction":[{"@type":"CommentAction","name":"Comment","target":["https:\/\/now-news.de\/de\/deutschland\/da-stimmt-was-nicht-berliner-feuerwehrleute-berichten-von-impfdruck-und-klima-der-angst\/#respond"]}]},{"@type":"WebPage","@id":"https:\/\/now-news.de\/de\/deutschland\/da-stimmt-was-nicht-berliner-feuerwehrleute-berichten-von-impfdruck-und-klima-der-angst\/","url":"https:\/\/now-news.de\/de\/deutschland\/da-stimmt-was-nicht-berliner-feuerwehrleute-berichten-von-impfdruck-und-klima-der-angst\/","name":"&quot;Da stimmt was nicht&quot; \u2013 Berliner Feuerwehrleute berichten von Impfdruck und Klima der Angst - just-now.NEWS Deutschland","isPartOf":{"@id":"https:\/\/now-news.de\/de\/#website"},"primaryImageOfPage":{"@id":"https:\/\/now-news.de\/de\/deutschland\/da-stimmt-was-nicht-berliner-feuerwehrleute-berichten-von-impfdruck-und-klima-der-angst\/#primaryimage"},"image":{"@id":"https:\/\/now-news.de\/de\/deutschland\/da-stimmt-was-nicht-berliner-feuerwehrleute-berichten-von-impfdruck-und-klima-der-angst\/#primaryimage"},"thumbnailUrl":"https:\/\/now-news.de\/de\/wp-content\/uploads\/sites\/3\/2022\/08\/quotDa-stimmt-was-nichtquot-\u2013-Berliner-Feuerwehrleute-berichten-von-Impfdruck.jpg","datePublished":"2022-08-30T08:59:32+00:00","dateModified":"2022-08-30T08:59:32+00:00","breadcrumb":{"@id":"https:\/\/now-news.de\/de\/deutschland\/da-stimmt-was-nicht-berliner-feuerwehrleute-berichten-von-impfdruck-und-klima-der-angst\/#breadcrumb"},"inLanguage":"de","potentialAction":[{"@type":"ReadAction","target":["https:\/\/now-news.de\/de\/deutschland\/da-stimmt-was-nicht-berliner-feuerwehrleute-berichten-von-impfdruck-und-klima-der-angst\/"]}]},{"@type":"ImageObject","inLanguage":"de","@id":"https:\/\/now-news.de\/de\/deutschland\/da-stimmt-was-nicht-berliner-feuerwehrleute-berichten-von-impfdruck-und-klima-der-angst\/#primaryimage","url":"https:\/\/now-news.de\/de\/wp-content\/uploads\/sites\/3\/2022\/08\/quotDa-stimmt-was-nichtquot-\u2013-Berliner-Feuerwehrleute-berichten-von-Impfdruck.jpg","contentUrl":"https:\/\/now-news.de\/de\/wp-content\/uploads\/sites\/3\/2022\/08\/quotDa-stimmt-was-nichtquot-\u2013-Berliner-Feuerwehrleute-berichten-von-Impfdruck.jpg","width":460,"height":259,"caption":"&quot;Da stimmt was nicht&quot; \u2013 Berliner Feuerwehrleute berichten von Impfdruck und Klima der Angst"},{"@type":"BreadcrumbList","@id":"https:\/\/now-news.de\/de\/deutschland\/da-stimmt-was-nicht-berliner-feuerwehrleute-berichten-von-impfdruck-und-klima-der-angst\/#breadcrumb","itemListElement":[{"@type":"ListItem","position":1,"name":"Home","item":"https:\/\/now-news.de\/de\/"},{"@type":"ListItem","position":2,"name":"&quot;Da stimmt was nicht&quot; \u2013 Berliner Feuerwehrleute berichten von Impfdruck und Klima der Angst"}]},{"@type":"WebSite","@id":"https:\/\/now-news.de\/de\/#website","url":"https:\/\/now-news.de\/de\/","name":"just-now.NEWS Deutschland","description":"Das Portal f\u00fcr unzensierte Nachrichten aus der Welt","publisher":{"@id":"https:\/\/now-news.de\/de\/#organization"},"potentialAction":[{"@type":"SearchAction","target":{"@type":"EntryPoint","urlTemplate":"https:\/\/now-news.de\/de\/?s={search_term_string}"},"query-input":"required name=search_term_string"}],"inLanguage":"de"},{"@type":"Organization","@id":"https:\/\/now-news.de\/de\/#organization","name":"Just Now News","url":"https:\/\/now-news.de\/de\/","logo":{"@type":"ImageObject","inLanguage":"de","@id":"https:\/\/now-news.de\/de\/#\/schema\/logo\/image\/","url":"http:\/\/just-now.news\/de\/wp-content\/uploads\/sites\/3\/2022\/04\/logo500x500.jpg","contentUrl":"http:\/\/just-now.news\/de\/wp-content\/uploads\/sites\/3\/2022\/04\/logo500x500.jpg","width":500,"height":500,"caption":"Just Now News"},"image":{"@id":"https:\/\/now-news.de\/de\/#\/schema\/logo\/image\/"},"sameAs":["https:\/\/www.facebook.com\/wirmachenauf","https:\/\/x.com\/WirMachenAuf_de"]},{"@type":"Person","@id":"https:\/\/now-news.de\/de\/#\/schema\/person\/fb534a4e865501d8b3285208df34a9b5","name":"rtnews","image":{"@type":"ImageObject","inLanguage":"de","@id":"https:\/\/now-news.de\/de\/#\/schema\/person\/image\/","url":"https:\/\/secure.gravatar.com\/avatar\/82aafea7d8127119dd649515f56e2117?s=96&d=mm&r=g","contentUrl":"https:\/\/secure.gravatar.com\/avatar\/82aafea7d8127119dd649515f56e2117?s=96&d=mm&r=g","caption":"rtnews"},"url":"https:\/\/now-news.de\/de\/author\/rnews\/"}]}},"_links":{"self":[{"href":"https:\/\/now-news.de\/de\/wp-json\/wp\/v2\/posts\/18020"}],"collection":[{"href":"https:\/\/now-news.de\/de\/wp-json\/wp\/v2\/posts"}],"about":[{"href":"https:\/\/now-news.de\/de\/wp-json\/wp\/v2\/types\/post"}],"author":[{"embeddable":true,"href":"https:\/\/now-news.de\/de\/wp-json\/wp\/v2\/users\/3"}],"replies":[{"embeddable":true,"href":"https:\/\/now-news.de\/de\/wp-json\/wp\/v2\/comments?post=18020"}],"version-history":[{"count":0,"href":"https:\/\/now-news.de\/de\/wp-json\/wp\/v2\/posts\/18020\/revisions"}],"wp:featuredmedia":[{"embeddable":true,"href":"https:\/\/now-news.de\/de\/wp-json\/wp\/v2\/media\/18021"}],"wp:attachment":[{"href":"https:\/\/now-news.de\/de\/wp-json\/wp\/v2\/media?parent=18020"}],"wp:term":[{"taxonomy":"category","embeddable":true,"href":"https:\/\/now-news.de\/de\/wp-json\/wp\/v2\/categories?post=18020"},{"taxonomy":"post_tag","embeddable":true,"href":"https:\/\/now-news.de\/de\/wp-json\/wp\/v2\/tags?post=18020"}],"curies":[{"name":"wp","href":"https:\/\/api.w.org\/{rel}","templated":true}]}}