{"id":18016,"date":"2022-08-30T10:01:50","date_gmt":"2022-08-30T08:01:50","guid":{"rendered":"http:\/\/just-now.news\/de\/deutschland\/kompromat-gegen-finnland-die-hauptsache-ist-der-effekt\/"},"modified":"2022-08-30T10:01:50","modified_gmt":"2022-08-30T08:01:50","slug":"kompromat-gegen-finnland-die-hauptsache-ist-der-effekt","status":"publish","type":"post","link":"https:\/\/now-news.de\/de\/deutschland\/kompromat-gegen-finnland-die-hauptsache-ist-der-effekt\/","title":{"rendered":"&quot;Kompromat&quot; gegen Finnland: &quot;Die Hauptsache ist der Effekt!&quot;"},"content":{"rendered":"<p><img decoding=\"async\" src=\"http:\/\/just-now.news\/de\/wp-content\/uploads\/sites\/3\/2022\/08\/630cd21b48fbef4ee02c4f72.jpg\" \/><\/p>\n<p><em>Von Mirko Lehmann<\/em><\/p>\n<p>Ebenso wie die schwedische strebt auch die finnische Regierung neuerdings entschlossen in die NATO. Mancherlei Bem\u00fchungen aus Washington und Br\u00fcssel, die beiden nordeurop\u00e4ischen L\u00e4nder in die NATO zu integrieren, gab es schon eine geraume <a rel=\"nofollow noopener\" target=\"_blank\" href=\"https:\/\/de.rt.com\/meinung\/140731-nato-beitritt-schwedens-und-finnlands\/\">Weile<\/a>. Doch bisher regte sich in beiden Staaten betr\u00e4chtlicher politischer Widerstand dagegen, die jahrzehntelange (Finnland) oder sogar jahrhundertelange (Schweden) B\u00fcndnisfreiheit <a rel=\"nofollow noopener\" target=\"_blank\" href=\"https:\/\/www.imi-online.de\/2022\/04\/11\/ja-zur-nato\/\">aufzugeben<\/a>. Erst die Eskalation des Krieges in der Ukraine schuf f\u00fcr diese &#8220;Norderweiterung&#8221; des Milit\u00e4rb\u00fcndnisses den \u00e4u\u00dferen Anlass und den \u2013 aus westlicher Sicht \u2013 &#8216;perfekten&#8217; Hintergrund, um alle ge\u00e4u\u00dferten Vorbehalte und Bedenken \u2013 inner- wie au\u00dferhalb der potenziellen Beitrittsl\u00e4nder \u2013 vom Tisch zu <a rel=\"nofollow noopener\" target=\"_blank\" href=\"https:\/\/www.nachdenkseiten.de\/?p=87367\">wischen<\/a>.<\/p>\n<p><strong>&#8220;Karrierefrau&#8221;<\/strong><\/p>\n<p>In Helsinki regiert seit Dezember 2019 Sanna Marin, damals war sie mit ihren 33 Lebensjahren die j\u00fcngste Ministerpr\u00e4sidentin, die Finnland je hatte, und \u00a0zumindest zum Zeitpunkt ihres Amtsantritts wohl auch die j\u00fcngste Regierungschefin aller Staaten der Erde. Die Sozialdemokratin hatte eine Muster-Karriere vom Krei\u00dfsaal \u00fcber den H\u00f6rsaal in den Plenarsaal <a rel=\"nofollow noopener\" target=\"_blank\" href=\"https:\/\/de.wikipedia.org\/wiki\/Sanna_Marin\">hingelegt<\/a>, bevor sie vor nicht einmal drei Jahren den n\u00e4chsten Karrieresprung machte und sogar die Regierung des Landes f\u00fchren sollte. Wie viele andere ihrer Generation, die etwas werden wollten und als &#8220;Kaderreserve&#8221; im Sinne der M\u00e4chtigen gelten, hat auch Marin das &#8220;Young Global Leaders&#8221;-Programm von Klaus Schwab und dessen World Economic Forum <a rel=\"nofollow noopener\" target=\"_blank\" href=\"https:\/\/www.younggloballeaders.org\/community?utf8=%E2%9C%93&amp;q=Sanna+Marin&amp;x=0&amp;y=0&amp;status=&amp;class_year=&amp;sector=&amp;region=#results\">durchlaufen<\/a>.<\/p>\n<p><strong>Nichts gilt mehr<\/strong><\/p>\n<p>Seit dem Fr\u00fchjahr 2022 wird die Neutralit\u00e4t, die sich f\u00fcr Finnland nach 1945 und eigentlich noch bis in die heutigen Tage sowohl politisch wie auch \u00f6konomisch als \u00e4u\u00dferst vorteilhaft erwiesen hat, <a rel=\"nofollow noopener\" target=\"_blank\" href=\"https:\/\/multipolar-magazin.de\/artikel\/in-finnland-herrscht-amnesie\">mir nichts, dir nichts<\/a> \u00fcber Bord geworfen. So sollte es aus heutiger Darstellung betrachtet eigentlich verwundern, dass und wie komfortabel Finnland den Kalten Krieg \u00fcberhaupt als Staat unbeschadet \u00fcberstehen konnte. Schlie\u00dflich war die waffenstarrende Supermacht Sowjetunion jahrzehntelang der direkte Nachbar. Bis 1990 hatte es etliche kritische, h\u00f6chst angespannte Situationen am Eisernen Vorhang zwischen Ost und West gegeben, der auch Finnland von der Sowjetunion trennte. Legt man die ahistorischen, daf\u00fcr aber hysterischen Befindlichkeitsma\u00dfst\u00e4be von heute an, h\u00e4tte Finnland w\u00e4hrend dieser vier Jahrzehnte nach dem Zweiten Weltkrieg wiederholt von der UdSSR \u00fcberfallen worden sein m\u00fcssen. Doch zu keinem Zeitpunkt stellte die Sowjetunion eine Gefahr f\u00fcr die Existenz Finnlands dar. Stattdessen tagte in Helsinki erfolgreich die KSZE als Vorl\u00e4ufer der OSZE und Moskau vergab des \u00d6fteren lukrative Auftr\u00e4ge an finnische Unternehmen \u2013 beispielsweise f\u00fcr Werften \u2013, und der gegenseitige Handel und Austausch bl\u00fchte. Daran hatte sich auch nach 1990 wenig ge\u00e4ndert, im Gegenteil. So waren Touristen aus Russland zahlungskr\u00e4ftige G\u00e4ste.<\/p>\n<p>Doch \u00e4hnlich wie Schweden oder schon l\u00e4nger die <a rel=\"nofollow noopener\" target=\"_blank\" href=\"https:\/\/pressefreiheit.rtde.tech\/europa\/146601-estland-will-achtes-paket-von-sanktionen-gegen-russland-vorschlagen\/\">baltischen<\/a> Staaten und Polen, f\u00e4hrt Finnland nun seit 2022 einen dezidiert antirussischen Kurs, der sich in seiner Sch\u00e4rfe noch einmal sp\u00fcrbar von der ohnehin russlandfeindlichen Politik der EU und seiner &#8216;Verb\u00fcndeten&#8217; in Europa, beispielsweise der Schweiz, unterscheidet. Dies l\u00e4sst sich gut etwa in der Frage der <a rel=\"nofollow noopener\" target=\"_blank\" href=\"https:\/\/pressefreiheit.rtde.tech\/europa\/146246-finnland-plant-visumsvergabe-an-russische\/\">Visavergabe <\/a>f\u00fcr russische Staatsb\u00fcrger ablesen. Es scheint, als habe man sowohl in Stockholm als auch in Helsinki die &#8220;richtigen&#8221; Schl\u00fcsse aus der <a rel=\"nofollow noopener\" target=\"_blank\" href=\"https:\/\/pressefreiheit.rtde.tech\/europa\/103331-schwedische-ermittler-wollen-34-jahre\/\">Ermordung Olof Palmes<\/a> gezogen, dessen NATO-kritische Neutralit\u00e4tspolitik und die angestrebte atomwaffenfreie Zone in Nordeuropa damals mehr als nur misstrauisch von Washington, London und Br\u00fcssel <a rel=\"nofollow noopener\" target=\"_blank\" href=\"https:\/\/pressefreiheit.rtde.tech\/meinung\/103433-interview-mit-dirk-pohlmann-zu-olaf-palme-mord\/\">be\u00e4ugt<\/a> wurden.<\/p>\n<p><strong>Hei\u00dfe N\u00e4chte in Helsinki?<\/strong><\/p>\n<p>Wenn man den verbreiteten Meinungsumfragen glauben darf, hatte bereits im Mai 2022 die Unterst\u00fctzung f\u00fcr einen NATO-Beitritt Finnlands erstaunliche 76 Prozent unter den Befragten <a rel=\"nofollow noopener\" target=\"_blank\" href=\"https:\/\/yle.fi\/news\/3-12437506\">erreicht<\/a>. Die russische Milit\u00e4roperation in der Ukraine erf\u00fcllte in Schweden und Finnland demnach eine \u00e4hnliche Funktion wie die vermeintlichen Sichtungen russischer U-Boote vor Stockholm 2014 (die \u00fcberdies ein D\u00e9j\u00e0-vus der fr\u00fchen 1980er Jahren waren). Jedenfalls kippte die \u00f6ffentliche \u2013 zumindest die ver\u00f6ffentlichte \u2013 Meinung zugunsten des NATO-Beitritts, was vor dem Februar dieses Jahres so nicht denkbar gewesen w\u00e4re.<\/p>\n<p>Die Aufnahme von Finnland und Schweden in das von Washington dominierte Milit\u00e4rb\u00fcndnis gilt blo\u00df noch als <a rel=\"nofollow noopener\" target=\"_blank\" href=\"https:\/\/www.nato.int\/cps\/en\/natohq\/opinions_206894.htm?selectedLocale=en\">Formsache<\/a>, wenn die Bedingungen der T\u00fcrkei erf\u00fcllt sein werden, schlie\u00dflich scheint der Handel Menschenrechte gegen Mitgliedschaft auf dem politischen Basar abgeschlossen. In dieser Situation tauchen ganz pl\u00f6tzlich <a rel=\"nofollow noopener\" target=\"_blank\" href=\"https:\/\/www.bild.de\/video\/clip\/video\/neues-party-video-aufgetaucht-sanna-marin-tanzt-mit-finnischer-influencerin-81096438.bild.html\">Party<\/a>-Videos der finnischen Regierungschefin im Netz auf. Einiges spr\u00e4che daf\u00fcr, dass die Leaks politisch erw\u00fcnscht waren, aber das mag dahingestellt bleiben. Jedenfalls lenken die verwackelten, mehr oder weniger &#8220;scharfen&#8221; Clips ganz im Boulevard-Stil hervorragend davon ab, dass Finnland in absehbarer Zeit hochpolitisch seinen blockfreien, formal neutralen Status aufgeben wird. Zwar wird innerhalb wie au\u00dferhalb Finnlands dar\u00fcber <a rel=\"nofollow noopener\" target=\"_blank\" href=\"https:\/\/www.n-tv.de\/politik\/Weisse-Lines-im-Hintergrund-Party-Video-mit-Finnlands-Regierungschefin-Sanna-Marin-loest-Kritik-aus-article23532831.html\">debattiert<\/a>, ob angesichts der Wirtschaftskrise und des Krieges in der Ukraine die Regierungschefin feiern d\u00fcrfe. Und ob sie Alkohol getrunken, gar irgendwelche Substanzen konsumiert habe. Prompt lie\u00df Marin einen Drogentest machen. Unter Tr\u00e4nen beteuerte die 36-J\u00e4hrige am 24. August Reue und Besserung.<\/p>\n<p><strong>Ablenkung<\/strong><\/p>\n<p>Doch all dies ist nicht der Kern der Frage. Zwar wird bisweilen so getan, als sollten die sprichw\u00f6rtlichen angels\u00e4chsischen, pr\u00fcden Moralvorstellungen gegen die junge und telegene Regierungschefin in Anschlag gebracht werden. Als ob irgendwelche Tugendw\u00e4chter das Privatleben von Politikern, hier der finnischen Premierministerin, bespitzeln sollten. Doch darum geht es nicht, denn zumindest in Kontinentaleuropa wird richtigerweise noch zwischen offizieller Funktion und Privatleben unterschieden. Auch Politiker d\u00fcrfen feiern, trinken und haben ein Recht auf \u2013 sogar auch ausgelassenes \u2013 Privatleben und eine gesch\u00fctzte Sph\u00e4re, die nicht an das Licht der \u00d6ffentlichkeit gezerrt geh\u00f6rt.<\/p>\n<p>Die finnischen Mittsommernachts-Videos zeigen jedoch eine offensichtlich noch unreife Mittdrei\u00dfigerin, deren Verhalten eher dem eines Teenagers oder einer Person in den Zwanzigern entspricht. Von politischem Belang daran ist, dass nicht nur in Deutschland, sondern EU-weit oder sogar in allen westlichen L\u00e4ndern neuerdings solche jungen Politiker in F\u00fchrungspositionen kommen und dort gern gesehen werden. Obwohl sie oft sogar als &#8220;Young Global Leaders&#8221; gehandelt werden, bringen viele daf\u00fcr offensichtlich weder die fachliche Qualifikation noch die n\u00f6tigen menschlichen Qualit\u00e4ten und erforderliche Bildung (altmodisch ausgedr\u00fcckt: die &#8220;sittliche Reife&#8221;) mit. Oft, zu oft sogar, verf\u00fcgt dieser politische Nachwuchs jedoch nicht einmal \u00fcber eine formal abgeschlossene Berufsausbildung oder einen Studienabschluss, von mehrj\u00e4hriger Berufserfahrung au\u00dferhalb der teilweise inzestu\u00f6sen Gesellschaft von Politik und Medien einmal ganz abgesehen. Diese Leichtgewichte haben den Lobbyisten massiver Interessenvertretungen aus Wirtschaft, Milit\u00e4r und allerlei Apparaten wenig entgegenzusetzen.<\/p>\n<p>Kein Wunder, dass die rasch hochgeschriebenen Jungstars und -sternchen des Polithimmels leicht steuerbar, geradezu erpressbar sind \u2013 h\u00e4ngen sie doch existenziell vom Politikbetrieb ab und m\u00fcssen mitspielen, falls sie nicht Privilegien verspielen wollen, um dann &#8220;beruflich&#8221; vor dem Nichts zu stehen. Da solches Personal finanziell, aber eben auch psychisch, von der Droge der vermeintlichen &#8220;Macht&#8221; abh\u00e4ngig ist und gar nicht \u00fcber hinreichend Lebenserfahrung und eine materielle Existenz au\u00dferhalb der Politik verf\u00fcgt, erweist es sich als geradezu ideal f\u00fcr die Durchsetzung aller m\u00f6glichen Interessen, sei es in Zeiten der Corona-Krise oder eben der Ukraine-Krise. Und auch das ist eben ideal f\u00fcr die Beseitigung der b\u00fcndnispolitischen Neutralit\u00e4t. Das j\u00fcngst publik gewordene &#8220;Kompromat&#8221; gegen die finnische Regierung d\u00fcrfte praktisch eine zus\u00e4tzliche R\u00fcckversicherung daf\u00fcr sein, dass Marin bis zum Erreichen dieses Ziels gef\u00e4lligst in der Spur bleibt. Denn die &#8220;<a rel=\"nofollow noopener\" target=\"_blank\" href=\"https:\/\/www.youtube.com\/watch?v=FHSFELOSCJI\">Hauptsache ist der Effekt!<\/a>&#8221; \u2013 in diesem Fall der NATO-Beitritt Finnlands.<\/p>\n<p><strong>Mehr zum Thema<\/strong> &#8211;\u00a0<a rel=\"nofollow noopener\" target=\"_blank\" href=\"https:\/\/pressefreiheit.rtde.tech\/meinung\/147165-russland-verweigert-schweiz-lukratives-politisches\/\">Russland verweigert der Schweiz ein lukratives politisches Gesch\u00e4ft<\/a><\/p>\n<p><br \/>\n<br \/><a href=\"https:\/\/de.rt.com\/meinung\/147408-finnisches-kompromat-oder-hauptsache-ist\/\">Source link <\/a><\/p>\n","protected":false},"excerpt":{"rendered":"<p>Von Mirko Lehmann Ebenso wie die schwedische strebt auch die finnische Regierung neuerdings entschlossen in die NATO. Mancherlei Bem\u00fchungen aus Washington und Br\u00fcssel, die beiden nordeurop\u00e4ischen L\u00e4nder in die NATO zu integrieren, gab es schon eine geraume Weile. Doch bisher regte sich in beiden Staaten betr\u00e4chtlicher politischer Widerstand dagegen, die jahrzehntelange (Finnland) oder sogar jahrhundertelange [&hellip;]<\/p>\n","protected":false},"author":3,"featured_media":18017,"comment_status":"open","ping_status":"open","sticky":false,"template":"","format":"standard","meta":{"wp_automatic_camp":["217"],"5d0e3466e611c05590703ec55681aa45":["&quot;Kompromat&quot; gegen Finnland: &quot;Die Hauptsache ist der Effekt!&quot;"],"original_link":["https:\/\/de.rt.com\/meinung\/147408-finnisches-kompromat-oder-hauptsache-ist\/"],"_thumbnail_id":["18017"],"_wptg_p2tg_sent2tg":["2022-08-30 10:12:58"],"jnews_social_counter_last_update":["1777281823"]},"categories":[19,23],"tags":[82,31946,1906,278,31945,414,1933,31944],"yoast_head":"<!-- This site is optimized with the Yoast SEO Premium plugin v22.7 (Yoast SEO v22.7) - https:\/\/yoast.com\/wordpress\/plugins\/seo\/ -->\n<title>&quot;Kompromat&quot; gegen Finnland: &quot;Die Hauptsache ist der Effekt!&quot; - just-now.NEWS Deutschland<\/title>\n<meta name=\"robots\" content=\"index, follow, max-snippet:-1, max-image-preview:large, max-video-preview:-1\" \/>\n<link rel=\"canonical\" href=\"https:\/\/now-news.de\/de\/deutschland\/kompromat-gegen-finnland-die-hauptsache-ist-der-effekt\/\" \/>\n<meta property=\"og:locale\" content=\"de_DE\" \/>\n<meta property=\"og:type\" content=\"article\" \/>\n<meta property=\"og:title\" content=\"&quot;Kompromat&quot; gegen Finnland: &quot;Die Hauptsache ist der Effekt!&quot;\" \/>\n<meta property=\"og:description\" content=\"Von Mirko Lehmann Ebenso wie die schwedische strebt auch die finnische Regierung neuerdings entschlossen in die NATO. Mancherlei Bem\u00fchungen aus Washington und Br\u00fcssel, die beiden nordeurop\u00e4ischen L\u00e4nder in die NATO zu integrieren, gab es schon eine geraume Weile. Doch bisher regte sich in beiden Staaten betr\u00e4chtlicher politischer Widerstand dagegen, die jahrzehntelange (Finnland) oder sogar jahrhundertelange [&hellip;]\" \/>\n<meta property=\"og:url\" content=\"https:\/\/now-news.de\/de\/deutschland\/kompromat-gegen-finnland-die-hauptsache-ist-der-effekt\/\" \/>\n<meta property=\"og:site_name\" content=\"just-now.NEWS Deutschland\" \/>\n<meta property=\"article:publisher\" content=\"https:\/\/www.facebook.com\/wirmachenauf\" \/>\n<meta property=\"article:published_time\" content=\"2022-08-30T08:01:50+00:00\" \/>\n<meta property=\"og:image\" content=\"https:\/\/now-news.de\/de\/wp-content\/uploads\/sites\/3\/2022\/08\/quotKompromatquot-gegen-Finnland-quotDie-Hauptsache-ist-der-Effektquot.jpg\" \/>\n\t<meta property=\"og:image:width\" content=\"460\" \/>\n\t<meta property=\"og:image:height\" content=\"259\" \/>\n\t<meta property=\"og:image:type\" content=\"image\/jpeg\" \/>\n<meta name=\"author\" content=\"rtnews\" \/>\n<meta name=\"twitter:card\" content=\"summary_large_image\" \/>\n<meta name=\"twitter:creator\" content=\"@WirMachenAuf_de\" \/>\n<meta name=\"twitter:site\" content=\"@WirMachenAuf_de\" \/>\n<meta name=\"twitter:label1\" content=\"Verfasst von\" \/>\n\t<meta name=\"twitter:data1\" content=\"rtnews\" \/>\n\t<meta name=\"twitter:label2\" content=\"Gesch\u00e4tzte Lesezeit\" \/>\n\t<meta name=\"twitter:data2\" content=\"6\u00a0Minuten\" \/>\n<script type=\"application\/ld+json\" class=\"yoast-schema-graph\">{\"@context\":\"https:\/\/schema.org\",\"@graph\":[{\"@type\":\"Article\",\"@id\":\"https:\/\/now-news.de\/de\/deutschland\/kompromat-gegen-finnland-die-hauptsache-ist-der-effekt\/#article\",\"isPartOf\":{\"@id\":\"https:\/\/now-news.de\/de\/deutschland\/kompromat-gegen-finnland-die-hauptsache-ist-der-effekt\/\"},\"author\":{\"name\":\"rtnews\",\"@id\":\"https:\/\/now-news.de\/de\/#\/schema\/person\/fb534a4e865501d8b3285208df34a9b5\"},\"headline\":\"&quot;Kompromat&quot; gegen Finnland: &quot;Die Hauptsache ist der Effekt!&quot;\",\"datePublished\":\"2022-08-30T08:01:50+00:00\",\"dateModified\":\"2022-08-30T08:01:50+00:00\",\"mainEntityOfPage\":{\"@id\":\"https:\/\/now-news.de\/de\/deutschland\/kompromat-gegen-finnland-die-hauptsache-ist-der-effekt\/\"},\"wordCount\":1220,\"commentCount\":0,\"publisher\":{\"@id\":\"https:\/\/now-news.de\/de\/#organization\"},\"image\":{\"@id\":\"https:\/\/now-news.de\/de\/deutschland\/kompromat-gegen-finnland-die-hauptsache-ist-der-effekt\/#primaryimage\"},\"thumbnailUrl\":\"https:\/\/now-news.de\/de\/wp-content\/uploads\/sites\/3\/2022\/08\/quotKompromatquot-gegen-Finnland-quotDie-Hauptsache-ist-der-Effektquot.jpg\",\"keywords\":[\"der\",\"Effektquot\",\"Finnland\",\"gegen\",\"Hauptsache\",\"ist\",\"quotDie\",\"quotKompromatquot\"],\"articleSection\":[\"Deutschland\",\"Russland\"],\"inLanguage\":\"de\",\"potentialAction\":[{\"@type\":\"CommentAction\",\"name\":\"Comment\",\"target\":[\"https:\/\/now-news.de\/de\/deutschland\/kompromat-gegen-finnland-die-hauptsache-ist-der-effekt\/#respond\"]}]},{\"@type\":\"WebPage\",\"@id\":\"https:\/\/now-news.de\/de\/deutschland\/kompromat-gegen-finnland-die-hauptsache-ist-der-effekt\/\",\"url\":\"https:\/\/now-news.de\/de\/deutschland\/kompromat-gegen-finnland-die-hauptsache-ist-der-effekt\/\",\"name\":\"&quot;Kompromat&quot; gegen Finnland: &quot;Die Hauptsache ist der Effekt!&quot; - just-now.NEWS Deutschland\",\"isPartOf\":{\"@id\":\"https:\/\/now-news.de\/de\/#website\"},\"primaryImageOfPage\":{\"@id\":\"https:\/\/now-news.de\/de\/deutschland\/kompromat-gegen-finnland-die-hauptsache-ist-der-effekt\/#primaryimage\"},\"image\":{\"@id\":\"https:\/\/now-news.de\/de\/deutschland\/kompromat-gegen-finnland-die-hauptsache-ist-der-effekt\/#primaryimage\"},\"thumbnailUrl\":\"https:\/\/now-news.de\/de\/wp-content\/uploads\/sites\/3\/2022\/08\/quotKompromatquot-gegen-Finnland-quotDie-Hauptsache-ist-der-Effektquot.jpg\",\"datePublished\":\"2022-08-30T08:01:50+00:00\",\"dateModified\":\"2022-08-30T08:01:50+00:00\",\"breadcrumb\":{\"@id\":\"https:\/\/now-news.de\/de\/deutschland\/kompromat-gegen-finnland-die-hauptsache-ist-der-effekt\/#breadcrumb\"},\"inLanguage\":\"de\",\"potentialAction\":[{\"@type\":\"ReadAction\",\"target\":[\"https:\/\/now-news.de\/de\/deutschland\/kompromat-gegen-finnland-die-hauptsache-ist-der-effekt\/\"]}]},{\"@type\":\"ImageObject\",\"inLanguage\":\"de\",\"@id\":\"https:\/\/now-news.de\/de\/deutschland\/kompromat-gegen-finnland-die-hauptsache-ist-der-effekt\/#primaryimage\",\"url\":\"https:\/\/now-news.de\/de\/wp-content\/uploads\/sites\/3\/2022\/08\/quotKompromatquot-gegen-Finnland-quotDie-Hauptsache-ist-der-Effektquot.jpg\",\"contentUrl\":\"https:\/\/now-news.de\/de\/wp-content\/uploads\/sites\/3\/2022\/08\/quotKompromatquot-gegen-Finnland-quotDie-Hauptsache-ist-der-Effektquot.jpg\",\"width\":460,\"height\":259,\"caption\":\"&quot;Kompromat&quot; gegen Finnland: &quot;Die Hauptsache ist der Effekt!&quot;\"},{\"@type\":\"BreadcrumbList\",\"@id\":\"https:\/\/now-news.de\/de\/deutschland\/kompromat-gegen-finnland-die-hauptsache-ist-der-effekt\/#breadcrumb\",\"itemListElement\":[{\"@type\":\"ListItem\",\"position\":1,\"name\":\"Home\",\"item\":\"https:\/\/now-news.de\/de\/\"},{\"@type\":\"ListItem\",\"position\":2,\"name\":\"&quot;Kompromat&quot; gegen Finnland: &quot;Die Hauptsache ist der Effekt!&quot;\"}]},{\"@type\":\"WebSite\",\"@id\":\"https:\/\/now-news.de\/de\/#website\",\"url\":\"https:\/\/now-news.de\/de\/\",\"name\":\"just-now.NEWS Deutschland\",\"description\":\"Das Portal f\u00fcr unzensierte Nachrichten aus der Welt\",\"publisher\":{\"@id\":\"https:\/\/now-news.de\/de\/#organization\"},\"potentialAction\":[{\"@type\":\"SearchAction\",\"target\":{\"@type\":\"EntryPoint\",\"urlTemplate\":\"https:\/\/now-news.de\/de\/?s={search_term_string}\"},\"query-input\":\"required name=search_term_string\"}],\"inLanguage\":\"de\"},{\"@type\":\"Organization\",\"@id\":\"https:\/\/now-news.de\/de\/#organization\",\"name\":\"Just Now News\",\"url\":\"https:\/\/now-news.de\/de\/\",\"logo\":{\"@type\":\"ImageObject\",\"inLanguage\":\"de\",\"@id\":\"https:\/\/now-news.de\/de\/#\/schema\/logo\/image\/\",\"url\":\"http:\/\/just-now.news\/de\/wp-content\/uploads\/sites\/3\/2022\/04\/logo500x500.jpg\",\"contentUrl\":\"http:\/\/just-now.news\/de\/wp-content\/uploads\/sites\/3\/2022\/04\/logo500x500.jpg\",\"width\":500,\"height\":500,\"caption\":\"Just Now News\"},\"image\":{\"@id\":\"https:\/\/now-news.de\/de\/#\/schema\/logo\/image\/\"},\"sameAs\":[\"https:\/\/www.facebook.com\/wirmachenauf\",\"https:\/\/x.com\/WirMachenAuf_de\"]},{\"@type\":\"Person\",\"@id\":\"https:\/\/now-news.de\/de\/#\/schema\/person\/fb534a4e865501d8b3285208df34a9b5\",\"name\":\"rtnews\",\"image\":{\"@type\":\"ImageObject\",\"inLanguage\":\"de\",\"@id\":\"https:\/\/now-news.de\/de\/#\/schema\/person\/image\/\",\"url\":\"https:\/\/secure.gravatar.com\/avatar\/82aafea7d8127119dd649515f56e2117?s=96&d=mm&r=g\",\"contentUrl\":\"https:\/\/secure.gravatar.com\/avatar\/82aafea7d8127119dd649515f56e2117?s=96&d=mm&r=g\",\"caption\":\"rtnews\"},\"url\":\"https:\/\/now-news.de\/de\/author\/rnews\/\"}]}<\/script>\n<!-- \/ Yoast SEO Premium plugin. -->","yoast_head_json":{"title":"&quot;Kompromat&quot; gegen Finnland: &quot;Die Hauptsache ist der Effekt!&quot; - just-now.NEWS Deutschland","robots":{"index":"index","follow":"follow","max-snippet":"max-snippet:-1","max-image-preview":"max-image-preview:large","max-video-preview":"max-video-preview:-1"},"canonical":"https:\/\/now-news.de\/de\/deutschland\/kompromat-gegen-finnland-die-hauptsache-ist-der-effekt\/","og_locale":"de_DE","og_type":"article","og_title":"&quot;Kompromat&quot; gegen Finnland: &quot;Die Hauptsache ist der Effekt!&quot;","og_description":"Von Mirko Lehmann Ebenso wie die schwedische strebt auch die finnische Regierung neuerdings entschlossen in die NATO. Mancherlei Bem\u00fchungen aus Washington und Br\u00fcssel, die beiden nordeurop\u00e4ischen L\u00e4nder in die NATO zu integrieren, gab es schon eine geraume Weile. Doch bisher regte sich in beiden Staaten betr\u00e4chtlicher politischer Widerstand dagegen, die jahrzehntelange (Finnland) oder sogar jahrhundertelange [&hellip;]","og_url":"https:\/\/now-news.de\/de\/deutschland\/kompromat-gegen-finnland-die-hauptsache-ist-der-effekt\/","og_site_name":"just-now.NEWS Deutschland","article_publisher":"https:\/\/www.facebook.com\/wirmachenauf","article_published_time":"2022-08-30T08:01:50+00:00","og_image":[{"width":460,"height":259,"url":"https:\/\/now-news.de\/de\/wp-content\/uploads\/sites\/3\/2022\/08\/quotKompromatquot-gegen-Finnland-quotDie-Hauptsache-ist-der-Effektquot.jpg","type":"image\/jpeg"}],"author":"rtnews","twitter_card":"summary_large_image","twitter_creator":"@WirMachenAuf_de","twitter_site":"@WirMachenAuf_de","twitter_misc":{"Verfasst von":"rtnews","Gesch\u00e4tzte Lesezeit":"6\u00a0Minuten"},"schema":{"@context":"https:\/\/schema.org","@graph":[{"@type":"Article","@id":"https:\/\/now-news.de\/de\/deutschland\/kompromat-gegen-finnland-die-hauptsache-ist-der-effekt\/#article","isPartOf":{"@id":"https:\/\/now-news.de\/de\/deutschland\/kompromat-gegen-finnland-die-hauptsache-ist-der-effekt\/"},"author":{"name":"rtnews","@id":"https:\/\/now-news.de\/de\/#\/schema\/person\/fb534a4e865501d8b3285208df34a9b5"},"headline":"&quot;Kompromat&quot; gegen Finnland: &quot;Die Hauptsache ist der Effekt!&quot;","datePublished":"2022-08-30T08:01:50+00:00","dateModified":"2022-08-30T08:01:50+00:00","mainEntityOfPage":{"@id":"https:\/\/now-news.de\/de\/deutschland\/kompromat-gegen-finnland-die-hauptsache-ist-der-effekt\/"},"wordCount":1220,"commentCount":0,"publisher":{"@id":"https:\/\/now-news.de\/de\/#organization"},"image":{"@id":"https:\/\/now-news.de\/de\/deutschland\/kompromat-gegen-finnland-die-hauptsache-ist-der-effekt\/#primaryimage"},"thumbnailUrl":"https:\/\/now-news.de\/de\/wp-content\/uploads\/sites\/3\/2022\/08\/quotKompromatquot-gegen-Finnland-quotDie-Hauptsache-ist-der-Effektquot.jpg","keywords":["der","Effektquot","Finnland","gegen","Hauptsache","ist","quotDie","quotKompromatquot"],"articleSection":["Deutschland","Russland"],"inLanguage":"de","potentialAction":[{"@type":"CommentAction","name":"Comment","target":["https:\/\/now-news.de\/de\/deutschland\/kompromat-gegen-finnland-die-hauptsache-ist-der-effekt\/#respond"]}]},{"@type":"WebPage","@id":"https:\/\/now-news.de\/de\/deutschland\/kompromat-gegen-finnland-die-hauptsache-ist-der-effekt\/","url":"https:\/\/now-news.de\/de\/deutschland\/kompromat-gegen-finnland-die-hauptsache-ist-der-effekt\/","name":"&quot;Kompromat&quot; gegen Finnland: &quot;Die Hauptsache ist der Effekt!&quot; - just-now.NEWS Deutschland","isPartOf":{"@id":"https:\/\/now-news.de\/de\/#website"},"primaryImageOfPage":{"@id":"https:\/\/now-news.de\/de\/deutschland\/kompromat-gegen-finnland-die-hauptsache-ist-der-effekt\/#primaryimage"},"image":{"@id":"https:\/\/now-news.de\/de\/deutschland\/kompromat-gegen-finnland-die-hauptsache-ist-der-effekt\/#primaryimage"},"thumbnailUrl":"https:\/\/now-news.de\/de\/wp-content\/uploads\/sites\/3\/2022\/08\/quotKompromatquot-gegen-Finnland-quotDie-Hauptsache-ist-der-Effektquot.jpg","datePublished":"2022-08-30T08:01:50+00:00","dateModified":"2022-08-30T08:01:50+00:00","breadcrumb":{"@id":"https:\/\/now-news.de\/de\/deutschland\/kompromat-gegen-finnland-die-hauptsache-ist-der-effekt\/#breadcrumb"},"inLanguage":"de","potentialAction":[{"@type":"ReadAction","target":["https:\/\/now-news.de\/de\/deutschland\/kompromat-gegen-finnland-die-hauptsache-ist-der-effekt\/"]}]},{"@type":"ImageObject","inLanguage":"de","@id":"https:\/\/now-news.de\/de\/deutschland\/kompromat-gegen-finnland-die-hauptsache-ist-der-effekt\/#primaryimage","url":"https:\/\/now-news.de\/de\/wp-content\/uploads\/sites\/3\/2022\/08\/quotKompromatquot-gegen-Finnland-quotDie-Hauptsache-ist-der-Effektquot.jpg","contentUrl":"https:\/\/now-news.de\/de\/wp-content\/uploads\/sites\/3\/2022\/08\/quotKompromatquot-gegen-Finnland-quotDie-Hauptsache-ist-der-Effektquot.jpg","width":460,"height":259,"caption":"&quot;Kompromat&quot; gegen Finnland: &quot;Die Hauptsache ist der Effekt!&quot;"},{"@type":"BreadcrumbList","@id":"https:\/\/now-news.de\/de\/deutschland\/kompromat-gegen-finnland-die-hauptsache-ist-der-effekt\/#breadcrumb","itemListElement":[{"@type":"ListItem","position":1,"name":"Home","item":"https:\/\/now-news.de\/de\/"},{"@type":"ListItem","position":2,"name":"&quot;Kompromat&quot; gegen Finnland: &quot;Die Hauptsache ist der Effekt!&quot;"}]},{"@type":"WebSite","@id":"https:\/\/now-news.de\/de\/#website","url":"https:\/\/now-news.de\/de\/","name":"just-now.NEWS Deutschland","description":"Das Portal f\u00fcr unzensierte Nachrichten aus der Welt","publisher":{"@id":"https:\/\/now-news.de\/de\/#organization"},"potentialAction":[{"@type":"SearchAction","target":{"@type":"EntryPoint","urlTemplate":"https:\/\/now-news.de\/de\/?s={search_term_string}"},"query-input":"required name=search_term_string"}],"inLanguage":"de"},{"@type":"Organization","@id":"https:\/\/now-news.de\/de\/#organization","name":"Just Now News","url":"https:\/\/now-news.de\/de\/","logo":{"@type":"ImageObject","inLanguage":"de","@id":"https:\/\/now-news.de\/de\/#\/schema\/logo\/image\/","url":"http:\/\/just-now.news\/de\/wp-content\/uploads\/sites\/3\/2022\/04\/logo500x500.jpg","contentUrl":"http:\/\/just-now.news\/de\/wp-content\/uploads\/sites\/3\/2022\/04\/logo500x500.jpg","width":500,"height":500,"caption":"Just Now News"},"image":{"@id":"https:\/\/now-news.de\/de\/#\/schema\/logo\/image\/"},"sameAs":["https:\/\/www.facebook.com\/wirmachenauf","https:\/\/x.com\/WirMachenAuf_de"]},{"@type":"Person","@id":"https:\/\/now-news.de\/de\/#\/schema\/person\/fb534a4e865501d8b3285208df34a9b5","name":"rtnews","image":{"@type":"ImageObject","inLanguage":"de","@id":"https:\/\/now-news.de\/de\/#\/schema\/person\/image\/","url":"https:\/\/secure.gravatar.com\/avatar\/82aafea7d8127119dd649515f56e2117?s=96&d=mm&r=g","contentUrl":"https:\/\/secure.gravatar.com\/avatar\/82aafea7d8127119dd649515f56e2117?s=96&d=mm&r=g","caption":"rtnews"},"url":"https:\/\/now-news.de\/de\/author\/rnews\/"}]}},"_links":{"self":[{"href":"https:\/\/now-news.de\/de\/wp-json\/wp\/v2\/posts\/18016"}],"collection":[{"href":"https:\/\/now-news.de\/de\/wp-json\/wp\/v2\/posts"}],"about":[{"href":"https:\/\/now-news.de\/de\/wp-json\/wp\/v2\/types\/post"}],"author":[{"embeddable":true,"href":"https:\/\/now-news.de\/de\/wp-json\/wp\/v2\/users\/3"}],"replies":[{"embeddable":true,"href":"https:\/\/now-news.de\/de\/wp-json\/wp\/v2\/comments?post=18016"}],"version-history":[{"count":0,"href":"https:\/\/now-news.de\/de\/wp-json\/wp\/v2\/posts\/18016\/revisions"}],"wp:featuredmedia":[{"embeddable":true,"href":"https:\/\/now-news.de\/de\/wp-json\/wp\/v2\/media\/18017"}],"wp:attachment":[{"href":"https:\/\/now-news.de\/de\/wp-json\/wp\/v2\/media?parent=18016"}],"wp:term":[{"taxonomy":"category","embeddable":true,"href":"https:\/\/now-news.de\/de\/wp-json\/wp\/v2\/categories?post=18016"},{"taxonomy":"post_tag","embeddable":true,"href":"https:\/\/now-news.de\/de\/wp-json\/wp\/v2\/tags?post=18016"}],"curies":[{"name":"wp","href":"https:\/\/api.w.org\/{rel}","templated":true}]}}