{"id":17961,"date":"2022-08-29T15:08:31","date_gmt":"2022-08-29T13:08:31","guid":{"rendered":"http:\/\/just-now.news\/de\/deutschland\/die-medien-und-ihre-suche-nach-den-schuldigen-fuer-die-gaskrise\/"},"modified":"2022-08-29T15:08:31","modified_gmt":"2022-08-29T13:08:31","slug":"die-medien-und-ihre-suche-nach-den-schuldigen-fuer-die-gaskrise","status":"publish","type":"post","link":"https:\/\/now-news.de\/de\/deutschland\/die-medien-und-ihre-suche-nach-den-schuldigen-fuer-die-gaskrise\/","title":{"rendered":"Die Medien und ihre Suche nach den Schuldigen f\u00fcr die Gaskrise"},"content":{"rendered":"<p><img decoding=\"async\" src=\"http:\/\/just-now.news\/de\/wp-content\/uploads\/sites\/3\/2022\/08\/630cba21b480cc4c675f6543.jpg\" \/><\/p>\n<div class=\"Text-root Text-type_1 \">\n                Die Medien suchen Schuldige f\u00fcr die aktuelle Gas- und Energiekrise. Dabei sollen die aktuellen Regierungen aus der Schusslinie genommen werden. Besonders interessant ist ein noch geheimes Filmprojekt.\n            <\/div>\n<p><\/p>\n<div class=\"Text-root Text-type_5 ArticleView-text ViewText-root \">\n<p><em>von Thomas R\u00f6per<\/em><\/p>\n<p>Die aktuelle Gas- und Energiekrise ist hausgemacht, dar\u00fcber habe ich oft berichtet. An dieser Stelle will ich darauf nicht eingehen, am Ende dieses Artikels finden Sie eine Zusammenfassung der Gr\u00fcnde daf\u00fcr, falls das f\u00fcr Sie neu sein sollte.<\/p>\n<p>Die Krise wurde schon vor Jahren durch die EU-Reform des Gasmarktes eingeleitet und war seit sp\u00e4testens Sommer 2021 absehbar, wie ich seitdem immer wieder berichtet habe. Der Anstieg der Energiepreise begann schon im Herbst 2021, woran man deutlich sehen kann, dass die Legende westlicher Medien und Politiker, die russische Intervention in der Ukraine sei an dem Debakel schuld, unwahr ist.<\/p>\n<p>Die Eskalation der Gaskrise in diesem Jahr ist eine direkte Folge der Politik der EU und ihrer Mitgliedsstaaten, die die Krise durch ihre eigenen Sanktionen gegen Russland versch\u00e4rft haben. Aktuell liefert keine der f\u00fcnf Pipelines, die Gas aus Russland nach Europa pumpen k\u00f6nnen, mit voller Kapazit\u00e4t, weil die EU und ihre Mitglieder das verhindern. Zwei der f\u00fcnf Pipelines sind aufgrund von politischen Entscheidungen der EU und ihrer Mitgliedsstaaten sogar vollst\u00e4ndig au\u00dfer Betrieb, Details dazu\u00a0<a rel=\"nofollow noopener\" target=\"_blank\" href=\"https:\/\/www.anti-spiegel.ru\/2022\/der-medienhype-um-die-selbst-verursachte-gaskrise\/\">finden Sie hier<\/a>. Es ist nicht Russland, das den Gasfluss reduziert hat und Gas als politisches Instrument einsetzt, es sind die EU und ihre Mitglieder.<\/p>\n<p><strong>Die Suche nach den Schuldigen<\/strong><\/p>\n<p>Da die Gaskrise aufgrund der steigenden Preise f\u00fcr Strom und Heizung und der im Winter zu erwartenden Energieknappheit zu Unzufriedenheit in der Bev\u00f6lkerung f\u00fchrt, haben die Medien mit der Suche nach Schuldigen begonnen und dabei ein sehr einfaches, aber unwahres Narrativ erfunden.<\/p>\n<p>Demnach ist nat\u00fcrlich Russland schuld, weil es angeblich den Gasfluss nach Europa reduziert hat. In dem oben verlinkten Artikel \u00fcber die f\u00fcnf Pipelines k\u00f6nnen Sie nachlesen, dass das schlicht gelogen ist, denn dass alle diese Pipelines weniger oder sogar gar kein Gas mehr nach Europa pumpen, liegt bei jeder dieser Pipelines an Entscheidungen, die Br\u00fcssel oder EU-Mitgliedsstaaten getroffen haben. H\u00e4tte die politische F\u00fchrung der EU und ihrer Mitglieder ein echtes Interesse daran, die Gaskrise zu l\u00f6sen, w\u00e4re das morgen m\u00f6glich. Aber es ist politisch nicht gewollt, man will die Konfrontation mit Russland und die Abkehr vom russischen Gas, auch wenn es (derzeit) keinen Ersatz daf\u00fcr gibt und diese Politik der europ\u00e4ischen Wirtschaft schweren Schaden zuf\u00fcgen und die Preise f\u00fcr private Verbraucher explodieren lassen wird.<\/p>\n<p>Davon, dass das so ist und dass es ausschlie\u00dflich die aktuell politisch Verantwortlichen sind, die die Krise und das Problem geschaffen haben, muss abgelenkt werden, denn wenn das der breiten Masse bekannt w\u00e4re, w\u00fcrde es wohl Massenproteste gegen die aktuellen Regierungen geben. Daher wird das Narrativ gef\u00f6rdert, Russland reduziere den Gasfluss und um die aktuell verantwortlichen Politiker weiter aus der Schusslinie zu nehmen, suchen die Medien nach anderen, vermeintlich Schuldigen. Dazu wird alles um verdreht, was bisher galt.<\/p>\n<p>Schuld an dem Problem sind demnach nicht die heutigen Regierungen, sondern die fr\u00fcheren, die die europ\u00e4ische Abh\u00e4ngigkeit von russischem Gas jahrzehntelang zugelassen und gef\u00f6rdert haben. Die fr\u00fcher gefeierte &#8220;neue Ostpolitik&#8221; der Regierungen Brandt und Schmidt, die von Kohl und Schr\u00f6der fortgesetzt wurde, ist nun pl\u00f6tzlich b\u00f6se, denn sie hat Europa angeblich in die heutige Misere gef\u00fchrt.<\/p>\n<p>Das ist Unsinn, denn weder die Sowjetunion, noch sp\u00e4ter Russland haben Gas jemals politisch eingesetzt. Der Gasfluss lief \u00fcber Jahrzehnte ungehindert, solange die Abnehmer nur p\u00fcnktlich ihre Rechnungen bezahlt haben, egal ob es w\u00e4hrend der gro\u00dfen Krisen im Kalten Krieg, des\u00a0<a rel=\"nofollow noopener\" target=\"_blank\" href=\"https:\/\/www.anti-spiegel.ru\/2018\/der-kaukasuskrieg-bei-kaum-einem-thema-lugen-die-medien-dreister\/\">Kaukasuskrieges<\/a>, nach den anti-russischen Sanktionen ab 2014 oder wann auch immer war. F\u00fcr Russland ist der Gasexport ein Gesch\u00e4ft, keine Politik. Es ist der Westen, der das Thema politisiert hat, wie die aktuelle Drosselung der f\u00fcnf Pipelines deutlich zeigt. Details \u00fcber die Gaskrisen der letzten Jahrzehnte und ihre Gr\u00fcnde\u00a0<a rel=\"nofollow noopener\" target=\"_blank\" href=\"https:\/\/www.anti-spiegel.ru\/2018\/pipelines-aus-russland-und-fracking-gas-aus-usa-die-chronologie-der-gasversorgung-in-europa\/\">finden Sie hier<\/a>.<\/p>\n<p>Diese Medienkampagne, in der alle Fakten verdreht werden, war besonders deutlich an einem <em>Spiegel<\/em>-Artikel mit der \u00dcberschrift &#8220;<a rel=\"nofollow noopener\" target=\"_blank\" href=\"https:\/\/www.spiegel.de\/wirtschaft\/gas-wie-sich-die-deutschen-von-russland-abhaengig-machten-eine-rekonstruktion-a-bc803b57-a2bf-42df-b2d9-e59f9059b64b\">Wie sich die Deutschen von Russland abh\u00e4ngig machten \u2013 Wir Gas-Junkies<\/a>&#8221;\u00a0aus <em>Der Spiegel<\/em>-Ausgabe 26\/2022 von Ende Juni zu sehen. In dem Artikel wurde die von mir hier beschriebene Legende lang und breit aufgebaut. Ich hatte nach der Erscheinen des Artikels \u00fcberlegt, die darin aufgelisteten L\u00fcgen aufzuzeigen, aber der Artikel ist so lang, dass die Audio-Version 49 Minuten dauert. Eine fundierte Widerlegung all der Unwahrheiten in dem Artikel w\u00e4re noch l\u00e4nger geworden, weshalb ich dar\u00fcber nicht geschrieben habe.<\/p>\n<p>Der O-Ton des <em>Spiegel<\/em>-Artikels ist, dass alle Entscheidungen fr\u00fcherer Bundesregierungen bez\u00fcglich der Russland- und der Energiepolitik falsch gewesen seien und die heutigen Regierungen seien demnach in der bedauernswerten Lage, vollkommen unverschuldet in das Dilemma geraten zu sein. Diese Botschaft wird von immer mehr &#8220;Qualit\u00e4tsmedien&#8221; vertreten, wobei gilt: St\u00e4ndiges Wiederholen einer L\u00fcge macht aus der L\u00fcge auch keine Wahrheit.<\/p>\n<p>Da die Menschen in Deutschland und Europa zum Jahreswechsel mit voller H\u00e4rte von den kommenden Nachzahlungen und Preiserh\u00f6hungen f\u00fcr Strom und Heizung getroffen werden, ist mit gro\u00dfer Unzufriedenheit in der Bev\u00f6lkerung zu rechnen. Damit diese Unzufriedenheit die aktuellen Regierungen (also die tats\u00e4chlich f\u00fcr die Misere Verantwortlichen) nicht mit aller H\u00e4rte trifft, m\u00fcsste man erwarten, dass diese Medienkampagne noch verst\u00e4rkt wird, um von den tats\u00e4chlich Verantwortlichen abzulenken und den zu erwarteten Volkszorn so gut wie m\u00f6glich auf andere zu lenken.<\/p>\n<p><strong>Das Filmprojekt<\/strong><\/p>\n<p>Da ich bekanntlich seit einiger Zeit auch in Russland bekannt werde und viel Zeit in Moskau verbracht habe, wo ich viele interessante Experten kennengelernt habe, habe ich viele Hintergrundgespr\u00e4che f\u00fchren k\u00f6nnen. Ich werde in diesem Artikel etwas tun, was ich nur ungern tue und wovor ich immer warne, wenn Medien es tun: ich werde mich auf eine nicht genannte Quelle berufen. Das tue ich nur sehr selten, denn ich bin ein Freund davon, alles, was ich schreibe, auch mit nachpr\u00fcfbaren Quellen zu belegen. In diesem Fall mache ich jedoch eine Ausnahme, denn wir werden schon in vier bis sechs Wochen wissen, ob meine Quelle die Wahrheit gesagt hat.<\/p>\n<p>Mir wurde von einem Filmprojekt erz\u00e4hlt, das gerade unter recht gro\u00dfer Geheimhaltung in London umgesetzt wird und das schon im Herbst, wahrscheinlich im September, Premiere haben soll. Bisher ist \u00fcber das Projekt \u00f6ffentlich noch nichts bekannt, aber Insider der Branche reden bereits dar\u00fcber, was bei einer kurz bevorstehenden Premiere nicht verwunderlich ist.<\/p>\n<p>In dem Film soll demnach Merkel f\u00fcr die europ\u00e4ische Energiekrise verantwortlich gemacht werden. Der O-Ton des Filmes ist demnach, dass Merkel vorgeworfen wird, schuld an der Abh\u00e4ngigkeit Deutschlands vom russischen Gas zu sein. Sie war, wir erinnern uns, eine Verfechterin von Nord Stream 2, was praktisch das einzige Thema war, bei dem sie sich den Vorgaben aus Washington widersetzt hat. In dem Film wird das Verh\u00e4ltnis von Merkel zu Putin aufgegriffen und es wurden demnach 35 Interviews mit ehemaligen Kollegen von Merkel gef\u00fchrt, darunter Tony Blair, Hillary Clinton und andere.<\/p>\n<p>Der Film soll ein Budget von \u2013 f\u00fcr so eine Doku bemerkenswerten \u2013 1.5 Millionen Pfund haben und das Projekt soll laut den Absprachen mit den Produktionsfirmen Bildungszwecken dienen, nicht politischen und kommerziellen Interessen. Das deutet darauf hin, dass hier ein Film produziert wird, der dieses Narrativ, fr\u00fchere Regierungen seien an allem Schuld und die heutigen Regierungen seien unschuldige Opfer der fr\u00fcheren Politik, in Bildungsprogramme aufgenommen werden soll. Das gewollte Narrativ soll verst\u00e4rkt und in Stein gemei\u00dfelt werden.<\/p>\n<p><strong>Wer das Projekt umsetzt und finanziert<\/strong><\/p>\n<p>Das Geld, also die 1.5 Millionen Pfund, kommen demnach vom ehemaligen russischen Oligarchen\u00a0<a rel=\"nofollow noopener\" target=\"_blank\" href=\"https:\/\/www.anti-spiegel.ru\/2021\/was-ist-meduza-und-warum-es-zu-einem-auslaendischen-agenten-erklaert-wurde\/\">Chodorkowski<\/a>, der unter anderem\u00a0<a rel=\"nofollow noopener\" target=\"_blank\" href=\"https:\/\/www.anti-spiegel.ru\/2020\/prozess-war-nicht-politisch-motiviert-chodorkowski-erneut-vor-europaeischem-gerichtshof-gescheitert\/\">wegen Betruges verurteilt<\/a>, im Westen aber medial als \u201erussischer Oppositioneller\u201c aufgebaut wurde. Laut der Quelle findet f\u00fcr den Film ein eifriger Austausch mit dem britischen Geheimdienst statt, dazu gleich mehr.<\/p>\n<p>In London laufen die meisten F\u00e4den der anti-russischen Politik zusammen. Die wichtigsten Organisationen von Chodorkowski haben dort ihren Sitz, gleiches gilt f\u00fcr die Einfl\u00fcsterer von Nawalny und anderen Gegnern Russlands, deren Verbindungen zum britischen Geheimdienst MI6 bestens belegt sind. Dar\u00fcber habe ich 2020 nach\u00a0<a rel=\"nofollow noopener\" target=\"_blank\" href=\"https:\/\/www.anti-spiegel.ru\/2020\/der-navalny-fake\/\">Nawalnys angeblicher Vergiftung<\/a>\u00a0einen\u00a0<a rel=\"nofollow noopener\" target=\"_blank\" href=\"https:\/\/www.anti-spiegel.ru\/2020\/die-schoene-und-die-maechtigen-im-hintergrund-was-ueber-den-fall-navalny-bisher-nicht-bekannt-war\/\">langen Artikel<\/a>\u00a0geschrieben, den ich Ihnen w\u00e4rmstens empfehle, wenn Sie sich f\u00fcr solche Hintergrundinformationen interessieren.<\/p>\n<p>Meine Quelle hat mir drei Firmen genannt, die den Film angeblich produzieren: <em><a rel=\"nofollow noopener\" target=\"_blank\" href=\"http:\/\/www.checkcompany.co.uk\/company\/13363766\/MERKEL-FILMS-LIMITED\">Merkel Films ltd<\/a><\/em>., <em><a rel=\"nofollow noopener\" target=\"_blank\" href=\"http:\/\/www.checkcompany.co.uk\/company\/12477940\/PASSION-DOCS-LIMITED\">Passion Docs ltd<\/a><\/em>., <em><a rel=\"nofollow noopener\" target=\"_blank\" href=\"http:\/\/www.checkcompany.co.uk\/company\/02177709\/PASSION-PICTURES-LIMITED\">Passion Pictures<\/a><\/em>.<\/p>\n<p>Diese drei Firmen geh\u00f6ren zusammen, denn sie alle geh\u00f6ren zu der Produktionsfirma <em>Passion Pictures<\/em>. Besonders interessant ist, dass <em>Merkel Films<\/em> erst im April 2022 gegr\u00fcndet wurde, anscheinend extra f\u00fcr dieses Filmprojekt. Auch <em>Passion Docs<\/em> wurde erst vor zwei Jahren gegr\u00fcndet, w\u00e4hrend <em>Passion Pictures<\/em> bereits seit 35 Jahren existiert. Alle Firmen sind, wie ein Blick auf Google-Maps best\u00e4tigt, im gleichen Geb\u00e4ude ans\u00e4ssig. \u00dcbrigens hat Merkel Films bisher nicht einmal eine eigene Internetseite, was f\u00fcr eine Filmproduktionsfirma mehr als merkw\u00fcrdig ist.<\/p>\n<p>Ein Hinweis darauf, dass Chodorkowski und auch der britische Geheimdienst ihre Finger im Spiel haben, ist die Tatsache, dass so hochrangige ehemalige Politiker interviewt wurden. <em>Passion Pictures<\/em> ist eine eher kleine Firma, die kaum die n\u00f6tigen Kontakte hat, um solche Interviewpartner vor die Kamera zu bekommen. Da d\u00fcrfte es einen &#8220;T\u00fcr\u00f6ffner&#8221; gegeben haben.<\/p>\n<p>Meine Quelle hat mir von dem Filmprojekt, \u00fcber das \u00f6ffentlich noch nichts bekannt ist, erz\u00e4hlt, weil sie eine Frage an mich als Deutschen hatte: Wieso finanziert Chodorkowski einen Film, in dem Merkel niedergemacht werden soll? Merkel war doch bisher der Liebling der westlichen Medien.<\/p>\n<p>Meine Antwort war die, die ich auch in diesem Artikel gegeben habe: Es geht darum, in den Augen der europ\u00e4ischen \u00d6ffentlichkeit die Schuld an der kommenden wirtschaftlichen Katastrophe von den heutigen Regierungen wegzuschieben, von ihnen abzulenken. Wenn man dazu Merkels im Westen bisher guten Ruf zerst\u00f6ren muss, ist das kein Problem.<\/p>\n<p><strong>Immer wieder Chodorkowski<\/strong><\/p>\n<p>Es ist faszinierend, wo Chodorkowski \u00fcberall seine Finger drin hat.\u00a0<a rel=\"nofollow noopener\" target=\"_blank\" href=\"https:\/\/www.anti-spiegel.ru\/2021\/was-ist-meduza-und-warum-es-zu-einem-auslaendischen-agenten-erklaert-wurde\/\">Er finanziert praktisch alle Medien<\/a>\u00a0der russischen radikalen Opposition, London ist der Sammelpunkt der radikalen russischen Opposition,\u00a0<a rel=\"nofollow noopener\" target=\"_blank\" href=\"https:\/\/www.anti-spiegel.ru\/2020\/neues-navalny-interview-deutschland-als-helfer-fuer-innerrussische-propaganda-gegen-die-regierung\/\">von dort kommt deren Finanzierung<\/a>\u00a0und von dort werden sie gelenkt und mit Informationen versorgt. Chodorkowskis Name findet sich dort bei fast jedem Projekt.<\/p>\n<p>Chodorkowski ist dabei keineswegs nur in Russland aktiv, er ist auch immer wieder daran beteiligt, wenn angebliche politische Skandale im Westen aufgedeckt werden. Er mischt sich ganz konkret in die Politik des Westens ein, wobei er seine Geschichten gerne frei erfindet. Ein williger Helfer von Chodorkowski in Deutschland ist dabei <em>Der Spiegel<\/em>, wie\u00a0<a rel=\"nofollow noopener\" target=\"_blank\" href=\"https:\/\/www.anti-spiegel.ru\/2019\/putins-puppen-nachruf-auf-einen-skandal-der-fuer-spiegel-und-zdf-zur-blamage-wurde\/\">dieses<\/a>\u00a0und\u00a0<a rel=\"nofollow noopener\" target=\"_blank\" href=\"https:\/\/www.anti-spiegel.ru\/2021\/alle-jahre-wieder-der-spiegel-chodorkowski-und-gefaelschte-e-mails\/\">dieses<\/a>\u00a0Beispiel zeigen. <em>Der Spiegel<\/em> hat generell beste Verbindungen in die Londoner Clique der radikalen russischen Opposition, wie seine Zusammenarbeit mit dem\u00a0<a rel=\"nofollow noopener\" target=\"_blank\" href=\"https:\/\/www.anti-spiegel.ru\/2022\/bellingcat-ein-weiteres-mal-als-instrument-westlicher-geheimdienste-enttarnt\/\">von westlichen Geheimdiensten gelenkten<\/a>\u00a0und\u00a0<a rel=\"nofollow noopener\" target=\"_blank\" href=\"https:\/\/www.anti-spiegel.ru\/2021\/spiegel-partner-bellingcat-wie-westliche-regierungen-und-geheimdienste-die-faeden-ziehen\/\">finanzierten Portal <em>Bellingcat<\/em><\/a>\u00a0zeigt, das in den gleichen Londoner Kreisen vernetzt ist.<\/p>\n<p>Was ich nun sage, ist nat\u00fcrlich spekulativ, aber wenn die Informationen meiner Quelle korrekt sind, dann wird der Film in den n\u00e4chsten Wochen pr\u00e4sentiert. Sollte das so sein, gehe ich davon aus, dass <em>Der Spiegel<\/em> wieder ganz vorne dabei sein wird, wenn es darum geht, die Arbeit von Chodorkowski publik zu machen.<\/p>\n<p><strong>Die wahren Gr\u00fcnde f\u00fcr die Energiekrise<\/strong><\/p>\n<p>Wie eingangs versprochen, werde ich noch einmal die Gr\u00fcnde f\u00fcr die Energiekrise in Europa auflisten, die schon lange vor der russischen Intervention in der Ukraine begonnen hat und \u00fcber die ich oft\u00a0<a rel=\"nofollow noopener\" target=\"_blank\" href=\"https:\/\/www.anti-spiegel.ru\/2021\/gaspreis-kratzt-an-der-marke-von-2-000-dollar-aber-die-eu-lenkt-weiter-von-den-wahren-problemen-ab\/\">berichtet<\/a>\u00a0habe.<\/p>\n<p>Erstens: Der Winter 2020\/2021 war kalt, weshalb viel Gas verbraucht wurde. Pipelines und Tanker reichen nicht aus, um im Winter genug Gas nach Europa zu bringen, weshalb die Gasspeicher normalerweise im Sommer aufgef\u00fcllt werden. Das ist in 2021 ausgeblieben und w\u00e4hrend die Gasspeicher normalerweise zu Beginn der Heizsaison zu fast 100 Prozent gef\u00fcllt sind, waren es in dem Jahr nur knapp 75 Prozent.<\/p>\n<p>Zweitens: Die Energiewende hat zu einem zu gro\u00dfen Anteil von Windenergie am Strommix gef\u00fchrt. Da der Sommer 2021 aber au\u00dfergew\u00f6hnlich windstill war, fehlte die Windkraft und es wurde unter anderem Gas zur Stromerzeugung genutzt, das eigentlich in die Speicher h\u00e4tte geleitet werden m\u00fcssen.<\/p>\n<p>Drittens: Der Wunsch vieler europ\u00e4ischer Politiker, russisches Gas durch vor allem amerikanisches Fl\u00fcssiggas zu ersetzen, hat dazu gef\u00fchrt, dass in Europa nun Gas fehlt. Der Grund: In Asien waren die Gaspreise im letzten Sommer noch h\u00f6her als in Europa und die fest eingeplanten amerikanischen Tanker sind nach Asien gefahren, anstatt nach Europa.<\/p>\n<p>Viertens: Die Reform des Gasmarktes der letzten EU-Kommission hat den Handel mit Gas an den B\u00f6rsen freigegeben. Dadurch wurde Gas zu einem Spekulationsobjekt. W\u00e4hrend Gazprom sein Gas gem\u00e4\u00df langfristiger Vertr\u00e4ge f\u00fcr 230 bis 300 Dollar nach Europa liefert, ist es f\u00fcr die Importeure ein gutes Gesch\u00e4ft, das Gas an der B\u00f6rse f\u00fcr inzwischen 2.000 und mehr Euro weiterzuverkaufen und diese Spekulationsgewinne in H\u00f6he von mehreren hundert Prozent in die eigene Tasche zu stecken.<\/p>\n<p><em><strong>Thomas R\u00f6per<\/strong> ist <a rel=\"nofollow noopener\" target=\"_blank\" href=\"https:\/\/www.j-k-fischer-verlag.de\/J-K-Fischer-Verlag\/INSIDE-CORONA--10647.html?MODsid=j1ntrqphthqn9pcq14hvvjgic1\">Herausgeber<\/a> und Blogbetreiber der Webseite Anti-Spiegel. Dieser Artikel wurde zuerst am 28. August auf Anti-Spiegel <a rel=\"nofollow noopener\" target=\"_blank\" href=\"https:\/\/www.anti-spiegel.ru\/2022\/die-medien-und-ihre-suche-nach-den-schuldigen-fuer-die-gaskrise\/\">ver\u00f6ffentlicht<\/a>.<\/em><\/p>\n<p><strong>Mehr zum Thema &#8211;<\/strong>\u00a0<a rel=\"nofollow noopener\" target=\"_blank\" href=\"https:\/\/rtde.site\/europa\/147252-energiekrise-tschechischer-minister-warnt-vor\/\">Energiekrise: Tschechischer Minister warnt vor Gefahr einer Revolution<\/a><\/p>\n<\/p>\n<\/div>\n<p><br \/>\n<br \/><a href=\"https:\/\/de.rt.com\/meinung\/147396-medien-und-ihre-suche-nach\/\">Source link <\/a><\/p>\n","protected":false},"excerpt":{"rendered":"<p>Die Medien suchen Schuldige f\u00fcr die aktuelle Gas- und Energiekrise. Dabei sollen die aktuellen Regierungen aus der Schusslinie genommen werden. Besonders interessant ist ein noch geheimes Filmprojekt. von Thomas R\u00f6per Die aktuelle Gas- und Energiekrise ist hausgemacht, dar\u00fcber habe ich oft berichtet. An dieser Stelle will ich darauf nicht eingehen, am Ende dieses Artikels finden [&hellip;]<\/p>\n","protected":false},"author":3,"featured_media":17962,"comment_status":"open","ping_status":"open","sticky":false,"template":"","format":"standard","meta":{"wp_automatic_camp":["217"],"f35cea4fe4aadfd8e51f065c7d16c823":["Die Medien und ihre Suche nach den Schuldigen f\u00fcr die Gaskrise"],"original_link":["https:\/\/de.rt.com\/meinung\/147396-medien-und-ihre-suche-nach\/"],"_thumbnail_id":["17962"],"jnews_social_counter_last_update":["1777341072"],"_wptg_p2tg_sent2tg":["2022-08-29 15:25:23"]},"categories":[19,23],"tags":[48,45,221,26338,1908,580,979,31893,6130,140],"yoast_head":"<!-- This site is optimized with the Yoast SEO Premium plugin v22.7 (Yoast SEO v22.7) - https:\/\/yoast.com\/wordpress\/plugins\/seo\/ -->\n<title>Die Medien und ihre Suche nach den Schuldigen f\u00fcr die Gaskrise - just-now.NEWS Deutschland<\/title>\n<meta name=\"robots\" content=\"index, follow, max-snippet:-1, max-image-preview:large, max-video-preview:-1\" \/>\n<link rel=\"canonical\" href=\"https:\/\/now-news.de\/de\/deutschland\/die-medien-und-ihre-suche-nach-den-schuldigen-fuer-die-gaskrise\/\" \/>\n<meta property=\"og:locale\" content=\"de_DE\" \/>\n<meta property=\"og:type\" content=\"article\" \/>\n<meta property=\"og:title\" content=\"Die Medien und ihre Suche nach den Schuldigen f\u00fcr die Gaskrise\" \/>\n<meta property=\"og:description\" content=\"Die Medien suchen Schuldige f\u00fcr die aktuelle Gas- und Energiekrise. Dabei sollen die aktuellen Regierungen aus der Schusslinie genommen werden. Besonders interessant ist ein noch geheimes Filmprojekt. von Thomas R\u00f6per Die aktuelle Gas- und Energiekrise ist hausgemacht, dar\u00fcber habe ich oft berichtet. An dieser Stelle will ich darauf nicht eingehen, am Ende dieses Artikels finden [&hellip;]\" \/>\n<meta property=\"og:url\" content=\"https:\/\/now-news.de\/de\/deutschland\/die-medien-und-ihre-suche-nach-den-schuldigen-fuer-die-gaskrise\/\" \/>\n<meta property=\"og:site_name\" content=\"just-now.NEWS Deutschland\" \/>\n<meta property=\"article:publisher\" content=\"https:\/\/www.facebook.com\/wirmachenauf\" \/>\n<meta property=\"article:published_time\" content=\"2022-08-29T13:08:31+00:00\" \/>\n<meta property=\"og:image\" content=\"https:\/\/now-news.de\/de\/wp-content\/uploads\/sites\/3\/2022\/08\/Die-Medien-und-ihre-Suche-nach-den-Schuldigen-fuer-die.jpg\" \/>\n\t<meta property=\"og:image:width\" content=\"460\" \/>\n\t<meta property=\"og:image:height\" content=\"259\" \/>\n\t<meta property=\"og:image:type\" content=\"image\/jpeg\" \/>\n<meta name=\"author\" content=\"rtnews\" \/>\n<meta name=\"twitter:card\" content=\"summary_large_image\" \/>\n<meta name=\"twitter:creator\" content=\"@WirMachenAuf_de\" \/>\n<meta name=\"twitter:site\" content=\"@WirMachenAuf_de\" \/>\n<meta name=\"twitter:label1\" content=\"Verfasst von\" \/>\n\t<meta name=\"twitter:data1\" content=\"rtnews\" \/>\n\t<meta name=\"twitter:label2\" content=\"Gesch\u00e4tzte Lesezeit\" \/>\n\t<meta name=\"twitter:data2\" content=\"11\u00a0Minuten\" \/>\n<script type=\"application\/ld+json\" class=\"yoast-schema-graph\">{\"@context\":\"https:\/\/schema.org\",\"@graph\":[{\"@type\":\"Article\",\"@id\":\"https:\/\/now-news.de\/de\/deutschland\/die-medien-und-ihre-suche-nach-den-schuldigen-fuer-die-gaskrise\/#article\",\"isPartOf\":{\"@id\":\"https:\/\/now-news.de\/de\/deutschland\/die-medien-und-ihre-suche-nach-den-schuldigen-fuer-die-gaskrise\/\"},\"author\":{\"name\":\"rtnews\",\"@id\":\"https:\/\/now-news.de\/de\/#\/schema\/person\/fb534a4e865501d8b3285208df34a9b5\"},\"headline\":\"Die Medien und ihre Suche nach den Schuldigen f\u00fcr die Gaskrise\",\"datePublished\":\"2022-08-29T13:08:31+00:00\",\"dateModified\":\"2022-08-29T13:08:31+00:00\",\"mainEntityOfPage\":{\"@id\":\"https:\/\/now-news.de\/de\/deutschland\/die-medien-und-ihre-suche-nach-den-schuldigen-fuer-die-gaskrise\/\"},\"wordCount\":2190,\"commentCount\":0,\"publisher\":{\"@id\":\"https:\/\/now-news.de\/de\/#organization\"},\"image\":{\"@id\":\"https:\/\/now-news.de\/de\/deutschland\/die-medien-und-ihre-suche-nach-den-schuldigen-fuer-die-gaskrise\/#primaryimage\"},\"thumbnailUrl\":\"https:\/\/now-news.de\/de\/wp-content\/uploads\/sites\/3\/2022\/08\/Die-Medien-und-ihre-Suche-nach-den-Schuldigen-fuer-die.jpg\",\"keywords\":[\"den\",\"die\",\"f\u00fcr\",\"Gaskrise\",\"ihre\",\"Medien\",\"nach\",\"Schuldigen\",\"Suche\",\"und\"],\"articleSection\":[\"Deutschland\",\"Russland\"],\"inLanguage\":\"de\",\"potentialAction\":[{\"@type\":\"CommentAction\",\"name\":\"Comment\",\"target\":[\"https:\/\/now-news.de\/de\/deutschland\/die-medien-und-ihre-suche-nach-den-schuldigen-fuer-die-gaskrise\/#respond\"]}]},{\"@type\":\"WebPage\",\"@id\":\"https:\/\/now-news.de\/de\/deutschland\/die-medien-und-ihre-suche-nach-den-schuldigen-fuer-die-gaskrise\/\",\"url\":\"https:\/\/now-news.de\/de\/deutschland\/die-medien-und-ihre-suche-nach-den-schuldigen-fuer-die-gaskrise\/\",\"name\":\"Die Medien und ihre Suche nach den Schuldigen f\u00fcr die Gaskrise - just-now.NEWS Deutschland\",\"isPartOf\":{\"@id\":\"https:\/\/now-news.de\/de\/#website\"},\"primaryImageOfPage\":{\"@id\":\"https:\/\/now-news.de\/de\/deutschland\/die-medien-und-ihre-suche-nach-den-schuldigen-fuer-die-gaskrise\/#primaryimage\"},\"image\":{\"@id\":\"https:\/\/now-news.de\/de\/deutschland\/die-medien-und-ihre-suche-nach-den-schuldigen-fuer-die-gaskrise\/#primaryimage\"},\"thumbnailUrl\":\"https:\/\/now-news.de\/de\/wp-content\/uploads\/sites\/3\/2022\/08\/Die-Medien-und-ihre-Suche-nach-den-Schuldigen-fuer-die.jpg\",\"datePublished\":\"2022-08-29T13:08:31+00:00\",\"dateModified\":\"2022-08-29T13:08:31+00:00\",\"breadcrumb\":{\"@id\":\"https:\/\/now-news.de\/de\/deutschland\/die-medien-und-ihre-suche-nach-den-schuldigen-fuer-die-gaskrise\/#breadcrumb\"},\"inLanguage\":\"de\",\"potentialAction\":[{\"@type\":\"ReadAction\",\"target\":[\"https:\/\/now-news.de\/de\/deutschland\/die-medien-und-ihre-suche-nach-den-schuldigen-fuer-die-gaskrise\/\"]}]},{\"@type\":\"ImageObject\",\"inLanguage\":\"de\",\"@id\":\"https:\/\/now-news.de\/de\/deutschland\/die-medien-und-ihre-suche-nach-den-schuldigen-fuer-die-gaskrise\/#primaryimage\",\"url\":\"https:\/\/now-news.de\/de\/wp-content\/uploads\/sites\/3\/2022\/08\/Die-Medien-und-ihre-Suche-nach-den-Schuldigen-fuer-die.jpg\",\"contentUrl\":\"https:\/\/now-news.de\/de\/wp-content\/uploads\/sites\/3\/2022\/08\/Die-Medien-und-ihre-Suche-nach-den-Schuldigen-fuer-die.jpg\",\"width\":460,\"height\":259,\"caption\":\"Die Medien und ihre Suche nach den Schuldigen f\u00fcr die Gaskrise\"},{\"@type\":\"BreadcrumbList\",\"@id\":\"https:\/\/now-news.de\/de\/deutschland\/die-medien-und-ihre-suche-nach-den-schuldigen-fuer-die-gaskrise\/#breadcrumb\",\"itemListElement\":[{\"@type\":\"ListItem\",\"position\":1,\"name\":\"Home\",\"item\":\"https:\/\/now-news.de\/de\/\"},{\"@type\":\"ListItem\",\"position\":2,\"name\":\"Die Medien und ihre Suche nach den Schuldigen f\u00fcr die Gaskrise\"}]},{\"@type\":\"WebSite\",\"@id\":\"https:\/\/now-news.de\/de\/#website\",\"url\":\"https:\/\/now-news.de\/de\/\",\"name\":\"just-now.NEWS Deutschland\",\"description\":\"Das Portal f\u00fcr unzensierte Nachrichten aus der Welt\",\"publisher\":{\"@id\":\"https:\/\/now-news.de\/de\/#organization\"},\"potentialAction\":[{\"@type\":\"SearchAction\",\"target\":{\"@type\":\"EntryPoint\",\"urlTemplate\":\"https:\/\/now-news.de\/de\/?s={search_term_string}\"},\"query-input\":\"required name=search_term_string\"}],\"inLanguage\":\"de\"},{\"@type\":\"Organization\",\"@id\":\"https:\/\/now-news.de\/de\/#organization\",\"name\":\"Just Now News\",\"url\":\"https:\/\/now-news.de\/de\/\",\"logo\":{\"@type\":\"ImageObject\",\"inLanguage\":\"de\",\"@id\":\"https:\/\/now-news.de\/de\/#\/schema\/logo\/image\/\",\"url\":\"http:\/\/just-now.news\/de\/wp-content\/uploads\/sites\/3\/2022\/04\/logo500x500.jpg\",\"contentUrl\":\"http:\/\/just-now.news\/de\/wp-content\/uploads\/sites\/3\/2022\/04\/logo500x500.jpg\",\"width\":500,\"height\":500,\"caption\":\"Just Now News\"},\"image\":{\"@id\":\"https:\/\/now-news.de\/de\/#\/schema\/logo\/image\/\"},\"sameAs\":[\"https:\/\/www.facebook.com\/wirmachenauf\",\"https:\/\/x.com\/WirMachenAuf_de\"]},{\"@type\":\"Person\",\"@id\":\"https:\/\/now-news.de\/de\/#\/schema\/person\/fb534a4e865501d8b3285208df34a9b5\",\"name\":\"rtnews\",\"image\":{\"@type\":\"ImageObject\",\"inLanguage\":\"de\",\"@id\":\"https:\/\/now-news.de\/de\/#\/schema\/person\/image\/\",\"url\":\"https:\/\/secure.gravatar.com\/avatar\/82aafea7d8127119dd649515f56e2117?s=96&d=mm&r=g\",\"contentUrl\":\"https:\/\/secure.gravatar.com\/avatar\/82aafea7d8127119dd649515f56e2117?s=96&d=mm&r=g\",\"caption\":\"rtnews\"},\"url\":\"https:\/\/now-news.de\/de\/author\/rnews\/\"}]}<\/script>\n<!-- \/ Yoast SEO Premium plugin. -->","yoast_head_json":{"title":"Die Medien und ihre Suche nach den Schuldigen f\u00fcr die Gaskrise - just-now.NEWS Deutschland","robots":{"index":"index","follow":"follow","max-snippet":"max-snippet:-1","max-image-preview":"max-image-preview:large","max-video-preview":"max-video-preview:-1"},"canonical":"https:\/\/now-news.de\/de\/deutschland\/die-medien-und-ihre-suche-nach-den-schuldigen-fuer-die-gaskrise\/","og_locale":"de_DE","og_type":"article","og_title":"Die Medien und ihre Suche nach den Schuldigen f\u00fcr die Gaskrise","og_description":"Die Medien suchen Schuldige f\u00fcr die aktuelle Gas- und Energiekrise. Dabei sollen die aktuellen Regierungen aus der Schusslinie genommen werden. Besonders interessant ist ein noch geheimes Filmprojekt. von Thomas R\u00f6per Die aktuelle Gas- und Energiekrise ist hausgemacht, dar\u00fcber habe ich oft berichtet. An dieser Stelle will ich darauf nicht eingehen, am Ende dieses Artikels finden [&hellip;]","og_url":"https:\/\/now-news.de\/de\/deutschland\/die-medien-und-ihre-suche-nach-den-schuldigen-fuer-die-gaskrise\/","og_site_name":"just-now.NEWS Deutschland","article_publisher":"https:\/\/www.facebook.com\/wirmachenauf","article_published_time":"2022-08-29T13:08:31+00:00","og_image":[{"width":460,"height":259,"url":"https:\/\/now-news.de\/de\/wp-content\/uploads\/sites\/3\/2022\/08\/Die-Medien-und-ihre-Suche-nach-den-Schuldigen-fuer-die.jpg","type":"image\/jpeg"}],"author":"rtnews","twitter_card":"summary_large_image","twitter_creator":"@WirMachenAuf_de","twitter_site":"@WirMachenAuf_de","twitter_misc":{"Verfasst von":"rtnews","Gesch\u00e4tzte Lesezeit":"11\u00a0Minuten"},"schema":{"@context":"https:\/\/schema.org","@graph":[{"@type":"Article","@id":"https:\/\/now-news.de\/de\/deutschland\/die-medien-und-ihre-suche-nach-den-schuldigen-fuer-die-gaskrise\/#article","isPartOf":{"@id":"https:\/\/now-news.de\/de\/deutschland\/die-medien-und-ihre-suche-nach-den-schuldigen-fuer-die-gaskrise\/"},"author":{"name":"rtnews","@id":"https:\/\/now-news.de\/de\/#\/schema\/person\/fb534a4e865501d8b3285208df34a9b5"},"headline":"Die Medien und ihre Suche nach den Schuldigen f\u00fcr die Gaskrise","datePublished":"2022-08-29T13:08:31+00:00","dateModified":"2022-08-29T13:08:31+00:00","mainEntityOfPage":{"@id":"https:\/\/now-news.de\/de\/deutschland\/die-medien-und-ihre-suche-nach-den-schuldigen-fuer-die-gaskrise\/"},"wordCount":2190,"commentCount":0,"publisher":{"@id":"https:\/\/now-news.de\/de\/#organization"},"image":{"@id":"https:\/\/now-news.de\/de\/deutschland\/die-medien-und-ihre-suche-nach-den-schuldigen-fuer-die-gaskrise\/#primaryimage"},"thumbnailUrl":"https:\/\/now-news.de\/de\/wp-content\/uploads\/sites\/3\/2022\/08\/Die-Medien-und-ihre-Suche-nach-den-Schuldigen-fuer-die.jpg","keywords":["den","die","f\u00fcr","Gaskrise","ihre","Medien","nach","Schuldigen","Suche","und"],"articleSection":["Deutschland","Russland"],"inLanguage":"de","potentialAction":[{"@type":"CommentAction","name":"Comment","target":["https:\/\/now-news.de\/de\/deutschland\/die-medien-und-ihre-suche-nach-den-schuldigen-fuer-die-gaskrise\/#respond"]}]},{"@type":"WebPage","@id":"https:\/\/now-news.de\/de\/deutschland\/die-medien-und-ihre-suche-nach-den-schuldigen-fuer-die-gaskrise\/","url":"https:\/\/now-news.de\/de\/deutschland\/die-medien-und-ihre-suche-nach-den-schuldigen-fuer-die-gaskrise\/","name":"Die Medien und ihre Suche nach den Schuldigen f\u00fcr die Gaskrise - just-now.NEWS Deutschland","isPartOf":{"@id":"https:\/\/now-news.de\/de\/#website"},"primaryImageOfPage":{"@id":"https:\/\/now-news.de\/de\/deutschland\/die-medien-und-ihre-suche-nach-den-schuldigen-fuer-die-gaskrise\/#primaryimage"},"image":{"@id":"https:\/\/now-news.de\/de\/deutschland\/die-medien-und-ihre-suche-nach-den-schuldigen-fuer-die-gaskrise\/#primaryimage"},"thumbnailUrl":"https:\/\/now-news.de\/de\/wp-content\/uploads\/sites\/3\/2022\/08\/Die-Medien-und-ihre-Suche-nach-den-Schuldigen-fuer-die.jpg","datePublished":"2022-08-29T13:08:31+00:00","dateModified":"2022-08-29T13:08:31+00:00","breadcrumb":{"@id":"https:\/\/now-news.de\/de\/deutschland\/die-medien-und-ihre-suche-nach-den-schuldigen-fuer-die-gaskrise\/#breadcrumb"},"inLanguage":"de","potentialAction":[{"@type":"ReadAction","target":["https:\/\/now-news.de\/de\/deutschland\/die-medien-und-ihre-suche-nach-den-schuldigen-fuer-die-gaskrise\/"]}]},{"@type":"ImageObject","inLanguage":"de","@id":"https:\/\/now-news.de\/de\/deutschland\/die-medien-und-ihre-suche-nach-den-schuldigen-fuer-die-gaskrise\/#primaryimage","url":"https:\/\/now-news.de\/de\/wp-content\/uploads\/sites\/3\/2022\/08\/Die-Medien-und-ihre-Suche-nach-den-Schuldigen-fuer-die.jpg","contentUrl":"https:\/\/now-news.de\/de\/wp-content\/uploads\/sites\/3\/2022\/08\/Die-Medien-und-ihre-Suche-nach-den-Schuldigen-fuer-die.jpg","width":460,"height":259,"caption":"Die Medien und ihre Suche nach den Schuldigen f\u00fcr die Gaskrise"},{"@type":"BreadcrumbList","@id":"https:\/\/now-news.de\/de\/deutschland\/die-medien-und-ihre-suche-nach-den-schuldigen-fuer-die-gaskrise\/#breadcrumb","itemListElement":[{"@type":"ListItem","position":1,"name":"Home","item":"https:\/\/now-news.de\/de\/"},{"@type":"ListItem","position":2,"name":"Die Medien und ihre Suche nach den Schuldigen f\u00fcr die Gaskrise"}]},{"@type":"WebSite","@id":"https:\/\/now-news.de\/de\/#website","url":"https:\/\/now-news.de\/de\/","name":"just-now.NEWS Deutschland","description":"Das Portal f\u00fcr unzensierte Nachrichten aus der Welt","publisher":{"@id":"https:\/\/now-news.de\/de\/#organization"},"potentialAction":[{"@type":"SearchAction","target":{"@type":"EntryPoint","urlTemplate":"https:\/\/now-news.de\/de\/?s={search_term_string}"},"query-input":"required name=search_term_string"}],"inLanguage":"de"},{"@type":"Organization","@id":"https:\/\/now-news.de\/de\/#organization","name":"Just Now News","url":"https:\/\/now-news.de\/de\/","logo":{"@type":"ImageObject","inLanguage":"de","@id":"https:\/\/now-news.de\/de\/#\/schema\/logo\/image\/","url":"http:\/\/just-now.news\/de\/wp-content\/uploads\/sites\/3\/2022\/04\/logo500x500.jpg","contentUrl":"http:\/\/just-now.news\/de\/wp-content\/uploads\/sites\/3\/2022\/04\/logo500x500.jpg","width":500,"height":500,"caption":"Just Now News"},"image":{"@id":"https:\/\/now-news.de\/de\/#\/schema\/logo\/image\/"},"sameAs":["https:\/\/www.facebook.com\/wirmachenauf","https:\/\/x.com\/WirMachenAuf_de"]},{"@type":"Person","@id":"https:\/\/now-news.de\/de\/#\/schema\/person\/fb534a4e865501d8b3285208df34a9b5","name":"rtnews","image":{"@type":"ImageObject","inLanguage":"de","@id":"https:\/\/now-news.de\/de\/#\/schema\/person\/image\/","url":"https:\/\/secure.gravatar.com\/avatar\/82aafea7d8127119dd649515f56e2117?s=96&d=mm&r=g","contentUrl":"https:\/\/secure.gravatar.com\/avatar\/82aafea7d8127119dd649515f56e2117?s=96&d=mm&r=g","caption":"rtnews"},"url":"https:\/\/now-news.de\/de\/author\/rnews\/"}]}},"_links":{"self":[{"href":"https:\/\/now-news.de\/de\/wp-json\/wp\/v2\/posts\/17961"}],"collection":[{"href":"https:\/\/now-news.de\/de\/wp-json\/wp\/v2\/posts"}],"about":[{"href":"https:\/\/now-news.de\/de\/wp-json\/wp\/v2\/types\/post"}],"author":[{"embeddable":true,"href":"https:\/\/now-news.de\/de\/wp-json\/wp\/v2\/users\/3"}],"replies":[{"embeddable":true,"href":"https:\/\/now-news.de\/de\/wp-json\/wp\/v2\/comments?post=17961"}],"version-history":[{"count":0,"href":"https:\/\/now-news.de\/de\/wp-json\/wp\/v2\/posts\/17961\/revisions"}],"wp:featuredmedia":[{"embeddable":true,"href":"https:\/\/now-news.de\/de\/wp-json\/wp\/v2\/media\/17962"}],"wp:attachment":[{"href":"https:\/\/now-news.de\/de\/wp-json\/wp\/v2\/media?parent=17961"}],"wp:term":[{"taxonomy":"category","embeddable":true,"href":"https:\/\/now-news.de\/de\/wp-json\/wp\/v2\/categories?post=17961"},{"taxonomy":"post_tag","embeddable":true,"href":"https:\/\/now-news.de\/de\/wp-json\/wp\/v2\/tags?post=17961"}],"curies":[{"name":"wp","href":"https:\/\/api.w.org\/{rel}","templated":true}]}}