{"id":17913,"date":"2022-08-28T21:05:37","date_gmt":"2022-08-28T19:05:37","guid":{"rendered":"http:\/\/just-now.news\/de\/deutschland\/biblische-ausmasse-duerre-wie-vor-einem-halben-jahrtausend\/"},"modified":"2022-08-28T21:05:37","modified_gmt":"2022-08-28T19:05:37","slug":"biblische-ausmasse-duerre-wie-vor-einem-halben-jahrtausend","status":"publish","type":"post","link":"https:\/\/now-news.de\/de\/deutschland\/biblische-ausmasse-duerre-wie-vor-einem-halben-jahrtausend\/","title":{"rendered":"Biblische Ausma\u00dfe \u2013 D\u00fcrre wie vor einem halben Jahrtausend"},"content":{"rendered":"<p><img decoding=\"async\" src=\"http:\/\/just-now.news\/de\/wp-content\/uploads\/sites\/3\/2022\/08\/630a3937b480cc23497e25dd.jpg\" \/><\/p>\n<div class=\"Text-root Text-type_1 \">\n                Die kausale Kette zwischen Ernte, D\u00fcrre, Nahrung und letztendlich Hunger bedarf n\u00e4herer Betrachtung. Dieses Jahr besonders, da die Dimensionen alle Parameter und Referenzen sprengen. Die Aussichten sind verheerend.\n            <\/div>\n<p><\/p>\n<div class=\"Text-root Text-type_5 ArticleView-text ViewText-root \">\n<p><em>Von Elem Raznochintsky<\/em><\/p>\n<p>Schon im Mittelalter war die Korrelation zwischen D\u00fcrre und Ernte jedem Menschen ersichtlich. So sehr, dass nun die auftretenden Niedrigwasser historische Warnungen \u2013 buchst\u00e4blich in Stein gemei\u00dfelt \u2013 offenlegen. An der schon extrem wasserarmen Elbe entdeckte man die mittelalterliche Aufschrift &#8220;Wenn du das siehst, weine&#8221;, die B\u00e4nde spricht. D\u00fcrre bedeutet baldige Hungersnot.<\/p>\n<p>Fl\u00fcsse spielen nach wie vor eine essenzielle Rolle bei der Bew\u00e4sserung von Land, ganz zu schweigen von der modernen Logistik und dem Transport von Energieg\u00fctern, die auf Deutschlands Wasserstra\u00dfen jetzt schon seit Wochen nicht mehr m\u00f6glich sind. Die Niedrigst\u00e4nde dieser Flie\u00dfgew\u00e4sser forcieren auch das Zur\u00fcckfahren der Stromproduktion.<\/p>\n<p><strong>Kurz abseits der Wege<\/strong><\/p>\n<p>Nach den <a rel=\"nofollow noopener\" target=\"_blank\" href=\"https:\/\/www.handelsblatt.com\/politik\/deutschland\/ukraine-krieg-sorge-um-innere-sicherheit-verfassungsschutz-warnt-vor-russischen-falschinformationen-zu-gasknappheit\/28604664.html\">j\u00fcngsten Versuchen<\/a> der obskurantistischen Schadenskontrolle des Bundesnachrichtendienst-Chefs Thomas Haldenwang stellt sich die Frage: Wer ist die von ihm genannte &#8220;radikalisierte Minderheit aus Rechtsextremisten, Delegitimierern, Reichsb\u00fcrgern und Verschw\u00f6rungsgl\u00e4ubigen&#8221;, die &#8220;sich in Stellung bringt, um Themen wie den Krieg in der Ukraine, steigende Preise, Inflation und die Coronapandemie zu besetzen und zur Mobilisierung zu missbrauchen&#8221;?<\/p>\n<p>Geht es ihm konkret um die deutsche Chefdiplomatin Annalena Baerbock, die herbstliche Volksaufst\u00e4nde in der BRD f\u00fcr m\u00f6glich h\u00e4lt? Oder hatte Haldenwang bei seiner Warnung eher Robert Habeck im Sinn, der die F\u00fcnf-Minuten-Regel f\u00fcr die Dusche bereits ins Gewohnheitsrecht einbetten m\u00f6chte? Wom\u00f6glich schwebten ihm die &#8220;ideologischen Gef\u00e4hrder&#8221; von der Deutschen Wirtschaftswoche mit ihrer vermeintlich unbegr\u00fcndeten und unfundierten <a rel=\"nofollow noopener\" target=\"_blank\" href=\"https:\/\/deutsche-wirtschafts-nachrichten.de\/521432\/Deutschland-riskiert-die-Abwanderung-seiner-Industrie\">Panikmache<\/a> vor.<\/p>\n<p>Die b\u00f6se Zunge mal beiseite gelegt: Klar meinte der Staatsdiener eigentlich die ganzen peripheren deutschsprachigen Telegram-Kan\u00e4le, die hastig vom WEF-Aspiranten <a rel=\"nofollow noopener\" target=\"_blank\" href=\"https:\/\/swprs.org\/the-young-global-leaders-of-the-davos-world-economic-forum-wef\/\">Pavel Durov<\/a> hierzulande gesperrt werden m\u00fcssen. Aber die Reichweite dieser kleinen, alternativen Echokammern ist bei Weitem nicht so gro\u00df, wie man dem deutschen Rundfunkbeitragszahler suggeriert.<\/p>\n<p>Zu gro\u00df ist n\u00e4mlich (noch) die Ber\u00fchrungsangst des hiesigen B\u00fcrgers, Narrativen aus dem NEON Magazin, fluter, Lettre International und den \u00fcblichen NATO-Verd\u00e4chtigen wie Zeit, FAZ oder der S\u00fcddeutschen Zeitung zu hinterfragen.<\/p>\n<p>Zum Beispiel mit alternativen Medien aus der Feder von Robert Dreyfuss, Chris Hedges, Edwin Black, Seymour Hersh, Michael Parenti oder Robert Parry, um nur einige lesenswerte allein aus der US-amerikanischen Dom\u00e4ne zu nennen. Aber f\u00fcr etatistische Apparatschiks wie Haldenwang gibt es nur das ARD-Hauptstadtstudio auf der einen Seite oder den veganen Koch Attila Hildmann auf der anderen.<\/p>\n<p>In seiner Aufz\u00e4hlung nennt Haldenwang nicht einmal die m\u00f6glichen Hungersn\u00f6te in Europa, mit denen man auch potenziell \u201cPanikmache\u201d betreiben k\u00f6nnte \u2013 so abwegig erscheint dieses Konzept den Volksvertretern bisher noch. Dabei k\u00f6nnten, bei all unserer \u00fcberheblichen \u00dcberlegenheit und Verw\u00f6hnung, solche Zeiten sich am Horizont zu kristallisieren beginnen.<\/p>\n<p><strong>Die politisch hitzige D\u00fcrre<\/strong><\/p>\n<p>Und so bedarf es lediglich eines gesunden Menschenverstandes, um die Berichte von der europ\u00e4ischen Rekordhitze \u2013 und der mittlerweile institutionell von den staatlich offiziell sanktionierten Experten europa- und weltweit best\u00e4tigten D\u00fcrre \u2013 in den logischen Zusammenhang zu bringen. Weltweit aufgenommene Bilder von fast ausgetrockneten Gew\u00e4ssern wie Seen und Fl\u00fcssen verbreiten sich wie Internet-Memes. Die Gemeinsame Forschungsstelle (GFS) der Europ\u00e4ischen Kommission gab in ihrem monatlichen Bericht zur D\u00fcrre-Situation in den Niederlanden f\u00fcr August Folgendes <a rel=\"nofollow noopener\" target=\"_blank\" href=\"https:\/\/edo.jrc.ec.europa.eu\/documents\/news\/GDO-EDODroughtNews202208_Netherlands.pdf\">bekannt<\/a>:<\/p>\n<blockquote>\n<p><em>&#8220;F\u00fcr den Zeitraum von Juli bis September wird f\u00fcr die Niederlande und die umliegenden L\u00e4nder eine \u00fcberdurchschnittliche Trockenheit vorhergesagt, was f\u00fcr die Bewirtschaftung der Wasserressourcen und deren Verf\u00fcgbarkeit in den kommenden Monaten Anlass zur Sorge gibt. Es wird erwartet, dass die Niederschl\u00e4ge in Mitteleuropa weit und stark unter dem Durchschnitt liegen werden, was sich auf das gesamte Wassereinzugsgebiet von Rhein und Maas auswirken wird.&#8221;<\/em><\/p>\n<\/blockquote>\n<p>Diese Ausf\u00fchrungen m\u00fcssten auch in Deutschland ernst genommen werden. Da reicht es nicht f\u00fcr Berlin, die Niederlande zum EU-Exit zu bewegen, um das Problem zu l\u00f6sen. Im Zeitalter der Dominanz der \u2013 sich als kurzsichtiger Szientismus tarnenden \u2013 Wissenschaft haben sich viele der Illusion hingegeben, der Natur mittlerweile Herr geworden zu sein. Genau hier aber lauert ein b\u00f6ses Erwachen.<\/p>\n<p>Der Analyst f\u00fcr Umweltfragen und ehemalige Pr\u00e4sident des Earth Policy Institute Lester Brown hat nicht den Parameter Bruttoinlandsprodukt oder Energiepreise als prim\u00e4ren Indikator f\u00fcr verl\u00e4ssliche Prognosen sozialer Unruhe gesehen. Er bot stattdessen <a rel=\"nofollow noopener\" target=\"_blank\" href=\"https:\/\/slate.com\/technology\/2014\/04\/food-riots-and-revolution-grain-prices-predict-political-instability.html\">einen anderen Ansatz<\/a>:<\/p>\n<blockquote>\n<p><em>&#8220;Wenn ich einen einzigen Indikator \u2013 wirtschaftlich, politisch, sozial \u2013 ausw\u00e4hlen sollte, der meiner Meinung nach mehr aussagt als alle anderen, dann w\u00e4re es der Getreidepreis.&#8221;<\/em><\/p>\n<\/blockquote>\n<p>Wenn man das also weiterdenkt, wird aufgrund der schier pr\u00e4zedenzlosen D\u00fcrre die Getreideernte stark beeintr\u00e4chtigt. Ganz zu schweigen von der ohnehin stark gest\u00f6rten Logistik der bereits vorhandenen G\u00fcter. Dadurch erh\u00f6ht sich die Knappheit des Getreides, was wiederum zur dramatischen Ersch\u00fctterung des Angebot-Nachfrage-Gleichgewichts beitr\u00e4gt.<\/p>\n<p>Aus welchen kulturellen Gr\u00fcnden auch immer, der Sexualtrieb wird als inh\u00e4rentester Instinkt des Menschen betrachtet. &#8220;Hunger is just not sexy enough&#8221;, von einem Autor ohne Namen. Dabei scheinen alle Diskursteilnehmer direkt nach dem zweiten Fr\u00fchst\u00fcck zu sein. Wenn es n\u00e4mlich darauf ankommt, ist der Essenstrieb noch bei Weitem dringlicher. Kann man sich selbst und seine Familie nicht mehr ern\u00e4hren, erw\u00e4chst eine vollkommen neue Qualit\u00e4t des Tatendranges \u2013 und dieser kann sich nur politisch \u00e4u\u00dfern.<\/p>\n<p><strong>Wenn es bereits zu sp\u00e4t ist, k\u00fcmmern wir uns darum<\/strong><\/p>\n<p>Zwischen der Ukraine und Russland herrscht Krieg. Beide L\u00e4nder geh\u00f6ren zu den f\u00fcnf gr\u00f6\u00dften Lieferanten f\u00fcr Getreide weltweit, mit der Ukraine auf dem 5. Platz und Russland auf dem 1. Platz. Allein wegen dieses Konfliktes, der h\u00e4tte vermieden werden k\u00f6nnen, ist die Nahrungsmittelkette stark gest\u00f6rt. Nun tritt auch noch die Natur auf den Plan und fordert ihren Tribut.<\/p>\n<p>Ja, es gibt ein Abkommen, mit der T\u00fcrkei als Vermittler, das den Transporten das Verlassen der ukrainischen Schwarzmeerh\u00e4fen versichert. Das interessiert aber Mutter Natur kaum, die weiter an ihrer D\u00fcrre bastelt. Es handelt sich zwar einerseits um verschiedene Kategorien, diese haben aber andererseits einen b\u00fcndelnden Gesamteffekt.<\/p>\n<p>Der Hunger ist nicht nur eine Trag\u00f6die. Er ist einer der historisch m\u00e4chtigsten Hebel f\u00fcr raschen und gewaltsamen politischen Wandel. Zumindest f\u00fcr die, die ihn bedienen k\u00f6nnen. Genau dieser scheint f\u00fcr die Jahre unmittelbar nach 2022 in Planung zu sein. Denn der Hebel kann bewusst bewegt und umgerissen werden. Bisher waren es der Mittlere Osten und Nordafrika, die als gr\u00f6\u00dfere Erdregionen am empfindlichsten auf solche Schwankungen \u2013 ob vors\u00e4tzlich verursacht oder nicht \u2013 reagieren mussten. Dort war es sowieso seit jeher eine Frage von Leben und Tod.<\/p>\n<p><strong>Getreidereserven<\/strong><\/p>\n<p>Die D\u00fcrre ist bei Weitem nicht nur Europas Problem. Auch China hat mit ihr in Form einer historischen Hitzewelle arg zu k\u00e4mpfen. Peking hat aber auch gleichzeitig \u00fcber die Jahre zwei Drittel der weltweiten Getreidereserven im Inland <a rel=\"nofollow noopener\" target=\"_blank\" href=\"https:\/\/www.dlg.org\/en\/agriculture\/topics\/dlg-agrifuture-magazine\/knowledge-skills\/grain-reserves-in-the-hands-of-just-a-few-countries\">gehortet<\/a>, und der Prozess geht stetig weiter. Die chinesischen Lager sind nur f\u00fcr inneren Handel, nicht aber f\u00fcr den Export bestimmt. So \u00e4hnlich verh\u00e4lt es sich mit Indien. Die EU besitzt zwar auch Reserven, aber diese sind nicht im Besitz der Bauern, sondern es sind staatliche Institutionen, die die Reserven in Speicheranlagen konzentrieren.<\/p>\n<p>Um noch ein globales Beispiel zu nennen: In den Vereinigten Staaten begann die D\u00fcrre praktisch schon in der vorigen Saison und zieht sich dieses Jahr weiter, mit einer prognostizierten Zuspitzung. US-Bundesstaaten wie Texas, Iowa und Oklahoma haben somit auch mit Wasserknappheit zu k\u00e4mpfen. Die Menschen aus der US-Agrarindustrie sind auch dort besorgt.<\/p>\n<p><strong>Warnungen sind nicht staatsfeindlich<\/strong><\/p>\n<p>So weit ist es schon gekommen, dass man, wenn man fundierte und empirisch veranlagte Sorgen \u00e4u\u00dfert, bereits die Etikette des Staatsfeindes angeheftet bekommt \u2013 freundlich zertifiziert vom Bundesnachrichtendienst.<\/p>\n<p>Da sollte man erkennen, dass in gesellschaftspolitischen Notfallsituationen die Vernunft eine rare und gefragte Tugend ist. Es liegt auf der Hand, dass diese kommende Nahrungs-, aber auch Energiekrise einzig mit Russland zu bew\u00e4ltigen ist. Ohne Moskau wird der Westen durch eine selbst verschuldete Ersch\u00fctterung schreiten, die schwerwiegende Konsequenzen nach sich zieht.<\/p>\n<p><strong>Mehr zum Thema<\/strong> &#8211;\u00a0<a rel=\"nofollow noopener\" target=\"_blank\" href=\"https:\/\/test.rtde.tech\/kurzclips\/video\/146198-flusse-europas-trocknen-aus\/\">Die Fl\u00fcsse Europas trocknen aus: Elbe und Rhein offenbaren jahrhundertalte Hungersteine<\/a><\/p>\n<\/p>\n<\/div>\n<p><br \/>\n<br \/><a href=\"https:\/\/de.rt.com\/meinung\/147262-biblische-ausmasse-durre-wie-vor\/\">Source link <\/a><\/p>\n","protected":false},"excerpt":{"rendered":"<p>Die kausale Kette zwischen Ernte, D\u00fcrre, Nahrung und letztendlich Hunger bedarf n\u00e4herer Betrachtung. Dieses Jahr besonders, da die Dimensionen alle Parameter und Referenzen sprengen. Die Aussichten sind verheerend. Von Elem Raznochintsky Schon im Mittelalter war die Korrelation zwischen D\u00fcrre und Ernte jedem Menschen ersichtlich. So sehr, dass nun die auftretenden Niedrigwasser historische Warnungen \u2013 buchst\u00e4blich [&hellip;]<\/p>\n","protected":false},"author":3,"featured_media":17914,"comment_status":"open","ping_status":"open","sticky":false,"template":"","format":"standard","meta":{"wp_automatic_camp":["217"],"12e48a80c42e2415baa0fee6a0898cf2":["Biblische Ausma\u00dfe \u2013 D\u00fcrre wie vor einem halben Jahrtausend"],"original_link":["https:\/\/de.rt.com\/meinung\/147262-biblische-ausmasse-durre-wie-vor\/"],"_thumbnail_id":["17914"],"_wptg_p2tg_sent2tg":["2022-08-28 21:11:36"],"jnews_social_counter_last_update":["1777197352"]},"categories":[19,23],"tags":[29813,31860,21549,352,31861,31862,320,579],"yoast_head":"<!-- This site is optimized with the Yoast SEO Premium plugin v22.7 (Yoast SEO v22.7) - https:\/\/yoast.com\/wordpress\/plugins\/seo\/ -->\n<title>Biblische Ausma\u00dfe \u2013 D\u00fcrre wie vor einem halben Jahrtausend - just-now.NEWS Deutschland<\/title>\n<meta name=\"robots\" content=\"index, follow, max-snippet:-1, max-image-preview:large, max-video-preview:-1\" \/>\n<link rel=\"canonical\" href=\"https:\/\/now-news.de\/de\/deutschland\/biblische-ausmasse-duerre-wie-vor-einem-halben-jahrtausend\/\" \/>\n<meta property=\"og:locale\" content=\"de_DE\" \/>\n<meta property=\"og:type\" content=\"article\" \/>\n<meta property=\"og:title\" content=\"Biblische Ausma\u00dfe \u2013 D\u00fcrre wie vor einem halben Jahrtausend\" \/>\n<meta property=\"og:description\" content=\"Die kausale Kette zwischen Ernte, D\u00fcrre, Nahrung und letztendlich Hunger bedarf n\u00e4herer Betrachtung. Dieses Jahr besonders, da die Dimensionen alle Parameter und Referenzen sprengen. Die Aussichten sind verheerend. Von Elem Raznochintsky Schon im Mittelalter war die Korrelation zwischen D\u00fcrre und Ernte jedem Menschen ersichtlich. So sehr, dass nun die auftretenden Niedrigwasser historische Warnungen \u2013 buchst\u00e4blich [&hellip;]\" \/>\n<meta property=\"og:url\" content=\"https:\/\/now-news.de\/de\/deutschland\/biblische-ausmasse-duerre-wie-vor-einem-halben-jahrtausend\/\" \/>\n<meta property=\"og:site_name\" content=\"just-now.NEWS Deutschland\" \/>\n<meta property=\"article:publisher\" content=\"https:\/\/www.facebook.com\/wirmachenauf\" \/>\n<meta property=\"article:published_time\" content=\"2022-08-28T19:05:37+00:00\" \/>\n<meta property=\"og:image\" content=\"https:\/\/now-news.de\/de\/wp-content\/uploads\/sites\/3\/2022\/08\/Biblische-Ausmasse-\u2013-Duerre-wie-vor-einem-halben-Jahrtausend.jpg\" \/>\n\t<meta property=\"og:image:width\" content=\"460\" \/>\n\t<meta property=\"og:image:height\" content=\"259\" \/>\n\t<meta property=\"og:image:type\" content=\"image\/jpeg\" \/>\n<meta name=\"author\" content=\"rtnews\" \/>\n<meta name=\"twitter:card\" content=\"summary_large_image\" \/>\n<meta name=\"twitter:creator\" content=\"@WirMachenAuf_de\" \/>\n<meta name=\"twitter:site\" content=\"@WirMachenAuf_de\" \/>\n<meta name=\"twitter:label1\" content=\"Verfasst von\" \/>\n\t<meta name=\"twitter:data1\" content=\"rtnews\" \/>\n\t<meta name=\"twitter:label2\" content=\"Gesch\u00e4tzte Lesezeit\" \/>\n\t<meta name=\"twitter:data2\" content=\"7\u00a0Minuten\" \/>\n<script type=\"application\/ld+json\" class=\"yoast-schema-graph\">{\"@context\":\"https:\/\/schema.org\",\"@graph\":[{\"@type\":\"Article\",\"@id\":\"https:\/\/now-news.de\/de\/deutschland\/biblische-ausmasse-duerre-wie-vor-einem-halben-jahrtausend\/#article\",\"isPartOf\":{\"@id\":\"https:\/\/now-news.de\/de\/deutschland\/biblische-ausmasse-duerre-wie-vor-einem-halben-jahrtausend\/\"},\"author\":{\"name\":\"rtnews\",\"@id\":\"https:\/\/now-news.de\/de\/#\/schema\/person\/fb534a4e865501d8b3285208df34a9b5\"},\"headline\":\"Biblische Ausma\u00dfe \u2013 D\u00fcrre wie vor einem halben Jahrtausend\",\"datePublished\":\"2022-08-28T19:05:37+00:00\",\"dateModified\":\"2022-08-28T19:05:37+00:00\",\"mainEntityOfPage\":{\"@id\":\"https:\/\/now-news.de\/de\/deutschland\/biblische-ausmasse-duerre-wie-vor-einem-halben-jahrtausend\/\"},\"wordCount\":1369,\"commentCount\":0,\"publisher\":{\"@id\":\"https:\/\/now-news.de\/de\/#organization\"},\"image\":{\"@id\":\"https:\/\/now-news.de\/de\/deutschland\/biblische-ausmasse-duerre-wie-vor-einem-halben-jahrtausend\/#primaryimage\"},\"thumbnailUrl\":\"https:\/\/now-news.de\/de\/wp-content\/uploads\/sites\/3\/2022\/08\/Biblische-Ausmasse-\u2013-Duerre-wie-vor-einem-halben-Jahrtausend.jpg\",\"keywords\":[\"Ausma\u00dfe\",\"Biblische\",\"D\u00fcrre\",\"einem\",\"halben\",\"Jahrtausend\",\"vor\",\"Wie\"],\"articleSection\":[\"Deutschland\",\"Russland\"],\"inLanguage\":\"de\",\"potentialAction\":[{\"@type\":\"CommentAction\",\"name\":\"Comment\",\"target\":[\"https:\/\/now-news.de\/de\/deutschland\/biblische-ausmasse-duerre-wie-vor-einem-halben-jahrtausend\/#respond\"]}]},{\"@type\":\"WebPage\",\"@id\":\"https:\/\/now-news.de\/de\/deutschland\/biblische-ausmasse-duerre-wie-vor-einem-halben-jahrtausend\/\",\"url\":\"https:\/\/now-news.de\/de\/deutschland\/biblische-ausmasse-duerre-wie-vor-einem-halben-jahrtausend\/\",\"name\":\"Biblische Ausma\u00dfe \u2013 D\u00fcrre wie vor einem halben Jahrtausend - just-now.NEWS Deutschland\",\"isPartOf\":{\"@id\":\"https:\/\/now-news.de\/de\/#website\"},\"primaryImageOfPage\":{\"@id\":\"https:\/\/now-news.de\/de\/deutschland\/biblische-ausmasse-duerre-wie-vor-einem-halben-jahrtausend\/#primaryimage\"},\"image\":{\"@id\":\"https:\/\/now-news.de\/de\/deutschland\/biblische-ausmasse-duerre-wie-vor-einem-halben-jahrtausend\/#primaryimage\"},\"thumbnailUrl\":\"https:\/\/now-news.de\/de\/wp-content\/uploads\/sites\/3\/2022\/08\/Biblische-Ausmasse-\u2013-Duerre-wie-vor-einem-halben-Jahrtausend.jpg\",\"datePublished\":\"2022-08-28T19:05:37+00:00\",\"dateModified\":\"2022-08-28T19:05:37+00:00\",\"breadcrumb\":{\"@id\":\"https:\/\/now-news.de\/de\/deutschland\/biblische-ausmasse-duerre-wie-vor-einem-halben-jahrtausend\/#breadcrumb\"},\"inLanguage\":\"de\",\"potentialAction\":[{\"@type\":\"ReadAction\",\"target\":[\"https:\/\/now-news.de\/de\/deutschland\/biblische-ausmasse-duerre-wie-vor-einem-halben-jahrtausend\/\"]}]},{\"@type\":\"ImageObject\",\"inLanguage\":\"de\",\"@id\":\"https:\/\/now-news.de\/de\/deutschland\/biblische-ausmasse-duerre-wie-vor-einem-halben-jahrtausend\/#primaryimage\",\"url\":\"https:\/\/now-news.de\/de\/wp-content\/uploads\/sites\/3\/2022\/08\/Biblische-Ausmasse-\u2013-Duerre-wie-vor-einem-halben-Jahrtausend.jpg\",\"contentUrl\":\"https:\/\/now-news.de\/de\/wp-content\/uploads\/sites\/3\/2022\/08\/Biblische-Ausmasse-\u2013-Duerre-wie-vor-einem-halben-Jahrtausend.jpg\",\"width\":460,\"height\":259,\"caption\":\"Biblische Ausma\u00dfe \u2013 D\u00fcrre wie vor einem halben Jahrtausend\"},{\"@type\":\"BreadcrumbList\",\"@id\":\"https:\/\/now-news.de\/de\/deutschland\/biblische-ausmasse-duerre-wie-vor-einem-halben-jahrtausend\/#breadcrumb\",\"itemListElement\":[{\"@type\":\"ListItem\",\"position\":1,\"name\":\"Home\",\"item\":\"https:\/\/now-news.de\/de\/\"},{\"@type\":\"ListItem\",\"position\":2,\"name\":\"Biblische Ausma\u00dfe \u2013 D\u00fcrre wie vor einem halben Jahrtausend\"}]},{\"@type\":\"WebSite\",\"@id\":\"https:\/\/now-news.de\/de\/#website\",\"url\":\"https:\/\/now-news.de\/de\/\",\"name\":\"just-now.NEWS Deutschland\",\"description\":\"Das Portal f\u00fcr unzensierte Nachrichten aus der Welt\",\"publisher\":{\"@id\":\"https:\/\/now-news.de\/de\/#organization\"},\"potentialAction\":[{\"@type\":\"SearchAction\",\"target\":{\"@type\":\"EntryPoint\",\"urlTemplate\":\"https:\/\/now-news.de\/de\/?s={search_term_string}\"},\"query-input\":\"required name=search_term_string\"}],\"inLanguage\":\"de\"},{\"@type\":\"Organization\",\"@id\":\"https:\/\/now-news.de\/de\/#organization\",\"name\":\"Just Now News\",\"url\":\"https:\/\/now-news.de\/de\/\",\"logo\":{\"@type\":\"ImageObject\",\"inLanguage\":\"de\",\"@id\":\"https:\/\/now-news.de\/de\/#\/schema\/logo\/image\/\",\"url\":\"http:\/\/just-now.news\/de\/wp-content\/uploads\/sites\/3\/2022\/04\/logo500x500.jpg\",\"contentUrl\":\"http:\/\/just-now.news\/de\/wp-content\/uploads\/sites\/3\/2022\/04\/logo500x500.jpg\",\"width\":500,\"height\":500,\"caption\":\"Just Now News\"},\"image\":{\"@id\":\"https:\/\/now-news.de\/de\/#\/schema\/logo\/image\/\"},\"sameAs\":[\"https:\/\/www.facebook.com\/wirmachenauf\",\"https:\/\/x.com\/WirMachenAuf_de\"]},{\"@type\":\"Person\",\"@id\":\"https:\/\/now-news.de\/de\/#\/schema\/person\/fb534a4e865501d8b3285208df34a9b5\",\"name\":\"rtnews\",\"image\":{\"@type\":\"ImageObject\",\"inLanguage\":\"de\",\"@id\":\"https:\/\/now-news.de\/de\/#\/schema\/person\/image\/\",\"url\":\"https:\/\/secure.gravatar.com\/avatar\/82aafea7d8127119dd649515f56e2117?s=96&d=mm&r=g\",\"contentUrl\":\"https:\/\/secure.gravatar.com\/avatar\/82aafea7d8127119dd649515f56e2117?s=96&d=mm&r=g\",\"caption\":\"rtnews\"},\"url\":\"https:\/\/now-news.de\/de\/author\/rnews\/\"}]}<\/script>\n<!-- \/ Yoast SEO Premium plugin. -->","yoast_head_json":{"title":"Biblische Ausma\u00dfe \u2013 D\u00fcrre wie vor einem halben Jahrtausend - just-now.NEWS Deutschland","robots":{"index":"index","follow":"follow","max-snippet":"max-snippet:-1","max-image-preview":"max-image-preview:large","max-video-preview":"max-video-preview:-1"},"canonical":"https:\/\/now-news.de\/de\/deutschland\/biblische-ausmasse-duerre-wie-vor-einem-halben-jahrtausend\/","og_locale":"de_DE","og_type":"article","og_title":"Biblische Ausma\u00dfe \u2013 D\u00fcrre wie vor einem halben Jahrtausend","og_description":"Die kausale Kette zwischen Ernte, D\u00fcrre, Nahrung und letztendlich Hunger bedarf n\u00e4herer Betrachtung. Dieses Jahr besonders, da die Dimensionen alle Parameter und Referenzen sprengen. Die Aussichten sind verheerend. Von Elem Raznochintsky Schon im Mittelalter war die Korrelation zwischen D\u00fcrre und Ernte jedem Menschen ersichtlich. So sehr, dass nun die auftretenden Niedrigwasser historische Warnungen \u2013 buchst\u00e4blich [&hellip;]","og_url":"https:\/\/now-news.de\/de\/deutschland\/biblische-ausmasse-duerre-wie-vor-einem-halben-jahrtausend\/","og_site_name":"just-now.NEWS Deutschland","article_publisher":"https:\/\/www.facebook.com\/wirmachenauf","article_published_time":"2022-08-28T19:05:37+00:00","og_image":[{"width":460,"height":259,"url":"https:\/\/now-news.de\/de\/wp-content\/uploads\/sites\/3\/2022\/08\/Biblische-Ausmasse-\u2013-Duerre-wie-vor-einem-halben-Jahrtausend.jpg","type":"image\/jpeg"}],"author":"rtnews","twitter_card":"summary_large_image","twitter_creator":"@WirMachenAuf_de","twitter_site":"@WirMachenAuf_de","twitter_misc":{"Verfasst von":"rtnews","Gesch\u00e4tzte Lesezeit":"7\u00a0Minuten"},"schema":{"@context":"https:\/\/schema.org","@graph":[{"@type":"Article","@id":"https:\/\/now-news.de\/de\/deutschland\/biblische-ausmasse-duerre-wie-vor-einem-halben-jahrtausend\/#article","isPartOf":{"@id":"https:\/\/now-news.de\/de\/deutschland\/biblische-ausmasse-duerre-wie-vor-einem-halben-jahrtausend\/"},"author":{"name":"rtnews","@id":"https:\/\/now-news.de\/de\/#\/schema\/person\/fb534a4e865501d8b3285208df34a9b5"},"headline":"Biblische Ausma\u00dfe \u2013 D\u00fcrre wie vor einem halben Jahrtausend","datePublished":"2022-08-28T19:05:37+00:00","dateModified":"2022-08-28T19:05:37+00:00","mainEntityOfPage":{"@id":"https:\/\/now-news.de\/de\/deutschland\/biblische-ausmasse-duerre-wie-vor-einem-halben-jahrtausend\/"},"wordCount":1369,"commentCount":0,"publisher":{"@id":"https:\/\/now-news.de\/de\/#organization"},"image":{"@id":"https:\/\/now-news.de\/de\/deutschland\/biblische-ausmasse-duerre-wie-vor-einem-halben-jahrtausend\/#primaryimage"},"thumbnailUrl":"https:\/\/now-news.de\/de\/wp-content\/uploads\/sites\/3\/2022\/08\/Biblische-Ausmasse-\u2013-Duerre-wie-vor-einem-halben-Jahrtausend.jpg","keywords":["Ausma\u00dfe","Biblische","D\u00fcrre","einem","halben","Jahrtausend","vor","Wie"],"articleSection":["Deutschland","Russland"],"inLanguage":"de","potentialAction":[{"@type":"CommentAction","name":"Comment","target":["https:\/\/now-news.de\/de\/deutschland\/biblische-ausmasse-duerre-wie-vor-einem-halben-jahrtausend\/#respond"]}]},{"@type":"WebPage","@id":"https:\/\/now-news.de\/de\/deutschland\/biblische-ausmasse-duerre-wie-vor-einem-halben-jahrtausend\/","url":"https:\/\/now-news.de\/de\/deutschland\/biblische-ausmasse-duerre-wie-vor-einem-halben-jahrtausend\/","name":"Biblische Ausma\u00dfe \u2013 D\u00fcrre wie vor einem halben Jahrtausend - just-now.NEWS Deutschland","isPartOf":{"@id":"https:\/\/now-news.de\/de\/#website"},"primaryImageOfPage":{"@id":"https:\/\/now-news.de\/de\/deutschland\/biblische-ausmasse-duerre-wie-vor-einem-halben-jahrtausend\/#primaryimage"},"image":{"@id":"https:\/\/now-news.de\/de\/deutschland\/biblische-ausmasse-duerre-wie-vor-einem-halben-jahrtausend\/#primaryimage"},"thumbnailUrl":"https:\/\/now-news.de\/de\/wp-content\/uploads\/sites\/3\/2022\/08\/Biblische-Ausmasse-\u2013-Duerre-wie-vor-einem-halben-Jahrtausend.jpg","datePublished":"2022-08-28T19:05:37+00:00","dateModified":"2022-08-28T19:05:37+00:00","breadcrumb":{"@id":"https:\/\/now-news.de\/de\/deutschland\/biblische-ausmasse-duerre-wie-vor-einem-halben-jahrtausend\/#breadcrumb"},"inLanguage":"de","potentialAction":[{"@type":"ReadAction","target":["https:\/\/now-news.de\/de\/deutschland\/biblische-ausmasse-duerre-wie-vor-einem-halben-jahrtausend\/"]}]},{"@type":"ImageObject","inLanguage":"de","@id":"https:\/\/now-news.de\/de\/deutschland\/biblische-ausmasse-duerre-wie-vor-einem-halben-jahrtausend\/#primaryimage","url":"https:\/\/now-news.de\/de\/wp-content\/uploads\/sites\/3\/2022\/08\/Biblische-Ausmasse-\u2013-Duerre-wie-vor-einem-halben-Jahrtausend.jpg","contentUrl":"https:\/\/now-news.de\/de\/wp-content\/uploads\/sites\/3\/2022\/08\/Biblische-Ausmasse-\u2013-Duerre-wie-vor-einem-halben-Jahrtausend.jpg","width":460,"height":259,"caption":"Biblische Ausma\u00dfe \u2013 D\u00fcrre wie vor einem halben Jahrtausend"},{"@type":"BreadcrumbList","@id":"https:\/\/now-news.de\/de\/deutschland\/biblische-ausmasse-duerre-wie-vor-einem-halben-jahrtausend\/#breadcrumb","itemListElement":[{"@type":"ListItem","position":1,"name":"Home","item":"https:\/\/now-news.de\/de\/"},{"@type":"ListItem","position":2,"name":"Biblische Ausma\u00dfe \u2013 D\u00fcrre wie vor einem halben Jahrtausend"}]},{"@type":"WebSite","@id":"https:\/\/now-news.de\/de\/#website","url":"https:\/\/now-news.de\/de\/","name":"just-now.NEWS Deutschland","description":"Das Portal f\u00fcr unzensierte Nachrichten aus der Welt","publisher":{"@id":"https:\/\/now-news.de\/de\/#organization"},"potentialAction":[{"@type":"SearchAction","target":{"@type":"EntryPoint","urlTemplate":"https:\/\/now-news.de\/de\/?s={search_term_string}"},"query-input":"required name=search_term_string"}],"inLanguage":"de"},{"@type":"Organization","@id":"https:\/\/now-news.de\/de\/#organization","name":"Just Now News","url":"https:\/\/now-news.de\/de\/","logo":{"@type":"ImageObject","inLanguage":"de","@id":"https:\/\/now-news.de\/de\/#\/schema\/logo\/image\/","url":"http:\/\/just-now.news\/de\/wp-content\/uploads\/sites\/3\/2022\/04\/logo500x500.jpg","contentUrl":"http:\/\/just-now.news\/de\/wp-content\/uploads\/sites\/3\/2022\/04\/logo500x500.jpg","width":500,"height":500,"caption":"Just Now News"},"image":{"@id":"https:\/\/now-news.de\/de\/#\/schema\/logo\/image\/"},"sameAs":["https:\/\/www.facebook.com\/wirmachenauf","https:\/\/x.com\/WirMachenAuf_de"]},{"@type":"Person","@id":"https:\/\/now-news.de\/de\/#\/schema\/person\/fb534a4e865501d8b3285208df34a9b5","name":"rtnews","image":{"@type":"ImageObject","inLanguage":"de","@id":"https:\/\/now-news.de\/de\/#\/schema\/person\/image\/","url":"https:\/\/secure.gravatar.com\/avatar\/82aafea7d8127119dd649515f56e2117?s=96&d=mm&r=g","contentUrl":"https:\/\/secure.gravatar.com\/avatar\/82aafea7d8127119dd649515f56e2117?s=96&d=mm&r=g","caption":"rtnews"},"url":"https:\/\/now-news.de\/de\/author\/rnews\/"}]}},"_links":{"self":[{"href":"https:\/\/now-news.de\/de\/wp-json\/wp\/v2\/posts\/17913"}],"collection":[{"href":"https:\/\/now-news.de\/de\/wp-json\/wp\/v2\/posts"}],"about":[{"href":"https:\/\/now-news.de\/de\/wp-json\/wp\/v2\/types\/post"}],"author":[{"embeddable":true,"href":"https:\/\/now-news.de\/de\/wp-json\/wp\/v2\/users\/3"}],"replies":[{"embeddable":true,"href":"https:\/\/now-news.de\/de\/wp-json\/wp\/v2\/comments?post=17913"}],"version-history":[{"count":0,"href":"https:\/\/now-news.de\/de\/wp-json\/wp\/v2\/posts\/17913\/revisions"}],"wp:featuredmedia":[{"embeddable":true,"href":"https:\/\/now-news.de\/de\/wp-json\/wp\/v2\/media\/17914"}],"wp:attachment":[{"href":"https:\/\/now-news.de\/de\/wp-json\/wp\/v2\/media?parent=17913"}],"wp:term":[{"taxonomy":"category","embeddable":true,"href":"https:\/\/now-news.de\/de\/wp-json\/wp\/v2\/categories?post=17913"},{"taxonomy":"post_tag","embeddable":true,"href":"https:\/\/now-news.de\/de\/wp-json\/wp\/v2\/tags?post=17913"}],"curies":[{"name":"wp","href":"https:\/\/api.w.org\/{rel}","templated":true}]}}