{"id":17895,"date":"2022-08-28T15:38:02","date_gmt":"2022-08-28T13:38:02","guid":{"rendered":"http:\/\/just-now.news\/de\/deutschland\/peter-szijjarto-ungarn-wird-nicht-ueber-sanktionen-gegen-russland-sprechen\/"},"modified":"2022-08-28T15:38:02","modified_gmt":"2022-08-28T13:38:02","slug":"peter-szijjarto-ungarn-wird-nicht-ueber-sanktionen-gegen-russland-sprechen","status":"publish","type":"post","link":"https:\/\/now-news.de\/de\/deutschland\/peter-szijjarto-ungarn-wird-nicht-ueber-sanktionen-gegen-russland-sprechen\/","title":{"rendered":"P\u00e9ter Szijj\u00e1rt\u00f3: Ungarn wird nicht \u00fcber Sanktionen gegen Russland sprechen"},"content":{"rendered":"<p><img decoding=\"async\" src=\"http:\/\/just-now.news\/de\/wp-content\/uploads\/sites\/3\/2022\/08\/630b596ab480cc0f1633ef63.jpg\" \/><\/p>\n<p>Ungarn will nicht \u00fcber die Sanktionen gegen Russland sprechen, die die \u00d6l- und Gaslieferungen betreffen. Dies erkl\u00e4rte Au\u00dfenminister P\u00e9ter Szijj\u00e1rt\u00f3, wie das Nachrichtenportal <em>Telex.hu<\/em>\u00a0<a rel=\"nofollow noopener\" target=\"_blank\" href=\"https:\/\/telex.hu\/belfold\/2022\/08\/27\/szijjarto-peter-tranzit\">berichtete<\/a>.<strong><\/strong><\/p>\n<p>Er stellte fest, dass das Land bei der Verteidigung seiner nationalen Interessen st\u00e4ndig mit &#8220;politischer Erpressung&#8221; konfrontiert sei. Der ungarische Au\u00dfenminister sagte:<\/p>\n<blockquote>\n<p><em>&#8220;Der liberale Mainstream will den Anschein wahren, im Recht zu sein, und \u00fcbt deshalb Druck auf diejenigen aus, die die Wahrheit sagen.&#8221;<\/em><\/p>\n<\/blockquote>\n<p>Szijj\u00e1rt\u00f3 nannte die Energiefrage &#8220;die gr\u00f6\u00dfte Entlarvung des liberalen Mainstreams&#8221;. Solange es keine M\u00f6glichkeit gebe, Erdgas in einem Zug oder in einem Rucksack zu transportieren, werde sich Europa nicht von der Abh\u00e4ngigkeit von russischen Energieressourcen l\u00f6sen k\u00f6nnen, ist der Minister \u00fcberzeugt. Szijj\u00e1rt\u00f3 betonte:<\/p>\n<blockquote>\n<p><em>&#8220;Es gibt keine europ\u00e4ische Versorgungssicherheit ohne russische Energiequellen.&#8221;<\/em><\/p>\n<\/blockquote>\n<p>Er ist zuversichtlich, dass Ungarn &#8220;gut dasteht&#8221;, weil es &#8220;seit langem die Probleme beim Namen nennt&#8221; und seit langem &#8220;ehrlich und klar&#8221; spricht. Die Regierung habe die nationalen Interessen klar umrissen und scheue sich nicht, sie zu verfolgen, sagte der ungarische Au\u00dfenminister.<\/p>\n<p>Ungarn sei auch in Zukunft in der Lage, Herausforderungen zu meistern, weil es &#8220;ein Weltmeister im Umgang mit Wirtschaftskrisen&#8221; sei, eine &#8220;national ausgerichtete, nicht von Machtzentren diktierte Au\u00dfenpolitik&#8221; habe und \u00fcber &#8220;politische Stabilit\u00e4t und damit auch Mut&#8221; verf\u00fcge, so Szijj\u00e1rt\u00f3.<\/p>\n<p>Die ungarischen Beh\u00f6rden hatten die EU-Sanktionspolitik gegen Russland wiederholt kritisiert. Insbesondere blockierte Budapest einen Vorschlag zur Verh\u00e4ngung eines Embargos gegen russisches \u00d6l. Infolgedessen verbot die EU lediglich die Verbringung von Rohstoffen auf dem Seeweg, w\u00e4hrend Ungarn und eine Reihe anderer L\u00e4nder einen Aufschub erhielten.<\/p>\n<p>Die ungarische Seite lehnt es zudem ab, auf russisches Gas zu verzichten, da dies nach Ansicht von Ministerpr\u00e4sident Viktor Orb\u00e1n die europ\u00e4ische Wirtschaft ruinieren w\u00fcrde. Er rief dazu auf, den Schwerpunkt auf eine friedliche L\u00f6sung des Ukraine-Konflikts zu legen, anstatt die Beschr\u00e4nkungen f\u00fcr Moskau zu versch\u00e4rfen, die seiner \u00dcberzeugung nach nicht funktionieren.<\/p>\n<p>Orb\u00e1n wies auch darauf hin, dass Ungarn sein eigener Herr sei, nicht Br\u00fcssel. Er sagte:<\/p>\n<blockquote>\n<p><em>&#8220;Wir sind eine unabh\u00e4ngige, souver\u00e4ne ungarische Nation. Wir beteiligen uns an gemeinsamen Entscheidungen. Wenn sie uns nicht passen, werden wir das direkt sagen.&#8221;<\/em><\/p>\n<\/blockquote>\n<p>Der ungarische Regierungschef glaube, dass ein milit\u00e4risches Vorgehen in der Ukraine &#8220;der westlichen Vorherrschaft ein Ende setzen wird&#8221;. Nach dem Ende der russischen Milit\u00e4roperation werden die L\u00e4nder, die \u00fcber Energiequellen verf\u00fcgen, davon profitieren. Orb\u00e1n erkl\u00e4rte:<\/p>\n<blockquote>\n<p><em>&#8220;Die Russen profitieren. Die EU-Importe aus Russland sind um ein Viertel zur\u00fcckgegangen und die Einnahmen von Gazprom haben sich verdoppelt. Die Chinesen, die fr\u00fcher der Gnade der Araber ausgeliefert waren, haben gewonnen. Und nat\u00fcrlich gewinnen die gro\u00dfen <\/em><em>US-amerikanischen Konzerne.&#8221;<\/em><em><\/em><\/p>\n<\/blockquote>\n<p><strong>Mehr zum Thema<\/strong> &#8211; <a rel=\"nofollow noopener\" target=\"_blank\" href=\"https:\/\/de.rt.com\/inland\/146930-faktencheck-warum-strompreise-wirklich-durch\/\">Faktencheck: Warum die Strompreise wirklich durch die Decke gehen<\/a><\/p>\n<p><br \/>\n<br \/><a href=\"https:\/\/de.rt.com\/europa\/147319-peter-szijjarto-ungarn-wird-nicht\/\">Source link <\/a><\/p>\n","protected":false},"excerpt":{"rendered":"<p>Ungarn will nicht \u00fcber die Sanktionen gegen Russland sprechen, die die \u00d6l- und Gaslieferungen betreffen. Dies erkl\u00e4rte Au\u00dfenminister P\u00e9ter Szijj\u00e1rt\u00f3, wie das Nachrichtenportal Telex.hu\u00a0berichtete. Er stellte fest, dass das Land bei der Verteidigung seiner nationalen Interessen st\u00e4ndig mit &#8220;politischer Erpressung&#8221; konfrontiert sei. Der ungarische Au\u00dfenminister sagte: &#8220;Der liberale Mainstream will den Anschein wahren, im Recht [&hellip;]<\/p>\n","protected":false},"author":3,"featured_media":17896,"comment_status":"open","ping_status":"open","sticky":false,"template":"","format":"standard","meta":{"wp_automatic_camp":["217"],"2e6dbcc269875b13a643ebc01e500f3f":["P\u00e9ter Szijj\u00e1rt\u00f3: Ungarn wird nicht \u00fcber Sanktionen gegen Russland sprechen"],"original_link":["https:\/\/de.rt.com\/europa\/147319-peter-szijjarto-ungarn-wird-nicht\/"],"_thumbnail_id":["17896"],"_wptg_p2tg_sent2tg":["2022-08-28 15:49:48"],"jnews_social_counter_last_update":["1777479927"]},"categories":[19,23],"tags":[278,800,1424,126,713,5478,31849,139,11664,374],"yoast_head":"<!-- This site is optimized with the Yoast SEO Premium plugin v22.7 (Yoast SEO v22.7) - https:\/\/yoast.com\/wordpress\/plugins\/seo\/ -->\n<title>P\u00e9ter Szijj\u00e1rt\u00f3: Ungarn wird nicht \u00fcber Sanktionen gegen Russland sprechen - just-now.NEWS Deutschland<\/title>\n<meta name=\"robots\" content=\"index, follow, max-snippet:-1, max-image-preview:large, max-video-preview:-1\" \/>\n<link rel=\"canonical\" href=\"https:\/\/now-news.de\/de\/deutschland\/peter-szijjarto-ungarn-wird-nicht-ueber-sanktionen-gegen-russland-sprechen\/\" \/>\n<meta property=\"og:locale\" content=\"de_DE\" \/>\n<meta property=\"og:type\" content=\"article\" \/>\n<meta property=\"og:title\" content=\"P\u00e9ter Szijj\u00e1rt\u00f3: Ungarn wird nicht \u00fcber Sanktionen gegen Russland sprechen\" \/>\n<meta property=\"og:description\" content=\"Ungarn will nicht \u00fcber die Sanktionen gegen Russland sprechen, die die \u00d6l- und Gaslieferungen betreffen. Dies erkl\u00e4rte Au\u00dfenminister P\u00e9ter Szijj\u00e1rt\u00f3, wie das Nachrichtenportal Telex.hu\u00a0berichtete. Er stellte fest, dass das Land bei der Verteidigung seiner nationalen Interessen st\u00e4ndig mit &#8220;politischer Erpressung&#8221; konfrontiert sei. Der ungarische Au\u00dfenminister sagte: &#8220;Der liberale Mainstream will den Anschein wahren, im Recht [&hellip;]\" \/>\n<meta property=\"og:url\" content=\"https:\/\/now-news.de\/de\/deutschland\/peter-szijjarto-ungarn-wird-nicht-ueber-sanktionen-gegen-russland-sprechen\/\" \/>\n<meta property=\"og:site_name\" content=\"just-now.NEWS Deutschland\" \/>\n<meta property=\"article:publisher\" content=\"https:\/\/www.facebook.com\/wirmachenauf\" \/>\n<meta property=\"article:published_time\" content=\"2022-08-28T13:38:02+00:00\" \/>\n<meta property=\"og:image\" content=\"https:\/\/now-news.de\/de\/wp-content\/uploads\/sites\/3\/2022\/08\/Peter-Szijjarto-Ungarn-wird-nicht-ueber-Sanktionen-gegen-Russland-sprechen.jpg\" \/>\n\t<meta property=\"og:image:width\" content=\"460\" \/>\n\t<meta property=\"og:image:height\" content=\"259\" \/>\n\t<meta property=\"og:image:type\" content=\"image\/jpeg\" \/>\n<meta name=\"author\" content=\"rtnews\" \/>\n<meta name=\"twitter:card\" content=\"summary_large_image\" \/>\n<meta name=\"twitter:creator\" content=\"@WirMachenAuf_de\" \/>\n<meta name=\"twitter:site\" content=\"@WirMachenAuf_de\" \/>\n<meta name=\"twitter:label1\" content=\"Verfasst von\" \/>\n\t<meta name=\"twitter:data1\" content=\"rtnews\" \/>\n\t<meta name=\"twitter:label2\" content=\"Gesch\u00e4tzte Lesezeit\" \/>\n\t<meta name=\"twitter:data2\" content=\"2\u00a0Minuten\" \/>\n<script type=\"application\/ld+json\" class=\"yoast-schema-graph\">{\"@context\":\"https:\/\/schema.org\",\"@graph\":[{\"@type\":\"Article\",\"@id\":\"https:\/\/now-news.de\/de\/deutschland\/peter-szijjarto-ungarn-wird-nicht-ueber-sanktionen-gegen-russland-sprechen\/#article\",\"isPartOf\":{\"@id\":\"https:\/\/now-news.de\/de\/deutschland\/peter-szijjarto-ungarn-wird-nicht-ueber-sanktionen-gegen-russland-sprechen\/\"},\"author\":{\"name\":\"rtnews\",\"@id\":\"https:\/\/now-news.de\/de\/#\/schema\/person\/fb534a4e865501d8b3285208df34a9b5\"},\"headline\":\"P\u00e9ter Szijj\u00e1rt\u00f3: Ungarn wird nicht \u00fcber Sanktionen gegen Russland sprechen\",\"datePublished\":\"2022-08-28T13:38:02+00:00\",\"dateModified\":\"2022-08-28T13:38:02+00:00\",\"mainEntityOfPage\":{\"@id\":\"https:\/\/now-news.de\/de\/deutschland\/peter-szijjarto-ungarn-wird-nicht-ueber-sanktionen-gegen-russland-sprechen\/\"},\"wordCount\":484,\"commentCount\":0,\"publisher\":{\"@id\":\"https:\/\/now-news.de\/de\/#organization\"},\"image\":{\"@id\":\"https:\/\/now-news.de\/de\/deutschland\/peter-szijjarto-ungarn-wird-nicht-ueber-sanktionen-gegen-russland-sprechen\/#primaryimage\"},\"thumbnailUrl\":\"https:\/\/now-news.de\/de\/wp-content\/uploads\/sites\/3\/2022\/08\/Peter-Szijjarto-Ungarn-wird-nicht-ueber-Sanktionen-gegen-Russland-sprechen.jpg\",\"keywords\":[\"gegen\",\"nicht\",\"Peter\",\"russland\",\"Sanktionen\",\"sprechen\",\"Szijj\u00e1rt\u00f3\",\"\u00fcber\",\"Ungarn\",\"wird\"],\"articleSection\":[\"Deutschland\",\"Russland\"],\"inLanguage\":\"de\",\"potentialAction\":[{\"@type\":\"CommentAction\",\"name\":\"Comment\",\"target\":[\"https:\/\/now-news.de\/de\/deutschland\/peter-szijjarto-ungarn-wird-nicht-ueber-sanktionen-gegen-russland-sprechen\/#respond\"]}]},{\"@type\":\"WebPage\",\"@id\":\"https:\/\/now-news.de\/de\/deutschland\/peter-szijjarto-ungarn-wird-nicht-ueber-sanktionen-gegen-russland-sprechen\/\",\"url\":\"https:\/\/now-news.de\/de\/deutschland\/peter-szijjarto-ungarn-wird-nicht-ueber-sanktionen-gegen-russland-sprechen\/\",\"name\":\"P\u00e9ter Szijj\u00e1rt\u00f3: Ungarn wird nicht \u00fcber Sanktionen gegen Russland sprechen - just-now.NEWS Deutschland\",\"isPartOf\":{\"@id\":\"https:\/\/now-news.de\/de\/#website\"},\"primaryImageOfPage\":{\"@id\":\"https:\/\/now-news.de\/de\/deutschland\/peter-szijjarto-ungarn-wird-nicht-ueber-sanktionen-gegen-russland-sprechen\/#primaryimage\"},\"image\":{\"@id\":\"https:\/\/now-news.de\/de\/deutschland\/peter-szijjarto-ungarn-wird-nicht-ueber-sanktionen-gegen-russland-sprechen\/#primaryimage\"},\"thumbnailUrl\":\"https:\/\/now-news.de\/de\/wp-content\/uploads\/sites\/3\/2022\/08\/Peter-Szijjarto-Ungarn-wird-nicht-ueber-Sanktionen-gegen-Russland-sprechen.jpg\",\"datePublished\":\"2022-08-28T13:38:02+00:00\",\"dateModified\":\"2022-08-28T13:38:02+00:00\",\"breadcrumb\":{\"@id\":\"https:\/\/now-news.de\/de\/deutschland\/peter-szijjarto-ungarn-wird-nicht-ueber-sanktionen-gegen-russland-sprechen\/#breadcrumb\"},\"inLanguage\":\"de\",\"potentialAction\":[{\"@type\":\"ReadAction\",\"target\":[\"https:\/\/now-news.de\/de\/deutschland\/peter-szijjarto-ungarn-wird-nicht-ueber-sanktionen-gegen-russland-sprechen\/\"]}]},{\"@type\":\"ImageObject\",\"inLanguage\":\"de\",\"@id\":\"https:\/\/now-news.de\/de\/deutschland\/peter-szijjarto-ungarn-wird-nicht-ueber-sanktionen-gegen-russland-sprechen\/#primaryimage\",\"url\":\"https:\/\/now-news.de\/de\/wp-content\/uploads\/sites\/3\/2022\/08\/Peter-Szijjarto-Ungarn-wird-nicht-ueber-Sanktionen-gegen-Russland-sprechen.jpg\",\"contentUrl\":\"https:\/\/now-news.de\/de\/wp-content\/uploads\/sites\/3\/2022\/08\/Peter-Szijjarto-Ungarn-wird-nicht-ueber-Sanktionen-gegen-Russland-sprechen.jpg\",\"width\":460,\"height\":259,\"caption\":\"P\u00e9ter Szijj\u00e1rt\u00f3: Ungarn wird nicht \u00fcber Sanktionen gegen Russland sprechen\"},{\"@type\":\"BreadcrumbList\",\"@id\":\"https:\/\/now-news.de\/de\/deutschland\/peter-szijjarto-ungarn-wird-nicht-ueber-sanktionen-gegen-russland-sprechen\/#breadcrumb\",\"itemListElement\":[{\"@type\":\"ListItem\",\"position\":1,\"name\":\"Home\",\"item\":\"https:\/\/now-news.de\/de\/\"},{\"@type\":\"ListItem\",\"position\":2,\"name\":\"P\u00e9ter Szijj\u00e1rt\u00f3: Ungarn wird nicht \u00fcber Sanktionen gegen Russland sprechen\"}]},{\"@type\":\"WebSite\",\"@id\":\"https:\/\/now-news.de\/de\/#website\",\"url\":\"https:\/\/now-news.de\/de\/\",\"name\":\"just-now.NEWS Deutschland\",\"description\":\"Das Portal f\u00fcr unzensierte Nachrichten aus der Welt\",\"publisher\":{\"@id\":\"https:\/\/now-news.de\/de\/#organization\"},\"potentialAction\":[{\"@type\":\"SearchAction\",\"target\":{\"@type\":\"EntryPoint\",\"urlTemplate\":\"https:\/\/now-news.de\/de\/?s={search_term_string}\"},\"query-input\":\"required name=search_term_string\"}],\"inLanguage\":\"de\"},{\"@type\":\"Organization\",\"@id\":\"https:\/\/now-news.de\/de\/#organization\",\"name\":\"Just Now News\",\"url\":\"https:\/\/now-news.de\/de\/\",\"logo\":{\"@type\":\"ImageObject\",\"inLanguage\":\"de\",\"@id\":\"https:\/\/now-news.de\/de\/#\/schema\/logo\/image\/\",\"url\":\"http:\/\/just-now.news\/de\/wp-content\/uploads\/sites\/3\/2022\/04\/logo500x500.jpg\",\"contentUrl\":\"http:\/\/just-now.news\/de\/wp-content\/uploads\/sites\/3\/2022\/04\/logo500x500.jpg\",\"width\":500,\"height\":500,\"caption\":\"Just Now News\"},\"image\":{\"@id\":\"https:\/\/now-news.de\/de\/#\/schema\/logo\/image\/\"},\"sameAs\":[\"https:\/\/www.facebook.com\/wirmachenauf\",\"https:\/\/x.com\/WirMachenAuf_de\"]},{\"@type\":\"Person\",\"@id\":\"https:\/\/now-news.de\/de\/#\/schema\/person\/fb534a4e865501d8b3285208df34a9b5\",\"name\":\"rtnews\",\"image\":{\"@type\":\"ImageObject\",\"inLanguage\":\"de\",\"@id\":\"https:\/\/now-news.de\/de\/#\/schema\/person\/image\/\",\"url\":\"https:\/\/secure.gravatar.com\/avatar\/82aafea7d8127119dd649515f56e2117?s=96&d=mm&r=g\",\"contentUrl\":\"https:\/\/secure.gravatar.com\/avatar\/82aafea7d8127119dd649515f56e2117?s=96&d=mm&r=g\",\"caption\":\"rtnews\"},\"url\":\"https:\/\/now-news.de\/de\/author\/rnews\/\"}]}<\/script>\n<!-- \/ Yoast SEO Premium plugin. -->","yoast_head_json":{"title":"P\u00e9ter Szijj\u00e1rt\u00f3: Ungarn wird nicht \u00fcber Sanktionen gegen Russland sprechen - just-now.NEWS Deutschland","robots":{"index":"index","follow":"follow","max-snippet":"max-snippet:-1","max-image-preview":"max-image-preview:large","max-video-preview":"max-video-preview:-1"},"canonical":"https:\/\/now-news.de\/de\/deutschland\/peter-szijjarto-ungarn-wird-nicht-ueber-sanktionen-gegen-russland-sprechen\/","og_locale":"de_DE","og_type":"article","og_title":"P\u00e9ter Szijj\u00e1rt\u00f3: Ungarn wird nicht \u00fcber Sanktionen gegen Russland sprechen","og_description":"Ungarn will nicht \u00fcber die Sanktionen gegen Russland sprechen, die die \u00d6l- und Gaslieferungen betreffen. Dies erkl\u00e4rte Au\u00dfenminister P\u00e9ter Szijj\u00e1rt\u00f3, wie das Nachrichtenportal Telex.hu\u00a0berichtete. Er stellte fest, dass das Land bei der Verteidigung seiner nationalen Interessen st\u00e4ndig mit &#8220;politischer Erpressung&#8221; konfrontiert sei. Der ungarische Au\u00dfenminister sagte: &#8220;Der liberale Mainstream will den Anschein wahren, im Recht [&hellip;]","og_url":"https:\/\/now-news.de\/de\/deutschland\/peter-szijjarto-ungarn-wird-nicht-ueber-sanktionen-gegen-russland-sprechen\/","og_site_name":"just-now.NEWS Deutschland","article_publisher":"https:\/\/www.facebook.com\/wirmachenauf","article_published_time":"2022-08-28T13:38:02+00:00","og_image":[{"width":460,"height":259,"url":"https:\/\/now-news.de\/de\/wp-content\/uploads\/sites\/3\/2022\/08\/Peter-Szijjarto-Ungarn-wird-nicht-ueber-Sanktionen-gegen-Russland-sprechen.jpg","type":"image\/jpeg"}],"author":"rtnews","twitter_card":"summary_large_image","twitter_creator":"@WirMachenAuf_de","twitter_site":"@WirMachenAuf_de","twitter_misc":{"Verfasst von":"rtnews","Gesch\u00e4tzte Lesezeit":"2\u00a0Minuten"},"schema":{"@context":"https:\/\/schema.org","@graph":[{"@type":"Article","@id":"https:\/\/now-news.de\/de\/deutschland\/peter-szijjarto-ungarn-wird-nicht-ueber-sanktionen-gegen-russland-sprechen\/#article","isPartOf":{"@id":"https:\/\/now-news.de\/de\/deutschland\/peter-szijjarto-ungarn-wird-nicht-ueber-sanktionen-gegen-russland-sprechen\/"},"author":{"name":"rtnews","@id":"https:\/\/now-news.de\/de\/#\/schema\/person\/fb534a4e865501d8b3285208df34a9b5"},"headline":"P\u00e9ter Szijj\u00e1rt\u00f3: Ungarn wird nicht \u00fcber Sanktionen gegen Russland sprechen","datePublished":"2022-08-28T13:38:02+00:00","dateModified":"2022-08-28T13:38:02+00:00","mainEntityOfPage":{"@id":"https:\/\/now-news.de\/de\/deutschland\/peter-szijjarto-ungarn-wird-nicht-ueber-sanktionen-gegen-russland-sprechen\/"},"wordCount":484,"commentCount":0,"publisher":{"@id":"https:\/\/now-news.de\/de\/#organization"},"image":{"@id":"https:\/\/now-news.de\/de\/deutschland\/peter-szijjarto-ungarn-wird-nicht-ueber-sanktionen-gegen-russland-sprechen\/#primaryimage"},"thumbnailUrl":"https:\/\/now-news.de\/de\/wp-content\/uploads\/sites\/3\/2022\/08\/Peter-Szijjarto-Ungarn-wird-nicht-ueber-Sanktionen-gegen-Russland-sprechen.jpg","keywords":["gegen","nicht","Peter","russland","Sanktionen","sprechen","Szijj\u00e1rt\u00f3","\u00fcber","Ungarn","wird"],"articleSection":["Deutschland","Russland"],"inLanguage":"de","potentialAction":[{"@type":"CommentAction","name":"Comment","target":["https:\/\/now-news.de\/de\/deutschland\/peter-szijjarto-ungarn-wird-nicht-ueber-sanktionen-gegen-russland-sprechen\/#respond"]}]},{"@type":"WebPage","@id":"https:\/\/now-news.de\/de\/deutschland\/peter-szijjarto-ungarn-wird-nicht-ueber-sanktionen-gegen-russland-sprechen\/","url":"https:\/\/now-news.de\/de\/deutschland\/peter-szijjarto-ungarn-wird-nicht-ueber-sanktionen-gegen-russland-sprechen\/","name":"P\u00e9ter Szijj\u00e1rt\u00f3: Ungarn wird nicht \u00fcber Sanktionen gegen Russland sprechen - just-now.NEWS Deutschland","isPartOf":{"@id":"https:\/\/now-news.de\/de\/#website"},"primaryImageOfPage":{"@id":"https:\/\/now-news.de\/de\/deutschland\/peter-szijjarto-ungarn-wird-nicht-ueber-sanktionen-gegen-russland-sprechen\/#primaryimage"},"image":{"@id":"https:\/\/now-news.de\/de\/deutschland\/peter-szijjarto-ungarn-wird-nicht-ueber-sanktionen-gegen-russland-sprechen\/#primaryimage"},"thumbnailUrl":"https:\/\/now-news.de\/de\/wp-content\/uploads\/sites\/3\/2022\/08\/Peter-Szijjarto-Ungarn-wird-nicht-ueber-Sanktionen-gegen-Russland-sprechen.jpg","datePublished":"2022-08-28T13:38:02+00:00","dateModified":"2022-08-28T13:38:02+00:00","breadcrumb":{"@id":"https:\/\/now-news.de\/de\/deutschland\/peter-szijjarto-ungarn-wird-nicht-ueber-sanktionen-gegen-russland-sprechen\/#breadcrumb"},"inLanguage":"de","potentialAction":[{"@type":"ReadAction","target":["https:\/\/now-news.de\/de\/deutschland\/peter-szijjarto-ungarn-wird-nicht-ueber-sanktionen-gegen-russland-sprechen\/"]}]},{"@type":"ImageObject","inLanguage":"de","@id":"https:\/\/now-news.de\/de\/deutschland\/peter-szijjarto-ungarn-wird-nicht-ueber-sanktionen-gegen-russland-sprechen\/#primaryimage","url":"https:\/\/now-news.de\/de\/wp-content\/uploads\/sites\/3\/2022\/08\/Peter-Szijjarto-Ungarn-wird-nicht-ueber-Sanktionen-gegen-Russland-sprechen.jpg","contentUrl":"https:\/\/now-news.de\/de\/wp-content\/uploads\/sites\/3\/2022\/08\/Peter-Szijjarto-Ungarn-wird-nicht-ueber-Sanktionen-gegen-Russland-sprechen.jpg","width":460,"height":259,"caption":"P\u00e9ter Szijj\u00e1rt\u00f3: Ungarn wird nicht \u00fcber Sanktionen gegen Russland sprechen"},{"@type":"BreadcrumbList","@id":"https:\/\/now-news.de\/de\/deutschland\/peter-szijjarto-ungarn-wird-nicht-ueber-sanktionen-gegen-russland-sprechen\/#breadcrumb","itemListElement":[{"@type":"ListItem","position":1,"name":"Home","item":"https:\/\/now-news.de\/de\/"},{"@type":"ListItem","position":2,"name":"P\u00e9ter Szijj\u00e1rt\u00f3: Ungarn wird nicht \u00fcber Sanktionen gegen Russland sprechen"}]},{"@type":"WebSite","@id":"https:\/\/now-news.de\/de\/#website","url":"https:\/\/now-news.de\/de\/","name":"just-now.NEWS Deutschland","description":"Das Portal f\u00fcr unzensierte Nachrichten aus der Welt","publisher":{"@id":"https:\/\/now-news.de\/de\/#organization"},"potentialAction":[{"@type":"SearchAction","target":{"@type":"EntryPoint","urlTemplate":"https:\/\/now-news.de\/de\/?s={search_term_string}"},"query-input":"required name=search_term_string"}],"inLanguage":"de"},{"@type":"Organization","@id":"https:\/\/now-news.de\/de\/#organization","name":"Just Now News","url":"https:\/\/now-news.de\/de\/","logo":{"@type":"ImageObject","inLanguage":"de","@id":"https:\/\/now-news.de\/de\/#\/schema\/logo\/image\/","url":"http:\/\/just-now.news\/de\/wp-content\/uploads\/sites\/3\/2022\/04\/logo500x500.jpg","contentUrl":"http:\/\/just-now.news\/de\/wp-content\/uploads\/sites\/3\/2022\/04\/logo500x500.jpg","width":500,"height":500,"caption":"Just Now News"},"image":{"@id":"https:\/\/now-news.de\/de\/#\/schema\/logo\/image\/"},"sameAs":["https:\/\/www.facebook.com\/wirmachenauf","https:\/\/x.com\/WirMachenAuf_de"]},{"@type":"Person","@id":"https:\/\/now-news.de\/de\/#\/schema\/person\/fb534a4e865501d8b3285208df34a9b5","name":"rtnews","image":{"@type":"ImageObject","inLanguage":"de","@id":"https:\/\/now-news.de\/de\/#\/schema\/person\/image\/","url":"https:\/\/secure.gravatar.com\/avatar\/82aafea7d8127119dd649515f56e2117?s=96&d=mm&r=g","contentUrl":"https:\/\/secure.gravatar.com\/avatar\/82aafea7d8127119dd649515f56e2117?s=96&d=mm&r=g","caption":"rtnews"},"url":"https:\/\/now-news.de\/de\/author\/rnews\/"}]}},"_links":{"self":[{"href":"https:\/\/now-news.de\/de\/wp-json\/wp\/v2\/posts\/17895"}],"collection":[{"href":"https:\/\/now-news.de\/de\/wp-json\/wp\/v2\/posts"}],"about":[{"href":"https:\/\/now-news.de\/de\/wp-json\/wp\/v2\/types\/post"}],"author":[{"embeddable":true,"href":"https:\/\/now-news.de\/de\/wp-json\/wp\/v2\/users\/3"}],"replies":[{"embeddable":true,"href":"https:\/\/now-news.de\/de\/wp-json\/wp\/v2\/comments?post=17895"}],"version-history":[{"count":0,"href":"https:\/\/now-news.de\/de\/wp-json\/wp\/v2\/posts\/17895\/revisions"}],"wp:featuredmedia":[{"embeddable":true,"href":"https:\/\/now-news.de\/de\/wp-json\/wp\/v2\/media\/17896"}],"wp:attachment":[{"href":"https:\/\/now-news.de\/de\/wp-json\/wp\/v2\/media?parent=17895"}],"wp:term":[{"taxonomy":"category","embeddable":true,"href":"https:\/\/now-news.de\/de\/wp-json\/wp\/v2\/categories?post=17895"},{"taxonomy":"post_tag","embeddable":true,"href":"https:\/\/now-news.de\/de\/wp-json\/wp\/v2\/tags?post=17895"}],"curies":[{"name":"wp","href":"https:\/\/api.w.org\/{rel}","templated":true}]}}