{"id":17869,"date":"2022-08-28T08:09:52","date_gmt":"2022-08-28T06:09:52","guid":{"rendered":"http:\/\/just-now.news\/de\/deutschland\/vaclav-klaus-westen-ist-fuer-inflation-in-europa-verantwortlich-nicht-russland\/"},"modified":"2022-08-28T08:09:52","modified_gmt":"2022-08-28T06:09:52","slug":"vaclav-klaus-westen-ist-fuer-inflation-in-europa-verantwortlich-nicht-russland","status":"publish","type":"post","link":"https:\/\/now-news.de\/de\/deutschland\/vaclav-klaus-westen-ist-fuer-inflation-in-europa-verantwortlich-nicht-russland\/","title":{"rendered":"V\u00e1clav Klaus: Westen ist f\u00fcr Inflation in Europa verantwortlich, nicht Russland"},"content":{"rendered":"<p><img decoding=\"async\" src=\"http:\/\/just-now.news\/de\/wp-content\/uploads\/sites\/3\/2022\/08\/630b065b48fbef61ba6d0126.jpg\" \/><\/p>\n<div class=\"Text-root Text-type_1 \">\n                Der ehemalige tschechische Pr\u00e4sident V\u00e1clav Klaus hat erkl\u00e4rt, der Westen selbst sei f\u00fcr die steigende Inflation und die hohen Energiepreise in europ\u00e4ischen L\u00e4ndern verantwortlich. Der Ukraine-Konflikt sei nicht der Hauptgrund f\u00fcr die Krise.\n            <\/div>\n<p><\/p>\n<div class=\"Text-root Text-type_5 ArticleView-text ViewText-root \">\n<p>Der ehemalige tschechische Pr\u00e4sident V\u00e1clav Klaus hat in einem Interview mit der tschechischen Nachrichtenagentur <em>Seznam<\/em>\u00a0<em>Zpr\u00e1vy <\/em>mitgeteilt, dass die weltweiten Energiepreise nicht wegen Moskau angestiegen seien. W\u00f6rtlich erkl\u00e4rte er:<\/p>\n<blockquote>\n<p><em>&#8220;Die Probleme, die zu dem sprunghaften Anstieg der Inflation und zu dem enormen Anstieg der Energiepreise f\u00fchrten, die wir jetzt erleben, hatten ihren Ursprung lange vor dem 24. Februar.<\/em>\u00a0<em>Die russische Invasion hat das nur noch verst\u00e4rkt.&#8221;<\/em><\/p>\n<\/blockquote>\n<p>Russland sei ein wichtiger Lieferant von Gas, \u00d6l und Kohle, aber es ist &#8220;nur einer der Akteure&#8221; auf dem internationalen Markt, betonte der 81-j\u00e4hrige \u00d6konom, der zwischen 2003 und 2013 Pr\u00e4sident der Tschechischen Republik war. Der R\u00fcckgang der russischen Kohlenwasserstofflieferungen in die EU und die steigenden Energiepreise \u2013 die auf die umfassenden Sanktionen zur\u00fcckzuf\u00fchren sind, die die EU gegen Moskau verh\u00e4ngte \u2013 k\u00f6nnten nicht die Hauptursache f\u00fcr hohe Inflationsraten und steigende Energiepreise sein, so Klaus weiter:<\/p>\n<blockquote>\n<p><em>&#8220;Ich verstehe nicht, warum die Hauptursache nicht genannt wird. Der &#8216;gr\u00fcne Wahn&#8217;, der angebliche Kampf gegen den Klimawandel und der Green Deal der EU \u2013 das ist die Hauptursache f\u00fcr den Preisanstieg.&#8221;<\/em><\/p>\n<\/blockquote>\n<p>Klaus forderte die beteiligten Seiten auf, eine L\u00f6sung f\u00fcr den bereits seit einem halben Jahr andauernden Konflikt in der Ukraine zu finden, und warnte, dass sich die Situation nur &#8220;immer weiter verschlimmern&#8221; werde, wenn keine L\u00f6sung gefunden werde. Es sei notwendig, dass der Westen, insbesondere die USA, mit Russland verhandelt. Jeder Mensch, der &#8220;wenigstens ein bisschen Verstand hat&#8221;, verstehe das, so der Ex-Pr\u00e4sident.<\/p>\n<p><strong>Mehr zum Thema<\/strong> &#8211; <a rel=\"nofollow noopener\" target=\"_blank\" href=\"https:\/\/kurz.rt.com\/35iz\">Kritische Gaslage \u2013 Immer mehr L\u00e4nder \u00fcberdenken ihre Energiepolitik<\/a><\/p>\n<\/p>\n<\/div>\n<p><br \/>\n<br \/><a href=\"https:\/\/de.rt.com\/europa\/147274-ex-prasident-tschechiens-nicht-russland\/\">Source link <\/a><\/p>\n","protected":false},"excerpt":{"rendered":"<p>Der ehemalige tschechische Pr\u00e4sident V\u00e1clav Klaus hat erkl\u00e4rt, der Westen selbst sei f\u00fcr die steigende Inflation und die hohen Energiepreise in europ\u00e4ischen L\u00e4ndern verantwortlich. Der Ukraine-Konflikt sei nicht der Hauptgrund f\u00fcr die Krise. Der ehemalige tschechische Pr\u00e4sident V\u00e1clav Klaus hat in einem Interview mit der tschechischen Nachrichtenagentur Seznam\u00a0Zpr\u00e1vy mitgeteilt, dass die weltweiten Energiepreise nicht wegen [&hellip;]<\/p>\n","protected":false},"author":3,"featured_media":17870,"comment_status":"open","ping_status":"open","sticky":false,"template":"","format":"standard","meta":{"wp_automatic_camp":["217"],"5071c0e67e4486c1b14954cc0abcbf99":["V\u00e1clav Klaus: Westen ist f\u00fcr Inflation in Europa verantwortlich, nicht Russland"],"original_link":["https:\/\/de.rt.com\/europa\/147274-ex-prasident-tschechiens-nicht-russland\/"],"_thumbnail_id":["17870"],"_wptg_p2tg_sent2tg":["2022-08-28 08:19:37"],"jnews_social_counter_last_update":["1777110549"]},"categories":[19,23],"tags":[1370,221,198,414,57,800,126,31833,20199,378],"yoast_head":"<!-- This site is optimized with the Yoast SEO Premium plugin v22.7 (Yoast SEO v22.7) - https:\/\/yoast.com\/wordpress\/plugins\/seo\/ -->\n<title>V\u00e1clav Klaus: Westen ist f\u00fcr Inflation in Europa verantwortlich, nicht Russland - just-now.NEWS Deutschland<\/title>\n<meta name=\"robots\" content=\"index, follow, max-snippet:-1, max-image-preview:large, max-video-preview:-1\" \/>\n<link rel=\"canonical\" href=\"https:\/\/now-news.de\/de\/deutschland\/vaclav-klaus-westen-ist-fuer-inflation-in-europa-verantwortlich-nicht-russland\/\" \/>\n<meta property=\"og:locale\" content=\"de_DE\" \/>\n<meta property=\"og:type\" content=\"article\" \/>\n<meta property=\"og:title\" content=\"V\u00e1clav Klaus: Westen ist f\u00fcr Inflation in Europa verantwortlich, nicht Russland\" \/>\n<meta property=\"og:description\" content=\"Der ehemalige tschechische Pr\u00e4sident V\u00e1clav Klaus hat erkl\u00e4rt, der Westen selbst sei f\u00fcr die steigende Inflation und die hohen Energiepreise in europ\u00e4ischen L\u00e4ndern verantwortlich. Der Ukraine-Konflikt sei nicht der Hauptgrund f\u00fcr die Krise. Der ehemalige tschechische Pr\u00e4sident V\u00e1clav Klaus hat in einem Interview mit der tschechischen Nachrichtenagentur Seznam\u00a0Zpr\u00e1vy mitgeteilt, dass die weltweiten Energiepreise nicht wegen [&hellip;]\" \/>\n<meta property=\"og:url\" content=\"https:\/\/now-news.de\/de\/deutschland\/vaclav-klaus-westen-ist-fuer-inflation-in-europa-verantwortlich-nicht-russland\/\" \/>\n<meta property=\"og:site_name\" content=\"just-now.NEWS Deutschland\" \/>\n<meta property=\"article:publisher\" content=\"https:\/\/www.facebook.com\/wirmachenauf\" \/>\n<meta property=\"article:published_time\" content=\"2022-08-28T06:09:52+00:00\" \/>\n<meta property=\"og:image\" content=\"https:\/\/now-news.de\/de\/wp-content\/uploads\/sites\/3\/2022\/08\/Vaclav-Klaus-Westen-ist-fuer-Inflation-in-Europa-verantwortlich-nicht.jpg\" \/>\n\t<meta property=\"og:image:width\" content=\"460\" \/>\n\t<meta property=\"og:image:height\" content=\"259\" \/>\n\t<meta property=\"og:image:type\" content=\"image\/jpeg\" \/>\n<meta name=\"author\" content=\"rtnews\" \/>\n<meta name=\"twitter:card\" content=\"summary_large_image\" \/>\n<meta name=\"twitter:creator\" content=\"@WirMachenAuf_de\" \/>\n<meta name=\"twitter:site\" content=\"@WirMachenAuf_de\" \/>\n<meta name=\"twitter:label1\" content=\"Verfasst von\" \/>\n\t<meta name=\"twitter:data1\" content=\"rtnews\" \/>\n\t<meta name=\"twitter:label2\" content=\"Gesch\u00e4tzte Lesezeit\" \/>\n\t<meta name=\"twitter:data2\" content=\"2\u00a0Minuten\" \/>\n<script type=\"application\/ld+json\" class=\"yoast-schema-graph\">{\"@context\":\"https:\/\/schema.org\",\"@graph\":[{\"@type\":\"Article\",\"@id\":\"https:\/\/now-news.de\/de\/deutschland\/vaclav-klaus-westen-ist-fuer-inflation-in-europa-verantwortlich-nicht-russland\/#article\",\"isPartOf\":{\"@id\":\"https:\/\/now-news.de\/de\/deutschland\/vaclav-klaus-westen-ist-fuer-inflation-in-europa-verantwortlich-nicht-russland\/\"},\"author\":{\"name\":\"rtnews\",\"@id\":\"https:\/\/now-news.de\/de\/#\/schema\/person\/fb534a4e865501d8b3285208df34a9b5\"},\"headline\":\"V\u00e1clav Klaus: Westen ist f\u00fcr Inflation in Europa verantwortlich, nicht Russland\",\"datePublished\":\"2022-08-28T06:09:52+00:00\",\"dateModified\":\"2022-08-28T06:09:52+00:00\",\"mainEntityOfPage\":{\"@id\":\"https:\/\/now-news.de\/de\/deutschland\/vaclav-klaus-westen-ist-fuer-inflation-in-europa-verantwortlich-nicht-russland\/\"},\"wordCount\":321,\"commentCount\":0,\"publisher\":{\"@id\":\"https:\/\/now-news.de\/de\/#organization\"},\"image\":{\"@id\":\"https:\/\/now-news.de\/de\/deutschland\/vaclav-klaus-westen-ist-fuer-inflation-in-europa-verantwortlich-nicht-russland\/#primaryimage\"},\"thumbnailUrl\":\"https:\/\/now-news.de\/de\/wp-content\/uploads\/sites\/3\/2022\/08\/Vaclav-Klaus-Westen-ist-fuer-Inflation-in-Europa-verantwortlich-nicht.jpg\",\"keywords\":[\"Europa\",\"f\u00fcr\",\"Inflation\",\"ist\",\"Klaus\",\"nicht\",\"russland\",\"V\u00e1clav\",\"verantwortlich\",\"Westen\"],\"articleSection\":[\"Deutschland\",\"Russland\"],\"inLanguage\":\"de\",\"potentialAction\":[{\"@type\":\"CommentAction\",\"name\":\"Comment\",\"target\":[\"https:\/\/now-news.de\/de\/deutschland\/vaclav-klaus-westen-ist-fuer-inflation-in-europa-verantwortlich-nicht-russland\/#respond\"]}]},{\"@type\":\"WebPage\",\"@id\":\"https:\/\/now-news.de\/de\/deutschland\/vaclav-klaus-westen-ist-fuer-inflation-in-europa-verantwortlich-nicht-russland\/\",\"url\":\"https:\/\/now-news.de\/de\/deutschland\/vaclav-klaus-westen-ist-fuer-inflation-in-europa-verantwortlich-nicht-russland\/\",\"name\":\"V\u00e1clav Klaus: Westen ist f\u00fcr Inflation in Europa verantwortlich, nicht Russland - just-now.NEWS Deutschland\",\"isPartOf\":{\"@id\":\"https:\/\/now-news.de\/de\/#website\"},\"primaryImageOfPage\":{\"@id\":\"https:\/\/now-news.de\/de\/deutschland\/vaclav-klaus-westen-ist-fuer-inflation-in-europa-verantwortlich-nicht-russland\/#primaryimage\"},\"image\":{\"@id\":\"https:\/\/now-news.de\/de\/deutschland\/vaclav-klaus-westen-ist-fuer-inflation-in-europa-verantwortlich-nicht-russland\/#primaryimage\"},\"thumbnailUrl\":\"https:\/\/now-news.de\/de\/wp-content\/uploads\/sites\/3\/2022\/08\/Vaclav-Klaus-Westen-ist-fuer-Inflation-in-Europa-verantwortlich-nicht.jpg\",\"datePublished\":\"2022-08-28T06:09:52+00:00\",\"dateModified\":\"2022-08-28T06:09:52+00:00\",\"breadcrumb\":{\"@id\":\"https:\/\/now-news.de\/de\/deutschland\/vaclav-klaus-westen-ist-fuer-inflation-in-europa-verantwortlich-nicht-russland\/#breadcrumb\"},\"inLanguage\":\"de\",\"potentialAction\":[{\"@type\":\"ReadAction\",\"target\":[\"https:\/\/now-news.de\/de\/deutschland\/vaclav-klaus-westen-ist-fuer-inflation-in-europa-verantwortlich-nicht-russland\/\"]}]},{\"@type\":\"ImageObject\",\"inLanguage\":\"de\",\"@id\":\"https:\/\/now-news.de\/de\/deutschland\/vaclav-klaus-westen-ist-fuer-inflation-in-europa-verantwortlich-nicht-russland\/#primaryimage\",\"url\":\"https:\/\/now-news.de\/de\/wp-content\/uploads\/sites\/3\/2022\/08\/Vaclav-Klaus-Westen-ist-fuer-Inflation-in-Europa-verantwortlich-nicht.jpg\",\"contentUrl\":\"https:\/\/now-news.de\/de\/wp-content\/uploads\/sites\/3\/2022\/08\/Vaclav-Klaus-Westen-ist-fuer-Inflation-in-Europa-verantwortlich-nicht.jpg\",\"width\":460,\"height\":259,\"caption\":\"V\u00e1clav Klaus: Westen ist f\u00fcr Inflation in Europa verantwortlich, nicht Russland\"},{\"@type\":\"BreadcrumbList\",\"@id\":\"https:\/\/now-news.de\/de\/deutschland\/vaclav-klaus-westen-ist-fuer-inflation-in-europa-verantwortlich-nicht-russland\/#breadcrumb\",\"itemListElement\":[{\"@type\":\"ListItem\",\"position\":1,\"name\":\"Home\",\"item\":\"https:\/\/now-news.de\/de\/\"},{\"@type\":\"ListItem\",\"position\":2,\"name\":\"V\u00e1clav Klaus: Westen ist f\u00fcr Inflation in Europa verantwortlich, nicht Russland\"}]},{\"@type\":\"WebSite\",\"@id\":\"https:\/\/now-news.de\/de\/#website\",\"url\":\"https:\/\/now-news.de\/de\/\",\"name\":\"just-now.NEWS Deutschland\",\"description\":\"Das Portal f\u00fcr unzensierte Nachrichten aus der Welt\",\"publisher\":{\"@id\":\"https:\/\/now-news.de\/de\/#organization\"},\"potentialAction\":[{\"@type\":\"SearchAction\",\"target\":{\"@type\":\"EntryPoint\",\"urlTemplate\":\"https:\/\/now-news.de\/de\/?s={search_term_string}\"},\"query-input\":\"required name=search_term_string\"}],\"inLanguage\":\"de\"},{\"@type\":\"Organization\",\"@id\":\"https:\/\/now-news.de\/de\/#organization\",\"name\":\"Just Now News\",\"url\":\"https:\/\/now-news.de\/de\/\",\"logo\":{\"@type\":\"ImageObject\",\"inLanguage\":\"de\",\"@id\":\"https:\/\/now-news.de\/de\/#\/schema\/logo\/image\/\",\"url\":\"http:\/\/just-now.news\/de\/wp-content\/uploads\/sites\/3\/2022\/04\/logo500x500.jpg\",\"contentUrl\":\"http:\/\/just-now.news\/de\/wp-content\/uploads\/sites\/3\/2022\/04\/logo500x500.jpg\",\"width\":500,\"height\":500,\"caption\":\"Just Now News\"},\"image\":{\"@id\":\"https:\/\/now-news.de\/de\/#\/schema\/logo\/image\/\"},\"sameAs\":[\"https:\/\/www.facebook.com\/wirmachenauf\",\"https:\/\/x.com\/WirMachenAuf_de\"]},{\"@type\":\"Person\",\"@id\":\"https:\/\/now-news.de\/de\/#\/schema\/person\/fb534a4e865501d8b3285208df34a9b5\",\"name\":\"rtnews\",\"image\":{\"@type\":\"ImageObject\",\"inLanguage\":\"de\",\"@id\":\"https:\/\/now-news.de\/de\/#\/schema\/person\/image\/\",\"url\":\"https:\/\/secure.gravatar.com\/avatar\/82aafea7d8127119dd649515f56e2117?s=96&d=mm&r=g\",\"contentUrl\":\"https:\/\/secure.gravatar.com\/avatar\/82aafea7d8127119dd649515f56e2117?s=96&d=mm&r=g\",\"caption\":\"rtnews\"},\"url\":\"https:\/\/now-news.de\/de\/author\/rnews\/\"}]}<\/script>\n<!-- \/ Yoast SEO Premium plugin. -->","yoast_head_json":{"title":"V\u00e1clav Klaus: Westen ist f\u00fcr Inflation in Europa verantwortlich, nicht Russland - just-now.NEWS Deutschland","robots":{"index":"index","follow":"follow","max-snippet":"max-snippet:-1","max-image-preview":"max-image-preview:large","max-video-preview":"max-video-preview:-1"},"canonical":"https:\/\/now-news.de\/de\/deutschland\/vaclav-klaus-westen-ist-fuer-inflation-in-europa-verantwortlich-nicht-russland\/","og_locale":"de_DE","og_type":"article","og_title":"V\u00e1clav Klaus: Westen ist f\u00fcr Inflation in Europa verantwortlich, nicht Russland","og_description":"Der ehemalige tschechische Pr\u00e4sident V\u00e1clav Klaus hat erkl\u00e4rt, der Westen selbst sei f\u00fcr die steigende Inflation und die hohen Energiepreise in europ\u00e4ischen L\u00e4ndern verantwortlich. Der Ukraine-Konflikt sei nicht der Hauptgrund f\u00fcr die Krise. Der ehemalige tschechische Pr\u00e4sident V\u00e1clav Klaus hat in einem Interview mit der tschechischen Nachrichtenagentur Seznam\u00a0Zpr\u00e1vy mitgeteilt, dass die weltweiten Energiepreise nicht wegen [&hellip;]","og_url":"https:\/\/now-news.de\/de\/deutschland\/vaclav-klaus-westen-ist-fuer-inflation-in-europa-verantwortlich-nicht-russland\/","og_site_name":"just-now.NEWS Deutschland","article_publisher":"https:\/\/www.facebook.com\/wirmachenauf","article_published_time":"2022-08-28T06:09:52+00:00","og_image":[{"width":460,"height":259,"url":"https:\/\/now-news.de\/de\/wp-content\/uploads\/sites\/3\/2022\/08\/Vaclav-Klaus-Westen-ist-fuer-Inflation-in-Europa-verantwortlich-nicht.jpg","type":"image\/jpeg"}],"author":"rtnews","twitter_card":"summary_large_image","twitter_creator":"@WirMachenAuf_de","twitter_site":"@WirMachenAuf_de","twitter_misc":{"Verfasst von":"rtnews","Gesch\u00e4tzte Lesezeit":"2\u00a0Minuten"},"schema":{"@context":"https:\/\/schema.org","@graph":[{"@type":"Article","@id":"https:\/\/now-news.de\/de\/deutschland\/vaclav-klaus-westen-ist-fuer-inflation-in-europa-verantwortlich-nicht-russland\/#article","isPartOf":{"@id":"https:\/\/now-news.de\/de\/deutschland\/vaclav-klaus-westen-ist-fuer-inflation-in-europa-verantwortlich-nicht-russland\/"},"author":{"name":"rtnews","@id":"https:\/\/now-news.de\/de\/#\/schema\/person\/fb534a4e865501d8b3285208df34a9b5"},"headline":"V\u00e1clav Klaus: Westen ist f\u00fcr Inflation in Europa verantwortlich, nicht Russland","datePublished":"2022-08-28T06:09:52+00:00","dateModified":"2022-08-28T06:09:52+00:00","mainEntityOfPage":{"@id":"https:\/\/now-news.de\/de\/deutschland\/vaclav-klaus-westen-ist-fuer-inflation-in-europa-verantwortlich-nicht-russland\/"},"wordCount":321,"commentCount":0,"publisher":{"@id":"https:\/\/now-news.de\/de\/#organization"},"image":{"@id":"https:\/\/now-news.de\/de\/deutschland\/vaclav-klaus-westen-ist-fuer-inflation-in-europa-verantwortlich-nicht-russland\/#primaryimage"},"thumbnailUrl":"https:\/\/now-news.de\/de\/wp-content\/uploads\/sites\/3\/2022\/08\/Vaclav-Klaus-Westen-ist-fuer-Inflation-in-Europa-verantwortlich-nicht.jpg","keywords":["Europa","f\u00fcr","Inflation","ist","Klaus","nicht","russland","V\u00e1clav","verantwortlich","Westen"],"articleSection":["Deutschland","Russland"],"inLanguage":"de","potentialAction":[{"@type":"CommentAction","name":"Comment","target":["https:\/\/now-news.de\/de\/deutschland\/vaclav-klaus-westen-ist-fuer-inflation-in-europa-verantwortlich-nicht-russland\/#respond"]}]},{"@type":"WebPage","@id":"https:\/\/now-news.de\/de\/deutschland\/vaclav-klaus-westen-ist-fuer-inflation-in-europa-verantwortlich-nicht-russland\/","url":"https:\/\/now-news.de\/de\/deutschland\/vaclav-klaus-westen-ist-fuer-inflation-in-europa-verantwortlich-nicht-russland\/","name":"V\u00e1clav Klaus: Westen ist f\u00fcr Inflation in Europa verantwortlich, nicht Russland - just-now.NEWS Deutschland","isPartOf":{"@id":"https:\/\/now-news.de\/de\/#website"},"primaryImageOfPage":{"@id":"https:\/\/now-news.de\/de\/deutschland\/vaclav-klaus-westen-ist-fuer-inflation-in-europa-verantwortlich-nicht-russland\/#primaryimage"},"image":{"@id":"https:\/\/now-news.de\/de\/deutschland\/vaclav-klaus-westen-ist-fuer-inflation-in-europa-verantwortlich-nicht-russland\/#primaryimage"},"thumbnailUrl":"https:\/\/now-news.de\/de\/wp-content\/uploads\/sites\/3\/2022\/08\/Vaclav-Klaus-Westen-ist-fuer-Inflation-in-Europa-verantwortlich-nicht.jpg","datePublished":"2022-08-28T06:09:52+00:00","dateModified":"2022-08-28T06:09:52+00:00","breadcrumb":{"@id":"https:\/\/now-news.de\/de\/deutschland\/vaclav-klaus-westen-ist-fuer-inflation-in-europa-verantwortlich-nicht-russland\/#breadcrumb"},"inLanguage":"de","potentialAction":[{"@type":"ReadAction","target":["https:\/\/now-news.de\/de\/deutschland\/vaclav-klaus-westen-ist-fuer-inflation-in-europa-verantwortlich-nicht-russland\/"]}]},{"@type":"ImageObject","inLanguage":"de","@id":"https:\/\/now-news.de\/de\/deutschland\/vaclav-klaus-westen-ist-fuer-inflation-in-europa-verantwortlich-nicht-russland\/#primaryimage","url":"https:\/\/now-news.de\/de\/wp-content\/uploads\/sites\/3\/2022\/08\/Vaclav-Klaus-Westen-ist-fuer-Inflation-in-Europa-verantwortlich-nicht.jpg","contentUrl":"https:\/\/now-news.de\/de\/wp-content\/uploads\/sites\/3\/2022\/08\/Vaclav-Klaus-Westen-ist-fuer-Inflation-in-Europa-verantwortlich-nicht.jpg","width":460,"height":259,"caption":"V\u00e1clav Klaus: Westen ist f\u00fcr Inflation in Europa verantwortlich, nicht Russland"},{"@type":"BreadcrumbList","@id":"https:\/\/now-news.de\/de\/deutschland\/vaclav-klaus-westen-ist-fuer-inflation-in-europa-verantwortlich-nicht-russland\/#breadcrumb","itemListElement":[{"@type":"ListItem","position":1,"name":"Home","item":"https:\/\/now-news.de\/de\/"},{"@type":"ListItem","position":2,"name":"V\u00e1clav Klaus: Westen ist f\u00fcr Inflation in Europa verantwortlich, nicht Russland"}]},{"@type":"WebSite","@id":"https:\/\/now-news.de\/de\/#website","url":"https:\/\/now-news.de\/de\/","name":"just-now.NEWS Deutschland","description":"Das Portal f\u00fcr unzensierte Nachrichten aus der Welt","publisher":{"@id":"https:\/\/now-news.de\/de\/#organization"},"potentialAction":[{"@type":"SearchAction","target":{"@type":"EntryPoint","urlTemplate":"https:\/\/now-news.de\/de\/?s={search_term_string}"},"query-input":"required name=search_term_string"}],"inLanguage":"de"},{"@type":"Organization","@id":"https:\/\/now-news.de\/de\/#organization","name":"Just Now News","url":"https:\/\/now-news.de\/de\/","logo":{"@type":"ImageObject","inLanguage":"de","@id":"https:\/\/now-news.de\/de\/#\/schema\/logo\/image\/","url":"http:\/\/just-now.news\/de\/wp-content\/uploads\/sites\/3\/2022\/04\/logo500x500.jpg","contentUrl":"http:\/\/just-now.news\/de\/wp-content\/uploads\/sites\/3\/2022\/04\/logo500x500.jpg","width":500,"height":500,"caption":"Just Now News"},"image":{"@id":"https:\/\/now-news.de\/de\/#\/schema\/logo\/image\/"},"sameAs":["https:\/\/www.facebook.com\/wirmachenauf","https:\/\/x.com\/WirMachenAuf_de"]},{"@type":"Person","@id":"https:\/\/now-news.de\/de\/#\/schema\/person\/fb534a4e865501d8b3285208df34a9b5","name":"rtnews","image":{"@type":"ImageObject","inLanguage":"de","@id":"https:\/\/now-news.de\/de\/#\/schema\/person\/image\/","url":"https:\/\/secure.gravatar.com\/avatar\/82aafea7d8127119dd649515f56e2117?s=96&d=mm&r=g","contentUrl":"https:\/\/secure.gravatar.com\/avatar\/82aafea7d8127119dd649515f56e2117?s=96&d=mm&r=g","caption":"rtnews"},"url":"https:\/\/now-news.de\/de\/author\/rnews\/"}]}},"_links":{"self":[{"href":"https:\/\/now-news.de\/de\/wp-json\/wp\/v2\/posts\/17869"}],"collection":[{"href":"https:\/\/now-news.de\/de\/wp-json\/wp\/v2\/posts"}],"about":[{"href":"https:\/\/now-news.de\/de\/wp-json\/wp\/v2\/types\/post"}],"author":[{"embeddable":true,"href":"https:\/\/now-news.de\/de\/wp-json\/wp\/v2\/users\/3"}],"replies":[{"embeddable":true,"href":"https:\/\/now-news.de\/de\/wp-json\/wp\/v2\/comments?post=17869"}],"version-history":[{"count":0,"href":"https:\/\/now-news.de\/de\/wp-json\/wp\/v2\/posts\/17869\/revisions"}],"wp:featuredmedia":[{"embeddable":true,"href":"https:\/\/now-news.de\/de\/wp-json\/wp\/v2\/media\/17870"}],"wp:attachment":[{"href":"https:\/\/now-news.de\/de\/wp-json\/wp\/v2\/media?parent=17869"}],"wp:term":[{"taxonomy":"category","embeddable":true,"href":"https:\/\/now-news.de\/de\/wp-json\/wp\/v2\/categories?post=17869"},{"taxonomy":"post_tag","embeddable":true,"href":"https:\/\/now-news.de\/de\/wp-json\/wp\/v2\/tags?post=17869"}],"curies":[{"name":"wp","href":"https:\/\/api.w.org\/{rel}","templated":true}]}}