{"id":17857,"date":"2022-08-27T19:40:23","date_gmt":"2022-08-27T17:40:23","guid":{"rendered":"http:\/\/just-now.news\/de\/deutschland\/lufthansa-und-flugverband-bdl-sprechen-sich-fuer-abschaffung-der-maskenpflicht-an-bord-aus\/"},"modified":"2022-08-27T19:40:23","modified_gmt":"2022-08-27T17:40:23","slug":"lufthansa-und-flugverband-bdl-sprechen-sich-fuer-abschaffung-der-maskenpflicht-an-bord-aus","status":"publish","type":"post","link":"https:\/\/now-news.de\/de\/deutschland\/lufthansa-und-flugverband-bdl-sprechen-sich-fuer-abschaffung-der-maskenpflicht-an-bord-aus\/","title":{"rendered":"Lufthansa und Flugverband BDL sprechen sich f\u00fcr Abschaffung der Maskenpflicht an Bord aus"},"content":{"rendered":"<p><img decoding=\"async\" src=\"http:\/\/just-now.news\/de\/wp-content\/uploads\/sites\/3\/2022\/08\/630a5179b480cc154715588e.jpg\" \/><\/p>\n<div class=\"Text-root Text-type_1 \">\n                Viele europ\u00e4ische L\u00e4nder haben die Maskenpflicht beim Fliegen bereits abgeschafft. Nun fordern auch in Deutschland die Lufthansa und der Bundesverband der Deutschen Luftverkehrswirtschaft zum Verzicht auf Masken beim Fliegen auf.\n            <\/div>\n<p><\/p>\n<div class=\"Text-root Text-type_5 ArticleView-text ViewText-root \">\n<p>In den meisten L\u00e4ndern der EU gilt die Maskenpflicht beim Fliegen lange nicht mehr. Gleichzeitig hat die Bundesregierung vor, im Herbst neue Corona-Schutzregeln einzuf\u00fchren. Dementsprechend soll eine FFP2-Maskenpflicht im Flugverkehr bis April 2023 gelten.<\/p>\n<p>Vor diesem Hintergrund meldete sich der Bundesverband der Deutschen Luftverkehrswirtschaft (kurz BDL) zu Wort. Der BDL kritisierte die Ma\u00dfnahme mit der Begr\u00fcndung, dass dies nicht verh\u00e4ltnism\u00e4\u00dfig sei. Auch die bisherige Maskenpflicht sei vielen Passagieren nur schwer vermittelbar, da sie in kaum einem anderen europ\u00e4ischen Land noch in Kraft sei.<\/p>\n<p>Auch die Lufthansa sprach sich f\u00fcr die Abschaffung der Maskenpflicht an Bord. Lufthansa-Vorstandsmitglied Christina Foerster erkl\u00e4rte in einem Interview, dass der Konzern auf die Eigenverantwortung der Flugg\u00e4ste setzen wolle. Foerster zufolge sollten Flugg\u00e4ste selbst entscheiden k\u00f6nnen, ob sie eine Maske tragen m\u00f6chten oder nicht. Dar\u00fcber hinaus werde in Flugzeugen die Luft durch Hochleistungsfilter gereinigt. Weiter hie\u00df es:<\/p>\n<blockquote>\n<p><em>&#8220;Insofern ist schwer verst\u00e4ndlich, warum hier strengere Regeln als in anderen Lebensbereichen, etwa im Restaurant oder im Supermarkt, gelten sollen.&#8221;<\/em><\/p>\n<\/blockquote>\n<p>Das Vorstandsmitglied wies ebenso wie der BDL darauf hin, dass die meisten anderen L\u00e4nder bereits auf Freiwilligkeit setzen. Deswegen sei &#8220;dieser deutsche Sonderweg&#8221; nur schwer erkl\u00e4rbar und durchsetzbar, so Foerster weiter.<\/p>\n<p>Das Bundeskabinett hatte am Mittwoch die neuen Corona-Ma\u00dfnahmen\u00a0auf den Weg gebracht, die vom 1. Oktober 2022 bis 7. April 2023 weitergehende Regeln zu Masken und Tests vorsehen. Bundesweit soll FFP2-Maskenpflicht in Flugzeugen und Fernz\u00fcgen, Pflegeheimen und Kliniken gelten. Die Maskenpflicht besteht auch aktuell, jedoch\u00a0reicht bisher eine einfachere OP-Maske. Diese soll k\u00fcnftig nur noch f\u00fcr Kinder von\u00a0sechs bis 14 Jahren und f\u00fcr Mitarbeiter zul\u00e4ssig\u00a0sein.\u00a0<\/p>\n<p><strong>Mehr zum Thema<\/strong> &#8211; <a rel=\"nofollow noopener\" target=\"_blank\" href=\"https:\/\/kurz.rt.com\/35f2\">Corona-Regeln f\u00fcr den Herbst: FFP2-Maskenpflicht in Fernz\u00fcgen und Flugzeugen<\/a><\/p>\n<\/div>\n<p><br \/>\n<br \/><a href=\"https:\/\/de.rt.com\/inland\/147280-lufthansa-und-flugverband-bdl-sprechen\/\">Source link <\/a><\/p>\n","protected":false},"excerpt":{"rendered":"<p>Viele europ\u00e4ische L\u00e4nder haben die Maskenpflicht beim Fliegen bereits abgeschafft. Nun fordern auch in Deutschland die Lufthansa und der Bundesverband der Deutschen Luftverkehrswirtschaft zum Verzicht auf Masken beim Fliegen auf. In den meisten L\u00e4ndern der EU gilt die Maskenpflicht beim Fliegen lange nicht mehr. Gleichzeitig hat die Bundesregierung vor, im Herbst neue Corona-Schutzregeln einzuf\u00fchren. Dementsprechend [&hellip;]<\/p>\n","protected":false},"author":3,"featured_media":17858,"comment_status":"open","ping_status":"open","sticky":false,"template":"","format":"standard","meta":{"wp_automatic_camp":["217"],"77f4d8ecc55ffd2be17358e53979a41a":["Lufthansa und Flugverband BDL sprechen sich f\u00fcr Abschaffung der Maskenpflicht an Bord aus"],"original_link":["https:\/\/de.rt.com\/inland\/147280-lufthansa-und-flugverband-bdl-sprechen\/"],"_thumbnail_id":["17858"],"_wptg_p2tg_sent2tg":["2022-08-27 19:45:47"],"jnews_social_counter_last_update":["1777176633"]},"categories":[19,23],"tags":[1377,679,31823,8551,82,31822,221,22036,2656,434,5478,140],"yoast_head":"<!-- This site is optimized with the Yoast SEO Premium plugin v22.7 (Yoast SEO v22.7) - https:\/\/yoast.com\/wordpress\/plugins\/seo\/ -->\n<title>Lufthansa und Flugverband BDL sprechen sich f\u00fcr Abschaffung der Maskenpflicht an Bord aus - just-now.NEWS Deutschland<\/title>\n<meta name=\"robots\" content=\"index, follow, max-snippet:-1, max-image-preview:large, max-video-preview:-1\" \/>\n<link rel=\"canonical\" href=\"https:\/\/now-news.de\/de\/deutschland\/lufthansa-und-flugverband-bdl-sprechen-sich-fuer-abschaffung-der-maskenpflicht-an-bord-aus\/\" \/>\n<meta property=\"og:locale\" content=\"de_DE\" \/>\n<meta property=\"og:type\" content=\"article\" \/>\n<meta property=\"og:title\" content=\"Lufthansa und Flugverband BDL sprechen sich f\u00fcr Abschaffung der Maskenpflicht an Bord aus\" \/>\n<meta property=\"og:description\" content=\"Viele europ\u00e4ische L\u00e4nder haben die Maskenpflicht beim Fliegen bereits abgeschafft. Nun fordern auch in Deutschland die Lufthansa und der Bundesverband der Deutschen Luftverkehrswirtschaft zum Verzicht auf Masken beim Fliegen auf. In den meisten L\u00e4ndern der EU gilt die Maskenpflicht beim Fliegen lange nicht mehr. Gleichzeitig hat die Bundesregierung vor, im Herbst neue Corona-Schutzregeln einzuf\u00fchren. Dementsprechend [&hellip;]\" \/>\n<meta property=\"og:url\" content=\"https:\/\/now-news.de\/de\/deutschland\/lufthansa-und-flugverband-bdl-sprechen-sich-fuer-abschaffung-der-maskenpflicht-an-bord-aus\/\" \/>\n<meta property=\"og:site_name\" content=\"just-now.NEWS Deutschland\" \/>\n<meta property=\"article:publisher\" content=\"https:\/\/www.facebook.com\/wirmachenauf\" \/>\n<meta property=\"article:published_time\" content=\"2022-08-27T17:40:23+00:00\" \/>\n<meta property=\"og:image\" content=\"https:\/\/now-news.de\/de\/wp-content\/uploads\/sites\/3\/2022\/08\/Lufthansa-und-Flugverband-BDL-sprechen-sich-fuer-Abschaffung-der-Maskenpflicht.jpg\" \/>\n\t<meta property=\"og:image:width\" content=\"460\" \/>\n\t<meta property=\"og:image:height\" content=\"259\" \/>\n\t<meta property=\"og:image:type\" content=\"image\/jpeg\" \/>\n<meta name=\"author\" content=\"rtnews\" \/>\n<meta name=\"twitter:card\" content=\"summary_large_image\" \/>\n<meta name=\"twitter:creator\" content=\"@WirMachenAuf_de\" \/>\n<meta name=\"twitter:site\" content=\"@WirMachenAuf_de\" \/>\n<meta name=\"twitter:label1\" content=\"Verfasst von\" \/>\n\t<meta name=\"twitter:data1\" content=\"rtnews\" \/>\n\t<meta name=\"twitter:label2\" content=\"Gesch\u00e4tzte Lesezeit\" \/>\n\t<meta name=\"twitter:data2\" content=\"2\u00a0Minuten\" \/>\n<script type=\"application\/ld+json\" class=\"yoast-schema-graph\">{\"@context\":\"https:\/\/schema.org\",\"@graph\":[{\"@type\":\"Article\",\"@id\":\"https:\/\/now-news.de\/de\/deutschland\/lufthansa-und-flugverband-bdl-sprechen-sich-fuer-abschaffung-der-maskenpflicht-an-bord-aus\/#article\",\"isPartOf\":{\"@id\":\"https:\/\/now-news.de\/de\/deutschland\/lufthansa-und-flugverband-bdl-sprechen-sich-fuer-abschaffung-der-maskenpflicht-an-bord-aus\/\"},\"author\":{\"name\":\"rtnews\",\"@id\":\"https:\/\/now-news.de\/de\/#\/schema\/person\/fb534a4e865501d8b3285208df34a9b5\"},\"headline\":\"Lufthansa und Flugverband BDL sprechen sich f\u00fcr Abschaffung der Maskenpflicht an Bord aus\",\"datePublished\":\"2022-08-27T17:40:23+00:00\",\"dateModified\":\"2022-08-27T17:40:23+00:00\",\"mainEntityOfPage\":{\"@id\":\"https:\/\/now-news.de\/de\/deutschland\/lufthansa-und-flugverband-bdl-sprechen-sich-fuer-abschaffung-der-maskenpflicht-an-bord-aus\/\"},\"wordCount\":342,\"commentCount\":0,\"publisher\":{\"@id\":\"https:\/\/now-news.de\/de\/#organization\"},\"image\":{\"@id\":\"https:\/\/now-news.de\/de\/deutschland\/lufthansa-und-flugverband-bdl-sprechen-sich-fuer-abschaffung-der-maskenpflicht-an-bord-aus\/#primaryimage\"},\"thumbnailUrl\":\"https:\/\/now-news.de\/de\/wp-content\/uploads\/sites\/3\/2022\/08\/Lufthansa-und-Flugverband-BDL-sprechen-sich-fuer-Abschaffung-der-Maskenpflicht.jpg\",\"keywords\":[\"Abschaffung\",\"aus\",\"BDL\",\"Bord\",\"der\",\"Flugverband\",\"f\u00fcr\",\"Lufthansa\",\"maskenpflicht\",\"sich\",\"sprechen\",\"und\"],\"articleSection\":[\"Deutschland\",\"Russland\"],\"inLanguage\":\"de\",\"potentialAction\":[{\"@type\":\"CommentAction\",\"name\":\"Comment\",\"target\":[\"https:\/\/now-news.de\/de\/deutschland\/lufthansa-und-flugverband-bdl-sprechen-sich-fuer-abschaffung-der-maskenpflicht-an-bord-aus\/#respond\"]}]},{\"@type\":\"WebPage\",\"@id\":\"https:\/\/now-news.de\/de\/deutschland\/lufthansa-und-flugverband-bdl-sprechen-sich-fuer-abschaffung-der-maskenpflicht-an-bord-aus\/\",\"url\":\"https:\/\/now-news.de\/de\/deutschland\/lufthansa-und-flugverband-bdl-sprechen-sich-fuer-abschaffung-der-maskenpflicht-an-bord-aus\/\",\"name\":\"Lufthansa und Flugverband BDL sprechen sich f\u00fcr Abschaffung der Maskenpflicht an Bord aus - just-now.NEWS Deutschland\",\"isPartOf\":{\"@id\":\"https:\/\/now-news.de\/de\/#website\"},\"primaryImageOfPage\":{\"@id\":\"https:\/\/now-news.de\/de\/deutschland\/lufthansa-und-flugverband-bdl-sprechen-sich-fuer-abschaffung-der-maskenpflicht-an-bord-aus\/#primaryimage\"},\"image\":{\"@id\":\"https:\/\/now-news.de\/de\/deutschland\/lufthansa-und-flugverband-bdl-sprechen-sich-fuer-abschaffung-der-maskenpflicht-an-bord-aus\/#primaryimage\"},\"thumbnailUrl\":\"https:\/\/now-news.de\/de\/wp-content\/uploads\/sites\/3\/2022\/08\/Lufthansa-und-Flugverband-BDL-sprechen-sich-fuer-Abschaffung-der-Maskenpflicht.jpg\",\"datePublished\":\"2022-08-27T17:40:23+00:00\",\"dateModified\":\"2022-08-27T17:40:23+00:00\",\"breadcrumb\":{\"@id\":\"https:\/\/now-news.de\/de\/deutschland\/lufthansa-und-flugverband-bdl-sprechen-sich-fuer-abschaffung-der-maskenpflicht-an-bord-aus\/#breadcrumb\"},\"inLanguage\":\"de\",\"potentialAction\":[{\"@type\":\"ReadAction\",\"target\":[\"https:\/\/now-news.de\/de\/deutschland\/lufthansa-und-flugverband-bdl-sprechen-sich-fuer-abschaffung-der-maskenpflicht-an-bord-aus\/\"]}]},{\"@type\":\"ImageObject\",\"inLanguage\":\"de\",\"@id\":\"https:\/\/now-news.de\/de\/deutschland\/lufthansa-und-flugverband-bdl-sprechen-sich-fuer-abschaffung-der-maskenpflicht-an-bord-aus\/#primaryimage\",\"url\":\"https:\/\/now-news.de\/de\/wp-content\/uploads\/sites\/3\/2022\/08\/Lufthansa-und-Flugverband-BDL-sprechen-sich-fuer-Abschaffung-der-Maskenpflicht.jpg\",\"contentUrl\":\"https:\/\/now-news.de\/de\/wp-content\/uploads\/sites\/3\/2022\/08\/Lufthansa-und-Flugverband-BDL-sprechen-sich-fuer-Abschaffung-der-Maskenpflicht.jpg\",\"width\":460,\"height\":259,\"caption\":\"Lufthansa und Flugverband BDL sprechen sich f\u00fcr Abschaffung der Maskenpflicht an Bord aus\"},{\"@type\":\"BreadcrumbList\",\"@id\":\"https:\/\/now-news.de\/de\/deutschland\/lufthansa-und-flugverband-bdl-sprechen-sich-fuer-abschaffung-der-maskenpflicht-an-bord-aus\/#breadcrumb\",\"itemListElement\":[{\"@type\":\"ListItem\",\"position\":1,\"name\":\"Home\",\"item\":\"https:\/\/now-news.de\/de\/\"},{\"@type\":\"ListItem\",\"position\":2,\"name\":\"Lufthansa und Flugverband BDL sprechen sich f\u00fcr Abschaffung der Maskenpflicht an Bord aus\"}]},{\"@type\":\"WebSite\",\"@id\":\"https:\/\/now-news.de\/de\/#website\",\"url\":\"https:\/\/now-news.de\/de\/\",\"name\":\"just-now.NEWS Deutschland\",\"description\":\"Das Portal f\u00fcr unzensierte Nachrichten aus der Welt\",\"publisher\":{\"@id\":\"https:\/\/now-news.de\/de\/#organization\"},\"potentialAction\":[{\"@type\":\"SearchAction\",\"target\":{\"@type\":\"EntryPoint\",\"urlTemplate\":\"https:\/\/now-news.de\/de\/?s={search_term_string}\"},\"query-input\":\"required name=search_term_string\"}],\"inLanguage\":\"de\"},{\"@type\":\"Organization\",\"@id\":\"https:\/\/now-news.de\/de\/#organization\",\"name\":\"Just Now News\",\"url\":\"https:\/\/now-news.de\/de\/\",\"logo\":{\"@type\":\"ImageObject\",\"inLanguage\":\"de\",\"@id\":\"https:\/\/now-news.de\/de\/#\/schema\/logo\/image\/\",\"url\":\"http:\/\/just-now.news\/de\/wp-content\/uploads\/sites\/3\/2022\/04\/logo500x500.jpg\",\"contentUrl\":\"http:\/\/just-now.news\/de\/wp-content\/uploads\/sites\/3\/2022\/04\/logo500x500.jpg\",\"width\":500,\"height\":500,\"caption\":\"Just Now News\"},\"image\":{\"@id\":\"https:\/\/now-news.de\/de\/#\/schema\/logo\/image\/\"},\"sameAs\":[\"https:\/\/www.facebook.com\/wirmachenauf\",\"https:\/\/x.com\/WirMachenAuf_de\"]},{\"@type\":\"Person\",\"@id\":\"https:\/\/now-news.de\/de\/#\/schema\/person\/fb534a4e865501d8b3285208df34a9b5\",\"name\":\"rtnews\",\"image\":{\"@type\":\"ImageObject\",\"inLanguage\":\"de\",\"@id\":\"https:\/\/now-news.de\/de\/#\/schema\/person\/image\/\",\"url\":\"https:\/\/secure.gravatar.com\/avatar\/82aafea7d8127119dd649515f56e2117?s=96&d=mm&r=g\",\"contentUrl\":\"https:\/\/secure.gravatar.com\/avatar\/82aafea7d8127119dd649515f56e2117?s=96&d=mm&r=g\",\"caption\":\"rtnews\"},\"url\":\"https:\/\/now-news.de\/de\/author\/rnews\/\"}]}<\/script>\n<!-- \/ Yoast SEO Premium plugin. -->","yoast_head_json":{"title":"Lufthansa und Flugverband BDL sprechen sich f\u00fcr Abschaffung der Maskenpflicht an Bord aus - just-now.NEWS Deutschland","robots":{"index":"index","follow":"follow","max-snippet":"max-snippet:-1","max-image-preview":"max-image-preview:large","max-video-preview":"max-video-preview:-1"},"canonical":"https:\/\/now-news.de\/de\/deutschland\/lufthansa-und-flugverband-bdl-sprechen-sich-fuer-abschaffung-der-maskenpflicht-an-bord-aus\/","og_locale":"de_DE","og_type":"article","og_title":"Lufthansa und Flugverband BDL sprechen sich f\u00fcr Abschaffung der Maskenpflicht an Bord aus","og_description":"Viele europ\u00e4ische L\u00e4nder haben die Maskenpflicht beim Fliegen bereits abgeschafft. Nun fordern auch in Deutschland die Lufthansa und der Bundesverband der Deutschen Luftverkehrswirtschaft zum Verzicht auf Masken beim Fliegen auf. In den meisten L\u00e4ndern der EU gilt die Maskenpflicht beim Fliegen lange nicht mehr. Gleichzeitig hat die Bundesregierung vor, im Herbst neue Corona-Schutzregeln einzuf\u00fchren. Dementsprechend [&hellip;]","og_url":"https:\/\/now-news.de\/de\/deutschland\/lufthansa-und-flugverband-bdl-sprechen-sich-fuer-abschaffung-der-maskenpflicht-an-bord-aus\/","og_site_name":"just-now.NEWS Deutschland","article_publisher":"https:\/\/www.facebook.com\/wirmachenauf","article_published_time":"2022-08-27T17:40:23+00:00","og_image":[{"width":460,"height":259,"url":"https:\/\/now-news.de\/de\/wp-content\/uploads\/sites\/3\/2022\/08\/Lufthansa-und-Flugverband-BDL-sprechen-sich-fuer-Abschaffung-der-Maskenpflicht.jpg","type":"image\/jpeg"}],"author":"rtnews","twitter_card":"summary_large_image","twitter_creator":"@WirMachenAuf_de","twitter_site":"@WirMachenAuf_de","twitter_misc":{"Verfasst von":"rtnews","Gesch\u00e4tzte Lesezeit":"2\u00a0Minuten"},"schema":{"@context":"https:\/\/schema.org","@graph":[{"@type":"Article","@id":"https:\/\/now-news.de\/de\/deutschland\/lufthansa-und-flugverband-bdl-sprechen-sich-fuer-abschaffung-der-maskenpflicht-an-bord-aus\/#article","isPartOf":{"@id":"https:\/\/now-news.de\/de\/deutschland\/lufthansa-und-flugverband-bdl-sprechen-sich-fuer-abschaffung-der-maskenpflicht-an-bord-aus\/"},"author":{"name":"rtnews","@id":"https:\/\/now-news.de\/de\/#\/schema\/person\/fb534a4e865501d8b3285208df34a9b5"},"headline":"Lufthansa und Flugverband BDL sprechen sich f\u00fcr Abschaffung der Maskenpflicht an Bord aus","datePublished":"2022-08-27T17:40:23+00:00","dateModified":"2022-08-27T17:40:23+00:00","mainEntityOfPage":{"@id":"https:\/\/now-news.de\/de\/deutschland\/lufthansa-und-flugverband-bdl-sprechen-sich-fuer-abschaffung-der-maskenpflicht-an-bord-aus\/"},"wordCount":342,"commentCount":0,"publisher":{"@id":"https:\/\/now-news.de\/de\/#organization"},"image":{"@id":"https:\/\/now-news.de\/de\/deutschland\/lufthansa-und-flugverband-bdl-sprechen-sich-fuer-abschaffung-der-maskenpflicht-an-bord-aus\/#primaryimage"},"thumbnailUrl":"https:\/\/now-news.de\/de\/wp-content\/uploads\/sites\/3\/2022\/08\/Lufthansa-und-Flugverband-BDL-sprechen-sich-fuer-Abschaffung-der-Maskenpflicht.jpg","keywords":["Abschaffung","aus","BDL","Bord","der","Flugverband","f\u00fcr","Lufthansa","maskenpflicht","sich","sprechen","und"],"articleSection":["Deutschland","Russland"],"inLanguage":"de","potentialAction":[{"@type":"CommentAction","name":"Comment","target":["https:\/\/now-news.de\/de\/deutschland\/lufthansa-und-flugverband-bdl-sprechen-sich-fuer-abschaffung-der-maskenpflicht-an-bord-aus\/#respond"]}]},{"@type":"WebPage","@id":"https:\/\/now-news.de\/de\/deutschland\/lufthansa-und-flugverband-bdl-sprechen-sich-fuer-abschaffung-der-maskenpflicht-an-bord-aus\/","url":"https:\/\/now-news.de\/de\/deutschland\/lufthansa-und-flugverband-bdl-sprechen-sich-fuer-abschaffung-der-maskenpflicht-an-bord-aus\/","name":"Lufthansa und Flugverband BDL sprechen sich f\u00fcr Abschaffung der Maskenpflicht an Bord aus - just-now.NEWS Deutschland","isPartOf":{"@id":"https:\/\/now-news.de\/de\/#website"},"primaryImageOfPage":{"@id":"https:\/\/now-news.de\/de\/deutschland\/lufthansa-und-flugverband-bdl-sprechen-sich-fuer-abschaffung-der-maskenpflicht-an-bord-aus\/#primaryimage"},"image":{"@id":"https:\/\/now-news.de\/de\/deutschland\/lufthansa-und-flugverband-bdl-sprechen-sich-fuer-abschaffung-der-maskenpflicht-an-bord-aus\/#primaryimage"},"thumbnailUrl":"https:\/\/now-news.de\/de\/wp-content\/uploads\/sites\/3\/2022\/08\/Lufthansa-und-Flugverband-BDL-sprechen-sich-fuer-Abschaffung-der-Maskenpflicht.jpg","datePublished":"2022-08-27T17:40:23+00:00","dateModified":"2022-08-27T17:40:23+00:00","breadcrumb":{"@id":"https:\/\/now-news.de\/de\/deutschland\/lufthansa-und-flugverband-bdl-sprechen-sich-fuer-abschaffung-der-maskenpflicht-an-bord-aus\/#breadcrumb"},"inLanguage":"de","potentialAction":[{"@type":"ReadAction","target":["https:\/\/now-news.de\/de\/deutschland\/lufthansa-und-flugverband-bdl-sprechen-sich-fuer-abschaffung-der-maskenpflicht-an-bord-aus\/"]}]},{"@type":"ImageObject","inLanguage":"de","@id":"https:\/\/now-news.de\/de\/deutschland\/lufthansa-und-flugverband-bdl-sprechen-sich-fuer-abschaffung-der-maskenpflicht-an-bord-aus\/#primaryimage","url":"https:\/\/now-news.de\/de\/wp-content\/uploads\/sites\/3\/2022\/08\/Lufthansa-und-Flugverband-BDL-sprechen-sich-fuer-Abschaffung-der-Maskenpflicht.jpg","contentUrl":"https:\/\/now-news.de\/de\/wp-content\/uploads\/sites\/3\/2022\/08\/Lufthansa-und-Flugverband-BDL-sprechen-sich-fuer-Abschaffung-der-Maskenpflicht.jpg","width":460,"height":259,"caption":"Lufthansa und Flugverband BDL sprechen sich f\u00fcr Abschaffung der Maskenpflicht an Bord aus"},{"@type":"BreadcrumbList","@id":"https:\/\/now-news.de\/de\/deutschland\/lufthansa-und-flugverband-bdl-sprechen-sich-fuer-abschaffung-der-maskenpflicht-an-bord-aus\/#breadcrumb","itemListElement":[{"@type":"ListItem","position":1,"name":"Home","item":"https:\/\/now-news.de\/de\/"},{"@type":"ListItem","position":2,"name":"Lufthansa und Flugverband BDL sprechen sich f\u00fcr Abschaffung der Maskenpflicht an Bord aus"}]},{"@type":"WebSite","@id":"https:\/\/now-news.de\/de\/#website","url":"https:\/\/now-news.de\/de\/","name":"just-now.NEWS Deutschland","description":"Das Portal f\u00fcr unzensierte Nachrichten aus der Welt","publisher":{"@id":"https:\/\/now-news.de\/de\/#organization"},"potentialAction":[{"@type":"SearchAction","target":{"@type":"EntryPoint","urlTemplate":"https:\/\/now-news.de\/de\/?s={search_term_string}"},"query-input":"required name=search_term_string"}],"inLanguage":"de"},{"@type":"Organization","@id":"https:\/\/now-news.de\/de\/#organization","name":"Just Now News","url":"https:\/\/now-news.de\/de\/","logo":{"@type":"ImageObject","inLanguage":"de","@id":"https:\/\/now-news.de\/de\/#\/schema\/logo\/image\/","url":"http:\/\/just-now.news\/de\/wp-content\/uploads\/sites\/3\/2022\/04\/logo500x500.jpg","contentUrl":"http:\/\/just-now.news\/de\/wp-content\/uploads\/sites\/3\/2022\/04\/logo500x500.jpg","width":500,"height":500,"caption":"Just Now News"},"image":{"@id":"https:\/\/now-news.de\/de\/#\/schema\/logo\/image\/"},"sameAs":["https:\/\/www.facebook.com\/wirmachenauf","https:\/\/x.com\/WirMachenAuf_de"]},{"@type":"Person","@id":"https:\/\/now-news.de\/de\/#\/schema\/person\/fb534a4e865501d8b3285208df34a9b5","name":"rtnews","image":{"@type":"ImageObject","inLanguage":"de","@id":"https:\/\/now-news.de\/de\/#\/schema\/person\/image\/","url":"https:\/\/secure.gravatar.com\/avatar\/82aafea7d8127119dd649515f56e2117?s=96&d=mm&r=g","contentUrl":"https:\/\/secure.gravatar.com\/avatar\/82aafea7d8127119dd649515f56e2117?s=96&d=mm&r=g","caption":"rtnews"},"url":"https:\/\/now-news.de\/de\/author\/rnews\/"}]}},"_links":{"self":[{"href":"https:\/\/now-news.de\/de\/wp-json\/wp\/v2\/posts\/17857"}],"collection":[{"href":"https:\/\/now-news.de\/de\/wp-json\/wp\/v2\/posts"}],"about":[{"href":"https:\/\/now-news.de\/de\/wp-json\/wp\/v2\/types\/post"}],"author":[{"embeddable":true,"href":"https:\/\/now-news.de\/de\/wp-json\/wp\/v2\/users\/3"}],"replies":[{"embeddable":true,"href":"https:\/\/now-news.de\/de\/wp-json\/wp\/v2\/comments?post=17857"}],"version-history":[{"count":0,"href":"https:\/\/now-news.de\/de\/wp-json\/wp\/v2\/posts\/17857\/revisions"}],"wp:featuredmedia":[{"embeddable":true,"href":"https:\/\/now-news.de\/de\/wp-json\/wp\/v2\/media\/17858"}],"wp:attachment":[{"href":"https:\/\/now-news.de\/de\/wp-json\/wp\/v2\/media?parent=17857"}],"wp:term":[{"taxonomy":"category","embeddable":true,"href":"https:\/\/now-news.de\/de\/wp-json\/wp\/v2\/categories?post=17857"},{"taxonomy":"post_tag","embeddable":true,"href":"https:\/\/now-news.de\/de\/wp-json\/wp\/v2\/tags?post=17857"}],"curies":[{"name":"wp","href":"https:\/\/api.w.org\/{rel}","templated":true}]}}