{"id":1781,"date":"2022-04-20T12:45:00","date_gmt":"2022-04-20T13:45:00","guid":{"rendered":"http:\/\/just-now.news\/de\/usa\/joe-biden-sagt-obama-dass-er-2024-wieder-kandidiert-hier-sind-fuenf-gruende-warum-das-verrueckt-ist\/"},"modified":"2022-04-20T12:45:00","modified_gmt":"2022-04-20T13:45:00","slug":"joe-biden-sagt-obama-dass-er-2024-wieder-kandidiert-hier-sind-fuenf-gruende-warum-das-verrueckt-ist","status":"publish","type":"post","link":"https:\/\/now-news.de\/de\/usa\/joe-biden-sagt-obama-dass-er-2024-wieder-kandidiert-hier-sind-fuenf-gruende-warum-das-verrueckt-ist\/","title":{"rendered":"Joe Biden sagt Obama, dass er 2024 wieder kandidiert: Hier sind f\u00fcnf Gr\u00fcnde, warum das verr\u00fcckt ist"},"content":{"rendered":"<div class=\"entry-content\">\n<p><\/p>\n<p><strong>Joe Biden soll Barack Obama k\u00fcrzlich gesagt haben, dass er 2024 erneut f\u00fcr das Pr\u00e4sidentenamt kandidiert. Eine \u201eQuelle\u201c sagt, dass Biden glaubt, dass er der einzige ist, der Pr\u00e4sident Trump 2024 schlagen kann.<\/strong><\/p>\n<p>FOX News berichtet:<\/p>\n<div id=\"IC1-ad\" class=\"sponsor IC1\">\n<p class=\"ad-notice flipboard-remove\" fl:fl-noexcerpt=\"true\">Werbung \u2013 die Geschichte geht unten weiter<\/p>\n<div id=\"IC1\">\n<script>\n\t\t\t\t\tif( FFADS.units.IC1 && FFADS.units.IC1.ad_type == 'custom' && FFADS.units.IC1.custom_ads && ! getCookie( 'ff_subbed' ) ) {\n\t\t\t\t\t\tdocument.getElementById( 'IC1' ).innerHTML = FFADS.units.IC1.custom_ads[0].code;\n\t\t\t\t\t\tif( ! FFADS.units.IC1.lazy_load ) eval( FFADS.units.IC1.custom_ads[0].rendering_script );\n\t\t\t\t\t}\n\t\t\t\t\telse if( FFADS.units.IC1 && ! getCookie( 'ff_subbed' ) ) {\n\t\t\t\t\t\tif( 'IC' != 'SB' && 'IC' != 'SA' && FFADS.use_fixed_containers ) {\n\t\t\t\t\t\t\tlet max_wh = firefly_size_list_to_max_wh( FFADS.units.IC1.sizes );\n\t\t\t\t\t\t\tlet el = document.querySelector( '#IC1' );\n\t\t\t\t\t\t\tif( 'IC' != 'SA' && FFADS.slide_pixels ) {\n\t\t\t\t\t\t\t\tmax_wh[1] += parseInt( FFADS.slide_pixels );\n\t\t\t\t\t\t\t\tel.classList.add( 'sliding' );\n\t\t\t\t\t\t\t}\n\t\t\t\t\t\t\tel.style.width = max_wh[0] + 'px';\n\t\t\t\t\t\t\tel.style.height = max_wh[1] + 'px';\n\t\t\t\t\t\t\tel.classList.add( 'fixed-size' );\n\t\t\t\t\t\t}\n\t\t\t\t\t\tgoogletag.cmd.push( function() {\n\t\t\t\t\t\t\tFFADS.debug( 'googletag.displaying IC1' );\n\t\t\t\t\t\t\tgoogletag.display( 'IC1' );\n\t\t\t\t\t\t} );\n\t\t\t\t\t}\n\t\t\t\t\telse {\n\t\t\t\t\t\tdocument.querySelector( '#IC1-ad' ).style.display = 'none';}\n\t\t\t\t<\/script><\/div>\n<\/div>\n<blockquote>\n<p class=\"speakable\"><u>Pr\u00e4sident Biden<\/u> hat dem ehemaligen Pr\u00e4sidenten Barack Obama mitgeteilt, dass er plant, sich 2024 zur Wiederwahl zu stellen.<\/p>\n<p class=\"speakable\">\u201e[Biden] will rennen und er l\u00e4sst es jeden wissen\u201c, sagte eine Quelle mit Kenntnis des Gespr\u00e4chs gegen\u00fcber The Hill.<\/p>\n<p><script>\n\t\t\t\t\tif( ! getCookie( 'ff_subbed' ) ) if( typeof FFADS.replace_ict != 'undefined' ) if( FFADS.replace_ict ) eval( FFADS.replace_ict );\n\t\t\t\t<\/script><\/p>\n<p>Die Quelle f\u00fcgte hinzu, dass Biden glaubt, er sei der einzige Kandidat, der den ehemaligen Pr\u00e4sidenten schlagen k\u00f6nne <u>Donald Trump<\/u> in einem hypothetischen R\u00fcckkampf zwischen den beiden politischen Rivalen, was gr\u00f6\u00dftenteils der Grund daf\u00fcr war, dass Biden die demokratische Nominierung im Jahr 2020 sichern konnte.<\/p>\n<p>\u201eIch glaube, er denkt, er ist der Einzige, der Trump schlagen kann.  Ich glaube nicht, dass er glaubt, dass es jemanden in der Demokratischen Partei gibt, der Trump schlagen kann, und das ist der gr\u00f6\u00dfte Faktor\u201c, sagte die Quelle.<\/p>\n<div id=\"IC2-ad\" class=\"sponsor IC2\">\n<p class=\"ad-notice flipboard-remove\" fl:fl-noexcerpt=\"true\">Werbung \u2013 die Geschichte geht unten weiter<\/p>\n<div id=\"IC2\">\n<script>\n\t\t\t\t\tif( FFADS.units.IC2 && FFADS.units.IC2.ad_type == 'custom' && FFADS.units.IC2.custom_ads && ! getCookie( 'ff_subbed' ) ) {\n\t\t\t\t\t\tdocument.getElementById( 'IC2' ).innerHTML = FFADS.units.IC2.custom_ads[0].code;\n\t\t\t\t\t\tif( ! FFADS.units.IC2.lazy_load ) eval( FFADS.units.IC2.custom_ads[0].rendering_script );\n\t\t\t\t\t}\n\t\t\t\t\telse if( FFADS.units.IC2 && ! getCookie( 'ff_subbed' ) ) {\n\t\t\t\t\t\tif( 'IC' != 'SB' && 'IC' != 'SA' && FFADS.use_fixed_containers ) {\n\t\t\t\t\t\t\tlet max_wh = firefly_size_list_to_max_wh( FFADS.units.IC2.sizes );\n\t\t\t\t\t\t\tlet el = document.querySelector( '#IC2' );\n\t\t\t\t\t\t\tif( 'IC' != 'SA' && FFADS.slide_pixels ) {\n\t\t\t\t\t\t\t\tmax_wh[1] += parseInt( FFADS.slide_pixels );\n\t\t\t\t\t\t\t\tel.classList.add( 'sliding' );\n\t\t\t\t\t\t\t}\n\t\t\t\t\t\t\tel.style.width = max_wh[0] + 'px';\n\t\t\t\t\t\t\tel.style.height = max_wh[1] + 'px';\n\t\t\t\t\t\t\tel.classList.add( 'fixed-size' );\n\t\t\t\t\t\t}\n\t\t\t\t\t\tgoogletag.cmd.push( function() {\n\t\t\t\t\t\t\tFFADS.debug( 'googletag.displaying IC2' );\n\t\t\t\t\t\t\tgoogletag.display( 'IC2' );\n\t\t\t\t\t\t} );\n\t\t\t\t\t}\n\t\t\t\t\telse {\n\t\t\t\t\t\tdocument.querySelector( '#IC2-ad' ).style.display = 'none';}\n\t\t\t\t<\/script><\/div>\n<\/div>\n<p>Aber Bidens Aussichten auf einen Sieg im Jahr 2024 waren in den letzten Monaten zweifelhaft, da der Pr\u00e4sident seit August letzten Jahres eine Verschlechterung der Zustimmungswerte verzeichnete.  Die j\u00fcngste Quinnipiac University bezifferte Bidens Zustimmung auf d\u00fcstere 33 %, die bisher niedrigste Marke seiner Pr\u00e4sidentschaft.<\/p>\n<\/blockquote>\n<p><strong>Dieser Bericht ist in vielerlei Hinsicht bizarr.  Hier sind einige Beobachtungen.<\/strong><\/p>\n<p>1. Der Bericht k\u00f6nnte ein Versuch sein, die Massen vorzut\u00e4uschen und zu t\u00e4uschen, dass Joe Biden derzeit und in Zukunft auf einem akzeptablen Niveau funktionieren kann.  Erst vor einer Woche sahen wir, wie Biden in Iowa seine Rede beendete und sich umdrehte, um jemandem die Hand zu sch\u00fctteln, der nicht da war.  Dann wanderte er ziellos umher, bis er schlie\u00dflich die B\u00fchne verlassen konnte.  Diese offensichtlichste Beobachtung ist, dass Joe Biden jetzt nichts mehr leitet.  Er hat nicht die F\u00e4higkeit, sein eigenes Zuhause zu f\u00fchren, geschweige denn die Vereinigten Staaten.  Er wird von Tag zu Tag seniler.<\/p>\n<div class=\"jeg_video_container jeg_video_content\"><iframe loading=\"lazy\" title=\"President Biden tries to shake the hand of a non-existent person\" width=\"500\" height=\"281\" src=\"https:\/\/www.youtube.com\/embed\/UzclicNIdro?feature=oembed\" frameborder=\"0\" allow=\"accelerometer; autoplay; clipboard-write; encrypted-media; gyroscope; picture-in-picture; web-share\" referrerpolicy=\"strict-origin-when-cross-origin\" allowfullscreen><\/iframe><\/div>\n<p>2. Da Biden das Land heute nicht regiert, wer ist es dann?  Diese Frage ist noch unbeantwortet.  Wir wissen, dass es nicht Joe ist, also wer regiert das Land?  Wir haben diese Woche gesehen, wie der Osterhase Joe herumf\u00fchrte und ihn von der Presse fernhielt.  F\u00fcr wen arbeitet der Osterhase?<\/p>\n<div id=\"IC3-ad\" class=\"sponsor IC3\">\n<p class=\"ad-notice flipboard-remove\" fl:fl-noexcerpt=\"true\">Werbung \u2013 die Geschichte geht unten weiter<\/p>\n<div id=\"IC3\">\n<script>\n\t\t\t\t\tif( FFADS.units.IC3 && FFADS.units.IC3.ad_type == 'custom' && FFADS.units.IC3.custom_ads && ! getCookie( 'ff_subbed' ) ) {\n\t\t\t\t\t\tdocument.getElementById( 'IC3' ).innerHTML = FFADS.units.IC3.custom_ads[0].code;\n\t\t\t\t\t\tif( ! FFADS.units.IC3.lazy_load ) eval( FFADS.units.IC3.custom_ads[0].rendering_script );\n\t\t\t\t\t}\n\t\t\t\t\telse if( FFADS.units.IC3 && ! getCookie( 'ff_subbed' ) ) {\n\t\t\t\t\t\tif( 'IC' != 'SB' && 'IC' != 'SA' && FFADS.use_fixed_containers ) {\n\t\t\t\t\t\t\tlet max_wh = firefly_size_list_to_max_wh( FFADS.units.IC3.sizes );\n\t\t\t\t\t\t\tlet el = document.querySelector( '#IC3' );\n\t\t\t\t\t\t\tif( 'IC' != 'SA' && FFADS.slide_pixels ) {\n\t\t\t\t\t\t\t\tmax_wh[1] += parseInt( FFADS.slide_pixels );\n\t\t\t\t\t\t\t\tel.classList.add( 'sliding' );\n\t\t\t\t\t\t\t}\n\t\t\t\t\t\t\tel.style.width = max_wh[0] + 'px';\n\t\t\t\t\t\t\tel.style.height = max_wh[1] + 'px';\n\t\t\t\t\t\t\tel.classList.add( 'fixed-size' );\n\t\t\t\t\t\t}\n\t\t\t\t\t\tgoogletag.cmd.push( function() {\n\t\t\t\t\t\t\tFFADS.debug( 'googletag.displaying IC3' );\n\t\t\t\t\t\t\tgoogletag.display( 'IC3' );\n\t\t\t\t\t\t} );\n\t\t\t\t\t}\n\t\t\t\t\telse {\n\t\t\t\t\t\tdocument.querySelector( '#IC3-ad' ).style.display = 'none';}\n\t\t\t\t<\/script><\/div>\n<\/div>\n<blockquote class=\"twitter-tweet\">\n<p dir=\"ltr\" lang=\"en\">Der Osterhase scheint Biden abzulenken, als er \u00fcber Afghanistan spricht. <a rel=\"nofollow noopener\" target=\"_blank\" href=\"https:\/\/t.co\/MJFUvajkI5\">pic.twitter.com\/MJFUvajkI5<\/a><\/p>\n<p>\u2013 Kristina Jovanovski (@kjovano) <a rel=\"nofollow noopener\" target=\"_blank\" href=\"https:\/\/twitter.com\/kjovano\/status\/1516362410638163971\">19. April 2022<\/a><\/p>\n<\/blockquote>\n<p><script async src=\"https:\/\/platform.twitter.com\/widgets.js\" charset=\"utf-8\"><\/script><\/p>\n<p>3. Dieser Artikel k\u00f6nnte eine Reaktion auf Obamas Vorgehen vor zwei Wochen sein, als er Biden im Wei\u00dfen Haus v\u00f6llig br\u00fcskierte.  Wieder lief Biden ziellos herum und versuchte erb\u00e4rmlich, sich mit einem eiskalten Obama anzufreunden.<\/p>\n<blockquote class=\"twitter-tweet\">\n<p dir=\"ltr\" lang=\"en\">Cringe: Biden br\u00fcskiert, als die DC-Elite w\u00e4hrend des Besuchs im Wei\u00dfen Haus um Obama str\u00f6mt <a rel=\"nofollow noopener\" target=\"_blank\" href=\"https:\/\/t.co\/8DbJLw8VxP\">pic.twitter.com\/8DbJLw8VxP<\/a><\/p>\n<p>\u2013 Die Nachtshow ???????? (@TheNightShowUS) <a rel=\"nofollow noopener\" target=\"_blank\" href=\"https:\/\/twitter.com\/TheNightShowUS\/status\/1511459748289388548\">5. April 2022<\/a><\/p>\n<\/blockquote>\n<div id=\"IC4-ad\" class=\"sponsor IC4\">\n<p class=\"ad-notice flipboard-remove\" fl:fl-noexcerpt=\"true\">Werbung \u2013 die Geschichte geht unten weiter<\/p>\n<div id=\"IC4\">\n<script>\n\t\t\t\t\tif( FFADS.units.IC4 && FFADS.units.IC4.ad_type == 'custom' && FFADS.units.IC4.custom_ads && ! getCookie( 'ff_subbed' ) ) {\n\t\t\t\t\t\tdocument.getElementById( 'IC4' ).innerHTML = FFADS.units.IC4.custom_ads[0].code;\n\t\t\t\t\t\tif( ! FFADS.units.IC4.lazy_load ) eval( FFADS.units.IC4.custom_ads[0].rendering_script );\n\t\t\t\t\t}\n\t\t\t\t\telse if( FFADS.units.IC4 && ! getCookie( 'ff_subbed' ) ) {\n\t\t\t\t\t\tif( 'IC' != 'SB' && 'IC' != 'SA' && FFADS.use_fixed_containers ) {\n\t\t\t\t\t\t\tlet max_wh = firefly_size_list_to_max_wh( FFADS.units.IC4.sizes );\n\t\t\t\t\t\t\tlet el = document.querySelector( '#IC4' );\n\t\t\t\t\t\t\tif( 'IC' != 'SA' && FFADS.slide_pixels ) {\n\t\t\t\t\t\t\t\tmax_wh[1] += parseInt( FFADS.slide_pixels );\n\t\t\t\t\t\t\t\tel.classList.add( 'sliding' );\n\t\t\t\t\t\t\t}\n\t\t\t\t\t\t\tel.style.width = max_wh[0] + 'px';\n\t\t\t\t\t\t\tel.style.height = max_wh[1] + 'px';\n\t\t\t\t\t\t\tel.classList.add( 'fixed-size' );\n\t\t\t\t\t\t}\n\t\t\t\t\t\tgoogletag.cmd.push( function() {\n\t\t\t\t\t\t\tFFADS.debug( 'googletag.displaying IC4' );\n\t\t\t\t\t\t\tgoogletag.display( 'IC4' );\n\t\t\t\t\t\t} );\n\t\t\t\t\t}\n\t\t\t\t\telse {\n\t\t\t\t\t\tdocument.querySelector( '#IC4-ad' ).style.display = 'none';}\n\t\t\t\t<\/script><\/div>\n<\/div>\n<p><script async src=\"https:\/\/platform.twitter.com\/widgets.js\" charset=\"utf-8\"><\/script><\/p>\n<p>4. Ein weiterer Punkt aus diesem oben erw\u00e4hnten FOX News-Bericht k\u00f6nnte darin bestehen, zu zeigen, dass Obama derjenige ist, der das Wei\u00dfe Haus f\u00fchrt.  Beachten Sie, dass Biden Obama von seinen Pl\u00e4nen erz\u00e4hlt, als ob Obama der Mafia-Boss w\u00e4re, der Old Joe seinen Segen gibt.<\/p>\n<blockquote class=\"wp-embedded-content\" data-secret=\"VHwCbl3837\">\n<p>Weitere Beweise, dass Obama das Wei\u00dfe Haus leitet \u2013 hat mit Dems im Kongress telefoniert, abz\u00fcglich des senilen Joe Biden<\/p>\n<\/blockquote>\n<p><iframe class=\"wp-embedded-content\" sandbox=\"allow-scripts\" security=\"restricted\" style=\"position: absolute; clip: rect(1px, 1px, 1px, 1px);\" title=\"\u201cMore Evidence Obama Is Running the White House \u2013 Has Call with Dems in Congress Minus Senile Joe Biden\u201d \u2014 The Gateway Pundit\" data-src=\"https:\/\/www.thegatewaypundit.com\/2022\/02\/evidence-obama-running-white-house-call-dems-congress-minus-senile-joe-biden\/embed\/#?secret=VHwCbl3837\" data-secret=\"VHwCbl3837\" width=\"500\" height=\"282\" frameborder=\"0\" marginwidth=\"0\" marginheight=\"0\" scrolling=\"no\"><\/iframe><\/p>\n<p>5. Der offensichtlichste Grund f\u00fcr diesen pl\u00f6tzlichen Nachrichtenbericht ist, dass Biden die Wahl 2020 nicht gewonnen hat.  Er und andere haben es gestohlen.  Er hat Pr\u00e4sident Trump damals nicht geschlagen und hat keine Chance, es noch einmal zu tun, es sei denn, er stiehlt es.<\/p>\n<div id=\"REP_0-ad\" class=\"sponsor REP\">\n<p class=\"ad-notice flipboard-remove\" fl:fl-noexcerpt=\"true\">Werbung \u2013 die Geschichte geht unten weiter<\/p>\n<div id=\"REP_0\">\n<script>\n\t\t\t\t\tif( FFADS.units.IC5 && FFADS.units.IC5.ad_type == 'custom' && FFADS.units.IC5.custom_ads && ! getCookie( 'ff_subbed' ) ) {\n\t\t\t\t\t\tdocument.getElementById( 'REP_0' ).innerHTML = FFADS.units.IC5.custom_ads[0].code;\n\t\t\t\t\t\tif( ! FFADS.units.IC5.lazy_load ) eval( FFADS.units.IC5.custom_ads[0].rendering_script );\n\t\t\t\t\t}\n\t\t\t\t\telse if( FFADS.units.IC5 && ! getCookie( 'ff_subbed' ) ) {\n\t\t\t\t\t\tif( 'RE' != 'SB' && 'RE' != 'SA' && FFADS.use_fixed_containers ) {\n\t\t\t\t\t\t\tlet max_wh = firefly_size_list_to_max_wh( FFADS.units.IC5.sizes );\n\t\t\t\t\t\t\tlet el = document.querySelector( '#REP_0' );\n\t\t\t\t\t\t\tif( 'RE' != 'SA' && FFADS.slide_pixels ) {\n\t\t\t\t\t\t\t\tmax_wh[1] += parseInt( FFADS.slide_pixels );\n\t\t\t\t\t\t\t\tel.classList.add( 'sliding' );\n\t\t\t\t\t\t\t}\n\t\t\t\t\t\t\tel.style.width = max_wh[0] + 'px';\n\t\t\t\t\t\t\tel.style.height = max_wh[1] + 'px';\n\t\t\t\t\t\t\tel.classList.add( 'fixed-size' );\n\t\t\t\t\t\t}\n\t\t\t\t\t\tgoogletag.cmd.push( function() {\n\t\t\t\t\t\t\tFFADS.debug( 'googletag.displaying REP_0' );\n\t\t\t\t\t\t\tgoogletag.display( 'REP_0' );\n\t\t\t\t\t\t} );\n\t\t\t\t\t}\n\t\t\t\t\telse {\n\t\t\t\t\t\tdocument.querySelector( '#REP_0-ad' ).style.display = 'none';}\n\t\t\t\t<\/script><\/div>\n<\/div>\n<p><strong>Was auch immer der Grund f\u00fcr den Artikel ist, es ist sehr wahrscheinlich, dass Joe Biden es in ein paar Jahren nicht mehr aus dem Bett schaffen wird, geschweige denn in seinem Keller bleiben und einen lethargischen Wahlkampf f\u00fchren kann, wie er es 2020 getan hat. Aber jetzt die Demokraten einen Prozess zum Stehlen eingerichtet haben und die GOP-Eliten davon unbeeindruckt bleiben, wei\u00df man nie.  Vielleicht hat Old Joe 2024 \u00fcber eine Million Stimmen!<\/strong><\/p>\n<\/p>\n<\/p>\n<p class=\"article-ask\"><span class=\"ask\"><script>\n  if( getParameterByName( \"utm_source\" ) == \"testpage\" ) {\n    !function(e,t,a,n,g){e[n]=e[n]||[],e[n].push({\"gtm.start\":(new Date).getTime(),event:\"gtm.js\"});var m=t.getElementsByTagName(a)[0],r=t.createElement(a);r.async=!0,r.src=\"https:\/\/www.googletagmanager.com\/gtm.js?id=GTM-PL4PD49\",m.parentNode.insertBefore(r,m)}(window.parent,window.parent.document,\"script\",\"dataLayer\");\n    var iframe=window.parent.document.createElement(\"iframe\");iframe.src=\"https:\/\/www.googletagmanager.com\/ns.html?id=GTM-PL4PD49\";iframe.height=\"0\";iframe.width=\"0\";iframe.style=\"display:none;visibility:hidden\";window.parent.document.body.appendChild(iframe);\n    window.parent[\"$$mm-analytics\"] = window.parent[\"$$mm-analytics\"] || {};if (typeof window.parent[\"$$mm-analytics\"].firstEmbed === \"undefined\") {window.parent[\"$$mm-analytics\"].firstEmbed = Date.now();}\n    let as1 = document.createElement( \"script\" );\n    as1.src = \"https:\/\/bucket1.mm-syringe.com\/prod\/configs\/ee2300c8-43d2-7f0b-dac0-40aaf31c9d3d.js\";\n    document.body.appendChild( as1 );\n    let as2 = document.createElement( \"script\" );\n    as2.src = \"https:\/\/bucket1.mm-syringe.com\/prod\/injector\/injector.1.5.3.js\";\n    document.body.appendChild( as2 );\n  }\n<\/script><\/p>\n<div class=\"apester-media\" data-token=\"5f10a39f94902bc81d3d59a7\" data-context=\"true\" data-tags=\"\" data-fallback=\"true\" height=\"350\"><\/div>\n<p><script id=\"apester_script\" src=\"https:\/\/static.apester.com\/js\/sdk\/latest\/apester-sdk.js\" async><\/script><script async src=\"https:\/\/www.googletagmanager.com\/gtag\/js?id=G-EFE91RJVSQ\"><\/script><script>\n  window.dataLayer = window.dataLayer || [];\n  function gtag(){dataLayer.push(arguments);}\n  gtag(\\'js\\', new Date());\n  gtag(\\'config\\', \\'G-EFE91RJVSQ\\');\n<\/script><\/span><\/p>\n<\/div>\n<p><br \/>\n<br \/><a href=\"https:\/\/www.thegatewaypundit.com\/2022\/04\/crazy-five-reasons-report-joe-biden-shared-obama-running-2024-nonsense\/\">Source link <\/a><\/p>\n","protected":false},"excerpt":{"rendered":"<p>Joe Biden soll Barack Obama k\u00fcrzlich gesagt haben, dass er 2024 erneut f\u00fcr das Pr\u00e4sidentenamt kandidiert. Eine \u201eQuelle\u201c sagt, dass Biden glaubt, dass er der einzige ist, der Pr\u00e4sident Trump 2024 schlagen kann. FOX News berichtet: Werbung \u2013 die Geschichte geht unten weiter Pr\u00e4sident Biden hat dem ehemaligen Pr\u00e4sidenten Barack Obama mitgeteilt, dass er plant, [&hellip;]<\/p>\n","protected":false},"author":5,"featured_media":1782,"comment_status":"open","ping_status":"open","sticky":false,"template":"","format":"standard","meta":{"_oembed_262a7d1b1f99d3e8921044143707e228":["<iframe title=\"President Biden tries to shake the hand of a non-existent person\" width=\"500\" height=\"281\" src=\"https:\/\/www.youtube.com\/embed\/UzclicNIdro?feature=oembed\" frameborder=\"0\" allow=\"accelerometer; autoplay; clipboard-write; encrypted-media; gyroscope; picture-in-picture\" allowfullscreen><\/iframe>"],"_oembed_time_262a7d1b1f99d3e8921044143707e228":["1650467855"],"wp_automatic_camp":["1161"],"319ac670d7814c9f2d156332449bc4f0":["Joe Biden sagt Obama, dass er 2024 wieder kandidiert: Hier sind f\u00fcnf Gr\u00fcnde, warum das verr\u00fcckt ist\n"],"original_link":["https:\/\/www.thegatewaypundit.com\/2022\/04\/crazy-five-reasons-report-joe-biden-shared-obama-running-2024-nonsense\/"],"_thumbnail_id":["1782"],"wp_automatic_remove_first_image":["yes"],"_wptg_p2tg_sent2tg":["2022-04-20 14:23:07"],"jnews_social_counter_last_update":["1777822462"],"_oembed_db82ffef029783cfcf26ee5f49f71171":["<iframe title=\"President Biden tries to shake the hand of a non-existent person\" width=\"500\" height=\"281\" src=\"https:\/\/www.youtube.com\/embed\/UzclicNIdro?feature=oembed\" frameborder=\"0\" allow=\"accelerometer; autoplay; clipboard-write; encrypted-media; gyroscope; picture-in-picture; web-share\" referrerpolicy=\"strict-origin-when-cross-origin\" allowfullscreen><\/iframe>"],"_oembed_time_db82ffef029783cfcf26ee5f49f71171":["1718261271"]},"categories":[25],"tags":[1348,427,42,4905,4906,4904,414,2150,4903,4902,3564,1046,3569,1289,904],"yoast_head":"<!-- This site is optimized with the Yoast SEO Premium plugin v22.7 (Yoast SEO v22.7) - https:\/\/yoast.com\/wordpress\/plugins\/seo\/ -->\n<title>Joe Biden sagt Obama, dass er 2024 wieder kandidiert: Hier sind f\u00fcnf Gr\u00fcnde, warum das verr\u00fcckt ist - just-now.NEWS Deutschland<\/title>\n<meta name=\"robots\" content=\"index, follow, max-snippet:-1, max-image-preview:large, max-video-preview:-1\" \/>\n<link rel=\"canonical\" href=\"https:\/\/now-news.de\/de\/usa\/joe-biden-sagt-obama-dass-er-2024-wieder-kandidiert-hier-sind-fuenf-gruende-warum-das-verrueckt-ist\/\" \/>\n<meta property=\"og:locale\" content=\"de_DE\" \/>\n<meta property=\"og:type\" content=\"article\" \/>\n<meta property=\"og:title\" content=\"Joe Biden sagt Obama, dass er 2024 wieder kandidiert: Hier sind f\u00fcnf Gr\u00fcnde, warum das verr\u00fcckt ist\" \/>\n<meta property=\"og:description\" content=\"Joe Biden soll Barack Obama k\u00fcrzlich gesagt haben, dass er 2024 erneut f\u00fcr das Pr\u00e4sidentenamt kandidiert. Eine \u201eQuelle\u201c sagt, dass Biden glaubt, dass er der einzige ist, der Pr\u00e4sident Trump 2024 schlagen kann. FOX News berichtet: Werbung \u2013 die Geschichte geht unten weiter Pr\u00e4sident Biden hat dem ehemaligen Pr\u00e4sidenten Barack Obama mitgeteilt, dass er plant, [&hellip;]\" \/>\n<meta property=\"og:url\" content=\"https:\/\/now-news.de\/de\/usa\/joe-biden-sagt-obama-dass-er-2024-wieder-kandidiert-hier-sind-fuenf-gruende-warum-das-verrueckt-ist\/\" \/>\n<meta property=\"og:site_name\" content=\"just-now.NEWS Deutschland\" \/>\n<meta property=\"article:publisher\" content=\"https:\/\/www.facebook.com\/wirmachenauf\" \/>\n<meta property=\"article:published_time\" content=\"2022-04-20T13:45:00+00:00\" \/>\n<meta property=\"og:image\" content=\"https:\/\/now-news.de\/de\/wp-content\/uploads\/sites\/3\/2022\/04\/1650467856_Joe-Biden-sagt-Obama-dass-er-2024-wieder-kandidiert-Hier.jpg\" \/>\n\t<meta property=\"og:image:width\" content=\"361\" \/>\n\t<meta property=\"og:image:height\" content=\"284\" \/>\n\t<meta property=\"og:image:type\" content=\"image\/jpeg\" \/>\n<meta name=\"author\" content=\"greatreset\" \/>\n<meta name=\"twitter:card\" content=\"summary_large_image\" \/>\n<meta name=\"twitter:creator\" content=\"@WirMachenAuf_de\" \/>\n<meta name=\"twitter:site\" content=\"@WirMachenAuf_de\" \/>\n<meta name=\"twitter:label1\" content=\"Verfasst von\" \/>\n\t<meta name=\"twitter:data1\" content=\"greatreset\" \/>\n\t<meta name=\"twitter:label2\" content=\"Gesch\u00e4tzte Lesezeit\" \/>\n\t<meta name=\"twitter:data2\" content=\"3\u00a0Minuten\" \/>\n<script type=\"application\/ld+json\" class=\"yoast-schema-graph\">{\"@context\":\"https:\/\/schema.org\",\"@graph\":[{\"@type\":\"Article\",\"@id\":\"https:\/\/now-news.de\/de\/usa\/joe-biden-sagt-obama-dass-er-2024-wieder-kandidiert-hier-sind-fuenf-gruende-warum-das-verrueckt-ist\/#article\",\"isPartOf\":{\"@id\":\"https:\/\/now-news.de\/de\/usa\/joe-biden-sagt-obama-dass-er-2024-wieder-kandidiert-hier-sind-fuenf-gruende-warum-das-verrueckt-ist\/\"},\"author\":{\"name\":\"greatreset\",\"@id\":\"https:\/\/now-news.de\/de\/#\/schema\/person\/8afb4cd92b68572db7902c13a349ffcb\"},\"headline\":\"Joe Biden sagt Obama, dass er 2024 wieder kandidiert: Hier sind f\u00fcnf Gr\u00fcnde, warum das verr\u00fcckt ist\",\"datePublished\":\"2022-04-20T13:45:00+00:00\",\"dateModified\":\"2022-04-20T13:45:00+00:00\",\"mainEntityOfPage\":{\"@id\":\"https:\/\/now-news.de\/de\/usa\/joe-biden-sagt-obama-dass-er-2024-wieder-kandidiert-hier-sind-fuenf-gruende-warum-das-verrueckt-ist\/\"},\"wordCount\":718,\"commentCount\":0,\"publisher\":{\"@id\":\"https:\/\/now-news.de\/de\/#organization\"},\"image\":{\"@id\":\"https:\/\/now-news.de\/de\/usa\/joe-biden-sagt-obama-dass-er-2024-wieder-kandidiert-hier-sind-fuenf-gruende-warum-das-verrueckt-ist\/#primaryimage\"},\"thumbnailUrl\":\"https:\/\/now-news.de\/de\/wp-content\/uploads\/sites\/3\/2022\/04\/1650467856_Joe-Biden-sagt-Obama-dass-er-2024-wieder-kandidiert-Hier.jpg\",\"keywords\":[\"Biden\",\"das\",\"dass\",\"f\u00fcnf\",\"Gr\u00fcnde\",\"Hier\",\"ist\",\"Joe\",\"kandidiert\",\"Obama\",\"sagt\",\"sind\",\"verr\u00fcckt\",\"Warum\",\"wieder\"],\"articleSection\":[\"USA\"],\"inLanguage\":\"de\",\"potentialAction\":[{\"@type\":\"CommentAction\",\"name\":\"Comment\",\"target\":[\"https:\/\/now-news.de\/de\/usa\/joe-biden-sagt-obama-dass-er-2024-wieder-kandidiert-hier-sind-fuenf-gruende-warum-das-verrueckt-ist\/#respond\"]}]},{\"@type\":\"WebPage\",\"@id\":\"https:\/\/now-news.de\/de\/usa\/joe-biden-sagt-obama-dass-er-2024-wieder-kandidiert-hier-sind-fuenf-gruende-warum-das-verrueckt-ist\/\",\"url\":\"https:\/\/now-news.de\/de\/usa\/joe-biden-sagt-obama-dass-er-2024-wieder-kandidiert-hier-sind-fuenf-gruende-warum-das-verrueckt-ist\/\",\"name\":\"Joe Biden sagt Obama, dass er 2024 wieder kandidiert: Hier sind f\u00fcnf Gr\u00fcnde, warum das verr\u00fcckt ist - just-now.NEWS Deutschland\",\"isPartOf\":{\"@id\":\"https:\/\/now-news.de\/de\/#website\"},\"primaryImageOfPage\":{\"@id\":\"https:\/\/now-news.de\/de\/usa\/joe-biden-sagt-obama-dass-er-2024-wieder-kandidiert-hier-sind-fuenf-gruende-warum-das-verrueckt-ist\/#primaryimage\"},\"image\":{\"@id\":\"https:\/\/now-news.de\/de\/usa\/joe-biden-sagt-obama-dass-er-2024-wieder-kandidiert-hier-sind-fuenf-gruende-warum-das-verrueckt-ist\/#primaryimage\"},\"thumbnailUrl\":\"https:\/\/now-news.de\/de\/wp-content\/uploads\/sites\/3\/2022\/04\/1650467856_Joe-Biden-sagt-Obama-dass-er-2024-wieder-kandidiert-Hier.jpg\",\"datePublished\":\"2022-04-20T13:45:00+00:00\",\"dateModified\":\"2022-04-20T13:45:00+00:00\",\"breadcrumb\":{\"@id\":\"https:\/\/now-news.de\/de\/usa\/joe-biden-sagt-obama-dass-er-2024-wieder-kandidiert-hier-sind-fuenf-gruende-warum-das-verrueckt-ist\/#breadcrumb\"},\"inLanguage\":\"de\",\"potentialAction\":[{\"@type\":\"ReadAction\",\"target\":[\"https:\/\/now-news.de\/de\/usa\/joe-biden-sagt-obama-dass-er-2024-wieder-kandidiert-hier-sind-fuenf-gruende-warum-das-verrueckt-ist\/\"]}]},{\"@type\":\"ImageObject\",\"inLanguage\":\"de\",\"@id\":\"https:\/\/now-news.de\/de\/usa\/joe-biden-sagt-obama-dass-er-2024-wieder-kandidiert-hier-sind-fuenf-gruende-warum-das-verrueckt-ist\/#primaryimage\",\"url\":\"https:\/\/now-news.de\/de\/wp-content\/uploads\/sites\/3\/2022\/04\/1650467856_Joe-Biden-sagt-Obama-dass-er-2024-wieder-kandidiert-Hier.jpg\",\"contentUrl\":\"https:\/\/now-news.de\/de\/wp-content\/uploads\/sites\/3\/2022\/04\/1650467856_Joe-Biden-sagt-Obama-dass-er-2024-wieder-kandidiert-Hier.jpg\",\"width\":361,\"height\":284},{\"@type\":\"BreadcrumbList\",\"@id\":\"https:\/\/now-news.de\/de\/usa\/joe-biden-sagt-obama-dass-er-2024-wieder-kandidiert-hier-sind-fuenf-gruende-warum-das-verrueckt-ist\/#breadcrumb\",\"itemListElement\":[{\"@type\":\"ListItem\",\"position\":1,\"name\":\"Home\",\"item\":\"https:\/\/now-news.de\/de\/\"},{\"@type\":\"ListItem\",\"position\":2,\"name\":\"Joe Biden sagt Obama, dass er 2024 wieder kandidiert: Hier sind f\u00fcnf Gr\u00fcnde, warum das verr\u00fcckt ist\"}]},{\"@type\":\"WebSite\",\"@id\":\"https:\/\/now-news.de\/de\/#website\",\"url\":\"https:\/\/now-news.de\/de\/\",\"name\":\"just-now.NEWS Deutschland\",\"description\":\"Das Portal f\u00fcr unzensierte Nachrichten aus der Welt\",\"publisher\":{\"@id\":\"https:\/\/now-news.de\/de\/#organization\"},\"potentialAction\":[{\"@type\":\"SearchAction\",\"target\":{\"@type\":\"EntryPoint\",\"urlTemplate\":\"https:\/\/now-news.de\/de\/?s={search_term_string}\"},\"query-input\":\"required name=search_term_string\"}],\"inLanguage\":\"de\"},{\"@type\":\"Organization\",\"@id\":\"https:\/\/now-news.de\/de\/#organization\",\"name\":\"Just Now News\",\"url\":\"https:\/\/now-news.de\/de\/\",\"logo\":{\"@type\":\"ImageObject\",\"inLanguage\":\"de\",\"@id\":\"https:\/\/now-news.de\/de\/#\/schema\/logo\/image\/\",\"url\":\"http:\/\/just-now.news\/de\/wp-content\/uploads\/sites\/3\/2022\/04\/logo500x500.jpg\",\"contentUrl\":\"http:\/\/just-now.news\/de\/wp-content\/uploads\/sites\/3\/2022\/04\/logo500x500.jpg\",\"width\":500,\"height\":500,\"caption\":\"Just Now News\"},\"image\":{\"@id\":\"https:\/\/now-news.de\/de\/#\/schema\/logo\/image\/\"},\"sameAs\":[\"https:\/\/www.facebook.com\/wirmachenauf\",\"https:\/\/x.com\/WirMachenAuf_de\"]},{\"@type\":\"Person\",\"@id\":\"https:\/\/now-news.de\/de\/#\/schema\/person\/8afb4cd92b68572db7902c13a349ffcb\",\"name\":\"greatreset\",\"image\":{\"@type\":\"ImageObject\",\"inLanguage\":\"de\",\"@id\":\"https:\/\/now-news.de\/de\/#\/schema\/person\/image\/\",\"url\":\"https:\/\/secure.gravatar.com\/avatar\/a088df625d49991c090e78c8b9542592?s=96&d=mm&r=g\",\"contentUrl\":\"https:\/\/secure.gravatar.com\/avatar\/a088df625d49991c090e78c8b9542592?s=96&d=mm&r=g\",\"caption\":\"greatreset\"},\"url\":\"https:\/\/now-news.de\/de\/author\/greatreset\/\"}]}<\/script>\n<!-- \/ Yoast SEO Premium plugin. -->","yoast_head_json":{"title":"Joe Biden sagt Obama, dass er 2024 wieder kandidiert: Hier sind f\u00fcnf Gr\u00fcnde, warum das verr\u00fcckt ist - just-now.NEWS Deutschland","robots":{"index":"index","follow":"follow","max-snippet":"max-snippet:-1","max-image-preview":"max-image-preview:large","max-video-preview":"max-video-preview:-1"},"canonical":"https:\/\/now-news.de\/de\/usa\/joe-biden-sagt-obama-dass-er-2024-wieder-kandidiert-hier-sind-fuenf-gruende-warum-das-verrueckt-ist\/","og_locale":"de_DE","og_type":"article","og_title":"Joe Biden sagt Obama, dass er 2024 wieder kandidiert: Hier sind f\u00fcnf Gr\u00fcnde, warum das verr\u00fcckt ist","og_description":"Joe Biden soll Barack Obama k\u00fcrzlich gesagt haben, dass er 2024 erneut f\u00fcr das Pr\u00e4sidentenamt kandidiert. Eine \u201eQuelle\u201c sagt, dass Biden glaubt, dass er der einzige ist, der Pr\u00e4sident Trump 2024 schlagen kann. FOX News berichtet: Werbung \u2013 die Geschichte geht unten weiter Pr\u00e4sident Biden hat dem ehemaligen Pr\u00e4sidenten Barack Obama mitgeteilt, dass er plant, [&hellip;]","og_url":"https:\/\/now-news.de\/de\/usa\/joe-biden-sagt-obama-dass-er-2024-wieder-kandidiert-hier-sind-fuenf-gruende-warum-das-verrueckt-ist\/","og_site_name":"just-now.NEWS Deutschland","article_publisher":"https:\/\/www.facebook.com\/wirmachenauf","article_published_time":"2022-04-20T13:45:00+00:00","og_image":[{"width":361,"height":284,"url":"https:\/\/now-news.de\/de\/wp-content\/uploads\/sites\/3\/2022\/04\/1650467856_Joe-Biden-sagt-Obama-dass-er-2024-wieder-kandidiert-Hier.jpg","type":"image\/jpeg"}],"author":"greatreset","twitter_card":"summary_large_image","twitter_creator":"@WirMachenAuf_de","twitter_site":"@WirMachenAuf_de","twitter_misc":{"Verfasst von":"greatreset","Gesch\u00e4tzte Lesezeit":"3\u00a0Minuten"},"schema":{"@context":"https:\/\/schema.org","@graph":[{"@type":"Article","@id":"https:\/\/now-news.de\/de\/usa\/joe-biden-sagt-obama-dass-er-2024-wieder-kandidiert-hier-sind-fuenf-gruende-warum-das-verrueckt-ist\/#article","isPartOf":{"@id":"https:\/\/now-news.de\/de\/usa\/joe-biden-sagt-obama-dass-er-2024-wieder-kandidiert-hier-sind-fuenf-gruende-warum-das-verrueckt-ist\/"},"author":{"name":"greatreset","@id":"https:\/\/now-news.de\/de\/#\/schema\/person\/8afb4cd92b68572db7902c13a349ffcb"},"headline":"Joe Biden sagt Obama, dass er 2024 wieder kandidiert: Hier sind f\u00fcnf Gr\u00fcnde, warum das verr\u00fcckt ist","datePublished":"2022-04-20T13:45:00+00:00","dateModified":"2022-04-20T13:45:00+00:00","mainEntityOfPage":{"@id":"https:\/\/now-news.de\/de\/usa\/joe-biden-sagt-obama-dass-er-2024-wieder-kandidiert-hier-sind-fuenf-gruende-warum-das-verrueckt-ist\/"},"wordCount":718,"commentCount":0,"publisher":{"@id":"https:\/\/now-news.de\/de\/#organization"},"image":{"@id":"https:\/\/now-news.de\/de\/usa\/joe-biden-sagt-obama-dass-er-2024-wieder-kandidiert-hier-sind-fuenf-gruende-warum-das-verrueckt-ist\/#primaryimage"},"thumbnailUrl":"https:\/\/now-news.de\/de\/wp-content\/uploads\/sites\/3\/2022\/04\/1650467856_Joe-Biden-sagt-Obama-dass-er-2024-wieder-kandidiert-Hier.jpg","keywords":["Biden","das","dass","f\u00fcnf","Gr\u00fcnde","Hier","ist","Joe","kandidiert","Obama","sagt","sind","verr\u00fcckt","Warum","wieder"],"articleSection":["USA"],"inLanguage":"de","potentialAction":[{"@type":"CommentAction","name":"Comment","target":["https:\/\/now-news.de\/de\/usa\/joe-biden-sagt-obama-dass-er-2024-wieder-kandidiert-hier-sind-fuenf-gruende-warum-das-verrueckt-ist\/#respond"]}]},{"@type":"WebPage","@id":"https:\/\/now-news.de\/de\/usa\/joe-biden-sagt-obama-dass-er-2024-wieder-kandidiert-hier-sind-fuenf-gruende-warum-das-verrueckt-ist\/","url":"https:\/\/now-news.de\/de\/usa\/joe-biden-sagt-obama-dass-er-2024-wieder-kandidiert-hier-sind-fuenf-gruende-warum-das-verrueckt-ist\/","name":"Joe Biden sagt Obama, dass er 2024 wieder kandidiert: Hier sind f\u00fcnf Gr\u00fcnde, warum das verr\u00fcckt ist - just-now.NEWS Deutschland","isPartOf":{"@id":"https:\/\/now-news.de\/de\/#website"},"primaryImageOfPage":{"@id":"https:\/\/now-news.de\/de\/usa\/joe-biden-sagt-obama-dass-er-2024-wieder-kandidiert-hier-sind-fuenf-gruende-warum-das-verrueckt-ist\/#primaryimage"},"image":{"@id":"https:\/\/now-news.de\/de\/usa\/joe-biden-sagt-obama-dass-er-2024-wieder-kandidiert-hier-sind-fuenf-gruende-warum-das-verrueckt-ist\/#primaryimage"},"thumbnailUrl":"https:\/\/now-news.de\/de\/wp-content\/uploads\/sites\/3\/2022\/04\/1650467856_Joe-Biden-sagt-Obama-dass-er-2024-wieder-kandidiert-Hier.jpg","datePublished":"2022-04-20T13:45:00+00:00","dateModified":"2022-04-20T13:45:00+00:00","breadcrumb":{"@id":"https:\/\/now-news.de\/de\/usa\/joe-biden-sagt-obama-dass-er-2024-wieder-kandidiert-hier-sind-fuenf-gruende-warum-das-verrueckt-ist\/#breadcrumb"},"inLanguage":"de","potentialAction":[{"@type":"ReadAction","target":["https:\/\/now-news.de\/de\/usa\/joe-biden-sagt-obama-dass-er-2024-wieder-kandidiert-hier-sind-fuenf-gruende-warum-das-verrueckt-ist\/"]}]},{"@type":"ImageObject","inLanguage":"de","@id":"https:\/\/now-news.de\/de\/usa\/joe-biden-sagt-obama-dass-er-2024-wieder-kandidiert-hier-sind-fuenf-gruende-warum-das-verrueckt-ist\/#primaryimage","url":"https:\/\/now-news.de\/de\/wp-content\/uploads\/sites\/3\/2022\/04\/1650467856_Joe-Biden-sagt-Obama-dass-er-2024-wieder-kandidiert-Hier.jpg","contentUrl":"https:\/\/now-news.de\/de\/wp-content\/uploads\/sites\/3\/2022\/04\/1650467856_Joe-Biden-sagt-Obama-dass-er-2024-wieder-kandidiert-Hier.jpg","width":361,"height":284},{"@type":"BreadcrumbList","@id":"https:\/\/now-news.de\/de\/usa\/joe-biden-sagt-obama-dass-er-2024-wieder-kandidiert-hier-sind-fuenf-gruende-warum-das-verrueckt-ist\/#breadcrumb","itemListElement":[{"@type":"ListItem","position":1,"name":"Home","item":"https:\/\/now-news.de\/de\/"},{"@type":"ListItem","position":2,"name":"Joe Biden sagt Obama, dass er 2024 wieder kandidiert: Hier sind f\u00fcnf Gr\u00fcnde, warum das verr\u00fcckt ist"}]},{"@type":"WebSite","@id":"https:\/\/now-news.de\/de\/#website","url":"https:\/\/now-news.de\/de\/","name":"just-now.NEWS Deutschland","description":"Das Portal f\u00fcr unzensierte Nachrichten aus der Welt","publisher":{"@id":"https:\/\/now-news.de\/de\/#organization"},"potentialAction":[{"@type":"SearchAction","target":{"@type":"EntryPoint","urlTemplate":"https:\/\/now-news.de\/de\/?s={search_term_string}"},"query-input":"required name=search_term_string"}],"inLanguage":"de"},{"@type":"Organization","@id":"https:\/\/now-news.de\/de\/#organization","name":"Just Now News","url":"https:\/\/now-news.de\/de\/","logo":{"@type":"ImageObject","inLanguage":"de","@id":"https:\/\/now-news.de\/de\/#\/schema\/logo\/image\/","url":"http:\/\/just-now.news\/de\/wp-content\/uploads\/sites\/3\/2022\/04\/logo500x500.jpg","contentUrl":"http:\/\/just-now.news\/de\/wp-content\/uploads\/sites\/3\/2022\/04\/logo500x500.jpg","width":500,"height":500,"caption":"Just Now News"},"image":{"@id":"https:\/\/now-news.de\/de\/#\/schema\/logo\/image\/"},"sameAs":["https:\/\/www.facebook.com\/wirmachenauf","https:\/\/x.com\/WirMachenAuf_de"]},{"@type":"Person","@id":"https:\/\/now-news.de\/de\/#\/schema\/person\/8afb4cd92b68572db7902c13a349ffcb","name":"greatreset","image":{"@type":"ImageObject","inLanguage":"de","@id":"https:\/\/now-news.de\/de\/#\/schema\/person\/image\/","url":"https:\/\/secure.gravatar.com\/avatar\/a088df625d49991c090e78c8b9542592?s=96&d=mm&r=g","contentUrl":"https:\/\/secure.gravatar.com\/avatar\/a088df625d49991c090e78c8b9542592?s=96&d=mm&r=g","caption":"greatreset"},"url":"https:\/\/now-news.de\/de\/author\/greatreset\/"}]}},"_links":{"self":[{"href":"https:\/\/now-news.de\/de\/wp-json\/wp\/v2\/posts\/1781"}],"collection":[{"href":"https:\/\/now-news.de\/de\/wp-json\/wp\/v2\/posts"}],"about":[{"href":"https:\/\/now-news.de\/de\/wp-json\/wp\/v2\/types\/post"}],"author":[{"embeddable":true,"href":"https:\/\/now-news.de\/de\/wp-json\/wp\/v2\/users\/5"}],"replies":[{"embeddable":true,"href":"https:\/\/now-news.de\/de\/wp-json\/wp\/v2\/comments?post=1781"}],"version-history":[{"count":0,"href":"https:\/\/now-news.de\/de\/wp-json\/wp\/v2\/posts\/1781\/revisions"}],"wp:featuredmedia":[{"embeddable":true,"href":"https:\/\/now-news.de\/de\/wp-json\/wp\/v2\/media\/1782"}],"wp:attachment":[{"href":"https:\/\/now-news.de\/de\/wp-json\/wp\/v2\/media?parent=1781"}],"wp:term":[{"taxonomy":"category","embeddable":true,"href":"https:\/\/now-news.de\/de\/wp-json\/wp\/v2\/categories?post=1781"},{"taxonomy":"post_tag","embeddable":true,"href":"https:\/\/now-news.de\/de\/wp-json\/wp\/v2\/tags?post=1781"}],"curies":[{"name":"wp","href":"https:\/\/api.w.org\/{rel}","templated":true}]}}