{"id":17769,"date":"2022-08-26T18:21:03","date_gmt":"2022-08-26T16:21:03","guid":{"rendered":"http:\/\/just-now.news\/de\/deutschland\/baerbock-empathie-und-der-unwille-zu-verhandeln\/"},"modified":"2022-08-26T18:21:03","modified_gmt":"2022-08-26T16:21:03","slug":"baerbock-empathie-und-der-unwille-zu-verhandeln","status":"publish","type":"post","link":"https:\/\/now-news.de\/de\/deutschland\/baerbock-empathie-und-der-unwille-zu-verhandeln\/","title":{"rendered":"Baerbock, Empathie und der Unwille, zu verhandeln"},"content":{"rendered":"<p><img decoding=\"async\" src=\"http:\/\/just-now.news\/de\/wp-content\/uploads\/sites\/3\/2022\/08\/6308c082b480cc083420f7b8.jpg\" \/><\/p>\n<p><em>Von Dagmar Henn<\/em><\/p>\n<p>Schon mal ein Interview mit Bundesau\u00dfenministerin Annalena Baerbock ohne Ton betrachtet? Das ist sehr eigenartig. Abgesehen von einem gelegentlichen unterdr\u00fcckten Zucken in Richtung des bekannten Grinsens ein sehr emotionsloses Gesicht; Augenpartie und Stirn, die normalerweise kleine Regungen anzeigen, und sei es die Konzentration auf das Gesagte oder minimale Versuche, einen Kontakt zum Gegen\u00fcber aufzunehmen, bleiben v\u00f6llig unbewegt, als w\u00e4re Botox gespritzt. Man vergleiche einmal die Mimik von Baerbock mit der sehr kontrollierten, aber wesentlich lebhafteren Mimik von Maria Sacharowa.<\/p>\n<p>Der eigentliche Grund f\u00fcr mein Interesse an Baerbocks Mimik war die Frage, ob sie bewusst l\u00fcgt oder es nicht besser wei\u00df. Denn in ihrem <a rel=\"nofollow noopener\" target=\"_blank\" href=\"https:\/\/www.zdf.de\/nachrichten\/heute-journal\/aussenministerin-baerbock-ukraine-krieg-100.html\">Interview<\/a> mit dem <em>Heute-Journal<\/em> des <em>ZDF<\/em> hat sie faustdick gelogen. Aber Baerbocks Mine scheint keinen Unterschied zwischen Wahrheit und L\u00fcge zu kennen.<\/p>\n<p>Bei diesem Auftritt ist sie sorgf\u00e4ltig zurechtgemacht. Eine Bluse, die dunkler ist als ihre sonst \u00fcbliche Kleidung, und fast hochgeschlossen, damit sie etwas ernsthafter aussieht, die Frisur strenger als \u00fcblich, und sie wird stehend auf einem Flur befragt, als g\u00e4be es nicht ums Eck einen Schreibtisch, hinter dem sie sitzen k\u00f6nne, um zum einen den Eindruck zu erwecken, sie sei &#8220;auf dem Sprung&#8221;, weil ungeheuer besch\u00e4ftigt, und zum anderen, um sie an der k\u00f6rperlichen Entspannung zu hindern.<\/p>\n<p>Das, was sie lieferte, blieb auf dem \u00fcblichen Kindergartenniveau. Die Interviewerin Marietta Slomka will selbst von Baerbock immer noch mehr Aggression; spricht von &#8220;zerschlagenem Porzellan&#8221; zwischen den baltischen Staaten und Deutschland, und davon, &#8220;sogar ein lettischer Verteidigungsminister sagt, das Vertrauen zu Deutschland ist close to zero&#8221;, worauf jeder Au\u00dfenpolitiker noch vor zwanzig Jahren, wenn auch diplomatisch, zu verstehen gegeben h\u00e4tte, dass die Meinung eines lettischen Au\u00dfenministers f\u00fcr Deutschland ungef\u00e4hr so relevant ist wie die desjenigen von, sagen wir einmal, Myanmar, weil in Lettland schlicht keine deutschen Interessen liegen und das Land winzig ist.<\/p>\n<p>Aber es ist Baerbock, die weder das Wort Interessen kennt noch die schlichte Tatsache anerkennt, dass die Gr\u00f6\u00dfe eines Landes durchaus eine Rolle spielt, wenn es um die Bedeutung geht. Das Einzige, wozu diese baltischen Staaten gut sein k\u00f6nnen, ist, als Stachel wider Russland zu dienen, und die logische Reihenfolge geht da anders herum \u2013 erst wird in L\u00e4ndern wie Deutschland die Entscheidung gef\u00e4llt, eine Stellung gegen Russland einzunehmen, dann werden die Balten pl\u00f6tzlich wichtig. Baerbock aber entschuldigt sich fast, weil &#8220;wir mit unserem Festhalten an Nord Stream 2 als Bundesrepublik damals nicht auf die Sorgen unserer baltischen Nachbarn und Freunde geh\u00f6rt haben&#8221;.<\/p>\n<p>Wie gesagt, Kindergartenniveau. Nachbarn und Freunde. Dabei \u00e4ndert die Vorf\u00fchrung von Baerbock nichts daran, dass ein gro\u00dfes Land wie Deutschland grunds\u00e4tzlich nicht &#8220;auf die Sorgen&#8221; von Zwergstaaten &#8220;h\u00f6rt&#8221;. In Wirklichkeit h\u00f6rt Baerbock, h\u00f6rt diese Bundesregierung auf Uncle Sam.<\/p>\n<p>Die Atmosph\u00e4re in der Ampel muss \u00fcbrigens besonders kuschlig sein. Wenn Baerbock von Bundeskanzler Olaf Scholz spricht, spricht sie von &#8220;Herrn Scholz.&#8221; Die naheliegendere Formulierung w\u00e4re schlicht &#8220;der Kanzler&#8221;. &#8220;Herr Scholz&#8221; klingt, als rede sie von jemand v\u00f6llig Fremden, was nach einem Dreivierteljahr Koalitionssitzungen sehr eigenartig ist.<\/p>\n<p>Nat\u00fcrlich w\u00e4re es in einem Interview unangemessen, von &#8220;Olaf&#8221; zu sprechen, doch ihre Redeweise, die die gleiche Distanz zu &#8220;Herrn Scholz&#8221; wie zu &#8220;Herrn Kuleba&#8221; gebraucht, deutet an, dass sie nicht einmal per Du sind. Das Klima muss eisig sein. Und die Umgehung der Amtsbezeichung ist ein Indiz daf\u00fcr, dass die gr\u00fcnen Vertreter nach wie vor der Meinung sind, eigentlich m\u00fcssten sie den Kanzler stellen d\u00fcrfen. Ich habe schon viele Koalitionspartner \u00fcbereinander sprechen h\u00f6ren, aber &#8220;Herr Kohl&#8221; oder &#8220;Frau Merkel&#8221;, daran kann ich mich nicht erinnern. Wenn nicht der Titel genutzt wurde, waren es &#8220;Helmut Kohl&#8221; oder &#8220;Angela Merkel&#8221;.<\/p>\n<p>Aber blicken wir auf die Passage, die mich zu meiner Betrachtung ihrer Mimik veranlasst hat. Der letzte Abschnitt des Interviews. \u00dcber &#8220;die furchtbarsten Monate, die sich Menschen in der Ukraine \u00fcberhaupt vorstellen konnten, weil viele, viele Menschen gestorben sind, weil wir Gr\u00e4ueltaten gesehen haben, die wir uns niemals h\u00e4tten vorstellen k\u00f6nnen auf dem europ\u00e4ischen Kontinent&#8221;.<\/p>\n<p>Ginge es nicht um Baerbock und w\u00e4re nicht die gesamte Medienlandschaft auf dem Russlandfeldzug, dieser Satz h\u00e4tte einen Skandal ausl\u00f6sen m\u00fcssen. Gr\u00e4ueltaten, die wir uns niemals h\u00e4tten vorstellen k\u00f6nnten? Fangen wir doch mal oben an: Auschwitz, Treblinka, die Belagerung von Leningrad, Babyn Jar, das Pogrom von Lemberg, Kommissarbefehl. War das nicht auf dem europ\u00e4ischen Kontinent? M\u00fcsste das nicht irgendwo im Ged\u00e4chtnis selbst einer Annalena Baerbock lagern? In dieser Zeit liegen \u00fcbrigens auch die &#8220;furchtbarsten Monate, die sich Menschen in der Ukraine \u00fcberhaupt vorstellen konnten&#8221; versteckt; zumindest f\u00fcr jene Ukrainer, die sich nicht mit dem Bataillon Nachtigall identifizieren.<\/p>\n<p>Die Sicht auf die Gegenwart ist nicht realistischer als die Sicht auf die Geschichte. Und es ist nicht auszuschlie\u00dfen, dass sie wirklich glaubt, was sie sagt. &#8220;Die Wahnvorstellung, die der russische Pr\u00e4sident hatte, n\u00e4mlich, dass er in ein paar Tagen Kiew einnehmen kann, und in den Panzern von russischen Soldaten waren ja schon die Paradeuniformen drin.&#8221; Paradeuniformen sind eine ganz neue Erfindung. In Wirklichkeit nennt sich das Ausgehuniform, im Gegensatz zum Kampfanzug. Und auch in Russland geschieht nichts, weil ein Pr\u00e4sident eine &#8220;Wahnvorstellung&#8221; hat.<\/p>\n<p>Das Zusammenspiel zwischen Slomka und Baerbock ist bizarr. Slomka fragt, es gebe ja Stimmen, die verhandeln wollten; aber sie fragt es mit dem unverkennbaren Ziel, diesen Wunsch zur\u00fcckgewiesen zu bekommen, und Baerbock antwortet entsprechend. &#8220;Zum jetzigen Zeitpunkt halte ich das nicht f\u00fcr richtig&#8221;, und zwar wegen der Balten und der Polen; das verbirgt sich hinter ihrer etwas verklausulierten Antwort.<\/p>\n<p>Es scheint sich nicht bis zu ihr herumgesprochen zu haben, dass die Verhandlungsposition nicht nur des Westens, sondern insbesondere der Ukraine vom Verlauf an der Front abh\u00e4ngig ist, der deutlich in eine andere Richtung weist. Wenn man sich nicht gleich der Einsch\u00e4tzung einiger kompetenter Beobachter anschlie\u00dft, dass die Ukraine diesen Krieg bereits in den ersten Wochen verloren hat, und alles seither im Grunde nur Aufr\u00e4umarbeiten w\u00e4ren. Eigentlich m\u00fcsste der Westen sich seit Monaten mit Verhandlungsangeboten \u00fcberschlagen, um zumindest noch zu retten, was zu retten ist. Er tut das nicht, und Baerbock begreift noch nicht einmal, warum er das eigentlich tun sollte.<\/p>\n<p>&#8220;Niemand hat sich diesen Krieg gew\u00fcnscht; bis zum 23. Februar, vor einem halben Jahr, haben wir alles daf\u00fcr getan, diesen Krieg zu verhindern.&#8221; Alles daf\u00fcr getan zu haben schl\u00f6sse, so ist &#8220;alles&#8221; nun einmal definiert, Bem\u00fchungen ein, die Ukraine zur Umsetzung der Minsker Vereinbarungen zu bewegen. Daf\u00fcr hat Baerbock mit Sicherheit nichts getan; im Gegenteil, ihre Aussagen bei ihrem Besuch in Kiew widersprachen diesen Vereinbarungen direkt, weil sie die Notwendigkeit direkter Verhandlungen zwischen Kiew und den Donbassrepubliken leugnete. Sie erkl\u00e4rte auch bereits vor dem Beginn der russischen Milit\u00e4roperation, &#8220;wir&#8221; seien &#8220;bereit, einen hohen Preis zu bezahlen&#8221;. Die meisten deutschen B\u00fcrger d\u00fcrften zu diesem Zeitpunkt noch keine Ahnung davon gehabt haben, wie hoch er werden w\u00fcrde.<\/p>\n<p>&#8220;Ich war selber ein paar Wochen davor noch in Moskau, beim russischen Au\u00dfenminister, habe gemeinsam dar\u00fcber gesprochen, wie wir mit Blick auf die Krim, auf die Ostukraine endlich wieder Verhandlungen aufnehmen k\u00f6nnen.&#8221; Ja, sie war in Moskau (und wieder verr\u00e4t sie mit ihrem &#8220;ich habe dar\u00fcber gesprochen&#8221;, dass sie nicht verhandlungsbereit war). Aber mit diesen Formulierungen best\u00e4tigt sie selber, dass sie eben mitnichten &#8220;alles&#8221; getan hat. &#8220;Mit Blick auf die Krim&#8221; &#8220;Verhandlungen aufnehmen&#8221;? Da ist nichts zu verhandeln. Allerdings ist dieses Detail eine subtile Andeutung, dass sie \u00fcber die ukrainischen Angriffspl\u00e4ne sehr wohl informiert war. Und ihre Aufgabe bei ihrem Besuch bei Lawrow im Januar eher als Vertreterin ukrainischer denn als Vertreterin deutscher Interessen sah.<\/p>\n<p>Denn das deutsche Interesse h\u00e4tte tats\u00e4chlich darin bestanden, einen Krieg zu verhindern, aber nicht, der Ukraine die Krim zur\u00fcckzubeschaffen, gegen den Willen ihrer Bewohner. Zudem k\u00f6nnen Verhandlungen immer nur auf den Fakten beruhen, nicht auf W\u00fcnschen. Fakt ist allerdings: die Krim ist seit acht Jahren Teil der russischen F\u00f6deration. Und in Bezug auf die &#8220;Ostukraine&#8221;, also den Donbass, ging es gar nicht darum, &#8220;Verhandlungen aufzunehmen&#8221;, sondern die Ergebnisse bereits stattgefundener Verhandlungen umzusetzen.<\/p>\n<p>&#8220;Aber der russische Pr\u00e4sident hat beschlossen, genau diese Friedensgespr\u00e4che zu zerst\u00f6ren.&#8221; Nein, es war nicht der russische Pr\u00e4sident, und es waren keine &#8220;Friedensgespr\u00e4che&#8221;. Das russische Parlament hatte die Anerkennung der Donbassrepubliken beschlossen und aufgetragen, ihre Sicherheit zu sch\u00fctzen; der Pr\u00e4sident hat nur, wie es seine Pflicht ist, diesen Beschluss ausgef\u00fchrt.<\/p>\n<p>Das einzige Handeln des russischen Pr\u00e4sidenten bestand darin, diesmal nicht mehr zu versuchen, einen solchen Beschluss politisch zu verhindern; entsprechende Antr\u00e4ge gab es im Verlauf der Jahre seit 2014 immer wieder. Es war gerade das Verhalten des Westens in den im Januar gef\u00fchrten Gespr\u00e4chen, das deutlich machte, dass keinerlei Interesse an der Umsetzung der Minsker Vereinbarungen existiert, die tats\u00e4chlich den Donbass in die Ukraine zur\u00fcckgef\u00fchrt h\u00e4tten.<\/p>\n<p>&#8220;Jetzt zerst\u00f6rt er seit sechs Monaten ein unschuldiges Land.&#8221; Das ist eine sehr aufschlussreiche Formulierung. Ein unschuldiges Land. Also sind L\u00e4nder schuldig oder unschuldig, nicht Personen, oder Regierungen? Und die Ukraine ist &#8220;unschuldig&#8221;, trotz der acht Jahre Krieg im Donbass? Was ist dann ein &#8220;schuldiges&#8221; Land? Wie &#8220;unschuldig&#8221; w\u00e4re dann Deutschland, als dessen Au\u00dfenministerin sie ihre Weltsicht verbreitet, angesichts der oben angerissenen Liste der wirklichen &#8220;Gr\u00e4ueltaten, die wir uns niemals h\u00e4tten vorstellen k\u00f6nnen auf dem europ\u00e4ischen Kontinent&#8221;? Entweder, man nimmt diese Frau schlicht nicht ernst, oder man ist entsetzt angesichts der Wirrnis in ihrem Denken.<\/p>\n<blockquote>\n<p><em>&#8220;Sich darauf verlassen, irgendwann wird das schon aufh\u00f6ren, das kostet Menschenleben, und deswegen unterst\u00fctzen wir milit\u00e4risch in dieser Situation, um bestm\u00f6glich Menschenleben in der Ukraine zu retten.&#8221;<\/em><\/p>\n<\/blockquote>\n<p>Ein Krieg kann nur auf drei Weisen enden. Ein Sieg der einen Seite \u00fcber die andere, v\u00f6llige Ersch\u00f6pfung beider Seiten, oder ein Friedensschluss. Ein russischer Sieg ist der wahrscheinlichste Ausgang.<\/p>\n<p>Die beste M\u00f6glichkeit, Menschenleben in der Ukraine zu retten, w\u00e4re die sofortige Kapitulation Kiews. Irgendwie z\u00e4hlen die ukrainischen Soldaten bei ihr nicht als Menschenleben. Denn es ist klar und inzwischen, gelegentlich, sogar von westlicher Seite eingestanden \u2013 die westlichen Waffenlieferungen \u00e4ndern nichts am Ergebnis der K\u00e4mpfe, k\u00f6nnen gar nichts daran \u00e4ndern, sie bewirken nur eine Verl\u00e4ngerung.<\/p>\n<p>Das mag ein Ziel der NATO sein, und Teil der vermutlich auch von Frau Baerbock geteilten Fantasie, Russland zu schw\u00e4chen (&#8220;zu ruinieren&#8221;), aber eines tut es mit Sicherheit nicht \u2013 Menschenleben retten. Unschuldige schon gar nicht. Sofortige Verhandlungen mit den l\u00e4ngst unvermeidlichen territorialen Zugest\u00e4ndnissen, die k\u00f6nnten Menschenleben retten. Sogar in Deutschland selbst, denn auch das vorbereitete Winterchaos wird Leben kosten.<\/p>\n<p>In Baerbocks Gesicht ist nichts zu erkennen, w\u00e4hrend sie diese S\u00e4tze sagt. So pathetisch sie ihre verzerrte Sicht auf die Welt formuliert, so sehr sie ein Engagement vorgibt, das es niemals gegeben hat, in beidem, ihrer Mimik und ihren Aussagen, fehlt nicht nur jeder Hinweis auf analytischen Verstand, mehr noch fehlt jeder Hinweis auf Empathie. Schwer zu sagen, welches von beidem schlimmer ist.<\/p>\n<p><strong>Mehr zum Thema<\/strong>\u00a0\u2013\u00a0<a rel=\"nofollow noopener\" target=\"_blank\" href=\"https:\/\/pressefreiheit.rtde.tech\/europa\/146945-schutz-vor-bedrohungen-bereitet-sich\/\">Schutz vor &#8220;Bedrohungen&#8221;: Bereitet sich die NATO auf einen Krieg gegen Russland vor?<\/a><\/p>\n<\/p>\n<\/p>\n<p><br \/>\n<br \/><a href=\"https:\/\/de.rt.com\/meinung\/147170-baerbock-empathie-und-unwille-zu\/\">Source link <\/a><\/p>\n","protected":false},"excerpt":{"rendered":"<p>Von Dagmar Henn Schon mal ein Interview mit Bundesau\u00dfenministerin Annalena Baerbock ohne Ton betrachtet? Das ist sehr eigenartig. Abgesehen von einem gelegentlichen unterdr\u00fcckten Zucken in Richtung des bekannten Grinsens ein sehr emotionsloses Gesicht; Augenpartie und Stirn, die normalerweise kleine Regungen anzeigen, und sei es die Konzentration auf das Gesagte oder minimale Versuche, einen Kontakt zum [&hellip;]<\/p>\n","protected":false},"author":3,"featured_media":17770,"comment_status":"open","ping_status":"open","sticky":false,"template":"","format":"standard","meta":{"wp_automatic_camp":["217"],"c08152857838570f3770a65c4b8eb211":["Baerbock, Empathie und der Unwille, zu verhandeln"],"original_link":["https:\/\/de.rt.com\/meinung\/147170-baerbock-empathie-und-unwille-zu\/"],"_thumbnail_id":["17770"],"_wptg_p2tg_sent2tg":["2022-08-26 18:27:43"],"jnews_social_counter_last_update":["1777041268"]},"categories":[19,23],"tags":[587,82,31757,140,31758,23493],"yoast_head":"<!-- This site is optimized with the Yoast SEO Premium plugin v22.7 (Yoast SEO v22.7) - https:\/\/yoast.com\/wordpress\/plugins\/seo\/ -->\n<title>Baerbock, Empathie und der Unwille, zu verhandeln - just-now.NEWS Deutschland<\/title>\n<meta name=\"robots\" content=\"index, follow, max-snippet:-1, max-image-preview:large, max-video-preview:-1\" \/>\n<link rel=\"canonical\" href=\"https:\/\/now-news.de\/de\/deutschland\/baerbock-empathie-und-der-unwille-zu-verhandeln\/\" \/>\n<meta property=\"og:locale\" content=\"de_DE\" \/>\n<meta property=\"og:type\" content=\"article\" \/>\n<meta property=\"og:title\" content=\"Baerbock, Empathie und der Unwille, zu verhandeln\" \/>\n<meta property=\"og:description\" content=\"Von Dagmar Henn Schon mal ein Interview mit Bundesau\u00dfenministerin Annalena Baerbock ohne Ton betrachtet? Das ist sehr eigenartig. Abgesehen von einem gelegentlichen unterdr\u00fcckten Zucken in Richtung des bekannten Grinsens ein sehr emotionsloses Gesicht; Augenpartie und Stirn, die normalerweise kleine Regungen anzeigen, und sei es die Konzentration auf das Gesagte oder minimale Versuche, einen Kontakt zum [&hellip;]\" \/>\n<meta property=\"og:url\" content=\"https:\/\/now-news.de\/de\/deutschland\/baerbock-empathie-und-der-unwille-zu-verhandeln\/\" \/>\n<meta property=\"og:site_name\" content=\"just-now.NEWS Deutschland\" \/>\n<meta property=\"article:publisher\" content=\"https:\/\/www.facebook.com\/wirmachenauf\" \/>\n<meta property=\"article:published_time\" content=\"2022-08-26T16:21:03+00:00\" \/>\n<meta property=\"og:image\" content=\"https:\/\/now-news.de\/de\/wp-content\/uploads\/sites\/3\/2022\/08\/Baerbock-Empathie-und-der-Unwille-zu-verhandeln.jpg\" \/>\n\t<meta property=\"og:image:width\" content=\"460\" \/>\n\t<meta property=\"og:image:height\" content=\"259\" \/>\n\t<meta property=\"og:image:type\" content=\"image\/jpeg\" \/>\n<meta name=\"author\" content=\"rtnews\" \/>\n<meta name=\"twitter:card\" content=\"summary_large_image\" \/>\n<meta name=\"twitter:creator\" content=\"@WirMachenAuf_de\" \/>\n<meta name=\"twitter:site\" content=\"@WirMachenAuf_de\" \/>\n<meta name=\"twitter:label1\" content=\"Verfasst von\" \/>\n\t<meta name=\"twitter:data1\" content=\"rtnews\" \/>\n\t<meta name=\"twitter:label2\" content=\"Gesch\u00e4tzte Lesezeit\" \/>\n\t<meta name=\"twitter:data2\" content=\"9\u00a0Minuten\" \/>\n<script type=\"application\/ld+json\" class=\"yoast-schema-graph\">{\"@context\":\"https:\/\/schema.org\",\"@graph\":[{\"@type\":\"Article\",\"@id\":\"https:\/\/now-news.de\/de\/deutschland\/baerbock-empathie-und-der-unwille-zu-verhandeln\/#article\",\"isPartOf\":{\"@id\":\"https:\/\/now-news.de\/de\/deutschland\/baerbock-empathie-und-der-unwille-zu-verhandeln\/\"},\"author\":{\"name\":\"rtnews\",\"@id\":\"https:\/\/now-news.de\/de\/#\/schema\/person\/fb534a4e865501d8b3285208df34a9b5\"},\"headline\":\"Baerbock, Empathie und der Unwille, zu verhandeln\",\"datePublished\":\"2022-08-26T16:21:03+00:00\",\"dateModified\":\"2022-08-26T16:21:03+00:00\",\"mainEntityOfPage\":{\"@id\":\"https:\/\/now-news.de\/de\/deutschland\/baerbock-empathie-und-der-unwille-zu-verhandeln\/\"},\"wordCount\":1883,\"commentCount\":0,\"publisher\":{\"@id\":\"https:\/\/now-news.de\/de\/#organization\"},\"image\":{\"@id\":\"https:\/\/now-news.de\/de\/deutschland\/baerbock-empathie-und-der-unwille-zu-verhandeln\/#primaryimage\"},\"thumbnailUrl\":\"https:\/\/now-news.de\/de\/wp-content\/uploads\/sites\/3\/2022\/08\/Baerbock-Empathie-und-der-Unwille-zu-verhandeln.jpg\",\"keywords\":[\"Baerbock\",\"der\",\"Empathie\",\"und\",\"Unwille\",\"verhandeln\"],\"articleSection\":[\"Deutschland\",\"Russland\"],\"inLanguage\":\"de\",\"potentialAction\":[{\"@type\":\"CommentAction\",\"name\":\"Comment\",\"target\":[\"https:\/\/now-news.de\/de\/deutschland\/baerbock-empathie-und-der-unwille-zu-verhandeln\/#respond\"]}]},{\"@type\":\"WebPage\",\"@id\":\"https:\/\/now-news.de\/de\/deutschland\/baerbock-empathie-und-der-unwille-zu-verhandeln\/\",\"url\":\"https:\/\/now-news.de\/de\/deutschland\/baerbock-empathie-und-der-unwille-zu-verhandeln\/\",\"name\":\"Baerbock, Empathie und der Unwille, zu verhandeln - just-now.NEWS Deutschland\",\"isPartOf\":{\"@id\":\"https:\/\/now-news.de\/de\/#website\"},\"primaryImageOfPage\":{\"@id\":\"https:\/\/now-news.de\/de\/deutschland\/baerbock-empathie-und-der-unwille-zu-verhandeln\/#primaryimage\"},\"image\":{\"@id\":\"https:\/\/now-news.de\/de\/deutschland\/baerbock-empathie-und-der-unwille-zu-verhandeln\/#primaryimage\"},\"thumbnailUrl\":\"https:\/\/now-news.de\/de\/wp-content\/uploads\/sites\/3\/2022\/08\/Baerbock-Empathie-und-der-Unwille-zu-verhandeln.jpg\",\"datePublished\":\"2022-08-26T16:21:03+00:00\",\"dateModified\":\"2022-08-26T16:21:03+00:00\",\"breadcrumb\":{\"@id\":\"https:\/\/now-news.de\/de\/deutschland\/baerbock-empathie-und-der-unwille-zu-verhandeln\/#breadcrumb\"},\"inLanguage\":\"de\",\"potentialAction\":[{\"@type\":\"ReadAction\",\"target\":[\"https:\/\/now-news.de\/de\/deutschland\/baerbock-empathie-und-der-unwille-zu-verhandeln\/\"]}]},{\"@type\":\"ImageObject\",\"inLanguage\":\"de\",\"@id\":\"https:\/\/now-news.de\/de\/deutschland\/baerbock-empathie-und-der-unwille-zu-verhandeln\/#primaryimage\",\"url\":\"https:\/\/now-news.de\/de\/wp-content\/uploads\/sites\/3\/2022\/08\/Baerbock-Empathie-und-der-Unwille-zu-verhandeln.jpg\",\"contentUrl\":\"https:\/\/now-news.de\/de\/wp-content\/uploads\/sites\/3\/2022\/08\/Baerbock-Empathie-und-der-Unwille-zu-verhandeln.jpg\",\"width\":460,\"height\":259,\"caption\":\"Baerbock, Empathie und der Unwille, zu verhandeln\"},{\"@type\":\"BreadcrumbList\",\"@id\":\"https:\/\/now-news.de\/de\/deutschland\/baerbock-empathie-und-der-unwille-zu-verhandeln\/#breadcrumb\",\"itemListElement\":[{\"@type\":\"ListItem\",\"position\":1,\"name\":\"Home\",\"item\":\"https:\/\/now-news.de\/de\/\"},{\"@type\":\"ListItem\",\"position\":2,\"name\":\"Baerbock, Empathie und der Unwille, zu verhandeln\"}]},{\"@type\":\"WebSite\",\"@id\":\"https:\/\/now-news.de\/de\/#website\",\"url\":\"https:\/\/now-news.de\/de\/\",\"name\":\"just-now.NEWS Deutschland\",\"description\":\"Das Portal f\u00fcr unzensierte Nachrichten aus der Welt\",\"publisher\":{\"@id\":\"https:\/\/now-news.de\/de\/#organization\"},\"potentialAction\":[{\"@type\":\"SearchAction\",\"target\":{\"@type\":\"EntryPoint\",\"urlTemplate\":\"https:\/\/now-news.de\/de\/?s={search_term_string}\"},\"query-input\":\"required name=search_term_string\"}],\"inLanguage\":\"de\"},{\"@type\":\"Organization\",\"@id\":\"https:\/\/now-news.de\/de\/#organization\",\"name\":\"Just Now News\",\"url\":\"https:\/\/now-news.de\/de\/\",\"logo\":{\"@type\":\"ImageObject\",\"inLanguage\":\"de\",\"@id\":\"https:\/\/now-news.de\/de\/#\/schema\/logo\/image\/\",\"url\":\"http:\/\/just-now.news\/de\/wp-content\/uploads\/sites\/3\/2022\/04\/logo500x500.jpg\",\"contentUrl\":\"http:\/\/just-now.news\/de\/wp-content\/uploads\/sites\/3\/2022\/04\/logo500x500.jpg\",\"width\":500,\"height\":500,\"caption\":\"Just Now News\"},\"image\":{\"@id\":\"https:\/\/now-news.de\/de\/#\/schema\/logo\/image\/\"},\"sameAs\":[\"https:\/\/www.facebook.com\/wirmachenauf\",\"https:\/\/x.com\/WirMachenAuf_de\"]},{\"@type\":\"Person\",\"@id\":\"https:\/\/now-news.de\/de\/#\/schema\/person\/fb534a4e865501d8b3285208df34a9b5\",\"name\":\"rtnews\",\"image\":{\"@type\":\"ImageObject\",\"inLanguage\":\"de\",\"@id\":\"https:\/\/now-news.de\/de\/#\/schema\/person\/image\/\",\"url\":\"https:\/\/secure.gravatar.com\/avatar\/82aafea7d8127119dd649515f56e2117?s=96&d=mm&r=g\",\"contentUrl\":\"https:\/\/secure.gravatar.com\/avatar\/82aafea7d8127119dd649515f56e2117?s=96&d=mm&r=g\",\"caption\":\"rtnews\"},\"url\":\"https:\/\/now-news.de\/de\/author\/rnews\/\"}]}<\/script>\n<!-- \/ Yoast SEO Premium plugin. -->","yoast_head_json":{"title":"Baerbock, Empathie und der Unwille, zu verhandeln - just-now.NEWS Deutschland","robots":{"index":"index","follow":"follow","max-snippet":"max-snippet:-1","max-image-preview":"max-image-preview:large","max-video-preview":"max-video-preview:-1"},"canonical":"https:\/\/now-news.de\/de\/deutschland\/baerbock-empathie-und-der-unwille-zu-verhandeln\/","og_locale":"de_DE","og_type":"article","og_title":"Baerbock, Empathie und der Unwille, zu verhandeln","og_description":"Von Dagmar Henn Schon mal ein Interview mit Bundesau\u00dfenministerin Annalena Baerbock ohne Ton betrachtet? Das ist sehr eigenartig. Abgesehen von einem gelegentlichen unterdr\u00fcckten Zucken in Richtung des bekannten Grinsens ein sehr emotionsloses Gesicht; Augenpartie und Stirn, die normalerweise kleine Regungen anzeigen, und sei es die Konzentration auf das Gesagte oder minimale Versuche, einen Kontakt zum [&hellip;]","og_url":"https:\/\/now-news.de\/de\/deutschland\/baerbock-empathie-und-der-unwille-zu-verhandeln\/","og_site_name":"just-now.NEWS Deutschland","article_publisher":"https:\/\/www.facebook.com\/wirmachenauf","article_published_time":"2022-08-26T16:21:03+00:00","og_image":[{"width":460,"height":259,"url":"https:\/\/now-news.de\/de\/wp-content\/uploads\/sites\/3\/2022\/08\/Baerbock-Empathie-und-der-Unwille-zu-verhandeln.jpg","type":"image\/jpeg"}],"author":"rtnews","twitter_card":"summary_large_image","twitter_creator":"@WirMachenAuf_de","twitter_site":"@WirMachenAuf_de","twitter_misc":{"Verfasst von":"rtnews","Gesch\u00e4tzte Lesezeit":"9\u00a0Minuten"},"schema":{"@context":"https:\/\/schema.org","@graph":[{"@type":"Article","@id":"https:\/\/now-news.de\/de\/deutschland\/baerbock-empathie-und-der-unwille-zu-verhandeln\/#article","isPartOf":{"@id":"https:\/\/now-news.de\/de\/deutschland\/baerbock-empathie-und-der-unwille-zu-verhandeln\/"},"author":{"name":"rtnews","@id":"https:\/\/now-news.de\/de\/#\/schema\/person\/fb534a4e865501d8b3285208df34a9b5"},"headline":"Baerbock, Empathie und der Unwille, zu verhandeln","datePublished":"2022-08-26T16:21:03+00:00","dateModified":"2022-08-26T16:21:03+00:00","mainEntityOfPage":{"@id":"https:\/\/now-news.de\/de\/deutschland\/baerbock-empathie-und-der-unwille-zu-verhandeln\/"},"wordCount":1883,"commentCount":0,"publisher":{"@id":"https:\/\/now-news.de\/de\/#organization"},"image":{"@id":"https:\/\/now-news.de\/de\/deutschland\/baerbock-empathie-und-der-unwille-zu-verhandeln\/#primaryimage"},"thumbnailUrl":"https:\/\/now-news.de\/de\/wp-content\/uploads\/sites\/3\/2022\/08\/Baerbock-Empathie-und-der-Unwille-zu-verhandeln.jpg","keywords":["Baerbock","der","Empathie","und","Unwille","verhandeln"],"articleSection":["Deutschland","Russland"],"inLanguage":"de","potentialAction":[{"@type":"CommentAction","name":"Comment","target":["https:\/\/now-news.de\/de\/deutschland\/baerbock-empathie-und-der-unwille-zu-verhandeln\/#respond"]}]},{"@type":"WebPage","@id":"https:\/\/now-news.de\/de\/deutschland\/baerbock-empathie-und-der-unwille-zu-verhandeln\/","url":"https:\/\/now-news.de\/de\/deutschland\/baerbock-empathie-und-der-unwille-zu-verhandeln\/","name":"Baerbock, Empathie und der Unwille, zu verhandeln - just-now.NEWS Deutschland","isPartOf":{"@id":"https:\/\/now-news.de\/de\/#website"},"primaryImageOfPage":{"@id":"https:\/\/now-news.de\/de\/deutschland\/baerbock-empathie-und-der-unwille-zu-verhandeln\/#primaryimage"},"image":{"@id":"https:\/\/now-news.de\/de\/deutschland\/baerbock-empathie-und-der-unwille-zu-verhandeln\/#primaryimage"},"thumbnailUrl":"https:\/\/now-news.de\/de\/wp-content\/uploads\/sites\/3\/2022\/08\/Baerbock-Empathie-und-der-Unwille-zu-verhandeln.jpg","datePublished":"2022-08-26T16:21:03+00:00","dateModified":"2022-08-26T16:21:03+00:00","breadcrumb":{"@id":"https:\/\/now-news.de\/de\/deutschland\/baerbock-empathie-und-der-unwille-zu-verhandeln\/#breadcrumb"},"inLanguage":"de","potentialAction":[{"@type":"ReadAction","target":["https:\/\/now-news.de\/de\/deutschland\/baerbock-empathie-und-der-unwille-zu-verhandeln\/"]}]},{"@type":"ImageObject","inLanguage":"de","@id":"https:\/\/now-news.de\/de\/deutschland\/baerbock-empathie-und-der-unwille-zu-verhandeln\/#primaryimage","url":"https:\/\/now-news.de\/de\/wp-content\/uploads\/sites\/3\/2022\/08\/Baerbock-Empathie-und-der-Unwille-zu-verhandeln.jpg","contentUrl":"https:\/\/now-news.de\/de\/wp-content\/uploads\/sites\/3\/2022\/08\/Baerbock-Empathie-und-der-Unwille-zu-verhandeln.jpg","width":460,"height":259,"caption":"Baerbock, Empathie und der Unwille, zu verhandeln"},{"@type":"BreadcrumbList","@id":"https:\/\/now-news.de\/de\/deutschland\/baerbock-empathie-und-der-unwille-zu-verhandeln\/#breadcrumb","itemListElement":[{"@type":"ListItem","position":1,"name":"Home","item":"https:\/\/now-news.de\/de\/"},{"@type":"ListItem","position":2,"name":"Baerbock, Empathie und der Unwille, zu verhandeln"}]},{"@type":"WebSite","@id":"https:\/\/now-news.de\/de\/#website","url":"https:\/\/now-news.de\/de\/","name":"just-now.NEWS Deutschland","description":"Das Portal f\u00fcr unzensierte Nachrichten aus der Welt","publisher":{"@id":"https:\/\/now-news.de\/de\/#organization"},"potentialAction":[{"@type":"SearchAction","target":{"@type":"EntryPoint","urlTemplate":"https:\/\/now-news.de\/de\/?s={search_term_string}"},"query-input":"required name=search_term_string"}],"inLanguage":"de"},{"@type":"Organization","@id":"https:\/\/now-news.de\/de\/#organization","name":"Just Now News","url":"https:\/\/now-news.de\/de\/","logo":{"@type":"ImageObject","inLanguage":"de","@id":"https:\/\/now-news.de\/de\/#\/schema\/logo\/image\/","url":"http:\/\/just-now.news\/de\/wp-content\/uploads\/sites\/3\/2022\/04\/logo500x500.jpg","contentUrl":"http:\/\/just-now.news\/de\/wp-content\/uploads\/sites\/3\/2022\/04\/logo500x500.jpg","width":500,"height":500,"caption":"Just Now News"},"image":{"@id":"https:\/\/now-news.de\/de\/#\/schema\/logo\/image\/"},"sameAs":["https:\/\/www.facebook.com\/wirmachenauf","https:\/\/x.com\/WirMachenAuf_de"]},{"@type":"Person","@id":"https:\/\/now-news.de\/de\/#\/schema\/person\/fb534a4e865501d8b3285208df34a9b5","name":"rtnews","image":{"@type":"ImageObject","inLanguage":"de","@id":"https:\/\/now-news.de\/de\/#\/schema\/person\/image\/","url":"https:\/\/secure.gravatar.com\/avatar\/82aafea7d8127119dd649515f56e2117?s=96&d=mm&r=g","contentUrl":"https:\/\/secure.gravatar.com\/avatar\/82aafea7d8127119dd649515f56e2117?s=96&d=mm&r=g","caption":"rtnews"},"url":"https:\/\/now-news.de\/de\/author\/rnews\/"}]}},"_links":{"self":[{"href":"https:\/\/now-news.de\/de\/wp-json\/wp\/v2\/posts\/17769"}],"collection":[{"href":"https:\/\/now-news.de\/de\/wp-json\/wp\/v2\/posts"}],"about":[{"href":"https:\/\/now-news.de\/de\/wp-json\/wp\/v2\/types\/post"}],"author":[{"embeddable":true,"href":"https:\/\/now-news.de\/de\/wp-json\/wp\/v2\/users\/3"}],"replies":[{"embeddable":true,"href":"https:\/\/now-news.de\/de\/wp-json\/wp\/v2\/comments?post=17769"}],"version-history":[{"count":0,"href":"https:\/\/now-news.de\/de\/wp-json\/wp\/v2\/posts\/17769\/revisions"}],"wp:featuredmedia":[{"embeddable":true,"href":"https:\/\/now-news.de\/de\/wp-json\/wp\/v2\/media\/17770"}],"wp:attachment":[{"href":"https:\/\/now-news.de\/de\/wp-json\/wp\/v2\/media?parent=17769"}],"wp:term":[{"taxonomy":"category","embeddable":true,"href":"https:\/\/now-news.de\/de\/wp-json\/wp\/v2\/categories?post=17769"},{"taxonomy":"post_tag","embeddable":true,"href":"https:\/\/now-news.de\/de\/wp-json\/wp\/v2\/tags?post=17769"}],"curies":[{"name":"wp","href":"https:\/\/api.w.org\/{rel}","templated":true}]}}