{"id":17760,"date":"2022-08-26T16:26:23","date_gmt":"2022-08-26T14:26:23","guid":{"rendered":"http:\/\/just-now.news\/de\/deutschland\/mord-an-dugina-die-westliche-zivilgesellschaft-schweigt\/"},"modified":"2022-08-26T16:26:23","modified_gmt":"2022-08-26T14:26:23","slug":"mord-an-dugina-die-westliche-zivilgesellschaft-schweigt","status":"publish","type":"post","link":"https:\/\/now-news.de\/de\/deutschland\/mord-an-dugina-die-westliche-zivilgesellschaft-schweigt\/","title":{"rendered":"Mord an Dugina \u2013 Die westliche Zivilgesellschaft schweigt"},"content":{"rendered":"<p><img decoding=\"async\" src=\"http:\/\/just-now.news\/de\/wp-content\/uploads\/sites\/3\/2022\/08\/6308848ab480cc06f2248cec.jpg\" \/><\/p>\n<div class=\"Text-root Text-type_1 \">\n                Die Zivilgesellschaft sei wichtig, betonen die westlichen Vertreter und verweisen auf ein Geflecht aus Dutzenden Nichtregierungsorganisationen, die unabh\u00e4ngig handeln k\u00f6nnten. Aber tun sie es? Verdammen sie, was sie verdammen m\u00fcssten, auch wenn ihre Regierung das nicht tut?\n            <\/div>\n<p><\/p>\n<div class=\"Text-root Text-type_5 ArticleView-text ViewText-root \">\n<p><em>Von Sergei Strokan<\/em><\/p>\n<p>Allem Anschein nach ein terroristischer Akt: die schockierende Ermordung von Darja Dugina in Moskau, einer der kl\u00fcgsten und begabtesten Vertreterinnen der ersten Generation, die im bereits unabh\u00e4ngigen Russland das Licht der Welt erblickte, die sich erhob und in der ganzen Welt von sich h\u00f6ren lie\u00df. Dieser Mord hat uns schockiert, doch kein Echo in den Zitadellen der globalen Demokratie hervorgerufen.<\/p>\n<p><a><\/a>Als w\u00e4re nichts geschehen.<\/p>\n<p>Selbstverst\u00e4ndlich w\u00e4re es t\u00f6richt zu erwarten, dass das State Department oder das Foreign Office pl\u00f6tzlich sein Bedauern oder seine Besorgnis zum Ausdruck bringen w\u00fcrde. Die Verstorbene stand auf Sanktionslisten und galt als eine der gr\u00f6\u00dften Feindinnen des Westens. Warum sollte man von diesem Mord, auch wenn es wie ein Terroranschlag aussieht, laut sprechen und ihn als Terroranschlag bezeichnen, wenn dein Feind get\u00f6tet wird?<\/p>\n<p>Besser ist es, zu schweigen. Ansonsten m\u00fcsste man n\u00e4mlich Fragen beantworten, die der Westen, der einen Krieg der Sanktionen f\u00fchrt und die Ukraine als Rammbock benutzt, nicht h\u00f6ren will.<\/p>\n<p>So oder so, aber im Gegensatz zur westlichen Beamtenschaft des State Department, des Wei\u00dfen Hauses, des Foreign Office und der Downing Street gibt es auch eine &#8220;westliche Zivilgesellschaft&#8221;. Das sind die Nichtregierungsorganisationen, die Menschenrechtsaktivisten, die im Schwei\u00dfe ihres Angesichts arbeiten und fast jeden Tag \u00fcber Morde, Verfolgung, Angriffe auf die Demokratie und die Unterdr\u00fcckung der Menschenrechte erst in Myanmar, dann in Afghanistan und schlie\u00dflich in Russland berichten. Wo denn sonst?<\/p>\n<p>Au\u00dferdem gibt es Expertengruppen, internationale Gewerkschaften von Journalisten und alle Arten von Weltpresseverb\u00e4nden.<\/p>\n<p>Ihre Vertreter positionieren sich seit jeher als Ritter der Demokratie, die ihre Mission als unersch\u00fctterliche H\u00fcter der demokratischen Ideale sehen. Sie zeigten stolz ihre Bereitschaft uns zu erkl\u00e4ren, dass es nicht immer notwendig ist, der Obrigkeit zu huldigen, und sie sind stolz auf das Recht, das ihnen nur eine reife Demokratie zugestehen kann.<\/p>\n<p>Doch kein autorit\u00e4res Regime k\u00f6nne\u00a0das tun, wo jeder gezwungen ist, der herrschenden Stimme zu folgen, wo jeder festgenagelt werden kann.<\/p>\n<p>Allerdings schweigen die internationalen Organisationen f\u00fcr Menschenrechte\u00a0\u2013 wie alle anderen auch.<\/p>\n<p>Vielleicht wird am Wochenende nicht gearbeitet?<\/p>\n<p>Obwohl, es ist offensichtlich, das Wochenende h\u00e4tte unterbrochen werden m\u00fcssen.<\/p>\n<p>Auf der anderen Seite ist das Schweigen ein Zeichen der Zustimmung.<\/p>\n<p>So scheint es, dass sie alle auf einmal die Distanz verloren haben, die es ihnen einst erlaubte, sich auf die Brust zu klopfen und \u00fcber die eigene Unabh\u00e4ngigkeit zu sprechen. Nach dem Beginn der milit\u00e4rischen Operation in der Ukraine genie\u00dft namentlich die Ukraine in ihren Augen die Unschuldsvermutung, w\u00e4hrend der Status des Schuldigen an allem Ungl\u00fcck Russland zuerkannt wurde. In diesem Zusammenhang wird das Geschehen in der Welt durch das Prisma dieses Ansatzes wahrgenommen.<\/p>\n<p>So wurde der Kampf f\u00fcr Demokratie und Menschenrechte zu einem Mechanismus und Instrument\u00a0zur Bek\u00e4mpfung Russlands. Es \u00fcberrascht nicht, dass die wenigen Ver\u00f6ffentlichungen \u00fcber die Trag\u00f6die in Moskau nicht den geringsten Wunsch erkennen lassen, das Geschehen zu verstehen. Daf\u00fcr aber fungiert das Etikett &#8220;Putins Propagandisten&#8221; und der Berater von Selenskij, Michail Podoljak, wird mit den Worten zitiert, die Ukraine habe damit absolut nichts zu tun.<\/p>\n<p>Schlie\u00dflich ist in der Darstellung von Michail Podoljak nicht die Ukraine, sondern Russland ein &#8220;terroristischer Staat&#8221;.<\/p>\n<p>Und im Westen gibt es niemanden, der dies hinterfragen w\u00fcrde. Die Explosion hat die Institutionen, die selbst\u00e4ndig h\u00e4tten denken m\u00fcssen, in St\u00fccke gerissen. Wom\u00f6glich stehen sie aber auch nur unter Schock. Vielleicht wachen sie auf, kommen zur Vernunft und brechen noch durch?<\/p>\n<p><em><strong>Sergej Strokan<\/strong>. Dichter, Journalist, Moderator von Talkshows in staatlichen Fernsehsendern. Er wurde in der Ukraine in der Stadt Nowomoskowsk in der Region Dnepropetrowsk geboren. Im Jahr 1982 schloss er sein Studium am Institut f\u00fcr Asien- und Afrikastudien der Staatlichen Universit\u00e4t Moskau als Orientalist-Philologe ab. Er arbeitete in der Asien-Abteilung der Russischen Akademie der Wissenschaften, dann als Sonderkorrespondent f\u00fcr die Wochenzeitung Moscow News und auch als Leiter der Abteilung f\u00fcr ausw\u00e4rtige Angelegenheiten der sozialen und politischen Zeitschrift Itogi. Derzeit ist er Kolumnist bei der Zeitung Kommersant.<\/em><em><\/em><\/p>\n<p><em>\u00dcbersetzt aus dem\u00a0<\/em><a rel=\"nofollow noopener\" target=\"_blank\" href=\"https:\/\/russian.rt.com\/opinion\/1040167-strokan-dugina-ubiistvo-zapad-pravozaschitniki\"><em>Russischen<\/em><\/a><em><\/em><\/p>\n<p><strong>Mehr zum Thema<\/strong> &#8211;\u00a0<a rel=\"nofollow noopener\" target=\"_blank\" href=\"https:\/\/pressefreiheit.rtde.tech\/meinung\/146795-rechtsnationalistisch-alexander-dugin-und-liberale\/\">Rechtsnationalistisch? Alexander Dugin und die liberale Gespr\u00e4chsverweigerung<\/a><em><\/em><\/p>\n<\/div>\n<p><br \/>\n<br \/><a href=\"https:\/\/de.rt.com\/meinung\/147140-mord-an-dugina-westliche-zivilgesellschaft\/\">Source link <\/a><\/p>\n","protected":false},"excerpt":{"rendered":"<p>Die Zivilgesellschaft sei wichtig, betonen die westlichen Vertreter und verweisen auf ein Geflecht aus Dutzenden Nichtregierungsorganisationen, die unabh\u00e4ngig handeln k\u00f6nnten. Aber tun sie es? Verdammen sie, was sie verdammen m\u00fcssten, auch wenn ihre Regierung das nicht tut? Von Sergei Strokan Allem Anschein nach ein terroristischer Akt: die schockierende Ermordung von Darja Dugina in Moskau, einer [&hellip;]<\/p>\n","protected":false},"author":3,"featured_media":17761,"comment_status":"open","ping_status":"open","sticky":false,"template":"","format":"standard","meta":{"wp_automatic_camp":["217"],"c31f5d16732b814930cb0ba4e1ecceb5":["Mord an Dugina \u2013 Die westliche Zivilgesellschaft schweigt"],"original_link":["https:\/\/de.rt.com\/meinung\/147140-mord-an-dugina-westliche-zivilgesellschaft\/"],"_thumbnail_id":["17761"],"_wptg_p2tg_sent2tg":["2022-08-26 16:35:39"],"jnews_social_counter_last_update":["1777366651"]},"categories":[19,23],"tags":[45,31386,1091,30962,740,31744],"yoast_head":"<!-- This site is optimized with the Yoast SEO Premium plugin v22.7 (Yoast SEO v22.7) - https:\/\/yoast.com\/wordpress\/plugins\/seo\/ -->\n<title>Mord an Dugina \u2013 Die westliche Zivilgesellschaft schweigt - just-now.NEWS Deutschland<\/title>\n<meta name=\"robots\" content=\"index, follow, max-snippet:-1, max-image-preview:large, max-video-preview:-1\" \/>\n<link rel=\"canonical\" href=\"https:\/\/now-news.de\/de\/deutschland\/mord-an-dugina-die-westliche-zivilgesellschaft-schweigt\/\" \/>\n<meta property=\"og:locale\" content=\"de_DE\" \/>\n<meta property=\"og:type\" content=\"article\" \/>\n<meta property=\"og:title\" content=\"Mord an Dugina \u2013 Die westliche Zivilgesellschaft schweigt\" \/>\n<meta property=\"og:description\" content=\"Die Zivilgesellschaft sei wichtig, betonen die westlichen Vertreter und verweisen auf ein Geflecht aus Dutzenden Nichtregierungsorganisationen, die unabh\u00e4ngig handeln k\u00f6nnten. Aber tun sie es? Verdammen sie, was sie verdammen m\u00fcssten, auch wenn ihre Regierung das nicht tut? Von Sergei Strokan Allem Anschein nach ein terroristischer Akt: die schockierende Ermordung von Darja Dugina in Moskau, einer [&hellip;]\" \/>\n<meta property=\"og:url\" content=\"https:\/\/now-news.de\/de\/deutschland\/mord-an-dugina-die-westliche-zivilgesellschaft-schweigt\/\" \/>\n<meta property=\"og:site_name\" content=\"just-now.NEWS Deutschland\" \/>\n<meta property=\"article:publisher\" content=\"https:\/\/www.facebook.com\/wirmachenauf\" \/>\n<meta property=\"article:published_time\" content=\"2022-08-26T14:26:23+00:00\" \/>\n<meta property=\"og:image\" content=\"https:\/\/now-news.de\/de\/wp-content\/uploads\/sites\/3\/2022\/08\/Mord-an-Dugina-\u2013-Die-westliche-Zivilgesellschaft-schweigt.jpg\" \/>\n\t<meta property=\"og:image:width\" content=\"460\" \/>\n\t<meta property=\"og:image:height\" content=\"259\" \/>\n\t<meta property=\"og:image:type\" content=\"image\/jpeg\" \/>\n<meta name=\"author\" content=\"rtnews\" \/>\n<meta name=\"twitter:card\" content=\"summary_large_image\" \/>\n<meta name=\"twitter:creator\" content=\"@WirMachenAuf_de\" \/>\n<meta name=\"twitter:site\" content=\"@WirMachenAuf_de\" \/>\n<meta name=\"twitter:label1\" content=\"Verfasst von\" \/>\n\t<meta name=\"twitter:data1\" content=\"rtnews\" \/>\n\t<meta name=\"twitter:label2\" content=\"Gesch\u00e4tzte Lesezeit\" \/>\n\t<meta name=\"twitter:data2\" content=\"4\u00a0Minuten\" \/>\n<script type=\"application\/ld+json\" class=\"yoast-schema-graph\">{\"@context\":\"https:\/\/schema.org\",\"@graph\":[{\"@type\":\"Article\",\"@id\":\"https:\/\/now-news.de\/de\/deutschland\/mord-an-dugina-die-westliche-zivilgesellschaft-schweigt\/#article\",\"isPartOf\":{\"@id\":\"https:\/\/now-news.de\/de\/deutschland\/mord-an-dugina-die-westliche-zivilgesellschaft-schweigt\/\"},\"author\":{\"name\":\"rtnews\",\"@id\":\"https:\/\/now-news.de\/de\/#\/schema\/person\/fb534a4e865501d8b3285208df34a9b5\"},\"headline\":\"Mord an Dugina \u2013 Die westliche Zivilgesellschaft schweigt\",\"datePublished\":\"2022-08-26T14:26:23+00:00\",\"dateModified\":\"2022-08-26T14:26:23+00:00\",\"mainEntityOfPage\":{\"@id\":\"https:\/\/now-news.de\/de\/deutschland\/mord-an-dugina-die-westliche-zivilgesellschaft-schweigt\/\"},\"wordCount\":752,\"commentCount\":0,\"publisher\":{\"@id\":\"https:\/\/now-news.de\/de\/#organization\"},\"image\":{\"@id\":\"https:\/\/now-news.de\/de\/deutschland\/mord-an-dugina-die-westliche-zivilgesellschaft-schweigt\/#primaryimage\"},\"thumbnailUrl\":\"https:\/\/now-news.de\/de\/wp-content\/uploads\/sites\/3\/2022\/08\/Mord-an-Dugina-\u2013-Die-westliche-Zivilgesellschaft-schweigt.jpg\",\"keywords\":[\"die\",\"Dugina\",\"Mord\",\"schweigt\",\"westliche\",\"Zivilgesellschaft\"],\"articleSection\":[\"Deutschland\",\"Russland\"],\"inLanguage\":\"de\",\"potentialAction\":[{\"@type\":\"CommentAction\",\"name\":\"Comment\",\"target\":[\"https:\/\/now-news.de\/de\/deutschland\/mord-an-dugina-die-westliche-zivilgesellschaft-schweigt\/#respond\"]}]},{\"@type\":\"WebPage\",\"@id\":\"https:\/\/now-news.de\/de\/deutschland\/mord-an-dugina-die-westliche-zivilgesellschaft-schweigt\/\",\"url\":\"https:\/\/now-news.de\/de\/deutschland\/mord-an-dugina-die-westliche-zivilgesellschaft-schweigt\/\",\"name\":\"Mord an Dugina \u2013 Die westliche Zivilgesellschaft schweigt - just-now.NEWS Deutschland\",\"isPartOf\":{\"@id\":\"https:\/\/now-news.de\/de\/#website\"},\"primaryImageOfPage\":{\"@id\":\"https:\/\/now-news.de\/de\/deutschland\/mord-an-dugina-die-westliche-zivilgesellschaft-schweigt\/#primaryimage\"},\"image\":{\"@id\":\"https:\/\/now-news.de\/de\/deutschland\/mord-an-dugina-die-westliche-zivilgesellschaft-schweigt\/#primaryimage\"},\"thumbnailUrl\":\"https:\/\/now-news.de\/de\/wp-content\/uploads\/sites\/3\/2022\/08\/Mord-an-Dugina-\u2013-Die-westliche-Zivilgesellschaft-schweigt.jpg\",\"datePublished\":\"2022-08-26T14:26:23+00:00\",\"dateModified\":\"2022-08-26T14:26:23+00:00\",\"breadcrumb\":{\"@id\":\"https:\/\/now-news.de\/de\/deutschland\/mord-an-dugina-die-westliche-zivilgesellschaft-schweigt\/#breadcrumb\"},\"inLanguage\":\"de\",\"potentialAction\":[{\"@type\":\"ReadAction\",\"target\":[\"https:\/\/now-news.de\/de\/deutschland\/mord-an-dugina-die-westliche-zivilgesellschaft-schweigt\/\"]}]},{\"@type\":\"ImageObject\",\"inLanguage\":\"de\",\"@id\":\"https:\/\/now-news.de\/de\/deutschland\/mord-an-dugina-die-westliche-zivilgesellschaft-schweigt\/#primaryimage\",\"url\":\"https:\/\/now-news.de\/de\/wp-content\/uploads\/sites\/3\/2022\/08\/Mord-an-Dugina-\u2013-Die-westliche-Zivilgesellschaft-schweigt.jpg\",\"contentUrl\":\"https:\/\/now-news.de\/de\/wp-content\/uploads\/sites\/3\/2022\/08\/Mord-an-Dugina-\u2013-Die-westliche-Zivilgesellschaft-schweigt.jpg\",\"width\":460,\"height\":259,\"caption\":\"Mord an Dugina \u2013 Die westliche Zivilgesellschaft schweigt\"},{\"@type\":\"BreadcrumbList\",\"@id\":\"https:\/\/now-news.de\/de\/deutschland\/mord-an-dugina-die-westliche-zivilgesellschaft-schweigt\/#breadcrumb\",\"itemListElement\":[{\"@type\":\"ListItem\",\"position\":1,\"name\":\"Home\",\"item\":\"https:\/\/now-news.de\/de\/\"},{\"@type\":\"ListItem\",\"position\":2,\"name\":\"Mord an Dugina \u2013 Die westliche Zivilgesellschaft schweigt\"}]},{\"@type\":\"WebSite\",\"@id\":\"https:\/\/now-news.de\/de\/#website\",\"url\":\"https:\/\/now-news.de\/de\/\",\"name\":\"just-now.NEWS Deutschland\",\"description\":\"Das Portal f\u00fcr unzensierte Nachrichten aus der Welt\",\"publisher\":{\"@id\":\"https:\/\/now-news.de\/de\/#organization\"},\"potentialAction\":[{\"@type\":\"SearchAction\",\"target\":{\"@type\":\"EntryPoint\",\"urlTemplate\":\"https:\/\/now-news.de\/de\/?s={search_term_string}\"},\"query-input\":\"required name=search_term_string\"}],\"inLanguage\":\"de\"},{\"@type\":\"Organization\",\"@id\":\"https:\/\/now-news.de\/de\/#organization\",\"name\":\"Just Now News\",\"url\":\"https:\/\/now-news.de\/de\/\",\"logo\":{\"@type\":\"ImageObject\",\"inLanguage\":\"de\",\"@id\":\"https:\/\/now-news.de\/de\/#\/schema\/logo\/image\/\",\"url\":\"http:\/\/just-now.news\/de\/wp-content\/uploads\/sites\/3\/2022\/04\/logo500x500.jpg\",\"contentUrl\":\"http:\/\/just-now.news\/de\/wp-content\/uploads\/sites\/3\/2022\/04\/logo500x500.jpg\",\"width\":500,\"height\":500,\"caption\":\"Just Now News\"},\"image\":{\"@id\":\"https:\/\/now-news.de\/de\/#\/schema\/logo\/image\/\"},\"sameAs\":[\"https:\/\/www.facebook.com\/wirmachenauf\",\"https:\/\/x.com\/WirMachenAuf_de\"]},{\"@type\":\"Person\",\"@id\":\"https:\/\/now-news.de\/de\/#\/schema\/person\/fb534a4e865501d8b3285208df34a9b5\",\"name\":\"rtnews\",\"image\":{\"@type\":\"ImageObject\",\"inLanguage\":\"de\",\"@id\":\"https:\/\/now-news.de\/de\/#\/schema\/person\/image\/\",\"url\":\"https:\/\/secure.gravatar.com\/avatar\/82aafea7d8127119dd649515f56e2117?s=96&d=mm&r=g\",\"contentUrl\":\"https:\/\/secure.gravatar.com\/avatar\/82aafea7d8127119dd649515f56e2117?s=96&d=mm&r=g\",\"caption\":\"rtnews\"},\"url\":\"https:\/\/now-news.de\/de\/author\/rnews\/\"}]}<\/script>\n<!-- \/ Yoast SEO Premium plugin. -->","yoast_head_json":{"title":"Mord an Dugina \u2013 Die westliche Zivilgesellschaft schweigt - just-now.NEWS Deutschland","robots":{"index":"index","follow":"follow","max-snippet":"max-snippet:-1","max-image-preview":"max-image-preview:large","max-video-preview":"max-video-preview:-1"},"canonical":"https:\/\/now-news.de\/de\/deutschland\/mord-an-dugina-die-westliche-zivilgesellschaft-schweigt\/","og_locale":"de_DE","og_type":"article","og_title":"Mord an Dugina \u2013 Die westliche Zivilgesellschaft schweigt","og_description":"Die Zivilgesellschaft sei wichtig, betonen die westlichen Vertreter und verweisen auf ein Geflecht aus Dutzenden Nichtregierungsorganisationen, die unabh\u00e4ngig handeln k\u00f6nnten. Aber tun sie es? Verdammen sie, was sie verdammen m\u00fcssten, auch wenn ihre Regierung das nicht tut? Von Sergei Strokan Allem Anschein nach ein terroristischer Akt: die schockierende Ermordung von Darja Dugina in Moskau, einer [&hellip;]","og_url":"https:\/\/now-news.de\/de\/deutschland\/mord-an-dugina-die-westliche-zivilgesellschaft-schweigt\/","og_site_name":"just-now.NEWS Deutschland","article_publisher":"https:\/\/www.facebook.com\/wirmachenauf","article_published_time":"2022-08-26T14:26:23+00:00","og_image":[{"width":460,"height":259,"url":"https:\/\/now-news.de\/de\/wp-content\/uploads\/sites\/3\/2022\/08\/Mord-an-Dugina-\u2013-Die-westliche-Zivilgesellschaft-schweigt.jpg","type":"image\/jpeg"}],"author":"rtnews","twitter_card":"summary_large_image","twitter_creator":"@WirMachenAuf_de","twitter_site":"@WirMachenAuf_de","twitter_misc":{"Verfasst von":"rtnews","Gesch\u00e4tzte Lesezeit":"4\u00a0Minuten"},"schema":{"@context":"https:\/\/schema.org","@graph":[{"@type":"Article","@id":"https:\/\/now-news.de\/de\/deutschland\/mord-an-dugina-die-westliche-zivilgesellschaft-schweigt\/#article","isPartOf":{"@id":"https:\/\/now-news.de\/de\/deutschland\/mord-an-dugina-die-westliche-zivilgesellschaft-schweigt\/"},"author":{"name":"rtnews","@id":"https:\/\/now-news.de\/de\/#\/schema\/person\/fb534a4e865501d8b3285208df34a9b5"},"headline":"Mord an Dugina \u2013 Die westliche Zivilgesellschaft schweigt","datePublished":"2022-08-26T14:26:23+00:00","dateModified":"2022-08-26T14:26:23+00:00","mainEntityOfPage":{"@id":"https:\/\/now-news.de\/de\/deutschland\/mord-an-dugina-die-westliche-zivilgesellschaft-schweigt\/"},"wordCount":752,"commentCount":0,"publisher":{"@id":"https:\/\/now-news.de\/de\/#organization"},"image":{"@id":"https:\/\/now-news.de\/de\/deutschland\/mord-an-dugina-die-westliche-zivilgesellschaft-schweigt\/#primaryimage"},"thumbnailUrl":"https:\/\/now-news.de\/de\/wp-content\/uploads\/sites\/3\/2022\/08\/Mord-an-Dugina-\u2013-Die-westliche-Zivilgesellschaft-schweigt.jpg","keywords":["die","Dugina","Mord","schweigt","westliche","Zivilgesellschaft"],"articleSection":["Deutschland","Russland"],"inLanguage":"de","potentialAction":[{"@type":"CommentAction","name":"Comment","target":["https:\/\/now-news.de\/de\/deutschland\/mord-an-dugina-die-westliche-zivilgesellschaft-schweigt\/#respond"]}]},{"@type":"WebPage","@id":"https:\/\/now-news.de\/de\/deutschland\/mord-an-dugina-die-westliche-zivilgesellschaft-schweigt\/","url":"https:\/\/now-news.de\/de\/deutschland\/mord-an-dugina-die-westliche-zivilgesellschaft-schweigt\/","name":"Mord an Dugina \u2013 Die westliche Zivilgesellschaft schweigt - just-now.NEWS Deutschland","isPartOf":{"@id":"https:\/\/now-news.de\/de\/#website"},"primaryImageOfPage":{"@id":"https:\/\/now-news.de\/de\/deutschland\/mord-an-dugina-die-westliche-zivilgesellschaft-schweigt\/#primaryimage"},"image":{"@id":"https:\/\/now-news.de\/de\/deutschland\/mord-an-dugina-die-westliche-zivilgesellschaft-schweigt\/#primaryimage"},"thumbnailUrl":"https:\/\/now-news.de\/de\/wp-content\/uploads\/sites\/3\/2022\/08\/Mord-an-Dugina-\u2013-Die-westliche-Zivilgesellschaft-schweigt.jpg","datePublished":"2022-08-26T14:26:23+00:00","dateModified":"2022-08-26T14:26:23+00:00","breadcrumb":{"@id":"https:\/\/now-news.de\/de\/deutschland\/mord-an-dugina-die-westliche-zivilgesellschaft-schweigt\/#breadcrumb"},"inLanguage":"de","potentialAction":[{"@type":"ReadAction","target":["https:\/\/now-news.de\/de\/deutschland\/mord-an-dugina-die-westliche-zivilgesellschaft-schweigt\/"]}]},{"@type":"ImageObject","inLanguage":"de","@id":"https:\/\/now-news.de\/de\/deutschland\/mord-an-dugina-die-westliche-zivilgesellschaft-schweigt\/#primaryimage","url":"https:\/\/now-news.de\/de\/wp-content\/uploads\/sites\/3\/2022\/08\/Mord-an-Dugina-\u2013-Die-westliche-Zivilgesellschaft-schweigt.jpg","contentUrl":"https:\/\/now-news.de\/de\/wp-content\/uploads\/sites\/3\/2022\/08\/Mord-an-Dugina-\u2013-Die-westliche-Zivilgesellschaft-schweigt.jpg","width":460,"height":259,"caption":"Mord an Dugina \u2013 Die westliche Zivilgesellschaft schweigt"},{"@type":"BreadcrumbList","@id":"https:\/\/now-news.de\/de\/deutschland\/mord-an-dugina-die-westliche-zivilgesellschaft-schweigt\/#breadcrumb","itemListElement":[{"@type":"ListItem","position":1,"name":"Home","item":"https:\/\/now-news.de\/de\/"},{"@type":"ListItem","position":2,"name":"Mord an Dugina \u2013 Die westliche Zivilgesellschaft schweigt"}]},{"@type":"WebSite","@id":"https:\/\/now-news.de\/de\/#website","url":"https:\/\/now-news.de\/de\/","name":"just-now.NEWS Deutschland","description":"Das Portal f\u00fcr unzensierte Nachrichten aus der Welt","publisher":{"@id":"https:\/\/now-news.de\/de\/#organization"},"potentialAction":[{"@type":"SearchAction","target":{"@type":"EntryPoint","urlTemplate":"https:\/\/now-news.de\/de\/?s={search_term_string}"},"query-input":"required name=search_term_string"}],"inLanguage":"de"},{"@type":"Organization","@id":"https:\/\/now-news.de\/de\/#organization","name":"Just Now News","url":"https:\/\/now-news.de\/de\/","logo":{"@type":"ImageObject","inLanguage":"de","@id":"https:\/\/now-news.de\/de\/#\/schema\/logo\/image\/","url":"http:\/\/just-now.news\/de\/wp-content\/uploads\/sites\/3\/2022\/04\/logo500x500.jpg","contentUrl":"http:\/\/just-now.news\/de\/wp-content\/uploads\/sites\/3\/2022\/04\/logo500x500.jpg","width":500,"height":500,"caption":"Just Now News"},"image":{"@id":"https:\/\/now-news.de\/de\/#\/schema\/logo\/image\/"},"sameAs":["https:\/\/www.facebook.com\/wirmachenauf","https:\/\/x.com\/WirMachenAuf_de"]},{"@type":"Person","@id":"https:\/\/now-news.de\/de\/#\/schema\/person\/fb534a4e865501d8b3285208df34a9b5","name":"rtnews","image":{"@type":"ImageObject","inLanguage":"de","@id":"https:\/\/now-news.de\/de\/#\/schema\/person\/image\/","url":"https:\/\/secure.gravatar.com\/avatar\/82aafea7d8127119dd649515f56e2117?s=96&d=mm&r=g","contentUrl":"https:\/\/secure.gravatar.com\/avatar\/82aafea7d8127119dd649515f56e2117?s=96&d=mm&r=g","caption":"rtnews"},"url":"https:\/\/now-news.de\/de\/author\/rnews\/"}]}},"_links":{"self":[{"href":"https:\/\/now-news.de\/de\/wp-json\/wp\/v2\/posts\/17760"}],"collection":[{"href":"https:\/\/now-news.de\/de\/wp-json\/wp\/v2\/posts"}],"about":[{"href":"https:\/\/now-news.de\/de\/wp-json\/wp\/v2\/types\/post"}],"author":[{"embeddable":true,"href":"https:\/\/now-news.de\/de\/wp-json\/wp\/v2\/users\/3"}],"replies":[{"embeddable":true,"href":"https:\/\/now-news.de\/de\/wp-json\/wp\/v2\/comments?post=17760"}],"version-history":[{"count":0,"href":"https:\/\/now-news.de\/de\/wp-json\/wp\/v2\/posts\/17760\/revisions"}],"wp:featuredmedia":[{"embeddable":true,"href":"https:\/\/now-news.de\/de\/wp-json\/wp\/v2\/media\/17761"}],"wp:attachment":[{"href":"https:\/\/now-news.de\/de\/wp-json\/wp\/v2\/media?parent=17760"}],"wp:term":[{"taxonomy":"category","embeddable":true,"href":"https:\/\/now-news.de\/de\/wp-json\/wp\/v2\/categories?post=17760"},{"taxonomy":"post_tag","embeddable":true,"href":"https:\/\/now-news.de\/de\/wp-json\/wp\/v2\/tags?post=17760"}],"curies":[{"name":"wp","href":"https:\/\/api.w.org\/{rel}","templated":true}]}}