{"id":17738,"date":"2022-08-26T07:34:17","date_gmt":"2022-08-26T05:34:17","guid":{"rendered":"http:\/\/just-now.news\/de\/deutschland\/who-plant-umbenennung-der-affenpocken-diskriminierung-und-stigmatisierung-ausschliessen\/"},"modified":"2022-08-26T07:34:17","modified_gmt":"2022-08-26T05:34:17","slug":"who-plant-umbenennung-der-affenpocken-diskriminierung-und-stigmatisierung-ausschliessen","status":"publish","type":"post","link":"https:\/\/now-news.de\/de\/deutschland\/who-plant-umbenennung-der-affenpocken-diskriminierung-und-stigmatisierung-ausschliessen\/","title":{"rendered":"WHO plant Umbenennung der Affenpocken \u2013 Diskriminierung und Stigmatisierung ausschlie\u00dfen"},"content":{"rendered":"<p><img decoding=\"async\" src=\"http:\/\/just-now.news\/de\/wp-content\/uploads\/sites\/3\/2022\/08\/6308541bb480cc78970ef9a4.jpg\" \/><\/p>\n<div class=\"Text-root Text-type_1 \">\n                Die Weltgesundheitsorganisation plant eine Umbenennung der Infektionskrankheit. Die Bezeichnung Affenpocken k\u00f6nnte als verletzend empfunden werden. Die angedachte neue Bezeichnung nach dem Schema &#8220;Clade&#8221; erinnert an zahlreiche Planspiele der vergangenen Jahrzehnte.\n            <\/div>\n<p><\/p>\n<div class=\"Text-root Text-type_5 ArticleView-text ViewText-root \">\n<p>Wie der M\u00fcnchner <em>Merkur<\/em> k\u00fcrzlich <a rel=\"nofollow noopener\" target=\"_blank\" href=\"https:\/\/www.merkur.de\/welt\/affenpocken-who-umbenennung-name-klade-virus-krankheit-afrika-deutschland-news-zr-91736154.html\">berichtete<\/a>, treibt die Weltgesundheitsorganisation (WHO) die Umbenennung der Affenpocken voran. Die seit dem Fr\u00fchjahr 2022 nahezu auf allen Kontinenten festgestellten Affenpocken-Viren und die durch sie verursachte Krankheit sollen umbenannt werden. Als Grundlage f\u00fcr die neue Bezeichnung solle ein Fachbegriff aus der Biologie herhalten, die <a rel=\"nofollow noopener\" target=\"_blank\" href=\"https:\/\/de.wikipedia.org\/wiki\/Klade\">Klade<\/a> (englisch: clade). Darunter verstehe man &#8220;eine systematische Einheit verstanden, die den letzten Vorfahren und alle seine Nachfahren enth\u00e4lt.&#8221; Die Umbenennung sei aus Sicht der WHO erforderlich, um die Gelegenheit zur Diskriminierung oder Stigmatisierung aufgrund eines Begriffs und m\u00f6glicher geographischer, kultureller oder anderer Assoziationen zu erschweren.<\/p>\n<p>Was die Affenpocken betreffe, werde nun die sogenannte Klade I die Variante aus dem Kongobecken beziehungsweise Zentralafrika bezeichnen, die Klade II die westafrikanische Variante. Die Kladen werden durch r\u00f6mische Ziffern unterschieden, Subtypen mit angeh\u00e4ngten lateinischen Kleinbuchstaben bezeichnet. In Deutschland sei die Variante Klade IIb verbreitet. Vorschl\u00e4ge zur k\u00fcnftigen Benennung der bisher als Affenpocken bekannten Krankheit k\u00f6nnen bei der WHO eingereicht werden.<\/p>\n<p><strong>&#8220;Clade X&#8221;<\/strong><\/p>\n<p>Als im Fr\u00fchjahr 2022 die ersten Affenpocken-Infektionen <a rel=\"nofollow noopener\" target=\"_blank\" href=\"https:\/\/pressefreiheit.rtde.tech\/international\/139206-affenpocken-wunder-natur-oder-umsetzung\/\">festgestellt<\/a> wurden, kam heraus, dass die Gesundheitsminister der G7-Staaten ein Planspiel mit Leopard-Pocken durchf\u00fchrten, um eine neue Pandemie zu simulieren. In diesem Zusammenhang f\u00e4llt auf, dass vorhergehende Planspiele, die bis zum Beginn der Corona-Krise durchgef\u00fchrt wurden, unter anderem auch eine Simulation unter dem Titel &#8220;Clade X&#8221; beinhalteten. Diese \u00dcbung fand 2018 statt, nach den fr\u00fcheren Planspielen &#8220;Dark Winter&#8221; (2001), &#8220;Global Mercury&#8221; (2003) und &#8220;Atlantic Storm&#8221; (2005).\u00a0 Das letzte Planspiel dieser Reihe vor dem Auftreten von COVID-19 war &#8220;Event 201&#8221; im Oktober 2019.<\/p>\n<p><strong>Mehr zum Thema<\/strong> &#8211; <a rel=\"nofollow noopener\" target=\"_blank\" href=\"https:\/\/pressefreiheit.rtde.tech\/meinung\/138854-affenpocken-sind-real-todliche-leopard\/\">Nach Affenpocken ein Planspiel mit Leopard-Pocken \u2013 G7-Gesundheitsminister simulieren neue Pandemie<\/a><\/p>\n<p>(rt\/dpa)<\/p>\n<\/div>\n<p><br \/>\n<br \/><a href=\"https:\/\/de.rt.com\/international\/147105-who-plant-umbenennung-affenpocken\/\">Source link <\/a><\/p>\n","protected":false},"excerpt":{"rendered":"<p>Die Weltgesundheitsorganisation plant eine Umbenennung der Infektionskrankheit. Die Bezeichnung Affenpocken k\u00f6nnte als verletzend empfunden werden. Die angedachte neue Bezeichnung nach dem Schema &#8220;Clade&#8221; erinnert an zahlreiche Planspiele der vergangenen Jahrzehnte. Wie der M\u00fcnchner Merkur k\u00fcrzlich berichtete, treibt die Weltgesundheitsorganisation (WHO) die Umbenennung der Affenpocken voran. Die seit dem Fr\u00fchjahr 2022 nahezu auf allen Kontinenten festgestellten [&hellip;]<\/p>\n","protected":false},"author":3,"featured_media":17739,"comment_status":"open","ping_status":"open","sticky":false,"template":"","format":"standard","meta":{"wp_automatic_camp":["217"],"e1e83c09d55a074683a24a4b6574bee1":["WHO plant Umbenennung der Affenpocken \u2013 Diskriminierung und Stigmatisierung ausschlie\u00dfen"],"original_link":["https:\/\/de.rt.com\/international\/147105-who-plant-umbenennung-affenpocken\/"],"_thumbnail_id":["17739"],"_wptg_p2tg_sent2tg":["2022-08-26 07:44:37"],"jnews_social_counter_last_update":["1777601055"]},"categories":[19,23],"tags":[20810,29013,82,22188,2559,31722,31721,140],"yoast_head":"<!-- This site is optimized with the Yoast SEO Premium plugin v22.7 (Yoast SEO v22.7) - https:\/\/yoast.com\/wordpress\/plugins\/seo\/ -->\n<title>WHO plant Umbenennung der Affenpocken \u2013 Diskriminierung und Stigmatisierung ausschlie\u00dfen - just-now.NEWS Deutschland<\/title>\n<meta name=\"robots\" content=\"index, follow, max-snippet:-1, max-image-preview:large, max-video-preview:-1\" \/>\n<link rel=\"canonical\" href=\"https:\/\/now-news.de\/de\/deutschland\/who-plant-umbenennung-der-affenpocken-diskriminierung-und-stigmatisierung-ausschliessen\/\" \/>\n<meta property=\"og:locale\" content=\"de_DE\" \/>\n<meta property=\"og:type\" content=\"article\" \/>\n<meta property=\"og:title\" content=\"WHO plant Umbenennung der Affenpocken \u2013 Diskriminierung und Stigmatisierung ausschlie\u00dfen\" \/>\n<meta property=\"og:description\" content=\"Die Weltgesundheitsorganisation plant eine Umbenennung der Infektionskrankheit. Die Bezeichnung Affenpocken k\u00f6nnte als verletzend empfunden werden. Die angedachte neue Bezeichnung nach dem Schema &#8220;Clade&#8221; erinnert an zahlreiche Planspiele der vergangenen Jahrzehnte. Wie der M\u00fcnchner Merkur k\u00fcrzlich berichtete, treibt die Weltgesundheitsorganisation (WHO) die Umbenennung der Affenpocken voran. Die seit dem Fr\u00fchjahr 2022 nahezu auf allen Kontinenten festgestellten [&hellip;]\" \/>\n<meta property=\"og:url\" content=\"https:\/\/now-news.de\/de\/deutschland\/who-plant-umbenennung-der-affenpocken-diskriminierung-und-stigmatisierung-ausschliessen\/\" \/>\n<meta property=\"og:site_name\" content=\"just-now.NEWS Deutschland\" \/>\n<meta property=\"article:publisher\" content=\"https:\/\/www.facebook.com\/wirmachenauf\" \/>\n<meta property=\"article:published_time\" content=\"2022-08-26T05:34:17+00:00\" \/>\n<meta property=\"og:image\" content=\"https:\/\/now-news.de\/de\/wp-content\/uploads\/sites\/3\/2022\/08\/WHO-plant-Umbenennung-der-Affenpocken-\u2013-Diskriminierung-und-Stigmatisierung-ausschliessen.jpg\" \/>\n\t<meta property=\"og:image:width\" content=\"460\" \/>\n\t<meta property=\"og:image:height\" content=\"259\" \/>\n\t<meta property=\"og:image:type\" content=\"image\/jpeg\" \/>\n<meta name=\"author\" content=\"rtnews\" \/>\n<meta name=\"twitter:card\" content=\"summary_large_image\" \/>\n<meta name=\"twitter:creator\" content=\"@WirMachenAuf_de\" \/>\n<meta name=\"twitter:site\" content=\"@WirMachenAuf_de\" \/>\n<meta name=\"twitter:label1\" content=\"Verfasst von\" \/>\n\t<meta name=\"twitter:data1\" content=\"rtnews\" \/>\n\t<meta name=\"twitter:label2\" content=\"Gesch\u00e4tzte Lesezeit\" \/>\n\t<meta name=\"twitter:data2\" content=\"2\u00a0Minuten\" \/>\n<script type=\"application\/ld+json\" class=\"yoast-schema-graph\">{\"@context\":\"https:\/\/schema.org\",\"@graph\":[{\"@type\":\"Article\",\"@id\":\"https:\/\/now-news.de\/de\/deutschland\/who-plant-umbenennung-der-affenpocken-diskriminierung-und-stigmatisierung-ausschliessen\/#article\",\"isPartOf\":{\"@id\":\"https:\/\/now-news.de\/de\/deutschland\/who-plant-umbenennung-der-affenpocken-diskriminierung-und-stigmatisierung-ausschliessen\/\"},\"author\":{\"name\":\"rtnews\",\"@id\":\"https:\/\/now-news.de\/de\/#\/schema\/person\/fb534a4e865501d8b3285208df34a9b5\"},\"headline\":\"WHO plant Umbenennung der Affenpocken \u2013 Diskriminierung und Stigmatisierung ausschlie\u00dfen\",\"datePublished\":\"2022-08-26T05:34:17+00:00\",\"dateModified\":\"2022-08-26T05:34:17+00:00\",\"mainEntityOfPage\":{\"@id\":\"https:\/\/now-news.de\/de\/deutschland\/who-plant-umbenennung-der-affenpocken-diskriminierung-und-stigmatisierung-ausschliessen\/\"},\"wordCount\":317,\"commentCount\":0,\"publisher\":{\"@id\":\"https:\/\/now-news.de\/de\/#organization\"},\"image\":{\"@id\":\"https:\/\/now-news.de\/de\/deutschland\/who-plant-umbenennung-der-affenpocken-diskriminierung-und-stigmatisierung-ausschliessen\/#primaryimage\"},\"thumbnailUrl\":\"https:\/\/now-news.de\/de\/wp-content\/uploads\/sites\/3\/2022\/08\/WHO-plant-Umbenennung-der-Affenpocken-\u2013-Diskriminierung-und-Stigmatisierung-ausschliessen.jpg\",\"keywords\":[\"Affenpocken\",\"ausschlie\u00dfen\",\"der\",\"Diskriminierung\",\"plant\",\"Stigmatisierung\",\"Umbenennung\",\"und\"],\"articleSection\":[\"Deutschland\",\"Russland\"],\"inLanguage\":\"de\",\"potentialAction\":[{\"@type\":\"CommentAction\",\"name\":\"Comment\",\"target\":[\"https:\/\/now-news.de\/de\/deutschland\/who-plant-umbenennung-der-affenpocken-diskriminierung-und-stigmatisierung-ausschliessen\/#respond\"]}]},{\"@type\":\"WebPage\",\"@id\":\"https:\/\/now-news.de\/de\/deutschland\/who-plant-umbenennung-der-affenpocken-diskriminierung-und-stigmatisierung-ausschliessen\/\",\"url\":\"https:\/\/now-news.de\/de\/deutschland\/who-plant-umbenennung-der-affenpocken-diskriminierung-und-stigmatisierung-ausschliessen\/\",\"name\":\"WHO plant Umbenennung der Affenpocken \u2013 Diskriminierung und Stigmatisierung ausschlie\u00dfen - just-now.NEWS Deutschland\",\"isPartOf\":{\"@id\":\"https:\/\/now-news.de\/de\/#website\"},\"primaryImageOfPage\":{\"@id\":\"https:\/\/now-news.de\/de\/deutschland\/who-plant-umbenennung-der-affenpocken-diskriminierung-und-stigmatisierung-ausschliessen\/#primaryimage\"},\"image\":{\"@id\":\"https:\/\/now-news.de\/de\/deutschland\/who-plant-umbenennung-der-affenpocken-diskriminierung-und-stigmatisierung-ausschliessen\/#primaryimage\"},\"thumbnailUrl\":\"https:\/\/now-news.de\/de\/wp-content\/uploads\/sites\/3\/2022\/08\/WHO-plant-Umbenennung-der-Affenpocken-\u2013-Diskriminierung-und-Stigmatisierung-ausschliessen.jpg\",\"datePublished\":\"2022-08-26T05:34:17+00:00\",\"dateModified\":\"2022-08-26T05:34:17+00:00\",\"breadcrumb\":{\"@id\":\"https:\/\/now-news.de\/de\/deutschland\/who-plant-umbenennung-der-affenpocken-diskriminierung-und-stigmatisierung-ausschliessen\/#breadcrumb\"},\"inLanguage\":\"de\",\"potentialAction\":[{\"@type\":\"ReadAction\",\"target\":[\"https:\/\/now-news.de\/de\/deutschland\/who-plant-umbenennung-der-affenpocken-diskriminierung-und-stigmatisierung-ausschliessen\/\"]}]},{\"@type\":\"ImageObject\",\"inLanguage\":\"de\",\"@id\":\"https:\/\/now-news.de\/de\/deutschland\/who-plant-umbenennung-der-affenpocken-diskriminierung-und-stigmatisierung-ausschliessen\/#primaryimage\",\"url\":\"https:\/\/now-news.de\/de\/wp-content\/uploads\/sites\/3\/2022\/08\/WHO-plant-Umbenennung-der-Affenpocken-\u2013-Diskriminierung-und-Stigmatisierung-ausschliessen.jpg\",\"contentUrl\":\"https:\/\/now-news.de\/de\/wp-content\/uploads\/sites\/3\/2022\/08\/WHO-plant-Umbenennung-der-Affenpocken-\u2013-Diskriminierung-und-Stigmatisierung-ausschliessen.jpg\",\"width\":460,\"height\":259,\"caption\":\"WHO plant Umbenennung der Affenpocken \u2013 Diskriminierung und Stigmatisierung ausschlie\u00dfen\"},{\"@type\":\"BreadcrumbList\",\"@id\":\"https:\/\/now-news.de\/de\/deutschland\/who-plant-umbenennung-der-affenpocken-diskriminierung-und-stigmatisierung-ausschliessen\/#breadcrumb\",\"itemListElement\":[{\"@type\":\"ListItem\",\"position\":1,\"name\":\"Home\",\"item\":\"https:\/\/now-news.de\/de\/\"},{\"@type\":\"ListItem\",\"position\":2,\"name\":\"WHO plant Umbenennung der Affenpocken \u2013 Diskriminierung und Stigmatisierung ausschlie\u00dfen\"}]},{\"@type\":\"WebSite\",\"@id\":\"https:\/\/now-news.de\/de\/#website\",\"url\":\"https:\/\/now-news.de\/de\/\",\"name\":\"just-now.NEWS Deutschland\",\"description\":\"Das Portal f\u00fcr unzensierte Nachrichten aus der Welt\",\"publisher\":{\"@id\":\"https:\/\/now-news.de\/de\/#organization\"},\"potentialAction\":[{\"@type\":\"SearchAction\",\"target\":{\"@type\":\"EntryPoint\",\"urlTemplate\":\"https:\/\/now-news.de\/de\/?s={search_term_string}\"},\"query-input\":\"required name=search_term_string\"}],\"inLanguage\":\"de\"},{\"@type\":\"Organization\",\"@id\":\"https:\/\/now-news.de\/de\/#organization\",\"name\":\"Just Now News\",\"url\":\"https:\/\/now-news.de\/de\/\",\"logo\":{\"@type\":\"ImageObject\",\"inLanguage\":\"de\",\"@id\":\"https:\/\/now-news.de\/de\/#\/schema\/logo\/image\/\",\"url\":\"http:\/\/just-now.news\/de\/wp-content\/uploads\/sites\/3\/2022\/04\/logo500x500.jpg\",\"contentUrl\":\"http:\/\/just-now.news\/de\/wp-content\/uploads\/sites\/3\/2022\/04\/logo500x500.jpg\",\"width\":500,\"height\":500,\"caption\":\"Just Now News\"},\"image\":{\"@id\":\"https:\/\/now-news.de\/de\/#\/schema\/logo\/image\/\"},\"sameAs\":[\"https:\/\/www.facebook.com\/wirmachenauf\",\"https:\/\/x.com\/WirMachenAuf_de\"]},{\"@type\":\"Person\",\"@id\":\"https:\/\/now-news.de\/de\/#\/schema\/person\/fb534a4e865501d8b3285208df34a9b5\",\"name\":\"rtnews\",\"image\":{\"@type\":\"ImageObject\",\"inLanguage\":\"de\",\"@id\":\"https:\/\/now-news.de\/de\/#\/schema\/person\/image\/\",\"url\":\"https:\/\/secure.gravatar.com\/avatar\/82aafea7d8127119dd649515f56e2117?s=96&d=mm&r=g\",\"contentUrl\":\"https:\/\/secure.gravatar.com\/avatar\/82aafea7d8127119dd649515f56e2117?s=96&d=mm&r=g\",\"caption\":\"rtnews\"},\"url\":\"https:\/\/now-news.de\/de\/author\/rnews\/\"}]}<\/script>\n<!-- \/ Yoast SEO Premium plugin. -->","yoast_head_json":{"title":"WHO plant Umbenennung der Affenpocken \u2013 Diskriminierung und Stigmatisierung ausschlie\u00dfen - just-now.NEWS Deutschland","robots":{"index":"index","follow":"follow","max-snippet":"max-snippet:-1","max-image-preview":"max-image-preview:large","max-video-preview":"max-video-preview:-1"},"canonical":"https:\/\/now-news.de\/de\/deutschland\/who-plant-umbenennung-der-affenpocken-diskriminierung-und-stigmatisierung-ausschliessen\/","og_locale":"de_DE","og_type":"article","og_title":"WHO plant Umbenennung der Affenpocken \u2013 Diskriminierung und Stigmatisierung ausschlie\u00dfen","og_description":"Die Weltgesundheitsorganisation plant eine Umbenennung der Infektionskrankheit. Die Bezeichnung Affenpocken k\u00f6nnte als verletzend empfunden werden. Die angedachte neue Bezeichnung nach dem Schema &#8220;Clade&#8221; erinnert an zahlreiche Planspiele der vergangenen Jahrzehnte. Wie der M\u00fcnchner Merkur k\u00fcrzlich berichtete, treibt die Weltgesundheitsorganisation (WHO) die Umbenennung der Affenpocken voran. Die seit dem Fr\u00fchjahr 2022 nahezu auf allen Kontinenten festgestellten [&hellip;]","og_url":"https:\/\/now-news.de\/de\/deutschland\/who-plant-umbenennung-der-affenpocken-diskriminierung-und-stigmatisierung-ausschliessen\/","og_site_name":"just-now.NEWS Deutschland","article_publisher":"https:\/\/www.facebook.com\/wirmachenauf","article_published_time":"2022-08-26T05:34:17+00:00","og_image":[{"width":460,"height":259,"url":"https:\/\/now-news.de\/de\/wp-content\/uploads\/sites\/3\/2022\/08\/WHO-plant-Umbenennung-der-Affenpocken-\u2013-Diskriminierung-und-Stigmatisierung-ausschliessen.jpg","type":"image\/jpeg"}],"author":"rtnews","twitter_card":"summary_large_image","twitter_creator":"@WirMachenAuf_de","twitter_site":"@WirMachenAuf_de","twitter_misc":{"Verfasst von":"rtnews","Gesch\u00e4tzte Lesezeit":"2\u00a0Minuten"},"schema":{"@context":"https:\/\/schema.org","@graph":[{"@type":"Article","@id":"https:\/\/now-news.de\/de\/deutschland\/who-plant-umbenennung-der-affenpocken-diskriminierung-und-stigmatisierung-ausschliessen\/#article","isPartOf":{"@id":"https:\/\/now-news.de\/de\/deutschland\/who-plant-umbenennung-der-affenpocken-diskriminierung-und-stigmatisierung-ausschliessen\/"},"author":{"name":"rtnews","@id":"https:\/\/now-news.de\/de\/#\/schema\/person\/fb534a4e865501d8b3285208df34a9b5"},"headline":"WHO plant Umbenennung der Affenpocken \u2013 Diskriminierung und Stigmatisierung ausschlie\u00dfen","datePublished":"2022-08-26T05:34:17+00:00","dateModified":"2022-08-26T05:34:17+00:00","mainEntityOfPage":{"@id":"https:\/\/now-news.de\/de\/deutschland\/who-plant-umbenennung-der-affenpocken-diskriminierung-und-stigmatisierung-ausschliessen\/"},"wordCount":317,"commentCount":0,"publisher":{"@id":"https:\/\/now-news.de\/de\/#organization"},"image":{"@id":"https:\/\/now-news.de\/de\/deutschland\/who-plant-umbenennung-der-affenpocken-diskriminierung-und-stigmatisierung-ausschliessen\/#primaryimage"},"thumbnailUrl":"https:\/\/now-news.de\/de\/wp-content\/uploads\/sites\/3\/2022\/08\/WHO-plant-Umbenennung-der-Affenpocken-\u2013-Diskriminierung-und-Stigmatisierung-ausschliessen.jpg","keywords":["Affenpocken","ausschlie\u00dfen","der","Diskriminierung","plant","Stigmatisierung","Umbenennung","und"],"articleSection":["Deutschland","Russland"],"inLanguage":"de","potentialAction":[{"@type":"CommentAction","name":"Comment","target":["https:\/\/now-news.de\/de\/deutschland\/who-plant-umbenennung-der-affenpocken-diskriminierung-und-stigmatisierung-ausschliessen\/#respond"]}]},{"@type":"WebPage","@id":"https:\/\/now-news.de\/de\/deutschland\/who-plant-umbenennung-der-affenpocken-diskriminierung-und-stigmatisierung-ausschliessen\/","url":"https:\/\/now-news.de\/de\/deutschland\/who-plant-umbenennung-der-affenpocken-diskriminierung-und-stigmatisierung-ausschliessen\/","name":"WHO plant Umbenennung der Affenpocken \u2013 Diskriminierung und Stigmatisierung ausschlie\u00dfen - just-now.NEWS Deutschland","isPartOf":{"@id":"https:\/\/now-news.de\/de\/#website"},"primaryImageOfPage":{"@id":"https:\/\/now-news.de\/de\/deutschland\/who-plant-umbenennung-der-affenpocken-diskriminierung-und-stigmatisierung-ausschliessen\/#primaryimage"},"image":{"@id":"https:\/\/now-news.de\/de\/deutschland\/who-plant-umbenennung-der-affenpocken-diskriminierung-und-stigmatisierung-ausschliessen\/#primaryimage"},"thumbnailUrl":"https:\/\/now-news.de\/de\/wp-content\/uploads\/sites\/3\/2022\/08\/WHO-plant-Umbenennung-der-Affenpocken-\u2013-Diskriminierung-und-Stigmatisierung-ausschliessen.jpg","datePublished":"2022-08-26T05:34:17+00:00","dateModified":"2022-08-26T05:34:17+00:00","breadcrumb":{"@id":"https:\/\/now-news.de\/de\/deutschland\/who-plant-umbenennung-der-affenpocken-diskriminierung-und-stigmatisierung-ausschliessen\/#breadcrumb"},"inLanguage":"de","potentialAction":[{"@type":"ReadAction","target":["https:\/\/now-news.de\/de\/deutschland\/who-plant-umbenennung-der-affenpocken-diskriminierung-und-stigmatisierung-ausschliessen\/"]}]},{"@type":"ImageObject","inLanguage":"de","@id":"https:\/\/now-news.de\/de\/deutschland\/who-plant-umbenennung-der-affenpocken-diskriminierung-und-stigmatisierung-ausschliessen\/#primaryimage","url":"https:\/\/now-news.de\/de\/wp-content\/uploads\/sites\/3\/2022\/08\/WHO-plant-Umbenennung-der-Affenpocken-\u2013-Diskriminierung-und-Stigmatisierung-ausschliessen.jpg","contentUrl":"https:\/\/now-news.de\/de\/wp-content\/uploads\/sites\/3\/2022\/08\/WHO-plant-Umbenennung-der-Affenpocken-\u2013-Diskriminierung-und-Stigmatisierung-ausschliessen.jpg","width":460,"height":259,"caption":"WHO plant Umbenennung der Affenpocken \u2013 Diskriminierung und Stigmatisierung ausschlie\u00dfen"},{"@type":"BreadcrumbList","@id":"https:\/\/now-news.de\/de\/deutschland\/who-plant-umbenennung-der-affenpocken-diskriminierung-und-stigmatisierung-ausschliessen\/#breadcrumb","itemListElement":[{"@type":"ListItem","position":1,"name":"Home","item":"https:\/\/now-news.de\/de\/"},{"@type":"ListItem","position":2,"name":"WHO plant Umbenennung der Affenpocken \u2013 Diskriminierung und Stigmatisierung ausschlie\u00dfen"}]},{"@type":"WebSite","@id":"https:\/\/now-news.de\/de\/#website","url":"https:\/\/now-news.de\/de\/","name":"just-now.NEWS Deutschland","description":"Das Portal f\u00fcr unzensierte Nachrichten aus der Welt","publisher":{"@id":"https:\/\/now-news.de\/de\/#organization"},"potentialAction":[{"@type":"SearchAction","target":{"@type":"EntryPoint","urlTemplate":"https:\/\/now-news.de\/de\/?s={search_term_string}"},"query-input":"required name=search_term_string"}],"inLanguage":"de"},{"@type":"Organization","@id":"https:\/\/now-news.de\/de\/#organization","name":"Just Now News","url":"https:\/\/now-news.de\/de\/","logo":{"@type":"ImageObject","inLanguage":"de","@id":"https:\/\/now-news.de\/de\/#\/schema\/logo\/image\/","url":"http:\/\/just-now.news\/de\/wp-content\/uploads\/sites\/3\/2022\/04\/logo500x500.jpg","contentUrl":"http:\/\/just-now.news\/de\/wp-content\/uploads\/sites\/3\/2022\/04\/logo500x500.jpg","width":500,"height":500,"caption":"Just Now News"},"image":{"@id":"https:\/\/now-news.de\/de\/#\/schema\/logo\/image\/"},"sameAs":["https:\/\/www.facebook.com\/wirmachenauf","https:\/\/x.com\/WirMachenAuf_de"]},{"@type":"Person","@id":"https:\/\/now-news.de\/de\/#\/schema\/person\/fb534a4e865501d8b3285208df34a9b5","name":"rtnews","image":{"@type":"ImageObject","inLanguage":"de","@id":"https:\/\/now-news.de\/de\/#\/schema\/person\/image\/","url":"https:\/\/secure.gravatar.com\/avatar\/82aafea7d8127119dd649515f56e2117?s=96&d=mm&r=g","contentUrl":"https:\/\/secure.gravatar.com\/avatar\/82aafea7d8127119dd649515f56e2117?s=96&d=mm&r=g","caption":"rtnews"},"url":"https:\/\/now-news.de\/de\/author\/rnews\/"}]}},"_links":{"self":[{"href":"https:\/\/now-news.de\/de\/wp-json\/wp\/v2\/posts\/17738"}],"collection":[{"href":"https:\/\/now-news.de\/de\/wp-json\/wp\/v2\/posts"}],"about":[{"href":"https:\/\/now-news.de\/de\/wp-json\/wp\/v2\/types\/post"}],"author":[{"embeddable":true,"href":"https:\/\/now-news.de\/de\/wp-json\/wp\/v2\/users\/3"}],"replies":[{"embeddable":true,"href":"https:\/\/now-news.de\/de\/wp-json\/wp\/v2\/comments?post=17738"}],"version-history":[{"count":0,"href":"https:\/\/now-news.de\/de\/wp-json\/wp\/v2\/posts\/17738\/revisions"}],"wp:featuredmedia":[{"embeddable":true,"href":"https:\/\/now-news.de\/de\/wp-json\/wp\/v2\/media\/17739"}],"wp:attachment":[{"href":"https:\/\/now-news.de\/de\/wp-json\/wp\/v2\/media?parent=17738"}],"wp:term":[{"taxonomy":"category","embeddable":true,"href":"https:\/\/now-news.de\/de\/wp-json\/wp\/v2\/categories?post=17738"},{"taxonomy":"post_tag","embeddable":true,"href":"https:\/\/now-news.de\/de\/wp-json\/wp\/v2\/tags?post=17738"}],"curies":[{"name":"wp","href":"https:\/\/api.w.org\/{rel}","templated":true}]}}