{"id":17704,"date":"2022-08-25T20:47:58","date_gmt":"2022-08-25T18:47:58","guid":{"rendered":"http:\/\/just-now.news\/de\/deutschland\/scholz-kritiker-und-ex-bundestagsabgeordneter-post-verlaesst-spd-keine-waehlbare-partei-mehr\/"},"modified":"2022-08-25T20:47:58","modified_gmt":"2022-08-25T18:47:58","slug":"scholz-kritiker-und-ex-bundestagsabgeordneter-post-verlaesst-spd-keine-waehlbare-partei-mehr","status":"publish","type":"post","link":"https:\/\/now-news.de\/de\/deutschland\/scholz-kritiker-und-ex-bundestagsabgeordneter-post-verlaesst-spd-keine-waehlbare-partei-mehr\/","title":{"rendered":"Scholz-Kritiker und Ex-Bundestagsabgeordneter Post verl\u00e4sst SPD: &quot;Keine w\u00e4hlbare Partei mehr&quot;"},"content":{"rendered":"<p><img decoding=\"async\" src=\"http:\/\/just-now.news\/de\/wp-content\/uploads\/sites\/3\/2022\/08\/6307760148fbef6e9740f65b.jpg\" \/><\/p>\n<div class=\"Text-root Text-type_1 \">\n                Der fr\u00fchere SPD-Bundestagsabgeordnete Florian Post, der in der Vergangenheit insbesondere mit seiner scharfen Kritik an Bundeskanzler Olaf Scholz auffiel, hat am Donnerstag den Austritt aus seiner Partei erkl\u00e4rt. Der Niedergang der Sozialdemokratie sei f\u00fcr ihn &#8220;nicht mehr umkehrbar&#8221;.\n            <\/div>\n<p><\/p>\n<div class=\"Text-root Text-type_5 ArticleView-text ViewText-root \">\n<p>Nach \u00fcber 18 Jahren Parteimitgliedschaft hat der ehemalige M\u00fcnchner Bundestagsabgeordnete Florian Post am Donnerstag seinen Austritt aus der SPD erkl\u00e4rt. Die SPD sei &#8220;f\u00fcr Menschen mit gew\u00f6hnlichen Alltagssorgen keine w\u00e4hlbare Partei mehr&#8221;, begr\u00fcndete\u00a0Post seine Entscheidung in einem der Nachrichtenagentur <em>dpa<\/em> vorliegenden Schreiben an den M\u00fcnchner SPD-Vorsitzenden Christian K\u00f6ning.\u00a0<\/p>\n<p>Es gebe eine zunehmende Entfremdung zwischen &#8220;der heutigen Funktion\u00e4rsschicht einerseits und der Mehrheit der Mitglieder, den noch verbliebenen Stammw\u00e4hlern und den massenhaft abgesprungenen Ex-W\u00e4hlern andererseits&#8221;,\u00a0die sich nicht mehr \u00fcberwinden lasse und deren \u00dcberwindung auch nicht angestrebt werde, schreibt der Ex-Bundestagsabgeordnete in dem Brief. Seinen M\u00fcnchner Parteikollegen wirft Post vor, die daraus resultierende Massenabwanderung der W\u00e4hler &#8220;nicht einmal zur Kenntnis&#8221; zu nehmen.\u00a0<\/p>\n<p>&#8220;Mit dem Versuch, kleinsten Minderheiten nachzueifern, statt Mehrheiten anzustreben&#8221;, werde &#8220;aus der fr\u00fcher mehrheitsf\u00e4higen Volkspartei selbst eine skurrile Minderheit&#8221;. Dies sei ein &#8220;fataler\u00a0Irrweg&#8221;, erkl\u00e4rt Post.\u00a0Konkret kritisiert er die Idee, Gender-Beauftragte in Kitas zu etablieren. Anders als fr\u00fcher w\u00fcrden zudem Trachtler, Sch\u00fctzen, J\u00e4ger, Eigenheimer und Schreberg\u00e4rtner in der Partei auf &#8220;Hohn, Spott und Ablehnung&#8221; sto\u00dfen.<\/p>\n<p>Mit Schuld daran sei auch\u00a0SPD-Generalsekret\u00e4r Kevin K\u00fchnert, dem der 41-J\u00e4hrige\u00a0in seinem Schreiben unter anderem &#8220;Opportunismus&#8221; vorwirft. Auch mit den Steuerpl\u00e4nen der Partei zeigt sich Post unzufrieden. Diese seien nichts weiter als &#8220;linke Ideologie&#8221;. Angesichts dieser Missst\u00e4nde, so Post weiter, sei der\u00a0&#8220;politische Niedergang&#8221; der Sozialdemokratie &#8220;nicht mehr umkehrbar&#8221;.<\/p>\n<p>Post sa\u00df von 2013 bis 2021 als Abgeordneter des Wahlkreises M\u00fcnchen-Nord im Bundestag\u00a0und fiel dort unter anderem durch scharfe Kritik am heutigen Bundeskanzler Olaf Scholz (SPD) auf. Sein Bundestagsmandat verlor der fr\u00fchere Abgeordnete mitunter deshalb,\u00a0weil die bayerische SPD ihm einen Platz auf der Landesliste verweigerte.<\/p>\n<p><strong>Mehr zum Thema &#8211;<\/strong>\u00a0<a rel=\"nofollow noopener\" target=\"_blank\" href=\"https:\/\/test.rtde.tech\/meinung\/114892-grossen-volksparteien-verlieren-tausende-mitglieder\/\">Die gro\u00dfen Volksparteien verlieren Tausende Mitglieder: Corona-Politik wirkt als Katalysator<\/a><\/p>\n<\/p>\n<\/div>\n<p><br \/>\n<br \/><a href=\"https:\/\/de.rt.com\/inland\/147098-scholz-kritiker-und-ex-bundestagsabgeordneter\/\">Source link <\/a><\/p>\n","protected":false},"excerpt":{"rendered":"<p>Der fr\u00fchere SPD-Bundestagsabgeordnete Florian Post, der in der Vergangenheit insbesondere mit seiner scharfen Kritik an Bundeskanzler Olaf Scholz auffiel, hat am Donnerstag den Austritt aus seiner Partei erkl\u00e4rt. Der Niedergang der Sozialdemokratie sei f\u00fcr ihn &#8220;nicht mehr umkehrbar&#8221;. Nach \u00fcber 18 Jahren Parteimitgliedschaft hat der ehemalige M\u00fcnchner Bundestagsabgeordnete Florian Post am Donnerstag seinen Austritt aus [&hellip;]<\/p>\n","protected":false},"author":3,"featured_media":17705,"comment_status":"open","ping_status":"open","sticky":false,"template":"","format":"standard","meta":{"wp_automatic_camp":["217"],"6e6b760e4dbd0690617e0483dcca3034":["Scholz-Kritiker und Ex-Bundestagsabgeordneter Post verl\u00e4sst SPD: &quot;Keine w\u00e4hlbare Partei mehr&quot;"],"original_link":["https:\/\/de.rt.com\/inland\/147098-scholz-kritiker-und-ex-bundestagsabgeordneter\/"],"_thumbnail_id":["17705"],"_wptg_p2tg_sent2tg":["2022-08-25 21:17:35"],"jnews_social_counter_last_update":["1777186610"]},"categories":[19,23],"tags":[31692,21604,2504,1234,8356,31691,3814,140,1444,31693],"yoast_head":"<!-- This site is optimized with the Yoast SEO Premium plugin v22.7 (Yoast SEO v22.7) - https:\/\/yoast.com\/wordpress\/plugins\/seo\/ -->\n<title>Scholz-Kritiker und Ex-Bundestagsabgeordneter Post verl\u00e4sst SPD: &quot;Keine w\u00e4hlbare Partei mehr&quot; - just-now.NEWS Deutschland<\/title>\n<meta name=\"robots\" content=\"index, follow, max-snippet:-1, max-image-preview:large, max-video-preview:-1\" \/>\n<link rel=\"canonical\" href=\"https:\/\/now-news.de\/de\/deutschland\/scholz-kritiker-und-ex-bundestagsabgeordneter-post-verlaesst-spd-keine-waehlbare-partei-mehr\/\" \/>\n<meta property=\"og:locale\" content=\"de_DE\" \/>\n<meta property=\"og:type\" content=\"article\" \/>\n<meta property=\"og:title\" content=\"Scholz-Kritiker und Ex-Bundestagsabgeordneter Post verl\u00e4sst SPD: &quot;Keine w\u00e4hlbare Partei mehr&quot;\" \/>\n<meta property=\"og:description\" content=\"Der fr\u00fchere SPD-Bundestagsabgeordnete Florian Post, der in der Vergangenheit insbesondere mit seiner scharfen Kritik an Bundeskanzler Olaf Scholz auffiel, hat am Donnerstag den Austritt aus seiner Partei erkl\u00e4rt. Der Niedergang der Sozialdemokratie sei f\u00fcr ihn &#8220;nicht mehr umkehrbar&#8221;. Nach \u00fcber 18 Jahren Parteimitgliedschaft hat der ehemalige M\u00fcnchner Bundestagsabgeordnete Florian Post am Donnerstag seinen Austritt aus [&hellip;]\" \/>\n<meta property=\"og:url\" content=\"https:\/\/now-news.de\/de\/deutschland\/scholz-kritiker-und-ex-bundestagsabgeordneter-post-verlaesst-spd-keine-waehlbare-partei-mehr\/\" \/>\n<meta property=\"og:site_name\" content=\"just-now.NEWS Deutschland\" \/>\n<meta property=\"article:publisher\" content=\"https:\/\/www.facebook.com\/wirmachenauf\" \/>\n<meta property=\"article:published_time\" content=\"2022-08-25T18:47:58+00:00\" \/>\n<meta property=\"og:image\" content=\"https:\/\/now-news.de\/de\/wp-content\/uploads\/sites\/3\/2022\/08\/Scholz-Kritiker-und-Ex-Bundestagsabgeordneter-Post-verlaesst-SPD-quotKeine-waehlbare-Partei-mehrquot.jpg\" \/>\n\t<meta property=\"og:image:width\" content=\"460\" \/>\n\t<meta property=\"og:image:height\" content=\"259\" \/>\n\t<meta property=\"og:image:type\" content=\"image\/jpeg\" \/>\n<meta name=\"author\" content=\"rtnews\" \/>\n<meta name=\"twitter:card\" content=\"summary_large_image\" \/>\n<meta name=\"twitter:creator\" content=\"@WirMachenAuf_de\" \/>\n<meta name=\"twitter:site\" content=\"@WirMachenAuf_de\" \/>\n<meta name=\"twitter:label1\" content=\"Verfasst von\" \/>\n\t<meta name=\"twitter:data1\" content=\"rtnews\" \/>\n\t<meta name=\"twitter:label2\" content=\"Gesch\u00e4tzte Lesezeit\" \/>\n\t<meta name=\"twitter:data2\" content=\"2\u00a0Minuten\" \/>\n<script type=\"application\/ld+json\" class=\"yoast-schema-graph\">{\"@context\":\"https:\/\/schema.org\",\"@graph\":[{\"@type\":\"Article\",\"@id\":\"https:\/\/now-news.de\/de\/deutschland\/scholz-kritiker-und-ex-bundestagsabgeordneter-post-verlaesst-spd-keine-waehlbare-partei-mehr\/#article\",\"isPartOf\":{\"@id\":\"https:\/\/now-news.de\/de\/deutschland\/scholz-kritiker-und-ex-bundestagsabgeordneter-post-verlaesst-spd-keine-waehlbare-partei-mehr\/\"},\"author\":{\"name\":\"rtnews\",\"@id\":\"https:\/\/now-news.de\/de\/#\/schema\/person\/fb534a4e865501d8b3285208df34a9b5\"},\"headline\":\"Scholz-Kritiker und Ex-Bundestagsabgeordneter Post verl\u00e4sst SPD: &quot;Keine w\u00e4hlbare Partei mehr&quot;\",\"datePublished\":\"2022-08-25T18:47:58+00:00\",\"dateModified\":\"2022-08-25T18:47:58+00:00\",\"mainEntityOfPage\":{\"@id\":\"https:\/\/now-news.de\/de\/deutschland\/scholz-kritiker-und-ex-bundestagsabgeordneter-post-verlaesst-spd-keine-waehlbare-partei-mehr\/\"},\"wordCount\":363,\"commentCount\":0,\"publisher\":{\"@id\":\"https:\/\/now-news.de\/de\/#organization\"},\"image\":{\"@id\":\"https:\/\/now-news.de\/de\/deutschland\/scholz-kritiker-und-ex-bundestagsabgeordneter-post-verlaesst-spd-keine-waehlbare-partei-mehr\/#primaryimage\"},\"thumbnailUrl\":\"https:\/\/now-news.de\/de\/wp-content\/uploads\/sites\/3\/2022\/08\/Scholz-Kritiker-und-Ex-Bundestagsabgeordneter-Post-verlaesst-SPD-quotKeine-waehlbare-Partei-mehrquot.jpg\",\"keywords\":[\"ExBundestagsabgeordneter\",\"mehrquot\",\"Partei\",\"Post\",\"quotkeine\",\"ScholzKritiker\",\"SPD\",\"und\",\"verl\u00e4sst\",\"w\u00e4hlbare\"],\"articleSection\":[\"Deutschland\",\"Russland\"],\"inLanguage\":\"de\",\"potentialAction\":[{\"@type\":\"CommentAction\",\"name\":\"Comment\",\"target\":[\"https:\/\/now-news.de\/de\/deutschland\/scholz-kritiker-und-ex-bundestagsabgeordneter-post-verlaesst-spd-keine-waehlbare-partei-mehr\/#respond\"]}]},{\"@type\":\"WebPage\",\"@id\":\"https:\/\/now-news.de\/de\/deutschland\/scholz-kritiker-und-ex-bundestagsabgeordneter-post-verlaesst-spd-keine-waehlbare-partei-mehr\/\",\"url\":\"https:\/\/now-news.de\/de\/deutschland\/scholz-kritiker-und-ex-bundestagsabgeordneter-post-verlaesst-spd-keine-waehlbare-partei-mehr\/\",\"name\":\"Scholz-Kritiker und Ex-Bundestagsabgeordneter Post verl\u00e4sst SPD: &quot;Keine w\u00e4hlbare Partei mehr&quot; - just-now.NEWS Deutschland\",\"isPartOf\":{\"@id\":\"https:\/\/now-news.de\/de\/#website\"},\"primaryImageOfPage\":{\"@id\":\"https:\/\/now-news.de\/de\/deutschland\/scholz-kritiker-und-ex-bundestagsabgeordneter-post-verlaesst-spd-keine-waehlbare-partei-mehr\/#primaryimage\"},\"image\":{\"@id\":\"https:\/\/now-news.de\/de\/deutschland\/scholz-kritiker-und-ex-bundestagsabgeordneter-post-verlaesst-spd-keine-waehlbare-partei-mehr\/#primaryimage\"},\"thumbnailUrl\":\"https:\/\/now-news.de\/de\/wp-content\/uploads\/sites\/3\/2022\/08\/Scholz-Kritiker-und-Ex-Bundestagsabgeordneter-Post-verlaesst-SPD-quotKeine-waehlbare-Partei-mehrquot.jpg\",\"datePublished\":\"2022-08-25T18:47:58+00:00\",\"dateModified\":\"2022-08-25T18:47:58+00:00\",\"breadcrumb\":{\"@id\":\"https:\/\/now-news.de\/de\/deutschland\/scholz-kritiker-und-ex-bundestagsabgeordneter-post-verlaesst-spd-keine-waehlbare-partei-mehr\/#breadcrumb\"},\"inLanguage\":\"de\",\"potentialAction\":[{\"@type\":\"ReadAction\",\"target\":[\"https:\/\/now-news.de\/de\/deutschland\/scholz-kritiker-und-ex-bundestagsabgeordneter-post-verlaesst-spd-keine-waehlbare-partei-mehr\/\"]}]},{\"@type\":\"ImageObject\",\"inLanguage\":\"de\",\"@id\":\"https:\/\/now-news.de\/de\/deutschland\/scholz-kritiker-und-ex-bundestagsabgeordneter-post-verlaesst-spd-keine-waehlbare-partei-mehr\/#primaryimage\",\"url\":\"https:\/\/now-news.de\/de\/wp-content\/uploads\/sites\/3\/2022\/08\/Scholz-Kritiker-und-Ex-Bundestagsabgeordneter-Post-verlaesst-SPD-quotKeine-waehlbare-Partei-mehrquot.jpg\",\"contentUrl\":\"https:\/\/now-news.de\/de\/wp-content\/uploads\/sites\/3\/2022\/08\/Scholz-Kritiker-und-Ex-Bundestagsabgeordneter-Post-verlaesst-SPD-quotKeine-waehlbare-Partei-mehrquot.jpg\",\"width\":460,\"height\":259,\"caption\":\"Scholz-Kritiker und Ex-Bundestagsabgeordneter Post verl\u00e4sst SPD: &quot;Keine w\u00e4hlbare Partei mehr&quot;\"},{\"@type\":\"BreadcrumbList\",\"@id\":\"https:\/\/now-news.de\/de\/deutschland\/scholz-kritiker-und-ex-bundestagsabgeordneter-post-verlaesst-spd-keine-waehlbare-partei-mehr\/#breadcrumb\",\"itemListElement\":[{\"@type\":\"ListItem\",\"position\":1,\"name\":\"Home\",\"item\":\"https:\/\/now-news.de\/de\/\"},{\"@type\":\"ListItem\",\"position\":2,\"name\":\"Scholz-Kritiker und Ex-Bundestagsabgeordneter Post verl\u00e4sst SPD: &quot;Keine w\u00e4hlbare Partei mehr&quot;\"}]},{\"@type\":\"WebSite\",\"@id\":\"https:\/\/now-news.de\/de\/#website\",\"url\":\"https:\/\/now-news.de\/de\/\",\"name\":\"just-now.NEWS Deutschland\",\"description\":\"Das Portal f\u00fcr unzensierte Nachrichten aus der Welt\",\"publisher\":{\"@id\":\"https:\/\/now-news.de\/de\/#organization\"},\"potentialAction\":[{\"@type\":\"SearchAction\",\"target\":{\"@type\":\"EntryPoint\",\"urlTemplate\":\"https:\/\/now-news.de\/de\/?s={search_term_string}\"},\"query-input\":\"required name=search_term_string\"}],\"inLanguage\":\"de\"},{\"@type\":\"Organization\",\"@id\":\"https:\/\/now-news.de\/de\/#organization\",\"name\":\"Just Now News\",\"url\":\"https:\/\/now-news.de\/de\/\",\"logo\":{\"@type\":\"ImageObject\",\"inLanguage\":\"de\",\"@id\":\"https:\/\/now-news.de\/de\/#\/schema\/logo\/image\/\",\"url\":\"http:\/\/just-now.news\/de\/wp-content\/uploads\/sites\/3\/2022\/04\/logo500x500.jpg\",\"contentUrl\":\"http:\/\/just-now.news\/de\/wp-content\/uploads\/sites\/3\/2022\/04\/logo500x500.jpg\",\"width\":500,\"height\":500,\"caption\":\"Just Now News\"},\"image\":{\"@id\":\"https:\/\/now-news.de\/de\/#\/schema\/logo\/image\/\"},\"sameAs\":[\"https:\/\/www.facebook.com\/wirmachenauf\",\"https:\/\/x.com\/WirMachenAuf_de\"]},{\"@type\":\"Person\",\"@id\":\"https:\/\/now-news.de\/de\/#\/schema\/person\/fb534a4e865501d8b3285208df34a9b5\",\"name\":\"rtnews\",\"image\":{\"@type\":\"ImageObject\",\"inLanguage\":\"de\",\"@id\":\"https:\/\/now-news.de\/de\/#\/schema\/person\/image\/\",\"url\":\"https:\/\/secure.gravatar.com\/avatar\/82aafea7d8127119dd649515f56e2117?s=96&d=mm&r=g\",\"contentUrl\":\"https:\/\/secure.gravatar.com\/avatar\/82aafea7d8127119dd649515f56e2117?s=96&d=mm&r=g\",\"caption\":\"rtnews\"},\"url\":\"https:\/\/now-news.de\/de\/author\/rnews\/\"}]}<\/script>\n<!-- \/ Yoast SEO Premium plugin. -->","yoast_head_json":{"title":"Scholz-Kritiker und Ex-Bundestagsabgeordneter Post verl\u00e4sst SPD: &quot;Keine w\u00e4hlbare Partei mehr&quot; - just-now.NEWS Deutschland","robots":{"index":"index","follow":"follow","max-snippet":"max-snippet:-1","max-image-preview":"max-image-preview:large","max-video-preview":"max-video-preview:-1"},"canonical":"https:\/\/now-news.de\/de\/deutschland\/scholz-kritiker-und-ex-bundestagsabgeordneter-post-verlaesst-spd-keine-waehlbare-partei-mehr\/","og_locale":"de_DE","og_type":"article","og_title":"Scholz-Kritiker und Ex-Bundestagsabgeordneter Post verl\u00e4sst SPD: &quot;Keine w\u00e4hlbare Partei mehr&quot;","og_description":"Der fr\u00fchere SPD-Bundestagsabgeordnete Florian Post, der in der Vergangenheit insbesondere mit seiner scharfen Kritik an Bundeskanzler Olaf Scholz auffiel, hat am Donnerstag den Austritt aus seiner Partei erkl\u00e4rt. Der Niedergang der Sozialdemokratie sei f\u00fcr ihn &#8220;nicht mehr umkehrbar&#8221;. Nach \u00fcber 18 Jahren Parteimitgliedschaft hat der ehemalige M\u00fcnchner Bundestagsabgeordnete Florian Post am Donnerstag seinen Austritt aus [&hellip;]","og_url":"https:\/\/now-news.de\/de\/deutschland\/scholz-kritiker-und-ex-bundestagsabgeordneter-post-verlaesst-spd-keine-waehlbare-partei-mehr\/","og_site_name":"just-now.NEWS Deutschland","article_publisher":"https:\/\/www.facebook.com\/wirmachenauf","article_published_time":"2022-08-25T18:47:58+00:00","og_image":[{"width":460,"height":259,"url":"https:\/\/now-news.de\/de\/wp-content\/uploads\/sites\/3\/2022\/08\/Scholz-Kritiker-und-Ex-Bundestagsabgeordneter-Post-verlaesst-SPD-quotKeine-waehlbare-Partei-mehrquot.jpg","type":"image\/jpeg"}],"author":"rtnews","twitter_card":"summary_large_image","twitter_creator":"@WirMachenAuf_de","twitter_site":"@WirMachenAuf_de","twitter_misc":{"Verfasst von":"rtnews","Gesch\u00e4tzte Lesezeit":"2\u00a0Minuten"},"schema":{"@context":"https:\/\/schema.org","@graph":[{"@type":"Article","@id":"https:\/\/now-news.de\/de\/deutschland\/scholz-kritiker-und-ex-bundestagsabgeordneter-post-verlaesst-spd-keine-waehlbare-partei-mehr\/#article","isPartOf":{"@id":"https:\/\/now-news.de\/de\/deutschland\/scholz-kritiker-und-ex-bundestagsabgeordneter-post-verlaesst-spd-keine-waehlbare-partei-mehr\/"},"author":{"name":"rtnews","@id":"https:\/\/now-news.de\/de\/#\/schema\/person\/fb534a4e865501d8b3285208df34a9b5"},"headline":"Scholz-Kritiker und Ex-Bundestagsabgeordneter Post verl\u00e4sst SPD: &quot;Keine w\u00e4hlbare Partei mehr&quot;","datePublished":"2022-08-25T18:47:58+00:00","dateModified":"2022-08-25T18:47:58+00:00","mainEntityOfPage":{"@id":"https:\/\/now-news.de\/de\/deutschland\/scholz-kritiker-und-ex-bundestagsabgeordneter-post-verlaesst-spd-keine-waehlbare-partei-mehr\/"},"wordCount":363,"commentCount":0,"publisher":{"@id":"https:\/\/now-news.de\/de\/#organization"},"image":{"@id":"https:\/\/now-news.de\/de\/deutschland\/scholz-kritiker-und-ex-bundestagsabgeordneter-post-verlaesst-spd-keine-waehlbare-partei-mehr\/#primaryimage"},"thumbnailUrl":"https:\/\/now-news.de\/de\/wp-content\/uploads\/sites\/3\/2022\/08\/Scholz-Kritiker-und-Ex-Bundestagsabgeordneter-Post-verlaesst-SPD-quotKeine-waehlbare-Partei-mehrquot.jpg","keywords":["ExBundestagsabgeordneter","mehrquot","Partei","Post","quotkeine","ScholzKritiker","SPD","und","verl\u00e4sst","w\u00e4hlbare"],"articleSection":["Deutschland","Russland"],"inLanguage":"de","potentialAction":[{"@type":"CommentAction","name":"Comment","target":["https:\/\/now-news.de\/de\/deutschland\/scholz-kritiker-und-ex-bundestagsabgeordneter-post-verlaesst-spd-keine-waehlbare-partei-mehr\/#respond"]}]},{"@type":"WebPage","@id":"https:\/\/now-news.de\/de\/deutschland\/scholz-kritiker-und-ex-bundestagsabgeordneter-post-verlaesst-spd-keine-waehlbare-partei-mehr\/","url":"https:\/\/now-news.de\/de\/deutschland\/scholz-kritiker-und-ex-bundestagsabgeordneter-post-verlaesst-spd-keine-waehlbare-partei-mehr\/","name":"Scholz-Kritiker und Ex-Bundestagsabgeordneter Post verl\u00e4sst SPD: &quot;Keine w\u00e4hlbare Partei mehr&quot; - just-now.NEWS Deutschland","isPartOf":{"@id":"https:\/\/now-news.de\/de\/#website"},"primaryImageOfPage":{"@id":"https:\/\/now-news.de\/de\/deutschland\/scholz-kritiker-und-ex-bundestagsabgeordneter-post-verlaesst-spd-keine-waehlbare-partei-mehr\/#primaryimage"},"image":{"@id":"https:\/\/now-news.de\/de\/deutschland\/scholz-kritiker-und-ex-bundestagsabgeordneter-post-verlaesst-spd-keine-waehlbare-partei-mehr\/#primaryimage"},"thumbnailUrl":"https:\/\/now-news.de\/de\/wp-content\/uploads\/sites\/3\/2022\/08\/Scholz-Kritiker-und-Ex-Bundestagsabgeordneter-Post-verlaesst-SPD-quotKeine-waehlbare-Partei-mehrquot.jpg","datePublished":"2022-08-25T18:47:58+00:00","dateModified":"2022-08-25T18:47:58+00:00","breadcrumb":{"@id":"https:\/\/now-news.de\/de\/deutschland\/scholz-kritiker-und-ex-bundestagsabgeordneter-post-verlaesst-spd-keine-waehlbare-partei-mehr\/#breadcrumb"},"inLanguage":"de","potentialAction":[{"@type":"ReadAction","target":["https:\/\/now-news.de\/de\/deutschland\/scholz-kritiker-und-ex-bundestagsabgeordneter-post-verlaesst-spd-keine-waehlbare-partei-mehr\/"]}]},{"@type":"ImageObject","inLanguage":"de","@id":"https:\/\/now-news.de\/de\/deutschland\/scholz-kritiker-und-ex-bundestagsabgeordneter-post-verlaesst-spd-keine-waehlbare-partei-mehr\/#primaryimage","url":"https:\/\/now-news.de\/de\/wp-content\/uploads\/sites\/3\/2022\/08\/Scholz-Kritiker-und-Ex-Bundestagsabgeordneter-Post-verlaesst-SPD-quotKeine-waehlbare-Partei-mehrquot.jpg","contentUrl":"https:\/\/now-news.de\/de\/wp-content\/uploads\/sites\/3\/2022\/08\/Scholz-Kritiker-und-Ex-Bundestagsabgeordneter-Post-verlaesst-SPD-quotKeine-waehlbare-Partei-mehrquot.jpg","width":460,"height":259,"caption":"Scholz-Kritiker und Ex-Bundestagsabgeordneter Post verl\u00e4sst SPD: &quot;Keine w\u00e4hlbare Partei mehr&quot;"},{"@type":"BreadcrumbList","@id":"https:\/\/now-news.de\/de\/deutschland\/scholz-kritiker-und-ex-bundestagsabgeordneter-post-verlaesst-spd-keine-waehlbare-partei-mehr\/#breadcrumb","itemListElement":[{"@type":"ListItem","position":1,"name":"Home","item":"https:\/\/now-news.de\/de\/"},{"@type":"ListItem","position":2,"name":"Scholz-Kritiker und Ex-Bundestagsabgeordneter Post verl\u00e4sst SPD: &quot;Keine w\u00e4hlbare Partei mehr&quot;"}]},{"@type":"WebSite","@id":"https:\/\/now-news.de\/de\/#website","url":"https:\/\/now-news.de\/de\/","name":"just-now.NEWS Deutschland","description":"Das Portal f\u00fcr unzensierte Nachrichten aus der Welt","publisher":{"@id":"https:\/\/now-news.de\/de\/#organization"},"potentialAction":[{"@type":"SearchAction","target":{"@type":"EntryPoint","urlTemplate":"https:\/\/now-news.de\/de\/?s={search_term_string}"},"query-input":"required name=search_term_string"}],"inLanguage":"de"},{"@type":"Organization","@id":"https:\/\/now-news.de\/de\/#organization","name":"Just Now News","url":"https:\/\/now-news.de\/de\/","logo":{"@type":"ImageObject","inLanguage":"de","@id":"https:\/\/now-news.de\/de\/#\/schema\/logo\/image\/","url":"http:\/\/just-now.news\/de\/wp-content\/uploads\/sites\/3\/2022\/04\/logo500x500.jpg","contentUrl":"http:\/\/just-now.news\/de\/wp-content\/uploads\/sites\/3\/2022\/04\/logo500x500.jpg","width":500,"height":500,"caption":"Just Now News"},"image":{"@id":"https:\/\/now-news.de\/de\/#\/schema\/logo\/image\/"},"sameAs":["https:\/\/www.facebook.com\/wirmachenauf","https:\/\/x.com\/WirMachenAuf_de"]},{"@type":"Person","@id":"https:\/\/now-news.de\/de\/#\/schema\/person\/fb534a4e865501d8b3285208df34a9b5","name":"rtnews","image":{"@type":"ImageObject","inLanguage":"de","@id":"https:\/\/now-news.de\/de\/#\/schema\/person\/image\/","url":"https:\/\/secure.gravatar.com\/avatar\/82aafea7d8127119dd649515f56e2117?s=96&d=mm&r=g","contentUrl":"https:\/\/secure.gravatar.com\/avatar\/82aafea7d8127119dd649515f56e2117?s=96&d=mm&r=g","caption":"rtnews"},"url":"https:\/\/now-news.de\/de\/author\/rnews\/"}]}},"_links":{"self":[{"href":"https:\/\/now-news.de\/de\/wp-json\/wp\/v2\/posts\/17704"}],"collection":[{"href":"https:\/\/now-news.de\/de\/wp-json\/wp\/v2\/posts"}],"about":[{"href":"https:\/\/now-news.de\/de\/wp-json\/wp\/v2\/types\/post"}],"author":[{"embeddable":true,"href":"https:\/\/now-news.de\/de\/wp-json\/wp\/v2\/users\/3"}],"replies":[{"embeddable":true,"href":"https:\/\/now-news.de\/de\/wp-json\/wp\/v2\/comments?post=17704"}],"version-history":[{"count":0,"href":"https:\/\/now-news.de\/de\/wp-json\/wp\/v2\/posts\/17704\/revisions"}],"wp:featuredmedia":[{"embeddable":true,"href":"https:\/\/now-news.de\/de\/wp-json\/wp\/v2\/media\/17705"}],"wp:attachment":[{"href":"https:\/\/now-news.de\/de\/wp-json\/wp\/v2\/media?parent=17704"}],"wp:term":[{"taxonomy":"category","embeddable":true,"href":"https:\/\/now-news.de\/de\/wp-json\/wp\/v2\/categories?post=17704"},{"taxonomy":"post_tag","embeddable":true,"href":"https:\/\/now-news.de\/de\/wp-json\/wp\/v2\/tags?post=17704"}],"curies":[{"name":"wp","href":"https:\/\/api.w.org\/{rel}","templated":true}]}}